{"id":158729,"date":"2020-08-31T18:16:22","date_gmt":"2020-08-31T16:16:22","guid":{"rendered":"https:\/\/www.radiopiu.net\/wordpress\/?p=158729"},"modified":"2020-08-31T18:16:22","modified_gmt":"2020-08-31T16:16:22","slug":"emergenza-covid-19-provincia-aggiornamento-al-31-agosto","status":"publish","type":"post","link":"https:\/\/www.radiopiu.net\/wordpress\/emergenza-covid-19-provincia-aggiornamento-al-31-agosto\/","title":{"rendered":"Emergenza Covid 19 Provincia: aggiornamento al 31 agosto"},"content":{"rendered":"<p>Belluno. Le ultime 24 ore di attivit\u00e0 laboratoristica (alle 14.00 di oggi refertati 387 tamponi) hanno messo in evidenza le seguenti nuove positivit\u00e0:<br \/>\nun cinquantenne di nazionalit\u00e0 italiana gi\u00e0 in isolamento per sintomatologia simil covid;<br \/>\nun giovane di nazionalit\u00e0 straniera contatto stretto di caso confermato, gi\u00e0 isolato da tempo, asintomatico;<br \/>\nun quarantenne straniero gi\u00e0 isolato per sintomatologia simil covid;<br \/>\nun\u2019anziana, gi\u00e0 isolata a domicilio per sintomatologia respiratoria, identificata con tampone rapido in Pronto soccorso (poi dimessa), oggi confermata con tampone standard.<\/p>\n<p>Il drive in di Feltre ha eseguito stamane la seguente attivit\u00e0 per soggetti di rientro dalle vacanze: 20 tamponi per rientri dalla Croazia, 12 tamponi per rientri dalla Sardegna, 5 da Spagna e 4 da Francia.<\/p>\n<p>Avviato stamane dal Dipartimento di Prevenzione lo screening sierologico a favore degli insegnanti non assistiti dai 53 medici di famiglia aderenti al progetto nazionale. Sono partiti oggi i drive in di Belluno e di Feltre eseguendo complessivamente 197 test (129 Belluno e 68 Feltre): tutti i test sono risultati negativi. Domani partir\u00e0 il terzo drive in per test sierologici a Tai di Cadore. <\/p>\n<p>Nel drive-in vaccinale di Belluno al San Martino inizia domani la somministrazione del vaccino anti pneumococcico a favore dei soggetti non gi\u00e0 vaccinati di et\u00e0 compresa tra 65 e 69 anni. Questa vaccinazione assume alta priorit\u00e0 in vista della stagione fredda, anche allo scopo di meglio gestire eventuali infezioni da COVID (sia in relazione alla diagnosi differenziale sia in relazione a possibili complicanze). L\u2019offerta vaccinale contro lo pneumococco proseguir\u00e0 nelle prime settimane di settembre, nei quattro drive in aziendali (Belluno, Feltre, Tai di Cadore e Caprile), in vista dell\u2019impegnativa campagna di vaccinazione antinfluenzale che inizier\u00e0 a ottobre. Tutti i soggetti interessati dall\u2019offerta vaccinale sono stati convocati con lettera, con appuntamento dedicato.<\/p>\n","protected":false},"excerpt":{"rendered":"<p>Belluno. Le ultime 24 ore di attivit\u00e0 laboratoristica (alle 14.00 di oggi refertati 387 tamponi) hanno messo in evidenza le seguenti nuove positivit\u00e0: un cinquantenne di nazionalit\u00e0 italiana gi\u00e0 in isolamento per sintomatologia simil covid; un giovane di nazionalit\u00e0 straniera contatto stretto di caso confermato, gi\u00e0 isolato da tempo, asintomatico; un quarantenne straniero gi\u00e0 isolato&hellip;<\/p>\n","protected":false},"author":2,"featured_media":158732,"comment_status":"closed","ping_status":"closed","sticky":false,"template":"","format":"standard","meta":{"_monsterinsights_skip_tracking":false,"_monsterinsights_sitenote_active":false,"_monsterinsights_sitenote_note":"","_monsterinsights_sitenote_category":0,"footnotes":""},"categories":[49],"tags":[],"class_list":["post-158729","post","type-post","status-publish","format-standard","has-post-thumbnail","hentry","category-news-18","category-49","description-off"],"img_url":"https:\/\/www.radiopiu.net\/wordpress\/wp-content\/uploads\/2020\/08\/sierologico-BL.jpg","_links":{"self":[{"href":"https:\/\/www.radiopiu.net\/wordpress\/wp-json\/wp\/v2\/posts\/158729","targetHints":{"allow":["GET"]}}],"collection":[{"href":"https:\/\/www.radiopiu.net\/wordpress\/wp-json\/wp\/v2\/posts"}],"about":[{"href":"https:\/\/www.radiopiu.net\/wordpress\/wp-json\/wp\/v2\/types\/post"}],"author":[{"embeddable":true,"href":"https:\/\/www.radiopiu.net\/wordpress\/wp-json\/wp\/v2\/users\/2"}],"replies":[{"embeddable":true,"href":"https:\/\/www.radiopiu.net\/wordpress\/wp-json\/wp\/v2\/comments?post=158729"}],"version-history":[{"count":0,"href":"https:\/\/www.radiopiu.net\/wordpress\/wp-json\/wp\/v2\/posts\/158729\/revisions"}],"wp:featuredmedia":[{"embeddable":true,"href":"https:\/\/www.radiopiu.net\/wordpress\/wp-json\/wp\/v2\/media\/158732"}],"wp:attachment":[{"href":"https:\/\/www.radiopiu.net\/wordpress\/wp-json\/wp\/v2\/media?parent=158729"}],"wp:term":[{"taxonomy":"category","embeddable":true,"href":"https:\/\/www.radiopiu.net\/wordpress\/wp-json\/wp\/v2\/categories?post=158729"},{"taxonomy":"post_tag","embeddable":true,"href":"https:\/\/www.radiopiu.net\/wordpress\/wp-json\/wp\/v2\/tags?post=158729"}],"curies":[{"name":"wp","href":"https:\/\/api.w.org\/{rel}","templated":true}]}}