{"id":158790,"date":"2020-09-02T06:30:17","date_gmt":"2020-09-02T04:30:17","guid":{"rendered":"https:\/\/www.radiopiu.net\/wordpress\/?p=158790"},"modified":"2020-09-02T09:06:54","modified_gmt":"2020-09-02T07:06:54","slug":"giornale-radiopiu-02-settembre-2020-direttore-mirko-mezzacasa","status":"publish","type":"post","link":"https:\/\/www.radiopiu.net\/wordpress\/giornale-radiopiu-02-settembre-2020-direttore-mirko-mezzacasa\/","title":{"rendered":"GIORNALE RADIOPIU 02 SETTEMBRE 2020 DIRETTORE MIRKO MEZZACASA"},"content":{"rendered":"<h3><strong>PER RICEVERE QUESTO NOTIZIARIO DIRETTAMENTE SUL TUO CELLULARE ISCRIVITI AL CANALE TELEGRAM\u00a0<\/strong><strong>\u201cRADIO PIU\u00a0 INFORMAZIONE<\/strong><\/h3>\n<p><em>ATTENZIONE: LA NUOVA APP PER IOS-IPHONE<\/em><\/p>\n<div>\n<div><a href=\"https:\/\/apps.apple.com\/it\/app\/radio-pi%C3%B9-emittente-agordina\/id1515939845\">https:\/\/apps.apple.com\/it\/app\/radio-pi%C3%B9-emittente-agordina\/id1515939845<\/a><\/div>\n<\/div>\n<div><\/div>\n<div>\n<div dir=\"auto\"><em>ATTENZIONE: LA NUOVA APP RADIO\u00a0 PER ANDROID<\/em><\/div>\n<\/div>\n<p><a href=\"https:\/\/play.google.com\/store\/apps\/details?id=net.radiopiu.iniko\" target=\"_blank\" rel=\"noopener noreferrer\">https:\/\/play.google.com\/store\/apps\/details?id=net.radiopiu.iniko<\/a><\/p>\n<p>&nbsp;<\/p>\n<hr \/>\n<p>&nbsp;<\/p>\n<blockquote>\n<h2 style=\"text-align: center;\">IL VIDEO DEL GIORNO&#8230;<\/h2>\n<\/blockquote>\n<p><em><strong>IN UN BAR DI ORVIETO<\/strong><\/em><\/p>\n<p>https:\/\/www.facebook.com\/mirko.mezzacasa\/videos\/10224320538307927<\/p>\n<p>&nbsp;<\/p>\n<hr \/>\n<p>&nbsp;<\/p>\n<h2><span style=\"color: #ff0000;\"><strong>SP347\u00a0PASSO DURAN\u00a0E CEREDA Oggi e domani,\u00a0<\/strong>dalle 8 alle 11:45 e dalle 13:30 alle 17 temporanee interruzioni al traffico della durata massima di 10 minuti per taglio ed esbosco piante in localit\u00e0 Aurine<\/span><\/h2>\n<p>&nbsp;<\/p>\n<hr \/>\n<p>&nbsp;<\/p>\n<p><strong><strong class=\"photoswipe-wrapper\"><a class=\"dt-pswp-item pspw-wrap-ready\" href=\"https:\/\/i2.wp.com\/www.radiopiu.net\/wordpress\/wp-content\/uploads\/2018\/08\/ACQUA.jpeg?ssl=1\" data-dt-img-description=\"\" data-large_image_width=\"1280\" data-large_image_height=\"768\"><img loading=\"lazy\" decoding=\"async\" class=\"wp-image-57052 alignleft\" src=\"https:\/\/i2.wp.com\/www.radiopiu.net\/wordpress\/wp-content\/uploads\/2018\/08\/ACQUA.jpeg?resize=198%2C119&amp;ssl=1\" sizes=\"auto, (max-width: 198px) 100vw, 198px\" srcset=\"https:\/\/i2.wp.com\/www.radiopiu.net\/wordpress\/wp-content\/uploads\/2018\/08\/ACQUA.jpeg?resize=300%2C180&amp;ssl=1 300w, https:\/\/i2.wp.com\/www.radiopiu.net\/wordpress\/wp-content\/uploads\/2018\/08\/ACQUA.jpeg?resize=768%2C461&amp;ssl=1 768w, https:\/\/i2.wp.com\/www.radiopiu.net\/wordpress\/wp-content\/uploads\/2018\/08\/ACQUA.jpeg?resize=1024%2C614&amp;ssl=1 1024w, https:\/\/i2.wp.com\/www.radiopiu.net\/wordpress\/wp-content\/uploads\/2018\/08\/ACQUA.jpeg?w=1280&amp;ssl=1 1280w\" alt=\"\" width=\"198\" height=\"119\" data-recalc-dims=\"1\" \/><\/a><\/strong>SAN TOMASO AGORDINO<\/strong> nelle localit\u00e0 ROI E PIANEZZE l\u2019acqua erogata dall\u2019acquedotto non \u00e8 potabile e non pu\u00f2 essere usata per scopi alimentari nemmeno mediante bollitura. Viene effettuato da settimane un servizio sostitutivo con autobotte.<\/p>\n<p>&nbsp;<\/p>\n<p>&nbsp;<\/p>\n<p>&nbsp;<\/p>\n<p>&nbsp;<\/p>\n<hr \/>\n<p>&nbsp;<\/p>\n<blockquote>\n<h3>DOLOMITIBUS IN DIFFICOLTA&#8217; CON LE NUOVE LINEE GUIDA SUI TRASPORTI<\/h3>\n<\/blockquote>\n<p><strong><a class=\"dt-pswp-item\" href=\"https:\/\/www.radiopiu.net\/wordpress\/wp-content\/uploads\/2016\/01\/dolomitibus.png\" data-dt-img-description=\"\" data-large_image_width=\"200\" data-large_image_height=\"47\"><img loading=\"lazy\" decoding=\"async\" class=\"size-full wp-image-15493 alignleft\" src=\"https:\/\/www.radiopiu.net\/wordpress\/wp-content\/uploads\/2016\/01\/dolomitibus.png\" alt=\"\" width=\"200\" height=\"47\" \/><\/a>BELLUNO <\/strong>Le nuove linee guida per i trasporti mettono in difficolt\u00e0 Dolomitibus a pochi giorni dall&#8217;inizio delle scuole. L&#8217;azienda aveva gi\u00e0 un programma preciso ma tutto viene scombinato dalle linee guida che prevedono un massimo di 80% di posti a sedere per viaggi pi\u00f9 lunghi di 15 minuti. Sar\u00e0 difficile assicurare agli studenti un posto a sedere in queste condizioni. Mancano 13 giorni all&#8217;inizio dell&#8217;anno scolastico e bisogna trovare una soluzione per i pendolari.<\/p>\n<p>&nbsp;<\/p>\n<p>&nbsp;<\/p>\n<hr \/>\n<p>&nbsp;<\/p>\n<blockquote>\n<h3>DUE INTERVENTI DEL SOCCORSO ALPINO. A CORTINA E FELTRE, IN ENTRAMBI I CASI TRAUMA AD UNA CAVIGLIA<\/h3>\n<\/blockquote>\n<div><strong><a class=\"dt-pswp-item\" href=\"https:\/\/www.radiopiu.net\/wordpress\/wp-content\/uploads\/2018\/08\/soccorsoalpino.jpg\" data-dt-img-description=\"\" data-large_image_width=\"1200\" data-large_image_height=\"1200\"><img loading=\"lazy\" decoding=\"async\" class=\" wp-image-59164 alignleft\" src=\"https:\/\/www.radiopiu.net\/wordpress\/wp-content\/uploads\/2018\/08\/soccorsoalpino-300x300.jpg\" alt=\"\" width=\"188\" height=\"188\" srcset=\"https:\/\/www.radiopiu.net\/wordpress\/wp-content\/uploads\/2018\/08\/soccorsoalpino-300x300.jpg 300w, https:\/\/www.radiopiu.net\/wordpress\/wp-content\/uploads\/2018\/08\/soccorsoalpino-150x150.jpg 150w, https:\/\/www.radiopiu.net\/wordpress\/wp-content\/uploads\/2018\/08\/soccorsoalpino-768x768.jpg 768w, https:\/\/www.radiopiu.net\/wordpress\/wp-content\/uploads\/2018\/08\/soccorsoalpino-1024x1024.jpg 1024w, https:\/\/www.radiopiu.net\/wordpress\/wp-content\/uploads\/2018\/08\/soccorsoalpino.jpg 1200w\" sizes=\"auto, (max-width: 188px) 100vw, 188px\" \/><\/a>CORTINA Ieri, a<\/strong>ttorno alle 16, il Soccorso alpino di Cortina \u00e8 stato allertato per una escursionista caduta sul sentiero numero 434 della Croda da Lago. La donna, M.S., 64 anni, di Mestre (VE), che aveva riportato un probabile trauma alla caviglia \u00e8 stata recuperata da una squadra \u00e8 trasportata a valle.<\/div>\n<div><strong>FELTRE\u00a0<\/strong>Sempre per un sospetto trauma alla caviglia alle 17.40 circa \u00e8 invece intervenuto il Soccorso alpino di Feltre che, su indicazioni della moglie ha raggiunto un uomo scivolato nel bosco, non distante da una strada a Rasai. I soccorritori hanno stabilizzato P.M., 73 anni, di Seren del Grappa (BL), per poi trasportarlo all&#8217;ambulanza che lo ha accompagnato all&#8217;ospedale di Feltre.<\/div>\n<div><\/div>\n<div><\/div>\n<div><\/div>\n<hr \/>\n<p>&nbsp;<\/p>\n<blockquote>\n<h3>MALTEMPO. NUOVO AVVISO DI CRITICITA\u2019 IN VENETO<\/h3>\n<\/blockquote>\n<p><strong><a class=\"dt-pswp-item\" href=\"https:\/\/www.radiopiu.net\/wordpress\/wp-content\/uploads\/2020\/08\/TEMPORALE.jpg\" data-dt-img-description=\"\" data-large_image_width=\"1920\" data-large_image_height=\"1080\"><img loading=\"lazy\" decoding=\"async\" class=\"size-medium wp-image-158236 alignleft\" src=\"https:\/\/www.radiopiu.net\/wordpress\/wp-content\/uploads\/2020\/08\/TEMPORALE-300x169.jpg\" alt=\"\" width=\"300\" height=\"169\" srcset=\"https:\/\/www.radiopiu.net\/wordpress\/wp-content\/uploads\/2020\/08\/TEMPORALE-300x169.jpg 300w, https:\/\/www.radiopiu.net\/wordpress\/wp-content\/uploads\/2020\/08\/TEMPORALE-1024x576.jpg 1024w, https:\/\/www.radiopiu.net\/wordpress\/wp-content\/uploads\/2020\/08\/TEMPORALE-768x432.jpg 768w, https:\/\/www.radiopiu.net\/wordpress\/wp-content\/uploads\/2020\/08\/TEMPORALE-1536x864.jpg 1536w, https:\/\/www.radiopiu.net\/wordpress\/wp-content\/uploads\/2020\/08\/TEMPORALE-640x360.jpg 640w, https:\/\/www.radiopiu.net\/wordpress\/wp-content\/uploads\/2020\/08\/TEMPORALE.jpg 1920w\" sizes=\"auto, (max-width: 300px) 100vw, 300px\" \/><\/a>VENEZIA\u00a0<\/strong>Il maltempo che da alcuni giorni interessa il Veneto non si \u00e8 ancora esaurito del tutto. Oggi sono previste precipitazioni sparse e discontinue, anche a carattere di rovescio.\u00a0Sulla base di queste previsioni, il Centro Funzionale Decentrato della Protezione Civile della Regione Veneto ha emesso un avviso di criticit\u00e0 con validit\u00e0 fino alle 14.00 di oggi.\u00a0Lo Stato di Attenzione (allerta gialla) sulla rete idraulica principale \u00e8 dichiarato sul bacino idrografico Adige-Garda e Monti Lessini (VENE-C)\u00a0Lo Stato di Preallarme sulla rete idraulica principale \u00e8 dichiarato sui bacini Po, Fissero-Tartaro-Canalbianco e Basso Adige (VENE-D) e Basso Brenta-Bacchiglione (VENE-E).\u00a0La criticit\u00e0 idraulica si riferisce al fiume Adige, che \u00e8 interessato da un evento di piena, dove permangono livelli sostenuti, seppure in diminuzione dopo il transito del colmo di piena. Dalle ore 00.00 di oggi il livello di criticit\u00e0 si abbassa a livello verde sul bacino VENE-C e a livello giallo sui bacini VENE-D e VENE-E.<\/p>\n<p>&nbsp;<\/p>\n<p>&nbsp;<\/p>\n<hr \/>\n<p>&nbsp;<\/p>\n<blockquote>\n<h3>LUXOTTICA: CAMBIA LA MODALIT\u00e0 PER LA RICHIESTA DEL TRASPORTO PUBBLICO NEI SABATI LAVORATIVI<\/h3>\n<\/blockquote>\n<p><strong><a class=\"dt-pswp-item\" href=\"https:\/\/www.radiopiu.net\/wordpress\/wp-content\/uploads\/2020\/07\/814ace46-a8a2-4c2d-a100-4d87aa509ef3.jpg\" data-dt-img-description=\"\" data-large_image_width=\"1560\" data-large_image_height=\"1170\"><img loading=\"lazy\" decoding=\"async\" class=\" wp-image-152483 alignleft\" src=\"https:\/\/www.radiopiu.net\/wordpress\/wp-content\/uploads\/2020\/07\/814ace46-a8a2-4c2d-a100-4d87aa509ef3-300x225.jpg\" alt=\"\" width=\"187\" height=\"140\" srcset=\"https:\/\/www.radiopiu.net\/wordpress\/wp-content\/uploads\/2020\/07\/814ace46-a8a2-4c2d-a100-4d87aa509ef3-300x225.jpg 300w, https:\/\/www.radiopiu.net\/wordpress\/wp-content\/uploads\/2020\/07\/814ace46-a8a2-4c2d-a100-4d87aa509ef3-1024x768.jpg 1024w, https:\/\/www.radiopiu.net\/wordpress\/wp-content\/uploads\/2020\/07\/814ace46-a8a2-4c2d-a100-4d87aa509ef3-768x576.jpg 768w, https:\/\/www.radiopiu.net\/wordpress\/wp-content\/uploads\/2020\/07\/814ace46-a8a2-4c2d-a100-4d87aa509ef3-1536x1152.jpg 1536w, https:\/\/www.radiopiu.net\/wordpress\/wp-content\/uploads\/2020\/07\/814ace46-a8a2-4c2d-a100-4d87aa509ef3.jpg 1560w\" sizes=\"auto, (max-width: 187px) 100vw, 187px\" \/><\/a>AGORDO <\/strong>Cambia la modalit\u00e0 della\u00a0richiesta del trasporto pubblico per i dipendenti Luxottica chiamati a lavorare il sabato nei giorni di flessibilit\u00e0. Fino allo scorso anno le maestranze dovevano fare una richiesta presso l&#8217;ufficio del personale compilando un modulo preciso, da oggi cambia tutto e questo potr\u00e0 essere fatto online tramite il portale aziendale. Basta accedere a My Personal Desk e nella sezione &#8220;Moduli&#8221; i dipendenti potranno fare la richiesta comodamente da cellulare o pc.<\/p>\n<p>&nbsp;<\/p>\n<p>&nbsp;<\/p>\n<hr \/>\n<p>&nbsp;<\/p>\n<blockquote>\n<h3>BANDO DELLA REGIONE PER FINANZIARE REALIZZAZIONE E AMMODERNAMENTO DEGLI IMPIANTI DI RISALITA IN VISTA DELLE OLIMPIADI INVERNALI DEL 2026<span class=\"Apple-converted-space\">\u00a0<\/span><\/h3>\n<\/blockquote>\n<p><strong><a class=\"dt-pswp-item\" href=\"https:\/\/www.radiopiu.net\/wordpress\/wp-content\/uploads\/2018\/04\/impianti-alleghe-funivie.jpg\" data-dt-img-description=\"\" data-large_image_width=\"550\" data-large_image_height=\"309\"><img loading=\"lazy\" decoding=\"async\" class=\"size-medium wp-image-46376 alignleft\" src=\"https:\/\/www.radiopiu.net\/wordpress\/wp-content\/uploads\/2018\/04\/impianti-alleghe-funivie-300x169.jpg\" alt=\"\" width=\"300\" height=\"169\" srcset=\"https:\/\/www.radiopiu.net\/wordpress\/wp-content\/uploads\/2018\/04\/impianti-alleghe-funivie-300x169.jpg 300w, https:\/\/www.radiopiu.net\/wordpress\/wp-content\/uploads\/2018\/04\/impianti-alleghe-funivie.jpg 550w\" sizes=\"auto, (max-width: 300px) 100vw, 300px\" \/><\/a>VENEZIA\u00a0<\/strong>Su proposta dell\u2019assessore al turismo e all\u2019economia montana, la Giunta regionale ha approvato un bando pubblico per finanziare nuovi impianti di risalita o interventi di ammodernamento di quelli esistenti (incluse le opere attive e passive per la difesa dal pericolo valanghe e per la sicurezza idrogeologica), finalizzati allo sviluppo delle aree sciistiche interessate dagli eventi sportivi internazionali, con particolare riferimento alle Olimpiadi invernali Cortina-Milano 2026.\u00a0I finanziamenti ammontano complessivamente a 11,7 milioni di euro e i contributi saranno erogati in conto capitale.\u00a0Gli importi massimi di contributo erogabile sono di 4 milioni di euro per gli interventi di nuova realizzazione e di 500 mila euro quelli di ammodernamento degli impianti.<span class=\"Apple-converted-space\">\u00a0<\/span>Il bando sar\u00e0 pubblicato nei prossimi giorni nel BUR del Veneto e le domande di partecipazione dovranno essere presentate alla struttura regionale competente entro 60 giorni da detta pubblicazione.<\/p>\n<p>&nbsp;<\/p>\n<p>&nbsp;<\/p>\n<hr \/>\n<p>&nbsp;<\/p>\n<blockquote class=\"wp-embedded-content\" data-secret=\"ymBeGCBNHw\"><p><a href=\"https:\/\/www.radiopiu.net\/wordpress\/coronavirus-aggiornamento-nazionale-01-settembre\/\">CORONAVIRUS: AGGIORNAMENTO NAZIONALE 01 SETTEMBRE<\/a><\/p><\/blockquote>\n<p><iframe loading=\"lazy\" class=\"wp-embedded-content\" sandbox=\"allow-scripts\" security=\"restricted\" style=\"position: absolute; clip: rect(1px, 1px, 1px, 1px);\" title=\"&#8220;CORONAVIRUS: AGGIORNAMENTO NAZIONALE 01 SETTEMBRE&#8221; &#8212; Radio Pi\u00f9\" src=\"https:\/\/www.radiopiu.net\/wordpress\/coronavirus-aggiornamento-nazionale-01-settembre\/embed\/#?secret=ymBeGCBNHw\" data-secret=\"ymBeGCBNHw\" width=\"600\" height=\"338\" frameborder=\"0\" marginwidth=\"0\" marginheight=\"0\" scrolling=\"no\"><\/iframe><\/p>\n<p>&nbsp;<\/p>\n<hr \/>\n<p>&nbsp;<\/p>\n<blockquote class=\"wp-embedded-content\" data-secret=\"YuUrSauJr4\"><p><a href=\"https:\/\/www.radiopiu.net\/wordpress\/in-veneto-sono-132-i-nuovi-positivi-delle-ultime-24-ore-nessun-decesso-ma-aumentano-i-ricoveri-a-belluno-dati-invariati\/\">IN VENETO SONO 132 I NUOVI POSITIVI DELLE ULTIME 24 ORE. NESSUN DECESSO MA AUMENTANO I RICOVERI. A BELLUNO DATI INVARIATI<\/a><\/p><\/blockquote>\n<p><iframe loading=\"lazy\" class=\"wp-embedded-content\" sandbox=\"allow-scripts\" security=\"restricted\" style=\"position: absolute; clip: rect(1px, 1px, 1px, 1px);\" title=\"&#8220;IN VENETO SONO 132 I NUOVI POSITIVI DELLE ULTIME 24 ORE. NESSUN DECESSO MA AUMENTANO I RICOVERI. A BELLUNO DATI INVARIATI&#8221; &#8212; Radio Pi\u00f9\" src=\"https:\/\/www.radiopiu.net\/wordpress\/in-veneto-sono-132-i-nuovi-positivi-delle-ultime-24-ore-nessun-decesso-ma-aumentano-i-ricoveri-a-belluno-dati-invariati\/embed\/#?secret=YuUrSauJr4\" data-secret=\"YuUrSauJr4\" width=\"600\" height=\"338\" frameborder=\"0\" marginwidth=\"0\" marginheight=\"0\" scrolling=\"no\"><\/iframe><\/p>\n<p>&nbsp;<\/p>\n<hr \/>\n<p>&nbsp;<\/p>\n<blockquote>\n<h3>DATI E GRAFICI DI TIZIANO DE COL<\/h3>\n<\/blockquote>\n\n\t\t\t<style type='text\/css'>\n\t\t\t\t#gallery-1 {\n\t\t\t\t\tmargin: auto;\n\t\t\t\t}\n\t\t\t\t#gallery-1 .gallery-item {\n\t\t\t\t\tfloat: left;\n\t\t\t\t\tmargin-top: 10px;\n\t\t\t\t\ttext-align: center;\n\t\t\t\t\twidth: 33%;\n\t\t\t\t}\n\t\t\t\t#gallery-1 img {\n\t\t\t\t\tborder: 2px solid #cfcfcf;\n\t\t\t\t}\n\t\t\t\t#gallery-1 .gallery-caption {\n\t\t\t\t\tmargin-left: 0;\n\t\t\t\t}\n\t\t\t\t\/* see gallery_shortcode() in wp-includes\/media.php *\/\n\t\t\t<\/style>\n\t\t<div id='gallery-1' class='dt-gallery-container gallery galleryid-158790 gallery-columns-3 gallery-size-medium'><dl class='gallery-item'>\n\t\t\t\t<dt class='gallery-icon landscape'>\n\t\t\t\t\t<a class=\"rollover rollover-zoom dt-pswp-item\" title=\"Schermata 2020-09-01 alle 19.41.26\" data-dt-img-description=\"\" data-large_image_width=\"812\" data-large_image_height=\"450\"href='https:\/\/www.radiopiu.net\/wordpress\/wp-content\/uploads\/2020\/09\/Schermata-2020-09-01-alle-19.41.26.png'><img loading=\"lazy\" decoding=\"async\" width=\"300\" height=\"166\" src=\"https:\/\/www.radiopiu.net\/wordpress\/wp-content\/uploads\/2020\/09\/Schermata-2020-09-01-alle-19.41.26-300x166.png\" class=\"attachment-medium size-medium\" alt=\"\" srcset=\"https:\/\/www.radiopiu.net\/wordpress\/wp-content\/uploads\/2020\/09\/Schermata-2020-09-01-alle-19.41.26-300x166.png 300w, https:\/\/www.radiopiu.net\/wordpress\/wp-content\/uploads\/2020\/09\/Schermata-2020-09-01-alle-19.41.26-768x426.png 768w, https:\/\/www.radiopiu.net\/wordpress\/wp-content\/uploads\/2020\/09\/Schermata-2020-09-01-alle-19.41.26-640x355.png 640w, https:\/\/www.radiopiu.net\/wordpress\/wp-content\/uploads\/2020\/09\/Schermata-2020-09-01-alle-19.41.26.png 812w\" sizes=\"auto, (max-width: 300px) 100vw, 300px\" \/><\/a>\n\t\t\t\t<\/dt><\/dl><dl class='gallery-item'>\n\t\t\t\t<dt class='gallery-icon portrait'>\n\t\t\t\t\t<a class=\"rollover rollover-zoom dt-pswp-item\" title=\"86dc5e2f-aa67-423e-89d0-803d2284a076\" data-dt-img-description=\"\" data-large_image_width=\"662\" data-large_image_height=\"862\"href='https:\/\/www.radiopiu.net\/wordpress\/wp-content\/uploads\/2020\/09\/86dc5e2f-aa67-423e-89d0-803d2284a076.jpg'><img loading=\"lazy\" decoding=\"async\" width=\"230\" height=\"300\" src=\"https:\/\/www.radiopiu.net\/wordpress\/wp-content\/uploads\/2020\/09\/86dc5e2f-aa67-423e-89d0-803d2284a076-230x300.jpg\" class=\"attachment-medium size-medium\" alt=\"\" srcset=\"https:\/\/www.radiopiu.net\/wordpress\/wp-content\/uploads\/2020\/09\/86dc5e2f-aa67-423e-89d0-803d2284a076-230x300.jpg 230w, https:\/\/www.radiopiu.net\/wordpress\/wp-content\/uploads\/2020\/09\/86dc5e2f-aa67-423e-89d0-803d2284a076-369x480.jpg 369w, https:\/\/www.radiopiu.net\/wordpress\/wp-content\/uploads\/2020\/09\/86dc5e2f-aa67-423e-89d0-803d2284a076.jpg 662w\" sizes=\"auto, (max-width: 230px) 100vw, 230px\" \/><\/a>\n\t\t\t\t<\/dt><\/dl><dl class='gallery-item'>\n\t\t\t\t<dt class='gallery-icon landscape'>\n\t\t\t\t\t<a class=\"rollover rollover-zoom dt-pswp-item\" title=\"80eb0203-351c-42d6-ab1e-db9e53f14b4e\" data-dt-img-description=\"\" data-large_image_width=\"480\" data-large_image_height=\"334\"href='https:\/\/www.radiopiu.net\/wordpress\/wp-content\/uploads\/2020\/09\/80eb0203-351c-42d6-ab1e-db9e53f14b4e.jpg'><img loading=\"lazy\" decoding=\"async\" width=\"300\" height=\"209\" src=\"https:\/\/www.radiopiu.net\/wordpress\/wp-content\/uploads\/2020\/09\/80eb0203-351c-42d6-ab1e-db9e53f14b4e-300x209.jpg\" class=\"attachment-medium size-medium\" alt=\"\" srcset=\"https:\/\/www.radiopiu.net\/wordpress\/wp-content\/uploads\/2020\/09\/80eb0203-351c-42d6-ab1e-db9e53f14b4e-300x209.jpg 300w, https:\/\/www.radiopiu.net\/wordpress\/wp-content\/uploads\/2020\/09\/80eb0203-351c-42d6-ab1e-db9e53f14b4e.jpg 480w\" sizes=\"auto, (max-width: 300px) 100vw, 300px\" \/><\/a>\n\t\t\t\t<\/dt><\/dl><br style=\"clear: both\" \/>\n\t\t\t<\/div>\n\n<p>&nbsp;<\/p>\n<p>&nbsp;<\/p>\n<hr \/>\n<p>&nbsp;<\/p>\n<blockquote>\n<h3>A BELLUNO NESSUNA NUOVA POSITIVIT\u00c0<\/h3>\n<\/blockquote>\n<p><strong><a class=\"dt-pswp-item\" href=\"https:\/\/www.radiopiu.net\/wordpress\/wp-content\/uploads\/2020\/03\/covid-ulss.jpg\" data-dt-img-description=\"\" data-large_image_width=\"800\" data-large_image_height=\"600\"><img loading=\"lazy\" decoding=\"async\" class=\"size-medium wp-image-121260 alignleft\" src=\"https:\/\/www.radiopiu.net\/wordpress\/wp-content\/uploads\/2020\/03\/covid-ulss-300x225.jpg\" alt=\"\" width=\"300\" height=\"225\" srcset=\"https:\/\/www.radiopiu.net\/wordpress\/wp-content\/uploads\/2020\/03\/covid-ulss-300x225.jpg 300w, https:\/\/www.radiopiu.net\/wordpress\/wp-content\/uploads\/2020\/03\/covid-ulss-768x576.jpg 768w, https:\/\/www.radiopiu.net\/wordpress\/wp-content\/uploads\/2020\/03\/covid-ulss.jpg 800w\" sizes=\"auto, (max-width: 300px) 100vw, 300px\" \/><\/a>BELLUNO\u00a0<\/strong>Le ultime ore di attivit\u00e0, pur con alcune difficolt\u00e0 derivanti da un blocco informatico, hanno visto la refertazione di 334 tamponi, senza evidenza di nuove positivit\u00e0.\u00a0Ha preso il via a Caprile, a favore di tutta la comunit\u00e0 agordina, la campagna di vaccinazione contro lo pneumococco. Sono stati vaccinati, con accesso drive-in, 119 soggetti di et\u00e0 compresa tra 65 e 69 anni. Le attivit\u00e0 si sono svolte con regolarit\u00e0, salvo alcuni rallentamenti negli accessi nella fase iniziale per arrivo anticipato di alcune persone convocate. Per evitare ci\u00f2, vista la logistica del drive-in di Caprile, prossimo alla strada principale, si raccomanda ai cittadini<span class=\"Apple-converted-space\">\u00a0 <\/span>convocati per la vaccinazione di rispettare con precisione l\u2019orario indicato. La campagna proseguir\u00e0 nel mese di settembre, interessando tutto il territorio provinciale,\u00a0con convocazione delle persone da vaccinare anche negli altri 3 drive-in\u00a0 (Belluno-San Martino, Feltre-Borgo Ruga e Tai di Cadore).\u00a0Prosegue a pieno regime, negli studi dei 53 medici di famiglia aderenti al progetto nazionale e nei 4 drive-in gestiti dal Dipartimento di Prevenzione, lo screening sierologico del personale della Scuola. Oggi sono stati eseguiti 276 test sierologici: 61 a Tai di Cadore (tutti negativi), 127 a Belluno (1 positivo, negativo al tampone), 88 a Feltre (1 positivo, negativo al tampone).\u00a0Presso il drive-in di Feltre, anche oggi sono stati eseguiti 36 tamponi a soggetti di rientro da Croazia, Grecia e Sardegna.<\/p>\n<p>&nbsp;<\/p>\n<p>&nbsp;<\/p>\n<hr \/>\n<p>&nbsp;<\/p>\n<blockquote>\n<h3>SANITA\u2019. GIUNTA VENETA RATIFICA SIGNIFICATIVO ACCORDO SINDACALE<\/h3>\n<\/blockquote>\n<p><strong><a class=\"dt-pswp-item\" href=\"https:\/\/www.radiopiu.net\/wordpress\/wp-content\/uploads\/2015\/08\/sanita_medico.jpg\" data-dt-img-description=\"\" data-large_image_width=\"800\" data-large_image_height=\"450\"><img loading=\"lazy\" decoding=\"async\" class=\"size-medium wp-image-8643 alignleft\" src=\"https:\/\/www.radiopiu.net\/wordpress\/wp-content\/uploads\/2015\/08\/sanita_medico-300x169.jpg\" alt=\"\" width=\"300\" height=\"169\" \/><\/a>VENEZIA\u00a0<\/strong>La Giunta Regionale, con una delibera proposta dall\u2019Assessore alla Sanit\u00e0 e Sociale, ha approvato il verbale di confronto sottoscritto il 25 agosto 2020 dall\u2019Assessore, dal direttore dell\u2019Area sanit\u00e0 e sociale e dalle organizzazioni sindacali della dirigenza medica, veterinaria e sanitaria, con il quale sono state concordate linee generali di indirizzo nei confronti delle aziende del Servizio Sanitario Regionale su una serie di materie individuate dal vigente contratto collettivo nazionale di lavoro dell\u2019Area Sanit\u00e0. Tra le altre, si sono concordate indicazioni in materia di libera professione, di prestazioni aggiuntive dirette al contenimento delle liste di attesa e di sistemi di valutazione dei dirigenti.\u00a0Sono stati fissati anche criteri e modalit\u00e0 di riparto alle predette aziende delle risorse previste da una legge dello Stato (art. 1, commi 435 e 435-bis della L. 205\/2017), per attenuare parzialmente gli effetti del blocco delle risorse del trattamento accessorio stabilito dalle pregresse disposizioni legislative nazionali. In particolare, si prevede che tali risorse, ammontanti per il 2020 a circa 4 milioni di euro al lordo degli oneri riflessi (ma che negli anni successivi saranno nettamente pi\u00f9 elevate fino a raggiungere circa 15 milioni di euro nel 2026) siano distribuite in un\u2019ottica prevalentemente perequativa in modo da attribuire somme pi\u00f9 consistenti a quelle aziende nelle quali i fondi contrattuali, che finanziano la retribuzione accessoria della dirigenza medico-veterinaria e sanitaria, sono, in termini di valore medio pro capite, pi\u00f9 bassi rispetto alla media regionale.<\/p>\n<p>&nbsp;<\/p>\n<p>&nbsp;<\/p>\n<hr \/>\n<p>&nbsp;<\/p>\n<blockquote>\n<h3>FASE3:\u00a0SOSTEGNI ANTICOVID ANCHE ALLE\u00a0IMPRESE DELLA RISTORAZIONE E AI PUBBLICI ESERCIZI<\/h3>\n<\/blockquote>\n<p><strong><a class=\"dt-pswp-item\" href=\"https:\/\/www.radiopiu.net\/wordpress\/wp-content\/uploads\/2020\/05\/ristorante.jpg\" data-dt-img-description=\"\" data-large_image_width=\"1920\" data-large_image_height=\"1280\"><img loading=\"lazy\" decoding=\"async\" class=\"size-medium wp-image-137077 alignleft\" src=\"https:\/\/www.radiopiu.net\/wordpress\/wp-content\/uploads\/2020\/05\/ristorante-300x200.jpg\" alt=\"\" width=\"300\" height=\"200\" srcset=\"https:\/\/www.radiopiu.net\/wordpress\/wp-content\/uploads\/2020\/05\/ristorante-300x200.jpg 300w, https:\/\/www.radiopiu.net\/wordpress\/wp-content\/uploads\/2020\/05\/ristorante-1024x683.jpg 1024w, https:\/\/www.radiopiu.net\/wordpress\/wp-content\/uploads\/2020\/05\/ristorante-768x512.jpg 768w, https:\/\/www.radiopiu.net\/wordpress\/wp-content\/uploads\/2020\/05\/ristorante-1536x1024.jpg 1536w, https:\/\/www.radiopiu.net\/wordpress\/wp-content\/uploads\/2020\/05\/ristorante.jpg 1920w\" sizes=\"auto, (max-width: 300px) 100vw, 300px\" \/><\/a>VENEZIA\u00a0<\/strong>Con due distinti provvedimenti la Giunta regionale del Veneto estende anche alle imprese della ristorazione e della somministrazione di alimenti e bevande le provvidenze anti-Covid pensate per il rilancio del turismo e della cultura.\u00a0La prima delibera<span class=\"Apple-converted-space\">\u00a0 <\/span>estende l\u2019accesso al fondo di 35 mln di euro per il mantenimento dell\u2019occupazione, pensato per<span class=\"Apple-converted-space\">\u00a0 <\/span>offrire una effettiva riduzione del costo del lavoro a quelle imprese che hanno deciso o decidono di riprendere in attivit\u00e0 i propri lavoratori dalla cassa integrazione, a nuove<span class=\"Apple-converted-space\">\u00a0 <\/span>categorie di beneficiari. Oltre agli alberghi verr\u00e0 data la possibilit\u00e0 di usufruire di questa forma di riduzione del costo del lavoro e di sostegno all\u2019occupazione anche a nuove categorie economiche, in particolare al mondo della ristorazione e dei bar, alle imprese dello spettacolo e delle ricreazione, a quelle della gestione di eventi creativi, e alle imprese di trasporto taxi e con conducente.\u00a0La seconda delibera, relativa al bando da 3 mln di euro \u201cRi-partiamo\u201d dedicato al rilancio del turismo veneto, proroga i termini sino al 30 settembre per presentare domanda ed estende la partecipazione, oltre che alle imprese alberghiere, anche a quella della ristorazione e di somministrazione alimenti e bevande, con una particolare attenzione per gli esercizi in quota.<\/p>\n<p>&nbsp;<\/p>\n<p>&nbsp;<\/p>\n<hr \/>\n<p>&nbsp;<\/p>\n<blockquote>\n<h3>EX ACC, IL PRESIDENTE DI CONFINDUSTRIA BELLUNO DOLOMITI LORRAINE BERTON IN VISITA ALLO STABILIMENTO DI MEL<\/h3>\n<\/blockquote>\n<p><strong><a class=\"dt-pswp-item\" href=\"https:\/\/www.radiopiu.net\/wordpress\/wp-content\/uploads\/2019\/10\/Lorraine_Berton-1.jpg\" data-dt-img-description=\"\" data-large_image_width=\"767\" data-large_image_height=\"768\"><img loading=\"lazy\" decoding=\"async\" class=\"size-medium wp-image-104180 alignleft\" src=\"https:\/\/www.radiopiu.net\/wordpress\/wp-content\/uploads\/2019\/10\/Lorraine_Berton-1-300x300.jpg\" alt=\"\" width=\"300\" height=\"300\" srcset=\"https:\/\/www.radiopiu.net\/wordpress\/wp-content\/uploads\/2019\/10\/Lorraine_Berton-1-300x300.jpg 300w, https:\/\/www.radiopiu.net\/wordpress\/wp-content\/uploads\/2019\/10\/Lorraine_Berton-1-150x150.jpg 150w, https:\/\/www.radiopiu.net\/wordpress\/wp-content\/uploads\/2019\/10\/Lorraine_Berton-1.jpg 767w\" sizes=\"auto, (max-width: 300px) 100vw, 300px\" \/><\/a>BELLUNO\u00a0<\/strong>\u201cLe banche sostengano il progetto industriale dell\u2019ex ACC, che prevede il rilancio di un polo produttivo strategico per l\u2019Italia e l\u2019Europa. Lo stabilimento di Mel, con i suoi trecento dipendenti, oltre ad essere un patrimonio del sistema economico bellunese, pu\u00f2 avere infatti un nuovo sviluppo e tornare ad essere un fornitore essenziale per i pi\u00f9 importanti gruppi internazionali del settore. Per questo sarebbe grave e incomprensibile se gli istituti di credito negassero ad Acc la liquidit\u00e0 che serve per superare l\u2019attuale fase e proiettarsi con rinnovato slancio verso nuovi e pi\u00f9 incoraggianti scenari\u201d.\u00a0\u00c8 quanto afferma il Presidente di Confindustria Belluno Dolomiti, Lorraine Berton, a seguito dell\u2019incontro con il commissario straordinario Maurizio Castro e la visita alla storica fabbrica zumellese, accompagnata anche dal responsabile di produzione Ranieri D\u2019Alessio, di cui ha apprezzato in modo particolare l\u2019entusiasmo, l\u2019esperienza e la competenza. \u201cHo voluto avere un confronto diretto con Maurizio Castro per manifestare il pieno appoggio dell\u2019Associazione al piano di rilancio dell\u2019ex Zanussi \u2013 afferma Lorraine Berton \u2013 con l\u2019auspicio che le banche dimostrino, nei fatti e non solo a parole, di essere vicine al territorio e a sostegno del tessuto industriale bellunese, che non pu\u00f2 certo privarsi di una realt\u00e0 importante, per storia e prospettive, come questa. Ho avuto l\u2019opportunit\u00e0 di vedere personalmente i processi e le linee di produzione, di apprezzare la passione e il know-how che ci sono tra le persone che lavorano in questa azienda e di conoscere direttamente dal commissario straordinario le prospettive industriali del prossimo futuro, sostenute anche da nuovi prodotti che vedono l\u2019apprezzamento dei clienti. Per questo fatico a comprendere le resistenze degli istituti di credito, che \u2013 oltre a non rischiare nulla, visto che c\u2019\u00e8 per legge una garanzia dello Stato \u2013 hanno la grande opportunit\u00e0 di favorire la crescita di un polo produttivo strategico: l\u2019unica fabbrica di compressori rimasta in Europa, che pu\u00f2 e deve tornare ad essere un fiore all\u2019occhiello della nostra industria\u201d.\u00a0\u201cConfido pertanto che i vertici nazionali delle banche prendano direttamente in mano la gestione di questa\u00a0operazione \u2013 prosegue il Presidente di Confindustria Belluno Dolomiti \u2013 al fine di garantire all\u2019azienda la liquidit\u00e0 necessaria a superare questo momento delicato e fondamentale. Su questo c\u2019\u00e8 unanimit\u00e0 di vedute tra le istituzioni locali e nazionali e, ovviamente, tra le parti sociali: tutti chiediamo agli istituti di credito di non sottrarsi a questo impegno e di non condannare una fabbrica che occupa pi\u00f9 di trecento persone e che pu\u00f2 svolgere ancora un ruolo strategico nel panorama industriale nazionale. Il territorio bellunese non se lo pu\u00f2 permettere\u201d.<\/p>\n<p>&nbsp;<\/p>\n<p>&nbsp;<\/p>\n<hr \/>\n<p>&nbsp;<\/p>\n<blockquote>\n<h3>OCCUPAZIONE. GLI EFFETTI DELLA PANDEMIA SUL MERCATO DEL LAVORO VENETO<\/h3>\n<\/blockquote>\n<p><strong><a class=\"dt-pswp-item\" href=\"https:\/\/www.radiopiu.net\/wordpress\/wp-content\/uploads\/2018\/05\/lavoro.jpg\" data-dt-img-description=\"\" data-large_image_width=\"1280\" data-large_image_height=\"720\"><img loading=\"lazy\" decoding=\"async\" class=\"size-medium wp-image-49672 alignleft\" src=\"https:\/\/www.radiopiu.net\/wordpress\/wp-content\/uploads\/2018\/05\/lavoro-300x169.jpg\" alt=\"\" width=\"300\" height=\"169\" srcset=\"https:\/\/www.radiopiu.net\/wordpress\/wp-content\/uploads\/2018\/05\/lavoro-300x169.jpg 300w, https:\/\/www.radiopiu.net\/wordpress\/wp-content\/uploads\/2018\/05\/lavoro-768x432.jpg 768w, https:\/\/www.radiopiu.net\/wordpress\/wp-content\/uploads\/2018\/05\/lavoro-1024x576.jpg 1024w, https:\/\/www.radiopiu.net\/wordpress\/wp-content\/uploads\/2018\/05\/lavoro.jpg 1280w\" sizes=\"auto, (max-width: 300px) 100vw, 300px\" \/><\/a>VENEZIA\u00a0<\/strong>Il secondo trimestre del 2020 evidenzia gli effetti negativi della pandemia da Covid-19 sul mercato del lavoro veneto: per la prima volta il secondo trimestre dell\u2019anno si chiude con un saldo negativo, pari a -6.700 posizioni di lavoro dipendente tra aprile e giugno. A misurare il crollo delle assunzioni stagionali e un rallentamento complessivo dell\u2019occupazione \u00e8 la Bussola dell\u2019Osservatorio di Veneto Lavoro.\u00a0Il risultato negativo \u00e8 dovuto principalmente ai provvedimenti di <i>lockdown<\/i> imposti per limitare la diffusione del contagio, che hanno comportato, da un lato, il mancato avvio delle attivit\u00e0 stagionali legate alla Pasqua, e dall\u2019altro il ridotto e ritardato avvio di quelle estive; ma dimostra anche la brusca accelerazione di una tendenza al rallentamento dell\u2019occupazione in atto da tempo. Su base annua \u2013 calcola Veneto Lavoro &#8211; il calo \u00e8 stato di oltre 40.700 posizioni lavorative.<span class=\"Apple-converted-space\">\u00a0\u00a0<\/span>A livello territoriale, saldi trimestrali negativi si registrano a Padova (-5.600 posti di lavoro dipendente), Treviso (-5.300) e Vicenza (-4.700). Segno pi\u00f9 a Venezia (+6.700) e Verona (+1.400), le due province che nell\u2019intero periodo di crisi sanitaria e occupazionale hanno pagato il prezzo pi\u00f9 alto e che, nonostante il lieve recupero mostrato con l\u2019avvio della stagione estiva, sono lontane dal ripianare le perdite subite durante il <i>lockdown<\/i> soprattutto in termini di mancate assunzioni. In terreno leggermente positivo anche Belluno (+500) e Rovigo (+300). Il saldo su base annua \u00e8 negativo in tutte le province: ai vertici della classifica dei saldi negativi risultano Venezia e Verona, dove negli ultimi dodici mesi sono andati persi rispettivamente circa 24.000 e 10.300 posizioni di lavoro dipendente.<\/p>\n<p>&nbsp;<\/p>\n<p>&nbsp;<\/p>\n<hr \/>\n<p>&nbsp;<\/p>\n<blockquote>\n<h3>NON ABBANDONATECI PERCHE\u2019 A PAGARE SARA\u2019 TUTTO IL TERRITORIO BELLUNESE<\/h3>\n<\/blockquote>\n<p><strong><a class=\"dt-pswp-item\" href=\"https:\/\/www.radiopiu.net\/wordpress\/wp-content\/uploads\/2020\/07\/LUPO-e1596200814836.jpg\" data-dt-img-description=\"\" data-large_image_width=\"1920\" data-large_image_height=\"1271\"><img loading=\"lazy\" decoding=\"async\" class=\"size-medium wp-image-152444 alignleft\" src=\"https:\/\/www.radiopiu.net\/wordpress\/wp-content\/uploads\/2020\/07\/LUPO-e1596200814836-300x199.jpg\" alt=\"\" width=\"300\" height=\"199\" srcset=\"https:\/\/www.radiopiu.net\/wordpress\/wp-content\/uploads\/2020\/07\/LUPO-e1596200814836-300x199.jpg 300w, https:\/\/www.radiopiu.net\/wordpress\/wp-content\/uploads\/2020\/07\/LUPO-e1596200814836-1024x678.jpg 1024w, https:\/\/www.radiopiu.net\/wordpress\/wp-content\/uploads\/2020\/07\/LUPO-e1596200814836-768x508.jpg 768w, https:\/\/www.radiopiu.net\/wordpress\/wp-content\/uploads\/2020\/07\/LUPO-e1596200814836-1536x1017.jpg 1536w, https:\/\/www.radiopiu.net\/wordpress\/wp-content\/uploads\/2020\/07\/LUPO-e1596200814836.jpg 1920w\" sizes=\"auto, (max-width: 300px) 100vw, 300px\" \/><\/a>BELLUNO\u00a0<\/strong>\u201c<em>Sfido qualsiasi cittadino a rimanere sereno dopo l\u2019ennesimo furto in casa con i ladri impuniti ed anzi tutelati. Abbiamo messo gli antifurti, le reti elettrificate, fatto i contratti con la guardiania, i pastori maremmani, attivato le polizze contro il furto, risarcimento del danno, paghiamo consulenti faunistici per formare gli allevatori sull\u2019etologia del lupo e sui comportamenti da assumere. Ciononostante i \u201ccattivi\u201d siamo noi<\/em>\u201d. Alessandro de Rocco, presidente di Coldiretti Belluno esprime tutta l\u2019urgenza e frustrazione di un settore messo in crisi non tanto da un predatore, bens\u00ec dall\u2019incapacit\u00e0 di gestire il problema da parte delle autorit\u00e0 competenti. \u201c<em>Non vogliamo, n\u00e9 chiediamo, azioni drastiche, ma \u00e8 necessaria un\u2019attenzione che permetta agli allevatori di svolgere il proprio lavoro che \u00e8 anche e soprattutto mantenimento e conservazione dei pascoli e dei paesaggi alpini \u2013 aggiunge De Rocco &#8211; Senza l\u2019allevamento c\u2019\u00e8 l\u2019abbandono della montagna e con tutto quello che ne consegue. E siamo sulla buona strada. Proponiamo che la provincia di Belluno divenga territorio pilota per un vero e proprio progetto sperimentale di un piano Lupo nazionale\u201d.\u00a0Peraltro \u00e8 di questi giorni la notizia che il TAR del Veneto ha sospeso il piano di abbattimento selettivo di cervi, che continuano ad imperversare sulle coltivazioni, non solo distruggendole, ma addirittura creando gravi rischi di zoonosi per gli stessi allevamenti. Oltre che mettere a rischio seriamente molte specie forestali: \u201cIl mondo agricolo per sua storia e natura vuole vivere nel territorio dove lavora, senza sopraffazioni, ma anzi per una convivenza con madre natura \u2013 conclude il presidente di Coldiretti Belluno &#8211; E su questo piano lavoriamo per migliorare le tecniche di allevamento e coltivazione sempre pi\u00f9 sostenibili, anche perch\u00e9 ci crediamo profondamente. Stesso atteggiamento non troviamo in tante associazioni che si dichiarano ambientaliste, ma che in realt\u00e0 sono fuori dalla realt\u00e0<\/em>\u201d.<\/p>\n<p>&nbsp;<\/p>\n<p>&nbsp;<\/p>\n<hr \/>\n<p>&nbsp;<\/p>\n<blockquote>\n<h3>INIZIATA LA DEMOLIZIONE DELLA SCUOLA MEDIA DI MEL<\/h3>\n<\/blockquote>\n<p><b><a class=\"dt-pswp-item\" href=\"https:\/\/www.radiopiu.net\/wordpress\/wp-content\/uploads\/2020\/09\/raccolta-detriti.jpg\" data-dt-img-description=\"\" data-large_image_width=\"1600\" data-large_image_height=\"1200\"><img loading=\"lazy\" decoding=\"async\" class=\"size-medium wp-image-158865 alignleft\" src=\"https:\/\/www.radiopiu.net\/wordpress\/wp-content\/uploads\/2020\/09\/raccolta-detriti-300x225.jpg\" alt=\"\" width=\"300\" height=\"225\" srcset=\"https:\/\/www.radiopiu.net\/wordpress\/wp-content\/uploads\/2020\/09\/raccolta-detriti-300x225.jpg 300w, https:\/\/www.radiopiu.net\/wordpress\/wp-content\/uploads\/2020\/09\/raccolta-detriti-1024x768.jpg 1024w, https:\/\/www.radiopiu.net\/wordpress\/wp-content\/uploads\/2020\/09\/raccolta-detriti-768x576.jpg 768w, https:\/\/www.radiopiu.net\/wordpress\/wp-content\/uploads\/2020\/09\/raccolta-detriti-1536x1152.jpg 1536w, https:\/\/www.radiopiu.net\/wordpress\/wp-content\/uploads\/2020\/09\/raccolta-detriti-640x480.jpg 640w, https:\/\/www.radiopiu.net\/wordpress\/wp-content\/uploads\/2020\/09\/raccolta-detriti.jpg 1600w\" sizes=\"auto, (max-width: 300px) 100vw, 300px\" \/><\/a>BORGO VALBELLUNA\u00a0<\/b>C\u2019\u00e8 un velo di tristezza negli occhi dei molti zumellesi che in questi giorni sostano sulla \u201cpanoramica\u201d, Corso 31 ottobre, per guardare la fine della loro scuola media. Sono infatti iniziati i lavori di demolizione dell\u2019edificio che dal 1967 ha ospitato migliaia di ragazzi: alcuni di loro ormai nonni ed altri tutt\u2019ora studenti. Al suo posto sorger\u00e0 il nuovo plesso che ospiter\u00e0 materne e primarie di Mel; un intervento complesso che oggi determina la riorganizzazione degli spazi per circa 200 alunni, ma che poi permetter\u00e0 di avere spazi didattici innovativi per pi\u00f9 di 300 bambini.\u00a0Nicola Sartori, nipote dello storico Giovanni \u201cNino\u201d Sartori, Sindaco di Mel al momento della costruzione dell\u2019edificio, racconta la storia della sua nascita.\u00a0\u201cLa scuola media di Mel fu progettata dall\u2019Architetto dott. Mario Sanzovo nel 1962 e i lavori iniziarono nel 1964. La costruzione del plesso scolastico fu fortemente voluta dall\u2019allora Amministrazione Comunale che vedeva mio nonno Primo Cittadino.\u201d\u00a0Ne troviamo testimonianza nei documenti e negli articoli del tempo facenti parte dell\u2019archivio di Nino Sartori e gelosamente costudito dal nipote.\u00a0\u201cLa motivazione fu la seguente \u2013spiega Nicola-: <i>Importantissima ed inderogabile la necessit\u00e0 di dotare la Scuola Media di un edificio modernamente costruito e tecnicamente attrezzato: con l\u2019attuazione della legge che stabilisce l\u2019istruzione obbligatoria per tutti i giovani fino all\u2019et\u00e0 di 14 anni, si prevede che nell\u2019anno 1963-64 saranno funzionanti presso la locale Scuola Media una decina di classi, con una popolazione scolastica talmente rilevante da non poter pi\u00f9 essere contenuta entro il vecchio e inadatto edificio scolastico. Pressioni sono state fatte agli Onorevoli Parlamentari affinch\u00e9 con particolare insistenza rappresentassero tale necessit\u00e0 al Ministero competente. Per ora si pu\u00f2 contare su un contributo di L.16.000.000.<\/i>\u201d\u00a0L\u2019apertura della nuova scuola media avvenne il 4 dicembre 1967 anche se i lavori non erano stati ancora ultimati e la costruzione fu completata solo verso la fine degli anni \u201860.\u00a0Il preside di quel periodo fu il dott. Dino De Cal che poi venne sostituito dal prof. dott. Giovanni Bettin nel dicembre del 1968. Negli anni \u201870 la popolazione scolastica oscillava suddivisa su ben cinque sezioni complete alle quali a volte si aggiungeva qualche classe; oggi le sezioni sono solo due.\u00a0Insieme alla costituzione del comune Borgo Valbelluna, questo \u00e8 sicuramente un altro passaggio epocale per la popolazione zumellese, che vedr\u00e0 sorgere una nuova scuola non solo come edificio, ma soprattutto nuova nella didattica e nel modo di fare scuola.<\/p>\n<p>&nbsp;<\/p>\n<p>&nbsp;<\/p>\n<hr \/>\n<p>&nbsp;<\/p>\n<blockquote>\n<h3>SCUOLABUS, UNCEM: RISORSE PER I COMUNI NECESSARIE. MA SUI 15 MINUTI A PIENO CARICO, NEI TERRITORI MONTANI SERVE UNA DEROGA CHIARA RISPETTO ALLE CONDIZIONI METEO E DEL PERCORSO<\/h3>\n<\/blockquote>\n<p><strong><a class=\"dt-pswp-item\" href=\"https:\/\/www.radiopiu.net\/wordpress\/wp-content\/uploads\/2020\/04\/UNCEM.jpg\" data-dt-img-description=\"\" data-large_image_width=\"500\" data-large_image_height=\"500\"><img loading=\"lazy\" decoding=\"async\" class=\" wp-image-133399 alignleft\" src=\"https:\/\/www.radiopiu.net\/wordpress\/wp-content\/uploads\/2020\/04\/UNCEM-300x300.jpg\" alt=\"\" width=\"267\" height=\"267\" srcset=\"https:\/\/www.radiopiu.net\/wordpress\/wp-content\/uploads\/2020\/04\/UNCEM-300x300.jpg 300w, https:\/\/www.radiopiu.net\/wordpress\/wp-content\/uploads\/2020\/04\/UNCEM-150x150.jpg 150w, https:\/\/www.radiopiu.net\/wordpress\/wp-content\/uploads\/2020\/04\/UNCEM.jpg 500w\" sizes=\"auto, (max-width: 267px) 100vw, 267px\" \/><\/a>ROMA<\/strong> &#8220;<em>C&#8217;\u00e8\u00a0perplessit\u00e0 tra i Sindaci dei Comuni montani rispetto all&#8217;organizzazione degli scuolabus, definita ieri sera in Conferenza unificata. La soglia dei 15 minuti di viaggio per poter avere i mezzi a pieno carico e non all&#8217;80%, non rassicura le Amministrazioni che organizzano il servizio. In attesa di poter avere certezza delle risorse economiche aggiuntive che verranno stanziate dallo Stato, forse 200 milioni di euro, occorre almeno un chiarimento rispetto ai &#8217;15 minuti&#8217; che nelle aree montane diventano di pi\u00f9 o meno in base alle condizioni meteo e del percorso. Nei mesi invernali i viaggi si allungano. Di certo moltissimi piccoli Comuni non hanno la possibilit\u00e0 di moltiplicare le corse. Neppure di raddoppiarle. E ricordo che\u00a0molti Comuni non fanno pagare lo scuolabus alle famiglie. Si tratta di un servizio che contribuisce a conservare l&#8217;equilibrio demografico. Come la scuola naturalmente<\/em>&#8220;.\u00a0Cos\u00ec Marco Bussone, Presidente nazionale Uncem, Unione Comuni ed Enti montani.<\/p>\n<p>&nbsp;<\/p>\n<p>&nbsp;<\/p>\n<hr \/>\n<p>&nbsp;<\/p>\n<blockquote>\n<h3>CERTOTTICA: DIVENTA EYEWEAR PRODUCT MANAGER<\/h3>\n<\/blockquote>\n<p><strong><a class=\"dt-pswp-item\" href=\"https:\/\/www.radiopiu.net\/wordpress\/wp-content\/uploads\/2020\/09\/ITS-2019-5669.jpg\" data-dt-img-description=\"\" data-large_image_width=\"1500\" data-large_image_height=\"1000\"><img loading=\"lazy\" decoding=\"async\" class=\"size-medium wp-image-158826 alignleft\" src=\"https:\/\/www.radiopiu.net\/wordpress\/wp-content\/uploads\/2020\/09\/ITS-2019-5669-300x200.jpg\" alt=\"\" width=\"300\" height=\"200\" srcset=\"https:\/\/www.radiopiu.net\/wordpress\/wp-content\/uploads\/2020\/09\/ITS-2019-5669-300x200.jpg 300w, https:\/\/www.radiopiu.net\/wordpress\/wp-content\/uploads\/2020\/09\/ITS-2019-5669-1024x683.jpg 1024w, https:\/\/www.radiopiu.net\/wordpress\/wp-content\/uploads\/2020\/09\/ITS-2019-5669-768x512.jpg 768w, https:\/\/www.radiopiu.net\/wordpress\/wp-content\/uploads\/2020\/09\/ITS-2019-5669-640x427.jpg 640w, https:\/\/www.radiopiu.net\/wordpress\/wp-content\/uploads\/2020\/09\/ITS-2019-5669.jpg 1500w\" sizes=\"auto, (max-width: 300px) 100vw, 300px\" \/><\/a>LONGARONE\u00a0<\/strong>Hai una propensione per il design o per la tecnica che sta dietro alla creazione di un occhiale? Un percorso formativo, unico nel suo genere e unico in Italia, \u00e8 stato creato proprio per formare EYEWEAR PRODUCT MANAGER e a ottobre partir\u00e0 con la 7a edizione.<span class=\"Apple-converted-space\">\u00a0\u00a0<\/span>Si tratta del biennio post diploma ITS ACADEMY promosso da Certottica e in capo alla Fondazione Fashion Academy ITS COSMO, che giova del contributo del MIUR e della Regione del Veneto nel solco del Fondo Sociale Europeo.\u00a0La selezione per i 25 allievi \u00e8 fissata al 22 settembre e per accedervi baster\u00e0 compilare la domanda di partecipazione nell&#8217;home page del sito della Fondazione Fashion Academy\u00a0<a href=\"https:\/\/www.linkedin.com\/company\/its-cosmo\/\">ITS Cosmo<\/a>\u00a0<a href=\"http:\/\/www.itscosmo.it.\/\">www.itscosmo.it. <\/a>Il corso ITS ACADEMY PER EYEWEAR PRODUCT MANAGER \u00e8 un\u2019alternativa valida e completa all\u2019Universit\u00e0 che in 2 anni permette di affrontare un percorso altamente specialistico in cui vengono condensate 1200 ore di lezione e ben 800 ore di tirocinio.\u00a0La fase per cos\u00ec dire di \u201cteoria\u201d, mixa lezioni in aula, laboratori creativi e tecnici, visite a realt\u00e0 aziendali di spiccato interesse, e trasferte a fiere di settore del calibro di MIDO, Milano Eyewear Show &#8211; la pi\u00f9 importante al mondo &#8211; o del DaTe, che a Firenze condensa le produzioni di nicchia all\u2019avanguardia dei mercati.<span class=\"Apple-converted-space\">\u00a0\u00a0<\/span>A tal proposito ricordiamo che il 90% dei docenti proviene dal mondo dell\u2019occhiale e, grazie al know how acquisito, \u00e8 in grado di trasmettere, oltre alle nozioni, la passione per il proprio lavoro e per l\u2019intero settore.<span class=\"Apple-converted-space\">\u00a0\u00a0<\/span>Le 800 ore di tirocinio, 300 il primo anno e 500 il secondo, sono il trampolino di lancio verso il mondo del lavoro: le aziende introducono concretamente gli allievi alla professione che porteranno avanti dopo il diploma, calandoli nei ritmi di vita del mondo dell\u2019occhiale.\u00a0L\u2019approccio interdisciplinare del corso fa s\u00ec che la figura che ne esce sia in grado di progettare un occhiale, analizzare i trend della moda, scegliere i materiali in rapporto alle tendenze e alle caratteristiche funzionali e strutturali del prodotto e collaborare con i diversi settori aziendali per seguire l\u2019intero ciclo di vita dell\u2019accessorio.\u00a0Una volta sostenuti positivamente gli esami finali, gli allievi conseguono il Diploma di Tecnico Superiore &#8211; 5\u00b0 livello <a class=\"dt-pswp-item\" href=\"https:\/\/www.radiopiu.net\/wordpress\/wp-content\/uploads\/2020\/09\/ITS-2019-5778.jpg\" data-dt-img-description=\"\" data-large_image_width=\"1500\" data-large_image_height=\"1000\"><img loading=\"lazy\" decoding=\"async\" class=\"size-medium wp-image-158827 alignright\" src=\"https:\/\/www.radiopiu.net\/wordpress\/wp-content\/uploads\/2020\/09\/ITS-2019-5778-300x200.jpg\" alt=\"\" width=\"300\" height=\"200\" srcset=\"https:\/\/www.radiopiu.net\/wordpress\/wp-content\/uploads\/2020\/09\/ITS-2019-5778-300x200.jpg 300w, https:\/\/www.radiopiu.net\/wordpress\/wp-content\/uploads\/2020\/09\/ITS-2019-5778-1024x683.jpg 1024w, https:\/\/www.radiopiu.net\/wordpress\/wp-content\/uploads\/2020\/09\/ITS-2019-5778-768x512.jpg 768w, https:\/\/www.radiopiu.net\/wordpress\/wp-content\/uploads\/2020\/09\/ITS-2019-5778-640x427.jpg 640w, https:\/\/www.radiopiu.net\/wordpress\/wp-content\/uploads\/2020\/09\/ITS-2019-5778.jpg 1500w\" sizes=\"auto, (max-width: 300px) 100vw, 300px\" \/><\/a>EQF (European Qualification Framework) &#8211; che ha valore legale e consente il riconoscimento di Crediti Formativi (CFU) spendibili in ogni Universit\u00e0, con tutti i requisiti per diventare Eyewear Product Manager.\u00a0L\u2019Eyewear Product Manager pu\u00f2 inserirsi con competenze e conoscenze nelle aree aziendali che si occupano della gestione di un occhiale o di una linea di occhiali, coordinandone tutte le fasi, dalla progettazione alla vendita.\u00a0E\u2019 una figura richiesta da un numero sempre maggiore di aziende: ad attestarlo la percentuale, che sfiora il 90%, di neo diplomati che siglano un contratto di lavoro entro 6 mesi dal conseguimento del titolo.\u00a0Per ogni ulteriore informazione, Vi invitiamo a contattare lo staff dell\u2019Area Formazione di Certottica allo 0437 573157, oppure via mail a <a href=\"mailto:formazione@certottica.it\">formazione@certottica.it<\/a>.\u00a0Per partecipare alla selezione, \u00e8 sufficiente compilare la domanda nell\u2019home page del sito https:\/\/www.itscosmo.it\/.<\/p>\n<p>&nbsp;<\/p>\n<hr \/>\n<p>&nbsp;<\/p>\n<blockquote>\n<h3>PISCINE COMUNALI DI PEDAVENA E SANTA GIUSTINA: APERTE LE ISCRIZIONI PER LA STAGIONE AUTUNNALE ED INVERNALE<\/h3>\n<\/blockquote>\n<p><b><a class=\"dt-pswp-item\" href=\"https:\/\/www.radiopiu.net\/wordpress\/wp-content\/uploads\/2019\/12\/NUOTO.jpeg\" data-dt-img-description=\"\" data-large_image_width=\"766\" data-large_image_height=\"588\"><img loading=\"lazy\" decoding=\"async\" class=\"size-medium wp-image-108447 alignleft\" src=\"https:\/\/www.radiopiu.net\/wordpress\/wp-content\/uploads\/2019\/12\/NUOTO-300x230.jpeg\" alt=\"\" width=\"300\" height=\"230\" srcset=\"https:\/\/www.radiopiu.net\/wordpress\/wp-content\/uploads\/2019\/12\/NUOTO-300x230.jpeg 300w, https:\/\/www.radiopiu.net\/wordpress\/wp-content\/uploads\/2019\/12\/NUOTO.jpeg 766w\" sizes=\"auto, (max-width: 300px) 100vw, 300px\" \/><\/a>SANTA GIUSTINA\u00a0<\/b>Sono aperte le iscrizioni alle diverse attivit\u00e0 natatorie offerte dalla societ\u00e0 Ondablu nelle piscine comunali di Pedavena e Santa Giustina per la stagione settembre 2020 \u2013 giugno 2021 e che inizieranno in entrambi gli impianti natatori il prossimo 21settembre.\u00a0Attivit\u00e0 baby 1-3 anni e 3-5 anni, l\u2019acqua e l\u2019attesa, corsi nuoto per bambini, ragazzi ed adulti, perfezionamento delle nuotate per bambini e adulti, attivit\u00e0 di propaganda e swim teen, attivit\u00e0 ginnico motorie in acqua (ginnastica in acqua, antalgica, acquabenessere, acquagym, acquatonic, acquacircuit, gymnuoto), attivit\u00e0 agonistica e masters sono tra le diverse attivit\u00e0 motorie e sportive\u00a0 che gli interessati possono trovare nei due impianti natatori per potersi tenere in salute ed in forma.\u00a0\u00a0Le piscine comunali di Pedavena e di Santa Giustina gestite dalla societ\u00e0 Ondablu sono state riaperte rispettivamente il 22 giugno ed il 1 luglio c.a. in ottemperanza delle disposizioni di cui al DPCM 17 maggio 2020, Ordinanza n. 59 del 13 giugno 2020 della Regione del Veneto e delle misure di sicurezza da adottare negli impianti sportivi dotati di piscina e palestra della FIN \u2013 Federazione Italiana Nuoto del 19 maggio 2020. Per una corretta applicazione di tali norme sono state predisposte per il personale dipendente e per i collaboratori sportivi una informativa sulla procedura operativa di gestione del rischio da Covid-19, nonch\u00e9 sono stati effettuati per gli stessi dei percorsi informativi e formativi in merito. Sono state inoltre predisposte le \u201cNorme di comportamento Covid-19\u201d specifiche per gli utenti, per i tecnici, gli istruttori ed assistenti bagnanti, per gli addetti alla segreteria e alle pulizie.\u00a0\u00a0Per informazioni ed approfondimenti si possono contattare le segreterie delle piscine di Pedavena (telefono 0439-302061) e di Santa Giustina (telefono 0437-888538), aperte dal luned\u00ec al venerd\u00ec dalle 16 alle 20, il mercoled\u00ec e sabato dalle 10.30 alle 12.30 oppure consultando il sito <a href=\"http:\/\/www.ondablu.org\">www.ondablu.org<\/a> ed i social Facebook \u201c<i>Ondablu piscine Pedavena<\/i> <i>e Santa Giustina\u201d<\/i> ed Instagram \u201c<i>Ondablu_piscine<\/i>\u201d.<\/p>\n<p>&nbsp;<\/p>\n<p>&nbsp;<\/p>\n<hr \/>\n<p>&nbsp;<\/p>\n<blockquote>\n<h3>DILLO A RADIO PIU&#8217;: ADDIZIONALE IRPEF PER AIUTARE POVERI, DISABILI E NON AUTOSUFFICIENTI<\/h3>\n<\/blockquote>\n<p><strong><a class=\"dt-pswp-item\" href=\"https:\/\/www.radiopiu.net\/wordpress\/wp-content\/uploads\/2016\/01\/logo-radiopic3b9.png\" data-dt-img-description=\"\" data-large_image_width=\"483\" data-large_image_height=\"374\"><img loading=\"lazy\" decoding=\"async\" class=\"size-medium wp-image-15787 alignleft\" src=\"https:\/\/www.radiopiu.net\/wordpress\/wp-content\/uploads\/2016\/01\/logo-radiopic3b9-300x232.png\" alt=\"\" width=\"300\" height=\"232\" \/><\/a>RADIO PIU&#8217;<\/strong> Riceviamo e pubblichiamo una lettera di Franco Piacentini.<\/p>\n<p><em><strong>LA LETTERA<\/strong><\/em><\/p>\n<p><em>Recentemente sono state sinteticamente divulgate dai mass-media, le proposte sindacali (dal sottoscritto condivisibili) indirizzate, dal Segretario Regionale della CGIL Veneto, ai candidati delle prossime elezioni regionali. Fra le sue proposte, opportunamente, Christian Ferrari, include l\u2019opportuna riproposizione dell\u2019addizionale IRPEF sui redditi pi\u00f9 alti dei contribuenti veneti. Un\u2019addizionale IRPEF che va interpretata ed applicata come una \u201ctassa di scopo\u201d, finalizzata ad interventi di solidariet\u00e0 per azioni di contrasto alle articolate e complesse povert\u00e0 venete e utilizzata, almeno, per ridurre la compartecipazione ai pesantissimi costi socio-assistenziali e sanitari, da sempre purtroppo, a carico delle famiglie con disabili e\/o con anziani non autosufficienti. Se l\u2019addizionale IRPEF sar\u00e0 reintrodotta come \u201ctassa di scopo\u201d e se, in questa campagna elettorale, i candidati al governo della regione, la presenteranno con le finalit\u00e0 sopra indicate, sono certo che nei loro confronti, non ci saranno particolari ripercussioni negative da parte degli elettori.<\/em><\/p>\n<p>&nbsp;<\/p>\n<p>&nbsp;<\/p>\n<hr \/>\n<p>&nbsp;<\/p>\n<div class=\"page-title-head hgroup\">\n<blockquote>\n<h3 class=\"entry-title\">VAIA 2018: 150MILA EURO A DISPOSIZIONE DEI PRIVATI<\/h3>\n<\/blockquote>\n<\/div>\n<p><img loading=\"lazy\" decoding=\"async\" class=\"wp-image-69396 alignleft jetpack-lazy-image jetpack-lazy-image--handled\" src=\"https:\/\/i2.wp.com\/www.radiopiu.net\/wordpress\/wp-content\/uploads\/2018\/12\/rocca.jpg?resize=167%2C125&amp;ssl=1\" sizes=\"auto, (max-width: 167px) 100vw, 167px\" srcset=\"https:\/\/i2.wp.com\/www.radiopiu.net\/wordpress\/wp-content\/uploads\/2018\/12\/rocca.jpg?resize=300%2C225&amp;ssl=1 300w, https:\/\/i2.wp.com\/www.radiopiu.net\/wordpress\/wp-content\/uploads\/2018\/12\/rocca.jpg?resize=768%2C576&amp;ssl=1 768w, https:\/\/i2.wp.com\/www.radiopiu.net\/wordpress\/wp-content\/uploads\/2018\/12\/rocca.jpg?w=1024&amp;ssl=1 1024w\" alt=\"\" width=\"167\" height=\"125\" data-recalc-dims=\"1\" data-lazy-loaded=\"1\" \/><strong>ROCCA PIETORE<\/strong>\u00a0 Il Comune di Rocca Pietore ha comunicato la cifra a disposizione per ristorare i privati che hanno subito danni tra il 27 ottobre e il 5 novembre 2018. Si tratta di una somma complessiva di 150mila euro provenienti da donazioni di privati o associazioni. I beneficiari sono i proprietari di immobili residenti ell\u2019intero territorio comunale. Il termine della presentazione delle domande \u00e8 stato fissato al 15 ottobre. Le domande vanno presentate all\u2019ufficio protocollo del Comune, oppure per posta con raccomandata o tramite posta certificata.\u00a0 Tutta la documentazione per il bando \u00e8 disponibili sulla home Page del Comune di Rocca Pietore e nella Sezione Amministrazione Trasparente\/ Bandi di gara e contratti\/del sito del Comune di Rocca Pietore https:\/\/www.comune.roccapietore.bl.it\/<\/p>\n<p>&nbsp;<\/p>\n<hr \/>\n<p>&nbsp;<\/p>\n<blockquote>\n<h3>AL VIA IL CONCORSO &#8220;TRAZIONE E CULTURA IN VAL DEL BIOIS&#8221;<\/h3>\n<\/blockquote>\n<p><strong>FALCADE\u00a0<\/strong>E&#8217; partito il concorso fotografico &#8220;Tradizione e Cultura in Val del Biois&#8221;, promosso da PromoFalcade Dolomiti in collaborazione con Gruppo Folk Val Biois e Union ladina Val Biois, per Se Desmonteghea 2020. Il concorso \u00e8 aperto a tutti gli appassionati oltre i 18 anni, che dovranno rappresentare tramite le proprie foto i colori, gli angoli, i vestiti, gli animali di Falcade e di tutta la Valle del Biois. Vi invitiamo a leggere il regolamento su <span role=\"gridcell\"><a class=\"oajrlxb2 g5ia77u1 qu0x051f esr5mh6w e9989ue4 r7d6kgcz rq0escxv nhd2j8a9 nc684nl6 p7hjln8o kvgmc6g5 cxmmr5t8 oygrvhab hcukyx3x jb3vyjys rz4wbd8a qt6c0cv9 a8nywdso i1ao9s8h oo483o9r f1sip0of lzcic4wl pipptul6 gpro0wi8\" tabindex=\"0\" role=\"link\" href=\"https:\/\/l.facebook.com\/l.php?u=https%3A%2F%2Ftap.bio%2F%40falcade_dolomiti%3Ffbclid%3DIwAR37I8zIsOS0DoBb1Ao9jVHG1VYjooYKl6qPLTlDzKCN4osmEoRhtR-KtUY&amp;h=AT0X5y7yv71lRixq4bQlWkrt0VpzdP85QfaCsnU6JWLe1MTzTujy6md3s8SEWEajsam9XfNDuh7_YHKuwwSJcZ7jsbRO4umXM6EETMXwrhNjcGLxgsSGN22dUQ3GtqR5XAoEASa5\" target=\"_blank\" rel=\"nofollow noopener noreferrer\">https:\/\/tap.bio\/@falcade_dolomiti<\/a><\/span> e vi auguriamo buona fortuna. Info e regolamento: <span role=\"gridcell\"><a class=\"oajrlxb2 g5ia77u1 qu0x051f esr5mh6w e9989ue4 r7d6kgcz rq0escxv nhd2j8a9 nc684nl6 p7hjln8o kvgmc6g5 cxmmr5t8 oygrvhab hcukyx3x jb3vyjys rz4wbd8a qt6c0cv9 a8nywdso i1ao9s8h oo483o9r f1sip0of lzcic4wl pipptul6 gpro0wi8\" tabindex=\"0\" role=\"link\" href=\"https:\/\/l.facebook.com\/l.php?u=https%3A%2F%2Ftap.bio%2F%40falcade_dolomiti%3Ffbclid%3DIwAR1bz6pGSZFGmz95s2-QKDHIRBjeUXSL1ED5banaduf1gsSVaO4VocaCLNs&amp;h=AT0X5y7yv71lRixq4bQlWkrt0VpzdP85QfaCsnU6JWLe1MTzTujy6md3s8SEWEajsam9XfNDuh7_YHKuwwSJcZ7jsbRO4umXM6EETMXwrhNjcGLxgsSGN22dUQ3GtqR5XAoEASa5\" target=\"_blank\" rel=\"nofollow noopener noreferrer\">https:\/\/tap.bio\/@falcade_dolomiti<\/a><\/span><\/p>\n<p>&nbsp;<\/p>\n<p>&nbsp;<\/p>\n<hr \/>\n<p>&nbsp;<\/p>\n<blockquote>\n<h3>CARLO RIZZARDA. E\u2019 L\u2019ARTISTA FELTRINO MASTRO FERRAIO, SPECIALISTA LIBERTY<\/h3>\n<\/blockquote>\n<p><strong><a class=\"dt-pswp-item\" href=\"https:\/\/www.radiopiu.net\/wordpress\/wp-content\/uploads\/2019\/08\/553085_385905871470280_1626001170_n.jpg\" data-dt-img-description=\"\" data-large_image_width=\"855\" data-large_image_height=\"569\"><img loading=\"lazy\" decoding=\"async\" class=\" wp-image-94070 alignleft\" src=\"https:\/\/www.radiopiu.net\/wordpress\/wp-content\/uploads\/2019\/08\/553085_385905871470280_1626001170_n-300x200.jpg\" alt=\"\" width=\"143\" height=\"95\" \/><\/a>di\u00a0Renato\u00a0<\/strong><b>Bona\u00a0<\/b><\/p>\n<p>\u201cArtista, mastro ferraio specialista nello stile liberty\u201d. Cos\u00ec la libera enciclopedia Wikipedia sintetizza la figura di Carlo Rizzarda, nato a Feltre il 23 gennaio 1883 e mancato nella citt\u00e0 natale il 4 maggio del 1931. Quindi aggiunge: \u201cQuarto figlio di Luigi e Tommasina Saccari, trascorse l\u2019infanzia presso lo storico palazzo D\u2019Antona in via Mezzaterra, dove il padre aveva l\u2019officina di carradore, artigiano che costruisce e ripara i carri agricoli e carrozze da traino\u201d. E specifica: A 16 anni inizi\u00f2 a lavorare presso un fabbro di Farra e a frequentare una scuola serale di disegno, dove vinse un premio come miglior allievo nel corso di disegno industriale. Per quattro anni fu allievo del professor Giacomo Andolfatto. Nel 1904 vinse una borsa di studio a Milano che gli permise di essere assunto nell\u2019officina artistica del celebre maestro ferraio Alessandro Mazzucotelli. Ancora il profilo di Carlo Rizzarda: \u201cNel 1905 si iscrisse alla scuola di disegno promossa dalla Societ\u00e0 umanitaria, all\u2019epoca gestita da Eugenio Quarti e con Mazzucotelli come professore per il corso di fabbri-oratisti. In quegli anni frequent\u00f2 anche il corso di stilistica presso l\u2019accademia di Belle arti di Brera con il professor Osimo. Dal 1907 al 1911 insegn\u00f2 disegno a Milano e Lodi. Nel 1911 acquist\u00f2 insieme a un collega il laboratorio di Giuseppe Marinoni, che si trovava nella via Cappuccini 15, dando vita alla nuova ditta \u2018Officina costruzioni in ferro\u2019\u201d. Nel 1916 il nostro part\u00ec volontario per la prima guerra mondiale e fu solo al suo rientro che riprese l\u2019attivit\u00e0 artistica, prima collaborando con la ditta Bernotti e poi decidendo di fondare una societ\u00e0 propria nel 1919. L\u2019apice della sua affermazione artistica e della sua bottega l\u2019ebbe nel 1923 alla Biennale delle Arti decorative di Monza\u201d. Va aggiunto che partecipando a numerose esposizioni in tutto il mondo, il feltrino divenne famoso anche in Sudamerica e nel 1925 gli fu commissionata la realizzazione della cancellata in bronzo e ferro battuto per la basilica di Nostra Signora della Mercede a Buenos Aires. Carlo Rizzarda mor\u00ec nel 1931 a seguito di un incidente stradale e fu sepolto a Feltre nella tomba che aveva fatto costruire per i genitori che peraltro morirono dopo di lui. A seguito della sua scomparsa, il Comune di Feltre eredit\u00f2 tutte le sue propriet\u00e0: palazzo e collezione d\u2019arte, e proprio da questo lascito ha avuto origine la Galleria d\u2019arte moderna Carlo Rizzarda. In proposito, Stefania Cretella nel volume 87 del 2016 del Dizionario biografico degli italiani puntualizza: \u201c\u2026 Nel 1926 Rizzarda acquist\u00f2 il cinquecentesco palazzo della famiglia Cumano a Feltre con l\u2019intenzione di crearvi un museo dedicato alle arti figurative. Espresse le proprie volont\u00e0 nel testamento redatto nel 1929, nel quale dichiarava di voler lasciare il palazzo e le sue raccolte d\u2019arte al Comune di Feltre, incaricando l\u2019architetto Alpago Novello del restauro e della trasformazione dell\u2019edificio in museo. Oltre alle opere originali dell\u2019artista realizzate a partire dal 1910, il lascito comprendeva disegni, progetti e fotografie dei suoi lavori, i libri della sua biblioteca personale, quadri, mobili e opere d\u2019arte decorative acquistate o ricevute in dono da diversi autori italiani. La Galleria Rizzarda sarebbe stata inaugurata nel 1938\u201d. Parla anche del padre Luigi, carradore, che \u201caveva frequentato i corsi di pittura di Antonio Crico tenuti nella scuola di disegno per artieri di Feltre e negli anni Settanta aveva ottenuto la medaglia d\u2019argento come modellatore di scultura in creta\u201d il che le fa dire che \u201cCarlo crebbe quindi in un ambiente modesto ma non del tutto estraneo alle inclinazioni artistiche e, seguendo l\u2019esempio paterno, si iscrisse ai corsi della scuola di disegno e plastica tenuti da Pietro Malliani. Nel 1896 si aggiudic\u00f2 un premio per studi in disegno industriale. Dopo un breve apprendistato presso un fabbro di Castel Tesino, nel settembre 1899 trov\u00f2 lavoro come fabbro ferraio forgiatore e aggiustatore presso Patrizio Bertolin, proprietario di un\u2019officina a Farra di Feltre. Nell\u2019autunno 1900 riprese gli studi iscrivendosi alla scuola industriale di disegno e plastica diretta da Giacomo Andolfatto. Nel 1902 gli venne assegnato il primo premio per la sezione disegno industriale e nel 1903 il primo premio per la sezione speciale del secondo corso, insieme a Umberto Celli. Ultimata la scuola, nel 1904 si trasfer\u00ec a Milano, finanziato da una borsa di studio per giovani artisti elargita dal governo italiano e ottenuta grazie all\u2019intervento dell\u2019onorevole Guido Fusinato, deputato alla Camera per la circoscrizione di Feltre. Si iscrisse alla scuola di disegno della Societ\u00e0 Umanitaria e il 16 maggio inizi\u00f2 un apprendistato presso l\u2019officina d\u2019arte di Alessandro Mazzucotelli. I rapporti tra maestro e allievo si fecero ben presto molto stretti, tanto da rendere spesso difficile riconoscere con esattezza le opere ideate e realizzate dai due artisti\u2026\u201d. Ancora: \u201cNonostante l\u2019intensa attivit\u00e0 espositiva e le numerose commissioni ricevute, Rizzarda non rinunci\u00f2 all\u2019insegnamento, accettando di tenere i corsi di disegno e lavoro di officine presso la scuola serale professionale di Lodi, incarico iniziato nel novembre 1923 e mantenuto fino alla morte. Numerosissime le rassegne, anche a livello internazionale, cui partecip\u00f2 il maestro feltrino La Cretella in proposito ricorda fra l\u2019altro che \u201cNel 1924 prese parte alla XIV esposizione internazionale d\u2019arte di Venezia, proponendo alcuni ferri battuti all\u2019interno della mostra dei \u2018Sei pittori del \u2018900\u2019. Nello stesso anno alcune sue opere furono selezionate da Giulio Aristide Sartorio per partecipare alla traversata atlantica della regia nave Italia, una sorta di fiera campionaria itinerante organizzata dal governo fascista per propagandare l\u2019arte e l\u2019industria italiane in 13 Paesi dell\u2019America latina. Probabilmente proprio grazie a questa partecipazione Rizzarda divenne noto anche in Sudamerica e nel 1925 realizz\u00f2 la cancellata in bronzo e ferro battuto per la basilica di Nostra signora della Mercede a Buenos Aires\u2026\u201d. L\u2019ultima esposizione cui prese parte il feltrino fu la Mostra d\u2019arte sacra tenutasi a Padova nel 1931.<\/p>\n\n\t\t\t<style type='text\/css'>\n\t\t\t\t#gallery-2 {\n\t\t\t\t\tmargin: auto;\n\t\t\t\t}\n\t\t\t\t#gallery-2 .gallery-item {\n\t\t\t\t\tfloat: left;\n\t\t\t\t\tmargin-top: 10px;\n\t\t\t\t\ttext-align: center;\n\t\t\t\t\twidth: 20%;\n\t\t\t\t}\n\t\t\t\t#gallery-2 img {\n\t\t\t\t\tborder: 2px solid #cfcfcf;\n\t\t\t\t}\n\t\t\t\t#gallery-2 .gallery-caption {\n\t\t\t\t\tmargin-left: 0;\n\t\t\t\t}\n\t\t\t\t\/* see gallery_shortcode() in wp-includes\/media.php *\/\n\t\t\t<\/style>\n\t\t<div id='gallery-2' class='dt-gallery-container gallery galleryid-158790 gallery-columns-5 gallery-size-thumbnail'><dl class='gallery-item'>\n\t\t\t\t<dt class='gallery-icon portrait'>\n\t\t\t\t\t<a class=\"rollover\" href='https:\/\/www.radiopiu.net\/wordpress\/carlo-rizzarda-e-lartista-feltrino-mastro-ferraio-specialista-liberty-di-renato-bona\/118710409_925981217896769_5569588822988102168_n\/'><img loading=\"lazy\" decoding=\"async\" width=\"150\" height=\"150\" src=\"https:\/\/www.radiopiu.net\/wordpress\/wp-content\/uploads\/2020\/09\/118710409_925981217896769_5569588822988102168_n-150x150.jpg\" class=\"attachment-thumbnail size-thumbnail\" alt=\"\" srcset=\"https:\/\/www.radiopiu.net\/wordpress\/wp-content\/uploads\/2020\/09\/118710409_925981217896769_5569588822988102168_n-150x150.jpg 150w, https:\/\/www.radiopiu.net\/wordpress\/wp-content\/uploads\/2020\/09\/118710409_925981217896769_5569588822988102168_n-125x125.jpg 125w, https:\/\/www.radiopiu.net\/wordpress\/wp-content\/uploads\/2020\/09\/118710409_925981217896769_5569588822988102168_n-200x200.jpg 200w, https:\/\/www.radiopiu.net\/wordpress\/wp-content\/uploads\/2020\/09\/118710409_925981217896769_5569588822988102168_n-80x80.jpg 80w\" sizes=\"auto, (max-width: 150px) 100vw, 150px\" \/><\/a>\n\t\t\t\t<\/dt><\/dl><dl class='gallery-item'>\n\t\t\t\t<dt class='gallery-icon portrait'>\n\t\t\t\t\t<a class=\"rollover\" href='https:\/\/www.radiopiu.net\/wordpress\/carlo-rizzarda-e-lartista-feltrino-mastro-ferraio-specialista-liberty-di-renato-bona\/118766587_2767095700228771_5781888569236961173_n\/'><img loading=\"lazy\" decoding=\"async\" width=\"150\" height=\"150\" src=\"https:\/\/www.radiopiu.net\/wordpress\/wp-content\/uploads\/2020\/09\/118766587_2767095700228771_5781888569236961173_n-150x150.jpg\" class=\"attachment-thumbnail size-thumbnail\" alt=\"\" srcset=\"https:\/\/www.radiopiu.net\/wordpress\/wp-content\/uploads\/2020\/09\/118766587_2767095700228771_5781888569236961173_n-150x150.jpg 150w, https:\/\/www.radiopiu.net\/wordpress\/wp-content\/uploads\/2020\/09\/118766587_2767095700228771_5781888569236961173_n-125x125.jpg 125w, https:\/\/www.radiopiu.net\/wordpress\/wp-content\/uploads\/2020\/09\/118766587_2767095700228771_5781888569236961173_n-200x200.jpg 200w, https:\/\/www.radiopiu.net\/wordpress\/wp-content\/uploads\/2020\/09\/118766587_2767095700228771_5781888569236961173_n-80x80.jpg 80w\" sizes=\"auto, (max-width: 150px) 100vw, 150px\" \/><\/a>\n\t\t\t\t<\/dt><\/dl><dl class='gallery-item'>\n\t\t\t\t<dt class='gallery-icon portrait'>\n\t\t\t\t\t<a class=\"rollover\" href='https:\/\/www.radiopiu.net\/wordpress\/carlo-rizzarda-e-lartista-feltrino-mastro-ferraio-specialista-liberty-di-renato-bona\/118547911_1582657788604058_8433471187246460935_n\/'><img loading=\"lazy\" decoding=\"async\" width=\"150\" height=\"150\" src=\"https:\/\/www.radiopiu.net\/wordpress\/wp-content\/uploads\/2020\/09\/118547911_1582657788604058_8433471187246460935_n-150x150.jpg\" class=\"attachment-thumbnail size-thumbnail\" alt=\"\" srcset=\"https:\/\/www.radiopiu.net\/wordpress\/wp-content\/uploads\/2020\/09\/118547911_1582657788604058_8433471187246460935_n-150x150.jpg 150w, https:\/\/www.radiopiu.net\/wordpress\/wp-content\/uploads\/2020\/09\/118547911_1582657788604058_8433471187246460935_n-125x125.jpg 125w, https:\/\/www.radiopiu.net\/wordpress\/wp-content\/uploads\/2020\/09\/118547911_1582657788604058_8433471187246460935_n-200x200.jpg 200w, https:\/\/www.radiopiu.net\/wordpress\/wp-content\/uploads\/2020\/09\/118547911_1582657788604058_8433471187246460935_n-80x80.jpg 80w\" sizes=\"auto, (max-width: 150px) 100vw, 150px\" \/><\/a>\n\t\t\t\t<\/dt><\/dl><dl class='gallery-item'>\n\t\t\t\t<dt class='gallery-icon landscape'>\n\t\t\t\t\t<a class=\"rollover\" href='https:\/\/www.radiopiu.net\/wordpress\/carlo-rizzarda-e-lartista-feltrino-mastro-ferraio-specialista-liberty-di-renato-bona\/118731764_518432378973257_6423175610204947596_n\/'><img loading=\"lazy\" decoding=\"async\" width=\"150\" height=\"150\" src=\"https:\/\/www.radiopiu.net\/wordpress\/wp-content\/uploads\/2020\/09\/118731764_518432378973257_6423175610204947596_n-150x150.jpg\" class=\"attachment-thumbnail size-thumbnail\" alt=\"\" srcset=\"https:\/\/www.radiopiu.net\/wordpress\/wp-content\/uploads\/2020\/09\/118731764_518432378973257_6423175610204947596_n-150x150.jpg 150w, https:\/\/www.radiopiu.net\/wordpress\/wp-content\/uploads\/2020\/09\/118731764_518432378973257_6423175610204947596_n-125x125.jpg 125w, https:\/\/www.radiopiu.net\/wordpress\/wp-content\/uploads\/2020\/09\/118731764_518432378973257_6423175610204947596_n-200x200.jpg 200w, https:\/\/www.radiopiu.net\/wordpress\/wp-content\/uploads\/2020\/09\/118731764_518432378973257_6423175610204947596_n-80x80.jpg 80w\" sizes=\"auto, (max-width: 150px) 100vw, 150px\" \/><\/a>\n\t\t\t\t<\/dt><\/dl><dl class='gallery-item'>\n\t\t\t\t<dt class='gallery-icon landscape'>\n\t\t\t\t\t<a class=\"rollover\" href='https:\/\/www.radiopiu.net\/wordpress\/carlo-rizzarda-e-lartista-feltrino-mastro-ferraio-specialista-liberty-di-renato-bona\/118761830_329058804813599_1837395759044795586_n\/'><img loading=\"lazy\" decoding=\"async\" width=\"150\" height=\"150\" src=\"https:\/\/www.radiopiu.net\/wordpress\/wp-content\/uploads\/2020\/09\/118761830_329058804813599_1837395759044795586_n-150x150.jpg\" class=\"attachment-thumbnail size-thumbnail\" alt=\"\" srcset=\"https:\/\/www.radiopiu.net\/wordpress\/wp-content\/uploads\/2020\/09\/118761830_329058804813599_1837395759044795586_n-150x150.jpg 150w, https:\/\/www.radiopiu.net\/wordpress\/wp-content\/uploads\/2020\/09\/118761830_329058804813599_1837395759044795586_n-125x125.jpg 125w, https:\/\/www.radiopiu.net\/wordpress\/wp-content\/uploads\/2020\/09\/118761830_329058804813599_1837395759044795586_n-80x80.jpg 80w\" sizes=\"auto, (max-width: 150px) 100vw, 150px\" \/><\/a>\n\t\t\t\t<\/dt><\/dl><br style=\"clear: both\" \/><dl class='gallery-item'>\n\t\t\t\t<dt class='gallery-icon landscape'>\n\t\t\t\t\t<a class=\"rollover\" href='https:\/\/www.radiopiu.net\/wordpress\/carlo-rizzarda-e-lartista-feltrino-mastro-ferraio-specialista-liberty-di-renato-bona\/118762232_341501563895913_2954445995563887928_n\/'><img loading=\"lazy\" decoding=\"async\" width=\"150\" height=\"150\" src=\"https:\/\/www.radiopiu.net\/wordpress\/wp-content\/uploads\/2020\/09\/118762232_341501563895913_2954445995563887928_n-150x150.jpg\" class=\"attachment-thumbnail size-thumbnail\" alt=\"\" srcset=\"https:\/\/www.radiopiu.net\/wordpress\/wp-content\/uploads\/2020\/09\/118762232_341501563895913_2954445995563887928_n-150x150.jpg 150w, https:\/\/www.radiopiu.net\/wordpress\/wp-content\/uploads\/2020\/09\/118762232_341501563895913_2954445995563887928_n-125x125.jpg 125w, https:\/\/www.radiopiu.net\/wordpress\/wp-content\/uploads\/2020\/09\/118762232_341501563895913_2954445995563887928_n-80x80.jpg 80w\" sizes=\"auto, (max-width: 150px) 100vw, 150px\" \/><\/a>\n\t\t\t\t<\/dt><\/dl><dl class='gallery-item'>\n\t\t\t\t<dt class='gallery-icon landscape'>\n\t\t\t\t\t<a class=\"rollover\" href='https:\/\/www.radiopiu.net\/wordpress\/carlo-rizzarda-e-lartista-feltrino-mastro-ferraio-specialista-liberty-di-renato-bona\/118698591_632979724011933_4143310578741037781_n\/'><img loading=\"lazy\" decoding=\"async\" width=\"150\" height=\"150\" src=\"https:\/\/www.radiopiu.net\/wordpress\/wp-content\/uploads\/2020\/09\/118698591_632979724011933_4143310578741037781_n-150x150.jpg\" class=\"attachment-thumbnail size-thumbnail\" alt=\"\" srcset=\"https:\/\/www.radiopiu.net\/wordpress\/wp-content\/uploads\/2020\/09\/118698591_632979724011933_4143310578741037781_n-150x150.jpg 150w, https:\/\/www.radiopiu.net\/wordpress\/wp-content\/uploads\/2020\/09\/118698591_632979724011933_4143310578741037781_n-125x125.jpg 125w, https:\/\/www.radiopiu.net\/wordpress\/wp-content\/uploads\/2020\/09\/118698591_632979724011933_4143310578741037781_n-80x80.jpg 80w\" sizes=\"auto, (max-width: 150px) 100vw, 150px\" \/><\/a>\n\t\t\t\t<\/dt><\/dl><dl class='gallery-item'>\n\t\t\t\t<dt class='gallery-icon landscape'>\n\t\t\t\t\t<a class=\"rollover\" href='https:\/\/www.radiopiu.net\/wordpress\/carlo-rizzarda-e-lartista-feltrino-mastro-ferraio-specialista-liberty-di-renato-bona\/118762602_402615524042150_1196813675517573069_n\/'><img loading=\"lazy\" decoding=\"async\" width=\"150\" height=\"150\" src=\"https:\/\/www.radiopiu.net\/wordpress\/wp-content\/uploads\/2020\/09\/118762602_402615524042150_1196813675517573069_n-150x150.jpg\" class=\"attachment-thumbnail size-thumbnail\" alt=\"\" srcset=\"https:\/\/www.radiopiu.net\/wordpress\/wp-content\/uploads\/2020\/09\/118762602_402615524042150_1196813675517573069_n-150x150.jpg 150w, https:\/\/www.radiopiu.net\/wordpress\/wp-content\/uploads\/2020\/09\/118762602_402615524042150_1196813675517573069_n-125x125.jpg 125w, https:\/\/www.radiopiu.net\/wordpress\/wp-content\/uploads\/2020\/09\/118762602_402615524042150_1196813675517573069_n-80x80.jpg 80w\" sizes=\"auto, (max-width: 150px) 100vw, 150px\" \/><\/a>\n\t\t\t\t<\/dt><\/dl><dl class='gallery-item'>\n\t\t\t\t<dt class='gallery-icon landscape'>\n\t\t\t\t\t<a class=\"rollover\" href='https:\/\/www.radiopiu.net\/wordpress\/carlo-rizzarda-e-lartista-feltrino-mastro-ferraio-specialista-liberty-di-renato-bona\/118768164_646790452637478_3382730504077270652_n\/'><img loading=\"lazy\" decoding=\"async\" width=\"150\" height=\"150\" src=\"https:\/\/www.radiopiu.net\/wordpress\/wp-content\/uploads\/2020\/09\/118768164_646790452637478_3382730504077270652_n-150x150.jpg\" class=\"attachment-thumbnail size-thumbnail\" alt=\"\" srcset=\"https:\/\/www.radiopiu.net\/wordpress\/wp-content\/uploads\/2020\/09\/118768164_646790452637478_3382730504077270652_n-150x150.jpg 150w, https:\/\/www.radiopiu.net\/wordpress\/wp-content\/uploads\/2020\/09\/118768164_646790452637478_3382730504077270652_n-125x125.jpg 125w, https:\/\/www.radiopiu.net\/wordpress\/wp-content\/uploads\/2020\/09\/118768164_646790452637478_3382730504077270652_n-200x200.jpg 200w, https:\/\/www.radiopiu.net\/wordpress\/wp-content\/uploads\/2020\/09\/118768164_646790452637478_3382730504077270652_n-80x80.jpg 80w\" sizes=\"auto, (max-width: 150px) 100vw, 150px\" \/><\/a>\n\t\t\t\t<\/dt><\/dl><dl class='gallery-item'>\n\t\t\t\t<dt class='gallery-icon portrait'>\n\t\t\t\t\t<a class=\"rollover\" href='https:\/\/www.radiopiu.net\/wordpress\/carlo-rizzarda-e-lartista-feltrino-mastro-ferraio-specialista-liberty-di-renato-bona\/118716778_656261285278293_4411962628823128746_n\/'><img loading=\"lazy\" decoding=\"async\" width=\"150\" height=\"150\" src=\"https:\/\/www.radiopiu.net\/wordpress\/wp-content\/uploads\/2020\/09\/118716778_656261285278293_4411962628823128746_n-150x150.jpg\" class=\"attachment-thumbnail size-thumbnail\" alt=\"\" srcset=\"https:\/\/www.radiopiu.net\/wordpress\/wp-content\/uploads\/2020\/09\/118716778_656261285278293_4411962628823128746_n-150x150.jpg 150w, https:\/\/www.radiopiu.net\/wordpress\/wp-content\/uploads\/2020\/09\/118716778_656261285278293_4411962628823128746_n-125x125.jpg 125w, https:\/\/www.radiopiu.net\/wordpress\/wp-content\/uploads\/2020\/09\/118716778_656261285278293_4411962628823128746_n-200x200.jpg 200w, https:\/\/www.radiopiu.net\/wordpress\/wp-content\/uploads\/2020\/09\/118716778_656261285278293_4411962628823128746_n-80x80.jpg 80w\" sizes=\"auto, (max-width: 150px) 100vw, 150px\" \/><\/a>\n\t\t\t\t<\/dt><\/dl><br style=\"clear: both\" \/>\n\t\t\t<\/div>\n\n<p>NELLE FOTO (wikipedia, siti lagazzettadell\u2019antiquariato.it e musei.comune.feltre.bl.it): varie espressioni di Carlo Rizzarda; esterni ed interno della Galleria d\u2019arte moderna di Feltre; alcune opere del maestro feltrino; copertina del libro che gli ha dedicato la prof. Annapaola Zugni Tauro<\/p>\n<p>&nbsp;<\/p>\n<p>&nbsp;<\/p>\n<hr \/>\n<p>&nbsp;<\/p>\n<p><a class=\"dt-pswp-item\" href=\"https:\/\/www.radiopiu.net\/wordpress\/wp-content\/uploads\/2018\/09\/appuntamenti.jpeg\" data-dt-img-description=\"\" data-large_image_width=\"800\" data-large_image_height=\"100\"><img loading=\"lazy\" decoding=\"async\" class=\"aligncenter wp-image-61958 size-full\" src=\"https:\/\/www.radiopiu.net\/wordpress\/wp-content\/uploads\/2018\/09\/appuntamenti.jpeg\" alt=\"\" width=\"800\" height=\"100\" srcset=\"https:\/\/www.radiopiu.net\/wordpress\/wp-content\/uploads\/2018\/09\/appuntamenti.jpeg 800w, https:\/\/www.radiopiu.net\/wordpress\/wp-content\/uploads\/2018\/09\/appuntamenti-300x38.jpeg 300w, https:\/\/www.radiopiu.net\/wordpress\/wp-content\/uploads\/2018\/09\/appuntamenti-768x96.jpeg 768w\" sizes=\"auto, (max-width: 800px) 100vw, 800px\" \/><\/a><\/p>\n<p>&nbsp;<\/p>\n<blockquote>\n<h3>NUOVI ORARI PER LE VISTE AL CASTELLO DI ANDRAZ<\/h3>\n<\/blockquote>\n<p>Il Castello di Andraz, fino al 13 settembre, sar\u00e0 visitabile dal mercoled\u00ec alla domenica dalle 10 alle 12:30 e dalle 14:30 alle 18. Le visite guidate o libere vanno prenotate al 334 33 46 680 o via mail a info@castellodiandraz.it<\/p>\n<p>&nbsp;<\/p>\n<p>&nbsp;<\/p>\n<hr \/>\n<p>&nbsp;<\/p>\n<blockquote>\n<h3>ARTIGIANI IN MOSTRA AI CADINI DEL BRENTON<\/h3>\n<\/blockquote>\n<p><strong>SOSPIROLO<\/strong> Nei fine settimana di agosto e settembre i visitatori potranno vedere all\u2019opera un artigiano. Alterneranno la loro presenza nell\u2019area dei Cadini: Dario Sogmaister, che realizza mosaici utilizzando sassi colorati raccolti dal greto del Piave; Ilenia Gaio, che produce saponi artigianali, ottenuti con materie prime naturali e rivestiti con lana infeltrita e colorata; Luciano De Barba, che crea sculture in legno e terracotta e produce complementi di arredo utilizzando legno vecchio. A settembre \u00e8 prevista la partecipazione di altri artigiani del circuito Carta Qualit\u00e0.<\/p>\n<p>&nbsp;<\/p>\n<hr \/>\n<div>\n<h3><\/h3>\n<blockquote>\n<h3>&#8220;Letture d&#8217;estate&#8221;, organizzata in collaborazione con le Biblioteche della Valle del Biois:<\/h3>\n<\/blockquote>\n<div><b><i>Venerd\u00ec 4 settembre, alle ore 20.30 presso la Sala agli Emigranti di via Lotta a Canale d&#8217;Agordo <\/i><\/b>Diego Baroni con &#8220;Ester delle montagne&#8221;. Presenter\u00e0 la serata e dialogher\u00e0 con l&#8217;autore Marilisa Luchetta.<\/div>\n<div><b><i>Sabato 12 settembre, alle ore 20.30 presso la Sala agli Emigranti di via Lotta a Canale d&#8217;Agordo <\/i><\/b>Nicola Scodro con &#8220;Naufragi di un&#8217;illusione&#8221;. Letture dell&#8217;autore ed intervento di Althea Ronzani<\/div>\n<blockquote>\n<div><em>Per la partecipazione agli eventi si raccomanda la<u> prenotazione allo 0437 1948030 <\/u>(e-mail: info@prolococanale.it) oppure direttamente alla reception dell&#8217;ufficio informazioni presso il Museo Albino Luciani di Canale d&#8217;Agordo.<\/em><\/div>\n<\/blockquote>\n<\/div>\n<p>&nbsp;<\/p>\n<hr \/>\n<p>&nbsp;<\/p>\n<blockquote>\n<h3>OTTAVIO ROSSI PROPHETA IN PATRIA<\/h3>\n<\/blockquote>\n<p><strong>SAN TOMASO<\/strong> \u201cEn giro per Zelat\u201d:\u00a0 riproduzioni artistiche tra le architetture di montagna. Le tappe con partenza ed arrivo a Celat. Organizzazione della Pro Loco di San Tomaso con il contributo della Cassa Rurale Dolomiti di Fassa Primiero e Belluno.<\/p>\n<p>&nbsp;<\/p>\n<hr \/>\n<p>&nbsp;<\/p>\n<blockquote>\n<h3>IL CIRCO PATUF A\u00a0 CESIOMAGGIORE FINO AL 5 SETTEMBRE<\/h3>\n<\/blockquote>\n<p><b>CESIOMAGGIORE <\/b>La carovana \u00e8 a Cesiomaggiore dove proporr\u00e0 gli spettacoli alle 21.15, la domenica anche alle 18.30<\/p>\n<p>&nbsp;<\/p>\n<hr \/>\n<blockquote>\n<h3><\/h3>\n<\/blockquote>\n<blockquote>\n<h3>EL CANAL DE AGORDO<\/h3>\n<\/blockquote>\n<p><strong>AGORDO<\/strong> Scavare nel passato, storia ed archeologia da San Gottardo a Pont del Cristo. La mostra \u00e8 allestita al Museo mineralogico e paleontologico di via 5 maggio con ingresso libero. Fino al 6 settembre il venerdi, sabato e domenica dalle 10 alle 12.30 e dalle 16 alle 19. Info: archeoagordo.arca@gmail.com<\/p>\n<p>&nbsp;<\/p>\n<hr \/>\n<p>&nbsp;<\/p>\n<blockquote>\n<h3>A CANALE E VALLADA MOSTRE INCONTRI\u00a0 E MUSEI<\/h3>\n<\/blockquote>\n<p><strong><span style=\"color: #000000;\"><span style=\"font-family: Arial, sans-serif;\"><span style=\"font-size: small;\"><span lang=\"it-IT\">Presso il Musal<\/span><\/span><\/span><\/span><span style=\"color: #000000;\"><span style=\"font-family: Arial, sans-serif;\"><span style=\"font-size: small;\"><span lang=\"it-IT\">,<\/span><\/span><\/span><\/span><\/strong> <span style=\"color: #000000;\"><span style=\"font-family: Arial, sans-serif;\"><span style=\"font-size: small;\"><span lang=\"it-IT\">fino al 28 settembre <\/span><\/span><\/span><\/span><span style=\"color: #000000;\"><span style=\"font-family: Arial, sans-serif;\"><span style=\"font-size: small;\"><span lang=\"it-IT\">(fino al 13 settembre tutti i giorni 9.30-12.30; 15.30-18.30; dal 14 settembre: venerd\u00ec, sabato e domenica 9.00-12.00; 15.00-18.00), \u00e8 visitabile la mostra <\/span><\/span><\/span><\/span><span style=\"color: #000000;\"><span style=\"font-family: Arial, sans-serif;\"><span style=\"font-size: small;\"><span lang=\"it-IT\"><i>Gli ultimi papi europei: itinerari tra i paesi natali degli ultimi pontefici<\/i><\/span><\/span><\/span><\/span><span style=\"color: #000000;\"><span style=\"font-family: Arial, sans-serif;\"><span style=\"font-size: small;\"><span lang=\"it-IT\"><i>. <\/i><\/span><\/span><\/span><\/span><\/p>\n<p>&nbsp;<\/p>\n<hr \/>\n<blockquote>\n<h2 class=\"tw-data-text tw-text-large XcVN5d tw-ta\" dir=\"ltr\" data-placeholder=\"Traduzione\"><span lang=\"en\">appointments recommended by radio pi\u00f9<\/span><\/h2>\n<\/blockquote>\n\n\t\t\t<style type='text\/css'>\n\t\t\t\t#gallery-3 {\n\t\t\t\t\tmargin: auto;\n\t\t\t\t}\n\t\t\t\t#gallery-3 .gallery-item {\n\t\t\t\t\tfloat: left;\n\t\t\t\t\tmargin-top: 10px;\n\t\t\t\t\ttext-align: center;\n\t\t\t\t\twidth: 25%;\n\t\t\t\t}\n\t\t\t\t#gallery-3 img {\n\t\t\t\t\tborder: 2px solid #cfcfcf;\n\t\t\t\t}\n\t\t\t\t#gallery-3 .gallery-caption {\n\t\t\t\t\tmargin-left: 0;\n\t\t\t\t}\n\t\t\t\t\/* see gallery_shortcode() in wp-includes\/media.php *\/\n\t\t\t<\/style>\n\t\t<div id='gallery-3' class='dt-gallery-container gallery galleryid-158790 gallery-columns-4 gallery-size-thumbnail'><dl class='gallery-item'>\n\t\t\t\t<dt class='gallery-icon portrait'>\n\t\t\t\t\t<a class=\"rollover rollover-zoom dt-pswp-item\" title=\"446199a0-ccb6-4daa-88f9-ee34f5a4944a\" data-dt-img-description=\"\" data-large_image_width=\"1080\" data-large_image_height=\"1350\"href='https:\/\/www.radiopiu.net\/wordpress\/wp-content\/uploads\/2020\/07\/446199a0-ccb6-4daa-88f9-ee34f5a4944a.jpg'><img loading=\"lazy\" decoding=\"async\" width=\"150\" height=\"150\" src=\"https:\/\/www.radiopiu.net\/wordpress\/wp-content\/uploads\/2020\/07\/446199a0-ccb6-4daa-88f9-ee34f5a4944a-150x150.jpg\" class=\"attachment-thumbnail size-thumbnail\" alt=\"\" \/><\/a>\n\t\t\t\t<\/dt><\/dl><dl class='gallery-item'>\n\t\t\t\t<dt class='gallery-icon portrait'>\n\t\t\t\t\t<a class=\"rollover rollover-zoom dt-pswp-item\" title=\"LOCANDINA_MOSTRA andraz\" data-dt-img-description=\"\" data-large_image_width=\"1753\" data-large_image_height=\"2480\"href='https:\/\/www.radiopiu.net\/wordpress\/wp-content\/uploads\/2020\/08\/LOCANDINA_MOSTRA-andraz.jpg'><img loading=\"lazy\" decoding=\"async\" width=\"150\" height=\"150\" src=\"https:\/\/www.radiopiu.net\/wordpress\/wp-content\/uploads\/2020\/08\/LOCANDINA_MOSTRA-andraz-150x150.jpg\" class=\"attachment-thumbnail size-thumbnail\" alt=\"\" \/><\/a>\n\t\t\t\t<\/dt><\/dl><dl class='gallery-item'>\n\t\t\t\t<dt class='gallery-icon portrait'>\n\t\t\t\t\t<a class=\"rollover rollover-zoom dt-pswp-item\" title=\"890a4078-1eac-4e06-bfd3-59033f51722d\" data-dt-img-description=\"\" data-large_image_width=\"640\" data-large_image_height=\"1600\"href='https:\/\/www.radiopiu.net\/wordpress\/wp-content\/uploads\/2020\/08\/890a4078-1eac-4e06-bfd3-59033f51722d.jpg'><img loading=\"lazy\" decoding=\"async\" width=\"150\" height=\"150\" src=\"https:\/\/www.radiopiu.net\/wordpress\/wp-content\/uploads\/2020\/08\/890a4078-1eac-4e06-bfd3-59033f51722d-150x150.jpg\" class=\"attachment-thumbnail size-thumbnail\" alt=\"\" \/><\/a>\n\t\t\t\t<\/dt><\/dl><dl class='gallery-item'>\n\t\t\t\t<dt class='gallery-icon portrait'>\n\t\t\t\t\t<a class=\"rollover rollover-zoom dt-pswp-item\" title=\"VERTICAL 107 RINVIATA 5 SETTEMBRE\" data-dt-img-description=\"\" data-large_image_width=\"748\" data-large_image_height=\"1074\"href='https:\/\/www.radiopiu.net\/wordpress\/wp-content\/uploads\/2020\/08\/VERTICAL-107-RINVIATA-5-SETTEMBRE.jpg'><img loading=\"lazy\" decoding=\"async\" width=\"150\" height=\"150\" src=\"https:\/\/www.radiopiu.net\/wordpress\/wp-content\/uploads\/2020\/08\/VERTICAL-107-RINVIATA-5-SETTEMBRE-150x150.jpg\" class=\"attachment-thumbnail size-thumbnail\" alt=\"\" srcset=\"https:\/\/www.radiopiu.net\/wordpress\/wp-content\/uploads\/2020\/08\/VERTICAL-107-RINVIATA-5-SETTEMBRE-150x150.jpg 150w, https:\/\/www.radiopiu.net\/wordpress\/wp-content\/uploads\/2020\/08\/VERTICAL-107-RINVIATA-5-SETTEMBRE-125x125.jpg 125w, https:\/\/www.radiopiu.net\/wordpress\/wp-content\/uploads\/2020\/08\/VERTICAL-107-RINVIATA-5-SETTEMBRE-200x200.jpg 200w, https:\/\/www.radiopiu.net\/wordpress\/wp-content\/uploads\/2020\/08\/VERTICAL-107-RINVIATA-5-SETTEMBRE-80x80.jpg 80w\" sizes=\"auto, (max-width: 150px) 100vw, 150px\" \/><\/a>\n\t\t\t\t<\/dt><\/dl><br style=\"clear: both\" \/><dl class='gallery-item'>\n\t\t\t\t<dt class='gallery-icon landscape'>\n\t\t\t\t\t<a class=\"rollover rollover-zoom dt-pswp-item\" title=\"castello andraz autunno2020\" data-dt-img-description=\"\" data-large_image_width=\"2000\" data-large_image_height=\"1414\"href='https:\/\/www.radiopiu.net\/wordpress\/wp-content\/uploads\/2020\/08\/castello-andraz-autunno2020.png'><img loading=\"lazy\" decoding=\"async\" width=\"150\" height=\"150\" src=\"https:\/\/www.radiopiu.net\/wordpress\/wp-content\/uploads\/2020\/08\/castello-andraz-autunno2020-150x150.png\" class=\"attachment-thumbnail size-thumbnail\" alt=\"\" srcset=\"https:\/\/www.radiopiu.net\/wordpress\/wp-content\/uploads\/2020\/08\/castello-andraz-autunno2020-150x150.png 150w, https:\/\/www.radiopiu.net\/wordpress\/wp-content\/uploads\/2020\/08\/castello-andraz-autunno2020-125x125.png 125w, https:\/\/www.radiopiu.net\/wordpress\/wp-content\/uploads\/2020\/08\/castello-andraz-autunno2020-200x200.png 200w, https:\/\/www.radiopiu.net\/wordpress\/wp-content\/uploads\/2020\/08\/castello-andraz-autunno2020-80x80.png 80w\" sizes=\"auto, (max-width: 150px) 100vw, 150px\" \/><\/a>\n\t\t\t\t<\/dt><\/dl><dl class='gallery-item'>\n\t\t\t\t<dt class='gallery-icon portrait'>\n\t\t\t\t\t<a class=\"rollover rollover-zoom dt-pswp-item\" title=\"0cd20cf4-01a6-400d-845e-6747cefb3782\" data-dt-img-description=\"\" data-large_image_width=\"1131\" data-large_image_height=\"1600\"href='https:\/\/www.radiopiu.net\/wordpress\/wp-content\/uploads\/2020\/08\/0cd20cf4-01a6-400d-845e-6747cefb3782.jpg'><img loading=\"lazy\" decoding=\"async\" width=\"150\" height=\"150\" src=\"https:\/\/www.radiopiu.net\/wordpress\/wp-content\/uploads\/2020\/08\/0cd20cf4-01a6-400d-845e-6747cefb3782-150x150.jpg\" class=\"attachment-thumbnail size-thumbnail\" alt=\"\" srcset=\"https:\/\/www.radiopiu.net\/wordpress\/wp-content\/uploads\/2020\/08\/0cd20cf4-01a6-400d-845e-6747cefb3782-150x150.jpg 150w, https:\/\/www.radiopiu.net\/wordpress\/wp-content\/uploads\/2020\/08\/0cd20cf4-01a6-400d-845e-6747cefb3782-125x125.jpg 125w, https:\/\/www.radiopiu.net\/wordpress\/wp-content\/uploads\/2020\/08\/0cd20cf4-01a6-400d-845e-6747cefb3782-200x200.jpg 200w, https:\/\/www.radiopiu.net\/wordpress\/wp-content\/uploads\/2020\/08\/0cd20cf4-01a6-400d-845e-6747cefb3782-80x80.jpg 80w\" sizes=\"auto, (max-width: 150px) 100vw, 150px\" \/><\/a>\n\t\t\t\t<\/dt><\/dl><dl class='gallery-item'>\n\t\t\t\t<dt class='gallery-icon portrait'>\n\t\t\t\t\t<a class=\"rollover rollover-zoom dt-pswp-item\" title=\"ab36c843-8eda-4384-b197-2729cddce3be\" data-dt-img-description=\"\" data-large_image_width=\"1300\" data-large_image_height=\"1600\"href='https:\/\/www.radiopiu.net\/wordpress\/wp-content\/uploads\/2020\/09\/ab36c843-8eda-4384-b197-2729cddce3be.jpg'><img loading=\"lazy\" decoding=\"async\" width=\"150\" height=\"150\" src=\"https:\/\/www.radiopiu.net\/wordpress\/wp-content\/uploads\/2020\/09\/ab36c843-8eda-4384-b197-2729cddce3be-150x150.jpg\" class=\"attachment-thumbnail size-thumbnail\" alt=\"\" srcset=\"https:\/\/www.radiopiu.net\/wordpress\/wp-content\/uploads\/2020\/09\/ab36c843-8eda-4384-b197-2729cddce3be-150x150.jpg 150w, https:\/\/www.radiopiu.net\/wordpress\/wp-content\/uploads\/2020\/09\/ab36c843-8eda-4384-b197-2729cddce3be-125x125.jpg 125w, https:\/\/www.radiopiu.net\/wordpress\/wp-content\/uploads\/2020\/09\/ab36c843-8eda-4384-b197-2729cddce3be-200x200.jpg 200w, https:\/\/www.radiopiu.net\/wordpress\/wp-content\/uploads\/2020\/09\/ab36c843-8eda-4384-b197-2729cddce3be-80x80.jpg 80w\" sizes=\"auto, (max-width: 150px) 100vw, 150px\" \/><\/a>\n\t\t\t\t<\/dt><\/dl><dl class='gallery-item'>\n\t\t\t\t<dt class='gallery-icon portrait'>\n\t\t\t\t\t<a class=\"rollover rollover-zoom dt-pswp-item\" title=\"Lettura Tutto fra terra e cielo di Margherita Stevanato\" data-dt-img-description=\"\" data-large_image_width=\"1239\" data-large_image_height=\"1754\"href='https:\/\/www.radiopiu.net\/wordpress\/wp-content\/uploads\/2020\/09\/Lettura-Tutto-fra-terra-e-cielo-di-Margherita-Stevanato.jpg'><img loading=\"lazy\" decoding=\"async\" width=\"150\" height=\"150\" src=\"https:\/\/www.radiopiu.net\/wordpress\/wp-content\/uploads\/2020\/09\/Lettura-Tutto-fra-terra-e-cielo-di-Margherita-Stevanato-150x150.jpg\" class=\"attachment-thumbnail size-thumbnail\" alt=\"\" srcset=\"https:\/\/www.radiopiu.net\/wordpress\/wp-content\/uploads\/2020\/09\/Lettura-Tutto-fra-terra-e-cielo-di-Margherita-Stevanato-150x150.jpg 150w, https:\/\/www.radiopiu.net\/wordpress\/wp-content\/uploads\/2020\/09\/Lettura-Tutto-fra-terra-e-cielo-di-Margherita-Stevanato-125x125.jpg 125w, https:\/\/www.radiopiu.net\/wordpress\/wp-content\/uploads\/2020\/09\/Lettura-Tutto-fra-terra-e-cielo-di-Margherita-Stevanato-200x200.jpg 200w, https:\/\/www.radiopiu.net\/wordpress\/wp-content\/uploads\/2020\/09\/Lettura-Tutto-fra-terra-e-cielo-di-Margherita-Stevanato-80x80.jpg 80w\" sizes=\"auto, (max-width: 150px) 100vw, 150px\" \/><\/a>\n\t\t\t\t<\/dt><\/dl><br style=\"clear: both\" \/>\n\t\t\t<\/div>\n\n<hr \/>\n<p>&nbsp;<\/p>\n<h2>IERI ALLA RADIO<\/h2>\n<h2><strong class=\"photoswipe-wrapper\"><a class=\"dt-pswp-item\" href=\"https:\/\/www.radiopiu.net\/wordpress\/wp-content\/uploads\/2020\/09\/WILLIAM-DA-ROIT-E-FIGLIO.jpg\" data-dt-img-description=\"\" data-large_image_width=\"1600\" data-large_image_height=\"1200\"><img loading=\"lazy\" decoding=\"async\" class=\"size-medium wp-image-158807 alignleft\" src=\"https:\/\/www.radiopiu.net\/wordpress\/wp-content\/uploads\/2020\/09\/WILLIAM-DA-ROIT-E-FIGLIO-300x225.jpg\" alt=\"\" width=\"300\" height=\"225\" srcset=\"https:\/\/www.radiopiu.net\/wordpress\/wp-content\/uploads\/2020\/09\/WILLIAM-DA-ROIT-E-FIGLIO-300x225.jpg 300w, https:\/\/www.radiopiu.net\/wordpress\/wp-content\/uploads\/2020\/09\/WILLIAM-DA-ROIT-E-FIGLIO-1024x768.jpg 1024w, https:\/\/www.radiopiu.net\/wordpress\/wp-content\/uploads\/2020\/09\/WILLIAM-DA-ROIT-E-FIGLIO-768x576.jpg 768w, https:\/\/www.radiopiu.net\/wordpress\/wp-content\/uploads\/2020\/09\/WILLIAM-DA-ROIT-E-FIGLIO-1536x1152.jpg 1536w, https:\/\/www.radiopiu.net\/wordpress\/wp-content\/uploads\/2020\/09\/WILLIAM-DA-ROIT-E-FIGLIO-640x480.jpg 640w, https:\/\/www.radiopiu.net\/wordpress\/wp-content\/uploads\/2020\/09\/WILLIAM-DA-ROIT-E-FIGLIO.jpg 1600w\" sizes=\"auto, (max-width: 300px) 100vw, 300px\" \/><\/a><span style=\"color: #ff6600;\">I NOVANT&#8217;ANNI DEL PANIFICIO &#8220;EL FORNER&#8221; A LA VALLE<\/span><\/strong><\/h2>\n<h3><span style=\"color: #ff6600;\"><strong class=\"photoswipe-wrapper\">Alla Fabbrica delle Emozioni, in collaborazione con Dersut Giornale &amp; Caff\u00e8 di Taibon Agordino<\/strong><\/span><\/h3>\n<p><strong>di Claudio Fontanive<\/strong><\/p>\n<audio class=\"wp-audio-shortcode\" id=\"audio-158790-1\" preload=\"none\" style=\"width: 100%;\" controls=\"controls\"><source type=\"audio\/mpeg\" src=\"https:\/\/www.radiopiu.net\/wordpress\/wp-content\/uploads\/2020\/09\/forner-01-settembre.mp3?_=1\" \/><a href=\"https:\/\/www.radiopiu.net\/wordpress\/wp-content\/uploads\/2020\/09\/forner-01-settembre.mp3\">https:\/\/www.radiopiu.net\/wordpress\/wp-content\/uploads\/2020\/09\/forner-01-settembre.mp3<\/a><\/audio>\n<p>&nbsp;<\/p>\n<hr \/>\n<p>&nbsp;<\/p>\n<h2><span style=\"color: #ff0000;\">DUE MINUTI UN LIBRO\u00a0<\/span><\/h2>\n<blockquote class=\"wp-embedded-content\" data-secret=\"i8ni42vHA7\"><p><a href=\"https:\/\/www.radiopiu.net\/wordpress\/dighe-e-cascate-fiche-ci-sara-sete\/\">Dighe e cascate fich\u00e8 ci sar\u00e0 sete<\/a><\/p><\/blockquote>\n<p><iframe loading=\"lazy\" class=\"wp-embedded-content\" sandbox=\"allow-scripts\" security=\"restricted\" style=\"position: absolute; clip: rect(1px, 1px, 1px, 1px);\" title=\"&#8220;Dighe e cascate fich\u00e8 ci sar\u00e0 sete&#8221; &#8212; Radio Pi\u00f9\" src=\"https:\/\/www.radiopiu.net\/wordpress\/dighe-e-cascate-fiche-ci-sara-sete\/embed\/#?secret=i8ni42vHA7\" data-secret=\"i8ni42vHA7\" width=\"600\" height=\"338\" frameborder=\"0\" marginwidth=\"0\" marginheight=\"0\" scrolling=\"no\"><\/iframe><\/p>\n<p><strong>LE ALTRE PUNTATE<\/strong><\/p>\n<blockquote class=\"wp-embedded-content\" data-secret=\"46nNpzYITQ\"><p><a href=\"https:\/\/www.radiopiu.net\/wordpress\/due-minuti-un-libro\/\">Due minuti un libro<\/a><\/p><\/blockquote>\n<p><iframe loading=\"lazy\" class=\"wp-embedded-content\" sandbox=\"allow-scripts\" security=\"restricted\" style=\"position: absolute; clip: rect(1px, 1px, 1px, 1px);\" title=\"&#8220;Due minuti un libro&#8221; &#8212; Radio Pi\u00f9\" src=\"https:\/\/www.radiopiu.net\/wordpress\/due-minuti-un-libro\/embed\/#?secret=46nNpzYITQ\" data-secret=\"46nNpzYITQ\" width=\"600\" height=\"338\" frameborder=\"0\" marginwidth=\"0\" marginheight=\"0\" scrolling=\"no\"><\/iframe><\/p>\n<p>&nbsp;<\/p>\n<hr \/>\n<p>&nbsp;<\/p>\n<div>\n<h2><span style=\"color: #000080;\">DON CESARE, IL PENSIERO DEL GIORNO. ALLA RADIO ALLE 7 DEL MATTINO E ALLE 19.30 DELLA SERA.<\/span><\/h2>\n<p>&nbsp;<\/p>\n<hr \/>\n<p>&nbsp;<\/p>\n<h2><span style=\"color: #008000;\">AGORDINOMERON&#8230;LA RACCOLTA<\/span><\/h2>\n<blockquote class=\"wp-embedded-content\" data-secret=\"DPNlrbvfVU\"><p><a href=\"https:\/\/www.radiopiu.net\/wordpress\/agordinomeron\/\">AGORDINOMERON, IL TERRITORIO SI RACCONTA Da un&#8217;idea di Gianni Santomaso<\/a><\/p><\/blockquote>\n<p><iframe loading=\"lazy\" class=\"wp-embedded-content\" sandbox=\"allow-scripts\" security=\"restricted\" style=\"position: absolute; clip: rect(1px, 1px, 1px, 1px);\" title=\"&#8220;AGORDINOMERON, IL TERRITORIO SI RACCONTA Da un&#8217;idea di Gianni Santomaso&#8221; &#8212; Radio Pi\u00f9\" src=\"https:\/\/www.radiopiu.net\/wordpress\/agordinomeron\/embed\/#?secret=DPNlrbvfVU\" data-secret=\"DPNlrbvfVU\" width=\"600\" height=\"338\" frameborder=\"0\" marginwidth=\"0\" marginheight=\"0\" scrolling=\"no\"><\/iframe><\/p>\n<p>&nbsp;<\/p>\n<hr \/>\n<p>&nbsp;<\/p>\n<p>&nbsp;<\/p>\n<h2><span style=\"color: #ff00ff;\">ZAINO DA VIAGGIO AL FEMMINILE DI PAOLA LANCIATO il martedi alle 10.30 e 1900 la domenica alle 11<\/span><\/h2>\n<h3><em><strong>CASTROCARO<\/strong><\/em><\/h3>\n<audio class=\"wp-audio-shortcode\" id=\"audio-158790-2\" preload=\"none\" style=\"width: 100%;\" controls=\"controls\"><source type=\"audio\/mpeg\" src=\"https:\/\/www.radiopiu.net\/wordpress\/wp-content\/uploads\/2020\/09\/14-Castrocaro-e-la-Terra-del-Sole-M-Copia.mp3?_=2\" \/><a href=\"https:\/\/www.radiopiu.net\/wordpress\/wp-content\/uploads\/2020\/09\/14-Castrocaro-e-la-Terra-del-Sole-M-Copia.mp3\">https:\/\/www.radiopiu.net\/wordpress\/wp-content\/uploads\/2020\/09\/14-Castrocaro-e-la-Terra-del-Sole-M-Copia.mp3<\/a><\/audio>\n<p>&nbsp;<\/p>\n\n\t\t\t<style type='text\/css'>\n\t\t\t\t#gallery-4 {\n\t\t\t\t\tmargin: auto;\n\t\t\t\t}\n\t\t\t\t#gallery-4 .gallery-item {\n\t\t\t\t\tfloat: left;\n\t\t\t\t\tmargin-top: 10px;\n\t\t\t\t\ttext-align: center;\n\t\t\t\t\twidth: 20%;\n\t\t\t\t}\n\t\t\t\t#gallery-4 img {\n\t\t\t\t\tborder: 2px solid #cfcfcf;\n\t\t\t\t}\n\t\t\t\t#gallery-4 .gallery-caption {\n\t\t\t\t\tmargin-left: 0;\n\t\t\t\t}\n\t\t\t\t\/* see gallery_shortcode() in wp-includes\/media.php *\/\n\t\t\t<\/style>\n\t\t<div id='gallery-4' class='dt-gallery-container gallery galleryid-158790 gallery-columns-5 gallery-size-thumbnail'><dl class='gallery-item'>\n\t\t\t\t<dt class='gallery-icon landscape'>\n\t\t\t\t\t<a class=\"rollover rollover-zoom dt-pswp-item\" title=\"1\" data-dt-img-description=\"\" data-large_image_width=\"800\" data-large_image_height=\"533\"href='https:\/\/www.radiopiu.net\/wordpress\/wp-content\/uploads\/2020\/09\/1.jpg'><img loading=\"lazy\" decoding=\"async\" width=\"150\" height=\"150\" src=\"https:\/\/www.radiopiu.net\/wordpress\/wp-content\/uploads\/2020\/09\/1-150x150.jpg\" class=\"attachment-thumbnail size-thumbnail\" alt=\"\" srcset=\"https:\/\/www.radiopiu.net\/wordpress\/wp-content\/uploads\/2020\/09\/1-150x150.jpg 150w, https:\/\/www.radiopiu.net\/wordpress\/wp-content\/uploads\/2020\/09\/1-125x125.jpg 125w, https:\/\/www.radiopiu.net\/wordpress\/wp-content\/uploads\/2020\/09\/1-200x200.jpg 200w, https:\/\/www.radiopiu.net\/wordpress\/wp-content\/uploads\/2020\/09\/1-80x80.jpg 80w\" sizes=\"auto, (max-width: 150px) 100vw, 150px\" \/><\/a>\n\t\t\t\t<\/dt><\/dl><dl class='gallery-item'>\n\t\t\t\t<dt class='gallery-icon landscape'>\n\t\t\t\t\t<a class=\"rollover rollover-zoom dt-pswp-item\" title=\"2\" data-dt-img-description=\"\" data-large_image_width=\"900\" data-large_image_height=\"600\"href='https:\/\/www.radiopiu.net\/wordpress\/wp-content\/uploads\/2020\/09\/2.jpg'><img loading=\"lazy\" decoding=\"async\" width=\"150\" height=\"150\" src=\"https:\/\/www.radiopiu.net\/wordpress\/wp-content\/uploads\/2020\/09\/2-150x150.jpg\" class=\"attachment-thumbnail size-thumbnail\" alt=\"\" srcset=\"https:\/\/www.radiopiu.net\/wordpress\/wp-content\/uploads\/2020\/09\/2-150x150.jpg 150w, https:\/\/www.radiopiu.net\/wordpress\/wp-content\/uploads\/2020\/09\/2-125x125.jpg 125w, https:\/\/www.radiopiu.net\/wordpress\/wp-content\/uploads\/2020\/09\/2-200x200.jpg 200w, https:\/\/www.radiopiu.net\/wordpress\/wp-content\/uploads\/2020\/09\/2-80x80.jpg 80w\" sizes=\"auto, (max-width: 150px) 100vw, 150px\" \/><\/a>\n\t\t\t\t<\/dt><\/dl><dl class='gallery-item'>\n\t\t\t\t<dt class='gallery-icon landscape'>\n\t\t\t\t\t<a class=\"rollover rollover-zoom dt-pswp-item\" title=\"3\" data-dt-img-description=\"\" data-large_image_width=\"700\" data-large_image_height=\"391\"href='https:\/\/www.radiopiu.net\/wordpress\/wp-content\/uploads\/2020\/09\/3.jpg'><img loading=\"lazy\" decoding=\"async\" width=\"150\" height=\"150\" src=\"https:\/\/www.radiopiu.net\/wordpress\/wp-content\/uploads\/2020\/09\/3-150x150.jpg\" class=\"attachment-thumbnail size-thumbnail\" alt=\"\" srcset=\"https:\/\/www.radiopiu.net\/wordpress\/wp-content\/uploads\/2020\/09\/3-150x150.jpg 150w, https:\/\/www.radiopiu.net\/wordpress\/wp-content\/uploads\/2020\/09\/3-125x125.jpg 125w, https:\/\/www.radiopiu.net\/wordpress\/wp-content\/uploads\/2020\/09\/3-200x200.jpg 200w, https:\/\/www.radiopiu.net\/wordpress\/wp-content\/uploads\/2020\/09\/3-80x80.jpg 80w\" sizes=\"auto, (max-width: 150px) 100vw, 150px\" \/><\/a>\n\t\t\t\t<\/dt><\/dl><dl class='gallery-item'>\n\t\t\t\t<dt class='gallery-icon landscape'>\n\t\t\t\t\t<a class=\"rollover rollover-zoom dt-pswp-item\" title=\"4\" data-dt-img-description=\"\" data-large_image_width=\"1000\" data-large_image_height=\"643\"href='https:\/\/www.radiopiu.net\/wordpress\/wp-content\/uploads\/2020\/09\/4.jpg'><img loading=\"lazy\" decoding=\"async\" width=\"150\" height=\"150\" src=\"https:\/\/www.radiopiu.net\/wordpress\/wp-content\/uploads\/2020\/09\/4-150x150.jpg\" class=\"attachment-thumbnail size-thumbnail\" alt=\"\" srcset=\"https:\/\/www.radiopiu.net\/wordpress\/wp-content\/uploads\/2020\/09\/4-150x150.jpg 150w, https:\/\/www.radiopiu.net\/wordpress\/wp-content\/uploads\/2020\/09\/4-125x125.jpg 125w, https:\/\/www.radiopiu.net\/wordpress\/wp-content\/uploads\/2020\/09\/4-200x200.jpg 200w, https:\/\/www.radiopiu.net\/wordpress\/wp-content\/uploads\/2020\/09\/4-80x80.jpg 80w\" sizes=\"auto, (max-width: 150px) 100vw, 150px\" \/><\/a>\n\t\t\t\t<\/dt><\/dl><dl class='gallery-item'>\n\t\t\t\t<dt class='gallery-icon landscape'>\n\t\t\t\t\t<a class=\"rollover rollover-zoom dt-pswp-item\" title=\"5\" data-dt-img-description=\"\" data-large_image_width=\"2000\" data-large_image_height=\"1335\"href='https:\/\/www.radiopiu.net\/wordpress\/wp-content\/uploads\/2020\/09\/5.jpg'><img loading=\"lazy\" decoding=\"async\" width=\"150\" height=\"150\" src=\"https:\/\/www.radiopiu.net\/wordpress\/wp-content\/uploads\/2020\/09\/5-150x150.jpg\" class=\"attachment-thumbnail size-thumbnail\" alt=\"\" srcset=\"https:\/\/www.radiopiu.net\/wordpress\/wp-content\/uploads\/2020\/09\/5-150x150.jpg 150w, https:\/\/www.radiopiu.net\/wordpress\/wp-content\/uploads\/2020\/09\/5-125x125.jpg 125w, https:\/\/www.radiopiu.net\/wordpress\/wp-content\/uploads\/2020\/09\/5-200x200.jpg 200w, https:\/\/www.radiopiu.net\/wordpress\/wp-content\/uploads\/2020\/09\/5-80x80.jpg 80w\" sizes=\"auto, (max-width: 150px) 100vw, 150px\" \/><\/a>\n\t\t\t\t<\/dt><\/dl><br style=\"clear: both\" \/>\n\t\t\t<\/div>\n\n<p>&nbsp;<\/p>\n<h1>LA RACCOLTA COMPLETA<\/h1>\n<blockquote class=\"wp-embedded-content\" data-secret=\"4SBWISHep0\"><p><a href=\"https:\/\/www.radiopiu.net\/wordpress\/zaino-femminile-lanciato\/\">Zaino da viaggio al femminile<\/a><\/p><\/blockquote>\n<p><iframe loading=\"lazy\" class=\"wp-embedded-content\" sandbox=\"allow-scripts\" security=\"restricted\" style=\"position: absolute; clip: rect(1px, 1px, 1px, 1px);\" title=\"&#8220;Zaino da viaggio al femminile&#8221; &#8212; Radio Pi\u00f9\" src=\"https:\/\/www.radiopiu.net\/wordpress\/zaino-femminile-lanciato\/embed\/#?secret=4SBWISHep0\" data-secret=\"4SBWISHep0\" width=\"600\" height=\"338\" frameborder=\"0\" marginwidth=\"0\" marginheight=\"0\" scrolling=\"no\"><\/iframe><\/p>\n<hr \/>\n<p>&nbsp;<\/p>\n<h2><span style=\"color: #33cccc;\">I RACCONTI DI PAOLO SOPPELSA il lunedi alle 9.30 e 18.30<\/span><\/h2>\n<h2><span style=\"color: #33cccc;\"><strong>LA RACCOLTA COMPLETA<\/strong><\/span><\/h2>\n<blockquote class=\"wp-embedded-content\" data-secret=\"omyTJDimgV\"><p><a href=\"https:\/\/www.radiopiu.net\/wordpress\/i-racconti-di-paolo-soppelsa\/\">I racconti di Paolo Soppelsa<\/a><\/p><\/blockquote>\n<p><iframe loading=\"lazy\" class=\"wp-embedded-content\" sandbox=\"allow-scripts\" security=\"restricted\" style=\"position: absolute; clip: rect(1px, 1px, 1px, 1px);\" title=\"&#8220;I racconti di Paolo Soppelsa&#8221; &#8212; Radio Pi\u00f9\" src=\"https:\/\/www.radiopiu.net\/wordpress\/i-racconti-di-paolo-soppelsa\/embed\/#?secret=omyTJDimgV\" data-secret=\"omyTJDimgV\" width=\"600\" height=\"338\" frameborder=\"0\" marginwidth=\"0\" marginheight=\"0\" scrolling=\"no\"><\/iframe><\/p>\n<p>&nbsp;<\/p>\n<hr \/>\n<p>&nbsp;<\/p>\n<h2><span style=\"color: #99cc00;\">SUL SITO DI RADIO PIU&#8217; LA VIDEO GALLERY<\/span><\/h2>\n<blockquote class=\"wp-embedded-content\" data-secret=\"q8zdhH64lE\"><p><a href=\"https:\/\/www.radiopiu.net\/wordpress\/ep-center-video-gallery\/\">EP CENTER video gallery<\/a><\/p><\/blockquote>\n<p><iframe loading=\"lazy\" class=\"wp-embedded-content\" sandbox=\"allow-scripts\" security=\"restricted\" style=\"position: absolute; clip: rect(1px, 1px, 1px, 1px);\" title=\"&#8220;EP CENTER video gallery&#8221; &#8212; Radio Pi\u00f9\" src=\"https:\/\/www.radiopiu.net\/wordpress\/ep-center-video-gallery\/embed\/#?secret=q8zdhH64lE\" data-secret=\"q8zdhH64lE\" width=\"600\" height=\"338\" frameborder=\"0\" marginwidth=\"0\" marginheight=\"0\" scrolling=\"no\"><\/iframe><\/p>\n<p>&nbsp;<\/p>\n<hr \/>\n<p>&nbsp;<\/p>\n<p><a class=\"dt-pswp-item\" href=\"https:\/\/www.radiopiu.net\/wordpress\/wp-content\/uploads\/2018\/09\/viabilita.jpeg\" data-dt-img-description=\"\" data-large_image_width=\"800\" data-large_image_height=\"100\"><img loading=\"lazy\" decoding=\"async\" class=\"aligncenter wp-image-61954 size-full\" src=\"https:\/\/www.radiopiu.net\/wordpress\/wp-content\/uploads\/2018\/09\/viabilita.jpeg\" alt=\"\" width=\"800\" height=\"100\" srcset=\"https:\/\/www.radiopiu.net\/wordpress\/wp-content\/uploads\/2018\/09\/viabilita.jpeg 800w, https:\/\/www.radiopiu.net\/wordpress\/wp-content\/uploads\/2018\/09\/viabilita-300x38.jpeg 300w, https:\/\/www.radiopiu.net\/wordpress\/wp-content\/uploads\/2018\/09\/viabilita-768x96.jpeg 768w\" sizes=\"auto, (max-width: 800px) 100vw, 800px\" \/><\/a><\/p>\n<\/div>\n<p>&nbsp;<\/p>\n<p><strong>SP 641 Passo Fedaia\u00a0<\/strong>oggi dalle 7 alle 17 senso unico alternato regolato da impianto semaforico a Sottoguda per posa scarico vasca idrica<\/p>\n<p><strong>SP 20 VAL FIORENTINA<\/strong> Fino al 15 settembre, esclusi sabati e domeniche, senso unico alternato in localit\u00e0 Solator di Selva Di Cadore per allargamento carreggiata<\/p>\n<p><strong>SP347\u00a0PASSO DURAN\u00a0E CEREDA Oggi e domani,\u00a0<\/strong>dalle 8 alle 11:45 e dalle 13:30 alle 17 temporanee interruzioni al traffico della durata massima di 10 minuti per taglio ed esbosco piante in localit\u00e0 Aurine<\/p>\n<p><strong>PROVINCIALE 473 CROCE D&#8217;AUNE<\/strong> Dal 31 agosto al 12 settembre interidizione totale alla transtiabilit\u00e0 nell&#8217;abitato di Pedavena inclusi sabato e domenica<\/p>\n<p><strong>SP473 CROCE D&#8217;AUNE<\/strong>\u00a0 In localit\u00e0 Gorna di Sovramonte dal 1 al 10 settembre interruzioni temporanee fino a 30 minuti dalle 8 alle 12 e dalle 13.30 alle 17.30 eclusi sabato e domenica<\/p>\n<p><strong>SP1 SINISTRA PIAVE<\/strong>\u00a0 Dal 31 agosto al 4 settembre, rotatoria Bardies-rotatoria Lentiai deviazione della corrente di traffico con direzione Feltre-Belluno lungo la vecchia SP1 in sinistra Piave per l&#8217;abitato di Lentiai e Bardies<\/p>\n<p><strong>SP 3 VALLE IMPERINA<\/strong> Tra Corde Mole e Vallasin dalle 8 alle 11.45 e dalle 13.30 alle 17.30 dal 1 settembre all&#8217;11 settembre (esclusi sabato e domenica) temporanee<strong> interruzioni<\/strong> alla viabilit\u00e0 massimo 30 minuti per esbosco.<\/p>\n<p><strong>SP 29 COL FALCON<\/strong>\u00a0 Tra Col Falcon e innesto strada del Servo dal 1 all&#8217;11 settembre (sabato e domenica escluso)\u00a0 dalle 7 alle 18 <strong>interdizione<\/strong> totale alla viabilit\u00e0 per asfaltatura.<\/p>\n<p><strong>SP 641 PASSO FEDAIA<\/strong> A\u00a0 Capanna Bill e\u00a0 a Col di Rocca dal 1 al 30 settembre senso unico alternato regolato da semaforo.<\/p>\n<p><strong>SP 251 VA CELLINA<\/strong> Da Pescul a Selva di Cadore dal 1 all&#8217;11 settembre (sabato e domenica esclusi) senso unico alternato per posa fibre ottiche<\/p>\n<p><strong>REGIONALE 203<\/strong> AGORDINA IL 1 SETTEMBRE ED IL 4 SETTEMBRE\u00a0 ALLE 8 ALLE 18 A LA MUDA SENSO UNICO ALTERNATO PER RIFACIMENTO LINEA AEREA FIBRE OTTICHE<\/p>\n<p><strong>REGIONALE 203 AGORDINA<\/strong> Dal 1 al 30 settembre (sabato e domenica esclusi) tra Candaten e La Stanga dalle 7.30 alle 9 e dalle 16.30 alle 18 con movieri e negli altri orari con semaforo, senso unico alternato.<\/p>\n<p><strong>S<\/strong><strong>P 347 DEL PASSO CEREDA E DURAN<\/strong> DAL 27 AGOSTO AL 4 SETTEMBRE, DALLE 8 ALLE 12 E DALLE 13 ALLE 17, TEMPORANEE INTERRUZIONI DELLA DURATA MASSIMA DI 20 MINUTI IN LOCALITA GAVAZ DEL COMUNE DI VAL DI ZOLDO PER DEMOLIZIONI PARTI PERICOLANTI DI UN EDIFICIO<\/p>\n<div>\n<p><strong>SR 48 DELLE DOLOMITI<\/strong> FINO\u00a0 AL 30 SETTEMBRE, DALLE 7 ALLE 17, ESCLUSI SABATO E DOMENICA, SALTUARIA ISTITUZIONE DI SENSO UNICO ALTERNATO REGOLATO DA MOVIERI PER PERIODI CONTINUATIVI NON SUPERIORI A 10 MINUTI NEI COMUNI DI CORTINA ED AURONZO DI CADORE PER CARICO SCARICO MATERIALI NECESSARI PER LA POSA DELL&#8217;ELTRODOTTO INTERRATO<\/p>\n<p><strong>SR 48 DELLE DOLOMITI<\/strong> DAL 1 AL 30 settembre in localit\u00e0 Pocol (Cortina) senso unico alternato, esclusi sabato e domenica<\/p>\n<p><strong>SR 48 DELLE DOLOMITI<\/strong> Dal 1 settembre al 9 ottobre senso unico alternato in localit\u00e0 Cernadoi, escluso sabato e domeniche<\/p>\n<p><strong>SR 48 DELLE DOLOMITI<\/strong> dal 1 al 30 settembre esclusi sabato e domenica senso unico alternato tra Cernadoi e Pian Falzarego<\/p>\n<p><strong>Provinciale 40, Val Senaiga-Arina,<\/strong> Comune di Lamon. Dal 1 all&#8217;11 settembre (sabato e domenica esclusi) per asfaltatura di tratti stradali INTERRUZIONE alla transitabilit\u00e0 dalle 8 alle 12 e dalle 14 alle 18. Nei periodi non interessati da chiusure \u00e8 previsto il senso unico alternato<\/p>\n<p><strong>SP 7 DI ZOPPE&#8217; DI CADORE,<\/strong> SENSO UNICO ALTERNATO REGOLATO DA MOVIERI CON BREVI INTERRUZIONI DI MASSIMO 10 MINUTI FINO\u00a0 AL 18 SETTEMBRE, DALLE 7:30 ALLE 17:30 ESCLUSI SABATI, DOMENICHE E FESTIVI INFRASETTIMANALI, PER MESSA IN SICUREZZA DELLA SEDE STRADALE<\/p>\n<p><strong>SP 40, COMUNE DI LAMON.<\/strong>\u00a0 FINO ALL&#8217;11 SETTEMBRE, ESCLUSI SABATO E DOMENICA, POSSIBILI INTERRUZIONI AL TRAFFICO DELLA DURATA MASSIMA DI 30 MINUTI DALLE 8 ALLE 12 E DALLE 13 ALLE 17 PER REALIZZAZIONE NUOVA TOMBINATURA. NEGLI ALTRI ORARI ISTITUZIONE DI SENSO UNICO ALTERNATO REGOLATO DA IMPIANTO SEMAFORICO O MOVIERI<\/p>\n<p><strong>SP 1 MADONNA DEL PIAVE<\/strong>\u00a0fino a revoca, senso unico alternato regolato da semaforo in localit\u00e0 Caorera di Quero Vas per lavori di messa in sicurezza piano viabile<\/p>\n<p>&nbsp;<\/p>\n<p>&nbsp;<\/p>\n<hr \/>\n<p>&nbsp;<\/p>\n<p class=\"photoswipe-wrapper\"><a class=\"dt-pswp-item pspw-wrap-ready\" href=\"https:\/\/i0.wp.com\/www.radiopiu.net\/wordpress\/wp-content\/uploads\/2018\/09\/WhatsApp-Image-2018-09-20-at-16.04.06.jpeg?ssl=1\" data-dt-img-description=\"\" data-large_image_width=\"800\" data-large_image_height=\"100\"><img loading=\"lazy\" decoding=\"async\" class=\"aligncenter wp-image-61378 size-full jetpack-lazy-image jetpack-lazy-image--handled\" src=\"https:\/\/i0.wp.com\/www.radiopiu.net\/wordpress\/wp-content\/uploads\/2018\/09\/WhatsApp-Image-2018-09-20-at-16.04.06.jpeg?resize=800%2C100&amp;ssl=1\" sizes=\"auto, (max-width: 800px) 100vw, 800px\" srcset=\"https:\/\/i0.wp.com\/www.radiopiu.net\/wordpress\/wp-content\/uploads\/2018\/09\/WhatsApp-Image-2018-09-20-at-16.04.06.jpeg?w=800&amp;ssl=1 800w, https:\/\/i0.wp.com\/www.radiopiu.net\/wordpress\/wp-content\/uploads\/2018\/09\/WhatsApp-Image-2018-09-20-at-16.04.06.jpeg?resize=300%2C38&amp;ssl=1 300w, https:\/\/i0.wp.com\/www.radiopiu.net\/wordpress\/wp-content\/uploads\/2018\/09\/WhatsApp-Image-2018-09-20-at-16.04.06.jpeg?resize=768%2C96&amp;ssl=1 768w\" alt=\"\" width=\"800\" height=\"100\" data-lazy-loaded=\"1\" \/><\/a><\/p>\n<p>&nbsp;<\/p>\n<p><center><b>Mercoledi 2<\/b><\/center><b>Tempo atteso:\u00a0<\/b>Tra la notte ed il mattino cielo da molto nuvoloso a coperto con precipitazioni sparse, a tratti estese. Al pomeriggio parziale attenuazione della nuvolosit\u00e0 e probabili prime schiarite in un contesto un po&#8217; meno instabile. Clima ancora molto fresco con debole escursione termica diurna.<br \/>\n<b>Precipitazioni:\u00a0<\/b>Nottetempo ed al mattino probabilit\u00e0 medio-alta (60\/80%), al pomeriggio diminuzione della probabilit\u00e0 per piovaschi e rovesci sempre pi\u00f9 sporadici (50\/60%) fino ad esaurimento entro la sera. La presenza di aria fredda porter\u00e0 la neve fino sui 2500\/2600 m al mattino e leggermente pi\u00f9 in alto al pomeriggio. Sono previsti cumuli di pioggia di 5\/10 mm, localmente fino a 15\/20 mm.<br \/>\n<b>Temperature:\u00a0<\/b>In generale leggero calo, eccetto lieve aumento delle minime nelle valli. Sono previste punte di 16\/18\u00b0C nei fondovalle prealpini e di 12\/14\u00b0C a 1000\/1200 m. Su Prealpi a 1500 m min 7\u00b0C max 10\u00b0C, a 2000 m min 4\u00b0C max 6\u00b0C. Su Dolomiti a 2000 m min 3\u00b0C max 5\u00b0C, a 3000 m min -2\u00b0C max -1\u00b0C.<br \/>\n<b>Venti:\u00a0<\/b>Nelle valli perlopi\u00f9 deboli di direzione variabile; in quota venti deboli da sud-ovest al mattino, poi occidentali al pomeriggio, disponendosi da nord-ovest a fine giornata, a 5\/10 km\/h a 2000 m e 10\/15 km\/h a 3000 m.<\/p>\n<hr \/>\n<p><center><b>Giovedi 3<\/b><\/center><b>Tempo atteso:\u00a0<\/b>Al primo mattino residua nuvolosit\u00e0 medio-alta in allontanamento verso oriente, poi tempo soleggiato con lieve riduzione del soleggiamento per modesta attivit\u00e0 cumuliforme durante le ore pi\u00f9 calde. Nel tardo pomeriggio\/sera il cielo torner\u00e0 a rasserenarsi del tutto. Clima molto fresco al primo mattino e un po&#8217; pi\u00f9 mite in giornata grazie al maggiore soleggiamento.<br \/>\n<b>Precipitazioni:\u00a0<\/b>Assenti (0%)<br \/>\n<b>Temperature:\u00a0<\/b>Minime in lieve calo, specie nelle valli (non escluse locali brinate\/gelate fino sui 2000\/2200 m); massime in generale leggera ripresa a tutte le quote. Sono previste punte di 21\/22\u00b0C nei fondovalle prealpini e di 16\/18\u00b0C a 1000\/1200 m. Su Prealpi a 1500 m min 6\u00b0C max 13\u00b0C, a 2000 m min 3\u00b0C max 9\u00b0C. Su Dolomiti a 2000 m min 2\u00b0C max 9\u00b0C, a 3000 m min -2\u00b0C max 2\u00b0C.<br \/>\n<b>Venti:\u00a0<\/b>Nelle valli perlopi\u00f9 deboli a regime di brezza, localmente e a tratti moderati su alcuni settori; in quota venti deboli\/moderati da nord-ovest, in rinforzo in serata a 5\/15 km\/h a 2000 m e 15\/30 km\/h a 3000 m.<\/p>\n<hr \/>\n<p><center><b>Venerdi 4<\/b><\/center>Tempo ben soleggiato, eccetto qualche banco di sottili nubi alte all&#8217;alba sulle Dolomiti. Il cielo rimarr\u00e0 perlopi\u00f9 sereno, anche durante le ore pi\u00f9 calde per presenza d&#8217;aria molto secca. Aria tersa ed ottima visibilit\u00e0 ovunque. Temperature in aumento e di nuovo superiori alle medie del periodo. Venti in quota moderati\/tesi da nord nord-ovest, in attenuazione al pomeriggio; nelle valli perlopi\u00f9 deboli a regime di brezza, localmente e a tratti moderati.<\/p>\n<hr \/>\n<p><center><b>Sabato 5<\/b><\/center>Splendida giornata settembrina con sole, cielo sereno, aria tersa ed ottima visibilit\u00e0. Temperature in generale rialzo con piacevole mitezza termica in quota e clima diurno di nuovo estivo nelle valli. Deboli ventilazione da nord-ovest in quota e venti a regime di brezza nelle valli.<\/p>\n<\/div>\n<p><center><\/center><center><\/center>&nbsp;<\/p>\n<hr \/>\n<p>&nbsp;<\/p>\n<p><iframe loading=\"lazy\" title=\"Spot Buttalibene TV\" width=\"1200\" height=\"675\" src=\"https:\/\/www.youtube.com\/embed\/fjHWpfyAevE?feature=oembed\" frameborder=\"0\" allow=\"accelerometer; autoplay; clipboard-write; encrypted-media; gyroscope; picture-in-picture\" allowfullscreen><\/iframe><\/p>\n<hr \/>\n<p>&nbsp;<\/p>\n<p><a class=\"dt-pswp-item\" href=\"https:\/\/www.radiopiu.net\/wordpress\/wp-content\/uploads\/2018\/09\/sport.jpg\" data-dt-img-description=\"\" data-large_image_width=\"800\" data-large_image_height=\"100\"><img loading=\"lazy\" decoding=\"async\" class=\"aligncenter wp-image-60761 size-full\" src=\"https:\/\/www.radiopiu.net\/wordpress\/wp-content\/uploads\/2018\/09\/sport.jpg\" alt=\"\" width=\"800\" height=\"100\" srcset=\"https:\/\/www.radiopiu.net\/wordpress\/wp-content\/uploads\/2018\/09\/sport.jpg 800w, https:\/\/www.radiopiu.net\/wordpress\/wp-content\/uploads\/2018\/09\/sport-300x38.jpg 300w, https:\/\/www.radiopiu.net\/wordpress\/wp-content\/uploads\/2018\/09\/sport-768x96.jpg 768w\" sizes=\"auto, (max-width: 800px) 100vw, 800px\" \/><\/a><\/p>\n<p>&nbsp;<\/p>\n<blockquote>\n<h3>DOMENICA LA PRESENTAZIONE DELLE SQUADRE DELL&#8217;ALLEGHE HOCKEY<\/h3>\n<\/blockquote>\n<p><strong><a class=\"dt-pswp-item\" href=\"https:\/\/www.radiopiu.net\/wordpress\/wp-content\/uploads\/2020\/09\/PRESENTAZIONE-ALLEGHE-HOCKEY.jpg\" data-dt-img-description=\"\" data-large_image_width=\"1074\" data-large_image_height=\"1600\"><img loading=\"lazy\" decoding=\"async\" class=\"size-medium wp-image-158861 alignleft\" src=\"https:\/\/www.radiopiu.net\/wordpress\/wp-content\/uploads\/2020\/09\/PRESENTAZIONE-ALLEGHE-HOCKEY-201x300.jpg\" alt=\"\" width=\"201\" height=\"300\" srcset=\"https:\/\/www.radiopiu.net\/wordpress\/wp-content\/uploads\/2020\/09\/PRESENTAZIONE-ALLEGHE-HOCKEY-201x300.jpg 201w, https:\/\/www.radiopiu.net\/wordpress\/wp-content\/uploads\/2020\/09\/PRESENTAZIONE-ALLEGHE-HOCKEY-687x1024.jpg 687w, https:\/\/www.radiopiu.net\/wordpress\/wp-content\/uploads\/2020\/09\/PRESENTAZIONE-ALLEGHE-HOCKEY-768x1144.jpg 768w, https:\/\/www.radiopiu.net\/wordpress\/wp-content\/uploads\/2020\/09\/PRESENTAZIONE-ALLEGHE-HOCKEY-1031x1536.jpg 1031w, https:\/\/www.radiopiu.net\/wordpress\/wp-content\/uploads\/2020\/09\/PRESENTAZIONE-ALLEGHE-HOCKEY-322x480.jpg 322w, https:\/\/www.radiopiu.net\/wordpress\/wp-content\/uploads\/2020\/09\/PRESENTAZIONE-ALLEGHE-HOCKEY.jpg 1074w\" sizes=\"auto, (max-width: 201px) 100vw, 201px\" \/><\/a>ALLEGHE <\/strong>E&#8217; in programma per domenica prossima la presentazione delle squadre dell&#8217;Alleghe Hockey. La location scelta dalle Civette sar\u00e0 l&#8217;area\u00a0Pic-Nic \u00a0ai Piani di Pezz\u00e8. Inizio alle 11:30 con la famiglia Alleghe Hockey al gran completo. Dalla under 7\/9\/11, under 13\/15, under 17\/19 alla prima squadra che parteciper\u00e0 all\u2019imminente stagione della Italian Hockey League. Presentazione a cura di Radio Pi\u00f9. In caso di maltempo la\u00a0giornata verr\u00e0 rinviata al 13 settembre.<\/p>\n<p>&nbsp;<\/p>\n<p>&nbsp;<\/p>\n<p>&nbsp;<\/p>\n<p>&nbsp;<\/p>\n<p>&nbsp;<\/p>\n<p>&nbsp;<\/p>\n<p>&nbsp;<\/p>\n<p>&nbsp;<\/p>\n<p>&nbsp;<\/p>\n<hr \/>\n<p>&nbsp;<\/p>\n<blockquote>\n<h3>SABATO A FALCADE LA VERTICAL 107<\/h3>\n<\/blockquote>\n<p><a class=\"dt-pswp-item\" href=\"https:\/\/www.radiopiu.net\/wordpress\/wp-content\/uploads\/2020\/08\/VERTICAL-107-RINVIATA-5-SETTEMBRE.jpg\" data-dt-img-description=\"\" data-large_image_width=\"748\" data-large_image_height=\"1074\"><img loading=\"lazy\" decoding=\"async\" class=\"size-medium wp-image-157793 alignleft\" src=\"https:\/\/www.radiopiu.net\/wordpress\/wp-content\/uploads\/2020\/08\/VERTICAL-107-RINVIATA-5-SETTEMBRE-209x300.jpg\" alt=\"\" width=\"209\" height=\"300\" srcset=\"https:\/\/www.radiopiu.net\/wordpress\/wp-content\/uploads\/2020\/08\/VERTICAL-107-RINVIATA-5-SETTEMBRE-209x300.jpg 209w, https:\/\/www.radiopiu.net\/wordpress\/wp-content\/uploads\/2020\/08\/VERTICAL-107-RINVIATA-5-SETTEMBRE-713x1024.jpg 713w, https:\/\/www.radiopiu.net\/wordpress\/wp-content\/uploads\/2020\/08\/VERTICAL-107-RINVIATA-5-SETTEMBRE-334x480.jpg 334w, https:\/\/www.radiopiu.net\/wordpress\/wp-content\/uploads\/2020\/08\/VERTICAL-107-RINVIATA-5-SETTEMBRE.jpg 748w\" sizes=\"auto, (max-width: 209px) 100vw, 209px\" \/><\/a>di Claudio Fontanive<\/p>\n<audio class=\"wp-audio-shortcode\" id=\"audio-158790-3\" preload=\"none\" style=\"width: 100%;\" controls=\"controls\"><source type=\"audio\/mpeg\" src=\"https:\/\/www.radiopiu.net\/wordpress\/wp-content\/uploads\/2020\/09\/carlo-zanon-vertical.mp3?_=3\" \/><a href=\"https:\/\/www.radiopiu.net\/wordpress\/wp-content\/uploads\/2020\/09\/carlo-zanon-vertical.mp3\">https:\/\/www.radiopiu.net\/wordpress\/wp-content\/uploads\/2020\/09\/carlo-zanon-vertical.mp3<\/a><\/audio>\n<p>&nbsp;<\/p>\n<hr \/>\n<p>&nbsp;<\/p>\n<div class=\"page\" title=\"Page 1\">\n<div class=\"section\">\n<div class=\"layoutArea\">\n<div class=\"column\">\n<blockquote>\n<h3>DIECI CHILOMETRI A NUOTO NELLE ACQUE SICILIANE: MATTEO SOGNE FIRMA UN\u2019ALTRA IMPRESA<\/h3>\n<\/blockquote>\n<p><strong><a class=\"dt-pswp-item\" href=\"https:\/\/www.radiopiu.net\/wordpress\/wp-content\/uploads\/2020\/09\/Matteo_Sogne_1.jpg\" data-dt-img-description=\"\" data-large_image_width=\"1196\" data-large_image_height=\"923\"><img loading=\"lazy\" decoding=\"async\" class=\"size-medium wp-image-158837 alignleft\" src=\"https:\/\/www.radiopiu.net\/wordpress\/wp-content\/uploads\/2020\/09\/Matteo_Sogne_1-300x232.jpg\" alt=\"\" width=\"300\" height=\"232\" srcset=\"https:\/\/www.radiopiu.net\/wordpress\/wp-content\/uploads\/2020\/09\/Matteo_Sogne_1-300x232.jpg 300w, https:\/\/www.radiopiu.net\/wordpress\/wp-content\/uploads\/2020\/09\/Matteo_Sogne_1-1024x790.jpg 1024w, https:\/\/www.radiopiu.net\/wordpress\/wp-content\/uploads\/2020\/09\/Matteo_Sogne_1-768x593.jpg 768w, https:\/\/www.radiopiu.net\/wordpress\/wp-content\/uploads\/2020\/09\/Matteo_Sogne_1-622x480.jpg 622w, https:\/\/www.radiopiu.net\/wordpress\/wp-content\/uploads\/2020\/09\/Matteo_Sogne_1.jpg 1196w\" sizes=\"auto, (max-width: 300px) 100vw, 300px\" \/><\/a>BELLUNO\u00a0<\/strong>Ben 121 nuotatori, tra agonisti e Master, si sono sfidati nelle acque siciliane, davanti alle coste di Milazzo: nel Grand Prix Sicilia Open Water. E fra loro c\u2019era anche un bellunese: Matteo Sogne, master M40 della Sportivamente Belluno. Nonostante la stagione agonistica sospesa a causa della pandemia, Matteo ha deciso di mettersi alla prova. E di percorrere a suon di bracciate i 10 chilometri di una competizione ormai storica, in acque libere e riconosciuta dalla Fin (la Federazione italiana nuoto). Sogne non \u00e8 nuovo a imprese di questo tipo, visto che l\u2019anno scorso si era cimentato nella traversata dello Stretto. Ma la distanza era inferiore: quasi 4 chilometri in meno. Il portacolori della Sportivamente \u00e8 riuscito a completare la prova in 2h53\u201d. E si \u00e8 meritato un ottimo piazzamento in classifica (21. su 64 fra i Master assoluti e quarto di categoria), frutto degli intensi allenamenti in piscina, a Lambioi e al lago del Mis. \u00abS\u00ec, abbiamo alzato un po\u2019 l\u2019asticella &#8211; spiega il protagonista &#8211; ed \u00e8 andata bene. \u00c8 sempre emozionante nuotare nelle acque della Sicilia. Anche se non \u00e8 stato facile, visto che era la prima gara della stagione\u00bb. Soddisfatta l\u2019allenatrice Maria Elena Canova, che a nome di tutto lo staff si congratula con Sogne: \u00abTutto il merito a Matteo. Alle sue braccia, alla sua testa. Noi lo abbiamo solo sostenuto, all\u2019interno di un\u2019avventura costruita in poche settimane per colpa del Covid-19. Bravo Matteo ad averci creduto\u00bb. In generale, i complimenti arrivano dall\u2019intera Sportivamente Belluno, a cominciare dal direttore Stefano Caldart e dalla responsabile delle attivit\u00e0 Anna Fontana. \u00abE ora, come da regola, attendiamo di scoprire l\u2019impresa per il 2021\u00bb.<\/p>\n<\/div>\n<\/div>\n<\/div>\n<\/div>\n","protected":false},"excerpt":{"rendered":"<p>PER RICEVERE QUESTO NOTIZIARIO DIRETTAMENTE SUL TUO CELLULARE ISCRIVITI AL CANALE TELEGRAM\u00a0\u201cRADIO PIU\u00a0 INFORMAZIONE ATTENZIONE: LA NUOVA APP PER IOS-IPHONE https:\/\/apps.apple.com\/it\/app\/radio-pi%C3%B9-emittente-agordina\/id1515939845 ATTENZIONE: LA NUOVA APP RADIO\u00a0 PER ANDROID https:\/\/play.google.com\/store\/apps\/details?id=net.radiopiu.iniko &nbsp; &nbsp; IL VIDEO DEL GIORNO&#8230; IN UN BAR DI ORVIETO https:\/\/www.facebook.com\/mirko.mezzacasa\/videos\/10224320538307927 &nbsp; &nbsp; SP347\u00a0PASSO DURAN\u00a0E CEREDA Oggi e domani,\u00a0dalle 8 alle 11:45 e dalle 13:30&hellip;<\/p>\n","protected":false},"author":4,"featured_media":158865,"comment_status":"closed","ping_status":"closed","sticky":false,"template":"","format":"standard","meta":{"_monsterinsights_skip_tracking":false,"_monsterinsights_sitenote_active":false,"_monsterinsights_sitenote_note":"","_monsterinsights_sitenote_category":0,"footnotes":""},"categories":[86,49],"tags":[],"class_list":["post-158790","post","type-post","status-publish","format-standard","has-post-thumbnail","hentry","category-gr","category-news-18","category-86","category-49","description-off"],"img_url":"https:\/\/www.radiopiu.net\/wordpress\/wp-content\/uploads\/2020\/09\/raccolta-detriti.jpg","_links":{"self":[{"href":"https:\/\/www.radiopiu.net\/wordpress\/wp-json\/wp\/v2\/posts\/158790","targetHints":{"allow":["GET"]}}],"collection":[{"href":"https:\/\/www.radiopiu.net\/wordpress\/wp-json\/wp\/v2\/posts"}],"about":[{"href":"https:\/\/www.radiopiu.net\/wordpress\/wp-json\/wp\/v2\/types\/post"}],"author":[{"embeddable":true,"href":"https:\/\/www.radiopiu.net\/wordpress\/wp-json\/wp\/v2\/users\/4"}],"replies":[{"embeddable":true,"href":"https:\/\/www.radiopiu.net\/wordpress\/wp-json\/wp\/v2\/comments?post=158790"}],"version-history":[{"count":0,"href":"https:\/\/www.radiopiu.net\/wordpress\/wp-json\/wp\/v2\/posts\/158790\/revisions"}],"wp:featuredmedia":[{"embeddable":true,"href":"https:\/\/www.radiopiu.net\/wordpress\/wp-json\/wp\/v2\/media\/158865"}],"wp:attachment":[{"href":"https:\/\/www.radiopiu.net\/wordpress\/wp-json\/wp\/v2\/media?parent=158790"}],"wp:term":[{"taxonomy":"category","embeddable":true,"href":"https:\/\/www.radiopiu.net\/wordpress\/wp-json\/wp\/v2\/categories?post=158790"},{"taxonomy":"post_tag","embeddable":true,"href":"https:\/\/www.radiopiu.net\/wordpress\/wp-json\/wp\/v2\/tags?post=158790"}],"curies":[{"name":"wp","href":"https:\/\/api.w.org\/{rel}","templated":true}]}}