{"id":158996,"date":"2020-09-04T06:30:39","date_gmt":"2020-09-04T04:30:39","guid":{"rendered":"https:\/\/www.radiopiu.net\/wordpress\/?p=158996"},"modified":"2020-09-04T07:49:03","modified_gmt":"2020-09-04T05:49:03","slug":"giornale-radiopiu-04-settembre-2020-direttore-mirko-mezzacasa","status":"publish","type":"post","link":"https:\/\/www.radiopiu.net\/wordpress\/giornale-radiopiu-04-settembre-2020-direttore-mirko-mezzacasa\/","title":{"rendered":"GIORNALE RADIOPIU 04 SETTEMBRE 2020 DIRETTORE MIRKO MEZZACASA"},"content":{"rendered":"<h3><strong>PER RICEVERE QUESTO NOTIZIARIO DIRETTAMENTE SUL TUO CELLULARE ISCRIVITI AL CANALE TELEGRAM\u00a0<\/strong><strong>\u201cRADIO PIU\u00a0 INFORMAZIONE<\/strong><\/h3>\n<p><em>ATTENZIONE: LA NUOVA APP PER IOS-IPHONE<\/em><\/p>\n<div>\n<div><a href=\"https:\/\/apps.apple.com\/it\/app\/radio-pi%C3%B9-emittente-agordina\/id1515939845\">https:\/\/apps.apple.com\/it\/app\/radio-pi%C3%B9-emittente-agordina\/id1515939845<\/a><\/div>\n<\/div>\n<div><\/div>\n<div>\n<div dir=\"auto\"><em>ATTENZIONE: LA NUOVA APP RADIO\u00a0 PER ANDROID<\/em><\/div>\n<\/div>\n<p><a href=\"https:\/\/play.google.com\/store\/apps\/details?id=net.radiopiu.iniko\" target=\"_blank\" rel=\"noopener noreferrer\">https:\/\/play.google.com\/store\/apps\/details?id=net.radiopiu.iniko<\/a><\/p>\n<p>&nbsp;<\/p>\n<hr \/>\n<p>&nbsp;<\/p>\n<p><a class=\"dt-pswp-item pspw-wrap-ready\" href=\"https:\/\/i2.wp.com\/www.radiopiu.net\/wordpress\/wp-content\/uploads\/2018\/08\/ACQUA.jpeg?ssl=1\" data-dt-img-description=\"\" data-large_image_width=\"1280\" data-large_image_height=\"768\"><img loading=\"lazy\" decoding=\"async\" class=\"wp-image-57052 alignleft\" src=\"https:\/\/i2.wp.com\/www.radiopiu.net\/wordpress\/wp-content\/uploads\/2018\/08\/ACQUA.jpeg?resize=198%2C119&amp;ssl=1\" sizes=\"auto, (max-width: 198px) 100vw, 198px\" srcset=\"https:\/\/i2.wp.com\/www.radiopiu.net\/wordpress\/wp-content\/uploads\/2018\/08\/ACQUA.jpeg?resize=300%2C180&amp;ssl=1 300w, https:\/\/i2.wp.com\/www.radiopiu.net\/wordpress\/wp-content\/uploads\/2018\/08\/ACQUA.jpeg?resize=768%2C461&amp;ssl=1 768w, https:\/\/i2.wp.com\/www.radiopiu.net\/wordpress\/wp-content\/uploads\/2018\/08\/ACQUA.jpeg?resize=1024%2C614&amp;ssl=1 1024w, https:\/\/i2.wp.com\/www.radiopiu.net\/wordpress\/wp-content\/uploads\/2018\/08\/ACQUA.jpeg?w=1280&amp;ssl=1 1280w\" alt=\"\" width=\"198\" height=\"119\" data-recalc-dims=\"1\" \/><\/a><\/p>\n<p><strong>AGORDO <\/strong>Gestione Servizi Pubblici informa che ad AGORDO nelle vie DOZZA e FONTANA compreso l\u2019OSPEDALE, l&#8217;acqua erogata dall&#8217;acquedotto non \u00e8 potabile e pu\u00f2 essere usata per scopi alimentari SOLO PREVIA bollitura. GSP ha, comunque, gi\u00e0 adottato le necessarie misure per la disinfezione dell&#8217;acqua presente nei serbatoi e nella rete idrica con l&#8217;aggiunta di cloro<\/p>\n<p><strong>SAN TOMASO AGORDINO<\/strong> nelle localit\u00e0 ROI E PIANEZZE l\u2019acqua erogata dall\u2019acquedotto non \u00e8 potabile e non pu\u00f2 essere usata per scopi alimentari nemmeno mediante bollitura. Viene effettuato da settimane un servizio sostitutivo con autobotte.<\/p>\n<p>&nbsp;<\/p>\n<p>&nbsp;<\/p>\n<hr \/>\n<p>&nbsp;<\/p>\n<div class=\"page-title-head hgroup\">\n<blockquote>\n<h3 class=\"entry-title\">ALPAGO: MANCATO RIENTRO, FUNGAIOLO RITROVATO SENZA VITA<\/h3>\n<\/blockquote>\n<\/div>\n<p class=\"page-title-breadcrumbs\"><strong><a class=\"dt-pswp-item\" href=\"https:\/\/www.radiopiu.net\/wordpress\/wp-content\/uploads\/2020\/04\/salt_20190824_170014_036.jpg\" data-dt-img-description=\"\" data-large_image_width=\"1240\" data-large_image_height=\"930\"><img loading=\"lazy\" decoding=\"async\" class=\"size-medium wp-image-129118 alignleft\" src=\"https:\/\/www.radiopiu.net\/wordpress\/wp-content\/uploads\/2020\/04\/salt_20190824_170014_036-300x225.jpg\" alt=\"\" width=\"300\" height=\"225\" srcset=\"https:\/\/www.radiopiu.net\/wordpress\/wp-content\/uploads\/2020\/04\/salt_20190824_170014_036-300x225.jpg 300w, https:\/\/www.radiopiu.net\/wordpress\/wp-content\/uploads\/2020\/04\/salt_20190824_170014_036-1024x768.jpg 1024w, https:\/\/www.radiopiu.net\/wordpress\/wp-content\/uploads\/2020\/04\/salt_20190824_170014_036-768x576.jpg 768w, https:\/\/www.radiopiu.net\/wordpress\/wp-content\/uploads\/2020\/04\/salt_20190824_170014_036.jpg 1240w\" sizes=\"auto, (max-width: 300px) 100vw, 300px\" \/><\/a>CHIES D&#8217;ALPAGO<\/strong>\u00a0\u00c8 stato ritrovato senza vita un fungaiolo, per il cui mancato rientro la moglie si era allarmata facendo partire le ricerche. Uscito in cerca di funghi ieri mattina alle 9, Aurelio Fullin, ottantenne di Chies d\u2019Alpago (BL), non era pi\u00f9 tornato a casa e la moglie si era rivolta a un vicino, che aveva iniziato a cercarlo nei luoghi frequentati abitualmente. All\u2019uomo si era subito unito un tecnico del Soccorso alpino dell\u2019Alpago incontrato sul posto. Ben presto \u00e8 avvenuto il rinvenimento del corpo esanime, su un prato al limitare del bosco non distante dal cimitero di Chies. Sbarcati in hovering nelle vicinanze, tecnico di elisoccorso ed equipe medica dell\u2019elicottero del Suem hanno solamente potuto constatare il decesso dell\u2019uomo, dovuto quasi sicuramente a un malore. Sopraggiunta nel frattempo, una squadra di soccorritori ha supportato l\u2019equipaggio nell\u2019imbarellamento della salma, recuperata con il verricello e trasportata al cimitero alla presenza dei Carabinieri, in attesa del carro funebre.<\/p>\n<p>&nbsp;<\/p>\n<p>&nbsp;<\/p>\n<hr \/>\n<p>&nbsp;<\/p>\n<blockquote>\n<h3>UN FLASH MOB \u201cALPINISTICO\u201d SULLE 5 TORRI, A CORTINA, PER DIRE NO A NUOVI IMPIANTI E COSTRUZIONI SULLE DOLOMITI<\/h3>\n<\/blockquote>\n<p><strong><a class=\"dt-pswp-item\" href=\"https:\/\/www.radiopiu.net\/wordpress\/wp-content\/uploads\/2020\/09\/flashmob-nocarosello.jpg\" data-dt-img-description=\"\" data-large_image_width=\"800\" data-large_image_height=\"600\"><img loading=\"lazy\" decoding=\"async\" class=\"size-medium wp-image-159066 alignleft\" src=\"https:\/\/www.radiopiu.net\/wordpress\/wp-content\/uploads\/2020\/09\/flashmob-nocarosello-300x225.jpg\" alt=\"\" width=\"300\" height=\"225\" srcset=\"https:\/\/www.radiopiu.net\/wordpress\/wp-content\/uploads\/2020\/09\/flashmob-nocarosello-300x225.jpg 300w, https:\/\/www.radiopiu.net\/wordpress\/wp-content\/uploads\/2020\/09\/flashmob-nocarosello-768x576.jpg 768w, https:\/\/www.radiopiu.net\/wordpress\/wp-content\/uploads\/2020\/09\/flashmob-nocarosello-640x480.jpg 640w, https:\/\/www.radiopiu.net\/wordpress\/wp-content\/uploads\/2020\/09\/flashmob-nocarosello.jpg 800w\" sizes=\"auto, (max-width: 300px) 100vw, 300px\" \/><\/a>CORTINA\u00a0<\/strong>Imprenditori, professionisti e semplici appassionati di montagna si sono dati ieri appuntamento sulle cime delle 5 Torri, a Cortina d\u2019Ampezzo, per manifestare contro la costruzione di impianti e infrastrutture sulle Dolomiti.\u00a0Un \u201cflash mob\u201d verticale, nel quale 10 cordate hanno raggiunto le iconiche vette delle 5 Torri (Torre degli Inglesi, Torre Latina, Torre Grande Cima Ovest, Torre Grande Cima Sud e Torione di mezzo) per esporre degli striscioni dal messaggio chiaro: <strong>\u201c<\/strong>Basta impianti, rispettiamo le montagne\u201d.\u00a0\u201cNon siamo contro lo sci e non siamo integralisti\u201d, dice Valerio Scarpa, a nome di tutti i partecipanti, \u201cSiamo persone che amano la montagna, che la vivono a 360\u00b0 in tutte le stagioni, per lavoro e per passione, e che stanno assistendo impotenti alla distruzione sistematica delle poche aree rimaste libere da impianti nelle Dolomiti\u00a0\u201dSi parla in particolare dei lavori per i Mondiali di sci e le Olimpiadi invernali a Cortina, che stanno avendo un importante impatto sui versanti delle Tofane e delle Cinque Torri, con sensibili ampliamenti di impianti e di infrastrutture di vario genere.\u00a0Il progetto del Carosello in Marmolada, inoltre, prevede la realizzazione di due nuove seggiovie che dalla diga Fedaia permetteranno di raggiungere Sass Bianchet a poche decine di metri dall\u2019attuale Stazione di Punta Rocca, di una seggiovia lungo lago a dislivello zero ed il ripristino di due seggiovie attualmente in disuso, andando a compromettere ulteriormente una situazione difficile in un ambiente molto delicato.\u00a0\u201cQuello che per\u00f2, maggiormente ci indigna \u00e8 il progetto \u201cNo Car\u201d\u201d dice Guido Trevisan, proprietario e gestore del Rifugio Pian dei Fiacconi \u201cfortemente voluto dalla Regione Veneto (prevede un ambizioso collegamento tra i comprensori sciistici di Cortina, Arabba e Civetta); con la scusa di ridurre la mobilit\u00e0 dei mezzi privati sui passi dolomitici propone un\u2019alternativa insostenibile sia dal punto di vista ambientale che economico, andando a compromettere in modo definitivo due fra le aree di maggior pregio ambientale e storico delle Dolomiti Venete: il Giau e il Sief\u201d.\u00a0Il gruppo sostiene che ognuno di questi progetti incider\u00e0 sulla qualit\u00e0 ambientale delle montagne a discapito delle generazioni future, proponendo una idea di turismo che gi\u00e0 dimostra i suoi limiti, e sottolinea che nessuno di questi sia stato minimamente concordato con la popolazione o con le amministrazioni locali dei luoghi d\u2019intervento, come dimostrano le prese di posizione di alcuni sindaci. \u201cNon siamo contro lo sci e non siamo ambientalisti ma non vogliamo che questi progetti ci vengano imposti dall\u2019alto senza avere nemmeno la possibilit\u00e0 di esporre le nostre perplessit\u00e0.\u00a0E\u2019 arrivato il momento di agire e di far sentire la nostra voce per difendere la terra che amiamo\u201d.\u201cBasta impianti \u2013 Rispettiamo la Montagna\u201d<\/p>\n<p>&nbsp;<\/p>\n<div style=\"width: 720px;\" class=\"wp-video\"><video class=\"wp-video-shortcode\" id=\"video-158996-1\" width=\"720\" height=\"576\" preload=\"metadata\" controls=\"controls\"><source type=\"video\/mp4\" src=\"https:\/\/www.radiopiu.net\/wordpress\/wp-content\/uploads\/2020\/09\/DSC_3516.mp4?_=1\" \/><a href=\"https:\/\/www.radiopiu.net\/wordpress\/wp-content\/uploads\/2020\/09\/DSC_3516.mp4\">https:\/\/www.radiopiu.net\/wordpress\/wp-content\/uploads\/2020\/09\/DSC_3516.mp4<\/a><\/video><\/div>\n<p>&nbsp;<\/p>\n<hr \/>\n<p>&nbsp;<\/p>\n<blockquote>\n<h3>ENNESIMO ATTO VANDALICO AD AGORDO<\/h3>\n<\/blockquote>\n<p>&nbsp;<\/p>\n<p><strong><a class=\"dt-pswp-item\" href=\"https:\/\/www.radiopiu.net\/wordpress\/wp-content\/uploads\/2020\/09\/54efe098-ed92-49ab-9a8a-dc118678fea3.jpg\" data-dt-img-description=\"\" data-large_image_width=\"768\" data-large_image_height=\"1024\"><img loading=\"lazy\" decoding=\"async\" class=\"size-medium wp-image-159012 alignleft\" src=\"https:\/\/www.radiopiu.net\/wordpress\/wp-content\/uploads\/2020\/09\/54efe098-ed92-49ab-9a8a-dc118678fea3-225x300.jpg\" alt=\"\" width=\"225\" height=\"300\" srcset=\"https:\/\/www.radiopiu.net\/wordpress\/wp-content\/uploads\/2020\/09\/54efe098-ed92-49ab-9a8a-dc118678fea3-225x300.jpg 225w, https:\/\/www.radiopiu.net\/wordpress\/wp-content\/uploads\/2020\/09\/54efe098-ed92-49ab-9a8a-dc118678fea3-360x480.jpg 360w, https:\/\/www.radiopiu.net\/wordpress\/wp-content\/uploads\/2020\/09\/54efe098-ed92-49ab-9a8a-dc118678fea3.jpg 768w\" sizes=\"auto, (max-width: 225px) 100vw, 225px\" \/><\/a>AGORDO<\/strong> Una bobina di fibra ottica e 4 fioriere nel torrente Rova. Questo il risveglio dei cittadini di Agordo che ancora una volta si trovano di fronte all&#8217;ennesimo atto vandalico. La foto, arrivata in redazione in mattinata, dimostra chiaramente cosa sia successo. Una bobina di grosse dimensioni \u00e8 stata letteralmente gettata nel fiume. Non \u00e8 il primo episodio di questo tipo che viene segnalato all&#8217;altezza di Ponte Rova. Pochi giorni fa un&#8217;altra vigliaccata nei confronti della comunit\u00e0 di Agordo con i fiori gettati nel greto del torrente Rova sulla strada che da via 5 Maggio porta alla piscina comprensoriale.<\/p>\n<p><strong>IL COMMENTO A CALDO DELL&#8217;AMISTRAZIONE COMUNALE DI AGORDO<\/strong><\/p>\n<p>&#8220;Sono amareggiata e avvilita per l&#8217;accaduto &#8211; dichiara l&#8217;assessore Chiara Fontanive &#8211; \u00e8 il secondo episodio nel giro di alcune settimane e non vale la pena di commentare. Sono dispiaciuta per tutto il lavoro e il tempo impiegato da me e dai volontari per abbellire gli angoli del paese per un adeguato decoro urbano. Sono gesti che fanno male alla collettivit\u00e0, al turismo e alla buona volont\u00e0 di chi si impegna per il bene di Agordo&#8221;<\/p>\n<p><strong>\u00a0\u00a0<\/strong><\/p>\n<p><strong>\u00a0<\/strong><\/p>\n<p><strong>L&#8217;ARTICOLO DEI GIORNI SCORSI<\/strong><\/p>\n<blockquote class=\"wp-embedded-content\" data-secret=\"jVy6DTPt2x\"><p><a href=\"https:\/\/www.radiopiu.net\/wordpress\/vigliaccata-notturna-i-vasi-di-fiori-gettati-nel-torrente-rova\/\">VIGLIACCATA NOTTURNA, I VASI DI FIORI GETTATI NEL TORRENTE ROVA<\/a><\/p><\/blockquote>\n<p><iframe loading=\"lazy\" class=\"wp-embedded-content\" sandbox=\"allow-scripts\" security=\"restricted\" style=\"position: absolute; clip: rect(1px, 1px, 1px, 1px);\" title=\"&#8220;VIGLIACCATA NOTTURNA, I VASI DI FIORI GETTATI NEL TORRENTE ROVA&#8221; &#8212; Radio Pi\u00f9\" src=\"https:\/\/www.radiopiu.net\/wordpress\/vigliaccata-notturna-i-vasi-di-fiori-gettati-nel-torrente-rova\/embed\/#?secret=jVy6DTPt2x\" data-secret=\"jVy6DTPt2x\" width=\"600\" height=\"338\" frameborder=\"0\" marginwidth=\"0\" marginheight=\"0\" scrolling=\"no\"><\/iframe><\/p>\n<p>&nbsp;<\/p>\n<hr \/>\n<p>&nbsp;<\/p>\n<blockquote>\n<h3>DENUNCIATO IN STATO DI LIBERTA&#8217; UN QUARANTASEIENNE. SCOPERTE 6 PIANTE DI CANNABIS IN SUO POSSESSO<\/h3>\n<\/blockquote>\n<p><strong>ALLEGHE <\/strong>I Carabinieri di Caprile hanno denunciato in stato di libert\u00e0 un uomo del luogo per\u00a0detenzione ai fini di spaccio di stupefacente. Al quarantaseienne sono state sequestrate 6 piante di cannabis alte circa 2 metri coltivate in dei vasi. I Carabinieri. L&#8217;uomo era monitorato dalle forze dell&#8217;ordine da alcuni giorni dopo che era stato controllato pi\u00f9 volte in altre province, specialmente quella di Padova, in zone dedite allo spaccio di stupefacenti. Le piante sono state trovate in una zona seminascosta la rigogliosa vegetazione.<\/p>\n\n\t\t\t<style type='text\/css'>\n\t\t\t\t#gallery-1 {\n\t\t\t\t\tmargin: auto;\n\t\t\t\t}\n\t\t\t\t#gallery-1 .gallery-item {\n\t\t\t\t\tfloat: left;\n\t\t\t\t\tmargin-top: 10px;\n\t\t\t\t\ttext-align: center;\n\t\t\t\t\twidth: 50%;\n\t\t\t\t}\n\t\t\t\t#gallery-1 img {\n\t\t\t\t\tborder: 2px solid #cfcfcf;\n\t\t\t\t}\n\t\t\t\t#gallery-1 .gallery-caption {\n\t\t\t\t\tmargin-left: 0;\n\t\t\t\t}\n\t\t\t\t\/* see gallery_shortcode() in wp-includes\/media.php *\/\n\t\t\t<\/style>\n\t\t<div id='gallery-1' class='dt-gallery-container gallery galleryid-158996 gallery-columns-2 gallery-size-medium'><dl class='gallery-item'>\n\t\t\t\t<dt class='gallery-icon landscape'>\n\t\t\t\t\t<a class=\"rollover\" href='https:\/\/www.radiopiu.net\/wordpress\/duenunciato-in-stato-di-liberta-un-quarantaseienne\/photo_2020-09-03_11-14-49\/'><img loading=\"lazy\" decoding=\"async\" width=\"300\" height=\"225\" src=\"https:\/\/www.radiopiu.net\/wordpress\/wp-content\/uploads\/2020\/09\/photo_2020-09-03_11-14-49-300x225.jpg\" class=\"attachment-medium size-medium\" alt=\"\" srcset=\"https:\/\/www.radiopiu.net\/wordpress\/wp-content\/uploads\/2020\/09\/photo_2020-09-03_11-14-49-300x225.jpg 300w, https:\/\/www.radiopiu.net\/wordpress\/wp-content\/uploads\/2020\/09\/photo_2020-09-03_11-14-49-768x576.jpg 768w, https:\/\/www.radiopiu.net\/wordpress\/wp-content\/uploads\/2020\/09\/photo_2020-09-03_11-14-49-640x480.jpg 640w, https:\/\/www.radiopiu.net\/wordpress\/wp-content\/uploads\/2020\/09\/photo_2020-09-03_11-14-49.jpg 1024w\" sizes=\"auto, (max-width: 300px) 100vw, 300px\" \/><\/a>\n\t\t\t\t<\/dt><\/dl><dl class='gallery-item'>\n\t\t\t\t<dt class='gallery-icon landscape'>\n\t\t\t\t\t<a class=\"rollover\" href='https:\/\/www.radiopiu.net\/wordpress\/duenunciato-in-stato-di-liberta-un-quarantaseienne\/photo_2020-09-03_11-14-43\/'><img loading=\"lazy\" decoding=\"async\" width=\"300\" height=\"225\" src=\"https:\/\/www.radiopiu.net\/wordpress\/wp-content\/uploads\/2020\/09\/photo_2020-09-03_11-14-43-300x225.jpg\" class=\"attachment-medium size-medium\" alt=\"\" srcset=\"https:\/\/www.radiopiu.net\/wordpress\/wp-content\/uploads\/2020\/09\/photo_2020-09-03_11-14-43-300x225.jpg 300w, https:\/\/www.radiopiu.net\/wordpress\/wp-content\/uploads\/2020\/09\/photo_2020-09-03_11-14-43-768x576.jpg 768w, https:\/\/www.radiopiu.net\/wordpress\/wp-content\/uploads\/2020\/09\/photo_2020-09-03_11-14-43-640x480.jpg 640w, https:\/\/www.radiopiu.net\/wordpress\/wp-content\/uploads\/2020\/09\/photo_2020-09-03_11-14-43.jpg 1024w\" sizes=\"auto, (max-width: 300px) 100vw, 300px\" \/><\/a>\n\t\t\t\t<\/dt><\/dl><br style=\"clear: both\" \/>\n\t\t\t<\/div>\n\n<p>&nbsp;<\/p>\n<hr \/>\n<p>&nbsp;<\/p>\n<blockquote>\n<h3>LUXOTTICA: DAL 14 SETTEMBRE RIPRISTINATE ALCUNE CORSE DEL TRASPORTO PUBBLICO LOCALE<\/h3>\n<\/blockquote>\n<p><strong><a class=\"dt-pswp-item\" href=\"https:\/\/www.radiopiu.net\/wordpress\/wp-content\/uploads\/2020\/07\/814ace46-a8a2-4c2d-a100-4d87aa509ef3.jpg\" data-dt-img-description=\"\" data-large_image_width=\"1560\" data-large_image_height=\"1170\"><img loading=\"lazy\" decoding=\"async\" class=\" wp-image-152483 alignleft\" src=\"https:\/\/www.radiopiu.net\/wordpress\/wp-content\/uploads\/2020\/07\/814ace46-a8a2-4c2d-a100-4d87aa509ef3-300x225.jpg\" alt=\"\" width=\"231\" height=\"173\" srcset=\"https:\/\/www.radiopiu.net\/wordpress\/wp-content\/uploads\/2020\/07\/814ace46-a8a2-4c2d-a100-4d87aa509ef3-300x225.jpg 300w, https:\/\/www.radiopiu.net\/wordpress\/wp-content\/uploads\/2020\/07\/814ace46-a8a2-4c2d-a100-4d87aa509ef3-1024x768.jpg 1024w, https:\/\/www.radiopiu.net\/wordpress\/wp-content\/uploads\/2020\/07\/814ace46-a8a2-4c2d-a100-4d87aa509ef3-768x576.jpg 768w, https:\/\/www.radiopiu.net\/wordpress\/wp-content\/uploads\/2020\/07\/814ace46-a8a2-4c2d-a100-4d87aa509ef3-1536x1152.jpg 1536w, https:\/\/www.radiopiu.net\/wordpress\/wp-content\/uploads\/2020\/07\/814ace46-a8a2-4c2d-a100-4d87aa509ef3.jpg 1560w\" sizes=\"auto, (max-width: 231px) 100vw, 231px\" \/><\/a>AGORDO<\/strong> Si \u00e8 svolto un incontro fra Commissione Trasporti e Luxottica per il problema dei trasporti pubblici. Dopo continue sollecitazione della Rsu, inizia a muoversi qualcosa sul ripristino delle tratte ancora mancanti all&#8217;appello. Da lunedi 14 settembre verranno ripristinati: linea turnisti secondo turno verso Primiero; linea fra Trichiana e Bribano; linea giornalieri verso Rivamonte, dove mancava il rientro delle 17.00. A breve sar\u00e0 ripristinata anche la tratta per i turnisti provenienti da Falcade forse gi\u00e0 da settimana prossima ma, su questo, si attende la conferma ufficiale. Per quanto riguarda il servizio per i notturni e quello navette di Agordo, purtroppo ancora non ci sono novit\u00e0 rilevanti.<\/p>\n<p>&nbsp;<\/p>\n<p>&nbsp;<\/p>\n<hr \/>\n<p>&nbsp;<\/p>\n<div class=\"page-title-head hgroup\">\n<blockquote>\n<h3 class=\"entry-title\">LUXOTTICA INVITA I DIPENDENTI A COMPILARE IL QUESTIONARIO SUL COVID-19<\/h3>\n<\/blockquote>\n<\/div>\n<p class=\"page-title-breadcrumbs\"><strong class=\"photoswipe-wrapper\"><a class=\"dt-pswp-item pspw-wrap-ready\" href=\"https:\/\/i2.wp.com\/www.radiopiu.net\/wordpress\/wp-content\/uploads\/2020\/04\/LUXOTTICA-ITALIA-scaled.jpg?ssl=1\" data-dt-img-description=\"\" data-large_image_width=\"2560\" data-large_image_height=\"1920\"><img loading=\"lazy\" decoding=\"async\" class=\"size-medium wp-image-130528 alignleft jetpack-lazy-image jetpack-lazy-image--handled\" src=\"https:\/\/i0.wp.com\/www.radiopiu.net\/wordpress\/wp-content\/uploads\/2020\/04\/LUXOTTICA-ITALIA.jpg?resize=300%2C225&amp;ssl=1\" sizes=\"auto, (max-width: 300px) 100vw, 300px\" srcset=\"https:\/\/i2.wp.com\/www.radiopiu.net\/wordpress\/wp-content\/uploads\/2020\/04\/LUXOTTICA-ITALIA-scaled.jpg?resize=300%2C225&amp;ssl=1 300w, https:\/\/i2.wp.com\/www.radiopiu.net\/wordpress\/wp-content\/uploads\/2020\/04\/LUXOTTICA-ITALIA-scaled.jpg?resize=1024%2C768&amp;ssl=1 1024w, https:\/\/i2.wp.com\/www.radiopiu.net\/wordpress\/wp-content\/uploads\/2020\/04\/LUXOTTICA-ITALIA-scaled.jpg?resize=768%2C576&amp;ssl=1 768w, https:\/\/i2.wp.com\/www.radiopiu.net\/wordpress\/wp-content\/uploads\/2020\/04\/LUXOTTICA-ITALIA-scaled.jpg?resize=1536%2C1152&amp;ssl=1 1536w, https:\/\/i2.wp.com\/www.radiopiu.net\/wordpress\/wp-content\/uploads\/2020\/04\/LUXOTTICA-ITALIA-scaled.jpg?resize=2048%2C1536&amp;ssl=1 2048w, https:\/\/i2.wp.com\/www.radiopiu.net\/wordpress\/wp-content\/uploads\/2020\/04\/LUXOTTICA-ITALIA-scaled.jpg?w=2400&amp;ssl=1 2400w\" alt=\"\" width=\"300\" height=\"225\" data-recalc-dims=\"1\" data-lazy-loaded=\"1\" \/><\/a>AGORDO\u00a0<\/strong>Luxottica e universit\u00e0 di Padova continuano a proporre questionari ai dipendenti del gruppo per cercare di arginare la possibilit\u00e0 di introdurre in azienda il Coronavirus. Nei mesi di luglio ed agosto le maestranze erano state chiamate a rispondere a delle domande per cercare di capire se i soggetti all\u2019interno dell\u2019azienda potessero essere a rischio contagio. Questo succede anche nel mese di settembre, infatti tutti i dipendenti sono chiamati a compilare il questionario all\u2019interno del sito aziendale dedicato ai dipendenti Luxottica. Continuano anche i tamponi su base volontaria. Ogni lavoratore potr\u00e0 chiedere al proprio responsabile di area di effettuare il tampone al rientro delle vacanze in modo gratuito. Nel frattempo \u00e8 iniziata anche la distribuzione degli occhiali Oakley nei reparti produttivi, montature in plastica che possono sostituire i DPI a disposizione del lavoratore.<\/p>\n<p>&nbsp;<\/p>\n<p>&nbsp;<\/p>\n<hr \/>\n<p>&nbsp;<\/p>\n<blockquote>\n<h3>LA FORESTA DI MALGONERA LABORATORIO A CIELO APERTO POST-VAIA<\/h3>\n<\/blockquote>\n<p><strong>PADOVA\u00a0<\/strong>La\u00a0Foresta\u00a0demaniale regionale di\u00a0Malgonera, in Comune di\u00a0Taibon Agordino\u00a0(BL), gestita da\u00a0Veneto Agricoltura, diventa un\u00a0laboratorio a cielo aperto\u00a0per lo studio delle dinamiche naturali che si instaurano sulle piante del bosco colpite da gravi eventi meteorologici quale \u00e8 stato, per esempio, la tempesta\u00a0Vaia\u00a0dell\u2019ottobre 2018. Il \u201cProgetto Malgonera\u201d sar\u00e0 presentato venerd\u00ec 11 settembre (ore 15:30) a LongaroneFiere in occasione della 2^ edizione del Festival delle Foreste che si svolger\u00e0 in contemporanea a Longarone e in Cansiglio nei giorni 11, 12 e 13 settembre prossimo.\u00a0In Malgonera, nelle aree soggette agli schianti,\u00a0Veneto Agricoltura\u00a0e\u00a0Universit\u00e0 di Padova\u00a0&#8211; Dipartimento Territorio e Sistemi Agroforestali (TESAF), con il coordinamento scientifico del prof. Emanuele Lingua, hanno messo a dimora con diverse modalit\u00e0 d\u2019impianto\u00a0500 piantine\u00a0forestali\u00a0provenienti dal\u00a0Vivaio\u00a0di Veneto Agricoltura di\u00a0Pian di Spini\u00a0(Cansiglio) e successivamente rilevati vari parametri ecologici.\u00a0Gli appezzamenti forestali oggetto di studio, facenti parte di un network di aree sperimentali per lo studio della\u00a0ricolonizzazione post-Vaia\u00a0di tutte le Regioni del Nord Italia interessate dagli schianti, negli anni futuri verranno monitorati per misurare annualmente i\u00a0tassi di insediamento\u00a0dovuti al rinnovamento naturale, di mortalit\u00e0, la presenza di danni da ungulati, gli accrescimenti, la diversit\u00e0 specifica, la presenza di infestazioni parassitarie, ecc.\u00a0Oltre a questi inerventi, per una migliore valorizzazione dell\u2019intero comprensorio della Foresta di Malgonera si sta procedendo anche con una specifica razionalizzazione della scarsa viabilit\u00e0 presente e in precatrie condizioni. Nello specifico, Veneto Agricoltura, d\u2019intesa con TESAF, sta progettando una\u00a0strada silvo-pastorale\u00a0che dalla\u00a0localit\u00e0 Pont\u00a0raggiunge la soprastante\u00a0ex Malga Malgonera. Si tratta di un\u2019opera indispensabile per un\u2019attenta e corretta gestione della Foresta, anche dal punto di vista dei rischi ambientali dovuti agli\u00a0incendi. La strada verr\u00e0 realizzata con criteri modeni e rispettosi della foresta, al fine di minimizzare l\u2019impatto ambientale e valorizzare la naturalit\u00e0 dell\u2019area.<\/p>\n<p><strong>IL SERVIZIO DI GIANNI SANTOMASO DAL CORRIERE DELLE ALPI<\/strong><\/p>\n<audio class=\"wp-audio-shortcode\" id=\"audio-158996-1\" preload=\"none\" style=\"width: 100%;\" controls=\"controls\"><source type=\"audio\/mpeg\" src=\"https:\/\/www.radiopiu.net\/wordpress\/wp-content\/uploads\/2020\/09\/gianni-veneto-agricoltura.mp3?_=1\" \/><a href=\"https:\/\/www.radiopiu.net\/wordpress\/wp-content\/uploads\/2020\/09\/gianni-veneto-agricoltura.mp3\">https:\/\/www.radiopiu.net\/wordpress\/wp-content\/uploads\/2020\/09\/gianni-veneto-agricoltura.mp3<\/a><\/audio>\n<p>&nbsp;<\/p>\n\n\t\t\t<style type='text\/css'>\n\t\t\t\t#gallery-2 {\n\t\t\t\t\tmargin: auto;\n\t\t\t\t}\n\t\t\t\t#gallery-2 .gallery-item {\n\t\t\t\t\tfloat: left;\n\t\t\t\t\tmargin-top: 10px;\n\t\t\t\t\ttext-align: center;\n\t\t\t\t\twidth: 33%;\n\t\t\t\t}\n\t\t\t\t#gallery-2 img {\n\t\t\t\t\tborder: 2px solid #cfcfcf;\n\t\t\t\t}\n\t\t\t\t#gallery-2 .gallery-caption {\n\t\t\t\t\tmargin-left: 0;\n\t\t\t\t}\n\t\t\t\t\/* see gallery_shortcode() in wp-includes\/media.php *\/\n\t\t\t<\/style>\n\t\t<div id='gallery-2' class='dt-gallery-container gallery galleryid-158996 gallery-columns-3 gallery-size-thumbnail'><dl class='gallery-item'>\n\t\t\t\t<dt class='gallery-icon landscape'>\n\t\t\t\t\t<a class=\"rollover rollover-zoom dt-pswp-item\" title=\"7063de9e-f21e-46b7-b202-0ef38f93eac5\" data-dt-img-description=\"\" data-large_image_width=\"1600\" data-large_image_height=\"903\"href='https:\/\/www.radiopiu.net\/wordpress\/wp-content\/uploads\/2020\/09\/7063de9e-f21e-46b7-b202-0ef38f93eac5.jpg'><img loading=\"lazy\" decoding=\"async\" width=\"150\" height=\"150\" src=\"https:\/\/www.radiopiu.net\/wordpress\/wp-content\/uploads\/2020\/09\/7063de9e-f21e-46b7-b202-0ef38f93eac5-150x150.jpg\" class=\"attachment-thumbnail size-thumbnail\" alt=\"\" srcset=\"https:\/\/www.radiopiu.net\/wordpress\/wp-content\/uploads\/2020\/09\/7063de9e-f21e-46b7-b202-0ef38f93eac5-150x150.jpg 150w, https:\/\/www.radiopiu.net\/wordpress\/wp-content\/uploads\/2020\/09\/7063de9e-f21e-46b7-b202-0ef38f93eac5-125x125.jpg 125w, https:\/\/www.radiopiu.net\/wordpress\/wp-content\/uploads\/2020\/09\/7063de9e-f21e-46b7-b202-0ef38f93eac5-200x200.jpg 200w, https:\/\/www.radiopiu.net\/wordpress\/wp-content\/uploads\/2020\/09\/7063de9e-f21e-46b7-b202-0ef38f93eac5-80x80.jpg 80w\" sizes=\"auto, (max-width: 150px) 100vw, 150px\" \/><\/a>\n\t\t\t\t<\/dt><\/dl><dl class='gallery-item'>\n\t\t\t\t<dt class='gallery-icon landscape'>\n\t\t\t\t\t<a class=\"rollover rollover-zoom dt-pswp-item\" title=\"9ee083df-7ec6-4bd6-b292-fb93cf116648\" data-dt-img-description=\"\" data-large_image_width=\"1600\" data-large_image_height=\"903\"href='https:\/\/www.radiopiu.net\/wordpress\/wp-content\/uploads\/2020\/09\/9ee083df-7ec6-4bd6-b292-fb93cf116648.jpg'><img loading=\"lazy\" decoding=\"async\" width=\"150\" height=\"150\" src=\"https:\/\/www.radiopiu.net\/wordpress\/wp-content\/uploads\/2020\/09\/9ee083df-7ec6-4bd6-b292-fb93cf116648-150x150.jpg\" class=\"attachment-thumbnail size-thumbnail\" alt=\"\" srcset=\"https:\/\/www.radiopiu.net\/wordpress\/wp-content\/uploads\/2020\/09\/9ee083df-7ec6-4bd6-b292-fb93cf116648-150x150.jpg 150w, https:\/\/www.radiopiu.net\/wordpress\/wp-content\/uploads\/2020\/09\/9ee083df-7ec6-4bd6-b292-fb93cf116648-125x125.jpg 125w, https:\/\/www.radiopiu.net\/wordpress\/wp-content\/uploads\/2020\/09\/9ee083df-7ec6-4bd6-b292-fb93cf116648-200x200.jpg 200w, https:\/\/www.radiopiu.net\/wordpress\/wp-content\/uploads\/2020\/09\/9ee083df-7ec6-4bd6-b292-fb93cf116648-80x80.jpg 80w\" sizes=\"auto, (max-width: 150px) 100vw, 150px\" \/><\/a>\n\t\t\t\t<\/dt><\/dl><dl class='gallery-item'>\n\t\t\t\t<dt class='gallery-icon portrait'>\n\t\t\t\t\t<a class=\"rollover rollover-zoom dt-pswp-item\" title=\"8890d914-def5-4594-8a12-71546ce46ba4\" data-dt-img-description=\"\" data-large_image_width=\"903\" data-large_image_height=\"1600\"href='https:\/\/www.radiopiu.net\/wordpress\/wp-content\/uploads\/2020\/09\/8890d914-def5-4594-8a12-71546ce46ba4.jpg'><img loading=\"lazy\" decoding=\"async\" width=\"150\" height=\"150\" src=\"https:\/\/www.radiopiu.net\/wordpress\/wp-content\/uploads\/2020\/09\/8890d914-def5-4594-8a12-71546ce46ba4-150x150.jpg\" class=\"attachment-thumbnail size-thumbnail\" alt=\"\" srcset=\"https:\/\/www.radiopiu.net\/wordpress\/wp-content\/uploads\/2020\/09\/8890d914-def5-4594-8a12-71546ce46ba4-150x150.jpg 150w, https:\/\/www.radiopiu.net\/wordpress\/wp-content\/uploads\/2020\/09\/8890d914-def5-4594-8a12-71546ce46ba4-125x125.jpg 125w, https:\/\/www.radiopiu.net\/wordpress\/wp-content\/uploads\/2020\/09\/8890d914-def5-4594-8a12-71546ce46ba4-200x200.jpg 200w, https:\/\/www.radiopiu.net\/wordpress\/wp-content\/uploads\/2020\/09\/8890d914-def5-4594-8a12-71546ce46ba4-80x80.jpg 80w\" sizes=\"auto, (max-width: 150px) 100vw, 150px\" \/><\/a>\n\t\t\t\t<\/dt><\/dl><br style=\"clear: both\" \/><dl class='gallery-item'>\n\t\t\t\t<dt class='gallery-icon landscape'>\n\t\t\t\t\t<a class=\"rollover rollover-zoom dt-pswp-item\" title=\"285451c5-0907-4ec7-86c8-94748dbcb58b\" data-dt-img-description=\"\" data-large_image_width=\"1600\" data-large_image_height=\"903\"href='https:\/\/www.radiopiu.net\/wordpress\/wp-content\/uploads\/2020\/09\/285451c5-0907-4ec7-86c8-94748dbcb58b.jpg'><img loading=\"lazy\" decoding=\"async\" width=\"150\" height=\"150\" src=\"https:\/\/www.radiopiu.net\/wordpress\/wp-content\/uploads\/2020\/09\/285451c5-0907-4ec7-86c8-94748dbcb58b-150x150.jpg\" class=\"attachment-thumbnail size-thumbnail\" alt=\"\" srcset=\"https:\/\/www.radiopiu.net\/wordpress\/wp-content\/uploads\/2020\/09\/285451c5-0907-4ec7-86c8-94748dbcb58b-150x150.jpg 150w, https:\/\/www.radiopiu.net\/wordpress\/wp-content\/uploads\/2020\/09\/285451c5-0907-4ec7-86c8-94748dbcb58b-125x125.jpg 125w, https:\/\/www.radiopiu.net\/wordpress\/wp-content\/uploads\/2020\/09\/285451c5-0907-4ec7-86c8-94748dbcb58b-200x200.jpg 200w, https:\/\/www.radiopiu.net\/wordpress\/wp-content\/uploads\/2020\/09\/285451c5-0907-4ec7-86c8-94748dbcb58b-80x80.jpg 80w\" sizes=\"auto, (max-width: 150px) 100vw, 150px\" \/><\/a>\n\t\t\t\t<\/dt><\/dl><dl class='gallery-item'>\n\t\t\t\t<dt class='gallery-icon landscape'>\n\t\t\t\t\t<a class=\"rollover rollover-zoom dt-pswp-item\" title=\"e1e5641c-bc29-4ee0-86c7-58c59047b9ef\" data-dt-img-description=\"\" data-large_image_width=\"1600\" data-large_image_height=\"903\"href='https:\/\/www.radiopiu.net\/wordpress\/wp-content\/uploads\/2020\/09\/e1e5641c-bc29-4ee0-86c7-58c59047b9ef.jpg'><img loading=\"lazy\" decoding=\"async\" width=\"150\" height=\"150\" src=\"https:\/\/www.radiopiu.net\/wordpress\/wp-content\/uploads\/2020\/09\/e1e5641c-bc29-4ee0-86c7-58c59047b9ef-150x150.jpg\" class=\"attachment-thumbnail size-thumbnail\" alt=\"\" srcset=\"https:\/\/www.radiopiu.net\/wordpress\/wp-content\/uploads\/2020\/09\/e1e5641c-bc29-4ee0-86c7-58c59047b9ef-150x150.jpg 150w, https:\/\/www.radiopiu.net\/wordpress\/wp-content\/uploads\/2020\/09\/e1e5641c-bc29-4ee0-86c7-58c59047b9ef-125x125.jpg 125w, https:\/\/www.radiopiu.net\/wordpress\/wp-content\/uploads\/2020\/09\/e1e5641c-bc29-4ee0-86c7-58c59047b9ef-200x200.jpg 200w, https:\/\/www.radiopiu.net\/wordpress\/wp-content\/uploads\/2020\/09\/e1e5641c-bc29-4ee0-86c7-58c59047b9ef-80x80.jpg 80w\" sizes=\"auto, (max-width: 150px) 100vw, 150px\" \/><\/a>\n\t\t\t\t<\/dt><\/dl><dl class='gallery-item'>\n\t\t\t\t<dt class='gallery-icon landscape'>\n\t\t\t\t\t<a class=\"rollover rollover-zoom dt-pswp-item\" title=\"6fd93f56-ead0-4302-920f-2f9ceaf6c92a\" data-dt-img-description=\"\" data-large_image_width=\"1600\" data-large_image_height=\"903\"href='https:\/\/www.radiopiu.net\/wordpress\/wp-content\/uploads\/2020\/09\/6fd93f56-ead0-4302-920f-2f9ceaf6c92a.jpg'><img loading=\"lazy\" decoding=\"async\" width=\"150\" height=\"150\" src=\"https:\/\/www.radiopiu.net\/wordpress\/wp-content\/uploads\/2020\/09\/6fd93f56-ead0-4302-920f-2f9ceaf6c92a-150x150.jpg\" class=\"attachment-thumbnail size-thumbnail\" alt=\"\" srcset=\"https:\/\/www.radiopiu.net\/wordpress\/wp-content\/uploads\/2020\/09\/6fd93f56-ead0-4302-920f-2f9ceaf6c92a-150x150.jpg 150w, https:\/\/www.radiopiu.net\/wordpress\/wp-content\/uploads\/2020\/09\/6fd93f56-ead0-4302-920f-2f9ceaf6c92a-125x125.jpg 125w, https:\/\/www.radiopiu.net\/wordpress\/wp-content\/uploads\/2020\/09\/6fd93f56-ead0-4302-920f-2f9ceaf6c92a-200x200.jpg 200w, https:\/\/www.radiopiu.net\/wordpress\/wp-content\/uploads\/2020\/09\/6fd93f56-ead0-4302-920f-2f9ceaf6c92a-80x80.jpg 80w\" sizes=\"auto, (max-width: 150px) 100vw, 150px\" \/><\/a>\n\t\t\t\t<\/dt><\/dl><br style=\"clear: both\" \/>\n\t\t\t<\/div>\n\n<p>&nbsp;<\/p>\n<hr \/>\n<p>&nbsp;<\/p>\n<blockquote class=\"wp-embedded-content\" data-secret=\"Vuxtj1itM6\"><p><a href=\"https:\/\/www.radiopiu.net\/wordpress\/coronavirus-aggiornamento-nazionale-03-settembre\/\">CORONAVIRUS: AGGIORNAMENTO NAZIONALE 03 SETTEMBRE<\/a><\/p><\/blockquote>\n<p><iframe loading=\"lazy\" class=\"wp-embedded-content\" sandbox=\"allow-scripts\" security=\"restricted\" style=\"position: absolute; clip: rect(1px, 1px, 1px, 1px);\" title=\"&#8220;CORONAVIRUS: AGGIORNAMENTO NAZIONALE 03 SETTEMBRE&#8221; &#8212; Radio Pi\u00f9\" src=\"https:\/\/www.radiopiu.net\/wordpress\/coronavirus-aggiornamento-nazionale-03-settembre\/embed\/#?secret=Vuxtj1itM6\" data-secret=\"Vuxtj1itM6\" width=\"600\" height=\"338\" frameborder=\"0\" marginwidth=\"0\" marginheight=\"0\" scrolling=\"no\"><\/iframe><\/p>\n<p>&nbsp;<\/p>\n<hr \/>\n<p>&nbsp;<\/p>\n<blockquote class=\"wp-embedded-content\" data-secret=\"XNyE75Pbhr\"><p><a href=\"https:\/\/www.radiopiu.net\/wordpress\/sono-107-i-nuovi-positivi-delle-ultime-24-in-veneto-2-decessi-52-negativizzati-e-un-paziente-in-meno-in-terapia-intensiva-a-belluno-una-nuova-positivita\/\">SONO 107 I NUOVI POSITIVI DELLE ULTIME 24 IN VENETO. 2 DECESSI, 52 NEGATIVIZZATI E UN PAZIENTE IN MENO IN TERAPIA INTENSIVA. A BELLUNO UNA NUOVA POSITIVITA&#8217;<\/a><\/p><\/blockquote>\n<p><iframe loading=\"lazy\" class=\"wp-embedded-content\" sandbox=\"allow-scripts\" security=\"restricted\" style=\"position: absolute; clip: rect(1px, 1px, 1px, 1px);\" title=\"&#8220;SONO 107 I NUOVI POSITIVI DELLE ULTIME 24 IN VENETO. 2 DECESSI, 52 NEGATIVIZZATI E UN PAZIENTE IN MENO IN TERAPIA INTENSIVA. A BELLUNO UNA NUOVA POSITIVITA&#8217;&#8221; &#8212; Radio Pi\u00f9\" src=\"https:\/\/www.radiopiu.net\/wordpress\/sono-107-i-nuovi-positivi-delle-ultime-24-in-veneto-2-decessi-52-negativizzati-e-un-paziente-in-meno-in-terapia-intensiva-a-belluno-una-nuova-positivita\/embed\/#?secret=XNyE75Pbhr\" data-secret=\"XNyE75Pbhr\" width=\"600\" height=\"338\" frameborder=\"0\" marginwidth=\"0\" marginheight=\"0\" scrolling=\"no\"><\/iframe><\/p>\n<p>&nbsp;<\/p>\n<hr \/>\n<p>&nbsp;<\/p>\n<blockquote>\n<h3><em>DATI E GRAFICI DI TIZIANO DE COL<\/em><\/h3>\n<\/blockquote>\n\n\t\t\t<style type='text\/css'>\n\t\t\t\t#gallery-3 {\n\t\t\t\t\tmargin: auto;\n\t\t\t\t}\n\t\t\t\t#gallery-3 .gallery-item {\n\t\t\t\t\tfloat: left;\n\t\t\t\t\tmargin-top: 10px;\n\t\t\t\t\ttext-align: center;\n\t\t\t\t\twidth: 50%;\n\t\t\t\t}\n\t\t\t\t#gallery-3 img {\n\t\t\t\t\tborder: 2px solid #cfcfcf;\n\t\t\t\t}\n\t\t\t\t#gallery-3 .gallery-caption {\n\t\t\t\t\tmargin-left: 0;\n\t\t\t\t}\n\t\t\t\t\/* see gallery_shortcode() in wp-includes\/media.php *\/\n\t\t\t<\/style>\n\t\t<div id='gallery-3' class='dt-gallery-container gallery galleryid-158996 gallery-columns-2 gallery-size-medium'><dl class='gallery-item'>\n\t\t\t\t<dt class='gallery-icon portrait'>\n\t\t\t\t\t<a class=\"rollover rollover-zoom dt-pswp-item\" title=\"415bc73e-5a8e-4ed0-bca7-5d32898cecbf\" data-dt-img-description=\"\" data-large_image_width=\"602\" data-large_image_height=\"675\"href='https:\/\/www.radiopiu.net\/wordpress\/wp-content\/uploads\/2020\/09\/415bc73e-5a8e-4ed0-bca7-5d32898cecbf.jpg'><img loading=\"lazy\" decoding=\"async\" width=\"268\" height=\"300\" src=\"https:\/\/www.radiopiu.net\/wordpress\/wp-content\/uploads\/2020\/09\/415bc73e-5a8e-4ed0-bca7-5d32898cecbf-268x300.jpg\" class=\"attachment-medium size-medium\" alt=\"\" srcset=\"https:\/\/www.radiopiu.net\/wordpress\/wp-content\/uploads\/2020\/09\/415bc73e-5a8e-4ed0-bca7-5d32898cecbf-268x300.jpg 268w, https:\/\/www.radiopiu.net\/wordpress\/wp-content\/uploads\/2020\/09\/415bc73e-5a8e-4ed0-bca7-5d32898cecbf-428x480.jpg 428w, https:\/\/www.radiopiu.net\/wordpress\/wp-content\/uploads\/2020\/09\/415bc73e-5a8e-4ed0-bca7-5d32898cecbf.jpg 602w\" sizes=\"auto, (max-width: 268px) 100vw, 268px\" \/><\/a>\n\t\t\t\t<\/dt><\/dl><dl class='gallery-item'>\n\t\t\t\t<dt class='gallery-icon landscape'>\n\t\t\t\t\t<a class=\"rollover rollover-zoom dt-pswp-item\" title=\"f60ee250-0edc-4a35-afc0-17756ad56804\" data-dt-img-description=\"\" data-large_image_width=\"480\" data-large_image_height=\"336\"href='https:\/\/www.radiopiu.net\/wordpress\/wp-content\/uploads\/2020\/09\/f60ee250-0edc-4a35-afc0-17756ad56804.jpg'><img loading=\"lazy\" decoding=\"async\" width=\"300\" height=\"210\" src=\"https:\/\/www.radiopiu.net\/wordpress\/wp-content\/uploads\/2020\/09\/f60ee250-0edc-4a35-afc0-17756ad56804-300x210.jpg\" class=\"attachment-medium size-medium\" alt=\"\" srcset=\"https:\/\/www.radiopiu.net\/wordpress\/wp-content\/uploads\/2020\/09\/f60ee250-0edc-4a35-afc0-17756ad56804-300x210.jpg 300w, https:\/\/www.radiopiu.net\/wordpress\/wp-content\/uploads\/2020\/09\/f60ee250-0edc-4a35-afc0-17756ad56804.jpg 480w\" sizes=\"auto, (max-width: 300px) 100vw, 300px\" \/><\/a>\n\t\t\t\t<\/dt><\/dl><br style=\"clear: both\" \/>\n\t\t\t<\/div>\n\n<p>&nbsp;<\/p>\n<p>&nbsp;<\/p>\n<hr \/>\n<p>&nbsp;<\/p>\n<blockquote>\n<h3>EMERGENZA COVID 19 BELLUNO: AGGIORNAMENTO DEL 3 SETTEMBRE 2020<\/h3>\n<\/blockquote>\n<p><strong><a class=\"dt-pswp-item\" href=\"https:\/\/www.radiopiu.net\/wordpress\/wp-content\/uploads\/2020\/09\/corona-aggiornamenti-copia.jpg\" data-dt-img-description=\"\" data-large_image_width=\"626\" data-large_image_height=\"417\"><img loading=\"lazy\" decoding=\"async\" class=\" wp-image-158956 alignleft\" src=\"https:\/\/www.radiopiu.net\/wordpress\/wp-content\/uploads\/2020\/09\/corona-aggiornamenti-copia-300x200.jpg\" alt=\"\" width=\"273\" height=\"182\" srcset=\"https:\/\/www.radiopiu.net\/wordpress\/wp-content\/uploads\/2020\/09\/corona-aggiornamenti-copia-300x200.jpg 300w, https:\/\/www.radiopiu.net\/wordpress\/wp-content\/uploads\/2020\/09\/corona-aggiornamenti-copia.jpg 626w\" sizes=\"auto, (max-width: 273px) 100vw, 273px\" \/><\/a>BELLUNO<\/strong>\u00a0Le ultime ore di attivit\u00e0 hanno messo in evidenza un\u2019unica nuova positivit\u00e0 afferente ad un focolaio parentale nell\u2019ambito di una famiglia straniera residente nel nostro territorio. tale focolaio conta attualmente un totale di 5 positivit\u00e0 maturate su soggetti gi\u00e0 quarantenati per effetto della prima positivit\u00e0.\u00a0Ricoverata ieri in malattie infettive a Belluno, su invio del Pronto Soccorso di Feltre, un\u2019anziana paziente Covid positiva con importanti patologie di base. Prossimo, invece alla dimissione, il giovane Covid positivo con quadro respiratorio in fase di netto miglioramento.\u00a0Il Dipartimento di Prevenzione ha isolato ieri 10 persone per sintomatologia, 7 per ingresso dall\u2019estero e un contatto di caso confermato.<\/p>\n<p>&nbsp;<\/p>\n<p>&nbsp;<\/p>\n<hr \/>\n<p>&nbsp;<\/p>\n<blockquote>\n<h3>ULSS DOLOMITI E INPS: COLLABORAZIONE PER MIGLIORARE L\u2019ACCERTAMENTO DEI REQUISITI DI INVALIDIT\u00c0 CIVILE<\/h3>\n<\/blockquote>\n<p><strong><a class=\"dt-pswp-item\" href=\"https:\/\/www.radiopiu.net\/wordpress\/wp-content\/uploads\/2016\/01\/Ospedale_San_Martino_Belluno_2014.jpg\" data-dt-img-description=\"\" data-large_image_width=\"699\" data-large_image_height=\"376\"><img loading=\"lazy\" decoding=\"async\" class=\"size-medium wp-image-15416 alignleft\" src=\"https:\/\/www.radiopiu.net\/wordpress\/wp-content\/uploads\/2016\/01\/Ospedale_San_Martino_Belluno_2014-300x161.jpg\" alt=\"\" width=\"300\" height=\"161\" \/><\/a>BELLUNO\u00a0<\/strong>L&#8217;Ulss Dolomiti e l\u2019INPS \u2013 sede di Belluno hanno siglato un protocollo operativo per migliorare la collaborazione nell\u2019accertamento dei requisiti sanitari in materia d\u2019invalidit\u00e0 civile.\u00a0L\u2019emergenza COVID ha imposto l\u2019attivazione di nuovi modelli organizzativi e gestionali in vari ambiti tra cui, appunto, l\u2019erogazione delle prestazioni inerenti il riconoscimento delle condizioni di invalidit\u00e0 civile e di handicap, nonch\u00e9 la valutazione dei requisiti per il collocamento lavorativo mirato delle persone con invalidit\u00e0.\u00a0\u00a0Ulss Dolomiti e INPS- sede di Belluno, nella cornice di un generale impegno per rafforzare reciprocamente e in modo sinergico le azioni per dare servizi pi\u00f9 efficienti ai cittadini, hanno adottato un innovativo modello sperimentale per ridurre i tempi di erogazione delle prestazioni di competenza comune.\u00a0Il protocollo prevede lo svolgimento congiunto di parte delle commissioni medico legali integrate tra professionisti Ulss e INPS (con particolare riguardo agli accertamenti a favore dei minori e dei pazienti oncologici) al Centro medico legale dell\u2019inps. Saranno inoltre sviluppate congiuntamente modalit\u00e0 valutative orientate all\u2019esame documentale (anche integrate con materiale audiovisivo acquisito telematicamente) al fine di ridurre gli spostamenti degli utenti. La fase della gestione della convocazione a visita e della istruttoria amministrativa verr\u00e0 svolta dall\u2019Ulss Dolomiti.\u00a0Questa procedura sperimentale ha il vantaggio di essere pi\u00f9 rapida, facendo risparmiare tempo sia al cittadino che ai professionisti, e pi\u00f9 sicura perch\u00e9 limita i contatti tra personale sanitario e utenza fragile, in ottemperanza alle raccomandazioni in tema di prevenzione COVID.\u00a0Infine, saranno organizzati specifici\u00a0 incontri formativi con gli operatori dei patronati al fine di rendere completa la domanda amministrativa e la documentazione sanitaria allegata per il riconoscimento della invalidit\u00e0 civile.\u00a0La sperimentazione partir\u00e0 in questi giorni e durer\u00e0 un anno, con conferma in caso di esito positivo.<\/p>\n<p>&nbsp;<\/p>\n<p>&nbsp;<\/p>\n<hr \/>\n<p>&nbsp;<\/p>\n<blockquote>\n<h3>ALLA SCOPERTA DEL TURISMO SOSTENIBILE: LA PROVINCIA IN VISITA ALLA COOPERATIVA APIDOLOMITI<\/h3>\n<\/blockquote>\n<p><strong><a class=\"dt-pswp-item\" href=\"https:\/\/www.radiopiu.net\/wordpress\/wp-content\/uploads\/2020\/09\/IMG_1340.jpg\" data-dt-img-description=\"\" data-large_image_width=\"1632\" data-large_image_height=\"1224\"><img loading=\"lazy\" decoding=\"async\" class=\"size-medium wp-image-159029 alignleft\" src=\"https:\/\/www.radiopiu.net\/wordpress\/wp-content\/uploads\/2020\/09\/IMG_1340-300x225.jpg\" alt=\"\" width=\"300\" height=\"225\" srcset=\"https:\/\/www.radiopiu.net\/wordpress\/wp-content\/uploads\/2020\/09\/IMG_1340-300x225.jpg 300w, https:\/\/www.radiopiu.net\/wordpress\/wp-content\/uploads\/2020\/09\/IMG_1340-1024x768.jpg 1024w, https:\/\/www.radiopiu.net\/wordpress\/wp-content\/uploads\/2020\/09\/IMG_1340-768x576.jpg 768w, https:\/\/www.radiopiu.net\/wordpress\/wp-content\/uploads\/2020\/09\/IMG_1340-1536x1152.jpg 1536w, https:\/\/www.radiopiu.net\/wordpress\/wp-content\/uploads\/2020\/09\/IMG_1340-640x480.jpg 640w, https:\/\/www.radiopiu.net\/wordpress\/wp-content\/uploads\/2020\/09\/IMG_1340.jpg 1632w\" sizes=\"auto, (max-width: 300px) 100vw, 300px\" \/><\/a>BELLUNO <\/strong>Mattinata dolcissima. Nel viaggio alla scoperta del turismo esperienziale, la Provincia ha fatto tappa da Apidolomiti. Una visita informale del consigliere delegato al turismo che sta continuando il progetto di promozione delle peculiarit\u00e0 del territorio; questa volta a Limana nella sede della cooperativa apistica per conoscere l\u2019apicoltura bellunese e il miele made in Dolomiti, che da qualche anno si avvale anche del riconoscimento Dop. \u00abUna realt\u00e0 che non conoscevo e che ho trovato affascinante &#8211; commenta il consigliere provinciale delegato -. L\u2019apicoltura \u00e8 un sapere senza tempo che va promosso anche a livello turistico, perch\u00e9 crea paesaggio e consente di conservare e gustare la dolcezza del territorio dentro un vasetto di ottimo miele\u00bb.\u00a0Il consigliere provinciale ha visitato il laboratorio di Apidolomiti, una struttura all\u2019avanguardia a servizio degli oltre 700 soci della cooperativa. I produttori di miele associati, infatti, sono per la maggior parte hobbisti e utilizzano la sala di smielatura ricavata all\u2019interno della vecchia latteria di Limana. Sala dotata di deumidificatori appositi e macchinari per estrarre e miscelare il miele, oltre a maturatori in cui il frutto delle api viene lasciato a riposare. \u00abDotazioni derivanti da investimenti importanti, che contiamo di implementare ulteriormente &#8211; ha spiegato il presidente di Apidolomiti, Roberto Piol -. In media nel laboratorio vengono lavorati 100 quintali di miele ogni anno, che arriva dai circa 8-9mila alveari dei nostri soci. Oltre a questo, Apidolomiti compera all\u2019ingrosso tutti i materiali che servono all\u2019apicoltore, in modo da renderli fruibili ai soci al minor costo possibile. E svolge attivit\u00e0 di formazione continua e di sportello analisi apistica, in modo da agevolare gli apicoltori nell\u2019assolvimento degli obblighi sanitari. In pi\u00f9, stiamo istituendo l\u2019albo dei produttori certificati, l\u2019albo degli apicoltori professionisti e un albo di assaggiatori esperti, tipo sommelier. <a class=\"dt-pswp-item\" href=\"https:\/\/www.radiopiu.net\/wordpress\/wp-content\/uploads\/2020\/09\/IMG_1335.jpg\" data-dt-img-description=\"\" data-large_image_width=\"1632\" data-large_image_height=\"1224\"><img loading=\"lazy\" decoding=\"async\" class=\"size-medium wp-image-159030 alignright\" src=\"https:\/\/www.radiopiu.net\/wordpress\/wp-content\/uploads\/2020\/09\/IMG_1335-300x225.jpg\" alt=\"\" width=\"300\" height=\"225\" srcset=\"https:\/\/www.radiopiu.net\/wordpress\/wp-content\/uploads\/2020\/09\/IMG_1335-300x225.jpg 300w, https:\/\/www.radiopiu.net\/wordpress\/wp-content\/uploads\/2020\/09\/IMG_1335-1024x768.jpg 1024w, https:\/\/www.radiopiu.net\/wordpress\/wp-content\/uploads\/2020\/09\/IMG_1335-768x576.jpg 768w, https:\/\/www.radiopiu.net\/wordpress\/wp-content\/uploads\/2020\/09\/IMG_1335-1536x1152.jpg 1536w, https:\/\/www.radiopiu.net\/wordpress\/wp-content\/uploads\/2020\/09\/IMG_1335-640x480.jpg 640w, https:\/\/www.radiopiu.net\/wordpress\/wp-content\/uploads\/2020\/09\/IMG_1335.jpg 1632w\" sizes=\"auto, (max-width: 300px) 100vw, 300px\" \/><\/a>Da ultimo, abbiamo creato un marchio unico, in modo da presentarci sul mercato come miele Dop bellunese; in questo senso, i soci possono conferire il loro prodotto alla cooperativa, che poi vende il miele con un\u2019immagine unica, territoriale\u00bb.\u00a0Il 2020 \u00e8 stato un anno abbastanza favorevole per il miele bellunese. \u00abLa primavera \u00e8 stata soleggiata e solo in parte rovinata dalla siccit\u00e0 &#8211; ha spiegato Roberto Piol -. Compromessa in parte la produzione dell\u2019acacia, siamo riusciti ad avere una buona resa dal tiglio. Abbondanti invece i millefiori. Per quanto riguarda le produzioni di nicchia, tiene il rododendro e ultimamente abbiamo avuto anche qualche vasetto di miele di edera\u00bb. Tutta la produzione sar\u00e0 promossa nella tradizionale Festa del Miele, a Limana, il terzo fine settimana di ottobre (dal 16 al 18), con patrocinio della Provincia. \u00a0\u00abSul nostro territorio abbiamo delle realt\u00e0 importantissime &#8211; conclude il consigliere provinciale delegato al turismo -. Apidolomiti \u00e8 un fiore all\u2019occhiello della provincia, che ha creato sinergie tra gli apicoltori per creare un prodotto di altissima qualit\u00e0\u00bb.<\/p>\n<p>&nbsp;<\/p>\n<p>&nbsp;<\/p>\n<hr \/>\n<p>&nbsp;<\/p>\n<blockquote>\n<h3><b>SICUREZZA DELLE INFORMAZIONI E DEI DATI \u2013 FEINAR OTTIENE UNA NUOVA PRESTIGIOSA CERTIFICAZIONE<\/b><\/h3>\n<\/blockquote>\n<p><strong><a class=\"dt-pswp-item\" href=\"https:\/\/www.radiopiu.net\/wordpress\/wp-content\/uploads\/2015\/10\/Confindustria_BL.gif\" data-dt-img-description=\"\" data-large_image_width=\"793\" data-large_image_height=\"211\"><img loading=\"lazy\" decoding=\"async\" class=\"size-medium wp-image-12471 alignleft\" src=\"https:\/\/www.radiopiu.net\/wordpress\/wp-content\/uploads\/2015\/10\/Confindustria_BL-300x80.gif\" alt=\"\" width=\"300\" height=\"80\" \/><\/a>BELLUNO\u00a0<\/strong>Nuovo passo in avanti per Feinar sul fronte della protezione dei dati e delle informazioni, aspetto cruciale per una realt\u00e0 che si occupa di erogare servizi di contabilit\u00e0 e paghe. La societ\u00e0 bellunese infatti ha ottenuto un\u2019importante certificazione: la ISO 27001 nel campo della gestione della infrastruttura tecnologica e applicativa a supporto dell\u2019erogazione dei servizi.\u00a0\u201c<em>Si tratta di un risultato strategico\u201d, afferma Lorraine Berton, presidente di Feinar. \u201cOttenere una certificazione accreditata di questo tipo permette di dimostrare che l\u2019azienda sta seguendo le migliori pratiche in materia di sicurezza delle informazioni. Questo significa fornire un controllo indipendente e qualificato in linea con gli standard internazionali, i requisiti aziendali, contrattuali, legali e normativi<\/em>\u201d.\u00a0I vantaggi della certificazione, sottolinea la stessa Berton, sono principalmente due: \u201cDa un lato, andiamo a consolidare il rapporto fiduciario con i clienti attuali, dall\u2019altro, evitiamo il rischio delle perdite associate alla violazione dei dati e conseguenti sanzioni. Non solo, questa certificazione diventa un elemento di attrattivit\u00e0 nei confronti di nuovi clienti. La sicurezza dei dati \u00e8 diventata un elemento di business\u201d.\u00a0L\u2019obiettivo raggiunto da Feinar \u00e8 frutto, dice Berton, di \u201cun eccezionale lavoro di squadra\u201d.\u00a0E, a proposito di squadra, nuovo direttore di Feinar \u00e8 Andrea Tomasini, 45 anni e laureato in giurisprudenza, che subentra cos\u00ec a Livio Gallio, volto storico della societ\u00e0 andato recentemente in pensione.\u00a0Nominato dal Consiglio di Amministrazione il 10 febbraio scorso, Tomasini ha affiancato Gallio per alcuni mesi e da qualche settimana \u00e8 pienamente operativo nelle sue funzioni.<span class=\"Apple-converted-space\">\u00a0\u00a0<\/span>\u201cA Livio Gallio va un sentito e sincero ringraziamento, da parte mia e di tutto il Consiglio di Amministrazione, per la dedizione, la professionalit\u00e0, l\u2019impegno, la sensibilit\u00e0 con cui ha lavorato in Feinar in questi 39 anni, facendola crescere fino a diventare un punto di riferimento per le aziende del nostro territorio, e non solo\u201d, afferma Berton.<span class=\"Apple-converted-space\">\u00a0\u00a0<\/span>Nel suo curriculum Tomasini vanta numerose esperienze nell\u2019ambito delle risorse umane in aziende strutturate. La sua attivit\u00e0 si \u00e8 anche ampliata in ambito internazionale, in particolare negli Stati Uniti d\u2019America. Nel 2019, inoltre, ha seguito il progetto per la creazione del payroll globale in Electrolux Professional, a seguito dello spin-off e della quotazione in borsa della societ\u00e0.<span class=\"Apple-converted-space\">\u00a0\u00a0<\/span>\u201cA Tomasini vanno invece gli auguri di buon lavoro. A lui spetter\u00e0 guidare la societ\u00e0 in un momento non facile e farla crescere ulteriormente valorizzando il patrimonio di competenze costruito negli anni\u201d, conclude Berton.<\/p>\n<p>&nbsp;<\/p>\n<p>&nbsp;<\/p>\n<hr \/>\n<p>&nbsp;<\/p>\n<blockquote>\n<h3>PRESENTATA LA LISTA BARD-RUBINATO<\/h3>\n<\/blockquote>\n<p><strong><a class=\"dt-pswp-item\" href=\"https:\/\/www.radiopiu.net\/wordpress\/wp-content\/uploads\/2020\/09\/c07b5c15-3f0a-4bf3-8160-17783b4989a9.jpg\" data-dt-img-description=\"\" data-large_image_width=\"2048\" data-large_image_height=\"1362\"><img loading=\"lazy\" decoding=\"async\" class=\"size-medium wp-image-159093 alignleft\" src=\"https:\/\/www.radiopiu.net\/wordpress\/wp-content\/uploads\/2020\/09\/c07b5c15-3f0a-4bf3-8160-17783b4989a9-300x200.jpg\" alt=\"\" width=\"300\" height=\"200\" srcset=\"https:\/\/www.radiopiu.net\/wordpress\/wp-content\/uploads\/2020\/09\/c07b5c15-3f0a-4bf3-8160-17783b4989a9-300x200.jpg 300w, https:\/\/www.radiopiu.net\/wordpress\/wp-content\/uploads\/2020\/09\/c07b5c15-3f0a-4bf3-8160-17783b4989a9-1024x681.jpg 1024w, https:\/\/www.radiopiu.net\/wordpress\/wp-content\/uploads\/2020\/09\/c07b5c15-3f0a-4bf3-8160-17783b4989a9-768x511.jpg 768w, https:\/\/www.radiopiu.net\/wordpress\/wp-content\/uploads\/2020\/09\/c07b5c15-3f0a-4bf3-8160-17783b4989a9-1536x1022.jpg 1536w, https:\/\/www.radiopiu.net\/wordpress\/wp-content\/uploads\/2020\/09\/c07b5c15-3f0a-4bf3-8160-17783b4989a9-640x426.jpg 640w, https:\/\/www.radiopiu.net\/wordpress\/wp-content\/uploads\/2020\/09\/c07b5c15-3f0a-4bf3-8160-17783b4989a9.jpg 2048w\" sizes=\"auto, (max-width: 300px) 100vw, 300px\" \/><\/a>BELLUNO<\/strong><\/p>\n<p>di Moreno Gioli<\/p>\n<p>&nbsp;<\/p>\n<p>&nbsp;<\/p>\n<p>&nbsp;<\/p>\n<p>&nbsp;<\/p>\n<p>&nbsp;<\/p>\n<p>&nbsp;<\/p>\n<p><strong>Il servizio e l&#8217;intervista a Simonetta Rubinato, candidata alla presidenza della regione<\/strong><\/p>\n<audio class=\"wp-audio-shortcode\" id=\"audio-158996-2\" preload=\"none\" style=\"width: 100%;\" controls=\"controls\"><source type=\"audio\/mpeg\" src=\"https:\/\/www.radiopiu.net\/wordpress\/wp-content\/uploads\/2020\/09\/BARD-OK.mp3?_=2\" \/><a href=\"https:\/\/www.radiopiu.net\/wordpress\/wp-content\/uploads\/2020\/09\/BARD-OK.mp3\">https:\/\/www.radiopiu.net\/wordpress\/wp-content\/uploads\/2020\/09\/BARD-OK.mp3<\/a><\/audio>\n<p>&nbsp;<\/p>\n<hr \/>\n<p>&nbsp;<\/p>\n<blockquote>\n<h3>TRASPORTO, NUOVI OBBLIGHI DI LEGGE \u2013 CONFINDUSTRIA BELLUNO DOLOMITI ORGANIZZA CORSI ACCELERATI PER L\u2019OTTENIMENTO DELLA CARTA DI QUALIFICAZIONE DEL CONDUCENTE<\/h3>\n<\/blockquote>\n<p><strong><a class=\"dt-pswp-item\" href=\"https:\/\/www.radiopiu.net\/wordpress\/wp-content\/uploads\/2020\/07\/Patente_bassa.jpg\" data-dt-img-description=\"\" data-large_image_width=\"536\" data-large_image_height=\"356\"><img loading=\"lazy\" decoding=\"async\" class=\"size-medium wp-image-148715 alignleft\" src=\"https:\/\/www.radiopiu.net\/wordpress\/wp-content\/uploads\/2020\/07\/Patente_bassa-300x199.jpg\" alt=\"\" width=\"300\" height=\"199\" srcset=\"https:\/\/www.radiopiu.net\/wordpress\/wp-content\/uploads\/2020\/07\/Patente_bassa-300x199.jpg 300w, https:\/\/www.radiopiu.net\/wordpress\/wp-content\/uploads\/2020\/07\/Patente_bassa.jpg 536w\" sizes=\"auto, (max-width: 300px) 100vw, 300px\" \/><\/a>BELLUNO\u00a0<\/strong>\u00c8 una vera e propria task-force quella organizzata, in tempi record, da Confindustria Belluno Dolomiti per consentire alle aziende associate di adempiere ai nuovi obblighi di legge in materia di CQC, la Carta di qualificazione del conducente, divenuta obbligatoria \u2013 con decreto legislativo 50 del 10 giugno scorso \u2013 per tutti i soggetti titolari di una patente delle categorie C1, C, C1E, CE, D1, D, D1E,\u00a0DE.\u00a0\u201c<em>Fino a oggi la Carta di qualificazione del conducente era obbligatoria solo per gli autotrasportatori professionisti, inquadrati come tali anche a livello contrattuale, oggi la platea si \u00e8 estesa a chiunque conduca mezzi pesanti<\/em>\u201d, spiega Alexander Turrin, presidente della Sezione Industrie dei Trasporti di Confindustria Belluno Dolomiti.<span class=\"Apple-converted-space\">\u00a0\u00a0<\/span>\u201c<em>Questo significa, per esempio, che sono soggetti all\u2019adempimento tutti quei lavoratori che \u2013 all\u2019interno delle aziende \u2013 svolgono, in via non esclusiva, il trasporto merci su mezzi che necessitano di una patente dalla categoria C1 in su<\/em>\u201d, rimarca Turrin.\u00a0Da qui l\u2019avvio del corso \u2013 con il sostegno della Camera di Commercio di Treviso-Belluno &#8211; volto al conseguimento della carta di qualificazione della durata di 140 ore, 130 ore di parte teorica, 10 di pratica.<span class=\"Apple-converted-space\">\u00a0\u00a0<\/span>\u201cS<em>i tratta dell\u2019ennesimo adempimento, ma abbiamo voluto farci trovare pronti e cos\u00ec, gi\u00e0 a febbraio, l\u2019Associazione ha partecipato a un bando dell\u2019ente camerale in modo da abbattere i costi a carico dell\u2019impresa di ben il 50 per cento\u201d, spiega Turrin. \u201cCi siamo mossi subito, prima che la legge diventasse operativa. Adesso c\u2019\u00e8 un periodo di tolleranza ma chi non si adeguer\u00e0 in tempi brevi rischia lo stop con ricadute sull\u2019andamento delle imprese<\/em>\u201d.\u00a0Le lezioni saranno organizzate e tenute da Autoscuole Top Srl, societ\u00e0 di scuola di guida convenzionata con l\u2019Associazione, e si terranno presso la\u00a0sede di Feltre di Confindustria Belluno Dolomiti, a Palazzo Bianco. A seconda delle esigenze, potranno essere individuate altre sedi.<\/p>\n<p>&nbsp;<\/p>\n<p>&nbsp;<\/p>\n<hr \/>\n<p>&nbsp;<\/p>\n<blockquote>\n<h3>I TIFOSI TORNANO ALLO STADIO<\/h3>\n<\/blockquote>\n<p><strong><a class=\"dt-pswp-item\" href=\"https:\/\/www.radiopiu.net\/wordpress\/wp-content\/uploads\/2020\/07\/BOND-ROMA.jpg\" data-dt-img-description=\"\" data-large_image_width=\"640\" data-large_image_height=\"640\"><img loading=\"lazy\" decoding=\"async\" class=\"size-medium wp-image-149602 alignleft\" src=\"https:\/\/www.radiopiu.net\/wordpress\/wp-content\/uploads\/2020\/07\/BOND-ROMA-300x300.jpg\" alt=\"\" width=\"300\" height=\"300\" srcset=\"https:\/\/www.radiopiu.net\/wordpress\/wp-content\/uploads\/2020\/07\/BOND-ROMA-300x300.jpg 300w, https:\/\/www.radiopiu.net\/wordpress\/wp-content\/uploads\/2020\/07\/BOND-ROMA-150x150.jpg 150w, https:\/\/www.radiopiu.net\/wordpress\/wp-content\/uploads\/2020\/07\/BOND-ROMA.jpg 640w\" sizes=\"auto, (max-width: 300px) 100vw, 300px\" \/><\/a>ROMA<\/strong> &#8220;Un grande risultato per lo sport italiano e per la nostra economia&#8221; dichiara il deputato di Forza Italia, Dario Bond, che spiega:\u00a0&#8220;Con un mio ordine del giorno ho chiesto l&#8217;impegno del Governo a valutare la possibilit\u00e0 di consentire il ritorno negli stadi degli abbonati agli eventi calcistici, nel rispetto delle regole di distanziamento sociale, prima del termine dell\u2019emergenza epidemiologica da COVID-19, in considerazione del fatto che essi sono tutti nominativamente individuati e tracciabili. Il Governo ha accolto la mia richiesta&#8221;. &#8220;Lo sport &#8211; aggiunge il deputato forzista &#8211; \u00e8 stato tra i settori pi\u00f9 colpiti dall\u2019emergenza. Basti considerare che numerose discipline (calcio, basket, pallavolo, rugby, pallanuoto, etc) traggono sostentamento economico dalla presenza di un pubblico pagante attraverso forme di abbonamenti che vengono sottoscritti gi\u00e0 mesi prima dell\u2019avvio dei campionati medesimi. \u00a0Se pensiamo solo al calcio italiano, la pandemia di Covid-19 ha provocato una significativa riduzione delle entrate in un settore che muove un volume di affari pari a 2,5 miliardi di euro. Nel calcio peraltro le misure relative alla sicurezza negli stadi hanno quanto meno avuto il merito di rendere tracciabili i 350mila cittadini che si sono abbonati al campionato 2019-2020. Insensato tenere fuori da uno stadio i tifosi e i club&#8221;. &#8220;Bene dunque la decisione del Governo di riaprire agli abbonati e riportare alle manifestazioni gli appassionati &#8211; conclude Bond &#8211; L&#8217;Italia ha bisogno di linfa ed energia, lo sport ne ha da vendere, sia in termini economici che sociali&#8221;.\u00c8 quanto dichiara in una nota il deputato di Forza Italia, Dario Bond, in merito all&#8217;approvazione del suo ordine del giorno<\/p>\n<p>&nbsp;<\/p>\n<p>&nbsp;<\/p>\n<hr \/>\n<p>&nbsp;<\/p>\n<blockquote>\n<h3>CENSITI E MAPPATI 8 MILA CHILOMETRI DI PERCORSI CICLABILI NEL VENETO<\/h3>\n<\/blockquote>\n<p><strong><a class=\"dt-pswp-item\" href=\"https:\/\/www.radiopiu.net\/wordpress\/wp-content\/uploads\/2018\/07\/ciclabile_piave_6.jpg\" data-dt-img-description=\"\" data-large_image_width=\"1280\" data-large_image_height=\"1280\"><img loading=\"lazy\" decoding=\"async\" class=\"size-medium wp-image-54613 alignleft\" src=\"https:\/\/www.radiopiu.net\/wordpress\/wp-content\/uploads\/2018\/07\/ciclabile_piave_6-300x300.jpg\" alt=\"\" width=\"300\" height=\"300\" srcset=\"https:\/\/www.radiopiu.net\/wordpress\/wp-content\/uploads\/2018\/07\/ciclabile_piave_6-300x300.jpg 300w, https:\/\/www.radiopiu.net\/wordpress\/wp-content\/uploads\/2018\/07\/ciclabile_piave_6-150x150.jpg 150w, https:\/\/www.radiopiu.net\/wordpress\/wp-content\/uploads\/2018\/07\/ciclabile_piave_6-768x768.jpg 768w, https:\/\/www.radiopiu.net\/wordpress\/wp-content\/uploads\/2018\/07\/ciclabile_piave_6-1024x1024.jpg 1024w, https:\/\/www.radiopiu.net\/wordpress\/wp-content\/uploads\/2018\/07\/ciclabile_piave_6.jpg 1280w\" sizes=\"auto, (max-width: 300px) 100vw, 300px\" \/><\/a>VENEZIA <\/strong>Completata la mappatura dei percorsi ciclabili del Veneto: il data base \u00e8 disponibile sul sito della Regione. Da oggi i cittadini, gli appassionati di bici, gli escursionisti, gli operatori turistici e tutte le persone interessate possono consultare i contenuti online e sviluppare sistemi di \u2018navigazione\u2019 utili a definire i propri itinerari attraverso gli 8 mila chilometri censiti della rete regionale.\u00a0Ai lavori hanno partecipato le Province del Veneto, l\u2019Anci, Trenitalia, l\u2019Arpav, Veneto Strade, la FIAB, la Soprintendenza e le diverse strutture regionali competenti in materia di pianificazione territoriale, prevenzione, turismo, ecc.\u00a0Dei quasi 8.000 km censiti, 2.563 sono su sedi riservate, compresi quelli su fondo non asfaltato. I percorsi sono stati distinti principalmente in base alle loro caratteristiche (strada, argine, pista ciclabile), specificandone la tipologia (a uso promiscuo veicolare, a uso promiscuo pedonale, corsia riservata, sede propria), la gerarchia (di livello europeo, nazionale, regionale e provinciale) oltre che in base al fondo del tracciato (asfalto, ghiaia, terra battuta). Il data base contente tutti i percorsi mappati \u00e8 disponibile sul sito della Regione.<\/p>\n<p><a href=\"https:\/\/idt2.regione.veneto.it\/idt\/webgis\/viewer?webgisId=82\">CLICCA QUI PER VISUALIZZARE LA MAPPA<\/a><\/p>\n<p>&nbsp;<\/p>\n<hr \/>\n<p>&nbsp;<\/p>\n<blockquote>\n<h3>ALLEANZA TRA PRODUTTORI E GRANDE DISTRIBUZIONE NEL SEGNO DI \u2018LAND OF VENICE&#8217;<\/h3>\n<\/blockquote>\n<p><strong>VENEZIA \u00a0<\/strong>Il marchio promozionale del Veneto \u201cLand of Venice\u201d entra nei supermercati e negli ipermercati a contrassegnare i prodotti di qualit\u00e0 del \u2018made in Veneto\u2019. Lo prevede il progetto di \u2018filiera\u2019 avviato tra Regione e Aspiag service, il gruppo della grande distribuzione titolare del marchio Despar.\u00a0Il logo \u201cLand of Venice\u201d comparir\u00e0 nei cartelli promozionali, sugli scaffali, nei volantini cartacei, nel web e nei cartelli pubblicitari dei 590 punti vendita della catena Aspiag. Andr\u00e0 a contrassegnare e valorizzare le eccellenze del \u2018made in Veneto\u2019: i prodotti a marchio Dop, Igp e Stg\u00a0, le produzioni venete Bio, i prodotti di montagna e quelli certificati con il disciplinare QV (qualit\u00e0 verificata).\u00a0I primi prodotti individuati dal marchio promozionale del Veneto saranno i radicchi ad indicazione geografica protetta<span class=\"Apple-converted-space\">\u00a0 <\/span>&#8211; Verona, Chioggia, Castelfranco, Treviso tardivo e precoce &#8211; e i prodotti lattiero caseari a denominazione di origine.<\/p>\n<p>&nbsp;<\/p>\n<p>&nbsp;<\/p>\n<hr \/>\n<p>&nbsp;<\/p>\n<blockquote>\n<h3>APRE SABATO LA 24a REPTILES DAY E FESTEGGIA VENT\u2019ANNI<\/h3>\n<\/blockquote>\n<p><strong><a class=\"dt-pswp-item\" href=\"https:\/\/www.radiopiu.net\/wordpress\/wp-content\/uploads\/2020\/09\/Camaleonte-a-Reptiles-Day-2019.jpg\" data-dt-img-description=\"\" data-large_image_width=\"2000\" data-large_image_height=\"1338\"><img loading=\"lazy\" decoding=\"async\" class=\"size-medium wp-image-159085 alignleft\" src=\"https:\/\/www.radiopiu.net\/wordpress\/wp-content\/uploads\/2020\/09\/Camaleonte-a-Reptiles-Day-2019-300x201.jpg\" alt=\"\" width=\"300\" height=\"201\" srcset=\"https:\/\/www.radiopiu.net\/wordpress\/wp-content\/uploads\/2020\/09\/Camaleonte-a-Reptiles-Day-2019-300x201.jpg 300w, https:\/\/www.radiopiu.net\/wordpress\/wp-content\/uploads\/2020\/09\/Camaleonte-a-Reptiles-Day-2019-1024x685.jpg 1024w, https:\/\/www.radiopiu.net\/wordpress\/wp-content\/uploads\/2020\/09\/Camaleonte-a-Reptiles-Day-2019-768x514.jpg 768w, https:\/\/www.radiopiu.net\/wordpress\/wp-content\/uploads\/2020\/09\/Camaleonte-a-Reptiles-Day-2019-1536x1028.jpg 1536w, https:\/\/www.radiopiu.net\/wordpress\/wp-content\/uploads\/2020\/09\/Camaleonte-a-Reptiles-Day-2019-640x428.jpg 640w, https:\/\/www.radiopiu.net\/wordpress\/wp-content\/uploads\/2020\/09\/Camaleonte-a-Reptiles-Day-2019.jpg 2000w\" sizes=\"auto, (max-width: 300px) 100vw, 300px\" \/><\/a>LONGARONE\u00a0<\/strong>Apre domani alle 10.00 la 24a edizione di Reptiles Day, la prima mostra scambio di rettili e anfibi in Italia. Una manifestazione che in questi ultimi anni ha saputo confermarsi sempre all\u2019altezza delle aspettative e anche questa edizione, nonostante le difficolt\u00e0 dovute a Covid-19, si preannuncia di assoluto rilievo con quasi 400 tavoli provenienti da tutta Italia e sette Paesi esteri (Ungheria, Repubblica Ceca, Polonia, Austria, Germania, Slovacchia, Slovenia), mentre sono state rifiutate le iscrizioni dai Paesi a maggior rischio pandemia.\u00a0Senz\u2019ombra di dubbio un momento di incontro e di confronto unico nel suo genere per gli appassionati di terrariofilia, grazie anche alle straordinarie offerte in fiera e alle novit\u00e0 imperdibili a cui sono stati abituati. Confermata in particolare anche la presenza della tassidermia con delle incredibili preparazioni osteologiche a tema: un approccio didattico allo studio dell\u2019anatomia animale che trasmette lo straordinario fascino della conoscenza del perch\u00e9 e del come l\u2019evoluzione ha influenzato l\u2019apparato scheletrico nelle diverse classi di vertebrati. Novit\u00e0 di quest\u2019anno sar\u00e0 lo scheletro di una Vipera del Gabon (Bitis Gabonica), il serpente velenoso pi\u00f9 grande al mondo.\u00a0La fiera che diventa quindi anche un&#8217;occasione per imparare ed approfondire grazie anche alla presenza in fiera dell&#8217;Associazione Padovana Acquariologica ed Erpetologica e del medico veterinario messo a disposizione dall\u2019organizzazione: per tutte e due le giornate ci sar\u00e0 la possibilit\u00e0 di ricevere informazioni e suggerimenti gratuiti per i visitatori. Un servizio unico in una fiera che come poche mantiene dopo tanti anni un livello e una qualit\u00e0 espositiva esclusiva, con tutte le eccezionali novit\u00e0 di questo affasciante mondo.<span class=\"Apple-converted-space\">\u00a0Questi gli orari:<\/span>\u00a0sabato 5 settembre, dalle 10 alle 19, e domenica 6 settembre, dalle 9 alle 17 a Longarone per il 24\u00b0 Reptiles Day.<\/p>\n<p>&nbsp;<\/p>\n<p>&nbsp;<\/p>\n<hr \/>\n<p>&nbsp;<\/p>\n<blockquote>\n<h3>IL CENTRO ESTIVO DI CANALE D&#8217;AGORDO<\/h3>\n<\/blockquote>\n<p><strong>CANALE D&#8217;AGORDO<\/strong><\/p>\n<p>di Gianni Santomaso<\/p>\n<audio class=\"wp-audio-shortcode\" id=\"audio-158996-3\" preload=\"none\" style=\"width: 100%;\" controls=\"controls\"><source type=\"audio\/mpeg\" src=\"https:\/\/www.radiopiu.net\/wordpress\/wp-content\/uploads\/2020\/09\/gianni-centro-estivo-canale.mp3?_=3\" \/><a href=\"https:\/\/www.radiopiu.net\/wordpress\/wp-content\/uploads\/2020\/09\/gianni-centro-estivo-canale.mp3\">https:\/\/www.radiopiu.net\/wordpress\/wp-content\/uploads\/2020\/09\/gianni-centro-estivo-canale.mp3<\/a><\/audio>\n<p>&nbsp;<\/p>\n\n\t\t\t<style type='text\/css'>\n\t\t\t\t#gallery-4 {\n\t\t\t\t\tmargin: auto;\n\t\t\t\t}\n\t\t\t\t#gallery-4 .gallery-item {\n\t\t\t\t\tfloat: left;\n\t\t\t\t\tmargin-top: 10px;\n\t\t\t\t\ttext-align: center;\n\t\t\t\t\twidth: 25%;\n\t\t\t\t}\n\t\t\t\t#gallery-4 img {\n\t\t\t\t\tborder: 2px solid #cfcfcf;\n\t\t\t\t}\n\t\t\t\t#gallery-4 .gallery-caption {\n\t\t\t\t\tmargin-left: 0;\n\t\t\t\t}\n\t\t\t\t\/* see gallery_shortcode() in wp-includes\/media.php *\/\n\t\t\t<\/style>\n\t\t<div id='gallery-4' class='dt-gallery-container gallery galleryid-158996 gallery-columns-4 gallery-size-thumbnail'><dl class='gallery-item'>\n\t\t\t\t<dt class='gallery-icon landscape'>\n\t\t\t\t\t<a class=\"rollover rollover-zoom dt-pswp-item\" title=\"6c254d66-2dce-4a41-a665-0c81cbcd090d\" data-dt-img-description=\"\" data-large_image_width=\"1599\" data-large_image_height=\"1200\"href='https:\/\/www.radiopiu.net\/wordpress\/wp-content\/uploads\/2020\/09\/6c254d66-2dce-4a41-a665-0c81cbcd090d.jpg'><img loading=\"lazy\" decoding=\"async\" width=\"150\" height=\"150\" src=\"https:\/\/www.radiopiu.net\/wordpress\/wp-content\/uploads\/2020\/09\/6c254d66-2dce-4a41-a665-0c81cbcd090d-150x150.jpg\" class=\"attachment-thumbnail size-thumbnail\" alt=\"\" srcset=\"https:\/\/www.radiopiu.net\/wordpress\/wp-content\/uploads\/2020\/09\/6c254d66-2dce-4a41-a665-0c81cbcd090d-150x150.jpg 150w, https:\/\/www.radiopiu.net\/wordpress\/wp-content\/uploads\/2020\/09\/6c254d66-2dce-4a41-a665-0c81cbcd090d-125x125.jpg 125w, https:\/\/www.radiopiu.net\/wordpress\/wp-content\/uploads\/2020\/09\/6c254d66-2dce-4a41-a665-0c81cbcd090d-200x200.jpg 200w, https:\/\/www.radiopiu.net\/wordpress\/wp-content\/uploads\/2020\/09\/6c254d66-2dce-4a41-a665-0c81cbcd090d-80x80.jpg 80w\" sizes=\"auto, (max-width: 150px) 100vw, 150px\" \/><\/a>\n\t\t\t\t<\/dt><\/dl><dl class='gallery-item'>\n\t\t\t\t<dt class='gallery-icon landscape'>\n\t\t\t\t\t<a class=\"rollover rollover-zoom dt-pswp-item\" title=\"2bd8c340-a8da-4a04-9610-04c50d8c19ad\" data-dt-img-description=\"\" data-large_image_width=\"1599\" data-large_image_height=\"1200\"href='https:\/\/www.radiopiu.net\/wordpress\/wp-content\/uploads\/2020\/09\/2bd8c340-a8da-4a04-9610-04c50d8c19ad.jpg'><img loading=\"lazy\" decoding=\"async\" width=\"150\" height=\"150\" src=\"https:\/\/www.radiopiu.net\/wordpress\/wp-content\/uploads\/2020\/09\/2bd8c340-a8da-4a04-9610-04c50d8c19ad-150x150.jpg\" class=\"attachment-thumbnail size-thumbnail\" alt=\"\" srcset=\"https:\/\/www.radiopiu.net\/wordpress\/wp-content\/uploads\/2020\/09\/2bd8c340-a8da-4a04-9610-04c50d8c19ad-150x150.jpg 150w, https:\/\/www.radiopiu.net\/wordpress\/wp-content\/uploads\/2020\/09\/2bd8c340-a8da-4a04-9610-04c50d8c19ad-125x125.jpg 125w, https:\/\/www.radiopiu.net\/wordpress\/wp-content\/uploads\/2020\/09\/2bd8c340-a8da-4a04-9610-04c50d8c19ad-200x200.jpg 200w, https:\/\/www.radiopiu.net\/wordpress\/wp-content\/uploads\/2020\/09\/2bd8c340-a8da-4a04-9610-04c50d8c19ad-80x80.jpg 80w\" sizes=\"auto, (max-width: 150px) 100vw, 150px\" \/><\/a>\n\t\t\t\t<\/dt><\/dl><dl class='gallery-item'>\n\t\t\t\t<dt class='gallery-icon landscape'>\n\t\t\t\t\t<a class=\"rollover rollover-zoom dt-pswp-item\" title=\"ac9d4a51-7c7d-41df-9fae-c6e8205a9fe1\" data-dt-img-description=\"\" data-large_image_width=\"1599\" data-large_image_height=\"1200\"href='https:\/\/www.radiopiu.net\/wordpress\/wp-content\/uploads\/2020\/09\/ac9d4a51-7c7d-41df-9fae-c6e8205a9fe1.jpg'><img loading=\"lazy\" decoding=\"async\" width=\"150\" height=\"150\" src=\"https:\/\/www.radiopiu.net\/wordpress\/wp-content\/uploads\/2020\/09\/ac9d4a51-7c7d-41df-9fae-c6e8205a9fe1-150x150.jpg\" class=\"attachment-thumbnail size-thumbnail\" alt=\"\" srcset=\"https:\/\/www.radiopiu.net\/wordpress\/wp-content\/uploads\/2020\/09\/ac9d4a51-7c7d-41df-9fae-c6e8205a9fe1-150x150.jpg 150w, https:\/\/www.radiopiu.net\/wordpress\/wp-content\/uploads\/2020\/09\/ac9d4a51-7c7d-41df-9fae-c6e8205a9fe1-125x125.jpg 125w, https:\/\/www.radiopiu.net\/wordpress\/wp-content\/uploads\/2020\/09\/ac9d4a51-7c7d-41df-9fae-c6e8205a9fe1-200x200.jpg 200w, https:\/\/www.radiopiu.net\/wordpress\/wp-content\/uploads\/2020\/09\/ac9d4a51-7c7d-41df-9fae-c6e8205a9fe1-80x80.jpg 80w\" sizes=\"auto, (max-width: 150px) 100vw, 150px\" \/><\/a>\n\t\t\t\t<\/dt><\/dl><dl class='gallery-item'>\n\t\t\t\t<dt class='gallery-icon portrait'>\n\t\t\t\t\t<a class=\"rollover rollover-zoom dt-pswp-item\" title=\"c3b5b30f-3c3a-494f-a4e9-c32c20431b5b\" data-dt-img-description=\"\" data-large_image_width=\"1200\" data-large_image_height=\"1600\"href='https:\/\/www.radiopiu.net\/wordpress\/wp-content\/uploads\/2020\/09\/c3b5b30f-3c3a-494f-a4e9-c32c20431b5b.jpg'><img loading=\"lazy\" decoding=\"async\" width=\"150\" height=\"150\" src=\"https:\/\/www.radiopiu.net\/wordpress\/wp-content\/uploads\/2020\/09\/c3b5b30f-3c3a-494f-a4e9-c32c20431b5b-150x150.jpg\" class=\"attachment-thumbnail size-thumbnail\" alt=\"\" srcset=\"https:\/\/www.radiopiu.net\/wordpress\/wp-content\/uploads\/2020\/09\/c3b5b30f-3c3a-494f-a4e9-c32c20431b5b-150x150.jpg 150w, https:\/\/www.radiopiu.net\/wordpress\/wp-content\/uploads\/2020\/09\/c3b5b30f-3c3a-494f-a4e9-c32c20431b5b-125x125.jpg 125w, https:\/\/www.radiopiu.net\/wordpress\/wp-content\/uploads\/2020\/09\/c3b5b30f-3c3a-494f-a4e9-c32c20431b5b-200x200.jpg 200w, https:\/\/www.radiopiu.net\/wordpress\/wp-content\/uploads\/2020\/09\/c3b5b30f-3c3a-494f-a4e9-c32c20431b5b-80x80.jpg 80w\" sizes=\"auto, (max-width: 150px) 100vw, 150px\" \/><\/a>\n\t\t\t\t<\/dt><\/dl><br style=\"clear: both\" \/>\n\t\t\t<\/div>\n\n<p>&nbsp;<\/p>\n<hr \/>\n<p>&nbsp;<\/p>\n<blockquote class=\"wp-embedded-content\" data-secret=\"X3SjMnBRXJ\"><p><a href=\"https:\/\/www.radiopiu.net\/wordpress\/malaburocrazia-linps-non-versato-a-maggio-deve-essere-comunicato-in-veneto-il-costo-complessivo-della-burocrazia-e-di-52-miliardi-lanno-verona-e-padova-al-top\/\">MALABUROCRAZIA: L\u2019INPS NON VERSATO A MAGGIO DEVE ESSERE COMUNICATO. IN VENETO IL COSTO COMPLESSIVO DELLA BUROCRAZIA E\u2019 DI 5,2 MILIARDI L\u2019ANNO. VERONA E PADOVA AL TOP<\/a><\/p><\/blockquote>\n<p><iframe loading=\"lazy\" class=\"wp-embedded-content\" sandbox=\"allow-scripts\" security=\"restricted\" style=\"position: absolute; clip: rect(1px, 1px, 1px, 1px);\" title=\"&#8220;MALABUROCRAZIA: L\u2019INPS NON VERSATO A MAGGIO DEVE ESSERE COMUNICATO. IN VENETO IL COSTO COMPLESSIVO DELLA BUROCRAZIA E\u2019 DI 5,2 MILIARDI L\u2019ANNO. VERONA E PADOVA AL TOP&#8221; &#8212; Radio Pi\u00f9\" src=\"https:\/\/www.radiopiu.net\/wordpress\/malaburocrazia-linps-non-versato-a-maggio-deve-essere-comunicato-in-veneto-il-costo-complessivo-della-burocrazia-e-di-52-miliardi-lanno-verona-e-padova-al-top\/embed\/#?secret=X3SjMnBRXJ\" data-secret=\"X3SjMnBRXJ\" width=\"600\" height=\"338\" frameborder=\"0\" marginwidth=\"0\" marginheight=\"0\" scrolling=\"no\"><\/iframe><\/p>\n<p>&nbsp;<\/p>\n<hr \/>\n<p>&nbsp;<\/p>\n<div class=\"page-title-head hgroup\">\n<blockquote>\n<h3 class=\"entry-title\">VAIA 2018: 150MILA EURO A DISPOSIZIONE DEI PRIVATI<\/h3>\n<\/blockquote>\n<\/div>\n<p><img loading=\"lazy\" decoding=\"async\" class=\"wp-image-69396 alignleft jetpack-lazy-image jetpack-lazy-image--handled\" src=\"https:\/\/i2.wp.com\/www.radiopiu.net\/wordpress\/wp-content\/uploads\/2018\/12\/rocca.jpg?resize=167%2C125&amp;ssl=1\" sizes=\"auto, (max-width: 167px) 100vw, 167px\" srcset=\"https:\/\/i2.wp.com\/www.radiopiu.net\/wordpress\/wp-content\/uploads\/2018\/12\/rocca.jpg?resize=300%2C225&amp;ssl=1 300w, https:\/\/i2.wp.com\/www.radiopiu.net\/wordpress\/wp-content\/uploads\/2018\/12\/rocca.jpg?resize=768%2C576&amp;ssl=1 768w, https:\/\/i2.wp.com\/www.radiopiu.net\/wordpress\/wp-content\/uploads\/2018\/12\/rocca.jpg?w=1024&amp;ssl=1 1024w\" alt=\"\" width=\"167\" height=\"125\" data-recalc-dims=\"1\" data-lazy-loaded=\"1\" \/><strong>ROCCA PIETORE<\/strong>\u00a0 Il Comune di Rocca Pietore ha comunicato la cifra a disposizione per ristorare i privati che hanno subito danni tra il 27 ottobre e il 5 novembre 2018. Si tratta di una somma complessiva di 150mila euro provenienti da donazioni di privati o associazioni. I beneficiari sono i proprietari di immobili residenti ell\u2019intero territorio comunale. Il termine della presentazione delle domande \u00e8 stato fissato al 15 ottobre. Le domande vanno presentate all\u2019ufficio protocollo del Comune, oppure per posta con raccomandata o tramite posta certificata.\u00a0 Tutta la documentazione per il bando \u00e8 disponibili sulla home Page del Comune di Rocca Pietore e nella Sezione Amministrazione Trasparente\/ Bandi di gara e contratti\/del sito del Comune di Rocca Pietore https:\/\/www.comune.roccapietore.bl.it\/<\/p>\n<p>&nbsp;<\/p>\n<hr \/>\n<p>&nbsp;<\/p>\n<blockquote>\n<h3>AL VIA IL CONCORSO &#8220;TRAZIONE E CULTURA IN VAL DEL BIOIS&#8221;<\/h3>\n<\/blockquote>\n<p><strong>FALCADE\u00a0<\/strong>E&#8217; partito il concorso fotografico &#8220;Tradizione e Cultura in Val del Biois&#8221;, promosso da PromoFalcade Dolomiti in collaborazione con Gruppo Folk Val Biois e Union ladina Val Biois, per Se Desmonteghea 2020. Il concorso \u00e8 aperto a tutti gli appassionati oltre i 18 anni, che dovranno rappresentare tramite le proprie foto i colori, gli angoli, i vestiti, gli animali di Falcade e di tutta la Valle del Biois. Vi invitiamo a leggere il regolamento su <span role=\"gridcell\"><a class=\"oajrlxb2 g5ia77u1 qu0x051f esr5mh6w e9989ue4 r7d6kgcz rq0escxv nhd2j8a9 nc684nl6 p7hjln8o kvgmc6g5 cxmmr5t8 oygrvhab hcukyx3x jb3vyjys rz4wbd8a qt6c0cv9 a8nywdso i1ao9s8h oo483o9r f1sip0of lzcic4wl pipptul6 gpro0wi8\" tabindex=\"0\" role=\"link\" href=\"https:\/\/l.facebook.com\/l.php?u=https%3A%2F%2Ftap.bio%2F%40falcade_dolomiti%3Ffbclid%3DIwAR37I8zIsOS0DoBb1Ao9jVHG1VYjooYKl6qPLTlDzKCN4osmEoRhtR-KtUY&amp;h=AT0X5y7yv71lRixq4bQlWkrt0VpzdP85QfaCsnU6JWLe1MTzTujy6md3s8SEWEajsam9XfNDuh7_YHKuwwSJcZ7jsbRO4umXM6EETMXwrhNjcGLxgsSGN22dUQ3GtqR5XAoEASa5\" target=\"_blank\" rel=\"nofollow noopener noreferrer\">https:\/\/tap.bio\/@falcade_dolomiti<\/a><\/span> e vi auguriamo buona fortuna. Info e regolamento: <span role=\"gridcell\"><a class=\"oajrlxb2 g5ia77u1 qu0x051f esr5mh6w e9989ue4 r7d6kgcz rq0escxv nhd2j8a9 nc684nl6 p7hjln8o kvgmc6g5 cxmmr5t8 oygrvhab hcukyx3x jb3vyjys rz4wbd8a qt6c0cv9 a8nywdso i1ao9s8h oo483o9r f1sip0of lzcic4wl pipptul6 gpro0wi8\" tabindex=\"0\" role=\"link\" href=\"https:\/\/l.facebook.com\/l.php?u=https%3A%2F%2Ftap.bio%2F%40falcade_dolomiti%3Ffbclid%3DIwAR1bz6pGSZFGmz95s2-QKDHIRBjeUXSL1ED5banaduf1gsSVaO4VocaCLNs&amp;h=AT0X5y7yv71lRixq4bQlWkrt0VpzdP85QfaCsnU6JWLe1MTzTujy6md3s8SEWEajsam9XfNDuh7_YHKuwwSJcZ7jsbRO4umXM6EETMXwrhNjcGLxgsSGN22dUQ3GtqR5XAoEASa5\" target=\"_blank\" rel=\"nofollow noopener noreferrer\">https:\/\/tap.bio\/@falcade_dolomiti<\/a><\/span><\/p>\n<p>&nbsp;<\/p>\n<hr \/>\n<p>&nbsp;<\/p>\n<blockquote>\n<h3>\u201cLUNGO IL PIAVE CIVILT\u00c0 DI UN FIUME\u201d EVIDENZIA LA STORIA DEGLI ZATTIERI<\/h3>\n<\/blockquote>\n<p><strong><a class=\"dt-pswp-item\" href=\"https:\/\/www.radiopiu.net\/wordpress\/wp-content\/uploads\/2019\/08\/553085_385905871470280_1626001170_n.jpg\" data-dt-img-description=\"\" data-large_image_width=\"855\" data-large_image_height=\"569\"><img loading=\"lazy\" decoding=\"async\" class=\" wp-image-94070 alignleft\" src=\"https:\/\/www.radiopiu.net\/wordpress\/wp-content\/uploads\/2019\/08\/553085_385905871470280_1626001170_n-300x200.jpg\" alt=\"\" width=\"171\" height=\"114\" \/><\/a>di\u00a0Renato\u00a0Bona\u00a0<\/strong><\/p>\n<p>Nel maggio-novembre del 1994 fu allestita a Villa Contarini di Piazzola sul Brenta una esposizione sul tema: \u201cLungo il Piave. Civilt\u00e0 di un fiume\u201d che ebbe tra i protagonisti la bellunese \u201cFameja dei zat\u00e8r e menad\u00e0s del Piave\u201d che offr\u00ec preziosa collaborazione all\u2019iniziativa dell\u2019associazione culturale Lombardo-Veneto, alla fondazione G.E. Ghirardi, al Centro internazionale di studi sulle zattere e al Circolo nautico Generali al quale si deve la stampa, nella veneziana \u201cLa Tipografica srl\u201d, del prezioso catalogo (in copertina: veduta del vecchio ponte sul Piave a Belluno, olio su tela, 1840, di Girolamo Moech; in primo piano: Una zattera all\u2019ormeggio con mole di varie dimensioni in sovraccarico, provenienti dalle cave locali e destinate al mercato della pianura). Il presidente dell\u2019associazione Lombardo-Veneto, Nino Agostinetti in presentazione aveva sottolineato il fatto che \u201cAssurto al rango di \u2018fiume sacro alla Patria\u2019 quando le sue acque impetuose, non ancora deviate con sbarramenti e condotte a fini irrigui ed idroelettrici, furono insormontabile ostacolo all\u2019avanzata delle armate austro-tedesche, il Piave \u00e8 ormai irriconoscibile, sovente privo anche di quel \u2018minimo deflusso vitale garantito\u2019 che giuridicamente ne definisce lo status di \u2018fiume\u2019, soltanto in occasione di eccezionali piene autunnali o primaverili si riappropria dell\u2019antico attributo di \u2018fiume rapacissimo\u2019, oggetto di un plurisecolare inesausto intervento dell\u2019uomo teso a regolarne l\u2019alveo e rinforzarne le sponde per proteggere le fertili e popolose campagne del trevigiano\u201d. Ed aveva ricordato che \u201cNell\u2019estate del 1992, in occasione del 500. anniversario dello Statuto degli Zattieri del Piave, la \u2018Fameja dei zat\u00e8r e menad\u00e0s\u2019 di Codissago, frazione di Castellavazzo ancor oggi in gran parte composta da figli e nipoti degli antichi navigatori fluviali, riuscirono a ripercorrere l\u2019intero tracciato del fiume su tre grandi zattere, costruite con le tecniche tradizionali apprese dai loro avi, giungendo a Venezia dopo oltre 200 chilometri di navigazione\u201d e giustamente rilevava che \u201cla rievocazione storica che ebbe vasta eco non solo in ambito locale, si qualific\u00f2 altres\u00ec per una fitta serie di iniziative culturali ed espositive organizzate nei principali centri Cimadolmo, Jesolo, Cavallino, Burano e Murano. Grazie alla fattiva un\u2019ottica unitaria nella suggestiva cornice della maestosa Villa Contarini, con l\u2019intento di illustrare, nei suoi molteplici aspetti, la \u2018civilt\u00e0 di un fiume\u2019 cui tanto dovette la civilt\u00e0 veneziana di cui tutti siamo figli\u201d. Il capitolo che ha suggerito il titolo del catalogo, richiama una realt\u00e0: con l\u2019Adige e la Brenta il Piave fu da sempre l\u2019asse privilegiato di collegamento che, dalla Preistoria e fino a pochi decenni or sono ha avuto una ruolo fondamentale nell\u2019unire il mondo della montagna con quello del mare, sia come via di comunicazione diretta con la navigazione, sia indiretta grazie alle piste sviluppate lungo le sue rive, sfruttare dai primi cacciatori e poi dai pastori, che seguivano le migrazioni delle mandrie. Scomparso il cacciatore, questi viene sostituito dall\u2019agricoltore-pastore-artigiano, figura che \u201cqualifica la popolazione dell\u2019et\u00e0 del bronzo e della prima et\u00e0 del ferro. Lungo la valle del Piave intesa come via commerciale legata soprattutto allo sfruttamento delle ricche miniere agordine e cadorine, unico vettore di trasporto funzionale era\u2026 la zattera! Che era conosciuta &#8211; citiamo sempre dal catalogo &#8211; almeno dall\u2019epoca del bronzo (XII secolo avanti Cristo) ed ininterrottamente presente senza significative soluzioni di continuit\u00e0, fino agli anni Venti del nostro secolo, allorch\u00e9 il progressivo sviluppo di un\u2019adeguata rete di trasporti su rotaia e pi\u00f9 avanti su gomma, ne provoc\u00f2 la rapida scomparsa. Opportunamente, dopo aver evidenziato che la maggior parte dei costruttori-conduttori di zattere dell\u2019alta valle del Piave proveniva da Codissago, si sottolinea che \u201cfigli e nipoti degli antichi navigatori fluviali, riuniti nella ricostituita \u2018Fameja dei zat\u00e8r e menad\u00e0s del Piave\u2019 hanno gelosamente conservato tecniche e consuetudini legate alla millenaria arte della fluitazione, raccogliendole nel locale Museo etnografico e riproponendole ogni anno lungo i maggiori fiumi d\u2019Europa\u201d. In chiusura del capitolo si richiama l\u2019anno 1992 per rammentare che \u201cIn occasione del 500. anniversario dello statuto della corporazione degli zattieri bellunesi &#8211; ratificato dal doge Agostino Barbarigo il 3 agosto 1492, giorno della partenza da Palos delle caravelle di Cristoforo Colombo &#8211; tre zattere costruite con i metodi tradizionali hanno nuovamente percorso il Piave, partendo dal porto fluviale di Perarolo di Cadore e dopo oltre 200 chilometri di navigazione, raggiungendo Venezia; nel Palazzo dogale dell\u2019antica Dominante, alla presenza delle delegazioni provenienti da tutta Europa, \u00e8 stato solennemente ratificato il nuovo statuto internazionale dei naviganti fluviali\u201d.<\/p>\n\n\t\t\t<style type='text\/css'>\n\t\t\t\t#gallery-5 {\n\t\t\t\t\tmargin: auto;\n\t\t\t\t}\n\t\t\t\t#gallery-5 .gallery-item {\n\t\t\t\t\tfloat: left;\n\t\t\t\t\tmargin-top: 10px;\n\t\t\t\t\ttext-align: center;\n\t\t\t\t\twidth: 20%;\n\t\t\t\t}\n\t\t\t\t#gallery-5 img {\n\t\t\t\t\tborder: 2px solid #cfcfcf;\n\t\t\t\t}\n\t\t\t\t#gallery-5 .gallery-caption {\n\t\t\t\t\tmargin-left: 0;\n\t\t\t\t}\n\t\t\t\t\/* see gallery_shortcode() in wp-includes\/media.php *\/\n\t\t\t<\/style>\n\t\t<div id='gallery-5' class='dt-gallery-container gallery galleryid-158996 gallery-columns-5 gallery-size-thumbnail'><dl class='gallery-item'>\n\t\t\t\t<dt class='gallery-icon portrait'>\n\t\t\t\t\t<a class=\"rollover rollover-zoom dt-pswp-item\" title=\"118778193_341809517179015_7242934964997320973_n\" data-dt-img-description=\"\" data-large_image_width=\"1703\" data-large_image_height=\"2048\"href='https:\/\/www.radiopiu.net\/wordpress\/wp-content\/uploads\/2020\/09\/118778193_341809517179015_7242934964997320973_n.jpg'><img loading=\"lazy\" decoding=\"async\" width=\"150\" height=\"150\" src=\"https:\/\/www.radiopiu.net\/wordpress\/wp-content\/uploads\/2020\/09\/118778193_341809517179015_7242934964997320973_n-150x150.jpg\" class=\"attachment-thumbnail size-thumbnail\" alt=\"\" srcset=\"https:\/\/www.radiopiu.net\/wordpress\/wp-content\/uploads\/2020\/09\/118778193_341809517179015_7242934964997320973_n-150x150.jpg 150w, https:\/\/www.radiopiu.net\/wordpress\/wp-content\/uploads\/2020\/09\/118778193_341809517179015_7242934964997320973_n-125x125.jpg 125w, https:\/\/www.radiopiu.net\/wordpress\/wp-content\/uploads\/2020\/09\/118778193_341809517179015_7242934964997320973_n-200x200.jpg 200w, https:\/\/www.radiopiu.net\/wordpress\/wp-content\/uploads\/2020\/09\/118778193_341809517179015_7242934964997320973_n-80x80.jpg 80w\" sizes=\"auto, (max-width: 150px) 100vw, 150px\" \/><\/a>\n\t\t\t\t<\/dt><\/dl><dl class='gallery-item'>\n\t\t\t\t<dt class='gallery-icon landscape'>\n\t\t\t\t\t<a class=\"rollover rollover-zoom dt-pswp-item\" title=\"118794557_317222759377834_4164988672811658451_n\" data-dt-img-description=\"\" data-large_image_width=\"2048\" data-large_image_height=\"1510\"href='https:\/\/www.radiopiu.net\/wordpress\/wp-content\/uploads\/2020\/09\/118794557_317222759377834_4164988672811658451_n.jpg'><img loading=\"lazy\" decoding=\"async\" width=\"150\" height=\"150\" src=\"https:\/\/www.radiopiu.net\/wordpress\/wp-content\/uploads\/2020\/09\/118794557_317222759377834_4164988672811658451_n-150x150.jpg\" class=\"attachment-thumbnail size-thumbnail\" alt=\"\" srcset=\"https:\/\/www.radiopiu.net\/wordpress\/wp-content\/uploads\/2020\/09\/118794557_317222759377834_4164988672811658451_n-150x150.jpg 150w, https:\/\/www.radiopiu.net\/wordpress\/wp-content\/uploads\/2020\/09\/118794557_317222759377834_4164988672811658451_n-125x125.jpg 125w, https:\/\/www.radiopiu.net\/wordpress\/wp-content\/uploads\/2020\/09\/118794557_317222759377834_4164988672811658451_n-200x200.jpg 200w, https:\/\/www.radiopiu.net\/wordpress\/wp-content\/uploads\/2020\/09\/118794557_317222759377834_4164988672811658451_n-80x80.jpg 80w\" sizes=\"auto, (max-width: 150px) 100vw, 150px\" \/><\/a>\n\t\t\t\t<\/dt><\/dl><dl class='gallery-item'>\n\t\t\t\t<dt class='gallery-icon portrait'>\n\t\t\t\t\t<a class=\"rollover rollover-zoom dt-pswp-item\" title=\"118766138_1021952571574712_596325802493130837_n\" data-dt-img-description=\"\" data-large_image_width=\"1419\" data-large_image_height=\"2048\"href='https:\/\/www.radiopiu.net\/wordpress\/wp-content\/uploads\/2020\/09\/118766138_1021952571574712_596325802493130837_n.jpg'><img loading=\"lazy\" decoding=\"async\" width=\"150\" height=\"150\" src=\"https:\/\/www.radiopiu.net\/wordpress\/wp-content\/uploads\/2020\/09\/118766138_1021952571574712_596325802493130837_n-150x150.jpg\" class=\"attachment-thumbnail size-thumbnail\" alt=\"\" srcset=\"https:\/\/www.radiopiu.net\/wordpress\/wp-content\/uploads\/2020\/09\/118766138_1021952571574712_596325802493130837_n-150x150.jpg 150w, https:\/\/www.radiopiu.net\/wordpress\/wp-content\/uploads\/2020\/09\/118766138_1021952571574712_596325802493130837_n-125x125.jpg 125w, https:\/\/www.radiopiu.net\/wordpress\/wp-content\/uploads\/2020\/09\/118766138_1021952571574712_596325802493130837_n-200x200.jpg 200w, https:\/\/www.radiopiu.net\/wordpress\/wp-content\/uploads\/2020\/09\/118766138_1021952571574712_596325802493130837_n-80x80.jpg 80w\" sizes=\"auto, (max-width: 150px) 100vw, 150px\" \/><\/a>\n\t\t\t\t<\/dt><\/dl><dl class='gallery-item'>\n\t\t\t\t<dt class='gallery-icon landscape'>\n\t\t\t\t\t<a class=\"rollover rollover-zoom dt-pswp-item\" title=\"118778820_767667483983302_6469233817483321399_n\" data-dt-img-description=\"\" data-large_image_width=\"2048\" data-large_image_height=\"1277\"href='https:\/\/www.radiopiu.net\/wordpress\/wp-content\/uploads\/2020\/09\/118778820_767667483983302_6469233817483321399_n.jpg'><img loading=\"lazy\" decoding=\"async\" width=\"150\" height=\"150\" src=\"https:\/\/www.radiopiu.net\/wordpress\/wp-content\/uploads\/2020\/09\/118778820_767667483983302_6469233817483321399_n-150x150.jpg\" class=\"attachment-thumbnail size-thumbnail\" alt=\"\" srcset=\"https:\/\/www.radiopiu.net\/wordpress\/wp-content\/uploads\/2020\/09\/118778820_767667483983302_6469233817483321399_n-150x150.jpg 150w, https:\/\/www.radiopiu.net\/wordpress\/wp-content\/uploads\/2020\/09\/118778820_767667483983302_6469233817483321399_n-125x125.jpg 125w, https:\/\/www.radiopiu.net\/wordpress\/wp-content\/uploads\/2020\/09\/118778820_767667483983302_6469233817483321399_n-200x200.jpg 200w, https:\/\/www.radiopiu.net\/wordpress\/wp-content\/uploads\/2020\/09\/118778820_767667483983302_6469233817483321399_n-80x80.jpg 80w\" sizes=\"auto, (max-width: 150px) 100vw, 150px\" \/><\/a>\n\t\t\t\t<\/dt><\/dl><dl class='gallery-item'>\n\t\t\t\t<dt class='gallery-icon portrait'>\n\t\t\t\t\t<a class=\"rollover rollover-zoom dt-pswp-item\" title=\"118729399_610727873138176_6303304960970274632_n\" data-dt-img-description=\"\" data-large_image_width=\"1656\" data-large_image_height=\"2048\"href='https:\/\/www.radiopiu.net\/wordpress\/wp-content\/uploads\/2020\/09\/118729399_610727873138176_6303304960970274632_n.jpg'><img loading=\"lazy\" decoding=\"async\" width=\"150\" height=\"150\" src=\"https:\/\/www.radiopiu.net\/wordpress\/wp-content\/uploads\/2020\/09\/118729399_610727873138176_6303304960970274632_n-150x150.jpg\" class=\"attachment-thumbnail size-thumbnail\" alt=\"\" srcset=\"https:\/\/www.radiopiu.net\/wordpress\/wp-content\/uploads\/2020\/09\/118729399_610727873138176_6303304960970274632_n-150x150.jpg 150w, https:\/\/www.radiopiu.net\/wordpress\/wp-content\/uploads\/2020\/09\/118729399_610727873138176_6303304960970274632_n-125x125.jpg 125w, https:\/\/www.radiopiu.net\/wordpress\/wp-content\/uploads\/2020\/09\/118729399_610727873138176_6303304960970274632_n-200x200.jpg 200w, https:\/\/www.radiopiu.net\/wordpress\/wp-content\/uploads\/2020\/09\/118729399_610727873138176_6303304960970274632_n-80x80.jpg 80w\" sizes=\"auto, (max-width: 150px) 100vw, 150px\" \/><\/a>\n\t\t\t\t<\/dt><\/dl><br style=\"clear: both\" \/><dl class='gallery-item'>\n\t\t\t\t<dt class='gallery-icon landscape'>\n\t\t\t\t\t<a class=\"rollover rollover-zoom dt-pswp-item\" title=\"118785394_341004850429992_4261982288464934098_n\" data-dt-img-description=\"\" data-large_image_width=\"2048\" data-large_image_height=\"1305\"href='https:\/\/www.radiopiu.net\/wordpress\/wp-content\/uploads\/2020\/09\/118785394_341004850429992_4261982288464934098_n.jpg'><img loading=\"lazy\" decoding=\"async\" width=\"150\" height=\"150\" src=\"https:\/\/www.radiopiu.net\/wordpress\/wp-content\/uploads\/2020\/09\/118785394_341004850429992_4261982288464934098_n-150x150.jpg\" class=\"attachment-thumbnail size-thumbnail\" alt=\"\" srcset=\"https:\/\/www.radiopiu.net\/wordpress\/wp-content\/uploads\/2020\/09\/118785394_341004850429992_4261982288464934098_n-150x150.jpg 150w, https:\/\/www.radiopiu.net\/wordpress\/wp-content\/uploads\/2020\/09\/118785394_341004850429992_4261982288464934098_n-125x125.jpg 125w, https:\/\/www.radiopiu.net\/wordpress\/wp-content\/uploads\/2020\/09\/118785394_341004850429992_4261982288464934098_n-200x200.jpg 200w, https:\/\/www.radiopiu.net\/wordpress\/wp-content\/uploads\/2020\/09\/118785394_341004850429992_4261982288464934098_n-80x80.jpg 80w\" sizes=\"auto, (max-width: 150px) 100vw, 150px\" \/><\/a>\n\t\t\t\t<\/dt><\/dl><dl class='gallery-item'>\n\t\t\t\t<dt class='gallery-icon portrait'>\n\t\t\t\t\t<a class=\"rollover rollover-zoom dt-pswp-item\" title=\"118622164_339367220578789_7071737561418116625_n\" data-dt-img-description=\"\" data-large_image_width=\"1384\" data-large_image_height=\"2048\"href='https:\/\/www.radiopiu.net\/wordpress\/wp-content\/uploads\/2020\/09\/118622164_339367220578789_7071737561418116625_n.jpg'><img loading=\"lazy\" decoding=\"async\" width=\"150\" height=\"150\" src=\"https:\/\/www.radiopiu.net\/wordpress\/wp-content\/uploads\/2020\/09\/118622164_339367220578789_7071737561418116625_n-150x150.jpg\" class=\"attachment-thumbnail size-thumbnail\" alt=\"\" srcset=\"https:\/\/www.radiopiu.net\/wordpress\/wp-content\/uploads\/2020\/09\/118622164_339367220578789_7071737561418116625_n-150x150.jpg 150w, https:\/\/www.radiopiu.net\/wordpress\/wp-content\/uploads\/2020\/09\/118622164_339367220578789_7071737561418116625_n-125x125.jpg 125w, https:\/\/www.radiopiu.net\/wordpress\/wp-content\/uploads\/2020\/09\/118622164_339367220578789_7071737561418116625_n-200x200.jpg 200w, https:\/\/www.radiopiu.net\/wordpress\/wp-content\/uploads\/2020\/09\/118622164_339367220578789_7071737561418116625_n-80x80.jpg 80w\" sizes=\"auto, (max-width: 150px) 100vw, 150px\" \/><\/a>\n\t\t\t\t<\/dt><\/dl><dl class='gallery-item'>\n\t\t\t\t<dt class='gallery-icon portrait'>\n\t\t\t\t\t<a class=\"rollover rollover-zoom dt-pswp-item\" title=\"118771963_316130416344240_6246857551793799667_n\" data-dt-img-description=\"\" data-large_image_width=\"1647\" data-large_image_height=\"2048\"href='https:\/\/www.radiopiu.net\/wordpress\/wp-content\/uploads\/2020\/09\/118771963_316130416344240_6246857551793799667_n.jpg'><img loading=\"lazy\" decoding=\"async\" width=\"150\" height=\"150\" src=\"https:\/\/www.radiopiu.net\/wordpress\/wp-content\/uploads\/2020\/09\/118771963_316130416344240_6246857551793799667_n-150x150.jpg\" class=\"attachment-thumbnail size-thumbnail\" alt=\"\" srcset=\"https:\/\/www.radiopiu.net\/wordpress\/wp-content\/uploads\/2020\/09\/118771963_316130416344240_6246857551793799667_n-150x150.jpg 150w, https:\/\/www.radiopiu.net\/wordpress\/wp-content\/uploads\/2020\/09\/118771963_316130416344240_6246857551793799667_n-125x125.jpg 125w, https:\/\/www.radiopiu.net\/wordpress\/wp-content\/uploads\/2020\/09\/118771963_316130416344240_6246857551793799667_n-200x200.jpg 200w, https:\/\/www.radiopiu.net\/wordpress\/wp-content\/uploads\/2020\/09\/118771963_316130416344240_6246857551793799667_n-80x80.jpg 80w\" sizes=\"auto, (max-width: 150px) 100vw, 150px\" \/><\/a>\n\t\t\t\t<\/dt><\/dl><dl class='gallery-item'>\n\t\t\t\t<dt class='gallery-icon landscape'>\n\t\t\t\t\t<a class=\"rollover rollover-zoom dt-pswp-item\" title=\"118765732_786491638559457_8804497186580196324_n\" data-dt-img-description=\"\" data-large_image_width=\"2048\" data-large_image_height=\"1752\"href='https:\/\/www.radiopiu.net\/wordpress\/wp-content\/uploads\/2020\/09\/118765732_786491638559457_8804497186580196324_n.jpg'><img loading=\"lazy\" decoding=\"async\" width=\"150\" height=\"150\" src=\"https:\/\/www.radiopiu.net\/wordpress\/wp-content\/uploads\/2020\/09\/118765732_786491638559457_8804497186580196324_n-150x150.jpg\" class=\"attachment-thumbnail size-thumbnail\" alt=\"\" srcset=\"https:\/\/www.radiopiu.net\/wordpress\/wp-content\/uploads\/2020\/09\/118765732_786491638559457_8804497186580196324_n-150x150.jpg 150w, https:\/\/www.radiopiu.net\/wordpress\/wp-content\/uploads\/2020\/09\/118765732_786491638559457_8804497186580196324_n-125x125.jpg 125w, https:\/\/www.radiopiu.net\/wordpress\/wp-content\/uploads\/2020\/09\/118765732_786491638559457_8804497186580196324_n-200x200.jpg 200w, https:\/\/www.radiopiu.net\/wordpress\/wp-content\/uploads\/2020\/09\/118765732_786491638559457_8804497186580196324_n-80x80.jpg 80w\" sizes=\"auto, (max-width: 150px) 100vw, 150px\" \/><\/a>\n\t\t\t\t<\/dt><\/dl>\n\t\t\t\t<br style='clear: both' \/>\n\t\t\t<\/div>\n\n<p>NELLE FOTO (riproduzioni dal catalogo \u201cLungo il Piave. Civilt\u00e0 di un fiume\u201d): la copertina della pubblicazione del 1994; rara immagine della Sacca della Misericordia di Venezia; proemio dello Statuto degli Zattieri del Piave redatto nella chiesa di San Nicol\u00f2 di Borgo Piave di Belluno domenica 3 giugno 1492; zattere in navigazione nell\u2019alto Trevigiano in un affresco di Paolo Veronese; incisione stampata a Venezia nel 1777 col vasto bacino idrografico dell\u2019alto Piave; zattere in corso di smantellamento a Venezia; il Proclama a stampa del veneto Magistrato alle acque che ricorda la concessione ai cadorini di uno spiazzo a Venezia nei pressi della chiesa di San Francesco della Vigna, per conservare i propri legnami; la \u201cRossa Zat\u00e8ra\u201d dell\u2019antica dinastia di zattieri bellunesi: i Sommavilla di Borgo Piave; incisione a stampa del XVIII secolo raffigurante la citt\u00e0 di Belluno; in basso a sinistra due zattere in navigazione cariche di mercanzie.<\/p>\n<p>&nbsp;<\/p>\n<p>&nbsp;<\/p>\n<hr \/>\n<p>&nbsp;<\/p>\n<p><a class=\"dt-pswp-item\" href=\"https:\/\/www.radiopiu.net\/wordpress\/wp-content\/uploads\/2018\/09\/appuntamenti.jpeg\" data-dt-img-description=\"\" data-large_image_width=\"800\" data-large_image_height=\"100\"><img loading=\"lazy\" decoding=\"async\" class=\"aligncenter wp-image-61958 size-full\" src=\"https:\/\/www.radiopiu.net\/wordpress\/wp-content\/uploads\/2018\/09\/appuntamenti.jpeg\" alt=\"\" width=\"800\" height=\"100\" srcset=\"https:\/\/www.radiopiu.net\/wordpress\/wp-content\/uploads\/2018\/09\/appuntamenti.jpeg 800w, https:\/\/www.radiopiu.net\/wordpress\/wp-content\/uploads\/2018\/09\/appuntamenti-300x38.jpeg 300w, https:\/\/www.radiopiu.net\/wordpress\/wp-content\/uploads\/2018\/09\/appuntamenti-768x96.jpeg 768w\" sizes=\"auto, (max-width: 800px) 100vw, 800px\" \/><\/a><\/p>\n<p>&nbsp;<\/p>\n<blockquote>\n<h3>NUOVI ORARI PER LE VISTE AL CASTELLO DI ANDRAZ<\/h3>\n<\/blockquote>\n<p>Il Castello di Andraz, fino al 13 settembre, sar\u00e0 visitabile dal mercoled\u00ec alla domenica dalle 10 alle 12:30 e dalle 14:30 alle 18. Le visite guidate o libere vanno prenotate al 334 33 46 680 o via mail a info@castellodiandraz.it<\/p>\n<p>&nbsp;<\/p>\n<p>&nbsp;<\/p>\n<hr \/>\n<p>&nbsp;<\/p>\n<blockquote>\n<h3>ARTIGIANI IN MOSTRA AI CADINI DEL BRENTON<\/h3>\n<\/blockquote>\n<p><strong>SOSPIROLO<\/strong> Nei fine settimana di agosto e settembre i visitatori potranno vedere all\u2019opera un artigiano. Alterneranno la loro presenza nell\u2019area dei Cadini: Dario Sogmaister, che realizza mosaici utilizzando sassi colorati raccolti dal greto del Piave; Ilenia Gaio, che produce saponi artigianali, ottenuti con materie prime naturali e rivestiti con lana infeltrita e colorata; Luciano De Barba, che crea sculture in legno e terracotta e produce complementi di arredo utilizzando legno vecchio. A settembre \u00e8 prevista la partecipazione di altri artigiani del circuito Carta Qualit\u00e0.<\/p>\n<p>&nbsp;<\/p>\n<hr \/>\n<div>\n<h3><\/h3>\n<blockquote>\n<h3>&#8220;Letture d&#8217;estate&#8221;, organizzata in collaborazione con le Biblioteche della Valle del Biois:<\/h3>\n<\/blockquote>\n<div><b><i>OGGI, alle ore 20.30 presso la Sala agli Emigranti di via Lotta a Canale d&#8217;Agordo <\/i><\/b>Diego Baroni con &#8220;Ester delle montagne&#8221;. Presenter\u00e0 la serata e dialogher\u00e0 con l&#8217;autore Marilisa Luchetta.<\/div>\n<div><b><i>Sabato 12 settembre, alle ore 20.30 presso la Sala agli Emigranti di via Lotta a Canale d&#8217;Agordo <\/i><\/b>Nicola Scodro con &#8220;Naufragi di un&#8217;illusione&#8221;. Letture dell&#8217;autore ed intervento di Althea Ronzani<\/div>\n<blockquote>\n<div><em>Per la partecipazione agli eventi si raccomanda la<u> prenotazione allo 0437 1948030 <\/u>(e-mail: info@prolococanale.it) oppure direttamente alla reception dell&#8217;ufficio informazioni presso il Museo Albino Luciani di Canale d&#8217;Agordo.<\/em><\/div>\n<\/blockquote>\n<\/div>\n<p>&nbsp;<\/p>\n<hr \/>\n<p>&nbsp;<\/p>\n<blockquote>\n<h3>OTTAVIO ROSSI PROPHETA IN PATRIA<\/h3>\n<\/blockquote>\n<p><strong>SAN TOMASO<\/strong> \u201cEn giro per Zelat\u201d:\u00a0 riproduzioni artistiche tra le architetture di montagna. Le tappe con partenza ed arrivo a Celat. Organizzazione della Pro Loco di San Tomaso con il contributo della Cassa Rurale Dolomiti di Fassa Primiero e Belluno.<\/p>\n<p>&nbsp;<\/p>\n<hr \/>\n<p>&nbsp;<\/p>\n<blockquote>\n<h3>IL CIRCO PATUF A\u00a0 CESIOMAGGIORE FINO AL 5 SETTEMBRE<\/h3>\n<\/blockquote>\n<p><b>CESIOMAGGIORE <\/b>La carovana \u00e8 a Cesiomaggiore dove proporr\u00e0 gli spettacoli alle 21.15, la domenica anche alle 18.30<\/p>\n<p>&nbsp;<\/p>\n<hr \/>\n<blockquote>\n<h3><\/h3>\n<\/blockquote>\n<blockquote>\n<h3>EL CANAL DE AGORDO<\/h3>\n<\/blockquote>\n<p><strong>AGORDO<\/strong> Scavare nel passato, storia ed archeologia da San Gottardo a Pont del Cristo. La mostra \u00e8 allestita al Museo mineralogico e paleontologico di via 5 maggio con ingresso libero. Fino al 6 settembre il venerdi, sabato e domenica dalle 10 alle 12.30 e dalle 16 alle 19. Info: archeoagordo.arca@gmail.com<\/p>\n<p>&nbsp;<\/p>\n<hr \/>\n<p>&nbsp;<\/p>\n<blockquote>\n<h3>A CANALE E VALLADA MOSTRE INCONTRI\u00a0 E MUSEI<\/h3>\n<\/blockquote>\n<p><strong><span style=\"color: #000000;\"><span style=\"font-family: Arial, sans-serif;\"><span style=\"font-size: small;\"><span lang=\"it-IT\">Presso il Musal<\/span><\/span><\/span><\/span><span style=\"color: #000000;\"><span style=\"font-family: Arial, sans-serif;\"><span style=\"font-size: small;\"><span lang=\"it-IT\">,<\/span><\/span><\/span><\/span><\/strong> <span style=\"color: #000000;\"><span style=\"font-family: Arial, sans-serif;\"><span style=\"font-size: small;\"><span lang=\"it-IT\">fino al 28 settembre <\/span><\/span><\/span><\/span><span style=\"color: #000000;\"><span style=\"font-family: Arial, sans-serif;\"><span style=\"font-size: small;\"><span lang=\"it-IT\">(fino al 13 settembre tutti i giorni 9.30-12.30; 15.30-18.30; dal 14 settembre: venerd\u00ec, sabato e domenica 9.00-12.00; 15.00-18.00), \u00e8 visitabile la mostra <\/span><\/span><\/span><\/span><span style=\"color: #000000;\"><span style=\"font-family: Arial, sans-serif;\"><span style=\"font-size: small;\"><span lang=\"it-IT\"><i>Gli ultimi papi europei: itinerari tra i paesi natali degli ultimi pontefici<\/i><\/span><\/span><\/span><\/span><span style=\"color: #000000;\"><span style=\"font-family: Arial, sans-serif;\"><span style=\"font-size: small;\"><span lang=\"it-IT\"><i>. <\/i><\/span><\/span><\/span><\/span><\/p>\n<p>&nbsp;<\/p>\n<hr \/>\n<blockquote>\n<h2 class=\"tw-data-text tw-text-large XcVN5d tw-ta\" dir=\"ltr\" data-placeholder=\"Traduzione\"><span lang=\"en\">appointments recommended by radio pi\u00f9<\/span><\/h2>\n<\/blockquote>\n\n\t\t\t<style type='text\/css'>\n\t\t\t\t#gallery-6 {\n\t\t\t\t\tmargin: auto;\n\t\t\t\t}\n\t\t\t\t#gallery-6 .gallery-item {\n\t\t\t\t\tfloat: left;\n\t\t\t\t\tmargin-top: 10px;\n\t\t\t\t\ttext-align: center;\n\t\t\t\t\twidth: 25%;\n\t\t\t\t}\n\t\t\t\t#gallery-6 img {\n\t\t\t\t\tborder: 2px solid #cfcfcf;\n\t\t\t\t}\n\t\t\t\t#gallery-6 .gallery-caption {\n\t\t\t\t\tmargin-left: 0;\n\t\t\t\t}\n\t\t\t\t\/* see gallery_shortcode() in wp-includes\/media.php *\/\n\t\t\t<\/style>\n\t\t<div id='gallery-6' class='dt-gallery-container gallery galleryid-158996 gallery-columns-4 gallery-size-thumbnail'><dl class='gallery-item'>\n\t\t\t\t<dt class='gallery-icon portrait'>\n\t\t\t\t\t<a class=\"rollover rollover-zoom dt-pswp-item\" title=\"446199a0-ccb6-4daa-88f9-ee34f5a4944a\" data-dt-img-description=\"\" data-large_image_width=\"1080\" data-large_image_height=\"1350\"href='https:\/\/www.radiopiu.net\/wordpress\/wp-content\/uploads\/2020\/07\/446199a0-ccb6-4daa-88f9-ee34f5a4944a.jpg'><img loading=\"lazy\" decoding=\"async\" width=\"150\" height=\"150\" src=\"https:\/\/www.radiopiu.net\/wordpress\/wp-content\/uploads\/2020\/07\/446199a0-ccb6-4daa-88f9-ee34f5a4944a-150x150.jpg\" class=\"attachment-thumbnail size-thumbnail\" alt=\"\" \/><\/a>\n\t\t\t\t<\/dt><\/dl><dl class='gallery-item'>\n\t\t\t\t<dt class='gallery-icon portrait'>\n\t\t\t\t\t<a class=\"rollover rollover-zoom dt-pswp-item\" title=\"LOCANDINA_MOSTRA andraz\" data-dt-img-description=\"\" data-large_image_width=\"1753\" data-large_image_height=\"2480\"href='https:\/\/www.radiopiu.net\/wordpress\/wp-content\/uploads\/2020\/08\/LOCANDINA_MOSTRA-andraz.jpg'><img loading=\"lazy\" decoding=\"async\" width=\"150\" height=\"150\" src=\"https:\/\/www.radiopiu.net\/wordpress\/wp-content\/uploads\/2020\/08\/LOCANDINA_MOSTRA-andraz-150x150.jpg\" class=\"attachment-thumbnail size-thumbnail\" alt=\"\" \/><\/a>\n\t\t\t\t<\/dt><\/dl><dl class='gallery-item'>\n\t\t\t\t<dt class='gallery-icon portrait'>\n\t\t\t\t\t<a class=\"rollover rollover-zoom dt-pswp-item\" title=\"890a4078-1eac-4e06-bfd3-59033f51722d\" data-dt-img-description=\"\" data-large_image_width=\"640\" data-large_image_height=\"1600\"href='https:\/\/www.radiopiu.net\/wordpress\/wp-content\/uploads\/2020\/08\/890a4078-1eac-4e06-bfd3-59033f51722d.jpg'><img loading=\"lazy\" decoding=\"async\" width=\"150\" height=\"150\" src=\"https:\/\/www.radiopiu.net\/wordpress\/wp-content\/uploads\/2020\/08\/890a4078-1eac-4e06-bfd3-59033f51722d-150x150.jpg\" class=\"attachment-thumbnail size-thumbnail\" alt=\"\" \/><\/a>\n\t\t\t\t<\/dt><\/dl><dl class='gallery-item'>\n\t\t\t\t<dt class='gallery-icon portrait'>\n\t\t\t\t\t<a class=\"rollover rollover-zoom dt-pswp-item\" title=\"VERTICAL 107 RINVIATA 5 SETTEMBRE\" data-dt-img-description=\"\" data-large_image_width=\"748\" data-large_image_height=\"1074\"href='https:\/\/www.radiopiu.net\/wordpress\/wp-content\/uploads\/2020\/08\/VERTICAL-107-RINVIATA-5-SETTEMBRE.jpg'><img loading=\"lazy\" decoding=\"async\" width=\"150\" height=\"150\" src=\"https:\/\/www.radiopiu.net\/wordpress\/wp-content\/uploads\/2020\/08\/VERTICAL-107-RINVIATA-5-SETTEMBRE-150x150.jpg\" class=\"attachment-thumbnail size-thumbnail\" alt=\"\" srcset=\"https:\/\/www.radiopiu.net\/wordpress\/wp-content\/uploads\/2020\/08\/VERTICAL-107-RINVIATA-5-SETTEMBRE-150x150.jpg 150w, https:\/\/www.radiopiu.net\/wordpress\/wp-content\/uploads\/2020\/08\/VERTICAL-107-RINVIATA-5-SETTEMBRE-125x125.jpg 125w, https:\/\/www.radiopiu.net\/wordpress\/wp-content\/uploads\/2020\/08\/VERTICAL-107-RINVIATA-5-SETTEMBRE-200x200.jpg 200w, https:\/\/www.radiopiu.net\/wordpress\/wp-content\/uploads\/2020\/08\/VERTICAL-107-RINVIATA-5-SETTEMBRE-80x80.jpg 80w\" sizes=\"auto, (max-width: 150px) 100vw, 150px\" \/><\/a>\n\t\t\t\t<\/dt><\/dl><br style=\"clear: both\" \/><dl class='gallery-item'>\n\t\t\t\t<dt class='gallery-icon landscape'>\n\t\t\t\t\t<a class=\"rollover rollover-zoom dt-pswp-item\" title=\"castello andraz autunno2020\" data-dt-img-description=\"\" data-large_image_width=\"2000\" data-large_image_height=\"1414\"href='https:\/\/www.radiopiu.net\/wordpress\/wp-content\/uploads\/2020\/08\/castello-andraz-autunno2020.png'><img loading=\"lazy\" decoding=\"async\" width=\"150\" height=\"150\" src=\"https:\/\/www.radiopiu.net\/wordpress\/wp-content\/uploads\/2020\/08\/castello-andraz-autunno2020-150x150.png\" class=\"attachment-thumbnail size-thumbnail\" alt=\"\" srcset=\"https:\/\/www.radiopiu.net\/wordpress\/wp-content\/uploads\/2020\/08\/castello-andraz-autunno2020-150x150.png 150w, https:\/\/www.radiopiu.net\/wordpress\/wp-content\/uploads\/2020\/08\/castello-andraz-autunno2020-125x125.png 125w, https:\/\/www.radiopiu.net\/wordpress\/wp-content\/uploads\/2020\/08\/castello-andraz-autunno2020-200x200.png 200w, https:\/\/www.radiopiu.net\/wordpress\/wp-content\/uploads\/2020\/08\/castello-andraz-autunno2020-80x80.png 80w\" sizes=\"auto, (max-width: 150px) 100vw, 150px\" \/><\/a>\n\t\t\t\t<\/dt><\/dl><dl class='gallery-item'>\n\t\t\t\t<dt class='gallery-icon portrait'>\n\t\t\t\t\t<a class=\"rollover rollover-zoom dt-pswp-item\" title=\"0cd20cf4-01a6-400d-845e-6747cefb3782\" data-dt-img-description=\"\" data-large_image_width=\"1131\" data-large_image_height=\"1600\"href='https:\/\/www.radiopiu.net\/wordpress\/wp-content\/uploads\/2020\/08\/0cd20cf4-01a6-400d-845e-6747cefb3782.jpg'><img loading=\"lazy\" decoding=\"async\" width=\"150\" height=\"150\" src=\"https:\/\/www.radiopiu.net\/wordpress\/wp-content\/uploads\/2020\/08\/0cd20cf4-01a6-400d-845e-6747cefb3782-150x150.jpg\" class=\"attachment-thumbnail size-thumbnail\" alt=\"\" srcset=\"https:\/\/www.radiopiu.net\/wordpress\/wp-content\/uploads\/2020\/08\/0cd20cf4-01a6-400d-845e-6747cefb3782-150x150.jpg 150w, https:\/\/www.radiopiu.net\/wordpress\/wp-content\/uploads\/2020\/08\/0cd20cf4-01a6-400d-845e-6747cefb3782-125x125.jpg 125w, https:\/\/www.radiopiu.net\/wordpress\/wp-content\/uploads\/2020\/08\/0cd20cf4-01a6-400d-845e-6747cefb3782-200x200.jpg 200w, https:\/\/www.radiopiu.net\/wordpress\/wp-content\/uploads\/2020\/08\/0cd20cf4-01a6-400d-845e-6747cefb3782-80x80.jpg 80w\" sizes=\"auto, (max-width: 150px) 100vw, 150px\" \/><\/a>\n\t\t\t\t<\/dt><\/dl><dl class='gallery-item'>\n\t\t\t\t<dt class='gallery-icon portrait'>\n\t\t\t\t\t<a class=\"rollover rollover-zoom dt-pswp-item\" title=\"ab36c843-8eda-4384-b197-2729cddce3be\" data-dt-img-description=\"\" data-large_image_width=\"1300\" data-large_image_height=\"1600\"href='https:\/\/www.radiopiu.net\/wordpress\/wp-content\/uploads\/2020\/09\/ab36c843-8eda-4384-b197-2729cddce3be.jpg'><img loading=\"lazy\" decoding=\"async\" width=\"150\" height=\"150\" src=\"https:\/\/www.radiopiu.net\/wordpress\/wp-content\/uploads\/2020\/09\/ab36c843-8eda-4384-b197-2729cddce3be-150x150.jpg\" class=\"attachment-thumbnail size-thumbnail\" alt=\"\" srcset=\"https:\/\/www.radiopiu.net\/wordpress\/wp-content\/uploads\/2020\/09\/ab36c843-8eda-4384-b197-2729cddce3be-150x150.jpg 150w, https:\/\/www.radiopiu.net\/wordpress\/wp-content\/uploads\/2020\/09\/ab36c843-8eda-4384-b197-2729cddce3be-125x125.jpg 125w, https:\/\/www.radiopiu.net\/wordpress\/wp-content\/uploads\/2020\/09\/ab36c843-8eda-4384-b197-2729cddce3be-200x200.jpg 200w, https:\/\/www.radiopiu.net\/wordpress\/wp-content\/uploads\/2020\/09\/ab36c843-8eda-4384-b197-2729cddce3be-80x80.jpg 80w\" sizes=\"auto, (max-width: 150px) 100vw, 150px\" \/><\/a>\n\t\t\t\t<\/dt><\/dl><dl class='gallery-item'>\n\t\t\t\t<dt class='gallery-icon portrait'>\n\t\t\t\t\t<a class=\"rollover rollover-zoom dt-pswp-item\" title=\"Lettura Tutto fra terra e cielo di Margherita Stevanato\" data-dt-img-description=\"\" data-large_image_width=\"1239\" data-large_image_height=\"1754\"href='https:\/\/www.radiopiu.net\/wordpress\/wp-content\/uploads\/2020\/09\/Lettura-Tutto-fra-terra-e-cielo-di-Margherita-Stevanato.jpg'><img loading=\"lazy\" decoding=\"async\" width=\"150\" height=\"150\" src=\"https:\/\/www.radiopiu.net\/wordpress\/wp-content\/uploads\/2020\/09\/Lettura-Tutto-fra-terra-e-cielo-di-Margherita-Stevanato-150x150.jpg\" class=\"attachment-thumbnail size-thumbnail\" alt=\"\" srcset=\"https:\/\/www.radiopiu.net\/wordpress\/wp-content\/uploads\/2020\/09\/Lettura-Tutto-fra-terra-e-cielo-di-Margherita-Stevanato-150x150.jpg 150w, https:\/\/www.radiopiu.net\/wordpress\/wp-content\/uploads\/2020\/09\/Lettura-Tutto-fra-terra-e-cielo-di-Margherita-Stevanato-125x125.jpg 125w, https:\/\/www.radiopiu.net\/wordpress\/wp-content\/uploads\/2020\/09\/Lettura-Tutto-fra-terra-e-cielo-di-Margherita-Stevanato-200x200.jpg 200w, https:\/\/www.radiopiu.net\/wordpress\/wp-content\/uploads\/2020\/09\/Lettura-Tutto-fra-terra-e-cielo-di-Margherita-Stevanato-80x80.jpg 80w\" sizes=\"auto, (max-width: 150px) 100vw, 150px\" \/><\/a>\n\t\t\t\t<\/dt><\/dl><br style=\"clear: both\" \/>\n\t\t\t<\/div>\n\n<hr \/>\n<p>&nbsp;<\/p>\n<h2>IERI ALLA RADIO<\/h2>\n<h2><a class=\"dt-pswp-item\" href=\"https:\/\/www.radiopiu.net\/wordpress\/wp-content\/uploads\/2020\/09\/9a1e5b42-0e1d-41e7-afa0-89b5c07762d1.jpg\" data-dt-img-description=\"\" data-large_image_width=\"777\" data-large_image_height=\"1600\"><img loading=\"lazy\" decoding=\"async\" class=\"size-medium wp-image-159020 alignleft\" src=\"https:\/\/www.radiopiu.net\/wordpress\/wp-content\/uploads\/2020\/09\/9a1e5b42-0e1d-41e7-afa0-89b5c07762d1-146x300.jpg\" alt=\"\" width=\"146\" height=\"300\" srcset=\"https:\/\/www.radiopiu.net\/wordpress\/wp-content\/uploads\/2020\/09\/9a1e5b42-0e1d-41e7-afa0-89b5c07762d1-146x300.jpg 146w, https:\/\/www.radiopiu.net\/wordpress\/wp-content\/uploads\/2020\/09\/9a1e5b42-0e1d-41e7-afa0-89b5c07762d1-497x1024.jpg 497w, https:\/\/www.radiopiu.net\/wordpress\/wp-content\/uploads\/2020\/09\/9a1e5b42-0e1d-41e7-afa0-89b5c07762d1-768x1581.jpg 768w, https:\/\/www.radiopiu.net\/wordpress\/wp-content\/uploads\/2020\/09\/9a1e5b42-0e1d-41e7-afa0-89b5c07762d1-746x1536.jpg 746w, https:\/\/www.radiopiu.net\/wordpress\/wp-content\/uploads\/2020\/09\/9a1e5b42-0e1d-41e7-afa0-89b5c07762d1-233x480.jpg 233w, https:\/\/www.radiopiu.net\/wordpress\/wp-content\/uploads\/2020\/09\/9a1e5b42-0e1d-41e7-afa0-89b5c07762d1.jpg 777w\" sizes=\"auto, (max-width: 146px) 100vw, 146px\" \/><\/a><span style=\"color: #800080;\"><strong>DOMANI L&#8217;ELETTRICISSIMA DA MALGA CIAPELA AL RIFUGIO FALIER<\/strong><\/span><\/h2>\n<p><strong>di Claudio Fontanive<\/strong><\/p>\n<p><strong>Ospiti: Silvano Rudatis ed Egidio Ganz<\/strong><\/p>\n<audio class=\"wp-audio-shortcode\" id=\"audio-158996-4\" preload=\"none\" style=\"width: 100%;\" controls=\"controls\"><source type=\"audio\/mpeg\" src=\"https:\/\/www.radiopiu.net\/wordpress\/wp-content\/uploads\/2020\/09\/sivano-rudatis-egidio-ganz.mp3?_=4\" \/><a href=\"https:\/\/www.radiopiu.net\/wordpress\/wp-content\/uploads\/2020\/09\/sivano-rudatis-egidio-ganz.mp3\">https:\/\/www.radiopiu.net\/wordpress\/wp-content\/uploads\/2020\/09\/sivano-rudatis-egidio-ganz.mp3<\/a><\/audio>\n<p>&nbsp;<\/p>\n<hr \/>\n<p>&nbsp;<\/p>\n<h2><span style=\"color: #ff0000;\">DUE MINUTI UN LIBRO\u00a0<\/span><\/h2>\n<blockquote class=\"wp-embedded-content\" data-secret=\"MdxYVC6Kik\"><p><a href=\"https:\/\/www.radiopiu.net\/wordpress\/il-cuore-di-frankenstein\/\">IL CUORE DI FRANKENSTEIN<\/a><\/p><\/blockquote>\n<p><iframe loading=\"lazy\" class=\"wp-embedded-content\" sandbox=\"allow-scripts\" security=\"restricted\" style=\"position: absolute; clip: rect(1px, 1px, 1px, 1px);\" title=\"&#8220;IL CUORE DI FRANKENSTEIN&#8221; &#8212; Radio Pi\u00f9\" src=\"https:\/\/www.radiopiu.net\/wordpress\/il-cuore-di-frankenstein\/embed\/#?secret=MdxYVC6Kik\" data-secret=\"MdxYVC6Kik\" width=\"600\" height=\"338\" frameborder=\"0\" marginwidth=\"0\" marginheight=\"0\" scrolling=\"no\"><\/iframe><\/p>\n<p><strong>LE ALTRE PUNTATE<\/strong><\/p>\n<blockquote class=\"wp-embedded-content\" data-secret=\"EDkOkrHoSJ\"><p><a href=\"https:\/\/www.radiopiu.net\/wordpress\/due-minuti-un-libro\/\">Due minuti un libro<\/a><\/p><\/blockquote>\n<p><iframe loading=\"lazy\" class=\"wp-embedded-content\" sandbox=\"allow-scripts\" security=\"restricted\" style=\"position: absolute; clip: rect(1px, 1px, 1px, 1px);\" title=\"&#8220;Due minuti un libro&#8221; &#8212; Radio Pi\u00f9\" src=\"https:\/\/www.radiopiu.net\/wordpress\/due-minuti-un-libro\/embed\/#?secret=EDkOkrHoSJ\" data-secret=\"EDkOkrHoSJ\" width=\"600\" height=\"338\" frameborder=\"0\" marginwidth=\"0\" marginheight=\"0\" scrolling=\"no\"><\/iframe><\/p>\n<p>&nbsp;<\/p>\n<hr \/>\n<p>&nbsp;<\/p>\n<div>\n<h2><span style=\"color: #000080;\">DON CESARE, IL PENSIERO DEL GIORNO. ALLA RADIO ALLE 7 DEL MATTINO E ALLE 19.30 DELLA SERA.<\/span><\/h2>\n<audio class=\"wp-audio-shortcode\" id=\"audio-158996-5\" preload=\"none\" style=\"width: 100%;\" controls=\"controls\"><source type=\"audio\/mpeg\" src=\"https:\/\/www.radiopiu.net\/wordpress\/wp-content\/uploads\/2020\/09\/CESARE-2.mp3?_=5\" \/><a href=\"https:\/\/www.radiopiu.net\/wordpress\/wp-content\/uploads\/2020\/09\/CESARE-2.mp3\">https:\/\/www.radiopiu.net\/wordpress\/wp-content\/uploads\/2020\/09\/CESARE-2.mp3<\/a><\/audio>\n<p>&nbsp;<\/p>\n<hr \/>\n<p>&nbsp;<\/p>\n<h2><span style=\"color: #008000;\">AGORDINOMERON&#8230;LA RACCOLTA<\/span><\/h2>\n<blockquote class=\"wp-embedded-content\" data-secret=\"tO0iXtLNk6\"><p><a href=\"https:\/\/www.radiopiu.net\/wordpress\/agordinomeron\/\">AGORDINOMERON, IL TERRITORIO SI RACCONTA Da un&#8217;idea di Gianni Santomaso<\/a><\/p><\/blockquote>\n<p><iframe loading=\"lazy\" class=\"wp-embedded-content\" sandbox=\"allow-scripts\" security=\"restricted\" style=\"position: absolute; clip: rect(1px, 1px, 1px, 1px);\" title=\"&#8220;AGORDINOMERON, IL TERRITORIO SI RACCONTA Da un&#8217;idea di Gianni Santomaso&#8221; &#8212; Radio Pi\u00f9\" src=\"https:\/\/www.radiopiu.net\/wordpress\/agordinomeron\/embed\/#?secret=tO0iXtLNk6\" data-secret=\"tO0iXtLNk6\" width=\"600\" height=\"338\" frameborder=\"0\" marginwidth=\"0\" marginheight=\"0\" scrolling=\"no\"><\/iframe><\/p>\n<p>&nbsp;<\/p>\n<hr \/>\n<p>&nbsp;<\/p>\n<p>&nbsp;<\/p>\n<h2><span style=\"color: #ff00ff;\">ZAINO DA VIAGGIO AL FEMMINILE DI PAOLA LANCIATO il martedi alle 10.30 e 1900 la domenica alle 11<\/span><\/h2>\n<h1>LA RACCOLTA COMPLETA<\/h1>\n<blockquote class=\"wp-embedded-content\" data-secret=\"lDb8VK2RkA\"><p><a href=\"https:\/\/www.radiopiu.net\/wordpress\/zaino-femminile-lanciato\/\">Zaino da viaggio al femminile<\/a><\/p><\/blockquote>\n<p><iframe loading=\"lazy\" class=\"wp-embedded-content\" sandbox=\"allow-scripts\" security=\"restricted\" style=\"position: absolute; clip: rect(1px, 1px, 1px, 1px);\" title=\"&#8220;Zaino da viaggio al femminile&#8221; &#8212; Radio Pi\u00f9\" src=\"https:\/\/www.radiopiu.net\/wordpress\/zaino-femminile-lanciato\/embed\/#?secret=lDb8VK2RkA\" data-secret=\"lDb8VK2RkA\" width=\"600\" height=\"338\" frameborder=\"0\" marginwidth=\"0\" marginheight=\"0\" scrolling=\"no\"><\/iframe><\/p>\n<hr \/>\n<p>&nbsp;<\/p>\n<h2><span style=\"color: #33cccc;\">I RACCONTI DI PAOLO SOPPELSA il lunedi alle 9.30 e 18.30<\/span><\/h2>\n<h2><span style=\"color: #33cccc;\"><strong>LA RACCOLTA COMPLETA<\/strong><\/span><\/h2>\n<blockquote class=\"wp-embedded-content\" data-secret=\"ZkdgwiZR5L\"><p><a href=\"https:\/\/www.radiopiu.net\/wordpress\/i-racconti-di-paolo-soppelsa\/\">I racconti di Paolo Soppelsa<\/a><\/p><\/blockquote>\n<p><iframe loading=\"lazy\" class=\"wp-embedded-content\" sandbox=\"allow-scripts\" security=\"restricted\" style=\"position: absolute; clip: rect(1px, 1px, 1px, 1px);\" title=\"&#8220;I racconti di Paolo Soppelsa&#8221; &#8212; Radio Pi\u00f9\" src=\"https:\/\/www.radiopiu.net\/wordpress\/i-racconti-di-paolo-soppelsa\/embed\/#?secret=ZkdgwiZR5L\" data-secret=\"ZkdgwiZR5L\" width=\"600\" height=\"338\" frameborder=\"0\" marginwidth=\"0\" marginheight=\"0\" scrolling=\"no\"><\/iframe><\/p>\n<p>&nbsp;<\/p>\n<hr \/>\n<p>&nbsp;<\/p>\n<h2><span style=\"color: #99cc00;\">SUL SITO DI RADIO PIU&#8217; LA VIDEO GALLERY<\/span><\/h2>\n<blockquote class=\"wp-embedded-content\" data-secret=\"dFhuyfxgrU\"><p><a href=\"https:\/\/www.radiopiu.net\/wordpress\/ep-center-video-gallery\/\">EP CENTER video gallery<\/a><\/p><\/blockquote>\n<p><iframe loading=\"lazy\" class=\"wp-embedded-content\" sandbox=\"allow-scripts\" security=\"restricted\" style=\"position: absolute; clip: rect(1px, 1px, 1px, 1px);\" title=\"&#8220;EP CENTER video gallery&#8221; &#8212; Radio Pi\u00f9\" src=\"https:\/\/www.radiopiu.net\/wordpress\/ep-center-video-gallery\/embed\/#?secret=dFhuyfxgrU\" data-secret=\"dFhuyfxgrU\" width=\"600\" height=\"338\" frameborder=\"0\" marginwidth=\"0\" marginheight=\"0\" scrolling=\"no\"><\/iframe><\/p>\n<p>&nbsp;<\/p>\n<hr \/>\n<p>&nbsp;<\/p>\n<p><a class=\"dt-pswp-item\" href=\"https:\/\/www.radiopiu.net\/wordpress\/wp-content\/uploads\/2018\/09\/viabilita.jpeg\" data-dt-img-description=\"\" data-large_image_width=\"800\" data-large_image_height=\"100\"><img loading=\"lazy\" decoding=\"async\" class=\"aligncenter wp-image-61954 size-full\" src=\"https:\/\/www.radiopiu.net\/wordpress\/wp-content\/uploads\/2018\/09\/viabilita.jpeg\" alt=\"\" width=\"800\" height=\"100\" srcset=\"https:\/\/www.radiopiu.net\/wordpress\/wp-content\/uploads\/2018\/09\/viabilita.jpeg 800w, https:\/\/www.radiopiu.net\/wordpress\/wp-content\/uploads\/2018\/09\/viabilita-300x38.jpeg 300w, https:\/\/www.radiopiu.net\/wordpress\/wp-content\/uploads\/2018\/09\/viabilita-768x96.jpeg 768w\" sizes=\"auto, (max-width: 800px) 100vw, 800px\" \/><\/a><\/p>\n<\/div>\n<p>&nbsp;<\/p>\n<p><strong>SP 20 VAL FIORENTINA<\/strong> Fino al 15 settembre, esclusi sabati e domeniche, senso unico alternato in localit\u00e0 Solator di Selva Di Cadore per allargamento carreggiata<\/p>\n<p><strong>PROVINCIALE 473 CROCE D&#8217;AUNE<\/strong> Dal 31 agosto al 12 settembre interidizione totale alla transtiabilit\u00e0 nell&#8217;abitato di Pedavena inclusi sabato e domenica<\/p>\n<p><strong>SP473 CROCE D&#8217;AUNE<\/strong>\u00a0 In localit\u00e0 Gorna di Sovramonte dal 1 al 10 settembre interruzioni temporanee fino a 30 minuti dalle 8 alle 12 e dalle 13.30 alle 17.30 eclusi sabato e domenica<\/p>\n<p><strong>SP1 SINISTRA PIAVE<\/strong>\u00a0 Dal 31 agosto al 4 settembre, rotatoria Bardies-rotatoria Lentiai deviazione della corrente di traffico con direzione Feltre-Belluno lungo la vecchia SP1 in sinistra Piave per l&#8217;abitato di Lentiai e Bardies<\/p>\n<p><strong>SP 3 VALLE IMPERINA<\/strong> Tra Corde Mole e Vallasin dalle 8 alle 11.45 e dalle 13.30 alle 17.30 dal 1 settembre all&#8217;11 settembre (esclusi sabato e domenica) temporanee<strong> interruzioni<\/strong> alla viabilit\u00e0 massimo 30 minuti per esbosco.<\/p>\n<p><strong>SP 29 COL FALCON<\/strong>\u00a0 Tra Col Falcon e innesto strada del Servo dal 1 all&#8217;11 settembre (sabato e domenica escluso)\u00a0 dalle 7 alle 18 <strong>interdizione<\/strong> totale alla viabilit\u00e0 per asfaltatura.<\/p>\n<p><strong>SP 641 PASSO FEDAIA<\/strong> A\u00a0 Capanna Bill e\u00a0 a Col di Rocca dal 1 al 30 settembre senso unico alternato regolato da semaforo.<\/p>\n<p><strong>SP 251 VA CELLINA<\/strong> Da Pescul a Selva di Cadore dal 1 all&#8217;11 settembre (sabato e domenica esclusi) senso unico alternato per posa fibre ottiche<\/p>\n<p><strong>REGIONALE 203<\/strong> AGORDINA IL 1 SETTEMBRE ED IL 4 SETTEMBRE\u00a0 ALLE 8 ALLE 18 A LA MUDA SENSO UNICO ALTERNATO PER RIFACIMENTO LINEA AEREA FIBRE OTTICHE<\/p>\n<p><strong>REGIONALE 203 AGORDINA<\/strong> Dal 1 al 30 settembre (sabato e domenica esclusi) tra Candaten e La Stanga dalle 7.30 alle 9 e dalle 16.30 alle 18 con movieri e negli altri orari con semaforo, senso unico alternato.<\/p>\n<p><strong>S<\/strong><strong>P 347 DEL PASSO CEREDA E DURAN<\/strong> DAL 27 AGOSTO AL 4 SETTEMBRE, DALLE 8 ALLE 12 E DALLE 13 ALLE 17, TEMPORANEE INTERRUZIONI DELLA DURATA MASSIMA DI 20 MINUTI IN LOCALITA GAVAZ DEL COMUNE DI VAL DI ZOLDO PER DEMOLIZIONI PARTI PERICOLANTI DI UN EDIFICIO<\/p>\n<div>\n<p><strong>SR 48 DELLE DOLOMITI<\/strong> FINO\u00a0 AL 30 SETTEMBRE, DALLE 7 ALLE 17, ESCLUSI SABATO E DOMENICA, SALTUARIA ISTITUZIONE DI SENSO UNICO ALTERNATO REGOLATO DA MOVIERI PER PERIODI CONTINUATIVI NON SUPERIORI A 10 MINUTI NEI COMUNI DI CORTINA ED AURONZO DI CADORE PER CARICO SCARICO MATERIALI NECESSARI PER LA POSA DELL&#8217;ELTRODOTTO INTERRATO<\/p>\n<p><strong>SR 48 DELLE DOLOMITI<\/strong> DAL 1 AL 30 settembre in localit\u00e0 Pocol (Cortina) senso unico alternato, esclusi sabato e domenica<\/p>\n<p><strong>SR 48 DELLE DOLOMITI<\/strong> Dal 1 settembre al 9 ottobre senso unico alternato in localit\u00e0 Cernadoi, escluso sabato e domeniche<\/p>\n<p><strong>SR 48 DELLE DOLOMITI<\/strong> dal 1 al 30 settembre esclusi sabato e domenica senso unico alternato tra Cernadoi e Pian Falzarego<\/p>\n<p><strong>Provinciale 40, Val Senaiga-Arina,<\/strong> Comune di Lamon. Dal 1 all&#8217;11 settembre (sabato e domenica esclusi) per asfaltatura di tratti stradali INTERRUZIONE alla transitabilit\u00e0 dalle 8 alle 12 e dalle 14 alle 18. Nei periodi non interessati da chiusure \u00e8 previsto il senso unico alternato<\/p>\n<p><strong>SP 7 DI ZOPPE&#8217; DI CADORE,<\/strong> SENSO UNICO ALTERNATO REGOLATO DA MOVIERI CON BREVI INTERRUZIONI DI MASSIMO 10 MINUTI FINO\u00a0 AL 18 SETTEMBRE, DALLE 7:30 ALLE 17:30 ESCLUSI SABATI, DOMENICHE E FESTIVI INFRASETTIMANALI, PER MESSA IN SICUREZZA DELLA SEDE STRADALE<\/p>\n<p><strong>SP 40, COMUNE DI LAMON.<\/strong>\u00a0 FINO ALL&#8217;11 SETTEMBRE, ESCLUSI SABATO E DOMENICA, POSSIBILI INTERRUZIONI AL TRAFFICO DELLA DURATA MASSIMA DI 30 MINUTI DALLE 8 ALLE 12 E DALLE 13 ALLE 17 PER REALIZZAZIONE NUOVA TOMBINATURA. NEGLI ALTRI ORARI ISTITUZIONE DI SENSO UNICO ALTERNATO REGOLATO DA IMPIANTO SEMAFORICO O MOVIERI<\/p>\n<p><strong>SP 1 MADONNA DEL PIAVE<\/strong>\u00a0fino a revoca, senso unico alternato regolato da semaforo in localit\u00e0 Caorera di Quero Vas per lavori di messa in sicurezza piano viabile<\/p>\n<p>&nbsp;<\/p>\n<p>&nbsp;<\/p>\n<hr \/>\n<p>&nbsp;<\/p>\n<p class=\"photoswipe-wrapper\"><a class=\"dt-pswp-item pspw-wrap-ready\" href=\"https:\/\/i0.wp.com\/www.radiopiu.net\/wordpress\/wp-content\/uploads\/2018\/09\/WhatsApp-Image-2018-09-20-at-16.04.06.jpeg?ssl=1\" data-dt-img-description=\"\" data-large_image_width=\"800\" data-large_image_height=\"100\"><img loading=\"lazy\" decoding=\"async\" class=\"aligncenter wp-image-61378 size-full jetpack-lazy-image jetpack-lazy-image--handled\" src=\"https:\/\/i0.wp.com\/www.radiopiu.net\/wordpress\/wp-content\/uploads\/2018\/09\/WhatsApp-Image-2018-09-20-at-16.04.06.jpeg?resize=800%2C100&amp;ssl=1\" sizes=\"auto, (max-width: 800px) 100vw, 800px\" srcset=\"https:\/\/i0.wp.com\/www.radiopiu.net\/wordpress\/wp-content\/uploads\/2018\/09\/WhatsApp-Image-2018-09-20-at-16.04.06.jpeg?w=800&amp;ssl=1 800w, https:\/\/i0.wp.com\/www.radiopiu.net\/wordpress\/wp-content\/uploads\/2018\/09\/WhatsApp-Image-2018-09-20-at-16.04.06.jpeg?resize=300%2C38&amp;ssl=1 300w, https:\/\/i0.wp.com\/www.radiopiu.net\/wordpress\/wp-content\/uploads\/2018\/09\/WhatsApp-Image-2018-09-20-at-16.04.06.jpeg?resize=768%2C96&amp;ssl=1 768w\" alt=\"\" width=\"800\" height=\"100\" data-lazy-loaded=\"1\" \/><\/a><\/p>\n<p>&nbsp;<\/p>\n<p><center><b>Venerdi 4<\/b><\/center><b>Tempo atteso:\u00a0<\/b>Tempo ben soleggiato con cielo sereno o poco nuvolo per transito di sottili nubi alte in grado di velare leggermente il cielo, specie al mattino. Al pomeriggio il sole splender\u00e0 maggiormente in un cielo sempre pi\u00f9 sereno. Aria tersa ed ottima visibilit\u00e0 ovunque. Minore freschezza mattutina e caldo tardo-estivo in giornata.<br \/>\n<b>Precipitazioni:\u00a0<\/b>Assenti (0%)<br \/>\n<b>Temperature:\u00a0<\/b>In generale aumento, specie le massime. Forte escursione termica diurna nelle valli. Sono previste punte di 25\/26\u00b0C nei fondovalle prealpini e di 21\/22\u00b0C a 1000\/1200 m. Su Prealpi a 1500 m min 10\u00b0C max 17\u00b0C, a 2000 m min 8\u00b0C max 13\u00b0C. Su Dolomiti a 2000 m min 7\u00b0C max 14\u00b0C, a 3000 m min 5\u00b0C max 8\u00b0C.<br \/>\n<b>Venti:\u00a0<\/b>Nelle valli perlopi\u00f9 deboli a regime di brezza, localmente e a tratti moderati; in quota perlopi\u00f9 deboli dai quadranti settentrionali, solo a tratti moderati sulle vette dolomitiche pi\u00f9 alte, a 5\/10 km\/h a 2000 m e 15\/25 km\/h a 3000 m.<\/p>\n<hr \/>\n<p><center><b>Sabato 5<\/b><\/center><b>Tempo atteso:\u00a0<\/b>Splendida giornata settembrina con sole, cielo sereno, aria tersa ed ottima visibilit\u00e0. Non eslcuso qualche annuvolamento serale sulle Dolomiti. Temperature in generale rialzo con relativa mitezza termica in quota e clima diurno di nuovo estivo nelle valli.<br \/>\n<b>Precipitazioni:\u00a0<\/b>Assenti (0%).<br \/>\n<b>Temperature:\u00a0<\/b>In generale aumento, specie le massime. Forte escursione termica diurna nelle valli. Sono previste punte di 26\/27\u00b0C nei fondovalle prealpini e di 22\/23\u00b0C a 1000\/1200 m. Su Prealpi a 1500 m min 13\u00b0C max 18\u00b0C, a 2000 m min 12\u00b0C max 15\u00b0C. Su Dolomiti a 2000 m min 11\u00b0C max 15\u00b0C, a 3000 m min 7\u00b0C max 8\u00b0C.<br \/>\n<b>Venti:\u00a0<\/b>Nelle valli perlopi\u00f9 deboli a regime di brezza, localmente e a tratti moderati; in quota perlopi\u00f9 deboli dai quadranti occidentali, a tratti moderati sulle vette dolomitiche pi\u00f9 alte, a 5\/10 km\/h a 2000 m e 15\/20 km\/h a 3000 m.<\/p>\n<hr \/>\n<p><center><b>Domenica 6<\/b><\/center>Schiarite ed aumento della nuvolosit\u00e0, gi\u00e0 al mattino, per stratocumuli e nubi medie stratiformi e prima delle ore centrali del giorno potrebbero verificarsi le prime deboli precipitazioni sulle Dolomiti. Al pomeriggio ulteriore intensificazione della nuvolosit\u00e0 e maggiore probabilit\u00e0 di rovescio ed eventuali temporali sulle Dolomiti, spordicamente anche sulle Prealpi. Temperature in generale calo, eccetto rialzo delle minime nelle valli. Venti deboli di direzione variabile nelle valli, deboli\/moderati da sud-ovest in quota.<\/p>\n<hr \/>\n<p><center><b>Lunedi 7<\/b><\/center>Tempo instabile o leggermente perturbato con cielo molto nuvoloso o coperto, associato a precipitazioni deboli, a tratti moderate. La neve si abbasser\u00e0 fino sui 2900\/3000 m. Temperature in diminuzione con minime raggiunte alla sera. Venti deboli\/moderati dai quadranti meridionali, a tratti da est in quota, deboli di direzione variabile nelle valli. Previsore: R.L.Th.<\/p>\n<\/div>\n<p><center><\/center><center><\/center>&nbsp;<\/p>\n<hr \/>\n<p>&nbsp;<\/p>\n<p><iframe loading=\"lazy\" title=\"Spot Buttalibene TV\" width=\"1200\" height=\"675\" src=\"https:\/\/www.youtube.com\/embed\/fjHWpfyAevE?feature=oembed\" frameborder=\"0\" allow=\"accelerometer; autoplay; clipboard-write; encrypted-media; gyroscope; picture-in-picture\" allowfullscreen><\/iframe><\/p>\n<hr \/>\n<p>&nbsp;<\/p>\n<p><a class=\"dt-pswp-item\" href=\"https:\/\/www.radiopiu.net\/wordpress\/wp-content\/uploads\/2018\/09\/sport.jpg\" data-dt-img-description=\"\" data-large_image_width=\"800\" data-large_image_height=\"100\"><img loading=\"lazy\" decoding=\"async\" class=\"aligncenter wp-image-60761 size-full\" src=\"https:\/\/www.radiopiu.net\/wordpress\/wp-content\/uploads\/2018\/09\/sport.jpg\" alt=\"\" width=\"800\" height=\"100\" srcset=\"https:\/\/www.radiopiu.net\/wordpress\/wp-content\/uploads\/2018\/09\/sport.jpg 800w, https:\/\/www.radiopiu.net\/wordpress\/wp-content\/uploads\/2018\/09\/sport-300x38.jpg 300w, https:\/\/www.radiopiu.net\/wordpress\/wp-content\/uploads\/2018\/09\/sport-768x96.jpg 768w\" sizes=\"auto, (max-width: 800px) 100vw, 800px\" \/><\/a><\/p>\n<p>&nbsp;<\/p>\n<blockquote>\n<h3>PRIMA AMICHEVOLE IN VISTA PER L&#8217;AGORDINA DI MARCO LORENZI<\/h3>\n<\/blockquote>\n<p><strong><a class=\"dt-pswp-item\" href=\"https:\/\/www.radiopiu.net\/wordpress\/wp-content\/uploads\/2019\/09\/AGORDINA-CALCIO.jpeg\" data-dt-img-description=\"\" data-large_image_width=\"225\" data-large_image_height=\"225\"><img loading=\"lazy\" decoding=\"async\" class=\"wp-image-97575 alignleft\" src=\"https:\/\/www.radiopiu.net\/wordpress\/wp-content\/uploads\/2019\/09\/AGORDINA-CALCIO.jpeg\" alt=\"\" width=\"118\" height=\"118\" srcset=\"https:\/\/www.radiopiu.net\/wordpress\/wp-content\/uploads\/2019\/09\/AGORDINA-CALCIO.jpeg 225w, https:\/\/www.radiopiu.net\/wordpress\/wp-content\/uploads\/2019\/09\/AGORDINA-CALCIO-150x150.jpeg 150w\" sizes=\"auto, (max-width: 118px) 100vw, 118px\" \/><\/a>AGORDO<\/strong> Nel fine settimana l&#8217;Agordina Calcio sar\u00e0 chiamata alla prima vera amichevole stagionale. Una prova per testare le disposizioni anti Covid-19 diramate dalla Lega Nazionale Dilettanti ma anche per capire qual&#8217;\u00e8 la preparazione atletica della squadra di Marco Lorenzi che il 13 settembre inizier\u00e0 il campionato di Seconda Categoria. Sabato, all&#8217;Ivano Dorigo di Agordo, arriva lo Schiara. Inizio alle 16:30. Mercoled\u00ec 9 settembre verr\u00e0 invece recuperato il triangolare con Belluno e Le Ville in memoria di Silvano Mosca.<\/p>\n<p>&nbsp;<\/p>\n<p>&nbsp;<\/p>\n<hr \/>\n<p>&nbsp;<\/p>\n<blockquote>\n<h3>DOMENICA LA PRESENTAZIONE DELLE SQUADRE DELL&#8217;ALLEGHE HOCKEY<\/h3>\n<\/blockquote>\n<p><strong><a class=\"dt-pswp-item\" href=\"https:\/\/www.radiopiu.net\/wordpress\/wp-content\/uploads\/2020\/09\/PRESENTAZIONE-ALLEGHE-HOCKEY.jpg\" data-dt-img-description=\"\" data-large_image_width=\"1074\" data-large_image_height=\"1600\"><img loading=\"lazy\" decoding=\"async\" class=\"size-medium wp-image-158861 alignleft\" src=\"https:\/\/www.radiopiu.net\/wordpress\/wp-content\/uploads\/2020\/09\/PRESENTAZIONE-ALLEGHE-HOCKEY-201x300.jpg\" alt=\"\" width=\"201\" height=\"300\" srcset=\"https:\/\/www.radiopiu.net\/wordpress\/wp-content\/uploads\/2020\/09\/PRESENTAZIONE-ALLEGHE-HOCKEY-201x300.jpg 201w, https:\/\/www.radiopiu.net\/wordpress\/wp-content\/uploads\/2020\/09\/PRESENTAZIONE-ALLEGHE-HOCKEY-687x1024.jpg 687w, https:\/\/www.radiopiu.net\/wordpress\/wp-content\/uploads\/2020\/09\/PRESENTAZIONE-ALLEGHE-HOCKEY-768x1144.jpg 768w, https:\/\/www.radiopiu.net\/wordpress\/wp-content\/uploads\/2020\/09\/PRESENTAZIONE-ALLEGHE-HOCKEY-1031x1536.jpg 1031w, https:\/\/www.radiopiu.net\/wordpress\/wp-content\/uploads\/2020\/09\/PRESENTAZIONE-ALLEGHE-HOCKEY-322x480.jpg 322w, https:\/\/www.radiopiu.net\/wordpress\/wp-content\/uploads\/2020\/09\/PRESENTAZIONE-ALLEGHE-HOCKEY.jpg 1074w\" sizes=\"auto, (max-width: 201px) 100vw, 201px\" \/><\/a>ALLEGHE <\/strong>E&#8217; in programma per domenica prossima la presentazione delle squadre dell&#8217;Alleghe Hockey. La location scelta dalle Civette sar\u00e0 l&#8217;area\u00a0Pic-Nic \u00a0ai Piani di Pezz\u00e8. Inizio alle 11:30 con la famiglia Alleghe Hockey al gran completo. Dalla under 7\/9\/11, under 13\/15, under 17\/19 alla prima squadra che parteciper\u00e0 all\u2019imminente stagione della Italian Hockey League. Presentazione a cura di Radio Pi\u00f9. In caso di maltempo la\u00a0giornata verr\u00e0 rinviata al 13 settembre.<\/p>\n<p>&nbsp;<\/p>\n<p>&nbsp;<\/p>\n<p>&nbsp;<\/p>\n<p>&nbsp;<\/p>\n<p>&nbsp;<\/p>\n<p>&nbsp;<\/p>\n<p>&nbsp;<\/p>\n<p>&nbsp;<\/p>\n<hr \/>\n<p>&nbsp;<\/p>\n","protected":false},"excerpt":{"rendered":"<p>PER RICEVERE QUESTO NOTIZIARIO DIRETTAMENTE SUL TUO CELLULARE ISCRIVITI AL CANALE TELEGRAM\u00a0\u201cRADIO PIU\u00a0 INFORMAZIONE ATTENZIONE: LA NUOVA APP PER IOS-IPHONE https:\/\/apps.apple.com\/it\/app\/radio-pi%C3%B9-emittente-agordina\/id1515939845 ATTENZIONE: LA NUOVA APP RADIO\u00a0 PER ANDROID https:\/\/play.google.com\/store\/apps\/details?id=net.radiopiu.iniko &nbsp; &nbsp; AGORDO Gestione Servizi Pubblici informa che ad AGORDO nelle vie DOZZA e FONTANA compreso l\u2019OSPEDALE, l&#8217;acqua erogata dall&#8217;acquedotto non \u00e8 potabile e pu\u00f2 essere&hellip;<\/p>\n","protected":false},"author":4,"featured_media":159066,"comment_status":"closed","ping_status":"closed","sticky":false,"template":"","format":"standard","meta":{"_monsterinsights_skip_tracking":false,"_monsterinsights_sitenote_active":false,"_monsterinsights_sitenote_note":"","_monsterinsights_sitenote_category":0,"footnotes":""},"categories":[86,49],"tags":[],"class_list":["post-158996","post","type-post","status-publish","format-standard","has-post-thumbnail","hentry","category-gr","category-news-18","category-86","category-49","description-off"],"img_url":"https:\/\/www.radiopiu.net\/wordpress\/wp-content\/uploads\/2020\/09\/flashmob-nocarosello.jpg","_links":{"self":[{"href":"https:\/\/www.radiopiu.net\/wordpress\/wp-json\/wp\/v2\/posts\/158996","targetHints":{"allow":["GET"]}}],"collection":[{"href":"https:\/\/www.radiopiu.net\/wordpress\/wp-json\/wp\/v2\/posts"}],"about":[{"href":"https:\/\/www.radiopiu.net\/wordpress\/wp-json\/wp\/v2\/types\/post"}],"author":[{"embeddable":true,"href":"https:\/\/www.radiopiu.net\/wordpress\/wp-json\/wp\/v2\/users\/4"}],"replies":[{"embeddable":true,"href":"https:\/\/www.radiopiu.net\/wordpress\/wp-json\/wp\/v2\/comments?post=158996"}],"version-history":[{"count":0,"href":"https:\/\/www.radiopiu.net\/wordpress\/wp-json\/wp\/v2\/posts\/158996\/revisions"}],"wp:featuredmedia":[{"embeddable":true,"href":"https:\/\/www.radiopiu.net\/wordpress\/wp-json\/wp\/v2\/media\/159066"}],"wp:attachment":[{"href":"https:\/\/www.radiopiu.net\/wordpress\/wp-json\/wp\/v2\/media?parent=158996"}],"wp:term":[{"taxonomy":"category","embeddable":true,"href":"https:\/\/www.radiopiu.net\/wordpress\/wp-json\/wp\/v2\/categories?post=158996"},{"taxonomy":"post_tag","embeddable":true,"href":"https:\/\/www.radiopiu.net\/wordpress\/wp-json\/wp\/v2\/tags?post=158996"}],"curies":[{"name":"wp","href":"https:\/\/api.w.org\/{rel}","templated":true}]}}