{"id":159056,"date":"2020-09-03T14:12:00","date_gmt":"2020-09-03T12:12:00","guid":{"rendered":"https:\/\/www.radiopiu.net\/wordpress\/?p=159056"},"modified":"2020-09-03T14:12:00","modified_gmt":"2020-09-03T12:12:00","slug":"malaburocrazia-linps-non-versato-a-maggio-deve-essere-comunicato-in-veneto-il-costo-complessivo-della-burocrazia-e-di-52-miliardi-lanno-verona-e-padova-al-top","status":"publish","type":"post","link":"https:\/\/www.radiopiu.net\/wordpress\/malaburocrazia-linps-non-versato-a-maggio-deve-essere-comunicato-in-veneto-il-costo-complessivo-della-burocrazia-e-di-52-miliardi-lanno-verona-e-padova-al-top\/","title":{"rendered":"MALABUROCRAZIA: L\u2019INPS NON VERSATO A MAGGIO DEVE ESSERE COMUNICATO. IN VENETO IL COSTO COMPLESSIVO DELLA BUROCRAZIA E\u2019 DI 5,2 MILIARDI L\u2019ANNO. VERONA E PADOVA AL TOP"},"content":{"rendered":"<p><a class=\"dt-pswp-item\" href=\"https:\/\/www.radiopiu.net\/wordpress\/wp-content\/uploads\/2020\/09\/Schermata-2020-09-03-alle-14.07.39.png\" data-dt-img-description=\"\" data-large_image_width=\"430\" data-large_image_height=\"430\"><img loading=\"lazy\" decoding=\"async\" class=\"alignleft  wp-image-159058\" src=\"https:\/\/www.radiopiu.net\/wordpress\/wp-content\/uploads\/2020\/09\/Schermata-2020-09-03-alle-14.07.39-300x300.png\" alt=\"\" width=\"112\" height=\"122\" \/><\/a>Nemmeno questa estate la cattiva burocrazia si \u00e8 presa un periodo di vacanza. Anzi, l\u2019ennesima novit\u00e0 negativa arriva dall\u2019Inps che con un messaggio del 20 luglio scorso (n\u00b0 2871) ha chiesto alle imprese di ricevere la comunicazione dello slittamento dei pagamenti contributivi che dovranno essere onorati entro il prossimo 20 settembre. Slittamento, ricorda la CGIA, che il Governo ha introdotto dapprima con il \u201cdecreto Liquidit\u00e0\u201d e successivamente ha modificato con il \u201cdecreto Agosto\u201d, per consentire alle imprese di far fronte alla mancanza di liquidit\u00e0 legata alla crisi sanitaria esplosa nel febbraio scorso.<\/p>\n<p>\u201cIn una fase come quella attuale \u2013 segnala la responsabile dell\u2019area fiscale Stefania Beggio &#8211; anzich\u00e9 snellire l\u2019iter burocratico, l\u2019Inps impone un ulteriore adempimento in mancanza del quale le imprese possono subire addirittura una sanzione economica. Una cosa senza senso che sta mettendo in difficolt\u00e0 imprenditori e addetti ai lavori. Senza contare che il messaggio dell\u2019Istituto previdenziale \u00e8 arrivato in un momento in cui i tecnici delle associazioni e i commercialisti sono impegnati totalmente sul fronte delle dichiarazioni dei redditi, che mai come quest\u2019anno sono difficili da compilare a seguito delle tante normative fiscali introdotte, soprattutto in materia di bonus\u201d.<\/p>\n<p><a class=\"dt-pswp-item\" href=\"https:\/\/www.radiopiu.net\/wordpress\/wp-content\/uploads\/2020\/09\/Schermata-2020-09-03-alle-14.07.52.png\" data-dt-img-description=\"\" data-large_image_width=\"1276\" data-large_image_height=\"638\"><img loading=\"lazy\" decoding=\"async\" class=\"alignleft size-medium wp-image-159057\" src=\"https:\/\/www.radiopiu.net\/wordpress\/wp-content\/uploads\/2020\/09\/Schermata-2020-09-03-alle-14.07.52-300x150.png\" alt=\"\" width=\"300\" height=\"150\" srcset=\"https:\/\/www.radiopiu.net\/wordpress\/wp-content\/uploads\/2020\/09\/Schermata-2020-09-03-alle-14.07.52-300x150.png 300w, https:\/\/www.radiopiu.net\/wordpress\/wp-content\/uploads\/2020\/09\/Schermata-2020-09-03-alle-14.07.52-1024x512.png 1024w, https:\/\/www.radiopiu.net\/wordpress\/wp-content\/uploads\/2020\/09\/Schermata-2020-09-03-alle-14.07.52-768x384.png 768w, https:\/\/www.radiopiu.net\/wordpress\/wp-content\/uploads\/2020\/09\/Schermata-2020-09-03-alle-14.07.52-640x320.png 640w, https:\/\/www.radiopiu.net\/wordpress\/wp-content\/uploads\/2020\/09\/Schermata-2020-09-03-alle-14.07.52.png 1276w\" sizes=\"auto, (max-width: 300px) 100vw, 300px\" \/><\/a>Lo slittamento dei pagamenti previsto inizialmente nel maggio scorso, precisa la CGIA, non riguarda per\u00f2 tutte le imprese e i lavoratori autonomi, ma solo coloro che possiedono alcuni requisiti, ed in particolare:<br \/>\nper i soggetti con ricavi o compensi non superiori a 50 milioni di euro nel periodo d\u2019imposta precedente: diminuzione del fatturato o dei corrispettivi di almeno il 33 per cento nel mese di aprile 2020 rispetto allo stesso mese del precedente periodo d\u2019imposta;<br \/>\nper i soggetti con ricavi o compensi superiori a 50 milioni di euro nel periodo d\u2019imposta precedente: diminuzione del fatturato o dei corrispettivi di almeno il 50 per cento nel mese di aprile 2020 rispetto allo stesso mese del precedente periodo d\u2019imposta;<br \/>\nindipendentemente dal fatturato, se si tratta di soggetti che hanno intrapreso l\u2019attivit\u00e0 in data successiva al 31 marzo 2019.<\/p>\n<p>\u201cE\u2019 l\u2019ennesimo caso \u2013 conclude Stefania Beggio &#8211; in cui viene richiesto un adempimento burocratico che innesca dei meccanismi a cascata che producono solo costi e perdite di tempo, in un momento molto particolare che, onestamente, nessuno ne auspicava l\u2019introduzione\u201d .<\/p>\n<p>L\u2019Ufficio studi della CGIA, infine, ha provato a stimare a quanto ammonta il peso della malaburocrazia che grava sulle imprese per province di residenza, calcolando l\u2019incidenza del valore aggiunto sui 57,2 miliardi di euro di costo annuo in capo alle aziende italiane stimato dall\u2019Istituto Ambrosetti. In questa simulazione, ovviamente, risultano essere maggiormente penalizzate quelle realt\u00e0 territoriali dove \u00e8 maggiore la concentrazione di attivit\u00e0 economiche che producono ricchezza.<\/p>\n<p>La provincia veneta dove il costo annuo sostenuto dalle imprese per la gestione dei rapporti con la Pubblica Amministrazione \u00e8 superiore a tutte le altre \u00e8 Verona con 1,034 miliardi di euro. Seguono Padova con 1,032 miliardi, Vicenza con 963 milioni, Treviso con 938 e Venezia con 877 milioni. Le realt\u00e0 imprenditoriali meno \u201csoffocate\u201d dalla burocrazia sono quelle di Belluno (218 milioni di euro) e Rovigo (197 milioni).<\/p>\n","protected":false},"excerpt":{"rendered":"<p>Nemmeno questa estate la cattiva burocrazia si \u00e8 presa un periodo di vacanza. Anzi, l\u2019ennesima novit\u00e0 negativa arriva dall\u2019Inps che con un messaggio del 20 luglio scorso (n\u00b0 2871) ha chiesto alle imprese di ricevere la comunicazione dello slittamento dei pagamenti contributivi che dovranno essere onorati entro il prossimo 20 settembre. Slittamento, ricorda la CGIA,&hellip;<\/p>\n","protected":false},"author":2,"featured_media":159059,"comment_status":"closed","ping_status":"closed","sticky":false,"template":"","format":"standard","meta":{"_monsterinsights_skip_tracking":false,"_monsterinsights_sitenote_active":false,"_monsterinsights_sitenote_note":"","_monsterinsights_sitenote_category":0,"footnotes":""},"categories":[49],"tags":[],"class_list":["post-159056","post","type-post","status-publish","format-standard","has-post-thumbnail","hentry","category-news-18","category-49","description-off"],"img_url":"https:\/\/www.radiopiu.net\/wordpress\/wp-content\/uploads\/2020\/09\/inps-pretese.jpg","_links":{"self":[{"href":"https:\/\/www.radiopiu.net\/wordpress\/wp-json\/wp\/v2\/posts\/159056","targetHints":{"allow":["GET"]}}],"collection":[{"href":"https:\/\/www.radiopiu.net\/wordpress\/wp-json\/wp\/v2\/posts"}],"about":[{"href":"https:\/\/www.radiopiu.net\/wordpress\/wp-json\/wp\/v2\/types\/post"}],"author":[{"embeddable":true,"href":"https:\/\/www.radiopiu.net\/wordpress\/wp-json\/wp\/v2\/users\/2"}],"replies":[{"embeddable":true,"href":"https:\/\/www.radiopiu.net\/wordpress\/wp-json\/wp\/v2\/comments?post=159056"}],"version-history":[{"count":0,"href":"https:\/\/www.radiopiu.net\/wordpress\/wp-json\/wp\/v2\/posts\/159056\/revisions"}],"wp:featuredmedia":[{"embeddable":true,"href":"https:\/\/www.radiopiu.net\/wordpress\/wp-json\/wp\/v2\/media\/159059"}],"wp:attachment":[{"href":"https:\/\/www.radiopiu.net\/wordpress\/wp-json\/wp\/v2\/media?parent=159056"}],"wp:term":[{"taxonomy":"category","embeddable":true,"href":"https:\/\/www.radiopiu.net\/wordpress\/wp-json\/wp\/v2\/categories?post=159056"},{"taxonomy":"post_tag","embeddable":true,"href":"https:\/\/www.radiopiu.net\/wordpress\/wp-json\/wp\/v2\/tags?post=159056"}],"curies":[{"name":"wp","href":"https:\/\/api.w.org\/{rel}","templated":true}]}}