{"id":159070,"date":"2020-09-03T17:56:33","date_gmt":"2020-09-03T15:56:33","guid":{"rendered":"https:\/\/www.radiopiu.net\/wordpress\/?p=159070"},"modified":"2020-09-03T18:40:15","modified_gmt":"2020-09-03T16:40:15","slug":"emergenza-covid-19-belluno-aggiornamento-del-3-settembre-2020","status":"publish","type":"post","link":"https:\/\/www.radiopiu.net\/wordpress\/emergenza-covid-19-belluno-aggiornamento-del-3-settembre-2020\/","title":{"rendered":"EMERGENZA COVID 19 BELLUNO: AGGIORNAMENTO DEL 3 SETTEMBRE 2020"},"content":{"rendered":"<p><strong>BELLUNO<\/strong>\u00a0Le ultime ore di attivit\u00e0 hanno messo in evidenza un\u2019unica nuova positivit\u00e0 afferente ad un focolaio parentale nell\u2019ambito di una famiglia straniera residente nel nostro territorio. tale focolaio conta attualmente un totale di 5 positivit\u00e0 maturate su soggetti gi\u00e0 quarantenati per effetto della prima positivit\u00e0.\u00a0Ricoverata ieri in malattie infettive a Belluno, su invio del Pronto Soccorso di Feltre, un\u2019anziana paziente Covid positiva con importanti patologie di base. Prossimo, invece alla dimissione, il giovane Covid positivo con quadro respiratorio in fase di netto miglioramento.\u00a0Il Dipartimento di Prevenzione ha isolato oggi 10 persone per sintomatologia, 7 per ingresso dall\u2019estero e un contatto di caso confermato.<\/p>\n","protected":false},"excerpt":{"rendered":"<p>BELLUNO\u00a0Le ultime ore di attivit\u00e0 hanno messo in evidenza un\u2019unica nuova positivit\u00e0 afferente ad un focolaio parentale nell\u2019ambito di una famiglia straniera residente nel nostro territorio. tale focolaio conta attualmente un totale di 5 positivit\u00e0 maturate su soggetti gi\u00e0 quarantenati per effetto della prima positivit\u00e0.\u00a0Ricoverata ieri in malattie infettive a Belluno, su invio del Pronto&hellip;<\/p>\n","protected":false},"author":2,"featured_media":158956,"comment_status":"closed","ping_status":"closed","sticky":false,"template":"","format":"standard","meta":{"_monsterinsights_skip_tracking":false,"_monsterinsights_sitenote_active":false,"_monsterinsights_sitenote_note":"","_monsterinsights_sitenote_category":0,"footnotes":""},"categories":[49],"tags":[],"class_list":["post-159070","post","type-post","status-publish","format-standard","has-post-thumbnail","hentry","category-news-18","category-49","description-off"],"img_url":"https:\/\/www.radiopiu.net\/wordpress\/wp-content\/uploads\/2020\/09\/corona-aggiornamenti-copia.jpg","_links":{"self":[{"href":"https:\/\/www.radiopiu.net\/wordpress\/wp-json\/wp\/v2\/posts\/159070","targetHints":{"allow":["GET"]}}],"collection":[{"href":"https:\/\/www.radiopiu.net\/wordpress\/wp-json\/wp\/v2\/posts"}],"about":[{"href":"https:\/\/www.radiopiu.net\/wordpress\/wp-json\/wp\/v2\/types\/post"}],"author":[{"embeddable":true,"href":"https:\/\/www.radiopiu.net\/wordpress\/wp-json\/wp\/v2\/users\/2"}],"replies":[{"embeddable":true,"href":"https:\/\/www.radiopiu.net\/wordpress\/wp-json\/wp\/v2\/comments?post=159070"}],"version-history":[{"count":0,"href":"https:\/\/www.radiopiu.net\/wordpress\/wp-json\/wp\/v2\/posts\/159070\/revisions"}],"wp:featuredmedia":[{"embeddable":true,"href":"https:\/\/www.radiopiu.net\/wordpress\/wp-json\/wp\/v2\/media\/158956"}],"wp:attachment":[{"href":"https:\/\/www.radiopiu.net\/wordpress\/wp-json\/wp\/v2\/media?parent=159070"}],"wp:term":[{"taxonomy":"category","embeddable":true,"href":"https:\/\/www.radiopiu.net\/wordpress\/wp-json\/wp\/v2\/categories?post=159070"},{"taxonomy":"post_tag","embeddable":true,"href":"https:\/\/www.radiopiu.net\/wordpress\/wp-json\/wp\/v2\/tags?post=159070"}],"curies":[{"name":"wp","href":"https:\/\/api.w.org\/{rel}","templated":true}]}}