{"id":159132,"date":"2020-09-05T06:30:52","date_gmt":"2020-09-05T04:30:52","guid":{"rendered":"https:\/\/www.radiopiu.net\/wordpress\/?p=159132"},"modified":"2020-09-05T07:28:13","modified_gmt":"2020-09-05T05:28:13","slug":"giornale-radiopiu-05-settembre-2020-direttore-mirko-mezzacasa","status":"publish","type":"post","link":"https:\/\/www.radiopiu.net\/wordpress\/giornale-radiopiu-05-settembre-2020-direttore-mirko-mezzacasa\/","title":{"rendered":"GIORNALE RADIOPIU 05 SETTEMBRE 2020 DIRETTORE MIRKO MEZZACASA"},"content":{"rendered":"<h3><strong>PER RICEVERE QUESTO NOTIZIARIO DIRETTAMENTE SUL TUO CELLULARE ISCRIVITI AL CANALE TELEGRAM\u00a0<\/strong><strong>\u201cRADIO PIU\u00a0 INFORMAZIONE<\/strong><\/h3>\n<p><em>ATTENZIONE: LA NUOVA APP PER IOS-IPHONE<\/em><\/p>\n<div>\n<div><a href=\"https:\/\/apps.apple.com\/it\/app\/radio-pi%C3%B9-emittente-agordina\/id1515939845\">https:\/\/apps.apple.com\/it\/app\/radio-pi%C3%B9-emittente-agordina\/id1515939845<\/a><\/div>\n<\/div>\n<div><\/div>\n<div>\n<div dir=\"auto\"><em>ATTENZIONE: LA NUOVA APP RADIO\u00a0 PER ANDROID<\/em><\/div>\n<\/div>\n<p><a href=\"https:\/\/play.google.com\/store\/apps\/details?id=net.radiopiu.iniko\" target=\"_blank\" rel=\"noopener noreferrer\">https:\/\/play.google.com\/store\/apps\/details?id=net.radiopiu.iniko<\/a><\/p>\n<p>&nbsp;<\/p>\n<hr \/>\n<p>&nbsp;<\/p>\n<p><a class=\"dt-pswp-item pspw-wrap-ready\" href=\"https:\/\/i2.wp.com\/www.radiopiu.net\/wordpress\/wp-content\/uploads\/2018\/08\/ACQUA.jpeg?ssl=1\" data-dt-img-description=\"\" data-large_image_width=\"1280\" data-large_image_height=\"768\"><img loading=\"lazy\" decoding=\"async\" class=\"wp-image-57052 alignleft\" src=\"https:\/\/i2.wp.com\/www.radiopiu.net\/wordpress\/wp-content\/uploads\/2018\/08\/ACQUA.jpeg?resize=198%2C119&amp;ssl=1\" sizes=\"auto, (max-width: 198px) 100vw, 198px\" srcset=\"https:\/\/i2.wp.com\/www.radiopiu.net\/wordpress\/wp-content\/uploads\/2018\/08\/ACQUA.jpeg?resize=300%2C180&amp;ssl=1 300w, https:\/\/i2.wp.com\/www.radiopiu.net\/wordpress\/wp-content\/uploads\/2018\/08\/ACQUA.jpeg?resize=768%2C461&amp;ssl=1 768w, https:\/\/i2.wp.com\/www.radiopiu.net\/wordpress\/wp-content\/uploads\/2018\/08\/ACQUA.jpeg?resize=1024%2C614&amp;ssl=1 1024w, https:\/\/i2.wp.com\/www.radiopiu.net\/wordpress\/wp-content\/uploads\/2018\/08\/ACQUA.jpeg?w=1280&amp;ssl=1 1280w\" alt=\"\" width=\"198\" height=\"119\" data-recalc-dims=\"1\" \/><\/a><\/p>\n<p><strong>AGORDO <\/strong>Gestione Servizi Pubblici informa che ad AGORDO nelle vie DOZZA e FONTANA compreso l\u2019OSPEDALE, l&#8217;acqua erogata dall&#8217;acquedotto non \u00e8 potabile e pu\u00f2 essere usata per scopi alimentari SOLO PREVIA bollitura. GSP ha, comunque, gi\u00e0 adottato le necessarie misure per la disinfezione dell&#8217;acqua presente nei serbatoi e nella rete idrica con l&#8217;aggiunta di cloro<\/p>\n<p><strong>SAN TOMASO AGORDINO<\/strong> nelle localit\u00e0 ROI E PIANEZZE l\u2019acqua erogata dall\u2019acquedotto non \u00e8 potabile e non pu\u00f2 essere usata per scopi alimentari nemmeno mediante bollitura. Viene effettuato da settimane un servizio sostitutivo con autobotte.<\/p>\n<p>&nbsp;<\/p>\n<hr \/>\n<p>&nbsp;<\/p>\n<blockquote>\n<h3>AGORDO &#8211; FURTO IN LUXOTTICA &#8211; DENUNCIATA UNA DONNA<\/h3>\n<\/blockquote>\n<p><strong><a class=\"dt-pswp-item\" href=\"https:\/\/www.radiopiu.net\/wordpress\/wp-content\/uploads\/2020\/09\/furto-lux.jpg\" data-dt-img-description=\"\" data-large_image_width=\"800\" data-large_image_height=\"600\"><img loading=\"lazy\" decoding=\"async\" class=\"size-medium wp-image-159180 alignleft\" src=\"https:\/\/www.radiopiu.net\/wordpress\/wp-content\/uploads\/2020\/09\/furto-lux-300x225.jpg\" alt=\"\" width=\"300\" height=\"225\" srcset=\"https:\/\/www.radiopiu.net\/wordpress\/wp-content\/uploads\/2020\/09\/furto-lux-300x225.jpg 300w, https:\/\/www.radiopiu.net\/wordpress\/wp-content\/uploads\/2020\/09\/furto-lux-768x576.jpg 768w, https:\/\/www.radiopiu.net\/wordpress\/wp-content\/uploads\/2020\/09\/furto-lux-640x480.jpg 640w, https:\/\/www.radiopiu.net\/wordpress\/wp-content\/uploads\/2020\/09\/furto-lux.jpg 800w\" sizes=\"auto, (max-width: 300px) 100vw, 300px\" \/><\/a>AGORDO\u00a0<\/strong>I carabinieri di Agordo a conclusione degli accertamenti, hanno denunciato in stato di libert\u00e0 S.K. classe 73 (donna) residente a Belluno dipende di una delle numerose cooperative operanti nei servizi ausiliari all&#8217;interno dello stabilimento Luxottica di Agordo.\u00a0La donna nella serata del 3 settembre 2020 al termine della sua attivit\u00e0 lavorativa veniva fermata da personale della sicurezza per un controllo di routine all&#8217;uscita.\u00a0Al rifiuto di sottoporsi al controllo venivano allertati i CC della locale stazione di Agordo per cui la donna veniva sottoposta a perquisizione personale, con esito positivo.\u00a0Nello specifico venivano rinvenuti all&#8217;interno della borsa 33 paia di occhiali di varie marche.\u00a0Successivamente, una perquisizione domiciliare permetteva il rinvenimento di altri 25 paia di occhiali di varie marche con altrettante custodie.\u00a0Un &#8220;bottino&#8221; del valore approssimativo di \u20ac 5000.<\/p>\n<p>&nbsp;<\/p>\n<p>&nbsp;<\/p>\n<hr \/>\n<p>&nbsp;<\/p>\n<blockquote>\n<h3>ULTRALEGGERO SI SCHIANTA IN FASE DI DECOLLO<\/h3>\n<\/blockquote>\n<p><b>SANTA GIUSTINA <\/b>Ieri alle 19 i Vigili del Fuoco sono intervenuti con due squadre presso il campo volo in localit\u00e0 Fant a Santa Giustina per un incidente di volo avvenuto durante un decollo di un ultraleggero: ferite le due persone a bordo. I pompieri hanno messo in sicurezza il velivolo, mentre i due occupanti feriti in maniera lieve, sono stati presi in cura dal personale del SUEM e portati in ospedale a Feltre.<\/p>\n\n\t\t\t<style type='text\/css'>\n\t\t\t\t#gallery-1 {\n\t\t\t\t\tmargin: auto;\n\t\t\t\t}\n\t\t\t\t#gallery-1 .gallery-item {\n\t\t\t\t\tfloat: left;\n\t\t\t\t\tmargin-top: 10px;\n\t\t\t\t\ttext-align: center;\n\t\t\t\t\twidth: 25%;\n\t\t\t\t}\n\t\t\t\t#gallery-1 img {\n\t\t\t\t\tborder: 2px solid #cfcfcf;\n\t\t\t\t}\n\t\t\t\t#gallery-1 .gallery-caption {\n\t\t\t\t\tmargin-left: 0;\n\t\t\t\t}\n\t\t\t\t\/* see gallery_shortcode() in wp-includes\/media.php *\/\n\t\t\t<\/style>\n\t\t<div id='gallery-1' class='dt-gallery-container gallery galleryid-159132 gallery-columns-4 gallery-size-medium'><dl class='gallery-item'>\n\t\t\t\t<dt class='gallery-icon landscape'>\n\t\t\t\t\t<a class=\"rollover rollover-zoom dt-pswp-item\" title=\"333c6d36-5dd9-47cb-9c86-fc233736579c\" data-dt-img-description=\"\" data-large_image_width=\"1040\" data-large_image_height=\"663\"href='https:\/\/www.radiopiu.net\/wordpress\/wp-content\/uploads\/2020\/09\/333c6d36-5dd9-47cb-9c86-fc233736579c.jpg'><img loading=\"lazy\" decoding=\"async\" width=\"300\" height=\"191\" src=\"https:\/\/www.radiopiu.net\/wordpress\/wp-content\/uploads\/2020\/09\/333c6d36-5dd9-47cb-9c86-fc233736579c-300x191.jpg\" class=\"attachment-medium size-medium\" alt=\"\" srcset=\"https:\/\/www.radiopiu.net\/wordpress\/wp-content\/uploads\/2020\/09\/333c6d36-5dd9-47cb-9c86-fc233736579c-300x191.jpg 300w, https:\/\/www.radiopiu.net\/wordpress\/wp-content\/uploads\/2020\/09\/333c6d36-5dd9-47cb-9c86-fc233736579c-1024x653.jpg 1024w, https:\/\/www.radiopiu.net\/wordpress\/wp-content\/uploads\/2020\/09\/333c6d36-5dd9-47cb-9c86-fc233736579c-768x490.jpg 768w, https:\/\/www.radiopiu.net\/wordpress\/wp-content\/uploads\/2020\/09\/333c6d36-5dd9-47cb-9c86-fc233736579c-640x408.jpg 640w, https:\/\/www.radiopiu.net\/wordpress\/wp-content\/uploads\/2020\/09\/333c6d36-5dd9-47cb-9c86-fc233736579c.jpg 1040w\" sizes=\"auto, (max-width: 300px) 100vw, 300px\" \/><\/a>\n\t\t\t\t<\/dt><\/dl><dl class='gallery-item'>\n\t\t\t\t<dt class='gallery-icon landscape'>\n\t\t\t\t\t<a class=\"rollover rollover-zoom dt-pswp-item\" title=\"a7da0c16-4455-47d6-bf6a-9d9c82e5355f\" data-dt-img-description=\"\" data-large_image_width=\"1280\" data-large_image_height=\"720\"href='https:\/\/www.radiopiu.net\/wordpress\/wp-content\/uploads\/2020\/09\/a7da0c16-4455-47d6-bf6a-9d9c82e5355f.jpg'><img loading=\"lazy\" decoding=\"async\" width=\"300\" height=\"169\" src=\"https:\/\/www.radiopiu.net\/wordpress\/wp-content\/uploads\/2020\/09\/a7da0c16-4455-47d6-bf6a-9d9c82e5355f-300x169.jpg\" class=\"attachment-medium size-medium\" alt=\"\" srcset=\"https:\/\/www.radiopiu.net\/wordpress\/wp-content\/uploads\/2020\/09\/a7da0c16-4455-47d6-bf6a-9d9c82e5355f-300x169.jpg 300w, https:\/\/www.radiopiu.net\/wordpress\/wp-content\/uploads\/2020\/09\/a7da0c16-4455-47d6-bf6a-9d9c82e5355f-1024x576.jpg 1024w, https:\/\/www.radiopiu.net\/wordpress\/wp-content\/uploads\/2020\/09\/a7da0c16-4455-47d6-bf6a-9d9c82e5355f-768x432.jpg 768w, https:\/\/www.radiopiu.net\/wordpress\/wp-content\/uploads\/2020\/09\/a7da0c16-4455-47d6-bf6a-9d9c82e5355f-640x360.jpg 640w, https:\/\/www.radiopiu.net\/wordpress\/wp-content\/uploads\/2020\/09\/a7da0c16-4455-47d6-bf6a-9d9c82e5355f.jpg 1280w\" sizes=\"auto, (max-width: 300px) 100vw, 300px\" \/><\/a>\n\t\t\t\t<\/dt><\/dl><dl class='gallery-item'>\n\t\t\t\t<dt class='gallery-icon landscape'>\n\t\t\t\t\t<a class=\"rollover rollover-zoom dt-pswp-item\" title=\"e718e028-d62e-4604-9a64-2ce97c911dd6\" data-dt-img-description=\"\" data-large_image_width=\"1280\" data-large_image_height=\"840\"href='https:\/\/www.radiopiu.net\/wordpress\/wp-content\/uploads\/2020\/09\/e718e028-d62e-4604-9a64-2ce97c911dd6.jpg'><img loading=\"lazy\" decoding=\"async\" width=\"300\" height=\"197\" src=\"https:\/\/www.radiopiu.net\/wordpress\/wp-content\/uploads\/2020\/09\/e718e028-d62e-4604-9a64-2ce97c911dd6-300x197.jpg\" class=\"attachment-medium size-medium\" alt=\"\" srcset=\"https:\/\/www.radiopiu.net\/wordpress\/wp-content\/uploads\/2020\/09\/e718e028-d62e-4604-9a64-2ce97c911dd6-300x197.jpg 300w, https:\/\/www.radiopiu.net\/wordpress\/wp-content\/uploads\/2020\/09\/e718e028-d62e-4604-9a64-2ce97c911dd6-1024x672.jpg 1024w, https:\/\/www.radiopiu.net\/wordpress\/wp-content\/uploads\/2020\/09\/e718e028-d62e-4604-9a64-2ce97c911dd6-768x504.jpg 768w, https:\/\/www.radiopiu.net\/wordpress\/wp-content\/uploads\/2020\/09\/e718e028-d62e-4604-9a64-2ce97c911dd6-640x420.jpg 640w, https:\/\/www.radiopiu.net\/wordpress\/wp-content\/uploads\/2020\/09\/e718e028-d62e-4604-9a64-2ce97c911dd6.jpg 1280w\" sizes=\"auto, (max-width: 300px) 100vw, 300px\" \/><\/a>\n\t\t\t\t<\/dt><\/dl><dl class='gallery-item'>\n\t\t\t\t<dt class='gallery-icon landscape'>\n\t\t\t\t\t<a class=\"rollover rollover-zoom dt-pswp-item\" title=\"79346a12-8d15-4e21-b346-6d7d6fe06cfd\" data-dt-img-description=\"\" data-large_image_width=\"1280\" data-large_image_height=\"948\"href='https:\/\/www.radiopiu.net\/wordpress\/wp-content\/uploads\/2020\/09\/79346a12-8d15-4e21-b346-6d7d6fe06cfd.jpg'><img loading=\"lazy\" decoding=\"async\" width=\"300\" height=\"222\" src=\"https:\/\/www.radiopiu.net\/wordpress\/wp-content\/uploads\/2020\/09\/79346a12-8d15-4e21-b346-6d7d6fe06cfd-300x222.jpg\" class=\"attachment-medium size-medium\" alt=\"\" srcset=\"https:\/\/www.radiopiu.net\/wordpress\/wp-content\/uploads\/2020\/09\/79346a12-8d15-4e21-b346-6d7d6fe06cfd-300x222.jpg 300w, https:\/\/www.radiopiu.net\/wordpress\/wp-content\/uploads\/2020\/09\/79346a12-8d15-4e21-b346-6d7d6fe06cfd-1024x758.jpg 1024w, https:\/\/www.radiopiu.net\/wordpress\/wp-content\/uploads\/2020\/09\/79346a12-8d15-4e21-b346-6d7d6fe06cfd-768x569.jpg 768w, https:\/\/www.radiopiu.net\/wordpress\/wp-content\/uploads\/2020\/09\/79346a12-8d15-4e21-b346-6d7d6fe06cfd-640x474.jpg 640w, https:\/\/www.radiopiu.net\/wordpress\/wp-content\/uploads\/2020\/09\/79346a12-8d15-4e21-b346-6d7d6fe06cfd.jpg 1280w\" sizes=\"auto, (max-width: 300px) 100vw, 300px\" \/><\/a>\n\t\t\t\t<\/dt><\/dl><br style=\"clear: both\" \/>\n\t\t\t<\/div>\n\n<p>&nbsp;<\/p>\n<hr \/>\n<p>&nbsp;<\/p>\n<blockquote>\n<h3>RECUPERATI SEI ESCURSIONISTI SUL GRUPPO DEL CRISTALLO A CORTINA<\/h3>\n<\/blockquote>\n<p><strong><a class=\"dt-pswp-item\" href=\"https:\/\/www.radiopiu.net\/wordpress\/wp-content\/uploads\/2020\/07\/salt_20200720_210724_897_resized.jpg\" data-dt-img-description=\"\" data-large_image_width=\"1182\" data-large_image_height=\"886\"><img loading=\"lazy\" decoding=\"async\" class=\"size-medium wp-image-150441 alignleft\" src=\"https:\/\/www.radiopiu.net\/wordpress\/wp-content\/uploads\/2020\/07\/salt_20200720_210724_897_resized-300x225.jpg\" alt=\"\" width=\"300\" height=\"225\" srcset=\"https:\/\/www.radiopiu.net\/wordpress\/wp-content\/uploads\/2020\/07\/salt_20200720_210724_897_resized-300x225.jpg 300w, https:\/\/www.radiopiu.net\/wordpress\/wp-content\/uploads\/2020\/07\/salt_20200720_210724_897_resized-1024x768.jpg 1024w, https:\/\/www.radiopiu.net\/wordpress\/wp-content\/uploads\/2020\/07\/salt_20200720_210724_897_resized-768x576.jpg 768w, https:\/\/www.radiopiu.net\/wordpress\/wp-content\/uploads\/2020\/07\/salt_20200720_210724_897_resized.jpg 1182w\" sizes=\"auto, (max-width: 300px) 100vw, 300px\" \/><\/a>CORTINA<\/strong><span style=\"caret-color: #000000; color: #000000; font-family: -webkit-standard; font-size: medium; font-style: normal; font-variant-caps: normal; font-weight: normal; letter-spacing: normal; orphans: auto; text-align: start; text-indent: 0px; text-transform: none; white-space: normal; widows: auto; word-spacing: 0px; -webkit-tap-highlight-color: rgba(26, 26, 26, 0.3); -webkit-text-size-adjust: auto; -webkit-text-stroke-width: 0px; text-decoration: none; display: inline !important; float: none;\"> Alle 19 circa la Centrale del 118 \u00e8 stata allertata per sei escursionisti di Ferrara, tre adulti e tre bambini, in difficolt\u00e0 nel Gruppo del Cristallo. Completata la Ferrata Ren\u00e8 de Pol al Forame de Inze, una volta raggiunta Forcella Verde, anzich\u00e9 rientrate da Val Pra del Vecia e scendere a Cimabanche, il gruppo ha preso il vecchio sentiero ora chiuso e, arrivato a met\u00e0 ghiaione dove i segnali indicano di voltare a destra, non vedendoli ha proseguito sbagliando ed \u00e8 sceso seguendo le tracce della Grande Guerra. Arrivati a circa 1.800 metri di quota sopra la sorgente del Felizon, i sei si sono dovuti fermare, incapaci di proseguire, e hanno chiesto aiuto. Individuati anche grazie alle coordinate della loro posizione, gli escursionisti sono stati recuperati dell&#8217;elicottero del Suem utilizzando il verricello e trasportati a Ospitale<\/span><\/p>\n<p>&nbsp;<\/p>\n<p>&nbsp;<\/p>\n<hr \/>\n<p>&nbsp;<\/p>\n<blockquote>\n<h3>DUE MALORI IN MONTAGNA<\/h3>\n<\/blockquote>\n<p><strong><a class=\"dt-pswp-item\" href=\"https:\/\/www.radiopiu.net\/wordpress\/wp-content\/uploads\/2018\/08\/soccorsoalpino.jpg\" data-dt-img-description=\"\" data-large_image_width=\"1200\" data-large_image_height=\"1200\"><img loading=\"lazy\" decoding=\"async\" class=\" wp-image-59164 alignleft\" src=\"https:\/\/www.radiopiu.net\/wordpress\/wp-content\/uploads\/2018\/08\/soccorsoalpino-300x300.jpg\" alt=\"\" width=\"179\" height=\"179\" srcset=\"https:\/\/www.radiopiu.net\/wordpress\/wp-content\/uploads\/2018\/08\/soccorsoalpino-300x300.jpg 300w, https:\/\/www.radiopiu.net\/wordpress\/wp-content\/uploads\/2018\/08\/soccorsoalpino-150x150.jpg 150w, https:\/\/www.radiopiu.net\/wordpress\/wp-content\/uploads\/2018\/08\/soccorsoalpino-768x768.jpg 768w, https:\/\/www.radiopiu.net\/wordpress\/wp-content\/uploads\/2018\/08\/soccorsoalpino-1024x1024.jpg 1024w, https:\/\/www.radiopiu.net\/wordpress\/wp-content\/uploads\/2018\/08\/soccorsoalpino.jpg 1200w\" sizes=\"auto, (max-width: 179px) 100vw, 179px\" \/><\/a>CORTINA\u00a0<\/strong>Due escursioniste sono state colte entrambe da malore attorno alle 13. Nel primo caso a lanciare l&#8217;allarme \u00e8 stato il marito di una turista tedesca, che ha iniziato a sentirsi poco bene mentre si trovavano sul sentiero diretti all&#8217;attacco della Ferrata Ren\u00e8 de Pol, Forame de Inze, Gruppo del Cristallo a Cortina d&#8217;Ampezzo.La donna \u00e8 stata recuperata del Pelikan di Bolzano e trasportata a Brunico per i dovuti accertamenti.<\/p>\n<p><strong>PIEVE DI CADORE\u00a0<\/strong>La seconda richiesta di aiuto \u00e8 arrivata per una trentottenne padovana, che aveva manifestato problemi al Rifugio Venezia, a Borca di Cadore. Raggiunta in fuoristrada da una squadra del Soccorso alpino di San Vito di Cadore, l&#8217;escursionista \u00e8 stata trasportata fino all&#8217;ambulanza partita per l&#8217;ospedale di Pieve di Cadore.<\/p>\n<p>&nbsp;<\/p>\n<p>&nbsp;<\/p>\n<hr \/>\n<p>&nbsp;<\/p>\n<blockquote>\n<h3>INVESTITO DAL COLLEGA MENTRE SEGNALAVA LA MANOVRA A GESTI<\/h3>\n<\/blockquote>\n<p><strong><a class=\"dt-pswp-item\" href=\"https:\/\/www.radiopiu.net\/wordpress\/wp-content\/uploads\/2016\/05\/carabinieri-6-2.jpg\" data-dt-img-description=\"\" data-large_image_width=\"1000\" data-large_image_height=\"681\"><img loading=\"lazy\" decoding=\"async\" class=\" wp-image-19346 alignleft\" src=\"https:\/\/www.radiopiu.net\/wordpress\/wp-content\/uploads\/2016\/05\/carabinieri-6-2-300x204.jpg\" alt=\"\" width=\"196\" height=\"133\" \/><\/a>VALLE DI CADORE<\/strong> Nella serata di giovedi un uomo di 42 anni \u00e8 stato investito da un collega alla guida di un autoarticolato mentre lo stava aiutando a segnalare la manovra a gesti. A.S. di Matera, dipendente della ditta di trasporti &#8220;Stella All In One&#8221; si trovava con il collega presso l&#8217;area adibita a parcheggio dell&#8217;Hotel Belsit a Valle di Cadore quando \u00e8 avvenuto l&#8217;investimento. Sul posto i Carabinieri e il personale del SUEM 118 che ha prestato le prime cure al quarantaduenne. L&#8217;uomo \u00e8 stato trasportato all&#8217;Ospedale di Pieve di Cadore ed \u00e8 tutt&#8217;ora in prognosi riservata ma non in pericolo di vita.<\/p>\n<p>&nbsp;<\/p>\n<p>&nbsp;<\/p>\n<hr \/>\n<p>&nbsp;<\/p>\n<blockquote>\n<h3>IL 14 SETTEMBRE RICOMINCIA LA SCUOLA, DOLOMITIBUS SI PREPARA<\/h3>\n<\/blockquote>\n<p><strong><a class=\"dt-pswp-item\" href=\"https:\/\/www.radiopiu.net\/wordpress\/wp-content\/uploads\/2020\/06\/f662441c-c6a1-40df-8978-3ff5202173f9.jpg\" data-dt-img-description=\"\" data-large_image_width=\"1280\" data-large_image_height=\"960\"><img loading=\"lazy\" decoding=\"async\" class=\"size-medium wp-image-145519 alignleft\" src=\"https:\/\/www.radiopiu.net\/wordpress\/wp-content\/uploads\/2020\/06\/f662441c-c6a1-40df-8978-3ff5202173f9-300x225.jpg\" alt=\"\" width=\"300\" height=\"225\" srcset=\"https:\/\/www.radiopiu.net\/wordpress\/wp-content\/uploads\/2020\/06\/f662441c-c6a1-40df-8978-3ff5202173f9-300x225.jpg 300w, https:\/\/www.radiopiu.net\/wordpress\/wp-content\/uploads\/2020\/06\/f662441c-c6a1-40df-8978-3ff5202173f9-1024x768.jpg 1024w, https:\/\/www.radiopiu.net\/wordpress\/wp-content\/uploads\/2020\/06\/f662441c-c6a1-40df-8978-3ff5202173f9-768x576.jpg 768w, https:\/\/www.radiopiu.net\/wordpress\/wp-content\/uploads\/2020\/06\/f662441c-c6a1-40df-8978-3ff5202173f9.jpg 1280w\" sizes=\"auto, (max-width: 300px) 100vw, 300px\" \/><\/a>BELLUNO<\/strong><\/p>\n<p>di Moreno Gioli<\/p>\n<p><strong>Il servizio e le interviste a Natalia Ranza (AD Dolomitibus) e\u00a0Roberto Padrin (Presidente della provincia di Belluno)<\/strong><\/p>\n<audio class=\"wp-audio-shortcode\" id=\"audio-159132-1\" preload=\"none\" style=\"width: 100%;\" controls=\"controls\"><source type=\"audio\/mpeg\" src=\"https:\/\/www.radiopiu.net\/wordpress\/wp-content\/uploads\/2020\/09\/GIOLI-DOLOMITI-BUS.mp3?_=1\" \/><a href=\"https:\/\/www.radiopiu.net\/wordpress\/wp-content\/uploads\/2020\/09\/GIOLI-DOLOMITI-BUS.mp3\">https:\/\/www.radiopiu.net\/wordpress\/wp-content\/uploads\/2020\/09\/GIOLI-DOLOMITI-BUS.mp3<\/a><\/audio>\n<p>&nbsp;<\/p>\n<hr \/>\n<p>&nbsp;<\/p>\n<blockquote>\n<h3>L&#8217;ATTACCO DEL LUPO A CORNEI &#8220;IL TROPPO STROPPIA&#8221;<\/h3>\n<\/blockquote>\n<p><strong>ALPAGO\u00a0<\/strong> E&#8217; il consigliere Massimo Bortoluzzi che dalla sua pagina facebook da notizia dell&#8217;ennesimo attacco del lupo. A Cornei, vicinissimo alle case. Un <img loading=\"lazy\" decoding=\"async\" class=\"alignleft\" src=\"https:\/\/www.radiopiu.net\/wordpress\/wp-content\/uploads\/2020\/09\/118770499_600208503988768_7999247005674492080_o-300x300.jpg\" width=\"168\" height=\"168\" \/>allevatore si \u00e8 visto uccidere 4 pecore e dovr\u00e0 abbatterne altre 5-6 per le conseguenze della p<span class=\"text_exposed_show\">redazione. <\/span><\/p>\n<blockquote><p><span class=\"text_exposed_show\"><em>&#8220;A chi benedice la presenza del lupo dico che il troppo stroppia &#8211; dice il consigliere bellunese-\u00a0 qui ormai siamo di fronte a esemplari in dispersione. I branchi sono sempre di pi\u00f9. E il rischio di problemi sociali non solo agricoli \u00e8 sempre pi\u00f9 concreto. A questo punto serve una presa di posizione forte da parte del Governo, per arrivare a un piano di controllo che tenga in considerazione le esigenze della biodiversit\u00e0 ma anche le esigenze del territorio, della zootecnia, e della sicurezza sociale&#8221;<\/em><\/span><\/p>\n<p>&nbsp;<\/p>\n<p>&nbsp;<\/p><\/blockquote>\n<hr \/>\n<p>&nbsp;<\/p>\n<blockquote>\n<h3>IL NUOVO ECOCENTRO AD AGORDO SI FAR\u00c0 MA NON SUBITO<\/h3>\n<\/blockquote>\n<p><strong><a class=\"dt-pswp-item\" href=\"https:\/\/www.radiopiu.net\/wordpress\/wp-content\/uploads\/2017\/03\/ECOCENTRO.jpg\" data-dt-img-description=\"\" data-large_image_width=\"593\" data-large_image_height=\"334\"><img loading=\"lazy\" decoding=\"async\" class=\"size-medium wp-image-30104 alignleft\" src=\"https:\/\/www.radiopiu.net\/wordpress\/wp-content\/uploads\/2017\/03\/ECOCENTRO-300x169.jpg\" alt=\"\" width=\"300\" height=\"169\" \/><\/a>AGORDO<\/strong><\/p>\n<p>di Gianni Santomaso<\/p>\n<audio class=\"wp-audio-shortcode\" id=\"audio-159132-2\" preload=\"none\" style=\"width: 100%;\" controls=\"controls\"><source type=\"audio\/mpeg\" src=\"https:\/\/www.radiopiu.net\/wordpress\/wp-content\/uploads\/2020\/09\/GIANNI-ECOCENTRO-AGORDO.mp3?_=2\" \/><a href=\"https:\/\/www.radiopiu.net\/wordpress\/wp-content\/uploads\/2020\/09\/GIANNI-ECOCENTRO-AGORDO.mp3\">https:\/\/www.radiopiu.net\/wordpress\/wp-content\/uploads\/2020\/09\/GIANNI-ECOCENTRO-AGORDO.mp3<\/a><\/audio>\n<p>&nbsp;<\/p>\n<hr \/>\n<p>&nbsp;<\/p>\n<blockquote>\n<h3>CADE IN MOUNTAIN BIKE, INTERVIENE IL SOCCORSO ALPINO<\/h3>\n<\/blockquote>\n<p><strong><a class=\"dt-pswp-item\" href=\"https:\/\/www.radiopiu.net\/wordpress\/wp-content\/uploads\/2018\/08\/mountain-biking-1210066_1280.jpg\" data-dt-img-description=\"\" data-large_image_width=\"1280\" data-large_image_height=\"960\"><img loading=\"lazy\" decoding=\"async\" class=\" wp-image-58250 alignleft\" src=\"https:\/\/www.radiopiu.net\/wordpress\/wp-content\/uploads\/2018\/08\/mountain-biking-1210066_1280-300x225.jpg\" alt=\"\" width=\"227\" height=\"170\" srcset=\"https:\/\/www.radiopiu.net\/wordpress\/wp-content\/uploads\/2018\/08\/mountain-biking-1210066_1280-300x225.jpg 300w, https:\/\/www.radiopiu.net\/wordpress\/wp-content\/uploads\/2018\/08\/mountain-biking-1210066_1280-768x576.jpg 768w, https:\/\/www.radiopiu.net\/wordpress\/wp-content\/uploads\/2018\/08\/mountain-biking-1210066_1280-1024x768.jpg 1024w, https:\/\/www.radiopiu.net\/wordpress\/wp-content\/uploads\/2018\/08\/mountain-biking-1210066_1280.jpg 1280w\" sizes=\"auto, (max-width: 227px) 100vw, 227px\" \/><\/a>ALANO DI PIAVE<\/strong> Gioved\u00ec, alle 20 circa, la Centrale del 118 \u00e8 stata allertata per un turista tedesco caduto con la propria mountain bike lungo il sentiero 845, nella zona di Forcella San Daniele. L&#8217;uomo di 62 anni, che si trovava con altre due persone, aveva riportato probabili traumi alla spalla e al gomito. Una squadra del Soccorso alpino di Feltre si \u00e8 portata sul posto con il fuoristrada e ha raggiunto l&#8217;infortunato, assistito anche da un escursionista di passaggio. Caricato a bordo, il ciclista \u00e8 stato accompagnato all&#8217;ospedale di Feltre, mentre i suoi due compagni sono scesi autonomamente.<\/p>\n<p>&nbsp;<\/p>\n<p>&nbsp;<\/p>\n<hr \/>\n<p>&nbsp;<\/p>\n<blockquote>\n<h3>ESSILORLUXOTTICA CONTINUA LA VIA LEGALE SUL CASO GRANDVISION<\/h3>\n<\/blockquote>\n<p><strong><a class=\"dt-pswp-item\" href=\"https:\/\/www.radiopiu.net\/wordpress\/wp-content\/uploads\/2020\/06\/ESSILORLUXOTTICA.png\" data-dt-img-description=\"\" data-large_image_width=\"798\" data-large_image_height=\"214\"><img loading=\"lazy\" decoding=\"async\" class=\"size-medium wp-image-146319 alignleft\" src=\"https:\/\/www.radiopiu.net\/wordpress\/wp-content\/uploads\/2020\/06\/ESSILORLUXOTTICA-300x80.png\" alt=\"\" width=\"300\" height=\"80\" srcset=\"https:\/\/www.radiopiu.net\/wordpress\/wp-content\/uploads\/2020\/06\/ESSILORLUXOTTICA-300x80.png 300w, https:\/\/www.radiopiu.net\/wordpress\/wp-content\/uploads\/2020\/06\/ESSILORLUXOTTICA-768x206.png 768w, https:\/\/www.radiopiu.net\/wordpress\/wp-content\/uploads\/2020\/06\/ESSILORLUXOTTICA.png 798w\" sizes=\"auto, (max-width: 300px) 100vw, 300px\" \/><\/a>CHARENTON-LE-PONT (FRANCIA)<\/strong> EssilorLuxottica conferma che presenter\u00e0 appello contro la decisione che respinge la richiesta di informazioni avanzata della Societ\u00e0 a GrandVision. EssilorLuxottica osserva con preoccupazione come GrandVision continui a negare l\u2019accesso a informazioni rilevanti sulla gestione del business durante l\u2019epidemia di COVID-19. Le azioni legali, compreso l\u2019appello, non incidono sul decorso delle procedure antitrust ancora aperte presso le autorit\u00e0 competenti.<\/p>\n<p>&nbsp;<\/p>\n<p>&nbsp;<\/p>\n<hr \/>\n<p>&nbsp;<\/p>\n<blockquote class=\"wp-embedded-content\" data-secret=\"Gda7Y7039I\"><p><a href=\"https:\/\/www.radiopiu.net\/wordpress\/coronavirus-aggiornamento-nazionale-04-settembre\/\">CORONAVIRUS: AGGIORNAMENTO NAZIONALE 04 SETTEMBRE<\/a><\/p><\/blockquote>\n<p><iframe loading=\"lazy\" class=\"wp-embedded-content\" sandbox=\"allow-scripts\" security=\"restricted\" style=\"position: absolute; clip: rect(1px, 1px, 1px, 1px);\" title=\"&#8220;CORONAVIRUS: AGGIORNAMENTO NAZIONALE 04 SETTEMBRE&#8221; &#8212; Radio Pi\u00f9\" src=\"https:\/\/www.radiopiu.net\/wordpress\/coronavirus-aggiornamento-nazionale-04-settembre\/embed\/#?secret=Gda7Y7039I\" data-secret=\"Gda7Y7039I\" width=\"600\" height=\"338\" frameborder=\"0\" marginwidth=\"0\" marginheight=\"0\" scrolling=\"no\"><\/iframe><\/p>\n<p>&nbsp;<\/p>\n<hr \/>\n<p>&nbsp;<\/p>\n<blockquote class=\"wp-embedded-content\" data-secret=\"cQorxFKaaL\"><p><a href=\"https:\/\/www.radiopiu.net\/wordpress\/nelle-ultime-24-ore-311-nuove-positivita-nel-veneto-5-decessi-e-102-negativizzati-a-belluno-2-nuovi-positivi\/\">NELLE ULTIME 24 ORE 311 NUOVE POSITIVIT\u00c0 NEL VENETO. 5 DECESSI E 102 NEGATIVIZZATI. A BELLUNO 2 NUOVI POSITIVI<\/a><\/p><\/blockquote>\n<p><iframe loading=\"lazy\" class=\"wp-embedded-content\" sandbox=\"allow-scripts\" security=\"restricted\" style=\"position: absolute; clip: rect(1px, 1px, 1px, 1px);\" title=\"&#8220;NELLE ULTIME 24 ORE 311 NUOVE POSITIVIT\u00c0 NEL VENETO. 5 DECESSI E 102 NEGATIVIZZATI. A BELLUNO 2 NUOVI POSITIVI&#8221; &#8212; Radio Pi\u00f9\" src=\"https:\/\/www.radiopiu.net\/wordpress\/nelle-ultime-24-ore-311-nuove-positivita-nel-veneto-5-decessi-e-102-negativizzati-a-belluno-2-nuovi-positivi\/embed\/#?secret=cQorxFKaaL\" data-secret=\"cQorxFKaaL\" width=\"600\" height=\"338\" frameborder=\"0\" marginwidth=\"0\" marginheight=\"0\" scrolling=\"no\"><\/iframe><\/p>\n<p>&nbsp;<\/p>\n<hr \/>\n<p>&nbsp;<\/p>\n<blockquote>\n<h3>EMERGENZA COVID 19 BELLUNO: AGGIORNAMENTO DEL 4 SETTEMBRE 2020<\/h3>\n<\/blockquote>\n<p><strong><a class=\"dt-pswp-item\" href=\"https:\/\/www.radiopiu.net\/wordpress\/wp-content\/uploads\/2020\/09\/corona-aggiornamenti-copia.jpg\" data-dt-img-description=\"\" data-large_image_width=\"626\" data-large_image_height=\"417\"><img loading=\"lazy\" decoding=\"async\" class=\"wp-image-158956 alignleft\" src=\"https:\/\/www.radiopiu.net\/wordpress\/wp-content\/uploads\/2020\/09\/corona-aggiornamenti-copia-300x200.jpg\" alt=\"\" width=\"150\" height=\"100\" srcset=\"https:\/\/www.radiopiu.net\/wordpress\/wp-content\/uploads\/2020\/09\/corona-aggiornamenti-copia-300x200.jpg 300w, https:\/\/www.radiopiu.net\/wordpress\/wp-content\/uploads\/2020\/09\/corona-aggiornamenti-copia.jpg 626w\" sizes=\"auto, (max-width: 150px) 100vw, 150px\" \/><\/a>BELLUNO\u00a0<\/strong>Le ultime ore di attivit\u00e0 laboratoristica hanno messo in evidenza 3 nuove positivit\u00e0 tutte inerenti i rientri dall&#8217;estero e tutte prive di quadro sintomatologico.\u00a0Proseguono con regolarit\u00e0 le attivit\u00e0 di screening per personale della scuola, di tamponi per rientri dall&#8217;estero e di sorveglianza attiva.<\/p>\n<p>&nbsp;<\/p>\n<p>&nbsp;<\/p>\n<p>&nbsp;<\/p>\n<hr \/>\n<p>&nbsp;<\/p>\n<blockquote>\n<h3>INAUGURATO A CAPRILE IL DRIVE-IN VACCINALE DELLE DOLOMITI AGORDINE<\/h3>\n<\/blockquote>\n<p><strong><a class=\"dt-pswp-item\" href=\"https:\/\/www.radiopiu.net\/wordpress\/wp-content\/uploads\/2020\/09\/drive-in-cap.jpg\" data-dt-img-description=\"\" data-large_image_width=\"800\" data-large_image_height=\"800\"><img loading=\"lazy\" decoding=\"async\" class=\"size-medium wp-image-159185 alignleft\" src=\"https:\/\/www.radiopiu.net\/wordpress\/wp-content\/uploads\/2020\/09\/drive-in-cap-300x300.jpg\" alt=\"\" width=\"300\" height=\"300\" srcset=\"https:\/\/www.radiopiu.net\/wordpress\/wp-content\/uploads\/2020\/09\/drive-in-cap-300x300.jpg 300w, https:\/\/www.radiopiu.net\/wordpress\/wp-content\/uploads\/2020\/09\/drive-in-cap-150x150.jpg 150w, https:\/\/www.radiopiu.net\/wordpress\/wp-content\/uploads\/2020\/09\/drive-in-cap-768x768.jpg 768w, https:\/\/www.radiopiu.net\/wordpress\/wp-content\/uploads\/2020\/09\/drive-in-cap-125x125.jpg 125w, https:\/\/www.radiopiu.net\/wordpress\/wp-content\/uploads\/2020\/09\/drive-in-cap-200x200.jpg 200w, https:\/\/www.radiopiu.net\/wordpress\/wp-content\/uploads\/2020\/09\/drive-in-cap-80x80.jpg 80w, https:\/\/www.radiopiu.net\/wordpress\/wp-content\/uploads\/2020\/09\/drive-in-cap-480x480.jpg 480w, https:\/\/www.radiopiu.net\/wordpress\/wp-content\/uploads\/2020\/09\/drive-in-cap.jpg 800w\" sizes=\"auto, (max-width: 300px) 100vw, 300px\" \/><\/a>BELLUNO<\/strong> Inaugurato a Caprile il quarto drive in vaccinale dell\u2019Ulss Dolomiti a servizio della comunit\u00e0 agordina denominato \u201cDrive in Vaccinale delle Dolomiti Agordine\u201d.\u00a0Si tratta di un presidio allestito dalla Protezione Civile, con sistema drive-in (accesso in auto con operativit\u00e0 per il tramite dei finestrini abbassati) utile, in modo flessibile, per varie attivit\u00e0 correlate all\u2019emergenza epidemiologica COVID: vaccinazioni per i bambini, giovani e adulti, tamponi diagnostici, test sierologici.\u00a0La decisione di collocare a Caprile questa struttura sanitaria mobile \u00e8 stata assunta, assieme alle autorit\u00e0 locali, per la posizione baricentrica nell\u2019ambito dell\u2019Agordino, consentendo un facile accesso anche per i comuni delle terre alte, e per l\u2019evidenza del buon funzionamento degli altri tre drive-in oggi attivi: Belluno- Ospedale San Martino, Feltre- Borgo Ruga, Tai di Cadore.\u00a0Il Drive-in di Caprile \u00e8 entrato in funzione in via sperimentale nei primi giorni di questa settimana sia per l\u2019esecuzione dei test sierologici agli insegnanti e al personale della scuola, secondo le indicazioni nazionali e regionali, sia per la prima tornata di vaccinazione contro la TBE e lo pneumococco.\u00a0Complessivamente in Ulss Dolomiti, con metodo drive-in, nella fase di ripresa post COVID sono state eseguite circa 12.000 vaccinazioni contro la TBE, circa 1.000 vaccinazioni contro lo pneumococco, e circa 1.500 test sierologici per il personale della scuola.\u00a0Il Drive-in Vaccinale di Caprile risulter\u00e0 strategico, assieme agli altri tre Drive-in gestiti dal Dipartimento di Prevenzione e in parallelo con l\u2019attivit\u00e0 dei Medici di Medicina Generale e del Pediatri di Libera Scelta per la prossima compagna di vaccinazioni antinfluenzale che inizier\u00e0 nel mese di ottobre.\u00a0Il metodo drive-in, attivato in tutte le Ulss del Veneto sulla base di esperienze nazionali e internazionali, garantisce la massima sicurezza operativa e igienico sanitaria per cittadini e operatori. L\u2019utente, infatti, rimane nella propria auto, indossando la mascherina, abbassa il finestrino per il tempo strettamente necessario all\u2019esecuzione dell\u2019intervento e rientra in sicurezza a domicilio. Anche l\u2019operatore conduce l\u2019attivit\u00e0 con minimo dispendio di dispositivi di protezione individuale e con ridottissimo contatto interpersonale con il cittadino. La diffusione del metodo drive-in \u00e8 stata principalmente finalizzata all\u2019esecuzione dei tamponi diagnostici per la ricerca del SARS-CoV-2. Nell\u2019Ulss Dolomiti, prima in Italia, il sistema drive-in \u00e8 stato impiegato per l\u2019esecuzione delle vaccinazioni pediatriche e dell\u2019adulto, iniziando con la vaccinazione contro l\u2019encefalite da zecche, sospesa durante il lockdown e molto attesa dalla cittadinanza.\u00a0L\u2019Ulss Dolomiti ringrazia il Sindaco del Comune di Alleghe per l\u2019impegno e la generosit\u00e0 con i quali ha affiancato l\u2019Azienda Sanitaria nell\u2019attivare il Drive-in Vaccinale delle Dolomiti Agordine. Questa realizzazione consente di portare importanti attivit\u00e0 sanitarie, con metodi innovativi, in sedi facilmente accessibili alla nostra gente di montagna.<\/p>\n<p><strong>IL VIDEO DELL&#8217;INAUGURAZIONE<\/strong><\/p>\n<div style=\"width: 640px;\" class=\"wp-video\"><video class=\"wp-video-shortcode\" id=\"video-159132-1\" width=\"640\" height=\"352\" preload=\"metadata\" controls=\"controls\"><source type=\"video\/mp4\" src=\"https:\/\/www.radiopiu.net\/wordpress\/wp-content\/uploads\/2020\/09\/WhatsApp-Video-2020-09-04-at-17.14.43.mp4?_=1\" \/><a href=\"https:\/\/www.radiopiu.net\/wordpress\/wp-content\/uploads\/2020\/09\/WhatsApp-Video-2020-09-04-at-17.14.43.mp4\">https:\/\/www.radiopiu.net\/wordpress\/wp-content\/uploads\/2020\/09\/WhatsApp-Video-2020-09-04-at-17.14.43.mp4<\/a><\/video><\/div>\n<p>&nbsp;<\/p>\n<p>&nbsp;<\/p>\n<hr \/>\n<p>&nbsp;<\/p>\n<blockquote>\n<h3>IL TAR RIAPRE LA CACCIA AI CERVI IN ZONA ALPI<\/h3>\n<\/blockquote>\n<p><strong><a class=\"dt-pswp-item\" href=\"https:\/\/www.radiopiu.net\/wordpress\/wp-content\/uploads\/2018\/10\/cervo.jpg\" data-dt-img-description=\"\" data-large_image_width=\"1280\" data-large_image_height=\"853\"><img loading=\"lazy\" decoding=\"async\" class=\"size-medium wp-image-64272 alignleft\" src=\"https:\/\/www.radiopiu.net\/wordpress\/wp-content\/uploads\/2018\/10\/cervo-300x200.jpg\" alt=\"\" width=\"300\" height=\"200\" srcset=\"https:\/\/www.radiopiu.net\/wordpress\/wp-content\/uploads\/2018\/10\/cervo-300x200.jpg 300w, https:\/\/www.radiopiu.net\/wordpress\/wp-content\/uploads\/2018\/10\/cervo-768x512.jpg 768w, https:\/\/www.radiopiu.net\/wordpress\/wp-content\/uploads\/2018\/10\/cervo-1024x682.jpg 1024w, https:\/\/www.radiopiu.net\/wordpress\/wp-content\/uploads\/2018\/10\/cervo.jpg 1280w\" sizes=\"auto, (max-width: 300px) 100vw, 300px\" \/><\/a>VENEZIA\u00a0<\/strong>Il Tar del Veneto ha riammesso la possibilit\u00e0 di cacciare i cervi nella zona Alpi anche nel periodo preapertura. Con decreto della presidente Maddalena Filippi, la prima sezione del Tribunale amministrativo regionale ha revocato la sospensiva emessa lo scorso 28 agosto nei confronti del calendario venatorio adottato della Provincia di Belluno, nell\u2019ambito della delega regionale, in merito alla caccia agli ungulati per il periodo 16 agosto-14 settembre.\u00a0Nel respingere<span class=\"Apple-converted-space\">\u00a0 <\/span>il ricorso presentato dall\u2019Associazione difesa animali e ambiente (AIDAA) la prima sezione del Tribunale amministrativo regionale evidenzia come l\u2019Ispra consideri \u201cordinariamente consentita\u201d la caccia ai maschi di cervo e definisca \u201caccettabile\u201d la caccia alle femmine e ai piccoli nel periodo di preapertura della stagione venatoria, \u201ctenuto conto della consistenza delle popolazioni di ungulati e dei piani di abbattimento del cervo in provincia di Belluno\u201d.<\/p>\n<p>&nbsp;<\/p>\n<p>&nbsp;<\/p>\n<hr \/>\n<p>&nbsp;<\/p>\n<blockquote>\n<h3>CONSIGLIERE DELEGATO ALLA PROTEZIONE CIVILE: \u00abIL LUPO STA DIVENTANDO UN PROBLEMA DI DIFESA DEL SUOLO\u00bb<\/h3>\n<\/blockquote>\n<p><strong><a class=\"dt-pswp-item\" href=\"https:\/\/www.radiopiu.net\/wordpress\/wp-content\/uploads\/2020\/05\/LUPO.jpg\" data-dt-img-description=\"\" data-large_image_width=\"1920\" data-large_image_height=\"1271\"><img loading=\"lazy\" decoding=\"async\" class=\"size-medium wp-image-137939 alignleft\" src=\"https:\/\/www.radiopiu.net\/wordpress\/wp-content\/uploads\/2020\/05\/LUPO-300x199.jpg\" alt=\"\" width=\"300\" height=\"199\" srcset=\"https:\/\/www.radiopiu.net\/wordpress\/wp-content\/uploads\/2020\/05\/LUPO-300x199.jpg 300w, https:\/\/www.radiopiu.net\/wordpress\/wp-content\/uploads\/2020\/05\/LUPO-1024x678.jpg 1024w, https:\/\/www.radiopiu.net\/wordpress\/wp-content\/uploads\/2020\/05\/LUPO-768x508.jpg 768w, https:\/\/www.radiopiu.net\/wordpress\/wp-content\/uploads\/2020\/05\/LUPO-1536x1017.jpg 1536w, https:\/\/www.radiopiu.net\/wordpress\/wp-content\/uploads\/2020\/05\/LUPO.jpg 1920w\" sizes=\"auto, (max-width: 300px) 100vw, 300px\" \/><\/a>BELLUNO <\/strong>\u00abIl lupo sta diventando un problema sociale e di difesa del suolo\u00bb. Cos\u00ec in una nota il consigliere provinciale delegato a Difesa del Suolo e Protezione Civile.\u00a0\u00abL\u2019ennesimo attacco a Cornei, ai danni di un allevatore che aveva gi\u00e0 subito diverse predazioni nei mesi scorsi, \u00e8 la dimostrazione che qualcosa ci sta sfuggendo di mano. E che non \u00e8 pi\u00f9 tempo: servono misure precise e una presa di posizione da parte dello Stato e del ministro dell\u2019ambiente. La ricomparsa del lupo \u00e8 figlia dello spopolamento dilagante nelle \u201cterre alte\u201d. Il bosco ha ripreso terreno e di conseguenza \u00e8 diventato territorio ideale per gli animali selvatici. Il problema \u00e8 che adesso la presenza sempre pi\u00f9 folta di branchi e di esemplari in dispersione rende impossibile la permanenza delle attivit\u00e0 di alpeggio e zootecnia, accelerando cos\u00ec ulteriormente lo spopolamento. Questo si traduce inevitabilmente in un problema di difesa del suolo, perch\u00e9 le attivit\u00e0 agricole in quota sono fondamentali per la tutela del territorio e anche per la realizzazione di una serie di piccole opere contro il dissesto. Le malghe e la zootecnia di montagna svolgono un ruolo insostituibile, dagli sfalci alla cura dei prati. Lavori che si rivelano indispensabili per evitare problemi a valle. Se queste aziende sono costrette a chiudere perch\u00e9 non riescono a rimanere in vita a causa del lupo, cosa succeder\u00e0? Meglio non essere costretti a rispondere a questa domanda. Serve un piano nazionale di gestione del lupo\u00bb.<\/p>\n<p>&nbsp;<\/p>\n<p>&nbsp;<\/p>\n<hr \/>\n<p>&nbsp;<\/p>\n<blockquote>\n<h3>LA SISTEMAZIONE DELLA STRADA DI MULAN A VALLADA<\/h3>\n<\/blockquote>\n<p><strong><a class=\"dt-pswp-item\" href=\"https:\/\/www.radiopiu.net\/wordpress\/wp-content\/uploads\/2019\/05\/vallada-agordina.jpg\" data-dt-img-description=\"\" data-large_image_width=\"850\" data-large_image_height=\"567\"><img loading=\"lazy\" decoding=\"async\" class=\"size-medium wp-image-85787 alignleft\" src=\"https:\/\/www.radiopiu.net\/wordpress\/wp-content\/uploads\/2019\/05\/vallada-agordina-300x200.jpg\" alt=\"\" width=\"300\" height=\"200\" srcset=\"https:\/\/www.radiopiu.net\/wordpress\/wp-content\/uploads\/2019\/05\/vallada-agordina-300x200.jpg 300w, https:\/\/www.radiopiu.net\/wordpress\/wp-content\/uploads\/2019\/05\/vallada-agordina-768x512.jpg 768w, https:\/\/www.radiopiu.net\/wordpress\/wp-content\/uploads\/2019\/05\/vallada-agordina.jpg 850w\" sizes=\"auto, (max-width: 300px) 100vw, 300px\" \/><\/a>VALLADA<\/strong><\/p>\n<p>di Gianni Santomaso<\/p>\n<audio class=\"wp-audio-shortcode\" id=\"audio-159132-3\" preload=\"none\" style=\"width: 100%;\" controls=\"controls\"><source type=\"audio\/mpeg\" src=\"https:\/\/www.radiopiu.net\/wordpress\/wp-content\/uploads\/2020\/09\/GIANNI-SOLDI-VAIA-VALLADA.mp3?_=3\" \/><a href=\"https:\/\/www.radiopiu.net\/wordpress\/wp-content\/uploads\/2020\/09\/GIANNI-SOLDI-VAIA-VALLADA.mp3\">https:\/\/www.radiopiu.net\/wordpress\/wp-content\/uploads\/2020\/09\/GIANNI-SOLDI-VAIA-VALLADA.mp3<\/a><\/audio>\n<p>&nbsp;<\/p>\n<hr \/>\n<p>&nbsp;<\/p>\n<blockquote>\n<h3>BELLUNO ALPINA PENSA AD UN BRAND PER IL RILANCIO DEL NEVEGAL<\/h3>\n<\/blockquote>\n<p><strong><a class=\"dt-pswp-item\" href=\"https:\/\/www.radiopiu.net\/wordpress\/wp-content\/uploads\/2019\/08\/alpe-del-nevegal-seggiovia-1600x625.jpg\" data-dt-img-description=\"\" data-large_image_width=\"1600\" data-large_image_height=\"625\"><img loading=\"lazy\" decoding=\"async\" class=\"size-medium wp-image-94965 alignleft\" src=\"https:\/\/www.radiopiu.net\/wordpress\/wp-content\/uploads\/2019\/08\/alpe-del-nevegal-seggiovia-1600x625-300x117.jpg\" alt=\"\" width=\"300\" height=\"117\" srcset=\"https:\/\/www.radiopiu.net\/wordpress\/wp-content\/uploads\/2019\/08\/alpe-del-nevegal-seggiovia-1600x625-300x117.jpg 300w, https:\/\/www.radiopiu.net\/wordpress\/wp-content\/uploads\/2019\/08\/alpe-del-nevegal-seggiovia-1600x625-768x300.jpg 768w, https:\/\/www.radiopiu.net\/wordpress\/wp-content\/uploads\/2019\/08\/alpe-del-nevegal-seggiovia-1600x625-1024x400.jpg 1024w, https:\/\/www.radiopiu.net\/wordpress\/wp-content\/uploads\/2019\/08\/alpe-del-nevegal-seggiovia-1600x625.jpg 1600w\" sizes=\"auto, (max-width: 300px) 100vw, 300px\" \/><\/a>BELLUNO<\/strong> Allargare il progetto Prealpi bellunesi, anche realizzando un \u201cbrand\u201d dedicato, per contrastare lo spopolamento e per lanciare un prodotto turistico ampio: questa la proposta dell&#8217;associazione Belluno Alpina, da sempre attiva per la salvaguardia e il rilancio del comprensorio Quantin-Nevegal-Ronce-Valmorel.\u00a0\u201cSiamo convinti che la valorizzazione delle Prealpi passi attraverso un gran lavoro di sinergia, orientato a una valorizzazione univoca e forte con azioni altrettanto forti\u201d, spiega il presidente Gimmy Dal Farra. \u201cIl lavoro iniziato coinvolgendo i comuni di Belluno, Ponte nelle Alpi e Limana sta proseguendo, e per questo vogliamo ampliarlo anche alle realt\u00e0 confinanti di Alpago e di Borgo Valbelluna\u201d.\u00a0Un&#8217;area ampia in grado di offrire esperienze per ogni tipo di turista, che sotto il cappello del progetto Prealpi bellunesi potr\u00e0 essere promosso dal Consorzio Dolomiti Prealpi che sta gi\u00e0 lavorando con ottimi risultati: \u201cLe creste alte delle Prealpi offrono scenari meravigliosi per le passeggiate e le escursioni, ma si possono anche visitare grotte e torrenti, esplorare la natura incontaminata dei boschi, percorrere sentieri in bicicletta o affrontare percorsi a cavallo. Dobbiamo concretizzare i vari progetti che renderanno quest&#8217;area una grande occasione di richiamo per migliaia di visitatori\u201d.\u00a0Belluno Alpina attende la concretizzazione dei vari progetti avviati o sulla linea di partenza per dare il via alla collaborazione allargata: la strada silvopastorale tra Nevegal e Valmorel passando per Ronce; il laghetto alla Grava; la tabellazione dei sentieri avviata dal Comune di Belluno e discussa con la Regione che sar\u00e0 uniformata anche dai vicini comuni di Limana e Ponte nella Alpi; il percorso natura per famiglie; le gare ciclistiche e di mountain bike; il grande obbiettivo del Giro d&#8217;Italia da definire con tutti i protagonisti in gioco.\u00a0\u201cSono tutte opportunit\u00e0 turistiche, ma che diventano anche di fondamentale importanza per contrastare lo spopolamento: vogliamo che il progetto Ronce 2020 contro l&#8217;abbandono della nostra terra, coordinato dal Comune di Belluno e dall&#8217;assessore Biagio Giannone, diventi un&#8217;iniziativa a respiro prealpino e diventi cos\u00ec una realt\u00e0 importante e \u201cpesante\u201d che possa intercettare finanziamenti e contributi nazionali per le aree interne\u201d, continua Dal Farra. \u201cServono importanti interventi strutturali, ma anche politici: i recenti casi di predazioni da parte del lupo mettono a rischio l&#8217;attivit\u00e0 degli allevatori, ma anche quella dei semplici hobbisti, che sono grandi custodi della cura e manutenzione del territorio. Bisogna fare squadra tra comuni per muoversi uniti nei confronti di Provincia, Regione e Stato in fretta per prendere decisioni nella gestione dei selvatici: va fermata l&#8217;avanzata del bosco per evitare gravi danni dal punto di vista sociale, economico e della sicurezza idrogeologica. Per la sicurezza e pulizia del territorio diventa poi sempre pi\u00f9 urgente la costituzione del consorzio forestale, unica realt\u00e0 in grado di dedicarsi unicamente alla cura e allo sviluppo del grande patrimonio boschivo e forestale di queste zone\u201d.\u00a0\u201cPer questo\u201d conclude \u201cintendiamo allargare la collaborazione a tutti i comuni delle Prealpi, cos\u00ec da poter organizzare iniziative e proposte omogenee e avere maggior peso sul tavolo del confronto. Diventa quindi indispensabile un coinvolgimento della Provincia come ente di regia, dopo che il consigliere Massimo Bortoluzzi aveva gi\u00e0 dato la sua disponibilit\u00e0 sul tema\u201d.<\/p>\n<p>&nbsp;<\/p>\n<p>&nbsp;<\/p>\n<hr \/>\n<p>&nbsp;<\/p>\n<blockquote>\n<h3>DILLO A RADIO PIU&#8217;&#8230;LO SCONTO SUL GASOLIO, UNA LEGGE DEL 1998<\/h3>\n<\/blockquote>\n<p><strong><a class=\"dt-pswp-item\" href=\"https:\/\/www.radiopiu.net\/wordpress\/wp-content\/uploads\/2020\/09\/eacfa2fb-2faf-4cb8-a0ed-aa96cd445217.jpg\" data-dt-img-description=\"\" data-large_image_width=\"800\" data-large_image_height=\"1600\"><img loading=\"lazy\" decoding=\"async\" class=\" wp-image-159158 alignleft\" src=\"https:\/\/www.radiopiu.net\/wordpress\/wp-content\/uploads\/2020\/09\/eacfa2fb-2faf-4cb8-a0ed-aa96cd445217-150x300.jpg\" alt=\"\" width=\"125\" height=\"250\" srcset=\"https:\/\/www.radiopiu.net\/wordpress\/wp-content\/uploads\/2020\/09\/eacfa2fb-2faf-4cb8-a0ed-aa96cd445217-150x300.jpg 150w, https:\/\/www.radiopiu.net\/wordpress\/wp-content\/uploads\/2020\/09\/eacfa2fb-2faf-4cb8-a0ed-aa96cd445217-512x1024.jpg 512w, https:\/\/www.radiopiu.net\/wordpress\/wp-content\/uploads\/2020\/09\/eacfa2fb-2faf-4cb8-a0ed-aa96cd445217-768x1536.jpg 768w, https:\/\/www.radiopiu.net\/wordpress\/wp-content\/uploads\/2020\/09\/eacfa2fb-2faf-4cb8-a0ed-aa96cd445217-240x480.jpg 240w, https:\/\/www.radiopiu.net\/wordpress\/wp-content\/uploads\/2020\/09\/eacfa2fb-2faf-4cb8-a0ed-aa96cd445217.jpg 800w\" sizes=\"auto, (max-width: 125px) 100vw, 125px\" \/><\/a>RADIO PIU&#8217;\u00a0<\/strong>Riceviamo e volentieri pubblichiamo una segnalazione di Gianfranco Redigonda di Taibon Agordino che ci segnala uno sconto in bolletta riguardante una legge del 1998.<\/p>\n<blockquote><p><b><em>LA SEGNALAZIONE<\/em><\/b><\/p>\n<p><em>Secondo voi \u00e8 giusto che su un costo vivo di 142,78 \u20ac per 300 litri di gasolio ci siano 142,21 \u20ac di tasse? 120,96 &#8211; 36,77 (sconto legge 448\/98) + 58,02 (Iva al 22%) totale 142,21, praticamente il 100% in tasse. Io sono fortunato che ne uso poco, scaldo a legna la mia abitazione. Il gasolio serve per scaldarsi e qui da noi nelle &#8220;calde&#8221; Dolomiti \u00e8 una necessit\u00e0, non come in Sicilia. Non sarebbe ora di aggiornare la legge 448\/98? Sono passati ben 22 anni e il costo vita \u00e8 aumentato ma lo sconto \u00e8 rimasto invariato. Ho inviato copia di quanto sopra anche a deputato di Forza Italia Dario Bond, mestamente ha alzato le braccia e mi ha confermato che nel 2018 avevano proposto un aumento dello sconto, ma la Lega che era al governo aveva detto di no.<\/em><\/p>\n<p>&nbsp;<\/p><\/blockquote>\n<p>&nbsp;<\/p>\n<hr \/>\n<p>&nbsp;<\/p>\n<blockquote>\n<h3>APERTO IL BANDO PER L\u2019EDIZIONE 2020 DEL PREMIO INTERNAZIONALE \u201cBELLUNESI CHE HANNO ONORATO LA PROVINCIA DI BELLUNO IN ITALIA E ALL\u2019ESTERO\u201d<\/h3>\n<\/blockquote>\n<p><strong><a class=\"dt-pswp-item\" href=\"https:\/\/www.radiopiu.net\/wordpress\/wp-content\/uploads\/2017\/03\/ABM.jpg\" data-dt-img-description=\"\" data-large_image_width=\"162\" data-large_image_height=\"162\"><img loading=\"lazy\" decoding=\"async\" class=\"size-full wp-image-30093 alignleft\" src=\"https:\/\/www.radiopiu.net\/wordpress\/wp-content\/uploads\/2017\/03\/ABM.jpg\" alt=\"\" width=\"162\" height=\"162\" \/><\/a>BELLUNO \u00a0<\/strong>Sono aperte fino al 30 settembre le candidature per la XXI edizione del \u201cPremio Internazionale Bellunesi che hanno onorato la provincia di Belluno in Italia e all\u2019estero\u201d, ideato dalla Provincia di Belluno con la collaborazione dell\u2019Associazione Bellunesi nel Mondo e del Rotary, che si svolger\u00e0 quest\u2019anno, sabato 12 dicembre, a Lamon.\u00a0Con riferimento al regolamento del premio potranno essere segnalate le candidature di personalit\u00e0 che si siano distinte all\u2019estero e\/o in Italia nei seguenti campi: economico, imprenditoriale e professionale; istituzioni, arte e cultura; sociale e solidaristico.\u00a0Le segnalazioni, oltre che dai tre Enti promotori (Provincia di Belluno, Associazione Bellunesi nel Mondo e Rotary Club provinciali), potranno essere inoltrate dalle Famiglie Bellunesi in Italia e all\u2019estero, dalla Camera di Commercio di Treviso-Belluno o, suo tramite, dalle associazioni della stessa rappresentante, dai Comuni della provincia di Belluno, altri enti pubblici di Belluno.\u00a0Le candidature dovranno pervenire all\u2019Amministrazione della Provincia di Belluno entro e non oltre la data del 30 settembre 2020.\u00a0\u00a0Qualora non sia possibile, a dicembre, organizzare la consegna del Premio per motivi legati all\u2019intensificarsi della pandemia o per misure di sicurezza troppo stringenti, le candidature saranno prese in consideazione per l\u2019anno successivo.<\/p>\n<p>&nbsp;<\/p>\n<p>&nbsp;<\/p>\n<hr \/>\n<p>&nbsp;<\/p>\n<blockquote>\n<h3>LILT BELLUNO RIPARTE DA \u201cDOLOMITIKE\u201d DI AURONZO DI CADORE<\/h3>\n<\/blockquote>\n<p><strong><a class=\"dt-pswp-item\" href=\"https:\/\/www.radiopiu.net\/wordpress\/wp-content\/uploads\/2020\/09\/Direttivo-Lilt-Belluno.jpg\" data-dt-img-description=\"\" data-large_image_width=\"1600\" data-large_image_height=\"1409\"><img loading=\"lazy\" decoding=\"async\" class=\"size-medium wp-image-159174 alignleft\" src=\"https:\/\/www.radiopiu.net\/wordpress\/wp-content\/uploads\/2020\/09\/Direttivo-Lilt-Belluno-300x264.jpg\" alt=\"\" width=\"300\" height=\"264\" srcset=\"https:\/\/www.radiopiu.net\/wordpress\/wp-content\/uploads\/2020\/09\/Direttivo-Lilt-Belluno-300x264.jpg 300w, https:\/\/www.radiopiu.net\/wordpress\/wp-content\/uploads\/2020\/09\/Direttivo-Lilt-Belluno-1024x902.jpg 1024w, https:\/\/www.radiopiu.net\/wordpress\/wp-content\/uploads\/2020\/09\/Direttivo-Lilt-Belluno-768x676.jpg 768w, https:\/\/www.radiopiu.net\/wordpress\/wp-content\/uploads\/2020\/09\/Direttivo-Lilt-Belluno-1536x1353.jpg 1536w, https:\/\/www.radiopiu.net\/wordpress\/wp-content\/uploads\/2020\/09\/Direttivo-Lilt-Belluno-545x480.jpg 545w, https:\/\/www.radiopiu.net\/wordpress\/wp-content\/uploads\/2020\/09\/Direttivo-Lilt-Belluno.jpg 1600w\" sizes=\"auto, (max-width: 300px) 100vw, 300px\" \/><\/a>BELLUNO \u00a0<\/strong>Riprende la campagna di prevenzione della sezione bellunese Lilt (Lega Italiana per la Lotta contro i Tumori).\u00a0Dopo un periodo di stop forzato della campagna informativa, legato all&#8217;emergenza Covid-19, l&#8217;associazione \u00e8 pronta a tornare in provincia riprendendo in mano le attivit\u00e0 di sensibilizzazione e di prevenzione, in particolare le visite di screening dei nei.\u00a0L&#8217;occasione \u00e8 la seconda edizione di \u201cDolomitike \u2013 La montagna delle donne\u201d, la rassegna di eventi al femminile, dedicata a prevenzione e benessere, promossa dal Comune di Auronzo di Cadore con il patrocinio dell\u2019Ulss1 Dolomiti.\u00a0In particolare, nelle giornate di sabato 19 e domenica 20 settembre (quarto e ultimo weekend dell&#8217;iniziativa), Lilt Belluno sar\u00e0 presente con le visite gratuite di mappatura nei, grazie alla disponibilit\u00e0 della dottoressa Pieranna Dal Mas, presidente della Lilt bellunese. In contemporanea ci sar\u00e0 il camper della salute, dove verr\u00e0 effettuato lo screening senologico, promosso dagli organizzatori della rassegna.<span class=\"Apple-converted-space\">\u00a0\u00a0<\/span>La location per la mappatura dei nei \u00e8 quella del Dolomitike village-Palatrecime e le attivit\u00e0 verranno effettuate in un gazebo chiuso in orario 9.30-13\u00a0e 14-17.30. Saranno effettuate 15 visite al giorno; \u00e8 necessaria la prenotazione via mail all\u2019indirizzo <a href=\"mailto:prenotazionevisita@dolomitike.com\">prenotazionevisita@dolomitike.com<\/a>.<span class=\"Apple-converted-space\">\u00a0 <\/span>Dopo aver prenotato, \u00e8 necessario presentarsi dieci minuti prima dell&#8217;appuntamento provvisti di mascherina\u00a0 per espletare le indicazioni previste dal Dcpm relativo al\u00a0Covid-19\u00a0Dopo l\u2019evento di Auronzo, l&#8217;associazione si sta gi\u00e0 organizzando per ripartire quanto prima con lo screening e la mappatura dei nei anche a Belluno e sar\u00e0 data informazione tramite i media, in tempo debito, con le modalit\u00e0 per prenotare il servizio.<\/p>\n<p>&nbsp;<\/p>\n<p>&nbsp;<\/p>\n<hr \/>\n<p>&nbsp;<\/p>\n<blockquote>\n<h3>RUBANO LA BICICLETTA AD UN BAMBINO E LA GETTANO NEL BIOIS<\/h3>\n<\/blockquote>\n<p><strong>VALLADA<\/strong> Un bambino si ritrova con la bicicletta rubata, la mamma fa un appello su Facebook e poche ore dopo la bicicletta viene ritrovata, ma nel greto torrente Biois. E&#8217; successo ieri tra Vallada e Cencenighe. Ignoti hanno rubato la bicicletta e poi se ne sono disfatti in malo modo. Un gesto vile, se per lo pi\u00f9 fatto a pagarne le spese \u00e8 un bambino. Ora la bicicletta \u00e8 stata recuperata grazie al comune di Cencenighe e consegnata al legittimo proprietario. Per\u00f2, come si legge sul post di mamma Alessandra, anzich\u00e9 gettare nel fiume la bicicletta, bastava abbandonarla in piazza.<\/p>\n\n\t\t\t<style type='text\/css'>\n\t\t\t\t#gallery-2 {\n\t\t\t\t\tmargin: auto;\n\t\t\t\t}\n\t\t\t\t#gallery-2 .gallery-item {\n\t\t\t\t\tfloat: left;\n\t\t\t\t\tmargin-top: 10px;\n\t\t\t\t\ttext-align: center;\n\t\t\t\t\twidth: 50%;\n\t\t\t\t}\n\t\t\t\t#gallery-2 img {\n\t\t\t\t\tborder: 2px solid #cfcfcf;\n\t\t\t\t}\n\t\t\t\t#gallery-2 .gallery-caption {\n\t\t\t\t\tmargin-left: 0;\n\t\t\t\t}\n\t\t\t\t\/* see gallery_shortcode() in wp-includes\/media.php *\/\n\t\t\t<\/style>\n\t\t<div id='gallery-2' class='dt-gallery-container gallery galleryid-159132 gallery-columns-2 gallery-size-medium'><dl class='gallery-item'>\n\t\t\t\t<dt class='gallery-icon portrait'>\n\t\t\t\t\t<a class=\"rollover\" href='https:\/\/www.radiopiu.net\/wordpress\/rubano-la-bicicletta-ad-un-bambino-e-la-gettano-nel-biois\/7e9502f2-a449-4371-bba2-75e0c1625a60\/'><img loading=\"lazy\" decoding=\"async\" width=\"146\" height=\"300\" src=\"https:\/\/www.radiopiu.net\/wordpress\/wp-content\/uploads\/2020\/09\/7e9502f2-a449-4371-bba2-75e0c1625a60-146x300.jpg\" class=\"attachment-medium size-medium\" alt=\"\" srcset=\"https:\/\/www.radiopiu.net\/wordpress\/wp-content\/uploads\/2020\/09\/7e9502f2-a449-4371-bba2-75e0c1625a60-146x300.jpg 146w, https:\/\/www.radiopiu.net\/wordpress\/wp-content\/uploads\/2020\/09\/7e9502f2-a449-4371-bba2-75e0c1625a60-498x1024.jpg 498w, https:\/\/www.radiopiu.net\/wordpress\/wp-content\/uploads\/2020\/09\/7e9502f2-a449-4371-bba2-75e0c1625a60-768x1579.jpg 768w, https:\/\/www.radiopiu.net\/wordpress\/wp-content\/uploads\/2020\/09\/7e9502f2-a449-4371-bba2-75e0c1625a60-747x1536.jpg 747w, https:\/\/www.radiopiu.net\/wordpress\/wp-content\/uploads\/2020\/09\/7e9502f2-a449-4371-bba2-75e0c1625a60-233x480.jpg 233w, https:\/\/www.radiopiu.net\/wordpress\/wp-content\/uploads\/2020\/09\/7e9502f2-a449-4371-bba2-75e0c1625a60.jpg 996w\" sizes=\"auto, (max-width: 146px) 100vw, 146px\" \/><\/a>\n\t\t\t\t<\/dt><\/dl><dl class='gallery-item'>\n\t\t\t\t<dt class='gallery-icon portrait'>\n\t\t\t\t\t<a class=\"rollover\" href='https:\/\/www.radiopiu.net\/wordpress\/rubano-la-bicicletta-ad-un-bambino-e-la-gettano-nel-biois\/66b1c19f-c8bd-4498-9e23-60ea6e14d2db\/'><img loading=\"lazy\" decoding=\"async\" width=\"146\" height=\"300\" src=\"https:\/\/www.radiopiu.net\/wordpress\/wp-content\/uploads\/2020\/09\/66b1c19f-c8bd-4498-9e23-60ea6e14d2db-146x300.jpg\" class=\"attachment-medium size-medium\" alt=\"\" srcset=\"https:\/\/www.radiopiu.net\/wordpress\/wp-content\/uploads\/2020\/09\/66b1c19f-c8bd-4498-9e23-60ea6e14d2db-146x300.jpg 146w, https:\/\/www.radiopiu.net\/wordpress\/wp-content\/uploads\/2020\/09\/66b1c19f-c8bd-4498-9e23-60ea6e14d2db-498x1024.jpg 498w, https:\/\/www.radiopiu.net\/wordpress\/wp-content\/uploads\/2020\/09\/66b1c19f-c8bd-4498-9e23-60ea6e14d2db-768x1579.jpg 768w, https:\/\/www.radiopiu.net\/wordpress\/wp-content\/uploads\/2020\/09\/66b1c19f-c8bd-4498-9e23-60ea6e14d2db-747x1536.jpg 747w, https:\/\/www.radiopiu.net\/wordpress\/wp-content\/uploads\/2020\/09\/66b1c19f-c8bd-4498-9e23-60ea6e14d2db-233x480.jpg 233w, https:\/\/www.radiopiu.net\/wordpress\/wp-content\/uploads\/2020\/09\/66b1c19f-c8bd-4498-9e23-60ea6e14d2db.jpg 996w\" sizes=\"auto, (max-width: 146px) 100vw, 146px\" \/><\/a>\n\t\t\t\t<\/dt><\/dl><br style=\"clear: both\" \/><dl class='gallery-item'>\n\t\t\t\t<dt class='gallery-icon portrait'>\n\t\t\t\t\t<a class=\"rollover\" href='https:\/\/www.radiopiu.net\/wordpress\/rubano-la-bicicletta-ad-un-bambino-e-la-gettano-nel-biois\/d19b175e-e5aa-42fd-9ada-db74144417c0\/'><img loading=\"lazy\" decoding=\"async\" width=\"225\" height=\"300\" src=\"https:\/\/www.radiopiu.net\/wordpress\/wp-content\/uploads\/2020\/09\/d19b175e-e5aa-42fd-9ada-db74144417c0-225x300.jpg\" class=\"attachment-medium size-medium\" alt=\"\" srcset=\"https:\/\/www.radiopiu.net\/wordpress\/wp-content\/uploads\/2020\/09\/d19b175e-e5aa-42fd-9ada-db74144417c0-225x300.jpg 225w, https:\/\/www.radiopiu.net\/wordpress\/wp-content\/uploads\/2020\/09\/d19b175e-e5aa-42fd-9ada-db74144417c0-360x480.jpg 360w, https:\/\/www.radiopiu.net\/wordpress\/wp-content\/uploads\/2020\/09\/d19b175e-e5aa-42fd-9ada-db74144417c0.jpg 720w\" sizes=\"auto, (max-width: 225px) 100vw, 225px\" \/><\/a>\n\t\t\t\t<\/dt><\/dl><dl class='gallery-item'>\n\t\t\t\t<dt class='gallery-icon landscape'>\n\t\t\t\t\t<a class=\"rollover\" href='https:\/\/www.radiopiu.net\/wordpress\/rubano-la-bicicletta-ad-un-bambino-e-la-gettano-nel-biois\/47c8da32-aec8-46c8-aa6a-d98e7dd464e8\/'><img loading=\"lazy\" decoding=\"async\" width=\"300\" height=\"225\" src=\"https:\/\/www.radiopiu.net\/wordpress\/wp-content\/uploads\/2020\/09\/47c8da32-aec8-46c8-aa6a-d98e7dd464e8-300x225.jpg\" class=\"attachment-medium size-medium\" alt=\"\" srcset=\"https:\/\/www.radiopiu.net\/wordpress\/wp-content\/uploads\/2020\/09\/47c8da32-aec8-46c8-aa6a-d98e7dd464e8-300x225.jpg 300w, https:\/\/www.radiopiu.net\/wordpress\/wp-content\/uploads\/2020\/09\/47c8da32-aec8-46c8-aa6a-d98e7dd464e8-1024x768.jpg 1024w, https:\/\/www.radiopiu.net\/wordpress\/wp-content\/uploads\/2020\/09\/47c8da32-aec8-46c8-aa6a-d98e7dd464e8-768x576.jpg 768w, https:\/\/www.radiopiu.net\/wordpress\/wp-content\/uploads\/2020\/09\/47c8da32-aec8-46c8-aa6a-d98e7dd464e8-640x480.jpg 640w, https:\/\/www.radiopiu.net\/wordpress\/wp-content\/uploads\/2020\/09\/47c8da32-aec8-46c8-aa6a-d98e7dd464e8.jpg 1040w\" sizes=\"auto, (max-width: 300px) 100vw, 300px\" \/><\/a>\n\t\t\t\t<\/dt><\/dl><br style=\"clear: both\" \/>\n\t\t\t<\/div>\n\n<p>&nbsp;<\/p>\n<hr \/>\n<p>&nbsp;<\/p>\n<blockquote>\n<h3>CONSIGLIO COMUNALE A FALCADE GIOVEDI PROSSIMO<\/h3>\n<\/blockquote>\n<p><strong>FALCADE\u00a0<\/strong>Il sindaco di Falcade Michele Costa ha convocato i consiglieri comunale per gioved\u00ec 10 settembre alle 20. 6 i punti all&#8217;ordine del giorno che verranno discussi a porte chiuse in base ai provvedimenti relativi all&#8217;emergenza Covid-19.<\/p>\n<p>&nbsp;<\/p>\n<p>&nbsp;<\/p>\n<hr \/>\n<p>&nbsp;<\/p>\n<div class=\"page-title-head hgroup\">\n<blockquote>\n<h3 class=\"entry-title\">VAIA 2018: 150MILA EURO A DISPOSIZIONE DEI PRIVATI<\/h3>\n<\/blockquote>\n<\/div>\n<p><img loading=\"lazy\" decoding=\"async\" class=\"wp-image-69396 alignleft jetpack-lazy-image jetpack-lazy-image--handled\" src=\"https:\/\/i2.wp.com\/www.radiopiu.net\/wordpress\/wp-content\/uploads\/2018\/12\/rocca.jpg?resize=167%2C125&amp;ssl=1\" sizes=\"auto, (max-width: 167px) 100vw, 167px\" srcset=\"https:\/\/i2.wp.com\/www.radiopiu.net\/wordpress\/wp-content\/uploads\/2018\/12\/rocca.jpg?resize=300%2C225&amp;ssl=1 300w, https:\/\/i2.wp.com\/www.radiopiu.net\/wordpress\/wp-content\/uploads\/2018\/12\/rocca.jpg?resize=768%2C576&amp;ssl=1 768w, https:\/\/i2.wp.com\/www.radiopiu.net\/wordpress\/wp-content\/uploads\/2018\/12\/rocca.jpg?w=1024&amp;ssl=1 1024w\" alt=\"\" width=\"167\" height=\"125\" data-recalc-dims=\"1\" data-lazy-loaded=\"1\" \/><strong>ROCCA PIETORE<\/strong>\u00a0 Il Comune di Rocca Pietore ha comunicato la cifra a disposizione per ristorare i privati che hanno subito danni tra il 27 ottobre e il 5 novembre 2018. Si tratta di una somma complessiva di 150mila euro provenienti da donazioni di privati o associazioni. I beneficiari sono i proprietari di immobili residenti ell\u2019intero territorio comunale. Il termine della presentazione delle domande \u00e8 stato fissato al 15 ottobre. Le domande vanno presentate all\u2019ufficio protocollo del Comune, oppure per posta con raccomandata o tramite posta certificata.\u00a0 Tutta la documentazione per il bando \u00e8 disponibili sulla home Page del Comune di Rocca Pietore e nella Sezione Amministrazione Trasparente\/ Bandi di gara e contratti\/del sito del Comune di Rocca Pietore https:\/\/www.comune.roccapietore.bl.it\/<\/p>\n<p>&nbsp;<\/p>\n<hr \/>\n<p>&nbsp;<\/p>\n<blockquote>\n<h3>AL VIA IL CONCORSO &#8220;TRAZIONE E CULTURA IN VAL DEL BIOIS&#8221;<\/h3>\n<\/blockquote>\n<p><strong>FALCADE\u00a0<\/strong>E&#8217; partito il concorso fotografico &#8220;Tradizione e Cultura in Val del Biois&#8221;, promosso da PromoFalcade Dolomiti in collaborazione con Gruppo Folk Val Biois e Union ladina Val Biois, per Se Desmonteghea 2020. Il concorso \u00e8 aperto a tutti gli appassionati oltre i 18 anni, che dovranno rappresentare tramite le proprie foto i colori, gli angoli, i vestiti, gli animali di Falcade e di tutta la Valle del Biois. Vi invitiamo a leggere il regolamento su <span role=\"gridcell\"><a class=\"oajrlxb2 g5ia77u1 qu0x051f esr5mh6w e9989ue4 r7d6kgcz rq0escxv nhd2j8a9 nc684nl6 p7hjln8o kvgmc6g5 cxmmr5t8 oygrvhab hcukyx3x jb3vyjys rz4wbd8a qt6c0cv9 a8nywdso i1ao9s8h oo483o9r f1sip0of lzcic4wl pipptul6 gpro0wi8\" tabindex=\"0\" role=\"link\" href=\"https:\/\/l.facebook.com\/l.php?u=https%3A%2F%2Ftap.bio%2F%40falcade_dolomiti%3Ffbclid%3DIwAR37I8zIsOS0DoBb1Ao9jVHG1VYjooYKl6qPLTlDzKCN4osmEoRhtR-KtUY&amp;h=AT0X5y7yv71lRixq4bQlWkrt0VpzdP85QfaCsnU6JWLe1MTzTujy6md3s8SEWEajsam9XfNDuh7_YHKuwwSJcZ7jsbRO4umXM6EETMXwrhNjcGLxgsSGN22dUQ3GtqR5XAoEASa5\" target=\"_blank\" rel=\"nofollow noopener noreferrer\">https:\/\/tap.bio\/@falcade_dolomiti<\/a><\/span> e vi auguriamo buona fortuna. Info e regolamento: <span role=\"gridcell\"><a class=\"oajrlxb2 g5ia77u1 qu0x051f esr5mh6w e9989ue4 r7d6kgcz rq0escxv nhd2j8a9 nc684nl6 p7hjln8o kvgmc6g5 cxmmr5t8 oygrvhab hcukyx3x jb3vyjys rz4wbd8a qt6c0cv9 a8nywdso i1ao9s8h oo483o9r f1sip0of lzcic4wl pipptul6 gpro0wi8\" tabindex=\"0\" role=\"link\" href=\"https:\/\/l.facebook.com\/l.php?u=https%3A%2F%2Ftap.bio%2F%40falcade_dolomiti%3Ffbclid%3DIwAR1bz6pGSZFGmz95s2-QKDHIRBjeUXSL1ED5banaduf1gsSVaO4VocaCLNs&amp;h=AT0X5y7yv71lRixq4bQlWkrt0VpzdP85QfaCsnU6JWLe1MTzTujy6md3s8SEWEajsam9XfNDuh7_YHKuwwSJcZ7jsbRO4umXM6EETMXwrhNjcGLxgsSGN22dUQ3GtqR5XAoEASa5\" target=\"_blank\" rel=\"nofollow noopener noreferrer\">https:\/\/tap.bio\/@falcade_dolomiti<\/a><\/span><\/p>\n<p>&nbsp;<\/p>\n<hr \/>\n<p>&nbsp;<\/p>\n<blockquote>\n<h3>FAMIGLIE ILLUSTRI E UOMINI BENEMERITI DI LONGARONE<\/h3>\n<\/blockquote>\n<p><strong><a class=\"dt-pswp-item\" href=\"https:\/\/www.radiopiu.net\/wordpress\/wp-content\/uploads\/2019\/08\/553085_385905871470280_1626001170_n.jpg\" data-dt-img-description=\"\" data-large_image_width=\"855\" data-large_image_height=\"569\"><img loading=\"lazy\" decoding=\"async\" class=\" wp-image-94070 alignleft\" src=\"https:\/\/www.radiopiu.net\/wordpress\/wp-content\/uploads\/2019\/08\/553085_385905871470280_1626001170_n-300x200.jpg\" alt=\"\" width=\"155\" height=\"103\" \/><\/a>di\u00a0Renato\u00a0<\/strong><b>Bona\u00a0<\/b><\/p>\n<p>Nell\u2019interessante libretto che Giuseppe De Vecchi ha dato alle stampe con la Tarantola libraio editore di Belluno per i tipi della tipografia Piave nel maggio del 1974, intitolato \u201cPersonaggi e famiglie illustri di Longarone\u201d il terzo e conclusivo capitolo \u00e8 dedicato agli \u201cUomini benemeriti 9 ottobre 1963-27 aprile 1969\u201d. Chi sono, questi benemeriti? Un industriale, un monsignore arciprete, un sindaco, il medico condotto, un generale. Eccone in sintesi le figure. Giovanbattista Osvaldo Protti, nato a Longarone il 14 ottobre 1879 e deceduto con la famiglia nella catastrofe del Vajont del 9 ottobre 1963. Laureato in scienze agrarie a Milano, nel 1903, si occupa da subito delle aziende agricole familiari nel trevigiano e nel Bellunese, in particolare della tenuta di Villanova-Fa\u00e8, gravemente danneggiata dalle inondazioni del 1882 e \u201ccon la messa a dimora di oltre centomila piante, principalmente resinose, con lo sviluppo di allevamenti di razze pregiate lattifere, con l\u2019opportuno appoderamento rende fertili larghe zone improduttive sulla riva destra del Piave, da Villanova a Desedan, crea un\u2019azienda di montagna modello superando con larga visione le concezioni agricole industriali del tempo\u2026 Collabora col padre che aveva fondato fin dal 1900 il cartonificio Gustavo Protti &amp; C. a Longarone, il pi\u00f9 grande esistente allora in Europa\u2026 Nel 1935 fa sorgere la societ\u00e0 per azioni Faesite, con stabilimento a Fa\u00e8 di Longarone, costruito nella sua stessa tenuta di Fa\u00e8, prima fabbrica in Italia di pannelli di fibra di legno. Opera anche nel Meridione. Ricopre numerose cariche di carattere pubblico nelle provincie di Belluno, di Rovigo, nel Parlamento italiano e in istituzioni private regionali e nazionali\u201d. Bortolo Larese Cighiriei, monsignore arciprete, nasce ad Auronzo il 27 dicembre 1897 da Pietro e Lucia Zandegiacomo De Zordi. Frequenta il seminario perch\u00e9 fin da piccolo ha deciso di diventare sacerdote. Allo scoppio della Grande Guerra \u00e8 nel corpo di Artiglieria da Fortezza e quindi nell\u2019Artiglieria da campagna. Si merita la croce di guerra al valor militare per azioni sugli altipiani di Asiago e sul Piave. Congedato, prosegue gli studi e nel 1923 \u00e8 ordinato sacerdote. Non si piega al regime fascista e a Dont fa pubblica denuncia della ideologia e dei metodi della dittatura. Vigilato speciale, finisce in prigione quando Mussolini giunge a Belluno nel \u201938 e poi al tempo dell\u2019occupazione tedesca nel 1944. Quando i tedeschi in ritirata decidono di radere al suolo Longarone, l\u2019Arciprete, aiutato dal dott. Giacomino Solari quale interprete, riesce ad ottenere un breve armistizio. \u201cFigura di rilievo per la grande carit\u00e0, rappresenta per tutta la popolazione di qualunque idea politica o religiosa un rifugio sicuro e un aiuto sempre determinante nei momenti pi\u00f9 critici. Muore col suo popolo il 9 ottobre 1963\u201d. Giuseppe Guglielmo. La sua famiglia \u00e8 a Longarone dal 12 maggio 1884 con il calzolaio Giuseppe, che proviene da Revine Lago; da Mario, uno dei suoi 4 figli e Beppina Strocchi, nasce a Longarone il 12 febbraio 1922 Giuseppe Guglielmo che dopo le elementari in paese, frequenta le medie e le superiori a Belluno e quindi si iscrive ad ingegneria a Padova. Allo scoppio della seconda guerra mondiale \u00e8 arruolato tra gli avieri di governo. L\u20198 settembre 1943 si rifugia in montagna e si dedica al recupero di armi e munizioni abbandonate da un reparto di soldati di stanza a Podenzoi e intanto avvia l\u2019attivit\u00e0 di reclutamento e di organizzazione per la Resistenza. Diviene comandante di battaglione nella \u201cCalvi\u201d che opera in Cadore; nel 1945 \u00e8 comandante della Piazza di Pieve di Cadore dove, proprio negli ultimi giorni perde il fratello minore Giuseppe. Consigliere comunale nelle prime elezioni del 1946, dopo pochi mesi subentra a Pietro Bez nella carica di sindaco, che ricopre fino al 1951. E\u2019 rieletto nel novembre 1960. Sposa Beppina Vascellari dalla quale nel 1961 ha il figlio Roberto. Per anni ha ricoperto cariche provinciali in seno al Partito socialista. Muore con la moglie, il figlio, il padre e la madre il 9 ottobre 1963. Gianfranco Trevisan, medico condotto nato a Taglio Veneto (Venezia) il 16 aprile 1926. Nel 195la laurea in medicina e chirurgia poi si specializza in odontoiatria; esercita per anni in Cadore e nell\u2019ospedale di Belluno. Nel 1954 sposa Benvenuta Del Favero dalla quale ha tre figli: Pierluigi, Fiorella e Francesco. Medico condotto a Cadola viene chiamato a Longarone a reggere la condotta. Conquista in breve tempo il cuore dei longaronesi per la grande umanit\u00e0 e capacit\u00e0 professionale. Tutta la sua bont\u00e0, dedizione, affetto per le genti del Longaronese \u2013 annota de Vecchi \u2013 si esaltano nelle tragiche giornate del Vajont. Durante l\u2019alluvione del 1966 accorre in soccorso di alcune persone in pericolo ma viene travolto, col ponte sul Ma\u00e8, dalle acque in piena e perde la vita. Ottiene riconoscimenti prestigiosi compreso l\u2019oro del Presidente della Repubblica quale \u201csublime esempio di solidariet\u00e0 umana e nobile testimonianza della perenne opera di dedizione al dovere di difendere la vita e di lenire il dolore, proprio dei medici condotti italiani\u201d. Carlo Ciglieri, generale di corpo d\u2019armata, nato a Torino il 5 ottobre 1911. A 32 anni \u00e8 il pi\u00f9 giovane tenente colonnello d\u2019Italia, a 52 il pi\u00f9 giovane generale di Corpo d\u2019armata. E\u2019 stato capo di stato maggiore della divisione partigiana \u201cGaribaldi\u201d, comandante della brigata alpina Orobica, comandante generale dell\u2019arma dei carabinieri. E\u2019 da poco al comando del IV Corpo d\u2019armata di Bolzano quando la tragedia del Vajont semina morte e distruzione nella valle del Piave. \u201cCon rara efficienza e lucidit\u00e0 interviene rapido con i suoi soldati e coordina e dirige di persona le complesse e pietose operazioni di soccorso, destando ammirazione, ma soprattutto conquistando l\u2019animo e la fiducia dei superstiti che la immane sciagura ha disorientati e annichiliti\u2026 Tutte le popolazioni lo sentono fratello e lo dichiarano loro cittadino onorario\u201d. Muore nel pomeriggio del 27 aprile 1969 in seguito alle ferite riportate in un incidente stradale.<\/p>\n\n\t\t\t<style type='text\/css'>\n\t\t\t\t#gallery-3 {\n\t\t\t\t\tmargin: auto;\n\t\t\t\t}\n\t\t\t\t#gallery-3 .gallery-item {\n\t\t\t\t\tfloat: left;\n\t\t\t\t\tmargin-top: 10px;\n\t\t\t\t\ttext-align: center;\n\t\t\t\t\twidth: 25%;\n\t\t\t\t}\n\t\t\t\t#gallery-3 img {\n\t\t\t\t\tborder: 2px solid #cfcfcf;\n\t\t\t\t}\n\t\t\t\t#gallery-3 .gallery-caption {\n\t\t\t\t\tmargin-left: 0;\n\t\t\t\t}\n\t\t\t\t\/* see gallery_shortcode() in wp-includes\/media.php *\/\n\t\t\t<\/style>\n\t\t<div id='gallery-3' class='dt-gallery-container gallery galleryid-159132 gallery-columns-4 gallery-size-thumbnail'><dl class='gallery-item'>\n\t\t\t\t<dt class='gallery-icon portrait'>\n\t\t\t\t\t<a class=\"rollover rollover-zoom dt-pswp-item\" title=\"118787600_673446326860014_5610047546687587648_n\" data-dt-img-description=\"\" data-large_image_width=\"280\" data-large_image_height=\"318\"href='https:\/\/www.radiopiu.net\/wordpress\/wp-content\/uploads\/2020\/09\/118787600_673446326860014_5610047546687587648_n.jpg'><img loading=\"lazy\" decoding=\"async\" width=\"150\" height=\"150\" src=\"https:\/\/www.radiopiu.net\/wordpress\/wp-content\/uploads\/2020\/09\/118787600_673446326860014_5610047546687587648_n-150x150.jpg\" class=\"attachment-thumbnail size-thumbnail\" alt=\"\" srcset=\"https:\/\/www.radiopiu.net\/wordpress\/wp-content\/uploads\/2020\/09\/118787600_673446326860014_5610047546687587648_n-150x150.jpg 150w, https:\/\/www.radiopiu.net\/wordpress\/wp-content\/uploads\/2020\/09\/118787600_673446326860014_5610047546687587648_n-125x125.jpg 125w, https:\/\/www.radiopiu.net\/wordpress\/wp-content\/uploads\/2020\/09\/118787600_673446326860014_5610047546687587648_n-200x200.jpg 200w, https:\/\/www.radiopiu.net\/wordpress\/wp-content\/uploads\/2020\/09\/118787600_673446326860014_5610047546687587648_n-80x80.jpg 80w\" sizes=\"auto, (max-width: 150px) 100vw, 150px\" \/><\/a>\n\t\t\t\t<\/dt><\/dl><dl class='gallery-item'>\n\t\t\t\t<dt class='gallery-icon portrait'>\n\t\t\t\t\t<a class=\"rollover rollover-zoom dt-pswp-item\" title=\"117444478_415455499437083_6269766762062201904_n\" data-dt-img-description=\"\" data-large_image_width=\"233\" data-large_image_height=\"314\"href='https:\/\/www.radiopiu.net\/wordpress\/wp-content\/uploads\/2020\/09\/117444478_415455499437083_6269766762062201904_n.jpg'><img loading=\"lazy\" decoding=\"async\" width=\"150\" height=\"150\" src=\"https:\/\/www.radiopiu.net\/wordpress\/wp-content\/uploads\/2020\/09\/117444478_415455499437083_6269766762062201904_n-150x150.jpg\" class=\"attachment-thumbnail size-thumbnail\" alt=\"\" srcset=\"https:\/\/www.radiopiu.net\/wordpress\/wp-content\/uploads\/2020\/09\/117444478_415455499437083_6269766762062201904_n-150x150.jpg 150w, https:\/\/www.radiopiu.net\/wordpress\/wp-content\/uploads\/2020\/09\/117444478_415455499437083_6269766762062201904_n-125x125.jpg 125w, https:\/\/www.radiopiu.net\/wordpress\/wp-content\/uploads\/2020\/09\/117444478_415455499437083_6269766762062201904_n-200x200.jpg 200w, https:\/\/www.radiopiu.net\/wordpress\/wp-content\/uploads\/2020\/09\/117444478_415455499437083_6269766762062201904_n-80x80.jpg 80w\" sizes=\"auto, (max-width: 150px) 100vw, 150px\" \/><\/a>\n\t\t\t\t<\/dt><\/dl><dl class='gallery-item'>\n\t\t\t\t<dt class='gallery-icon portrait'>\n\t\t\t\t\t<a class=\"rollover rollover-zoom dt-pswp-item\" title=\"118772978_241596790447510_5244651057753011011_n\" data-dt-img-description=\"\" data-large_image_width=\"167\" data-large_image_height=\"249\"href='https:\/\/www.radiopiu.net\/wordpress\/wp-content\/uploads\/2020\/09\/118772978_241596790447510_5244651057753011011_n.jpg'><img loading=\"lazy\" decoding=\"async\" width=\"150\" height=\"150\" src=\"https:\/\/www.radiopiu.net\/wordpress\/wp-content\/uploads\/2020\/09\/118772978_241596790447510_5244651057753011011_n-150x150.jpg\" class=\"attachment-thumbnail size-thumbnail\" alt=\"\" srcset=\"https:\/\/www.radiopiu.net\/wordpress\/wp-content\/uploads\/2020\/09\/118772978_241596790447510_5244651057753011011_n-150x150.jpg 150w, https:\/\/www.radiopiu.net\/wordpress\/wp-content\/uploads\/2020\/09\/118772978_241596790447510_5244651057753011011_n-125x125.jpg 125w, https:\/\/www.radiopiu.net\/wordpress\/wp-content\/uploads\/2020\/09\/118772978_241596790447510_5244651057753011011_n-80x80.jpg 80w\" sizes=\"auto, (max-width: 150px) 100vw, 150px\" \/><\/a>\n\t\t\t\t<\/dt><\/dl><dl class='gallery-item'>\n\t\t\t\t<dt class='gallery-icon landscape'>\n\t\t\t\t\t<a class=\"rollover rollover-zoom dt-pswp-item\" title=\"118920359_319123939540398_6341592695125799290_n\" data-dt-img-description=\"\" data-large_image_width=\"340\" data-large_image_height=\"280\"href='https:\/\/www.radiopiu.net\/wordpress\/wp-content\/uploads\/2020\/09\/118920359_319123939540398_6341592695125799290_n.jpg'><img loading=\"lazy\" decoding=\"async\" width=\"150\" height=\"150\" src=\"https:\/\/www.radiopiu.net\/wordpress\/wp-content\/uploads\/2020\/09\/118920359_319123939540398_6341592695125799290_n-150x150.jpg\" class=\"attachment-thumbnail size-thumbnail\" alt=\"\" srcset=\"https:\/\/www.radiopiu.net\/wordpress\/wp-content\/uploads\/2020\/09\/118920359_319123939540398_6341592695125799290_n-150x150.jpg 150w, https:\/\/www.radiopiu.net\/wordpress\/wp-content\/uploads\/2020\/09\/118920359_319123939540398_6341592695125799290_n-125x125.jpg 125w, https:\/\/www.radiopiu.net\/wordpress\/wp-content\/uploads\/2020\/09\/118920359_319123939540398_6341592695125799290_n-200x200.jpg 200w, https:\/\/www.radiopiu.net\/wordpress\/wp-content\/uploads\/2020\/09\/118920359_319123939540398_6341592695125799290_n-80x80.jpg 80w\" sizes=\"auto, (max-width: 150px) 100vw, 150px\" \/><\/a>\n\t\t\t\t<\/dt><\/dl><br style=\"clear: both\" \/><dl class='gallery-item'>\n\t\t\t\t<dt class='gallery-icon portrait'>\n\t\t\t\t\t<a class=\"rollover rollover-zoom dt-pswp-item\" title=\"118776614_3245866658824159_9181646470451595094_n\" data-dt-img-description=\"\" data-large_image_width=\"280\" data-large_image_height=\"285\"href='https:\/\/www.radiopiu.net\/wordpress\/wp-content\/uploads\/2020\/09\/118776614_3245866658824159_9181646470451595094_n.jpg'><img loading=\"lazy\" decoding=\"async\" width=\"150\" height=\"150\" src=\"https:\/\/www.radiopiu.net\/wordpress\/wp-content\/uploads\/2020\/09\/118776614_3245866658824159_9181646470451595094_n-150x150.jpg\" class=\"attachment-thumbnail size-thumbnail\" alt=\"\" srcset=\"https:\/\/www.radiopiu.net\/wordpress\/wp-content\/uploads\/2020\/09\/118776614_3245866658824159_9181646470451595094_n-150x150.jpg 150w, https:\/\/www.radiopiu.net\/wordpress\/wp-content\/uploads\/2020\/09\/118776614_3245866658824159_9181646470451595094_n-125x125.jpg 125w, https:\/\/www.radiopiu.net\/wordpress\/wp-content\/uploads\/2020\/09\/118776614_3245866658824159_9181646470451595094_n-200x200.jpg 200w, https:\/\/www.radiopiu.net\/wordpress\/wp-content\/uploads\/2020\/09\/118776614_3245866658824159_9181646470451595094_n-80x80.jpg 80w\" sizes=\"auto, (max-width: 150px) 100vw, 150px\" \/><\/a>\n\t\t\t\t<\/dt><\/dl><dl class='gallery-item'>\n\t\t\t\t<dt class='gallery-icon landscape'>\n\t\t\t\t\t<a class=\"rollover rollover-zoom dt-pswp-item\" title=\"118797370_689274555000887_6984987937020719496_n\" data-dt-img-description=\"\" data-large_image_width=\"400\" data-large_image_height=\"273\"href='https:\/\/www.radiopiu.net\/wordpress\/wp-content\/uploads\/2020\/09\/118797370_689274555000887_6984987937020719496_n.jpg'><img loading=\"lazy\" decoding=\"async\" width=\"150\" height=\"150\" src=\"https:\/\/www.radiopiu.net\/wordpress\/wp-content\/uploads\/2020\/09\/118797370_689274555000887_6984987937020719496_n-150x150.jpg\" class=\"attachment-thumbnail size-thumbnail\" alt=\"\" srcset=\"https:\/\/www.radiopiu.net\/wordpress\/wp-content\/uploads\/2020\/09\/118797370_689274555000887_6984987937020719496_n-150x150.jpg 150w, https:\/\/www.radiopiu.net\/wordpress\/wp-content\/uploads\/2020\/09\/118797370_689274555000887_6984987937020719496_n-125x125.jpg 125w, https:\/\/www.radiopiu.net\/wordpress\/wp-content\/uploads\/2020\/09\/118797370_689274555000887_6984987937020719496_n-200x200.jpg 200w, https:\/\/www.radiopiu.net\/wordpress\/wp-content\/uploads\/2020\/09\/118797370_689274555000887_6984987937020719496_n-80x80.jpg 80w\" sizes=\"auto, (max-width: 150px) 100vw, 150px\" \/><\/a>\n\t\t\t\t<\/dt><\/dl><dl class='gallery-item'>\n\t\t\t\t<dt class='gallery-icon portrait'>\n\t\t\t\t\t<a class=\"rollover rollover-zoom dt-pswp-item\" title=\"118791694_322686462125707_8584571904402968284_n\" data-dt-img-description=\"\" data-large_image_width=\"280\" data-large_image_height=\"382\"href='https:\/\/www.radiopiu.net\/wordpress\/wp-content\/uploads\/2020\/09\/118791694_322686462125707_8584571904402968284_n.jpg'><img loading=\"lazy\" decoding=\"async\" width=\"150\" height=\"150\" src=\"https:\/\/www.radiopiu.net\/wordpress\/wp-content\/uploads\/2020\/09\/118791694_322686462125707_8584571904402968284_n-150x150.jpg\" class=\"attachment-thumbnail size-thumbnail\" alt=\"\" srcset=\"https:\/\/www.radiopiu.net\/wordpress\/wp-content\/uploads\/2020\/09\/118791694_322686462125707_8584571904402968284_n-150x150.jpg 150w, https:\/\/www.radiopiu.net\/wordpress\/wp-content\/uploads\/2020\/09\/118791694_322686462125707_8584571904402968284_n-125x125.jpg 125w, https:\/\/www.radiopiu.net\/wordpress\/wp-content\/uploads\/2020\/09\/118791694_322686462125707_8584571904402968284_n-200x200.jpg 200w, https:\/\/www.radiopiu.net\/wordpress\/wp-content\/uploads\/2020\/09\/118791694_322686462125707_8584571904402968284_n-80x80.jpg 80w\" sizes=\"auto, (max-width: 150px) 100vw, 150px\" \/><\/a>\n\t\t\t\t<\/dt><\/dl><dl class='gallery-item'>\n\t\t\t\t<dt class='gallery-icon portrait'>\n\t\t\t\t\t<a class=\"rollover rollover-zoom dt-pswp-item\" title=\"118798737_2814567005466493_423825689345975724_n\" data-dt-img-description=\"\" data-large_image_width=\"280\" data-large_image_height=\"333\"href='https:\/\/www.radiopiu.net\/wordpress\/wp-content\/uploads\/2020\/09\/118798737_2814567005466493_423825689345975724_n.jpg'><img loading=\"lazy\" decoding=\"async\" width=\"150\" height=\"150\" src=\"https:\/\/www.radiopiu.net\/wordpress\/wp-content\/uploads\/2020\/09\/118798737_2814567005466493_423825689345975724_n-150x150.jpg\" class=\"attachment-thumbnail size-thumbnail\" alt=\"\" srcset=\"https:\/\/www.radiopiu.net\/wordpress\/wp-content\/uploads\/2020\/09\/118798737_2814567005466493_423825689345975724_n-150x150.jpg 150w, https:\/\/www.radiopiu.net\/wordpress\/wp-content\/uploads\/2020\/09\/118798737_2814567005466493_423825689345975724_n-125x125.jpg 125w, https:\/\/www.radiopiu.net\/wordpress\/wp-content\/uploads\/2020\/09\/118798737_2814567005466493_423825689345975724_n-200x200.jpg 200w, https:\/\/www.radiopiu.net\/wordpress\/wp-content\/uploads\/2020\/09\/118798737_2814567005466493_423825689345975724_n-80x80.jpg 80w\" sizes=\"auto, (max-width: 150px) 100vw, 150px\" \/><\/a>\n\t\t\t\t<\/dt><\/dl><br style=\"clear: both\" \/><dl class='gallery-item'>\n\t\t\t\t<dt class='gallery-icon portrait'>\n\t\t\t\t\t<a class=\"rollover rollover-zoom dt-pswp-item\" title=\"118884435_404784994246983_8714326072765809433_n\" data-dt-img-description=\"\" data-large_image_width=\"194\" data-large_image_height=\"259\"href='https:\/\/www.radiopiu.net\/wordpress\/wp-content\/uploads\/2020\/09\/118884435_404784994246983_8714326072765809433_n.jpg'><img loading=\"lazy\" decoding=\"async\" width=\"150\" height=\"150\" src=\"https:\/\/www.radiopiu.net\/wordpress\/wp-content\/uploads\/2020\/09\/118884435_404784994246983_8714326072765809433_n-150x150.jpg\" class=\"attachment-thumbnail size-thumbnail\" alt=\"\" srcset=\"https:\/\/www.radiopiu.net\/wordpress\/wp-content\/uploads\/2020\/09\/118884435_404784994246983_8714326072765809433_n-150x150.jpg 150w, https:\/\/www.radiopiu.net\/wordpress\/wp-content\/uploads\/2020\/09\/118884435_404784994246983_8714326072765809433_n-125x125.jpg 125w, https:\/\/www.radiopiu.net\/wordpress\/wp-content\/uploads\/2020\/09\/118884435_404784994246983_8714326072765809433_n-80x80.jpg 80w\" sizes=\"auto, (max-width: 150px) 100vw, 150px\" \/><\/a>\n\t\t\t\t<\/dt><\/dl><dl class='gallery-item'>\n\t\t\t\t<dt class='gallery-icon landscape'>\n\t\t\t\t\t<a class=\"rollover rollover-zoom dt-pswp-item\" title=\"118791600_686484912076218_3474215143483283883_n\" data-dt-img-description=\"\" data-large_image_width=\"471\" data-large_image_height=\"280\"href='https:\/\/www.radiopiu.net\/wordpress\/wp-content\/uploads\/2020\/09\/118791600_686484912076218_3474215143483283883_n.jpg'><img loading=\"lazy\" decoding=\"async\" width=\"150\" height=\"150\" src=\"https:\/\/www.radiopiu.net\/wordpress\/wp-content\/uploads\/2020\/09\/118791600_686484912076218_3474215143483283883_n-150x150.jpg\" class=\"attachment-thumbnail size-thumbnail\" alt=\"\" srcset=\"https:\/\/www.radiopiu.net\/wordpress\/wp-content\/uploads\/2020\/09\/118791600_686484912076218_3474215143483283883_n-150x150.jpg 150w, https:\/\/www.radiopiu.net\/wordpress\/wp-content\/uploads\/2020\/09\/118791600_686484912076218_3474215143483283883_n-125x125.jpg 125w, https:\/\/www.radiopiu.net\/wordpress\/wp-content\/uploads\/2020\/09\/118791600_686484912076218_3474215143483283883_n-200x200.jpg 200w, https:\/\/www.radiopiu.net\/wordpress\/wp-content\/uploads\/2020\/09\/118791600_686484912076218_3474215143483283883_n-80x80.jpg 80w\" sizes=\"auto, (max-width: 150px) 100vw, 150px\" \/><\/a>\n\t\t\t\t<\/dt><\/dl><dl class='gallery-item'>\n\t\t\t\t<dt class='gallery-icon landscape'>\n\t\t\t\t\t<a class=\"rollover rollover-zoom dt-pswp-item\" title=\"118816540_710696786184803_5143181155302074293_n\" data-dt-img-description=\"\" data-large_image_width=\"483\" data-large_image_height=\"280\"href='https:\/\/www.radiopiu.net\/wordpress\/wp-content\/uploads\/2020\/09\/118816540_710696786184803_5143181155302074293_n.jpg'><img loading=\"lazy\" decoding=\"async\" width=\"150\" height=\"150\" src=\"https:\/\/www.radiopiu.net\/wordpress\/wp-content\/uploads\/2020\/09\/118816540_710696786184803_5143181155302074293_n-150x150.jpg\" class=\"attachment-thumbnail size-thumbnail\" alt=\"\" srcset=\"https:\/\/www.radiopiu.net\/wordpress\/wp-content\/uploads\/2020\/09\/118816540_710696786184803_5143181155302074293_n-150x150.jpg 150w, https:\/\/www.radiopiu.net\/wordpress\/wp-content\/uploads\/2020\/09\/118816540_710696786184803_5143181155302074293_n-125x125.jpg 125w, https:\/\/www.radiopiu.net\/wordpress\/wp-content\/uploads\/2020\/09\/118816540_710696786184803_5143181155302074293_n-200x200.jpg 200w, https:\/\/www.radiopiu.net\/wordpress\/wp-content\/uploads\/2020\/09\/118816540_710696786184803_5143181155302074293_n-80x80.jpg 80w\" sizes=\"auto, (max-width: 150px) 100vw, 150px\" \/><\/a>\n\t\t\t\t<\/dt><\/dl><dl class='gallery-item'>\n\t\t\t\t<dt class='gallery-icon landscape'>\n\t\t\t\t\t<a class=\"rollover rollover-zoom dt-pswp-item\" title=\"118767796_1580219198837149_467403539676446905_n\" data-dt-img-description=\"\" data-large_image_width=\"302\" data-large_image_height=\"280\"href='https:\/\/www.radiopiu.net\/wordpress\/wp-content\/uploads\/2020\/09\/118767796_1580219198837149_467403539676446905_n.jpg'><img loading=\"lazy\" decoding=\"async\" width=\"150\" height=\"150\" src=\"https:\/\/www.radiopiu.net\/wordpress\/wp-content\/uploads\/2020\/09\/118767796_1580219198837149_467403539676446905_n-150x150.jpg\" class=\"attachment-thumbnail size-thumbnail\" alt=\"\" srcset=\"https:\/\/www.radiopiu.net\/wordpress\/wp-content\/uploads\/2020\/09\/118767796_1580219198837149_467403539676446905_n-150x150.jpg 150w, https:\/\/www.radiopiu.net\/wordpress\/wp-content\/uploads\/2020\/09\/118767796_1580219198837149_467403539676446905_n-125x125.jpg 125w, https:\/\/www.radiopiu.net\/wordpress\/wp-content\/uploads\/2020\/09\/118767796_1580219198837149_467403539676446905_n-200x200.jpg 200w, https:\/\/www.radiopiu.net\/wordpress\/wp-content\/uploads\/2020\/09\/118767796_1580219198837149_467403539676446905_n-80x80.jpg 80w\" sizes=\"auto, (max-width: 150px) 100vw, 150px\" \/><\/a>\n\t\t\t\t<\/dt><\/dl><br style=\"clear: both\" \/>\n\t\t\t<\/div>\n\n<p>NELLE FOTO (riproduzioni dal libro De Vecchi, Pro Loco Longarone, Bepi Zanfron): Il pregevole libro di Giuseppe De Vecchi; l\u2019autore della pubblicazione; mons. Bortolo Larese; l\u2019arcipretale in un\u2019immagine del 1900; Guglielmo Celso; lapide ricordo del Sindaco di Longarone; il dottor Gianfranco Trevisan; bassorilievo del \u2018400 a Muda dove vi \u00e8 il ponte sul Ma\u00e8; il generale Carlo Ciglieri; rovine a Villanova e la ripresa dopo il Vajont; cos\u00ec Fa\u00e8 dopo la grande ondata del 9 ottobre 1963.<\/p>\n<p>&nbsp;<\/p>\n<p>&nbsp;<\/p>\n<hr \/>\n<p>&nbsp;<\/p>\n<p><a class=\"dt-pswp-item\" href=\"https:\/\/www.radiopiu.net\/wordpress\/wp-content\/uploads\/2018\/09\/appuntamenti.jpeg\" data-dt-img-description=\"\" data-large_image_width=\"800\" data-large_image_height=\"100\"><img loading=\"lazy\" decoding=\"async\" class=\"aligncenter wp-image-61958 size-full\" src=\"https:\/\/www.radiopiu.net\/wordpress\/wp-content\/uploads\/2018\/09\/appuntamenti.jpeg\" alt=\"\" width=\"800\" height=\"100\" srcset=\"https:\/\/www.radiopiu.net\/wordpress\/wp-content\/uploads\/2018\/09\/appuntamenti.jpeg 800w, https:\/\/www.radiopiu.net\/wordpress\/wp-content\/uploads\/2018\/09\/appuntamenti-300x38.jpeg 300w, https:\/\/www.radiopiu.net\/wordpress\/wp-content\/uploads\/2018\/09\/appuntamenti-768x96.jpeg 768w\" sizes=\"auto, (max-width: 800px) 100vw, 800px\" \/><\/a><\/p>\n<p>&nbsp;<\/p>\n<blockquote>\n<h3>NUOVI ORARI PER LE VISTE AL CASTELLO DI ANDRAZ<\/h3>\n<\/blockquote>\n<p>Il Castello di Andraz, fino al 13 settembre, sar\u00e0 visitabile dal mercoled\u00ec alla domenica dalle 10 alle 12:30 e dalle 14:30 alle 18. Le visite guidate o libere vanno prenotate al 334 33 46 680 o via mail a info@castellodiandraz.it<\/p>\n<p>&nbsp;<\/p>\n<p>&nbsp;<\/p>\n<hr \/>\n<p>&nbsp;<\/p>\n<blockquote>\n<h3>ARTIGIANI IN MOSTRA AI CADINI DEL BRENTON<\/h3>\n<\/blockquote>\n<p><strong>SOSPIROLO<\/strong> Nei fine settimana di agosto e settembre i visitatori potranno vedere all\u2019opera un artigiano. Alterneranno la loro presenza nell\u2019area dei Cadini: Dario Sogmaister, che realizza mosaici utilizzando sassi colorati raccolti dal greto del Piave; Ilenia Gaio, che produce saponi artigianali, ottenuti con materie prime naturali e rivestiti con lana infeltrita e colorata; Luciano De Barba, che crea sculture in legno e terracotta e produce complementi di arredo utilizzando legno vecchio. A settembre \u00e8 prevista la partecipazione di altri artigiani del circuito Carta Qualit\u00e0.<\/p>\n<p>&nbsp;<\/p>\n<hr \/>\n<div>\n<h3><\/h3>\n<blockquote>\n<h3>&#8220;Letture d&#8217;estate&#8221;, organizzata in collaborazione con le Biblioteche della Valle del Biois:<\/h3>\n<\/blockquote>\n<div><b><i>Sabato 12 settembre, alle ore 20.30 presso la Sala agli Emigranti di via Lotta a Canale d&#8217;Agordo <\/i><\/b>Nicola Scodro con &#8220;Naufragi di un&#8217;illusione&#8221;. Letture dell&#8217;autore ed intervento di Althea Ronzani<\/div>\n<blockquote>\n<div><em>Per la partecipazione agli eventi si raccomanda la<u> prenotazione allo 0437 1948030 <\/u>(e-mail: info@prolococanale.it) oppure direttamente alla reception dell&#8217;ufficio informazioni presso il Museo Albino Luciani di Canale d&#8217;Agordo.<\/em><\/div>\n<\/blockquote>\n<\/div>\n<p>&nbsp;<\/p>\n<hr \/>\n<p>&nbsp;<\/p>\n<blockquote>\n<h3>OTTAVIO ROSSI PROPHETA IN PATRIA<\/h3>\n<\/blockquote>\n<p><strong>SAN TOMASO<\/strong> \u201cEn giro per Zelat\u201d:\u00a0 riproduzioni artistiche tra le architetture di montagna. Le tappe con partenza ed arrivo a Celat. Organizzazione della Pro Loco di San Tomaso con il contributo della Cassa Rurale Dolomiti di Fassa Primiero e Belluno.<\/p>\n<p>&nbsp;<\/p>\n<hr \/>\n<p>&nbsp;<\/p>\n<blockquote>\n<h3>IL CIRCO PATUF A\u00a0 CESIOMAGGIORE FINO AL 5 SETTEMBRE<\/h3>\n<\/blockquote>\n<p><b>CESIOMAGGIORE <\/b>La carovana \u00e8 a Cesiomaggiore dove proporr\u00e0 gli spettacoli alle 21.15, la domenica anche alle 18.30<\/p>\n<p>&nbsp;<\/p>\n<hr \/>\n<blockquote>\n<h3><\/h3>\n<\/blockquote>\n<blockquote>\n<h3>EL CANAL DE AGORDO<\/h3>\n<\/blockquote>\n<p><strong>AGORDO<\/strong> Scavare nel passato, storia ed archeologia da San Gottardo a Pont del Cristo. La mostra \u00e8 allestita al Museo mineralogico e paleontologico di via 5 maggio con ingresso libero. Fino al 6 settembre il venerdi, sabato e domenica dalle 10 alle 12.30 e dalle 16 alle 19. Info: archeoagordo.arca@gmail.com<\/p>\n<p>&nbsp;<\/p>\n<hr \/>\n<p>&nbsp;<\/p>\n<blockquote>\n<h3>A CANALE E VALLADA MOSTRE INCONTRI\u00a0 E MUSEI<\/h3>\n<\/blockquote>\n<p><strong><span style=\"color: #000000;\"><span style=\"font-family: Arial, sans-serif;\"><span style=\"font-size: small;\"><span lang=\"it-IT\">Presso il Musal<\/span><\/span><\/span><\/span><span style=\"color: #000000;\"><span style=\"font-family: Arial, sans-serif;\"><span style=\"font-size: small;\"><span lang=\"it-IT\">,<\/span><\/span><\/span><\/span><\/strong> <span style=\"color: #000000;\"><span style=\"font-family: Arial, sans-serif;\"><span style=\"font-size: small;\"><span lang=\"it-IT\">fino al 28 settembre <\/span><\/span><\/span><\/span><span style=\"color: #000000;\"><span style=\"font-family: Arial, sans-serif;\"><span style=\"font-size: small;\"><span lang=\"it-IT\">(fino al 13 settembre tutti i giorni 9.30-12.30; 15.30-18.30; dal 14 settembre: venerd\u00ec, sabato e domenica 9.00-12.00; 15.00-18.00), \u00e8 visitabile la mostra <\/span><\/span><\/span><\/span><span style=\"color: #000000;\"><span style=\"font-family: Arial, sans-serif;\"><span style=\"font-size: small;\"><span lang=\"it-IT\"><i>Gli ultimi papi europei: itinerari tra i paesi natali degli ultimi pontefici<\/i><\/span><\/span><\/span><\/span><span style=\"color: #000000;\"><span style=\"font-family: Arial, sans-serif;\"><span style=\"font-size: small;\"><span lang=\"it-IT\"><i>. <\/i><\/span><\/span><\/span><\/span><\/p>\n<p>&nbsp;<\/p>\n<hr \/>\n<blockquote>\n<h2 class=\"tw-data-text tw-text-large XcVN5d tw-ta\" dir=\"ltr\" data-placeholder=\"Traduzione\"><span lang=\"en\">appointments recommended by radio pi\u00f9<\/span><\/h2>\n<\/blockquote>\n\n\t\t\t<style type='text\/css'>\n\t\t\t\t#gallery-4 {\n\t\t\t\t\tmargin: auto;\n\t\t\t\t}\n\t\t\t\t#gallery-4 .gallery-item {\n\t\t\t\t\tfloat: left;\n\t\t\t\t\tmargin-top: 10px;\n\t\t\t\t\ttext-align: center;\n\t\t\t\t\twidth: 25%;\n\t\t\t\t}\n\t\t\t\t#gallery-4 img {\n\t\t\t\t\tborder: 2px solid #cfcfcf;\n\t\t\t\t}\n\t\t\t\t#gallery-4 .gallery-caption {\n\t\t\t\t\tmargin-left: 0;\n\t\t\t\t}\n\t\t\t\t\/* see gallery_shortcode() in wp-includes\/media.php *\/\n\t\t\t<\/style>\n\t\t<div id='gallery-4' class='dt-gallery-container gallery galleryid-159132 gallery-columns-4 gallery-size-thumbnail'><dl class='gallery-item'>\n\t\t\t\t<dt class='gallery-icon portrait'>\n\t\t\t\t\t<a class=\"rollover rollover-zoom dt-pswp-item\" title=\"446199a0-ccb6-4daa-88f9-ee34f5a4944a\" data-dt-img-description=\"\" data-large_image_width=\"1080\" data-large_image_height=\"1350\"href='https:\/\/www.radiopiu.net\/wordpress\/wp-content\/uploads\/2020\/07\/446199a0-ccb6-4daa-88f9-ee34f5a4944a.jpg'><img loading=\"lazy\" decoding=\"async\" width=\"150\" height=\"150\" src=\"https:\/\/www.radiopiu.net\/wordpress\/wp-content\/uploads\/2020\/07\/446199a0-ccb6-4daa-88f9-ee34f5a4944a-150x150.jpg\" class=\"attachment-thumbnail size-thumbnail\" alt=\"\" \/><\/a>\n\t\t\t\t<\/dt><\/dl><dl class='gallery-item'>\n\t\t\t\t<dt class='gallery-icon portrait'>\n\t\t\t\t\t<a class=\"rollover rollover-zoom dt-pswp-item\" title=\"LOCANDINA_MOSTRA andraz\" data-dt-img-description=\"\" data-large_image_width=\"1753\" data-large_image_height=\"2480\"href='https:\/\/www.radiopiu.net\/wordpress\/wp-content\/uploads\/2020\/08\/LOCANDINA_MOSTRA-andraz.jpg'><img loading=\"lazy\" decoding=\"async\" width=\"150\" height=\"150\" src=\"https:\/\/www.radiopiu.net\/wordpress\/wp-content\/uploads\/2020\/08\/LOCANDINA_MOSTRA-andraz-150x150.jpg\" class=\"attachment-thumbnail size-thumbnail\" alt=\"\" \/><\/a>\n\t\t\t\t<\/dt><\/dl><dl class='gallery-item'>\n\t\t\t\t<dt class='gallery-icon portrait'>\n\t\t\t\t\t<a class=\"rollover rollover-zoom dt-pswp-item\" title=\"890a4078-1eac-4e06-bfd3-59033f51722d\" data-dt-img-description=\"\" data-large_image_width=\"640\" data-large_image_height=\"1600\"href='https:\/\/www.radiopiu.net\/wordpress\/wp-content\/uploads\/2020\/08\/890a4078-1eac-4e06-bfd3-59033f51722d.jpg'><img loading=\"lazy\" decoding=\"async\" width=\"150\" height=\"150\" src=\"https:\/\/www.radiopiu.net\/wordpress\/wp-content\/uploads\/2020\/08\/890a4078-1eac-4e06-bfd3-59033f51722d-150x150.jpg\" class=\"attachment-thumbnail size-thumbnail\" alt=\"\" \/><\/a>\n\t\t\t\t<\/dt><\/dl><dl class='gallery-item'>\n\t\t\t\t<dt class='gallery-icon portrait'>\n\t\t\t\t\t<a class=\"rollover rollover-zoom dt-pswp-item\" title=\"VERTICAL 107 RINVIATA 5 SETTEMBRE\" data-dt-img-description=\"\" data-large_image_width=\"748\" data-large_image_height=\"1074\"href='https:\/\/www.radiopiu.net\/wordpress\/wp-content\/uploads\/2020\/08\/VERTICAL-107-RINVIATA-5-SETTEMBRE.jpg'><img loading=\"lazy\" decoding=\"async\" width=\"150\" height=\"150\" src=\"https:\/\/www.radiopiu.net\/wordpress\/wp-content\/uploads\/2020\/08\/VERTICAL-107-RINVIATA-5-SETTEMBRE-150x150.jpg\" class=\"attachment-thumbnail size-thumbnail\" alt=\"\" srcset=\"https:\/\/www.radiopiu.net\/wordpress\/wp-content\/uploads\/2020\/08\/VERTICAL-107-RINVIATA-5-SETTEMBRE-150x150.jpg 150w, https:\/\/www.radiopiu.net\/wordpress\/wp-content\/uploads\/2020\/08\/VERTICAL-107-RINVIATA-5-SETTEMBRE-125x125.jpg 125w, https:\/\/www.radiopiu.net\/wordpress\/wp-content\/uploads\/2020\/08\/VERTICAL-107-RINVIATA-5-SETTEMBRE-200x200.jpg 200w, https:\/\/www.radiopiu.net\/wordpress\/wp-content\/uploads\/2020\/08\/VERTICAL-107-RINVIATA-5-SETTEMBRE-80x80.jpg 80w\" sizes=\"auto, (max-width: 150px) 100vw, 150px\" \/><\/a>\n\t\t\t\t<\/dt><\/dl><br style=\"clear: both\" \/><dl class='gallery-item'>\n\t\t\t\t<dt class='gallery-icon landscape'>\n\t\t\t\t\t<a class=\"rollover rollover-zoom dt-pswp-item\" title=\"castello andraz autunno2020\" data-dt-img-description=\"\" data-large_image_width=\"2000\" data-large_image_height=\"1414\"href='https:\/\/www.radiopiu.net\/wordpress\/wp-content\/uploads\/2020\/08\/castello-andraz-autunno2020.png'><img loading=\"lazy\" decoding=\"async\" width=\"150\" height=\"150\" src=\"https:\/\/www.radiopiu.net\/wordpress\/wp-content\/uploads\/2020\/08\/castello-andraz-autunno2020-150x150.png\" class=\"attachment-thumbnail size-thumbnail\" alt=\"\" srcset=\"https:\/\/www.radiopiu.net\/wordpress\/wp-content\/uploads\/2020\/08\/castello-andraz-autunno2020-150x150.png 150w, https:\/\/www.radiopiu.net\/wordpress\/wp-content\/uploads\/2020\/08\/castello-andraz-autunno2020-125x125.png 125w, https:\/\/www.radiopiu.net\/wordpress\/wp-content\/uploads\/2020\/08\/castello-andraz-autunno2020-200x200.png 200w, https:\/\/www.radiopiu.net\/wordpress\/wp-content\/uploads\/2020\/08\/castello-andraz-autunno2020-80x80.png 80w\" sizes=\"auto, (max-width: 150px) 100vw, 150px\" \/><\/a>\n\t\t\t\t<\/dt><\/dl><dl class='gallery-item'>\n\t\t\t\t<dt class='gallery-icon portrait'>\n\t\t\t\t\t<a class=\"rollover rollover-zoom dt-pswp-item\" title=\"0cd20cf4-01a6-400d-845e-6747cefb3782\" data-dt-img-description=\"\" data-large_image_width=\"1131\" data-large_image_height=\"1600\"href='https:\/\/www.radiopiu.net\/wordpress\/wp-content\/uploads\/2020\/08\/0cd20cf4-01a6-400d-845e-6747cefb3782.jpg'><img loading=\"lazy\" decoding=\"async\" width=\"150\" height=\"150\" src=\"https:\/\/www.radiopiu.net\/wordpress\/wp-content\/uploads\/2020\/08\/0cd20cf4-01a6-400d-845e-6747cefb3782-150x150.jpg\" class=\"attachment-thumbnail size-thumbnail\" alt=\"\" srcset=\"https:\/\/www.radiopiu.net\/wordpress\/wp-content\/uploads\/2020\/08\/0cd20cf4-01a6-400d-845e-6747cefb3782-150x150.jpg 150w, https:\/\/www.radiopiu.net\/wordpress\/wp-content\/uploads\/2020\/08\/0cd20cf4-01a6-400d-845e-6747cefb3782-125x125.jpg 125w, https:\/\/www.radiopiu.net\/wordpress\/wp-content\/uploads\/2020\/08\/0cd20cf4-01a6-400d-845e-6747cefb3782-200x200.jpg 200w, https:\/\/www.radiopiu.net\/wordpress\/wp-content\/uploads\/2020\/08\/0cd20cf4-01a6-400d-845e-6747cefb3782-80x80.jpg 80w\" sizes=\"auto, (max-width: 150px) 100vw, 150px\" \/><\/a>\n\t\t\t\t<\/dt><\/dl><dl class='gallery-item'>\n\t\t\t\t<dt class='gallery-icon portrait'>\n\t\t\t\t\t<a class=\"rollover rollover-zoom dt-pswp-item\" title=\"ab36c843-8eda-4384-b197-2729cddce3be\" data-dt-img-description=\"\" data-large_image_width=\"1300\" data-large_image_height=\"1600\"href='https:\/\/www.radiopiu.net\/wordpress\/wp-content\/uploads\/2020\/09\/ab36c843-8eda-4384-b197-2729cddce3be.jpg'><img loading=\"lazy\" decoding=\"async\" width=\"150\" height=\"150\" src=\"https:\/\/www.radiopiu.net\/wordpress\/wp-content\/uploads\/2020\/09\/ab36c843-8eda-4384-b197-2729cddce3be-150x150.jpg\" class=\"attachment-thumbnail size-thumbnail\" alt=\"\" srcset=\"https:\/\/www.radiopiu.net\/wordpress\/wp-content\/uploads\/2020\/09\/ab36c843-8eda-4384-b197-2729cddce3be-150x150.jpg 150w, https:\/\/www.radiopiu.net\/wordpress\/wp-content\/uploads\/2020\/09\/ab36c843-8eda-4384-b197-2729cddce3be-125x125.jpg 125w, https:\/\/www.radiopiu.net\/wordpress\/wp-content\/uploads\/2020\/09\/ab36c843-8eda-4384-b197-2729cddce3be-200x200.jpg 200w, https:\/\/www.radiopiu.net\/wordpress\/wp-content\/uploads\/2020\/09\/ab36c843-8eda-4384-b197-2729cddce3be-80x80.jpg 80w\" sizes=\"auto, (max-width: 150px) 100vw, 150px\" \/><\/a>\n\t\t\t\t<\/dt><\/dl><dl class='gallery-item'>\n\t\t\t\t<dt class='gallery-icon portrait'>\n\t\t\t\t\t<a class=\"rollover rollover-zoom dt-pswp-item\" title=\"Lettura Tutto fra terra e cielo di Margherita Stevanato\" data-dt-img-description=\"\" data-large_image_width=\"1239\" data-large_image_height=\"1754\"href='https:\/\/www.radiopiu.net\/wordpress\/wp-content\/uploads\/2020\/09\/Lettura-Tutto-fra-terra-e-cielo-di-Margherita-Stevanato.jpg'><img loading=\"lazy\" decoding=\"async\" width=\"150\" height=\"150\" src=\"https:\/\/www.radiopiu.net\/wordpress\/wp-content\/uploads\/2020\/09\/Lettura-Tutto-fra-terra-e-cielo-di-Margherita-Stevanato-150x150.jpg\" class=\"attachment-thumbnail size-thumbnail\" alt=\"\" srcset=\"https:\/\/www.radiopiu.net\/wordpress\/wp-content\/uploads\/2020\/09\/Lettura-Tutto-fra-terra-e-cielo-di-Margherita-Stevanato-150x150.jpg 150w, https:\/\/www.radiopiu.net\/wordpress\/wp-content\/uploads\/2020\/09\/Lettura-Tutto-fra-terra-e-cielo-di-Margherita-Stevanato-125x125.jpg 125w, https:\/\/www.radiopiu.net\/wordpress\/wp-content\/uploads\/2020\/09\/Lettura-Tutto-fra-terra-e-cielo-di-Margherita-Stevanato-200x200.jpg 200w, https:\/\/www.radiopiu.net\/wordpress\/wp-content\/uploads\/2020\/09\/Lettura-Tutto-fra-terra-e-cielo-di-Margherita-Stevanato-80x80.jpg 80w\" sizes=\"auto, (max-width: 150px) 100vw, 150px\" \/><\/a>\n\t\t\t\t<\/dt><\/dl><br style=\"clear: both\" \/>\n\t\t\t<\/div>\n\n<hr \/>\n<p>&nbsp;<\/p>\n<h2>IERI ALLA RADIO<\/h2>\n<h2><strong class=\"photoswipe-wrapper\"><a class=\"dt-pswp-item\" href=\"https:\/\/www.radiopiu.net\/wordpress\/wp-content\/uploads\/2020\/08\/concerto-col-margherita-definitivo-01-1.jpg\" data-dt-img-description=\"\" data-large_image_width=\"2516\" data-large_image_height=\"1789\"><img loading=\"lazy\" decoding=\"async\" class=\"size-medium wp-image-158078 alignleft\" src=\"https:\/\/www.radiopiu.net\/wordpress\/wp-content\/uploads\/2020\/08\/concerto-col-margherita-definitivo-01-1-300x213.jpg\" alt=\"\" width=\"300\" height=\"213\" srcset=\"https:\/\/www.radiopiu.net\/wordpress\/wp-content\/uploads\/2020\/08\/concerto-col-margherita-definitivo-01-1-300x213.jpg 300w, https:\/\/www.radiopiu.net\/wordpress\/wp-content\/uploads\/2020\/08\/concerto-col-margherita-definitivo-01-1-1024x728.jpg 1024w, https:\/\/www.radiopiu.net\/wordpress\/wp-content\/uploads\/2020\/08\/concerto-col-margherita-definitivo-01-1-768x546.jpg 768w, https:\/\/www.radiopiu.net\/wordpress\/wp-content\/uploads\/2020\/08\/concerto-col-margherita-definitivo-01-1-1536x1092.jpg 1536w, https:\/\/www.radiopiu.net\/wordpress\/wp-content\/uploads\/2020\/08\/concerto-col-margherita-definitivo-01-1-2048x1456.jpg 2048w, https:\/\/www.radiopiu.net\/wordpress\/wp-content\/uploads\/2020\/08\/concerto-col-margherita-definitivo-01-1-640x455.jpg 640w\" sizes=\"auto, (max-width: 300px) 100vw, 300px\" \/><\/a><span style=\"color: #ff6600;\">OMAGGIO A ENNIO MORRICONE: IL CONCERTO A FALCADE IL 9 SETTEMBRE<\/span><\/strong><\/h2>\n<h3><span style=\"color: #ff6600;\"><strong class=\"photoswipe-wrapper\">Alla Fabbrica delle Emozioni, in collaborazione con Dersut Giornale &amp; Caff\u00e8 di Taibon Agordino<\/strong><\/span><\/h3>\n<p><strong>di Claudio Fontanive\u00a0<\/strong><\/p>\n<p><strong>Ospite: Renzo Minella<\/strong><\/p>\n<audio class=\"wp-audio-shortcode\" id=\"audio-159132-4\" preload=\"none\" style=\"width: 100%;\" controls=\"controls\"><source type=\"audio\/mpeg\" src=\"https:\/\/www.radiopiu.net\/wordpress\/wp-content\/uploads\/2020\/09\/renzo-minella-concerto.mp3?_=4\" \/><a href=\"https:\/\/www.radiopiu.net\/wordpress\/wp-content\/uploads\/2020\/09\/renzo-minella-concerto.mp3\">https:\/\/www.radiopiu.net\/wordpress\/wp-content\/uploads\/2020\/09\/renzo-minella-concerto.mp3<\/a><\/audio>\n<p>&nbsp;<\/p>\n<hr \/>\n<p>&nbsp;<\/p>\n<h2><a class=\"dt-pswp-item\" href=\"https:\/\/www.radiopiu.net\/wordpress\/wp-content\/uploads\/2020\/05\/solidariet\u00e0-veneto.jpg\" data-dt-img-description=\"\" data-large_image_width=\"1373\" data-large_image_height=\"961\"><img loading=\"lazy\" decoding=\"async\" class=\"size-medium wp-image-134366 alignleft\" src=\"https:\/\/www.radiopiu.net\/wordpress\/wp-content\/uploads\/2020\/05\/solidariet\u00e0-veneto-300x210.jpg\" alt=\"\" width=\"300\" height=\"210\" srcset=\"https:\/\/www.radiopiu.net\/wordpress\/wp-content\/uploads\/2020\/05\/solidariet\u00e0-veneto-300x210.jpg 300w, https:\/\/www.radiopiu.net\/wordpress\/wp-content\/uploads\/2020\/05\/solidariet\u00e0-veneto-1024x717.jpg 1024w, https:\/\/www.radiopiu.net\/wordpress\/wp-content\/uploads\/2020\/05\/solidariet\u00e0-veneto-768x538.jpg 768w, https:\/\/www.radiopiu.net\/wordpress\/wp-content\/uploads\/2020\/05\/solidariet\u00e0-veneto.jpg 1373w\" sizes=\"auto, (max-width: 300px) 100vw, 300px\" \/><\/a><span style=\"color: #99cc00;\">L&#8217;APPUNTAMENTO MENSILE CON SOLIDARIET\u00c0 VENETO<\/span><\/h2>\n<p><strong>di Claudio Fontanive<\/strong><\/p>\n<audio class=\"wp-audio-shortcode\" id=\"audio-159132-5\" preload=\"none\" style=\"width: 100%;\" controls=\"controls\"><source type=\"audio\/mpeg\" src=\"https:\/\/www.radiopiu.net\/wordpress\/wp-content\/uploads\/2020\/09\/solidarieta-veneto-settembre.mp3?_=5\" \/><a href=\"https:\/\/www.radiopiu.net\/wordpress\/wp-content\/uploads\/2020\/09\/solidarieta-veneto-settembre.mp3\">https:\/\/www.radiopiu.net\/wordpress\/wp-content\/uploads\/2020\/09\/solidarieta-veneto-settembre.mp3<\/a><\/audio>\n<p>&nbsp;<\/p>\n<hr \/>\n<p>&nbsp;<\/p>\n<h2><span style=\"color: #ff0000;\">DUE MINUTI UN LIBRO\u00a0<\/span><\/h2>\n<blockquote class=\"wp-embedded-content\" data-secret=\"cFOUteYbEm\"><p><a href=\"https:\/\/www.radiopiu.net\/wordpress\/cuori-scuri-2\/\">CUORI SCURI<\/a><\/p><\/blockquote>\n<p><iframe loading=\"lazy\" class=\"wp-embedded-content\" sandbox=\"allow-scripts\" security=\"restricted\" style=\"position: absolute; clip: rect(1px, 1px, 1px, 1px);\" title=\"&#8220;CUORI SCURI&#8221; &#8212; Radio Pi\u00f9\" src=\"https:\/\/www.radiopiu.net\/wordpress\/cuori-scuri-2\/embed\/#?secret=cFOUteYbEm\" data-secret=\"cFOUteYbEm\" width=\"600\" height=\"338\" frameborder=\"0\" marginwidth=\"0\" marginheight=\"0\" scrolling=\"no\"><\/iframe><\/p>\n<p><strong>LE ALTRE PUNTATE<\/strong><\/p>\n<blockquote class=\"wp-embedded-content\" data-secret=\"xQT08EHoCm\"><p><a href=\"https:\/\/www.radiopiu.net\/wordpress\/due-minuti-un-libro\/\">Due minuti un libro<\/a><\/p><\/blockquote>\n<p><iframe loading=\"lazy\" class=\"wp-embedded-content\" sandbox=\"allow-scripts\" security=\"restricted\" style=\"position: absolute; clip: rect(1px, 1px, 1px, 1px);\" title=\"&#8220;Due minuti un libro&#8221; &#8212; Radio Pi\u00f9\" src=\"https:\/\/www.radiopiu.net\/wordpress\/due-minuti-un-libro\/embed\/#?secret=xQT08EHoCm\" data-secret=\"xQT08EHoCm\" width=\"600\" height=\"338\" frameborder=\"0\" marginwidth=\"0\" marginheight=\"0\" scrolling=\"no\"><\/iframe><\/p>\n<p>&nbsp;<\/p>\n<hr \/>\n<p>&nbsp;<\/p>\n<div>\n<h2><span style=\"color: #000080;\">DON CESARE, IL PENSIERO DEL GIORNO. ALLA RADIO ALLE 7 DEL MATTINO E ALLE 19.30 DELLA SERA.<\/span><\/h2>\n<audio class=\"wp-audio-shortcode\" id=\"audio-159132-6\" preload=\"none\" style=\"width: 100%;\" controls=\"controls\"><source type=\"audio\/mpeg\" src=\"https:\/\/www.radiopiu.net\/wordpress\/wp-content\/uploads\/2020\/09\/CESARE-05-sett.mp3?_=6\" \/><a href=\"https:\/\/www.radiopiu.net\/wordpress\/wp-content\/uploads\/2020\/09\/CESARE-05-sett.mp3\">https:\/\/www.radiopiu.net\/wordpress\/wp-content\/uploads\/2020\/09\/CESARE-05-sett.mp3<\/a><\/audio>\n<p>&nbsp;<\/p>\n<p>&nbsp;<\/p>\n<hr \/>\n<p>&nbsp;<\/p>\n<h2><span style=\"color: #008000;\">AGORDINOMERON&#8230;LA RACCOLTA<\/span><\/h2>\n<blockquote class=\"wp-embedded-content\" data-secret=\"Vjk566jCdf\"><p><a href=\"https:\/\/www.radiopiu.net\/wordpress\/agordinomeron\/\">AGORDINOMERON, IL TERRITORIO SI RACCONTA Da un&#8217;idea di Gianni Santomaso<\/a><\/p><\/blockquote>\n<p><iframe loading=\"lazy\" class=\"wp-embedded-content\" sandbox=\"allow-scripts\" security=\"restricted\" style=\"position: absolute; clip: rect(1px, 1px, 1px, 1px);\" title=\"&#8220;AGORDINOMERON, IL TERRITORIO SI RACCONTA Da un&#8217;idea di Gianni Santomaso&#8221; &#8212; Radio Pi\u00f9\" src=\"https:\/\/www.radiopiu.net\/wordpress\/agordinomeron\/embed\/#?secret=Vjk566jCdf\" data-secret=\"Vjk566jCdf\" width=\"600\" height=\"338\" frameborder=\"0\" marginwidth=\"0\" marginheight=\"0\" scrolling=\"no\"><\/iframe><\/p>\n<p>&nbsp;<\/p>\n<hr \/>\n<p>&nbsp;<\/p>\n<p>&nbsp;<\/p>\n<h2><span style=\"color: #ff00ff;\">ZAINO DA VIAGGIO AL FEMMINILE DI PAOLA LANCIATO il martedi alle 10.30 e 1900 la domenica alle 11<\/span><\/h2>\n<h1>LA RACCOLTA COMPLETA<\/h1>\n<blockquote class=\"wp-embedded-content\" data-secret=\"nHjU7Q2aJ6\"><p><a href=\"https:\/\/www.radiopiu.net\/wordpress\/zaino-femminile-lanciato\/\">Zaino da viaggio al femminile<\/a><\/p><\/blockquote>\n<p><iframe loading=\"lazy\" class=\"wp-embedded-content\" sandbox=\"allow-scripts\" security=\"restricted\" style=\"position: absolute; clip: rect(1px, 1px, 1px, 1px);\" title=\"&#8220;Zaino da viaggio al femminile&#8221; &#8212; Radio Pi\u00f9\" src=\"https:\/\/www.radiopiu.net\/wordpress\/zaino-femminile-lanciato\/embed\/#?secret=nHjU7Q2aJ6\" data-secret=\"nHjU7Q2aJ6\" width=\"600\" height=\"338\" frameborder=\"0\" marginwidth=\"0\" marginheight=\"0\" scrolling=\"no\"><\/iframe><\/p>\n<hr \/>\n<p>&nbsp;<\/p>\n<h2><span style=\"color: #33cccc;\">I RACCONTI DI PAOLO SOPPELSA il lunedi alle 9.30 e 18.30<\/span><\/h2>\n<h2><span style=\"color: #33cccc;\"><strong>LA RACCOLTA COMPLETA<\/strong><\/span><\/h2>\n<blockquote class=\"wp-embedded-content\" data-secret=\"WBxmPov97c\"><p><a href=\"https:\/\/www.radiopiu.net\/wordpress\/i-racconti-di-paolo-soppelsa\/\">I racconti di Paolo Soppelsa<\/a><\/p><\/blockquote>\n<p><iframe loading=\"lazy\" class=\"wp-embedded-content\" sandbox=\"allow-scripts\" security=\"restricted\" style=\"position: absolute; clip: rect(1px, 1px, 1px, 1px);\" title=\"&#8220;I racconti di Paolo Soppelsa&#8221; &#8212; Radio Pi\u00f9\" src=\"https:\/\/www.radiopiu.net\/wordpress\/i-racconti-di-paolo-soppelsa\/embed\/#?secret=WBxmPov97c\" data-secret=\"WBxmPov97c\" width=\"600\" height=\"338\" frameborder=\"0\" marginwidth=\"0\" marginheight=\"0\" scrolling=\"no\"><\/iframe><\/p>\n<p>&nbsp;<\/p>\n<hr \/>\n<p>&nbsp;<\/p>\n<h2><span style=\"color: #99cc00;\">SUL SITO DI RADIO PIU&#8217; LA VIDEO GALLERY<\/span><\/h2>\n<blockquote class=\"wp-embedded-content\" data-secret=\"gcjPeT6Da2\"><p><a href=\"https:\/\/www.radiopiu.net\/wordpress\/ep-center-video-gallery\/\">EP CENTER video gallery<\/a><\/p><\/blockquote>\n<p><iframe loading=\"lazy\" class=\"wp-embedded-content\" sandbox=\"allow-scripts\" security=\"restricted\" style=\"position: absolute; clip: rect(1px, 1px, 1px, 1px);\" title=\"&#8220;EP CENTER video gallery&#8221; &#8212; Radio Pi\u00f9\" src=\"https:\/\/www.radiopiu.net\/wordpress\/ep-center-video-gallery\/embed\/#?secret=gcjPeT6Da2\" data-secret=\"gcjPeT6Da2\" width=\"600\" height=\"338\" frameborder=\"0\" marginwidth=\"0\" marginheight=\"0\" scrolling=\"no\"><\/iframe><\/p>\n<p>&nbsp;<\/p>\n<hr \/>\n<p>&nbsp;<\/p>\n<p><a class=\"dt-pswp-item\" href=\"https:\/\/www.radiopiu.net\/wordpress\/wp-content\/uploads\/2018\/09\/viabilita.jpeg\" data-dt-img-description=\"\" data-large_image_width=\"800\" data-large_image_height=\"100\"><img loading=\"lazy\" decoding=\"async\" class=\"aligncenter wp-image-61954 size-full\" src=\"https:\/\/www.radiopiu.net\/wordpress\/wp-content\/uploads\/2018\/09\/viabilita.jpeg\" alt=\"\" width=\"800\" height=\"100\" srcset=\"https:\/\/www.radiopiu.net\/wordpress\/wp-content\/uploads\/2018\/09\/viabilita.jpeg 800w, https:\/\/www.radiopiu.net\/wordpress\/wp-content\/uploads\/2018\/09\/viabilita-300x38.jpeg 300w, https:\/\/www.radiopiu.net\/wordpress\/wp-content\/uploads\/2018\/09\/viabilita-768x96.jpeg 768w\" sizes=\"auto, (max-width: 800px) 100vw, 800px\" \/><\/a><\/p>\n<\/div>\n<p>&nbsp;<\/p>\n<p><strong>SR 203 AGORDINA<\/strong> In una giornata dal 7 a l&#8217;11 settembre dalle 8 alle 18 senso unico alternato regolato da movieri tra La Stanga e La Muda per rifacimento linea aerea fibre ottiche<\/p>\n<p><strong>SP1 SINISTRA PIAVE<\/strong>\u00a0 fino al 11 settembre, rotatoria Bardies-rotatoria Lentiai deviazione della corrente di traffico con direzione Feltre-Belluno lungo la vecchia SP1 in sinistra Piave per l\u2019abitato di Lentiai e Bardies<\/p>\n<p><strong>SP 7 DI ZOPPE&#8217;<\/strong> Dal 7 al 25 settembre, esclusi sabato e domenica, dalle 7:30 alle 12 e dalle 13 alle 17:30, temporanee interruzioni al traffico della durata massima di 30 minuti in comune di Val Di Zoldo per rifacimento rete idrica e fognaria<\/p>\n<p><strong>SR 203 AGORDINA<\/strong> dal 6 al 16 settembre, dalle 19 alle 6, senso unico alternato regolato da movieri alla galleria di Listolade a Taibon Agordino per asfaltatura<\/p>\n<p><strong>SP 30 PANORAMICA DEL COMELICO<\/strong> fino al 2 ottobre, esclusi sabati e domeniche, interdizione totale alla viabilit\u00e0 in entrambi i sensi di marcia tra Costa e Costalissoi per messa in sicurezza strada<\/p>\n<p><strong>SP 20 VAL FIORENTINA<\/strong> Fino al 15 settembre, esclusi sabati e domeniche, senso unico alternato in localit\u00e0 Solator di Selva Di Cadore per allargamento carreggiata<\/p>\n<p><strong>PROVINCIALE 473 CROCE D&#8217;AUNE<\/strong> Dal 31 agosto al 12 settembre interidizione totale alla transtiabilit\u00e0 nell&#8217;abitato di Pedavena inclusi sabato e domenica<\/p>\n<p><strong>SP473 CROCE D&#8217;AUNE<\/strong>\u00a0 In localit\u00e0 Gorna di Sovramonte dal 1 al 10 settembre interruzioni temporanee fino a 30 minuti dalle 8 alle 12 e dalle 13.30 alle 17.30 eclusi sabato e domenica<\/p>\n<p><strong>SP 3 VALLE IMPERINA<\/strong> Tra Corde Mole e Vallasin dalle 8 alle 11.45 e dalle 13.30 alle 17.30 dal 1 settembre all&#8217;11 settembre (esclusi sabato e domenica) temporanee<strong> interruzioni<\/strong> alla viabilit\u00e0 massimo 30 minuti per esbosco.<\/p>\n<p><strong>SP 29 COL FALCON<\/strong>\u00a0 Tra Col Falcon e innesto strada del Servo dal 1 all&#8217;11 settembre (sabato e domenica escluso)\u00a0 dalle 7 alle 18 <strong>interdizione<\/strong> totale alla viabilit\u00e0 per asfaltatura.<\/p>\n<p><strong>SP 641 PASSO FEDAIA<\/strong> A\u00a0 Capanna Bill e\u00a0 a Col di Rocca dal 1 al 30 settembre senso unico alternato regolato da semaforo.<\/p>\n<p><strong>SP 251 VAL CELLINA<\/strong> Da Pescul a Selva di Cadore dal 1 all&#8217;11 settembre (sabato e domenica esclusi) senso unico alternato per posa fibre ottiche<\/p>\n<p><strong>REGIONALE 203 AGORDINA<\/strong> Dal 1 al 30 settembre (sabato e domenica esclusi) tra Candaten e La Stanga dalle 7.30 alle 9 e dalle 16.30 alle 18 con movieri e negli altri orari con semaforo, senso unico alternato.<\/p>\n<div>\n<p><strong>SR 48 DELLE DOLOMITI<\/strong> FINO\u00a0 AL 30 SETTEMBRE, DALLE 7 ALLE 17, ESCLUSI SABATO E DOMENICA, SALTUARIA ISTITUZIONE DI SENSO UNICO ALTERNATO REGOLATO DA MOVIERI PER PERIODI CONTINUATIVI NON SUPERIORI A 10 MINUTI NEI COMUNI DI CORTINA ED AURONZO DI CADORE PER CARICO SCARICO MATERIALI NECESSARI PER LA POSA DELL&#8217;ELTRODOTTO INTERRATO<\/p>\n<p><strong>SR 48 DELLE DOLOMITI<\/strong> DAL 1 AL 30 settembre in localit\u00e0 Pocol (Cortina) senso unico alternato, esclusi sabato e domenica<\/p>\n<p><strong>SR 48 DELLE DOLOMITI<\/strong> Dal 1 settembre al 9 ottobre senso unico alternato in localit\u00e0 Cernadoi, escluso sabato e domeniche<\/p>\n<p><strong>SR 48 DELLE DOLOMITI<\/strong> dal 1 al 30 settembre esclusi sabato e domenica senso unico alternato tra Cernadoi e Pian Falzarego<\/p>\n<p><strong>Provinciale 40, Val Senaiga-Arina,<\/strong> Comune di Lamon. Dal 1 all&#8217;11 settembre (sabato e domenica esclusi) per asfaltatura di tratti stradali INTERRUZIONE alla transitabilit\u00e0 dalle 8 alle 12 e dalle 14 alle 18. Nei periodi non interessati da chiusure \u00e8 previsto il senso unico alternato<\/p>\n<p><strong>SP 7 DI ZOPPE&#8217; DI CADORE,<\/strong> SENSO UNICO ALTERNATO REGOLATO DA MOVIERI CON BREVI INTERRUZIONI DI MASSIMO 10 MINUTI FINO\u00a0 AL 18 SETTEMBRE, DALLE 7:30 ALLE 17:30 ESCLUSI SABATI, DOMENICHE E FESTIVI INFRASETTIMANALI, PER MESSA IN SICUREZZA DELLA SEDE STRADALE<\/p>\n<p><strong>SP 40, COMUNE DI LAMON.<\/strong>\u00a0 FINO ALL&#8217;11 SETTEMBRE, ESCLUSI SABATO E DOMENICA, POSSIBILI INTERRUZIONI AL TRAFFICO DELLA DURATA MASSIMA DI 30 MINUTI DALLE 8 ALLE 12 E DALLE 13 ALLE 17 PER REALIZZAZIONE NUOVA TOMBINATURA. NEGLI ALTRI ORARI ISTITUZIONE DI SENSO UNICO ALTERNATO REGOLATO DA IMPIANTO SEMAFORICO O MOVIERI<\/p>\n<p><strong>SP 1 MADONNA DEL PIAVE<\/strong>\u00a0fino a revoca, senso unico alternato regolato da semaforo in localit\u00e0 Caorera di Quero Vas per lavori di messa in sicurezza piano viabile<\/p>\n<p>&nbsp;<\/p>\n<p>&nbsp;<\/p>\n<hr \/>\n<p>&nbsp;<\/p>\n<p class=\"photoswipe-wrapper\"><a class=\"dt-pswp-item pspw-wrap-ready\" href=\"https:\/\/i0.wp.com\/www.radiopiu.net\/wordpress\/wp-content\/uploads\/2018\/09\/WhatsApp-Image-2018-09-20-at-16.04.06.jpeg?ssl=1\" data-dt-img-description=\"\" data-large_image_width=\"800\" data-large_image_height=\"100\"><img loading=\"lazy\" decoding=\"async\" class=\"aligncenter wp-image-61378 size-full jetpack-lazy-image jetpack-lazy-image--handled\" src=\"https:\/\/i0.wp.com\/www.radiopiu.net\/wordpress\/wp-content\/uploads\/2018\/09\/WhatsApp-Image-2018-09-20-at-16.04.06.jpeg?resize=800%2C100&amp;ssl=1\" sizes=\"auto, (max-width: 800px) 100vw, 800px\" srcset=\"https:\/\/i0.wp.com\/www.radiopiu.net\/wordpress\/wp-content\/uploads\/2018\/09\/WhatsApp-Image-2018-09-20-at-16.04.06.jpeg?w=800&amp;ssl=1 800w, https:\/\/i0.wp.com\/www.radiopiu.net\/wordpress\/wp-content\/uploads\/2018\/09\/WhatsApp-Image-2018-09-20-at-16.04.06.jpeg?resize=300%2C38&amp;ssl=1 300w, https:\/\/i0.wp.com\/www.radiopiu.net\/wordpress\/wp-content\/uploads\/2018\/09\/WhatsApp-Image-2018-09-20-at-16.04.06.jpeg?resize=768%2C96&amp;ssl=1 768w\" alt=\"\" width=\"800\" height=\"100\" data-lazy-loaded=\"1\" \/><\/a><\/p>\n<p>&nbsp;<\/p>\n<p><center><b>Sabato 5<\/b><\/center><b>Tempo atteso:\u00a0<\/b>Splendida mattinata settembrina con sole, cielo sereno, aria tersa ed ottima visibilit\u00e0. Non escluso qualche modesto annuvolamento cumuliforme al pomeriggio sulle Dolomiti, nuvolosit\u00e0 un po&#8217; pi\u00f9 presente tra il tardo pomeriggio e la sera. Tale nuvolosit\u00e0 potrebbe essere pressoch\u00e9 assente sulle Prealpi. In quota relativa mitezza termica, nelle valli clima fresco di notte ed estivo di giorno.<br \/>\n<b>Precipitazioni:\u00a0<\/b>Assenti (0%), salvo qualche goccia in tarda serata sulle Dolomiti.<br \/>\n<b>Temperature:\u00a0<\/b>Pressoch\u00e9 stazionarie in quota e in probabile leggero aumento nelle valli, dove vi sar\u00e0 una forte escursione termica diurna. Sono previste punte di 26\/27\u00b0C nei fondovalle prealpini e di 23\/24\u00b0C a 1000\/1200 m. Su Prealpi a 1500 m min 13\u00b0C max 18\u00b0C, a 2000 m min 12\u00b0C max 15\u00b0C. Su Dolomiti a 2000 m min 11\u00b0C max 15\u00b0C, a 3000 m min 6\u00b0C max 8\u00b0C.<br \/>\n<b>Venti:\u00a0<\/b>Nelle valli perlopi\u00f9 deboli a regime di brezza, localmente e a tratti moderati; in quota perlopi\u00f9 deboli dai quadranti occidentali, a tratti moderati sulle vette dolomitiche pi\u00f9 alte, a 5\/10 km\/h a 2000 m e 15\/20 km\/h a 3000 m.<\/p>\n<hr \/>\n<p><center><b>Domenica 6<\/b><\/center><b>Tempo atteso:\u00a0<\/b>Schiarite e nuvolosit\u00e0 irregolare per stratocumuli e nubi medie stratiformi, gi\u00e0 al mattino, e prima delle ore centrali del giorno potrebbero verificarsi i primi sporadici fenomeni. Al pomeriggio, nonostante le schiarite, ulteriore contenuta intensificazione della nuvolosit\u00e0 e maggiore rischio di fenomeni d&#8217;instabilit\u00e0. Clima diurno pi\u00f9 fresco e assai pi\u00f9 uggioso.<br \/>\n<b>Precipitazioni:\u00a0<\/b>Al mattino graduale aumento della probabilit\u00e0 di fenomeni sparsi in aumento fino a (30\/40%), specie in tarda mattinata e sulle Dolomiti, il rischio sar\u00e0 minore sulle Prealpi (0\/10%). Al pomeriggio crescente probabilit\u00e0 di rovesci e temporali (50\/70%) sulle Dolomiti e un po&#8217; meno sul resto della montagna veneta (30\/40%).<br \/>\n<b>Temperature:\u00a0<\/b>In diminuzione, eccetto aumento delle minime nelle valli. Sono previste punte di 20\/22\u00b0C nei fondovalle prealpini e di 15\/17\u00b0C a 1000\/1200 m. Su Prealpi a 1500 m min 11\u00b0C max 13\u00b0C, a 2000 m min 9\u00b0C max 11\u00b0C. Su Dolomiti a 2000 m min 8\u00b0C max 10\u00b0C, a 3000 m min 3\u00b0C max 5\u00b0C.<br \/>\n<b>Venti:\u00a0<\/b>Venti deboli di direzione variabile nelle valli; deboli\/moderati da sud-ovest in quota, a 5\/10 km\/ a 2000 m e 10\/20 km\/h a 3000 m.<\/p>\n<hr \/>\n<p><center><b>Lunedi 7<\/b><\/center>Tempo instabile\/perturbato con cielo molto nuvoloso o coperto, associato a precipitazioni deboli, a tratti moderate. La neve si abbasser\u00e0 fino sui 2800\/2900 m. Alla sera esaurimento dei fenomeni e schiarite. Temperature in diminuzione con minime raggiunte alla sera. In quota venti deboli\/moderati dai quadranti meridionali, disponendosi da ovest; deboli di direzione variabile nelle valli.<\/p>\n<hr \/>\n<p><center><b>Martedi 8<\/b><\/center>Splendida giornata settembrina con sole, cielo sereno, aria tersa ed ottima visibilit\u00e0. Temperature minime in diminuzione con clima fresco all&#8217;alba e massime in netta ripresa. Venti a regime di brezza nelle valli e deboli dai quadranti occidentali in quota. Previsore: R.L.Th.<\/p>\n<\/div>\n<p><center><\/center><center><\/center>&nbsp;<\/p>\n<hr \/>\n<p>&nbsp;<\/p>\n<p><iframe loading=\"lazy\" title=\"Spot Buttalibene TV\" width=\"1200\" height=\"675\" src=\"https:\/\/www.youtube.com\/embed\/fjHWpfyAevE?feature=oembed\" frameborder=\"0\" allow=\"accelerometer; autoplay; clipboard-write; encrypted-media; gyroscope; picture-in-picture\" allowfullscreen><\/iframe><\/p>\n<hr \/>\n<p>&nbsp;<\/p>\n<p><a class=\"dt-pswp-item\" href=\"https:\/\/www.radiopiu.net\/wordpress\/wp-content\/uploads\/2018\/09\/sport.jpg\" data-dt-img-description=\"\" data-large_image_width=\"800\" data-large_image_height=\"100\"><img loading=\"lazy\" decoding=\"async\" class=\"aligncenter wp-image-60761 size-full\" src=\"https:\/\/www.radiopiu.net\/wordpress\/wp-content\/uploads\/2018\/09\/sport.jpg\" alt=\"\" width=\"800\" height=\"100\" srcset=\"https:\/\/www.radiopiu.net\/wordpress\/wp-content\/uploads\/2018\/09\/sport.jpg 800w, https:\/\/www.radiopiu.net\/wordpress\/wp-content\/uploads\/2018\/09\/sport-300x38.jpg 300w, https:\/\/www.radiopiu.net\/wordpress\/wp-content\/uploads\/2018\/09\/sport-768x96.jpg 768w\" sizes=\"auto, (max-width: 800px) 100vw, 800px\" \/><\/a><\/p>\n<p>&nbsp;<\/p>\n<blockquote>\n<h3>PRIMA AMICHEVOLE IN VISTA PER L&#8217;AGORDINA DI MARCO LORENZI<\/h3>\n<\/blockquote>\n<p><strong><a class=\"dt-pswp-item\" href=\"https:\/\/www.radiopiu.net\/wordpress\/wp-content\/uploads\/2019\/09\/AGORDINA-CALCIO.jpeg\" data-dt-img-description=\"\" data-large_image_width=\"225\" data-large_image_height=\"225\"><img loading=\"lazy\" decoding=\"async\" class=\"wp-image-97575 alignleft\" src=\"https:\/\/www.radiopiu.net\/wordpress\/wp-content\/uploads\/2019\/09\/AGORDINA-CALCIO.jpeg\" alt=\"\" width=\"118\" height=\"118\" srcset=\"https:\/\/www.radiopiu.net\/wordpress\/wp-content\/uploads\/2019\/09\/AGORDINA-CALCIO.jpeg 225w, https:\/\/www.radiopiu.net\/wordpress\/wp-content\/uploads\/2019\/09\/AGORDINA-CALCIO-150x150.jpeg 150w\" sizes=\"auto, (max-width: 118px) 100vw, 118px\" \/><\/a>AGORDO<\/strong> Nel fine settimana l&#8217;Agordina Calcio sar\u00e0 chiamata alla prima vera amichevole stagionale. Una prova per testare le disposizioni anti Covid-19 diramate dalla Lega Nazionale Dilettanti ma anche per capire qual&#8217;\u00e8 la preparazione atletica della squadra di Marco Lorenzi che il 13 settembre inizier\u00e0 il campionato di Seconda Categoria. Oggi, all&#8217;Ivano Dorigo di Agordo, arriva lo Schiara. Inizio alle 16:30. Mercoled\u00ec 9 settembre verr\u00e0 invece recuperato il triangolare con Belluno e Le Ville in memoria di Silvano Mosca.<\/p>\n<p>&nbsp;<\/p>\n<p>&nbsp;<\/p>\n<hr \/>\n<p>&nbsp;<\/p>\n<blockquote>\n<h3>DOMENICA LA PRESENTAZIONE DELLE SQUADRE DELL&#8217;ALLEGHE HOCKEY<\/h3>\n<\/blockquote>\n<p><strong><a class=\"dt-pswp-item\" href=\"https:\/\/www.radiopiu.net\/wordpress\/wp-content\/uploads\/2020\/09\/PRESENTAZIONE-ALLEGHE-HOCKEY.jpg\" data-dt-img-description=\"\" data-large_image_width=\"1074\" data-large_image_height=\"1600\"><img loading=\"lazy\" decoding=\"async\" class=\"size-medium wp-image-158861 alignleft\" src=\"https:\/\/www.radiopiu.net\/wordpress\/wp-content\/uploads\/2020\/09\/PRESENTAZIONE-ALLEGHE-HOCKEY-201x300.jpg\" alt=\"\" width=\"201\" height=\"300\" srcset=\"https:\/\/www.radiopiu.net\/wordpress\/wp-content\/uploads\/2020\/09\/PRESENTAZIONE-ALLEGHE-HOCKEY-201x300.jpg 201w, https:\/\/www.radiopiu.net\/wordpress\/wp-content\/uploads\/2020\/09\/PRESENTAZIONE-ALLEGHE-HOCKEY-687x1024.jpg 687w, https:\/\/www.radiopiu.net\/wordpress\/wp-content\/uploads\/2020\/09\/PRESENTAZIONE-ALLEGHE-HOCKEY-768x1144.jpg 768w, https:\/\/www.radiopiu.net\/wordpress\/wp-content\/uploads\/2020\/09\/PRESENTAZIONE-ALLEGHE-HOCKEY-1031x1536.jpg 1031w, https:\/\/www.radiopiu.net\/wordpress\/wp-content\/uploads\/2020\/09\/PRESENTAZIONE-ALLEGHE-HOCKEY-322x480.jpg 322w, https:\/\/www.radiopiu.net\/wordpress\/wp-content\/uploads\/2020\/09\/PRESENTAZIONE-ALLEGHE-HOCKEY.jpg 1074w\" sizes=\"auto, (max-width: 201px) 100vw, 201px\" \/><\/a>ALLEGHE <\/strong>E&#8217; in programma per domani la presentazione delle squadre dell&#8217;Alleghe Hockey. La location scelta dalle Civette sar\u00e0 l&#8217;area\u00a0Pic-Nic \u00a0ai Piani di Pezz\u00e8. Inizio alle 11:30 con la famiglia Alleghe Hockey al gran completo. Dalla under 7\/9\/11, under 13\/15, under 17\/19 alla prima squadra che parteciper\u00e0 all\u2019imminente stagione della Italian Hockey League. Presentazione a cura di Radio Pi\u00f9. In caso di maltempo la\u00a0giornata verr\u00e0 rinviata al 13 settembre.<\/p>\n<p>&nbsp;<\/p>\n<p>&nbsp;<\/p>\n<p>&nbsp;<\/p>\n<p>&nbsp;<\/p>\n<p>&nbsp;<\/p>\n<p>&nbsp;<\/p>\n<p>&nbsp;<\/p>\n<p>&nbsp;<\/p>\n","protected":false},"excerpt":{"rendered":"<p>PER RICEVERE QUESTO NOTIZIARIO DIRETTAMENTE SUL TUO CELLULARE ISCRIVITI AL CANALE TELEGRAM\u00a0\u201cRADIO PIU\u00a0 INFORMAZIONE ATTENZIONE: LA NUOVA APP PER IOS-IPHONE https:\/\/apps.apple.com\/it\/app\/radio-pi%C3%B9-emittente-agordina\/id1515939845 ATTENZIONE: LA NUOVA APP RADIO\u00a0 PER ANDROID https:\/\/play.google.com\/store\/apps\/details?id=net.radiopiu.iniko &nbsp; &nbsp; AGORDO Gestione Servizi Pubblici informa che ad AGORDO nelle vie DOZZA e FONTANA compreso l\u2019OSPEDALE, l&#8217;acqua erogata dall&#8217;acquedotto non \u00e8 potabile e pu\u00f2 essere&hellip;<\/p>\n","protected":false},"author":4,"featured_media":159200,"comment_status":"closed","ping_status":"closed","sticky":false,"template":"","format":"standard","meta":{"_monsterinsights_skip_tracking":false,"_monsterinsights_sitenote_active":false,"_monsterinsights_sitenote_note":"","_monsterinsights_sitenote_category":0,"footnotes":""},"categories":[86,49],"tags":[],"class_list":["post-159132","post","type-post","status-publish","format-standard","has-post-thumbnail","hentry","category-gr","category-news-18","category-86","category-49","description-off"],"img_url":"https:\/\/www.radiopiu.net\/wordpress\/wp-content\/uploads\/2020\/09\/b37d1d52-b19d-410c-880d-0c7dc3713bd5-1.jpg","_links":{"self":[{"href":"https:\/\/www.radiopiu.net\/wordpress\/wp-json\/wp\/v2\/posts\/159132","targetHints":{"allow":["GET"]}}],"collection":[{"href":"https:\/\/www.radiopiu.net\/wordpress\/wp-json\/wp\/v2\/posts"}],"about":[{"href":"https:\/\/www.radiopiu.net\/wordpress\/wp-json\/wp\/v2\/types\/post"}],"author":[{"embeddable":true,"href":"https:\/\/www.radiopiu.net\/wordpress\/wp-json\/wp\/v2\/users\/4"}],"replies":[{"embeddable":true,"href":"https:\/\/www.radiopiu.net\/wordpress\/wp-json\/wp\/v2\/comments?post=159132"}],"version-history":[{"count":0,"href":"https:\/\/www.radiopiu.net\/wordpress\/wp-json\/wp\/v2\/posts\/159132\/revisions"}],"wp:featuredmedia":[{"embeddable":true,"href":"https:\/\/www.radiopiu.net\/wordpress\/wp-json\/wp\/v2\/media\/159200"}],"wp:attachment":[{"href":"https:\/\/www.radiopiu.net\/wordpress\/wp-json\/wp\/v2\/media?parent=159132"}],"wp:term":[{"taxonomy":"category","embeddable":true,"href":"https:\/\/www.radiopiu.net\/wordpress\/wp-json\/wp\/v2\/categories?post=159132"},{"taxonomy":"post_tag","embeddable":true,"href":"https:\/\/www.radiopiu.net\/wordpress\/wp-json\/wp\/v2\/tags?post=159132"}],"curies":[{"name":"wp","href":"https:\/\/api.w.org\/{rel}","templated":true}]}}