{"id":159187,"date":"2020-09-04T17:30:16","date_gmt":"2020-09-04T15:30:16","guid":{"rendered":"https:\/\/www.radiopiu.net\/wordpress\/?p=159187"},"modified":"2020-09-04T19:17:10","modified_gmt":"2020-09-04T17:17:10","slug":"emergenza-covid-19-belluno-aggiornamento-del-4-settembre-2020","status":"publish","type":"post","link":"https:\/\/www.radiopiu.net\/wordpress\/emergenza-covid-19-belluno-aggiornamento-del-4-settembre-2020\/","title":{"rendered":"EMERGENZA COVID 19 BELLUNO: AGGIORNAMENTO DEL 4 SETTEMBRE 2020"},"content":{"rendered":"<p><strong>BELLUNO\u00a0<\/strong>Le ultime 24 ore di attivit\u00e0 laboratoristica hanno messo in evidenza 3 nuove positivit\u00e0 tutte inerenti i rientri dall&#8217;estero e tutte prive di quadro sintomatologico.\u00a0Proseguono con regolarit\u00e0 le attivit\u00e0 di screening per personale della scuola, di tamponi per rientri dall&#8217;estero e di sorveglianza attiva.<\/p>\n<div dir=\"auto\"><\/div>\n<div dir=\"auto\">Oggi \u00e8 stato inaugurato il drive-in vaccinale delle Dolomiti Agordine.<\/div>\n","protected":false},"excerpt":{"rendered":"<p>BELLUNO\u00a0Le ultime 24 ore di attivit\u00e0 laboratoristica hanno messo in evidenza 3 nuove positivit\u00e0 tutte inerenti i rientri dall&#8217;estero e tutte prive di quadro sintomatologico.\u00a0Proseguono con regolarit\u00e0 le attivit\u00e0 di screening per personale della scuola, di tamponi per rientri dall&#8217;estero e di sorveglianza attiva. Oggi \u00e8 stato inaugurato il drive-in vaccinale delle Dolomiti Agordine.<\/p>\n","protected":false},"author":2,"featured_media":158956,"comment_status":"closed","ping_status":"closed","sticky":false,"template":"","format":"standard","meta":{"_monsterinsights_skip_tracking":false,"_monsterinsights_sitenote_active":false,"_monsterinsights_sitenote_note":"","_monsterinsights_sitenote_category":0,"footnotes":""},"categories":[49],"tags":[],"class_list":["post-159187","post","type-post","status-publish","format-standard","has-post-thumbnail","hentry","category-news-18","category-49","description-off"],"img_url":"https:\/\/www.radiopiu.net\/wordpress\/wp-content\/uploads\/2020\/09\/corona-aggiornamenti-copia.jpg","_links":{"self":[{"href":"https:\/\/www.radiopiu.net\/wordpress\/wp-json\/wp\/v2\/posts\/159187","targetHints":{"allow":["GET"]}}],"collection":[{"href":"https:\/\/www.radiopiu.net\/wordpress\/wp-json\/wp\/v2\/posts"}],"about":[{"href":"https:\/\/www.radiopiu.net\/wordpress\/wp-json\/wp\/v2\/types\/post"}],"author":[{"embeddable":true,"href":"https:\/\/www.radiopiu.net\/wordpress\/wp-json\/wp\/v2\/users\/2"}],"replies":[{"embeddable":true,"href":"https:\/\/www.radiopiu.net\/wordpress\/wp-json\/wp\/v2\/comments?post=159187"}],"version-history":[{"count":0,"href":"https:\/\/www.radiopiu.net\/wordpress\/wp-json\/wp\/v2\/posts\/159187\/revisions"}],"wp:featuredmedia":[{"embeddable":true,"href":"https:\/\/www.radiopiu.net\/wordpress\/wp-json\/wp\/v2\/media\/158956"}],"wp:attachment":[{"href":"https:\/\/www.radiopiu.net\/wordpress\/wp-json\/wp\/v2\/media?parent=159187"}],"wp:term":[{"taxonomy":"category","embeddable":true,"href":"https:\/\/www.radiopiu.net\/wordpress\/wp-json\/wp\/v2\/categories?post=159187"},{"taxonomy":"post_tag","embeddable":true,"href":"https:\/\/www.radiopiu.net\/wordpress\/wp-json\/wp\/v2\/tags?post=159187"}],"curies":[{"name":"wp","href":"https:\/\/api.w.org\/{rel}","templated":true}]}}