{"id":159237,"date":"2020-09-04T21:19:32","date_gmt":"2020-09-04T19:19:32","guid":{"rendered":"https:\/\/www.radiopiu.net\/wordpress\/?p=159237"},"modified":"2020-09-04T22:30:52","modified_gmt":"2020-09-04T20:30:52","slug":"recuperati-sei-escursionisti-sul-gruppo-del-cristallo-a-cortina","status":"publish","type":"post","link":"https:\/\/www.radiopiu.net\/wordpress\/recuperati-sei-escursionisti-sul-gruppo-del-cristallo-a-cortina\/","title":{"rendered":"RECUPERATI SEI ESCURSIONISTI SUL GRUPPO DEL CRISTALLO A CORTINA"},"content":{"rendered":"<p><strong><a class=\"dt-pswp-item\" href=\"https:\/\/www.radiopiu.net\/wordpress\/wp-content\/uploads\/2020\/07\/salt_20200720_210724_897_resized.jpg\" data-dt-img-description=\"\" data-large_image_width=\"1182\" data-large_image_height=\"886\"><img loading=\"lazy\" decoding=\"async\" class=\"size-medium wp-image-150441 alignleft\" src=\"https:\/\/www.radiopiu.net\/wordpress\/wp-content\/uploads\/2020\/07\/salt_20200720_210724_897_resized-300x225.jpg\" alt=\"\" width=\"300\" height=\"225\" srcset=\"https:\/\/www.radiopiu.net\/wordpress\/wp-content\/uploads\/2020\/07\/salt_20200720_210724_897_resized-300x225.jpg 300w, https:\/\/www.radiopiu.net\/wordpress\/wp-content\/uploads\/2020\/07\/salt_20200720_210724_897_resized-1024x768.jpg 1024w, https:\/\/www.radiopiu.net\/wordpress\/wp-content\/uploads\/2020\/07\/salt_20200720_210724_897_resized-768x576.jpg 768w, https:\/\/www.radiopiu.net\/wordpress\/wp-content\/uploads\/2020\/07\/salt_20200720_210724_897_resized.jpg 1182w\" sizes=\"auto, (max-width: 300px) 100vw, 300px\" \/><\/a>CORTINA<\/strong><span style=\"caret-color: #000000; color: #000000; font-family: -webkit-standard; font-size: medium; font-style: normal; font-variant-caps: normal; font-weight: normal; letter-spacing: normal; orphans: auto; text-align: start; text-indent: 0px; text-transform: none; white-space: normal; widows: auto; word-spacing: 0px; -webkit-tap-highlight-color: rgba(26, 26, 26, 0.3); -webkit-text-size-adjust: auto; -webkit-text-stroke-width: 0px; text-decoration: none; display: inline !important; float: none;\"> Alle 19 circa la Centrale del 118 \u00e8 stata allertata per sei escursionisti di Ferrara, tre adulti e tre bambini, in difficolt\u00e0 nel Gruppo del Cristallo. Completata la Ferrata Ren\u00e8 de Pol al Forame de Inze, una volta raggiunta Forcella Verde, anzich\u00e9 rientrate da Val Pra del Vecia e scendere a Cimabanche, il gruppo ha preso il vecchio sentiero ora chiuso e, arrivato a met\u00e0 ghiaione dove i segnali indicano di voltare a destra, non vedendoli ha proseguito sbagliando ed \u00e8 sceso seguendo le tracce della Grande Guerra. Arrivati a circa 1.800 metri di quota sopra la sorgente del Felizon, i sei si sono dovuti fermare, incapaci di proseguire, e hanno chiesto aiuto. Individuati anche grazie alle coordinate della loro posizione, gli escursionisti sono stati recuperati dell&#8217;elicottero del Suem utilizzando il verricello e trasportati a Ospitale<\/span><\/p>\n","protected":false},"excerpt":{"rendered":"<p>CORTINA Alle 19 circa la Centrale del 118 \u00e8 stata allertata per sei escursionisti di Ferrara, tre adulti e tre bambini, in difficolt\u00e0 nel Gruppo del Cristallo. Completata la Ferrata Ren\u00e8 de Pol al Forame de Inze, una volta raggiunta Forcella Verde, anzich\u00e9 rientrate da Val Pra del Vecia e scendere a Cimabanche, il gruppo&hellip;<\/p>\n","protected":false},"author":4,"featured_media":150441,"comment_status":"closed","ping_status":"closed","sticky":false,"template":"","format":"standard","meta":{"_monsterinsights_skip_tracking":false,"_monsterinsights_sitenote_active":false,"_monsterinsights_sitenote_note":"","_monsterinsights_sitenote_category":0,"footnotes":""},"categories":[1,51,49],"tags":[],"class_list":["post-159237","post","type-post","status-publish","format-standard","has-post-thumbnail","hentry","category-senza-categoria","category-evidenza-top","category-news-18","category-1","category-51","category-49","description-off"],"img_url":"https:\/\/www.radiopiu.net\/wordpress\/wp-content\/uploads\/2020\/07\/salt_20200720_210724_897_resized.jpg","_links":{"self":[{"href":"https:\/\/www.radiopiu.net\/wordpress\/wp-json\/wp\/v2\/posts\/159237","targetHints":{"allow":["GET"]}}],"collection":[{"href":"https:\/\/www.radiopiu.net\/wordpress\/wp-json\/wp\/v2\/posts"}],"about":[{"href":"https:\/\/www.radiopiu.net\/wordpress\/wp-json\/wp\/v2\/types\/post"}],"author":[{"embeddable":true,"href":"https:\/\/www.radiopiu.net\/wordpress\/wp-json\/wp\/v2\/users\/4"}],"replies":[{"embeddable":true,"href":"https:\/\/www.radiopiu.net\/wordpress\/wp-json\/wp\/v2\/comments?post=159237"}],"version-history":[{"count":0,"href":"https:\/\/www.radiopiu.net\/wordpress\/wp-json\/wp\/v2\/posts\/159237\/revisions"}],"wp:featuredmedia":[{"embeddable":true,"href":"https:\/\/www.radiopiu.net\/wordpress\/wp-json\/wp\/v2\/media\/150441"}],"wp:attachment":[{"href":"https:\/\/www.radiopiu.net\/wordpress\/wp-json\/wp\/v2\/media?parent=159237"}],"wp:term":[{"taxonomy":"category","embeddable":true,"href":"https:\/\/www.radiopiu.net\/wordpress\/wp-json\/wp\/v2\/categories?post=159237"},{"taxonomy":"post_tag","embeddable":true,"href":"https:\/\/www.radiopiu.net\/wordpress\/wp-json\/wp\/v2\/tags?post=159237"}],"curies":[{"name":"wp","href":"https:\/\/api.w.org\/{rel}","templated":true}]}}