{"id":159262,"date":"2020-09-06T06:30:05","date_gmt":"2020-09-06T04:30:05","guid":{"rendered":"https:\/\/www.radiopiu.net\/wordpress\/?p=159262"},"modified":"2020-09-06T07:47:39","modified_gmt":"2020-09-06T05:47:39","slug":"giornale-radiopiu-06-settembre-2020-direttore-mirko-mezzacasa","status":"publish","type":"post","link":"https:\/\/www.radiopiu.net\/wordpress\/giornale-radiopiu-06-settembre-2020-direttore-mirko-mezzacasa\/","title":{"rendered":"GIORNALE RADIOPIU 06 SETTEMBRE 2020 DIRETTORE MIRKO MEZZACASA"},"content":{"rendered":"<h3><strong>PER RICEVERE QUESTO NOTIZIARIO DIRETTAMENTE SUL TUO CELLULARE ISCRIVITI AL CANALE TELEGRAM\u00a0<\/strong><strong>\u201cRADIO PIU\u00a0 INFORMAZIONE<\/strong><\/h3>\n<p><em>ATTENZIONE: LA NUOVA APP PER IOS-IPHONE<\/em><\/p>\n<div>\n<div><a href=\"https:\/\/apps.apple.com\/it\/app\/radio-pi%C3%B9-emittente-agordina\/id1515939845\">https:\/\/apps.apple.com\/it\/app\/radio-pi%C3%B9-emittente-agordina\/id1515939845<\/a><\/div>\n<\/div>\n<div><\/div>\n<div>\n<div dir=\"auto\"><em>ATTENZIONE: LA NUOVA APP RADIO\u00a0 PER ANDROID<\/em><\/div>\n<\/div>\n<p><a href=\"https:\/\/play.google.com\/store\/apps\/details?id=net.radiopiu.iniko\" target=\"_blank\" rel=\"noopener noreferrer\">https:\/\/play.google.com\/store\/apps\/details?id=net.radiopiu.iniko<\/a><\/p>\n<p>&nbsp;<\/p>\n<hr \/>\n<p>&nbsp;<\/p>\n<blockquote>\n<h2 style=\"text-align: center;\"><span style=\"color: #ff0000;\">DALLA PAGINA FACEBOOK DEL SOCCORSO ALPINO<\/span><\/h2>\n<\/blockquote>\n<p><a class=\"dt-pswp-item\" href=\"https:\/\/www.radiopiu.net\/wordpress\/wp-content\/uploads\/2020\/09\/118850801_1393328297529433_527992291578282989_o.jpg\" data-dt-img-description=\"\" data-large_image_width=\"1080\" data-large_image_height=\"1092\"><img loading=\"lazy\" decoding=\"async\" class=\"aligncenter wp-image-159341 size-large\" src=\"https:\/\/www.radiopiu.net\/wordpress\/wp-content\/uploads\/2020\/09\/118850801_1393328297529433_527992291578282989_o-1013x1024.jpg\" alt=\"\" width=\"1013\" height=\"1024\" srcset=\"https:\/\/www.radiopiu.net\/wordpress\/wp-content\/uploads\/2020\/09\/118850801_1393328297529433_527992291578282989_o-1013x1024.jpg 1013w, https:\/\/www.radiopiu.net\/wordpress\/wp-content\/uploads\/2020\/09\/118850801_1393328297529433_527992291578282989_o-297x300.jpg 297w, https:\/\/www.radiopiu.net\/wordpress\/wp-content\/uploads\/2020\/09\/118850801_1393328297529433_527992291578282989_o-768x777.jpg 768w, https:\/\/www.radiopiu.net\/wordpress\/wp-content\/uploads\/2020\/09\/118850801_1393328297529433_527992291578282989_o-125x125.jpg 125w, https:\/\/www.radiopiu.net\/wordpress\/wp-content\/uploads\/2020\/09\/118850801_1393328297529433_527992291578282989_o-80x80.jpg 80w, https:\/\/www.radiopiu.net\/wordpress\/wp-content\/uploads\/2020\/09\/118850801_1393328297529433_527992291578282989_o-475x480.jpg 475w, https:\/\/www.radiopiu.net\/wordpress\/wp-content\/uploads\/2020\/09\/118850801_1393328297529433_527992291578282989_o.jpg 1080w\" sizes=\"auto, (max-width: 1013px) 100vw, 1013px\" \/><\/a><\/p>\n<div dir=\"auto\" style=\"text-align: center;\"><em><strong>Ti salutiamo con immenso dolore, Sergio.<\/strong><\/em><\/div>\n<div dir=\"auto\" style=\"text-align: center;\"><em><strong>Abbiamo finito da tempo le parole.<\/strong><\/em><\/div>\n<div dir=\"auto\" style=\"text-align: center;\"><em><strong>Ci stringiamo alla tua famiglia.<\/strong><\/em><\/div>\n<div dir=\"auto\"><\/div>\n<div dir=\"auto\"><\/div>\n<hr \/>\n<p><a class=\"dt-pswp-item pspw-wrap-ready\" href=\"https:\/\/i2.wp.com\/www.radiopiu.net\/wordpress\/wp-content\/uploads\/2018\/08\/ACQUA.jpeg?ssl=1\" data-dt-img-description=\"\" data-large_image_width=\"1280\" data-large_image_height=\"768\"><img loading=\"lazy\" decoding=\"async\" class=\"wp-image-57052 alignleft\" src=\"https:\/\/i2.wp.com\/www.radiopiu.net\/wordpress\/wp-content\/uploads\/2018\/08\/ACQUA.jpeg?resize=198%2C119&amp;ssl=1\" sizes=\"auto, (max-width: 198px) 100vw, 198px\" srcset=\"https:\/\/i2.wp.com\/www.radiopiu.net\/wordpress\/wp-content\/uploads\/2018\/08\/ACQUA.jpeg?resize=300%2C180&amp;ssl=1 300w, https:\/\/i2.wp.com\/www.radiopiu.net\/wordpress\/wp-content\/uploads\/2018\/08\/ACQUA.jpeg?resize=768%2C461&amp;ssl=1 768w, https:\/\/i2.wp.com\/www.radiopiu.net\/wordpress\/wp-content\/uploads\/2018\/08\/ACQUA.jpeg?resize=1024%2C614&amp;ssl=1 1024w, https:\/\/i2.wp.com\/www.radiopiu.net\/wordpress\/wp-content\/uploads\/2018\/08\/ACQUA.jpeg?w=1280&amp;ssl=1 1280w\" alt=\"\" width=\"198\" height=\"119\" data-recalc-dims=\"1\" \/><\/a><\/p>\n<p><strong>AGORDO <\/strong>Gestione Servizi Pubblici informa che ad AGORDO nelle vie DOZZA e FONTANA compreso l\u2019OSPEDALE, l&#8217;acqua erogata dall&#8217;acquedotto non \u00e8 potabile e pu\u00f2 essere usata per scopi alimentari SOLO PREVIA bollitura. GSP ha, comunque, gi\u00e0 adottato le necessarie misure per la disinfezione dell&#8217;acqua presente nei serbatoi e nella rete idrica con l&#8217;aggiunta di cloro<\/p>\n<p><strong>SAN TOMASO AGORDINO<\/strong> nelle localit\u00e0 ROI E PIANEZZE l\u2019acqua erogata dall\u2019acquedotto non \u00e8 potabile e non pu\u00f2 essere usata per scopi alimentari nemmeno mediante bollitura. Viene effettuato da settimane un servizio sostitutivo con autobotte.<\/p>\n<p>&nbsp;<\/p>\n<hr \/>\n<p>&nbsp;<\/p>\n<blockquote>\n<h3>INCIDENTE DURANTE L&#8217;ESERCITAZIONE TRA SOCCORSO ALPINO E SAGF, SERGIO FRANCESE NON CE L&#8217;HA FATTA<\/h3>\n<\/blockquote>\n<p><strong><a class=\"dt-pswp-item\" href=\"https:\/\/www.radiopiu.net\/wordpress\/wp-content\/uploads\/2020\/04\/salt_20190914_170959_414.jpg\" data-dt-img-description=\"\" data-large_image_width=\"1240\" data-large_image_height=\"930\"><img loading=\"lazy\" decoding=\"async\" class=\"size-medium wp-image-129119 alignleft\" src=\"https:\/\/www.radiopiu.net\/wordpress\/wp-content\/uploads\/2020\/04\/salt_20190914_170959_414-300x225.jpg\" alt=\"\" width=\"300\" height=\"225\" srcset=\"https:\/\/www.radiopiu.net\/wordpress\/wp-content\/uploads\/2020\/04\/salt_20190914_170959_414-300x225.jpg 300w, https:\/\/www.radiopiu.net\/wordpress\/wp-content\/uploads\/2020\/04\/salt_20190914_170959_414-1024x768.jpg 1024w, https:\/\/www.radiopiu.net\/wordpress\/wp-content\/uploads\/2020\/04\/salt_20190914_170959_414-768x576.jpg 768w, https:\/\/www.radiopiu.net\/wordpress\/wp-content\/uploads\/2020\/04\/salt_20190914_170959_414.jpg 1240w\" sizes=\"auto, (max-width: 300px) 100vw, 300px\" \/><\/a>AURONZO DI CADORE\u00a0<\/strong>Durante un addestramento congiunto tra il Soccorso alpino e speleologico Veneto e il Soccorso alpino della Guardia di Finanza sulle Tre Cime di Lavaredo, ha perso la vita l&#8217;appuntato scelto, qualifica speciale, Sergio Francese, 55 anni appartenente al Stazione Sagf di Cortina d&#8217;Ampezzo e al Soccorso alpino di Auronzo. L&#8217;incidente \u00e8 avvenuto durante le fasi di imbarco in hovering sull&#8217;elicottero dalla cengia della Piramide, propaggine della Cima Grande. Per motivi al vaglio, al momento di salire il soccorritore \u00e8 stato urtato dal rotore. Immediato l&#8217;intervento dei colleghi presenti sul posto, cui \u00e8 subentrato il personale medico dell&#8217;Aiut Alpin Dolomites di Bolzano immediatamente sbarcato in parete. Purtroppo a nulla sono valsi i tentativi di rianimazione ed \u00e8 stato purtroppo solo possibile constatarne il decesso. <a class=\"dt-pswp-item\" href=\"https:\/\/www.radiopiu.net\/wordpress\/wp-content\/uploads\/2020\/09\/10616346_1475274412748815_9172414854921678266_n.jpg\" data-dt-img-description=\"\" data-large_image_width=\"382\" data-large_image_height=\"382\"><img loading=\"lazy\" decoding=\"async\" class=\" wp-image-159303 alignright\" src=\"https:\/\/www.radiopiu.net\/wordpress\/wp-content\/uploads\/2020\/09\/10616346_1475274412748815_9172414854921678266_n-300x300.jpg\" alt=\"\" width=\"179\" height=\"179\" srcset=\"https:\/\/www.radiopiu.net\/wordpress\/wp-content\/uploads\/2020\/09\/10616346_1475274412748815_9172414854921678266_n-300x300.jpg 300w, https:\/\/www.radiopiu.net\/wordpress\/wp-content\/uploads\/2020\/09\/10616346_1475274412748815_9172414854921678266_n-150x150.jpg 150w, https:\/\/www.radiopiu.net\/wordpress\/wp-content\/uploads\/2020\/09\/10616346_1475274412748815_9172414854921678266_n-125x125.jpg 125w, https:\/\/www.radiopiu.net\/wordpress\/wp-content\/uploads\/2020\/09\/10616346_1475274412748815_9172414854921678266_n-200x200.jpg 200w, https:\/\/www.radiopiu.net\/wordpress\/wp-content\/uploads\/2020\/09\/10616346_1475274412748815_9172414854921678266_n-80x80.jpg 80w, https:\/\/www.radiopiu.net\/wordpress\/wp-content\/uploads\/2020\/09\/10616346_1475274412748815_9172414854921678266_n.jpg 382w\" sizes=\"auto, (max-width: 179px) 100vw, 179px\" \/><\/a>La salma \u00e8 stata trasportata a valle a disposizione della magistratura. Il Soccorso alpino e speleologico Veneto, primo fra tutti il presidente Rodolfo Selenati, si stringe al dolore del figlio e dei familiari di Sergio. Il Ministro dell&#8217;Economia e delle Finanze, On. Prof. Roberto Gualtieri, il Ministro dell&#8217;interno \u00a0Luciana Lamorgese ed il Comandante Generale della Guardia di Finanza,\u00a0 Gen. C.A. Giuseppe Zafarana, esprimono il loro profondo cordoglio per la tragica morte del graduato durante l&#8217;esercitazione. Analogo sentimento di cordoglio viene rivolto al figlio del militare deceduto.\u00a0Esprime profondo cordoglio e un forte abbraccio alla famiglia anche Maurizio Dellantonio presidente nazionale del Soccorso alpino e speleologico.<\/p>\n<p>&nbsp;<\/p>\n<p>&nbsp;<\/p>\n<hr \/>\n<p>&nbsp;<\/p>\n<blockquote>\n<h3>MORTE DI SERGIO FRANCESE, LE PAROLE DEL PRESIDENTE DEL VENETO<\/h3>\n<\/blockquote>\n<p><strong><a class=\"dt-pswp-item\" href=\"https:\/\/www.radiopiu.net\/wordpress\/wp-content\/uploads\/2020\/05\/ZAIA-1.jpg\" data-dt-img-description=\"\" data-large_image_width=\"656\" data-large_image_height=\"492\"><img loading=\"lazy\" decoding=\"async\" class=\"size-medium wp-image-139388 alignleft\" src=\"https:\/\/www.radiopiu.net\/wordpress\/wp-content\/uploads\/2020\/05\/ZAIA-1-300x225.jpg\" alt=\"\" width=\"300\" height=\"225\" srcset=\"https:\/\/www.radiopiu.net\/wordpress\/wp-content\/uploads\/2020\/05\/ZAIA-1-300x225.jpg 300w, https:\/\/www.radiopiu.net\/wordpress\/wp-content\/uploads\/2020\/05\/ZAIA-1.jpg 656w\" sizes=\"auto, (max-width: 300px) 100vw, 300px\" \/><\/a>VENEZIA \u00a0<\/strong>\u201c<em>\u00c8 caduto mentre si esercitava per salvare la vita agli altri, alla sua memoria va tutta la nostra riconoscenza e ammirazione. Nel contempo esprimo la vicinanza mia e dei Veneti ai familiari provati da questo grave lutto ed a tutta la Guardia di Finanza<\/em>\u201d.\u00a0Cos\u00ec il Presidente della Regione del Veneto esprime la sua commozione per la morte sulle Dolomiti dell\u2019appuntato scelto Sergio Francese del Soccorso Alpino delle Fiamme Gialle, durante un\u2019esercitazione congiunta con il Corpo Nazionale del Soccorso Alpino e Speleologico.<span class=\"Apple-converted-space\">\u00a0\u00a0<\/span>\u201c<em>Oggi si \u00e8 spezzata ancora una vita di quegli angeli che ogni giorno vegliano sulle nostre montagne e assicurano gli interventi di soccorso, a volte impossibili \u2013 prosegue il Governatore \u2013. Uno di quell\u2019esercito di uomini e donne della Guardia di Finanza, del Soccorso Alpino, dei reparti specializzati delle altre Forze dell\u2019Ordine, del Suem, dei nostri Alpini e della Protezione Civile. Veri tutori di chi frequenta le nostre montagne, dediti alla tutela del prossimo, senza i quali andar per monti sarebbe molto pi\u00f9 rischioso, privo di qualificati interventi nelle difficolt\u00e0<\/em>\u201d.\u00a0\u201c<em>Come in altre occasioni tragiche \u2013 conclude il Presidente \u2013 la montagna ha chiesto ancora un eroe. La commozione che proviamo e la riconoscenza che dobbiamo ci inviti tutti a riflettere sul corretto modo di affrontare sentieri e pareti; anche per rispetto di questi professionisti sempre pronti. Non \u00e8 tollerabile, infatti, che queste persone mettano a repentaglio la loro vita mentre si incontrano incoscienti che giocano a fare l\u2019alpinista in ciabattine, con attrezzatura totalmente inadeguata e senza esperienza e preparazione. L\u2019appuntato scelto Francese, purtroppo, con il suo sacrificio ci ricorda che la montagna \u00e8 una cosa seria\u201d<\/em>.<\/p>\n<p>&nbsp;<\/p>\n<p>&nbsp;<\/p>\n<hr \/>\n<p>&nbsp;<\/p>\n<blockquote>\n<h3>IL MESSAGGIO DI CORDOGLIO DALLA PROVINCIA DI BELLUNO PER LA MORTE DI SERGIO FRANCESE<\/h3>\n<\/blockquote>\n<p><strong><a class=\"dt-pswp-item\" href=\"https:\/\/www.radiopiu.net\/wordpress\/wp-content\/uploads\/2020\/09\/10616346_1475274412748815_9172414854921678266_n.jpg\" data-dt-img-description=\"\" data-large_image_width=\"382\" data-large_image_height=\"382\"><img loading=\"lazy\" decoding=\"async\" class=\"size-medium wp-image-159303 alignleft\" src=\"https:\/\/www.radiopiu.net\/wordpress\/wp-content\/uploads\/2020\/09\/10616346_1475274412748815_9172414854921678266_n-300x300.jpg\" alt=\"\" width=\"300\" height=\"300\" srcset=\"https:\/\/www.radiopiu.net\/wordpress\/wp-content\/uploads\/2020\/09\/10616346_1475274412748815_9172414854921678266_n-300x300.jpg 300w, https:\/\/www.radiopiu.net\/wordpress\/wp-content\/uploads\/2020\/09\/10616346_1475274412748815_9172414854921678266_n-150x150.jpg 150w, https:\/\/www.radiopiu.net\/wordpress\/wp-content\/uploads\/2020\/09\/10616346_1475274412748815_9172414854921678266_n-125x125.jpg 125w, https:\/\/www.radiopiu.net\/wordpress\/wp-content\/uploads\/2020\/09\/10616346_1475274412748815_9172414854921678266_n-200x200.jpg 200w, https:\/\/www.radiopiu.net\/wordpress\/wp-content\/uploads\/2020\/09\/10616346_1475274412748815_9172414854921678266_n-80x80.jpg 80w, https:\/\/www.radiopiu.net\/wordpress\/wp-content\/uploads\/2020\/09\/10616346_1475274412748815_9172414854921678266_n.jpg 382w\" sizes=\"auto, (max-width: 300px) 100vw, 300px\" \/><\/a>BELLUNO \u00a0<\/strong>\u00ab<em>La notizia della morte del soccorritore Sergio Francese alle Tre Cime di Lavaredo ci lascia senza parole. Quando gli angeli della montagna vanno avanti \u00e8 sempre un dolore inesprimibile<\/em>\u00bb. Cos\u00ec il consigliere provinciale delegato alla Protezione Civile, presente stamattina alle Tre Cime, in una nota di cordoglio per la tragedia verificatasi questa mattina ad Auronzo, durante una esercitazione congiunta del Soccorso alpino e speleologico del Veneto e il Soccorso alpino della Guardia di Finanza. \u00ab<em>L\u2019ente Provincia &#8211; continua il consigliere delegato &#8211; si stringe ai colleghi di Sergio Francese e a tutti i soccorritori che quando c\u2019\u00e8 bisogno sono sempre in prima fila per gli altri<\/em>\u00bb. \u00ab<em>Il nucleo del Soccorso alpino \u00e8 una risorsa fondamentale per le nostre montagne e per la collettivit\u00e0, per cui notizie come questa ci lasciano un vuoto grande e ci fanno sentire un po\u2019 pi\u00f9 soli &#8211; aggiunge il presidente della Provincia -. Un pensiero speciale alla famiglia e agli amici di Sergio Francese<\/em>\u00bb.<\/p>\n<p>&nbsp;<\/p>\n<p>&nbsp;<\/p>\n<hr \/>\n<p>&nbsp;<\/p>\n<blockquote>\n<h3>UNA GIORNATA IMPEGNATIVA PER IL SOCCORSO ALPINO. 8 GLI INTERVENTI NELLA GIORNATA DI IERI<\/h3>\n<\/blockquote>\n<p><b><a class=\"dt-pswp-item\" href=\"https:\/\/www.radiopiu.net\/wordpress\/wp-content\/uploads\/2020\/08\/salt_20200810_175813_090_resized.jpg\" data-dt-img-description=\"\" data-large_image_width=\"1182\" data-large_image_height=\"886\"><img loading=\"lazy\" decoding=\"async\" class=\"size-medium wp-image-154485 alignleft\" src=\"https:\/\/www.radiopiu.net\/wordpress\/wp-content\/uploads\/2020\/08\/salt_20200810_175813_090_resized-300x225.jpg\" alt=\"\" width=\"300\" height=\"225\" srcset=\"https:\/\/www.radiopiu.net\/wordpress\/wp-content\/uploads\/2020\/08\/salt_20200810_175813_090_resized-300x225.jpg 300w, https:\/\/www.radiopiu.net\/wordpress\/wp-content\/uploads\/2020\/08\/salt_20200810_175813_090_resized-1024x768.jpg 1024w, https:\/\/www.radiopiu.net\/wordpress\/wp-content\/uploads\/2020\/08\/salt_20200810_175813_090_resized-768x576.jpg 768w, https:\/\/www.radiopiu.net\/wordpress\/wp-content\/uploads\/2020\/08\/salt_20200810_175813_090_resized.jpg 1182w\" sizes=\"auto, (max-width: 300px) 100vw, 300px\" \/><\/a>ROCCA PIETORE <\/b>Ieri alle 7.30 circa l&#8217;elicottero di Trento emergenza \u00e8 intervenuto alla base della parete sud della Marmolada, per un alpinista infortunatosi gi\u00e0 ieri. Il rocciatore era infatti salito in serata da solo a portare il materiale per scalare questa mattina la Via attraverso il pesce, ma era ruzzolato per alcuni metri senza poter lanciare l&#8217;allarme. \u00c8 stato oggi il compagno di cordata, con cui aveva appuntamento, a chiamare i soccorsi dopo averlo ritrovato ferito. Recuperato dall&#8217;eliambulanza, lo scalatore, F.V., 50 anni, di Ballabio (LC), \u00e8 stato trasportato all&#8217;ospedale di Trento con un possibile politrauma. Pronti a intervenire in supporto alle operazioni il gestore del Rifugio Falier, componente del Soccorso alpino della Val Pettorina, e una squadra in piazzola.<\/p>\n<p><b>VALLADA AGORDINA <\/b>Attorno a mezzogiorno dei passanti hanno allertato il 118 dopo essersi imbattuti in un anziano spossato, sulla sterrata che da Andrich va a Forcella San Tomaso, a Vallada Agordina. Una squadra del Soccorso alpino della Val Biois si \u00e8 portata sul posto e ha verificato le condizioni dell&#8217;uomo, 89 anni, di Mestre (VE), per poi accompagnarlo alla macchina, con cui ha deciso di allontanarsi autonomamente assieme al fratello.<\/p>\n<p><strong>LIVINALLONGO\u00a0<\/strong>Alle 13.20 una squadra del Soccorso alpino di Livinallongo ha recuperato lo zaino, contenente effetti personali, di una quarantaquattrenne di Altavilla Vicentina (VI), che era ruzzolato in un ripido pendio sotto il Rifugio Gorza. Passate le 14 il Soccorso alpino di Cortina ha raggiunto, prima in jeep e poi a piedi, C.Y., 58 anni, austriaca, sul sentiero numero 205 di Son Forca che aveva riportato un sospetto trauma alla caviglia. Accompagnata al Passo Tre Croci, la donna ha detto che si sarebbe recata da sola all&#8217;ospedale di Lienz.<\/p>\n<p><strong>SAN PIETRO DI CADORE\u00a0<\/strong>L&#8217;elicottero del Suem di Pieve di Cadore ha recuperato un&#8217;escursionista di 39 anni di Villorba (TV) con probabile trauma alla caviglia in Val Vissada, a San Pietro di Cadore e successivamente una coppia di 57 e 59 anni di Jesolo (VE), sull&#8217;ultimo tratto della Ferrata Lipella sulle Tofane.<\/p>\n<p><strong>CORTINA\u00a0<\/strong>Una squadra del Soccorso alpino di Cortina \u00e8 stata inviata sul sentiero che scende da Forcella Marcuoira, per una coppia di Oderzo (TV), che aveva smarrito la traccia. Geolocalizzati, marito e moglie sono stati individuati e riportati a valle. L&#8217;eliambulanza \u00e8 poi intervenuta lungo la normale della Tofana di Rozes per il trauma alla caviglia di una donna di 57 anni, di Ponte San Nicol\u00f2 (PD). I soccorritori di Cortina hanno accompagnato al Codivilla un ciclista di 53 anni di Mestre (VE), con trauma alla spalla a seguito della caduta in mountain bike nella zona di Campo.<\/p>\n<p><strong>ALLEGHE\u00a0<\/strong>L&#8217;elicottero, che verso le 17 ha soccorso una quarantenne di Ponte nelle Alpi (BL), a Forcella Giau per un trauma al piede, sta attualmente intervenendo in Civetta lungo l&#8217;anello zoldano. Sul sentiero numero 558 che da Forcella delle Sasse scende al Vazzoler, un escursionista che si trova con un&#8217;altra persona, si \u00e8 infatti sentito poco bene.<\/p>\n<p>&nbsp;<\/p>\n<p>&nbsp;<\/p>\n<hr \/>\n<p>&nbsp;<\/p>\n<blockquote>\n<h3>IL PRESIDENTE DELLA PROVINCIA A CODOGNO PER UNA GIORNATA PARTICOLARE<\/h3>\n<\/blockquote>\n<p><strong>CODOGNO (LODI)\u00a0<\/strong>Ieri\u00a0a Codogno ha preso parte alla manifestazione \u201cRipartiamo insieme da dove tutto \u00e8 cominciato\u201d il Presidente della provincia Roberto Padrin. Ha incontrato il paziente 1, Mattia Maestri, e partecipato alla messa di suffragio. Da calciatore ha giocato anche il triangolare con la Nazionale Italiana sindaci, contro gli amministratori della Provincia di Lodi (che schierava anche Maestri) e una rappresentativa delle associazioni di volontariato della zona.<br \/>\n\u00ab<em>Questa \u00e8 stata una bella occasione di vicinanza alla comunit\u00e0 di Codogno e alla comunit\u00e0 di V\u00f2 Euganeo, presente con il sindaco, che hanno rappresentato il simbolo della pandemia in Italia. Abbiamo condiviso con gli amministratori una giornata di dibattito sui temi della ripartenza. Ho conosciuto Mattia Maestri, il paziente 1, che mi ha raccontato la sua storia; l\u2019ho invitato a una serata nel Bellunese, per parlare della sua esperienza<\/em>\u00bb. Erano presenti oltre 130 sindaci da Veneto e Lombardia<\/p>\n\n\t\t\t<style type='text\/css'>\n\t\t\t\t#gallery-1 {\n\t\t\t\t\tmargin: auto;\n\t\t\t\t}\n\t\t\t\t#gallery-1 .gallery-item {\n\t\t\t\t\tfloat: left;\n\t\t\t\t\tmargin-top: 10px;\n\t\t\t\t\ttext-align: center;\n\t\t\t\t\twidth: 50%;\n\t\t\t\t}\n\t\t\t\t#gallery-1 img {\n\t\t\t\t\tborder: 2px solid #cfcfcf;\n\t\t\t\t}\n\t\t\t\t#gallery-1 .gallery-caption {\n\t\t\t\t\tmargin-left: 0;\n\t\t\t\t}\n\t\t\t\t\/* see gallery_shortcode() in wp-includes\/media.php *\/\n\t\t\t<\/style>\n\t\t<div id='gallery-1' class='dt-gallery-container gallery galleryid-159262 gallery-columns-2 gallery-size-thumbnail'><dl class='gallery-item'>\n\t\t\t\t<dt class='gallery-icon portrait'>\n\t\t\t\t\t<a class=\"rollover rollover-zoom dt-pswp-item\" title=\"d232ea54-69fb-4a59-9b19-04219d7b09df\" data-dt-img-description=\"\" data-large_image_width=\"1200\" data-large_image_height=\"1600\"href='https:\/\/www.radiopiu.net\/wordpress\/wp-content\/uploads\/2020\/09\/d232ea54-69fb-4a59-9b19-04219d7b09df.jpg'><img loading=\"lazy\" decoding=\"async\" width=\"150\" height=\"150\" src=\"https:\/\/www.radiopiu.net\/wordpress\/wp-content\/uploads\/2020\/09\/d232ea54-69fb-4a59-9b19-04219d7b09df-150x150.jpg\" class=\"attachment-thumbnail size-thumbnail\" alt=\"\" aria-describedby=\"gallery-1-159334\" srcset=\"https:\/\/www.radiopiu.net\/wordpress\/wp-content\/uploads\/2020\/09\/d232ea54-69fb-4a59-9b19-04219d7b09df-150x150.jpg 150w, https:\/\/www.radiopiu.net\/wordpress\/wp-content\/uploads\/2020\/09\/d232ea54-69fb-4a59-9b19-04219d7b09df-125x125.jpg 125w, https:\/\/www.radiopiu.net\/wordpress\/wp-content\/uploads\/2020\/09\/d232ea54-69fb-4a59-9b19-04219d7b09df-200x200.jpg 200w, https:\/\/www.radiopiu.net\/wordpress\/wp-content\/uploads\/2020\/09\/d232ea54-69fb-4a59-9b19-04219d7b09df-80x80.jpg 80w\" sizes=\"auto, (max-width: 150px) 100vw, 150px\" \/><\/a>\n\t\t\t\t<\/dt>\n\t\t\t\t\t<dd class='wp-caption-text gallery-caption' id='gallery-1-159334'>\n\t\t\t\t\tPadrin con i presidenti delle provincie di Lodi e Verona\n\t\t\t\t\t<\/dd><\/dl><dl class='gallery-item'>\n\t\t\t\t<dt class='gallery-icon landscape'>\n\t\t\t\t\t<a class=\"rollover rollover-zoom dt-pswp-item\" title=\"b9e84fd5-d8e5-4d0d-88fe-f4f479080cb1\" data-dt-img-description=\"\" data-large_image_width=\"1600\" data-large_image_height=\"900\"href='https:\/\/www.radiopiu.net\/wordpress\/wp-content\/uploads\/2020\/09\/b9e84fd5-d8e5-4d0d-88fe-f4f479080cb1.jpg'><img loading=\"lazy\" decoding=\"async\" width=\"150\" height=\"150\" src=\"https:\/\/www.radiopiu.net\/wordpress\/wp-content\/uploads\/2020\/09\/b9e84fd5-d8e5-4d0d-88fe-f4f479080cb1-150x150.jpg\" class=\"attachment-thumbnail size-thumbnail\" alt=\"\" aria-describedby=\"gallery-1-159335\" srcset=\"https:\/\/www.radiopiu.net\/wordpress\/wp-content\/uploads\/2020\/09\/b9e84fd5-d8e5-4d0d-88fe-f4f479080cb1-150x150.jpg 150w, https:\/\/www.radiopiu.net\/wordpress\/wp-content\/uploads\/2020\/09\/b9e84fd5-d8e5-4d0d-88fe-f4f479080cb1-125x125.jpg 125w, https:\/\/www.radiopiu.net\/wordpress\/wp-content\/uploads\/2020\/09\/b9e84fd5-d8e5-4d0d-88fe-f4f479080cb1-200x200.jpg 200w, https:\/\/www.radiopiu.net\/wordpress\/wp-content\/uploads\/2020\/09\/b9e84fd5-d8e5-4d0d-88fe-f4f479080cb1-80x80.jpg 80w\" sizes=\"auto, (max-width: 150px) 100vw, 150px\" \/><\/a>\n\t\t\t\t<\/dt>\n\t\t\t\t\t<dd class='wp-caption-text gallery-caption' id='gallery-1-159335'>\n\t\t\t\t\tLa foto di gruppo\n\t\t\t\t\t<\/dd><\/dl><br style=\"clear: both\" \/>\n\t\t\t<\/div>\n\n<p>&nbsp;<\/p>\n<hr \/>\n<p>&nbsp;<\/p>\n<blockquote class=\"wp-embedded-content\" data-secret=\"rdVXkMQ2So\"><p><a href=\"https:\/\/www.radiopiu.net\/wordpress\/coronavirus-aggiornamento-nazionale-05-settembre\/\">CORONAVIRUS: AGGIORNAMENTO NAZIONALE 05 SETTEMBRE<\/a><\/p><\/blockquote>\n<p><iframe loading=\"lazy\" class=\"wp-embedded-content\" sandbox=\"allow-scripts\" security=\"restricted\" style=\"position: absolute; clip: rect(1px, 1px, 1px, 1px);\" title=\"&#8220;CORONAVIRUS: AGGIORNAMENTO NAZIONALE 05 SETTEMBRE&#8221; &#8212; Radio Pi\u00f9\" src=\"https:\/\/www.radiopiu.net\/wordpress\/coronavirus-aggiornamento-nazionale-05-settembre\/embed\/#?secret=rdVXkMQ2So\" data-secret=\"rdVXkMQ2So\" width=\"600\" height=\"338\" frameborder=\"0\" marginwidth=\"0\" marginheight=\"0\" scrolling=\"no\"><\/iframe><\/p>\n<p>&nbsp;<\/p>\n<hr \/>\n<p>&nbsp;<\/p>\n<blockquote class=\"wp-embedded-content\" data-secret=\"NgeiXmbfm0\"><p><a href=\"https:\/\/www.radiopiu.net\/wordpress\/in-veneto-sono-206-i-nuovi-positivi-delle-ultime-24-ore-nessun-decesso-e-126-negativizzati-a-belluno-un-nuovo-positivo\/\">IN VENETO SONO 206 I NUOVI POSITIVI DELLE ULTIME 24 ORE. NESSUN DECESSO E 126 NEGATIVIZZATI. A BELLUNO UN NUOVO POSITIVO<\/a><\/p><\/blockquote>\n<p><iframe loading=\"lazy\" class=\"wp-embedded-content\" sandbox=\"allow-scripts\" security=\"restricted\" style=\"position: absolute; clip: rect(1px, 1px, 1px, 1px);\" title=\"&#8220;IN VENETO SONO 206 I NUOVI POSITIVI DELLE ULTIME 24 ORE. NESSUN DECESSO E 126 NEGATIVIZZATI. A BELLUNO UN NUOVO POSITIVO&#8221; &#8212; Radio Pi\u00f9\" src=\"https:\/\/www.radiopiu.net\/wordpress\/in-veneto-sono-206-i-nuovi-positivi-delle-ultime-24-ore-nessun-decesso-e-126-negativizzati-a-belluno-un-nuovo-positivo\/embed\/#?secret=NgeiXmbfm0\" data-secret=\"NgeiXmbfm0\" width=\"600\" height=\"338\" frameborder=\"0\" marginwidth=\"0\" marginheight=\"0\" scrolling=\"no\"><\/iframe><\/p>\n<p>&nbsp;<\/p>\n<hr \/>\n<p>&nbsp;<\/p>\n<blockquote>\n<h3><em>DATI E GRAFICI DI TIZIANO DE COL<\/em><\/h3>\n<\/blockquote>\n\n\t\t\t<style type='text\/css'>\n\t\t\t\t#gallery-2 {\n\t\t\t\t\tmargin: auto;\n\t\t\t\t}\n\t\t\t\t#gallery-2 .gallery-item {\n\t\t\t\t\tfloat: left;\n\t\t\t\t\tmargin-top: 10px;\n\t\t\t\t\ttext-align: center;\n\t\t\t\t\twidth: 50%;\n\t\t\t\t}\n\t\t\t\t#gallery-2 img {\n\t\t\t\t\tborder: 2px solid #cfcfcf;\n\t\t\t\t}\n\t\t\t\t#gallery-2 .gallery-caption {\n\t\t\t\t\tmargin-left: 0;\n\t\t\t\t}\n\t\t\t\t\/* see gallery_shortcode() in wp-includes\/media.php *\/\n\t\t\t<\/style>\n\t\t<div id='gallery-2' class='dt-gallery-container gallery galleryid-159262 gallery-columns-2 gallery-size-medium'><dl class='gallery-item'>\n\t\t\t\t<dt class='gallery-icon landscape'>\n\t\t\t\t\t<a class=\"rollover rollover-zoom dt-pswp-item\" title=\"d9b90d6e-44b3-4fe5-b506-b8c8605386cb\" data-dt-img-description=\"\" data-large_image_width=\"480\" data-large_image_height=\"333\"href='https:\/\/www.radiopiu.net\/wordpress\/wp-content\/uploads\/2020\/09\/d9b90d6e-44b3-4fe5-b506-b8c8605386cb.jpg'><img loading=\"lazy\" decoding=\"async\" width=\"300\" height=\"208\" src=\"https:\/\/www.radiopiu.net\/wordpress\/wp-content\/uploads\/2020\/09\/d9b90d6e-44b3-4fe5-b506-b8c8605386cb-300x208.jpg\" class=\"attachment-medium size-medium\" alt=\"\" srcset=\"https:\/\/www.radiopiu.net\/wordpress\/wp-content\/uploads\/2020\/09\/d9b90d6e-44b3-4fe5-b506-b8c8605386cb-300x208.jpg 300w, https:\/\/www.radiopiu.net\/wordpress\/wp-content\/uploads\/2020\/09\/d9b90d6e-44b3-4fe5-b506-b8c8605386cb.jpg 480w\" sizes=\"auto, (max-width: 300px) 100vw, 300px\" \/><\/a>\n\t\t\t\t<\/dt><\/dl><dl class='gallery-item'>\n\t\t\t\t<dt class='gallery-icon landscape'>\n\t\t\t\t\t<a class=\"rollover rollover-zoom dt-pswp-item\" title=\"f5574138-f418-498f-8236-1d3e5db5f105\" data-dt-img-description=\"\" data-large_image_width=\"666\" data-large_image_height=\"660\"href='https:\/\/www.radiopiu.net\/wordpress\/wp-content\/uploads\/2020\/09\/f5574138-f418-498f-8236-1d3e5db5f105.jpg'><img loading=\"lazy\" decoding=\"async\" width=\"300\" height=\"297\" src=\"https:\/\/www.radiopiu.net\/wordpress\/wp-content\/uploads\/2020\/09\/f5574138-f418-498f-8236-1d3e5db5f105-300x297.jpg\" class=\"attachment-medium size-medium\" alt=\"\" srcset=\"https:\/\/www.radiopiu.net\/wordpress\/wp-content\/uploads\/2020\/09\/f5574138-f418-498f-8236-1d3e5db5f105-300x297.jpg 300w, https:\/\/www.radiopiu.net\/wordpress\/wp-content\/uploads\/2020\/09\/f5574138-f418-498f-8236-1d3e5db5f105-150x150.jpg 150w, https:\/\/www.radiopiu.net\/wordpress\/wp-content\/uploads\/2020\/09\/f5574138-f418-498f-8236-1d3e5db5f105-125x125.jpg 125w, https:\/\/www.radiopiu.net\/wordpress\/wp-content\/uploads\/2020\/09\/f5574138-f418-498f-8236-1d3e5db5f105-80x80.jpg 80w, https:\/\/www.radiopiu.net\/wordpress\/wp-content\/uploads\/2020\/09\/f5574138-f418-498f-8236-1d3e5db5f105-484x480.jpg 484w, https:\/\/www.radiopiu.net\/wordpress\/wp-content\/uploads\/2020\/09\/f5574138-f418-498f-8236-1d3e5db5f105.jpg 666w\" sizes=\"auto, (max-width: 300px) 100vw, 300px\" \/><\/a>\n\t\t\t\t<\/dt><\/dl><br style=\"clear: both\" \/>\n\t\t\t<\/div>\n\n<p>&nbsp;<\/p>\n<p>&nbsp;<\/p>\n<hr \/>\n<p>&nbsp;<\/p>\n<blockquote>\n<h3>NESSUNA NUOVA POSITIVIT\u00c0 IN ULSS 1 DOLOMITI NELLE ULTIME 24 ORE<\/h3>\n<\/blockquote>\n<p><b><a class=\"dt-pswp-item\" href=\"https:\/\/www.radiopiu.net\/wordpress\/wp-content\/uploads\/2020\/09\/corona-aggiornamenti-copia.jpg\" data-dt-img-description=\"\" data-large_image_width=\"626\" data-large_image_height=\"417\"><img loading=\"lazy\" decoding=\"async\" class=\"size-medium wp-image-158956 alignleft\" src=\"https:\/\/www.radiopiu.net\/wordpress\/wp-content\/uploads\/2020\/09\/corona-aggiornamenti-copia-300x200.jpg\" alt=\"\" width=\"300\" height=\"200\" srcset=\"https:\/\/www.radiopiu.net\/wordpress\/wp-content\/uploads\/2020\/09\/corona-aggiornamenti-copia-300x200.jpg 300w, https:\/\/www.radiopiu.net\/wordpress\/wp-content\/uploads\/2020\/09\/corona-aggiornamenti-copia.jpg 626w\" sizes=\"auto, (max-width: 300px) 100vw, 300px\" \/><\/a>BELLUNO.<\/b> Le ultime ore di attivit\u00e0 non hanno messo in evidenza alcuna nuova positivit\u00e0.\u00a0Il drive-in di Feltre ha gestito una quarantina di rientri dall\u2019estero.\u00a0Oggi si concludono le prenotazioni dei test sierologici per il personale della scuola assistito da Medici di medicina generale non aderenti al progetto nazionale. I test saranno eseguiti fino a marted\u00ec 8 settembre. Ad oggi sono prenotati 1.702 insegnanti e operatori scolastici e sono stati eseguiti 1.400 test. A tale numero vanno sommati i test eseguiti dai Medici di Medicina Generale che rendiconteranno la loro attivit\u00e0 entro la prossima settimana.<\/p>\n<p>&nbsp;<\/p>\n<p>&nbsp;<\/p>\n<p>&nbsp;<\/p>\n<hr \/>\n<p>&nbsp;<\/p>\n<blockquote>\n<h3>UN LAVORATORE VENETO SU 4 E\u2019 SOVRAISTRUITO. SONO POCO MENO DI 600 MILA<\/h3>\n<\/blockquote>\n<p><a class=\"dt-pswp-item\" href=\"https:\/\/www.radiopiu.net\/wordpress\/wp-content\/uploads\/2020\/09\/Schermata-2020-09-05-alle-13.40.13.png\" data-dt-img-description=\"\" data-large_image_width=\"1224\" data-large_image_height=\"1434\"><img loading=\"lazy\" decoding=\"async\" class=\"alignleft size-medium wp-image-159293\" src=\"https:\/\/www.radiopiu.net\/wordpress\/wp-content\/uploads\/2020\/09\/Schermata-2020-09-05-alle-13.40.13-256x300.png\" alt=\"\" width=\"256\" height=\"300\" srcset=\"https:\/\/www.radiopiu.net\/wordpress\/wp-content\/uploads\/2020\/09\/Schermata-2020-09-05-alle-13.40.13-256x300.png 256w, https:\/\/www.radiopiu.net\/wordpress\/wp-content\/uploads\/2020\/09\/Schermata-2020-09-05-alle-13.40.13-874x1024.png 874w, https:\/\/www.radiopiu.net\/wordpress\/wp-content\/uploads\/2020\/09\/Schermata-2020-09-05-alle-13.40.13-768x900.png 768w, https:\/\/www.radiopiu.net\/wordpress\/wp-content\/uploads\/2020\/09\/Schermata-2020-09-05-alle-13.40.13-410x480.png 410w, https:\/\/www.radiopiu.net\/wordpress\/wp-content\/uploads\/2020\/09\/Schermata-2020-09-05-alle-13.40.13.png 1224w\" sizes=\"auto, (max-width: 256px) 100vw, 256px\" \/><\/a>In Veneto gli sovraistruiti sono 559.000, pari al 25,8 per cento del totale degli occupati presenti nella nostra regione. Negli ultimi 10 anni la dimensione di questi lavoratori sovraistruiti \u00e8 salita del 37 per cento. In linea generale, tra i laureati che svolgono un lavoro per il quale il titolo di studio pi\u00f9 richiesto \u00e8 inferiore a quello posseduto le professioni pi\u00f9 diffuse sono quelle di tecnico informatico, contabile, personale di segreteria, impiegato amministrativo. Tra i diplomati, invece, prevalgono i lavori di barista, cameriere, muratore e camionista. A dirlo \u00e8 l\u2019Ufficio studi della CGIA.<\/p>\n<p>In Italia, invece, sono oltre 5.800.000 gli occupati sovraistruiti. Ci riferiamo ai diplomati e ai laureati che svolgono una professione per la quale il titolo di studio maggiormente richiesto \u00e8 inferiore a quello posseduto. Nel 2019 erano poco meno del 25 per cento del totale degli occupati e la loro incidenza \u00e8 in costante aumento: negli ultimi 10 anni, infatti, i dati assoluti dei sovraistruiti in Italia sono cresciuti di quasi il 30 per cento. Se, inoltre, calcoliamo la percentuale solo sugli occupati che possiedono un diploma di scuola media superiore o una laurea, l\u2019anno scorso l\u2019incidenza degli sovraistruiti \u00e8 salita al 40 per cento.<\/p>\n<p>Anche ad agosto \u00e8 stato difficile reperire tanti posti di lavoro<br \/>\nNonostante la disoccupazione giovanile sia in crescita e il livello di istruzione ancora ben al di sotto degli standard europei, anche nel pieno della fase Covid le imprese venete hanno faticato a trovare personale. Sebbene sia un mese molto particolare, stando alla periodica indagine condotta su un campione significativo di imprese da Unioncamere e Anpal, il 37,6 per cento delle 20.630 assunzioni previste ad agosto in Veneto \u00e8 stato di difficile reperimento. Tra le professioni non facili da \u201ccoprire\u201d segnaliamo i meccanici artigiani, montatori, riparatori e manutentori di macchine fisse e mobili (53,5 per cento), artigiani e operai specializzati nelle rifiniture delle costruzioni (43,1 per cento) e gli autisti di bus e mezzi pesanti (42,5 per cento).<\/p>\n<p><a class=\"dt-pswp-item\" href=\"https:\/\/www.radiopiu.net\/wordpress\/wp-content\/uploads\/2020\/09\/Schermata-2020-09-05-alle-13.40.35.png\" data-dt-img-description=\"\" data-large_image_width=\"870\" data-large_image_height=\"1238\"><img loading=\"lazy\" decoding=\"async\" class=\"alignleft size-medium wp-image-159292\" src=\"https:\/\/www.radiopiu.net\/wordpress\/wp-content\/uploads\/2020\/09\/Schermata-2020-09-05-alle-13.40.35-211x300.png\" alt=\"\" width=\"211\" height=\"300\" srcset=\"https:\/\/www.radiopiu.net\/wordpress\/wp-content\/uploads\/2020\/09\/Schermata-2020-09-05-alle-13.40.35-211x300.png 211w, https:\/\/www.radiopiu.net\/wordpress\/wp-content\/uploads\/2020\/09\/Schermata-2020-09-05-alle-13.40.35-720x1024.png 720w, https:\/\/www.radiopiu.net\/wordpress\/wp-content\/uploads\/2020\/09\/Schermata-2020-09-05-alle-13.40.35-768x1093.png 768w, https:\/\/www.radiopiu.net\/wordpress\/wp-content\/uploads\/2020\/09\/Schermata-2020-09-05-alle-13.40.35-337x480.png 337w, https:\/\/www.radiopiu.net\/wordpress\/wp-content\/uploads\/2020\/09\/Schermata-2020-09-05-alle-13.40.35.png 870w\" sizes=\"auto, (max-width: 211px) 100vw, 211px\" \/><\/a>La sovraistruzione riduce la produttivit\u00e0 del lavoro<br \/>\nAfferma il coordinatore dell\u2019Ufficio studi Paolo Zabeo:<br \/>\n\u201cL\u2019incremento degli sovraistruiti \u00e8 in massima parte dovuto alla mancata corrispondenza tra le competenze specialistiche richieste dalle aziende e quelle possedute dai candidati. Non va nemmeno dimenticato che grazie al ricambio generazionale registrato in questi anni sono usciti dal mercato del lavoro tanti over 60 con livelli di istruzione bassi che sono stati rimpiazzati da giovani diplomati o laureati senza alcuna esperienza professionale alle spalle. Tuttavia, la sovraistruzione non va sottovalutata, perch\u00e9 molto spesso attiva meccanismi di demotivazione e di scoramento che condizionano negativamente il livello di produttivit\u00e0 del lavoratore interessato e conseguentemente dell\u2019azienda in cui \u00e8 occupato. Il clima di sconforto che si viene a creare pu\u00f2 innescare delle situazioni di malessere che diffondendosi tra i colleghi pu\u00f2 addirittura interessare interi settori o reparti produttivi, con ricadute molto negative per la vita dell\u2019azienda\u201d. Per combattere la sovraistruzione, fanno sapere dalla CGIA, bisogna assolutamente ridurre lo scollamento tra domanda e offerta di lavoro, cercando di far collimare sempre pi\u00f9 le esigenze aziendali con le specificit\u00e0 e l\u2019autonomia del mondo della scuola.<\/p>\n<p>Siamo comunque i meno scolarizzati d\u2019Europa<br \/>\nSebbene nel nostro Paese il problema della sovraistruzione sia in costante ascesa, paradossalmente continuiamo ad essere tra i meno scolarizzati d\u2019Europa. Denuncia il segretario Renato Mason:<br \/>\n\u201cL\u2019anno scorso la quota di popolazione italiana tra i 25 e i 64 anni in possesso di almeno un titolo di studio secondario superiore era del 62,2 per cento, un dato decisamente inferiore a quello medio dell\u2019Unione a 28, pari al 78,8 per cento e a quello di alcuni tra i nostri principali competitor. Segnalo, infatti, che la Francia registrava l\u201980,4, il Regno Unito l\u201981,1 e la Germania l\u201986,6 per cento. Non meno ampio \u00e8 il divario per quanto riguarda la percentuale di coloro che hanno conseguito un titolo di studio terziario sempre nella fascia di et\u00e0 tra i 25 e i 64 anni. Se nel 2019 in Italia la soglia era del 19,6 per cento, la media europea si \u00e8 attestata al 33,2. Si segnala come la quota di laureati italiani tra i 25-34enni nelle discipline STEM sia simile alla media dei 22 paesi dell\u2019Unione europea membri dell\u2019OCSE. Tuttavia, si denota un forte divario di genere. Se per la componente maschile lo scarto \u00e8 di 6 punti con la media UE, l\u2019incidenza delle laureate italiane nelle discipline tecniche \u00e8 invece superiore al dato medio europeo\u201d.<\/p>\n<p>Il ruolo centrale delle Pmi<br \/>\nSecondo la CGIA il ruolo delle Pmi permetterebbe di arginare la diffusione del fenomeno. Sebbene non ci siano dati che ci consentono di misurare con puntualit\u00e0 il livello di sovraistruzione per dimensioni di impresa, l\u2019esperienza quotidiana ci insegna che il ruolo delle maestranze presenti nelle piccole imprese \u00e8 centrale rispetto a coloro che lavorano nelle aziende di maggiori dimensioni. Nelle Pmi, infatti, oltre a disporre delle conoscenze formali apprese durante l\u2019esperienza scolastica, prevalentemente di natura tecnico\/professionale, i dipendenti, grazie alle mansioni \u201callargate\u201d che praticano in queste piccole realt\u00e0 produttive, dispongono di conoscenze operative ed esperenziali pi\u00f9 estese e complesse di coloro che, invece, esercitano la propria attivit\u00e0 lavorativa in maniera definita e in ambiti molto ristretti. Cos\u00ec come spesso succede per chi \u00e8 impiegato in una impresa di grandi dimensioni.<\/p>\n<p>&nbsp;<\/p>\n<p>&nbsp;<\/p>\n<hr \/>\n<p>&nbsp;<\/p>\n<blockquote>\n<h3>CONSIGLIO COMUNALE A FALCADE GIOVEDI PROSSIMO<\/h3>\n<\/blockquote>\n<p><strong>FALCADE\u00a0<\/strong>Il sindaco di Falcade Michele Costa ha convocato i consiglieri comunale per gioved\u00ec 10 settembre alle 20. 6 i punti all&#8217;ordine del giorno che verranno discussi a porte chiuse in base ai provvedimenti relativi all&#8217;emergenza Covid-19.<\/p>\n<p>&nbsp;<\/p>\n<p>&nbsp;<\/p>\n<hr \/>\n<p>&nbsp;<\/p>\n<div class=\"page-title-head hgroup\">\n<blockquote>\n<h3 class=\"entry-title\">VAIA 2018: 150MILA EURO A DISPOSIZIONE DEI PRIVATI<\/h3>\n<\/blockquote>\n<\/div>\n<p><img loading=\"lazy\" decoding=\"async\" class=\"wp-image-69396 alignleft jetpack-lazy-image jetpack-lazy-image--handled\" src=\"https:\/\/i2.wp.com\/www.radiopiu.net\/wordpress\/wp-content\/uploads\/2018\/12\/rocca.jpg?resize=167%2C125&amp;ssl=1\" sizes=\"auto, (max-width: 167px) 100vw, 167px\" srcset=\"https:\/\/i2.wp.com\/www.radiopiu.net\/wordpress\/wp-content\/uploads\/2018\/12\/rocca.jpg?resize=300%2C225&amp;ssl=1 300w, https:\/\/i2.wp.com\/www.radiopiu.net\/wordpress\/wp-content\/uploads\/2018\/12\/rocca.jpg?resize=768%2C576&amp;ssl=1 768w, https:\/\/i2.wp.com\/www.radiopiu.net\/wordpress\/wp-content\/uploads\/2018\/12\/rocca.jpg?w=1024&amp;ssl=1 1024w\" alt=\"\" width=\"167\" height=\"125\" data-recalc-dims=\"1\" data-lazy-loaded=\"1\" \/><strong>ROCCA PIETORE<\/strong>\u00a0 Il Comune di Rocca Pietore ha comunicato la cifra a disposizione per ristorare i privati che hanno subito danni tra il 27 ottobre e il 5 novembre 2018. Si tratta di una somma complessiva di 150mila euro provenienti da donazioni di privati o associazioni. I beneficiari sono i proprietari di immobili residenti ell\u2019intero territorio comunale. Il termine della presentazione delle domande \u00e8 stato fissato al 15 ottobre. Le domande vanno presentate all\u2019ufficio protocollo del Comune, oppure per posta con raccomandata o tramite posta certificata.\u00a0 Tutta la documentazione per il bando \u00e8 disponibili sulla home Page del Comune di Rocca Pietore e nella Sezione Amministrazione Trasparente\/ Bandi di gara e contratti\/del sito del Comune di Rocca Pietore https:\/\/www.comune.roccapietore.bl.it\/<\/p>\n<p>&nbsp;<\/p>\n<hr \/>\n<p>&nbsp;<\/p>\n<blockquote>\n<h3>AL VIA IL CONCORSO &#8220;TRAZIONE E CULTURA IN VAL DEL BIOIS&#8221;<\/h3>\n<\/blockquote>\n<p><strong>FALCADE\u00a0<\/strong>E&#8217; partito il concorso fotografico &#8220;Tradizione e Cultura in Val del Biois&#8221;, promosso da PromoFalcade Dolomiti in collaborazione con Gruppo Folk Val Biois e Union ladina Val Biois, per Se Desmonteghea 2020. Il concorso \u00e8 aperto a tutti gli appassionati oltre i 18 anni, che dovranno rappresentare tramite le proprie foto i colori, gli angoli, i vestiti, gli animali di Falcade e di tutta la Valle del Biois. Vi invitiamo a leggere il regolamento su <span role=\"gridcell\"><a class=\"oajrlxb2 g5ia77u1 qu0x051f esr5mh6w e9989ue4 r7d6kgcz rq0escxv nhd2j8a9 nc684nl6 p7hjln8o kvgmc6g5 cxmmr5t8 oygrvhab hcukyx3x jb3vyjys rz4wbd8a qt6c0cv9 a8nywdso i1ao9s8h oo483o9r f1sip0of lzcic4wl pipptul6 gpro0wi8\" tabindex=\"0\" role=\"link\" href=\"https:\/\/l.facebook.com\/l.php?u=https%3A%2F%2Ftap.bio%2F%40falcade_dolomiti%3Ffbclid%3DIwAR37I8zIsOS0DoBb1Ao9jVHG1VYjooYKl6qPLTlDzKCN4osmEoRhtR-KtUY&amp;h=AT0X5y7yv71lRixq4bQlWkrt0VpzdP85QfaCsnU6JWLe1MTzTujy6md3s8SEWEajsam9XfNDuh7_YHKuwwSJcZ7jsbRO4umXM6EETMXwrhNjcGLxgsSGN22dUQ3GtqR5XAoEASa5\" target=\"_blank\" rel=\"nofollow noopener noreferrer\">https:\/\/tap.bio\/@falcade_dolomiti<\/a><\/span> e vi auguriamo buona fortuna. Info e regolamento: <span role=\"gridcell\"><a class=\"oajrlxb2 g5ia77u1 qu0x051f esr5mh6w e9989ue4 r7d6kgcz rq0escxv nhd2j8a9 nc684nl6 p7hjln8o kvgmc6g5 cxmmr5t8 oygrvhab hcukyx3x jb3vyjys rz4wbd8a qt6c0cv9 a8nywdso i1ao9s8h oo483o9r f1sip0of lzcic4wl pipptul6 gpro0wi8\" tabindex=\"0\" role=\"link\" href=\"https:\/\/l.facebook.com\/l.php?u=https%3A%2F%2Ftap.bio%2F%40falcade_dolomiti%3Ffbclid%3DIwAR1bz6pGSZFGmz95s2-QKDHIRBjeUXSL1ED5banaduf1gsSVaO4VocaCLNs&amp;h=AT0X5y7yv71lRixq4bQlWkrt0VpzdP85QfaCsnU6JWLe1MTzTujy6md3s8SEWEajsam9XfNDuh7_YHKuwwSJcZ7jsbRO4umXM6EETMXwrhNjcGLxgsSGN22dUQ3GtqR5XAoEASa5\" target=\"_blank\" rel=\"nofollow noopener noreferrer\">https:\/\/tap.bio\/@falcade_dolomiti<\/a><\/span><\/p>\n<p>&nbsp;<\/p>\n<p>&nbsp;<\/p>\n<hr \/>\n<p>&nbsp;<\/p>\n<p><a class=\"dt-pswp-item\" href=\"https:\/\/www.radiopiu.net\/wordpress\/wp-content\/uploads\/2018\/09\/appuntamenti.jpeg\" data-dt-img-description=\"\" data-large_image_width=\"800\" data-large_image_height=\"100\"><img loading=\"lazy\" decoding=\"async\" class=\"aligncenter wp-image-61958 size-full\" src=\"https:\/\/www.radiopiu.net\/wordpress\/wp-content\/uploads\/2018\/09\/appuntamenti.jpeg\" alt=\"\" width=\"800\" height=\"100\" srcset=\"https:\/\/www.radiopiu.net\/wordpress\/wp-content\/uploads\/2018\/09\/appuntamenti.jpeg 800w, https:\/\/www.radiopiu.net\/wordpress\/wp-content\/uploads\/2018\/09\/appuntamenti-300x38.jpeg 300w, https:\/\/www.radiopiu.net\/wordpress\/wp-content\/uploads\/2018\/09\/appuntamenti-768x96.jpeg 768w\" sizes=\"auto, (max-width: 800px) 100vw, 800px\" \/><\/a><\/p>\n<p>&nbsp;<\/p>\n<blockquote>\n<h3>NUOVI ORARI PER LE VISTE AL CASTELLO DI ANDRAZ<\/h3>\n<\/blockquote>\n<p>Il Castello di Andraz, fino al 13 settembre, sar\u00e0 visitabile dal mercoled\u00ec alla domenica dalle 10 alle 12:30 e dalle 14:30 alle 18. Le visite guidate o libere vanno prenotate al 334 33 46 680 o via mail a info@castellodiandraz.it<\/p>\n<p>&nbsp;<\/p>\n<p>&nbsp;<\/p>\n<hr \/>\n<p>&nbsp;<\/p>\n<blockquote>\n<h3>ARTIGIANI IN MOSTRA AI CADINI DEL BRENTON<\/h3>\n<\/blockquote>\n<p><strong>SOSPIROLO<\/strong> Nei fine settimana di agosto e settembre i visitatori potranno vedere all\u2019opera un artigiano. Alterneranno la loro presenza nell\u2019area dei Cadini: Dario Sogmaister, che realizza mosaici utilizzando sassi colorati raccolti dal greto del Piave; Ilenia Gaio, che produce saponi artigianali, ottenuti con materie prime naturali e rivestiti con lana infeltrita e colorata; Luciano De Barba, che crea sculture in legno e terracotta e produce complementi di arredo utilizzando legno vecchio. A settembre \u00e8 prevista la partecipazione di altri artigiani del circuito Carta Qualit\u00e0.<\/p>\n<p>&nbsp;<\/p>\n<hr \/>\n<div>\n<h3><\/h3>\n<blockquote>\n<h3>&#8220;Letture d&#8217;estate&#8221;, organizzata in collaborazione con le Biblioteche della Valle del Biois:<\/h3>\n<\/blockquote>\n<div><b><i>Sabato 12 settembre, alle ore 20.30 presso la Sala agli Emigranti di via Lotta a Canale d&#8217;Agordo <\/i><\/b>Nicola Scodro con &#8220;Naufragi di un&#8217;illusione&#8221;. Letture dell&#8217;autore ed intervento di Althea Ronzani<\/div>\n<blockquote>\n<div><em>Per la partecipazione agli eventi si raccomanda la<u> prenotazione allo 0437 1948030 <\/u>(e-mail: info@prolococanale.it) oppure direttamente alla reception dell&#8217;ufficio informazioni presso il Museo Albino Luciani di Canale d&#8217;Agordo.<\/em><\/div>\n<\/blockquote>\n<\/div>\n<p>&nbsp;<\/p>\n<hr \/>\n<p>&nbsp;<\/p>\n<blockquote>\n<h3>OTTAVIO ROSSI PROPHETA IN PATRIA<\/h3>\n<\/blockquote>\n<p><strong>SAN TOMASO<\/strong> \u201cEn giro per Zelat\u201d:\u00a0 riproduzioni artistiche tra le architetture di montagna. Le tappe con partenza ed arrivo a Celat. Organizzazione della Pro Loco di San Tomaso con il contributo della Cassa Rurale Dolomiti di Fassa Primiero e Belluno.<\/p>\n<p>&nbsp;<\/p>\n<p>&nbsp;<\/p>\n<hr \/>\n<blockquote>\n<h3><\/h3>\n<\/blockquote>\n<blockquote>\n<h3>EL CANAL DE AGORDO<\/h3>\n<\/blockquote>\n<p><strong>AGORDO<\/strong> Scavare nel passato, storia ed archeologia da San Gottardo a Pont del Cristo. La mostra \u00e8 allestita al Museo mineralogico e paleontologico di via 5 maggio con ingresso libero. Fino al 6 settembre il venerdi, sabato e domenica dalle 10 alle 12.30 e dalle 16 alle 19. Info: archeoagordo.arca@gmail.com<\/p>\n<p>&nbsp;<\/p>\n<hr \/>\n<p>&nbsp;<\/p>\n<blockquote>\n<h3>A CANALE E VALLADA MOSTRE INCONTRI\u00a0 E MUSEI<\/h3>\n<\/blockquote>\n<p><strong><span style=\"color: #000000;\"><span style=\"font-family: Arial, sans-serif;\"><span style=\"font-size: small;\"><span lang=\"it-IT\">Presso il Musal<\/span><\/span><\/span><\/span><span style=\"color: #000000;\"><span style=\"font-family: Arial, sans-serif;\"><span style=\"font-size: small;\"><span lang=\"it-IT\">,<\/span><\/span><\/span><\/span><\/strong> <span style=\"color: #000000;\"><span style=\"font-family: Arial, sans-serif;\"><span style=\"font-size: small;\"><span lang=\"it-IT\">fino al 28 settembre <\/span><\/span><\/span><\/span><span style=\"color: #000000;\"><span style=\"font-family: Arial, sans-serif;\"><span style=\"font-size: small;\"><span lang=\"it-IT\">(fino al 13 settembre tutti i giorni 9.30-12.30; 15.30-18.30; dal 14 settembre: venerd\u00ec, sabato e domenica 9.00-12.00; 15.00-18.00), \u00e8 visitabile la mostra <\/span><\/span><\/span><\/span><span style=\"color: #000000;\"><span style=\"font-family: Arial, sans-serif;\"><span style=\"font-size: small;\"><span lang=\"it-IT\"><i>Gli ultimi papi europei: itinerari tra i paesi natali degli ultimi pontefici<\/i><\/span><\/span><\/span><\/span><span style=\"color: #000000;\"><span style=\"font-family: Arial, sans-serif;\"><span style=\"font-size: small;\"><span lang=\"it-IT\"><i>. <\/i><\/span><\/span><\/span><\/span><\/p>\n<p>&nbsp;<\/p>\n<hr \/>\n<blockquote>\n<h2 class=\"tw-data-text tw-text-large XcVN5d tw-ta\" dir=\"ltr\" data-placeholder=\"Traduzione\"><span lang=\"en\">appointments recommended by radio pi\u00f9<\/span><\/h2>\n<\/blockquote>\n\n\t\t\t<style type='text\/css'>\n\t\t\t\t#gallery-3 {\n\t\t\t\t\tmargin: auto;\n\t\t\t\t}\n\t\t\t\t#gallery-3 .gallery-item {\n\t\t\t\t\tfloat: left;\n\t\t\t\t\tmargin-top: 10px;\n\t\t\t\t\ttext-align: center;\n\t\t\t\t\twidth: 25%;\n\t\t\t\t}\n\t\t\t\t#gallery-3 img {\n\t\t\t\t\tborder: 2px solid #cfcfcf;\n\t\t\t\t}\n\t\t\t\t#gallery-3 .gallery-caption {\n\t\t\t\t\tmargin-left: 0;\n\t\t\t\t}\n\t\t\t\t\/* see gallery_shortcode() in wp-includes\/media.php *\/\n\t\t\t<\/style>\n\t\t<div id='gallery-3' class='dt-gallery-container gallery galleryid-159262 gallery-columns-4 gallery-size-thumbnail'><dl class='gallery-item'>\n\t\t\t\t<dt class='gallery-icon portrait'>\n\t\t\t\t\t<a class=\"rollover rollover-zoom dt-pswp-item\" title=\"446199a0-ccb6-4daa-88f9-ee34f5a4944a\" data-dt-img-description=\"\" data-large_image_width=\"1080\" data-large_image_height=\"1350\"href='https:\/\/www.radiopiu.net\/wordpress\/wp-content\/uploads\/2020\/07\/446199a0-ccb6-4daa-88f9-ee34f5a4944a.jpg'><img loading=\"lazy\" decoding=\"async\" width=\"150\" height=\"150\" src=\"https:\/\/www.radiopiu.net\/wordpress\/wp-content\/uploads\/2020\/07\/446199a0-ccb6-4daa-88f9-ee34f5a4944a-150x150.jpg\" class=\"attachment-thumbnail size-thumbnail\" alt=\"\" \/><\/a>\n\t\t\t\t<\/dt><\/dl><dl class='gallery-item'>\n\t\t\t\t<dt class='gallery-icon portrait'>\n\t\t\t\t\t<a class=\"rollover rollover-zoom dt-pswp-item\" title=\"LOCANDINA_MOSTRA andraz\" data-dt-img-description=\"\" data-large_image_width=\"1753\" data-large_image_height=\"2480\"href='https:\/\/www.radiopiu.net\/wordpress\/wp-content\/uploads\/2020\/08\/LOCANDINA_MOSTRA-andraz.jpg'><img loading=\"lazy\" decoding=\"async\" width=\"150\" height=\"150\" src=\"https:\/\/www.radiopiu.net\/wordpress\/wp-content\/uploads\/2020\/08\/LOCANDINA_MOSTRA-andraz-150x150.jpg\" class=\"attachment-thumbnail size-thumbnail\" alt=\"\" \/><\/a>\n\t\t\t\t<\/dt><\/dl><dl class='gallery-item'>\n\t\t\t\t<dt class='gallery-icon portrait'>\n\t\t\t\t\t<a class=\"rollover rollover-zoom dt-pswp-item\" title=\"890a4078-1eac-4e06-bfd3-59033f51722d\" data-dt-img-description=\"\" data-large_image_width=\"640\" data-large_image_height=\"1600\"href='https:\/\/www.radiopiu.net\/wordpress\/wp-content\/uploads\/2020\/08\/890a4078-1eac-4e06-bfd3-59033f51722d.jpg'><img loading=\"lazy\" decoding=\"async\" width=\"150\" height=\"150\" src=\"https:\/\/www.radiopiu.net\/wordpress\/wp-content\/uploads\/2020\/08\/890a4078-1eac-4e06-bfd3-59033f51722d-150x150.jpg\" class=\"attachment-thumbnail size-thumbnail\" alt=\"\" \/><\/a>\n\t\t\t\t<\/dt><\/dl><dl class='gallery-item'>\n\t\t\t\t<dt class='gallery-icon portrait'>\n\t\t\t\t\t<a class=\"rollover rollover-zoom dt-pswp-item\" title=\"VERTICAL 107 RINVIATA 5 SETTEMBRE\" data-dt-img-description=\"\" data-large_image_width=\"748\" data-large_image_height=\"1074\"href='https:\/\/www.radiopiu.net\/wordpress\/wp-content\/uploads\/2020\/08\/VERTICAL-107-RINVIATA-5-SETTEMBRE.jpg'><img loading=\"lazy\" decoding=\"async\" width=\"150\" height=\"150\" src=\"https:\/\/www.radiopiu.net\/wordpress\/wp-content\/uploads\/2020\/08\/VERTICAL-107-RINVIATA-5-SETTEMBRE-150x150.jpg\" class=\"attachment-thumbnail size-thumbnail\" alt=\"\" srcset=\"https:\/\/www.radiopiu.net\/wordpress\/wp-content\/uploads\/2020\/08\/VERTICAL-107-RINVIATA-5-SETTEMBRE-150x150.jpg 150w, https:\/\/www.radiopiu.net\/wordpress\/wp-content\/uploads\/2020\/08\/VERTICAL-107-RINVIATA-5-SETTEMBRE-125x125.jpg 125w, https:\/\/www.radiopiu.net\/wordpress\/wp-content\/uploads\/2020\/08\/VERTICAL-107-RINVIATA-5-SETTEMBRE-200x200.jpg 200w, https:\/\/www.radiopiu.net\/wordpress\/wp-content\/uploads\/2020\/08\/VERTICAL-107-RINVIATA-5-SETTEMBRE-80x80.jpg 80w\" sizes=\"auto, (max-width: 150px) 100vw, 150px\" \/><\/a>\n\t\t\t\t<\/dt><\/dl><br style=\"clear: both\" \/><dl class='gallery-item'>\n\t\t\t\t<dt class='gallery-icon landscape'>\n\t\t\t\t\t<a class=\"rollover rollover-zoom dt-pswp-item\" title=\"castello andraz autunno2020\" data-dt-img-description=\"\" data-large_image_width=\"2000\" data-large_image_height=\"1414\"href='https:\/\/www.radiopiu.net\/wordpress\/wp-content\/uploads\/2020\/08\/castello-andraz-autunno2020.png'><img loading=\"lazy\" decoding=\"async\" width=\"150\" height=\"150\" src=\"https:\/\/www.radiopiu.net\/wordpress\/wp-content\/uploads\/2020\/08\/castello-andraz-autunno2020-150x150.png\" class=\"attachment-thumbnail size-thumbnail\" alt=\"\" srcset=\"https:\/\/www.radiopiu.net\/wordpress\/wp-content\/uploads\/2020\/08\/castello-andraz-autunno2020-150x150.png 150w, https:\/\/www.radiopiu.net\/wordpress\/wp-content\/uploads\/2020\/08\/castello-andraz-autunno2020-125x125.png 125w, https:\/\/www.radiopiu.net\/wordpress\/wp-content\/uploads\/2020\/08\/castello-andraz-autunno2020-200x200.png 200w, https:\/\/www.radiopiu.net\/wordpress\/wp-content\/uploads\/2020\/08\/castello-andraz-autunno2020-80x80.png 80w\" sizes=\"auto, (max-width: 150px) 100vw, 150px\" \/><\/a>\n\t\t\t\t<\/dt><\/dl><dl class='gallery-item'>\n\t\t\t\t<dt class='gallery-icon portrait'>\n\t\t\t\t\t<a class=\"rollover rollover-zoom dt-pswp-item\" title=\"Lettura Tutto fra terra e cielo di Margherita Stevanato\" data-dt-img-description=\"\" data-large_image_width=\"1239\" data-large_image_height=\"1754\"href='https:\/\/www.radiopiu.net\/wordpress\/wp-content\/uploads\/2020\/09\/Lettura-Tutto-fra-terra-e-cielo-di-Margherita-Stevanato.jpg'><img loading=\"lazy\" decoding=\"async\" width=\"150\" height=\"150\" src=\"https:\/\/www.radiopiu.net\/wordpress\/wp-content\/uploads\/2020\/09\/Lettura-Tutto-fra-terra-e-cielo-di-Margherita-Stevanato-150x150.jpg\" class=\"attachment-thumbnail size-thumbnail\" alt=\"\" srcset=\"https:\/\/www.radiopiu.net\/wordpress\/wp-content\/uploads\/2020\/09\/Lettura-Tutto-fra-terra-e-cielo-di-Margherita-Stevanato-150x150.jpg 150w, https:\/\/www.radiopiu.net\/wordpress\/wp-content\/uploads\/2020\/09\/Lettura-Tutto-fra-terra-e-cielo-di-Margherita-Stevanato-125x125.jpg 125w, https:\/\/www.radiopiu.net\/wordpress\/wp-content\/uploads\/2020\/09\/Lettura-Tutto-fra-terra-e-cielo-di-Margherita-Stevanato-200x200.jpg 200w, https:\/\/www.radiopiu.net\/wordpress\/wp-content\/uploads\/2020\/09\/Lettura-Tutto-fra-terra-e-cielo-di-Margherita-Stevanato-80x80.jpg 80w\" sizes=\"auto, (max-width: 150px) 100vw, 150px\" \/><\/a>\n\t\t\t\t<\/dt><\/dl>\n\t\t\t\t<br style='clear: both' \/>\n\t\t\t<\/div>\n\n<hr \/>\n<p>&nbsp;<\/p>\n<h2>IERI ALLA RADIO<\/h2>\n<h2><span style=\"color: #333399;\"><strong class=\"photoswipe-wrapper\">LA RASSEGNA STAMPA DALL&#8217;AMICO DEL POPOLO di Gianni Santomaso <\/strong><\/span><\/h2>\n<p><a class=\"dt-pswp-item\" href=\"https:\/\/www.radiopiu.net\/wordpress\/wp-content\/uploads\/2020\/08\/4927e3d0-443b-4362-b274-db764a95b4ee.jpg\" data-dt-img-description=\"\" data-large_image_width=\"1600\" data-large_image_height=\"903\"><img loading=\"lazy\" decoding=\"async\" class=\"size-medium wp-image-158579 alignleft\" src=\"https:\/\/www.radiopiu.net\/wordpress\/wp-content\/uploads\/2020\/08\/4927e3d0-443b-4362-b274-db764a95b4ee-300x169.jpg\" alt=\"\" width=\"300\" height=\"169\" srcset=\"https:\/\/www.radiopiu.net\/wordpress\/wp-content\/uploads\/2020\/08\/4927e3d0-443b-4362-b274-db764a95b4ee-300x169.jpg 300w, https:\/\/www.radiopiu.net\/wordpress\/wp-content\/uploads\/2020\/08\/4927e3d0-443b-4362-b274-db764a95b4ee-1024x578.jpg 1024w, https:\/\/www.radiopiu.net\/wordpress\/wp-content\/uploads\/2020\/08\/4927e3d0-443b-4362-b274-db764a95b4ee-768x433.jpg 768w, https:\/\/www.radiopiu.net\/wordpress\/wp-content\/uploads\/2020\/08\/4927e3d0-443b-4362-b274-db764a95b4ee-1536x867.jpg 1536w, https:\/\/www.radiopiu.net\/wordpress\/wp-content\/uploads\/2020\/08\/4927e3d0-443b-4362-b274-db764a95b4ee-640x361.jpg 640w, https:\/\/www.radiopiu.net\/wordpress\/wp-content\/uploads\/2020\/08\/4927e3d0-443b-4362-b274-db764a95b4ee.jpg 1600w\" sizes=\"auto, (max-width: 300px) 100vw, 300px\" \/><\/a><strong>OSPITE: Ester Cason Angelini<\/strong><\/p>\n<audio class=\"wp-audio-shortcode\" id=\"audio-159262-1\" preload=\"none\" style=\"width: 100%;\" controls=\"controls\"><source type=\"audio\/mpeg\" src=\"https:\/\/www.radiopiu.net\/wordpress\/wp-content\/uploads\/2020\/09\/RASSEGNA-GIANNI.mp3?_=1\" \/><a href=\"https:\/\/www.radiopiu.net\/wordpress\/wp-content\/uploads\/2020\/09\/RASSEGNA-GIANNI.mp3\">https:\/\/www.radiopiu.net\/wordpress\/wp-content\/uploads\/2020\/09\/RASSEGNA-GIANNI.mp3<\/a><\/audio>\n<p>&nbsp;<\/p>\n<hr \/>\n<p>&nbsp;<\/p>\n<h2><span style=\"color: #ff0000;\">DUE MINUTI UN LIBRO<\/span><\/h2>\n<blockquote class=\"wp-embedded-content\" data-secret=\"hBGalde7xR\"><p><a href=\"https:\/\/www.radiopiu.net\/wordpress\/io-sono-il-potere\/\">IO SONO IL POTERE<\/a><\/p><\/blockquote>\n<p><iframe loading=\"lazy\" class=\"wp-embedded-content\" sandbox=\"allow-scripts\" security=\"restricted\" style=\"position: absolute; clip: rect(1px, 1px, 1px, 1px);\" title=\"&#8220;IO SONO IL POTERE&#8221; &#8212; Radio Pi\u00f9\" src=\"https:\/\/www.radiopiu.net\/wordpress\/io-sono-il-potere\/embed\/#?secret=hBGalde7xR\" data-secret=\"hBGalde7xR\" width=\"600\" height=\"338\" frameborder=\"0\" marginwidth=\"0\" marginheight=\"0\" scrolling=\"no\"><\/iframe><\/p>\n<p><strong>LE ALTRE PUNTATE<\/strong><\/p>\n<blockquote class=\"wp-embedded-content\" data-secret=\"zbjnTdA0uN\"><p><a href=\"https:\/\/www.radiopiu.net\/wordpress\/due-minuti-un-libro\/\">Due minuti un libro<\/a><\/p><\/blockquote>\n<p><iframe loading=\"lazy\" class=\"wp-embedded-content\" sandbox=\"allow-scripts\" security=\"restricted\" style=\"position: absolute; clip: rect(1px, 1px, 1px, 1px);\" title=\"&#8220;Due minuti un libro&#8221; &#8212; Radio Pi\u00f9\" src=\"https:\/\/www.radiopiu.net\/wordpress\/due-minuti-un-libro\/embed\/#?secret=zbjnTdA0uN\" data-secret=\"zbjnTdA0uN\" width=\"600\" height=\"338\" frameborder=\"0\" marginwidth=\"0\" marginheight=\"0\" scrolling=\"no\"><\/iframe><\/p>\n<p>&nbsp;<\/p>\n<hr \/>\n<p>&nbsp;<\/p>\n<div>\n<h2><span style=\"color: #000080;\">DON CESARE, IL PENSIERO DEL GIORNO. ALLA RADIO ALLE 7 DEL MATTINO E ALLE 19.30 DELLA SERA.<\/span><\/h2>\n<audio class=\"wp-audio-shortcode\" id=\"audio-159262-2\" preload=\"none\" style=\"width: 100%;\" controls=\"controls\"><source type=\"audio\/mpeg\" src=\"https:\/\/www.radiopiu.net\/wordpress\/wp-content\/uploads\/2020\/09\/CESARE-06-sett.mp3?_=2\" \/><a href=\"https:\/\/www.radiopiu.net\/wordpress\/wp-content\/uploads\/2020\/09\/CESARE-06-sett.mp3\">https:\/\/www.radiopiu.net\/wordpress\/wp-content\/uploads\/2020\/09\/CESARE-06-sett.mp3<\/a><\/audio>\n<p>&nbsp;<\/p>\n<p>&nbsp;<\/p>\n<hr \/>\n<p>&nbsp;<\/p>\n<h2><span style=\"color: #008000;\">AGORDINOMERON&#8230;LA RACCOLTA<\/span><\/h2>\n<blockquote class=\"wp-embedded-content\" data-secret=\"LTpoYcTU5u\"><p><a href=\"https:\/\/www.radiopiu.net\/wordpress\/agordinomeron\/\">AGORDINOMERON, IL TERRITORIO SI RACCONTA Da un&#8217;idea di Gianni Santomaso<\/a><\/p><\/blockquote>\n<p><iframe loading=\"lazy\" class=\"wp-embedded-content\" sandbox=\"allow-scripts\" security=\"restricted\" style=\"position: absolute; clip: rect(1px, 1px, 1px, 1px);\" title=\"&#8220;AGORDINOMERON, IL TERRITORIO SI RACCONTA Da un&#8217;idea di Gianni Santomaso&#8221; &#8212; Radio Pi\u00f9\" src=\"https:\/\/www.radiopiu.net\/wordpress\/agordinomeron\/embed\/#?secret=LTpoYcTU5u\" data-secret=\"LTpoYcTU5u\" width=\"600\" height=\"338\" frameborder=\"0\" marginwidth=\"0\" marginheight=\"0\" scrolling=\"no\"><\/iframe><\/p>\n<p>&nbsp;<\/p>\n<hr \/>\n<p>&nbsp;<\/p>\n<p>&nbsp;<\/p>\n<h2><span style=\"color: #ff00ff;\">ZAINO DA VIAGGIO AL FEMMINILE DI PAOLA LANCIATO il martedi alle 10.30 e 1900 la domenica alle 11<\/span><\/h2>\n<h1>LA RACCOLTA COMPLETA<\/h1>\n<blockquote class=\"wp-embedded-content\" data-secret=\"BSzdsvIGLY\"><p><a href=\"https:\/\/www.radiopiu.net\/wordpress\/zaino-femminile-lanciato\/\">Zaino da viaggio al femminile<\/a><\/p><\/blockquote>\n<p><iframe loading=\"lazy\" class=\"wp-embedded-content\" sandbox=\"allow-scripts\" security=\"restricted\" style=\"position: absolute; clip: rect(1px, 1px, 1px, 1px);\" title=\"&#8220;Zaino da viaggio al femminile&#8221; &#8212; Radio Pi\u00f9\" src=\"https:\/\/www.radiopiu.net\/wordpress\/zaino-femminile-lanciato\/embed\/#?secret=BSzdsvIGLY\" data-secret=\"BSzdsvIGLY\" width=\"600\" height=\"338\" frameborder=\"0\" marginwidth=\"0\" marginheight=\"0\" scrolling=\"no\"><\/iframe><\/p>\n<hr \/>\n<p>&nbsp;<\/p>\n<h2><span style=\"color: #33cccc;\">I RACCONTI DI PAOLO SOPPELSA il lunedi alle 9.30 e 18.30<\/span><\/h2>\n<h2><span style=\"color: #33cccc;\"><strong>LA RACCOLTA COMPLETA<\/strong><\/span><\/h2>\n<blockquote class=\"wp-embedded-content\" data-secret=\"Ke1rOSwSAj\"><p><a href=\"https:\/\/www.radiopiu.net\/wordpress\/i-racconti-di-paolo-soppelsa\/\">I racconti di Paolo Soppelsa<\/a><\/p><\/blockquote>\n<p><iframe loading=\"lazy\" class=\"wp-embedded-content\" sandbox=\"allow-scripts\" security=\"restricted\" style=\"position: absolute; clip: rect(1px, 1px, 1px, 1px);\" title=\"&#8220;I racconti di Paolo Soppelsa&#8221; &#8212; Radio Pi\u00f9\" src=\"https:\/\/www.radiopiu.net\/wordpress\/i-racconti-di-paolo-soppelsa\/embed\/#?secret=Ke1rOSwSAj\" data-secret=\"Ke1rOSwSAj\" width=\"600\" height=\"338\" frameborder=\"0\" marginwidth=\"0\" marginheight=\"0\" scrolling=\"no\"><\/iframe><\/p>\n<p>&nbsp;<\/p>\n<hr \/>\n<p>&nbsp;<\/p>\n<h2><span style=\"color: #99cc00;\">SUL SITO DI RADIO PIU&#8217; LA VIDEO GALLERY<\/span><\/h2>\n<blockquote class=\"wp-embedded-content\" data-secret=\"QoehHAZao6\"><p><a href=\"https:\/\/www.radiopiu.net\/wordpress\/ep-center-video-gallery\/\">EP CENTER video gallery<\/a><\/p><\/blockquote>\n<p><iframe loading=\"lazy\" class=\"wp-embedded-content\" sandbox=\"allow-scripts\" security=\"restricted\" style=\"position: absolute; clip: rect(1px, 1px, 1px, 1px);\" title=\"&#8220;EP CENTER video gallery&#8221; &#8212; Radio Pi\u00f9\" src=\"https:\/\/www.radiopiu.net\/wordpress\/ep-center-video-gallery\/embed\/#?secret=QoehHAZao6\" data-secret=\"QoehHAZao6\" width=\"600\" height=\"338\" frameborder=\"0\" marginwidth=\"0\" marginheight=\"0\" scrolling=\"no\"><\/iframe><\/p>\n<p>&nbsp;<\/p>\n<hr \/>\n<p>&nbsp;<\/p>\n<p><a class=\"dt-pswp-item\" href=\"https:\/\/www.radiopiu.net\/wordpress\/wp-content\/uploads\/2018\/09\/viabilita.jpeg\" data-dt-img-description=\"\" data-large_image_width=\"800\" data-large_image_height=\"100\"><img loading=\"lazy\" decoding=\"async\" class=\"aligncenter wp-image-61954 size-full\" src=\"https:\/\/www.radiopiu.net\/wordpress\/wp-content\/uploads\/2018\/09\/viabilita.jpeg\" alt=\"\" width=\"800\" height=\"100\" srcset=\"https:\/\/www.radiopiu.net\/wordpress\/wp-content\/uploads\/2018\/09\/viabilita.jpeg 800w, https:\/\/www.radiopiu.net\/wordpress\/wp-content\/uploads\/2018\/09\/viabilita-300x38.jpeg 300w, https:\/\/www.radiopiu.net\/wordpress\/wp-content\/uploads\/2018\/09\/viabilita-768x96.jpeg 768w\" sizes=\"auto, (max-width: 800px) 100vw, 800px\" \/><\/a><\/p>\n<\/div>\n<p>&nbsp;<\/p>\n<p><strong>SR 203 AGORDINA<\/strong> In una giornata dal 7 a l&#8217;11 settembre dalle 8 alle 18 senso unico alternato regolato da movieri tra La Stanga e La Muda per rifacimento linea aerea fibre ottiche<\/p>\n<p><strong>SP1 SINISTRA PIAVE<\/strong>\u00a0 fino al 11 settembre, rotatoria Bardies-rotatoria Lentiai deviazione della corrente di traffico con direzione Feltre-Belluno lungo la vecchia SP1 in sinistra Piave per l\u2019abitato di Lentiai e Bardies<\/p>\n<p><strong>SP 7 DI ZOPPE&#8217;<\/strong> Dal 7 al 25 settembre, esclusi sabato e domenica, dalle 7:30 alle 12 e dalle 13 alle 17:30, temporanee interruzioni al traffico della durata massima di 30 minuti in comune di Val Di Zoldo per rifacimento rete idrica e fognaria<\/p>\n<p><strong>SR 203 AGORDINA<\/strong> dal 6 al 16 settembre, dalle 19 alle 6, senso unico alternato regolato da movieri alla galleria di Listolade a Taibon Agordino per asfaltatura<\/p>\n<p><strong>SP 30 PANORAMICA DEL COMELICO<\/strong> fino al 2 ottobre, esclusi sabati e domeniche, interdizione totale alla viabilit\u00e0 in entrambi i sensi di marcia tra Costa e Costalissoi per messa in sicurezza strada<\/p>\n<p><strong>SP 20 VAL FIORENTINA<\/strong> Fino al 15 settembre, esclusi sabati e domeniche, senso unico alternato in localit\u00e0 Solator di Selva Di Cadore per allargamento carreggiata<\/p>\n<p><strong>PROVINCIALE 473 CROCE D&#8217;AUNE<\/strong> Dal 31 agosto al 12 settembre interidizione totale alla transtiabilit\u00e0 nell&#8217;abitato di Pedavena inclusi sabato e domenica<\/p>\n<p><strong>SP473 CROCE D&#8217;AUNE<\/strong>\u00a0 In localit\u00e0 Gorna di Sovramonte dal 1 al 10 settembre interruzioni temporanee fino a 30 minuti dalle 8 alle 12 e dalle 13.30 alle 17.30 eclusi sabato e domenica<\/p>\n<p><strong>SP 3 VALLE IMPERINA<\/strong> Tra Corde Mole e Vallasin dalle 8 alle 11.45 e dalle 13.30 alle 17.30 dal 1 settembre all&#8217;11 settembre (esclusi sabato e domenica) temporanee<strong> interruzioni<\/strong> alla viabilit\u00e0 massimo 30 minuti per esbosco.<\/p>\n<p><strong>SP 29 COL FALCON<\/strong>\u00a0 Tra Col Falcon e innesto strada del Servo dal 1 all&#8217;11 settembre (sabato e domenica escluso)\u00a0 dalle 7 alle 18 <strong>interdizione<\/strong> totale alla viabilit\u00e0 per asfaltatura.<\/p>\n<p><strong>SP 641 PASSO FEDAIA<\/strong> A\u00a0 Capanna Bill e\u00a0 a Col di Rocca dal 1 al 30 settembre senso unico alternato regolato da semaforo.<\/p>\n<p><strong>SP 251 VAL CELLINA<\/strong> Da Pescul a Selva di Cadore dal 1 all&#8217;11 settembre (sabato e domenica esclusi) senso unico alternato per posa fibre ottiche<\/p>\n<p><strong>REGIONALE 203 AGORDINA<\/strong> Dal 1 al 30 settembre (sabato e domenica esclusi) tra Candaten e La Stanga dalle 7.30 alle 9 e dalle 16.30 alle 18 con movieri e negli altri orari con semaforo, senso unico alternato.<\/p>\n<div>\n<p><strong>SR 48 DELLE DOLOMITI<\/strong> FINO\u00a0 AL 30 SETTEMBRE, DALLE 7 ALLE 17, ESCLUSI SABATO E DOMENICA, SALTUARIA ISTITUZIONE DI SENSO UNICO ALTERNATO REGOLATO DA MOVIERI PER PERIODI CONTINUATIVI NON SUPERIORI A 10 MINUTI NEI COMUNI DI CORTINA ED AURONZO DI CADORE PER CARICO SCARICO MATERIALI NECESSARI PER LA POSA DELL&#8217;ELTRODOTTO INTERRATO<\/p>\n<p><strong>SR 48 DELLE DOLOMITI<\/strong> DAL 1 AL 30 settembre in localit\u00e0 Pocol (Cortina) senso unico alternato, esclusi sabato e domenica<\/p>\n<p><strong>SR 48 DELLE DOLOMITI<\/strong> Dal 1 settembre al 9 ottobre senso unico alternato in localit\u00e0 Cernadoi, escluso sabato e domeniche<\/p>\n<p><strong>SR 48 DELLE DOLOMITI<\/strong> dal 1 al 30 settembre esclusi sabato e domenica senso unico alternato tra Cernadoi e Pian Falzarego<\/p>\n<p><strong>Provinciale 40, Val Senaiga-Arina,<\/strong> Comune di Lamon. Dal 1 all&#8217;11 settembre (sabato e domenica esclusi) per asfaltatura di tratti stradali INTERRUZIONE alla transitabilit\u00e0 dalle 8 alle 12 e dalle 14 alle 18. Nei periodi non interessati da chiusure \u00e8 previsto il senso unico alternato<\/p>\n<p><strong>SP 7 DI ZOPPE&#8217; DI CADORE,<\/strong> SENSO UNICO ALTERNATO REGOLATO DA MOVIERI CON BREVI INTERRUZIONI DI MASSIMO 10 MINUTI FINO\u00a0 AL 18 SETTEMBRE, DALLE 7:30 ALLE 17:30 ESCLUSI SABATI, DOMENICHE E FESTIVI INFRASETTIMANALI, PER MESSA IN SICUREZZA DELLA SEDE STRADALE<\/p>\n<p><strong>SP 40, COMUNE DI LAMON.<\/strong>\u00a0 FINO ALL&#8217;11 SETTEMBRE, ESCLUSI SABATO E DOMENICA, POSSIBILI INTERRUZIONI AL TRAFFICO DELLA DURATA MASSIMA DI 30 MINUTI DALLE 8 ALLE 12 E DALLE 13 ALLE 17 PER REALIZZAZIONE NUOVA TOMBINATURA. NEGLI ALTRI ORARI ISTITUZIONE DI SENSO UNICO ALTERNATO REGOLATO DA IMPIANTO SEMAFORICO O MOVIERI<\/p>\n<p><strong>SP 1 MADONNA DEL PIAVE<\/strong>\u00a0fino a revoca, senso unico alternato regolato da semaforo in localit\u00e0 Caorera di Quero Vas per lavori di messa in sicurezza piano viabile<\/p>\n<p>&nbsp;<\/p>\n<p>&nbsp;<\/p>\n<hr \/>\n<p>&nbsp;<\/p>\n<p class=\"photoswipe-wrapper\"><a class=\"dt-pswp-item pspw-wrap-ready\" href=\"https:\/\/i0.wp.com\/www.radiopiu.net\/wordpress\/wp-content\/uploads\/2018\/09\/WhatsApp-Image-2018-09-20-at-16.04.06.jpeg?ssl=1\" data-dt-img-description=\"\" data-large_image_width=\"800\" data-large_image_height=\"100\"><img loading=\"lazy\" decoding=\"async\" class=\"aligncenter wp-image-61378 size-full jetpack-lazy-image jetpack-lazy-image--handled\" src=\"https:\/\/i0.wp.com\/www.radiopiu.net\/wordpress\/wp-content\/uploads\/2018\/09\/WhatsApp-Image-2018-09-20-at-16.04.06.jpeg?resize=800%2C100&amp;ssl=1\" sizes=\"auto, (max-width: 800px) 100vw, 800px\" srcset=\"https:\/\/i0.wp.com\/www.radiopiu.net\/wordpress\/wp-content\/uploads\/2018\/09\/WhatsApp-Image-2018-09-20-at-16.04.06.jpeg?w=800&amp;ssl=1 800w, https:\/\/i0.wp.com\/www.radiopiu.net\/wordpress\/wp-content\/uploads\/2018\/09\/WhatsApp-Image-2018-09-20-at-16.04.06.jpeg?resize=300%2C38&amp;ssl=1 300w, https:\/\/i0.wp.com\/www.radiopiu.net\/wordpress\/wp-content\/uploads\/2018\/09\/WhatsApp-Image-2018-09-20-at-16.04.06.jpeg?resize=768%2C96&amp;ssl=1 768w\" alt=\"\" width=\"800\" height=\"100\" data-lazy-loaded=\"1\" \/><\/a><\/p>\n<p>&nbsp;<\/p>\n<p><center><b>Domenica 6<\/b><\/center><b>Tempo atteso:\u00a0<\/b>Cielo irregolarmente nuvoloso, con spazi di sereno un po&#8217; pi\u00f9 presenti sulle Prealpi almeno all&#8217;inizio e tendenza ad una copertura via via pi\u00f9 estesa specie sulle Dolomiti.<br \/>\n<b>Precipitazioni:\u00a0<\/b>Probabilit\u00e0 nel complesso medio-alta (60-80%) di piogge sparse anche a carattere di rovescio o temporale, temporaneamente abbastanza frequenti e diffuse specie dal pomeriggio in poi sulle Dolomiti, dove sulle cime pi\u00f9 alte potr\u00e0 cadere un po&#8217; di neve; fenomeni pi\u00f9 radi sulle Prealpi, specie ad ovest fino al pomeriggio.<br \/>\n<b>Temperature:\u00a0<\/b>Le minime nelle valli subiranno perlopi\u00f9 un contenuto aumento, in quota saranno stazionarie o in leggero calo e verranno raggiunte nelle ultime ore; massime ovunque in discreta diminuzione, con riduzione dell&#8217;escursione termica diurna; valori estremi in libera atmosfera sulle Prealpi 12\/15 \u00b0C a 1500 m e 9\/11 \u00b0C a 2000 m, sulle Dolomiti 9\/11 \u00b0C a 2000 m e 2\/5 \u00b0C a 3000 m.<br \/>\n<b>Venti:\u00a0<\/b>Nelle valli deboli con direzione variabile e in quota moderati da sud-ovest, sui 5-15 km\/h a 2000 m e sui 20-40 km\/h a 3000 m.<\/p>\n<hr \/>\n<p><center><b>Lunedi 7<\/b><\/center><b>Tempo atteso:\u00a0<\/b>Tempo da instabile a variabile, con copertura nuvolosa pi\u00f9 insistente sulle Dolomiti e schiarite un po&#8217; pi\u00f9 presenti sulle Prealpi almeno a fine giornata.<br \/>\n<b>Precipitazioni:\u00a0<\/b>Probabilit\u00e0 nel complesso medio-alta (60-80%) di piogge sparse con qualche possibile rovescio o temporale, temporaneamente abbastanza frequenti e diffuse fino al mattino; limite delle nevicate sui 2800-3100 m.<br \/>\n<b>Temperature:\u00a0<\/b>In discreto calo soprattutto le massime; valori estremi in libera atmosfera sulle Prealpi 10\/11 \u00b0C a 1500 m e 7\/9 \u00b0C a 2000 m, sulle Dolomiti 6\/8 \u00b0C a 2000 m e 1\/2 \u00b0C a 3000 m.<br \/>\n<b>Venti:\u00a0<\/b>Nelle valli deboli con direzione variabile e in quota moderati dai quadranti sud-occidentali, sui 5-15 km\/h a 2000 m e sui 20-40 km\/h a 3000 m.<\/p>\n<hr \/>\n<p><center><b>Martedi 8<\/b><\/center>A parte locali addensamenti di nubi medio-basse nelle prime ore, prevarr\u00e0 un cielo sereno od al pi\u00f9 occasionalmente poco nuvoloso; temperature minime un po&#8217; in calo, massime in aumento anche sensibile.<\/p>\n<hr \/>\n<p><center><b>Mercoledi 9<\/b><\/center>Cielo da sereno a localmente poco nuvoloso; temperature un po&#8217; in aumento, specie riguardo ai valori massimi. Previsore: AB<\/p>\n<\/div>\n<p><center><\/center><center><\/center>&nbsp;<\/p>\n<hr \/>\n<p>&nbsp;<\/p>\n<p><iframe loading=\"lazy\" title=\"Spot Buttalibene TV\" width=\"1200\" height=\"675\" src=\"https:\/\/www.youtube.com\/embed\/fjHWpfyAevE?feature=oembed\" frameborder=\"0\" allow=\"accelerometer; autoplay; clipboard-write; encrypted-media; gyroscope; picture-in-picture\" allowfullscreen><\/iframe><\/p>\n<hr \/>\n<p>&nbsp;<\/p>\n<p class=\"photoswipe-wrapper\"><a class=\"dt-pswp-item pspw-wrap-ready\" href=\"https:\/\/i1.wp.com\/www.radiopiu.net\/wordpress\/wp-content\/uploads\/2018\/09\/sport.jpg?ssl=1\" data-dt-img-description=\"\" data-large_image_width=\"800\" data-large_image_height=\"100\"><img loading=\"lazy\" decoding=\"async\" class=\"aligncenter wp-image-60761 size-full\" src=\"https:\/\/i1.wp.com\/www.radiopiu.net\/wordpress\/wp-content\/uploads\/2018\/09\/sport.jpg?resize=800%2C100&amp;ssl=1\" sizes=\"auto, (max-width: 800px) 100vw, 800px\" srcset=\"https:\/\/i1.wp.com\/www.radiopiu.net\/wordpress\/wp-content\/uploads\/2018\/09\/sport.jpg?w=800&amp;ssl=1 800w, https:\/\/i1.wp.com\/www.radiopiu.net\/wordpress\/wp-content\/uploads\/2018\/09\/sport.jpg?resize=300%2C38&amp;ssl=1 300w, https:\/\/i1.wp.com\/www.radiopiu.net\/wordpress\/wp-content\/uploads\/2018\/09\/sport.jpg?resize=768%2C96&amp;ssl=1 768w\" alt=\"\" width=\"800\" height=\"100\" data-recalc-dims=\"1\" \/><\/a><\/p>\n<p>&nbsp;<\/p>\n<blockquote>\n<h3>OGGI LA PRESENTAZIONE DELLE SQUADRE DELL\u2019ALLEGHE HOCKEY<\/h3>\n<\/blockquote>\n<p><strong class=\"photoswipe-wrapper\"><a class=\"dt-pswp-item pspw-wrap-ready\" href=\"https:\/\/i0.wp.com\/www.radiopiu.net\/wordpress\/wp-content\/uploads\/2020\/09\/PRESENTAZIONE-ALLEGHE-HOCKEY.jpg?ssl=1\" data-dt-img-description=\"\" data-large_image_width=\"1074\" data-large_image_height=\"1600\"><img loading=\"lazy\" decoding=\"async\" class=\"size-medium wp-image-158861 alignleft\" src=\"https:\/\/i0.wp.com\/www.radiopiu.net\/wordpress\/wp-content\/uploads\/2020\/09\/PRESENTAZIONE-ALLEGHE-HOCKEY.jpg?resize=201%2C300&amp;ssl=1\" sizes=\"auto, (max-width: 201px) 100vw, 201px\" srcset=\"https:\/\/i0.wp.com\/www.radiopiu.net\/wordpress\/wp-content\/uploads\/2020\/09\/PRESENTAZIONE-ALLEGHE-HOCKEY.jpg?resize=201%2C300&amp;ssl=1 201w, https:\/\/i0.wp.com\/www.radiopiu.net\/wordpress\/wp-content\/uploads\/2020\/09\/PRESENTAZIONE-ALLEGHE-HOCKEY.jpg?resize=687%2C1024&amp;ssl=1 687w, https:\/\/i0.wp.com\/www.radiopiu.net\/wordpress\/wp-content\/uploads\/2020\/09\/PRESENTAZIONE-ALLEGHE-HOCKEY.jpg?resize=768%2C1144&amp;ssl=1 768w, https:\/\/i0.wp.com\/www.radiopiu.net\/wordpress\/wp-content\/uploads\/2020\/09\/PRESENTAZIONE-ALLEGHE-HOCKEY.jpg?resize=1031%2C1536&amp;ssl=1 1031w, https:\/\/i0.wp.com\/www.radiopiu.net\/wordpress\/wp-content\/uploads\/2020\/09\/PRESENTAZIONE-ALLEGHE-HOCKEY.jpg?resize=322%2C480&amp;ssl=1 322w, https:\/\/i0.wp.com\/www.radiopiu.net\/wordpress\/wp-content\/uploads\/2020\/09\/PRESENTAZIONE-ALLEGHE-HOCKEY.jpg?w=1074&amp;ssl=1 1074w\" alt=\"\" width=\"201\" height=\"300\" data-recalc-dims=\"1\" \/><\/a>ALLEGHE\u00a0<\/strong>E\u2019 in programma oggi la presentazione delle squadre dell\u2019Alleghe Hockey. La location scelta dalle Civette sar\u00e0 l\u2019area\u00a0Pic-Nic \u00a0ai Piani di Pezz\u00e8. Inizio alle 11:30 con la famiglia Alleghe Hockey al gran completo. Dalla under 7\/9\/11, under 13\/15, under 17\/19 alla prima squadra che parteciper\u00e0 all\u2019imminente stagione della Italian Hockey League. Presentazione a cura di Radio Pi\u00f9. In caso di maltempo la\u00a0giornata verr\u00e0 rinviata al 13 settembre.<\/p>\n","protected":false},"excerpt":{"rendered":"<p>PER RICEVERE QUESTO NOTIZIARIO DIRETTAMENTE SUL TUO CELLULARE ISCRIVITI AL CANALE TELEGRAM\u00a0\u201cRADIO PIU\u00a0 INFORMAZIONE ATTENZIONE: LA NUOVA APP PER IOS-IPHONE https:\/\/apps.apple.com\/it\/app\/radio-pi%C3%B9-emittente-agordina\/id1515939845 ATTENZIONE: LA NUOVA APP RADIO\u00a0 PER ANDROID https:\/\/play.google.com\/store\/apps\/details?id=net.radiopiu.iniko &nbsp; &nbsp; DALLA PAGINA FACEBOOK DEL SOCCORSO ALPINO Ti salutiamo con immenso dolore, Sergio. Abbiamo finito da tempo le parole. Ci stringiamo alla tua famiglia. AGORDO&hellip;<\/p>\n","protected":false},"author":4,"featured_media":159341,"comment_status":"closed","ping_status":"closed","sticky":false,"template":"","format":"standard","meta":{"_monsterinsights_skip_tracking":false,"_monsterinsights_sitenote_active":false,"_monsterinsights_sitenote_note":"","_monsterinsights_sitenote_category":0,"footnotes":""},"categories":[86,49],"tags":[],"class_list":["post-159262","post","type-post","status-publish","format-standard","has-post-thumbnail","hentry","category-gr","category-news-18","category-86","category-49","description-off"],"img_url":"https:\/\/www.radiopiu.net\/wordpress\/wp-content\/uploads\/2020\/09\/118850801_1393328297529433_527992291578282989_o.jpg","_links":{"self":[{"href":"https:\/\/www.radiopiu.net\/wordpress\/wp-json\/wp\/v2\/posts\/159262","targetHints":{"allow":["GET"]}}],"collection":[{"href":"https:\/\/www.radiopiu.net\/wordpress\/wp-json\/wp\/v2\/posts"}],"about":[{"href":"https:\/\/www.radiopiu.net\/wordpress\/wp-json\/wp\/v2\/types\/post"}],"author":[{"embeddable":true,"href":"https:\/\/www.radiopiu.net\/wordpress\/wp-json\/wp\/v2\/users\/4"}],"replies":[{"embeddable":true,"href":"https:\/\/www.radiopiu.net\/wordpress\/wp-json\/wp\/v2\/comments?post=159262"}],"version-history":[{"count":0,"href":"https:\/\/www.radiopiu.net\/wordpress\/wp-json\/wp\/v2\/posts\/159262\/revisions"}],"wp:featuredmedia":[{"embeddable":true,"href":"https:\/\/www.radiopiu.net\/wordpress\/wp-json\/wp\/v2\/media\/159341"}],"wp:attachment":[{"href":"https:\/\/www.radiopiu.net\/wordpress\/wp-json\/wp\/v2\/media?parent=159262"}],"wp:term":[{"taxonomy":"category","embeddable":true,"href":"https:\/\/www.radiopiu.net\/wordpress\/wp-json\/wp\/v2\/categories?post=159262"},{"taxonomy":"post_tag","embeddable":true,"href":"https:\/\/www.radiopiu.net\/wordpress\/wp-json\/wp\/v2\/tags?post=159262"}],"curies":[{"name":"wp","href":"https:\/\/api.w.org\/{rel}","templated":true}]}}