{"id":159333,"date":"2020-09-05T23:59:24","date_gmt":"2020-09-05T21:59:24","guid":{"rendered":"https:\/\/www.radiopiu.net\/wordpress\/?p=159333"},"modified":"2020-09-05T20:47:25","modified_gmt":"2020-09-05T18:47:25","slug":"il-presidente-della-provincia-a-codogno-per-una-giornata-particolare","status":"publish","type":"post","link":"https:\/\/www.radiopiu.net\/wordpress\/il-presidente-della-provincia-a-codogno-per-una-giornata-particolare\/","title":{"rendered":"IL PRESIDENTE DELLA PROVINCIA A CODOGNO PER UNA GIORNATA PARTICOLARE"},"content":{"rendered":"<p><strong>CODOGNO (LODI)\u00a0<\/strong>Ieri\u00a0a Codogno ha preso parte alla manifestazione \u201cRipartiamo insieme da dove tutto \u00e8 cominciato\u201d il Presidente della provincia Roberto Padrin. Ha incontrato il paziente 1, Mattia Maestri, e partecipato alla messa di suffragio. Da calciatore ha giocato anche il triangolare con la Nazionale Italiana sindaci, contro gli amministratori della Provincia di Lodi (che schierava anche Maestri) e una rappresentativa delle associazioni di volontariato della zona.<br \/>\n\u00ab<em>Questa \u00e8 stata una bella occasione di vicinanza alla comunit\u00e0 di Codogno e alla comunit\u00e0 di V\u00f2 Euganeo, presente con il sindaco, che hanno rappresentato il simbolo della pandemia in Italia. Abbiamo condiviso con gli amministratori una giornata di dibattito sui temi della ripartenza. Ho conosciuto Mattia Maestri, il paziente 1, che mi ha raccontato la sua storia; l\u2019ho invitato a una serata nel Bellunese, per parlare della sua esperienza<\/em>\u00bb. Erano presenti oltre 130 sindaci da Veneto e Lombardia<\/p>\n\n\t\t\t<style type='text\/css'>\n\t\t\t\t#gallery-1 {\n\t\t\t\t\tmargin: auto;\n\t\t\t\t}\n\t\t\t\t#gallery-1 .gallery-item {\n\t\t\t\t\tfloat: left;\n\t\t\t\t\tmargin-top: 10px;\n\t\t\t\t\ttext-align: center;\n\t\t\t\t\twidth: 50%;\n\t\t\t\t}\n\t\t\t\t#gallery-1 img {\n\t\t\t\t\tborder: 2px solid #cfcfcf;\n\t\t\t\t}\n\t\t\t\t#gallery-1 .gallery-caption {\n\t\t\t\t\tmargin-left: 0;\n\t\t\t\t}\n\t\t\t\t\/* see gallery_shortcode() in wp-includes\/media.php *\/\n\t\t\t<\/style>\n\t\t<div id='gallery-1' class='dt-gallery-container gallery galleryid-159333 gallery-columns-2 gallery-size-thumbnail'><dl class='gallery-item'>\n\t\t\t\t<dt class='gallery-icon portrait'>\n\t\t\t\t\t<a class=\"rollover rollover-zoom dt-pswp-item\" title=\"d232ea54-69fb-4a59-9b19-04219d7b09df\" data-dt-img-description=\"\" data-large_image_width=\"1200\" data-large_image_height=\"1600\"href='https:\/\/www.radiopiu.net\/wordpress\/wp-content\/uploads\/2020\/09\/d232ea54-69fb-4a59-9b19-04219d7b09df.jpg'><img loading=\"lazy\" decoding=\"async\" width=\"150\" height=\"150\" src=\"https:\/\/www.radiopiu.net\/wordpress\/wp-content\/uploads\/2020\/09\/d232ea54-69fb-4a59-9b19-04219d7b09df-150x150.jpg\" class=\"attachment-thumbnail size-thumbnail\" alt=\"\" aria-describedby=\"gallery-1-159334\" srcset=\"https:\/\/www.radiopiu.net\/wordpress\/wp-content\/uploads\/2020\/09\/d232ea54-69fb-4a59-9b19-04219d7b09df-150x150.jpg 150w, https:\/\/www.radiopiu.net\/wordpress\/wp-content\/uploads\/2020\/09\/d232ea54-69fb-4a59-9b19-04219d7b09df-125x125.jpg 125w, https:\/\/www.radiopiu.net\/wordpress\/wp-content\/uploads\/2020\/09\/d232ea54-69fb-4a59-9b19-04219d7b09df-200x200.jpg 200w, https:\/\/www.radiopiu.net\/wordpress\/wp-content\/uploads\/2020\/09\/d232ea54-69fb-4a59-9b19-04219d7b09df-80x80.jpg 80w\" sizes=\"auto, (max-width: 150px) 100vw, 150px\" \/><\/a>\n\t\t\t\t<\/dt>\n\t\t\t\t\t<dd class='wp-caption-text gallery-caption' id='gallery-1-159334'>\n\t\t\t\t\tPadrin con i presidenti delle provincie di Lodi e Verona\n\t\t\t\t\t<\/dd><\/dl><dl class='gallery-item'>\n\t\t\t\t<dt class='gallery-icon landscape'>\n\t\t\t\t\t<a class=\"rollover rollover-zoom dt-pswp-item\" title=\"b9e84fd5-d8e5-4d0d-88fe-f4f479080cb1\" data-dt-img-description=\"\" data-large_image_width=\"1600\" data-large_image_height=\"900\"href='https:\/\/www.radiopiu.net\/wordpress\/wp-content\/uploads\/2020\/09\/b9e84fd5-d8e5-4d0d-88fe-f4f479080cb1.jpg'><img loading=\"lazy\" decoding=\"async\" width=\"150\" height=\"150\" src=\"https:\/\/www.radiopiu.net\/wordpress\/wp-content\/uploads\/2020\/09\/b9e84fd5-d8e5-4d0d-88fe-f4f479080cb1-150x150.jpg\" class=\"attachment-thumbnail size-thumbnail\" alt=\"\" aria-describedby=\"gallery-1-159335\" srcset=\"https:\/\/www.radiopiu.net\/wordpress\/wp-content\/uploads\/2020\/09\/b9e84fd5-d8e5-4d0d-88fe-f4f479080cb1-150x150.jpg 150w, https:\/\/www.radiopiu.net\/wordpress\/wp-content\/uploads\/2020\/09\/b9e84fd5-d8e5-4d0d-88fe-f4f479080cb1-125x125.jpg 125w, https:\/\/www.radiopiu.net\/wordpress\/wp-content\/uploads\/2020\/09\/b9e84fd5-d8e5-4d0d-88fe-f4f479080cb1-200x200.jpg 200w, https:\/\/www.radiopiu.net\/wordpress\/wp-content\/uploads\/2020\/09\/b9e84fd5-d8e5-4d0d-88fe-f4f479080cb1-80x80.jpg 80w\" sizes=\"auto, (max-width: 150px) 100vw, 150px\" \/><\/a>\n\t\t\t\t<\/dt>\n\t\t\t\t\t<dd class='wp-caption-text gallery-caption' id='gallery-1-159335'>\n\t\t\t\t\tLa foto di gruppo\n\t\t\t\t\t<\/dd><\/dl><br style=\"clear: both\" \/>\n\t\t\t<\/div>\n\n<p>&nbsp;<\/p>\n","protected":false},"excerpt":{"rendered":"<p>CODOGNO (LODI)\u00a0Ieri\u00a0a Codogno ha preso parte alla manifestazione \u201cRipartiamo insieme da dove tutto \u00e8 cominciato\u201d il Presidente della provincia Roberto Padrin. Ha incontrato il paziente 1, Mattia Maestri, e partecipato alla messa di suffragio. Da calciatore ha giocato anche il triangolare con la Nazionale Italiana sindaci, contro gli amministratori della Provincia di Lodi (che schierava&hellip;<\/p>\n","protected":false},"author":4,"featured_media":159334,"comment_status":"closed","ping_status":"closed","sticky":false,"template":"","format":"standard","meta":{"_monsterinsights_skip_tracking":false,"_monsterinsights_sitenote_active":false,"_monsterinsights_sitenote_note":"","_monsterinsights_sitenote_category":0,"footnotes":""},"categories":[51,49],"tags":[],"class_list":["post-159333","post","type-post","status-publish","format-standard","has-post-thumbnail","hentry","category-evidenza-top","category-news-18","category-51","category-49","description-off"],"img_url":"https:\/\/www.radiopiu.net\/wordpress\/wp-content\/uploads\/2020\/09\/d232ea54-69fb-4a59-9b19-04219d7b09df.jpg","_links":{"self":[{"href":"https:\/\/www.radiopiu.net\/wordpress\/wp-json\/wp\/v2\/posts\/159333","targetHints":{"allow":["GET"]}}],"collection":[{"href":"https:\/\/www.radiopiu.net\/wordpress\/wp-json\/wp\/v2\/posts"}],"about":[{"href":"https:\/\/www.radiopiu.net\/wordpress\/wp-json\/wp\/v2\/types\/post"}],"author":[{"embeddable":true,"href":"https:\/\/www.radiopiu.net\/wordpress\/wp-json\/wp\/v2\/users\/4"}],"replies":[{"embeddable":true,"href":"https:\/\/www.radiopiu.net\/wordpress\/wp-json\/wp\/v2\/comments?post=159333"}],"version-history":[{"count":0,"href":"https:\/\/www.radiopiu.net\/wordpress\/wp-json\/wp\/v2\/posts\/159333\/revisions"}],"wp:featuredmedia":[{"embeddable":true,"href":"https:\/\/www.radiopiu.net\/wordpress\/wp-json\/wp\/v2\/media\/159334"}],"wp:attachment":[{"href":"https:\/\/www.radiopiu.net\/wordpress\/wp-json\/wp\/v2\/media?parent=159333"}],"wp:term":[{"taxonomy":"category","embeddable":true,"href":"https:\/\/www.radiopiu.net\/wordpress\/wp-json\/wp\/v2\/categories?post=159333"},{"taxonomy":"post_tag","embeddable":true,"href":"https:\/\/www.radiopiu.net\/wordpress\/wp-json\/wp\/v2\/tags?post=159333"}],"curies":[{"name":"wp","href":"https:\/\/api.w.org\/{rel}","templated":true}]}}