{"id":159524,"date":"2020-09-08T05:45:59","date_gmt":"2020-09-08T03:45:59","guid":{"rendered":"https:\/\/www.radiopiu.net\/wordpress\/?p=159524"},"modified":"2020-09-08T05:55:12","modified_gmt":"2020-09-08T03:55:12","slug":"galleria-dei-castei-al-buio-di-nuovo-al-buio","status":"publish","type":"post","link":"https:\/\/www.radiopiu.net\/wordpress\/galleria-dei-castei-al-buio-di-nuovo-al-buio\/","title":{"rendered":"GALLERIA DEI CASTEI AL BUIO, DI NUOVO AL BUIO"},"content":{"rendered":"<p><strong><a class=\"dt-pswp-item\" href=\"https:\/\/www.radiopiu.net\/wordpress\/wp-content\/uploads\/2020\/09\/127-castei.jpg\" data-dt-img-description=\"\" data-large_image_width=\"585\" data-large_image_height=\"380\"><img loading=\"lazy\" decoding=\"async\" class=\"size-medium wp-image-159534 alignleft\" src=\"https:\/\/www.radiopiu.net\/wordpress\/wp-content\/uploads\/2020\/09\/127-castei-300x195.jpg\" alt=\"\" width=\"300\" height=\"195\" srcset=\"https:\/\/www.radiopiu.net\/wordpress\/wp-content\/uploads\/2020\/09\/127-castei-300x195.jpg 300w, https:\/\/www.radiopiu.net\/wordpress\/wp-content\/uploads\/2020\/09\/127-castei.jpg 585w\" sizes=\"auto, (max-width: 300px) 100vw, 300px\" \/><\/a><\/strong><\/p>\n<p><strong>LA VALLE<\/strong> Ancora una volta \u00e8 bastato un temporale per causare un&#8217;altro guasto all&#8217;impianto di illuminazione della galleria dei Castei. Chi \u00e8 transitato negli ultimi giorni, prima dell&#8217;intervento di ripristino (oggi in tarda mattinata) si \u00e8 trovato per met\u00e0 galleria al buio pesto, pericoloso per gli automobilisti ma anche per i ciclisti perch\u00e9 \u00e8 l&#8217;unica via per raggiungere Agordo. La galleria da sempre mette in evidenza inoltre un secondo problema spesso segnalato, le infiltrazioni d&#8217;acqua, spesso si trasformano in cascatelle, getti d&#8217;acqua che si schiantano sul cristallo dei mezzi. Una soluzione a breve a quanto meno auspicabile per la sicurezza di chi si sposta lungo la regionale 203 agordina. Le prime segnalazioni sul gruppo telegram viabilit\u00e0 provincia di Belluno risalgono a domenica mattina alle 7.28.<\/p>\n<p>Anche il Deputato Dario Bond ha promesso il suo intervento presso i vertici di Veneto Strade<\/p>\n<p><strong>\u00a0<\/strong><\/p>\n<audio class=\"wp-audio-shortcode\" id=\"audio-159524-1\" preload=\"none\" style=\"width: 100%;\" controls=\"controls\"><source type=\"audio\/mpeg\" src=\"https:\/\/www.radiopiu.net\/wordpress\/wp-content\/uploads\/2020\/09\/BOND.mp3?_=1\" \/><a href=\"https:\/\/www.radiopiu.net\/wordpress\/wp-content\/uploads\/2020\/09\/BOND.mp3\">https:\/\/www.radiopiu.net\/wordpress\/wp-content\/uploads\/2020\/09\/BOND.mp3<\/a><\/audio>\n<p>&nbsp;<\/p>\n","protected":false},"excerpt":{"rendered":"<p>LA VALLE Ancora una volta \u00e8 bastato un temporale per causare un&#8217;altro guasto all&#8217;impianto di illuminazione della galleria dei Castei. Chi \u00e8 transitato negli ultimi giorni, prima dell&#8217;intervento di ripristino (oggi in tarda mattinata) si \u00e8 trovato per met\u00e0 galleria al buio pesto, pericoloso per gli automobilisti ma anche per i ciclisti perch\u00e9 \u00e8 l&#8217;unica&hellip;<\/p>\n","protected":false},"author":4,"featured_media":159534,"comment_status":"closed","ping_status":"closed","sticky":false,"template":"","format":"standard","meta":{"_monsterinsights_skip_tracking":false,"_monsterinsights_sitenote_active":false,"_monsterinsights_sitenote_note":"","_monsterinsights_sitenote_category":0,"footnotes":""},"categories":[49],"tags":[],"class_list":["post-159524","post","type-post","status-publish","format-standard","has-post-thumbnail","hentry","category-news-18","category-49","description-off"],"img_url":"https:\/\/www.radiopiu.net\/wordpress\/wp-content\/uploads\/2020\/09\/127-castei.jpg","_links":{"self":[{"href":"https:\/\/www.radiopiu.net\/wordpress\/wp-json\/wp\/v2\/posts\/159524","targetHints":{"allow":["GET"]}}],"collection":[{"href":"https:\/\/www.radiopiu.net\/wordpress\/wp-json\/wp\/v2\/posts"}],"about":[{"href":"https:\/\/www.radiopiu.net\/wordpress\/wp-json\/wp\/v2\/types\/post"}],"author":[{"embeddable":true,"href":"https:\/\/www.radiopiu.net\/wordpress\/wp-json\/wp\/v2\/users\/4"}],"replies":[{"embeddable":true,"href":"https:\/\/www.radiopiu.net\/wordpress\/wp-json\/wp\/v2\/comments?post=159524"}],"version-history":[{"count":0,"href":"https:\/\/www.radiopiu.net\/wordpress\/wp-json\/wp\/v2\/posts\/159524\/revisions"}],"wp:featuredmedia":[{"embeddable":true,"href":"https:\/\/www.radiopiu.net\/wordpress\/wp-json\/wp\/v2\/media\/159534"}],"wp:attachment":[{"href":"https:\/\/www.radiopiu.net\/wordpress\/wp-json\/wp\/v2\/media?parent=159524"}],"wp:term":[{"taxonomy":"category","embeddable":true,"href":"https:\/\/www.radiopiu.net\/wordpress\/wp-json\/wp\/v2\/categories?post=159524"},{"taxonomy":"post_tag","embeddable":true,"href":"https:\/\/www.radiopiu.net\/wordpress\/wp-json\/wp\/v2\/tags?post=159524"}],"curies":[{"name":"wp","href":"https:\/\/api.w.org\/{rel}","templated":true}]}}