{"id":159630,"date":"2020-09-08T10:44:49","date_gmt":"2020-09-08T08:44:49","guid":{"rendered":"https:\/\/www.radiopiu.net\/wordpress\/?p=159630"},"modified":"2020-09-08T10:45:32","modified_gmt":"2020-09-08T08:45:32","slug":"superato-il-tetto-massimo-di-iscrizioni-per-il-corso-sullinnovazione-sostenibile","status":"publish","type":"post","link":"https:\/\/www.radiopiu.net\/wordpress\/superato-il-tetto-massimo-di-iscrizioni-per-il-corso-sullinnovazione-sostenibile\/","title":{"rendered":"SUPERATO IL TETTO MASSIMO DI ISCRIZIONI  PER IL CORSO SULL\u2019INNOVAZIONE SOSTENIBILE"},"content":{"rendered":"<p><strong><a class=\"dt-pswp-item\" href=\"https:\/\/www.radiopiu.net\/wordpress\/wp-content\/uploads\/2020\/09\/il-politecnico.jpg\" data-dt-img-description=\"\" data-large_image_width=\"1536\" data-large_image_height=\"1024\"><img loading=\"lazy\" decoding=\"async\" class=\"size-medium wp-image-159631 alignleft\" src=\"https:\/\/www.radiopiu.net\/wordpress\/wp-content\/uploads\/2020\/09\/il-politecnico-300x200.jpg\" alt=\"\" width=\"300\" height=\"200\" srcset=\"https:\/\/www.radiopiu.net\/wordpress\/wp-content\/uploads\/2020\/09\/il-politecnico-300x200.jpg 300w, https:\/\/www.radiopiu.net\/wordpress\/wp-content\/uploads\/2020\/09\/il-politecnico-1024x683.jpg 1024w, https:\/\/www.radiopiu.net\/wordpress\/wp-content\/uploads\/2020\/09\/il-politecnico-768x512.jpg 768w, https:\/\/www.radiopiu.net\/wordpress\/wp-content\/uploads\/2020\/09\/il-politecnico-640x427.jpg 640w, https:\/\/www.radiopiu.net\/wordpress\/wp-content\/uploads\/2020\/09\/il-politecnico.jpg 1536w\" sizes=\"auto, (max-width: 300px) 100vw, 300px\" \/><\/a>LONGARONE\u00a0<\/strong> Saranno 24 i partecipanti al corso \u201cInnovazione Sostenibile per l\u2019Industria dell\u2019Occhiale, del Sistema Moda e dello Sport\u201d che l\u2019Area Formazione di Certottica avvier\u00e0 l\u201911 settembre \u2013 ad un anno esatto dall\u2019inaugurazione del Politecnico Internazionale dell\u2019Occhiale \u2013 in stretta sinergia con l&#8217;Universit\u00e0 degli Studi di Padova. Un pool dei massimi esperti del Dipartimento di Ingegneria Industriale, infatti, guider\u00e0 i partecipanti ad avviare concreti progetti di innovazione sostenibile mirando all&#8217;eliminazione degli sprechi. Il tutto, attraverso una progettazione superiore di materiali, prodotti, sistemi e ripensando i modelli di business in una nuova ottica. <em>\u201cQuesto iter \u2013 ha commentato il Presidente di Certottica, Luigino Boito \u2013 \u00e8 stato accreditato dal Senato Accademico in un momento cos\u00ec delicato anche per gli spin off universitari solo grazie alla bont\u00e0 della proposta. Sottolineo che met\u00e0 del percorso verr\u00e0 realizzato all\u2019interno dei laboratori patavini che apriranno le porte, nonostante le restrizioni, ad una sperimentazione mirata e diretta, in tempo reale\u201d.<\/em> Gli interessati potranno rimanere aggiornati sul sito dell\u2019Istituto, www.certottica.it, sui socia, o contattando direttamente lo staff dell&#8217;Area Formazione (0437\/573157 &#8211; formazione@certottica.it).<\/p>\n","protected":false},"excerpt":{"rendered":"<p>LONGARONE\u00a0 Saranno 24 i partecipanti al corso \u201cInnovazione Sostenibile per l\u2019Industria dell\u2019Occhiale, del Sistema Moda e dello Sport\u201d che l\u2019Area Formazione di Certottica avvier\u00e0 l\u201911 settembre \u2013 ad un anno esatto dall\u2019inaugurazione del Politecnico Internazionale dell\u2019Occhiale \u2013 in stretta sinergia con l&#8217;Universit\u00e0 degli Studi di Padova. Un pool dei massimi esperti del Dipartimento di Ingegneria&hellip;<\/p>\n","protected":false},"author":4,"featured_media":159631,"comment_status":"closed","ping_status":"closed","sticky":false,"template":"","format":"standard","meta":{"_monsterinsights_skip_tracking":false,"_monsterinsights_sitenote_active":false,"_monsterinsights_sitenote_note":"","_monsterinsights_sitenote_category":0,"footnotes":""},"categories":[49],"tags":[],"class_list":["post-159630","post","type-post","status-publish","format-standard","has-post-thumbnail","hentry","category-news-18","category-49","description-off"],"img_url":"https:\/\/www.radiopiu.net\/wordpress\/wp-content\/uploads\/2020\/09\/il-politecnico.jpg","_links":{"self":[{"href":"https:\/\/www.radiopiu.net\/wordpress\/wp-json\/wp\/v2\/posts\/159630","targetHints":{"allow":["GET"]}}],"collection":[{"href":"https:\/\/www.radiopiu.net\/wordpress\/wp-json\/wp\/v2\/posts"}],"about":[{"href":"https:\/\/www.radiopiu.net\/wordpress\/wp-json\/wp\/v2\/types\/post"}],"author":[{"embeddable":true,"href":"https:\/\/www.radiopiu.net\/wordpress\/wp-json\/wp\/v2\/users\/4"}],"replies":[{"embeddable":true,"href":"https:\/\/www.radiopiu.net\/wordpress\/wp-json\/wp\/v2\/comments?post=159630"}],"version-history":[{"count":0,"href":"https:\/\/www.radiopiu.net\/wordpress\/wp-json\/wp\/v2\/posts\/159630\/revisions"}],"wp:featuredmedia":[{"embeddable":true,"href":"https:\/\/www.radiopiu.net\/wordpress\/wp-json\/wp\/v2\/media\/159631"}],"wp:attachment":[{"href":"https:\/\/www.radiopiu.net\/wordpress\/wp-json\/wp\/v2\/media?parent=159630"}],"wp:term":[{"taxonomy":"category","embeddable":true,"href":"https:\/\/www.radiopiu.net\/wordpress\/wp-json\/wp\/v2\/categories?post=159630"},{"taxonomy":"post_tag","embeddable":true,"href":"https:\/\/www.radiopiu.net\/wordpress\/wp-json\/wp\/v2\/tags?post=159630"}],"curies":[{"name":"wp","href":"https:\/\/api.w.org\/{rel}","templated":true}]}}