{"id":159634,"date":"2020-09-09T05:44:04","date_gmt":"2020-09-09T03:44:04","guid":{"rendered":"https:\/\/www.radiopiu.net\/wordpress\/?p=159634"},"modified":"2020-09-09T10:46:13","modified_gmt":"2020-09-09T08:46:13","slug":"giornale-radiopiu-09-settembre-2020-direttore-mirko-mezzacasa","status":"publish","type":"post","link":"https:\/\/www.radiopiu.net\/wordpress\/giornale-radiopiu-09-settembre-2020-direttore-mirko-mezzacasa\/","title":{"rendered":"GIORNALE RADIOPIU 09 SETTEMBRE 2020 DIRETTORE MIRKO MEZZACASA"},"content":{"rendered":"<h3><strong>PER RICEVERE QUESTO NOTIZIARIO DIRETTAMENTE SUL TUO CELLULARE ISCRIVITI AL CANALE TELEGRAM\u00a0<\/strong><strong>\u201cRADIO PIU\u00a0 INFORMAZIONE<\/strong><\/h3>\n<p><em>ATTENZIONE: LA NUOVA APP PER IOS-IPHONE<\/em><\/p>\n<div>\n<div><a href=\"https:\/\/apps.apple.com\/it\/app\/radio-pi%C3%B9-emittente-agordina\/id1515939845\">https:\/\/apps.apple.com\/it\/app\/radio-pi%C3%B9-emittente-agordina\/id1515939845<\/a><\/div>\n<\/div>\n<div><\/div>\n<div>\n<div dir=\"auto\"><em>ATTENZIONE: LA NUOVA APP RADIO\u00a0 PER ANDROID<\/em><\/div>\n<\/div>\n<p><a href=\"https:\/\/play.google.com\/store\/apps\/details?id=net.radiopiu.iniko\" target=\"_blank\" rel=\"noopener noreferrer\">https:\/\/play.google.com\/store\/apps\/details?id=net.radiopiu.iniko<\/a><\/p>\n<p>&nbsp;<\/p>\n<hr \/>\n<p>&nbsp;<\/p>\n<p><strong>REGIONALE 641 PASSO FEDAIA<\/strong>\u00a0 iniziano i lavori di scarico sulla vasca idrica in localit\u00e0 Sottoguda: senso unico alternato con impianto fino all&#8217;11 settembre.<\/p>\n<p>&nbsp;<\/p>\n<hr \/>\n<p>&nbsp;<\/p>\n<p><a class=\"dt-pswp-item pspw-wrap-ready\" href=\"https:\/\/i2.wp.com\/www.radiopiu.net\/wordpress\/wp-content\/uploads\/2018\/08\/ACQUA.jpeg?ssl=1\" data-dt-img-description=\"\" data-large_image_width=\"1280\" data-large_image_height=\"768\"><img loading=\"lazy\" decoding=\"async\" class=\"wp-image-57052 alignleft\" src=\"https:\/\/i2.wp.com\/www.radiopiu.net\/wordpress\/wp-content\/uploads\/2018\/08\/ACQUA.jpeg?resize=198%2C119&amp;ssl=1\" sizes=\"auto, (max-width: 198px) 100vw, 198px\" srcset=\"https:\/\/i2.wp.com\/www.radiopiu.net\/wordpress\/wp-content\/uploads\/2018\/08\/ACQUA.jpeg?resize=300%2C180&amp;ssl=1 300w, https:\/\/i2.wp.com\/www.radiopiu.net\/wordpress\/wp-content\/uploads\/2018\/08\/ACQUA.jpeg?resize=768%2C461&amp;ssl=1 768w, https:\/\/i2.wp.com\/www.radiopiu.net\/wordpress\/wp-content\/uploads\/2018\/08\/ACQUA.jpeg?resize=1024%2C614&amp;ssl=1 1024w, https:\/\/i2.wp.com\/www.radiopiu.net\/wordpress\/wp-content\/uploads\/2018\/08\/ACQUA.jpeg?w=1280&amp;ssl=1 1280w\" alt=\"\" width=\"198\" height=\"119\" data-recalc-dims=\"1\" \/><\/a><\/p>\n<p><strong>AGORDO <\/strong>Gestione Servizi Pubblici informa che ad AGORDO nelle vie DOZZA e FONTANA compreso l\u2019OSPEDALE, l&#8217;acqua erogata dall&#8217;acquedotto non \u00e8 potabile e pu\u00f2 essere usata per scopi alimentari SOLO PREVIA bollitura. GSP ha, comunque, gi\u00e0 adottato le necessarie misure per la disinfezione dell&#8217;acqua presente nei serbatoi e nella rete idrica con l&#8217;aggiunta di cloro<\/p>\n<p><strong>SAN TOMASO AGORDINO<\/strong> nelle localit\u00e0 ROI E PIANEZZE l\u2019acqua erogata dall\u2019acquedotto non \u00e8 potabile e non pu\u00f2 essere usata per scopi alimentari nemmeno mediante bollitura. Viene effettuato da settimane un servizio sostitutivo con autobotte.<\/p>\n<p>&nbsp;<\/p>\n<p>&nbsp;<\/p>\n<hr \/>\n<p>&nbsp;<\/p>\n<blockquote>\n<h3>DOMANI AD AURONZO I FUNERALI DI SERGIO FRANCESE.<\/h3>\n<\/blockquote>\n<p align=\"JUSTIFY\"><span style=\"font-family: Arial, sans-serif;\"><img loading=\"lazy\" decoding=\"async\" class=\"alignleft\" src=\"https:\/\/www.radiopiu.net\/wordpress\/wp-content\/uploads\/2020\/09\/10616346_1475274412748815_9172414854921678266_n-300x300.jpg\" width=\"123\" height=\"123\" \/><strong>AURONZO<\/strong> Si svolgeranno domani alle 10:30 nella Chiesa Parrocchiale di Santa Giustina di\u00a0 Auronzo di Cadore &#8211; frazione Villagrande (BL), le esequie funebri dell\u2019Appuntato Scelto QS Sergio Francese, in forza alla Stazione S.A.G.F. di Cortina d\u2019Ampezzo, tragicamente scomparso lo scorso 5 settembre durante un\u2019esercitazione congiunta tra Soccorso Alpino della Guardia di Finanza e C.N.S.A.S. \u2013 S.A.S.V., sul comprensorio delle Tre Cime di Lavaredo. <\/span><span style=\"font-family: Arial, sans-serif;\">Presso la Piazzetta Municipio di Auronzo di Cadore verr\u00e0 allestita la camera ardente, dove dalle\u00a0 8 alle\u00a0 10 sempre di domani si potr\u00e0 rendere omaggio al finanziere mancato all\u2019affetto dei propri cari. Chi volesse salutare Sergio, l&#8217;obitorio di Pieve di Cadore sar\u00e0 aperto oggi dalle 8.30 alle 16.<\/span><\/p>\n<hr \/>\n<blockquote>\n<h3 align=\"JUSTIFY\"><\/h3>\n<h3>INCIDENTE CON DUE FERITI\u00a0 AL PONTE SARAJEVO. L&#8217;UOMO CHE GUIDAVA LA MOTO VERSA IN GRAVISSIME CONDIZIONI<\/h3>\n<\/blockquote>\n<p><strong>BELLUNO<\/strong> Ieri sera alle 22 La moto Aprilia Tuono 1000 \u00e8 uscita di strada, per cause da accertare, finendo contro il palo dell&#8217;lluminazione.\u00a0 \u00a0Il mezzo stava viaggiando dal centro citt\u00e0 verso la galleria del Col Cavalier e l&#8217;incidente \u00e8 avvenuto a poca distanza dalla rotatoria. A bordo due persone che cadendo a terra hanno riportato ferite gravi: un uomo F.N. di 32 anni di Caserta ma residente a Belluno, militare e caporal maggiore in forza al 7\u00b0 Alpini, e una donna ucraina B. K. 25 anni, residente a Belluno,\u00a0 sono stati trasportati al Pronto Soccorso dell&#8221;ospedale di Belluno. \u00a0L\u2019impatto \u00e8 stato violento con i due sbalzati\u00a0 dalla moto all&#8217;asfalto lontano dal mezzo. Sul posto i Vigili del Fuoco e personale del Comune per\u00a0 la messa in sicurezza del palo della luce e i Carabinieri per i rilievi di legge. Dopo lo schianto per consentire i soccorsi e i rilievi il ponte Sarajevo \u00e8 stato chiuso.<\/p>\n<p><a class=\"dt-pswp-item\" href=\"https:\/\/www.radiopiu.net\/wordpress\/wp-content\/uploads\/2020\/09\/Foto-1-1.jpg\" data-dt-img-description=\"\" data-large_image_width=\"1131\" data-large_image_height=\"758\"><img loading=\"lazy\" decoding=\"async\" class=\"alignnone size-medium wp-image-159745\" src=\"https:\/\/www.radiopiu.net\/wordpress\/wp-content\/uploads\/2020\/09\/Foto-1-1-300x201.jpg\" alt=\"\" width=\"300\" height=\"201\" srcset=\"https:\/\/www.radiopiu.net\/wordpress\/wp-content\/uploads\/2020\/09\/Foto-1-1-300x201.jpg 300w, https:\/\/www.radiopiu.net\/wordpress\/wp-content\/uploads\/2020\/09\/Foto-1-1-1024x686.jpg 1024w, https:\/\/www.radiopiu.net\/wordpress\/wp-content\/uploads\/2020\/09\/Foto-1-1-768x515.jpg 768w, https:\/\/www.radiopiu.net\/wordpress\/wp-content\/uploads\/2020\/09\/Foto-1-1-640x429.jpg 640w, https:\/\/www.radiopiu.net\/wordpress\/wp-content\/uploads\/2020\/09\/Foto-1-1.jpg 1131w\" sizes=\"auto, (max-width: 300px) 100vw, 300px\" \/><\/a><a class=\"dt-pswp-item\" href=\"https:\/\/www.radiopiu.net\/wordpress\/wp-content\/uploads\/2020\/09\/Foto-2-1.jpg\" data-dt-img-description=\"\" data-large_image_width=\"1166\" data-large_image_height=\"878\"><img loading=\"lazy\" decoding=\"async\" class=\"alignnone wp-image-159746\" src=\"https:\/\/www.radiopiu.net\/wordpress\/wp-content\/uploads\/2020\/09\/Foto-2-1-300x226.jpg\" alt=\"\" width=\"265\" height=\"200\" srcset=\"https:\/\/www.radiopiu.net\/wordpress\/wp-content\/uploads\/2020\/09\/Foto-2-1-300x226.jpg 300w, https:\/\/www.radiopiu.net\/wordpress\/wp-content\/uploads\/2020\/09\/Foto-2-1-1024x771.jpg 1024w, https:\/\/www.radiopiu.net\/wordpress\/wp-content\/uploads\/2020\/09\/Foto-2-1-768x578.jpg 768w, https:\/\/www.radiopiu.net\/wordpress\/wp-content\/uploads\/2020\/09\/Foto-2-1-637x480.jpg 637w, https:\/\/www.radiopiu.net\/wordpress\/wp-content\/uploads\/2020\/09\/Foto-2-1.jpg 1166w\" sizes=\"auto, (max-width: 265px) 100vw, 265px\" \/><\/a><\/p>\n<p>&nbsp;<\/p>\n<p>&nbsp;<\/p>\n<hr \/>\n<blockquote>\n<h3 align=\"JUSTIFY\">UN FERITO LIEVE NELL&#8217;INCIDENTE IN CADORE<\/h3>\n<p><strong>TAI DI CADORE<\/strong> Il bilancio \u00e8 di un ferito lieve nell&#8217;incidente del pomeriggio a Tai di Cadore tra una Suzuki Cross e una Peougeot 207. Sul posto i vigili del fuoco per la pulizia della sede stradale, disagi limitati al traffico (foto radio club 103)<\/p>\n<p><a class=\"dt-pswp-item\" href=\"https:\/\/www.radiopiu.net\/wordpress\/wp-content\/uploads\/2020\/09\/9b75b059-8917-477c-8e5f-3faa30abd3ec.jpg\" data-dt-img-description=\"\" data-large_image_width=\"845\" data-large_image_height=\"762\"><img loading=\"lazy\" decoding=\"async\" class=\"alignnone wp-image-159710 size-full\" src=\"https:\/\/www.radiopiu.net\/wordpress\/wp-content\/uploads\/2020\/09\/9b75b059-8917-477c-8e5f-3faa30abd3ec.jpg\" alt=\"\" width=\"845\" height=\"762\" srcset=\"https:\/\/www.radiopiu.net\/wordpress\/wp-content\/uploads\/2020\/09\/9b75b059-8917-477c-8e5f-3faa30abd3ec.jpg 845w, https:\/\/www.radiopiu.net\/wordpress\/wp-content\/uploads\/2020\/09\/9b75b059-8917-477c-8e5f-3faa30abd3ec-300x271.jpg 300w, https:\/\/www.radiopiu.net\/wordpress\/wp-content\/uploads\/2020\/09\/9b75b059-8917-477c-8e5f-3faa30abd3ec-768x693.jpg 768w, https:\/\/www.radiopiu.net\/wordpress\/wp-content\/uploads\/2020\/09\/9b75b059-8917-477c-8e5f-3faa30abd3ec-532x480.jpg 532w\" sizes=\"auto, (max-width: 845px) 100vw, 845px\" \/><\/a><\/p>\n<p>&nbsp;<\/p><\/blockquote>\n<hr \/>\n<p>&nbsp;<\/p>\n<div id=\"articleToolBar\">\n<div id=\"articleToolBarContent\">\n<blockquote>\n<h3 id=\"articleZoomIn\" class=\"articleToolBarButton firstHover\">\u00a0FURTO NOTTURNO, SPARITE LE OPERE DELL&#8217;ARTISTA BALDOVIN<\/h3>\n<\/blockquote>\n<div><\/div>\n<div><strong><a class=\"dt-pswp-item\" href=\"https:\/\/www.radiopiu.net\/wordpress\/wp-content\/uploads\/2020\/09\/36284744_775229349533033_1857911244892143616_n.jpg\" data-dt-img-description=\"\" data-large_image_width=\"480\" data-large_image_height=\"640\"><img loading=\"lazy\" decoding=\"async\" class=\" wp-image-159760 alignleft\" src=\"https:\/\/www.radiopiu.net\/wordpress\/wp-content\/uploads\/2020\/09\/36284744_775229349533033_1857911244892143616_n-225x300.jpg\" alt=\"\" width=\"164\" height=\"219\" srcset=\"https:\/\/www.radiopiu.net\/wordpress\/wp-content\/uploads\/2020\/09\/36284744_775229349533033_1857911244892143616_n-225x300.jpg 225w, https:\/\/www.radiopiu.net\/wordpress\/wp-content\/uploads\/2020\/09\/36284744_775229349533033_1857911244892143616_n-360x480.jpg 360w, https:\/\/www.radiopiu.net\/wordpress\/wp-content\/uploads\/2020\/09\/36284744_775229349533033_1857911244892143616_n.jpg 480w\" sizes=\"auto, (max-width: 164px) 100vw, 164px\" \/><\/a>AURONZO <\/strong>Ladri\u00a0 a Cima Gogna di Auronzo da Riccardo Baldovin, boscaiolo di 36 anni con l&#8217;abilit\u00e0\u00a0 nell&#8217;utilizzo della motosega\u00a0 per realizzare vere e proprie sculture, anche di grandi dimensioni.\u00a0 Sabato i ladri hanno rubato una pernice di circa di 25 cm e nella notte di domenica ben sette pezzi, anche\u00a0 un orso di un metro e 40 centimetri, pesante e non facilmente spostabile senza un gru. Una telecamera\u00a0 dei vicini\u00a0 &#8211; segnala il corriere delle alpi &#8211;\u00a0 potrebbe aiutare i Carabinieri a risalire all&#8217;autore del furto. Le\u00a0 sculture\u00a0 tra l&#8217;altro\u00a0 recano una firma speciale e che quindi sono facilmente identificabili.<\/div>\n<div><\/div>\n<div><\/div>\n<div><\/div>\n<div><\/div>\n<div><\/div>\n<\/div>\n<div><\/div>\n<\/div>\n<p>&nbsp;<\/p>\n<hr \/>\n<h3 align=\"JUSTIFY\"><\/h3>\n<p>&nbsp;<\/p>\n<blockquote><p>&nbsp;<\/p>\n<h3 align=\"JUSTIFY\">DA VENERDI 18 SETTEMBRE LUIGI FRANCAVILLA CITTADINO ONORARIO DI AGORDO<\/h3>\n<\/blockquote>\n<blockquote><p><strong><a class=\"dt-pswp-item\" href=\"https:\/\/www.radiopiu.net\/wordpress\/wp-content\/uploads\/2020\/07\/luigi-francavilla.jpg\" data-dt-img-description=\"\" data-large_image_width=\"480\" data-large_image_height=\"480\"><img loading=\"lazy\" decoding=\"async\" class=\" wp-image-152333 alignleft\" src=\"https:\/\/www.radiopiu.net\/wordpress\/wp-content\/uploads\/2020\/07\/luigi-francavilla-300x300.jpg\" alt=\"\" width=\"172\" height=\"172\" srcset=\"https:\/\/www.radiopiu.net\/wordpress\/wp-content\/uploads\/2020\/07\/luigi-francavilla-300x300.jpg 300w, https:\/\/www.radiopiu.net\/wordpress\/wp-content\/uploads\/2020\/07\/luigi-francavilla-150x150.jpg 150w, https:\/\/www.radiopiu.net\/wordpress\/wp-content\/uploads\/2020\/07\/luigi-francavilla.jpg 480w\" sizes=\"auto, (max-width: 172px) 100vw, 172px\" \/><\/a><\/strong><\/p>\n<p style=\"padding-left: 40px;\"><strong>AGORDO <\/strong>L&#8217;Amministrazione Comunale di Agordo ha indetto un consiglio comunale straordinario per conferire la cittadinanza onoraria al Cavalier Luigi Francavilla, Vice Presidente del gruppo Luxottica. La cerimonia\u00a0 si terr\u00e0 presso la sala consiliare del Comune di Agordo venerd\u00ec 18 settembre 2020 alle 11.<\/p>\n<\/blockquote>\n<p><strong>DI GIANNI SANTOMASO DAL CORRIERE DELLE ALPI<\/strong><\/p>\n<audio class=\"wp-audio-shortcode\" id=\"audio-159634-1\" preload=\"none\" style=\"width: 100%;\" controls=\"controls\"><source type=\"audio\/mpeg\" src=\"https:\/\/www.radiopiu.net\/wordpress\/wp-content\/uploads\/2020\/09\/GIANNI-FRANCAVILLA.mp3?_=1\" \/><a href=\"https:\/\/www.radiopiu.net\/wordpress\/wp-content\/uploads\/2020\/09\/GIANNI-FRANCAVILLA.mp3\">https:\/\/www.radiopiu.net\/wordpress\/wp-content\/uploads\/2020\/09\/GIANNI-FRANCAVILLA.mp3<\/a><\/audio>\n<p>&nbsp;<\/p>\n<blockquote><p><strong>LUIGI FRANCAVILLA <\/strong>Nato nel 1937 a Taranto, dal 1968 vive ad agordo, nello stesso anno \u00e8 entrato nel Gruppo Luxottica ed \u00e8 Consigliere della Societ\u00e0 dal 1985, Vice Presidente dal 1991 al 2020. \u00c8 stato nominato Presidente Onorario in data 15 maggio 2020. Nel corso della sua lunga carriera nel Gruppo \u00e8 stato, tra gli altri incarichi, Chief Quality Officer, Product &amp; Design Director, Technical General Manager. Nell\u2019aprile del 2000 ha ricevuto una laurea ad honorem in \u201cBusiness Administration\u201d da parte della Constantinian University di Providence, Rhode Island, U.S.A. Nel 2011 \u00e8 stato nominato Grande Ufficiale della Repubblica Italiana e nel 2012 Cavaliere del Lavoro. Nell\u2019ambito del Gruppo Luxottica \u00e8 Presidente di Luxottica S.r.l. e di Luxottica Tristar (Dongguan) Optical Co Ltd, tra le principali controllate operative del Gruppo. \u00a0Nel 2016 \u00e8 stato inoltre insignito della cittadinanza onoraria di Dongguan (Cina), la pi\u00f9 alta onorificenza concessa finora dalla prefettura cinese ad una personalit\u00e0 straniera non asiatica. (<em><strong>(foto dal sito LUXOTTICA.COM)<\/strong><\/em><\/p><\/blockquote>\n<p><strong>DAL CONSIGLIO COMUNALE DI AGORDO IL PRIMO ANNUNCIO DEL SINDACO ROBERTO CHISSALE&#8217;<\/strong><\/p>\n<audio class=\"wp-audio-shortcode\" id=\"audio-159634-2\" preload=\"none\" style=\"width: 100%;\" controls=\"controls\"><source type=\"audio\/mpeg\" src=\"https:\/\/www.radiopiu.net\/wordpress\/wp-content\/uploads\/2020\/07\/CHISSALE-FRANCAVILLA-CITTADINO-ONORARIO.mp3?_=2\" \/><a href=\"https:\/\/www.radiopiu.net\/wordpress\/wp-content\/uploads\/2020\/07\/CHISSALE-FRANCAVILLA-CITTADINO-ONORARIO.mp3\">https:\/\/www.radiopiu.net\/wordpress\/wp-content\/uploads\/2020\/07\/CHISSALE-FRANCAVILLA-CITTADINO-ONORARIO.mp3<\/a><\/audio>\n<p><strong>IL PRESIDENTE ONORARIO, archivio radiopiu maggio 2020<\/strong><\/p>\n<div class=\"page-title-breadcrumbs\">\n<p><strong>di Gianni Santomaso<\/strong><\/p>\n<\/div>\n<audio class=\"wp-audio-shortcode\" id=\"audio-159634-3\" preload=\"none\" style=\"width: 100%;\" controls=\"controls\"><source type=\"audio\/mpeg\" src=\"https:\/\/www.radiopiu.net\/wordpress\/wp-content\/uploads\/2020\/05\/GIANNI-FRANCAVILLA-ok.mp3?_=3\" \/><a href=\"https:\/\/www.radiopiu.net\/wordpress\/wp-content\/uploads\/2020\/05\/GIANNI-FRANCAVILLA-ok.mp3\">https:\/\/www.radiopiu.net\/wordpress\/wp-content\/uploads\/2020\/05\/GIANNI-FRANCAVILLA-ok.mp3<\/a><\/audio>\n<h2><\/h2>\n<p>&nbsp;<\/p>\n<hr \/>\n<p>&nbsp;<\/p>\n<blockquote>\n<h3>CINQUE INTERVENTI SULLA VIABILITA&#8217; A ROCCA PIETORE<\/h3>\n<\/blockquote>\n<p><strong><a class=\"dt-pswp-item\" href=\"https:\/\/www.radiopiu.net\/wordpress\/wp-content\/uploads\/2020\/09\/unnamed.jpg\" data-dt-img-description=\"\" data-large_image_width=\"512\" data-large_image_height=\"384\"><img loading=\"lazy\" decoding=\"async\" class=\" wp-image-159626 alignleft\" src=\"https:\/\/www.radiopiu.net\/wordpress\/wp-content\/uploads\/2020\/09\/unnamed-300x225.jpg\" alt=\"\" width=\"215\" height=\"161\" srcset=\"https:\/\/www.radiopiu.net\/wordpress\/wp-content\/uploads\/2020\/09\/unnamed-300x225.jpg 300w, https:\/\/www.radiopiu.net\/wordpress\/wp-content\/uploads\/2020\/09\/unnamed.jpg 512w\" sizes=\"auto, (max-width: 215px) 100vw, 215px\" \/><\/a>ROCCA PIETORE\u00a0<\/strong> Sono cinque gli interventi cantierati per ricostruire la viabilit\u00e0 rocchesana dopo i danni di Vaia 2018. Ne abbiamo parlato con il sindaco di Rocca Pietore, Andrea De Bernardin che accende i riflettori anche sui ponti dove il soggetto attuattore \u00e8 Veneto Acque. Sono previsti lavori importanti anche per la strada di Caracoi.<\/p>\n<p><strong>IL SINDACO DI ROCCA PIETORE ANDREA DE BERNARDIN<\/strong><\/p>\n<audio class=\"wp-audio-shortcode\" id=\"audio-159634-4\" preload=\"none\" style=\"width: 100%;\" controls=\"controls\"><source type=\"audio\/mpeg\" src=\"https:\/\/www.radiopiu.net\/wordpress\/wp-content\/uploads\/2020\/09\/ANDREA.mp3?_=4\" \/><a href=\"https:\/\/www.radiopiu.net\/wordpress\/wp-content\/uploads\/2020\/09\/ANDREA.mp3\">https:\/\/www.radiopiu.net\/wordpress\/wp-content\/uploads\/2020\/09\/ANDREA.mp3<\/a><\/audio>\n<p>&nbsp;<\/p>\n<p>&nbsp;<\/p>\n<hr \/>\n<p>&nbsp;<\/p>\n<blockquote>\n<h3>ACC: DALLA PROVINCIA CAUTO OTTIMISMO, RESTANO LE PREOCCUPAZIONI<\/h3>\n<\/blockquote>\n<p><strong><a class=\"dt-pswp-item\" href=\"https:\/\/www.radiopiu.net\/wordpress\/wp-content\/uploads\/2020\/06\/Schermata-2020-06-19-alle-18.09.19.png\" data-dt-img-description=\"\" data-large_image_width=\"1652\" data-large_image_height=\"796\"><img loading=\"lazy\" decoding=\"async\" class=\"size-medium wp-image-145359 alignleft\" src=\"https:\/\/www.radiopiu.net\/wordpress\/wp-content\/uploads\/2020\/06\/Schermata-2020-06-19-alle-18.09.19-300x145.png\" alt=\"\" width=\"300\" height=\"145\" srcset=\"https:\/\/www.radiopiu.net\/wordpress\/wp-content\/uploads\/2020\/06\/Schermata-2020-06-19-alle-18.09.19-300x145.png 300w, https:\/\/www.radiopiu.net\/wordpress\/wp-content\/uploads\/2020\/06\/Schermata-2020-06-19-alle-18.09.19-1024x493.png 1024w, https:\/\/www.radiopiu.net\/wordpress\/wp-content\/uploads\/2020\/06\/Schermata-2020-06-19-alle-18.09.19-768x370.png 768w, https:\/\/www.radiopiu.net\/wordpress\/wp-content\/uploads\/2020\/06\/Schermata-2020-06-19-alle-18.09.19-1536x740.png 1536w, https:\/\/www.radiopiu.net\/wordpress\/wp-content\/uploads\/2020\/06\/Schermata-2020-06-19-alle-18.09.19.png 1652w\" sizes=\"auto, (max-width: 300px) 100vw, 300px\" \/><\/a>BELLUNO<\/strong>\u00a0 <em>\u00abLe preoccupazioni restano, ma filtra un cauto ottimismo sul futuro di Acc. Questo \u00e8 il momento in cui tutti dobbiamo rimanere sul pezzo e fare un\u2019operazione di moral suasion affinch\u00e9 gli istituti di credito assicurino la liquidit\u00e0 necessaria a portare avanti il piano industriale\u00bb.<\/em> Cos\u00ec in una nota il presidente della Provincia di Belluno, che a Venezia, ha partecipato al tavolo istituzionale convocato dalla Regione Veneto per il futuro di Acc (presenti anche le organizzazioni sindacali e le rappresentanze dei lavoratori). <em>\u00abIl tavolo ha fatto il punto della situazione e ha analizzato i tanti segnali positivi che lo stabilimento zumellese sta lanciando in questi mesi &#8211; prosegue il presidente della Provincia -. Il piano industriale di rilancio sta procedendo nel verso giusto, con 1 milione 750mila pezzi prodotti all\u2019anno e con la prospettiva di arrivare a 2 milioni e mezzo nel 2021. Nel frattempo sono stati assunti altri 29 lavoratori a tempo indeterminato ed \u00e8 stato rafforzato il rapporto con clienti e fornitori. Il lavoro del commissario Castro \u00e8 innegabile e sta dando i suoi frutti: adesso \u00e8 necessario che arrivino le risorse funzionali a proseguire su questa strada&#8221;.<\/em> C\u2019\u00e8 un cauto ottimismo per il fatto che gli istituti di credito sembrano sbloccare le loro perplessit\u00e0 sul rilancio di Acc. L\u2019obiettivo primario resta quello di salvaguardare i circa 300 posti di lavoro della fabbrica, che per la Valbelluna significano la serenit\u00e0 di oltre 300 famiglie. <em>&#8220;Ringrazio l\u2019assessore regionale al lavoro e il sindaco di Borgo Valbelluna per il forte impegno assicurato alla risoluzione del nodo Acc. Da parte della Provincia, appoggio pieno a qualsiasi iniziativa sia ritenuta utile a salvaguardare lo stabilimento e i suoi lavoratori. Questo \u00e8 il momento di fare squadra, anche di pi\u00f9, se possibile, di quanto si \u00e8 fatto finora\u00bb.<\/em><\/p>\n<p>&nbsp;<\/p>\n<hr \/>\n<p>&nbsp;<\/p>\n<blockquote>\n<h3>OPPORTUNITA&#8217; PER I GESTORI DI RIFUGI ALPINI<\/h3>\n<\/blockquote>\n<p><strong><a class=\"dt-pswp-item\" href=\"https:\/\/www.radiopiu.net\/wordpress\/wp-content\/uploads\/2019\/08\/rifugio-auronzo.jpg\" data-dt-img-description=\"\" data-large_image_width=\"1900\" data-large_image_height=\"1267\"><img loading=\"lazy\" decoding=\"async\" class=\" wp-image-96113 alignleft\" src=\"https:\/\/www.radiopiu.net\/wordpress\/wp-content\/uploads\/2019\/08\/rifugio-auronzo-300x200.jpg\" alt=\"\" width=\"227\" height=\"151\" srcset=\"https:\/\/www.radiopiu.net\/wordpress\/wp-content\/uploads\/2019\/08\/rifugio-auronzo-300x200.jpg 300w, https:\/\/www.radiopiu.net\/wordpress\/wp-content\/uploads\/2019\/08\/rifugio-auronzo-768x512.jpg 768w, https:\/\/www.radiopiu.net\/wordpress\/wp-content\/uploads\/2019\/08\/rifugio-auronzo-1024x683.jpg 1024w, https:\/\/www.radiopiu.net\/wordpress\/wp-content\/uploads\/2019\/08\/rifugio-auronzo.jpg 1900w\" sizes=\"auto, (max-width: 227px) 100vw, 227px\" \/><\/a>VENEZIA<\/strong> La Regione Veneto in qualit\u00e0 di soggetto attuatore del progetto strategico finanziato con il Fondo Comuni Confinanti &#8220;miglioramento dell&#8217;offerta turistica di alta montagna nelle aree di confine della provincia di Belluno&#8221; concede contributi in conto capitale, ai rifugi alpini per interventi finalizzati al risparmio delle risorse energetiche attraverso l&#8217;ammodernamento delle dotazioni strumentali, dei sistemi di riscaldamento, l&#8217;installazione di impianti o attrezzature per lo sfruttamento delle energie rinnovabili, di economica dei consumi elettrici, per la gestione differenziata dei rifiuti, volti alla riattivazione e al miglioramento dell&#8217;attivit\u00e0 ricettiva, sotto il profilo della sostebilit\u00e0, qualit\u00e0 e sicurezza. L&#8217;importo del contributo messo a bando somma oltre 244 mila euro. Beneficiari: i proprietari dei rifugi, i concessionari o incaricati della gestione da parte dei proprietari. Sono 15 i Comuni di confine interessati in provincia: Arsi\u00e8, Auronzo, Canale d&#8217;Agordo, Cesiomaggiore, Comelico, Cortina, Falcade, Feltre, Gosaldo, Lamon, Livinallongo, Rocca Pietore, Sovramonte, Taibon e Voltago. Sono invece 25 i Comuni contigui: S. Nicolo&#8217; Comelico, Danta di Cadore, Santo Stefano, Vigo, Colle Santa Lucia, Alleghe, Val di Zoldo, S. Tomaso, Vallada, Cencenighe, Agordo, Rivamonte, Sedico, Sospirolo, S. Gregorio, S. Giustina, Lentiai, Pedavena, Fonzaso, Serene del Grappa, Quero-Vas. Sono interessati inoltre i rifiugisti che operano a breve distanza (1 chilometro) dal territorio dei Comuni contigui ma strategici in prossimit\u00e0 delle Alte vie delle Dolomiti. Il rifugio alpino oggetto dell&#8217;intervento dovr\u00e0 mantenere l&#8217;originaria destinazione per sette anni dalla conclusione degli interventi a pensa di revoca del contributo stesso. Le domande di contributo vanno inviate entro le 13 del 30 ottobre 2020 esclusivamente in via telematica: <span style=\"color: #0000ff;\">entilocaliservizielettorali@pec.regione.veneto.it<\/span><\/p>\n<p>foto rifugio Auronzo, copertina rifugio Laresei<\/p>\n<p>&nbsp;<\/p>\n<p>&nbsp;<\/p>\n<p>&nbsp;<\/p>\n<hr \/>\n<blockquote>\n<h3><\/h3>\n<h3>AUMENTA IL\u00a0 BONUS PER CHI NON \u00c8 RIUSCITO A PAGARE IL CANONE NEI MESI DEL LOCKDOWN<\/h3>\n<\/blockquote>\n<p><strong><a class=\"dt-pswp-item\" href=\"https:\/\/www.radiopiu.net\/wordpress\/wp-content\/uploads\/2020\/03\/covid-importante.jpg\" data-dt-img-description=\"\" data-large_image_width=\"800\" data-large_image_height=\"600\"><img loading=\"lazy\" decoding=\"async\" class=\" wp-image-121793 alignleft\" src=\"https:\/\/www.radiopiu.net\/wordpress\/wp-content\/uploads\/2020\/03\/covid-importante-300x225.jpg\" alt=\"\" width=\"199\" height=\"149\" srcset=\"https:\/\/www.radiopiu.net\/wordpress\/wp-content\/uploads\/2020\/03\/covid-importante-300x225.jpg 300w, https:\/\/www.radiopiu.net\/wordpress\/wp-content\/uploads\/2020\/03\/covid-importante-768x576.jpg 768w, https:\/\/www.radiopiu.net\/wordpress\/wp-content\/uploads\/2020\/03\/covid-importante.jpg 800w\" sizes=\"auto, (max-width: 199px) 100vw, 199px\" \/><\/a>VENEZIA<\/strong> Aumentano le risorse del Fondo speciale regionale per il sostegno all\u2019affitto nell\u2019emergenza Covid: il bonus \u2018Covid\u2019 per la casa, destinato a chi nei mesi del \u201clockdown\u201d ha perso almeno il 50 per cento delle proprie entrate,\u00a0 sale da 400 a 600 euro ed \u00e8 stato esteso a una platea\u00a0 pi\u00f9 ampia di beneficiari. E\u2019 quanto deciso dalla Giunta regionale del Veneto per far fronte al gran numero di domande pervenute per questa misura straordinaria di sostegno all\u2019affitto. Le domande valide pervenute dal 15 giugno al 5 luglio sfiorano le 19 mila. Perci\u00f2 \u00e8 stato\u00a0 disposto di incrementare questa forma di sostegno al pagamento dell\u2019affitto, destinando al fondo ulteriori 4,5 milioni di euro, resi disponibili dal Fondo nazionale per l\u2019accesso all\u2019abitazione.\u00a0 Quanti hanno gi\u00e0 richiesto il bonus Covid per l\u2019affitto, e hanno dichiarato il dimezzamento delle loro entrate ordinarie a causa del lockdown e hanno presentato o presenteranno una dichiarazione ISEE non superiore a 35.000, riceveranno 200 euro in pi\u00f9. Per loro l\u2019assegno Fsa-covid aumenta da 400 a 600 euro. In pi\u00f9, i cittadini che hanno dichiarato una riduzione delle entrate dal 30 al 50% rispetto all\u2019anno precedente e, hanno presentato o presenteranno una dichiarazione ISEE non superiore a 35.000, riceveranno, senza dover ripresentare la domanda, un assegno di 300 euro. A breve, quindi, si riapriranno i termini e non saranno prese in esame nuova domande per chi l\u2019ha gi\u00e0 presentata. Per i Comuni: entro l\u2019anno verranno ripartiti i contributi 2020 per favorire l\u2019accesso alla casa in affitto. Il Ministero per le Infrastrutture ha assegnato al Veneto 10,6 milioni di euro aggiuntivi per il 2020, di cui 6,1 milioni destinati, dalla Regione, ad essere suddivisi tra i Comuni a sostegno dei nuclei pi\u00f9 in difficolt\u00e0 nel pagamento dei canoni di locazione. Ai Comuni viene chiesta una compartecipazione al fondo da un minimo di 2 mila euro ad un massimo di 50 mila euro per i comuni capoluogo del Veneto pi\u00f9 popolosi.<\/p>\n<p>&nbsp;<\/p>\n<hr \/>\n<p>&nbsp;<\/p>\n<blockquote>\n<h3><strong>APICOLTURA: PROROGATO AL 23 SETTEMBRE IL BANDO PER\u00a0 CONTRIBUTI AD ALVEARI E IMPIANTI DI SMIELATURA<\/strong><\/h3>\n<\/blockquote>\n<p><strong><a class=\"dt-pswp-item\" href=\"https:\/\/www.radiopiu.net\/wordpress\/wp-content\/uploads\/2020\/09\/honey-bees-401238_960_720.jpg\" data-dt-img-description=\"\" data-large_image_width=\"960\" data-large_image_height=\"640\"><img loading=\"lazy\" decoding=\"async\" class=\" wp-image-159647 alignleft\" src=\"https:\/\/www.radiopiu.net\/wordpress\/wp-content\/uploads\/2020\/09\/honey-bees-401238_960_720-300x200.jpg\" alt=\"\" width=\"188\" height=\"125\" srcset=\"https:\/\/www.radiopiu.net\/wordpress\/wp-content\/uploads\/2020\/09\/honey-bees-401238_960_720-300x200.jpg 300w, https:\/\/www.radiopiu.net\/wordpress\/wp-content\/uploads\/2020\/09\/honey-bees-401238_960_720-768x512.jpg 768w, https:\/\/www.radiopiu.net\/wordpress\/wp-content\/uploads\/2020\/09\/honey-bees-401238_960_720-640x427.jpg 640w, https:\/\/www.radiopiu.net\/wordpress\/wp-content\/uploads\/2020\/09\/honey-bees-401238_960_720.jpg 960w\" sizes=\"auto, (max-width: 188px) 100vw, 188px\" \/><\/a>VENEZIA<\/strong>\u00a0 E\u2019 stato prorogato al 23 settembre il termine per gli apicoltori per presentare domanda di contributo per investimenti in attrezzature o nella ristrutturazione degli ambienti di smielatura. La Regione\u00a0 Veneto mette a bando 230 mila euro per i possessori di alveari per investimenti in conto capitale per l&#8217;acquisto di arnie, api regine e famiglie, l&#8217;acquisto e\/o la ristrutturazione di ambienti per sale di smielatura, sia private che collettive, per i macchinari per le operazioni di smielatura e di lavorazione della cera, per il materiale per esercitare il nomadismo. Ne potranno beneficiare sia gli apicoltori singoli sia le loro associazioni. Nei punteggi di assegnazione dei contributi saranno privilegiati i giovani apicoltori e gli alveari di montagna. L\u2019allungamento dei termini sino al 23 settembre consentir\u00e0 agli interessati di superare le difficolt\u00e0 operative di reperimento della documentazione necessaria e di poter beneficiare di una forma di sostegno pubblico ben calibrata per le esigenze del settore.<\/p>\n<p>&nbsp;<\/p>\n<hr \/>\n<p>&nbsp;<\/p>\n<p>&nbsp;<\/p>\n<blockquote>\n<h3><strong>CACCIA. ASSESSORE REGIONALE, \u201cCON L\u2019APPOGGIO DELLE ASSOCIAZIONI LA REGIONE DIFENDERA\u2019 IL PROPRIO PROVVEDIMENTO\u201d<\/strong><\/h3>\n<\/blockquote>\n<p><strong> <a class=\"dt-pswp-item\" href=\"https:\/\/www.radiopiu.net\/wordpress\/wp-content\/uploads\/2017\/01\/1439544293-1343990265-cacciatori-italiani.jpg\" data-dt-img-description=\"\" data-large_image_width=\"448\" data-large_image_height=\"278\"><img loading=\"lazy\" decoding=\"async\" class=\" wp-image-27162 alignleft\" src=\"https:\/\/www.radiopiu.net\/wordpress\/wp-content\/uploads\/2017\/01\/1439544293-1343990265-cacciatori-italiani-300x186.jpg\" alt=\"\" width=\"215\" height=\"133\" \/><\/a>VENEZIA\u00a0 <\/strong>\u201cRingrazio tutte le associazioni che si sono schierate al fianco della Regione del Veneto nel ricorso al Tar, presentato dalle associazioni ambientaliste contro il calendario faunistico venatorio 2020-2021\u201d,\u00a0 fa sapere l\u2019assessore regionale alla caccia dopo l&#8217;incontro di\u00a0 Mestre con le associazioni venatorie e i funzionari regionali della Direzione faunistico-venatoria della Regione. L\u2019avvocatura regionale garantir\u00e0 il supporto giuridico per sostenere nelle sedi opportune la legittimit\u00e0 degli atti assunti dalla Giunta regionale del Veneto.\u00a0 Nel frattempo resta confermata l&#8217;apertura regolare della caccia per il 20 settembre e dal 1\u00b0 ottobre prender\u00e0 avvio la caccia in mobilit\u00e0.<\/p>\n<p>&nbsp;<\/p>\n<p>&nbsp;<\/p>\n<hr \/>\n<p>&nbsp;<\/p>\n<blockquote>\n<h3>BELLUNO: +6 POSITIVI TRA CUI UN OPERATORE DI ALBERGO DELLE DOLOMITI<\/h3>\n<\/blockquote>\n<p><strong><img loading=\"lazy\" decoding=\"async\" class=\"alignleft\" src=\"https:\/\/www.radiopiu.net\/wordpress\/wp-content\/uploads\/2020\/03\/covid-ulss.jpg\" width=\"219\" height=\"164\" \/>BELLUNO<\/strong> Nelle ultime 24 ore 6 nuove positivit\u00e0 COVID: un operatore di un albergo dell\u2019area dolomitica, risultato positivo a seguito di sintomatologia presso un laboratorio privato. Tutti i contatti stretti o comunque significativi in ambito professionale ed extraprofessionale sono stati quarantenati e sottoposti\u00a0 a tampone; due coniugi residenti in Cadore sottoposti a tampone per iniziativa personale, asintomatici. La coppia da giorni osserva un rigoroso isolamento sociale con assenza di contatti significativi; due giovani donne operanti in una struttura alberghiera fuori provincia la positivit\u00e0 \u00e8 verosimilmente attribuibile a contatto stretto con ospite positivo di tale struttura il Dipartimento di Prevenzione ha disposto la quarantena e programmato i tamponi per tutti gli appartenenti al contesto familiare ed amicale delle due donne. Un ragazzo residente fuori provincia ospite dell\u2019area Dolomitica, contatto di caso confermato familiare; il giovane ha effettuato un tampone per insorgenza di sintomatologia significativa covid correlata. La positivit\u00e0 \u00e8 stata evidenziata mentre il soggetto era in quarantena ed assume, quindi, scarso significato epidemiologico. Si \u00e8 svolta regolarmente a Tai di Cadore la seduta di tamponi per il personale operante nelle due struttura alberghiere frequentate nei giorni scorsi da tesserati del Chievo calcio risultati positivi al SARS CoV 2. in totale sono stati sottoposti al test 22 soggetti con criterio di massima ampiezza.<\/p>\n<p>&nbsp;<\/p>\n<blockquote>\n<h3><strong>Rilascio certificati per accesso al voto di soggetti isolati-quarantenati per COVID<\/strong><\/h3>\n<\/blockquote>\n<p><strong>Belluno<\/strong>. Le persone in condizione di isolamento domiciliare o quarantena per COVID possono chiedere all\u2019Ulss il rilascio del certificato medico attestante tale condizione, al fine di richiedere al Comune di residenza l\u2019ammissione al voto, con modalit\u00e0 speciali, per le prossime elezioni regionali e per il referendum del 20 e 21 settembre 2020.\u00a0Le richieste di tali certificati vanno inviate <strong>entro il 15 settembre 2020<\/strong> a: <a href=\"mailto:certificati.elezioni@aulss1.veneto.it\">certificati.elezioni@aulss1.veneto.it<\/a> Per eventuali informazioni \u00e8 a disposizione il Dipartimento di Prevenzione al numero 0437\/514505 (dal luned\u00ec al venerd\u00ec dalle 9.00 alle 13.00).<\/p>\n<p>&nbsp;<\/p>\n<p>&nbsp;<\/p>\n<hr \/>\n<blockquote>\n<h3><\/h3>\n<h3>VENETO: 3 DECESSI, 83 POSITIVI, 30 ATTUALMENTE POSITIVI IN MENO<\/h3>\n<\/blockquote>\n<p><strong>VENEZIA<\/strong> Anche nel Veneto la capienza dei mezzi pubblici scende all&#8217;80 per cento. Da lunedi entra in vigore l&#8217;ordinanza della riduzione che consentir\u00e0 il distanziamento sociale. Rimane l&#8217;obbligo di indossare la mascherina. In Italia si rialza la curva, solo a NordEst quasi 100 contagi in pi\u00f9 in sole 24 ore. Anche per chi rientra dalla Francia dovr\u00e0 sottoporsi a test sierologico mentre il commissario Arcuri promette entro novembre il raddoppio dello screening per covid, fino a 200 mila tamponi al giorno.<\/p>\n<blockquote class=\"wp-embedded-content\" data-secret=\"n85pNqlYLC\"><p><a href=\"https:\/\/www.radiopiu.net\/wordpress\/08settembre\/\">CORONAVIRUS: AGGIORNAMENTO NAZIONALE 08 SETTEMBRE<\/a><\/p><\/blockquote>\n<p><iframe loading=\"lazy\" class=\"wp-embedded-content\" sandbox=\"allow-scripts\" security=\"restricted\" style=\"position: absolute; clip: rect(1px, 1px, 1px, 1px);\" title=\"&#8220;CORONAVIRUS: AGGIORNAMENTO NAZIONALE 08 SETTEMBRE&#8221; &#8212; Radio Pi\u00f9\" src=\"https:\/\/www.radiopiu.net\/wordpress\/08settembre\/embed\/#?secret=n85pNqlYLC\" data-secret=\"n85pNqlYLC\" width=\"600\" height=\"338\" frameborder=\"0\" marginwidth=\"0\" marginheight=\"0\" scrolling=\"no\"><\/iframe><\/p>\n<p>&nbsp;<\/p>\n<p>&nbsp;<\/p>\n<blockquote class=\"wp-embedded-content\" data-secret=\"310dmyWDb6\"><p><a href=\"https:\/\/www.radiopiu.net\/wordpress\/8settembre\/\">DA IERI SERA: 3 DECESSI, 83 POSITIVI, 30 ATTUALMENTE POSITIVI IN MENO<\/a><\/p><\/blockquote>\n<p><iframe loading=\"lazy\" class=\"wp-embedded-content\" sandbox=\"allow-scripts\" security=\"restricted\" style=\"position: absolute; clip: rect(1px, 1px, 1px, 1px);\" title=\"&#8220;DA IERI SERA: 3 DECESSI, 83 POSITIVI, 30 ATTUALMENTE POSITIVI IN MENO&#8221; &#8212; Radio Pi\u00f9\" src=\"https:\/\/www.radiopiu.net\/wordpress\/8settembre\/embed\/#?secret=310dmyWDb6\" data-secret=\"310dmyWDb6\" width=\"600\" height=\"338\" frameborder=\"0\" marginwidth=\"0\" marginheight=\"0\" scrolling=\"no\"><\/iframe><\/p>\n<p>&nbsp;<\/p>\n<p>&nbsp;<\/p>\n<p><strong>I GRAFICI DI TIZIANO DE COL\u00a0<\/strong><\/p>\n<p><a class=\"dt-pswp-item\" href=\"https:\/\/www.radiopiu.net\/wordpress\/wp-content\/uploads\/2020\/09\/f3a1071a-2da8-4260-b6b3-a9b71e339e60.jpg\" data-dt-img-description=\"\" data-large_image_width=\"660\" data-large_image_height=\"636\"><img loading=\"lazy\" decoding=\"async\" class=\"alignnone size-medium wp-image-159705\" src=\"https:\/\/www.radiopiu.net\/wordpress\/wp-content\/uploads\/2020\/09\/f3a1071a-2da8-4260-b6b3-a9b71e339e60-300x289.jpg\" alt=\"\" width=\"300\" height=\"289\" srcset=\"https:\/\/www.radiopiu.net\/wordpress\/wp-content\/uploads\/2020\/09\/f3a1071a-2da8-4260-b6b3-a9b71e339e60-300x289.jpg 300w, https:\/\/www.radiopiu.net\/wordpress\/wp-content\/uploads\/2020\/09\/f3a1071a-2da8-4260-b6b3-a9b71e339e60-498x480.jpg 498w, https:\/\/www.radiopiu.net\/wordpress\/wp-content\/uploads\/2020\/09\/f3a1071a-2da8-4260-b6b3-a9b71e339e60.jpg 660w\" sizes=\"auto, (max-width: 300px) 100vw, 300px\" \/><\/a><a class=\"dt-pswp-item\" href=\"https:\/\/www.radiopiu.net\/wordpress\/wp-content\/uploads\/2020\/09\/78afb679-e16d-433f-8f09-bc1c8b9b625a.jpg\" data-dt-img-description=\"\" data-large_image_width=\"480\" data-large_image_height=\"334\"><img loading=\"lazy\" decoding=\"async\" class=\"alignnone size-medium wp-image-159704\" src=\"https:\/\/www.radiopiu.net\/wordpress\/wp-content\/uploads\/2020\/09\/78afb679-e16d-433f-8f09-bc1c8b9b625a-300x209.jpg\" alt=\"\" width=\"300\" height=\"209\" srcset=\"https:\/\/www.radiopiu.net\/wordpress\/wp-content\/uploads\/2020\/09\/78afb679-e16d-433f-8f09-bc1c8b9b625a-300x209.jpg 300w, https:\/\/www.radiopiu.net\/wordpress\/wp-content\/uploads\/2020\/09\/78afb679-e16d-433f-8f09-bc1c8b9b625a.jpg 480w\" sizes=\"auto, (max-width: 300px) 100vw, 300px\" \/><\/a><\/p>\n<p>&nbsp;<\/p>\n<hr \/>\n<p>&nbsp;<\/p>\n<p>&nbsp;<\/p>\n<p>&nbsp;<\/p>\n<blockquote>\n<h3>LA MESSA A CAMP CON IL PENSIERO A GIORGIO<\/h3>\n<\/blockquote>\n<p><strong><img loading=\"lazy\" decoding=\"async\" class=\"alignleft\" src=\"https:\/\/www.radiopiu.net\/wordpress\/wp-content\/uploads\/2020\/09\/crocevia-a-forcella-del.jpg\" width=\"150\" height=\"113\" \/>AGORDO<\/strong> Giorgio Favero (in basso a destra nella foto del 1998 con la camicia a qudrettoni) non ci sar\u00e0 alla messa a Forcella Camp. Non ci sar\u00e0 fisicamente ma il suo pensiero, il suo cuore, il suo amore per la montagna che sovrasta Agordo non mancher\u00e0. Perch\u00e9 il momento sotto al Framont e ai piedi della Moiazza \u00e8 una sua &#8220;invenzione&#8221;, una delle tante importanti iniziative di Giorgio, come al tempo fu la riscoperta e la ripresa dell&#8217;evento Vecia Popa oggi portato avanti da un gruppo di validi giovani che hanno saputo raccogliere il testimone. La messa a Forcella Camp ricorder\u00e0 la posa del capitello di 22 anni fa, sar\u00e0 celebrata alle 10.30 di sabato 12 settembre.<\/p>\n<a href=\"https:\/\/www.radiopiu.net\/wordpress\/wp-content\/uploads\/2020\/09\/manifesto-2020.pdf\" class=\"pdfemb-viewer\" style=\"\" data-width=\"max\" data-height=\"max\" data-toolbar=\"top\" data-toolbar-fixed=\"on\">manifesto 2020<\/a>\n<p>&nbsp;<\/p>\n<p>&nbsp;<\/p>\n<hr \/>\n<p>&nbsp;<\/p>\n<p>&nbsp;<\/p>\n<p>&nbsp;<\/p>\n<blockquote>\n<h3>LA EX BAITA ALLE PESCHIERE SARA&#8217; ARREDATA E LA ZONA MESSA ULTERIORMENTE IN SICUREZZA<\/h3>\n<\/blockquote>\n<p><strong><img loading=\"lazy\" decoding=\"async\" class=\"alignleft\" src=\"https:\/\/www.radiopiu.net\/wordpress\/wp-content\/uploads\/2020\/04\/PESCHIERE.jpg\" width=\"204\" height=\"154\" \/>TAIBON<\/strong> Con l&#8217;annualit\u00e0 2020 dei fondi di confine l&#8217;amministrazione comunale arreder\u00e0 l&#8217;ex After Hour.<\/p>\n<p>di GIANNI SANTOMASO<\/p>\n<audio class=\"wp-audio-shortcode\" id=\"audio-159634-5\" preload=\"none\" style=\"width: 100%;\" controls=\"controls\"><source type=\"audio\/mpeg\" src=\"https:\/\/www.radiopiu.net\/wordpress\/wp-content\/uploads\/2020\/09\/gianni-peschiere.mp3?_=5\" \/><a href=\"https:\/\/www.radiopiu.net\/wordpress\/wp-content\/uploads\/2020\/09\/gianni-peschiere.mp3\">https:\/\/www.radiopiu.net\/wordpress\/wp-content\/uploads\/2020\/09\/gianni-peschiere.mp3<\/a><\/audio>\n<p>&nbsp;<\/p>\n<hr \/>\n<p>&nbsp;<\/p>\n<p>&nbsp;<\/p>\n<p>&nbsp;<\/p>\n<blockquote>\n<h3>PRIMO GIORNO DI SCUOLA CON PEDIBUS<\/h3>\n<\/blockquote>\n<p><img loading=\"lazy\" decoding=\"async\" class=\"alignleft\" src=\"https:\/\/www.radiopiu.net\/wordpress\/wp-content\/uploads\/2019\/04\/download.jpg\" width=\"112\" height=\"117\" \/><strong>SEDICO Al via il servizio Pedibus.<\/strong><\/p>\n<p><strong>di Damiano Tormen<\/strong><\/p>\n<audio class=\"wp-audio-shortcode\" id=\"audio-159634-6\" preload=\"none\" style=\"width: 100%;\" controls=\"controls\"><source type=\"audio\/mpeg\" src=\"https:\/\/www.radiopiu.net\/wordpress\/wp-content\/uploads\/2020\/09\/DAMIANO-PEDIBUIS.mp3?_=6\" \/><a href=\"https:\/\/www.radiopiu.net\/wordpress\/wp-content\/uploads\/2020\/09\/DAMIANO-PEDIBUIS.mp3\">https:\/\/www.radiopiu.net\/wordpress\/wp-content\/uploads\/2020\/09\/DAMIANO-PEDIBUIS.mp3<\/a><\/audio>\n<p>&nbsp;<\/p>\n<hr \/>\n<h3><\/h3>\n<p>&nbsp;<\/p>\n<p>&nbsp;<\/p>\n<blockquote>\n<h3>CANTIERI IN PIAZZALE STAZIONE E DISAGI ALLA VIABILITA&#8217;<\/h3>\n<\/blockquote>\n<p><strong><a class=\"dt-pswp-item\" href=\"https:\/\/www.radiopiu.net\/wordpress\/wp-content\/uploads\/2020\/06\/5b19eb24-8039-457a-a39e-36dab105b590.jpg\" data-dt-img-description=\"\" data-large_image_width=\"960\" data-large_image_height=\"720\"><img loading=\"lazy\" decoding=\"async\" class=\" wp-image-145790 alignleft\" src=\"https:\/\/www.radiopiu.net\/wordpress\/wp-content\/uploads\/2020\/06\/5b19eb24-8039-457a-a39e-36dab105b590-300x225.jpg\" alt=\"\" width=\"255\" height=\"191\" srcset=\"https:\/\/www.radiopiu.net\/wordpress\/wp-content\/uploads\/2020\/06\/5b19eb24-8039-457a-a39e-36dab105b590-300x225.jpg 300w, https:\/\/www.radiopiu.net\/wordpress\/wp-content\/uploads\/2020\/06\/5b19eb24-8039-457a-a39e-36dab105b590-768x576.jpg 768w, https:\/\/www.radiopiu.net\/wordpress\/wp-content\/uploads\/2020\/06\/5b19eb24-8039-457a-a39e-36dab105b590.jpg 960w\" sizes=\"auto, (max-width: 255px) 100vw, 255px\" \/><\/a>FELTRE<\/strong> Nelle ultime due settimane sono ripresi i lavori nel piazzale della stazione ferroviaria, <em>&#8220;Dopo un periodo di desolante blocco del cantiere<\/em> &#8211; sottolineano i consiglieri Ennio Trento e Franco Debortoli &#8211;<em>\u00a0 e sicuramente questo comporter\u00e0 dei disagi per chi deve con mezzi propri attraversare l\u2019area in quanto la strada fronte stazione diverr\u00e0 a senso unico con senso vietato nella corsia sud di viale Monte Grappa (tratto compreso fra l&#8217;uscita del parcheggio FS e la rotatoria nei pressi dell&#8217;Istituto scolastico Canossiane) da mercoled\u00ec 9 a venerd\u00ec 25 settembre&#8221;. <\/em>I lavori programmati da tempo arrivano in concomitanza con la ripresa lavorativa dopo le ferie e sopratutto con l\u2019inizio dell\u2019anno scolastico previsto per il 14 settembre. Il tratto di strada interessato \u00e8 relativamente breve ma strategico per la viabilit\u00e0 cittadina in quanto costringer\u00e0 comunque gli utenti a lunghe deviazioni in Panoramica o addirittura in superstrada. <em>&#8220;Dai dati forniti di recente da Dolomitibus riguardo il calo di abbonamenti<\/em> &#8211; proseguono i consiglieri &#8211; <em>possiamo presumere che con l\u2019apertura delle scuole avremo un aumento del traffico veicolare privato in quanto probabilmente molti genitori sono preoccupati nel mandare a scuola i propri figli con i mezzi pubblici a causa dell\u2019emergenza Covid. Crediamo quindi che molto probabilmente andremo incontro in questo periodo a scenari molto caotici rispetto alla viabilit\u00e0 cittadina&#8221;.\u00a0<\/em>Alla luce di queste premesse i due consiglieri passano quindi alla fase delle domande:<em> &#8220;Non era opportuno creare una corsia d&#8217;emergenza nella parte centrale della carreggiata occupata al momento da un&#8217;aiuola verde? Oppure,\u00a0 se durante i lavori in stazione che non sia il caso di riaprire alla circolazione veicolare il centro cittadino, quantomeno durante il giorno, al fine di mitigare i disagi e dare respiro ad una viabilit\u00e0 che prevediamo molto disagiata?&#8221;<\/em> Due richieste che fanno leva anche su un altro fatto: la stagione turistica\u00a0 terminata e il periodo temporale di durata dei lavori. <em>&#8220;Speriamo\u00a0 &#8211; concludono Ennio e De Bortoli &#8211; che Adis Zatta, assessore ai lavori pubblici, abbia controllato e monitorato bene il cronoprogramma dei lavori e che questi siano eseguiti nel pi\u00f9 breve tempo possibile, eventualmente valutando anche l\u2019impiego di turni notturni&#8221;.<\/em><\/p>\n<p>&nbsp;<\/p>\n<hr \/>\n<p>&nbsp;<\/p>\n<p>&nbsp;<\/p>\n<p>&nbsp;<\/p>\n<blockquote>\n<h3>SVILUPPO DELLE CICLABILI, INCONTRO A LIMONE DEL GARDA<\/h3>\n<\/blockquote>\n<p><b><a class=\"dt-pswp-item\" href=\"https:\/\/www.radiopiu.net\/wordpress\/wp-content\/uploads\/2020\/09\/c1fa1dbf-3aab-4d31-999d-ca2440f31a5e.jpg\" data-dt-img-description=\"\" data-large_image_width=\"1600\" data-large_image_height=\"1200\"><img loading=\"lazy\" decoding=\"async\" class=\" wp-image-159665 alignleft\" src=\"https:\/\/www.radiopiu.net\/wordpress\/wp-content\/uploads\/2020\/09\/c1fa1dbf-3aab-4d31-999d-ca2440f31a5e-300x225.jpg\" alt=\"\" width=\"260\" height=\"195\" srcset=\"https:\/\/www.radiopiu.net\/wordpress\/wp-content\/uploads\/2020\/09\/c1fa1dbf-3aab-4d31-999d-ca2440f31a5e-300x225.jpg 300w, https:\/\/www.radiopiu.net\/wordpress\/wp-content\/uploads\/2020\/09\/c1fa1dbf-3aab-4d31-999d-ca2440f31a5e-1024x768.jpg 1024w, https:\/\/www.radiopiu.net\/wordpress\/wp-content\/uploads\/2020\/09\/c1fa1dbf-3aab-4d31-999d-ca2440f31a5e-768x576.jpg 768w, https:\/\/www.radiopiu.net\/wordpress\/wp-content\/uploads\/2020\/09\/c1fa1dbf-3aab-4d31-999d-ca2440f31a5e-1536x1152.jpg 1536w, https:\/\/www.radiopiu.net\/wordpress\/wp-content\/uploads\/2020\/09\/c1fa1dbf-3aab-4d31-999d-ca2440f31a5e-640x480.jpg 640w, https:\/\/www.radiopiu.net\/wordpress\/wp-content\/uploads\/2020\/09\/c1fa1dbf-3aab-4d31-999d-ca2440f31a5e.jpg 1600w\" sizes=\"auto, (max-width: 260px) 100vw, 260px\" \/><\/a>ALPAGO\u00a0 <\/b>Bicicletta e lago, un binomio che, a pochi chilometri da casa sta dando luogo ad un vero e proprio \u201ccaso turistico\u201d, non solo tra gli appassionati delle due ruote.\u00a0 Una delegazione della giunta comunale di Alpago, guidata dal sindaco, si \u00e8 recata in visita a Limone sul Garda, da dove parte e sta prendendo corpo la ciclovia del Garda, che \u2013 una volta completati i lavori nel 2021\/2022\u2013 sar\u00e0 la pi\u00f9 lunga d&#8217;Europa. Il tragitto della ciclabile \u00e8 realizzato per alcuni tratti \u201ca sbalzo\u201d, ovvero direttamente sul lago, e porta i turisti a due ruote ad immergersi completamente in uno scenario paesaggistico e naturale straordinario. <em>\u201cDopo l&#8217;incontro delle scorse settimane con l&#8217;amministrazione comunale di Vittorio Veneto, abbiamo ritenuto utile prendere contatti anche con quella di Limone sul Garda, commenta la delegazione di Alpago, che aggiunge: \u201cNell&#8217;ambito del nostro programma di sviluppo ed implementazione delle ciclabili nella conca stiamo infatti comparando le politiche intraprese sul tema anche da altre amministrazioni; dall&#8217;incontro con quella di Limone (erano presenti, tra gli altri, il sindaco ed il vicesindaco) abbiamo tratto alcuni spunti interessanti, sia di carattere tecnico che in ordine alle possibili linee di finanziamento, che saranno preziosi anche per il progetto di sviluppo del cicloturismo nel nostro territorio.\u201d<\/em><\/p>\n<p>&nbsp;<\/p>\n<hr \/>\n<p>&nbsp;<\/p>\n<p>&nbsp;<\/p>\n<p>&nbsp;<\/p>\n<blockquote>\n<h3>I FODOM SI AFFIDANO AD UN TREVIGIANO\u00a0 NOMINATO ALLA PRESIDENZA DELLA &#8220;LIA DA MONT&#8221;<\/h3>\n<\/blockquote>\n<p><strong><img loading=\"lazy\" decoding=\"async\" class=\"alignleft\" src=\"https:\/\/www.radiopiu.net\/wordpress\/wp-content\/uploads\/2020\/06\/Arabba_ph.credit_Roberto-Grones-scaled.jpg\" width=\"203\" height=\"152\" \/>LIVINALLONGO<\/strong> Il gi\u00e0 commissario Giuseppe Cappelletto \u00e8 stata nominato presidente della Lia Da Mont\u00a0 Fodom &#8211; Col \/ Cai sezione di Livinallongo. Si chiude\u00a0 la fase commissariale durata un anno e mezzo. Questi gli altri componenti del nuovo direttivo:vicepresidente Maurizio Denicol\u00f2, segretaria Federica Crepaz. Consiglieri: Pierantonio Ballan, Claudio Crepaz, Rinaldo Dal Pont, Giampaolo Fasolo, Raffaele Irsara, Marino Zorz. Revisori dei conti: Romano Rubini, Leda Signori e Narciso Signori. Giuseppe Cappelletto \u00e8 iscritto al Cai dal 1964 nella sezione di Treviso, citt\u00e0 dove risiede.<\/p>\n<p>Arabba, foto Roberto Grones<\/p>\n<p>&nbsp;<\/p>\n<p>&nbsp;<\/p>\n<p>&nbsp;<\/p>\n<hr \/>\n<h3 align=\"JUSTIFY\"><\/h3>\n<p>&nbsp;<\/p>\n<blockquote>\n<h3 align=\"JUSTIFY\">SUPERATO IL TETTO MASSIMO DI ISCRIZIONI PER IL CORSO SULL\u2019INNOVAZIONE SOSTENIBILE<\/h3>\n<\/blockquote>\n<p><strong><a class=\"dt-pswp-item\" href=\"https:\/\/www.radiopiu.net\/wordpress\/wp-content\/uploads\/2020\/09\/il-politecnico.jpg\" data-dt-img-description=\"\" data-large_image_width=\"1536\" data-large_image_height=\"1024\"><img loading=\"lazy\" decoding=\"async\" class=\"size-medium wp-image-159631 alignleft\" src=\"https:\/\/www.radiopiu.net\/wordpress\/wp-content\/uploads\/2020\/09\/il-politecnico-300x200.jpg\" alt=\"\" width=\"300\" height=\"200\" srcset=\"https:\/\/www.radiopiu.net\/wordpress\/wp-content\/uploads\/2020\/09\/il-politecnico-300x200.jpg 300w, https:\/\/www.radiopiu.net\/wordpress\/wp-content\/uploads\/2020\/09\/il-politecnico-1024x683.jpg 1024w, https:\/\/www.radiopiu.net\/wordpress\/wp-content\/uploads\/2020\/09\/il-politecnico-768x512.jpg 768w, https:\/\/www.radiopiu.net\/wordpress\/wp-content\/uploads\/2020\/09\/il-politecnico-640x427.jpg 640w, https:\/\/www.radiopiu.net\/wordpress\/wp-content\/uploads\/2020\/09\/il-politecnico.jpg 1536w\" sizes=\"auto, (max-width: 300px) 100vw, 300px\" \/><\/a>LONGARONE\u00a0<\/strong> Saranno 24 i partecipanti al corso \u201cInnovazione Sostenibile per l\u2019Industria dell\u2019Occhiale, del Sistema Moda e dello Sport\u201d che l\u2019Area Formazione di Certottica avvier\u00e0 l\u201911 settembre \u2013 ad un anno esatto dall\u2019inaugurazione del Politecnico Internazionale dell\u2019Occhiale \u2013 in stretta sinergia con l&#8217;Universit\u00e0 degli Studi di Padova. Un pool dei massimi esperti del Dipartimento di Ingegneria Industriale, infatti, guider\u00e0 i partecipanti ad avviare concreti progetti di innovazione sostenibile mirando all&#8217;eliminazione degli sprechi. Il tutto, attraverso una progettazione superiore di materiali, prodotti, sistemi e ripensando i modelli di business in una nuova ottica. <em>\u201cQuesto iter \u2013 ha commentato il Presidente di Certottica, Luigino Boito \u2013 \u00e8 stato accreditato dal Senato Accademico in un momento cos\u00ec delicato anche per gli spin off universitari solo grazie alla bont\u00e0 della proposta. Sottolineo che met\u00e0 del percorso verr\u00e0 realizzato all\u2019interno dei laboratori patavini che apriranno le porte, nonostante le restrizioni, ad una sperimentazione mirata e diretta, in tempo reale\u201d.<\/em> Gli interessati potranno rimanere aggiornati sul sito dell\u2019Istituto, www.certottica.it, sui socia, o contattando direttamente lo staff dell&#8217;Area Formazione (0437\/573157 &#8211; formazione@certottica.it).<\/p>\n<p>&nbsp;<\/p>\n<hr \/>\n<p>&nbsp;<\/p>\n<p>&nbsp;<\/p>\n<p>&nbsp;<\/p>\n<blockquote>\n<h3>LEZIONE E MEDAGLIETTA PER GLI ALUNNI DELLA CLASSE QUINTA&#8230;NONOSTANTE IL COVID19<\/h3>\n<\/blockquote>\n<p><strong><a class=\"dt-pswp-item\" href=\"https:\/\/www.radiopiu.net\/wordpress\/wp-content\/uploads\/2020\/09\/IMG_9431-1.jpg\" data-dt-img-description=\"\" data-large_image_width=\"2016\" data-large_image_height=\"1512\"><img loading=\"lazy\" decoding=\"async\" class=\" wp-image-159672 alignleft\" src=\"https:\/\/www.radiopiu.net\/wordpress\/wp-content\/uploads\/2020\/09\/IMG_9431-1-300x225.jpg\" alt=\"\" width=\"269\" height=\"202\" srcset=\"https:\/\/www.radiopiu.net\/wordpress\/wp-content\/uploads\/2020\/09\/IMG_9431-1-300x225.jpg 300w, https:\/\/www.radiopiu.net\/wordpress\/wp-content\/uploads\/2020\/09\/IMG_9431-1-1024x768.jpg 1024w, https:\/\/www.radiopiu.net\/wordpress\/wp-content\/uploads\/2020\/09\/IMG_9431-1-768x576.jpg 768w, https:\/\/www.radiopiu.net\/wordpress\/wp-content\/uploads\/2020\/09\/IMG_9431-1-1536x1152.jpg 1536w, https:\/\/www.radiopiu.net\/wordpress\/wp-content\/uploads\/2020\/09\/IMG_9431-1-640x480.jpg 640w, https:\/\/www.radiopiu.net\/wordpress\/wp-content\/uploads\/2020\/09\/IMG_9431-1.jpg 2016w\" sizes=\"auto, (max-width: 269px) 100vw, 269px\" \/><\/a>TAIBON<\/strong> Anche quest&#8217;anno la sezione ABVS a primavera era pronta per incontrare le maestre e gli alunni della quinta classe per spiegare e sensibilizzare l&#8217;importanza della donazione del sangue. Anche in questa occasione la pandemia Covid19 ha scompaginato i piani, a marzo si \u00e8 bloccato tutto. Il direttivo della sezione non ha per\u00f2 ritenuto n\u00e8 corretto n\u00e8 opportuno il mancato completamento di un programma condiviso con le docenti. <em>&#8220;Generalmente\u00a0 &#8211; ricorda il segretario di sezione Daniele Cancel &#8211; l&#8217;attivit\u00e0 con la scuola prevedeva negli ultimi mesi dell&#8217;anno scolastico, la visita al centro trasfusionale di Agordo ed in altra data l&#8217;incontro con il personale della sezione ABVS provinciale, nonch\u00e9 la realizzazione delle medagliette (personalizzate con logo della sezione e nome dell&#8217;alunno) consegnate in occasione della recita di fine anno. Il blocco totale di tutte le attivit\u00e0 causa COVID-19 non doveva essere motivo per non procedere con il programma, quindi con il comitato di sezione e la preziosa collaborazione con le maestre si \u00e8 deciso di procedere comunque, <a class=\"dt-pswp-item\" href=\"https:\/\/www.radiopiu.net\/wordpress\/wp-content\/uploads\/2020\/09\/IMG_9427-1.jpg\" data-dt-img-description=\"\" data-large_image_width=\"2016\" data-large_image_height=\"1512\"><img loading=\"lazy\" decoding=\"async\" class=\" wp-image-159671 alignright\" src=\"https:\/\/www.radiopiu.net\/wordpress\/wp-content\/uploads\/2020\/09\/IMG_9427-1-300x225.jpg\" alt=\"\" width=\"219\" height=\"164\" srcset=\"https:\/\/www.radiopiu.net\/wordpress\/wp-content\/uploads\/2020\/09\/IMG_9427-1-300x225.jpg 300w, https:\/\/www.radiopiu.net\/wordpress\/wp-content\/uploads\/2020\/09\/IMG_9427-1-1024x768.jpg 1024w, https:\/\/www.radiopiu.net\/wordpress\/wp-content\/uploads\/2020\/09\/IMG_9427-1-768x576.jpg 768w, https:\/\/www.radiopiu.net\/wordpress\/wp-content\/uploads\/2020\/09\/IMG_9427-1-1536x1152.jpg 1536w, https:\/\/www.radiopiu.net\/wordpress\/wp-content\/uploads\/2020\/09\/IMG_9427-1-640x480.jpg 640w, https:\/\/www.radiopiu.net\/wordpress\/wp-content\/uploads\/2020\/09\/IMG_9427-1.jpg 2016w\" sizes=\"auto, (max-width: 219px) 100vw, 219px\" \/><\/a>non \u00e8 stata per\u00f2 possibile la visita al centro trasfusionale&#8221;.\u00a0<\/em> Considerato che le lezioni quotidiane sono state proposte in\u00a0 streaming l&#8217;incontro con gli alunni si \u00e8 svolto in modalit\u00e0 on line con argomenti: il sangue e l&#8217;attivit\u00e0 dell&#8217;ABVS. Anche quest&#8217;anno sono state consegnate le medagliette con inciso il gruppo sanguigno degli studenti. <em>&#8220;<\/em><em>Infine \u00e8 stato un piacere e una sorpresa partecipare alla recita di fine anno in streaming &#8211; conclude Daniele Cancel &#8211;\u00a0 con molto stupore abbiamo assistito al lavoro da video_maker con il montaggio dei singoli video realizzati dai ragazzi a casa, per la ricostruzione della favola di Cenerentola in versione agordina&#8221;. <\/em>Alla recita online hanno partecipato (oltre agli alunni ed alle maestre)\u00a0 il preside, il\u00a0 sindaco, l&#8217;agente di Polizia Locale e le associazione che collaborano con la scuola. Dalla sezione dei donatori il grazie\u00a0 alla maestra Chiara Rampini, nonostante le difficolt\u00e0 dovute alla gestione da casa, si \u00e8 prodigata per collaborare per la prefetta riuscita dell&#8217; iniziativa.<\/p>\n<p>&nbsp;<\/p>\n<p>&nbsp;<\/p>\n<p>&nbsp;<\/p>\n<hr \/>\n<blockquote>\n<h3 align=\"JUSTIFY\">BELLUNO KIDS CHIUDE CON IL 22% DI PRESENZE IN PIU&#8217;<\/h3>\n<\/blockquote>\n<p><strong><a class=\"dt-pswp-item\" href=\"https:\/\/www.radiopiu.net\/wordpress\/wp-content\/uploads\/2020\/09\/DSC_6500-scaled.jpg\" data-dt-img-description=\"\" data-large_image_width=\"2560\" data-large_image_height=\"1702\"><img loading=\"lazy\" decoding=\"async\" class=\"size-medium wp-image-159639 alignleft\" src=\"https:\/\/www.radiopiu.net\/wordpress\/wp-content\/uploads\/2020\/09\/DSC_6500-300x199.jpg\" alt=\"\" width=\"300\" height=\"199\" srcset=\"https:\/\/www.radiopiu.net\/wordpress\/wp-content\/uploads\/2020\/09\/DSC_6500-300x199.jpg 300w, https:\/\/www.radiopiu.net\/wordpress\/wp-content\/uploads\/2020\/09\/DSC_6500-1024x681.jpg 1024w, https:\/\/www.radiopiu.net\/wordpress\/wp-content\/uploads\/2020\/09\/DSC_6500-768x511.jpg 768w, https:\/\/www.radiopiu.net\/wordpress\/wp-content\/uploads\/2020\/09\/DSC_6500-1536x1021.jpg 1536w, https:\/\/www.radiopiu.net\/wordpress\/wp-content\/uploads\/2020\/09\/DSC_6500-2048x1361.jpg 2048w, https:\/\/www.radiopiu.net\/wordpress\/wp-content\/uploads\/2020\/09\/DSC_6500-640x425.jpg 640w\" sizes=\"auto, (max-width: 300px) 100vw, 300px\" \/><\/a>BELLUNO<\/strong>\u00a0 La seconda edizione delBelluno Kids festival si \u00e8 conclusa nel parco della\u00a0 Vena d&#8217;Oro a Ponte nelle Alpi con lo spettacolo Girofiaba. Una seconda edizione voluta\u00a0 dal direttore artistico Alessandro Rossi: <em>\u201cMai come quest&#8217;anno il Festival era un progetto da portare a termine, nonostante tutte le difficolt\u00e0. Siamo riusciti a trovare nuove sinergie che ci hanno sostenuto, artisti che hanno ridotto i propri compensi. Tutto per darci la possibilit\u00e0 di realizzare questa seconda edizione. <\/em><em>Perch\u00e9 in qualche modo volevamo ripartire. Perch\u00e8 crediamo fosse importante, mai quanto ora, tornare ad una normalit\u00e0. Perch\u00e8 pensiamo fosse giusto in un periodo come questo, a maggior ragione per bambini e famiglie, \u201cfare\u201d comunque qualcosa.\u201d <\/em>Rispetto alla prima edizione del festival, a parit\u00e0 di eventi, questa seconda edizione ha avuto un incremento di pubblico del 22%. Numeri importanti che certificano la voglia di un evento come questo che porta in citt\u00e0 famiglie provenienti da tutta la provincia. Un risultato in parte atteso dopo il periodo di lockdown passato che ha azzerato quella socialit\u00e0 che si respira pienamente in un evento partecipato e conviviale come un Festival. Molti degli eventi infatti erano andati sold out gi\u00e0 in fase di prevendita<em>. &#8220;Ora &#8211; conclude Rossi &#8211;\u00a0 \u00e8 il momento di far depositare le emozioni e di capire, assieme alle amministrazioni, come proseguire questo percorso che si \u00e8 confermato un punto di riferimento per tante famiglie della provincia di Belluno&#8221;.<\/em><\/p>\n<p>&nbsp;<\/p>\n<hr \/>\n<p>&nbsp;<\/p>\n<p>&nbsp;<\/p>\n<p>&nbsp;<\/p>\n<blockquote>\n<h3>LE ISCRIZIONI AL PROGETTO &#8220;ALPS 2030&#8221; SI CHIUDONO IL 5 OTTOBRE<\/h3>\n<p><em>L\u2019Agenda 2030 per lo Sviluppo Sostenibile \u00e8 un programma d\u2019azione per le persone, il pianeta e la prosperit\u00e0 sottoscritto nel settembre 2015 dai governi dei 193 Paesi membri dell\u2019ONU<\/em><\/p><\/blockquote>\n<p><strong>BELLUNO<\/strong> La giunta comunale ha dato il via libera all&#8217;avviso e al processo di candidatura per la partecipazione al progetto \u201cAlps 2030\u201d promosso da CIPRA che vedr\u00e0 protagonisti anche tre giovani bellunesi. E&#8217; un progetto della durata di 24 mesi dedicato agli obiettivi di sviluppo sostenibile individuati dall\u2019ONU; \u00e8 indirizzato ai ragazzi tra i 14 e i 25 anni che potranno partecipare a tre incontri internazionali su questi temi. \u201cAlps 2030\u201d coinvolge in Italia il solo Comune di Belluno. Tre i posti messi a disposizione: i ragazzi, che\u00a0 parteciperanno a titolo gratuito, incontreranno esponenti politici europei e intrecceranno rapporti con organizzazioni internazionali e altri loro coetanei da tutto il continente. I partecipanti saranno completamente spesati nell&#8217;arco dell&#8217;intero progetto e le spese di viaggio, vitto e alloggio saranno coperte dal budget del progetto Erasmus+. I requisiti richiesti ai partecipanti sono: et\u00e0 compresa tra i 14 e i 25 anni, con preferenza per i ragazzi tra i 14 e i 18 anni; disponibilit\u00e0 ad assentarsi da scuola in occasione degli incontri internazionali, a seguito di richiesta dell&#8217;Amministrazione comunale alla scuola; essere residenti nel Comune di Belluno e\/o frequentare un Istituto scolastico a Belluno; buona conoscenza della lingua\u00a0 inglese. Il modulo di iscrizione sar\u00e0 presto scaricabile dal sito istituzionale del Comune<\/p>\n<p>&nbsp;<\/p>\n<p>&nbsp;<\/p>\n<hr \/>\n<blockquote>\n<h3><\/h3>\n<h3>DUE CONSIGLI COMUNALI A PORTE CHIUSE<\/h3>\n<\/blockquote>\n<p><strong>FALCADE\u00a0<\/strong>Il sindaco di Falcade Michele Costa ha convocato i consiglieri comunale per domani alle 20, in discussione 6\u00a0 punti all&#8217;ordine del giorno. Il sindaco di Taibon Silvia Tormen ha invece convocato i consiglieri per venerdi alle 18, all&#8217;ordine del giorno la variazione al bilancio, la salvaguardia degli equilibri di bilancio e la convenzione con l&#8217;Unione Montana e alcuni Comuni per il servizio rilascio autorizazzioni paesaggistiche &#8211; Sirap.<\/p>\n<p>&nbsp;<\/p>\n<hr \/>\n<p>&nbsp;<\/p>\n<p>&nbsp;<\/p>\n<blockquote>\n<h3>SESSANT&#8217;ANNI DI BIBLIOTECA CIVICA DA FESTEGGIARE<\/h3>\n<\/blockquote>\n<p><strong>LONGARONE\u00a0<\/strong> in occasione delle celebrazioni dei <u>60 anni della Biblioteca Civica<\/u>, l&#8217;Amministrazione Comunale in collaborazione con la Biblioteca organizza una serie di eventi ed iniziative gratuite. Il primo appuntamento \u00e8 dedicato ai pi\u00f9 piccoli e si terr\u00e0 sabato 19 settembre 2020 alle 14:30, presso il parco adiacente la Scuola Secondaria di Secondo Grado &#8220;P. Gonzaga&#8221; di Longarone: Mario Acampa, conduttore di svariati programmi per ragazzi, tra cui &#8220;La banda dei FuoriClasse&#8221; su RAI Gulp, presenter\u00e0 il suo libro &#8220;<em>Betty l&#8217;ape postina<\/em>&#8220;. La sera del 19 settembre 2020 alle ore 21.00 presso il Centro Culturale di Longarone sar\u00e0, invece, dedicata al pubblico adulto: lo spettacolo &#8220;<em>Leggere \u00e8 viaggiare. Un\u2019esperienza tra parole, note e colori<\/em>&#8221; sar\u00e0 un viaggio tra le pagine di alcune grandi opere (dalla poesia al teatro, dall\u2019articolo giornalistico al racconto) lette dall&#8217;attrice e regista Anna Olivier, la quale sar\u00e0 accompagnata dall&#8217;arpa di Ilaria Bergamin, musicista che collabora con l&#8217;Orchestra Sinfonica Nazionale RAI e con l&#8217;Orchestra del Teatro Petruzzelli di Bari. L&#8217;allestimento scenico sar\u00e0 un&#8217;esposizione di acquerelli dell&#8217;artista Luisella Salce. Obbligatorio \u00a0indossare la mascherina e prenotarsi.<\/p>\n<p>&nbsp;<\/p>\n<hr \/>\n<p>&nbsp;<\/p>\n<p>&nbsp;<\/p>\n<blockquote><p><strong>POSTE ITALIANE CONCEDE IN COMODATO D\u2019USO GRATUITO QUATTRO POS ALLE AMMINISTRAZIONI LOCALI BELLUNESI<\/strong><\/p><\/blockquote>\n<p><strong><a class=\"dt-pswp-item\" href=\"https:\/\/www.radiopiu.net\/wordpress\/wp-content\/uploads\/2020\/04\/POSTE.jpg\" data-dt-img-description=\"\" data-large_image_width=\"607\" data-large_image_height=\"340\"><img loading=\"lazy\" decoding=\"async\" class=\" wp-image-127926 alignleft\" src=\"https:\/\/www.radiopiu.net\/wordpress\/wp-content\/uploads\/2020\/04\/POSTE-300x168.jpg\" alt=\"\" width=\"223\" height=\"125\" srcset=\"https:\/\/www.radiopiu.net\/wordpress\/wp-content\/uploads\/2020\/04\/POSTE-300x168.jpg 300w, https:\/\/www.radiopiu.net\/wordpress\/wp-content\/uploads\/2020\/04\/POSTE.jpg 607w\" sizes=\"auto, (max-width: 223px) 100vw, 223px\" \/><\/a>BELLUNO<\/strong> Poste Italiane ha concesso quattro dispositivi POS in comodato d\u2019uso gratuito ad alcune amministrazioni comunali del bellunese, con commissioni di accettazione gratuite per tutte le carte aziendali. La concessione riguarda i Comuni di Danta di Cadore, San Nicol\u00f2 di Comelico, Vallada Agordina e l\u2019Unione Montana Valle del Boite, che fa riferimento ai Comuni cadorini di Borca, Cibiana, San Vito, Valle e Vodo. L\u2019intervento a favore delle amministrazioni bellunesi \u00e8 parte del programma dei nuovi impegni per i Comuni italiani con meno di 5mila abitanti. La realizzazione di tali impegni \u00e8 consultabile sul portale web www.posteitaliane.it\/piccoli-comuni. Gli amministratori bellunesi hanno espresso soddisfazione per l\u2019iniziativa. L\u2019iniziativa segna dunque una nuova tappa nel dialogo e nel confronto che avvicina ancora di pi\u00f9 Poste Italiane al territorio, lungo un percorso fatto di impegni reali, investimenti e opportunit\u00e0 concrete, al servizio della crescita economica e sociale del Paese.<\/p>\n<p>&nbsp;<\/p>\n<p>&nbsp;<\/p>\n<hr \/>\n<p>&nbsp;<\/p>\n<blockquote>\n<h2>FERDINANDO COLETTI, IL CADORINO DI TAI STUDIOSO INSIGNE ATTIVO NEI MOTI DEL \u201948 di RENATO BONA<\/h2>\n<\/blockquote>\n<p><strong>BELLUNO<\/strong> Mentre imperversa e continua a preoccupare la pandemia del Corona virus 19 ci \u00e8 venuto in mente per singolare associazione di idee, un capitolo dell\u2019ottimo libro edito nel 1999 dall\u2019Amico del Popolo: \u201c90 profili di personaggi poco noti di una provincia da scoprire\u201d. E\u2019 quello in cui gli storici Paolo Conte e Marco Perale tratteggiano la figura e l\u2019opera di \u201cFerdinando Coletti: una vita tra gli studi e l\u2019impegno civile\u201d. Sotto questo titolo, infatti, il sommario specifica: \u201cNato a Tai di Cadore, fu docente e rettore dell\u2019Universit\u00e0 di Padova. Partecip\u00f2 ai moti del 1848, fond\u00f2 una rivista medica e si batt\u00e9 contro la scrofola\u201d. Scrofola? Ecco di cosa parliamo, secondo il sito my-personaltrainer.it: \u201cLa scrofolosi o scrofola \u00e8 un&#8217;infezione delle ghiandole linfonodali del collo meglio definita adenite tubercolare. Si tratta di una malattia infettiva generata da micro batteri: nell\u2019adulto \u00e8 soventemente provocata dal Mycobacterium tubercolosis o scrofulaceum (anche responsabile della ben pi\u00f9 nota e letale tubercolosi polmonare) che, in questo caso, penetra nel circolo linfatico e colpisce alcuni linfonodi tra i quali soprattutto quelli al di sotto della mandibola; al contrario, nei bambini la scrofolosi o scrofola \u00e8 provocata da altri micro batteri non tubercolari o atipici come il Nontuberculous mycobacteria. La maggior diffusione della scrofolosi o scrofola si \u00e8 avuta in Europa (Francia e Inghilterra) tra il X ed il XVII secolo, quando si credeva che potesse essere guarita dal \u2018tocco\u2019 di un nobile; oggi, pur essendo considerata una malattia rara, rappresenta una possibile complicanza dell\u2019immunodepressione e-o secondariamente della malnutrizione grave (ad esempio quella provocata dal virus dell\u2019Hiv). Torniamo a Coletti, venuto alla luce a Tai di Cadore il 17 agosto 1819 da Giuseppe, commerciante di legnami, e Carolina Codecasa. Considerato che il figlio non vedeva bene, la famiglia si trasfer\u00ec a Padova nel 1825 \u201cper dargli un\u2019educazione e guarire la sua infermit\u00e0\u201d. Conte-Perale ricordano ancora che \u201cIl ragazzo non deluse il genitore e frequent\u00f2 con profitto il liceo iscrivendosi poi all\u2019Universit\u00e0. Consegu\u00ec la laurea in medicina e chirurgia nel 1845, riuscendo a pubblicare la tesi dal titolo \u2018L\u2019idroterapia\u2019. Poco dopo divenne assistente alla cattedra di patologia e farmacologia e a soli 28 anni, nel 1847, partecip\u00f2 a Venezia al IX Congresso degli scienziati italiani\u201d. Ancora i due storici bellunesi: \u201cIl \u201948 era alle porte Ferdinando si schier\u00f2 con i liberali moderati contro l\u2019Austria. Partecip\u00f2 ai moti patavini dell\u20198 febbraio e divenne membro del governo provvisorio della citt\u00e0. Ritornati gli austriaci, per qualche mese fu esule e quindi fu a Venezia dove, per la risorta Repubblica, si occup\u00f2 con altri medici dell\u2019ospedale di S. Giorgio presso il quale si curavano i colerosi. Fuggito da Venezia di nuovo in mano agli austriaci, dopo qualche tempo rientr\u00f2 a Padova dove esercit\u00f2 la professione di medico fino alla guerra d\u2019indipendenza del \u201959. Da quel momento, e fino al 1866, diresse in citt\u00e0 il Comitato centrale nazionale veneto, coordinando la rischiosa attivit\u00e0 dei cospiratori che agivano segretamente contro l\u2019Austria nelle citt\u00e0 della nostra regione\u201d. Poi, annesso il Veneto all\u2019Italia, Coletti ritorn\u00f2 all\u2019Universit\u00e0 con l\u2019incarico di insegnare \u201cmateria medica e terapeutica\u201d. Fu docente fino alla morte, tranne nei due anni 1872 e 1873 in cui divenne Rettore dell\u2019ateneo. Per qualcosa come 14 anni, dalla fine del \u201966, fu consigliere comunale a Padova ed esponente dell\u2019Unione liberale veneta ma continu\u00f2 ad impegnarsi negli studi e a scrivere sulla \u201cGazzetta medica italiana delle province venete\u201d fondata e diretta da lui stesso nel 1858. E veniamo al suo contributo contro la scrofolosi. Conte-Perale dopo aver richiamato il suo impegno per ricerche sulle propriet\u00e0 dei farmaci, degli effetti tossici dei veleni ed aver contribuito alla nascita della cattedra universitaria di Igiene ricordano che \u201cSi batt\u00e9 con successo per prevenire e curare la scrofolosi, una malattia che colpiva soprattutto i bambini poveri e denutriti\u2026 Grazie al suo impegno nel 1870 sorse al Lido di Venezia il primo stabilimento in cui i bagni di sole e di mare divennero terapia usuale per vincere la malattia\u201d. Altro merito di Ferdinando Coletti \u00e8 quello di \u201cinsistere sulla necessit\u00e0 di incenerire i cadaveri ed egli stesso volle essere cremato\u201d. L\u2019illustre cadorino mor\u00ec a Padova il 27 febbraio 1881, a sei anni di distanza dalla scomparsa del figlio Arnoldo. Di Coletti ha scritto, fra molti altri, Loris Premuda che nel volume 26 del 1982 del Dizionario biografico degli italiani sottolinea fra l\u2019altro in un ponderoso servizio, che \u201cParticolare attenzione merita il \u2018Galateo de\u2019 medici e de\u2019 malati (1853), suddiviso in 54 aforismi. \u2018Galateo \u2013 secondo l\u2019autore \u2013 non pu\u00f2 essere cerimoniale di convenzione, ma sivvero moralit\u00e0 tradotta in atto pulito e gentile\u2019. Il libretto \u00e8 al tempo stesso un vademecum di etica professionale, degno di essere rimeditato dal medico, e un prontuario di buona educazione per il malato\u201d.<\/p>\n<p>&nbsp;<\/p>\n\n\t\t\t<style type='text\/css'>\n\t\t\t\t#gallery-1 {\n\t\t\t\t\tmargin: auto;\n\t\t\t\t}\n\t\t\t\t#gallery-1 .gallery-item {\n\t\t\t\t\tfloat: left;\n\t\t\t\t\tmargin-top: 10px;\n\t\t\t\t\ttext-align: center;\n\t\t\t\t\twidth: 25%;\n\t\t\t\t}\n\t\t\t\t#gallery-1 img {\n\t\t\t\t\tborder: 2px solid #cfcfcf;\n\t\t\t\t}\n\t\t\t\t#gallery-1 .gallery-caption {\n\t\t\t\t\tmargin-left: 0;\n\t\t\t\t}\n\t\t\t\t\/* see gallery_shortcode() in wp-includes\/media.php *\/\n\t\t\t<\/style>\n\t\t<div id='gallery-1' class='dt-gallery-container gallery galleryid-159634 gallery-columns-4 gallery-size-thumbnail'><dl class='gallery-item'>\n\t\t\t\t<dt class='gallery-icon portrait'>\n\t\t\t\t\t<a class=\"rollover rollover-zoom dt-pswp-item\" title=\"119053999_3552900328054200_4561242498014690138_n\" data-dt-img-description=\"\" data-large_image_width=\"119\" data-large_image_height=\"175\"href='https:\/\/www.radiopiu.net\/wordpress\/wp-content\/uploads\/2020\/09\/119053999_3552900328054200_4561242498014690138_n.jpg'><img loading=\"lazy\" decoding=\"async\" width=\"119\" height=\"150\" src=\"https:\/\/www.radiopiu.net\/wordpress\/wp-content\/uploads\/2020\/09\/119053999_3552900328054200_4561242498014690138_n-119x150.jpg\" class=\"attachment-thumbnail size-thumbnail\" alt=\"\" \/><\/a>\n\t\t\t\t<\/dt><\/dl><dl class='gallery-item'>\n\t\t\t\t<dt class='gallery-icon portrait'>\n\t\t\t\t\t<a class=\"rollover rollover-zoom dt-pswp-item\" title=\"119028573_340135533801570_8757957562860209406_n\" data-dt-img-description=\"\" data-large_image_width=\"225\" data-large_image_height=\"383\"href='https:\/\/www.radiopiu.net\/wordpress\/wp-content\/uploads\/2020\/09\/119028573_340135533801570_8757957562860209406_n.jpg'><img loading=\"lazy\" decoding=\"async\" width=\"150\" height=\"150\" src=\"https:\/\/www.radiopiu.net\/wordpress\/wp-content\/uploads\/2020\/09\/119028573_340135533801570_8757957562860209406_n-150x150.jpg\" class=\"attachment-thumbnail size-thumbnail\" alt=\"\" srcset=\"https:\/\/www.radiopiu.net\/wordpress\/wp-content\/uploads\/2020\/09\/119028573_340135533801570_8757957562860209406_n-150x150.jpg 150w, https:\/\/www.radiopiu.net\/wordpress\/wp-content\/uploads\/2020\/09\/119028573_340135533801570_8757957562860209406_n-125x125.jpg 125w, https:\/\/www.radiopiu.net\/wordpress\/wp-content\/uploads\/2020\/09\/119028573_340135533801570_8757957562860209406_n-200x200.jpg 200w, https:\/\/www.radiopiu.net\/wordpress\/wp-content\/uploads\/2020\/09\/119028573_340135533801570_8757957562860209406_n-80x80.jpg 80w\" sizes=\"auto, (max-width: 150px) 100vw, 150px\" \/><\/a>\n\t\t\t\t<\/dt><\/dl><dl class='gallery-item'>\n\t\t\t\t<dt class='gallery-icon landscape'>\n\t\t\t\t\t<a class=\"rollover rollover-zoom dt-pswp-item\" title=\"119005602_323462142100031_4979101941953306707_n\" data-dt-img-description=\"\" data-large_image_width=\"600\" data-large_image_height=\"450\"href='https:\/\/www.radiopiu.net\/wordpress\/wp-content\/uploads\/2020\/09\/119005602_323462142100031_4979101941953306707_n.jpg'><img loading=\"lazy\" decoding=\"async\" width=\"150\" height=\"150\" src=\"https:\/\/www.radiopiu.net\/wordpress\/wp-content\/uploads\/2020\/09\/119005602_323462142100031_4979101941953306707_n-150x150.jpg\" class=\"attachment-thumbnail size-thumbnail\" alt=\"\" srcset=\"https:\/\/www.radiopiu.net\/wordpress\/wp-content\/uploads\/2020\/09\/119005602_323462142100031_4979101941953306707_n-150x150.jpg 150w, https:\/\/www.radiopiu.net\/wordpress\/wp-content\/uploads\/2020\/09\/119005602_323462142100031_4979101941953306707_n-125x125.jpg 125w, https:\/\/www.radiopiu.net\/wordpress\/wp-content\/uploads\/2020\/09\/119005602_323462142100031_4979101941953306707_n-200x200.jpg 200w, https:\/\/www.radiopiu.net\/wordpress\/wp-content\/uploads\/2020\/09\/119005602_323462142100031_4979101941953306707_n-80x80.jpg 80w\" sizes=\"auto, (max-width: 150px) 100vw, 150px\" \/><\/a>\n\t\t\t\t<\/dt><\/dl><dl class='gallery-item'>\n\t\t\t\t<dt class='gallery-icon landscape'>\n\t\t\t\t\t<a class=\"rollover rollover-zoom dt-pswp-item\" title=\"119023200_1603417936504305_5070176832970454461_n\" data-dt-img-description=\"\" data-large_image_width=\"400\" data-large_image_height=\"219\"href='https:\/\/www.radiopiu.net\/wordpress\/wp-content\/uploads\/2020\/09\/119023200_1603417936504305_5070176832970454461_n.jpg'><img loading=\"lazy\" decoding=\"async\" width=\"150\" height=\"150\" src=\"https:\/\/www.radiopiu.net\/wordpress\/wp-content\/uploads\/2020\/09\/119023200_1603417936504305_5070176832970454461_n-150x150.jpg\" class=\"attachment-thumbnail size-thumbnail\" alt=\"\" srcset=\"https:\/\/www.radiopiu.net\/wordpress\/wp-content\/uploads\/2020\/09\/119023200_1603417936504305_5070176832970454461_n-150x150.jpg 150w, https:\/\/www.radiopiu.net\/wordpress\/wp-content\/uploads\/2020\/09\/119023200_1603417936504305_5070176832970454461_n-125x125.jpg 125w, https:\/\/www.radiopiu.net\/wordpress\/wp-content\/uploads\/2020\/09\/119023200_1603417936504305_5070176832970454461_n-200x200.jpg 200w, https:\/\/www.radiopiu.net\/wordpress\/wp-content\/uploads\/2020\/09\/119023200_1603417936504305_5070176832970454461_n-80x80.jpg 80w\" sizes=\"auto, (max-width: 150px) 100vw, 150px\" \/><\/a>\n\t\t\t\t<\/dt><\/dl><br style=\"clear: both\" \/><dl class='gallery-item'>\n\t\t\t\t<dt class='gallery-icon portrait'>\n\t\t\t\t\t<a class=\"rollover rollover-zoom dt-pswp-item\" title=\"118997666_416927039287969_3660387338510810801_n\" data-dt-img-description=\"\" data-large_image_width=\"128\" data-large_image_height=\"195\"href='https:\/\/www.radiopiu.net\/wordpress\/wp-content\/uploads\/2020\/09\/118997666_416927039287969_3660387338510810801_n.jpg'><img loading=\"lazy\" decoding=\"async\" width=\"128\" height=\"150\" src=\"https:\/\/www.radiopiu.net\/wordpress\/wp-content\/uploads\/2020\/09\/118997666_416927039287969_3660387338510810801_n-128x150.jpg\" class=\"attachment-thumbnail size-thumbnail\" alt=\"\" \/><\/a>\n\t\t\t\t<\/dt><\/dl><dl class='gallery-item'>\n\t\t\t\t<dt class='gallery-icon landscape'>\n\t\t\t\t\t<a class=\"rollover rollover-zoom dt-pswp-item\" title=\"119039279_1524437564424896_3422946678366221878_n\" data-dt-img-description=\"\" data-large_image_width=\"945\" data-large_image_height=\"667\"href='https:\/\/www.radiopiu.net\/wordpress\/wp-content\/uploads\/2020\/09\/119039279_1524437564424896_3422946678366221878_n.jpg'><img loading=\"lazy\" decoding=\"async\" width=\"150\" height=\"150\" src=\"https:\/\/www.radiopiu.net\/wordpress\/wp-content\/uploads\/2020\/09\/119039279_1524437564424896_3422946678366221878_n-150x150.jpg\" class=\"attachment-thumbnail size-thumbnail\" alt=\"\" srcset=\"https:\/\/www.radiopiu.net\/wordpress\/wp-content\/uploads\/2020\/09\/119039279_1524437564424896_3422946678366221878_n-150x150.jpg 150w, https:\/\/www.radiopiu.net\/wordpress\/wp-content\/uploads\/2020\/09\/119039279_1524437564424896_3422946678366221878_n-125x125.jpg 125w, https:\/\/www.radiopiu.net\/wordpress\/wp-content\/uploads\/2020\/09\/119039279_1524437564424896_3422946678366221878_n-200x200.jpg 200w, https:\/\/www.radiopiu.net\/wordpress\/wp-content\/uploads\/2020\/09\/119039279_1524437564424896_3422946678366221878_n-80x80.jpg 80w\" sizes=\"auto, (max-width: 150px) 100vw, 150px\" \/><\/a>\n\t\t\t\t<\/dt><\/dl><dl class='gallery-item'>\n\t\t\t\t<dt class='gallery-icon portrait'>\n\t\t\t\t\t<a class=\"rollover rollover-zoom dt-pswp-item\" title=\"118963342_2742801176008489_6663240319569779850_n\" data-dt-img-description=\"\" data-large_image_width=\"462\" data-large_image_height=\"700\"href='https:\/\/www.radiopiu.net\/wordpress\/wp-content\/uploads\/2020\/09\/118963342_2742801176008489_6663240319569779850_n.jpg'><img loading=\"lazy\" decoding=\"async\" width=\"150\" height=\"150\" src=\"https:\/\/www.radiopiu.net\/wordpress\/wp-content\/uploads\/2020\/09\/118963342_2742801176008489_6663240319569779850_n-150x150.jpg\" class=\"attachment-thumbnail size-thumbnail\" alt=\"\" srcset=\"https:\/\/www.radiopiu.net\/wordpress\/wp-content\/uploads\/2020\/09\/118963342_2742801176008489_6663240319569779850_n-150x150.jpg 150w, https:\/\/www.radiopiu.net\/wordpress\/wp-content\/uploads\/2020\/09\/118963342_2742801176008489_6663240319569779850_n-125x125.jpg 125w, https:\/\/www.radiopiu.net\/wordpress\/wp-content\/uploads\/2020\/09\/118963342_2742801176008489_6663240319569779850_n-200x200.jpg 200w, https:\/\/www.radiopiu.net\/wordpress\/wp-content\/uploads\/2020\/09\/118963342_2742801176008489_6663240319569779850_n-80x80.jpg 80w\" sizes=\"auto, (max-width: 150px) 100vw, 150px\" \/><\/a>\n\t\t\t\t<\/dt><\/dl><dl class='gallery-item'>\n\t\t\t\t<dt class='gallery-icon portrait'>\n\t\t\t\t\t<a class=\"rollover rollover-zoom dt-pswp-item\" title=\"119039515_3090988814344171_1644885106396298053_n\" data-dt-img-description=\"\" data-large_image_width=\"115\" data-large_image_height=\"169\"href='https:\/\/www.radiopiu.net\/wordpress\/wp-content\/uploads\/2020\/09\/119039515_3090988814344171_1644885106396298053_n.png'><img loading=\"lazy\" decoding=\"async\" width=\"115\" height=\"150\" src=\"https:\/\/www.radiopiu.net\/wordpress\/wp-content\/uploads\/2020\/09\/119039515_3090988814344171_1644885106396298053_n-115x150.png\" class=\"attachment-thumbnail size-thumbnail\" alt=\"\" \/><\/a>\n\t\t\t\t<\/dt><\/dl><br style=\"clear: both\" \/>\n\t\t\t<\/div>\n\n<p>NELLE FOTO (Istituto veneto di scienze, lettere ed arti, Rete comuni italiani, L. Fiorentini foto, Google books, PicClick): due espressioni di Ferdinando Coletti; scorcio della via che gli \u00e8 stata intitolata nel paese natale: Tai di Cadore; la lapide che lo ricorda patriota a Padova con la scritta: \u201cAl professor Ferdinando Coletti medico che le sublimi pertinacie dell\u2019intelletto e del cuore in prove aspre e diuturne immutabilmente sereno sacro all\u2019Italia alla famiglia alla scienza con animo di soldato di cospiratore e d\u2019artista esempio e ricordo gli amici P XXVII febbraio MDCCCLXXXII\u201d; il suo \u201cgalateo de\u2019 medici e de\u2019 malati\u201d; copertina di una pubblicazione del medico cadorino; versi di Gino Cittadella di Vigodarzere in ricordo di Coletti; \u201cRicordi storici della Cattedra e del Gabinetto di materia medica nell\u2019Universit\u00e0 di Padova raccolti e commentati dal medico di Tai.<\/p>\n<p>&nbsp;<\/p>\n<p>&nbsp;<\/p>\n<p>&nbsp;<\/p>\n<hr \/>\n<p>&nbsp;<\/p>\n<blockquote>\n<h2>ALICE FOR PRESIDENT ALL&#8217;ARISTON A SANREMO ROCK FESTIVAL 2020<\/h2>\n<\/blockquote>\n<p style=\"text-align: left;\"><strong><a class=\"dt-pswp-item\" href=\"https:\/\/www.radiopiu.net\/wordpress\/wp-content\/uploads\/2020\/09\/101809456_2799056036883544_4074487832936590169_n.png\" data-dt-img-description=\"\" data-large_image_width=\"952\" data-large_image_height=\"648\"><img loading=\"lazy\" decoding=\"async\" class=\" wp-image-159730 alignleft\" src=\"https:\/\/www.radiopiu.net\/wordpress\/wp-content\/uploads\/2020\/09\/101809456_2799056036883544_4074487832936590169_n-300x204.png\" alt=\"\" width=\"226\" height=\"154\" srcset=\"https:\/\/www.radiopiu.net\/wordpress\/wp-content\/uploads\/2020\/09\/101809456_2799056036883544_4074487832936590169_n-300x204.png 300w, https:\/\/www.radiopiu.net\/wordpress\/wp-content\/uploads\/2020\/09\/101809456_2799056036883544_4074487832936590169_n-768x523.png 768w, https:\/\/www.radiopiu.net\/wordpress\/wp-content\/uploads\/2020\/09\/101809456_2799056036883544_4074487832936590169_n-640x436.png 640w, https:\/\/www.radiopiu.net\/wordpress\/wp-content\/uploads\/2020\/09\/101809456_2799056036883544_4074487832936590169_n.png 952w\" sizes=\"auto, (max-width: 226px) 100vw, 226px\" \/><\/a>SANREMO\u00a0 <\/strong>C&#8217;\u00e8 un motivo in pi\u00f9 per rimanere attaccati alla radio, alla televisione ai social in vista delle finali di Sanremo Rock Festival. C&#8217;\u00e8 un motivo in pi\u00f9 per emozionarsi e fare il tifo&#8230; il motivo si chiama<strong> Alice For President.<\/strong> Un gruppo Rock Metal di marca veneta. Sul palco, su quel palco, gi\u00e0 calcato da artisti allora sconosciuti come Litfiba, Ligabue,\u00a0 Bluvertigo o Morgan, ci salir\u00e0 anche un agordino, Massimo Cassol che fin da piccolo imbraccia il basso e dorme pure con la musica. Lo scorso 21 agosto i ragazzi della band scrivevano <em>&#8220;Siamo felici di annunciarvi che gli Alice For President sono stati selezionati per la finale di Sanremo Rock che si terr\u00e0 al <a class=\"dt-pswp-item\" href=\"https:\/\/www.radiopiu.net\/wordpress\/wp-content\/uploads\/2020\/09\/safe_image-1.png\" data-dt-img-description=\"\" data-large_image_width=\"540\" data-large_image_height=\"281\"><img loading=\"lazy\" decoding=\"async\" class=\"size-medium wp-image-159734 alignright\" src=\"https:\/\/www.radiopiu.net\/wordpress\/wp-content\/uploads\/2020\/09\/safe_image-1-300x156.png\" alt=\"\" width=\"300\" height=\"156\" srcset=\"https:\/\/www.radiopiu.net\/wordpress\/wp-content\/uploads\/2020\/09\/safe_image-1-300x156.png 300w, https:\/\/www.radiopiu.net\/wordpress\/wp-content\/uploads\/2020\/09\/safe_image-1.png 540w\" sizes=\"auto, (max-width: 300px) 100vw, 300px\" \/><\/a>Teatro Ariston Sanremo tra il 7 e il 12 Settembre&#8221;<\/em>. Da allora stanno tessendo sogni come \u00e8 giusto che sia, e il sogno porta all&#8217;entusiasmo<em> &#8220;Siamo entusiasti di questo traguardo e di esibirci insieme ad altre band eccezionali su quel palco&#8221;.<\/em> E chi lo non sarebbe entusiasta nell&#8217;et\u00e0 pi\u00f9 bella da dedicare alla musica e che sta per salire sul palco, su quel palco,\u00a0 che\u00a0 \u00e8 stato da standing ovation\u00a0 anche\u00a0 per i\u00a0 \u00a0Duran Duran, Europe, Paul Simon, Paul McCartney, Subsonica.\u00a0 \u00a0Tutto \u00e8 pronto e venerdi si balla, anzi si suona, si canta e si balla con\u00a0 Matteo Scagnet (voce), David Mauro (chitarra), Luca Galantin (chitarra), Massimo Cassol (basso), Dario Ameno (batteria). In bocca al lupo agli <strong>Alice For President<\/strong>\u00a0noi faremo il tifo e non perderemo d&#8217;occhio la pagina facebook Alice for President (mm)<\/p>\n<p>Pagina facebook ALICE FOR PRESIDENT <span style=\"color: #0000ff;\"><a style=\"color: #0000ff;\" href=\"https:\/\/www.facebook.com\/alice4president\/?__tn__=%2Cd%2CP-R&amp;eid=ARAhY_4EaToYskmAwSR8Nl44BG7D7_6Ro4XK6H4vxx2Gn_8aK9kiuxpnUU_SDKCIk5TZnNdHhnycuZp4\">CLICCA QUI\u00a0<\/a><\/span><\/p>\n<p>&nbsp;<\/p>\n<blockquote>\n<h3><em><a class=\"dt-pswp-item\" href=\"https:\/\/www.radiopiu.net\/wordpress\/wp-content\/uploads\/2020\/09\/safe_image.png\" data-dt-img-description=\"\" data-large_image_width=\"476\" data-large_image_height=\"248\"><img loading=\"lazy\" decoding=\"async\" class=\" wp-image-159733 alignleft\" src=\"https:\/\/www.radiopiu.net\/wordpress\/wp-content\/uploads\/2020\/09\/safe_image-300x156.png\" alt=\"\" width=\"198\" height=\"103\" srcset=\"https:\/\/www.radiopiu.net\/wordpress\/wp-content\/uploads\/2020\/09\/safe_image-300x156.png 300w, https:\/\/www.radiopiu.net\/wordpress\/wp-content\/uploads\/2020\/09\/safe_image.png 476w\" sizes=\"auto, (max-width: 198px) 100vw, 198px\" \/><\/a>Sanremo Rock Festival nasce nei primi anni 80, la finale \u00e8 stata spesso\u00a0 trasmessa dalle reti della RAI. E\u2019 uno tra i pi\u00f9 storici brand del panorama musicale Italiano, \u00e8 il concorso nazionale tra i pi\u00f9 importanti in Italia seguito da tutti gli addetti ai lavori come case discografiche, produttori music<span class=\"text_exposed_show\">ali, talent scout ed \u00e8 aperto a tutte le rock e indie band italiane emergenti. <\/span><\/em><\/h3>\n<\/blockquote>\n<p>pagina facebook SANREMO ROCK FESTIVAL 2020 <a href=\"https:\/\/www.facebook.com\/sanremorock\/\"><span style=\"color: #0000ff;\">CLICCA<\/span> QUI<\/a><\/p>\n<p>&nbsp;<\/p>\n<p>&nbsp;<\/p>\n<p><strong><img loading=\"lazy\" decoding=\"async\" class=\" wp-image-159731 alignleft\" src=\"https:\/\/www.radiopiu.net\/wordpress\/wp-content\/uploads\/2020\/09\/116219333_2935071679948645_8493896964360344270_o-300x225.jpg\" alt=\"\" width=\"332\" height=\"249\" srcset=\"https:\/\/www.radiopiu.net\/wordpress\/wp-content\/uploads\/2020\/09\/116219333_2935071679948645_8493896964360344270_o-300x225.jpg 300w, https:\/\/www.radiopiu.net\/wordpress\/wp-content\/uploads\/2020\/09\/116219333_2935071679948645_8493896964360344270_o-768x576.jpg 768w, https:\/\/www.radiopiu.net\/wordpress\/wp-content\/uploads\/2020\/09\/116219333_2935071679948645_8493896964360344270_o-640x480.jpg 640w, https:\/\/www.radiopiu.net\/wordpress\/wp-content\/uploads\/2020\/09\/116219333_2935071679948645_8493896964360344270_o.jpg 960w\" sizes=\"auto, (max-width: 332px) 100vw, 332px\" \/>BIOGRAFIA ALICE FOR PRESIDENT: <\/strong>Gli Alice For President sono una Rock Band veneta formatasi a Belluno nel 2017. Il gruppo nasce dal progetto del chitarrista Mauro David, che fa incontrare musicisti attivi in diverse band della zona. Il nome Alice For President \u00e8 ispirato dal romanzo Alice in Wonderland di Lewis Carroll, dove un\u2019ingenua bambina precipita nel folle mondo delle meraviglie, fantastico e tremendo allo stesso tempo. Nel 2018 pubblicano il singolo What\u2019s Behind, prodotto da Fabio Trentini (Guano Apes, H-Blockx, Dada Ante Portas), dove introducono sonorit\u00e0 Pop ed elettroniche fondendole all\u2019indole Rock-Metal. In questa direzione musicale, il gruppo sta lavorando alla realizzazione del secondo album.<\/p>\n<p><strong>SOCIAL<\/strong><\/p>\n<p><span style=\"color: #ff0000;\">https:\/\/www.aliceforpresident.net\/\u00a0 <\/span>\u00a0https:\/\/www.youtube.com\/channel\/UCVhbIaGlOVfmElKY3OdElTQ<\/p>\n<p><span style=\"color: #0000ff;\">\u00a0https:\/\/open.spotify.com\/artist\/2tDmBaLIvVQlqKqpT3p56I\u00a0 <\/span><span style=\"color: #008000;\">\u00a0https:\/\/www.facebook.com\/alice4president\/\u00a0<\/span><\/p>\n<p><span style=\"color: #ff00ff;\">\u00a0https:\/\/www.instagram.com\/alice.for.president\/<\/span><\/p>\n<p>&nbsp;<\/p>\n<p><strong>E QUESTA E&#8217; UNA DELLE CANZONI DI ALICE FOR PRESIDENT GIA&#8217; PROGRAMMATA A RADIO PIU&#8217;<\/strong><\/p>\n<p><iframe loading=\"lazy\" title=\"Alice For President - What&#039;s Behind (Official Video)\" width=\"1200\" height=\"675\" src=\"https:\/\/www.youtube.com\/embed\/Uf8VTLKI140?feature=oembed\" frameborder=\"0\" allow=\"accelerometer; autoplay; clipboard-write; encrypted-media; gyroscope; picture-in-picture\" allowfullscreen><\/iframe><\/p>\n<p>&nbsp;<\/p>\n<p>&nbsp;<\/p>\n<p>&nbsp;<\/p>\n<p>&nbsp;<\/p>\n<p align=\"JUSTIFY\"><a class=\"dt-pswp-item\" href=\"https:\/\/www.radiopiu.net\/wordpress\/wp-content\/uploads\/2018\/09\/appuntamenti.jpeg\" data-dt-img-description=\"\" data-large_image_width=\"800\" data-large_image_height=\"100\"><img loading=\"lazy\" decoding=\"async\" class=\"aligncenter wp-image-61958 size-full\" src=\"https:\/\/www.radiopiu.net\/wordpress\/wp-content\/uploads\/2018\/09\/appuntamenti.jpeg\" alt=\"\" width=\"800\" height=\"100\" srcset=\"https:\/\/www.radiopiu.net\/wordpress\/wp-content\/uploads\/2018\/09\/appuntamenti.jpeg 800w, https:\/\/www.radiopiu.net\/wordpress\/wp-content\/uploads\/2018\/09\/appuntamenti-300x38.jpeg 300w, https:\/\/www.radiopiu.net\/wordpress\/wp-content\/uploads\/2018\/09\/appuntamenti-768x96.jpeg 768w\" sizes=\"auto, (max-width: 800px) 100vw, 800px\" \/><\/a><\/p>\n<blockquote>\n<h3 align=\"JUSTIFY\"><\/h3>\n<h3 align=\"JUSTIFY\">OGGI A COL MARGHERITA IL GRANDE EVENTO<\/h3>\n<\/blockquote>\n<p><strong><a class=\"dt-pswp-item\" href=\"https:\/\/www.radiopiu.net\/wordpress\/wp-content\/uploads\/2020\/08\/concerto-col-margherita-definitivo-01-1.jpg\" data-dt-img-description=\"\" data-large_image_width=\"2516\" data-large_image_height=\"1789\"><img loading=\"lazy\" decoding=\"async\" class=\" wp-image-158078 alignleft\" src=\"https:\/\/www.radiopiu.net\/wordpress\/wp-content\/uploads\/2020\/08\/concerto-col-margherita-definitivo-01-1-300x213.jpg\" alt=\"\" width=\"218\" height=\"155\" srcset=\"https:\/\/www.radiopiu.net\/wordpress\/wp-content\/uploads\/2020\/08\/concerto-col-margherita-definitivo-01-1-300x213.jpg 300w, https:\/\/www.radiopiu.net\/wordpress\/wp-content\/uploads\/2020\/08\/concerto-col-margherita-definitivo-01-1-1024x728.jpg 1024w, https:\/\/www.radiopiu.net\/wordpress\/wp-content\/uploads\/2020\/08\/concerto-col-margherita-definitivo-01-1-768x546.jpg 768w, https:\/\/www.radiopiu.net\/wordpress\/wp-content\/uploads\/2020\/08\/concerto-col-margherita-definitivo-01-1-1536x1092.jpg 1536w, https:\/\/www.radiopiu.net\/wordpress\/wp-content\/uploads\/2020\/08\/concerto-col-margherita-definitivo-01-1-2048x1456.jpg 2048w, https:\/\/www.radiopiu.net\/wordpress\/wp-content\/uploads\/2020\/08\/concerto-col-margherita-definitivo-01-1-640x455.jpg 640w\" sizes=\"auto, (max-width: 218px) 100vw, 218px\" \/><\/a>FALCADE <\/strong>Oggi\u00a0 alle 10.30 ai 2514 metri di Col Margherita (accesso libero con prenotazione obbligatoria (infomoena@fassa.com) sar\u00e0 presente L&#8217;Orchestra Ritmico Sinfonica Italiana diretta al maestro Diego Basso, il Coro Lirico Opera House, il Coro Art Voice Academy e lo speciale guest Andrea Griminelli.<\/p>\n<p>&nbsp;<\/p>\n<p>&nbsp;<\/p>\n<p>&nbsp;<\/p>\n<p>&nbsp;<\/p>\n<p>&nbsp;<\/p>\n<p>&nbsp;<\/p>\n<hr \/>\n<blockquote>\n<h3><\/h3>\n<h3>SABATO A CANALE D&#8217;AGORDO NICOLA SCODRO PRESENTA IL LIBRO NAUFRAGI DI UN&#8217;ILLUSIONE<\/h3>\n<\/blockquote>\n<p><strong><a class=\"dt-pswp-item\" href=\"https:\/\/www.radiopiu.net\/wordpress\/wp-content\/uploads\/2020\/08\/nicola-scordro.jpg\" data-dt-img-description=\"\" data-large_image_width=\"1599\" data-large_image_height=\"1200\"><img loading=\"lazy\" decoding=\"async\" class=\"wp-image-157183 alignleft\" src=\"https:\/\/www.radiopiu.net\/wordpress\/wp-content\/uploads\/2020\/08\/nicola-scordro-300x225.jpg\" alt=\"\" width=\"185\" height=\"139\" srcset=\"https:\/\/www.radiopiu.net\/wordpress\/wp-content\/uploads\/2020\/08\/nicola-scordro-300x225.jpg 300w, https:\/\/www.radiopiu.net\/wordpress\/wp-content\/uploads\/2020\/08\/nicola-scordro-1024x768.jpg 1024w, https:\/\/www.radiopiu.net\/wordpress\/wp-content\/uploads\/2020\/08\/nicola-scordro-768x576.jpg 768w, https:\/\/www.radiopiu.net\/wordpress\/wp-content\/uploads\/2020\/08\/nicola-scordro-1536x1153.jpg 1536w, https:\/\/www.radiopiu.net\/wordpress\/wp-content\/uploads\/2020\/08\/nicola-scordro.jpg 1599w\" sizes=\"auto, (max-width: 185px) 100vw, 185px\" \/><\/a>CANALE D&#8217;AGORDO<\/strong> Il libro sar\u00e0 presentato a Canale d&#8217;Agordo il 12 settembre in sala degli emigranti alle 20.30 Il libro in vendita: Alleghe ristorante albergo Alle Alpi, Ristorante n&#8217;zunaia.\u00a0 Rifugio Castiglioni, Rifugio Falier e Malga Ombrettola (Marmolada), Cartolibreria De Biasio a Caviola, Hotel Flora Alpina a Falcade, mostra del libro ad Agordo e Cartolibreria in centro.<\/p>\n<p>&nbsp;<\/p>\n<p>&nbsp;<\/p>\n<p>&nbsp;<\/p>\n<p>&nbsp;<\/p>\n<p>&nbsp;<\/p>\n<p>&nbsp;<\/p>\n<hr \/>\n<blockquote>\n<h3><\/h3>\n<h3>NUOVI ORARI PER LE VISTE AL CASTELLO DI ANDRAZ<\/h3>\n<\/blockquote>\n<p>Il Castello di Andraz, fino al 13 settembre, sar\u00e0 visitabile dal mercoled\u00ec alla domenica dalle 10 alle 12:30 e dalle 14:30 alle 18. Le visite guidate o libere vanno prenotate al 334 33 46 680 o via mail a info@castellodiandraz.it<\/p>\n<p>&nbsp;<\/p>\n<hr \/>\n<blockquote>\n<h2><\/h2>\n<\/blockquote>\n<h2><\/h2>\n<h2><span style=\"color: #ff0000;\">DUE MINUTI UN LIBRO <\/span><\/h2>\n<blockquote class=\"wp-embedded-content\" data-secret=\"eusiT5x0gR\"><p><a href=\"https:\/\/www.radiopiu.net\/wordpress\/la-storia-della-scienza-raccontata-ai-bambini\/\">LA STORIA DELLA SCIENZA RACCONTATA AI BAMBINI<\/a><\/p><\/blockquote>\n<p><iframe loading=\"lazy\" class=\"wp-embedded-content\" sandbox=\"allow-scripts\" security=\"restricted\" style=\"position: absolute; clip: rect(1px, 1px, 1px, 1px);\" title=\"&#8220;LA STORIA DELLA SCIENZA RACCONTATA AI BAMBINI&#8221; &#8212; Radio Pi\u00f9\" src=\"https:\/\/www.radiopiu.net\/wordpress\/la-storia-della-scienza-raccontata-ai-bambini\/embed\/#?secret=eusiT5x0gR\" data-secret=\"eusiT5x0gR\" width=\"600\" height=\"338\" frameborder=\"0\" marginwidth=\"0\" marginheight=\"0\" scrolling=\"no\"><\/iframe><\/p>\n<h2>LA RACCOLTA COMPLETA<\/h2>\n<blockquote class=\"wp-embedded-content\" data-secret=\"gFsAWXm1Fs\"><p><a href=\"https:\/\/www.radiopiu.net\/wordpress\/due-minuti-un-libro\/\">Due minuti un libro<\/a><\/p><\/blockquote>\n<p><iframe loading=\"lazy\" class=\"wp-embedded-content\" sandbox=\"allow-scripts\" security=\"restricted\" style=\"position: absolute; clip: rect(1px, 1px, 1px, 1px);\" title=\"&#8220;Due minuti un libro&#8221; &#8212; Radio Pi\u00f9\" src=\"https:\/\/www.radiopiu.net\/wordpress\/due-minuti-un-libro\/embed\/#?secret=gFsAWXm1Fs\" data-secret=\"gFsAWXm1Fs\" width=\"600\" height=\"338\" frameborder=\"0\" marginwidth=\"0\" marginheight=\"0\" scrolling=\"no\"><\/iframe><\/p>\n<p>&nbsp;<\/p>\n<hr \/>\n<p>&nbsp;<\/p>\n<div>\n<h2><\/h2>\n<h2><span style=\"color: #000080;\"><a class=\"dt-pswp-item\" href=\"https:\/\/www.radiopiu.net\/wordpress\/wp-content\/uploads\/2020\/07\/a8a8cbd6-9ca3-4f14-9e6a-43069c08cd84.jpg\" data-dt-img-description=\"\" data-large_image_width=\"960\" data-large_image_height=\"720\"><img loading=\"lazy\" decoding=\"async\" class=\"wp-image-151434 alignleft\" src=\"https:\/\/www.radiopiu.net\/wordpress\/wp-content\/uploads\/2020\/07\/a8a8cbd6-9ca3-4f14-9e6a-43069c08cd84-300x225.jpg\" alt=\"\" width=\"213\" height=\"160\" srcset=\"https:\/\/www.radiopiu.net\/wordpress\/wp-content\/uploads\/2020\/07\/a8a8cbd6-9ca3-4f14-9e6a-43069c08cd84-300x225.jpg 300w, https:\/\/www.radiopiu.net\/wordpress\/wp-content\/uploads\/2020\/07\/a8a8cbd6-9ca3-4f14-9e6a-43069c08cd84-768x576.jpg 768w, https:\/\/www.radiopiu.net\/wordpress\/wp-content\/uploads\/2020\/07\/a8a8cbd6-9ca3-4f14-9e6a-43069c08cd84.jpg 960w\" sizes=\"auto, (max-width: 213px) 100vw, 213px\" \/><\/a><\/span><\/h2>\n<h2><\/h2>\n<h2><span style=\"color: #000080;\">DON CESARE, IL PENSIERO DEL GIORNO. ALLA RADIO ALLE 7 DEL MATTINO E ALLE 19.30 DELLA SERA.\u00a0<\/span><\/h2>\n<p>&nbsp;<\/p>\n<audio class=\"wp-audio-shortcode\" id=\"audio-159634-7\" preload=\"none\" style=\"width: 100%;\" controls=\"controls\"><source type=\"audio\/mpeg\" src=\"https:\/\/www.radiopiu.net\/wordpress\/wp-content\/uploads\/2020\/09\/CESARE-5.mp3?_=7\" \/><a href=\"https:\/\/www.radiopiu.net\/wordpress\/wp-content\/uploads\/2020\/09\/CESARE-5.mp3\">https:\/\/www.radiopiu.net\/wordpress\/wp-content\/uploads\/2020\/09\/CESARE-5.mp3<\/a><\/audio>\n<p>&nbsp;<\/p>\n<hr \/>\n<p>&nbsp;<\/p>\n<h2><span style=\"color: #008000;\">AGORDINOMERON&#8230;LA RACCOLTA<\/span><\/h2>\n<blockquote class=\"wp-embedded-content\" data-secret=\"DAXrOu6PrK\"><p><a href=\"https:\/\/www.radiopiu.net\/wordpress\/agordinomeron\/\">AGORDINOMERON, IL TERRITORIO SI RACCONTA Da un&#8217;idea di Gianni Santomaso<\/a><\/p><\/blockquote>\n<p><iframe loading=\"lazy\" class=\"wp-embedded-content\" sandbox=\"allow-scripts\" security=\"restricted\" style=\"position: absolute; clip: rect(1px, 1px, 1px, 1px);\" title=\"&#8220;AGORDINOMERON, IL TERRITORIO SI RACCONTA Da un&#8217;idea di Gianni Santomaso&#8221; &#8212; Radio Pi\u00f9\" src=\"https:\/\/www.radiopiu.net\/wordpress\/agordinomeron\/embed\/#?secret=DAXrOu6PrK\" data-secret=\"DAXrOu6PrK\" width=\"600\" height=\"338\" frameborder=\"0\" marginwidth=\"0\" marginheight=\"0\" scrolling=\"no\"><\/iframe><\/p>\n<p>&nbsp;<\/p>\n<hr \/>\n<p>&nbsp;<\/p>\n<p>&nbsp;<\/p>\n<h2><span style=\"color: #ff00ff;\">ZAINO DA VIAGGIO AL FEMMINILE DI PAOLA LANCIATO il martedi alle 10.30 e 1900 la domenica alle 11<\/span><\/h2>\n<blockquote>\n<h3>SI CHIUDE IL CICLO DEI BORGHI PIU&#8217; BELLI D&#8217;ITALIA &#8220;I MALATESTA E LA TERRA DI ROMAGNA&#8221;<\/h3>\n<\/blockquote>\n<audio class=\"wp-audio-shortcode\" id=\"audio-159634-8\" preload=\"none\" style=\"width: 100%;\" controls=\"controls\"><source type=\"audio\/mpeg\" src=\"https:\/\/www.radiopiu.net\/wordpress\/wp-content\/uploads\/2020\/09\/13-I-Malatesta-e-la-Terra-di-Romagna-M.mp3?_=8\" \/><a href=\"https:\/\/www.radiopiu.net\/wordpress\/wp-content\/uploads\/2020\/09\/13-I-Malatesta-e-la-Terra-di-Romagna-M.mp3\">https:\/\/www.radiopiu.net\/wordpress\/wp-content\/uploads\/2020\/09\/13-I-Malatesta-e-la-Terra-di-Romagna-M.mp3<\/a><\/audio>\n\n\t\t\t<style type='text\/css'>\n\t\t\t\t#gallery-2 {\n\t\t\t\t\tmargin: auto;\n\t\t\t\t}\n\t\t\t\t#gallery-2 .gallery-item {\n\t\t\t\t\tfloat: left;\n\t\t\t\t\tmargin-top: 10px;\n\t\t\t\t\ttext-align: center;\n\t\t\t\t\twidth: 20%;\n\t\t\t\t}\n\t\t\t\t#gallery-2 img {\n\t\t\t\t\tborder: 2px solid #cfcfcf;\n\t\t\t\t}\n\t\t\t\t#gallery-2 .gallery-caption {\n\t\t\t\t\tmargin-left: 0;\n\t\t\t\t}\n\t\t\t\t\/* see gallery_shortcode() in wp-includes\/media.php *\/\n\t\t\t<\/style>\n\t\t<div id='gallery-2' class='dt-gallery-container gallery galleryid-159634 gallery-columns-5 gallery-size-thumbnail'><dl class='gallery-item'>\n\t\t\t\t<dt class='gallery-icon landscape'>\n\t\t\t\t\t<a class=\"rollover rollover-zoom dt-pswp-item\" title=\"1\" data-dt-img-description=\"\" data-large_image_width=\"986\" data-large_image_height=\"666\"href='https:\/\/www.radiopiu.net\/wordpress\/wp-content\/uploads\/2020\/09\/1-2.jpg'><img loading=\"lazy\" decoding=\"async\" width=\"150\" height=\"150\" src=\"https:\/\/www.radiopiu.net\/wordpress\/wp-content\/uploads\/2020\/09\/1-2-150x150.jpg\" class=\"attachment-thumbnail size-thumbnail\" alt=\"\" srcset=\"https:\/\/www.radiopiu.net\/wordpress\/wp-content\/uploads\/2020\/09\/1-2-150x150.jpg 150w, https:\/\/www.radiopiu.net\/wordpress\/wp-content\/uploads\/2020\/09\/1-2-125x125.jpg 125w, https:\/\/www.radiopiu.net\/wordpress\/wp-content\/uploads\/2020\/09\/1-2-200x200.jpg 200w, https:\/\/www.radiopiu.net\/wordpress\/wp-content\/uploads\/2020\/09\/1-2-80x80.jpg 80w\" sizes=\"auto, (max-width: 150px) 100vw, 150px\" \/><\/a>\n\t\t\t\t<\/dt><\/dl><dl class='gallery-item'>\n\t\t\t\t<dt class='gallery-icon landscape'>\n\t\t\t\t\t<a class=\"rollover rollover-zoom dt-pswp-item\" title=\"2\" data-dt-img-description=\"\" data-large_image_width=\"800\" data-large_image_height=\"400\"href='https:\/\/www.radiopiu.net\/wordpress\/wp-content\/uploads\/2020\/09\/2-2.jpg'><img loading=\"lazy\" decoding=\"async\" width=\"150\" height=\"150\" src=\"https:\/\/www.radiopiu.net\/wordpress\/wp-content\/uploads\/2020\/09\/2-2-150x150.jpg\" class=\"attachment-thumbnail size-thumbnail\" alt=\"\" srcset=\"https:\/\/www.radiopiu.net\/wordpress\/wp-content\/uploads\/2020\/09\/2-2-150x150.jpg 150w, https:\/\/www.radiopiu.net\/wordpress\/wp-content\/uploads\/2020\/09\/2-2-125x125.jpg 125w, https:\/\/www.radiopiu.net\/wordpress\/wp-content\/uploads\/2020\/09\/2-2-200x200.jpg 200w, https:\/\/www.radiopiu.net\/wordpress\/wp-content\/uploads\/2020\/09\/2-2-80x80.jpg 80w\" sizes=\"auto, (max-width: 150px) 100vw, 150px\" \/><\/a>\n\t\t\t\t<\/dt><\/dl><dl class='gallery-item'>\n\t\t\t\t<dt class='gallery-icon landscape'>\n\t\t\t\t\t<a class=\"rollover rollover-zoom dt-pswp-item\" title=\"3\" data-dt-img-description=\"\" data-large_image_width=\"1000\" data-large_image_height=\"667\"href='https:\/\/www.radiopiu.net\/wordpress\/wp-content\/uploads\/2020\/09\/3-1.jpg'><img loading=\"lazy\" decoding=\"async\" width=\"150\" height=\"150\" src=\"https:\/\/www.radiopiu.net\/wordpress\/wp-content\/uploads\/2020\/09\/3-1-150x150.jpg\" class=\"attachment-thumbnail size-thumbnail\" alt=\"\" srcset=\"https:\/\/www.radiopiu.net\/wordpress\/wp-content\/uploads\/2020\/09\/3-1-150x150.jpg 150w, https:\/\/www.radiopiu.net\/wordpress\/wp-content\/uploads\/2020\/09\/3-1-125x125.jpg 125w, https:\/\/www.radiopiu.net\/wordpress\/wp-content\/uploads\/2020\/09\/3-1-200x200.jpg 200w, https:\/\/www.radiopiu.net\/wordpress\/wp-content\/uploads\/2020\/09\/3-1-80x80.jpg 80w\" sizes=\"auto, (max-width: 150px) 100vw, 150px\" \/><\/a>\n\t\t\t\t<\/dt><\/dl><dl class='gallery-item'>\n\t\t\t\t<dt class='gallery-icon landscape'>\n\t\t\t\t\t<a class=\"rollover rollover-zoom dt-pswp-item\" title=\"4\" data-dt-img-description=\"\" data-large_image_width=\"700\" data-large_image_height=\"467\"href='https:\/\/www.radiopiu.net\/wordpress\/wp-content\/uploads\/2020\/09\/4-1.jpg'><img loading=\"lazy\" decoding=\"async\" width=\"150\" height=\"150\" src=\"https:\/\/www.radiopiu.net\/wordpress\/wp-content\/uploads\/2020\/09\/4-1-150x150.jpg\" class=\"attachment-thumbnail size-thumbnail\" alt=\"\" srcset=\"https:\/\/www.radiopiu.net\/wordpress\/wp-content\/uploads\/2020\/09\/4-1-150x150.jpg 150w, https:\/\/www.radiopiu.net\/wordpress\/wp-content\/uploads\/2020\/09\/4-1-125x125.jpg 125w, https:\/\/www.radiopiu.net\/wordpress\/wp-content\/uploads\/2020\/09\/4-1-200x200.jpg 200w, https:\/\/www.radiopiu.net\/wordpress\/wp-content\/uploads\/2020\/09\/4-1-80x80.jpg 80w\" sizes=\"auto, (max-width: 150px) 100vw, 150px\" \/><\/a>\n\t\t\t\t<\/dt><\/dl><dl class='gallery-item'>\n\t\t\t\t<dt class='gallery-icon landscape'>\n\t\t\t\t\t<a class=\"rollover rollover-zoom dt-pswp-item\" title=\"5\" data-dt-img-description=\"\" data-large_image_width=\"512\" data-large_image_height=\"341\"href='https:\/\/www.radiopiu.net\/wordpress\/wp-content\/uploads\/2020\/09\/5-1.jpg'><img loading=\"lazy\" decoding=\"async\" width=\"150\" height=\"150\" src=\"https:\/\/www.radiopiu.net\/wordpress\/wp-content\/uploads\/2020\/09\/5-1-150x150.jpg\" class=\"attachment-thumbnail size-thumbnail\" alt=\"\" srcset=\"https:\/\/www.radiopiu.net\/wordpress\/wp-content\/uploads\/2020\/09\/5-1-150x150.jpg 150w, https:\/\/www.radiopiu.net\/wordpress\/wp-content\/uploads\/2020\/09\/5-1-125x125.jpg 125w, https:\/\/www.radiopiu.net\/wordpress\/wp-content\/uploads\/2020\/09\/5-1-200x200.jpg 200w, https:\/\/www.radiopiu.net\/wordpress\/wp-content\/uploads\/2020\/09\/5-1-80x80.jpg 80w\" sizes=\"auto, (max-width: 150px) 100vw, 150px\" \/><\/a>\n\t\t\t\t<\/dt><\/dl><br style=\"clear: both\" \/>\n\t\t\t<\/div>\n\n<h1>LA RACCOLTA COMPLETA<\/h1>\n<blockquote class=\"wp-embedded-content\" data-secret=\"1YuBgmozHJ\"><p><a href=\"https:\/\/www.radiopiu.net\/wordpress\/zaino-femminile-lanciato\/\">Zaino da viaggio al femminile<\/a><\/p><\/blockquote>\n<p><iframe loading=\"lazy\" class=\"wp-embedded-content\" sandbox=\"allow-scripts\" security=\"restricted\" style=\"position: absolute; clip: rect(1px, 1px, 1px, 1px);\" title=\"&#8220;Zaino da viaggio al femminile&#8221; &#8212; Radio Pi\u00f9\" src=\"https:\/\/www.radiopiu.net\/wordpress\/zaino-femminile-lanciato\/embed\/#?secret=1YuBgmozHJ\" data-secret=\"1YuBgmozHJ\" width=\"600\" height=\"338\" frameborder=\"0\" marginwidth=\"0\" marginheight=\"0\" scrolling=\"no\"><\/iframe><\/p>\n<hr \/>\n<p>&nbsp;<\/p>\n<h2><span style=\"color: #33cccc;\">I RACCONTI DI PAOLO SOPPELSA il lunedi alle 9.30 e 18.30<\/span><\/h2>\n<blockquote class=\"wp-embedded-content\" data-secret=\"3AS2R7NhvH\"><p><a href=\"https:\/\/www.radiopiu.net\/wordpress\/i-racconti-di-paolo-soppelsa-trentanovesima-puntata\/\">I RACCONTI DI PAOLO SOPPELSA TRENTANOVESIMA PUNTATA<\/a><\/p><\/blockquote>\n<p><iframe loading=\"lazy\" class=\"wp-embedded-content\" sandbox=\"allow-scripts\" security=\"restricted\" style=\"position: absolute; clip: rect(1px, 1px, 1px, 1px);\" title=\"&#8220;I RACCONTI DI PAOLO SOPPELSA TRENTANOVESIMA PUNTATA&#8221; &#8212; Radio Pi\u00f9\" src=\"https:\/\/www.radiopiu.net\/wordpress\/i-racconti-di-paolo-soppelsa-trentanovesima-puntata\/embed\/#?secret=3AS2R7NhvH\" data-secret=\"3AS2R7NhvH\" width=\"600\" height=\"338\" frameborder=\"0\" marginwidth=\"0\" marginheight=\"0\" scrolling=\"no\"><\/iframe><\/p>\n<h2><span style=\"color: #33cccc;\"><strong>LA RACCOLTA COMPLETA<\/strong><\/span><\/h2>\n<blockquote class=\"wp-embedded-content\" data-secret=\"8Kz9uddPeO\"><p><a href=\"https:\/\/www.radiopiu.net\/wordpress\/i-racconti-di-paolo-soppelsa\/\">I racconti di Paolo Soppelsa<\/a><\/p><\/blockquote>\n<p><iframe loading=\"lazy\" class=\"wp-embedded-content\" sandbox=\"allow-scripts\" security=\"restricted\" style=\"position: absolute; clip: rect(1px, 1px, 1px, 1px);\" title=\"&#8220;I racconti di Paolo Soppelsa&#8221; &#8212; Radio Pi\u00f9\" src=\"https:\/\/www.radiopiu.net\/wordpress\/i-racconti-di-paolo-soppelsa\/embed\/#?secret=8Kz9uddPeO\" data-secret=\"8Kz9uddPeO\" width=\"600\" height=\"338\" frameborder=\"0\" marginwidth=\"0\" marginheight=\"0\" scrolling=\"no\"><\/iframe><\/p>\n<p>&nbsp;<\/p>\n<p>&nbsp;<\/p>\n<p><a class=\"dt-pswp-item\" href=\"https:\/\/www.radiopiu.net\/wordpress\/wp-content\/uploads\/2018\/09\/viabilita.jpeg\" data-dt-img-description=\"\" data-large_image_width=\"800\" data-large_image_height=\"100\"><img loading=\"lazy\" decoding=\"async\" class=\"aligncenter wp-image-61954 size-full\" src=\"https:\/\/www.radiopiu.net\/wordpress\/wp-content\/uploads\/2018\/09\/viabilita.jpeg\" alt=\"\" width=\"800\" height=\"100\" srcset=\"https:\/\/www.radiopiu.net\/wordpress\/wp-content\/uploads\/2018\/09\/viabilita.jpeg 800w, https:\/\/www.radiopiu.net\/wordpress\/wp-content\/uploads\/2018\/09\/viabilita-300x38.jpeg 300w, https:\/\/www.radiopiu.net\/wordpress\/wp-content\/uploads\/2018\/09\/viabilita-768x96.jpeg 768w\" sizes=\"auto, (max-width: 800px) 100vw, 800px\" \/><\/a><\/p>\n<\/div>\n<p>&nbsp;<\/p>\n<p><strong>SR 203 AGORDINA<\/strong> fino all&#8217;11 settembre dalle 8 alle 18 senso unico alternato regolato da movieri tra La Stanga e La Muda per rifacimento linea aerea fibre ottiche<\/p>\n<p><strong>SP1 SINISTRA PIAVE<\/strong>\u00a0 fino al 11 settembre, rotatoria Bardies-rotatoria Lentiai deviazione della corrente di traffico con direzione Feltre-Belluno lungo la vecchia SP1 in sinistra Piave per l\u2019abitato di Lentiai e Bardies<\/p>\n<p><strong>SP 7 DI ZOPPE&#8217; <\/strong>fino al 25 settembre, esclusi sabato e domenica, dalle 7:30 alle 12 e dalle 13 alle 17:30, temporanee interruzioni al traffico della durata massima di 30 minuti in comune di Val Di Zoldo per rifacimento rete idrica e fognaria<\/p>\n<p><strong>SR 203 AGORDINA<\/strong>\u00a0 fino\u00a0 al 16 settembre, dalle 19 alle 6, senso unico alternato regolato da movieri alla galleria di Listolade a Taibon Agordino per asfaltatura<\/p>\n<p><strong>SP 30 PANORAMICA DEL COMELICO<\/strong> fino al 2 ottobre, esclusi sabati e domeniche, interdizione totale alla viabilit\u00e0 in entrambi i sensi di marcia tra Costa e Costalissoi per messa in sicurezza strada<\/p>\n<p><strong>SP 20 VAL FIORENTINA<\/strong> Fino al 15 settembre, esclusi sabati e domeniche, senso unico alternato in localit\u00e0 Solator di Selva Di Cadore per allargamento carreggiata<\/p>\n<p><strong>PROVINCIALE 473 CROCE D&#8217;AUNE<\/strong>\u00a0 Fino al 12 settembre interidizione totale alla transtiabilit\u00e0 nell&#8217;abitato di Pedavena inclusi sabato e domenica<\/p>\n<p><strong>SP473 CROCE D&#8217;AUNE<\/strong>\u00a0 In localit\u00e0 Gorna di Sovramonte fino al 10 settembre interruzioni temporanee fino a 30 minuti dalle 8 alle 12 e dalle 13.30 alle 17.30 eclusi sabato e domenica<\/p>\n<p><strong>SP 3 VALLE IMPERINA<\/strong> Tra Corde Mole e Vallasin dalle 8 alle 11.45 e dalle 13.30 alle 17.30\u00a0 fino\u00a0 all&#8217;11 settembre (esclusi sabato e domenica) temporanee<strong> interruzioni<\/strong> alla viabilit\u00e0 massimo 30 minuti per esbosco.<\/p>\n<p><strong>SP 29 COL FALCON<\/strong>\u00a0 Tra Col Falcon e innesto strada del Servo fino\u00a0 al 1 all&#8217;11 settembre (sabato e domenica escluso)\u00a0 dalle 7 alle 18 <strong>interdizione<\/strong> totale alla viabilit\u00e0 per asfaltatura.<\/p>\n<p><strong>SP 641 PASSO FEDAIA<\/strong> A\u00a0 Capanna Bill e\u00a0 a Col di Rocca\u00a0 fino al\u00a0 30 settembre senso unico alternato regolato da semaforo.<\/p>\n<p><strong>SP 251 VAL CELLINA<\/strong> Da Pescul a Selva di Cadore fino al 11 settembre (sabato e domenica esclusi) senso unico alternato per posa fibre ottiche<\/p>\n<p><strong>REGIONALE 203 AGORDINA<\/strong> Fino al 30 settembre (sabato e domenica esclusi) tra Candaten e La Stanga dalle 7.30 alle 9 e dalle 16.30 alle 18 con movieri e negli altri orari con semaforo, senso unico alternato.<\/p>\n<div>\n<p><strong>SR 48 DELLE DOLOMITI<\/strong> FINO\u00a0 AL 30 SETTEMBRE, DALLE 7 ALLE 17, ESCLUSI SABATO E DOMENICA, SALTUARIA ISTITUZIONE DI SENSO UNICO ALTERNATO REGOLATO DA MOVIERI PER PERIODI CONTINUATIVI NON SUPERIORI A 10 MINUTI NEI COMUNI DI CORTINA ED AURONZO DI CADORE PER CARICO SCARICO MATERIALI NECESSARI PER LA POSA DELL&#8217;ELTRODOTTO INTERRATO<\/p>\n<p><strong>SR 48 DELLE DOLOMITI<\/strong>\u00a0 Fino al 30 settembre in localit\u00e0 Pocol (Cortina) senso unico alternato, esclusi sabato e domenica<\/p>\n<p><strong>SR 48 DELLE DOLOMITI<\/strong>\u00a0 Fino al 9 ottobre senso unico alternato in localit\u00e0 Cernadoi, escluso sabato e domeniche<\/p>\n<p><strong>SR 48 DELLE DOLOMITI<\/strong> Fino\u00a0 al 30 settembre esclusi sabato e domenica senso unico alternato tra Cernadoi e Pian Falzarego<\/p>\n<p><strong>Provinciale 40, Val Senaiga-Arina,<\/strong> Comune di Lamon.\u00a0 Fino all&#8217;11 settembre (sabato e domenica esclusi) per asfaltatura di tratti stradali INTERRUZIONE alla transitabilit\u00e0 dalle 8 alle 12 e dalle 14 alle 18. Nei periodi non interessati da chiusure \u00e8 previsto il senso unico alternato<\/p>\n<p><strong>SP 7 DI ZOPPE&#8217; DI CADORE,<\/strong> SENSO UNICO ALTERNATO REGOLATO DA MOVIERI CON BREVI INTERRUZIONI DI MASSIMO 10 MINUTI FINO\u00a0 AL 18 SETTEMBRE, DALLE 7:30 ALLE 17:30 ESCLUSI SABATI, DOMENICHE E FESTIVI INFRASETTIMANALI, PER MESSA IN SICUREZZA DELLA SEDE STRADALE<\/p>\n<p><strong>SP 40, COMUNE DI LAMON.<\/strong>\u00a0 FINO ALL&#8217;11 SETTEMBRE, ESCLUSI SABATO E DOMENICA, POSSIBILI INTERRUZIONI AL TRAFFICO DELLA DURATA MASSIMA DI 30 MINUTI DALLE 8 ALLE 12 E DALLE 13 ALLE 17 PER REALIZZAZIONE NUOVA TOMBINATURA. NEGLI ALTRI ORARI ISTITUZIONE DI SENSO UNICO ALTERNATO REGOLATO DA IMPIANTO SEMAFORICO O MOVIERI<\/p>\n<p><strong>SP 1 MADONNA DEL PIAVE<\/strong>\u00a0fino a revoca, senso unico alternato regolato da semaforo in localit\u00e0 Caorera di Quero Vas per lavori di messa in sicurezza piano viabile<\/p>\n<p>&nbsp;<\/p>\n<p>&nbsp;<\/p>\n<hr \/>\n<p>&nbsp;<\/p>\n<p class=\"photoswipe-wrapper\"><a class=\"dt-pswp-item pspw-wrap-ready\" href=\"https:\/\/i0.wp.com\/www.radiopiu.net\/wordpress\/wp-content\/uploads\/2018\/09\/WhatsApp-Image-2018-09-20-at-16.04.06.jpeg?ssl=1\" data-dt-img-description=\"\" data-large_image_width=\"800\" data-large_image_height=\"100\"><img loading=\"lazy\" decoding=\"async\" class=\"aligncenter wp-image-61378 size-full jetpack-lazy-image jetpack-lazy-image--handled\" src=\"https:\/\/i0.wp.com\/www.radiopiu.net\/wordpress\/wp-content\/uploads\/2018\/09\/WhatsApp-Image-2018-09-20-at-16.04.06.jpeg?resize=800%2C100&amp;ssl=1\" sizes=\"auto, (max-width: 800px) 100vw, 800px\" srcset=\"https:\/\/i0.wp.com\/www.radiopiu.net\/wordpress\/wp-content\/uploads\/2018\/09\/WhatsApp-Image-2018-09-20-at-16.04.06.jpeg?w=800&amp;ssl=1 800w, https:\/\/i0.wp.com\/www.radiopiu.net\/wordpress\/wp-content\/uploads\/2018\/09\/WhatsApp-Image-2018-09-20-at-16.04.06.jpeg?resize=300%2C38&amp;ssl=1 300w, https:\/\/i0.wp.com\/www.radiopiu.net\/wordpress\/wp-content\/uploads\/2018\/09\/WhatsApp-Image-2018-09-20-at-16.04.06.jpeg?resize=768%2C96&amp;ssl=1 768w\" alt=\"\" width=\"800\" height=\"100\" data-lazy-loaded=\"1\" \/><\/a><\/p>\n<\/div>\n<p>&nbsp;<\/p>\n<p><center><b>Mercoledi 9<\/b><\/center><b>Tempo atteso: <\/b>Splendida giornata settembrina con sole, cielo sereno, aria tersa ed ottima visibilit\u00e0 al mattino. Non esclusi effimeri banchi di nebbia mattutina sugli altopiani prealpini e in Valbelluna. L&#8217;atmosfera assai secca limiter\u00e0 la presenza dei cumuli pomeridiani, lasciando il cielo pressoch\u00e9 sereno ovunque. In giornata clima prettamente tardo-estivo a tutte le quote.<br \/>\n<b>Precipitazioni: <\/b>Assenti (0%)<br \/>\n<b>Temperature: <\/b>In generale aumento, eccetto lieve calo delle minime nelle valli e sugli altopiani prealpini. Sono previste punte di 26\/28\u00b0C nei fondovalle prealpini e di 23\/25\u00b0C a 1000\/1200 m. Su Prealpi a 1500 m min 13\u00b0C max 19\u00b0C, a 2000 m min 11\u00b0C max 15\u00b0C. Su Dolomiti a 2000 m min 10\u00b0C max 16\u00b0C, a 3000 m min 7\u00b0C max 8\u00b0C.<br \/>\n<b>Venti: <\/b>Nelle valli deboli a regime di brezza, localmente e a tratti moderati su alcuni settori; in quota perlopi\u00f9 deboli da nord-ovest al mattino e da nord-est al pomeriggio, anche da sud-est alla sera, a 5-10 km\/h a 2000 m e 10-15 km\/h a 3000 m.<\/p>\n<hr \/>\n<p><center><b>Giovedi 10<\/b><\/center><b>Tempo atteso: <\/b>Sole e cielo sereno o poco nuvoloso per sottili nubi alte al mattino. Dalle ore centrali in poi moderata attivit\u00e0 cumuliforme, localmente intensa ed associata a qualche rovescio o eventuale breve temporale per lieve instabilit\u00e0 convettiva. Alla sera ritorno di ampi rasserenamenti. Clima diurno un po&#8217; meno caldo.<br \/>\n<b>Precipitazioni: <\/b>Fino alle ore centrali assenti (0%), poi probabilit\u00e0 media (40\/60%) di rovesci ed eventuali temporali nelle ore pi\u00f9 calde. Verso sera totale esaurimento dei fenomeni convettivi.<br \/>\n<b>Temperature: <\/b>Minime in aumento e massime in leggera flessione per riduzione del soleggiamento al pomeriggio. Sono previste punte di 25\/26\u00b0C nei fondovalle prealpini e di 20\/22\u00b0C a 1000\/1200 m. Su Prealpi a 1500 m min 12\u00b0C max 16\u00b0C, a 2000 m min 11\u00b0C max 13\u00b0C. Su Dolomiti a 2000 m min 11\u00b0C max 14\u00b0C, a 3000 m min 4\u00b0C max 6\u00b0C.<br \/>\n<b>Venti: <\/b>Nelle valli deboli a regime di brezza, localmente e a tratti moderati su alcuni settori; in quota perlopi\u00f9 deboli dai quadranti occidentali, a 5-10 km\/h sia a 2000 m che a 3000 m.<\/p>\n<hr \/>\n<p><center><b>Venerdi 11<\/b><\/center>Sole ed estese velature del cielo al mattino, poi riduzione della presenza delle nubi alte e contenuta attivit\u00e0 cumuliforme, la quale sar\u00e0 meno sviluppata rispetto a gioved\u00ec, di conseguenza il rischio di fenomeni convettivi diminuir\u00e0 sensibilmente, limitandosi a qualche rovescio o eventuale temporali sui settori dolomitici confinanti con il Trentino e l&#8217;Alto Adige. Alla sera ampi rasserenamenti. Temperature pressoch\u00e9 stazionarie e ancora superiori alla media del periodo. Venti a regime di brezza nelle valli, deboli meridionali in quota, in rinforzo nel pomeriggio\/sera.<\/p>\n<hr \/>\n<p><center><b>Sabato 12<\/b><\/center>Giornata settembrina con sole, cielo sereno o poco nuvoloso per transito di sottili nubi alte. Aria tersa ed ottima visibilit\u00e0 al mattino. Temperature in generale ripresa, eccetto lieve calo delle minime nelle valli. Venti a regime di brezza nelle valli; deboli\/moderati da nord nord-ovest in quota. Previsore: R.L.Th.<\/p>\n<p>&nbsp;<\/p>\n<p class=\"photoswipe-wrapper\"><a class=\"dt-pswp-item pspw-wrap-ready\" href=\"https:\/\/i1.wp.com\/www.radiopiu.net\/wordpress\/wp-content\/uploads\/2018\/09\/sport.jpg?ssl=1\" data-dt-img-description=\"\" data-large_image_width=\"800\" data-large_image_height=\"100\"><img loading=\"lazy\" decoding=\"async\" class=\"aligncenter wp-image-60761 size-full\" src=\"https:\/\/i1.wp.com\/www.radiopiu.net\/wordpress\/wp-content\/uploads\/2018\/09\/sport.jpg?resize=800%2C100&amp;ssl=1\" sizes=\"auto, (max-width: 800px) 100vw, 800px\" srcset=\"https:\/\/i1.wp.com\/www.radiopiu.net\/wordpress\/wp-content\/uploads\/2018\/09\/sport.jpg?w=800&amp;ssl=1 800w, https:\/\/i1.wp.com\/www.radiopiu.net\/wordpress\/wp-content\/uploads\/2018\/09\/sport.jpg?resize=300%2C38&amp;ssl=1 300w, https:\/\/i1.wp.com\/www.radiopiu.net\/wordpress\/wp-content\/uploads\/2018\/09\/sport.jpg?resize=768%2C96&amp;ssl=1 768w\" alt=\"\" width=\"800\" height=\"100\" data-recalc-dims=\"1\" \/><\/a><\/p>\n<p>&nbsp;<\/p>\n<blockquote>\n<h3>QUESTA SERA IL TRIANGOLARE NEL RICORDO DI SILVANO DAL CUORE BIANCO-CELESTE<\/h3>\n<\/blockquote>\n<p><strong><a class=\"dt-pswp-item\" href=\"https:\/\/www.radiopiu.net\/wordpress\/wp-content\/uploads\/2020\/09\/bc4d27e9-ce6a-49b2-9464-a71169e5df41.jpg\" data-dt-img-description=\"\" data-large_image_width=\"720\" data-large_image_height=\"391\"><img loading=\"lazy\" decoding=\"async\" class=\"wp-image-159621 alignleft\" src=\"https:\/\/www.radiopiu.net\/wordpress\/wp-content\/uploads\/2020\/09\/bc4d27e9-ce6a-49b2-9464-a71169e5df41.jpg\" alt=\"\" width=\"249\" height=\"135\" srcset=\"https:\/\/www.radiopiu.net\/wordpress\/wp-content\/uploads\/2020\/09\/bc4d27e9-ce6a-49b2-9464-a71169e5df41.jpg 720w, https:\/\/www.radiopiu.net\/wordpress\/wp-content\/uploads\/2020\/09\/bc4d27e9-ce6a-49b2-9464-a71169e5df41-300x163.jpg 300w, https:\/\/www.radiopiu.net\/wordpress\/wp-content\/uploads\/2020\/09\/bc4d27e9-ce6a-49b2-9464-a71169e5df41-640x348.jpg 640w\" sizes=\"auto, (max-width: 249px) 100vw, 249px\" \/><\/a>AGORDO<\/strong> Il campo di calcio Ivano Dorigo ospita questa sera dalle 18.30 un triangolare tra le formazionI del AC Belluno 1905, Agordina Calcio di seconda categoria e L&#8217;Unione Sportiva Le Ville. Sar\u00e0 l&#8217;occasione per ricordare un grande amico del calcio agordino, l&#8217;uomo dell&#8217;Unione Sportiva Le Ville, Silvano Mosca. <em>&#8220;Per noi \u00e8 un momento importante &#8211; dice con emozione il presidente dell&#8217;Agordina Calcio Cosmo Forcella &#8211; potremo onorare la figura del nostro grande amico alla presenza dell&#8217;amministrazione comunale e di una rappresentanza del Caf, l&#8217;altra grande passione nel mondo del lavoro di Silvano&#8221;<\/em><\/p>\n<p><strong>COSMO FORCELLA<\/strong><\/p>\n<audio class=\"wp-audio-shortcode\" id=\"audio-159634-9\" preload=\"none\" style=\"width: 100%;\" controls=\"controls\"><source type=\"audio\/mpeg\" src=\"https:\/\/www.radiopiu.net\/wordpress\/wp-content\/uploads\/2020\/09\/COSMO.mp3?_=9\" \/><a href=\"https:\/\/www.radiopiu.net\/wordpress\/wp-content\/uploads\/2020\/09\/COSMO.mp3\">https:\/\/www.radiopiu.net\/wordpress\/wp-content\/uploads\/2020\/09\/COSMO.mp3<\/a><\/audio>\n<p>&nbsp;<\/p>\n<p>&nbsp;<\/p>\n<hr \/>\n<p>&nbsp;<\/p>\n<blockquote>\n<h3>CALCIO SECONDA CATEGORIA: SALTA LA PRIMA GIORNATA<\/h3>\n<\/blockquote>\n<p><strong><a class=\"dt-pswp-item\" href=\"https:\/\/www.radiopiu.net\/wordpress\/wp-content\/uploads\/2020\/08\/PALLONE-CALCIO-CSI-1.jpg\" data-dt-img-description=\"\" data-large_image_width=\"957\" data-large_image_height=\"685\"><img loading=\"lazy\" decoding=\"async\" class=\" wp-image-157935 alignleft\" src=\"https:\/\/www.radiopiu.net\/wordpress\/wp-content\/uploads\/2020\/08\/PALLONE-CALCIO-CSI-1-300x215.jpg\" alt=\"\" width=\"207\" height=\"148\" srcset=\"https:\/\/www.radiopiu.net\/wordpress\/wp-content\/uploads\/2020\/08\/PALLONE-CALCIO-CSI-1-300x215.jpg 300w, https:\/\/www.radiopiu.net\/wordpress\/wp-content\/uploads\/2020\/08\/PALLONE-CALCIO-CSI-1-768x550.jpg 768w, https:\/\/www.radiopiu.net\/wordpress\/wp-content\/uploads\/2020\/08\/PALLONE-CALCIO-CSI-1-640x458.jpg 640w, https:\/\/www.radiopiu.net\/wordpress\/wp-content\/uploads\/2020\/08\/PALLONE-CALCIO-CSI-1.jpg 957w\" sizes=\"auto, (max-width: 207px) 100vw, 207px\" \/><\/a>AGORDO<\/strong> L&#8217;Agordina calcio non inizier\u00e0 la stagione la prossima domenica, la partita in programma \u00e8 stata posticipata a data da destinarsi causa emergenza Covid. Dagli uffici regionali la delibera di sospendere la prima giornata dei campionati in programma sabato e domenica di: PROMOZIONE, 1^ E 2^ CATEGORIA, JUNIORES ELITE, JUNIORES REGIONALI, ALLIEVI E GIOVANISSIMI ELITE, REGIONALI E SPERIMENTALI.<\/p>\n<p>La data di recupero sar\u00e0 resa nota a breve. Rimane in programma come da calendario l&#8217;attivit\u00e0 relativa alla Coppa Italia di Eccellenza<\/p>\n<p>&nbsp;<\/p>\n<p>&nbsp;<\/p>\n<hr \/>\n<p>&nbsp;<\/p>\n<blockquote>\n<h3>DAL 10 OTTOBRE IL 5\u00b0 DOLOMITI RALLY<\/h3>\n<\/blockquote>\n<p><strong><a class=\"dt-pswp-item\" href=\"https:\/\/www.radiopiu.net\/wordpress\/wp-content\/uploads\/2020\/09\/065-.jpg\" data-dt-img-description=\"\" data-large_image_width=\"1170\" data-large_image_height=\"800\"><img loading=\"lazy\" decoding=\"async\" class=\"size-medium wp-image-159491 alignleft\" src=\"https:\/\/www.radiopiu.net\/wordpress\/wp-content\/uploads\/2020\/09\/065--300x205.jpg\" alt=\"\" width=\"300\" height=\"205\" srcset=\"https:\/\/www.radiopiu.net\/wordpress\/wp-content\/uploads\/2020\/09\/065--300x205.jpg 300w, https:\/\/www.radiopiu.net\/wordpress\/wp-content\/uploads\/2020\/09\/065--1024x700.jpg 1024w, https:\/\/www.radiopiu.net\/wordpress\/wp-content\/uploads\/2020\/09\/065--768x525.jpg 768w, https:\/\/www.radiopiu.net\/wordpress\/wp-content\/uploads\/2020\/09\/065--640x438.jpg 640w, https:\/\/www.radiopiu.net\/wordpress\/wp-content\/uploads\/2020\/09\/065-.jpg 1170w\" sizes=\"auto, (max-width: 300px) 100vw, 300px\" \/><\/a>AGORDO\u00a0<\/strong><\/p>\n<p>&nbsp;<\/p>\n<p>&nbsp;<\/p>\n<p>&nbsp;<\/p>\n<p><strong>di Roberto Bona<\/strong><\/p>\n<audio class=\"wp-audio-shortcode\" id=\"audio-159634-10\" preload=\"none\" style=\"width: 100%;\" controls=\"controls\"><source type=\"audio\/mpeg\" src=\"https:\/\/www.radiopiu.net\/wordpress\/wp-content\/uploads\/2020\/09\/bona.mp3?_=10\" \/><a href=\"https:\/\/www.radiopiu.net\/wordpress\/wp-content\/uploads\/2020\/09\/bona.mp3\">https:\/\/www.radiopiu.net\/wordpress\/wp-content\/uploads\/2020\/09\/bona.mp3<\/a><\/audio>\n<p>&nbsp;<\/p>\n<p>&nbsp;<\/p>\n<p>&nbsp;<\/p>\n<p>&nbsp;<\/p>\n<p>&nbsp;<\/p>\n","protected":false},"excerpt":{"rendered":"<p>PER RICEVERE QUESTO NOTIZIARIO DIRETTAMENTE SUL TUO CELLULARE ISCRIVITI AL CANALE TELEGRAM\u00a0\u201cRADIO PIU\u00a0 INFORMAZIONE ATTENZIONE: LA NUOVA APP PER IOS-IPHONE https:\/\/apps.apple.com\/it\/app\/radio-pi%C3%B9-emittente-agordina\/id1515939845 ATTENZIONE: LA NUOVA APP RADIO\u00a0 PER ANDROID https:\/\/play.google.com\/store\/apps\/details?id=net.radiopiu.iniko &nbsp; &nbsp; REGIONALE 641 PASSO FEDAIA\u00a0 iniziano i lavori di scarico sulla vasca idrica in localit\u00e0 Sottoguda: senso unico alternato con impianto fino all&#8217;11 settembre. &nbsp;&hellip;<\/p>\n","protected":false},"author":4,"featured_media":159745,"comment_status":"closed","ping_status":"closed","sticky":false,"template":"","format":"standard","meta":{"_monsterinsights_skip_tracking":false,"_monsterinsights_sitenote_active":false,"_monsterinsights_sitenote_note":"","_monsterinsights_sitenote_category":0,"footnotes":""},"categories":[1,86,49],"tags":[],"class_list":["post-159634","post","type-post","status-publish","format-standard","has-post-thumbnail","hentry","category-senza-categoria","category-gr","category-news-18","category-1","category-86","category-49","description-off"],"img_url":"https:\/\/www.radiopiu.net\/wordpress\/wp-content\/uploads\/2020\/09\/Foto-1-1.jpg","_links":{"self":[{"href":"https:\/\/www.radiopiu.net\/wordpress\/wp-json\/wp\/v2\/posts\/159634","targetHints":{"allow":["GET"]}}],"collection":[{"href":"https:\/\/www.radiopiu.net\/wordpress\/wp-json\/wp\/v2\/posts"}],"about":[{"href":"https:\/\/www.radiopiu.net\/wordpress\/wp-json\/wp\/v2\/types\/post"}],"author":[{"embeddable":true,"href":"https:\/\/www.radiopiu.net\/wordpress\/wp-json\/wp\/v2\/users\/4"}],"replies":[{"embeddable":true,"href":"https:\/\/www.radiopiu.net\/wordpress\/wp-json\/wp\/v2\/comments?post=159634"}],"version-history":[{"count":0,"href":"https:\/\/www.radiopiu.net\/wordpress\/wp-json\/wp\/v2\/posts\/159634\/revisions"}],"wp:featuredmedia":[{"embeddable":true,"href":"https:\/\/www.radiopiu.net\/wordpress\/wp-json\/wp\/v2\/media\/159745"}],"wp:attachment":[{"href":"https:\/\/www.radiopiu.net\/wordpress\/wp-json\/wp\/v2\/media?parent=159634"}],"wp:term":[{"taxonomy":"category","embeddable":true,"href":"https:\/\/www.radiopiu.net\/wordpress\/wp-json\/wp\/v2\/categories?post=159634"},{"taxonomy":"post_tag","embeddable":true,"href":"https:\/\/www.radiopiu.net\/wordpress\/wp-json\/wp\/v2\/tags?post=159634"}],"curies":[{"name":"wp","href":"https:\/\/api.w.org\/{rel}","templated":true}]}}