{"id":159638,"date":"2020-09-08T11:32:02","date_gmt":"2020-09-08T09:32:02","guid":{"rendered":"https:\/\/www.radiopiu.net\/wordpress\/?p=159638"},"modified":"2020-09-08T11:32:02","modified_gmt":"2020-09-08T09:32:02","slug":"belluno-kids-chiude-con-il-22-di-presenze-in-piu","status":"publish","type":"post","link":"https:\/\/www.radiopiu.net\/wordpress\/belluno-kids-chiude-con-il-22-di-presenze-in-piu\/","title":{"rendered":"BELLUNO KIDS CHIUDE CON IL 22% DI PRESENZE IN PIU&#8217;"},"content":{"rendered":"<p><strong><a class=\"dt-pswp-item\" href=\"https:\/\/www.radiopiu.net\/wordpress\/wp-content\/uploads\/2020\/09\/DSC_6500-scaled.jpg\" data-dt-img-description=\"\" data-large_image_width=\"2560\" data-large_image_height=\"1702\"><img loading=\"lazy\" decoding=\"async\" class=\"size-medium wp-image-159639 alignleft\" src=\"https:\/\/www.radiopiu.net\/wordpress\/wp-content\/uploads\/2020\/09\/DSC_6500-300x199.jpg\" alt=\"\" width=\"300\" height=\"199\" srcset=\"https:\/\/www.radiopiu.net\/wordpress\/wp-content\/uploads\/2020\/09\/DSC_6500-300x199.jpg 300w, https:\/\/www.radiopiu.net\/wordpress\/wp-content\/uploads\/2020\/09\/DSC_6500-1024x681.jpg 1024w, https:\/\/www.radiopiu.net\/wordpress\/wp-content\/uploads\/2020\/09\/DSC_6500-768x511.jpg 768w, https:\/\/www.radiopiu.net\/wordpress\/wp-content\/uploads\/2020\/09\/DSC_6500-1536x1021.jpg 1536w, https:\/\/www.radiopiu.net\/wordpress\/wp-content\/uploads\/2020\/09\/DSC_6500-2048x1361.jpg 2048w, https:\/\/www.radiopiu.net\/wordpress\/wp-content\/uploads\/2020\/09\/DSC_6500-640x425.jpg 640w\" sizes=\"auto, (max-width: 300px) 100vw, 300px\" \/><\/a>BELLUNO<\/strong>\u00a0 La seconda edizione delBelluno Kids festival si \u00e8 conclusa nel parco della\u00a0 Vena d&#8217;Oro a Ponte nelle Alpi con lo spettacolo Girofiaba. Una seconda edizione voluta\u00a0 dal direttore artistico Alessandro Rossi: <em>\u201cMai come quest&#8217;anno il Festival era un progetto da portare a termine, nonostante tutte le difficolt\u00e0. Siamo riusciti a trovare nuove sinergie che ci hanno sostenuto, artisti che hanno ridotto i propri compensi. Tutto per darci la possibilit\u00e0 di realizzare questa seconda edizione. <\/em><em>Perch\u00e9 in qualche modo volevamo ripartire. Perch\u00e8 crediamo fosse importante, mai quanto ora, tornare ad una normalit\u00e0. Perch\u00e8 pensiamo fosse giusto in un periodo come questo, a maggior ragione per bambini e famiglie, \u201cfare\u201d comunque qualcosa.\u201d <\/em>Rispetto alla prima edizione del festival, a parit\u00e0 di eventi, questa seconda edizione ha avuto un incremento di pubblico del 22%. Numeri importanti che certificano la voglia di un evento come questo che porta in citt\u00e0 famiglie provenienti da tutta la provincia. Un risultato in parte atteso dopo il periodo di lockdown passato che ha azzerato quella socialit\u00e0 che si respira pienamente in un evento partecipato e conviviale come un Festival. Molti degli eventi infatti erano andati sold out gi\u00e0 in fase di prevendita<em>. &#8220;Ora &#8211; conclude Rossi &#8211;\u00a0 \u00e8 il momento di far depositare le emozioni e di capire, assieme alle amministrazioni, come proseguire questo percorso che si \u00e8 confermato un punto di riferimento per tante famiglie della provincia di Belluno&#8221;.<\/em><\/p>\n","protected":false},"excerpt":{"rendered":"<p>BELLUNO\u00a0 La seconda edizione delBelluno Kids festival si \u00e8 conclusa nel parco della\u00a0 Vena d&#8217;Oro a Ponte nelle Alpi con lo spettacolo Girofiaba. Una seconda edizione voluta\u00a0 dal direttore artistico Alessandro Rossi: \u201cMai come quest&#8217;anno il Festival era un progetto da portare a termine, nonostante tutte le difficolt\u00e0. Siamo riusciti a trovare nuove sinergie che&hellip;<\/p>\n","protected":false},"author":4,"featured_media":159640,"comment_status":"closed","ping_status":"closed","sticky":false,"template":"","format":"standard","meta":{"_monsterinsights_skip_tracking":false,"_monsterinsights_sitenote_active":false,"_monsterinsights_sitenote_note":"","_monsterinsights_sitenote_category":0,"footnotes":""},"categories":[49],"tags":[],"class_list":["post-159638","post","type-post","status-publish","format-standard","has-post-thumbnail","hentry","category-news-18","category-49","description-off"],"img_url":"https:\/\/www.radiopiu.net\/wordpress\/wp-content\/uploads\/2020\/09\/DSC_6424-scaled.jpg","_links":{"self":[{"href":"https:\/\/www.radiopiu.net\/wordpress\/wp-json\/wp\/v2\/posts\/159638","targetHints":{"allow":["GET"]}}],"collection":[{"href":"https:\/\/www.radiopiu.net\/wordpress\/wp-json\/wp\/v2\/posts"}],"about":[{"href":"https:\/\/www.radiopiu.net\/wordpress\/wp-json\/wp\/v2\/types\/post"}],"author":[{"embeddable":true,"href":"https:\/\/www.radiopiu.net\/wordpress\/wp-json\/wp\/v2\/users\/4"}],"replies":[{"embeddable":true,"href":"https:\/\/www.radiopiu.net\/wordpress\/wp-json\/wp\/v2\/comments?post=159638"}],"version-history":[{"count":0,"href":"https:\/\/www.radiopiu.net\/wordpress\/wp-json\/wp\/v2\/posts\/159638\/revisions"}],"wp:featuredmedia":[{"embeddable":true,"href":"https:\/\/www.radiopiu.net\/wordpress\/wp-json\/wp\/v2\/media\/159640"}],"wp:attachment":[{"href":"https:\/\/www.radiopiu.net\/wordpress\/wp-json\/wp\/v2\/media?parent=159638"}],"wp:term":[{"taxonomy":"category","embeddable":true,"href":"https:\/\/www.radiopiu.net\/wordpress\/wp-json\/wp\/v2\/categories?post=159638"},{"taxonomy":"post_tag","embeddable":true,"href":"https:\/\/www.radiopiu.net\/wordpress\/wp-json\/wp\/v2\/tags?post=159638"}],"curies":[{"name":"wp","href":"https:\/\/api.w.org\/{rel}","templated":true}]}}