{"id":159652,"date":"2020-09-08T15:27:46","date_gmt":"2020-09-08T13:27:46","guid":{"rendered":"https:\/\/www.radiopiu.net\/wordpress\/?p=159652"},"modified":"2020-09-08T15:42:52","modified_gmt":"2020-09-08T13:42:52","slug":"acc-dalla-provincia-cauto-ottimismo-restano-le-preoccupazioni","status":"publish","type":"post","link":"https:\/\/www.radiopiu.net\/wordpress\/acc-dalla-provincia-cauto-ottimismo-restano-le-preoccupazioni\/","title":{"rendered":"ACC: DALLA PROVINCIA CAUTO OTTIMISMO, RESTANO LE PREOCCUPAZIONI"},"content":{"rendered":"<p><strong><a class=\"dt-pswp-item\" href=\"https:\/\/www.radiopiu.net\/wordpress\/wp-content\/uploads\/2020\/06\/Schermata-2020-06-19-alle-18.09.19.png\" data-dt-img-description=\"\" data-large_image_width=\"1652\" data-large_image_height=\"796\"><img loading=\"lazy\" decoding=\"async\" class=\"size-medium wp-image-145359 alignleft\" src=\"https:\/\/www.radiopiu.net\/wordpress\/wp-content\/uploads\/2020\/06\/Schermata-2020-06-19-alle-18.09.19-300x145.png\" alt=\"\" width=\"300\" height=\"145\" srcset=\"https:\/\/www.radiopiu.net\/wordpress\/wp-content\/uploads\/2020\/06\/Schermata-2020-06-19-alle-18.09.19-300x145.png 300w, https:\/\/www.radiopiu.net\/wordpress\/wp-content\/uploads\/2020\/06\/Schermata-2020-06-19-alle-18.09.19-1024x493.png 1024w, https:\/\/www.radiopiu.net\/wordpress\/wp-content\/uploads\/2020\/06\/Schermata-2020-06-19-alle-18.09.19-768x370.png 768w, https:\/\/www.radiopiu.net\/wordpress\/wp-content\/uploads\/2020\/06\/Schermata-2020-06-19-alle-18.09.19-1536x740.png 1536w, https:\/\/www.radiopiu.net\/wordpress\/wp-content\/uploads\/2020\/06\/Schermata-2020-06-19-alle-18.09.19.png 1652w\" sizes=\"auto, (max-width: 300px) 100vw, 300px\" \/><\/a>BELLUNO<\/strong>\u00a0 <em>\u00abLe preoccupazioni restano, ma filtra un cauto ottimismo sul futuro di Acc. Questo \u00e8 il momento in cui tutti dobbiamo rimanere sul pezzo e fare un\u2019operazione di moral suasion affinch\u00e9 gli istituti di credito assicurino la liquidit\u00e0 necessaria a portare avanti il piano industriale\u00bb.<\/em> Cos\u00ec in una nota il presidente della Provincia di Belluno, che a Venezia, ha partecipato al tavolo istituzionale convocato dalla Regione Veneto per il futuro di Acc (presenti anche le organizzazioni sindacali e le rappresentanze dei lavoratori). <em>\u00abIl tavolo ha fatto il punto della situazione e ha analizzato i tanti segnali positivi che lo stabilimento zumellese sta lanciando in questi mesi &#8211; prosegue il presidente della Provincia -. Il piano industriale di rilancio sta procedendo nel verso giusto, con 1 milione 750mila pezzi prodotti all\u2019anno e con la prospettiva di arrivare a 2 milioni e mezzo nel 2021. Nel frattempo sono stati assunti altri 29 lavoratori a tempo indeterminato ed \u00e8 stato rafforzato il rapporto con clienti e fornitori. Il lavoro del commissario Castro \u00e8 innegabile e sta dando i suoi frutti: adesso \u00e8 necessario che arrivino le risorse funzionali a proseguire su questa strada&#8221;.<\/em> C\u2019\u00e8 un cauto ottimismo per il fatto che gli istituti di credito sembrano sbloccare le loro perplessit\u00e0 sul rilancio di Acc. L\u2019obiettivo primario resta quello di salvaguardare i circa 300 posti di lavoro della fabbrica, che per la Valbelluna significano la serenit\u00e0 di oltre 300 famiglie. <em>&#8220;Ringrazio l\u2019assessore regionale al lavoro e il sindaco di Borgo Valbelluna per il forte impegno assicurato alla risoluzione del nodo Acc. Da parte della Provincia, appoggio pieno a qualsiasi iniziativa sia ritenuta utile a salvaguardare lo stabilimento e i suoi lavoratori. Questo \u00e8 il momento di fare squadra, anche di pi\u00f9, se possibile, di quanto si \u00e8 fatto finora\u00bb.<\/em><\/p>\n","protected":false},"excerpt":{"rendered":"<p>BELLUNO\u00a0 \u00abLe preoccupazioni restano, ma filtra un cauto ottimismo sul futuro di Acc. Questo \u00e8 il momento in cui tutti dobbiamo rimanere sul pezzo e fare un\u2019operazione di moral suasion affinch\u00e9 gli istituti di credito assicurino la liquidit\u00e0 necessaria a portare avanti il piano industriale\u00bb. Cos\u00ec in una nota il presidente della Provincia di Belluno,&hellip;<\/p>\n","protected":false},"author":4,"featured_media":145359,"comment_status":"closed","ping_status":"closed","sticky":false,"template":"","format":"standard","meta":{"_monsterinsights_skip_tracking":false,"_monsterinsights_sitenote_active":false,"_monsterinsights_sitenote_note":"","_monsterinsights_sitenote_category":0,"footnotes":""},"categories":[51,49],"tags":[],"class_list":["post-159652","post","type-post","status-publish","format-standard","has-post-thumbnail","hentry","category-evidenza-top","category-news-18","category-51","category-49","description-off"],"img_url":"https:\/\/www.radiopiu.net\/wordpress\/wp-content\/uploads\/2020\/06\/Schermata-2020-06-19-alle-18.09.19.png","_links":{"self":[{"href":"https:\/\/www.radiopiu.net\/wordpress\/wp-json\/wp\/v2\/posts\/159652","targetHints":{"allow":["GET"]}}],"collection":[{"href":"https:\/\/www.radiopiu.net\/wordpress\/wp-json\/wp\/v2\/posts"}],"about":[{"href":"https:\/\/www.radiopiu.net\/wordpress\/wp-json\/wp\/v2\/types\/post"}],"author":[{"embeddable":true,"href":"https:\/\/www.radiopiu.net\/wordpress\/wp-json\/wp\/v2\/users\/4"}],"replies":[{"embeddable":true,"href":"https:\/\/www.radiopiu.net\/wordpress\/wp-json\/wp\/v2\/comments?post=159652"}],"version-history":[{"count":0,"href":"https:\/\/www.radiopiu.net\/wordpress\/wp-json\/wp\/v2\/posts\/159652\/revisions"}],"wp:featuredmedia":[{"embeddable":true,"href":"https:\/\/www.radiopiu.net\/wordpress\/wp-json\/wp\/v2\/media\/145359"}],"wp:attachment":[{"href":"https:\/\/www.radiopiu.net\/wordpress\/wp-json\/wp\/v2\/media?parent=159652"}],"wp:term":[{"taxonomy":"category","embeddable":true,"href":"https:\/\/www.radiopiu.net\/wordpress\/wp-json\/wp\/v2\/categories?post=159652"},{"taxonomy":"post_tag","embeddable":true,"href":"https:\/\/www.radiopiu.net\/wordpress\/wp-json\/wp\/v2\/tags?post=159652"}],"curies":[{"name":"wp","href":"https:\/\/api.w.org\/{rel}","templated":true}]}}