{"id":159663,"date":"2020-09-08T16:43:21","date_gmt":"2020-09-08T14:43:21","guid":{"rendered":"https:\/\/www.radiopiu.net\/wordpress\/?p=159663"},"modified":"2020-09-08T16:43:21","modified_gmt":"2020-09-08T14:43:21","slug":"sviluppo-delle-ciclabili-incontro-a-limone-del-garda","status":"publish","type":"post","link":"https:\/\/www.radiopiu.net\/wordpress\/sviluppo-delle-ciclabili-incontro-a-limone-del-garda\/","title":{"rendered":"SVILUPPO DELLE CICLABILI, INCONTRO A LIMONE DEL GARDA"},"content":{"rendered":"<p><b><a class=\"dt-pswp-item\" href=\"https:\/\/www.radiopiu.net\/wordpress\/wp-content\/uploads\/2020\/09\/c1fa1dbf-3aab-4d31-999d-ca2440f31a5e.jpg\" data-dt-img-description=\"\" data-large_image_width=\"1600\" data-large_image_height=\"1200\"><img loading=\"lazy\" decoding=\"async\" class=\" wp-image-159665 alignleft\" src=\"https:\/\/www.radiopiu.net\/wordpress\/wp-content\/uploads\/2020\/09\/c1fa1dbf-3aab-4d31-999d-ca2440f31a5e-300x225.jpg\" alt=\"\" width=\"260\" height=\"195\" srcset=\"https:\/\/www.radiopiu.net\/wordpress\/wp-content\/uploads\/2020\/09\/c1fa1dbf-3aab-4d31-999d-ca2440f31a5e-300x225.jpg 300w, https:\/\/www.radiopiu.net\/wordpress\/wp-content\/uploads\/2020\/09\/c1fa1dbf-3aab-4d31-999d-ca2440f31a5e-1024x768.jpg 1024w, https:\/\/www.radiopiu.net\/wordpress\/wp-content\/uploads\/2020\/09\/c1fa1dbf-3aab-4d31-999d-ca2440f31a5e-768x576.jpg 768w, https:\/\/www.radiopiu.net\/wordpress\/wp-content\/uploads\/2020\/09\/c1fa1dbf-3aab-4d31-999d-ca2440f31a5e-1536x1152.jpg 1536w, https:\/\/www.radiopiu.net\/wordpress\/wp-content\/uploads\/2020\/09\/c1fa1dbf-3aab-4d31-999d-ca2440f31a5e-640x480.jpg 640w, https:\/\/www.radiopiu.net\/wordpress\/wp-content\/uploads\/2020\/09\/c1fa1dbf-3aab-4d31-999d-ca2440f31a5e.jpg 1600w\" sizes=\"auto, (max-width: 260px) 100vw, 260px\" \/><\/a>ALPAGO\u00a0 <\/b>Bicicletta e lago, un binomio che, a pochi chilometri da casa sta dando luogo ad un vero e proprio \u201ccaso turistico\u201d, non solo tra gli appassionati delle due ruote.\u00a0 Una delegazione della giunta comunale di Alpago, guidata dal sindaco, si \u00e8 recata in visita a Limone sul Garda, da dove parte e sta prendendo corpo la ciclovia del Garda, che \u2013 una volta completati i lavori nel 2021\/2022\u2013 sar\u00e0 la pi\u00f9 lunga d&#8217;Europa. Il tragitto della ciclabile \u00e8 realizzato per alcuni tratti \u201ca sbalzo\u201d, ovvero direttamente sul lago, e porta i turisti a due ruote ad immergersi completamente in uno scenario paesaggistico e naturale straordinario. <em>\u201cDopo l&#8217;incontro delle scorse settimane con l&#8217;amministrazione comunale di Vittorio Veneto, abbiamo ritenuto utile prendere contatti anche con quella di Limone sul Garda, commenta la delegazione di Alpago, che aggiunge: \u201cNell&#8217;ambito del nostro programma di sviluppo ed implementazione delle ciclabili nella conca stiamo infatti comparando le politiche intraprese sul tema anche da altre amministrazioni; dall&#8217;incontro con quella di Limone (erano presenti, tra gli altri, il sindaco ed il vicesindaco) abbiamo tratto alcuni spunti interessanti, sia di carattere tecnico che in ordine alle possibili linee di finanziamento, che saranno preziosi anche per il progetto di sviluppo del cicloturismo nel nostro territorio.\u201d<\/em><\/p>\n<p>&nbsp;<\/p>\n","protected":false},"excerpt":{"rendered":"<p>ALPAGO\u00a0 Bicicletta e lago, un binomio che, a pochi chilometri da casa sta dando luogo ad un vero e proprio \u201ccaso turistico\u201d, non solo tra gli appassionati delle due ruote.\u00a0 Una delegazione della giunta comunale di Alpago, guidata dal sindaco, si \u00e8 recata in visita a Limone sul Garda, da dove parte e sta prendendo&hellip;<\/p>\n","protected":false},"author":4,"featured_media":159664,"comment_status":"closed","ping_status":"closed","sticky":false,"template":"","format":"standard","meta":{"_monsterinsights_skip_tracking":false,"_monsterinsights_sitenote_active":false,"_monsterinsights_sitenote_note":"","_monsterinsights_sitenote_category":0,"footnotes":""},"categories":[49],"tags":[],"class_list":["post-159663","post","type-post","status-publish","format-standard","has-post-thumbnail","hentry","category-news-18","category-49","description-off"],"img_url":"https:\/\/www.radiopiu.net\/wordpress\/wp-content\/uploads\/2020\/09\/5349ef1c-ec0d-47a7-9abd-f79210cd53d5.jpg","_links":{"self":[{"href":"https:\/\/www.radiopiu.net\/wordpress\/wp-json\/wp\/v2\/posts\/159663","targetHints":{"allow":["GET"]}}],"collection":[{"href":"https:\/\/www.radiopiu.net\/wordpress\/wp-json\/wp\/v2\/posts"}],"about":[{"href":"https:\/\/www.radiopiu.net\/wordpress\/wp-json\/wp\/v2\/types\/post"}],"author":[{"embeddable":true,"href":"https:\/\/www.radiopiu.net\/wordpress\/wp-json\/wp\/v2\/users\/4"}],"replies":[{"embeddable":true,"href":"https:\/\/www.radiopiu.net\/wordpress\/wp-json\/wp\/v2\/comments?post=159663"}],"version-history":[{"count":0,"href":"https:\/\/www.radiopiu.net\/wordpress\/wp-json\/wp\/v2\/posts\/159663\/revisions"}],"wp:featuredmedia":[{"embeddable":true,"href":"https:\/\/www.radiopiu.net\/wordpress\/wp-json\/wp\/v2\/media\/159664"}],"wp:attachment":[{"href":"https:\/\/www.radiopiu.net\/wordpress\/wp-json\/wp\/v2\/media?parent=159663"}],"wp:term":[{"taxonomy":"category","embeddable":true,"href":"https:\/\/www.radiopiu.net\/wordpress\/wp-json\/wp\/v2\/categories?post=159663"},{"taxonomy":"post_tag","embeddable":true,"href":"https:\/\/www.radiopiu.net\/wordpress\/wp-json\/wp\/v2\/tags?post=159663"}],"curies":[{"name":"wp","href":"https:\/\/api.w.org\/{rel}","templated":true}]}}