{"id":159668,"date":"2020-09-09T05:53:50","date_gmt":"2020-09-09T03:53:50","guid":{"rendered":"https:\/\/www.radiopiu.net\/wordpress\/?p=159668"},"modified":"2020-09-09T06:02:28","modified_gmt":"2020-09-09T04:02:28","slug":"lezione-e-medaglietta-per-gli-alunni-della-classe-quinta-nonostante-il-covid19","status":"publish","type":"post","link":"https:\/\/www.radiopiu.net\/wordpress\/lezione-e-medaglietta-per-gli-alunni-della-classe-quinta-nonostante-il-covid19\/","title":{"rendered":"LEZIONE E MEDAGLIETTA PER GLI ALUNNI DELLA CLASSE QUINTA&#8230;NONOSTANTE IL COVID19"},"content":{"rendered":"<p><strong><a class=\"dt-pswp-item\" href=\"https:\/\/www.radiopiu.net\/wordpress\/wp-content\/uploads\/2020\/09\/IMG_9431-1.jpg\" data-dt-img-description=\"\" data-large_image_width=\"2016\" data-large_image_height=\"1512\"><img loading=\"lazy\" decoding=\"async\" class=\" wp-image-159672 alignleft\" src=\"https:\/\/www.radiopiu.net\/wordpress\/wp-content\/uploads\/2020\/09\/IMG_9431-1-300x225.jpg\" alt=\"\" width=\"269\" height=\"202\" srcset=\"https:\/\/www.radiopiu.net\/wordpress\/wp-content\/uploads\/2020\/09\/IMG_9431-1-300x225.jpg 300w, https:\/\/www.radiopiu.net\/wordpress\/wp-content\/uploads\/2020\/09\/IMG_9431-1-1024x768.jpg 1024w, https:\/\/www.radiopiu.net\/wordpress\/wp-content\/uploads\/2020\/09\/IMG_9431-1-768x576.jpg 768w, https:\/\/www.radiopiu.net\/wordpress\/wp-content\/uploads\/2020\/09\/IMG_9431-1-1536x1152.jpg 1536w, https:\/\/www.radiopiu.net\/wordpress\/wp-content\/uploads\/2020\/09\/IMG_9431-1-640x480.jpg 640w, https:\/\/www.radiopiu.net\/wordpress\/wp-content\/uploads\/2020\/09\/IMG_9431-1.jpg 2016w\" sizes=\"auto, (max-width: 269px) 100vw, 269px\" \/><\/a>TAIBON<\/strong> Anche quest&#8217;anno la sezione ABVS a primavera era pronta per incontrare le maestre e gli alunni della quinta classe per spiegare e sensibilizzare l&#8217;importanza della donazione del sangue. Anche in questa occasione la pandemia Covid19 ha scompaginato i piani, a marzo si \u00e8 bloccato tutto. Il direttivo della sezione non ha per\u00f2 ritenuto n\u00e8 corretto n\u00e8 opportuno il mancato completamento di un programma condiviso con le docenti. <em>&#8220;Generalmente\u00a0 &#8211; ricorda il segretario di sezione Daniele Cancel &#8211; l&#8217;attivit\u00e0 con la scuola prevedeva negli ultimi mesi dell&#8217;anno scolastico, la visita al centro trasfusionale di Agordo ed in altra data l&#8217;incontro con il personale della sezione ABVS provinciale, nonch\u00e9 la realizzazione delle medagliette (personalizzate con logo della sezione e nome dell&#8217;alunno) consegnate in occasione della recita di fine anno. Il blocco totale di tutte le attivit\u00e0 causa COVID-19 non doveva essere motivo per non procedere con il programma, quindi con il comitato di sezione e la preziosa collaborazione con le maestre si \u00e8 deciso di procedere comunque, <a class=\"dt-pswp-item\" href=\"https:\/\/www.radiopiu.net\/wordpress\/wp-content\/uploads\/2020\/09\/IMG_9427-1.jpg\" data-dt-img-description=\"\" data-large_image_width=\"2016\" data-large_image_height=\"1512\"><img loading=\"lazy\" decoding=\"async\" class=\" wp-image-159671 alignright\" src=\"https:\/\/www.radiopiu.net\/wordpress\/wp-content\/uploads\/2020\/09\/IMG_9427-1-300x225.jpg\" alt=\"\" width=\"219\" height=\"164\" srcset=\"https:\/\/www.radiopiu.net\/wordpress\/wp-content\/uploads\/2020\/09\/IMG_9427-1-300x225.jpg 300w, https:\/\/www.radiopiu.net\/wordpress\/wp-content\/uploads\/2020\/09\/IMG_9427-1-1024x768.jpg 1024w, https:\/\/www.radiopiu.net\/wordpress\/wp-content\/uploads\/2020\/09\/IMG_9427-1-768x576.jpg 768w, https:\/\/www.radiopiu.net\/wordpress\/wp-content\/uploads\/2020\/09\/IMG_9427-1-1536x1152.jpg 1536w, https:\/\/www.radiopiu.net\/wordpress\/wp-content\/uploads\/2020\/09\/IMG_9427-1-640x480.jpg 640w, https:\/\/www.radiopiu.net\/wordpress\/wp-content\/uploads\/2020\/09\/IMG_9427-1.jpg 2016w\" sizes=\"auto, (max-width: 219px) 100vw, 219px\" \/><\/a>non \u00e8 stata per\u00f2 possibile la visita al centro trasfusionale&#8221;.\u00a0<\/em> Considerato che le lezioni quotidiane sono state proposte in\u00a0 streaming l&#8217;incontro con gli alunni si \u00e8 svolto in modalit\u00e0 on line con argomenti: il sangue e l&#8217;attivit\u00e0 dell&#8217;ABVS. Anche quest&#8217;anno sono state consegnate le medagliette con inciso il gruppo sanguigno degli studenti. <em>&#8220;<\/em><em>Infine \u00e8 stato un piacere e una sorpresa partecipare alla recita di fine anno in streaming &#8211; conclude Daniele Cancel &#8211;\u00a0 con molto stupore abbiamo assistito al lavoro da video_maker con il montaggio dei singoli video realizzati dai ragazzi a casa, per la ricostruzione della favola di Cenerentola in versione agordina&#8221;. <\/em>Alla recita online hanno partecipato (oltre agli alunni ed alle maestre)\u00a0 il preside, il\u00a0 sindaco, l&#8217;agente di Polizia Locale e le associazione che collaborano con la scuola. Dalla sezione dei donatori il grazie\u00a0 alla maestra Chiara Rampini, nonostante le difficolt\u00e0 dovute alla gestione da casa, si \u00e8 prodigata per collaborare per la prefetta riuscita dell&#8217; iniziativa.<\/p>\n<p>&nbsp;<\/p>\n","protected":false},"excerpt":{"rendered":"<p>TAIBON Anche quest&#8217;anno la sezione ABVS a primavera era pronta per incontrare le maestre e gli alunni della quinta classe per spiegare e sensibilizzare l&#8217;importanza della donazione del sangue. Anche in questa occasione la pandemia Covid19 ha scompaginato i piani, a marzo si \u00e8 bloccato tutto. Il direttivo della sezione non ha per\u00f2 ritenuto n\u00e8&hellip;<\/p>\n","protected":false},"author":4,"featured_media":159672,"comment_status":"closed","ping_status":"closed","sticky":false,"template":"","format":"standard","meta":{"_monsterinsights_skip_tracking":false,"_monsterinsights_sitenote_active":false,"_monsterinsights_sitenote_note":"","_monsterinsights_sitenote_category":0,"footnotes":""},"categories":[51,49],"tags":[],"class_list":["post-159668","post","type-post","status-publish","format-standard","has-post-thumbnail","hentry","category-evidenza-top","category-news-18","category-51","category-49","description-off"],"img_url":"https:\/\/www.radiopiu.net\/wordpress\/wp-content\/uploads\/2020\/09\/IMG_9431-1.jpg","_links":{"self":[{"href":"https:\/\/www.radiopiu.net\/wordpress\/wp-json\/wp\/v2\/posts\/159668","targetHints":{"allow":["GET"]}}],"collection":[{"href":"https:\/\/www.radiopiu.net\/wordpress\/wp-json\/wp\/v2\/posts"}],"about":[{"href":"https:\/\/www.radiopiu.net\/wordpress\/wp-json\/wp\/v2\/types\/post"}],"author":[{"embeddable":true,"href":"https:\/\/www.radiopiu.net\/wordpress\/wp-json\/wp\/v2\/users\/4"}],"replies":[{"embeddable":true,"href":"https:\/\/www.radiopiu.net\/wordpress\/wp-json\/wp\/v2\/comments?post=159668"}],"version-history":[{"count":0,"href":"https:\/\/www.radiopiu.net\/wordpress\/wp-json\/wp\/v2\/posts\/159668\/revisions"}],"wp:featuredmedia":[{"embeddable":true,"href":"https:\/\/www.radiopiu.net\/wordpress\/wp-json\/wp\/v2\/media\/159672"}],"wp:attachment":[{"href":"https:\/\/www.radiopiu.net\/wordpress\/wp-json\/wp\/v2\/media?parent=159668"}],"wp:term":[{"taxonomy":"category","embeddable":true,"href":"https:\/\/www.radiopiu.net\/wordpress\/wp-json\/wp\/v2\/categories?post=159668"},{"taxonomy":"post_tag","embeddable":true,"href":"https:\/\/www.radiopiu.net\/wordpress\/wp-json\/wp\/v2\/tags?post=159668"}],"curies":[{"name":"wp","href":"https:\/\/api.w.org\/{rel}","templated":true}]}}