{"id":159688,"date":"2020-09-08T23:59:08","date_gmt":"2020-09-08T21:59:08","guid":{"rendered":"https:\/\/www.radiopiu.net\/wordpress\/?p=159688"},"modified":"2020-09-09T06:05:43","modified_gmt":"2020-09-09T04:05:43","slug":"ferdinando-coletti-il-cadorino-di-tai-studioso-insigne-attivo-nei-moti-del-48-di-renato-bona","status":"publish","type":"post","link":"https:\/\/www.radiopiu.net\/wordpress\/ferdinando-coletti-il-cadorino-di-tai-studioso-insigne-attivo-nei-moti-del-48-di-renato-bona\/","title":{"rendered":"FERDINANDO COLETTI, IL CADORINO DI TAI STUDIOSO INSIGNE ATTIVO NEI MOTI DEL \u201948 di RENATO BONA"},"content":{"rendered":"<p><strong>BELLUNO<\/strong> Mentre imperversa e continua a preoccupare la pandemia del Corona virus 19 ci \u00e8 venuto in mente per singolare associazione di idee, un capitolo dell\u2019ottimo libro edito nel 1999 dall\u2019Amico del Popolo: \u201c90 profili di personaggi poco noti di una provincia da scoprire\u201d. E\u2019 quello in cui gli storici Paolo Conte e Marco Perale tratteggiano la figura e l\u2019opera di \u201cFerdinando Coletti: una vita tra gli studi e l\u2019impegno civile\u201d. Sotto questo titolo, infatti, il sommario specifica: \u201cNato a Tai di Cadore, fu docente e rettore dell\u2019Universit\u00e0 di Padova. Partecip\u00f2 ai moti del 1848, fond\u00f2 una rivista medica e si batt\u00e9 contro la scrofola\u201d. Scrofola? Ecco di cosa parliamo, secondo il sito my-personaltrainer.it: \u201cLa scrofolosi o scrofola \u00e8 un&#8217;infezione delle ghiandole linfonodali del collo meglio definita adenite tubercolare. Si tratta di una malattia infettiva generata da micro batteri: nell\u2019adulto \u00e8 soventemente provocata dal Mycobacterium tubercolosis o scrofulaceum (anche responsabile della ben pi\u00f9 nota e letale tubercolosi polmonare) che, in questo caso, penetra nel circolo linfatico e colpisce alcuni linfonodi tra i quali soprattutto quelli al di sotto della mandibola; al contrario, nei bambini la scrofolosi o scrofola \u00e8 provocata da altri micro batteri non tubercolari o atipici come il Nontuberculous mycobacteria. La maggior diffusione della scrofolosi o scrofola si \u00e8 avuta in Europa (Francia e Inghilterra) tra il X ed il XVII secolo, quando si credeva che potesse essere guarita dal \u2018tocco\u2019 di un nobile; oggi, pur essendo considerata una malattia rara, rappresenta una possibile complicanza dell\u2019immunodepressione e-o secondariamente della malnutrizione grave (ad esempio quella provocata dal virus dell\u2019Hiv). Torniamo a Coletti, venuto alla luce a Tai di Cadore il 17 agosto 1819 da Giuseppe, commerciante di legnami, e Carolina Codecasa. Considerato che il figlio non vedeva bene, la famiglia si trasfer\u00ec a Padova nel 1825 \u201cper dargli un\u2019educazione e guarire la sua infermit\u00e0\u201d. Conte-Perale ricordano ancora che \u201cIl ragazzo non deluse il genitore e frequent\u00f2 con profitto il liceo iscrivendosi poi all\u2019Universit\u00e0. Consegu\u00ec la laurea in medicina e chirurgia nel 1845, riuscendo a pubblicare la tesi dal titolo \u2018L\u2019idroterapia\u2019. Poco dopo divenne assistente alla cattedra di patologia e farmacologia e a soli 28 anni, nel 1847, partecip\u00f2 a Venezia al IX Congresso degli scienziati italiani\u201d. Ancora i due storici bellunesi: \u201cIl \u201948 era alle porte Ferdinando si schier\u00f2 con i liberali moderati contro l\u2019Austria. Partecip\u00f2 ai moti patavini dell\u20198 febbraio e divenne membro del governo provvisorio della citt\u00e0. Ritornati gli austriaci, per qualche mese fu esule e quindi fu a Venezia dove, per la risorta Repubblica, si occup\u00f2 con altri medici dell\u2019ospedale di S. Giorgio presso il quale si curavano i colerosi. Fuggito da Venezia di nuovo in mano agli austriaci, dopo qualche tempo rientr\u00f2 a Padova dove esercit\u00f2 la professione di medico fino alla guerra d\u2019indipendenza del \u201959. Da quel momento, e fino al 1866, diresse in citt\u00e0 il Comitato centrale nazionale veneto, coordinando la rischiosa attivit\u00e0 dei cospiratori che agivano segretamente contro l\u2019Austria nelle citt\u00e0 della nostra regione\u201d. Poi, annesso il Veneto all\u2019Italia, Coletti ritorn\u00f2 all\u2019Universit\u00e0 con l\u2019incarico di insegnare \u201cmateria medica e terapeutica\u201d. Fu docente fino alla morte, tranne nei due anni 1872 e 1873 in cui divenne Rettore dell\u2019ateneo. Per qualcosa come 14 anni, dalla fine del \u201966, fu consigliere comunale a Padova ed esponente dell\u2019Unione liberale veneta ma continu\u00f2 ad impegnarsi negli studi e a scrivere sulla \u201cGazzetta medica italiana delle province venete\u201d fondata e diretta da lui stesso nel 1858. E veniamo al suo contributo contro la scrofolosi. Conte-Perale dopo aver richiamato il suo impegno per ricerche sulle propriet\u00e0 dei farmaci, degli effetti tossici dei veleni ed aver contribuito alla nascita della cattedra universitaria di Igiene ricordano che \u201cSi batt\u00e9 con successo per prevenire e curare la scrofolosi, una malattia che colpiva soprattutto i bambini poveri e denutriti\u2026 Grazie al suo impegno nel 1870 sorse al Lido di Venezia il primo stabilimento in cui i bagni di sole e di mare divennero terapia usuale per vincere la malattia\u201d. Altro merito di Ferdinando Coletti \u00e8 quello di \u201cinsistere sulla necessit\u00e0 di incenerire i cadaveri ed egli stesso volle essere cremato\u201d. L\u2019illustre cadorino mor\u00ec a Padova il 27 febbraio 1881, a sei anni di distanza dalla scomparsa del figlio Arnoldo. Di Coletti ha scritto, fra molti altri, Loris Premuda che nel volume 26 del 1982 del Dizionario biografico degli italiani sottolinea fra l\u2019altro in un ponderoso servizio, che \u201cParticolare attenzione merita il \u2018Galateo de\u2019 medici e de\u2019 malati (1853), suddiviso in 54 aforismi. \u2018Galateo \u2013 secondo l\u2019autore \u2013 non pu\u00f2 essere cerimoniale di convenzione, ma sivvero moralit\u00e0 tradotta in atto pulito e gentile\u2019. Il libretto \u00e8 al tempo stesso un vademecum di etica professionale, degno di essere rimeditato dal medico, e un prontuario di buona educazione per il malato\u201d.<\/p>\n<p>&nbsp;<\/p>\n\n\t\t\t<style type='text\/css'>\n\t\t\t\t#gallery-1 {\n\t\t\t\t\tmargin: auto;\n\t\t\t\t}\n\t\t\t\t#gallery-1 .gallery-item {\n\t\t\t\t\tfloat: left;\n\t\t\t\t\tmargin-top: 10px;\n\t\t\t\t\ttext-align: center;\n\t\t\t\t\twidth: 25%;\n\t\t\t\t}\n\t\t\t\t#gallery-1 img {\n\t\t\t\t\tborder: 2px solid #cfcfcf;\n\t\t\t\t}\n\t\t\t\t#gallery-1 .gallery-caption {\n\t\t\t\t\tmargin-left: 0;\n\t\t\t\t}\n\t\t\t\t\/* see gallery_shortcode() in wp-includes\/media.php *\/\n\t\t\t<\/style>\n\t\t<div id='gallery-1' class='dt-gallery-container gallery galleryid-159688 gallery-columns-4 gallery-size-thumbnail'><dl class='gallery-item'>\n\t\t\t\t<dt class='gallery-icon portrait'>\n\t\t\t\t\t<a class=\"rollover rollover-zoom dt-pswp-item\" title=\"119053999_3552900328054200_4561242498014690138_n\" data-dt-img-description=\"\" data-large_image_width=\"119\" data-large_image_height=\"175\"href='https:\/\/www.radiopiu.net\/wordpress\/wp-content\/uploads\/2020\/09\/119053999_3552900328054200_4561242498014690138_n.jpg'><img loading=\"lazy\" decoding=\"async\" width=\"119\" height=\"150\" src=\"https:\/\/www.radiopiu.net\/wordpress\/wp-content\/uploads\/2020\/09\/119053999_3552900328054200_4561242498014690138_n-119x150.jpg\" class=\"attachment-thumbnail size-thumbnail\" alt=\"\" \/><\/a>\n\t\t\t\t<\/dt><\/dl><dl class='gallery-item'>\n\t\t\t\t<dt class='gallery-icon portrait'>\n\t\t\t\t\t<a class=\"rollover rollover-zoom dt-pswp-item\" title=\"119028573_340135533801570_8757957562860209406_n\" data-dt-img-description=\"\" data-large_image_width=\"225\" data-large_image_height=\"383\"href='https:\/\/www.radiopiu.net\/wordpress\/wp-content\/uploads\/2020\/09\/119028573_340135533801570_8757957562860209406_n.jpg'><img loading=\"lazy\" decoding=\"async\" width=\"150\" height=\"150\" src=\"https:\/\/www.radiopiu.net\/wordpress\/wp-content\/uploads\/2020\/09\/119028573_340135533801570_8757957562860209406_n-150x150.jpg\" class=\"attachment-thumbnail size-thumbnail\" alt=\"\" srcset=\"https:\/\/www.radiopiu.net\/wordpress\/wp-content\/uploads\/2020\/09\/119028573_340135533801570_8757957562860209406_n-150x150.jpg 150w, https:\/\/www.radiopiu.net\/wordpress\/wp-content\/uploads\/2020\/09\/119028573_340135533801570_8757957562860209406_n-125x125.jpg 125w, https:\/\/www.radiopiu.net\/wordpress\/wp-content\/uploads\/2020\/09\/119028573_340135533801570_8757957562860209406_n-200x200.jpg 200w, https:\/\/www.radiopiu.net\/wordpress\/wp-content\/uploads\/2020\/09\/119028573_340135533801570_8757957562860209406_n-80x80.jpg 80w\" sizes=\"auto, (max-width: 150px) 100vw, 150px\" \/><\/a>\n\t\t\t\t<\/dt><\/dl><dl class='gallery-item'>\n\t\t\t\t<dt class='gallery-icon landscape'>\n\t\t\t\t\t<a class=\"rollover rollover-zoom dt-pswp-item\" title=\"119005602_323462142100031_4979101941953306707_n\" data-dt-img-description=\"\" data-large_image_width=\"600\" data-large_image_height=\"450\"href='https:\/\/www.radiopiu.net\/wordpress\/wp-content\/uploads\/2020\/09\/119005602_323462142100031_4979101941953306707_n.jpg'><img loading=\"lazy\" decoding=\"async\" width=\"150\" height=\"150\" src=\"https:\/\/www.radiopiu.net\/wordpress\/wp-content\/uploads\/2020\/09\/119005602_323462142100031_4979101941953306707_n-150x150.jpg\" class=\"attachment-thumbnail size-thumbnail\" alt=\"\" srcset=\"https:\/\/www.radiopiu.net\/wordpress\/wp-content\/uploads\/2020\/09\/119005602_323462142100031_4979101941953306707_n-150x150.jpg 150w, https:\/\/www.radiopiu.net\/wordpress\/wp-content\/uploads\/2020\/09\/119005602_323462142100031_4979101941953306707_n-125x125.jpg 125w, https:\/\/www.radiopiu.net\/wordpress\/wp-content\/uploads\/2020\/09\/119005602_323462142100031_4979101941953306707_n-200x200.jpg 200w, https:\/\/www.radiopiu.net\/wordpress\/wp-content\/uploads\/2020\/09\/119005602_323462142100031_4979101941953306707_n-80x80.jpg 80w\" sizes=\"auto, (max-width: 150px) 100vw, 150px\" \/><\/a>\n\t\t\t\t<\/dt><\/dl><dl class='gallery-item'>\n\t\t\t\t<dt class='gallery-icon landscape'>\n\t\t\t\t\t<a class=\"rollover rollover-zoom dt-pswp-item\" title=\"119023200_1603417936504305_5070176832970454461_n\" data-dt-img-description=\"\" data-large_image_width=\"400\" data-large_image_height=\"219\"href='https:\/\/www.radiopiu.net\/wordpress\/wp-content\/uploads\/2020\/09\/119023200_1603417936504305_5070176832970454461_n.jpg'><img loading=\"lazy\" decoding=\"async\" width=\"150\" height=\"150\" src=\"https:\/\/www.radiopiu.net\/wordpress\/wp-content\/uploads\/2020\/09\/119023200_1603417936504305_5070176832970454461_n-150x150.jpg\" class=\"attachment-thumbnail size-thumbnail\" alt=\"\" srcset=\"https:\/\/www.radiopiu.net\/wordpress\/wp-content\/uploads\/2020\/09\/119023200_1603417936504305_5070176832970454461_n-150x150.jpg 150w, https:\/\/www.radiopiu.net\/wordpress\/wp-content\/uploads\/2020\/09\/119023200_1603417936504305_5070176832970454461_n-125x125.jpg 125w, https:\/\/www.radiopiu.net\/wordpress\/wp-content\/uploads\/2020\/09\/119023200_1603417936504305_5070176832970454461_n-200x200.jpg 200w, https:\/\/www.radiopiu.net\/wordpress\/wp-content\/uploads\/2020\/09\/119023200_1603417936504305_5070176832970454461_n-80x80.jpg 80w\" sizes=\"auto, (max-width: 150px) 100vw, 150px\" \/><\/a>\n\t\t\t\t<\/dt><\/dl><br style=\"clear: both\" \/><dl class='gallery-item'>\n\t\t\t\t<dt class='gallery-icon portrait'>\n\t\t\t\t\t<a class=\"rollover rollover-zoom dt-pswp-item\" title=\"118997666_416927039287969_3660387338510810801_n\" data-dt-img-description=\"\" data-large_image_width=\"128\" data-large_image_height=\"195\"href='https:\/\/www.radiopiu.net\/wordpress\/wp-content\/uploads\/2020\/09\/118997666_416927039287969_3660387338510810801_n.jpg'><img loading=\"lazy\" decoding=\"async\" width=\"128\" height=\"150\" src=\"https:\/\/www.radiopiu.net\/wordpress\/wp-content\/uploads\/2020\/09\/118997666_416927039287969_3660387338510810801_n-128x150.jpg\" class=\"attachment-thumbnail size-thumbnail\" alt=\"\" \/><\/a>\n\t\t\t\t<\/dt><\/dl><dl class='gallery-item'>\n\t\t\t\t<dt class='gallery-icon landscape'>\n\t\t\t\t\t<a class=\"rollover rollover-zoom dt-pswp-item\" title=\"119039279_1524437564424896_3422946678366221878_n\" data-dt-img-description=\"\" data-large_image_width=\"945\" data-large_image_height=\"667\"href='https:\/\/www.radiopiu.net\/wordpress\/wp-content\/uploads\/2020\/09\/119039279_1524437564424896_3422946678366221878_n.jpg'><img loading=\"lazy\" decoding=\"async\" width=\"150\" height=\"150\" src=\"https:\/\/www.radiopiu.net\/wordpress\/wp-content\/uploads\/2020\/09\/119039279_1524437564424896_3422946678366221878_n-150x150.jpg\" class=\"attachment-thumbnail size-thumbnail\" alt=\"\" srcset=\"https:\/\/www.radiopiu.net\/wordpress\/wp-content\/uploads\/2020\/09\/119039279_1524437564424896_3422946678366221878_n-150x150.jpg 150w, https:\/\/www.radiopiu.net\/wordpress\/wp-content\/uploads\/2020\/09\/119039279_1524437564424896_3422946678366221878_n-125x125.jpg 125w, https:\/\/www.radiopiu.net\/wordpress\/wp-content\/uploads\/2020\/09\/119039279_1524437564424896_3422946678366221878_n-200x200.jpg 200w, https:\/\/www.radiopiu.net\/wordpress\/wp-content\/uploads\/2020\/09\/119039279_1524437564424896_3422946678366221878_n-80x80.jpg 80w\" sizes=\"auto, (max-width: 150px) 100vw, 150px\" \/><\/a>\n\t\t\t\t<\/dt><\/dl><dl class='gallery-item'>\n\t\t\t\t<dt class='gallery-icon portrait'>\n\t\t\t\t\t<a class=\"rollover rollover-zoom dt-pswp-item\" title=\"118963342_2742801176008489_6663240319569779850_n\" data-dt-img-description=\"\" data-large_image_width=\"462\" data-large_image_height=\"700\"href='https:\/\/www.radiopiu.net\/wordpress\/wp-content\/uploads\/2020\/09\/118963342_2742801176008489_6663240319569779850_n.jpg'><img loading=\"lazy\" decoding=\"async\" width=\"150\" height=\"150\" src=\"https:\/\/www.radiopiu.net\/wordpress\/wp-content\/uploads\/2020\/09\/118963342_2742801176008489_6663240319569779850_n-150x150.jpg\" class=\"attachment-thumbnail size-thumbnail\" alt=\"\" srcset=\"https:\/\/www.radiopiu.net\/wordpress\/wp-content\/uploads\/2020\/09\/118963342_2742801176008489_6663240319569779850_n-150x150.jpg 150w, https:\/\/www.radiopiu.net\/wordpress\/wp-content\/uploads\/2020\/09\/118963342_2742801176008489_6663240319569779850_n-125x125.jpg 125w, https:\/\/www.radiopiu.net\/wordpress\/wp-content\/uploads\/2020\/09\/118963342_2742801176008489_6663240319569779850_n-200x200.jpg 200w, https:\/\/www.radiopiu.net\/wordpress\/wp-content\/uploads\/2020\/09\/118963342_2742801176008489_6663240319569779850_n-80x80.jpg 80w\" sizes=\"auto, (max-width: 150px) 100vw, 150px\" \/><\/a>\n\t\t\t\t<\/dt><\/dl><dl class='gallery-item'>\n\t\t\t\t<dt class='gallery-icon portrait'>\n\t\t\t\t\t<a class=\"rollover rollover-zoom dt-pswp-item\" title=\"119039515_3090988814344171_1644885106396298053_n\" data-dt-img-description=\"\" data-large_image_width=\"115\" data-large_image_height=\"169\"href='https:\/\/www.radiopiu.net\/wordpress\/wp-content\/uploads\/2020\/09\/119039515_3090988814344171_1644885106396298053_n.png'><img loading=\"lazy\" decoding=\"async\" width=\"115\" height=\"150\" src=\"https:\/\/www.radiopiu.net\/wordpress\/wp-content\/uploads\/2020\/09\/119039515_3090988814344171_1644885106396298053_n-115x150.png\" class=\"attachment-thumbnail size-thumbnail\" alt=\"\" \/><\/a>\n\t\t\t\t<\/dt><\/dl><br style=\"clear: both\" \/>\n\t\t\t<\/div>\n\n<p>NELLE FOTO (Istituto veneto di scienze, lettere ed arti, Rete comuni italiani, L. Fiorentini foto, Google books, PicClick): due espressioni di Ferdinando Coletti; scorcio della via che gli \u00e8 stata intitolata nel paese natale: Tai di Cadore; la lapide che lo ricorda patriota a Padova con la scritta: \u201cAl professor Ferdinando Coletti medico che le sublimi pertinacie dell\u2019intelletto e del cuore in prove aspre e diuturne immutabilmente sereno sacro all\u2019Italia alla famiglia alla scienza con animo di soldato di cospiratore e d\u2019artista esempio e ricordo gli amici P XXVII febbraio MDCCCLXXXII\u201d; il suo \u201cgalateo de\u2019 medici e de\u2019 malati\u201d; copertina di una pubblicazione del medico cadorino; versi di Gino Cittadella di Vigodarzere in ricordo di Coletti; \u201cRicordi storici della Cattedra e del Gabinetto di materia medica nell\u2019Universit\u00e0 di Padova raccolti e commentati dal medico di Tai.<\/p>\n","protected":false},"excerpt":{"rendered":"<p>BELLUNO Mentre imperversa e continua a preoccupare la pandemia del Corona virus 19 ci \u00e8 venuto in mente per singolare associazione di idee, un capitolo dell\u2019ottimo libro edito nel 1999 dall\u2019Amico del Popolo: \u201c90 profili di personaggi poco noti di una provincia da scoprire\u201d. E\u2019 quello in cui gli storici Paolo Conte e Marco Perale&hellip;<\/p>\n","protected":false},"author":4,"featured_media":159680,"comment_status":"closed","ping_status":"closed","sticky":false,"template":"","format":"standard","meta":{"_monsterinsights_skip_tracking":false,"_monsterinsights_sitenote_active":false,"_monsterinsights_sitenote_note":"","_monsterinsights_sitenote_category":0,"footnotes":""},"categories":[1,49],"tags":[],"class_list":["post-159688","post","type-post","status-publish","format-standard","has-post-thumbnail","hentry","category-senza-categoria","category-news-18","category-1","category-49","description-off"],"img_url":"https:\/\/www.radiopiu.net\/wordpress\/wp-content\/uploads\/2020\/09\/119053999_3552900328054200_4561242498014690138_n.jpg","_links":{"self":[{"href":"https:\/\/www.radiopiu.net\/wordpress\/wp-json\/wp\/v2\/posts\/159688","targetHints":{"allow":["GET"]}}],"collection":[{"href":"https:\/\/www.radiopiu.net\/wordpress\/wp-json\/wp\/v2\/posts"}],"about":[{"href":"https:\/\/www.radiopiu.net\/wordpress\/wp-json\/wp\/v2\/types\/post"}],"author":[{"embeddable":true,"href":"https:\/\/www.radiopiu.net\/wordpress\/wp-json\/wp\/v2\/users\/4"}],"replies":[{"embeddable":true,"href":"https:\/\/www.radiopiu.net\/wordpress\/wp-json\/wp\/v2\/comments?post=159688"}],"version-history":[{"count":0,"href":"https:\/\/www.radiopiu.net\/wordpress\/wp-json\/wp\/v2\/posts\/159688\/revisions"}],"wp:featuredmedia":[{"embeddable":true,"href":"https:\/\/www.radiopiu.net\/wordpress\/wp-json\/wp\/v2\/media\/159680"}],"wp:attachment":[{"href":"https:\/\/www.radiopiu.net\/wordpress\/wp-json\/wp\/v2\/media?parent=159688"}],"wp:term":[{"taxonomy":"category","embeddable":true,"href":"https:\/\/www.radiopiu.net\/wordpress\/wp-json\/wp\/v2\/categories?post=159688"},{"taxonomy":"post_tag","embeddable":true,"href":"https:\/\/www.radiopiu.net\/wordpress\/wp-json\/wp\/v2\/tags?post=159688"}],"curies":[{"name":"wp","href":"https:\/\/api.w.org\/{rel}","templated":true}]}}