{"id":159729,"date":"2020-09-08T21:31:45","date_gmt":"2020-09-08T19:31:45","guid":{"rendered":"https:\/\/www.radiopiu.net\/wordpress\/?p=159729"},"modified":"2020-09-08T21:46:12","modified_gmt":"2020-09-08T19:46:12","slug":"alice-for-president-allariston-a-sanremo-rock-2020","status":"publish","type":"post","link":"https:\/\/www.radiopiu.net\/wordpress\/alice-for-president-allariston-a-sanremo-rock-2020\/","title":{"rendered":"ALICE FOR PRESIDENT ALL&#8217;ARISTON  A SANREMO ROCK FESTIVAL 2020"},"content":{"rendered":"<p style=\"text-align: left;\"><strong><a class=\"dt-pswp-item\" href=\"https:\/\/www.radiopiu.net\/wordpress\/wp-content\/uploads\/2020\/09\/101809456_2799056036883544_4074487832936590169_n.png\" data-dt-img-description=\"\" data-large_image_width=\"952\" data-large_image_height=\"648\"><img loading=\"lazy\" decoding=\"async\" class=\" wp-image-159730 alignleft\" src=\"https:\/\/www.radiopiu.net\/wordpress\/wp-content\/uploads\/2020\/09\/101809456_2799056036883544_4074487832936590169_n-300x204.png\" alt=\"\" width=\"226\" height=\"154\" srcset=\"https:\/\/www.radiopiu.net\/wordpress\/wp-content\/uploads\/2020\/09\/101809456_2799056036883544_4074487832936590169_n-300x204.png 300w, https:\/\/www.radiopiu.net\/wordpress\/wp-content\/uploads\/2020\/09\/101809456_2799056036883544_4074487832936590169_n-768x523.png 768w, https:\/\/www.radiopiu.net\/wordpress\/wp-content\/uploads\/2020\/09\/101809456_2799056036883544_4074487832936590169_n-640x436.png 640w, https:\/\/www.radiopiu.net\/wordpress\/wp-content\/uploads\/2020\/09\/101809456_2799056036883544_4074487832936590169_n.png 952w\" sizes=\"auto, (max-width: 226px) 100vw, 226px\" \/><\/a>SANREMO\u00a0 <\/strong>C&#8217;\u00e8 un motivo in pi\u00f9 per rimanere attaccati alla radio, alla televisione ai social in vista delle finali di Sanremo Rock Festival. C&#8217;\u00e8 un motivo in pi\u00f9 per emozionarsi e fare il tifo&#8230; il motivo si chiama<strong> Alice For President.<\/strong> Un gruppo Rock Metal di marca veneta. Sul palco, su quel palco, gi\u00e0 calcato da artisti allora sconosciuti come Litfiba, Ligabue,\u00a0 Bluvertigo o Morgan, ci salir\u00e0 anche un agordino, Massimo Cassol che fin da piccolo imbraccia il basso e dorme pure con la musica. Lo scorso 21 agosto i ragazzi della band scrivevano <em>&#8220;Siamo felici di annunciarvi che gli Alice For President sono stati selezionati per la finale di Sanremo Rock che si terr\u00e0 al <a class=\"dt-pswp-item\" href=\"https:\/\/www.radiopiu.net\/wordpress\/wp-content\/uploads\/2020\/09\/safe_image-1.png\" data-dt-img-description=\"\" data-large_image_width=\"540\" data-large_image_height=\"281\"><img loading=\"lazy\" decoding=\"async\" class=\"size-medium wp-image-159734 alignright\" src=\"https:\/\/www.radiopiu.net\/wordpress\/wp-content\/uploads\/2020\/09\/safe_image-1-300x156.png\" alt=\"\" width=\"300\" height=\"156\" srcset=\"https:\/\/www.radiopiu.net\/wordpress\/wp-content\/uploads\/2020\/09\/safe_image-1-300x156.png 300w, https:\/\/www.radiopiu.net\/wordpress\/wp-content\/uploads\/2020\/09\/safe_image-1.png 540w\" sizes=\"auto, (max-width: 300px) 100vw, 300px\" \/><\/a>Teatro Ariston Sanremo tra il 7 e il 12 Settembre&#8221;<\/em>. Da allora stanno tessendo sogni come \u00e8 giusto che sia, e il sogno porta all&#8217;entusiasmo<em> &#8220;Siamo entusiasti di questo traguardo e di esibirci insieme ad altre band eccezionali su quel palco&#8221;.<\/em> E chi lo non sarebbe entusiasta nell&#8217;et\u00e0 pi\u00f9 bella da dedicare alla musica e che sta per salire sul palco, su quel palco,\u00a0 che\u00a0 \u00e8 stato da standing ovation\u00a0 anche\u00a0 per i\u00a0 \u00a0Duran Duran, Europe, Paul Simon, Paul McCartney, Subsonica.\u00a0 \u00a0Tutto \u00e8 pronto e venerdi si balla, anzi si suona, si canta e si balla con\u00a0 Matteo Scagnet (voce), David Mauro (chitarra), Luca Galantin (chitarra), Massimo Cassol (basso), Dario Ameno (batteria). In bocca al lupo agli <strong>Alice For President<\/strong>\u00a0noi faremo il tifo e non perderemo d&#8217;occhio la pagina facebook Alice for President (mm)<\/p>\n<p>Pagina facebook ALICE FOR PRESIDENT <span style=\"color: #0000ff;\"><a style=\"color: #0000ff;\" href=\"https:\/\/www.facebook.com\/alice4president\/?__tn__=%2Cd%2CP-R&amp;eid=ARAhY_4EaToYskmAwSR8Nl44BG7D7_6Ro4XK6H4vxx2Gn_8aK9kiuxpnUU_SDKCIk5TZnNdHhnycuZp4\">CLICCA QUI\u00a0<\/a><\/span><\/p>\n<p>&nbsp;<\/p>\n<blockquote>\n<h3><em><a class=\"dt-pswp-item\" href=\"https:\/\/www.radiopiu.net\/wordpress\/wp-content\/uploads\/2020\/09\/safe_image.png\" data-dt-img-description=\"\" data-large_image_width=\"476\" data-large_image_height=\"248\"><img loading=\"lazy\" decoding=\"async\" class=\" wp-image-159733 alignleft\" src=\"https:\/\/www.radiopiu.net\/wordpress\/wp-content\/uploads\/2020\/09\/safe_image-300x156.png\" alt=\"\" width=\"198\" height=\"103\" srcset=\"https:\/\/www.radiopiu.net\/wordpress\/wp-content\/uploads\/2020\/09\/safe_image-300x156.png 300w, https:\/\/www.radiopiu.net\/wordpress\/wp-content\/uploads\/2020\/09\/safe_image.png 476w\" sizes=\"auto, (max-width: 198px) 100vw, 198px\" \/><\/a>Sanremo Rock Festival nasce nei primi anni 80, la finale \u00e8 stata spesso\u00a0 trasmessa dalle reti della RAI. E\u2019 uno tra i pi\u00f9 storici brand del panorama musicale Italiano, \u00e8 il concorso nazionale tra i pi\u00f9 importanti in Italia seguito da tutti gli addetti ai lavori come case discografiche, produttori music<span class=\"text_exposed_show\">ali, talent scout ed \u00e8 aperto a tutte le rock e indie band italiane emergenti. <\/span><\/em><\/h3>\n<\/blockquote>\n<p>pagina facebook SANREMO ROCK FESTIVAL 2020 <a href=\"https:\/\/www.facebook.com\/sanremorock\/\"><span style=\"color: #0000ff;\">CLICCA<\/span> QUI<\/a><\/p>\n<p>&nbsp;<\/p>\n<p>&nbsp;<\/p>\n<p><strong><img loading=\"lazy\" decoding=\"async\" class=\" wp-image-159731 alignleft\" src=\"https:\/\/www.radiopiu.net\/wordpress\/wp-content\/uploads\/2020\/09\/116219333_2935071679948645_8493896964360344270_o-300x225.jpg\" alt=\"\" width=\"332\" height=\"249\" srcset=\"https:\/\/www.radiopiu.net\/wordpress\/wp-content\/uploads\/2020\/09\/116219333_2935071679948645_8493896964360344270_o-300x225.jpg 300w, https:\/\/www.radiopiu.net\/wordpress\/wp-content\/uploads\/2020\/09\/116219333_2935071679948645_8493896964360344270_o-768x576.jpg 768w, https:\/\/www.radiopiu.net\/wordpress\/wp-content\/uploads\/2020\/09\/116219333_2935071679948645_8493896964360344270_o-640x480.jpg 640w, https:\/\/www.radiopiu.net\/wordpress\/wp-content\/uploads\/2020\/09\/116219333_2935071679948645_8493896964360344270_o.jpg 960w\" sizes=\"auto, (max-width: 332px) 100vw, 332px\" \/>BIOGRAFIA ALICE FOR PRESIDENT: <\/strong>Gli Alice For President sono una Rock Band veneta formatasi a Belluno nel 2017. Il gruppo nasce dal progetto del chitarrista Mauro David, che fa incontrare musicisti attivi in diverse band della zona. Il nome Alice For President \u00e8 ispirato dal romanzo Alice in Wonderland di Lewis Carroll, dove un\u2019ingenua bambina precipita nel folle mondo delle meraviglie, fantastico e tremendo allo stesso tempo. Nel 2018 pubblicano il singolo What\u2019s Behind, prodotto da Fabio Trentini (Guano Apes, H-Blockx, Dada Ante Portas), dove introducono sonorit\u00e0 Pop ed elettroniche fondendole all\u2019indole Rock-Metal. In questa direzione musicale, il gruppo sta lavorando alla realizzazione del secondo album.<\/p>\n<p><strong>SOCIAL<\/strong><\/p>\n<p><span style=\"color: #ff0000;\">https:\/\/www.aliceforpresident.net\/\u00a0 <\/span>\u00a0https:\/\/www.youtube.com\/channel\/UCVhbIaGlOVfmElKY3OdElTQ<\/p>\n<p><span style=\"color: #0000ff;\">\u00a0https:\/\/open.spotify.com\/artist\/2tDmBaLIvVQlqKqpT3p56I\u00a0 <\/span><span style=\"color: #008000;\">\u00a0https:\/\/www.facebook.com\/alice4president\/\u00a0<\/span><\/p>\n<p><span style=\"color: #ff00ff;\">\u00a0https:\/\/www.instagram.com\/alice.for.president\/<\/span><\/p>\n<p>&nbsp;<\/p>\n<p><strong>E QUESTA E&#8217; UNA DELLE CANZONI DI ALICE FOR PRESIDENT GIA&#8217; PROGRAMMATA A RADIO PIU&#8217;<\/strong><\/p>\n<p><iframe loading=\"lazy\" title=\"Alice For President - What&#039;s Behind (Official Video)\" width=\"1200\" height=\"675\" src=\"https:\/\/www.youtube.com\/embed\/Uf8VTLKI140?feature=oembed\" frameborder=\"0\" allow=\"accelerometer; autoplay; clipboard-write; encrypted-media; gyroscope; picture-in-picture\" allowfullscreen><\/iframe><\/p>\n<p>&nbsp;<\/p>\n<div class=\"text_exposed_show\">\n<p>&nbsp;<\/p>\n<\/div>\n","protected":false},"excerpt":{"rendered":"<p>SANREMO\u00a0 C&#8217;\u00e8 un motivo in pi\u00f9 per rimanere attaccati alla radio, alla televisione ai social in vista delle finali di Sanremo Rock Festival. C&#8217;\u00e8 un motivo in pi\u00f9 per emozionarsi e fare il tifo&#8230; il motivo si chiama Alice For President. Un gruppo Rock Metal di marca veneta. Sul palco, su quel palco, gi\u00e0 calcato&hellip;<\/p>\n","protected":false},"author":4,"featured_media":159732,"comment_status":"closed","ping_status":"closed","sticky":false,"template":"","format":"standard","meta":{"_monsterinsights_skip_tracking":false,"_monsterinsights_sitenote_active":false,"_monsterinsights_sitenote_note":"","_monsterinsights_sitenote_category":0,"footnotes":""},"categories":[104,49],"tags":[],"class_list":["post-159729","post","type-post","status-publish","format-standard","has-post-thumbnail","hentry","category-evidenza_3","category-news-18","category-104","category-49","description-off"],"img_url":"https:\/\/www.radiopiu.net\/wordpress\/wp-content\/uploads\/2020\/09\/safe_image.jpg","_links":{"self":[{"href":"https:\/\/www.radiopiu.net\/wordpress\/wp-json\/wp\/v2\/posts\/159729","targetHints":{"allow":["GET"]}}],"collection":[{"href":"https:\/\/www.radiopiu.net\/wordpress\/wp-json\/wp\/v2\/posts"}],"about":[{"href":"https:\/\/www.radiopiu.net\/wordpress\/wp-json\/wp\/v2\/types\/post"}],"author":[{"embeddable":true,"href":"https:\/\/www.radiopiu.net\/wordpress\/wp-json\/wp\/v2\/users\/4"}],"replies":[{"embeddable":true,"href":"https:\/\/www.radiopiu.net\/wordpress\/wp-json\/wp\/v2\/comments?post=159729"}],"version-history":[{"count":0,"href":"https:\/\/www.radiopiu.net\/wordpress\/wp-json\/wp\/v2\/posts\/159729\/revisions"}],"wp:featuredmedia":[{"embeddable":true,"href":"https:\/\/www.radiopiu.net\/wordpress\/wp-json\/wp\/v2\/media\/159732"}],"wp:attachment":[{"href":"https:\/\/www.radiopiu.net\/wordpress\/wp-json\/wp\/v2\/media?parent=159729"}],"wp:term":[{"taxonomy":"category","embeddable":true,"href":"https:\/\/www.radiopiu.net\/wordpress\/wp-json\/wp\/v2\/categories?post=159729"},{"taxonomy":"post_tag","embeddable":true,"href":"https:\/\/www.radiopiu.net\/wordpress\/wp-json\/wp\/v2\/tags?post=159729"}],"curies":[{"name":"wp","href":"https:\/\/api.w.org\/{rel}","templated":true}]}}