{"id":159856,"date":"2020-09-09T14:50:35","date_gmt":"2020-09-09T12:50:35","guid":{"rendered":"https:\/\/www.radiopiu.net\/wordpress\/?p=159856"},"modified":"2020-09-09T14:50:35","modified_gmt":"2020-09-09T12:50:35","slug":"luxottica-e-fameccanica-avviano-la-produzione-nazionale-di-mascherine-al-palaluxottica-di-agordo","status":"publish","type":"post","link":"https:\/\/www.radiopiu.net\/wordpress\/luxottica-e-fameccanica-avviano-la-produzione-nazionale-di-mascherine-al-palaluxottica-di-agordo\/","title":{"rendered":"Luxottica e Fameccanica avviano la produzione nazionale di mascherine al PalaLuxottica di Agordo"},"content":{"rendered":"<blockquote><p><em>Consegnato oggi il primo lotto di 3,5 milioni di mascherine chirurgiche prodotte dall\u2019impianto<\/em><\/p><\/blockquote>\n<p><strong><a class=\"dt-pswp-item\" href=\"https:\/\/www.radiopiu.net\/wordpress\/wp-content\/uploads\/2020\/09\/4.-Interno-PalaLuxottica.jpg\" data-dt-img-description=\"\" data-large_image_width=\"1920\" data-large_image_height=\"1080\"><img loading=\"lazy\" decoding=\"async\" class=\" wp-image-159858 alignleft\" src=\"https:\/\/www.radiopiu.net\/wordpress\/wp-content\/uploads\/2020\/09\/4.-Interno-PalaLuxottica-300x169.jpg\" alt=\"\" width=\"222\" height=\"125\" srcset=\"https:\/\/www.radiopiu.net\/wordpress\/wp-content\/uploads\/2020\/09\/4.-Interno-PalaLuxottica-300x169.jpg 300w, https:\/\/www.radiopiu.net\/wordpress\/wp-content\/uploads\/2020\/09\/4.-Interno-PalaLuxottica-1024x576.jpg 1024w, https:\/\/www.radiopiu.net\/wordpress\/wp-content\/uploads\/2020\/09\/4.-Interno-PalaLuxottica-768x432.jpg 768w, https:\/\/www.radiopiu.net\/wordpress\/wp-content\/uploads\/2020\/09\/4.-Interno-PalaLuxottica-1536x864.jpg 1536w, https:\/\/www.radiopiu.net\/wordpress\/wp-content\/uploads\/2020\/09\/4.-Interno-PalaLuxottica-640x360.jpg 640w, https:\/\/www.radiopiu.net\/wordpress\/wp-content\/uploads\/2020\/09\/4.-Interno-PalaLuxottica.jpg 1920w\" sizes=\"auto, (max-width: 222px) 100vw, 222px\" \/><\/a>AGORDO<\/strong> Luxottica e Fameccanica (Gruppo Angelini) annunciano oggi l\u2019avvio stabile e su larga scala della produzione di mascherine chirurgiche e la consegna del primo lotto di oltre 3,5 milioni di dispositivi per la prevenzione del COVID-19, nell\u2019ambito del piano di approvvigionamento interno varato a maggio dal Governo italiano e coordinato dal Commissario Straordinario per l\u2019Emergenza Domenico Arcuri. Per rispondere in modo adeguato e nei tempi previsti alla chiamata del Governo, Luxottica ha convertito temporaneamente il PalaLuxottica \u2013 polo di aggregazione e di eventi socioculturali per il territorio prima della pandemia, in avamposto tecnologicamente avanzat<a class=\"dt-pswp-item\" href=\"https:\/\/www.radiopiu.net\/wordpress\/wp-content\/uploads\/2020\/09\/1.-PalaLuxottica.jpg\" data-dt-img-description=\"\" data-large_image_width=\"1920\" data-large_image_height=\"1080\"><img loading=\"lazy\" decoding=\"async\" class=\"size-medium wp-image-159859 alignright\" src=\"https:\/\/www.radiopiu.net\/wordpress\/wp-content\/uploads\/2020\/09\/1.-PalaLuxottica-300x169.jpg\" alt=\"\" width=\"300\" height=\"169\" srcset=\"https:\/\/www.radiopiu.net\/wordpress\/wp-content\/uploads\/2020\/09\/1.-PalaLuxottica-300x169.jpg 300w, https:\/\/www.radiopiu.net\/wordpress\/wp-content\/uploads\/2020\/09\/1.-PalaLuxottica-1024x576.jpg 1024w, https:\/\/www.radiopiu.net\/wordpress\/wp-content\/uploads\/2020\/09\/1.-PalaLuxottica-768x432.jpg 768w, https:\/\/www.radiopiu.net\/wordpress\/wp-content\/uploads\/2020\/09\/1.-PalaLuxottica-1536x864.jpg 1536w, https:\/\/www.radiopiu.net\/wordpress\/wp-content\/uploads\/2020\/09\/1.-PalaLuxottica-640x360.jpg 640w, https:\/\/www.radiopiu.net\/wordpress\/wp-content\/uploads\/2020\/09\/1.-PalaLuxottica.jpg 1920w\" sizes=\"auto, (max-width: 300px) 100vw, 300px\" \/><\/a>o per la produzione di mascherine, a beneficio della collettivit\u00e0. All\u2019interno del sito sono state installate e avviate quattro speciali linee produttive completamente automatizzate, progettate e realizzate in tempi record e su commissione del Governo e del Commissario Arcuri dalla sede italiana del Gruppo Fameccanica. Le macchine garantiscono la pi\u00f9 elevata velocit\u00e0 produttiva oggi sul mercato e la necessaria flessibilit\u00e0 nell\u2019utilizzo di diversi set up di materiali. Il nuovo polo produttivo temporaneo Luxottica sar\u00e0 in funzione anche di notte per tutta la durata dell\u2019emergenza, per garantire la massima produzione giornaliera, fino a circa 3 milioni di mascherine. Nell\u2019impianto saranno impegnate a turno circa cento persone per garantire il corretto funzionamento dei processi e il necessario controllo qualit\u00e0. Per permettere l\u2019installazione e l\u2019ottimizzazione dei complessi macchinari nel minor tempo possibile e completare gli iter autorizzativi e certificatori, due squadre di tecnici specializzati delle due societ\u00e0 hanno lavorato per due mesi senza sosta, identificando necessit\u00e0 e soluzioni in strettissima collaborazione e sotto la supervisione della struttura del Commissario Arcuri. Le linee <a class=\"dt-pswp-item\" href=\"https:\/\/www.radiopiu.net\/wordpress\/wp-content\/uploads\/2020\/09\/3.Macchinari.jpg\" data-dt-img-description=\"\" data-large_image_width=\"1920\" data-large_image_height=\"1080\"><img loading=\"lazy\" decoding=\"async\" class=\"size-medium wp-image-159860 alignleft\" src=\"https:\/\/www.radiopiu.net\/wordpress\/wp-content\/uploads\/2020\/09\/3.Macchinari-300x169.jpg\" alt=\"\" width=\"300\" height=\"169\" srcset=\"https:\/\/www.radiopiu.net\/wordpress\/wp-content\/uploads\/2020\/09\/3.Macchinari-300x169.jpg 300w, https:\/\/www.radiopiu.net\/wordpress\/wp-content\/uploads\/2020\/09\/3.Macchinari-1024x576.jpg 1024w, https:\/\/www.radiopiu.net\/wordpress\/wp-content\/uploads\/2020\/09\/3.Macchinari-768x432.jpg 768w, https:\/\/www.radiopiu.net\/wordpress\/wp-content\/uploads\/2020\/09\/3.Macchinari-1536x864.jpg 1536w, https:\/\/www.radiopiu.net\/wordpress\/wp-content\/uploads\/2020\/09\/3.Macchinari-640x360.jpg 640w, https:\/\/www.radiopiu.net\/wordpress\/wp-content\/uploads\/2020\/09\/3.Macchinari.jpg 1920w\" sizes=\"auto, (max-width: 300px) 100vw, 300px\" \/><\/a>produrranno mascherine integralmente studiate dall\u2019equipe del Commissario, gi\u00e0 autorizzate dall\u2019Istituto Superiore di Sanit\u00e0, con la massima efficienza resa possibile dalle strutture Luxottica. L\u2019approvvigionamento della materia prima sar\u00e0 assicurato da speciali accordi di fornitura sottoscritti dal Governo. Luxottica garantisce invece, con il supporto tecnico di Fameccanica e sotto la supervisione delle strutture governative, la manutenzione e la corretta gestione del ciclo produttivo, e i servizi di logistica per consegnare i lotti di prodotto finito alle strutture centrali coordinate dal Commissario Straordinario.<br \/>\n<em>&#8220;Da luned\u00ec saremo l\u2019unico paese al mondo a distribuire gratuitamente 11 milioni di mascherine al giorno nelle scuole\u201d,<\/em> commenta il Commissario Straordinario <a class=\"dt-pswp-item\" href=\"https:\/\/www.radiopiu.net\/wordpress\/wp-content\/uploads\/2020\/09\/2.-Dettaglio-mascherine-scaled.jpg\" data-dt-img-description=\"\" data-large_image_width=\"2560\" data-large_image_height=\"1559\"><img loading=\"lazy\" decoding=\"async\" class=\"size-medium wp-image-159857 alignright\" src=\"https:\/\/www.radiopiu.net\/wordpress\/wp-content\/uploads\/2020\/09\/2.-Dettaglio-mascherine-300x183.jpg\" alt=\"\" width=\"300\" height=\"183\" srcset=\"https:\/\/www.radiopiu.net\/wordpress\/wp-content\/uploads\/2020\/09\/2.-Dettaglio-mascherine-300x183.jpg 300w, https:\/\/www.radiopiu.net\/wordpress\/wp-content\/uploads\/2020\/09\/2.-Dettaglio-mascherine-1024x624.jpg 1024w, https:\/\/www.radiopiu.net\/wordpress\/wp-content\/uploads\/2020\/09\/2.-Dettaglio-mascherine-768x468.jpg 768w, https:\/\/www.radiopiu.net\/wordpress\/wp-content\/uploads\/2020\/09\/2.-Dettaglio-mascherine-1536x935.jpg 1536w, https:\/\/www.radiopiu.net\/wordpress\/wp-content\/uploads\/2020\/09\/2.-Dettaglio-mascherine-2048x1247.jpg 2048w, https:\/\/www.radiopiu.net\/wordpress\/wp-content\/uploads\/2020\/09\/2.-Dettaglio-mascherine-640x390.jpg 640w\" sizes=\"auto, (max-width: 300px) 100vw, 300px\" \/><\/a>per l\u2019Emergenza COVID-19 Domenico Arcuri. <em>\u201cLuxottica si \u00e8 impegnata sin dall&#8217;inizio della pandemia per proteggere la salute e la sicurezza delle sue persone e comunit\u00e0. In questo contesto, abbiamo aderito alla richiesta di supporto da parte delle istituzioni italiane preposte a coordinare la risposta nazionale all&#8217;emergenza<\/em> commenta Francesco Milleri, Vice Presidente e Amministratore Delegato di Luxottica.&#8221;<em>\u00a0Ci auguriamo che il nostro contributo possa agevolare il rientro nei luoghi di lavoro e studio consentendo di affrontare con maggiori risorse le sfide presenti e future\u201d<\/em>, conclude Alessandro Bulfon, direttore generale di Fameccanica<\/p>\n","protected":false},"excerpt":{"rendered":"<p>Consegnato oggi il primo lotto di 3,5 milioni di mascherine chirurgiche prodotte dall\u2019impianto AGORDO Luxottica e Fameccanica (Gruppo Angelini) annunciano oggi l\u2019avvio stabile e su larga scala della produzione di mascherine chirurgiche e la consegna del primo lotto di oltre 3,5 milioni di dispositivi per la prevenzione del COVID-19, nell\u2019ambito del piano di approvvigionamento interno&hellip;<\/p>\n","protected":false},"author":4,"featured_media":159858,"comment_status":"closed","ping_status":"closed","sticky":false,"template":"","format":"standard","meta":{"_monsterinsights_skip_tracking":false,"_monsterinsights_sitenote_active":false,"_monsterinsights_sitenote_note":"","_monsterinsights_sitenote_category":0,"footnotes":""},"categories":[51,49],"tags":[],"class_list":["post-159856","post","type-post","status-publish","format-standard","has-post-thumbnail","hentry","category-evidenza-top","category-news-18","category-51","category-49","description-off"],"img_url":"https:\/\/www.radiopiu.net\/wordpress\/wp-content\/uploads\/2020\/09\/4.-Interno-PalaLuxottica.jpg","_links":{"self":[{"href":"https:\/\/www.radiopiu.net\/wordpress\/wp-json\/wp\/v2\/posts\/159856","targetHints":{"allow":["GET"]}}],"collection":[{"href":"https:\/\/www.radiopiu.net\/wordpress\/wp-json\/wp\/v2\/posts"}],"about":[{"href":"https:\/\/www.radiopiu.net\/wordpress\/wp-json\/wp\/v2\/types\/post"}],"author":[{"embeddable":true,"href":"https:\/\/www.radiopiu.net\/wordpress\/wp-json\/wp\/v2\/users\/4"}],"replies":[{"embeddable":true,"href":"https:\/\/www.radiopiu.net\/wordpress\/wp-json\/wp\/v2\/comments?post=159856"}],"version-history":[{"count":0,"href":"https:\/\/www.radiopiu.net\/wordpress\/wp-json\/wp\/v2\/posts\/159856\/revisions"}],"wp:featuredmedia":[{"embeddable":true,"href":"https:\/\/www.radiopiu.net\/wordpress\/wp-json\/wp\/v2\/media\/159858"}],"wp:attachment":[{"href":"https:\/\/www.radiopiu.net\/wordpress\/wp-json\/wp\/v2\/media?parent=159856"}],"wp:term":[{"taxonomy":"category","embeddable":true,"href":"https:\/\/www.radiopiu.net\/wordpress\/wp-json\/wp\/v2\/categories?post=159856"},{"taxonomy":"post_tag","embeddable":true,"href":"https:\/\/www.radiopiu.net\/wordpress\/wp-json\/wp\/v2\/tags?post=159856"}],"curies":[{"name":"wp","href":"https:\/\/api.w.org\/{rel}","templated":true}]}}