{"id":159972,"date":"2020-09-10T11:18:22","date_gmt":"2020-09-10T09:18:22","guid":{"rendered":"https:\/\/www.radiopiu.net\/wordpress\/?p=159972"},"modified":"2020-09-10T11:19:29","modified_gmt":"2020-09-10T09:19:29","slug":"motogiro-e-autogiro-ditalia-sulle-strade-della-provincia","status":"publish","type":"post","link":"https:\/\/www.radiopiu.net\/wordpress\/motogiro-e-autogiro-ditalia-sulle-strade-della-provincia\/","title":{"rendered":"MOTOGIRO E AUTOGIRO D&#8217;ITALIA SULLE STRADE DELLA PROVINCIA"},"content":{"rendered":"<p><strong>TAIBON<\/strong> Ieri abbiamo riportato l&#8217;importante notizia del Motogiro D&#8217;Italia che transiter\u00e0 tra le Dolomiti, da Feltre ad Agordo, da Voltago al Primiero, da Falcade ad Alleghe e fino a Cortina, come da speciale sotto riportato (aprire per gli approfondimenti).<\/p>\n<blockquote class=\"wp-embedded-content\" data-secret=\"psA7cJQk1I\"><p><a href=\"https:\/\/www.radiopiu.net\/wordpress\/il-motogiro-abbraccia-le-dolomiti-martedi-a-feltre-cortina-agordo-falcade-e-alleghe\/\">IL MOTOGIRO ABBRACCIA LE DOLOMITI, MARTEDI A FELTRE  CORTINA, AGORDO, FALCADE E ALLEGHE<\/a><\/p><\/blockquote>\n<p><iframe loading=\"lazy\" class=\"wp-embedded-content\" sandbox=\"allow-scripts\" security=\"restricted\" style=\"position: absolute; clip: rect(1px, 1px, 1px, 1px);\" title=\"&#8220;IL MOTOGIRO ABBRACCIA LE DOLOMITI, MARTEDI A FELTRE  CORTINA, AGORDO, FALCADE E ALLEGHE&#8221; &#8212; Radio Pi\u00f9\" src=\"https:\/\/www.radiopiu.net\/wordpress\/il-motogiro-abbraccia-le-dolomiti-martedi-a-feltre-cortina-agordo-falcade-e-alleghe\/embed\/#?secret=psA7cJQk1I\" data-secret=\"psA7cJQk1I\" width=\"600\" height=\"338\" frameborder=\"0\" marginwidth=\"0\" marginheight=\"0\" scrolling=\"no\"><\/iframe><\/p>\n<blockquote>\n<h3>Nelle stesse date del Motogiro d&#8217;Italia ecco anche l&#8217;Autogiro, la corsa di auto d&#8217;epoca che celebra l&#8217;Italia dei motori e dell&#8217;artigianato. Martedi 15 nello scenario dolomitico con arrivo a Cortina e passaggio per l&#8217;Agordino<\/h3>\n<\/blockquote>\n<p><a class=\"dt-pswp-item\" href=\"https:\/\/www.radiopiu.net\/wordpress\/wp-content\/uploads\/2020\/09\/autogiro-filo-doro.jpg\" data-dt-img-description=\"\" data-large_image_width=\"960\" data-large_image_height=\"720\"><img loading=\"lazy\" decoding=\"async\" class=\" wp-image-159973 alignleft\" src=\"https:\/\/www.radiopiu.net\/wordpress\/wp-content\/uploads\/2020\/09\/autogiro-filo-doro-300x225.jpg\" alt=\"\" width=\"273\" height=\"205\" srcset=\"https:\/\/www.radiopiu.net\/wordpress\/wp-content\/uploads\/2020\/09\/autogiro-filo-doro-300x225.jpg 300w, https:\/\/www.radiopiu.net\/wordpress\/wp-content\/uploads\/2020\/09\/autogiro-filo-doro-768x576.jpg 768w, https:\/\/www.radiopiu.net\/wordpress\/wp-content\/uploads\/2020\/09\/autogiro-filo-doro-640x480.jpg 640w, https:\/\/www.radiopiu.net\/wordpress\/wp-content\/uploads\/2020\/09\/autogiro-filo-doro.jpg 960w\" sizes=\"auto, (max-width: 273px) 100vw, 273px\" \/><\/a>La corsa partir\u00e0 il 13 settembre da Verona Villafranca e far\u00e0 un passaggio anche tra le Dolomiti bellunesi. Il percorso si snoder\u00e0 nelle tappe intermedie di Treviso, Cortina, Trento, Salsomaggiore Terme (Parma) e Montecatini Terme (Pistoia) per concludersi il 19 settembre ancora a Verona dove si svolger\u00e0 la cerimonia di premiazione. Una corsa di 1.700 chilometri, che impegner\u00e0 65 equipaggi, nell\u2019Italia dell\u2019artigianato e delle piccole imprese per celebrare lo stile e la velocit\u00e0 delle auto d\u2019epoca, la passione di chi le guida e il talento degli artigiani che le mantengono in perfetta forma. Nell\u2019Autogiro d\u2019Italia 2020 non c\u2019\u00e8 soltanto la passione per la tradizione motoristica, per i raid epici e per le storiche competizioni delle granfondo su strada, Confartigianato far\u00e0 scoprire l\u2019identit\u00e0 artigiana dei territori italiani che verranno attraversati durante la corsa. Infatti, in ciascuna delle sei tappe, sar\u00e0 protagonista di un Villaggio Ospitalit\u00e0 dove accoglier\u00e0 gli equipaggi e, accanto alle auto in esposizione, mostrer\u00e0 e offrir\u00e0 il meglio dei prodotti e dei servizi realizzati dagli artigiani e dai piccoli imprenditori. Una vetrina importantissima anche per il Bellunese e i suoi prodotti. La corsa automobilistica arriver\u00e0 a Cortina marted\u00ec 15 nel pomeriggio, al termine della seconda tappa (l\u2019orario previsto \u00e8 attorno alle 16, davanti al palazzo del ghiaccio, con tappa intermedia ad Agordo, in piazza, attorno alle 12.30). E ripartir\u00e0 da Cortina mercoled\u00ec 16.<\/p>\n<p>&nbsp;<\/p>\n<p><iframe loading=\"lazy\" title=\"Autogiro D&#039;Italia - Historical Challenge\" width=\"1200\" height=\"900\" src=\"https:\/\/www.youtube.com\/embed\/N6ZaQQbvHpQ?feature=oembed\" frameborder=\"0\" allow=\"accelerometer; autoplay; clipboard-write; encrypted-media; gyroscope; picture-in-picture\" allowfullscreen><\/iframe><\/p>\n<p>&nbsp;<\/p>\n","protected":false},"excerpt":{"rendered":"<p>TAIBON Ieri abbiamo riportato l&#8217;importante notizia del Motogiro D&#8217;Italia che transiter\u00e0 tra le Dolomiti, da Feltre ad Agordo, da Voltago al Primiero, da Falcade ad Alleghe e fino a Cortina, come da speciale sotto riportato (aprire per gli approfondimenti). IL MOTOGIRO ABBRACCIA LE DOLOMITI, MARTEDI A FELTRE CORTINA, AGORDO, FALCADE E ALLEGHE Nelle stesse date&hellip;<\/p>\n","protected":false},"author":4,"featured_media":159973,"comment_status":"closed","ping_status":"closed","sticky":false,"template":"","format":"standard","meta":{"_monsterinsights_skip_tracking":false,"_monsterinsights_sitenote_active":false,"_monsterinsights_sitenote_note":"","_monsterinsights_sitenote_category":0,"footnotes":""},"categories":[1,49],"tags":[],"class_list":["post-159972","post","type-post","status-publish","format-standard","has-post-thumbnail","hentry","category-senza-categoria","category-news-18","category-1","category-49","description-off"],"img_url":"https:\/\/www.radiopiu.net\/wordpress\/wp-content\/uploads\/2020\/09\/autogiro-filo-doro.jpg","_links":{"self":[{"href":"https:\/\/www.radiopiu.net\/wordpress\/wp-json\/wp\/v2\/posts\/159972","targetHints":{"allow":["GET"]}}],"collection":[{"href":"https:\/\/www.radiopiu.net\/wordpress\/wp-json\/wp\/v2\/posts"}],"about":[{"href":"https:\/\/www.radiopiu.net\/wordpress\/wp-json\/wp\/v2\/types\/post"}],"author":[{"embeddable":true,"href":"https:\/\/www.radiopiu.net\/wordpress\/wp-json\/wp\/v2\/users\/4"}],"replies":[{"embeddable":true,"href":"https:\/\/www.radiopiu.net\/wordpress\/wp-json\/wp\/v2\/comments?post=159972"}],"version-history":[{"count":0,"href":"https:\/\/www.radiopiu.net\/wordpress\/wp-json\/wp\/v2\/posts\/159972\/revisions"}],"wp:featuredmedia":[{"embeddable":true,"href":"https:\/\/www.radiopiu.net\/wordpress\/wp-json\/wp\/v2\/media\/159973"}],"wp:attachment":[{"href":"https:\/\/www.radiopiu.net\/wordpress\/wp-json\/wp\/v2\/media?parent=159972"}],"wp:term":[{"taxonomy":"category","embeddable":true,"href":"https:\/\/www.radiopiu.net\/wordpress\/wp-json\/wp\/v2\/categories?post=159972"},{"taxonomy":"post_tag","embeddable":true,"href":"https:\/\/www.radiopiu.net\/wordpress\/wp-json\/wp\/v2\/tags?post=159972"}],"curies":[{"name":"wp","href":"https:\/\/api.w.org\/{rel}","templated":true}]}}