{"id":159975,"date":"2020-09-11T06:00:29","date_gmt":"2020-09-11T04:00:29","guid":{"rendered":"https:\/\/www.radiopiu.net\/wordpress\/?p=159975"},"modified":"2020-09-11T11:00:02","modified_gmt":"2020-09-11T09:00:02","slug":"giornale-radiopiu-11-settembre-2020-direttore-mirko-mezzacasa","status":"publish","type":"post","link":"https:\/\/www.radiopiu.net\/wordpress\/giornale-radiopiu-11-settembre-2020-direttore-mirko-mezzacasa\/","title":{"rendered":"GIORNALE RADIOPIU 11 SETTEMBRE 2020 DIRETTORE MIRKO MEZZACASA"},"content":{"rendered":"<p>&nbsp;<\/p>\n<h3><strong>PER RICEVERE QUESTO NOTIZIARIO DIRETTAMENTE SUL TUO CELLULARE ISCRIVITI AL CANALE TELEGRAM\u00a0<\/strong><strong>\u201cRADIO PIU\u00a0 INFORMAZIONE&#8221;<\/strong><\/h3>\n<p><em>ATTENZIONE: LA NUOVA APP PER IOS-IPHONE<\/em><\/p>\n<div>\n<div><a href=\"https:\/\/apps.apple.com\/it\/app\/radio-pi%C3%B9-emittente-agordina\/id1515939845\">https:\/\/apps.apple.com\/it\/app\/radio-pi%C3%B9-emittente-agordina\/id1515939845<\/a><\/div>\n<\/div>\n<div><\/div>\n<div>\n<div dir=\"auto\"><em>ATTENZIONE: LA NUOVA APP RADIO\u00a0 PER ANDROID<\/em><\/div>\n<\/div>\n<p><a href=\"https:\/\/play.google.com\/store\/apps\/details?id=net.radiopiu.iniko\" target=\"_blank\" rel=\"noopener noreferrer\">https:\/\/play.google.com\/store\/apps\/details?id=net.radiopiu.iniko<\/a><\/p>\n<p>&nbsp;<\/p>\n<hr \/>\n<blockquote><p>&nbsp;<\/p>\n<p><em>11 settembre 2001, ore 8,46 del mattino. Gli uffici di Lower Manhattan sono gi\u00e0 nel pieno dell&#8217;attivit\u00e0, quando un Boeing 767 si schianta alla velocit\u00e0 di circa 750 km orari sulla Torre nord del World Trade Center. E&#8217; solo l&#8217;inizio di quella che sar\u00e0 ricordata come la giornata pi\u00f9 buia della storia degli Stati Uniti. Alla fine di quel giorno, 2974 persone avranno perso la vita per mano di 19 terroristi kamikaze. Ecco cosa accadde. (VIDEO REPUBBLICA TV, PIATTAFORMA YOUTUBE).<\/em><\/p><\/blockquote>\n<p><iframe loading=\"lazy\" title=\"Videoracconto: 11 settembre 2001, il giorno del terrore\" width=\"1200\" height=\"675\" src=\"https:\/\/www.youtube.com\/embed\/egwQcscJ5_Y?feature=oembed\" frameborder=\"0\" allow=\"accelerometer; autoplay; clipboard-write; encrypted-media; gyroscope; picture-in-picture\" allowfullscreen><\/iframe><\/p>\n<p>&nbsp;<\/p>\n<p>&nbsp;<\/p>\n<hr \/>\n<p>&nbsp;<\/p>\n<blockquote>\n<h3>AURONZO SI E&#8217; FERMATA PER SALUTARE IL SUO FINANZIERE<\/h3>\n<\/blockquote>\n<article class=\"entry entry_detail\">\n<div id=\"article-body\" class=\"entry_content\">\n<p><a class=\"dt-pswp-item\" href=\"https:\/\/www.radiopiu.net\/wordpress\/wp-content\/uploads\/2020\/09\/68f83e4a-5529-4aa2-b395-0db397665d67.jpg\" data-dt-img-description=\"\" data-large_image_width=\"1500\" data-large_image_height=\"1000\"><img loading=\"lazy\" decoding=\"async\" class=\"size-medium wp-image-160039 alignleft\" src=\"https:\/\/www.radiopiu.net\/wordpress\/wp-content\/uploads\/2020\/09\/68f83e4a-5529-4aa2-b395-0db397665d67-300x200.jpg\" alt=\"\" width=\"300\" height=\"200\" srcset=\"https:\/\/www.radiopiu.net\/wordpress\/wp-content\/uploads\/2020\/09\/68f83e4a-5529-4aa2-b395-0db397665d67-300x200.jpg 300w, https:\/\/www.radiopiu.net\/wordpress\/wp-content\/uploads\/2020\/09\/68f83e4a-5529-4aa2-b395-0db397665d67-1024x683.jpg 1024w, https:\/\/www.radiopiu.net\/wordpress\/wp-content\/uploads\/2020\/09\/68f83e4a-5529-4aa2-b395-0db397665d67-768x512.jpg 768w, https:\/\/www.radiopiu.net\/wordpress\/wp-content\/uploads\/2020\/09\/68f83e4a-5529-4aa2-b395-0db397665d67-640x427.jpg 640w, https:\/\/www.radiopiu.net\/wordpress\/wp-content\/uploads\/2020\/09\/68f83e4a-5529-4aa2-b395-0db397665d67.jpg 1500w\" sizes=\"auto, (max-width: 300px) 100vw, 300px\" \/><\/a> Lacrime, commozione, vicinanza alla famiglia e ai colleghi della Guardia di Finanza e del Soccorso Alpino ieri ad Auronzo ai funerali\u00a0 di\u00a0 Sergio Francese\u00a0 scomparso tragicamente sabato scorso durante un\u2019esercitazione sulle Tre Cime.\u00a0 Una folla\u00a0 ha seguito in silenzio e rispetto la cerimonia in chiesa e in piazza. Serrande dei negozi abbassate, bandiere a mezz\u2019asta. La celebrazione \u00e8 stata\u00a0 presieduta dal cappellano militare della Guardia di Finanza e concelebrata dal parroco di Auronzo don Renzo Roncade.<\/p>\n<blockquote><p><em>\u201cSergio aveva tanti sogni &#8211; ha detto il comandante della stazione di Auronzo del Soccorso Alpino Michele Zandegiacomo-\u00a0 uno di questi era sicuramente che le persone diventassero pi\u00f9 miti, pi\u00f9 trasparenti e pi\u00f9 altruiste, un po\u2019 come lui insomma. Sono sicuro che se ognuno di noi interpreta a modo suo queste sue aspettative sicuramente lui sar\u00e0 contento&#8221;.<\/em><\/p><\/blockquote>\n<\/div>\n<\/article>\n<p>&nbsp;<\/p>\n<hr \/>\n<p>&nbsp;<\/p>\n<p><strong>PROVINCIALE 29 COL FALCON, PONTE SERRA-FALIER (Sovramonte): <\/strong>dal 14 settembre al 23 settembre (sabato e domenica escluso) dalle 8 alle 18 divieto di transito ai veicoli con massa superiore a 3,5 tonellate. Interdizione totale al transito veicolare in entrambi i sensi di marcia nelle fasce orarie: 830-10; 10.30-12; 14.10-16; 16.30-18, nelle altre ore senso unico alternato regolato da semaforo<\/p>\n<p><strong>PROVINCIALE 3 VALLE IMPERINA CORDE MOLE-VALLASIN (Gosaldo) <\/strong>proroga ordinanza: dalle 8 alle 11.45 e dalle 13.30 alle 17.30 fino al 16 settembre temporanee interruzioni alla viabilit\u00e0 fino a 30 minuti<\/p>\n<p><strong>641 PASSO FEDAIA, CAPANNA BILL <\/strong>Dal 14 settembre al 13 novembre deviazione su viabilit\u00e0 provvisoria con istituzione di senso unico alternato<\/p>\n<p>&nbsp;<\/p>\n<p>&nbsp;<\/p>\n<hr \/>\n<p>&nbsp;<\/p>\n<p>&nbsp;<\/p>\n<p><a class=\"dt-pswp-item pspw-wrap-ready\" href=\"https:\/\/i2.wp.com\/www.radiopiu.net\/wordpress\/wp-content\/uploads\/2018\/08\/ACQUA.jpeg?ssl=1\" data-dt-img-description=\"\" data-large_image_width=\"1280\" data-large_image_height=\"768\"><img loading=\"lazy\" decoding=\"async\" class=\"wp-image-57052 alignleft\" src=\"https:\/\/i2.wp.com\/www.radiopiu.net\/wordpress\/wp-content\/uploads\/2018\/08\/ACQUA.jpeg?resize=198%2C119&amp;ssl=1\" sizes=\"auto, (max-width: 198px) 100vw, 198px\" srcset=\"https:\/\/i2.wp.com\/www.radiopiu.net\/wordpress\/wp-content\/uploads\/2018\/08\/ACQUA.jpeg?resize=300%2C180&amp;ssl=1 300w, https:\/\/i2.wp.com\/www.radiopiu.net\/wordpress\/wp-content\/uploads\/2018\/08\/ACQUA.jpeg?resize=768%2C461&amp;ssl=1 768w, https:\/\/i2.wp.com\/www.radiopiu.net\/wordpress\/wp-content\/uploads\/2018\/08\/ACQUA.jpeg?resize=1024%2C614&amp;ssl=1 1024w, https:\/\/i2.wp.com\/www.radiopiu.net\/wordpress\/wp-content\/uploads\/2018\/08\/ACQUA.jpeg?w=1280&amp;ssl=1 1280w\" alt=\"\" width=\"198\" height=\"119\" data-recalc-dims=\"1\" \/><\/a><\/p>\n<p>a SAN TOMASO AGORDINO in localit\u00e0 PIANEZZE e ad AGORDO in Via DOZZA E FONTANA COMPRESO L&#8217; OSPEDALE, l&#8217;acqua erogata dall&#8217;acquedotto \u00e8 di nuovo potabile e pu\u00f2 essere usata per scopi alimentari.<\/p>\n<p><strong>SAN TOMASO AGORDINO<\/strong> nella localit\u00e0 ROI l\u2019acqua erogata dall\u2019acquedotto non \u00e8 potabile e non pu\u00f2 essere usata per scopi alimentari.<\/p>\n<p>&nbsp;<\/p>\n<hr \/>\n<p>&nbsp;<\/p>\n<blockquote>\n<h3>E&#8217; MORTA OLIVA CORRA&#8217;, VENTI GIORNI FA L&#8217;INCENDIO CHE DISTRUSSE LA SUA CASA<\/h3>\n<\/blockquote>\n<p><strong>LAMON<\/strong> E&#8217; morta Oliva Corr\u00e0, la donna di 85 anni che la mattina del 20 agosto \u00e8 stata investita dall&#8217;esplosione di gas che ha devastato la sua abitazione. L&#8217;anziana \u00e8 spirata al grandi ustionati di Verona dove era stata portata dopo la deflagrazione. Si \u00e8 salvato\u00a0 il marito Antonio Resenterra, &#8220;Toni Kil&#8221;, 87 anni, che in quel momento si trovava in un altro punto della casa.\u00a0 Oliva Corr\u00e0 era molto conosciuta per l&#8217;attivit\u00e0 della famiglia, quella della segheria accanto alla quale la coppia aveva costruito la propria abitazione. A scatenare la tragedia, il 20 agosto, era stata probabilmente una perdita di gas dall&#8217;impianto dell&#8217;abitazione alimentato con delle bombole<\/p>\n<p>&nbsp;<\/p>\n<p>&nbsp;<\/p>\n<hr \/>\n<blockquote>\n<h3>SOCCORSO ALPINO IMPEGNATO FINO ALLE DUE DI NOTTE PER UN ESCURSIONISTA IN DIFFICOLTA&#8217;. DORMIVA NEL BIVACCO &#8220;Buongiorno &#8211; ha detto &#8211; ma torno a valle da solo&#8221;.<\/h3>\n<\/blockquote>\n<p><strong><em><img loading=\"lazy\" decoding=\"async\" class=\"alignleft\" src=\"https:\/\/www.radiopiu.net\/wordpress\/wp-content\/uploads\/2015\/07\/soccorso-alpino-II-zona-dolomiti-bellunesi.jpg\" width=\"179\" height=\"179\" \/><\/em>LONGARONE\u00a0<\/strong> Mercoledi sera attorno alle 20 il Soccorso alpino di Longarone \u00e8 stato allertato dalla Centrale del Suem a seguito della chiamata di un escursionista che, nei pressi del Rifugio Tovanella, non riusciva pi\u00f9 a trovare la traccia del sentiero. Dalla Centrale gli era stato detto di tornare sui propri passi al Bivacco e restare l\u00ec la notte. Purtroppo poi il cellulare dell\u2019uomo si era scaricato e non era stato pi\u00f9 possibile appurare le sue condizioni. Due squadre di quattro soccorritori sono quindi salite dai sentieri di Igne e Podenzoi, per poi ritrovarsi a 1.850 metri di quota e scendere assieme verso il Bivacco. Una volta nella struttura, verso mezzanotte e mezza, i soccorritori hanno ritrovato al suo interno l\u2019escursionista, un trentaduenne emiliano, che stava dormendo. L\u2019allarme \u00e8 quindi rientrato. L\u2019uomo, che stava percorrendo l\u2019Alta via numero 3, ha detto che sarebbe sceso questa mattina in autonomia e le squadre sono tornate a valle. L\u2019intervento si \u00e8 concluso verso le 2.<\/p>\n<p>&nbsp;<\/p>\n<p>&nbsp;<\/p>\n<p>&nbsp;<\/p>\n<hr \/>\n<blockquote>\n<h3>TIR CONTRO IL GUARDRAIL, PER DISINCASTRARLO INTERVENGONO I VIGILI DEL FUOCO<\/h3>\n<\/blockquote>\n<p><strong>VALLE DI CADORE<\/strong> Ieri mattina\u00a0 i vigili del fuoco sono intervenuti lungo la statale 51 Alemagna in via Roma a Valle di Cadore per prestare soccorso ad un autista, che viaggiava in direzione Pieve, finito contro il guardrail con la parte posteriore di un autoarticolato. Nell\u2019urto del semirimorchio contro la barriera tre pneumatici si sono forati, bloccando il mezzo, lungo la strada. I pompieri arrivati dal distaccamento di Pieve di Cadore e da Belluno con l\u2019autogr\u00f9, hanno provveduto a disincastrare il semirimorchio e dare assistenza all\u2019autista per il cambio di due pneumatici, permettendo cos\u00ec lo spostamento del mezzo su una piazzola per l\u2019assistenza meccanica. Sul posto la polizia locale per la deviazione del traffico. Le operazioni di soccorso sono terminate dopo circa due ore.<\/p>\n\n\t\t\t<style type='text\/css'>\n\t\t\t\t#gallery-1 {\n\t\t\t\t\tmargin: auto;\n\t\t\t\t}\n\t\t\t\t#gallery-1 .gallery-item {\n\t\t\t\t\tfloat: left;\n\t\t\t\t\tmargin-top: 10px;\n\t\t\t\t\ttext-align: center;\n\t\t\t\t\twidth: 25%;\n\t\t\t\t}\n\t\t\t\t#gallery-1 img {\n\t\t\t\t\tborder: 2px solid #cfcfcf;\n\t\t\t\t}\n\t\t\t\t#gallery-1 .gallery-caption {\n\t\t\t\t\tmargin-left: 0;\n\t\t\t\t}\n\t\t\t\t\/* see gallery_shortcode() in wp-includes\/media.php *\/\n\t\t\t<\/style>\n\t\t<div id='gallery-1' class='dt-gallery-container gallery galleryid-159975 gallery-columns-4 gallery-size-thumbnail'><dl class='gallery-item'>\n\t\t\t\t<dt class='gallery-icon landscape'>\n\t\t\t\t\t<a class=\"rollover rollover-zoom dt-pswp-item\" title=\"1fa6e51c-6c59-45fe-ab35-3fe281509285\" data-dt-img-description=\"\" data-large_image_width=\"1280\" data-large_image_height=\"720\"href='https:\/\/www.radiopiu.net\/wordpress\/wp-content\/uploads\/2020\/09\/1fa6e51c-6c59-45fe-ab35-3fe281509285.jpg'><img loading=\"lazy\" decoding=\"async\" width=\"150\" height=\"150\" src=\"https:\/\/www.radiopiu.net\/wordpress\/wp-content\/uploads\/2020\/09\/1fa6e51c-6c59-45fe-ab35-3fe281509285-150x150.jpg\" class=\"attachment-thumbnail size-thumbnail\" alt=\"\" srcset=\"https:\/\/www.radiopiu.net\/wordpress\/wp-content\/uploads\/2020\/09\/1fa6e51c-6c59-45fe-ab35-3fe281509285-150x150.jpg 150w, https:\/\/www.radiopiu.net\/wordpress\/wp-content\/uploads\/2020\/09\/1fa6e51c-6c59-45fe-ab35-3fe281509285-125x125.jpg 125w, https:\/\/www.radiopiu.net\/wordpress\/wp-content\/uploads\/2020\/09\/1fa6e51c-6c59-45fe-ab35-3fe281509285-200x200.jpg 200w, https:\/\/www.radiopiu.net\/wordpress\/wp-content\/uploads\/2020\/09\/1fa6e51c-6c59-45fe-ab35-3fe281509285-80x80.jpg 80w\" sizes=\"auto, (max-width: 150px) 100vw, 150px\" \/><\/a>\n\t\t\t\t<\/dt><\/dl><dl class='gallery-item'>\n\t\t\t\t<dt class='gallery-icon landscape'>\n\t\t\t\t\t<a class=\"rollover rollover-zoom dt-pswp-item\" title=\"d4e76587-6205-41f3-999b-735e042eed47\" data-dt-img-description=\"\" data-large_image_width=\"1280\" data-large_image_height=\"843\"href='https:\/\/www.radiopiu.net\/wordpress\/wp-content\/uploads\/2020\/09\/d4e76587-6205-41f3-999b-735e042eed47.jpg'><img loading=\"lazy\" decoding=\"async\" width=\"150\" height=\"150\" src=\"https:\/\/www.radiopiu.net\/wordpress\/wp-content\/uploads\/2020\/09\/d4e76587-6205-41f3-999b-735e042eed47-150x150.jpg\" class=\"attachment-thumbnail size-thumbnail\" alt=\"\" srcset=\"https:\/\/www.radiopiu.net\/wordpress\/wp-content\/uploads\/2020\/09\/d4e76587-6205-41f3-999b-735e042eed47-150x150.jpg 150w, https:\/\/www.radiopiu.net\/wordpress\/wp-content\/uploads\/2020\/09\/d4e76587-6205-41f3-999b-735e042eed47-125x125.jpg 125w, https:\/\/www.radiopiu.net\/wordpress\/wp-content\/uploads\/2020\/09\/d4e76587-6205-41f3-999b-735e042eed47-200x200.jpg 200w, https:\/\/www.radiopiu.net\/wordpress\/wp-content\/uploads\/2020\/09\/d4e76587-6205-41f3-999b-735e042eed47-80x80.jpg 80w\" sizes=\"auto, (max-width: 150px) 100vw, 150px\" \/><\/a>\n\t\t\t\t<\/dt><\/dl><dl class='gallery-item'>\n\t\t\t\t<dt class='gallery-icon landscape'>\n\t\t\t\t\t<a class=\"rollover rollover-zoom dt-pswp-item\" title=\"023456b7-1026-4547-aa08-a24583787f58\" data-dt-img-description=\"\" data-large_image_width=\"1259\" data-large_image_height=\"783\"href='https:\/\/www.radiopiu.net\/wordpress\/wp-content\/uploads\/2020\/09\/023456b7-1026-4547-aa08-a24583787f58.jpg'><img loading=\"lazy\" decoding=\"async\" width=\"150\" height=\"150\" src=\"https:\/\/www.radiopiu.net\/wordpress\/wp-content\/uploads\/2020\/09\/023456b7-1026-4547-aa08-a24583787f58-150x150.jpg\" class=\"attachment-thumbnail size-thumbnail\" alt=\"\" srcset=\"https:\/\/www.radiopiu.net\/wordpress\/wp-content\/uploads\/2020\/09\/023456b7-1026-4547-aa08-a24583787f58-150x150.jpg 150w, https:\/\/www.radiopiu.net\/wordpress\/wp-content\/uploads\/2020\/09\/023456b7-1026-4547-aa08-a24583787f58-125x125.jpg 125w, https:\/\/www.radiopiu.net\/wordpress\/wp-content\/uploads\/2020\/09\/023456b7-1026-4547-aa08-a24583787f58-200x200.jpg 200w, https:\/\/www.radiopiu.net\/wordpress\/wp-content\/uploads\/2020\/09\/023456b7-1026-4547-aa08-a24583787f58-80x80.jpg 80w\" sizes=\"auto, (max-width: 150px) 100vw, 150px\" \/><\/a>\n\t\t\t\t<\/dt><\/dl><dl class='gallery-item'>\n\t\t\t\t<dt class='gallery-icon landscape'>\n\t\t\t\t\t<a class=\"rollover rollover-zoom dt-pswp-item\" title=\"c82bc7d7-e774-4f45-ab0a-af7fb2f4372b\" data-dt-img-description=\"\" data-large_image_width=\"1205\" data-large_image_height=\"720\"href='https:\/\/www.radiopiu.net\/wordpress\/wp-content\/uploads\/2020\/09\/c82bc7d7-e774-4f45-ab0a-af7fb2f4372b.jpg'><img loading=\"lazy\" decoding=\"async\" width=\"150\" height=\"150\" src=\"https:\/\/www.radiopiu.net\/wordpress\/wp-content\/uploads\/2020\/09\/c82bc7d7-e774-4f45-ab0a-af7fb2f4372b-150x150.jpg\" class=\"attachment-thumbnail size-thumbnail\" alt=\"\" srcset=\"https:\/\/www.radiopiu.net\/wordpress\/wp-content\/uploads\/2020\/09\/c82bc7d7-e774-4f45-ab0a-af7fb2f4372b-150x150.jpg 150w, https:\/\/www.radiopiu.net\/wordpress\/wp-content\/uploads\/2020\/09\/c82bc7d7-e774-4f45-ab0a-af7fb2f4372b-125x125.jpg 125w, https:\/\/www.radiopiu.net\/wordpress\/wp-content\/uploads\/2020\/09\/c82bc7d7-e774-4f45-ab0a-af7fb2f4372b-200x200.jpg 200w, https:\/\/www.radiopiu.net\/wordpress\/wp-content\/uploads\/2020\/09\/c82bc7d7-e774-4f45-ab0a-af7fb2f4372b-80x80.jpg 80w\" sizes=\"auto, (max-width: 150px) 100vw, 150px\" \/><\/a>\n\t\t\t\t<\/dt><\/dl><br style=\"clear: both\" \/>\n\t\t\t<\/div>\n\n<p>&nbsp;<\/p>\n<p>&nbsp;<\/p>\n<p>&nbsp;<\/p>\n<hr \/>\n<blockquote>\n<h3>POLIZIA DI STATO COMPARTO FERROVIARIO, BILANCI DI FINE ESTATE<\/h3>\n<\/blockquote>\n<p><strong><a class=\"dt-pswp-item\" href=\"https:\/\/www.radiopiu.net\/wordpress\/wp-content\/uploads\/2015\/07\/Logo_ferroviaria.jpg\" data-dt-img-description=\"\" data-large_image_width=\"626\" data-large_image_height=\"691\"><img loading=\"lazy\" decoding=\"async\" class=\" wp-image-8146 alignleft\" src=\"https:\/\/www.radiopiu.net\/wordpress\/wp-content\/uploads\/2015\/07\/Logo_ferroviaria-272x300.jpg\" alt=\"\" width=\"233\" height=\"257\" \/><\/a>BELLUNO<\/strong> Tempo di bilanci estivi per la Polizia\u00a0 Ferroviaria, In Veneto da inizio giugno alla prima domenica di settembre nelle principali stazioni ferroviarie del Veneto gli agenti\u00a0 hanno identificato 26.967 persone, 11 gli arrestati e 150 i denunciati all\u2019Autorit\u00e0 Giudiziaria per reati contro il patrimonio e in materia di stupefacenti, rifiuto di generalit\u00e0, resistenza a pubblico ufficiale ed inosservanza della normativa che regola la permanenza degli stranieri sul territorio nazionale.\u00a0 Impiegate\u00a0 2.956 le pattuglie Polfer, in stazione e a bordo dei convogli, 111 i servizi antiborseggio effettuati da operatori in abiti civili, 193 i servizi di pattugliamento lungo le principali linee al fine di prevenire i danneggiamenti alle strutture ferroviarie e compromettere la sicurezza e la regolarit\u00e0 del trasporto e 116 i treni scortati. In particolare, tra gli arresti, quello di tre cittadini stranieri che, in momenti diversi, individuati e controllati dagli agenti Polfer sono stati trovati in possesso di ingenti quantitativi di sostanze stupefacenti destinate allo spaccio, che sono state poste sotto sequestro. Uno di loro, un 26enne nigeriano che durante le procedure di controllo nella stazione di Mestre ha manifestato prima dolori allo stomaco e poi ha dichiarato di aver ingerito 10 ovuli contenenti cocaina per un peso complessivo di oltre 140 grammi. Tutti recuperati dopo il ricovero dello straniero in ospedale e il successivo intervento chirurgico, reso necessario visto che uno degli ovuli si era collocato in una posizione insidiosa e particolarmente pericolosa per la salute dello stesso. Una coppia \u00e8 stata arrestata poich\u00e9 responsabile di un doppio furto perpetrato sui convogli NTV tra Roma Termini e Venezia S. Lucia. I successivi accertamenti effettuati in sinergia tra il personale Polfer in servizio negli scali ferroviari di Padova, di Venezia-Mestre e di Venezia S. Lucia hanno consentito di individuare le legittime proprietarie dei bagagli rubati poi restituiti integri del loro contenuto. Numerosi i DASPO Urbano in particolare a cura degli operatori della Sezione Polizia Ferroviaria di Venezia-Mestre e della Sezione di Padova che hanno applicato 32 provvedimenti di allontanamento nei confronti di soggetti senza fissa dimora, alcuni dei quali sanzionati anche per ubriachezza molesta e per atti contrari al pubblico decoro.<\/p>\n<h3><\/h3>\n<hr \/>\n<p>&nbsp;<\/p>\n<blockquote>\n<h3>OMICIDIO STRADALE: 8 ANNI DI CARCERE PER IL BRASILIANO MAI ARRESTATO E ORA FUGGITO NEL SUO PAESE<\/h3>\n<\/blockquote>\n<p><strong>BELLUNO<\/strong> Il Tribunale di Belluno ha condannato a otto anni di carcere Evandro Gonsalves Galhardo, 41anni originario del Brasile, che il 19 dicembre 2017 si schiant\u00f2 con l&#8217;auto contro un platano di via Vittorio Veneto, a Belluno, nell&#8217;incidente mor\u00ec l&#8217;amica Barbara Durastante seduta accanto a lui. Dopo tre anni la famiglia ha avuto giustizia ma solo in teoria, in pratica il brasiliano non far\u00e0 un giorno di galera, dopo l&#8217;incidente usc\u00ec dall&#8217;ospedale e &#8220;scapp\u00f2&#8221; in Brasile.<\/p>\n<p>&nbsp;<\/p>\n<hr \/>\n<blockquote>\n<h3><\/h3>\n<h3>VANDALI A SCUOLA, DANNEGGIATO LO SPAZIO LABEL, DANNI DA QUANTIFICARE, INDAGANO LE FORZE DELL&#8217;ORDINE<\/h3>\n<\/blockquote>\n<p><strong>BELLUNO<\/strong>\u00a0 Vandali\u00a0 nella vecchia scuola di Borgo Pr\u00e0 e lo spazio Label (doposcuola)\u00a0 riaprir\u00e0 in ritardo. Ignoti vandali hanno distrutto tutto nella struttura. Ieri sulla pagina facebook <em>&#8220;Carissimi fruitori e frequentatori dello spazio LaBel, purtroppo dobbiamo informarvi che la riapertura del centro e dei suoi servizi educativi subir\u00e0 un ritardo in quanto durante la chiusura estiva la struttura ha subito un&#8217;infrazione con danneggiamenti ed atti vandalici laboratori dei servizi educativi per bambini e ragazzi, a Borgo Pr\u00e0, sono stati profanati dai vandali, ci dispiace molto pensare che in questa situazione di difficolt\u00e0 generale e diffusa che coinvolge tutti, ci siano persone che occupino il proprio tempo danneggiando uno spazio aperto alla comunit\u00e0 e per la comunit\u00e0, che offre servizi mirati al supporto di bambini, ragazzi e famiglie. Noi comunque non ci abbattiamo e saremo pronti a ripartire con energia e positivit\u00e0 dal 28 settembre&#8221;.<\/em><\/p>\n<p>&nbsp;<\/p>\n<hr \/>\n<p>&nbsp;<\/p>\n<blockquote>\n<h3>INSULTI RAZZISTI ALLA CANDIDATA<\/h3>\n<\/blockquote>\n<p><strong><a class=\"dt-pswp-item\" href=\"https:\/\/www.radiopiu.net\/wordpress\/wp-content\/uploads\/2020\/09\/119069945_1023295244795735_2398531692539930684_o.jpg\" data-dt-img-description=\"\" data-large_image_width=\"960\" data-large_image_height=\"960\"><img loading=\"lazy\" decoding=\"async\" class=\"size-medium wp-image-160058 alignleft\" src=\"https:\/\/www.radiopiu.net\/wordpress\/wp-content\/uploads\/2020\/09\/119069945_1023295244795735_2398531692539930684_o-300x300.jpg\" alt=\"\" width=\"300\" height=\"300\" srcset=\"https:\/\/www.radiopiu.net\/wordpress\/wp-content\/uploads\/2020\/09\/119069945_1023295244795735_2398531692539930684_o-300x300.jpg 300w, https:\/\/www.radiopiu.net\/wordpress\/wp-content\/uploads\/2020\/09\/119069945_1023295244795735_2398531692539930684_o-150x150.jpg 150w, https:\/\/www.radiopiu.net\/wordpress\/wp-content\/uploads\/2020\/09\/119069945_1023295244795735_2398531692539930684_o-768x768.jpg 768w, https:\/\/www.radiopiu.net\/wordpress\/wp-content\/uploads\/2020\/09\/119069945_1023295244795735_2398531692539930684_o-125x125.jpg 125w, https:\/\/www.radiopiu.net\/wordpress\/wp-content\/uploads\/2020\/09\/119069945_1023295244795735_2398531692539930684_o-200x200.jpg 200w, https:\/\/www.radiopiu.net\/wordpress\/wp-content\/uploads\/2020\/09\/119069945_1023295244795735_2398531692539930684_o-80x80.jpg 80w, https:\/\/www.radiopiu.net\/wordpress\/wp-content\/uploads\/2020\/09\/119069945_1023295244795735_2398531692539930684_o-480x480.jpg 480w, https:\/\/www.radiopiu.net\/wordpress\/wp-content\/uploads\/2020\/09\/119069945_1023295244795735_2398531692539930684_o.jpg 960w\" sizes=\"auto, (max-width: 300px) 100vw, 300px\" \/><\/a>BELLUNO<\/strong> &#8220;Vattene e torna a casa tua&#8221;, sono di questo tenore\u00a0 oltre 700 commenti sui social arrivati alla candidata bellunese di origine algerina alle elezioni regionali per la lista Il Veneto che vogliamo per Lorenzoni presidente. E&#8217; una donna molto conosciuta non solo a Belluno, dove risiede.\u00a0 \u00c8 stata la stessa lista dai propri canali social a dare conto di quello che stava accadendo. <em>&#8220;Abbiamo un problema &#8211; scrivono sui social e si chiama intolleranza, che come sempre fa rima con ignoranza. Anche nella piccola provincia di Belluno, non siamo da meno e lo testimoniano i pi\u00f9 di 700 commenti di insulti di vario genere che Assia si \u00e8 vista arrivare nella sua pagina Facebook&#8221;<\/em>. Assia Belhadj, a Belluno, si \u00e8 anche formata come operatrice al trasporto sanitario e soccorso in ambulanza ed \u00e8 autrice del libro Oltre l&#8217;hijab, una donna da straniera a cittadina.<\/p>\n<p>&nbsp;<\/p>\n<p>&nbsp;<\/p>\n<hr \/>\n<h3><span style=\"color: #ff0000;\">IERI ALLA RADIO<\/span><\/h3>\n<blockquote class=\"wp-embedded-content\" data-secret=\"NjO52cV7FS\"><p><a href=\"https:\/\/www.radiopiu.net\/wordpress\/alla-scuola-dellinfanzia-la-colorata-mano-dei-volontari-per-aule-piu-belle-pulite-rinfrescate\/\">ALLA SCUOLA DELL&#8217;INFANZIA LA COLORATA MANO DEI VOLONTARI PER AULE PIU&#8217; BELLE, PULITE, RINFRESCATE<\/a><\/p><\/blockquote>\n<p><iframe loading=\"lazy\" class=\"wp-embedded-content\" sandbox=\"allow-scripts\" security=\"restricted\" style=\"position: absolute; clip: rect(1px, 1px, 1px, 1px);\" title=\"&#8220;ALLA SCUOLA DELL&#8217;INFANZIA LA COLORATA MANO DEI VOLONTARI PER AULE PIU&#8217; BELLE, PULITE, RINFRESCATE&#8221; &#8212; Radio Pi\u00f9\" src=\"https:\/\/www.radiopiu.net\/wordpress\/alla-scuola-dellinfanzia-la-colorata-mano-dei-volontari-per-aule-piu-belle-pulite-rinfrescate\/embed\/#?secret=NjO52cV7FS\" data-secret=\"NjO52cV7FS\" width=\"600\" height=\"338\" frameborder=\"0\" marginwidth=\"0\" marginheight=\"0\" scrolling=\"no\"><\/iframe><\/p>\n<p>&nbsp;<\/p>\n<p>&nbsp;<\/p>\n<hr \/>\n<blockquote>\n<h3><\/h3>\n<h3>MALTEMPO, STANZIATI I PRIMI 6,8 MILIARDI DI EURO PER I NUBIFRAGI IN VENETO<\/h3>\n<\/blockquote>\n<p>ROGER DE MENECH NEI NOTIZIARI DI RADIO PIU<\/p>\n<audio class=\"wp-audio-shortcode\" id=\"audio-159975-1\" preload=\"none\" style=\"width: 100%;\" controls=\"controls\"><source type=\"audio\/mpeg\" src=\"https:\/\/www.radiopiu.net\/wordpress\/wp-content\/uploads\/2020\/09\/ROGER.mp3?_=1\" \/><a href=\"https:\/\/www.radiopiu.net\/wordpress\/wp-content\/uploads\/2020\/09\/ROGER.mp3\">https:\/\/www.radiopiu.net\/wordpress\/wp-content\/uploads\/2020\/09\/ROGER.mp3<\/a><\/audio>\n<p>&nbsp;<\/p>\n<p><strong><a class=\"dt-pswp-item\" href=\"https:\/\/www.radiopiu.net\/wordpress\/wp-content\/uploads\/2020\/09\/2f0f3dba-0d78-4ba1-935b-09d600ce319f.jpg\" data-dt-img-description=\"\" data-large_image_width=\"1600\" data-large_image_height=\"1056\"><img loading=\"lazy\" decoding=\"async\" class=\" wp-image-159995 alignleft\" src=\"https:\/\/www.radiopiu.net\/wordpress\/wp-content\/uploads\/2020\/09\/2f0f3dba-0d78-4ba1-935b-09d600ce319f-300x198.jpg\" alt=\"\" width=\"276\" height=\"182\" srcset=\"https:\/\/www.radiopiu.net\/wordpress\/wp-content\/uploads\/2020\/09\/2f0f3dba-0d78-4ba1-935b-09d600ce319f-300x198.jpg 300w, https:\/\/www.radiopiu.net\/wordpress\/wp-content\/uploads\/2020\/09\/2f0f3dba-0d78-4ba1-935b-09d600ce319f-1024x676.jpg 1024w, https:\/\/www.radiopiu.net\/wordpress\/wp-content\/uploads\/2020\/09\/2f0f3dba-0d78-4ba1-935b-09d600ce319f-768x507.jpg 768w, https:\/\/www.radiopiu.net\/wordpress\/wp-content\/uploads\/2020\/09\/2f0f3dba-0d78-4ba1-935b-09d600ce319f-1536x1014.jpg 1536w, https:\/\/www.radiopiu.net\/wordpress\/wp-content\/uploads\/2020\/09\/2f0f3dba-0d78-4ba1-935b-09d600ce319f-640x422.jpg 640w, https:\/\/www.radiopiu.net\/wordpress\/wp-content\/uploads\/2020\/09\/2f0f3dba-0d78-4ba1-935b-09d600ce319f.jpg 1600w\" sizes=\"auto, (max-width: 276px) 100vw, 276px\" \/><\/a>ROMA<\/strong> Il Governo a nemmeno 10 giorni dall\u2019ultimo nubifragio e con le verifiche fatte dalla Protezione basate su sopralluoghi ha deliberato lo stato di emergenza per la Regione Veneto e ha stanziato i primi 6,8 milioni di euro. <em>\u00abSono i primi fondi che copriranno le richieste della Protezione civile gi\u00e0 rendicontate. Un ringraziamento al capo della protezione civile Angelo Borrelli per l\u2019immediato dispiegamento di risorse e il soccorso. Seguiranno altri provvedimenti del governo con ulteriori risorse per mettere a posto i gravissimi danni subiti in Veneto e soprattutto nel Veronese dove ad agosto si sono abbattuti cinque nubifragi di rara intensit\u00e0. Importante tuttavia che ci sia stata una risposta rapida alle richieste della Protezione civile che potr\u00e0 fare fronte alle esigenze pi\u00f9 immediate con i 6,8 milioni di euro dati dal governo\u00bb<\/em>. Lo affermano i deputati veneti del PD, Alessia Rotta, Roger De Menech e Diego Zardini. Riconosciute anche le difficolt\u00e0 del territorio bellunese duramente colpito anche in queste ultime occasioni. Infatti rientrano nel provvedimento tutti i comuni della provincia montana che hanno subito danni. Lo stesso Consiglio dei Ministri prevede la possibilit\u00e0 di successivi provvedimenti per fronteggiare i danni che, da una prima stima della Regione, superano i 43 milioni di euro.<\/p>\n<p>&nbsp;<\/p>\n<blockquote>\n<h3>IL MINISTRO FEDERICO D&#8217;INCA&#8217;<\/h3>\n<p><em>\u201cIl Cdm ha deliberato la dichiarazione dello stato di emergenza per le province di Belluno, Padova, Verona e Vicenza, destinando cos\u00ec le prime somme per intervenire a seguito dell\u2019ondata di maltempo di fine agosto. Grazie al grande lavoro della protezione civile, in maniera tempestiva, si \u00e8 proceduto alla ricognizione dei danni e alla stima dei primi interventi urgenti da mettere in atto, stanziando 6,8 milioni di euro. Gli approfondimenti della protezione civile andranno ancora avanti e il Governo potr\u00e0 deliberare presto nuovi interventi per sostenere i cittadini e le aziende ove fosse necessario. Questo provvedimento dimostra, ancora una volta, la massima attenzione del Governo verso il Veneto e verso tutti i territori colpiti da maltempo, cos\u00ec come gi\u00e0 avvenuto lo sorso novembre gli interventi adottati a seguito dell\u2019acqua alta a Venezia\u201d.\u00a0<\/em><\/p><\/blockquote>\n<p>&nbsp;<\/p>\n<hr \/>\n<h3><\/h3>\n<blockquote>\n<h3><a class=\"dt-pswp-item\" href=\"https:\/\/www.radiopiu.net\/wordpress\/wp-content\/uploads\/2020\/09\/school-bus-4406479_960_720.jpg\" data-dt-img-description=\"\" data-large_image_width=\"960\" data-large_image_height=\"644\"><img loading=\"lazy\" decoding=\"async\" class=\"wp-image-160036 alignleft\" src=\"https:\/\/www.radiopiu.net\/wordpress\/wp-content\/uploads\/2020\/09\/school-bus-4406479_960_720-300x201.jpg\" alt=\"\" width=\"197\" height=\"132\" srcset=\"https:\/\/www.radiopiu.net\/wordpress\/wp-content\/uploads\/2020\/09\/school-bus-4406479_960_720-300x201.jpg 300w, https:\/\/www.radiopiu.net\/wordpress\/wp-content\/uploads\/2020\/09\/school-bus-4406479_960_720-768x515.jpg 768w, https:\/\/www.radiopiu.net\/wordpress\/wp-content\/uploads\/2020\/09\/school-bus-4406479_960_720-640x429.jpg 640w, https:\/\/www.radiopiu.net\/wordpress\/wp-content\/uploads\/2020\/09\/school-bus-4406479_960_720.jpg 960w\" sizes=\"auto, (max-width: 197px) 100vw, 197px\" \/><\/a>TRASPORTO SCOLASTICO NELL&#8217;AGORDINO, DA LUNEDI IL SERVIZIO SARA&#8217; GARANTITO OVUNQUE<\/h3>\n<\/blockquote>\n<p>DI GIANNI SANTOMASO<\/p>\n<audio class=\"wp-audio-shortcode\" id=\"audio-159975-2\" preload=\"none\" style=\"width: 100%;\" controls=\"controls\"><source type=\"audio\/mpeg\" src=\"https:\/\/www.radiopiu.net\/wordpress\/wp-content\/uploads\/2020\/09\/GIANNI-SCUOLA.mp3?_=2\" \/><a href=\"https:\/\/www.radiopiu.net\/wordpress\/wp-content\/uploads\/2020\/09\/GIANNI-SCUOLA.mp3\">https:\/\/www.radiopiu.net\/wordpress\/wp-content\/uploads\/2020\/09\/GIANNI-SCUOLA.mp3<\/a><\/audio>\n<p>&nbsp;<\/p>\n<p>&nbsp;<\/p>\n<hr \/>\n<blockquote>\n<h3><\/h3>\n<h3>BANCHE RIUNIONE GOVERNO-COMMISSIONE TECNICA SUI RIMBORSI AI TRUFFATI<\/h3>\n<\/blockquote>\n<p><strong><a class=\"dt-pswp-item\" href=\"https:\/\/www.radiopiu.net\/wordpress\/wp-content\/uploads\/2019\/06\/ha-sottolineato-il-giovane-uomo-asiatico-che-tiene-il-portafoglio-vuoto-e-pensando-di-trovare-soldi-per-pagare-le-bollette_78212-12.jpg\" data-dt-img-description=\"\" data-large_image_width=\"626\" data-large_image_height=\"418\"><img loading=\"lazy\" decoding=\"async\" class=\"size-medium wp-image-90175 alignleft\" src=\"https:\/\/www.radiopiu.net\/wordpress\/wp-content\/uploads\/2019\/06\/ha-sottolineato-il-giovane-uomo-asiatico-che-tiene-il-portafoglio-vuoto-e-pensando-di-trovare-soldi-per-pagare-le-bollette_78212-12-300x200.jpg\" alt=\"\" width=\"300\" height=\"200\" srcset=\"https:\/\/www.radiopiu.net\/wordpress\/wp-content\/uploads\/2019\/06\/ha-sottolineato-il-giovane-uomo-asiatico-che-tiene-il-portafoglio-vuoto-e-pensando-di-trovare-soldi-per-pagare-le-bollette_78212-12-300x200.jpg 300w, https:\/\/www.radiopiu.net\/wordpress\/wp-content\/uploads\/2019\/06\/ha-sottolineato-il-giovane-uomo-asiatico-che-tiene-il-portafoglio-vuoto-e-pensando-di-trovare-soldi-per-pagare-le-bollette_78212-12.jpg 626w\" sizes=\"auto, (max-width: 300px) 100vw, 300px\" \/><\/a>ROMA<\/strong> Al dipartimento per Rapporti con il Parlamento si \u00e8 tenuta una riunione tra il Ministro Federico D\u2019Inc\u00e0, il Sottosegretario al Mef Alessio Villarosa, i delegati della Presidenza del Consiglio, i delegati della segreteria tecnica di Consap e alcuni membri della commissione tecnica che si occupa dell\u2019elaborazione delle pratiche per i risparmiatori truffati dalle banche. \u201cNel corso dell\u2019incontro abbiamo preso atto della risultanza della Commissione chiedendo di potere procedere con i primi bonifici ai cittadini truffati dalle banche \u2013 afferma il Ministro D\u2019Inc\u00e0, che aggiunge -: la Commissione si \u00e8 riservata di risolvere le diverse valutazioni interne in merito ad alcuni dettagli per la procedura da seguire. Abbiamo chiesto questo incontro e ne chiederemo, a breve, uno successivo per continuare il nostro impegno nei confronti dei risparmiatori. Ricordo che nel corso degli ultimi mesi il Governo, su richiesta degli stessi risparmiatori, aveva gi\u00e0 deciso di spostare a giugno 2020 i termini per la presentazione delle domande al Fir, il fondo indennizzo risparmiatori che \u00e8 stato messo a disposizione dei cittadini, proprio per agevolarli ulteriormente verso i risarcimenti anche in funzione dell\u2019emergenza Covid-19. Il Movimento 5 Stelle si \u00e8 impegnato fin da subito per ridare giustizia alle migliaia di cittadini che hanno subito un danno ingiusto e continuer\u00e0 a lavorare per questa causa\u201d. Inoltre \u201ccome ha sottolineato il Sottosegretario Alessio Villarosa in commissione Finanze alla Camera dei Deputati, a livello nazionale le domande complete e potenzialmente indennizzabili, al 9 settembre, sono oltre 38 mila per un valore lordo di 486 milioni di euro\u201d.<\/p>\n<p>&nbsp;<\/p>\n<p>&nbsp;<\/p>\n<hr \/>\n<blockquote>\n<h3>APPROVATO IL PROGETTO PER LA RISTRUTTURAZIONE DELL&#8217;OSPEDALE DI LAMON<\/h3>\n<\/blockquote>\n<p align=\"CENTER\"><span style=\"font-size: medium;\"><i>Al via l\u2019appalto dei lavori per 5 milioni di euro<\/i><\/span><\/p>\n<p><b><a class=\"dt-pswp-item\" href=\"https:\/\/www.radiopiu.net\/wordpress\/wp-content\/uploads\/2020\/09\/download-5.jpg\" data-dt-img-description=\"\" data-large_image_width=\"188\" data-large_image_height=\"268\"><img loading=\"lazy\" decoding=\"async\" class=\"size-full wp-image-159999 alignleft\" src=\"https:\/\/www.radiopiu.net\/wordpress\/wp-content\/uploads\/2020\/09\/download-5.jpg\" alt=\"\" width=\"188\" height=\"268\" \/><\/a>FELTRE <\/b>E\u2019 stato approvato il progetto esecutivo per la ristrutturazione e la riqualificazione funzionale dell\u2019ospedale di Lamon, del valore di 5 milioni euro di cui 4 finanziati nell\u2019ambito del progetto \u201cSanit\u00e0 del Feltrino\u201d con i Fondi di Confine e 1 milione stanziato come cofinanziamento dalla Regione del Veneto. Dopo l\u2019approvazione del progetto definitivo elaborato dalla rete di imprese con capofila la Societ\u00e0 Mythos di Aosta, \u00e8 stato validato il progetto esecutivo. Il maggior costo di\u00a0 41.269 euro rispetto al progetto definitivo approvato , \u00e8 dovuto all\u2019integrazione delle misure di sicurezza anti Covid-19 . Tale maggiore costo verr\u00e0 sostenuto con le economie derivanti dal ribasso d\u2019asta dell\u2019appalto dei lavori. Si attivano ora con le procedure per l\u2019appalto dei lavori. L\u2019intervento \u00e9 relativo alla ristrutturazione, riorganizzazione e riqualificazione del Presidio Ospedaliero di Lamon\u00a0 al fine di potenziarne e completarne le attuali attivit\u00e0 di Recupero e Riabilitazione Funzionale, di riorganizzare i servizi di diagnostica Radiologica e di Punto Prelievi a servizio sia della struttura ospedaliera che del territorio afferente la struttura sanitaria, e non da ultimo per strutturarne i servizi sanitari territoriali. <a class=\"dt-pswp-item\" href=\"https:\/\/www.radiopiu.net\/wordpress\/wp-content\/uploads\/2020\/09\/lamon.png\" data-dt-img-description=\"\" data-large_image_width=\"663\" data-large_image_height=\"417\"><img loading=\"lazy\" decoding=\"async\" class=\"size-medium wp-image-160001 alignright\" src=\"https:\/\/www.radiopiu.net\/wordpress\/wp-content\/uploads\/2020\/09\/lamon-300x189.png\" alt=\"\" width=\"300\" height=\"189\" srcset=\"https:\/\/www.radiopiu.net\/wordpress\/wp-content\/uploads\/2020\/09\/lamon-300x189.png 300w, https:\/\/www.radiopiu.net\/wordpress\/wp-content\/uploads\/2020\/09\/lamon-640x403.png 640w, https:\/\/www.radiopiu.net\/wordpress\/wp-content\/uploads\/2020\/09\/lamon.png 663w\" sizes=\"auto, (max-width: 300px) 100vw, 300px\" \/><\/a>L\u2019ospedale sar\u00e0 potenziato con 22 nuovi posti letto di riabilitazione e il miglioramento delle attuali attivit\u00e0 di Recupero e Riabilitazione Funzionale. Inoltre, saranno riorganizzati i locali dei servizi di diagnostica Radiologica, i servizi sanitari territoriali e le attivit\u00e0 socio assistenziali e sar\u00e0 realizzata una Unit\u00e0 Riabilitativa Territoriale con 7 posti letto.<\/p>\n<blockquote><p><em>&#8220;L\u2019obiettivo centrale del progetto\u00a0 di riordino \u00e8 la \u201cpersona\u201d &#8211; precisa la nota della Ulss1 &#8211;\u00a0 sia essa utente, sia essa operatore, sia essa visitatore. L\u2019ospedale deve essere percepito come un luogo accogliente sia dal punto di vista dei servizi offerti, sia dal punto di vista dello spazio fisico che deve connotarsi per il particolare confort. Sar\u00e0 curata, oltre alla funzionalit\u00e0, anche l\u2019umanizzazione degli spazi&#8221;.<\/em><\/p><\/blockquote>\n<h3><\/h3>\n<p>&nbsp;<\/p>\n<hr \/>\n<blockquote>\n<h3><\/h3>\n<h3>PRESENTATI I NUOVI PERCORSI OSS 2020-21, 7 CORSI PER 210 POSTI A DISPOSIZIONE<\/h3>\n<\/blockquote>\n<p><strong><a class=\"dt-pswp-item\" href=\"https:\/\/www.radiopiu.net\/wordpress\/wp-content\/uploads\/2018\/06\/oss-infermiere-rapporto-funzionale.jpg\" data-dt-img-description=\"\" data-large_image_width=\"1200\" data-large_image_height=\"630\"><img loading=\"lazy\" decoding=\"async\" class=\"size-medium wp-image-51574 alignleft\" src=\"https:\/\/www.radiopiu.net\/wordpress\/wp-content\/uploads\/2018\/06\/oss-infermiere-rapporto-funzionale-300x158.jpg\" alt=\"\" width=\"300\" height=\"158\" srcset=\"https:\/\/www.radiopiu.net\/wordpress\/wp-content\/uploads\/2018\/06\/oss-infermiere-rapporto-funzionale-300x158.jpg 300w, https:\/\/www.radiopiu.net\/wordpress\/wp-content\/uploads\/2018\/06\/oss-infermiere-rapporto-funzionale-768x403.jpg 768w, https:\/\/www.radiopiu.net\/wordpress\/wp-content\/uploads\/2018\/06\/oss-infermiere-rapporto-funzionale-1024x538.jpg 1024w, https:\/\/www.radiopiu.net\/wordpress\/wp-content\/uploads\/2018\/06\/oss-infermiere-rapporto-funzionale.jpg 1200w\" sizes=\"auto, (max-width: 300px) 100vw, 300px\" \/><\/a>BELLUNO<\/strong> Sono stati presentati a Palazzo Piloni i nuovi corsi Oss, percorsi formativi a riconoscimento regionale per la copertura di 210 posti nel territorio dell\u2019Ulss 1 Dolomiti (7 corsi totali: 4 nel distretto di Belluno e 3 in quello di Feltre). Un numero funzionale a coprire il fabbisogno di queste figure professionali per l\u2019immediato futuro, dato che secondo le stime della Regione Veneto da qui ai prossimi due anni ne serviranno 350 nella sola provincia di Belluno. In provincia di Belluno la struttura demografica \u00e8 preoccupantemente sbilanciata verso gli over 65. I giovani (under 15) sono meno di 15mila e costituiscono appena il 12% della popolazione complessiva, mentre gli anziani (over 65) rappresentano un quarto dei residenti totali. Da questi dati emerge un indice di dipendenza strutturale (il rapporto tra la somma dei giovanissimi e gli anziani rispetto alla popolazione attiva &#8211; 15-65 anni) tra i pi\u00f9 elevati in Italia. L\u2019inquadramento dei compiti e della mission dell\u2019operatore socio sanitario \u00e8 stato illustrato da Marco Dal Pont (referente dell\u2019Ulss 1 Dolomiti). Corsi formativi: sono previsti tre cicli. Il primo con prova di selezione il 2 ottobre e avvio entro il 20 dicembre. Il secondo con prova selettiva il 15 gennaio e avvio entro il 31 marzo. E il terzo a seguire (selezione il 15 aprile, avvio entro il 30 giugno). A copertura dei costi di organizzazione, intervengono Provincia (con un finanziamento di 35mila euro) e Consorzio Bim. A sostegno invece dei corsisti ci sar\u00e0 l\u2019intervento del Rotary Club Belluno<em>. \u00abAbbiamo predisposto 35 borse di studio da 500 euro l\u2019una, a cui si aggiunge il contributo di alcuni soci &#8211; ha spiegato la presidente, Chiara Santin -. Alcuni infatti si sono resi disponibili per tenere lezioni nei corsi e abbattere cos\u00ec ulteriormente il costo complessivo\u00bb<\/em>. Inoltre, come ogni anno, sono previsti contributi diretti anche da parte della Regione Veneto, in grado di abbattere i costi di frequenza. Informazioni dettagliate all\u2019indirizzo mail <span style=\"color: #0000ff;\">ambito.belluno@venetolavoro.it\u00a0<\/span><\/p>\n<p>&nbsp;<\/p>\n<hr \/>\n<blockquote>\n<h3>CAMBIO MEDICO IN ALPAGO E A BELLUNO<\/h3>\n<\/blockquote>\n<p><strong>ALPAGO<\/strong> Dal\u00a0 1\u00b0 ottobre nell&#8217;ambito territoriale comprendente i Comuni di Alpago, Chies d\u2019Alpago e Tambre verr\u00e0 inserita &#8211; con incarico provvisorio di Medico di Medicina Generale &#8211; la dottoressa Marta Alioto , a seguito della cessazione\u00a0 dell\u2019attivit\u00e0 della dottoressa\u00a0 Raluca Maria Stanescu. Il medico eserciter\u00e0 la propria attivit\u00e0 presso gli ambulatori a Chies d\u2019Alpago in localit\u00e0 Lamosano e a Tambre, gli assistiti della dr.ssa STANESCU saranno assegnati d\u2019ufficio la dr.ssa\u00a0 ALIOTO \u00a0e <a class=\"dt-pswp-item\" href=\"https:\/\/www.radiopiu.net\/wordpress\/wp-content\/uploads\/2015\/08\/sanita_medico.jpg\" data-dt-img-description=\"\" data-large_image_width=\"800\" data-large_image_height=\"450\"><img loading=\"lazy\" decoding=\"async\" class=\"size-medium wp-image-8643 alignright\" src=\"https:\/\/www.radiopiu.net\/wordpress\/wp-content\/uploads\/2015\/08\/sanita_medico-300x169.jpg\" alt=\"\" width=\"300\" height=\"169\" \/><\/a>potranno quindi continuare ad utilizzare la tessera sanitaria cartacea attualmente in possesso. Resta ferma la possibilit\u00e0 per gli assistiti di effettuare una scelta diversa a favore di uno dei medici con disponibilit\u00e0 di posti.<\/p>\n<p><strong>BELLUNO<\/strong> l 30 settembre termina il proprio incarico il dottor Alberto Simiele, medico di assistenza primaria nell\u2019ambito territoriale dei Comuni di Belluno, Limana, Ponte nelle Alpi e Soverzene. Pertanto, per continuare a fruire dell\u2019assistenza medica in forma diretta e gratuita a carico del Servizio Sanitario Nazionale, i suoi assistiti dovranno scegliere uno dei medici di assistenza primaria con disponibilit\u00e0 di posti dell\u2019ambito territoriale citato. \u00c9 possibile verificare in tempo reale la disponibilit\u00e0 dei medici, collegandosi al seguente <span style=\"color: #0000ff;\">link https:\/\/salute.regione.veneto.it\/servizi\/cerca-medici-e-pediatri<\/span> selezionando un medico, si visualizzer\u00e0 il numero dei posti disponibili indicato in corrispondenza della voce \u201cDisponibilit\u00e0 assistiti illimitati\u201d.<\/p>\n<p>&nbsp;<\/p>\n<hr \/>\n<blockquote>\n<h3><\/h3>\n<h3>SCUOLA. IL \u201cPIANO PER LA RIPARTENZA\u201d IN UN DEPLIANT, UN AGILE PROMEMORIA PER ALUNNI, INSEGNANTI, FAMIGLIE E OPERATORI SCOLASTICI<\/h3>\n<\/blockquote>\n<p><strong><a class=\"dt-pswp-item\" href=\"https:\/\/www.radiopiu.net\/wordpress\/wp-content\/uploads\/2020\/06\/Scuola-Valeriano-Castion-1.jpeg\" data-dt-img-description=\"\" data-large_image_width=\"1600\" data-large_image_height=\"900\"><img loading=\"lazy\" decoding=\"async\" class=\"size-medium wp-image-142818 alignleft\" src=\"https:\/\/www.radiopiu.net\/wordpress\/wp-content\/uploads\/2020\/06\/Scuola-Valeriano-Castion-1-300x169.jpeg\" alt=\"\" width=\"300\" height=\"169\" srcset=\"https:\/\/www.radiopiu.net\/wordpress\/wp-content\/uploads\/2020\/06\/Scuola-Valeriano-Castion-1-300x169.jpeg 300w, https:\/\/www.radiopiu.net\/wordpress\/wp-content\/uploads\/2020\/06\/Scuola-Valeriano-Castion-1-1024x576.jpeg 1024w, https:\/\/www.radiopiu.net\/wordpress\/wp-content\/uploads\/2020\/06\/Scuola-Valeriano-Castion-1-768x432.jpeg 768w, https:\/\/www.radiopiu.net\/wordpress\/wp-content\/uploads\/2020\/06\/Scuola-Valeriano-Castion-1-1536x864.jpeg 1536w, https:\/\/www.radiopiu.net\/wordpress\/wp-content\/uploads\/2020\/06\/Scuola-Valeriano-Castion-1.jpeg 1600w\" sizes=\"auto, (max-width: 300px) 100vw, 300px\" \/><\/a>VENEZIA<\/strong> Il \u2018piano per la ripartenza\u2019 della scuola veneta in un semplice pieghevole, distribuito a tutte le scuole di ogni ordine e grado del Veneto, statali e paritarie, e agli enti locali per ricordare ad alunni e docenti, famiglie e dirigenti, personale ausiliario e amministrativi tutte le regole di comportamento per un rientro in classe in sicurezza:\u00a0 Ufficio Scolastico regionale\u00a0 e assessorato all\u2019Istruzione e formazione della Regione Veneto hanno predisposto un agile promemoria delle linee guida del protocollo di sicurezza per la scuola in emergenza Covid, in vista del ritorno a scuola, da luned\u00ec prossimo,\u00a0 dei 700 mila studenti veneti e\u00a0 degli operatori scolastici dei 600 istituti statali e delle oltre 1300 scuole del sistema paritario, nonch\u00e8 dei 21 mila allievi e 3 mila operatori delle oltre 130 scuole professionali del Veneto. Il pieghevole ricapitola le indicazioni che emergono dai principali documenti nazionali e locali adottati per prevenire e contrastare il Covid 19 in ambiente scolastico per alunni, insegnanti, familiari e accompagnatori, per una corretta sorveglianza sanitaria e per accompagnare tutte le fasi dell\u2019attivit\u00e0 scolastica: dalle regole di ingresso e uscita dagli ambienti scolastici, ai comportamenti da adottare in classe durante le attivit\u00e0 didattiche, all\u2019organizzazione degli spazi, alle mansioni affidate al personale tecnico e ausiliario, fino agli eventuali\u00a0 casi di emergenza, se cio\u00e8 un alunno o un insegnante manifestasse i sintomi della positivit\u00e0 al virus.<\/p>\n<blockquote>\n<h3><\/h3>\n<\/blockquote>\n<hr \/>\n<p>&nbsp;<\/p>\n<p>&nbsp;<\/p>\n<blockquote>\n<h3>SEI NUOVE POSITIVITA&#8217;, TRE DA LABORATORI PRIVATI<\/h3>\n<\/blockquote>\n<blockquote><p><em>Test sierologico sul personale scolastico: 16 positivi, pari allo 0,6% ma nessun \u00e8 risultato positivo al tampone<\/em><\/p><\/blockquote>\n<p><strong><img loading=\"lazy\" decoding=\"async\" class=\"alignleft\" src=\"https:\/\/www.radiopiu.net\/wordpress\/wp-content\/uploads\/2020\/03\/covid-ulss.jpg\" width=\"198\" height=\"148\" \/>BELLUNO<\/strong> Nelle ultime24 ore di attivit\u00e0 laboratoristica l\u2019Azienda Dolomiti ha messo in evidenza tre nuove positivit\u00e0: due giovani fratelli di nazionalit\u00e0 straniera gi\u00e0 in quarantena in quanto contatti di caso in ambito familiare; un ragazzo italiano anch\u2019esso gi\u00e0 quarantenato in quanto contatto di caso in ambito familiare. Oltre a ci\u00f2, il Dipartimento di Prevenzione ha oggi preso in carico tre positivit\u00e0 diagnosticate presso un laboratorio privato del territorio: un uomo di nazionalit\u00e0 straniera residente in provincia, asintomatico sottoposto a tampone, su richiesta personale per poter raggiungere il Paese d\u2019origine: isolato con quarantena dei familiari; due colleghi di lavoro, uno residente in provincia, l\u2019altro qui domiciliato, inviati privatamente alla diagnostica COVID dal datore di lavoro, risultato positivo in altra sede: isolati, con provvedimenti contumaciali a carico dei familiari. Si \u00e8 conclusa oggi la sessione di recupero dei <b>test sierologici del personale della scuola<\/b>. Il dato complessivo alle ore 13.00 di IERI \u00e8 il seguente: test eseguiti dal Dipartimento di prevenzione: <span style=\"font-size: medium;\"><b>1.691 <\/b><\/span>test eseguiti dai 53 medici aderenti al progetto nazionale: <span style=\"font-size: medium;\"><b>822 <\/b><\/span>TOTALE di <b>2.513<\/b> test.\u00a0 Sono risultati positivi al test sierologico 16 persone, pari <b>0,6% del totale<\/b>. Nessuno \u00e8 risultato positivo al tampone.<\/p>\n<p>&nbsp;<\/p>\n<p>&nbsp;<\/p>\n<p>&nbsp;<\/p>\n<hr \/>\n<p>&nbsp;<\/p>\n<blockquote>\n<h3>TEST SUL PERSONALE SCOLASTICO: DUE SU TRE SI SONO SOTTOPOSTI AL TEST<\/h3>\n<\/blockquote>\n<p><strong>VENEZIA<\/strong> Del personale docente e non docente che opera nella scuola 2 su 3 in Veneto hanno accettato di sottoporsi al test sierologico. I risultati: l&#8217;1,9% si \u00e8 infettato, ma potrebbe trattarsi in larga parte di falsi positivi,\u00a0 solo 3 conferme su oltre un migliaio di presunti contagiati. Il consuntivo della Regione, aggiornato alla mezzanotte di ieri: 58.558 lavoratori della scuola controllati, su un totale di 95.000 dipendenti, 57.438 negativi e 1.120 positivi. Questi ultimi si concentrano per due terzi in tre province: 279 a Treviso (su 11.126 esami effettuati), 206 a Padova (su 11.792) e 203 a Vicenza (su 7.281). Intanto l&#8217;Ufficio scolastico regionale e l&#8217;assessorato veneto all&#8217;Istruzione hanno predisposto un promemoria delle linee- guida sulla sicurezza, in vista del ritorno in classe di 700.000 studenti nei 600 istituti statali e nelle oltre 1.300 scuole del sistema paritario, nonch\u00e9 dei 21.000 allievi e 3.000 operatori delle oltre 130 scuole professionali. IL BOLLETTINO:188 nuovi casi, 2.946 attualmente positivi. I ricoverati salgono a 148 in area non critica, restano 18 in Terapia intensiva e crescono a 25 negli ospedali di comunit\u00e0. Ieri un decesso che porta il totale a\u00a0 2.136.<\/p>\n<p>&nbsp;<\/p>\n<p>&nbsp;<\/p>\n<blockquote class=\"wp-embedded-content\" data-secret=\"x90xxzQMXd\"><p><a href=\"https:\/\/www.radiopiu.net\/wordpress\/10settembre\/\">CORONAVIRUS: AGGIORNAMENTO NAZIONALE 10 SETTEMBRE<\/a><\/p><\/blockquote>\n<p><iframe loading=\"lazy\" class=\"wp-embedded-content\" sandbox=\"allow-scripts\" security=\"restricted\" style=\"position: absolute; clip: rect(1px, 1px, 1px, 1px);\" title=\"&#8220;CORONAVIRUS: AGGIORNAMENTO NAZIONALE 10 SETTEMBRE&#8221; &#8212; Radio Pi\u00f9\" src=\"https:\/\/www.radiopiu.net\/wordpress\/10settembre\/embed\/#?secret=x90xxzQMXd\" data-secret=\"x90xxzQMXd\" width=\"600\" height=\"338\" frameborder=\"0\" marginwidth=\"0\" marginheight=\"0\" scrolling=\"no\"><\/iframe><\/p>\n<p>&nbsp;<\/p>\n<p>&nbsp;<\/p>\n<blockquote class=\"wp-embedded-content\" data-secret=\"MZiaaVASgn\"><p><a href=\"https:\/\/www.radiopiu.net\/wordpress\/settembre2020_\/\">NELLE ULTIME 24 ORE: 1 DECESSO PER COVID, +188 POSITIVI, IN AUMENTO GLI ATTUALMENTE POSITIVI (+39) E I RICOVERI IN OSPEDALE (+2)<\/a><\/p><\/blockquote>\n<p><iframe loading=\"lazy\" class=\"wp-embedded-content\" sandbox=\"allow-scripts\" security=\"restricted\" style=\"position: absolute; clip: rect(1px, 1px, 1px, 1px);\" title=\"&#8220;NELLE ULTIME 24 ORE: 1 DECESSO PER COVID, +188 POSITIVI, IN AUMENTO GLI ATTUALMENTE POSITIVI (+39) E I RICOVERI IN OSPEDALE (+2)&#8221; &#8212; Radio Pi\u00f9\" src=\"https:\/\/www.radiopiu.net\/wordpress\/settembre2020_\/embed\/#?secret=MZiaaVASgn\" data-secret=\"MZiaaVASgn\" width=\"600\" height=\"338\" frameborder=\"0\" marginwidth=\"0\" marginheight=\"0\" scrolling=\"no\"><\/iframe><\/p>\n<p>&nbsp;<\/p>\n<hr \/>\n<p>&nbsp;<\/p>\n<p>I GRAFICI DI TIZIANO DE COL<\/p>\n<p><a class=\"dt-pswp-item\" href=\"https:\/\/www.radiopiu.net\/wordpress\/wp-content\/uploads\/2020\/09\/82d330d2-7f10-4d1f-9a0e-f2b683745847.jpg\" data-dt-img-description=\"\" data-large_image_width=\"480\" data-large_image_height=\"334\"><img loading=\"lazy\" decoding=\"async\" class=\"alignnone wp-image-160050\" src=\"https:\/\/www.radiopiu.net\/wordpress\/wp-content\/uploads\/2020\/09\/82d330d2-7f10-4d1f-9a0e-f2b683745847-300x209.jpg\" alt=\"\" width=\"280\" height=\"195\" srcset=\"https:\/\/www.radiopiu.net\/wordpress\/wp-content\/uploads\/2020\/09\/82d330d2-7f10-4d1f-9a0e-f2b683745847-300x209.jpg 300w, https:\/\/www.radiopiu.net\/wordpress\/wp-content\/uploads\/2020\/09\/82d330d2-7f10-4d1f-9a0e-f2b683745847.jpg 480w\" sizes=\"auto, (max-width: 280px) 100vw, 280px\" \/><\/a><a class=\"dt-pswp-item\" href=\"https:\/\/www.radiopiu.net\/wordpress\/wp-content\/uploads\/2020\/09\/6b4be193-f2a1-452a-8611-ae88eea59af8.jpg\" data-dt-img-description=\"\" data-large_image_width=\"602\" data-large_image_height=\"642\"><img loading=\"lazy\" decoding=\"async\" class=\"alignnone size-medium wp-image-160051\" src=\"https:\/\/www.radiopiu.net\/wordpress\/wp-content\/uploads\/2020\/09\/6b4be193-f2a1-452a-8611-ae88eea59af8-281x300.jpg\" alt=\"\" width=\"281\" height=\"300\" srcset=\"https:\/\/www.radiopiu.net\/wordpress\/wp-content\/uploads\/2020\/09\/6b4be193-f2a1-452a-8611-ae88eea59af8-281x300.jpg 281w, https:\/\/www.radiopiu.net\/wordpress\/wp-content\/uploads\/2020\/09\/6b4be193-f2a1-452a-8611-ae88eea59af8-450x480.jpg 450w, https:\/\/www.radiopiu.net\/wordpress\/wp-content\/uploads\/2020\/09\/6b4be193-f2a1-452a-8611-ae88eea59af8.jpg 602w\" sizes=\"auto, (max-width: 281px) 100vw, 281px\" \/><\/a><\/p>\n<p>&nbsp;<\/p>\n<hr \/>\n<blockquote>\n<h3>ITS MECCATRONICO, VIA ALLE SELEZIONI PER IL NUOVO PERCORSO MADE IN BELLUNO<\/h3>\n<\/blockquote>\n<p><strong><a class=\"dt-pswp-item\" href=\"https:\/\/www.radiopiu.net\/wordpress\/wp-content\/uploads\/2020\/09\/industry-3225119__340.jpg\" data-dt-img-description=\"\" data-large_image_width=\"510\" data-large_image_height=\"340\"><img loading=\"lazy\" decoding=\"async\" class=\" wp-image-159997 alignleft\" src=\"https:\/\/www.radiopiu.net\/wordpress\/wp-content\/uploads\/2020\/09\/industry-3225119__340-300x200.jpg\" alt=\"\" width=\"215\" height=\"143\" srcset=\"https:\/\/www.radiopiu.net\/wordpress\/wp-content\/uploads\/2020\/09\/industry-3225119__340-300x200.jpg 300w, https:\/\/www.radiopiu.net\/wordpress\/wp-content\/uploads\/2020\/09\/industry-3225119__340.jpg 510w\" sizes=\"auto, (max-width: 215px) 100vw, 215px\" \/><\/a>BELLUNO<\/strong>\u00a0 Il 22 settembre si terranno le selezioni per il nuovo corso \u201cTecnico superiore per l\u2019automazione e i sistemi meccatronici\u201d, promosso dalla Fondazione ITS Academy Meccatronico del Veneto su impulso di Confindustria Belluno Dolomiti. \u201cIl manifatturiero bellunese \u2013 nonostante il Covid e la crisi che ne \u00e8 derivata \u2013 continua ad avere fame di competenze, passione e talento per poter competere e crescere\u201d, afferma Lorraine Berton, presidente dell\u2019Associazione degli Industriali. \u201cPer questo, chiedo nuovamente ai giovani bellunesi di prendere in seria considerazione questa opportunit\u00e0 concreta di alta formazione. Le chance di farcela e di entrare nel mondo del lavoro dalla porta d\u2019ingresso sono elevatissime\u201d. Oltre il 98 per cento di chi frequenta un percorso dell\u2019Its Meccatronico trova occupazione a pochi mesi dal conseguimento del titolo.\u00a0 L\u2019ITS meccatronico (ITS sta per Istituto Tecnico Superiore) \u00e8 un corso post-maturit\u00e0, biennale, che prevede duemila ore di formazione &#8211; di queste 1200 in aula, 800 in azienda &#8211; e rivolto a tutte le persone con diploma di scuola secondaria di secondo grado, studenti, inoccupati, disoccupati. Per tutte le informazioni e le preiscrizioni www.itsmeccatronico.it<\/p>\n<p>&nbsp;<\/p>\n<hr \/>\n<p>&nbsp;<\/p>\n<blockquote>\n<h3>NOVITA&#8217; AL MUSEO DELLA BICICLETTA &#8220;BEVILACQUA&#8221;<\/h3>\n<\/blockquote>\n<p><img loading=\"lazy\" decoding=\"async\" class=\"alignleft\" src=\"https:\/\/www.radiopiu.net\/wordpress\/wp-content\/uploads\/2020\/09\/download-7.jpg\" width=\"144\" height=\"108\" \/><strong>CESIOMAGGIORE<\/strong><\/p>\n<p><strong>DI DAMIANO TORMEN<\/strong><\/p>\n<audio class=\"wp-audio-shortcode\" id=\"audio-159975-3\" preload=\"none\" style=\"width: 100%;\" controls=\"controls\"><source type=\"audio\/mpeg\" src=\"https:\/\/www.radiopiu.net\/wordpress\/wp-content\/uploads\/2020\/09\/cesio-damiano.mp3?_=3\" \/><a href=\"https:\/\/www.radiopiu.net\/wordpress\/wp-content\/uploads\/2020\/09\/cesio-damiano.mp3\">https:\/\/www.radiopiu.net\/wordpress\/wp-content\/uploads\/2020\/09\/cesio-damiano.mp3<\/a><\/audio>\n<p>&nbsp;<\/p>\n<p>&nbsp;<\/p>\n<hr \/>\n<h2><\/h2>\n<h2><span style=\"color: #ff0000;\">IL FUTURO E&#8217; ADESSO<\/span><\/h2>\n<blockquote>\n<h3 style=\"text-align: left;\">A SOSPIROLO SI POTRA&#8217; RICARICARE L&#8217;AUTO ELETTRICA<\/h3>\n<\/blockquote>\n<p><strong><a class=\"dt-pswp-item\" href=\"https:\/\/www.radiopiu.net\/wordpress\/wp-content\/uploads\/2020\/09\/unnamed-1.jpg\" data-dt-img-description=\"\" data-large_image_width=\"512\" data-large_image_height=\"288\"><img loading=\"lazy\" decoding=\"async\" class=\" wp-image-160056 alignleft\" src=\"https:\/\/www.radiopiu.net\/wordpress\/wp-content\/uploads\/2020\/09\/unnamed-1-300x169.jpg\" alt=\"\" width=\"188\" height=\"106\" srcset=\"https:\/\/www.radiopiu.net\/wordpress\/wp-content\/uploads\/2020\/09\/unnamed-1-300x169.jpg 300w, https:\/\/www.radiopiu.net\/wordpress\/wp-content\/uploads\/2020\/09\/unnamed-1.jpg 512w\" sizes=\"auto, (max-width: 188px) 100vw, 188px\" \/><\/a>SOSPIROLO<\/strong><\/p>\n<p><strong>DI DAMIANO TORMEN<\/strong><\/p>\n<audio class=\"wp-audio-shortcode\" id=\"audio-159975-4\" preload=\"none\" style=\"width: 100%;\" controls=\"controls\"><source type=\"audio\/mpeg\" src=\"https:\/\/www.radiopiu.net\/wordpress\/wp-content\/uploads\/2020\/09\/damiano-sosspirolo.mp3?_=4\" \/><a href=\"https:\/\/www.radiopiu.net\/wordpress\/wp-content\/uploads\/2020\/09\/damiano-sosspirolo.mp3\">https:\/\/www.radiopiu.net\/wordpress\/wp-content\/uploads\/2020\/09\/damiano-sosspirolo.mp3<\/a><\/audio>\n<p>&nbsp;<\/p>\n<p>&nbsp;<\/p>\n<hr \/>\n<blockquote>\n<h3>QUESTA SERA CONSIGLIO COMUNALE A TAIBON<\/h3>\n<\/blockquote>\n<p><b>TAIBON<\/b> Il sindaco Silvia Tormen ha\u00a0 convocato i consiglieri per le 18, all&#8217;ordine del giorno la variazione al bilancio, la salvaguardia degli equilibri di bilancio e la convenzione con l&#8217;Unione Montana e alcuni Comuni per il servizio rilascio autorizzazioni paesaggistiche &#8211; Sirap.<\/p>\n<p>&nbsp;<\/p>\n<hr \/>\n<p>&nbsp;<\/p>\n<blockquote>\n<h2>MOTOGIRO E AUTOGIRO D&#8217;ITALIA SULLE STRADE DELLA PROVINCIA<\/h2>\n<\/blockquote>\n<p><strong>TAIBON<\/strong> Ieri abbiamo riportato l&#8217;importante notizia del Motogiro D&#8217;Italia che transiter\u00e0 tra le Dolomiti, da Feltre ad Agordo, da Voltago al Primiero, da Falcade ad Alleghe e fino a Cortina, come da speciale sotto riportato (aprire per gli approfondimenti).<\/p>\n<blockquote class=\"wp-embedded-content\" data-secret=\"2Awa7UbGQI\"><p><a href=\"https:\/\/www.radiopiu.net\/wordpress\/il-motogiro-abbraccia-le-dolomiti-martedi-a-feltre-cortina-agordo-falcade-e-alleghe\/\">IL MOTOGIRO ABBRACCIA LE DOLOMITI, MARTEDI A FELTRE  CORTINA, AGORDO, FALCADE E ALLEGHE<\/a><\/p><\/blockquote>\n<p><iframe loading=\"lazy\" class=\"wp-embedded-content\" sandbox=\"allow-scripts\" security=\"restricted\" style=\"position: absolute; clip: rect(1px, 1px, 1px, 1px);\" title=\"&#8220;IL MOTOGIRO ABBRACCIA LE DOLOMITI, MARTEDI A FELTRE  CORTINA, AGORDO, FALCADE E ALLEGHE&#8221; &#8212; Radio Pi\u00f9\" src=\"https:\/\/www.radiopiu.net\/wordpress\/il-motogiro-abbraccia-le-dolomiti-martedi-a-feltre-cortina-agordo-falcade-e-alleghe\/embed\/#?secret=2Awa7UbGQI\" data-secret=\"2Awa7UbGQI\" width=\"600\" height=\"338\" frameborder=\"0\" marginwidth=\"0\" marginheight=\"0\" scrolling=\"no\"><\/iframe><\/p>\n<blockquote>\n<h3>Nelle stesse date del Motogiro d&#8217;Italia ecco anche l&#8217;Autogiro, la corsa di auto d&#8217;epoca che celebra l&#8217;Italia dei motori e dell&#8217;artigianato. Martedi 15 nello scenario dolomitico con arrivo a Cortina e passaggio per l&#8217;Agordino<\/h3>\n<\/blockquote>\n<p><a class=\"dt-pswp-item\" href=\"https:\/\/www.radiopiu.net\/wordpress\/wp-content\/uploads\/2020\/09\/autogiro-filo-doro.jpg\" data-dt-img-description=\"\" data-large_image_width=\"960\" data-large_image_height=\"720\"><img loading=\"lazy\" decoding=\"async\" class=\" wp-image-159973 alignleft\" src=\"https:\/\/www.radiopiu.net\/wordpress\/wp-content\/uploads\/2020\/09\/autogiro-filo-doro-300x225.jpg\" alt=\"\" width=\"273\" height=\"205\" srcset=\"https:\/\/www.radiopiu.net\/wordpress\/wp-content\/uploads\/2020\/09\/autogiro-filo-doro-300x225.jpg 300w, https:\/\/www.radiopiu.net\/wordpress\/wp-content\/uploads\/2020\/09\/autogiro-filo-doro-768x576.jpg 768w, https:\/\/www.radiopiu.net\/wordpress\/wp-content\/uploads\/2020\/09\/autogiro-filo-doro-640x480.jpg 640w, https:\/\/www.radiopiu.net\/wordpress\/wp-content\/uploads\/2020\/09\/autogiro-filo-doro.jpg 960w\" sizes=\"auto, (max-width: 273px) 100vw, 273px\" \/><\/a>La corsa partir\u00e0 il 13 settembre da Verona Villafranca e far\u00e0 un passaggio anche tra le Dolomiti bellunesi. Il percorso si snoder\u00e0 nelle tappe intermedie di Treviso, Cortina, Trento, Salsomaggiore Terme (Parma) e Montecatini Terme (Pistoia) per concludersi il 19 settembre ancora a Verona dove si svolger\u00e0 la cerimonia di premiazione. Una corsa di 1.700 chilometri, che impegner\u00e0 65 equipaggi, nell\u2019Italia dell\u2019artigianato e delle piccole imprese per celebrare lo stile e la velocit\u00e0 delle auto d\u2019epoca, la passione di chi le guida e il talento degli artigiani che le mantengono in perfetta forma. Nell\u2019Autogiro d\u2019Italia 2020 non c\u2019\u00e8 soltanto la passione per la tradizione motoristica, per i raid epici e per le storiche competizioni delle granfondo su strada, Confartigianato far\u00e0 scoprire l\u2019identit\u00e0 artigiana dei territori italiani che verranno attraversati durante la corsa. Infatti, in ciascuna delle sei tappe, sar\u00e0 protagonista di un Villaggio Ospitalit\u00e0 dove accoglier\u00e0 gli equipaggi e, accanto alle auto in esposizione, mostrer\u00e0 e offrir\u00e0 il meglio dei prodotti e dei servizi realizzati dagli artigiani e dai piccoli imprenditori. Una vetrina importantissima anche per il Bellunese e i suoi prodotti. La corsa automobilistica arriver\u00e0 a Cortina marted\u00ec 15 nel pomeriggio, al termine della seconda tappa (l\u2019orario previsto \u00e8 attorno alle 16, davanti al palazzo del ghiaccio, con tappa intermedia ad Agordo, in piazza, attorno alle 12.30). E ripartir\u00e0 da Cortina mercoled\u00ec 16.<\/p>\n<p>&nbsp;<\/p>\n<p><iframe loading=\"lazy\" title=\"Autogiro D&#039;Italia - Historical Challenge\" width=\"1200\" height=\"900\" src=\"https:\/\/www.youtube.com\/embed\/N6ZaQQbvHpQ?feature=oembed\" frameborder=\"0\" allow=\"accelerometer; autoplay; clipboard-write; encrypted-media; gyroscope; picture-in-picture\" allowfullscreen><\/iframe><\/p>\n<p>&nbsp;<\/p>\n<hr \/>\n<p>&nbsp;<\/p>\n<blockquote>\n<h3>PISCINEWS: ATTIVAMENTE AGORDINO AI BLOCCHI DELLA RIPARTENZA<\/h3>\n<\/blockquote>\n<p><strong><a class=\"dt-pswp-item\" href=\"https:\/\/www.radiopiu.net\/wordpress\/wp-content\/uploads\/2020\/05\/PISCINA-AGORDO.jpg\" data-dt-img-description=\"\" data-large_image_width=\"1600\" data-large_image_height=\"737\"><img loading=\"lazy\" decoding=\"async\" class=\" wp-image-140455 alignleft\" src=\"https:\/\/www.radiopiu.net\/wordpress\/wp-content\/uploads\/2020\/05\/PISCINA-AGORDO-300x138.jpg\" alt=\"\" width=\"265\" height=\"121\" srcset=\"https:\/\/www.radiopiu.net\/wordpress\/wp-content\/uploads\/2020\/05\/PISCINA-AGORDO-300x138.jpg 300w, https:\/\/www.radiopiu.net\/wordpress\/wp-content\/uploads\/2020\/05\/PISCINA-AGORDO-1024x472.jpg 1024w, https:\/\/www.radiopiu.net\/wordpress\/wp-content\/uploads\/2020\/05\/PISCINA-AGORDO-768x354.jpg 768w, https:\/\/www.radiopiu.net\/wordpress\/wp-content\/uploads\/2020\/05\/PISCINA-AGORDO-1536x708.jpg 1536w, https:\/\/www.radiopiu.net\/wordpress\/wp-content\/uploads\/2020\/05\/PISCINA-AGORDO.jpg 1600w\" sizes=\"auto, (max-width: 265px) 100vw, 265px\" \/><\/a>AGORDO<\/strong> <span style=\"color: #3d3d3d;\"><span style=\"font-family: Arial, serif;\"><span style=\"font-size: small;\"><span lang=\"it-IT\">Dopo una stagione estiva positiva, la Piscina Comprensoriale di Agordo, \u00e8 pronta a ripartire dal 14 settembre con le nuove attivit\u00e0 autunnali dedicate a grandi e piccini e garantite da istruttori qualificati. <\/span><\/span><\/span><\/span><span style=\"font-size: small; font-family: Arial, serif; color: #3d3d3d;\">Continuano i corsi della scuola di nuoto e perfezionamento per bambini e adulti, corsi baby (3-6 anni) e inizieranno nuovamente i corsi babyssimi (18-36 mesi) per accompagnare i pi\u00f9 piccoli ai primi approcci con l\u2019acqua.\u00a0<\/span><span style=\"color: #3d3d3d;\"><span style=\"font-family: Arial, serif;\"><span style=\"font-size: small;\"><span lang=\"it-IT\">Confermati anche tutti i corsi di acquafitness che prevedono diverse discipline che spaziano dall\u2019acquagym, alla ginnastica dolce, al circuit training con l\u2019uso di idro-bike, tapis roulant e step, attivit\u00e0 che si possono provare con un abbonamento a frequenza libera, che d\u00e0 la possibilit\u00e0 di provare tutta l\u2019offerta. <\/span><\/span><\/span><\/span><span style=\"font-family: Arial, serif; color: #3d3d3d; font-size: small;\">Il sabato dalle 8.45 alle 9.30 ci sar\u00e0 anche un nuovo corso gestanti rivolto alle donne in dolce attesa per migliorare la respirazione, la circolazione e il tono muscolare, alternando fasi di rilassamento. <\/span><span style=\"color: #3d3d3d;\"><span style=\"font-family: Arial, serif;\"><span style=\"font-size: small;\"><span lang=\"it-IT\">La piscina \u00e8 aperta tutti i giorni anche per il nuoto libero nei seguenti orari: luned\u00ec 9.30-21, marted\u00ec 19.30-21, mercoled\u00ec 9.30-21, gioved\u00ec 14-21, venerd\u00ec 19.30-21, sabato 9.30-20 e domenica 15-19 con possibilit\u00e0 di abbonamenti e agevolazioni per gruppi e famiglie. <\/span><\/span><\/span><\/span><span style=\"font-size: small; font-family: Arial, serif; color: #3d3d3d;\">Possibilit\u00e0 anche di lezioni individuali e attivit\u00e0 di riabilitazione e movimento in acqua con personale esperto in Fisioterapia e Scienze Motorie. <\/span><span style=\"color: #3d3d3d;\"><span style=\"font-family: Arial, serif;\"><span style=\"font-size: small;\"><span lang=\"it-IT\">Per info e prenotazioni 0437\/62406 o direttamente presso la segreteria della piscina di via Lungo Rova, aperta tutti i giorni. Pagina F<\/span><\/span><\/span><\/span><span style=\"color: #3d3d3d;\"><span style=\"font-family: Arial, serif;\"><span style=\"font-size: small;\">acebook Attivamente Agordino &#8211; Piscina &amp; Palestra Comprensoriale<\/span><\/span><\/span><\/p>\n<p>&nbsp;<\/p>\n<p>&nbsp;<\/p>\n<hr \/>\n<blockquote>\n<h3><\/h3>\n<h3>AL VIA IL FESTIVAL DELLE FORESTE, RICCO IL PROGRAMMA EVENTI<\/h3>\n<h3><strong>FESTIVAL DELLE FORESTE 2020: CONTO ALLA ROVESCIA<\/strong><\/h3>\n<\/blockquote>\n<p><a class=\"dt-pswp-item\" href=\"https:\/\/www.radiopiu.net\/wordpress\/wp-content\/uploads\/2020\/09\/download-4.jpg\" data-dt-img-description=\"\" data-large_image_width=\"259\" data-large_image_height=\"194\"><img loading=\"lazy\" decoding=\"async\" class=\" wp-image-159996 alignleft\" src=\"https:\/\/www.radiopiu.net\/wordpress\/wp-content\/uploads\/2020\/09\/download-4.jpg\" alt=\"\" width=\"207\" height=\"155\" \/><\/a><strong>LONGARONE-CANSIGLIO<\/strong> Tre giorni dedicati alle foreste, al comparto forestale e all\u2019importante filiera del legno con la 2^ edizione del Festival delle Foreste, in programma contemporaneamente a Longarone , presso i padiglioni la Fiera, e nella foresta demaniale del Cansiglio oggi e per tre giorni.\u00a0 Oggi\u00a0 alle 9.30 in sala Hangar del Cansiglio\u00a0focus \u201c<em>Risorse genetiche e vivaismo forestale dopo la tempesta Vaia<\/em>\u201d.\u00a0 Alle 14.30 in sala Piave a LongaroneFiere, sar\u00e0 presentato il progetto nazionale \u201cFor.Italy\u201d che prevede l\u2019attivazione di corsi di formazione interregionali per \u201cIstruttori forestali\u201d. A seguire\u00a0 il progetto \u201cMalgonera\u201d, la Foresta di Taibon Agordino gestita da Veneto Agricoltura, divenuta dopo la tempesta Vaia un laboratorio a cielo aperto. La giornata si concluder\u00e0\u00a0con la presentazione del \u201cProgetto RAF &#8211; <em>Rapporto sullo stato delle foreste del Veneto<\/em>\u201d. Domenica 13 settembre alle 11 in sala Costantini\u00a0 a Longarone si svolger\u00e0 l\u2019assegnazione del Premio \u201c<em>Jean Giono: l\u2019uomo che piantava gli alberi<\/em>\u201d, edizione 2020.<\/p>\n<p>&nbsp;<\/p>\n<hr \/>\n<p>&nbsp;<\/p>\n<blockquote>\n<h3>IL DOCUFILM MOVIDA ALLE FINALE DI ROMA<\/h3>\n<\/blockquote>\n<p><a class=\"dt-pswp-item\" href=\"https:\/\/www.radiopiu.net\/wordpress\/wp-content\/uploads\/2020\/09\/locandina-MOVIDA-1-1-scaled.jpg\" data-dt-img-description=\"\" data-large_image_width=\"1097\" data-large_image_height=\"2560\"><img loading=\"lazy\" decoding=\"async\" class=\" wp-image-160006 alignleft\" src=\"https:\/\/www.radiopiu.net\/wordpress\/wp-content\/uploads\/2020\/09\/locandina-MOVIDA-1-1-129x300.jpg\" alt=\"\" width=\"104\" height=\"242\" srcset=\"https:\/\/www.radiopiu.net\/wordpress\/wp-content\/uploads\/2020\/09\/locandina-MOVIDA-1-1-129x300.jpg 129w, https:\/\/www.radiopiu.net\/wordpress\/wp-content\/uploads\/2020\/09\/locandina-MOVIDA-1-1-439x1024.jpg 439w, https:\/\/www.radiopiu.net\/wordpress\/wp-content\/uploads\/2020\/09\/locandina-MOVIDA-1-1-768x1791.jpg 768w, https:\/\/www.radiopiu.net\/wordpress\/wp-content\/uploads\/2020\/09\/locandina-MOVIDA-1-1-658x1536.jpg 658w, https:\/\/www.radiopiu.net\/wordpress\/wp-content\/uploads\/2020\/09\/locandina-MOVIDA-1-1-878x2048.jpg 878w, https:\/\/www.radiopiu.net\/wordpress\/wp-content\/uploads\/2020\/09\/locandina-MOVIDA-1-1-206x480.jpg 206w, https:\/\/www.radiopiu.net\/wordpress\/wp-content\/uploads\/2020\/09\/locandina-MOVIDA-1-1-scaled.jpg 1097w\" sizes=\"auto, (max-width: 104px) 100vw, 104px\" \/><\/a>Movida, il docufilm sulla \u2018Montagna che r-Esiste\u2019, realizzato lo scorso anno dal Laboratorio Cinema del Liceo Giorgio Dal Piaz di Feltre \u00e8 tra i film finalisti del SalinaDocFest, rassegna cinematografica internazionale dedicata al<br \/>\ndocumentario narrativo. Verr\u00e0 presentato a Roma, Orto Botanico, domenica 20 settembre alle ore 12 in prima assoluta. Della giuria fa parte l\u2019attrice Jasmine Trinca. Il Liceo Dal Piaz \u00e8 stata una delle scuole ammesse al finanziamento nella sezione Visioni Fuoriluogo. Grazie al cospicuo finanziamento ottenuto \u00e8 stato costituito il Laboratorio Cinema permanente del Liceo Dal Piaz dotato di attrezzature professionali; per la realizzazione del film \u00e8 stato possibile inoltre<br \/>\nformare una troupe di giovani e talentuosi professionisti (quasi tutti diplomati al Centro sperimentale di Cinematografia) che hanno lavorato al documentario insieme agli studenti impegnati in questa nuova proposta didattica.<\/p>\n<p>&nbsp;<\/p>\n<p>&nbsp;<\/p>\n<hr \/>\n<blockquote>\n<h3><\/h3>\n<h3>SABATO 26 SETTEMBRE LA PRESENTAZIONE ALLO SKI COLLEGE<\/h3>\n<\/blockquote>\n<p><strong>FALCADE<\/strong> Sabato 26 settembre alle 14.30 al polo scolastico di Falcade, presso la Sala Polifunzionale Dolomiti di\u00a0 Via Trieste, saranno presentate le squadre agonistiche 2020-21 dello Ski College Veneto-Falcade.<\/p>\n<p>&nbsp;<\/p>\n<hr \/>\n<p>&nbsp;<\/p>\n<blockquote>\n<h3>CAI AGORDO IN ASSEMBLEA, ANNULLATA L&#8217;USCITA IN CALENDARIO DOMENICA<\/h3>\n<\/blockquote>\n<p><strong><a class=\"dt-pswp-item\" href=\"https:\/\/www.radiopiu.net\/wordpress\/wp-content\/uploads\/2020\/09\/bc7115f8-6883-49d8-b2ee-0596a6a66c7e.jpg\" data-dt-img-description=\"\" data-large_image_width=\"1599\" data-large_image_height=\"1200\"><img loading=\"lazy\" decoding=\"async\" class=\" wp-image-160009 alignleft\" src=\"https:\/\/www.radiopiu.net\/wordpress\/wp-content\/uploads\/2020\/09\/bc7115f8-6883-49d8-b2ee-0596a6a66c7e-300x225.jpg\" alt=\"\" width=\"248\" height=\"186\" srcset=\"https:\/\/www.radiopiu.net\/wordpress\/wp-content\/uploads\/2020\/09\/bc7115f8-6883-49d8-b2ee-0596a6a66c7e-300x225.jpg 300w, https:\/\/www.radiopiu.net\/wordpress\/wp-content\/uploads\/2020\/09\/bc7115f8-6883-49d8-b2ee-0596a6a66c7e-1024x768.jpg 1024w, https:\/\/www.radiopiu.net\/wordpress\/wp-content\/uploads\/2020\/09\/bc7115f8-6883-49d8-b2ee-0596a6a66c7e-768x576.jpg 768w, https:\/\/www.radiopiu.net\/wordpress\/wp-content\/uploads\/2020\/09\/bc7115f8-6883-49d8-b2ee-0596a6a66c7e-1536x1153.jpg 1536w, https:\/\/www.radiopiu.net\/wordpress\/wp-content\/uploads\/2020\/09\/bc7115f8-6883-49d8-b2ee-0596a6a66c7e-640x480.jpg 640w, https:\/\/www.radiopiu.net\/wordpress\/wp-content\/uploads\/2020\/09\/bc7115f8-6883-49d8-b2ee-0596a6a66c7e.jpg 1599w\" sizes=\"auto, (max-width: 248px) 100vw, 248px\" \/><\/a>AGORDO<\/strong> La sezione Agordina del Cai comunica l&#8217;annullamento l&#8217;uscita in calendario per il 13 settembre\u00a0 in quanto la Sezione stessa\u00a0 non \u00e8 in grado di garantire in modo adeguato il rispetto delle attuali normative previste per il covid-19, con la speranza di ritrovare tutti il prossimo anno\u00a0 ancora numerosi, soprattutto sereni. L&#8217;Assemblea Annuale che doveva tenersi a marzo e gi\u00e0 rinviata, \u00e8 stata convocata Venerd\u00ec 18 settembre alle 18 nella Sala Convegni &#8220;Don Tamis&#8221;. Per le note limitazioni sanitarie, quest&#8217;anno la S. Messa ed il pranzo non si svolgeranno.L&#8217;Assemblea Sezionale rappresenta il momento in cui i soci sono chiamati a dare un giudizio sull&#8217;operato del Presidente, del Consiglio Direttivo e <a class=\"dt-pswp-item\" href=\"https:\/\/www.radiopiu.net\/wordpress\/wp-content\/uploads\/2020\/09\/2f1f422e-bd0c-49ab-830f-aedbb2bc717f.jpg\" data-dt-img-description=\"\" data-large_image_width=\"1599\" data-large_image_height=\"1200\"><img loading=\"lazy\" decoding=\"async\" class=\" wp-image-160008 alignright\" src=\"https:\/\/www.radiopiu.net\/wordpress\/wp-content\/uploads\/2020\/09\/2f1f422e-bd0c-49ab-830f-aedbb2bc717f-300x225.jpg\" alt=\"\" width=\"259\" height=\"194\" srcset=\"https:\/\/www.radiopiu.net\/wordpress\/wp-content\/uploads\/2020\/09\/2f1f422e-bd0c-49ab-830f-aedbb2bc717f-300x225.jpg 300w, https:\/\/www.radiopiu.net\/wordpress\/wp-content\/uploads\/2020\/09\/2f1f422e-bd0c-49ab-830f-aedbb2bc717f-1024x768.jpg 1024w, https:\/\/www.radiopiu.net\/wordpress\/wp-content\/uploads\/2020\/09\/2f1f422e-bd0c-49ab-830f-aedbb2bc717f-768x576.jpg 768w, https:\/\/www.radiopiu.net\/wordpress\/wp-content\/uploads\/2020\/09\/2f1f422e-bd0c-49ab-830f-aedbb2bc717f-1536x1153.jpg 1536w, https:\/\/www.radiopiu.net\/wordpress\/wp-content\/uploads\/2020\/09\/2f1f422e-bd0c-49ab-830f-aedbb2bc717f-640x480.jpg 640w, https:\/\/www.radiopiu.net\/wordpress\/wp-content\/uploads\/2020\/09\/2f1f422e-bd0c-49ab-830f-aedbb2bc717f.jpg 1599w\" sizes=\"auto, (max-width: 259px) 100vw, 259px\" \/><\/a>dell&#8217;attivit\u00e0 svolte e da svolgere. Lo scorso 2 agosto la sezione agordina del Cai ha organizzato un&#8217;escursione alla Punta d&#8217;Alochet. Questo il racconto di Fabiana<em>: &#8220;In questa anomala estate 2020 dove tutto il calendario delle uscite della Sezione Agordina del Cai \u00e8 stato stravolto, anche la salita alla Punta d\u2019Alochet m.2582, nel gruppo della Marmolada, ha subito delle variazioni. Anzi, diciamo pi\u00f9 di una\u2026proposta dalla sottoscritta in fase di stesura del calendario per il 13 settembre \u00e8 stata spostata gi\u00e0 da subito al 21 giugno per permettere agli aquilotti dell\u2019Alpinismo Giovanile di potere effettuare un\u2019 uscita autunnale in quanto il mese di settembre era ricco di eventi domenicali ai quali i nostri ragazzi o i loro accompagnatori non potevano mancare. Rinviata nel mese di giugno per i problemi che tutti conosciamo \u00e8 stata finalmente effettuata il 2 agosto, <a class=\"dt-pswp-item\" href=\"https:\/\/www.radiopiu.net\/wordpress\/wp-content\/uploads\/2020\/09\/0ca51c5d-b764-4796-b145-bf0875e1c07e.jpg\" data-dt-img-description=\"\" data-large_image_width=\"1599\" data-large_image_height=\"1200\"><img loading=\"lazy\" decoding=\"async\" class=\"size-medium wp-image-160007 alignleft\" src=\"https:\/\/www.radiopiu.net\/wordpress\/wp-content\/uploads\/2020\/09\/0ca51c5d-b764-4796-b145-bf0875e1c07e-300x225.jpg\" alt=\"\" width=\"300\" height=\"225\" srcset=\"https:\/\/www.radiopiu.net\/wordpress\/wp-content\/uploads\/2020\/09\/0ca51c5d-b764-4796-b145-bf0875e1c07e-300x225.jpg 300w, https:\/\/www.radiopiu.net\/wordpress\/wp-content\/uploads\/2020\/09\/0ca51c5d-b764-4796-b145-bf0875e1c07e-1024x768.jpg 1024w, https:\/\/www.radiopiu.net\/wordpress\/wp-content\/uploads\/2020\/09\/0ca51c5d-b764-4796-b145-bf0875e1c07e-768x576.jpg 768w, https:\/\/www.radiopiu.net\/wordpress\/wp-content\/uploads\/2020\/09\/0ca51c5d-b764-4796-b145-bf0875e1c07e-1536x1153.jpg 1536w, https:\/\/www.radiopiu.net\/wordpress\/wp-content\/uploads\/2020\/09\/0ca51c5d-b764-4796-b145-bf0875e1c07e-640x480.jpg 640w, https:\/\/www.radiopiu.net\/wordpress\/wp-content\/uploads\/2020\/09\/0ca51c5d-b764-4796-b145-bf0875e1c07e.jpg 1599w\" sizes=\"auto, (max-width: 300px) 100vw, 300px\" \/><\/a>data in cui era prevista un\u2019altra uscita dei nostri giovani che si rifaranno sicuramente l\u2019anno prossimo. Un giro ad anello a ridosso del Passo S. Pellegrino, molto panoramico e interessante sotto il profilo storico che ci ha portato a percorrere alcune delle numerose tracce lasciate dalla permanenza dei due eserciti avversari in quella che \u00e8 stata la sanguinosa guerra\u00a0 combattutasi sulle nostre montagne dal 1915 al 1918. Tutti soddisfatti i partecipanti all\u2019escursione che hanno apprezzato oltre ai panorami sulle cime circostanti, la tipologia del percorso che si \u00e8 alternato fra mulattiere militari, comodi sentieri tra verdi pascoli e impegnativi passaggi in cresta&#8221;.\u00a0<\/em><\/p>\n<p>&nbsp;<\/p>\n<hr \/>\n<p>&nbsp;<\/p>\n<blockquote>\n<h3>ALLE 10 IN DIRETTA FACEBOOK &#8220;ALICE FOR PRESIDENT&#8221; SUL PALCO DELL&#8217;ARISTON<\/h3>\n<\/blockquote>\n<p><a class=\"dt-pswp-item\" href=\"https:\/\/www.radiopiu.net\/wordpress\/wp-content\/uploads\/2020\/09\/119081258_3491489230931106_1614382698278383079_o.jpg\" data-dt-img-description=\"\" data-large_image_width=\"206\" data-large_image_height=\"206\"><img loading=\"lazy\" decoding=\"async\" class=\" wp-image-160047 alignleft\" src=\"https:\/\/www.radiopiu.net\/wordpress\/wp-content\/uploads\/2020\/09\/119081258_3491489230931106_1614382698278383079_o.jpg\" alt=\"\" width=\"157\" height=\"156\" srcset=\"https:\/\/www.radiopiu.net\/wordpress\/wp-content\/uploads\/2020\/09\/119081258_3491489230931106_1614382698278383079_o.jpg 206w, https:\/\/www.radiopiu.net\/wordpress\/wp-content\/uploads\/2020\/09\/119081258_3491489230931106_1614382698278383079_o-150x150.jpg 150w, https:\/\/www.radiopiu.net\/wordpress\/wp-content\/uploads\/2020\/09\/119081258_3491489230931106_1614382698278383079_o-125x125.jpg 125w, https:\/\/www.radiopiu.net\/wordpress\/wp-content\/uploads\/2020\/09\/119081258_3491489230931106_1614382698278383079_o-200x200.jpg 200w, https:\/\/www.radiopiu.net\/wordpress\/wp-content\/uploads\/2020\/09\/119081258_3491489230931106_1614382698278383079_o-80x80.jpg 80w\" sizes=\"auto, (max-width: 157px) 100vw, 157px\" \/><\/a><strong>SANREMO\u00a0<\/strong> Ci siamo, oggi alle 10 i ragazzi di Alice For President saliranno sul palco dell&#8217;Ariston e si esibiranno davanti alla giuria del Sanremo Rock Festival 2020.<\/p>\n<p>L&#8217;evento si potr\u00e0 seguire sulla pagina facebook: <strong><span style=\"color: #0000ff;\"><a style=\"color: #0000ff;\" href=\"https:\/\/m.facebook.com\/sanremorock\/?_rdr\">CLICCA QUI<\/a><\/span><\/strong><\/p>\n<p>&nbsp;<\/p>\n<p>&nbsp;<\/p>\n<p>&nbsp;<\/p>\n<p>&nbsp;<\/p>\n<blockquote class=\"wp-embedded-content\" data-secret=\"EDgXCYz10f\"><p><a href=\"https:\/\/www.radiopiu.net\/wordpress\/alice-for-president-allariston-a-sanremo-rock-2020\/\">ALICE FOR PRESIDENT ALL&#8217;ARISTON  A SANREMO ROCK FESTIVAL 2020<\/a><\/p><\/blockquote>\n<p><iframe loading=\"lazy\" class=\"wp-embedded-content\" sandbox=\"allow-scripts\" security=\"restricted\" style=\"position: absolute; clip: rect(1px, 1px, 1px, 1px);\" title=\"&#8220;ALICE FOR PRESIDENT ALL&#8217;ARISTON  A SANREMO ROCK FESTIVAL 2020&#8221; &#8212; Radio Pi\u00f9\" src=\"https:\/\/www.radiopiu.net\/wordpress\/alice-for-president-allariston-a-sanremo-rock-2020\/embed\/#?secret=EDgXCYz10f\" data-secret=\"EDgXCYz10f\" width=\"600\" height=\"338\" frameborder=\"0\" marginwidth=\"0\" marginheight=\"0\" scrolling=\"no\"><\/iframe><\/p>\n<p>&nbsp;<\/p>\n<p>&nbsp;<\/p>\n<hr \/>\n<blockquote>\n<h3><\/h3>\n<h3>I CAPITELLI E LE IMMAGINI SACRE DELLA PARROCCHIA DI SARGNANO<\/h3>\n<\/blockquote>\n<p>&nbsp;<\/p>\n<p><strong>BELLUNO<\/strong> Anche la Parrocchia di San Pietro a Sargnano di Belluno vanta i suoi capitelli e immagini sacre. La conferma ci viene dal bel libro di Vincenzo Caputo (col quale ha collaborato l\u2019architetto Roberto Reolon) \u201cCapitelli e immagini sacre a Belluno\u201d edito dall\u2019Istituto bellunese di ricerche sociali e culturali presieduto dal prof. don Sergio Sacco. La descrizione prende il via con la Croce della chiesa di San Liberale (In proposito Caputo richiama, oltre allo storico prof. don Ferdinando Tamis, il libro \u201cBelluno. Storia architettura arte\u201d edito nel 1984); si tratta di un manufatto in legno su un piccolo obelisco in pietra, del XV o XVI secolo, discretamente conservata. E\u2019 un chiaro segno \u2013 scrive \u2013 del cimitero una volta esistente attorno alla chiesetta che anticamente si chiamava San Daniele di Pedeserva. Ed aggiunge: \u201cSembra dai documenti esistenti che l\u2019edificio possa risalire al 1200; invece dai reperti archeologici ritrovati in occasione di restauri, pare che il luogo risalga anteriormente al secolo X. Sulla facciata esposta a mezzogiorno, compaiono tracce di affreschi ormai indecifrabili\u201d. E conclude richiamando don Tamis secondo il quale \u201cA Castion la tradizione dice che quando minacciava siccit\u00e0 o troppa pioggia si andava a pregare a San Daniele di Pedeserva\u201d. Salendo verso il Monte Serva si arriva nella localit\u00e0 Casere in Pian dei Fi\u00f2c dove ci si imbatte in un altro crocifisso in legno, del 1989, in buono stato, che risulta collocato, esternamente ad una casera, il 19 febbraio dello stesso anno, a protezione degli escursionisti. E\u2019 opera di Venerio Bona e iniziativa di un gruppo di amici assidui frequentatori della montagna a nord di Belluno. Restiamo sul Serva perch\u00e9 Caputo ricorda che sulla cima si pu\u00f2 ammirare un\u2019altra croce, questa in ferro, risalente al 1954, ben conservata. E in proposito scrive. \u201cNegli anni Trenta, in occasione della sistemazione della malga ivi esistente nella localit\u00e0 Pian dei Fi\u00f2c (metri 1743) la popolazione dell\u2019Oltrardo pose sulla cima del monte Serva (metri 2133) una croce in legno con targa metallica; la croce fu poi abbattuta durante l\u2019occupazione tedesca (1943-45). Nel dopoguerra vi furono collocate altre croci, via via sostituite, fino all\u2019ultima collocazione avvenuta nel 1954. Alla base di essa \u00e8 incisa questa scritta: \u201cDon A. Zanella, parroco ricordo della Missione Mariana Sargnano 17 at 29 maggio 1954 centenario della definizione del dogma dell\u2019Immacolata concezione Maria santissima ed a perenne memoria dei caduti di tutte le guerre\u201d. Sempre nell\u2019ambito della Parrocchia di Sargnano, Vincenzo Caputo include la nicchia in muratura e portico del XVI-XVII secolo, non in buono stato, esistente nella via Tiziano Vecellio della localit\u00e0 La Veneggia. Dentro la nicchia un affresco molto deteriorato raffigura la \u201cMadonna con Ges\u00f9 Bambino, San Francesco e \u2013 forse (ndr.) \u2013 San Domenico. Conclude quindi la rassegna con l\u2019affresco sulla parete di una stanza in una casa di abitazione del XVI-XVII secolo, discretamente conservato. Raffigura la \u201cBeata Vergine del Carmine con Ges\u00f9 Bambino ed Angeli. Nei pressi dell\u2019antichissima strada che da Nogar\u00e8 una volta conduceva a San Pietro in Campo e a Ponte nelle Alpi, sorge una fabbrica di propriet\u00e0 della famiglia D\u2019Inc\u00e0. Dalla struttura e da alcuni reperti individuabili nell\u2019acquasantiera in marmo, negli affreschi murali dell\u2019edicola sotto il portico con trace di altri antichissimi affreschi e di altro affresco situato nella stanza pi\u00f9 alta della torre dove si trova la Beata Vergine del Carmine con Ges\u00f9 Bambino ed Angeli, si pu\u00f2 pensare che l\u2019edificio una volta fosse un ospizio. Nulla si \u00e8 trovato negli archivi storici e religiosi per convalidare tale ipotesi ma da ricordi frammentari tramandati da alcune persone, sembra che una volta effettivamente in questo luogo vi fosse una comunit\u00e0 religiosa dedicata alla carit\u00e0 cristiana (erano presumibilmente dei Carmelitani Scalzi). Non si riesce a capire come mai manchi tale documentazione; pertanto stabilire a quando possa risalire la costruzione di questo complesso, recentemente in parte ristrutturato, \u00e8 alquanto difficile. Si ha notizia che il terremoto del 1936 abbatt\u00e9 il camino esistente, sul quale vi era incisa la data del 1632; tutto per\u00f2 fa pensare che la costruzione sia assai pi\u00f9 antica\u201d.<\/p>\n\n\t\t\t<style type='text\/css'>\n\t\t\t\t#gallery-2 {\n\t\t\t\t\tmargin: auto;\n\t\t\t\t}\n\t\t\t\t#gallery-2 .gallery-item {\n\t\t\t\t\tfloat: left;\n\t\t\t\t\tmargin-top: 10px;\n\t\t\t\t\ttext-align: center;\n\t\t\t\t\twidth: 16%;\n\t\t\t\t}\n\t\t\t\t#gallery-2 img {\n\t\t\t\t\tborder: 2px solid #cfcfcf;\n\t\t\t\t}\n\t\t\t\t#gallery-2 .gallery-caption {\n\t\t\t\t\tmargin-left: 0;\n\t\t\t\t}\n\t\t\t\t\/* see gallery_shortcode() in wp-includes\/media.php *\/\n\t\t\t<\/style>\n\t\t<div id='gallery-2' class='dt-gallery-container gallery galleryid-159975 gallery-columns-6 gallery-size-thumbnail'><dl class='gallery-item'>\n\t\t\t\t<dt class='gallery-icon landscape'>\n\t\t\t\t\t<a class=\"rollover rollover-zoom dt-pswp-item\" title=\"119137780_322590678985175_6919224103610558155_n\" data-dt-img-description=\"\" data-large_image_width=\"960\" data-large_image_height=\"949\"href='https:\/\/www.radiopiu.net\/wordpress\/wp-content\/uploads\/2020\/09\/119137780_322590678985175_6919224103610558155_n.jpg'><img loading=\"lazy\" decoding=\"async\" width=\"150\" height=\"150\" src=\"https:\/\/www.radiopiu.net\/wordpress\/wp-content\/uploads\/2020\/09\/119137780_322590678985175_6919224103610558155_n-150x150.jpg\" class=\"attachment-thumbnail size-thumbnail\" alt=\"\" srcset=\"https:\/\/www.radiopiu.net\/wordpress\/wp-content\/uploads\/2020\/09\/119137780_322590678985175_6919224103610558155_n-150x150.jpg 150w, https:\/\/www.radiopiu.net\/wordpress\/wp-content\/uploads\/2020\/09\/119137780_322590678985175_6919224103610558155_n-300x297.jpg 300w, https:\/\/www.radiopiu.net\/wordpress\/wp-content\/uploads\/2020\/09\/119137780_322590678985175_6919224103610558155_n-125x125.jpg 125w, https:\/\/www.radiopiu.net\/wordpress\/wp-content\/uploads\/2020\/09\/119137780_322590678985175_6919224103610558155_n-200x200.jpg 200w, https:\/\/www.radiopiu.net\/wordpress\/wp-content\/uploads\/2020\/09\/119137780_322590678985175_6919224103610558155_n-80x80.jpg 80w\" sizes=\"auto, (max-width: 150px) 100vw, 150px\" \/><\/a>\n\t\t\t\t<\/dt><\/dl><dl class='gallery-item'>\n\t\t\t\t<dt class='gallery-icon portrait'>\n\t\t\t\t\t<a class=\"rollover rollover-zoom dt-pswp-item\" title=\"119084983_355677728804577_2869837984624340205_n\" data-dt-img-description=\"\" data-large_image_width=\"659\" data-large_image_height=\"960\"href='https:\/\/www.radiopiu.net\/wordpress\/wp-content\/uploads\/2020\/09\/119084983_355677728804577_2869837984624340205_n.jpg'><img loading=\"lazy\" decoding=\"async\" width=\"150\" height=\"150\" src=\"https:\/\/www.radiopiu.net\/wordpress\/wp-content\/uploads\/2020\/09\/119084983_355677728804577_2869837984624340205_n-150x150.jpg\" class=\"attachment-thumbnail size-thumbnail\" alt=\"\" srcset=\"https:\/\/www.radiopiu.net\/wordpress\/wp-content\/uploads\/2020\/09\/119084983_355677728804577_2869837984624340205_n-150x150.jpg 150w, https:\/\/www.radiopiu.net\/wordpress\/wp-content\/uploads\/2020\/09\/119084983_355677728804577_2869837984624340205_n-125x125.jpg 125w, https:\/\/www.radiopiu.net\/wordpress\/wp-content\/uploads\/2020\/09\/119084983_355677728804577_2869837984624340205_n-200x200.jpg 200w, https:\/\/www.radiopiu.net\/wordpress\/wp-content\/uploads\/2020\/09\/119084983_355677728804577_2869837984624340205_n-80x80.jpg 80w\" sizes=\"auto, (max-width: 150px) 100vw, 150px\" \/><\/a>\n\t\t\t\t<\/dt><\/dl><dl class='gallery-item'>\n\t\t\t\t<dt class='gallery-icon portrait'>\n\t\t\t\t\t<a class=\"rollover rollover-zoom dt-pswp-item\" title=\"118911303_895656037509593_5245487420388565610_n\" data-dt-img-description=\"\" data-large_image_width=\"643\" data-large_image_height=\"960\"href='https:\/\/www.radiopiu.net\/wordpress\/wp-content\/uploads\/2020\/09\/118911303_895656037509593_5245487420388565610_n.jpg'><img loading=\"lazy\" decoding=\"async\" width=\"150\" height=\"150\" src=\"https:\/\/www.radiopiu.net\/wordpress\/wp-content\/uploads\/2020\/09\/118911303_895656037509593_5245487420388565610_n-150x150.jpg\" class=\"attachment-thumbnail size-thumbnail\" alt=\"\" srcset=\"https:\/\/www.radiopiu.net\/wordpress\/wp-content\/uploads\/2020\/09\/118911303_895656037509593_5245487420388565610_n-150x150.jpg 150w, https:\/\/www.radiopiu.net\/wordpress\/wp-content\/uploads\/2020\/09\/118911303_895656037509593_5245487420388565610_n-125x125.jpg 125w, https:\/\/www.radiopiu.net\/wordpress\/wp-content\/uploads\/2020\/09\/118911303_895656037509593_5245487420388565610_n-200x200.jpg 200w, https:\/\/www.radiopiu.net\/wordpress\/wp-content\/uploads\/2020\/09\/118911303_895656037509593_5245487420388565610_n-80x80.jpg 80w\" sizes=\"auto, (max-width: 150px) 100vw, 150px\" \/><\/a>\n\t\t\t\t<\/dt><\/dl><dl class='gallery-item'>\n\t\t\t\t<dt class='gallery-icon portrait'>\n\t\t\t\t\t<a class=\"rollover rollover-zoom dt-pswp-item\" title=\"119106581_1788175077997718_8687527753480238644_n\" data-dt-img-description=\"\" data-large_image_width=\"625\" data-large_image_height=\"960\"href='https:\/\/www.radiopiu.net\/wordpress\/wp-content\/uploads\/2020\/09\/119106581_1788175077997718_8687527753480238644_n.jpg'><img loading=\"lazy\" decoding=\"async\" width=\"150\" height=\"150\" src=\"https:\/\/www.radiopiu.net\/wordpress\/wp-content\/uploads\/2020\/09\/119106581_1788175077997718_8687527753480238644_n-150x150.jpg\" class=\"attachment-thumbnail size-thumbnail\" alt=\"\" srcset=\"https:\/\/www.radiopiu.net\/wordpress\/wp-content\/uploads\/2020\/09\/119106581_1788175077997718_8687527753480238644_n-150x150.jpg 150w, https:\/\/www.radiopiu.net\/wordpress\/wp-content\/uploads\/2020\/09\/119106581_1788175077997718_8687527753480238644_n-125x125.jpg 125w, https:\/\/www.radiopiu.net\/wordpress\/wp-content\/uploads\/2020\/09\/119106581_1788175077997718_8687527753480238644_n-200x200.jpg 200w, https:\/\/www.radiopiu.net\/wordpress\/wp-content\/uploads\/2020\/09\/119106581_1788175077997718_8687527753480238644_n-80x80.jpg 80w\" sizes=\"auto, (max-width: 150px) 100vw, 150px\" \/><\/a>\n\t\t\t\t<\/dt><\/dl><dl class='gallery-item'>\n\t\t\t\t<dt class='gallery-icon landscape'>\n\t\t\t\t\t<a class=\"rollover rollover-zoom dt-pswp-item\" title=\"119067510_252242875943296_3964076812092580126_n\" data-dt-img-description=\"\" data-large_image_width=\"2048\" data-large_image_height=\"1447\"href='https:\/\/www.radiopiu.net\/wordpress\/wp-content\/uploads\/2020\/09\/119067510_252242875943296_3964076812092580126_n.jpg'><img loading=\"lazy\" decoding=\"async\" width=\"150\" height=\"150\" src=\"https:\/\/www.radiopiu.net\/wordpress\/wp-content\/uploads\/2020\/09\/119067510_252242875943296_3964076812092580126_n-150x150.jpg\" class=\"attachment-thumbnail size-thumbnail\" alt=\"\" srcset=\"https:\/\/www.radiopiu.net\/wordpress\/wp-content\/uploads\/2020\/09\/119067510_252242875943296_3964076812092580126_n-150x150.jpg 150w, https:\/\/www.radiopiu.net\/wordpress\/wp-content\/uploads\/2020\/09\/119067510_252242875943296_3964076812092580126_n-125x125.jpg 125w, https:\/\/www.radiopiu.net\/wordpress\/wp-content\/uploads\/2020\/09\/119067510_252242875943296_3964076812092580126_n-200x200.jpg 200w, https:\/\/www.radiopiu.net\/wordpress\/wp-content\/uploads\/2020\/09\/119067510_252242875943296_3964076812092580126_n-80x80.jpg 80w\" sizes=\"auto, (max-width: 150px) 100vw, 150px\" \/><\/a>\n\t\t\t\t<\/dt><\/dl><dl class='gallery-item'>\n\t\t\t\t<dt class='gallery-icon portrait'>\n\t\t\t\t\t<a class=\"rollover rollover-zoom dt-pswp-item\" title=\"119122073_822571428512584_8144514069281532903_n\" data-dt-img-description=\"\" data-large_image_width=\"640\" data-large_image_height=\"960\"href='https:\/\/www.radiopiu.net\/wordpress\/wp-content\/uploads\/2020\/09\/119122073_822571428512584_8144514069281532903_n.jpg'><img loading=\"lazy\" decoding=\"async\" width=\"150\" height=\"150\" src=\"https:\/\/www.radiopiu.net\/wordpress\/wp-content\/uploads\/2020\/09\/119122073_822571428512584_8144514069281532903_n-150x150.jpg\" class=\"attachment-thumbnail size-thumbnail\" alt=\"\" srcset=\"https:\/\/www.radiopiu.net\/wordpress\/wp-content\/uploads\/2020\/09\/119122073_822571428512584_8144514069281532903_n-150x150.jpg 150w, https:\/\/www.radiopiu.net\/wordpress\/wp-content\/uploads\/2020\/09\/119122073_822571428512584_8144514069281532903_n-125x125.jpg 125w, https:\/\/www.radiopiu.net\/wordpress\/wp-content\/uploads\/2020\/09\/119122073_822571428512584_8144514069281532903_n-200x200.jpg 200w, https:\/\/www.radiopiu.net\/wordpress\/wp-content\/uploads\/2020\/09\/119122073_822571428512584_8144514069281532903_n-80x80.jpg 80w\" sizes=\"auto, (max-width: 150px) 100vw, 150px\" \/><\/a>\n\t\t\t\t<\/dt><\/dl><br style=\"clear: both\" \/>\n\t\t\t<\/div>\n\n<p>&nbsp;<\/p>\n<p>NELLE FOTO (riproduzioni dal libro di Vincenzo Caputo): la copertina del libro edito da Ibrsc; Croce di San Liberale; Crocifisso a Casere in Pian dei Fi\u00f2c; altra croce sulla cima del monte Serva; affresco con Madonna con Ges\u00f9 Bambino, Sam Francesco e \u2013 forse \u2013 San Domenico; quello di via Tiziano Vecellio a La Veneggia di Belluno con la Beata Vergine del Carmine con Ges\u00f9 Bambino e Angeli.<\/p>\n<p>&nbsp;<\/p>\n<hr \/>\n<p>&nbsp;<\/p>\n<p>&nbsp;<\/p>\n<p align=\"JUSTIFY\"><a class=\"dt-pswp-item\" href=\"https:\/\/www.radiopiu.net\/wordpress\/wp-content\/uploads\/2018\/09\/appuntamenti.jpeg\" data-dt-img-description=\"\" data-large_image_width=\"800\" data-large_image_height=\"100\"><img loading=\"lazy\" decoding=\"async\" class=\"aligncenter wp-image-61958 size-full\" src=\"https:\/\/www.radiopiu.net\/wordpress\/wp-content\/uploads\/2018\/09\/appuntamenti.jpeg\" alt=\"\" width=\"800\" height=\"100\" srcset=\"https:\/\/www.radiopiu.net\/wordpress\/wp-content\/uploads\/2018\/09\/appuntamenti.jpeg 800w, https:\/\/www.radiopiu.net\/wordpress\/wp-content\/uploads\/2018\/09\/appuntamenti-300x38.jpeg 300w, https:\/\/www.radiopiu.net\/wordpress\/wp-content\/uploads\/2018\/09\/appuntamenti-768x96.jpeg 768w\" sizes=\"auto, (max-width: 800px) 100vw, 800px\" \/><\/a><\/p>\n<h3 align=\"JUSTIFY\"><\/h3>\n<p><span style=\"color: #ff0000;\">IL MERCATO CONTADINO<\/span><\/p>\n<p><strong><a class=\"dt-pswp-item\" href=\"https:\/\/www.radiopiu.net\/wordpress\/wp-content\/uploads\/2020\/09\/download-3.jpg\" data-dt-img-description=\"\" data-large_image_width=\"300\" data-large_image_height=\"168\"><img loading=\"lazy\" decoding=\"async\" class=\" wp-image-159986 alignleft\" src=\"https:\/\/www.radiopiu.net\/wordpress\/wp-content\/uploads\/2020\/09\/download-3.jpg\" alt=\"\" width=\"230\" height=\"129\" \/><\/a>DOMANI RITORNA IL MERCATO CONTADINO A PROMPICAI DI AGORDO E AD OTTOBRE LA FIERA DEL BESTIAM SUL BROI DI AGORDO. NE ABBIAMO PARLATO CON IL SINDACO ROBERTO CHISSALE&#8217;<br \/>\n(FOTO, PROMPICAI DURANTE LA FESTA DEL FANCIULLO, SAN VINCENZO OGNI ANNO IL LUNEDI DI PASQUA).<\/strong><\/p>\n<audio class=\"wp-audio-shortcode\" id=\"audio-159975-5\" preload=\"none\" style=\"width: 100%;\" controls=\"controls\"><source type=\"audio\/mpeg\" src=\"https:\/\/www.radiopiu.net\/wordpress\/wp-content\/uploads\/2020\/09\/chissale-mercato-contadino-scade-12-settembre-1.mp3?_=5\" \/><a href=\"https:\/\/www.radiopiu.net\/wordpress\/wp-content\/uploads\/2020\/09\/chissale-mercato-contadino-scade-12-settembre-1.mp3\">https:\/\/www.radiopiu.net\/wordpress\/wp-content\/uploads\/2020\/09\/chissale-mercato-contadino-scade-12-settembre-1.mp3<\/a><\/audio>\n<p>&nbsp;<\/p>\n<hr \/>\n<p>&nbsp;<\/p>\n<blockquote>\n<h3>CINEMA, GIOCHI E STORIA AL MUSEO DI SERAVELLA<\/h3>\n<\/blockquote>\n<p><strong>BELLUNO<\/strong> La villa di Seravella vivr\u00e0 tre giornate intense, questa sera penultimo appuntamento di \u201cEstate in villa\u201d,\u00a0 la pellicola proposta sar\u00e0 \u201cLe invisibili\u201d, film del 2018 con regia di Louis-Julien Petit. Domani alle 15.30 laboratorio ludico \u201cMezzadri mezzi ladri? Peripezie di contadini\u201d il nuovo Silent Play realizzato \u2013 insieme alla compagnia teatrale \u201cLa Piccionaia\u201d. Alle 18 visita guidata al giardino delle rose e possibilit\u00e0 di visitare anche il museo etnografico. Alle 20.45, seconda pellicola di \u201cEstate in villa\u201d: \u201cLa Melodie\u201d (2017), del giovane regista Rachid Hami. Domenica\u00a0 silent play alle 17.<\/p>\n<p>&nbsp;<\/p>\n<hr \/>\n<p>&nbsp;<\/p>\n<blockquote>\n<h3>OCA IN TAVOLA PER LA RICOSTRUZIONE DI MALGA FOCA<\/h3>\n<\/blockquote>\n<p><a class=\"dt-pswp-item\" href=\"https:\/\/www.radiopiu.net\/wordpress\/wp-content\/uploads\/2020\/09\/7d67ef31-5329-4c87-a9ae-e6f170c76d31.jpg\" data-dt-img-description=\"\" data-large_image_width=\"1600\" data-large_image_height=\"1131\"><img loading=\"lazy\" decoding=\"async\" class=\" wp-image-159897 alignleft\" src=\"https:\/\/www.radiopiu.net\/wordpress\/wp-content\/uploads\/2020\/09\/7d67ef31-5329-4c87-a9ae-e6f170c76d31-300x212.jpg\" alt=\"\" width=\"245\" height=\"173\" srcset=\"https:\/\/www.radiopiu.net\/wordpress\/wp-content\/uploads\/2020\/09\/7d67ef31-5329-4c87-a9ae-e6f170c76d31-300x212.jpg 300w, https:\/\/www.radiopiu.net\/wordpress\/wp-content\/uploads\/2020\/09\/7d67ef31-5329-4c87-a9ae-e6f170c76d31-1024x724.jpg 1024w, https:\/\/www.radiopiu.net\/wordpress\/wp-content\/uploads\/2020\/09\/7d67ef31-5329-4c87-a9ae-e6f170c76d31-768x543.jpg 768w, https:\/\/www.radiopiu.net\/wordpress\/wp-content\/uploads\/2020\/09\/7d67ef31-5329-4c87-a9ae-e6f170c76d31-1536x1086.jpg 1536w, https:\/\/www.radiopiu.net\/wordpress\/wp-content\/uploads\/2020\/09\/7d67ef31-5329-4c87-a9ae-e6f170c76d31-640x452.jpg 640w, https:\/\/www.radiopiu.net\/wordpress\/wp-content\/uploads\/2020\/09\/7d67ef31-5329-4c87-a9ae-e6f170c76d31.jpg 1600w\" sizes=\"auto, (max-width: 245px) 100vw, 245px\" \/><\/a><strong>LA VALLE<\/strong> Un&#8217;altra iniziativa per raccogliere fondi per Malga Foca distrutta da un furioso incendio. Malga Calleda e l&#8217;azienda agricola di Michele Littam\u00e8 infatti ha organizzato per sabato 19 settembre alle 12.30 &#8220;l&#8217;oca in malga&#8221;, una giornata di degustazione e benessere con formaggi di malga e i prodotti di eccellenza a base d&#8217;oca con i migliori vini dei Colli Euganei. Capienza massima 45 persone, prenotazione obbligatoria al 3804198506 oppure 3466933177. Costo della giornata 25-30 euro, il ricavato sar\u00e0 devoluto in beneficenza. L&#8217;oca sar\u00e0 portata in malga da uno dei migliori allevatori del Veneto che si \u00e8 reso disponibile per cucinarla.<\/p>\n<h3><\/h3>\n<hr \/>\n<h3><\/h3>\n<h3>DOMANI\u00a0 A CANALE D&#8217;AGORDO NICOLA SCODRO PRESENTA IL LIBRO NAUFRAGI DI UN&#8217;ILLUSIONE<\/h3>\n<p><strong><a class=\"dt-pswp-item\" href=\"https:\/\/www.radiopiu.net\/wordpress\/wp-content\/uploads\/2020\/08\/nicola-scordro.jpg\" data-dt-img-description=\"\" data-large_image_width=\"1599\" data-large_image_height=\"1200\"><img loading=\"lazy\" decoding=\"async\" class=\"wp-image-157183 alignleft\" src=\"https:\/\/www.radiopiu.net\/wordpress\/wp-content\/uploads\/2020\/08\/nicola-scordro-300x225.jpg\" alt=\"\" width=\"185\" height=\"139\" srcset=\"https:\/\/www.radiopiu.net\/wordpress\/wp-content\/uploads\/2020\/08\/nicola-scordro-300x225.jpg 300w, https:\/\/www.radiopiu.net\/wordpress\/wp-content\/uploads\/2020\/08\/nicola-scordro-1024x768.jpg 1024w, https:\/\/www.radiopiu.net\/wordpress\/wp-content\/uploads\/2020\/08\/nicola-scordro-768x576.jpg 768w, https:\/\/www.radiopiu.net\/wordpress\/wp-content\/uploads\/2020\/08\/nicola-scordro-1536x1153.jpg 1536w, https:\/\/www.radiopiu.net\/wordpress\/wp-content\/uploads\/2020\/08\/nicola-scordro.jpg 1599w\" sizes=\"auto, (max-width: 185px) 100vw, 185px\" \/><\/a>CANALE D&#8217;AGORDO<\/strong> Il libro sar\u00e0 presentato a Canale d&#8217;Agordo domani in sala degli emigranti alle 20.30 Il libro in vendita: Alleghe ristorante albergo Alle Alpi, Ristorante n&#8217;zunaia.\u00a0 Rifugio Castiglioni, Rifugio Falier e Malga Ombrettola (Marmolada), Cartolibreria De Biasio a Caviola, Hotel Flora Alpina a Falcade, mostra del libro ad Agordo e Cartolibreria in centro.<\/p>\n<p>&nbsp;<\/p>\n<p>&nbsp;<\/p>\n<hr \/>\n<blockquote>\n<h3><\/h3>\n<h3>NUOVI ORARI PER LE VISTE AL CASTELLO DI ANDRAZ<\/h3>\n<\/blockquote>\n<p>Il Castello di Andraz, fino al 13 settembre, sar\u00e0 visitabile dal mercoled\u00ec alla domenica dalle 10 alle 12:30 e dalle 14:30 alle 18. Le visite guidate o libere vanno prenotate al 334 33 46 680 o via mail a info@castellodiandraz.it<\/p>\n<p>&nbsp;<\/p>\n<hr \/>\n<blockquote>\n<h2><\/h2>\n<\/blockquote>\n<h2><\/h2>\n<h2><span style=\"color: #ff0000;\">DUE MINUTI UN LIBRO<\/span><\/h2>\n<blockquote class=\"wp-embedded-content\" data-secret=\"hgjJe8bcIo\"><p><a href=\"https:\/\/www.radiopiu.net\/wordpress\/le-intermittenze-della-morte-2\/\">LE INTERMITTENZE DELLA MORTE<\/a><\/p><\/blockquote>\n<p><iframe loading=\"lazy\" class=\"wp-embedded-content\" sandbox=\"allow-scripts\" security=\"restricted\" style=\"position: absolute; clip: rect(1px, 1px, 1px, 1px);\" title=\"&#8220;LE INTERMITTENZE DELLA MORTE&#8221; &#8212; Radio Pi\u00f9\" src=\"https:\/\/www.radiopiu.net\/wordpress\/le-intermittenze-della-morte-2\/embed\/#?secret=hgjJe8bcIo\" data-secret=\"hgjJe8bcIo\" width=\"600\" height=\"338\" frameborder=\"0\" marginwidth=\"0\" marginheight=\"0\" scrolling=\"no\"><\/iframe><\/p>\n<h2>LA RACCOLTA COMPLETA<\/h2>\n<blockquote class=\"wp-embedded-content\" data-secret=\"rpzs6VNyGt\"><p><a href=\"https:\/\/www.radiopiu.net\/wordpress\/due-minuti-un-libro\/\">Due minuti un libro<\/a><\/p><\/blockquote>\n<p><iframe loading=\"lazy\" class=\"wp-embedded-content\" sandbox=\"allow-scripts\" security=\"restricted\" style=\"position: absolute; clip: rect(1px, 1px, 1px, 1px);\" title=\"&#8220;Due minuti un libro&#8221; &#8212; Radio Pi\u00f9\" src=\"https:\/\/www.radiopiu.net\/wordpress\/due-minuti-un-libro\/embed\/#?secret=rpzs6VNyGt\" data-secret=\"rpzs6VNyGt\" width=\"600\" height=\"338\" frameborder=\"0\" marginwidth=\"0\" marginheight=\"0\" scrolling=\"no\"><\/iframe><\/p>\n<p>&nbsp;<\/p>\n<hr \/>\n<p>&nbsp;<\/p>\n<div>\n<h2><\/h2>\n<h2><span style=\"color: #000080;\"><a class=\"dt-pswp-item\" href=\"https:\/\/www.radiopiu.net\/wordpress\/wp-content\/uploads\/2020\/07\/a8a8cbd6-9ca3-4f14-9e6a-43069c08cd84.jpg\" data-dt-img-description=\"\" data-large_image_width=\"960\" data-large_image_height=\"720\"><img loading=\"lazy\" decoding=\"async\" class=\"wp-image-151434 alignleft\" src=\"https:\/\/www.radiopiu.net\/wordpress\/wp-content\/uploads\/2020\/07\/a8a8cbd6-9ca3-4f14-9e6a-43069c08cd84-300x225.jpg\" alt=\"\" width=\"213\" height=\"160\" srcset=\"https:\/\/www.radiopiu.net\/wordpress\/wp-content\/uploads\/2020\/07\/a8a8cbd6-9ca3-4f14-9e6a-43069c08cd84-300x225.jpg 300w, https:\/\/www.radiopiu.net\/wordpress\/wp-content\/uploads\/2020\/07\/a8a8cbd6-9ca3-4f14-9e6a-43069c08cd84-768x576.jpg 768w, https:\/\/www.radiopiu.net\/wordpress\/wp-content\/uploads\/2020\/07\/a8a8cbd6-9ca3-4f14-9e6a-43069c08cd84.jpg 960w\" sizes=\"auto, (max-width: 213px) 100vw, 213px\" \/><\/a><\/span><\/h2>\n<h2><\/h2>\n<h2><span style=\"color: #000080;\">DON CESARE, IL PENSIERO DEL GIORNO. ALLA RADIO ALLE 7 DEL MATTINO E ALLE 19.30 DELLA SERA.\u00a0\u00a0<\/span><\/h2>\n<p>&nbsp;<\/p>\n<p>&nbsp;<\/p>\n<audio class=\"wp-audio-shortcode\" id=\"audio-159975-6\" preload=\"none\" style=\"width: 100%;\" controls=\"controls\"><source type=\"audio\/mpeg\" src=\"https:\/\/www.radiopiu.net\/wordpress\/wp-content\/uploads\/2020\/09\/CESARE-7.mp3?_=6\" \/><a href=\"https:\/\/www.radiopiu.net\/wordpress\/wp-content\/uploads\/2020\/09\/CESARE-7.mp3\">https:\/\/www.radiopiu.net\/wordpress\/wp-content\/uploads\/2020\/09\/CESARE-7.mp3<\/a><\/audio>\n<p>&nbsp;<\/p>\n<hr \/>\n<p>&nbsp;<\/p>\n<h2><span style=\"color: #008000;\">AGORDINOMERON&#8230;LA RACCOLTA<\/span><\/h2>\n<blockquote class=\"wp-embedded-content\" data-secret=\"FMAlSC2R4J\"><p><a href=\"https:\/\/www.radiopiu.net\/wordpress\/agordinomeron\/\">AGORDINOMERON, IL TERRITORIO SI RACCONTA Da un&#8217;idea di Gianni Santomaso<\/a><\/p><\/blockquote>\n<p><iframe loading=\"lazy\" class=\"wp-embedded-content\" sandbox=\"allow-scripts\" security=\"restricted\" style=\"position: absolute; clip: rect(1px, 1px, 1px, 1px);\" title=\"&#8220;AGORDINOMERON, IL TERRITORIO SI RACCONTA Da un&#8217;idea di Gianni Santomaso&#8221; &#8212; Radio Pi\u00f9\" src=\"https:\/\/www.radiopiu.net\/wordpress\/agordinomeron\/embed\/#?secret=FMAlSC2R4J\" data-secret=\"FMAlSC2R4J\" width=\"600\" height=\"338\" frameborder=\"0\" marginwidth=\"0\" marginheight=\"0\" scrolling=\"no\"><\/iframe><\/p>\n<p>&nbsp;<\/p>\n<hr \/>\n<p>&nbsp;<\/p>\n<p>&nbsp;<\/p>\n<h2><span style=\"color: #ff00ff;\">ZAINO DA VIAGGIO AL FEMMINILE DI PAOLA LANCIATO<\/span><\/h2>\n<h1>LA RACCOLTA COMPLETA<\/h1>\n<blockquote class=\"wp-embedded-content\" data-secret=\"jRpdcSsX2V\"><p><a href=\"https:\/\/www.radiopiu.net\/wordpress\/zaino-femminile-lanciato\/\">Zaino da viaggio al femminile<\/a><\/p><\/blockquote>\n<p><iframe loading=\"lazy\" class=\"wp-embedded-content\" sandbox=\"allow-scripts\" security=\"restricted\" style=\"position: absolute; clip: rect(1px, 1px, 1px, 1px);\" title=\"&#8220;Zaino da viaggio al femminile&#8221; &#8212; Radio Pi\u00f9\" src=\"https:\/\/www.radiopiu.net\/wordpress\/zaino-femminile-lanciato\/embed\/#?secret=jRpdcSsX2V\" data-secret=\"jRpdcSsX2V\" width=\"600\" height=\"338\" frameborder=\"0\" marginwidth=\"0\" marginheight=\"0\" scrolling=\"no\"><\/iframe><\/p>\n<hr \/>\n<p>&nbsp;<\/p>\n<h2><span style=\"color: #33cccc;\">I RACCONTI DI PAOLO SOPPELSA il lunedi alle 9.30 e 18.30<\/span><\/h2>\n<h2><span style=\"color: #33cccc;\"><strong>LA RACCOLTA COMPLETA<\/strong><\/span><\/h2>\n<blockquote class=\"wp-embedded-content\" data-secret=\"TvqP0j9b9s\"><p><a href=\"https:\/\/www.radiopiu.net\/wordpress\/i-racconti-di-paolo-soppelsa\/\">I racconti di Paolo Soppelsa<\/a><\/p><\/blockquote>\n<p><iframe loading=\"lazy\" class=\"wp-embedded-content\" sandbox=\"allow-scripts\" security=\"restricted\" style=\"position: absolute; clip: rect(1px, 1px, 1px, 1px);\" title=\"&#8220;I racconti di Paolo Soppelsa&#8221; &#8212; Radio Pi\u00f9\" src=\"https:\/\/www.radiopiu.net\/wordpress\/i-racconti-di-paolo-soppelsa\/embed\/#?secret=TvqP0j9b9s\" data-secret=\"TvqP0j9b9s\" width=\"600\" height=\"338\" frameborder=\"0\" marginwidth=\"0\" marginheight=\"0\" scrolling=\"no\"><\/iframe><\/p>\n<p>&nbsp;<\/p>\n<p>&nbsp;<\/p>\n<p><a class=\"dt-pswp-item\" href=\"https:\/\/www.radiopiu.net\/wordpress\/wp-content\/uploads\/2018\/09\/viabilita.jpeg\" data-dt-img-description=\"\" data-large_image_width=\"800\" data-large_image_height=\"100\"><img loading=\"lazy\" decoding=\"async\" class=\"aligncenter wp-image-61954 size-full\" src=\"https:\/\/www.radiopiu.net\/wordpress\/wp-content\/uploads\/2018\/09\/viabilita.jpeg\" alt=\"\" width=\"800\" height=\"100\" srcset=\"https:\/\/www.radiopiu.net\/wordpress\/wp-content\/uploads\/2018\/09\/viabilita.jpeg 800w, https:\/\/www.radiopiu.net\/wordpress\/wp-content\/uploads\/2018\/09\/viabilita-300x38.jpeg 300w, https:\/\/www.radiopiu.net\/wordpress\/wp-content\/uploads\/2018\/09\/viabilita-768x96.jpeg 768w\" sizes=\"auto, (max-width: 800px) 100vw, 800px\" \/><\/a><\/p>\n<\/div>\n<p>&nbsp;<\/p>\n<p><strong>SR 203 AGORDINA<\/strong> fino all&#8217;11 settembre dalle 8 alle 18 senso unico alternato regolato da movieri tra La Stanga e La Muda per rifacimento linea aerea fibre ottiche<\/p>\n<p><strong>SP1 SINISTRA PIAVE<\/strong>\u00a0 fino al 11 settembre, rotatoria Bardies-rotatoria Lentiai deviazione della corrente di traffico con direzione Feltre-Belluno lungo la vecchia SP1 in sinistra Piave per l\u2019abitato di Lentiai e Bardies<\/p>\n<p><strong>SP 7 DI ZOPPE&#8217; <\/strong>fino al 25 settembre, esclusi sabato e domenica, dalle 7:30 alle 12 e dalle 13 alle 17:30, temporanee interruzioni al traffico della durata massima di 30 minuti in comune di Val Di Zoldo per rifacimento rete idrica e fognaria<\/p>\n<p><strong>SR 203 AGORDINA<\/strong>\u00a0 fino\u00a0 al 16 settembre, dalle 19 alle 6, senso unico alternato regolato da movieri alla galleria di Listolade a Taibon Agordino per asfaltatura<\/p>\n<p><strong>SP 30 PANORAMICA DEL COMELICO<\/strong> fino al 2 ottobre, esclusi sabati e domeniche, interdizione totale alla viabilit\u00e0 in entrambi i sensi di marcia tra Costa e Costalissoi per messa in sicurezza strada<\/p>\n<p><strong>SP 20 VAL FIORENTINA<\/strong> Fino al 15 settembre, esclusi sabati e domeniche, senso unico alternato in localit\u00e0 Solator di Selva Di Cadore per allargamento carreggiata<\/p>\n<p><strong>PROVINCIALE 473 CROCE D&#8217;AUNE<\/strong>\u00a0 Fino al 12 settembre interidizione totale alla transtiabilit\u00e0 nell&#8217;abitato di Pedavena inclusi sabato e domenica<\/p>\n<p><strong>SP 3 VALLE IMPERINA<\/strong> Tra Corde Mole e Vallasin dalle 8 alle 11.45 e dalle 13.30 alle 17.30\u00a0 fino\u00a0 all&#8217;11 settembre (esclusi sabato e domenica) temporanee<strong> interruzioni<\/strong> alla viabilit\u00e0 massimo 30 minuti per esbosco.<\/p>\n<p><strong>SP 29 COL FALCON<\/strong>\u00a0 Tra Col Falcon e innesto strada del Servo fino\u00a0 al 1 all&#8217;11 settembre (sabato e domenica escluso)\u00a0 dalle 7 alle 18 <strong>interdizione<\/strong> totale alla viabilit\u00e0 per asfaltatura.<\/p>\n<p><strong>SP 641 PASSO FEDAIA<\/strong> A\u00a0 Capanna Bill e\u00a0 a Col di Rocca\u00a0 fino al\u00a0 30 settembre senso unico alternato regolato da semaforo.<\/p>\n<p><strong>SP 251 VAL CELLINA<\/strong> Da Pescul a Selva di Cadore fino al 11 settembre (sabato e domenica esclusi) senso unico alternato per posa fibre ottiche<\/p>\n<p><strong>REGIONALE 203 AGORDINA<\/strong> Fino al 30 settembre (sabato e domenica esclusi) tra Candaten e La Stanga dalle 7.30 alle 9 e dalle 16.30 alle 18 con movieri e negli altri orari con semaforo, senso unico alternato.<\/p>\n<div>\n<p><strong>SR 48 DELLE DOLOMITI<\/strong> FINO\u00a0 AL 30 SETTEMBRE, DALLE 7 ALLE 17, ESCLUSI SABATO E DOMENICA, SALTUARIA ISTITUZIONE DI SENSO UNICO ALTERNATO REGOLATO DA MOVIERI PER PERIODI CONTINUATIVI NON SUPERIORI A 10 MINUTI NEI COMUNI DI CORTINA ED AURONZO DI CADORE PER CARICO SCARICO MATERIALI NECESSARI PER LA POSA DELL&#8217;ELTRODOTTO INTERRATO<\/p>\n<p><strong>SR 48 DELLE DOLOMITI<\/strong>\u00a0 Fino al 30 settembre in localit\u00e0 Pocol (Cortina) senso unico alternato, esclusi sabato e domenica<\/p>\n<p><strong>SR 48 DELLE DOLOMITI<\/strong>\u00a0 Fino al 9 ottobre senso unico alternato in localit\u00e0 Cernadoi, escluso sabato e domeniche<\/p>\n<p><strong>SR 48 DELLE DOLOMITI<\/strong> Fino\u00a0 al 30 settembre esclusi sabato e domenica senso unico alternato tra Cernadoi e Pian Falzarego<\/p>\n<p><strong>Provinciale 40, Val Senaiga-Arina,<\/strong> Comune di Lamon.\u00a0 Fino all&#8217;11 settembre (sabato e domenica esclusi) per asfaltatura di tratti stradali INTERRUZIONE alla transitabilit\u00e0 dalle 8 alle 12 e dalle 14 alle 18. Nei periodi non interessati da chiusure \u00e8 previsto il senso unico alternato<\/p>\n<p><strong>SP 7 DI ZOPPE&#8217; DI CADORE,<\/strong> SENSO UNICO ALTERNATO REGOLATO DA MOVIERI CON BREVI INTERRUZIONI DI MASSIMO 10 MINUTI FINO\u00a0 AL 18 SETTEMBRE, DALLE 7:30 ALLE 17:30 ESCLUSI SABATI, DOMENICHE E FESTIVI INFRASETTIMANALI, PER MESSA IN SICUREZZA DELLA SEDE STRADALE<\/p>\n<p><strong>SP 40, COMUNE DI LAMON.<\/strong>\u00a0 FINO ALL&#8217;11 SETTEMBRE, ESCLUSI SABATO E DOMENICA, POSSIBILI INTERRUZIONI AL TRAFFICO DELLA DURATA MASSIMA DI 30 MINUTI DALLE 8 ALLE 12 E DALLE 13 ALLE 17 PER REALIZZAZIONE NUOVA TOMBINATURA. NEGLI ALTRI ORARI ISTITUZIONE DI SENSO UNICO ALTERNATO REGOLATO DA IMPIANTO SEMAFORICO O MOVIERI<\/p>\n<p><strong>SP 1 MADONNA DEL PIAVE<\/strong>\u00a0fino a revoca, senso unico alternato regolato da semaforo in localit\u00e0 Caorera di Quero Vas per lavori di messa in sicurezza piano viabile<\/p>\n<p>&nbsp;<\/p>\n<p class=\"photoswipe-wrapper\"><a class=\"dt-pswp-item pspw-wrap-ready\" href=\"https:\/\/i0.wp.com\/www.radiopiu.net\/wordpress\/wp-content\/uploads\/2018\/09\/WhatsApp-Image-2018-09-20-at-16.04.06.jpeg?ssl=1\" data-dt-img-description=\"\" data-large_image_width=\"800\" data-large_image_height=\"100\"><img loading=\"lazy\" decoding=\"async\" class=\"aligncenter wp-image-61378 size-full jetpack-lazy-image jetpack-lazy-image--handled\" src=\"https:\/\/i0.wp.com\/www.radiopiu.net\/wordpress\/wp-content\/uploads\/2018\/09\/WhatsApp-Image-2018-09-20-at-16.04.06.jpeg?resize=800%2C100&amp;ssl=1\" sizes=\"auto, (max-width: 800px) 100vw, 800px\" srcset=\"https:\/\/i0.wp.com\/www.radiopiu.net\/wordpress\/wp-content\/uploads\/2018\/09\/WhatsApp-Image-2018-09-20-at-16.04.06.jpeg?w=800&amp;ssl=1 800w, https:\/\/i0.wp.com\/www.radiopiu.net\/wordpress\/wp-content\/uploads\/2018\/09\/WhatsApp-Image-2018-09-20-at-16.04.06.jpeg?resize=300%2C38&amp;ssl=1 300w, https:\/\/i0.wp.com\/www.radiopiu.net\/wordpress\/wp-content\/uploads\/2018\/09\/WhatsApp-Image-2018-09-20-at-16.04.06.jpeg?resize=768%2C96&amp;ssl=1 768w\" alt=\"\" width=\"800\" height=\"100\" data-lazy-loaded=\"1\" \/><\/a><\/p>\n<\/div>\n<p>&nbsp;<\/p>\n<p><center><b>Venerdi 11<\/b><\/center><b>Tempo atteso: <\/b>Sole velato da estese velature del cielo al mattino, poi riduzione della presenza delle nubi alte e contenuto aumento dell&#8217;attivit\u00e0 cumuliforme, la quale sar\u00e0 meno sviluppata rispetto a gioved\u00ec, di conseguenza il rischio di fenomeni sar\u00e0 minore. Mitezza diurna ancora piacevole, nonostante il deficit di sole.<br \/>\n<b>Precipitazioni: <\/b>Al mattino assenti (0%), al pomeriggio probabilit\u00e0 medio-bassa (20\/30%) di qualche piovasco o rovescio, sopratutto sui settori dolomitici confinanti con il Trentino e l&#8217;Alto Adige, altrove il rischio sar\u00e0 minore (10\/20%) o spesso assente.<br \/>\n<b>Temperature: <\/b>Senza notevoli variazioni rispetto a gioved\u00ec, eccetto aumento delle minime nelle valli. Sono previste punte di 25\/26\u00b0C nei fondovalle prealpini e di 20\/22\u00b0C a 1000\/1200 m. Su Prealpi a 1500 m min 13\u00b0C max 16\u00b0C, a 2000 m min 11\u00b0C max 14\u00b0C. Su Dolomiti a 2000 m min 11\u00b0C max 14\u00b0C, a 3000 m min 5\u00b0C max 6\u00b0C.<br \/>\n<b>Venti: <\/b>Nelle valli deboli a regime di brezza, localmente e a tratti moderati su alcuni settori; in quota perlopi\u00f9 deboli meridionali, in lieve rinforzo nel pomeriggio\/sera, a 5-10 km\/h a 2000 m e 10-15 km\/h a 3000 m.<\/p>\n<hr \/>\n<p><center><b>Sabato 12<\/b><\/center><b>Tempo atteso: <\/b>Tempo discreto\/variabile con sole e sottili nubi alte al mattino. Al pomeriggio presenza di una modesta attivit\u00e0 cumuliforme sulle Prealpi, localmente moderata sulle Dolomiti, dove il rischio di locali piovaschi sar\u00e0 basso ma non del tutto escluso. Relativa mitezza in quota e clima tardo-estivo nelle valli.<br \/>\n<b>Precipitazioni: <\/b>Assenti fino al primo pomeriggio (0%). Al pomeriggio, seppur remoto, il rischio di qualche isolato fenomeno non sar\u00e0 da escludere del tutto (10\/20%), specie sui settori a ridosso del Trentino e dell&#8217;Alto Adige.<br \/>\n<b>Temperature: <\/b>In generale ripresa, eccetto lieve calo delle minime nelle valli. Sono previste punte di 25\/26\u00b0C nei fondovalle prealpini e di 20\/22\u00b0C a 1000\/1200 m. Su Prealpi a 1500 m min 13\u00b0C max 18\u00b0C, a 2000 m min 12\u00b0C max 15\u00b0C. Su Dolomiti a 2000 m min 12\u00b0C max 15\u00b0C, a 3000 m min 6\u00b0C max 7\u00b0C.<br \/>\n<b>Venti: <\/b>Nelle valli deboli a regime di brezza, localmente e a tratti moderati su alcuni settori; in quota deboli\/moderati da nord nord-ovest, a 5-10 km\/h a 2000 m e 10-15 km\/h a 3000 m.<\/p>\n<hr \/>\n<p><center><b>Domenica 13<\/b><\/center>Splendida giornata settembrina con sole, cielo perlopi\u00f9 sereno, aria tersa ed ottima visibilit\u00e0. Non escluso qualche locale banco di nebbia mattutina in alcuni fondovalle prealpini. L&#8217;atmosfera piuttosto secca limiter\u00e0 la presenza dei cumuli pomeridiani. Clima diurno tardo-estivo a tutte le quote. Venti a regime di brezza nelle valli; deboli da nord-ovest in quota.<\/p>\n<hr \/>\n<p><center><b>Lunedi 14<\/b><\/center>Sole e cielo perlopi\u00f9 sereno, salvo qualche velatura e modesti cumuli durante le ore pi\u00f9 calde. Aria tersa ed ottima visibilit\u00e0. Non escluso qualche locale ed effimere nebbie mattutine in alcuni Valbelluna e sugli altopiani prealpini. Clima diurno tardo-estivo a tutte le quote. Venti a regime di brezza nelle valli; deboli nord-ovest in quota. Previsore: R.L.Th.<\/p>\n","protected":false},"excerpt":{"rendered":"<p>&nbsp; PER RICEVERE QUESTO NOTIZIARIO DIRETTAMENTE SUL TUO CELLULARE ISCRIVITI AL CANALE TELEGRAM\u00a0\u201cRADIO PIU\u00a0 INFORMAZIONE&#8221; ATTENZIONE: LA NUOVA APP PER IOS-IPHONE https:\/\/apps.apple.com\/it\/app\/radio-pi%C3%B9-emittente-agordina\/id1515939845 ATTENZIONE: LA NUOVA APP RADIO\u00a0 PER ANDROID https:\/\/play.google.com\/store\/apps\/details?id=net.radiopiu.iniko &nbsp; &nbsp; 11 settembre 2001, ore 8,46 del mattino. Gli uffici di Lower Manhattan sono gi\u00e0 nel pieno dell&#8217;attivit\u00e0, quando un Boeing 767 si schianta&hellip;<\/p>\n","protected":false},"author":4,"featured_media":160039,"comment_status":"closed","ping_status":"closed","sticky":false,"template":"","format":"standard","meta":{"_monsterinsights_skip_tracking":false,"_monsterinsights_sitenote_active":false,"_monsterinsights_sitenote_note":"","_monsterinsights_sitenote_category":0,"footnotes":""},"categories":[1,86,49],"tags":[],"class_list":["post-159975","post","type-post","status-publish","format-standard","has-post-thumbnail","hentry","category-senza-categoria","category-gr","category-news-18","category-1","category-86","category-49","description-off"],"img_url":"https:\/\/www.radiopiu.net\/wordpress\/wp-content\/uploads\/2020\/09\/68f83e4a-5529-4aa2-b395-0db397665d67.jpg","_links":{"self":[{"href":"https:\/\/www.radiopiu.net\/wordpress\/wp-json\/wp\/v2\/posts\/159975","targetHints":{"allow":["GET"]}}],"collection":[{"href":"https:\/\/www.radiopiu.net\/wordpress\/wp-json\/wp\/v2\/posts"}],"about":[{"href":"https:\/\/www.radiopiu.net\/wordpress\/wp-json\/wp\/v2\/types\/post"}],"author":[{"embeddable":true,"href":"https:\/\/www.radiopiu.net\/wordpress\/wp-json\/wp\/v2\/users\/4"}],"replies":[{"embeddable":true,"href":"https:\/\/www.radiopiu.net\/wordpress\/wp-json\/wp\/v2\/comments?post=159975"}],"version-history":[{"count":0,"href":"https:\/\/www.radiopiu.net\/wordpress\/wp-json\/wp\/v2\/posts\/159975\/revisions"}],"wp:featuredmedia":[{"embeddable":true,"href":"https:\/\/www.radiopiu.net\/wordpress\/wp-json\/wp\/v2\/media\/160039"}],"wp:attachment":[{"href":"https:\/\/www.radiopiu.net\/wordpress\/wp-json\/wp\/v2\/media?parent=159975"}],"wp:term":[{"taxonomy":"category","embeddable":true,"href":"https:\/\/www.radiopiu.net\/wordpress\/wp-json\/wp\/v2\/categories?post=159975"},{"taxonomy":"post_tag","embeddable":true,"href":"https:\/\/www.radiopiu.net\/wordpress\/wp-json\/wp\/v2\/tags?post=159975"}],"curies":[{"name":"wp","href":"https:\/\/api.w.org\/{rel}","templated":true}]}}