{"id":160010,"date":"2020-09-10T15:44:22","date_gmt":"2020-09-10T13:44:22","guid":{"rendered":"https:\/\/www.radiopiu.net\/wordpress\/?p=160010"},"modified":"2020-09-10T15:44:22","modified_gmt":"2020-09-10T13:44:22","slug":"cai-agordo-in-assemblea-annullata-luscita-in-calendario-domenica","status":"publish","type":"post","link":"https:\/\/www.radiopiu.net\/wordpress\/cai-agordo-in-assemblea-annullata-luscita-in-calendario-domenica\/","title":{"rendered":"CAI AGORDO IN ASSEMBLEA, ANNULLATA L&#8217;USCITA IN CALENDARIO DOMENICA"},"content":{"rendered":"<blockquote>\n<h3>CAI AGORDO IN ASSEMBLEA, ANNULLATA L&#8217;USCITA IN CALENDARIO DOMENICA<\/h3>\n<\/blockquote>\n<p><strong><a class=\"dt-pswp-item\" href=\"https:\/\/www.radiopiu.net\/wordpress\/wp-content\/uploads\/2020\/09\/bc7115f8-6883-49d8-b2ee-0596a6a66c7e.jpg\" data-dt-img-description=\"\" data-large_image_width=\"1599\" data-large_image_height=\"1200\"><img loading=\"lazy\" decoding=\"async\" class=\" wp-image-160009 alignleft\" src=\"https:\/\/www.radiopiu.net\/wordpress\/wp-content\/uploads\/2020\/09\/bc7115f8-6883-49d8-b2ee-0596a6a66c7e-300x225.jpg\" alt=\"\" width=\"248\" height=\"186\" srcset=\"https:\/\/www.radiopiu.net\/wordpress\/wp-content\/uploads\/2020\/09\/bc7115f8-6883-49d8-b2ee-0596a6a66c7e-300x225.jpg 300w, https:\/\/www.radiopiu.net\/wordpress\/wp-content\/uploads\/2020\/09\/bc7115f8-6883-49d8-b2ee-0596a6a66c7e-1024x768.jpg 1024w, https:\/\/www.radiopiu.net\/wordpress\/wp-content\/uploads\/2020\/09\/bc7115f8-6883-49d8-b2ee-0596a6a66c7e-768x576.jpg 768w, https:\/\/www.radiopiu.net\/wordpress\/wp-content\/uploads\/2020\/09\/bc7115f8-6883-49d8-b2ee-0596a6a66c7e-1536x1153.jpg 1536w, https:\/\/www.radiopiu.net\/wordpress\/wp-content\/uploads\/2020\/09\/bc7115f8-6883-49d8-b2ee-0596a6a66c7e-640x480.jpg 640w, https:\/\/www.radiopiu.net\/wordpress\/wp-content\/uploads\/2020\/09\/bc7115f8-6883-49d8-b2ee-0596a6a66c7e.jpg 1599w\" sizes=\"auto, (max-width: 248px) 100vw, 248px\" \/><\/a>AGORDO<\/strong> La sezione Agordina del Cai comunica l&#8217;annullamento l&#8217;uscita in calendario per il 13 settembre\u00a0 in quanto la Sezione stessa\u00a0 non \u00e8 in grado di garantire in modo adeguato il rispetto delle attuali normative previste per il covid-19, con la speranza di ritrovare tutti il prossimo anno\u00a0 ancora numerosi, soprattutto sereni. L&#8217;Assemblea Annuale che doveva tenersi a marzo e gi\u00e0 rinviata, \u00e8 stata convocata Venerd\u00ec 18 settembre alle 18 nella Sala Convegni &#8220;Don Tamis&#8221;. Per le note limitazioni sanitarie, quest&#8217;anno la S. Messa ed il pranzo non si svolgeranno.L&#8217;Assemblea Sezionale rappresenta il momento in cui i soci sono chiamati a dare un giudizio sull&#8217;operato del Presidente, del Consiglio Direttivo e <a class=\"dt-pswp-item\" href=\"https:\/\/www.radiopiu.net\/wordpress\/wp-content\/uploads\/2020\/09\/2f1f422e-bd0c-49ab-830f-aedbb2bc717f.jpg\" data-dt-img-description=\"\" data-large_image_width=\"1599\" data-large_image_height=\"1200\"><img loading=\"lazy\" decoding=\"async\" class=\" wp-image-160008 alignright\" src=\"https:\/\/www.radiopiu.net\/wordpress\/wp-content\/uploads\/2020\/09\/2f1f422e-bd0c-49ab-830f-aedbb2bc717f-300x225.jpg\" alt=\"\" width=\"259\" height=\"194\" srcset=\"https:\/\/www.radiopiu.net\/wordpress\/wp-content\/uploads\/2020\/09\/2f1f422e-bd0c-49ab-830f-aedbb2bc717f-300x225.jpg 300w, https:\/\/www.radiopiu.net\/wordpress\/wp-content\/uploads\/2020\/09\/2f1f422e-bd0c-49ab-830f-aedbb2bc717f-1024x768.jpg 1024w, https:\/\/www.radiopiu.net\/wordpress\/wp-content\/uploads\/2020\/09\/2f1f422e-bd0c-49ab-830f-aedbb2bc717f-768x576.jpg 768w, https:\/\/www.radiopiu.net\/wordpress\/wp-content\/uploads\/2020\/09\/2f1f422e-bd0c-49ab-830f-aedbb2bc717f-1536x1153.jpg 1536w, https:\/\/www.radiopiu.net\/wordpress\/wp-content\/uploads\/2020\/09\/2f1f422e-bd0c-49ab-830f-aedbb2bc717f-640x480.jpg 640w, https:\/\/www.radiopiu.net\/wordpress\/wp-content\/uploads\/2020\/09\/2f1f422e-bd0c-49ab-830f-aedbb2bc717f.jpg 1599w\" sizes=\"auto, (max-width: 259px) 100vw, 259px\" \/><\/a>dell&#8217;attivit\u00e0 svolte e da svolgere. Lo scorso 2 agosto la sezione agordina del Cai ha organizzato un&#8217;escursione alla Punta d&#8217;Alochet. Questo il racconto di Fabiana<em>: &#8220;In questa anomala estate 2020 dove tutto il calendario delle uscite della Sezione Agordina del Cai \u00e8 stato stravolto, anche la salita alla Punta d\u2019Alochet m.2582, nel gruppo della Marmolada, ha subito delle variazioni. Anzi, diciamo pi\u00f9 di una\u2026proposta dalla sottoscritta in fase di stesura del calendario per il 13 settembre \u00e8 stata spostata gi\u00e0 da subito al 21 giugno per permettere agli aquilotti dell\u2019Alpinismo Giovanile di potere effettuare un\u2019 uscita autunnale in quanto il mese di settembre era ricco di eventi domenicali ai quali i nostri ragazzi o i loro accompagnatori non potevano mancare. Rinviata nel mese di giugno per i problemi che tutti conosciamo \u00e8 stata finalmente effettuata il 2 agosto, <a class=\"dt-pswp-item\" href=\"https:\/\/www.radiopiu.net\/wordpress\/wp-content\/uploads\/2020\/09\/0ca51c5d-b764-4796-b145-bf0875e1c07e.jpg\" data-dt-img-description=\"\" data-large_image_width=\"1599\" data-large_image_height=\"1200\"><img loading=\"lazy\" decoding=\"async\" class=\"size-medium wp-image-160007 alignleft\" src=\"https:\/\/www.radiopiu.net\/wordpress\/wp-content\/uploads\/2020\/09\/0ca51c5d-b764-4796-b145-bf0875e1c07e-300x225.jpg\" alt=\"\" width=\"300\" height=\"225\" srcset=\"https:\/\/www.radiopiu.net\/wordpress\/wp-content\/uploads\/2020\/09\/0ca51c5d-b764-4796-b145-bf0875e1c07e-300x225.jpg 300w, https:\/\/www.radiopiu.net\/wordpress\/wp-content\/uploads\/2020\/09\/0ca51c5d-b764-4796-b145-bf0875e1c07e-1024x768.jpg 1024w, https:\/\/www.radiopiu.net\/wordpress\/wp-content\/uploads\/2020\/09\/0ca51c5d-b764-4796-b145-bf0875e1c07e-768x576.jpg 768w, https:\/\/www.radiopiu.net\/wordpress\/wp-content\/uploads\/2020\/09\/0ca51c5d-b764-4796-b145-bf0875e1c07e-1536x1153.jpg 1536w, https:\/\/www.radiopiu.net\/wordpress\/wp-content\/uploads\/2020\/09\/0ca51c5d-b764-4796-b145-bf0875e1c07e-640x480.jpg 640w, https:\/\/www.radiopiu.net\/wordpress\/wp-content\/uploads\/2020\/09\/0ca51c5d-b764-4796-b145-bf0875e1c07e.jpg 1599w\" sizes=\"auto, (max-width: 300px) 100vw, 300px\" \/><\/a>data in cui era prevista un\u2019altra uscita dei nostri giovani che si rifaranno sicuramente l\u2019anno prossimo. Un giro ad anello a ridosso del Passo S. Pellegrino, molto panoramico e interessante sotto il profilo storico che ci ha portato a percorrere alcune delle numerose tracce lasciate dalla permanenza dei due eserciti avversari in quella che \u00e8 stata la sanguinosa guerra\u00a0 combattutasi sulle nostre montagne dal 1915 al 1918. Tutti soddisfatti i partecipanti all\u2019escursione che hanno apprezzato oltre ai panorami sulle cime circostanti, la tipologia del percorso che si \u00e8 alternato fra mulattiere militari, comodi sentieri tra verdi pascoli e impegnativi passaggi in cresta&#8221;.\u00a0<\/em><\/p>\n<p>&nbsp;<\/p>\n","protected":false},"excerpt":{"rendered":"<p>CAI AGORDO IN ASSEMBLEA, ANNULLATA L&#8217;USCITA IN CALENDARIO DOMENICA AGORDO La sezione Agordina del Cai comunica l&#8217;annullamento l&#8217;uscita in calendario per il 13 settembre\u00a0 in quanto la Sezione stessa\u00a0 non \u00e8 in grado di garantire in modo adeguato il rispetto delle attuali normative previste per il covid-19, con la speranza di ritrovare tutti il prossimo&hellip;<\/p>\n","protected":false},"author":4,"featured_media":160008,"comment_status":"closed","ping_status":"closed","sticky":false,"template":"","format":"standard","meta":{"_monsterinsights_skip_tracking":false,"_monsterinsights_sitenote_active":false,"_monsterinsights_sitenote_note":"","_monsterinsights_sitenote_category":0,"footnotes":""},"categories":[49],"tags":[],"class_list":["post-160010","post","type-post","status-publish","format-standard","has-post-thumbnail","hentry","category-news-18","category-49","description-off"],"img_url":"https:\/\/www.radiopiu.net\/wordpress\/wp-content\/uploads\/2020\/09\/2f1f422e-bd0c-49ab-830f-aedbb2bc717f.jpg","_links":{"self":[{"href":"https:\/\/www.radiopiu.net\/wordpress\/wp-json\/wp\/v2\/posts\/160010","targetHints":{"allow":["GET"]}}],"collection":[{"href":"https:\/\/www.radiopiu.net\/wordpress\/wp-json\/wp\/v2\/posts"}],"about":[{"href":"https:\/\/www.radiopiu.net\/wordpress\/wp-json\/wp\/v2\/types\/post"}],"author":[{"embeddable":true,"href":"https:\/\/www.radiopiu.net\/wordpress\/wp-json\/wp\/v2\/users\/4"}],"replies":[{"embeddable":true,"href":"https:\/\/www.radiopiu.net\/wordpress\/wp-json\/wp\/v2\/comments?post=160010"}],"version-history":[{"count":0,"href":"https:\/\/www.radiopiu.net\/wordpress\/wp-json\/wp\/v2\/posts\/160010\/revisions"}],"wp:featuredmedia":[{"embeddable":true,"href":"https:\/\/www.radiopiu.net\/wordpress\/wp-json\/wp\/v2\/media\/160008"}],"wp:attachment":[{"href":"https:\/\/www.radiopiu.net\/wordpress\/wp-json\/wp\/v2\/media?parent=160010"}],"wp:term":[{"taxonomy":"category","embeddable":true,"href":"https:\/\/www.radiopiu.net\/wordpress\/wp-json\/wp\/v2\/categories?post=160010"},{"taxonomy":"post_tag","embeddable":true,"href":"https:\/\/www.radiopiu.net\/wordpress\/wp-json\/wp\/v2\/tags?post=160010"}],"curies":[{"name":"wp","href":"https:\/\/api.w.org\/{rel}","templated":true}]}}