{"id":160013,"date":"2020-09-10T23:59:41","date_gmt":"2020-09-10T21:59:41","guid":{"rendered":"https:\/\/www.radiopiu.net\/wordpress\/?p=160013"},"modified":"2020-09-10T17:11:20","modified_gmt":"2020-09-10T15:11:20","slug":"i-capitelli-e-le-immagini-sacre-della-parrocchia-di-sargnano","status":"publish","type":"post","link":"https:\/\/www.radiopiu.net\/wordpress\/i-capitelli-e-le-immagini-sacre-della-parrocchia-di-sargnano\/","title":{"rendered":"I CAPITELLI E LE IMMAGINI SACRE DELLA PARROCCHIA DI SARGNANO"},"content":{"rendered":"<p><strong>BELLUNO<\/strong> Anche la Parrocchia di San Pietro a Sargnano di Belluno vanta i suoi capitelli e immagini sacre. La conferma ci viene dal bel libro di Vincenzo Caputo (col quale ha collaborato l\u2019architetto Roberto Reolon) \u201cCapitelli e immagini sacre a Belluno\u201d edito dall\u2019Istituto bellunese di ricerche sociali e culturali presieduto dal prof. don Sergio Sacco. La descrizione prende il via con la Croce della chiesa di San Liberale (In proposito Caputo richiama, oltre allo storico prof. don Ferdinando Tamis, il libro \u201cBelluno. Storia architettura arte\u201d edito nel 1984); si tratta di un manufatto in legno su un piccolo obelisco in pietra, del XV o XVI secolo, discretamente conservata. E\u2019 un chiaro segno \u2013 scrive \u2013 del cimitero una volta esistente attorno alla chiesetta che anticamente si chiamava San Daniele di Pedeserva. Ed aggiunge: \u201cSembra dai documenti esistenti che l\u2019edificio possa risalire al 1200; invece dai reperti archeologici ritrovati in occasione di restauri, pare che il luogo risalga anteriormente al secolo X. Sulla facciata esposta a mezzogiorno, compaiono tracce di affreschi ormai indecifrabili\u201d. E conclude richiamando don Tamis secondo il quale \u201cA Castion la tradizione dice che quando minacciava siccit\u00e0 o troppa pioggia si andava a pregare a San Daniele di Pedeserva\u201d. Salendo verso il Monte Serva si arriva nella localit\u00e0 Casere in Pian dei Fi\u00f2c dove ci si imbatte in un altro crocifisso in legno, del 1989, in buono stato, che risulta collocato, esternamente ad una casera, il 19 febbraio dello stesso anno, a protezione degli escursionisti. E\u2019 opera di Venerio Bona e iniziativa di un gruppo di amici assidui frequentatori della montagna a nord di Belluno. Restiamo sul Serva perch\u00e9 Caputo ricorda che sulla cima si pu\u00f2 ammirare un\u2019altra croce, questa in ferro, risalente al 1954, ben conservata. E in proposito scrive. \u201cNegli anni Trenta, in occasione della sistemazione della malga ivi esistente nella localit\u00e0 Pian dei Fi\u00f2c (metri 1743) la popolazione dell\u2019Oltrardo pose sulla cima del monte Serva (metri 2133) una croce in legno con targa metallica; la croce fu poi abbattuta durante l\u2019occupazione tedesca (1943-45). Nel dopoguerra vi furono collocate altre croci, via via sostituite, fino all\u2019ultima collocazione avvenuta nel 1954. Alla base di essa \u00e8 incisa questa scritta: \u201cDon A. Zanella, parroco ricordo della Missione Mariana Sargnano 17 at 29 maggio 1954 centenario della definizione del dogma dell\u2019Immacolata concezione Maria santissima ed a perenne memoria dei caduti di tutte le guerre\u201d. Sempre nell\u2019ambito della Parrocchia di Sargnano, Vincenzo Caputo include la nicchia in muratura e portico del XVI-XVII secolo, non in buono stato, esistente nella via Tiziano Vecellio della localit\u00e0 La Veneggia. Dentro la nicchia un affresco molto deteriorato raffigura la \u201cMadonna con Ges\u00f9 Bambino, San Francesco e \u2013 forse (ndr.) \u2013 San Domenico. Conclude quindi la rassegna con l\u2019affresco sulla parete di una stanza in una casa di abitazione del XVI-XVII secolo, discretamente conservato. Raffigura la \u201cBeata Vergine del Carmine con Ges\u00f9 Bambino ed Angeli. Nei pressi dell\u2019antichissima strada che da Nogar\u00e8 una volta conduceva a San Pietro in Campo e a Ponte nelle Alpi, sorge una fabbrica di propriet\u00e0 della famiglia D\u2019Inc\u00e0. Dalla struttura e da alcuni reperti individuabili nell\u2019acquasantiera in marmo, negli affreschi murali dell\u2019edicola sotto il portico con trace di altri antichissimi affreschi e di altro affresco situato nella stanza pi\u00f9 alta della torre dove si trova la Beata Vergine del Carmine con Ges\u00f9 Bambino ed Angeli, si pu\u00f2 pensare che l\u2019edificio una volta fosse un ospizio. Nulla si \u00e8 trovato negli archivi storici e religiosi per convalidare tale ipotesi ma da ricordi frammentari tramandati da alcune persone, sembra che una volta effettivamente in questo luogo vi fosse una comunit\u00e0 religiosa dedicata alla carit\u00e0 cristiana (erano presumibilmente dei Carmelitani Scalzi). Non si riesce a capire come mai manchi tale documentazione; pertanto stabilire a quando possa risalire la costruzione di questo complesso, recentemente in parte ristrutturato, \u00e8 alquanto difficile. Si ha notizia che il terremoto del 1936 abbatt\u00e9 il camino esistente, sul quale vi era incisa la data del 1632; tutto per\u00f2 fa pensare che la costruzione sia assai pi\u00f9 antica\u201d.<\/p>\n\n\t\t\t<style type='text\/css'>\n\t\t\t\t#gallery-1 {\n\t\t\t\t\tmargin: auto;\n\t\t\t\t}\n\t\t\t\t#gallery-1 .gallery-item {\n\t\t\t\t\tfloat: left;\n\t\t\t\t\tmargin-top: 10px;\n\t\t\t\t\ttext-align: center;\n\t\t\t\t\twidth: 33%;\n\t\t\t\t}\n\t\t\t\t#gallery-1 img {\n\t\t\t\t\tborder: 2px solid #cfcfcf;\n\t\t\t\t}\n\t\t\t\t#gallery-1 .gallery-caption {\n\t\t\t\t\tmargin-left: 0;\n\t\t\t\t}\n\t\t\t\t\/* see gallery_shortcode() in wp-includes\/media.php *\/\n\t\t\t<\/style>\n\t\t<div id='gallery-1' class='dt-gallery-container gallery galleryid-160013 gallery-columns-3 gallery-size-thumbnail'><dl class='gallery-item'>\n\t\t\t\t<dt class='gallery-icon landscape'>\n\t\t\t\t\t<a class=\"rollover rollover-zoom dt-pswp-item\" title=\"119137780_322590678985175_6919224103610558155_n\" data-dt-img-description=\"\" data-large_image_width=\"960\" data-large_image_height=\"949\"href='https:\/\/www.radiopiu.net\/wordpress\/wp-content\/uploads\/2020\/09\/119137780_322590678985175_6919224103610558155_n.jpg'><img loading=\"lazy\" decoding=\"async\" width=\"150\" height=\"150\" src=\"https:\/\/www.radiopiu.net\/wordpress\/wp-content\/uploads\/2020\/09\/119137780_322590678985175_6919224103610558155_n-150x150.jpg\" class=\"attachment-thumbnail size-thumbnail\" alt=\"\" srcset=\"https:\/\/www.radiopiu.net\/wordpress\/wp-content\/uploads\/2020\/09\/119137780_322590678985175_6919224103610558155_n-150x150.jpg 150w, https:\/\/www.radiopiu.net\/wordpress\/wp-content\/uploads\/2020\/09\/119137780_322590678985175_6919224103610558155_n-300x297.jpg 300w, https:\/\/www.radiopiu.net\/wordpress\/wp-content\/uploads\/2020\/09\/119137780_322590678985175_6919224103610558155_n-125x125.jpg 125w, https:\/\/www.radiopiu.net\/wordpress\/wp-content\/uploads\/2020\/09\/119137780_322590678985175_6919224103610558155_n-200x200.jpg 200w, https:\/\/www.radiopiu.net\/wordpress\/wp-content\/uploads\/2020\/09\/119137780_322590678985175_6919224103610558155_n-80x80.jpg 80w\" sizes=\"auto, (max-width: 150px) 100vw, 150px\" \/><\/a>\n\t\t\t\t<\/dt><\/dl><dl class='gallery-item'>\n\t\t\t\t<dt class='gallery-icon portrait'>\n\t\t\t\t\t<a class=\"rollover rollover-zoom dt-pswp-item\" title=\"119084983_355677728804577_2869837984624340205_n\" data-dt-img-description=\"\" data-large_image_width=\"659\" data-large_image_height=\"960\"href='https:\/\/www.radiopiu.net\/wordpress\/wp-content\/uploads\/2020\/09\/119084983_355677728804577_2869837984624340205_n.jpg'><img loading=\"lazy\" decoding=\"async\" width=\"150\" height=\"150\" src=\"https:\/\/www.radiopiu.net\/wordpress\/wp-content\/uploads\/2020\/09\/119084983_355677728804577_2869837984624340205_n-150x150.jpg\" class=\"attachment-thumbnail size-thumbnail\" alt=\"\" srcset=\"https:\/\/www.radiopiu.net\/wordpress\/wp-content\/uploads\/2020\/09\/119084983_355677728804577_2869837984624340205_n-150x150.jpg 150w, https:\/\/www.radiopiu.net\/wordpress\/wp-content\/uploads\/2020\/09\/119084983_355677728804577_2869837984624340205_n-125x125.jpg 125w, https:\/\/www.radiopiu.net\/wordpress\/wp-content\/uploads\/2020\/09\/119084983_355677728804577_2869837984624340205_n-200x200.jpg 200w, https:\/\/www.radiopiu.net\/wordpress\/wp-content\/uploads\/2020\/09\/119084983_355677728804577_2869837984624340205_n-80x80.jpg 80w\" sizes=\"auto, (max-width: 150px) 100vw, 150px\" \/><\/a>\n\t\t\t\t<\/dt><\/dl><dl class='gallery-item'>\n\t\t\t\t<dt class='gallery-icon portrait'>\n\t\t\t\t\t<a class=\"rollover rollover-zoom dt-pswp-item\" title=\"118911303_895656037509593_5245487420388565610_n\" data-dt-img-description=\"\" data-large_image_width=\"643\" data-large_image_height=\"960\"href='https:\/\/www.radiopiu.net\/wordpress\/wp-content\/uploads\/2020\/09\/118911303_895656037509593_5245487420388565610_n.jpg'><img loading=\"lazy\" decoding=\"async\" width=\"150\" height=\"150\" src=\"https:\/\/www.radiopiu.net\/wordpress\/wp-content\/uploads\/2020\/09\/118911303_895656037509593_5245487420388565610_n-150x150.jpg\" class=\"attachment-thumbnail size-thumbnail\" alt=\"\" srcset=\"https:\/\/www.radiopiu.net\/wordpress\/wp-content\/uploads\/2020\/09\/118911303_895656037509593_5245487420388565610_n-150x150.jpg 150w, https:\/\/www.radiopiu.net\/wordpress\/wp-content\/uploads\/2020\/09\/118911303_895656037509593_5245487420388565610_n-125x125.jpg 125w, https:\/\/www.radiopiu.net\/wordpress\/wp-content\/uploads\/2020\/09\/118911303_895656037509593_5245487420388565610_n-200x200.jpg 200w, https:\/\/www.radiopiu.net\/wordpress\/wp-content\/uploads\/2020\/09\/118911303_895656037509593_5245487420388565610_n-80x80.jpg 80w\" sizes=\"auto, (max-width: 150px) 100vw, 150px\" \/><\/a>\n\t\t\t\t<\/dt><\/dl><br style=\"clear: both\" \/><dl class='gallery-item'>\n\t\t\t\t<dt class='gallery-icon portrait'>\n\t\t\t\t\t<a class=\"rollover rollover-zoom dt-pswp-item\" title=\"119106581_1788175077997718_8687527753480238644_n\" data-dt-img-description=\"\" data-large_image_width=\"625\" data-large_image_height=\"960\"href='https:\/\/www.radiopiu.net\/wordpress\/wp-content\/uploads\/2020\/09\/119106581_1788175077997718_8687527753480238644_n.jpg'><img loading=\"lazy\" decoding=\"async\" width=\"150\" height=\"150\" src=\"https:\/\/www.radiopiu.net\/wordpress\/wp-content\/uploads\/2020\/09\/119106581_1788175077997718_8687527753480238644_n-150x150.jpg\" class=\"attachment-thumbnail size-thumbnail\" alt=\"\" srcset=\"https:\/\/www.radiopiu.net\/wordpress\/wp-content\/uploads\/2020\/09\/119106581_1788175077997718_8687527753480238644_n-150x150.jpg 150w, https:\/\/www.radiopiu.net\/wordpress\/wp-content\/uploads\/2020\/09\/119106581_1788175077997718_8687527753480238644_n-125x125.jpg 125w, https:\/\/www.radiopiu.net\/wordpress\/wp-content\/uploads\/2020\/09\/119106581_1788175077997718_8687527753480238644_n-200x200.jpg 200w, https:\/\/www.radiopiu.net\/wordpress\/wp-content\/uploads\/2020\/09\/119106581_1788175077997718_8687527753480238644_n-80x80.jpg 80w\" sizes=\"auto, (max-width: 150px) 100vw, 150px\" \/><\/a>\n\t\t\t\t<\/dt><\/dl><dl class='gallery-item'>\n\t\t\t\t<dt class='gallery-icon landscape'>\n\t\t\t\t\t<a class=\"rollover rollover-zoom dt-pswp-item\" title=\"119067510_252242875943296_3964076812092580126_n\" data-dt-img-description=\"\" data-large_image_width=\"2048\" data-large_image_height=\"1447\"href='https:\/\/www.radiopiu.net\/wordpress\/wp-content\/uploads\/2020\/09\/119067510_252242875943296_3964076812092580126_n.jpg'><img loading=\"lazy\" decoding=\"async\" width=\"150\" height=\"150\" src=\"https:\/\/www.radiopiu.net\/wordpress\/wp-content\/uploads\/2020\/09\/119067510_252242875943296_3964076812092580126_n-150x150.jpg\" class=\"attachment-thumbnail size-thumbnail\" alt=\"\" srcset=\"https:\/\/www.radiopiu.net\/wordpress\/wp-content\/uploads\/2020\/09\/119067510_252242875943296_3964076812092580126_n-150x150.jpg 150w, https:\/\/www.radiopiu.net\/wordpress\/wp-content\/uploads\/2020\/09\/119067510_252242875943296_3964076812092580126_n-125x125.jpg 125w, https:\/\/www.radiopiu.net\/wordpress\/wp-content\/uploads\/2020\/09\/119067510_252242875943296_3964076812092580126_n-200x200.jpg 200w, https:\/\/www.radiopiu.net\/wordpress\/wp-content\/uploads\/2020\/09\/119067510_252242875943296_3964076812092580126_n-80x80.jpg 80w\" sizes=\"auto, (max-width: 150px) 100vw, 150px\" \/><\/a>\n\t\t\t\t<\/dt><\/dl><dl class='gallery-item'>\n\t\t\t\t<dt class='gallery-icon portrait'>\n\t\t\t\t\t<a class=\"rollover rollover-zoom dt-pswp-item\" title=\"119122073_822571428512584_8144514069281532903_n\" data-dt-img-description=\"\" data-large_image_width=\"640\" data-large_image_height=\"960\"href='https:\/\/www.radiopiu.net\/wordpress\/wp-content\/uploads\/2020\/09\/119122073_822571428512584_8144514069281532903_n.jpg'><img loading=\"lazy\" decoding=\"async\" width=\"150\" height=\"150\" src=\"https:\/\/www.radiopiu.net\/wordpress\/wp-content\/uploads\/2020\/09\/119122073_822571428512584_8144514069281532903_n-150x150.jpg\" class=\"attachment-thumbnail size-thumbnail\" alt=\"\" srcset=\"https:\/\/www.radiopiu.net\/wordpress\/wp-content\/uploads\/2020\/09\/119122073_822571428512584_8144514069281532903_n-150x150.jpg 150w, https:\/\/www.radiopiu.net\/wordpress\/wp-content\/uploads\/2020\/09\/119122073_822571428512584_8144514069281532903_n-125x125.jpg 125w, https:\/\/www.radiopiu.net\/wordpress\/wp-content\/uploads\/2020\/09\/119122073_822571428512584_8144514069281532903_n-200x200.jpg 200w, https:\/\/www.radiopiu.net\/wordpress\/wp-content\/uploads\/2020\/09\/119122073_822571428512584_8144514069281532903_n-80x80.jpg 80w\" sizes=\"auto, (max-width: 150px) 100vw, 150px\" \/><\/a>\n\t\t\t\t<\/dt><\/dl><br style=\"clear: both\" \/>\n\t\t\t<\/div>\n\n<p>&nbsp;<\/p>\n<p>NELLE FOTO (riproduzioni dal libro di Vincenzo Caputo): la copertina del libro edito da Ibrsc; Croce di San Liberale; Crocifisso a Casere in Pian dei Fi\u00f2c; altra croce sulla cima del monte Serva; affresco con Madonna con Ges\u00f9 Bambino, Sam Francesco e \u2013 forse \u2013 San Domenico; quello di via Tiziano Vecellio a La Veneggia di Belluno con la Beata Vergine del Carmine con Ges\u00f9 Bambino e Angeli.<\/p>\n","protected":false},"excerpt":{"rendered":"<p>BELLUNO Anche la Parrocchia di San Pietro a Sargnano di Belluno vanta i suoi capitelli e immagini sacre. La conferma ci viene dal bel libro di Vincenzo Caputo (col quale ha collaborato l\u2019architetto Roberto Reolon) \u201cCapitelli e immagini sacre a Belluno\u201d edito dall\u2019Istituto bellunese di ricerche sociali e culturali presieduto dal prof. don Sergio Sacco.&hellip;<\/p>\n","protected":false},"author":4,"featured_media":160014,"comment_status":"closed","ping_status":"closed","sticky":false,"template":"","format":"standard","meta":{"_monsterinsights_skip_tracking":false,"_monsterinsights_sitenote_active":false,"_monsterinsights_sitenote_note":"","_monsterinsights_sitenote_category":0,"footnotes":""},"categories":[49],"tags":[],"class_list":["post-160013","post","type-post","status-publish","format-standard","has-post-thumbnail","hentry","category-news-18","category-49","description-off"],"img_url":"https:\/\/www.radiopiu.net\/wordpress\/wp-content\/uploads\/2020\/09\/119137780_322590678985175_6919224103610558155_n.jpg","_links":{"self":[{"href":"https:\/\/www.radiopiu.net\/wordpress\/wp-json\/wp\/v2\/posts\/160013","targetHints":{"allow":["GET"]}}],"collection":[{"href":"https:\/\/www.radiopiu.net\/wordpress\/wp-json\/wp\/v2\/posts"}],"about":[{"href":"https:\/\/www.radiopiu.net\/wordpress\/wp-json\/wp\/v2\/types\/post"}],"author":[{"embeddable":true,"href":"https:\/\/www.radiopiu.net\/wordpress\/wp-json\/wp\/v2\/users\/4"}],"replies":[{"embeddable":true,"href":"https:\/\/www.radiopiu.net\/wordpress\/wp-json\/wp\/v2\/comments?post=160013"}],"version-history":[{"count":0,"href":"https:\/\/www.radiopiu.net\/wordpress\/wp-json\/wp\/v2\/posts\/160013\/revisions"}],"wp:featuredmedia":[{"embeddable":true,"href":"https:\/\/www.radiopiu.net\/wordpress\/wp-json\/wp\/v2\/media\/160014"}],"wp:attachment":[{"href":"https:\/\/www.radiopiu.net\/wordpress\/wp-json\/wp\/v2\/media?parent=160013"}],"wp:term":[{"taxonomy":"category","embeddable":true,"href":"https:\/\/www.radiopiu.net\/wordpress\/wp-json\/wp\/v2\/categories?post=160013"},{"taxonomy":"post_tag","embeddable":true,"href":"https:\/\/www.radiopiu.net\/wordpress\/wp-json\/wp\/v2\/tags?post=160013"}],"curies":[{"name":"wp","href":"https:\/\/api.w.org\/{rel}","templated":true}]}}