{"id":160021,"date":"2020-09-11T06:11:45","date_gmt":"2020-09-11T04:11:45","guid":{"rendered":"https:\/\/www.radiopiu.net\/wordpress\/?p=160021"},"modified":"2020-09-11T06:10:05","modified_gmt":"2020-09-11T04:10:05","slug":"sei-nuove-positivita-tre-da-laboratori-privati","status":"publish","type":"post","link":"https:\/\/www.radiopiu.net\/wordpress\/sei-nuove-positivita-tre-da-laboratori-privati\/","title":{"rendered":"SEI NUOVE POSITIVITA&#8217;, TRE DA LABORATORI PRIVATI"},"content":{"rendered":"<blockquote><p><em>Test sierologico sul personale scolastico: 16 positivi, pari allo 0,6% ma nessun \u00e8 risultato positivo al tampone<\/em><\/p><\/blockquote>\n<p><strong><img loading=\"lazy\" decoding=\"async\" class=\"alignleft\" src=\"https:\/\/www.radiopiu.net\/wordpress\/wp-content\/uploads\/2020\/03\/covid-ulss.jpg\" width=\"198\" height=\"148\" \/>BELLUNO<\/strong> Nelle ultime24 ore di attivit\u00e0 laboratoristica l\u2019Azienda Dolomiti ha messo in evidenza tre nuove positivit\u00e0: due giovani fratelli di nazionalit\u00e0 straniera gi\u00e0 in quarantena in quanto contatti di caso in ambito familiare; un ragazzo italiano anch\u2019esso gi\u00e0 quarantenato in quanto contatto di caso in ambito familiare. Oltre a ci\u00f2, il Dipartimento di Prevenzione ha oggi preso in carico tre positivit\u00e0 diagnosticate presso un laboratorio privato del territorio: un uomo di nazionalit\u00e0 straniera residente in provincia, asintomatico sottoposto a tampone, su richiesta personale per poter raggiungere il Paese d\u2019origine: isolato con quarantena dei familiari; due colleghi di lavoro, uno residente in provincia, l\u2019altro qui domiciliato, inviati privatamente alla diagnostica COVID dal datore di lavoro, risultato positivo in altra sede: isolati, con provvedimenti contumaciali a carico dei familiari. Si \u00e8 conclusa oggi la sessione di recupero dei <b>test sierologici del personale della scuola<\/b>. Il dato complessivo alle ore 13.00 di oggi \u00e8 il seguente: test eseguiti dal Dipartimento di prevenzione: <span style=\"font-size: medium;\"><b>1.691 <\/b><\/span>test eseguiti dai 53 medici aderenti al progetto nazionale: <span style=\"font-size: medium;\"><b>822 <\/b><\/span>TOTALE di <b>2.513<\/b> test.\u00a0 Sono risultati positivi al test sierologico 16 persone, pari <b>0,6% del totale<\/b>. Nessuno \u00e8 risultato positivo al tampone.<\/p>\n<p>&nbsp;<\/p>\n","protected":false},"excerpt":{"rendered":"<p>Test sierologico sul personale scolastico: 16 positivi, pari allo 0,6% ma nessun \u00e8 risultato positivo al tampone BELLUNO Nelle ultime24 ore di attivit\u00e0 laboratoristica l\u2019Azienda Dolomiti ha messo in evidenza tre nuove positivit\u00e0: due giovani fratelli di nazionalit\u00e0 straniera gi\u00e0 in quarantena in quanto contatti di caso in ambito familiare; un ragazzo italiano anch\u2019esso gi\u00e0&hellip;<\/p>\n","protected":false},"author":4,"featured_media":121260,"comment_status":"closed","ping_status":"closed","sticky":false,"template":"","format":"standard","meta":{"_monsterinsights_skip_tracking":false,"_monsterinsights_sitenote_active":false,"_monsterinsights_sitenote_note":"","_monsterinsights_sitenote_category":0,"footnotes":""},"categories":[49],"tags":[],"class_list":["post-160021","post","type-post","status-publish","format-standard","has-post-thumbnail","hentry","category-news-18","category-49","description-off"],"img_url":"https:\/\/www.radiopiu.net\/wordpress\/wp-content\/uploads\/2020\/03\/covid-ulss.jpg","_links":{"self":[{"href":"https:\/\/www.radiopiu.net\/wordpress\/wp-json\/wp\/v2\/posts\/160021","targetHints":{"allow":["GET"]}}],"collection":[{"href":"https:\/\/www.radiopiu.net\/wordpress\/wp-json\/wp\/v2\/posts"}],"about":[{"href":"https:\/\/www.radiopiu.net\/wordpress\/wp-json\/wp\/v2\/types\/post"}],"author":[{"embeddable":true,"href":"https:\/\/www.radiopiu.net\/wordpress\/wp-json\/wp\/v2\/users\/4"}],"replies":[{"embeddable":true,"href":"https:\/\/www.radiopiu.net\/wordpress\/wp-json\/wp\/v2\/comments?post=160021"}],"version-history":[{"count":0,"href":"https:\/\/www.radiopiu.net\/wordpress\/wp-json\/wp\/v2\/posts\/160021\/revisions"}],"wp:featuredmedia":[{"embeddable":true,"href":"https:\/\/www.radiopiu.net\/wordpress\/wp-json\/wp\/v2\/media\/121260"}],"wp:attachment":[{"href":"https:\/\/www.radiopiu.net\/wordpress\/wp-json\/wp\/v2\/media?parent=160021"}],"wp:term":[{"taxonomy":"category","embeddable":true,"href":"https:\/\/www.radiopiu.net\/wordpress\/wp-json\/wp\/v2\/categories?post=160021"},{"taxonomy":"post_tag","embeddable":true,"href":"https:\/\/www.radiopiu.net\/wordpress\/wp-json\/wp\/v2\/tags?post=160021"}],"curies":[{"name":"wp","href":"https:\/\/api.w.org\/{rel}","templated":true}]}}