{"id":160030,"date":"2020-09-10T17:46:26","date_gmt":"2020-09-10T15:46:26","guid":{"rendered":"https:\/\/www.radiopiu.net\/wordpress\/?p=160030"},"modified":"2020-09-10T17:46:26","modified_gmt":"2020-09-10T15:46:26","slug":"piscinews-attivamente-agordino-ai-blocchi-della-ripartenza","status":"publish","type":"post","link":"https:\/\/www.radiopiu.net\/wordpress\/piscinews-attivamente-agordino-ai-blocchi-della-ripartenza\/","title":{"rendered":"PISCINEWS: ATTIVAMENTE AGORDINO AI BLOCCHI DELLA RIPARTENZA"},"content":{"rendered":"<p><strong><a class=\"dt-pswp-item\" href=\"https:\/\/www.radiopiu.net\/wordpress\/wp-content\/uploads\/2020\/05\/PISCINA-AGORDO.jpg\" data-dt-img-description=\"\" data-large_image_width=\"1600\" data-large_image_height=\"737\"><img loading=\"lazy\" decoding=\"async\" class=\" wp-image-140455 alignleft\" src=\"https:\/\/www.radiopiu.net\/wordpress\/wp-content\/uploads\/2020\/05\/PISCINA-AGORDO-300x138.jpg\" alt=\"\" width=\"265\" height=\"121\" srcset=\"https:\/\/www.radiopiu.net\/wordpress\/wp-content\/uploads\/2020\/05\/PISCINA-AGORDO-300x138.jpg 300w, https:\/\/www.radiopiu.net\/wordpress\/wp-content\/uploads\/2020\/05\/PISCINA-AGORDO-1024x472.jpg 1024w, https:\/\/www.radiopiu.net\/wordpress\/wp-content\/uploads\/2020\/05\/PISCINA-AGORDO-768x354.jpg 768w, https:\/\/www.radiopiu.net\/wordpress\/wp-content\/uploads\/2020\/05\/PISCINA-AGORDO-1536x708.jpg 1536w, https:\/\/www.radiopiu.net\/wordpress\/wp-content\/uploads\/2020\/05\/PISCINA-AGORDO.jpg 1600w\" sizes=\"auto, (max-width: 265px) 100vw, 265px\" \/><\/a>AGORDO<\/strong> <span style=\"color: #3d3d3d;\"><span style=\"font-family: Arial, serif;\"><span style=\"font-size: small;\"><span lang=\"it-IT\">Dopo una stagione estiva positiva, la Piscina Comprensoriale di Agordo, \u00e8 pronta a ripartire dal 14 settembre con le nuove attivit\u00e0 autunnali dedicate a grandi e piccini e garantite da istruttori qualificati. <\/span><\/span><\/span><\/span><span style=\"font-size: small; font-family: Arial, serif; color: #3d3d3d;\">Continuano i corsi della scuola di nuoto e perfezionamento per bambini e adulti, corsi baby (3-6 anni) e inizieranno nuovamente i corsi babyssimi (18-36 mesi) per accompagnare i pi\u00f9 piccoli ai primi approcci con l\u2019acqua.\u00a0<\/span><span style=\"color: #3d3d3d;\"><span style=\"font-family: Arial, serif;\"><span style=\"font-size: small;\"><span lang=\"it-IT\">Confermati anche tutti i corsi di acquafitness che prevedono diverse discipline che spaziano dall\u2019acquagym, alla ginnastica dolce, al circuit training con l\u2019uso di idro-bike, tapis roulant e step, attivit\u00e0 che si possono provare con un abbonamento a frequenza libera, che d\u00e0 la possibilit\u00e0 di provare tutta l\u2019offerta. <\/span><\/span><\/span><\/span><span style=\"font-family: Arial, serif; color: #3d3d3d; font-size: small;\">Il sabato dalle 8.45 alle 9.30 ci sar\u00e0 anche un nuovo corso gestanti rivolto alle donne in dolce attesa per migliorare la respirazione, la circolazione e il tono muscolare, alternando fasi di rilassamento. <\/span><span style=\"color: #3d3d3d;\"><span style=\"font-family: Arial, serif;\"><span style=\"font-size: small;\"><span lang=\"it-IT\">La piscina \u00e8 aperta tutti i giorni anche per il nuoto libero nei seguenti orari: luned\u00ec 9.30-21, marted\u00ec 19.30-21, mercoled\u00ec 9.30-21, gioved\u00ec 14-21, venerd\u00ec 19.30-21, sabato 9.30-20 e domenica 15-19 con possibilit\u00e0 di abbonamenti e agevolazioni per gruppi e famiglie. <\/span><\/span><\/span><\/span><span style=\"font-size: small; font-family: Arial, serif; color: #3d3d3d;\">Possibilit\u00e0 anche di lezioni individuali e attivit\u00e0 di riabilitazione e movimento in acqua con personale esperto in Fisioterapia e Scienze Motorie. <\/span><span style=\"color: #3d3d3d;\"><span style=\"font-family: Arial, serif;\"><span style=\"font-size: small;\"><span lang=\"it-IT\">Per info e prenotazioni 0437\/62406 o direttamente presso la segreteria della piscina di via Lungo Rova, aperta tutti i giorni. Pagina F<\/span><\/span><\/span><\/span><span style=\"color: #3d3d3d;\"><span style=\"font-family: Arial, serif;\"><span style=\"font-size: small;\">acebook Attivamente Agordino &#8211; Piscina &amp; Palestra Comprensoriale<\/span><\/span><\/span><\/p>\n","protected":false},"excerpt":{"rendered":"<p>AGORDO Dopo una stagione estiva positiva, la Piscina Comprensoriale di Agordo, \u00e8 pronta a ripartire dal 14 settembre con le nuove attivit\u00e0 autunnali dedicate a grandi e piccini e garantite da istruttori qualificati. Continuano i corsi della scuola di nuoto e perfezionamento per bambini e adulti, corsi baby (3-6 anni) e inizieranno nuovamente i corsi&hellip;<\/p>\n","protected":false},"author":4,"featured_media":95499,"comment_status":"closed","ping_status":"closed","sticky":false,"template":"","format":"standard","meta":{"_monsterinsights_skip_tracking":false,"_monsterinsights_sitenote_active":false,"_monsterinsights_sitenote_note":"","_monsterinsights_sitenote_category":0,"footnotes":""},"categories":[49],"tags":[],"class_list":["post-160030","post","type-post","status-publish","format-standard","has-post-thumbnail","hentry","category-news-18","category-49","description-off"],"img_url":"https:\/\/www.radiopiu.net\/wordpress\/wp-content\/uploads\/2019\/08\/images.jpg","_links":{"self":[{"href":"https:\/\/www.radiopiu.net\/wordpress\/wp-json\/wp\/v2\/posts\/160030","targetHints":{"allow":["GET"]}}],"collection":[{"href":"https:\/\/www.radiopiu.net\/wordpress\/wp-json\/wp\/v2\/posts"}],"about":[{"href":"https:\/\/www.radiopiu.net\/wordpress\/wp-json\/wp\/v2\/types\/post"}],"author":[{"embeddable":true,"href":"https:\/\/www.radiopiu.net\/wordpress\/wp-json\/wp\/v2\/users\/4"}],"replies":[{"embeddable":true,"href":"https:\/\/www.radiopiu.net\/wordpress\/wp-json\/wp\/v2\/comments?post=160030"}],"version-history":[{"count":0,"href":"https:\/\/www.radiopiu.net\/wordpress\/wp-json\/wp\/v2\/posts\/160030\/revisions"}],"wp:featuredmedia":[{"embeddable":true,"href":"https:\/\/www.radiopiu.net\/wordpress\/wp-json\/wp\/v2\/media\/95499"}],"wp:attachment":[{"href":"https:\/\/www.radiopiu.net\/wordpress\/wp-json\/wp\/v2\/media?parent=160030"}],"wp:term":[{"taxonomy":"category","embeddable":true,"href":"https:\/\/www.radiopiu.net\/wordpress\/wp-json\/wp\/v2\/categories?post=160030"},{"taxonomy":"post_tag","embeddable":true,"href":"https:\/\/www.radiopiu.net\/wordpress\/wp-json\/wp\/v2\/tags?post=160030"}],"curies":[{"name":"wp","href":"https:\/\/api.w.org\/{rel}","templated":true}]}}