{"id":160081,"date":"2020-09-12T06:00:31","date_gmt":"2020-09-12T04:00:31","guid":{"rendered":"https:\/\/www.radiopiu.net\/wordpress\/?p=160081"},"modified":"2020-09-12T09:57:03","modified_gmt":"2020-09-12T07:57:03","slug":"giornale-radiopiu-12-settembre-2020-direttore-mirko-mezzacasa","status":"publish","type":"post","link":"https:\/\/www.radiopiu.net\/wordpress\/giornale-radiopiu-12-settembre-2020-direttore-mirko-mezzacasa\/","title":{"rendered":"GIORNALE RADIOPIU 12 SETTEMBRE 2020 DIRETTORE MIRKO MEZZACASA"},"content":{"rendered":"<h3><strong>PER RICEVERE QUESTO NOTIZIARIO DIRETTAMENTE SUL TUO CELLULARE ISCRIVITI AL CANALE TELEGRAM\u00a0<\/strong><strong>\u201cRADIO PIU\u00a0 INFORMAZIONE&#8221;<\/strong><\/h3>\n<p><em>ATTENZIONE: LA NUOVA APP PER IOS-IPHONE<\/em><\/p>\n<div>\n<div><a href=\"https:\/\/apps.apple.com\/it\/app\/radio-pi%C3%B9-emittente-agordina\/id1515939845\">https:\/\/apps.apple.com\/it\/app\/radio-pi%C3%B9-emittente-agordina\/id1515939845<\/a><\/div>\n<\/div>\n<div><\/div>\n<div>\n<div dir=\"auto\"><em>ATTENZIONE: LA NUOVA APP RADIO\u00a0 PER ANDROID<\/em><\/div>\n<\/div>\n<p><a href=\"https:\/\/play.google.com\/store\/apps\/details?id=net.radiopiu.iniko\" target=\"_blank\" rel=\"noopener noreferrer\">https:\/\/play.google.com\/store\/apps\/details?id=net.radiopiu.iniko<\/a><\/p>\n<p>&nbsp;<\/p>\n<blockquote class=\"wp-embedded-content\" data-secret=\"s0IKLKTeCY\"><p><a href=\"https:\/\/www.radiopiu.net\/wordpress\/alle-10-in-diretta\/\">ALLE 10 IN DIRETTA FACEBOOK &#8220;ALICE FOR PRESIDENT&#8221; SUL PALCO DELL&#8217;ARISTON<\/a><\/p><\/blockquote>\n<p><iframe loading=\"lazy\" class=\"wp-embedded-content\" sandbox=\"allow-scripts\" security=\"restricted\" style=\"position: absolute; clip: rect(1px, 1px, 1px, 1px);\" title=\"&#8220;ALLE 10 IN DIRETTA FACEBOOK &#8220;ALICE FOR PRESIDENT&#8221; SUL PALCO DELL&#8217;ARISTON&#8221; &#8212; Radio Pi\u00f9\" src=\"https:\/\/www.radiopiu.net\/wordpress\/alle-10-in-diretta\/embed\/#?secret=s0IKLKTeCY\" data-secret=\"s0IKLKTeCY\" width=\"600\" height=\"338\" frameborder=\"0\" marginwidth=\"0\" marginheight=\"0\" scrolling=\"no\"><\/iframe><\/p>\n<p>&nbsp;<\/p>\n<hr \/>\n<blockquote>\n<h3>APPENA PERCETTIBILE, MA LA TERRA HA TREMATO<\/h3>\n<\/blockquote>\n<p><strong>BELLUNO<\/strong> I sismografi hanno registrato una lievissima scossa ieri alle 12.36 con epicento Belluno. 1,3 gradi della scala Richter<\/p>\n<p><a class=\"dt-pswp-item\" href=\"https:\/\/www.radiopiu.net\/wordpress\/wp-content\/uploads\/2020\/09\/e593bcd5-c123-45f0-97eb-e5bd344b45ba.jpg\" data-dt-img-description=\"\" data-large_image_width=\"720\" data-large_image_height=\"1280\"><img loading=\"lazy\" decoding=\"async\" class=\"alignnone size-medium wp-image-160091\" src=\"https:\/\/www.radiopiu.net\/wordpress\/wp-content\/uploads\/2020\/09\/e593bcd5-c123-45f0-97eb-e5bd344b45ba-169x300.jpg\" alt=\"\" width=\"169\" height=\"300\" srcset=\"https:\/\/www.radiopiu.net\/wordpress\/wp-content\/uploads\/2020\/09\/e593bcd5-c123-45f0-97eb-e5bd344b45ba-169x300.jpg 169w, https:\/\/www.radiopiu.net\/wordpress\/wp-content\/uploads\/2020\/09\/e593bcd5-c123-45f0-97eb-e5bd344b45ba-576x1024.jpg 576w, https:\/\/www.radiopiu.net\/wordpress\/wp-content\/uploads\/2020\/09\/e593bcd5-c123-45f0-97eb-e5bd344b45ba-270x480.jpg 270w, https:\/\/www.radiopiu.net\/wordpress\/wp-content\/uploads\/2020\/09\/e593bcd5-c123-45f0-97eb-e5bd344b45ba.jpg 720w\" sizes=\"auto, (max-width: 169px) 100vw, 169px\" \/><\/a><\/p>\n<p>&nbsp;<\/p>\n<p>&nbsp;<\/p>\n<hr \/>\n<p>&nbsp;<\/p>\n<blockquote>\n<h3>VENEZIA MARMOLADA BIS&#8230;IMPRESA IN CORSO DA IERI A MEZZOGIORNO<\/h3>\n<p><em><strong>Come si raggiunge un traguardo? Senza fretta ma senza sosta&#8230;\u00a0<\/strong><\/em><\/p><\/blockquote>\n<p>Eccoli qua: cinque sognatori capitanati dal mitico\u00a0<a class=\"profileLink\" title=\"William Da Roit\" href=\"https:\/\/www.facebook.com\/profile.php?id=100008859767493&amp;__tn__=K-R&amp;eid=ARAvGpO5l6yyxMgz1NmStfBNuTI161Aw6woIxmQESY39TCbaQXzEwBpSXKIqjdEORSPsHu6rvkh18kKg&amp;fref=mentions&amp;__xts__%5B0%5D=68.ARBXqjupmDBKrW1U6mO6TUg1jSZ7dnzr2xC8YixmzwXd1Pz4YmarEN6StE-7vCkRFbpI9wrbKL4DZJbQUhhQ2SWOQqeebTZz54-rdPKi8noFgk0KMbq3yt8KhN0kwYVlUwZctxF8eLqp1sw4t0v1TxIVCgdgKuP4I2I7oovW_PEGE-xlIl13a1q3WsJPxEEqPZ3a9sEF2NyxA2ofS8oEonl769_nZZM1naD5RGBS7MIUAzjqSHZ10m0VBLTOt-8Dcl5sNgJPTf4yRX3mb8cFEJF53yNZew\" data-hovercard=\"\/ajax\/hovercard\/user.php?id=100008859767493&amp;extragetparams=%7B%22__tn__%22%3A%22%2CdK-R-R%22%2C%22eid%22%3A%22ARAvGpO5l6yyxMgz1NmStfBNuTI161Aw6woIxmQESY39TCbaQXzEwBpSXKIqjdEORSPsHu6rvkh18kKg%22%2C%22fref%22%3A%22mentions%22%7D\" data-hovercard-prefer-more-content-show=\"1\">William Da Roit<\/a>! Partenza da Piazza San Marco, arrivo &#8230; Marmolada. Un&#8217;impresa che William ha gi\u00e0 portato a termine 5 anni fa. Ieri alle 12.30 \u00a0partenza da Piazza San Marco a Venezia e meta di arrivo Punta Rocca in Marmolada, arrivo previsto per domani.<\/p>\n<blockquote><p><em><strong>William Da Roit:\u00a0<\/strong>&#8220;A 12 anni scappo di casa per andare in Himalaya a scalare l\u2019Everest. Dopo qualche chilometro chiedo informazioni e mi dicono: \u201cA sinistra se continui vai a Venezia, quella l\u00ec \u00e8 la Marmolada, potresti accontentarti\u201d. L\u2019Everest non l\u2019ho ancora raggiunto ma con un gruppo di amici partir\u00f2 di corsa, ancora una volta, dal campanile di Piazza San Marco per tentare di raggiungere i 3.265 m. di Punta Rocca l\u00ec in cima alla Regina delle Dolomiti&#8221;.<\/em><\/p><\/blockquote>\n<p><a class=\"dt-pswp-item\" href=\"https:\/\/www.radiopiu.net\/wordpress\/wp-content\/uploads\/2020\/09\/119141608_2416692311969404_8739094750786965486_n.jpg\" data-dt-img-description=\"\" data-large_image_width=\"960\" data-large_image_height=\"466\"><img loading=\"lazy\" decoding=\"async\" class=\"alignnone wp-image-160194 size-full\" src=\"https:\/\/www.radiopiu.net\/wordpress\/wp-content\/uploads\/2020\/09\/119141608_2416692311969404_8739094750786965486_n.jpg\" alt=\"\" width=\"960\" height=\"466\" srcset=\"https:\/\/www.radiopiu.net\/wordpress\/wp-content\/uploads\/2020\/09\/119141608_2416692311969404_8739094750786965486_n.jpg 960w, https:\/\/www.radiopiu.net\/wordpress\/wp-content\/uploads\/2020\/09\/119141608_2416692311969404_8739094750786965486_n-300x146.jpg 300w, https:\/\/www.radiopiu.net\/wordpress\/wp-content\/uploads\/2020\/09\/119141608_2416692311969404_8739094750786965486_n-768x373.jpg 768w, https:\/\/www.radiopiu.net\/wordpress\/wp-content\/uploads\/2020\/09\/119141608_2416692311969404_8739094750786965486_n-640x311.jpg 640w\" sizes=\"auto, (max-width: 960px) 100vw, 960px\" \/><\/a><\/p>\n<p>&nbsp;<\/p>\n<p>ALLA RADIO &#8230;. ORE 10<\/p>\n<audio class=\"wp-audio-shortcode\" id=\"audio-160081-1\" preload=\"none\" style=\"width: 100%;\" controls=\"controls\"><source type=\"audio\/mpeg\" src=\"https:\/\/www.radiopiu.net\/wordpress\/wp-content\/uploads\/2020\/09\/william-da-roit.mp3?_=1\" \/><a href=\"https:\/\/www.radiopiu.net\/wordpress\/wp-content\/uploads\/2020\/09\/william-da-roit.mp3\">https:\/\/www.radiopiu.net\/wordpress\/wp-content\/uploads\/2020\/09\/william-da-roit.mp3<\/a><\/audio>\n<p>&nbsp;<\/p>\n<p>&nbsp;<\/p>\n<hr \/>\n<p>&nbsp;<\/p>\n<div class=\"page-title-head hgroup\">\n<blockquote>\n<h3 class=\"entry-title\">OGGI LA MESSA A CAMP CON IL PENSIERO A GIORGIO<\/h3>\n<\/blockquote>\n<p><strong><img loading=\"lazy\" decoding=\"async\" class=\"alignleft\" src=\"https:\/\/www.radiopiu.net\/wordpress\/wp-content\/uploads\/2020\/09\/crocevia-a-forcella-del.jpg\" width=\"205\" height=\"154\" \/>AGORDO <\/strong>Giorgio Favero (in basso a destra nella foto del 1998 con la camicia a qudrettoni) non ci sar\u00e0 alla messa a Forcella Camp. Non ci sar\u00e0 fisicamente ma il suo pensiero, il suo cuore, il suo amore per la montagna che sovrasta Agordo non mancher\u00e0. Perch\u00e9 il momento sotto al Framont e ai piedi della Moiazza \u00e8 una sua &#8220;invenzione&#8221;, una delle tante importanti iniziative di Giorgio, come al tempo fu la riscoperta e la ripresa dell&#8217;evento Vecia Popa oggi portato avanti da un gruppo di validi giovani che hanno saputo raccogliere il testimone. La messa a Forcella Camp ricorder\u00e0 la posa del capitello di 22 anni fa, sar\u00e0 celebrata OGGI\u00a0 alle 10.30\u00a0<strong><br \/>\n<\/strong><\/p>\n<a href=\"https:\/\/www.radiopiu.net\/wordpress\/wp-content\/uploads\/2020\/09\/manifesto-2020.pdf\" class=\"pdfemb-viewer\" style=\"\" data-width=\"max\" data-height=\"max\" data-toolbar=\"top\" data-toolbar-fixed=\"on\">manifesto 2020<\/a>\n<\/div>\n<div class=\"page-title-breadcrumbs\"><\/div>\n<p>&nbsp;<\/p>\n<hr \/>\n<p>&nbsp;<\/p>\n<p><strong>PROVINCIALE 29 COL FALCON, PONTE SERRA-FALIER (Sovramonte): <\/strong>dal 14 settembre al 23 settembre (sabato e domenica escluso) dalle 8 alle 18 divieto di transito ai veicoli con massa superiore a 3,5 tonellate. Interdizione totale al transito veicolare in entrambi i sensi di marcia nelle fasce orarie: 830-10; 10.30-12; 14.10-16; 16.30-18, nelle altre ore senso unico alternato regolato da semaforo<\/p>\n<p><strong>PROVINCIALE 3 VALLE IMPERINA CORDE MOLE-VALLASIN (Gosaldo) <\/strong>proroga ordinanza: dalle 8 alle 11.45 e dalle 13.30 alle 17.30 fino al 16 settembre temporanee interruzioni alla viabilit\u00e0 fino a 30 minuti<\/p>\n<p><strong>641 PASSO FEDAIA, CAPANNA BILL <\/strong>Dal 14 settembre al 13 novembre deviazione su viabilit\u00e0 provvisoria con istituzione di senso unico alternato<\/p>\n<p>&nbsp;<\/p>\n<p>&nbsp;<\/p>\n<hr \/>\n<p>&nbsp;<\/p>\n<p>&nbsp;<\/p>\n<p><a class=\"dt-pswp-item pspw-wrap-ready\" href=\"https:\/\/i2.wp.com\/www.radiopiu.net\/wordpress\/wp-content\/uploads\/2018\/08\/ACQUA.jpeg?ssl=1\" data-dt-img-description=\"\" data-large_image_width=\"1280\" data-large_image_height=\"768\"><img loading=\"lazy\" decoding=\"async\" class=\"wp-image-57052 alignleft\" src=\"https:\/\/i2.wp.com\/www.radiopiu.net\/wordpress\/wp-content\/uploads\/2018\/08\/ACQUA.jpeg?resize=198%2C119&amp;ssl=1\" sizes=\"auto, (max-width: 198px) 100vw, 198px\" srcset=\"https:\/\/i2.wp.com\/www.radiopiu.net\/wordpress\/wp-content\/uploads\/2018\/08\/ACQUA.jpeg?resize=300%2C180&amp;ssl=1 300w, https:\/\/i2.wp.com\/www.radiopiu.net\/wordpress\/wp-content\/uploads\/2018\/08\/ACQUA.jpeg?resize=768%2C461&amp;ssl=1 768w, https:\/\/i2.wp.com\/www.radiopiu.net\/wordpress\/wp-content\/uploads\/2018\/08\/ACQUA.jpeg?resize=1024%2C614&amp;ssl=1 1024w, https:\/\/i2.wp.com\/www.radiopiu.net\/wordpress\/wp-content\/uploads\/2018\/08\/ACQUA.jpeg?w=1280&amp;ssl=1 1280w\" alt=\"\" width=\"198\" height=\"119\" data-recalc-dims=\"1\" \/><\/a><\/p>\n<p>a SAN TOMASO AGORDINO in localit\u00e0 PIANEZZE e ad AGORDO in Via DOZZA E FONTANA COMPRESO L&#8217; OSPEDALE, l&#8217;acqua erogata dall&#8217;acquedotto \u00e8 di nuovo potabile e pu\u00f2 essere usata per scopi alimentari.<\/p>\n<p><strong>SAN TOMASO AGORDINO<\/strong> nella localit\u00e0 ROI l\u2019acqua erogata dall\u2019acquedotto non \u00e8 potabile e non pu\u00f2 essere usata per scopi alimentari.<\/p>\n<p>&nbsp;<\/p>\n<hr \/>\n<p>&nbsp;<\/p>\n<blockquote>\n<h3>SALENDO AL RIFUGIO BERTI SCIVOLA E BATTE LA TESTA, SETTANTENNE IN OSPEDALE<\/h3>\n<\/blockquote>\n<p><strong><a class=\"dt-pswp-item\" href=\"https:\/\/www.radiopiu.net\/wordpress\/wp-content\/uploads\/2019\/08\/SOCCORSO-ALPINO-2019.jpg\" data-dt-img-description=\"\" data-large_image_width=\"1600\" data-large_image_height=\"1200\"><img loading=\"lazy\" decoding=\"async\" class=\"wp-image-96479 alignleft\" src=\"https:\/\/www.radiopiu.net\/wordpress\/wp-content\/uploads\/2019\/08\/SOCCORSO-ALPINO-2019-300x225.jpg\" alt=\"\" width=\"161\" height=\"121\" srcset=\"https:\/\/www.radiopiu.net\/wordpress\/wp-content\/uploads\/2019\/08\/SOCCORSO-ALPINO-2019-300x225.jpg 300w, https:\/\/www.radiopiu.net\/wordpress\/wp-content\/uploads\/2019\/08\/SOCCORSO-ALPINO-2019-768x576.jpg 768w, https:\/\/www.radiopiu.net\/wordpress\/wp-content\/uploads\/2019\/08\/SOCCORSO-ALPINO-2019-1024x768.jpg 1024w, https:\/\/www.radiopiu.net\/wordpress\/wp-content\/uploads\/2019\/08\/SOCCORSO-ALPINO-2019.jpg 1600w\" sizes=\"auto, (max-width: 161px) 100vw, 161px\" \/><\/a>COMELICO<\/strong> Nel primo pomeriggio di ieri\u00a0 l&#8217;elicottero dell&#8217;Aiut Alpin Dolomites di Bolzano \u00e8 intervenuto lungo il sentiero numero 101, sotto il Rifugio Berti a Padola, per un&#8217;escursionista che, inciampata, ha sbattuto la testa. La donna, R.P., 70 anni, di Venezia, che si trovava con i familiari \u00e8 stata assistita da un medico di passaggio, \u00e8 stata presa in carico dal personale sanitario dell&#8217;equipaggio che le ha prestato le prime cure per la ferita riportata. Recuperata con un verricello di 15 metri, \u00e8 stata poi accompagnata all&#8217;ospedale di Belluno.<\/p>\n<p>&nbsp;<\/p>\n<hr \/>\n<blockquote>\n<h3><\/h3>\n<h3>OPPORTUNITA&#8217; DA VENETO LAVORO, AMBITO BELLUNO<\/h3>\n<\/blockquote>\n<p><strong>LA VALLE <\/strong>\u00a0Sul sito Cliclavoroveneto \u00e8 pubblicato l\u2019avviso pubblico per l&#8217;avviamento a selezione richiesto dal comune di La Valle Agordina per la copertura di n. 1 posto a tempo parziale e determinato per il profilo<br \/>\nprofessionale di &#8220;Operaio&#8221;, Cat. B1. Presentazione delle domande entro il 25 settembre esclusivamente attraverso il servizio CPI-ONLINE di Clic Lavoro Veneto.<\/p>\n<p>&nbsp;<\/p>\n<hr \/>\n<p>&nbsp;<\/p>\n<blockquote>\n<h3>ECOCENTRI: VALPE AMBIENTE AL LAVORO PER LA RISTRUTTURAZIONE DELLE 14 STRUTTURE ESISTENTI, DUE I\u00a0 NUOVI PROGETTI. SI ATTENDONO LE RISPOSTE DAL COMITATO PER I FONDI DI CONFINE<\/h3>\n<\/blockquote>\n<p>&nbsp;<\/p>\n<p><strong><a class=\"dt-pswp-item\" href=\"https:\/\/www.radiopiu.net\/wordpress\/wp-content\/uploads\/2020\/04\/ECOCENTRO-TAIBON.jpg\" data-dt-img-description=\"\" data-large_image_width=\"300\" data-large_image_height=\"169\"><img loading=\"lazy\" decoding=\"async\" class=\"wp-image-130674 alignleft\" src=\"https:\/\/www.radiopiu.net\/wordpress\/wp-content\/uploads\/2020\/04\/ECOCENTRO-TAIBON.jpg\" alt=\"\" width=\"224\" height=\"126\" \/><\/a><\/strong><\/p>\n<p>&nbsp;<\/p>\n<p><strong>AGORDO<\/strong><\/p>\n<p><strong>GIANNI SANTOMASO\u00a0<\/strong><\/p>\n<audio class=\"wp-audio-shortcode\" id=\"audio-160081-2\" preload=\"none\" style=\"width: 100%;\" controls=\"controls\"><source type=\"audio\/mpeg\" src=\"https:\/\/www.radiopiu.net\/wordpress\/wp-content\/uploads\/2020\/09\/gianni-valpe.mp3?_=2\" \/><a href=\"https:\/\/www.radiopiu.net\/wordpress\/wp-content\/uploads\/2020\/09\/gianni-valpe.mp3\">https:\/\/www.radiopiu.net\/wordpress\/wp-content\/uploads\/2020\/09\/gianni-valpe.mp3<\/a><\/audio>\n<p>&nbsp;<\/p>\n<p>&nbsp;<\/p>\n<hr \/>\n<blockquote>\n<h3>CON IL NUOVO ANNO SCOLASTICO 60 MILA EURO PER LA SICUREZZA ANTI COVID<\/h3>\n<\/blockquote>\n<p><b><a class=\"dt-pswp-item\" href=\"https:\/\/www.radiopiu.net\/wordpress\/wp-content\/uploads\/2020\/09\/gazebo-Alpago.jpg\" data-dt-img-description=\"\" data-large_image_width=\"1200\" data-large_image_height=\"1600\"><img loading=\"lazy\" decoding=\"async\" class=\"size-medium wp-image-160107 alignleft\" src=\"https:\/\/www.radiopiu.net\/wordpress\/wp-content\/uploads\/2020\/09\/gazebo-Alpago-225x300.jpg\" alt=\"\" width=\"225\" height=\"300\" srcset=\"https:\/\/www.radiopiu.net\/wordpress\/wp-content\/uploads\/2020\/09\/gazebo-Alpago-225x300.jpg 225w, https:\/\/www.radiopiu.net\/wordpress\/wp-content\/uploads\/2020\/09\/gazebo-Alpago-768x1024.jpg 768w, https:\/\/www.radiopiu.net\/wordpress\/wp-content\/uploads\/2020\/09\/gazebo-Alpago-1152x1536.jpg 1152w, https:\/\/www.radiopiu.net\/wordpress\/wp-content\/uploads\/2020\/09\/gazebo-Alpago-360x480.jpg 360w, https:\/\/www.radiopiu.net\/wordpress\/wp-content\/uploads\/2020\/09\/gazebo-Alpago.jpg 1200w\" sizes=\"auto, (max-width: 225px) 100vw, 225px\" \/><\/a>ALPAGO <\/b>Gli investimenti effettuati in ottica anti-Covid ammontano a oltre 60 mila euro, solo tenendo conto dei lavori di adeguamento strutturale dei plessi e del noleggio dei gazebo che saranno posizionati nel cortile degli edifici scolastici per garantire un riparo agli studenti durante i tempi di attesa e gli ingressi scaglionati in aula. Se l\u2019emergenza sanitaria dovesse prolungarsi, l\u2019Amministrazione valuter\u00e0 poi l\u2019eventuale acquisto delle stesse strutture mobili. Il trasporto scolastico riprender\u00e0 regolarmente luned\u00ec 14 e, nonostante l\u2019incremento dei costi dettati proprio dalle normative sul contenimento del virus, rimarr\u00e0 per le famiglie interamente gratuito. I percorsi, le fermate e gli orari, che potrebbero subire leggere variazioni dovute all&#8217;adeguamento del servizio, sono reperibili sul sito istituzionale del comune www.comunealpago.bl.it, alla sezione \u201ctrasporto scolastico\u201d.<\/p>\n<blockquote><p><em>\u201cCi avviamo ad un anno scolastico decisamente particolare e non certo senza insidie, commenta l\u2019assessore all\u2019istruzione del Comune di Alpago &#8211;\u00a0 un grande lavoro \u00e8 stato condotto, anche in sinergia con la dirigente e gli uffici scolastici. Genitori, insegnanti, educatori, amministratori, cittadini sono chiamati a sostenere i ragazzi, che mai come oggi hanno bisogno di recuperare spazi di \u201cnormalit\u00e0\u201d scolastica, ma anche sociale&#8221;.<\/em><\/p><\/blockquote>\n<p>&nbsp;<\/p>\n<p>&nbsp;<\/p>\n<hr \/>\n<h3><\/h3>\n<blockquote>\n<h3>COVID A BELLUNO: 8 POSITIVI IN 24 ORE IN UN&#8217;UNICA STRUTTURA RICETTIVA, POSITIVA LA DIPENDENTE DI UNA DITTA DI ABBIGLIAMENTO<\/h3>\n<p><em>Torna la paura a Cortina, gran parte dei dipendenti di un Hotel sono risultati positivi al covid19. La Ulss1 ha inviato un&#8217;unit\u00e0 mobile per eseguire i tamponi a tutti gli ospiti. Domenica chiuder\u00e0 la struttura, primo contagiato il cuoco, tutti negativi i turisti. Il sindaco Gianpietro Ghedina assicura che il focolaio \u00e8 stato gestito con immediatezza e seguendo il protocollo.<\/em><\/p><\/blockquote>\n<p><strong><img loading=\"lazy\" decoding=\"async\" class=\"alignleft\" src=\"https:\/\/www.radiopiu.net\/wordpress\/wp-content\/uploads\/2020\/03\/covid-ulss.jpg\" width=\"241\" height=\"181\" \/>BELLUNO<\/strong> Otto positivi tra gli operatori\u00a0 di un&#8217;importante struttura ricettiva del territorio dolomitico, fortunatamente in fase di chiusura di stagione. L\u2019indagine epidemiologica ha correlato queste positivit\u00e0 ad un probabile caso indice registrato due giorni fa e ha rilevato un ulteriore caso a carico di un operatore nel frattempo rientrato nella citt\u00e0 di origine fuori regione. Questo evento epidemico ha interessato circa la met\u00e0 dell\u2019organico della struttura stessa (la restante parte degli operatori \u00e8 risultata negativa al tampone). La presa in carico del focolaio \u00e8 avvenuta nella tarda serata di ieri e si \u00e8 concretizzata nell\u2019immediata attivazione di una sessione straordinaria di tamponi, sul posto, a favore di tutti gli ospiti della struttura stessa (una ventina). Oltre a ci\u00f2 \u00e8 stato messo in campo il consueto contact tracing, che sar\u00e0 modulato sulla base dei risultati dei tamponi eseguiti. <strong>In Cadore<\/strong> \u00e8 giunta a conclusione, con totale negativit\u00e0, l\u2019indagine con tampone sui 22 contatti degli atleti di Chievo calcio risultati covid positivi qualche giorno fa. <strong>Preso in carico\u00a0 il caso relativo ad una dipendente di una nota ditta di abbigliamento<\/strong> nel nostro territorio risultata positiva alla ricerca in un laboratorio privato del SARS Cov 2. Il soggetto, residente fuori regione, era gi\u00e0 rientrato al proprio domicilio ed \u00e8 stato quindi segnalato per il seguito contumaciale all\u2019azienda sanitaria di competenza. Ovviamente i contatti locali dell\u2019operatrice risultata positiva sono stati presi in carico e quarantenati come da protocollo.<\/p>\n<p>&nbsp;<\/p>\n<hr \/>\n<p>&nbsp;<\/p>\n<blockquote>\n<h3>RIVAMONTE: WIND TRE NON HA ANCORA RISPOSTO PER L&#8217;ANTENNA CHE HA FATTO ARRABBIARE UN PAESE<\/h3>\n<\/blockquote>\n<p><a class=\"dt-pswp-item\" href=\"https:\/\/www.radiopiu.net\/wordpress\/wp-content\/uploads\/2020\/09\/a4657e57-0d10-4975-ba15-abfaa9484ed1.jpg\" data-dt-img-description=\"\" data-large_image_width=\"1600\" data-large_image_height=\"1200\"><img loading=\"lazy\" decoding=\"async\" class=\"wp-image-160200 alignleft\" src=\"https:\/\/www.radiopiu.net\/wordpress\/wp-content\/uploads\/2020\/09\/a4657e57-0d10-4975-ba15-abfaa9484ed1-300x225.jpg\" alt=\"\" width=\"215\" height=\"161\" srcset=\"https:\/\/www.radiopiu.net\/wordpress\/wp-content\/uploads\/2020\/09\/a4657e57-0d10-4975-ba15-abfaa9484ed1-300x225.jpg 300w, https:\/\/www.radiopiu.net\/wordpress\/wp-content\/uploads\/2020\/09\/a4657e57-0d10-4975-ba15-abfaa9484ed1-1024x768.jpg 1024w, https:\/\/www.radiopiu.net\/wordpress\/wp-content\/uploads\/2020\/09\/a4657e57-0d10-4975-ba15-abfaa9484ed1-768x576.jpg 768w, https:\/\/www.radiopiu.net\/wordpress\/wp-content\/uploads\/2020\/09\/a4657e57-0d10-4975-ba15-abfaa9484ed1-1536x1152.jpg 1536w, https:\/\/www.radiopiu.net\/wordpress\/wp-content\/uploads\/2020\/09\/a4657e57-0d10-4975-ba15-abfaa9484ed1-640x480.jpg 640w, https:\/\/www.radiopiu.net\/wordpress\/wp-content\/uploads\/2020\/09\/a4657e57-0d10-4975-ba15-abfaa9484ed1.jpg 1600w\" sizes=\"auto, (max-width: 215px) 100vw, 215px\" \/><\/a>RIVAMONTE<\/p>\n<p>GIANNI SANTOMASO<\/p>\n<audio class=\"wp-audio-shortcode\" id=\"audio-160081-3\" preload=\"none\" style=\"width: 100%;\" controls=\"controls\"><source type=\"audio\/mpeg\" src=\"https:\/\/www.radiopiu.net\/wordpress\/wp-content\/uploads\/2020\/09\/gianni-rivamonte.mp3?_=3\" \/><a href=\"https:\/\/www.radiopiu.net\/wordpress\/wp-content\/uploads\/2020\/09\/gianni-rivamonte.mp3\">https:\/\/www.radiopiu.net\/wordpress\/wp-content\/uploads\/2020\/09\/gianni-rivamonte.mp3<\/a><\/audio>\n<p>&nbsp;<\/p>\n<p>ARCHIVIO RADIO PIU<\/p>\n<blockquote class=\"wp-embedded-content\" data-secret=\"rr56NiP8cY\"><p><a href=\"https:\/\/www.radiopiu.net\/wordpress\/i-residenti-di-rosson-e-canop-di-rivamonte-non-vogliono-il-nuovo-ripetitore-wind-tre\/\">I RESIDENTI DI ROSSON E CANOP DI RIVAMONTE NON VOGLIONO IL NUOVO RIPETITORE WIND TRE<\/a><\/p><\/blockquote>\n<p><iframe loading=\"lazy\" class=\"wp-embedded-content\" sandbox=\"allow-scripts\" security=\"restricted\" style=\"position: absolute; clip: rect(1px, 1px, 1px, 1px);\" title=\"&#8220;I RESIDENTI DI ROSSON E CANOP DI RIVAMONTE NON VOGLIONO IL NUOVO RIPETITORE WIND TRE&#8221; &#8212; Radio Pi\u00f9\" src=\"https:\/\/www.radiopiu.net\/wordpress\/i-residenti-di-rosson-e-canop-di-rivamonte-non-vogliono-il-nuovo-ripetitore-wind-tre\/embed\/#?secret=rr56NiP8cY\" data-secret=\"rr56NiP8cY\" width=\"600\" height=\"338\" frameborder=\"0\" marginwidth=\"0\" marginheight=\"0\" scrolling=\"no\"><\/iframe><\/p>\n<p>&nbsp;<\/p>\n<hr \/>\n<p>&nbsp;<\/p>\n<blockquote class=\"wp-embedded-content\" data-secret=\"AwfaVE0PX7\"><p><a href=\"https:\/\/www.radiopiu.net\/wordpress\/11settembre\/\">CORONAVIRUS: AGGIORNAMENTO NAZIONALE 10 SETTEMBRE<\/a><\/p><\/blockquote>\n<p><iframe loading=\"lazy\" class=\"wp-embedded-content\" sandbox=\"allow-scripts\" security=\"restricted\" style=\"position: absolute; clip: rect(1px, 1px, 1px, 1px);\" title=\"&#8220;CORONAVIRUS: AGGIORNAMENTO NAZIONALE 10 SETTEMBRE&#8221; &#8212; Radio Pi\u00f9\" src=\"https:\/\/www.radiopiu.net\/wordpress\/11settembre\/embed\/#?secret=AwfaVE0PX7\" data-secret=\"AwfaVE0PX7\" width=\"600\" height=\"338\" frameborder=\"0\" marginwidth=\"0\" marginheight=\"0\" scrolling=\"no\"><\/iframe><\/p>\n<p>&nbsp;<\/p>\n<p>&nbsp;<\/p>\n<blockquote class=\"wp-embedded-content\" data-secret=\"SBTXFI1DJ2\"><p><a href=\"https:\/\/www.radiopiu.net\/wordpress\/11settembre2020_\/\">4 DECESSI PER COVID IN 24 ORE, IN AUMENTO POSITIVI E ATTUALMENTE POSITIVI<\/a><\/p><\/blockquote>\n<p><iframe loading=\"lazy\" class=\"wp-embedded-content\" sandbox=\"allow-scripts\" security=\"restricted\" style=\"position: absolute; clip: rect(1px, 1px, 1px, 1px);\" title=\"&#8220;4 DECESSI PER COVID IN 24 ORE, IN AUMENTO POSITIVI E ATTUALMENTE POSITIVI&#8221; &#8212; Radio Pi\u00f9\" src=\"https:\/\/www.radiopiu.net\/wordpress\/11settembre2020_\/embed\/#?secret=SBTXFI1DJ2\" data-secret=\"SBTXFI1DJ2\" width=\"600\" height=\"338\" frameborder=\"0\" marginwidth=\"0\" marginheight=\"0\" scrolling=\"no\"><\/iframe><\/p>\n<p>&nbsp;<\/p>\n<p><strong>I GRAFICI DI TIZIANO DE COL<\/strong><\/p>\n<p><a class=\"dt-pswp-item\" href=\"https:\/\/www.radiopiu.net\/wordpress\/wp-content\/uploads\/2020\/09\/4c7aee5a-67c4-4928-904c-bb1d0720043c.jpg\" data-dt-img-description=\"\" data-large_image_width=\"480\" data-large_image_height=\"333\"><img loading=\"lazy\" decoding=\"async\" class=\"alignnone size-medium wp-image-160186\" src=\"https:\/\/www.radiopiu.net\/wordpress\/wp-content\/uploads\/2020\/09\/4c7aee5a-67c4-4928-904c-bb1d0720043c-300x208.jpg\" alt=\"\" width=\"300\" height=\"208\" srcset=\"https:\/\/www.radiopiu.net\/wordpress\/wp-content\/uploads\/2020\/09\/4c7aee5a-67c4-4928-904c-bb1d0720043c-300x208.jpg 300w, https:\/\/www.radiopiu.net\/wordpress\/wp-content\/uploads\/2020\/09\/4c7aee5a-67c4-4928-904c-bb1d0720043c.jpg 480w\" sizes=\"auto, (max-width: 300px) 100vw, 300px\" \/><\/a><a class=\"dt-pswp-item\" href=\"https:\/\/www.radiopiu.net\/wordpress\/wp-content\/uploads\/2020\/09\/b9288d5e-033a-449a-aebd-33413c31e68e.jpg\" data-dt-img-description=\"\" data-large_image_width=\"664\" data-large_image_height=\"646\"><img loading=\"lazy\" decoding=\"async\" class=\"alignnone wp-image-160187\" src=\"https:\/\/www.radiopiu.net\/wordpress\/wp-content\/uploads\/2020\/09\/b9288d5e-033a-449a-aebd-33413c31e68e-300x292.jpg\" alt=\"\" width=\"215\" height=\"209\" srcset=\"https:\/\/www.radiopiu.net\/wordpress\/wp-content\/uploads\/2020\/09\/b9288d5e-033a-449a-aebd-33413c31e68e-300x292.jpg 300w, https:\/\/www.radiopiu.net\/wordpress\/wp-content\/uploads\/2020\/09\/b9288d5e-033a-449a-aebd-33413c31e68e-493x480.jpg 493w, https:\/\/www.radiopiu.net\/wordpress\/wp-content\/uploads\/2020\/09\/b9288d5e-033a-449a-aebd-33413c31e68e.jpg 664w\" sizes=\"auto, (max-width: 215px) 100vw, 215px\" \/><\/a><\/p>\n<p>&nbsp;<\/p>\n<p>&nbsp;<\/p>\n<hr \/>\n<blockquote>\n<h3><\/h3>\n<h3>SCUOLA E COVID: DUE DRIVE-IN AD ACCESSO LIBERO PER TAMPONI<\/h3>\n<\/blockquote>\n<p><strong><img loading=\"lazy\" decoding=\"async\" class=\"alignleft\" src=\"https:\/\/www.radiopiu.net\/wordpress\/wp-content\/uploads\/2020\/05\/drivein1.jpg\" width=\"275\" height=\"205\" \/>BELLUNO<\/strong> L\u2019Ulss Dolomiti ha messo a punto un sistema organizzativo di sicurezza per eseguire rapidamente il tampone ai bambini, ai ragazzi e agli operatori della scuola che dovessero presentare una sintomatologia orientativa per Covid (febbre, tosse, difficolt\u00e0 respiratorie, congiuntivite, congestione nasale, sintomi gastrointestinali, alterazione improvvisa del gusto o dell\u2019olfatto). I due principali drive-in attivi sul territorio (Belluno- Ospedale San Martino e Feltre \u2013Borgo Ruga) saranno messi a disposizione da luned\u00ec 14 settembre, con accesso libero, semplificando il sistema di prenotazione, tutti i giorni dalle 8.30 alle 12.30 .Inoltre, in considerazione dell\u2019evoluzione del quadro epidemiologico, potranno essere attivate alcune ore di drive-in per tamponi scuola anche a Tai di Cadore e a Caprile a partire dal 5 ottobre. Durante l\u2019attivit\u00e0 dell\u2019accesso libero, verr\u00e0 garantita, in aggiunta all\u2019esecuzione dei tamponi per i soggetti frequentanti la scuola, in continuit\u00e0 con l\u2019attivit\u00e0 attuale, secondo i nuovi orari, l\u2019esecuzione dei tamponi raccomandata per i rientri dall\u2019estero (ormai molto contenuti). In caso di positivit\u00e0 al tampone, il Dipartimento di Prevenzione prender\u00e0 tutti i provvedimenti del caso specifico, in raccordo con le istituzioni scolastiche, e in adesione alle linee guida sul tema. L\u2019Azienda Dolomiti ha comunicato a tutte le Scuole pubbliche e private, ai Pediatri di Libera Scelta e ai Medici di Medicina Generale i nominativi di due \u201cReferenti COVID 19 per la Scuola\u201d, costantemente accessibili per supportare i dirigenti scolastici<\/p>\n<p>&nbsp;<\/p>\n<p>&nbsp;<\/p>\n<hr \/>\n<p>&nbsp;<\/p>\n<blockquote>\n<h3>NUOVE IMPORTANTI NOMINE NELLA ULSS1: CRISTINA MICHELUZZI E GIANLUIGI ZANOLA<\/h3>\n<\/blockquote>\n<p><strong><a class=\"dt-pswp-item\" href=\"https:\/\/www.radiopiu.net\/wordpress\/wp-content\/uploads\/2020\/09\/micheluzzi.jpg\" data-dt-img-description=\"\" data-large_image_width=\"1082\" data-large_image_height=\"1283\"><img loading=\"lazy\" decoding=\"async\" class=\"size-medium wp-image-160099 alignleft\" src=\"https:\/\/www.radiopiu.net\/wordpress\/wp-content\/uploads\/2020\/09\/micheluzzi-253x300.jpg\" alt=\"\" width=\"253\" height=\"300\" srcset=\"https:\/\/www.radiopiu.net\/wordpress\/wp-content\/uploads\/2020\/09\/micheluzzi-253x300.jpg 253w, https:\/\/www.radiopiu.net\/wordpress\/wp-content\/uploads\/2020\/09\/micheluzzi-864x1024.jpg 864w, https:\/\/www.radiopiu.net\/wordpress\/wp-content\/uploads\/2020\/09\/micheluzzi-768x911.jpg 768w, https:\/\/www.radiopiu.net\/wordpress\/wp-content\/uploads\/2020\/09\/micheluzzi-405x480.jpg 405w, https:\/\/www.radiopiu.net\/wordpress\/wp-content\/uploads\/2020\/09\/micheluzzi.jpg 1082w\" sizes=\"auto, (max-width: 253px) 100vw, 253px\" \/><\/a><\/strong><em>BELLUNO<\/em><strong> Cristina Micheluzzi \u00e8 stata nominata direttore dell\u2019Unit\u00e0 Operativa Complessa Infanzia Adolescenza Famiglia e Consultori del Distretto di Belluno.<\/strong> L\u2019unit\u00e0 operativa si occupa di fornire e garantire in maniera integrata e globale interventi di prevenzione, cura e riabilitazione del disagio psico sociale e della patologia dell&#8217;infanzia, dell&#8217;adolescenza e della famiglia, promuovendone la salute. Infanzia Adolescenza Famiglia e Consultori del Distretto di Belluno garantisce attivit\u00e0 ambulatoriale, progetti educativi- riabilitativi e terapeutici individualizzati, anche semiresidenziali e residenziali nelle strutture extra ospedaliere per minori, nelle sedi distrettuali di Belluno, Pieve di Cadore e Agordo. Assicura in particolare l\u2019assistenza sanitaria e socio-sanitaria alle donne, ai minori, alle coppie e alle famiglie, a tutela della maternit\u00e0, per la procreazione responsabile, per la protezione e cura del minore, anche con mandato dell\u2019Autorit\u00e0 Giudiziaria, e la promozione della salute e del benessere dei minori e degli adolescenti, al fine di garantire il corretto sviluppo e sostenere il ruolo affettivo, educativo e socializzante della famiglia, tramite la sintonizzazione delle proprie attivit\u00e0 preventive, diagnostiche curative e riabilitative con le altre Unit\u00e0 Operative territoriali ed ospedaliere.<\/p>\n<blockquote><p><em>La dottoressa Cristina Micheluzzi, bellunese, si \u00e8 laureata in Psicologia all\u2019universit\u00e0 di Padova nel 1995. Ha in seguito conseguito il diploma di specializzazione in psicologia del ciclo di vita &#8211; interventi in favore del bambino, dell\u2019adolescente e della famiglia sempre all\u2019Universit\u00e0 di Padova nel 2002, abilitante anche psicoterapia. Ha maturato una lunga e multidisciplinare esperienza in psicoterapia nell\u2019ambito di diversi incarichi come specialista ambulatoriale interno e con incarichi libero professionali sia presso i servizi del Distretto di Feltre che nel Distretto di Belluno. Dopo un periodo come dirigente psicologo al Consultorio di Feltre, dal 2012 presta servizio in Ulss Dolomiti come dirigenti psicologo al consultorio di Agordo e di Belluno, occupandosi di famiglie e minori a tutto tondo. Particolarmente significativo l\u2019impegno nell\u2019ambito dell\u2019affido, della promozione della genitorialit\u00e0 e della tutela dei minori. Ha al suo attivo numerosi corsi di formazione e docenze.<\/em><\/p>\n<p>&nbsp;<\/p><\/blockquote>\n<p><strong><a class=\"dt-pswp-item\" href=\"https:\/\/www.radiopiu.net\/wordpress\/wp-content\/uploads\/2020\/09\/zanola.jpg\" data-dt-img-description=\"\" data-large_image_width=\"803\" data-large_image_height=\"851\"><img loading=\"lazy\" decoding=\"async\" class=\"wp-image-160101 alignleft\" src=\"https:\/\/www.radiopiu.net\/wordpress\/wp-content\/uploads\/2020\/09\/zanola-283x300.jpg\" alt=\"\" width=\"168\" height=\"178\" srcset=\"https:\/\/www.radiopiu.net\/wordpress\/wp-content\/uploads\/2020\/09\/zanola-283x300.jpg 283w, https:\/\/www.radiopiu.net\/wordpress\/wp-content\/uploads\/2020\/09\/zanola-768x814.jpg 768w, https:\/\/www.radiopiu.net\/wordpress\/wp-content\/uploads\/2020\/09\/zanola-453x480.jpg 453w, https:\/\/www.radiopiu.net\/wordpress\/wp-content\/uploads\/2020\/09\/zanola.jpg 803w\" sizes=\"auto, (max-width: 168px) 100vw, 168px\" \/><\/a>Gianluigi Zanola \u00e8 stato nominato direttore dell\u2019Unit\u00e0 Operativa Complessa Servizio Veterinario di Sanit\u00e0 Animale del Dipartimento di Prevenzione. <\/strong>Il Servizio Veterinario di Sanit\u00e0 Animale svolge, nell&#8217;ambito del Dipartimento di Prevenzione, funzioni di programmazione, esecuzione, gestione e verifica delle diverse attivit\u00e0 di sanit\u00e0 pubblica veterinaria finalizzate a monitorare e garantire la salute delle popolazioni animali presenti nel territorio provinciale. La sua mission \u00e8 lo svolgimento delle attivit\u00e0 finalizzate alla prevenzione ed eradicazione delle malattie trasmissibili tra gli animali e alla tutela della salute umana nei confronti delle malattie trasmesse dagli animali all\u2019uomo (zoonosi).In seguito al nuovo atto aziendale dell\u2019Ulss Dolomiti, con la riorganizzazione del Dipartimento di Prevenzione era stata bandito l\u2019avviso per la direzione della struttura complessa.<\/p>\n<blockquote><p><em>Nato a Brescia, Gianluigi Zanola si \u00e8 laureato nel 1986 in Medicina Veterinaria all\u2019Universit\u00e0 di Parma e si \u00e8 specializzato in sanit\u00e0 pubblica veterinaria nel 1992 all\u2019Universit\u00e0 di Milano. Presta servizio come veterinario all\u2019ulss di Belluno dal 1990, dal 2005 al 2009 ha ricoperto un incarico di struttura semplice sempre all\u2019interno dei servizi veterinari e dal 2009 ha assunto in incarico di struttura complessa all\u2019interno del dipartimento di Belluno.<\/em><\/p><\/blockquote>\n<p>&nbsp;<\/p>\n<p>&nbsp;<\/p>\n<p>&nbsp;<\/p>\n<hr \/>\n<blockquote>\n<h3><\/h3>\n<h3>RIFACIMENTO DEI TOMBOTTI SULLA STRADA PER PASSO FEDAIA CON VENETO STRADE<\/h3>\n<\/blockquote>\n<p><strong>ROCCA PIETORE<\/strong> Lavori in corso sul territorio, alcuni appena iniziati, tanti saranno poi i cantieri che apriranno a primavera. Il punto con il sindaco di Rocca Pietore Andrea De Bernardin.<\/p>\n<audio class=\"wp-audio-shortcode\" id=\"audio-160081-4\" preload=\"none\" style=\"width: 100%;\" controls=\"controls\"><source type=\"audio\/mpeg\" src=\"https:\/\/www.radiopiu.net\/wordpress\/wp-content\/uploads\/2020\/09\/andrea-rocca.mp3?_=4\" \/><a href=\"https:\/\/www.radiopiu.net\/wordpress\/wp-content\/uploads\/2020\/09\/andrea-rocca.mp3\">https:\/\/www.radiopiu.net\/wordpress\/wp-content\/uploads\/2020\/09\/andrea-rocca.mp3<\/a><\/audio>\n<p>&nbsp;<\/p>\n\n\t\t\t<style type='text\/css'>\n\t\t\t\t#gallery-1 {\n\t\t\t\t\tmargin: auto;\n\t\t\t\t}\n\t\t\t\t#gallery-1 .gallery-item {\n\t\t\t\t\tfloat: left;\n\t\t\t\t\tmargin-top: 10px;\n\t\t\t\t\ttext-align: center;\n\t\t\t\t\twidth: 25%;\n\t\t\t\t}\n\t\t\t\t#gallery-1 img {\n\t\t\t\t\tborder: 2px solid #cfcfcf;\n\t\t\t\t}\n\t\t\t\t#gallery-1 .gallery-caption {\n\t\t\t\t\tmargin-left: 0;\n\t\t\t\t}\n\t\t\t\t\/* see gallery_shortcode() in wp-includes\/media.php *\/\n\t\t\t<\/style>\n\t\t<div id='gallery-1' class='dt-gallery-container gallery galleryid-160081 gallery-columns-4 gallery-size-thumbnail'><dl class='gallery-item'>\n\t\t\t\t<dt class='gallery-icon landscape'>\n\t\t\t\t\t<a class=\"rollover rollover-zoom dt-pswp-item\" title=\"by pass tombotto Ru dei Scur (3)\" data-dt-img-description=\"\" data-large_image_width=\"1599\" data-large_image_height=\"1200\"href='https:\/\/www.radiopiu.net\/wordpress\/wp-content\/uploads\/2020\/09\/by-pass-tombotto-Ru-dei-Scur-3.jpg'><img loading=\"lazy\" decoding=\"async\" width=\"150\" height=\"150\" src=\"https:\/\/www.radiopiu.net\/wordpress\/wp-content\/uploads\/2020\/09\/by-pass-tombotto-Ru-dei-Scur-3-150x150.jpg\" class=\"attachment-thumbnail size-thumbnail\" alt=\"\" aria-describedby=\"gallery-1-160146\" srcset=\"https:\/\/www.radiopiu.net\/wordpress\/wp-content\/uploads\/2020\/09\/by-pass-tombotto-Ru-dei-Scur-3-150x150.jpg 150w, https:\/\/www.radiopiu.net\/wordpress\/wp-content\/uploads\/2020\/09\/by-pass-tombotto-Ru-dei-Scur-3-125x125.jpg 125w, https:\/\/www.radiopiu.net\/wordpress\/wp-content\/uploads\/2020\/09\/by-pass-tombotto-Ru-dei-Scur-3-200x200.jpg 200w, https:\/\/www.radiopiu.net\/wordpress\/wp-content\/uploads\/2020\/09\/by-pass-tombotto-Ru-dei-Scur-3-80x80.jpg 80w\" sizes=\"auto, (max-width: 150px) 100vw, 150px\" \/><\/a>\n\t\t\t\t<\/dt>\n\t\t\t\t\t<dd class='wp-caption-text gallery-caption' id='gallery-1-160146'>\n\t\t\t\t\tby pass tombotto Ru dei Scur (3)\n\t\t\t\t\t<\/dd><\/dl><dl class='gallery-item'>\n\t\t\t\t<dt class='gallery-icon landscape'>\n\t\t\t\t\t<a class=\"rollover rollover-zoom dt-pswp-item\" title=\"by pass tombotto Ru dei Scur (1)\" data-dt-img-description=\"\" data-large_image_width=\"1599\" data-large_image_height=\"1200\"href='https:\/\/www.radiopiu.net\/wordpress\/wp-content\/uploads\/2020\/09\/by-pass-tombotto-Ru-dei-Scur-1.jpg'><img loading=\"lazy\" decoding=\"async\" width=\"150\" height=\"150\" src=\"https:\/\/www.radiopiu.net\/wordpress\/wp-content\/uploads\/2020\/09\/by-pass-tombotto-Ru-dei-Scur-1-150x150.jpg\" class=\"attachment-thumbnail size-thumbnail\" alt=\"\" aria-describedby=\"gallery-1-160143\" srcset=\"https:\/\/www.radiopiu.net\/wordpress\/wp-content\/uploads\/2020\/09\/by-pass-tombotto-Ru-dei-Scur-1-150x150.jpg 150w, https:\/\/www.radiopiu.net\/wordpress\/wp-content\/uploads\/2020\/09\/by-pass-tombotto-Ru-dei-Scur-1-125x125.jpg 125w, https:\/\/www.radiopiu.net\/wordpress\/wp-content\/uploads\/2020\/09\/by-pass-tombotto-Ru-dei-Scur-1-200x200.jpg 200w, https:\/\/www.radiopiu.net\/wordpress\/wp-content\/uploads\/2020\/09\/by-pass-tombotto-Ru-dei-Scur-1-80x80.jpg 80w\" sizes=\"auto, (max-width: 150px) 100vw, 150px\" \/><\/a>\n\t\t\t\t<\/dt>\n\t\t\t\t\t<dd class='wp-caption-text gallery-caption' id='gallery-1-160143'>\n\t\t\t\t\tby pass tombotto Ru dei Scur (1)\n\t\t\t\t\t<\/dd><\/dl><dl class='gallery-item'>\n\t\t\t\t<dt class='gallery-icon landscape'>\n\t\t\t\t\t<a class=\"rollover rollover-zoom dt-pswp-item\" title=\"by pass tombotto Ru dei Scur (2)\" data-dt-img-description=\"\" data-large_image_width=\"1599\" data-large_image_height=\"1200\"href='https:\/\/www.radiopiu.net\/wordpress\/wp-content\/uploads\/2020\/09\/by-pass-tombotto-Ru-dei-Scur-2.jpg'><img loading=\"lazy\" decoding=\"async\" width=\"150\" height=\"150\" src=\"https:\/\/www.radiopiu.net\/wordpress\/wp-content\/uploads\/2020\/09\/by-pass-tombotto-Ru-dei-Scur-2-150x150.jpg\" class=\"attachment-thumbnail size-thumbnail\" alt=\"\" aria-describedby=\"gallery-1-160140\" srcset=\"https:\/\/www.radiopiu.net\/wordpress\/wp-content\/uploads\/2020\/09\/by-pass-tombotto-Ru-dei-Scur-2-150x150.jpg 150w, https:\/\/www.radiopiu.net\/wordpress\/wp-content\/uploads\/2020\/09\/by-pass-tombotto-Ru-dei-Scur-2-125x125.jpg 125w, https:\/\/www.radiopiu.net\/wordpress\/wp-content\/uploads\/2020\/09\/by-pass-tombotto-Ru-dei-Scur-2-200x200.jpg 200w, https:\/\/www.radiopiu.net\/wordpress\/wp-content\/uploads\/2020\/09\/by-pass-tombotto-Ru-dei-Scur-2-80x80.jpg 80w\" sizes=\"auto, (max-width: 150px) 100vw, 150px\" \/><\/a>\n\t\t\t\t<\/dt>\n\t\t\t\t\t<dd class='wp-caption-text gallery-caption' id='gallery-1-160140'>\n\t\t\t\t\tby pass tombotto Ru dei Scur (2)\n\t\t\t\t\t<\/dd><\/dl><dl class='gallery-item'>\n\t\t\t\t<dt class='gallery-icon landscape'>\n\t\t\t\t\t<a class=\"rollover rollover-zoom dt-pswp-item\" title=\"by pass tombotto Ru sopra Baita del Gigio (2)\" data-dt-img-description=\"\" data-large_image_width=\"1599\" data-large_image_height=\"1200\"href='https:\/\/www.radiopiu.net\/wordpress\/wp-content\/uploads\/2020\/09\/by-pass-tombotto-Ru-sopra-Baita-del-Gigio-2.jpg'><img loading=\"lazy\" decoding=\"async\" width=\"150\" height=\"150\" src=\"https:\/\/www.radiopiu.net\/wordpress\/wp-content\/uploads\/2020\/09\/by-pass-tombotto-Ru-sopra-Baita-del-Gigio-2-150x150.jpg\" class=\"attachment-thumbnail size-thumbnail\" alt=\"\" aria-describedby=\"gallery-1-160141\" srcset=\"https:\/\/www.radiopiu.net\/wordpress\/wp-content\/uploads\/2020\/09\/by-pass-tombotto-Ru-sopra-Baita-del-Gigio-2-150x150.jpg 150w, https:\/\/www.radiopiu.net\/wordpress\/wp-content\/uploads\/2020\/09\/by-pass-tombotto-Ru-sopra-Baita-del-Gigio-2-125x125.jpg 125w, https:\/\/www.radiopiu.net\/wordpress\/wp-content\/uploads\/2020\/09\/by-pass-tombotto-Ru-sopra-Baita-del-Gigio-2-200x200.jpg 200w, https:\/\/www.radiopiu.net\/wordpress\/wp-content\/uploads\/2020\/09\/by-pass-tombotto-Ru-sopra-Baita-del-Gigio-2-80x80.jpg 80w\" sizes=\"auto, (max-width: 150px) 100vw, 150px\" \/><\/a>\n\t\t\t\t<\/dt>\n\t\t\t\t\t<dd class='wp-caption-text gallery-caption' id='gallery-1-160141'>\n\t\t\t\t\tby pass tombotto Ru sopra Baita del Gigio (2)\n\t\t\t\t\t<\/dd><\/dl><br style=\"clear: both\" \/><dl class='gallery-item'>\n\t\t\t\t<dt class='gallery-icon landscape'>\n\t\t\t\t\t<a class=\"rollover rollover-zoom dt-pswp-item\" title=\"by pass tombotto Ru sopra Baita del Gigio (3)\" data-dt-img-description=\"\" data-large_image_width=\"1599\" data-large_image_height=\"1200\"href='https:\/\/www.radiopiu.net\/wordpress\/wp-content\/uploads\/2020\/09\/by-pass-tombotto-Ru-sopra-Baita-del-Gigio-3.jpg'><img loading=\"lazy\" decoding=\"async\" width=\"150\" height=\"150\" src=\"https:\/\/www.radiopiu.net\/wordpress\/wp-content\/uploads\/2020\/09\/by-pass-tombotto-Ru-sopra-Baita-del-Gigio-3-150x150.jpg\" class=\"attachment-thumbnail size-thumbnail\" alt=\"\" aria-describedby=\"gallery-1-160144\" srcset=\"https:\/\/www.radiopiu.net\/wordpress\/wp-content\/uploads\/2020\/09\/by-pass-tombotto-Ru-sopra-Baita-del-Gigio-3-150x150.jpg 150w, https:\/\/www.radiopiu.net\/wordpress\/wp-content\/uploads\/2020\/09\/by-pass-tombotto-Ru-sopra-Baita-del-Gigio-3-125x125.jpg 125w, https:\/\/www.radiopiu.net\/wordpress\/wp-content\/uploads\/2020\/09\/by-pass-tombotto-Ru-sopra-Baita-del-Gigio-3-200x200.jpg 200w, https:\/\/www.radiopiu.net\/wordpress\/wp-content\/uploads\/2020\/09\/by-pass-tombotto-Ru-sopra-Baita-del-Gigio-3-80x80.jpg 80w\" sizes=\"auto, (max-width: 150px) 100vw, 150px\" \/><\/a>\n\t\t\t\t<\/dt>\n\t\t\t\t\t<dd class='wp-caption-text gallery-caption' id='gallery-1-160144'>\n\t\t\t\t\tby pass tombotto Ru sopra Baita del Gigio (3)\n\t\t\t\t\t<\/dd><\/dl><dl class='gallery-item'>\n\t\t\t\t<dt class='gallery-icon landscape'>\n\t\t\t\t\t<a class=\"rollover rollover-zoom dt-pswp-item\" title=\"by pass tombotto Ru sopra Baita del Gigio (1)\" data-dt-img-description=\"\" data-large_image_width=\"1599\" data-large_image_height=\"1200\"href='https:\/\/www.radiopiu.net\/wordpress\/wp-content\/uploads\/2020\/09\/by-pass-tombotto-Ru-sopra-Baita-del-Gigio-1.jpg'><img loading=\"lazy\" decoding=\"async\" width=\"150\" height=\"150\" src=\"https:\/\/www.radiopiu.net\/wordpress\/wp-content\/uploads\/2020\/09\/by-pass-tombotto-Ru-sopra-Baita-del-Gigio-1-150x150.jpg\" class=\"attachment-thumbnail size-thumbnail\" alt=\"\" aria-describedby=\"gallery-1-160138\" srcset=\"https:\/\/www.radiopiu.net\/wordpress\/wp-content\/uploads\/2020\/09\/by-pass-tombotto-Ru-sopra-Baita-del-Gigio-1-150x150.jpg 150w, https:\/\/www.radiopiu.net\/wordpress\/wp-content\/uploads\/2020\/09\/by-pass-tombotto-Ru-sopra-Baita-del-Gigio-1-125x125.jpg 125w, https:\/\/www.radiopiu.net\/wordpress\/wp-content\/uploads\/2020\/09\/by-pass-tombotto-Ru-sopra-Baita-del-Gigio-1-200x200.jpg 200w, https:\/\/www.radiopiu.net\/wordpress\/wp-content\/uploads\/2020\/09\/by-pass-tombotto-Ru-sopra-Baita-del-Gigio-1-80x80.jpg 80w\" sizes=\"auto, (max-width: 150px) 100vw, 150px\" \/><\/a>\n\t\t\t\t<\/dt>\n\t\t\t\t\t<dd class='wp-caption-text gallery-caption' id='gallery-1-160138'>\n\t\t\t\t\tby pass tombotto Ru sopra Baita del Gigio (1)\n\t\t\t\t\t<\/dd><\/dl><dl class='gallery-item'>\n\t\t\t\t<dt class='gallery-icon landscape'>\n\t\t\t\t\t<a class=\"rollover rollover-zoom dt-pswp-item\" title=\"by pass Ru de le Crepe Rosse\" data-dt-img-description=\"\" data-large_image_width=\"1599\" data-large_image_height=\"1200\"href='https:\/\/www.radiopiu.net\/wordpress\/wp-content\/uploads\/2020\/09\/by-pass-tombotto-Ru-dei-Scur-6.jpg'><img loading=\"lazy\" decoding=\"async\" width=\"150\" height=\"150\" src=\"https:\/\/www.radiopiu.net\/wordpress\/wp-content\/uploads\/2020\/09\/by-pass-tombotto-Ru-dei-Scur-6-150x150.jpg\" class=\"attachment-thumbnail size-thumbnail\" alt=\"\" aria-describedby=\"gallery-1-160142\" srcset=\"https:\/\/www.radiopiu.net\/wordpress\/wp-content\/uploads\/2020\/09\/by-pass-tombotto-Ru-dei-Scur-6-150x150.jpg 150w, https:\/\/www.radiopiu.net\/wordpress\/wp-content\/uploads\/2020\/09\/by-pass-tombotto-Ru-dei-Scur-6-125x125.jpg 125w, https:\/\/www.radiopiu.net\/wordpress\/wp-content\/uploads\/2020\/09\/by-pass-tombotto-Ru-dei-Scur-6-200x200.jpg 200w, https:\/\/www.radiopiu.net\/wordpress\/wp-content\/uploads\/2020\/09\/by-pass-tombotto-Ru-dei-Scur-6-80x80.jpg 80w\" sizes=\"auto, (max-width: 150px) 100vw, 150px\" \/><\/a>\n\t\t\t\t<\/dt>\n\t\t\t\t\t<dd class='wp-caption-text gallery-caption' id='gallery-1-160142'>\n\t\t\t\t\tby pass Ru de le Crepe Rosse\n\t\t\t\t\t<\/dd><\/dl><dl class='gallery-item'>\n\t\t\t\t<dt class='gallery-icon landscape'>\n\t\t\t\t\t<a class=\"rollover rollover-zoom dt-pswp-item\" title=\"by pass Ru de le Crepe Rosse\" data-dt-img-description=\"\" data-large_image_width=\"1599\" data-large_image_height=\"1200\"href='https:\/\/www.radiopiu.net\/wordpress\/wp-content\/uploads\/2020\/09\/by-pass-tombotto-Ru-dei-Scur-5.jpg'><img loading=\"lazy\" decoding=\"async\" width=\"150\" height=\"150\" src=\"https:\/\/www.radiopiu.net\/wordpress\/wp-content\/uploads\/2020\/09\/by-pass-tombotto-Ru-dei-Scur-5-150x150.jpg\" class=\"attachment-thumbnail size-thumbnail\" alt=\"\" aria-describedby=\"gallery-1-160139\" srcset=\"https:\/\/www.radiopiu.net\/wordpress\/wp-content\/uploads\/2020\/09\/by-pass-tombotto-Ru-dei-Scur-5-150x150.jpg 150w, https:\/\/www.radiopiu.net\/wordpress\/wp-content\/uploads\/2020\/09\/by-pass-tombotto-Ru-dei-Scur-5-125x125.jpg 125w, https:\/\/www.radiopiu.net\/wordpress\/wp-content\/uploads\/2020\/09\/by-pass-tombotto-Ru-dei-Scur-5-200x200.jpg 200w, https:\/\/www.radiopiu.net\/wordpress\/wp-content\/uploads\/2020\/09\/by-pass-tombotto-Ru-dei-Scur-5-80x80.jpg 80w\" sizes=\"auto, (max-width: 150px) 100vw, 150px\" \/><\/a>\n\t\t\t\t<\/dt>\n\t\t\t\t\t<dd class='wp-caption-text gallery-caption' id='gallery-1-160139'>\n\t\t\t\t\tby pass Ru de le Crepe Rosse\n\t\t\t\t\t<\/dd><\/dl><br style=\"clear: both\" \/>\n\t\t\t<\/div>\n\n<blockquote>\n<h3><\/h3>\n<\/blockquote>\n<hr \/>\n<h3><\/h3>\n<blockquote>\n<h3>RIPRESA SCOLASTICA:\u00a0 IL NUOVO DIRIGENTE GIOVANNI PAOLO ZANIN DETTA LE REGOLE DA RISPETTARE PRIMA DI RECARSI A SCUOLA<\/h3>\n<\/blockquote>\n<p><strong><a class=\"dt-pswp-item\" href=\"https:\/\/www.radiopiu.net\/wordpress\/wp-content\/uploads\/2020\/02\/miglioramento-sismico_scuola_agordo_2.jpg\" data-dt-img-description=\"\" data-large_image_width=\"1280\" data-large_image_height=\"771\"><img loading=\"lazy\" decoding=\"async\" class=\"size-medium wp-image-117411 alignleft\" src=\"https:\/\/www.radiopiu.net\/wordpress\/wp-content\/uploads\/2020\/02\/miglioramento-sismico_scuola_agordo_2-300x181.jpg\" alt=\"\" width=\"300\" height=\"181\" srcset=\"https:\/\/www.radiopiu.net\/wordpress\/wp-content\/uploads\/2020\/02\/miglioramento-sismico_scuola_agordo_2-300x181.jpg 300w, https:\/\/www.radiopiu.net\/wordpress\/wp-content\/uploads\/2020\/02\/miglioramento-sismico_scuola_agordo_2-1024x617.jpg 1024w, https:\/\/www.radiopiu.net\/wordpress\/wp-content\/uploads\/2020\/02\/miglioramento-sismico_scuola_agordo_2-768x463.jpg 768w, https:\/\/www.radiopiu.net\/wordpress\/wp-content\/uploads\/2020\/02\/miglioramento-sismico_scuola_agordo_2.jpg 1280w\" sizes=\"auto, (max-width: 300px) 100vw, 300px\" \/><\/a>AGORDO<\/strong> Il dirigente scolastico Giovanni Paolo Zanin in occasione della ripresa scolastica informa: tutti hanno l\u2019obbligo di misurare la temperatura ogni mattina, prima di uscire di casa, e di rimanere al proprio domicilio in caso di febbre superiore a 37,5 \u00b0C. Anche in assenza di febbre, in caso di sintomi riferibili al Covid (come ad esempio tosse, difficolt\u00e0 respiratorie, congiuntivite, rinorrea\/congestione nasale, sintomi gastrointestinali (nausea\/vomito, diarrea), perdita\/alterazione improvvisa del gusto (ageusia\/disgeusia), perdita\/diminuzione improvvisa dell\u2019olfatto (anosmia\/iposmia), mal di gola, cefalea, mialgie,&#8230;) va valutata l\u2019opportunit\u00e0 di rimanere a casa, in caso di dubbio consultando telefonicamente il proprio medico di Medicina Generale \/Pediatra di Libera Scelta (PLS) o il Distretto sanitario territorialmente competente. La scuola inizier\u00e0 luned\u00ec 14 settembre: <strong>Istituto Comprensivo di Agordo <\/strong>(www.istitutocomprensivoagordo.it\/) Scuola secondaria di primo grado (\u201cmedia\u201d): da luned\u00ec 14 a mercoled\u00ec 16: inizio lezioni ore 8 \u2013 termine lezioni ore 10.55 <strong>Scuole Primarie Agordo <\/strong>dalle\u00a0 8 ALLE 13 <strong>Scuola primaria di La Valle<\/strong> dalle 7:50 alle 12:50 <strong>Scuola primaria di Gosaldo<\/strong> (marted\u00ec 15 chiuso per la festa del santo patrono) lunedi dalle 8 alle 13 <strong>Scuola primaria di Rivamonte<\/strong>\u00a0 dalle 7:45\u00a0 alle 12:45 <strong>Scuola primaria di Taibon<\/strong> dalle 8 alle 13 <strong>Scuola primaria di Voltago<\/strong> dalle 8 alle 13. <strong>Per le scuole dell\u2019infanzia<\/strong> arriveranno specifici avvisi alle famiglie. <strong>Istituto Comprensivo di Alleghe<\/strong> Scuola secondaria di primo grado (\u201cmedia\u201d) di Caprile: da luned\u00ec 14 a mercoled\u00ec 16: inizio lezioni 7.50 \u2013 termine\u00a0 ore 10.35 <strong>Scuola secondaria di primo grado (\u201cmedia\u201d) di Livinallogo<\/strong> da luned\u00ec 14 a\u00a0 Mercoled\u00ec 16 inizio lezioni\u00a0 8\u2013 termine lezioni ore 11. <strong>Scuola primaria di Alleghe<\/strong> luned\u00ec 14 e marted\u00ec 15: 7.55-12; da mercoled\u00ec 16: 7.55-12.55 <strong>Scuola primaria di Santa Fosca<\/strong> dal luned\u00ec al venerd\u00ec dalle 7.50 alle 12.50 <strong>Scuola primaria di Livinallongo del Col di Lana<\/strong>: dal luned\u00ec al sabato dalle 8 alle 13<\/p>\n<hr \/>\n<p>&nbsp;<\/p>\n<blockquote>\n<h3><a class=\"dt-pswp-item\" href=\"https:\/\/www.radiopiu.net\/wordpress\/wp-content\/uploads\/2020\/09\/b02367e5-1196-46a9-ae96-15143d25c59f.jpg\" data-dt-img-description=\"\" data-large_image_width=\"1599\" data-large_image_height=\"799\"><img loading=\"lazy\" decoding=\"async\" class=\"size-medium wp-image-160205 alignright\" src=\"https:\/\/www.radiopiu.net\/wordpress\/wp-content\/uploads\/2020\/09\/b02367e5-1196-46a9-ae96-15143d25c59f-300x150.jpg\" alt=\"\" width=\"300\" height=\"150\" srcset=\"https:\/\/www.radiopiu.net\/wordpress\/wp-content\/uploads\/2020\/09\/b02367e5-1196-46a9-ae96-15143d25c59f-300x150.jpg 300w, https:\/\/www.radiopiu.net\/wordpress\/wp-content\/uploads\/2020\/09\/b02367e5-1196-46a9-ae96-15143d25c59f-1024x512.jpg 1024w, https:\/\/www.radiopiu.net\/wordpress\/wp-content\/uploads\/2020\/09\/b02367e5-1196-46a9-ae96-15143d25c59f-768x384.jpg 768w, https:\/\/www.radiopiu.net\/wordpress\/wp-content\/uploads\/2020\/09\/b02367e5-1196-46a9-ae96-15143d25c59f-1536x768.jpg 1536w, https:\/\/www.radiopiu.net\/wordpress\/wp-content\/uploads\/2020\/09\/b02367e5-1196-46a9-ae96-15143d25c59f-640x320.jpg 640w, https:\/\/www.radiopiu.net\/wordpress\/wp-content\/uploads\/2020\/09\/b02367e5-1196-46a9-ae96-15143d25c59f.jpg 1599w\" sizes=\"auto, (max-width: 300px) 100vw, 300px\" \/><\/a>VOLTAGO SI VOTA! AD UN ANNO DAL COMMISSARIAMENTO LA SFIDA AL QUORUM DI &#8220;GIAN&#8221;<\/h3>\n<\/blockquote>\n<p><strong><a class=\"dt-pswp-item\" href=\"https:\/\/www.radiopiu.net\/wordpress\/wp-content\/uploads\/2020\/09\/557a38a0-6cc8-4614-a6ea-81f5d90a6e17.jpg\" data-dt-img-description=\"\" data-large_image_width=\"750\" data-large_image_height=\"1334\"><img loading=\"lazy\" decoding=\"async\" class=\" wp-image-160204 alignleft\" src=\"https:\/\/www.radiopiu.net\/wordpress\/wp-content\/uploads\/2020\/09\/557a38a0-6cc8-4614-a6ea-81f5d90a6e17-169x300.jpg\" alt=\"\" width=\"105\" height=\"186\" srcset=\"https:\/\/www.radiopiu.net\/wordpress\/wp-content\/uploads\/2020\/09\/557a38a0-6cc8-4614-a6ea-81f5d90a6e17-169x300.jpg 169w, https:\/\/www.radiopiu.net\/wordpress\/wp-content\/uploads\/2020\/09\/557a38a0-6cc8-4614-a6ea-81f5d90a6e17-576x1024.jpg 576w, https:\/\/www.radiopiu.net\/wordpress\/wp-content\/uploads\/2020\/09\/557a38a0-6cc8-4614-a6ea-81f5d90a6e17-270x480.jpg 270w, https:\/\/www.radiopiu.net\/wordpress\/wp-content\/uploads\/2020\/09\/557a38a0-6cc8-4614-a6ea-81f5d90a6e17.jpg 750w\" sizes=\"auto, (max-width: 105px) 100vw, 105px\" \/><\/a><\/strong><\/p>\n<p>&nbsp;<\/p>\n<p>&nbsp;<\/p>\n<p><strong>VOLTAGO<\/strong><\/p>\n<p><strong>GIANNI SANTOMASO<\/strong><\/p>\n<audio class=\"wp-audio-shortcode\" id=\"audio-160081-5\" preload=\"none\" style=\"width: 100%;\" controls=\"controls\"><source type=\"audio\/mpeg\" src=\"https:\/\/www.radiopiu.net\/wordpress\/wp-content\/uploads\/2020\/09\/gianni-voltago.mp3?_=5\" \/><a href=\"https:\/\/www.radiopiu.net\/wordpress\/wp-content\/uploads\/2020\/09\/gianni-voltago.mp3\">https:\/\/www.radiopiu.net\/wordpress\/wp-content\/uploads\/2020\/09\/gianni-voltago.mp3<\/a><\/audio>\n<p>&nbsp;<\/p>\n<p>&nbsp;<\/p>\n<hr \/>\n<blockquote>\n<h3>DILLO A RADIO PIU&#8217;&#8230; MASCHERINE E CITTADINI ARRABBIATI<\/h3>\n<\/blockquote>\n<p><strong>Riceviamo e volentieri pubblichiamo.<\/strong><\/p>\n<p><strong>di Franco Piacentini_Feltre<\/strong><\/p>\n<p><b><a class=\"dt-pswp-item\" href=\"https:\/\/www.radiopiu.net\/wordpress\/wp-content\/uploads\/2020\/09\/Mascherina-usata-a-terra-11.09.2020-scaled.jpg\" data-dt-img-description=\"\" data-large_image_width=\"2560\" data-large_image_height=\"1840\"><img loading=\"lazy\" decoding=\"async\" class=\" wp-image-160095 alignleft\" src=\"https:\/\/www.radiopiu.net\/wordpress\/wp-content\/uploads\/2020\/09\/Mascherina-usata-a-terra-11.09.2020-300x216.jpg\" alt=\"\" width=\"265\" height=\"191\" srcset=\"https:\/\/www.radiopiu.net\/wordpress\/wp-content\/uploads\/2020\/09\/Mascherina-usata-a-terra-11.09.2020-300x216.jpg 300w, https:\/\/www.radiopiu.net\/wordpress\/wp-content\/uploads\/2020\/09\/Mascherina-usata-a-terra-11.09.2020-1024x736.jpg 1024w, https:\/\/www.radiopiu.net\/wordpress\/wp-content\/uploads\/2020\/09\/Mascherina-usata-a-terra-11.09.2020-768x552.jpg 768w, https:\/\/www.radiopiu.net\/wordpress\/wp-content\/uploads\/2020\/09\/Mascherina-usata-a-terra-11.09.2020-1536x1104.jpg 1536w, https:\/\/www.radiopiu.net\/wordpress\/wp-content\/uploads\/2020\/09\/Mascherina-usata-a-terra-11.09.2020-2048x1472.jpg 2048w, https:\/\/www.radiopiu.net\/wordpress\/wp-content\/uploads\/2020\/09\/Mascherina-usata-a-terra-11.09.2020-640x460.jpg 640w\" sizes=\"auto, (max-width: 265px) 100vw, 265px\" \/><\/a><\/b><em>Purtroppo l&#8217;imbecillit\u00e0 di alcuni squallidi personaggi, in pandemia Covid 19 tutt&#8217;altro che sconfitta, non si ferma assolutamente. Su strade e luoghi pubblici si vedono mascherine buttate a terra, precedentemente utilizzate, probabilmente anche da persone contagiate da Coronavirus. Per smascherare e punire questi sconsiderati, a campione, le autorit\u00e0 pubbliche preposte alla tutela della salute dei cittadini, potrebbero (possono) benissimo portare qualche mascherina in laboratorio per prelevarne il DNA identificativo. Contemporaneamente le Pubbliche Amministrazioni, dovrebbero (devono) intraprendere, urgentemente, azioni di sanificazione ambientale, attuando programmi di lavori socialmente utili, concordati con Cgil Cisl Uil &#8211; Terzo Settore &#8211; Volontariato &#8211; Imprenditori, per raccogliere queste potenziali infettive mascherine, contestualmente procedendo velocemente al loro smaltimento. Non c&#8217;\u00e8 tempo da perdere !\u00a0<\/em><\/p>\n<p>&nbsp;<\/p>\n<hr \/>\n<p>&nbsp;<\/p>\n<blockquote>\n<h3>CARO LEZUO, NON SIAMO EGOISTI MA SALVAGUARDIAMO LA NOSTRA TERRA<\/h3>\n<\/blockquote>\n<p><strong><a class=\"dt-pswp-item\" href=\"https:\/\/www.radiopiu.net\/wordpress\/wp-content\/uploads\/2020\/09\/TAULAC.jpg\" data-dt-img-description=\"\" data-large_image_width=\"768\" data-large_image_height=\"432\"><img loading=\"lazy\" decoding=\"async\" class=\"size-medium wp-image-160115 alignleft\" src=\"https:\/\/www.radiopiu.net\/wordpress\/wp-content\/uploads\/2020\/09\/TAULAC-300x169.jpg\" alt=\"\" width=\"300\" height=\"169\" srcset=\"https:\/\/www.radiopiu.net\/wordpress\/wp-content\/uploads\/2020\/09\/TAULAC-300x169.jpg 300w, https:\/\/www.radiopiu.net\/wordpress\/wp-content\/uploads\/2020\/09\/TAULAC-640x360.jpg 640w, https:\/\/www.radiopiu.net\/wordpress\/wp-content\/uploads\/2020\/09\/TAULAC.jpg 768w\" sizes=\"auto, (max-width: 300px) 100vw, 300px\" \/><\/a>LIVINALLONGO<\/strong>\u00a0 Damiano Demattia, socio fondatore del comitato &#8220;Ju le m\u00e0n da nostra tiera&#8221; ritorna sul tema del collegamento Cortina-Arabba con la costruzione di nuovi impianti. Lo fa per rispondere a tono alle dichiarazioni di un ex sindaco, Leopolo Lezuo di Colle Santa Lucia, che si \u00e8 schierato apertamente con coloro che vorrebbero cemento, piloni e nuove piste. Una posizione che non \u00e8 piaciuta in territorio Fodom dove il comitato contro i nuovi impianti tiene alta l&#8217;attenzione sapendo di avere dalla sua parte gran parte\u00a0 della popolazione come dimostrato nell&#8217;incontro al Taulac dello scorso inverno. Demattina riconosce l&#8217;importanza che ognuno si esprima, ma al contempo aggiunge le sue considerazioni <em>&#8220;Lezuo accusa i Fodomi di egoismo, ma il comitato \u201cJu le man da nosta tiera\u201d \u00e8 nato esclusivamente per salvaguardare parte della terra \u201cfodoma\u201d che non merita proprio di essere occupata da piloni, stazioni di partenza e di arrivo e di essere intaccata da sbancamenti per piste con pendenze irrisorie per gli sciatori. Come dice il nostro slogan noi difendiamo la nostra terra: per quanto riguarda le altre zone interessate dal progetto, Civetta e Passo Giau, noi non proferiamo parola.<\/em> <em>La popolazione di quei comuni si esprimer\u00e0 e, se non lo far\u00e0, sar\u00e0 la politica a farlo, come gi\u00e0 successo troppe volte.\u00a0<\/em> Lezuo \u00e8 dell\u2019idea che debbano essere i primi cittadini a decidere, ma per quanto riguarda Livinallongo ricorda Damiano Demattia\u00a0 il Sindaco Grones \u00e8 stato chiaro a riguardo. <em>&#8220;Siccome sembra che l&#8217;ex Sindaco di Colle pensi che tutti quelli contrari a queste proposte &#8211; continua Demattia<\/em><em>&#8211;\u00a0 siano incompetenti ed egoisti e che potrebbero recare solo danni, voglio far presente che il nostro Comitato haraccolto e depositato in Comune circa 300 firme di cittadini \u201cfodomi\u201d che hanno in pochi giorni sottoscritto il nostro documento; mi sembra una buona percentuale, e certo, non sono tutti incompetenti.<\/em> Vengono poi tirati in ballo i luoghi della Grande Guerra. Secondo Lezuo difendere questo aspetto \u00e8 una posizione di comodo: va ricordato che sul Col di Lana e Settsass sono stati fatti importanti lavori di recupero, per cercare di proporre un turismo estivo pi\u00f9 sostenibile, con un alto valore storico-culturale.<em> &#8220;Infatti &#8211; insiste Demattia &#8211;\u00a0 la domanda a me sembra in costante aumento. Vorrei chiedere a Lezuo: nella sua comunit\u00e0 cosa \u00e8 stato fatto per proporre e portare avanti il turismo alternativo a quello di massa invernale? Infine, voglio sottolineare ancora una volta che noi non ci opponiamo all&#8217;espansione turistica di altre zone, ma ci sembra giusto che sia la popolazione, e non solo la politica, a decidere. E poi, se ce ne fosse ancora bisogno, ribadisco convintamente che i collegamenti sciistici proposti non sono la panacea per risolvere n\u00e9 il problema del traffico sulle strade dolomitiche n\u00e9 tantomeno la problematica dello spopolamento della montagna&#8221;<\/em>. FOTO: INCONTRO AL TAULAC, 18 FEBBRAIO 2020 ARCHIVIO RADIO PIU<\/p>\n<p>&nbsp;<\/p>\n<hr \/>\n<p>&nbsp;<\/p>\n<p>&nbsp;<\/p>\n<blockquote>\n<h3>SULLE MARMAROLE IL BIVACCO FANTON SARA&#8217; A DISPOSIZIONE DEGLI ESCURSIONISTI DAL 2021<\/h3>\n<\/blockquote>\n<p><strong><a class=\"dt-pswp-item\" href=\"https:\/\/www.radiopiu.net\/wordpress\/wp-content\/uploads\/2020\/09\/bivacco-fanton-9-sett-2020-3.jpg\" data-dt-img-description=\"\" data-large_image_width=\"1600\" data-large_image_height=\"900\"><img loading=\"lazy\" decoding=\"async\" class=\" wp-image-160123 alignleft\" src=\"https:\/\/www.radiopiu.net\/wordpress\/wp-content\/uploads\/2020\/09\/bivacco-fanton-9-sett-2020-3-300x169.jpg\" alt=\"\" width=\"217\" height=\"122\" srcset=\"https:\/\/www.radiopiu.net\/wordpress\/wp-content\/uploads\/2020\/09\/bivacco-fanton-9-sett-2020-3-300x169.jpg 300w, https:\/\/www.radiopiu.net\/wordpress\/wp-content\/uploads\/2020\/09\/bivacco-fanton-9-sett-2020-3-1024x576.jpg 1024w, https:\/\/www.radiopiu.net\/wordpress\/wp-content\/uploads\/2020\/09\/bivacco-fanton-9-sett-2020-3-768x432.jpg 768w, https:\/\/www.radiopiu.net\/wordpress\/wp-content\/uploads\/2020\/09\/bivacco-fanton-9-sett-2020-3-1536x864.jpg 1536w, https:\/\/www.radiopiu.net\/wordpress\/wp-content\/uploads\/2020\/09\/bivacco-fanton-9-sett-2020-3-640x360.jpg 640w, https:\/\/www.radiopiu.net\/wordpress\/wp-content\/uploads\/2020\/09\/bivacco-fanton-9-sett-2020-3.jpg 1600w\" sizes=\"auto, (max-width: 217px) 100vw, 217px\" \/><\/a>AURONZO<\/strong> Il nuovo bivacco Fratelli Fanton a Forcella Marmarole, a quota 2.667 metri\u00a0 \u00e8 stato ancorato alla struttura obliqua in acciaio predisposta durante le precedenti lavorazioni e sostituisce il vecchio e degradato bivacco, posizionato mille metri pi\u00f9 in basso della posizione originaria negli anni Sessanta. <em>\u00abCon il posizionamento del bivacco a Forcella Marmarole il progetto \u00e8 ormai in una fase avanzata\u00bb sottolinea il presidente del Cai di Auronzo, Massimo Casagrande. \u00abUna fase avanzata ma non definitiva: per la fruibilit\u00e0 del bivacco sono infatti necessari ancora alcuni fondamentali interventi quali il rivestimento esterno di protezione in metallo di zinco e l\u2019articolazione degli interni in legno di abete e larice&#8221;.<\/em> La struttura, dunque, al momento non \u00e8 agibile. I lavori proseguiranno nelle prossime settimane e la piena agibilit\u00e0 e la fruibilit\u00e0 per gli escursionisti, potr\u00e0 avvenire dal 2021\u00a0 nella tarda primavera\u2013inizio estate: il bivacco Fanton sar\u00e0 un punto di appoggio di incredibile suggestione nell\u2019area delle Dolomiti Auronzane. L\u2019aspetto del bivacco\u00a0 \u00e8 un\u2019architettura che si caratterizza fortemente per un profilo inclinato in grado di adattarsi all\u2019orografia della Forcella Marmarole.\u00a0 &#8220;<em>L\u2019opera affronta sfide tecnologiche complesse e si propone come un progetto teso a esplorare la ricerca sui materiali in alta quota &#8211; sottolinea Casagrande- il guscio dell\u2019intero edificio \u00e8 stato sviluppato in un materiale composito che si adatta in modo specifico al contesto ambientale alpino. Le tecnologie utilizzate hanno permesso di rendere l\u2019edificio molto leggero in proporzione alle proprie dimensioni, aspetto fondamentale rispetto alla logistica di cantiere&#8221;.<\/em><\/p>\n\n\t\t\t<style type='text\/css'>\n\t\t\t\t#gallery-2 {\n\t\t\t\t\tmargin: auto;\n\t\t\t\t}\n\t\t\t\t#gallery-2 .gallery-item {\n\t\t\t\t\tfloat: left;\n\t\t\t\t\tmargin-top: 10px;\n\t\t\t\t\ttext-align: center;\n\t\t\t\t\twidth: 25%;\n\t\t\t\t}\n\t\t\t\t#gallery-2 img {\n\t\t\t\t\tborder: 2px solid #cfcfcf;\n\t\t\t\t}\n\t\t\t\t#gallery-2 .gallery-caption {\n\t\t\t\t\tmargin-left: 0;\n\t\t\t\t}\n\t\t\t\t\/* see gallery_shortcode() in wp-includes\/media.php *\/\n\t\t\t<\/style>\n\t\t<div id='gallery-2' class='dt-gallery-container gallery galleryid-160081 gallery-columns-4 gallery-size-thumbnail'><dl class='gallery-item'>\n\t\t\t\t<dt class='gallery-icon landscape'>\n\t\t\t\t\t<a class=\"rollover rollover-zoom dt-pswp-item\" title=\"bivacco fanton - 9 sett 2020 1\" data-dt-img-description=\"\" data-large_image_width=\"2560\" data-large_image_height=\"1440\"href='https:\/\/www.radiopiu.net\/wordpress\/wp-content\/uploads\/2020\/09\/bivacco-fanton-9-sett-2020-1.jpg'><img loading=\"lazy\" decoding=\"async\" width=\"150\" height=\"150\" src=\"https:\/\/www.radiopiu.net\/wordpress\/wp-content\/uploads\/2020\/09\/bivacco-fanton-9-sett-2020-1-150x150.jpg\" class=\"attachment-thumbnail size-thumbnail\" alt=\"\" srcset=\"https:\/\/www.radiopiu.net\/wordpress\/wp-content\/uploads\/2020\/09\/bivacco-fanton-9-sett-2020-1-150x150.jpg 150w, https:\/\/www.radiopiu.net\/wordpress\/wp-content\/uploads\/2020\/09\/bivacco-fanton-9-sett-2020-1-125x125.jpg 125w, https:\/\/www.radiopiu.net\/wordpress\/wp-content\/uploads\/2020\/09\/bivacco-fanton-9-sett-2020-1-200x200.jpg 200w, https:\/\/www.radiopiu.net\/wordpress\/wp-content\/uploads\/2020\/09\/bivacco-fanton-9-sett-2020-1-80x80.jpg 80w\" sizes=\"auto, (max-width: 150px) 100vw, 150px\" \/><\/a>\n\t\t\t\t<\/dt><\/dl><dl class='gallery-item'>\n\t\t\t\t<dt class='gallery-icon portrait'>\n\t\t\t\t\t<a class=\"rollover rollover-zoom dt-pswp-item\" title=\"bivacco fanton - 9 sett 2020 4\" data-dt-img-description=\"\" data-large_image_width=\"1440\" data-large_image_height=\"2560\"href='https:\/\/www.radiopiu.net\/wordpress\/wp-content\/uploads\/2020\/09\/bivacco-fanton-9-sett-2020-4.jpg'><img loading=\"lazy\" decoding=\"async\" width=\"150\" height=\"150\" src=\"https:\/\/www.radiopiu.net\/wordpress\/wp-content\/uploads\/2020\/09\/bivacco-fanton-9-sett-2020-4-150x150.jpg\" class=\"attachment-thumbnail size-thumbnail\" alt=\"\" srcset=\"https:\/\/www.radiopiu.net\/wordpress\/wp-content\/uploads\/2020\/09\/bivacco-fanton-9-sett-2020-4-150x150.jpg 150w, https:\/\/www.radiopiu.net\/wordpress\/wp-content\/uploads\/2020\/09\/bivacco-fanton-9-sett-2020-4-125x125.jpg 125w, https:\/\/www.radiopiu.net\/wordpress\/wp-content\/uploads\/2020\/09\/bivacco-fanton-9-sett-2020-4-200x200.jpg 200w, https:\/\/www.radiopiu.net\/wordpress\/wp-content\/uploads\/2020\/09\/bivacco-fanton-9-sett-2020-4-80x80.jpg 80w\" sizes=\"auto, (max-width: 150px) 100vw, 150px\" \/><\/a>\n\t\t\t\t<\/dt><\/dl><dl class='gallery-item'>\n\t\t\t\t<dt class='gallery-icon landscape'>\n\t\t\t\t\t<a class=\"rollover rollover-zoom dt-pswp-item\" title=\"bivacco fanton - 9 sett 2020 2\" data-dt-img-description=\"\" data-large_image_width=\"2560\" data-large_image_height=\"1440\"href='https:\/\/www.radiopiu.net\/wordpress\/wp-content\/uploads\/2020\/09\/bivacco-fanton-9-sett-2020-2.jpg'><img loading=\"lazy\" decoding=\"async\" width=\"150\" height=\"150\" src=\"https:\/\/www.radiopiu.net\/wordpress\/wp-content\/uploads\/2020\/09\/bivacco-fanton-9-sett-2020-2-150x150.jpg\" class=\"attachment-thumbnail size-thumbnail\" alt=\"\" srcset=\"https:\/\/www.radiopiu.net\/wordpress\/wp-content\/uploads\/2020\/09\/bivacco-fanton-9-sett-2020-2-150x150.jpg 150w, https:\/\/www.radiopiu.net\/wordpress\/wp-content\/uploads\/2020\/09\/bivacco-fanton-9-sett-2020-2-125x125.jpg 125w, https:\/\/www.radiopiu.net\/wordpress\/wp-content\/uploads\/2020\/09\/bivacco-fanton-9-sett-2020-2-200x200.jpg 200w, https:\/\/www.radiopiu.net\/wordpress\/wp-content\/uploads\/2020\/09\/bivacco-fanton-9-sett-2020-2-80x80.jpg 80w\" sizes=\"auto, (max-width: 150px) 100vw, 150px\" \/><\/a>\n\t\t\t\t<\/dt><\/dl><dl class='gallery-item'>\n\t\t\t\t<dt class='gallery-icon landscape'>\n\t\t\t\t\t<a class=\"rollover rollover-zoom dt-pswp-item\" title=\"bivacco fanton - 9 sett 2020 3\" data-dt-img-description=\"\" data-large_image_width=\"1600\" data-large_image_height=\"900\"href='https:\/\/www.radiopiu.net\/wordpress\/wp-content\/uploads\/2020\/09\/bivacco-fanton-9-sett-2020-3.jpg'><img loading=\"lazy\" decoding=\"async\" width=\"150\" height=\"150\" src=\"https:\/\/www.radiopiu.net\/wordpress\/wp-content\/uploads\/2020\/09\/bivacco-fanton-9-sett-2020-3-150x150.jpg\" class=\"attachment-thumbnail size-thumbnail\" alt=\"\" srcset=\"https:\/\/www.radiopiu.net\/wordpress\/wp-content\/uploads\/2020\/09\/bivacco-fanton-9-sett-2020-3-150x150.jpg 150w, https:\/\/www.radiopiu.net\/wordpress\/wp-content\/uploads\/2020\/09\/bivacco-fanton-9-sett-2020-3-125x125.jpg 125w, https:\/\/www.radiopiu.net\/wordpress\/wp-content\/uploads\/2020\/09\/bivacco-fanton-9-sett-2020-3-200x200.jpg 200w, https:\/\/www.radiopiu.net\/wordpress\/wp-content\/uploads\/2020\/09\/bivacco-fanton-9-sett-2020-3-80x80.jpg 80w\" sizes=\"auto, (max-width: 150px) 100vw, 150px\" \/><\/a>\n\t\t\t\t<\/dt><\/dl><br style=\"clear: both\" \/>\n\t\t\t<\/div>\n\n<blockquote><p><strong>Tra i riconoscimenti al progetto, si segnalano la selezione per la Mostra al Padiglione Italiano alla Biennale di Architettura di Venezia \u2013 Arcipelago Italia, nel 2018, e Medaglia d\u2019Oro dell\u2019architettura Italiana \u2013 Premio De Albertis &#8211; Triennale di Milano, sempre nel 2018.<\/strong><\/p><\/blockquote>\n<p>&nbsp;<\/p>\n<p>&nbsp;<\/p>\n<hr \/>\n<p>&nbsp;<\/p>\n<blockquote>\n<h3>INCONTRO RUBINATO &#8211; CONFARTIGIANATO \u201cVENETO BLOCCATO DA POLITICA SENZA PROSPETTIVA\u201d<\/h3>\n<\/blockquote>\n<p><a class=\"dt-pswp-item\" href=\"https:\/\/www.radiopiu.net\/wordpress\/wp-content\/uploads\/2020\/09\/Bard-Rubinato-Incontro-Confartigianato-1.jpeg\" data-dt-img-description=\"\" data-large_image_width=\"1600\" data-large_image_height=\"1200\"><img loading=\"lazy\" decoding=\"async\" class=\" wp-image-160136 alignleft\" src=\"https:\/\/www.radiopiu.net\/wordpress\/wp-content\/uploads\/2020\/09\/Bard-Rubinato-Incontro-Confartigianato-1-300x225.jpeg\" alt=\"\" width=\"193\" height=\"145\" srcset=\"https:\/\/www.radiopiu.net\/wordpress\/wp-content\/uploads\/2020\/09\/Bard-Rubinato-Incontro-Confartigianato-1-300x225.jpeg 300w, https:\/\/www.radiopiu.net\/wordpress\/wp-content\/uploads\/2020\/09\/Bard-Rubinato-Incontro-Confartigianato-1-1024x768.jpeg 1024w, https:\/\/www.radiopiu.net\/wordpress\/wp-content\/uploads\/2020\/09\/Bard-Rubinato-Incontro-Confartigianato-1-768x576.jpeg 768w, https:\/\/www.radiopiu.net\/wordpress\/wp-content\/uploads\/2020\/09\/Bard-Rubinato-Incontro-Confartigianato-1-1536x1152.jpeg 1536w, https:\/\/www.radiopiu.net\/wordpress\/wp-content\/uploads\/2020\/09\/Bard-Rubinato-Incontro-Confartigianato-1-640x480.jpeg 640w, https:\/\/www.radiopiu.net\/wordpress\/wp-content\/uploads\/2020\/09\/Bard-Rubinato-Incontro-Confartigianato-1.jpeg 1600w\" sizes=\"auto, (max-width: 193px) 100vw, 193px\" \/><\/a><strong>BELLUNO\u00a0<\/strong> La candidata alla Presidenza della Regione Veneto, Simonetta Rubinato, ha incontrato la presidente di Confartigianato Belluno, Claudia Scarzanella, insieme ai candidati al consiglio regionale per la lista \u201cVeneto \u2013 Simonetta Rubinato per le autonomie\u201d Andrea Bona, Marinella Piazza, Silvano Merlin e Carmelita Perera. Sul tavolo, le richieste e l&#8217;analisi delle problematiche del territorio bellunese: il crollo demografico, la carenza di servizi, i problemi infrastrutturali. Per Rubinato e Bona, \u201cil Veneto e il Bellunese sono bloccati da una politica che gestisce l&#8217;esistente, ma che non ha prospettiva. Questa provincia e questa regione contano politicamente poco a livello nazionale perch\u00e9 non sono contendibili elettoralmente: da decenni governa il centrodestra, mentre sull&#8217;altro fronte nessuno si impegna a scalzare questo potere. Non c&#8217;\u00e8 interesse quindi a intervenire qui perch\u00e9 elettoralmente non cambierebbe nulla\u201d. \u201cBolzano e l&#8217;SVP sono realt\u00e0 politicamente \u201cpesanti\u201d \u2013 continua Bona \u2013 proprio perch\u00e9 spostano voti ed equilibri a livello nazionale. Per questo, \u00e8 necessario puntare su un partito territoriale nato dal basso che non abbia legami con gli attuali sistemi di potere nazionali e regionali\u201d. Dopo l&#8217;incontro con Confartigianato, un passaggio a Longarone e alla diga del Centro Cadore, con una riflessione sulla \u201cquestione acqua\u201d &#8211; \u201cricordiamo che nell&#8217;accordo firmato dal Bard con Rubinato abbiamo inserito anche la richiesta di trasferimento delle concessioni delle grandi derivazioni idroelettriche alla Provincia di Belluno\u201d, sottolinea Piazza \u2013, prima di finire a Pieve di Cadore, in Piazza Tiziano. L\u00ec, alla presenza di alcuni amministratori e cittadini tra i quali l&#8217;ex sindaco e rappresentante dei Comitati della Salute Maria Antonia Ciotti, si \u00e8 parlato delle grandi potenzialit\u00e0 e dei pesanti problemi dell&#8217;alto Bellunese, dalla carenza di infrastrutture alla sanit\u00e0: \u201cProprio per questo \u00e8 fondamentale lavorare per l&#8217;autonomia bellunese all&#8217;interno di quella regionale. Per difendere la sanit\u00e0 di montagna, questa deve essere gestita direttamente sul territorio, da chi lo conosce e quotidianamente lo vive e ne comprende le problematiche: per questo, nell&#8217;accordo elettorale abbiamo chiesto anche il trasferimento delle deleghe al sistema socio-sanitario alla Provincia di Belluno\u201d, conclude Piazza.<\/p>\n<p>&nbsp;<\/p>\n<hr \/>\n<p>&nbsp;<\/p>\n<blockquote>\n<h3>L&#8217;EMERGENZA COVID 19 PORTA ALL&#8217;ANNULLAMENTO DELLA MESSA PER I FIGLI SCOMPARSI<\/h3>\n<\/blockquote>\n<p><strong><a class=\"dt-pswp-item\" href=\"https:\/\/www.radiopiu.net\/wordpress\/wp-content\/uploads\/2016\/06\/genitorisemprelogo.png\" data-dt-img-description=\"\" data-large_image_width=\"200\" data-large_image_height=\"200\"><img loading=\"lazy\" decoding=\"async\" class=\"wp-image-20238 alignleft\" src=\"https:\/\/www.radiopiu.net\/wordpress\/wp-content\/uploads\/2016\/06\/genitorisemprelogo.png\" alt=\"\" width=\"93\" height=\"93\" \/><\/a>AGORDO<\/strong><\/p>\n<p><strong>DI GIANNI SANTOMASO\u00a0<\/strong><\/p>\n<audio class=\"wp-audio-shortcode\" id=\"audio-160081-6\" preload=\"none\" style=\"width: 100%;\" controls=\"controls\"><source type=\"audio\/mpeg\" src=\"https:\/\/www.radiopiu.net\/wordpress\/wp-content\/uploads\/2020\/09\/gianni-genitori-sempre.mp3?_=6\" \/><a href=\"https:\/\/www.radiopiu.net\/wordpress\/wp-content\/uploads\/2020\/09\/gianni-genitori-sempre.mp3\">https:\/\/www.radiopiu.net\/wordpress\/wp-content\/uploads\/2020\/09\/gianni-genitori-sempre.mp3<\/a><\/audio>\n<p>&nbsp;<\/p>\n<hr \/>\n<blockquote>\n<h3>GIOVANNA ORZES COSTA: SCRITTRICE DI RANGO E PUBBLICISTA APPREZZATA di RENATO BONA<\/h3>\n<\/blockquote>\n<p><strong>CENCENIGHE<\/strong> Agordina di Cencenighe, quindi vissuta a Cortina e infine trasferitasi in quel di Ponte nelle Alpi, la scomparsa Giovanna Orzes Costa, pubblicista dal 1958 e corrispondente dei quotidiani Il piccolo di Trieste,Il Secolo d\u2019Italia di Roma, Alto Adige di Bolzano e dell\u2019Agenzia Italia (oltre che collaboratrice del bellunese \u201cL\u2019Amico del Popolo\u201d, di Cortina e di Settegi Dolomiti; tra i fondatori del Circolo della stampa di Cortina del quale \u00e8 stata vice presidente) vantava anche una vasta produzione letteraria (primo volume di narrativa \u201cPiccola storia di un uragano\u201d, Padova 1977) che le \u00e8 valsa diversi ambiti riconoscimenti anche a livello nazionale Chi stende queste note ha avuto il piacere di esserle stato amico e, in tale veste, di aver ricevuto in dono due sue pubblicazioni: \u201cLe trovate di \u2018Ugo Agnel\u2019\u201d e \u201cTempi di primavera\u201d. La prima, stampata nel giugno 1995 dalla Dbs di Rasai di Seren del Grappa, \u00e8 una rubrichetta umoristica di 40 pagine, con appendice di Laura Bernardi; la seconda un libro vero e proprio dedicato a Cencenighe Agordino, corredato da belle illustrazioni di Giuliano De Rocco, stampato sempre 25 anni fa dalla stessa Dbs, in cui l\u2019autrice \u2013 avvalendosi della collaborazione di Francesca Adami, Anna Cella Fardin, don Costantino De Martin Polo, Candido Fontanive, Giovanna Fontanive Ongaro, don Sergio Manfroi, Ietta Orzes De Biasio e don Floriano Pellegrini \u2013 propone una serie di \u201cStorie vere delle Dolomiti\u201d. Che avevano ottenuto l\u2019apprezzamento dell\u2019allora presidente della Comunit\u00e0 montana agordina, Elio Daur\u00f9. Per la collega giornalista Giovanna Mariotti, altro autentico personaggio cortinese, \u201cGiovanna Orzes Costa ha raccolto in questo volume ricordi di giorni lontani, quadri di vita del suo Agordino, momenti essenziali, rimasti nella mente con nitidezza fotografica. Li ha riordinati con lo spirito del tempo, la sottile ironia di cui erano pervasi, con genuina semplicit\u00e0 e arricchiti con pregevoli illustrazioni dell\u2019artista Giuliano De Rocco\u201d. Ed in presentazione ha aggiunto che ne sono sortiti racconti reali che fanno del volume \u201cun atto d\u2019amore per la terra d\u2019origine, una riscoperta delle radici in et\u00e0 matura, la volont\u00e0 di lasciare una traccia di un mondo che \u00e8 stato e non torner\u00e0 pi\u00f9, e, appunto per questo, deve continuare a vivere, se non altro tra le pagine di un libro\u201d. Un altro amico della nostra Giovanna, Serafino De Lorenzo, cadorino di Nebbi\u00f9, nell\u2019introduzione evidenza fra l\u2019altro come \u201cIl posto d\u2019onore, Giovanna l\u2019ha voluto dare, naturalmente ai suoi familiari. Dice tra l\u2019altro del padre, artigiano meccanico e della bottega in cui lavorava e par di udire i colpi ritmici e sonori del maglio sull\u2019incudine e il brusio del tornio e par anche di vedere uscire dalle mani del genitore attrezi rimessi a nuovo con sapienti saldature. Provate a trovare oggi chi sappia saldare l\u2019acciaio come si faceva allora, quando non si aveva n\u00e9 la fiamma n\u00e9 la saldatrice elettrica! Son anche descritti personaggi caratteristici di Cencenighe, di quelli che si trovano in ogni paese, aventi in pi\u00f9, parricolare predilezione per l\u2019\u2019ombretta\u2019 (il bicchiere di vino \u2013 ndr.). Li si indovina, questi personaggi, nel loro lato debole, anche se l\u2019autrice si limita a raccontarne le avventure; come accadde per esempio all\u2019affossatore comunale affamato che, scavando una buca nel cimitero, fin\u00ec per addormentarvisi dentro. Il libro tratta anche delle persone importanti del paese, del medico fra gli altri, che avendo indossato d\u2019estate una giacca bianca, venne scambiato da un villeggiante in arrivo per garzone d\u2019albergo\u2026\u201d. Ed ora soffermiamoci brevemente sulle trovate di \u201cUgo Agnel\u201dche altri non era che Ugo Bernardi \u201cAgnel\u201d nato a Cortina il 15 giugno 1904 dove mor\u00ec il 30 gennaio 1986 (Figlio di Eugenio e di Caterina Demenego \u201cKaiser\u201d era il terzo tra i fratelli: Elisa, Luigi, Rinaldo, Marino, Gilma ed Amelia. Si spos\u00f2 il 24 maggio 1938 con Angelina Zambelli \u201cPapuzza\u201ded ha avuto 4 figli: Luciano, Laura, Paolo e Silvio). L\u2019amicizia che legava l\u2019autrice ad Ugo Bernardi \u2013 \u00e8 ancora Giovanna Mariotti a ricordarlo \u2013 la sollecit\u00f2 a raccontare le simpatiche ed argute conversazioni che sosteneva quasi quotidianamente con quell\u2019uomo di grande spirito\u201d. Perch\u00e9 \u201cUgo era un personaggio della valle d\u2019Ampezzo. In ogni avvenimento sapeva scoprire il lato ironico, che sottolineava con estrema semplicit\u00e0, della vita riusciva a cogliere l\u2019aspetto migliore con uno smagliante sorriso\u201d. Come in questa \u201ctrovata\u201d che apre la serie proposta dalla Orzes Costa: \u201cScusatemi Ugo se vi chiedo, per favore, avete l\u2019ora? \u201cS\u00ec, Signora, ho l\u2019ora!\u201d. Grazie tante, Ugo! \u201cDi nulla\u201d. Ora che ci penso, se avete l\u2019ora, potreste dirmela? \u201cCon piacere\u201d. Ma che ora \u00e8? \u201cMeno dieci\u201d. Meno dieci a che cosa? \u201cMeno dieci a che cosa? Non lo so. Ho perduto la lancetta pi\u00f9 piccola dell\u2019orologio. S\u00ec, insomma, fra dieci minuti sar\u00e0 l\u2019ora in punto. Proprio cos\u00ec. Questo \u00e8 l\u2019importante. Suvvia! Non bisogna chiedere l\u2019impossibile! Non si deve esigere pi\u00f9 di quanto si pu\u00f2 avere!\u201d. Buond\u00ec Ugo e grazie. \u201cBuondi, signora e\u2026 prego\u201d.<\/p>\n\n\t\t\t<style type='text\/css'>\n\t\t\t\t#gallery-3 {\n\t\t\t\t\tmargin: auto;\n\t\t\t\t}\n\t\t\t\t#gallery-3 .gallery-item {\n\t\t\t\t\tfloat: left;\n\t\t\t\t\tmargin-top: 10px;\n\t\t\t\t\ttext-align: center;\n\t\t\t\t\twidth: 20%;\n\t\t\t\t}\n\t\t\t\t#gallery-3 img {\n\t\t\t\t\tborder: 2px solid #cfcfcf;\n\t\t\t\t}\n\t\t\t\t#gallery-3 .gallery-caption {\n\t\t\t\t\tmargin-left: 0;\n\t\t\t\t}\n\t\t\t\t\/* see gallery_shortcode() in wp-includes\/media.php *\/\n\t\t\t<\/style>\n\t\t<div id='gallery-3' class='dt-gallery-container gallery galleryid-160081 gallery-columns-5 gallery-size-thumbnail'><dl class='gallery-item'>\n\t\t\t\t<dt class='gallery-icon portrait'>\n\t\t\t\t\t<a class=\"rollover rollover-zoom dt-pswp-item\" title=\"119138104_319444859165024_2317006068325906480_n\" data-dt-img-description=\"\" data-large_image_width=\"726\" data-large_image_height=\"960\"href='https:\/\/www.radiopiu.net\/wordpress\/wp-content\/uploads\/2020\/09\/119138104_319444859165024_2317006068325906480_n.jpg'><img loading=\"lazy\" decoding=\"async\" width=\"150\" height=\"150\" src=\"https:\/\/www.radiopiu.net\/wordpress\/wp-content\/uploads\/2020\/09\/119138104_319444859165024_2317006068325906480_n-150x150.jpg\" class=\"attachment-thumbnail size-thumbnail\" alt=\"\" srcset=\"https:\/\/www.radiopiu.net\/wordpress\/wp-content\/uploads\/2020\/09\/119138104_319444859165024_2317006068325906480_n-150x150.jpg 150w, https:\/\/www.radiopiu.net\/wordpress\/wp-content\/uploads\/2020\/09\/119138104_319444859165024_2317006068325906480_n-125x125.jpg 125w, https:\/\/www.radiopiu.net\/wordpress\/wp-content\/uploads\/2020\/09\/119138104_319444859165024_2317006068325906480_n-200x200.jpg 200w, https:\/\/www.radiopiu.net\/wordpress\/wp-content\/uploads\/2020\/09\/119138104_319444859165024_2317006068325906480_n-80x80.jpg 80w\" sizes=\"auto, (max-width: 150px) 100vw, 150px\" \/><\/a>\n\t\t\t\t<\/dt><\/dl><dl class='gallery-item'>\n\t\t\t\t<dt class='gallery-icon portrait'>\n\t\t\t\t\t<a class=\"rollover rollover-zoom dt-pswp-item\" title=\"119117953_318642832553449_3254874685155813305_n\" data-dt-img-description=\"\" data-large_image_width=\"659\" data-large_image_height=\"960\"href='https:\/\/www.radiopiu.net\/wordpress\/wp-content\/uploads\/2020\/09\/119117953_318642832553449_3254874685155813305_n.jpg'><img loading=\"lazy\" decoding=\"async\" width=\"150\" height=\"150\" src=\"https:\/\/www.radiopiu.net\/wordpress\/wp-content\/uploads\/2020\/09\/119117953_318642832553449_3254874685155813305_n-150x150.jpg\" class=\"attachment-thumbnail size-thumbnail\" alt=\"\" srcset=\"https:\/\/www.radiopiu.net\/wordpress\/wp-content\/uploads\/2020\/09\/119117953_318642832553449_3254874685155813305_n-150x150.jpg 150w, https:\/\/www.radiopiu.net\/wordpress\/wp-content\/uploads\/2020\/09\/119117953_318642832553449_3254874685155813305_n-125x125.jpg 125w, https:\/\/www.radiopiu.net\/wordpress\/wp-content\/uploads\/2020\/09\/119117953_318642832553449_3254874685155813305_n-200x200.jpg 200w, https:\/\/www.radiopiu.net\/wordpress\/wp-content\/uploads\/2020\/09\/119117953_318642832553449_3254874685155813305_n-80x80.jpg 80w\" sizes=\"auto, (max-width: 150px) 100vw, 150px\" \/><\/a>\n\t\t\t\t<\/dt><\/dl><dl class='gallery-item'>\n\t\t\t\t<dt class='gallery-icon portrait'>\n\t\t\t\t\t<a class=\"rollover rollover-zoom dt-pswp-item\" title=\"119203100_3318376664913191_1042935418069094780_n\" data-dt-img-description=\"\" data-large_image_width=\"761\" data-large_image_height=\"960\"href='https:\/\/www.radiopiu.net\/wordpress\/wp-content\/uploads\/2020\/09\/119203100_3318376664913191_1042935418069094780_n.jpg'><img loading=\"lazy\" decoding=\"async\" width=\"150\" height=\"150\" src=\"https:\/\/www.radiopiu.net\/wordpress\/wp-content\/uploads\/2020\/09\/119203100_3318376664913191_1042935418069094780_n-150x150.jpg\" class=\"attachment-thumbnail size-thumbnail\" alt=\"\" srcset=\"https:\/\/www.radiopiu.net\/wordpress\/wp-content\/uploads\/2020\/09\/119203100_3318376664913191_1042935418069094780_n-150x150.jpg 150w, https:\/\/www.radiopiu.net\/wordpress\/wp-content\/uploads\/2020\/09\/119203100_3318376664913191_1042935418069094780_n-125x125.jpg 125w, https:\/\/www.radiopiu.net\/wordpress\/wp-content\/uploads\/2020\/09\/119203100_3318376664913191_1042935418069094780_n-200x200.jpg 200w, https:\/\/www.radiopiu.net\/wordpress\/wp-content\/uploads\/2020\/09\/119203100_3318376664913191_1042935418069094780_n-80x80.jpg 80w\" sizes=\"auto, (max-width: 150px) 100vw, 150px\" \/><\/a>\n\t\t\t\t<\/dt><\/dl><dl class='gallery-item'>\n\t\t\t\t<dt class='gallery-icon portrait'>\n\t\t\t\t\t<a class=\"rollover rollover-zoom dt-pswp-item\" title=\"119140437_964740470681020_2120831014782545397_n\" data-dt-img-description=\"\" data-large_image_width=\"711\" data-large_image_height=\"960\"href='https:\/\/www.radiopiu.net\/wordpress\/wp-content\/uploads\/2020\/09\/119140437_964740470681020_2120831014782545397_n.jpg'><img loading=\"lazy\" decoding=\"async\" width=\"150\" height=\"150\" src=\"https:\/\/www.radiopiu.net\/wordpress\/wp-content\/uploads\/2020\/09\/119140437_964740470681020_2120831014782545397_n-150x150.jpg\" class=\"attachment-thumbnail size-thumbnail\" alt=\"\" srcset=\"https:\/\/www.radiopiu.net\/wordpress\/wp-content\/uploads\/2020\/09\/119140437_964740470681020_2120831014782545397_n-150x150.jpg 150w, https:\/\/www.radiopiu.net\/wordpress\/wp-content\/uploads\/2020\/09\/119140437_964740470681020_2120831014782545397_n-125x125.jpg 125w, https:\/\/www.radiopiu.net\/wordpress\/wp-content\/uploads\/2020\/09\/119140437_964740470681020_2120831014782545397_n-200x200.jpg 200w, https:\/\/www.radiopiu.net\/wordpress\/wp-content\/uploads\/2020\/09\/119140437_964740470681020_2120831014782545397_n-80x80.jpg 80w\" sizes=\"auto, (max-width: 150px) 100vw, 150px\" \/><\/a>\n\t\t\t\t<\/dt><\/dl><dl class='gallery-item'>\n\t\t\t\t<dt class='gallery-icon landscape'>\n\t\t\t\t\t<a class=\"rollover rollover-zoom dt-pswp-item\" title=\"119197539_2693163014305263_282978929224028457_n\" data-dt-img-description=\"\" data-large_image_width=\"2048\" data-large_image_height=\"1159\"href='https:\/\/www.radiopiu.net\/wordpress\/wp-content\/uploads\/2020\/09\/119197539_2693163014305263_282978929224028457_n.jpg'><img loading=\"lazy\" decoding=\"async\" width=\"150\" height=\"150\" src=\"https:\/\/www.radiopiu.net\/wordpress\/wp-content\/uploads\/2020\/09\/119197539_2693163014305263_282978929224028457_n-150x150.jpg\" class=\"attachment-thumbnail size-thumbnail\" alt=\"\" srcset=\"https:\/\/www.radiopiu.net\/wordpress\/wp-content\/uploads\/2020\/09\/119197539_2693163014305263_282978929224028457_n-150x150.jpg 150w, https:\/\/www.radiopiu.net\/wordpress\/wp-content\/uploads\/2020\/09\/119197539_2693163014305263_282978929224028457_n-125x125.jpg 125w, https:\/\/www.radiopiu.net\/wordpress\/wp-content\/uploads\/2020\/09\/119197539_2693163014305263_282978929224028457_n-200x200.jpg 200w, https:\/\/www.radiopiu.net\/wordpress\/wp-content\/uploads\/2020\/09\/119197539_2693163014305263_282978929224028457_n-80x80.jpg 80w\" sizes=\"auto, (max-width: 150px) 100vw, 150px\" \/><\/a>\n\t\t\t\t<\/dt><\/dl><br style=\"clear: both\" \/><dl class='gallery-item'>\n\t\t\t\t<dt class='gallery-icon portrait'>\n\t\t\t\t\t<a class=\"rollover rollover-zoom dt-pswp-item\" title=\"119148691_318258472587614_2091554373628378870_n\" data-dt-img-description=\"\" data-large_image_width=\"637\" data-large_image_height=\"960\"href='https:\/\/www.radiopiu.net\/wordpress\/wp-content\/uploads\/2020\/09\/119148691_318258472587614_2091554373628378870_n.jpg'><img loading=\"lazy\" decoding=\"async\" width=\"150\" height=\"150\" src=\"https:\/\/www.radiopiu.net\/wordpress\/wp-content\/uploads\/2020\/09\/119148691_318258472587614_2091554373628378870_n-150x150.jpg\" class=\"attachment-thumbnail size-thumbnail\" alt=\"\" srcset=\"https:\/\/www.radiopiu.net\/wordpress\/wp-content\/uploads\/2020\/09\/119148691_318258472587614_2091554373628378870_n-150x150.jpg 150w, https:\/\/www.radiopiu.net\/wordpress\/wp-content\/uploads\/2020\/09\/119148691_318258472587614_2091554373628378870_n-125x125.jpg 125w, https:\/\/www.radiopiu.net\/wordpress\/wp-content\/uploads\/2020\/09\/119148691_318258472587614_2091554373628378870_n-200x200.jpg 200w, https:\/\/www.radiopiu.net\/wordpress\/wp-content\/uploads\/2020\/09\/119148691_318258472587614_2091554373628378870_n-80x80.jpg 80w\" sizes=\"auto, (max-width: 150px) 100vw, 150px\" \/><\/a>\n\t\t\t\t<\/dt><\/dl><dl class='gallery-item'>\n\t\t\t\t<dt class='gallery-icon landscape'>\n\t\t\t\t\t<a class=\"rollover rollover-zoom dt-pswp-item\" title=\"119177462_1635922743254141_5467718544625345559_n\" data-dt-img-description=\"\" data-large_image_width=\"2048\" data-large_image_height=\"1267\"href='https:\/\/www.radiopiu.net\/wordpress\/wp-content\/uploads\/2020\/09\/119177462_1635922743254141_5467718544625345559_n.jpg'><img loading=\"lazy\" decoding=\"async\" width=\"150\" height=\"150\" src=\"https:\/\/www.radiopiu.net\/wordpress\/wp-content\/uploads\/2020\/09\/119177462_1635922743254141_5467718544625345559_n-150x150.jpg\" class=\"attachment-thumbnail size-thumbnail\" alt=\"\" srcset=\"https:\/\/www.radiopiu.net\/wordpress\/wp-content\/uploads\/2020\/09\/119177462_1635922743254141_5467718544625345559_n-150x150.jpg 150w, https:\/\/www.radiopiu.net\/wordpress\/wp-content\/uploads\/2020\/09\/119177462_1635922743254141_5467718544625345559_n-125x125.jpg 125w, https:\/\/www.radiopiu.net\/wordpress\/wp-content\/uploads\/2020\/09\/119177462_1635922743254141_5467718544625345559_n-200x200.jpg 200w, https:\/\/www.radiopiu.net\/wordpress\/wp-content\/uploads\/2020\/09\/119177462_1635922743254141_5467718544625345559_n-80x80.jpg 80w\" sizes=\"auto, (max-width: 150px) 100vw, 150px\" \/><\/a>\n\t\t\t\t<\/dt><\/dl><dl class='gallery-item'>\n\t\t\t\t<dt class='gallery-icon portrait'>\n\t\t\t\t\t<a class=\"rollover rollover-zoom dt-pswp-item\" title=\"119115362_634526340595188_3409067883950666881_n\" data-dt-img-description=\"\" data-large_image_width=\"643\" data-large_image_height=\"960\"href='https:\/\/www.radiopiu.net\/wordpress\/wp-content\/uploads\/2020\/09\/119115362_634526340595188_3409067883950666881_n.jpg'><img loading=\"lazy\" decoding=\"async\" width=\"150\" height=\"150\" src=\"https:\/\/www.radiopiu.net\/wordpress\/wp-content\/uploads\/2020\/09\/119115362_634526340595188_3409067883950666881_n-150x150.jpg\" class=\"attachment-thumbnail size-thumbnail\" alt=\"\" srcset=\"https:\/\/www.radiopiu.net\/wordpress\/wp-content\/uploads\/2020\/09\/119115362_634526340595188_3409067883950666881_n-150x150.jpg 150w, https:\/\/www.radiopiu.net\/wordpress\/wp-content\/uploads\/2020\/09\/119115362_634526340595188_3409067883950666881_n-125x125.jpg 125w, https:\/\/www.radiopiu.net\/wordpress\/wp-content\/uploads\/2020\/09\/119115362_634526340595188_3409067883950666881_n-200x200.jpg 200w, https:\/\/www.radiopiu.net\/wordpress\/wp-content\/uploads\/2020\/09\/119115362_634526340595188_3409067883950666881_n-80x80.jpg 80w\" sizes=\"auto, (max-width: 150px) 100vw, 150px\" \/><\/a>\n\t\t\t\t<\/dt><\/dl><dl class='gallery-item'>\n\t\t\t\t<dt class='gallery-icon portrait'>\n\t\t\t\t\t<a class=\"rollover rollover-zoom dt-pswp-item\" title=\"119143200_984208788718812_1247263887361678187_n\" data-dt-img-description=\"\" data-large_image_width=\"194\" data-large_image_height=\"259\"href='https:\/\/www.radiopiu.net\/wordpress\/wp-content\/uploads\/2020\/09\/119143200_984208788718812_1247263887361678187_n.jpg'><img loading=\"lazy\" decoding=\"async\" width=\"150\" height=\"150\" src=\"https:\/\/www.radiopiu.net\/wordpress\/wp-content\/uploads\/2020\/09\/119143200_984208788718812_1247263887361678187_n-150x150.jpg\" class=\"attachment-thumbnail size-thumbnail\" alt=\"\" srcset=\"https:\/\/www.radiopiu.net\/wordpress\/wp-content\/uploads\/2020\/09\/119143200_984208788718812_1247263887361678187_n-150x150.jpg 150w, https:\/\/www.radiopiu.net\/wordpress\/wp-content\/uploads\/2020\/09\/119143200_984208788718812_1247263887361678187_n-125x125.jpg 125w, https:\/\/www.radiopiu.net\/wordpress\/wp-content\/uploads\/2020\/09\/119143200_984208788718812_1247263887361678187_n-80x80.jpg 80w\" sizes=\"auto, (max-width: 150px) 100vw, 150px\" \/><\/a>\n\t\t\t\t<\/dt><\/dl>\n\t\t\t\t<br style='clear: both' \/>\n\t\t\t<\/div>\n\n<p>NELLE FOTO (riproduzioni dai due testi citati): la scomparsa pubblicista e scrittrice Giovanna Orzes Costa; la copertina di \u201cLe trovate di \u2018Ugo Agnel\u2019\u201d; il protagonista Ugo Bernardi; copertina del libro dedicato a Cencenighe Agordino \u201cTempi di primavera\u201d; foto di gruppo per fine anno scolastico di una quarta elementare di Cencenighe; \u201cEl Biois\u201d visto da Giuliano De Rocco che ha illustrato il libro; omaggio ai Caduti cencenighesi; copertine di \u201cPiuma azzurra\u201d e di \u201cGente di Cortina\u201d della stessa autrice.<\/p>\n<p>&nbsp;<\/p>\n<hr \/>\n<p>&nbsp;<\/p>\n<blockquote>\n<h3>IL SESTO CORSO DI AGGIORNAMENTO PER AMMINISTRATORI DI CONDOMINIO<\/h3>\n<\/blockquote>\n<p><a class=\"dt-pswp-item\" href=\"https:\/\/www.radiopiu.net\/wordpress\/wp-content\/uploads\/2020\/09\/IMG_8417.jpg\" data-dt-img-description=\"\" data-large_image_width=\"640\" data-large_image_height=\"480\"><img loading=\"lazy\" decoding=\"async\" class=\" wp-image-160165 alignleft\" src=\"https:\/\/www.radiopiu.net\/wordpress\/wp-content\/uploads\/2020\/09\/IMG_8417-300x225.jpg\" alt=\"\" width=\"252\" height=\"188\" srcset=\"https:\/\/www.radiopiu.net\/wordpress\/wp-content\/uploads\/2020\/09\/IMG_8417-300x225.jpg 300w, https:\/\/www.radiopiu.net\/wordpress\/wp-content\/uploads\/2020\/09\/IMG_8417.jpg 640w\" sizes=\"auto, (max-width: 252px) 100vw, 252px\" \/><\/a><strong>BELLUNO<\/strong> Si \u00e8 concluso il 6^\u00a0 corso annuale di aggiornamento degli amministratori di condominio. I 32 partecipanti hanno seguito con attenzione\u00a0 ed interloquendo con quesiti le lezioni tenute dai formatori. Soddisfazione \u00e8 stata espressa da parte dei partecipanti per la preparazione dei formatori e la completezza degli argomenti trattati ed anche\u00a0 da parte del Responsabile scientifico del corso l\u2019avv. Giovanna Losso,\u00a0 vicepresidente di Confedilizia Belluno<\/p>\n<blockquote><p><em>Gli amministratori che hanno frequentato il corso con il superamento della prova finale: Amormino Eugenio, Andreotta Aldo, Andreotta Roberto, Benni Valeria, Canal Marco, Ciprian Andrea, Constantini Massimo, Dal Molin Roberto, Dalla Favera Monica,\u00a0 De Boni Marco, De Martin Topranin Silvia, De Paris Gilberto, De Vecchi Marcello, Gallina Lara, Garaffa Alberto, Gaspari Michela, Giacin Denis, Levis Renata, Lozza Agostino, Maioni Roberto, Montanari Sergio, Montini Wanda, Pampanin Luca, Piccolin Mauro, Savaris Ruggero, Scotti Filippo, Scotti Gian Paolo, \u00a0Tormen Nicola, Zampieri Tonino, Zardini Elisabetta, Zardini Lacedelli Nicola.<\/em><\/p><\/blockquote>\n<p>&nbsp;<\/p>\n<hr \/>\n<p>&nbsp;<\/p>\n<blockquote class=\"wp-embedded-content\" data-secret=\"2LVqXVdmbI\"><p><a href=\"https:\/\/www.radiopiu.net\/wordpress\/il-motogiro-abbraccia-le-dolomiti-martedi-a-feltre-cortina-agordo-falcade-e-alleghe\/\">IL MOTOGIRO ABBRACCIA LE DOLOMITI, MARTEDI A FELTRE  CORTINA, AGORDO, FALCADE E ALLEGHE<\/a><\/p><\/blockquote>\n<p><iframe loading=\"lazy\" class=\"wp-embedded-content\" sandbox=\"allow-scripts\" security=\"restricted\" style=\"position: absolute; clip: rect(1px, 1px, 1px, 1px);\" title=\"&#8220;IL MOTOGIRO ABBRACCIA LE DOLOMITI, MARTEDI A FELTRE  CORTINA, AGORDO, FALCADE E ALLEGHE&#8221; &#8212; Radio Pi\u00f9\" src=\"https:\/\/www.radiopiu.net\/wordpress\/il-motogiro-abbraccia-le-dolomiti-martedi-a-feltre-cortina-agordo-falcade-e-alleghe\/embed\/#?secret=2LVqXVdmbI\" data-secret=\"2LVqXVdmbI\" width=\"600\" height=\"338\" frameborder=\"0\" marginwidth=\"0\" marginheight=\"0\" scrolling=\"no\"><\/iframe><\/p>\n<h3>Nelle stesse date del Motogiro d&#8217;Italia ecco anche l&#8217;Autogiro, la corsa di auto d&#8217;epoca che celebra l&#8217;Italia dei motori e dell&#8217;artigianato. Martedi 15 nello scenario dolomitico con arrivo a Cortina e passaggio per l&#8217;Agordino<\/h3>\n<p>&nbsp;<\/p>\n<hr \/>\n<p>&nbsp;<\/p>\n<blockquote>\n<h3>PISCINEWS: ATTIVAMENTE AGORDINO AI BLOCCHI DELLA RIPARTENZA<\/h3>\n<\/blockquote>\n<p><strong><a class=\"dt-pswp-item\" href=\"https:\/\/www.radiopiu.net\/wordpress\/wp-content\/uploads\/2020\/05\/PISCINA-AGORDO.jpg\" data-dt-img-description=\"\" data-large_image_width=\"1600\" data-large_image_height=\"737\"><img loading=\"lazy\" decoding=\"async\" class=\" wp-image-140455 alignleft\" src=\"https:\/\/www.radiopiu.net\/wordpress\/wp-content\/uploads\/2020\/05\/PISCINA-AGORDO-300x138.jpg\" alt=\"\" width=\"265\" height=\"121\" srcset=\"https:\/\/www.radiopiu.net\/wordpress\/wp-content\/uploads\/2020\/05\/PISCINA-AGORDO-300x138.jpg 300w, https:\/\/www.radiopiu.net\/wordpress\/wp-content\/uploads\/2020\/05\/PISCINA-AGORDO-1024x472.jpg 1024w, https:\/\/www.radiopiu.net\/wordpress\/wp-content\/uploads\/2020\/05\/PISCINA-AGORDO-768x354.jpg 768w, https:\/\/www.radiopiu.net\/wordpress\/wp-content\/uploads\/2020\/05\/PISCINA-AGORDO-1536x708.jpg 1536w, https:\/\/www.radiopiu.net\/wordpress\/wp-content\/uploads\/2020\/05\/PISCINA-AGORDO.jpg 1600w\" sizes=\"auto, (max-width: 265px) 100vw, 265px\" \/><\/a>AGORDO<\/strong> <span style=\"color: #3d3d3d;\"><span style=\"font-family: Arial, serif;\"><span style=\"font-size: small;\"><span lang=\"it-IT\">Dopo una stagione estiva positiva, la Piscina Comprensoriale di Agordo, \u00e8 pronta a ripartire dal 14 settembre con le nuove attivit\u00e0 autunnali dedicate a grandi e piccini e garantite da istruttori qualificati. <\/span><\/span><\/span><\/span><span style=\"font-size: small; font-family: Arial, serif; color: #3d3d3d;\">Continuano i corsi della scuola di nuoto e perfezionamento per bambini e adulti, corsi baby (3-6 anni) e inizieranno nuovamente i corsi babyssimi (18-36 mesi) per accompagnare i pi\u00f9 piccoli ai primi approcci con l\u2019acqua.\u00a0<\/span><span style=\"color: #3d3d3d;\"><span style=\"font-family: Arial, serif;\"><span style=\"font-size: small;\"><span lang=\"it-IT\">Confermati anche tutti i corsi di acquafitness che prevedono diverse discipline che spaziano dall\u2019acquagym, alla ginnastica dolce, al circuit training con l\u2019uso di idro-bike, tapis roulant e step, attivit\u00e0 che si possono provare con un abbonamento a frequenza libera, che d\u00e0 la possibilit\u00e0 di provare tutta l\u2019offerta. <\/span><\/span><\/span><\/span><span style=\"font-family: Arial, serif; color: #3d3d3d; font-size: small;\">Il sabato dalle 8.45 alle 9.30 ci sar\u00e0 anche un nuovo corso gestanti rivolto alle donne in dolce attesa per migliorare la respirazione, la circolazione e il tono muscolare, alternando fasi di rilassamento. <\/span><span style=\"color: #3d3d3d;\"><span style=\"font-family: Arial, serif;\"><span style=\"font-size: small;\"><span lang=\"it-IT\">La piscina \u00e8 aperta tutti i giorni anche per il nuoto libero nei seguenti orari: luned\u00ec 9.30-21, marted\u00ec 19.30-21, mercoled\u00ec 9.30-21, gioved\u00ec 14-21, venerd\u00ec 19.30-21, sabato 9.30-20 e domenica 15-19 con possibilit\u00e0 di abbonamenti e agevolazioni per gruppi e famiglie. <\/span><\/span><\/span><\/span><span style=\"font-size: small; font-family: Arial, serif; color: #3d3d3d;\">Possibilit\u00e0 anche di lezioni individuali e attivit\u00e0 di riabilitazione e movimento in acqua con personale esperto in Fisioterapia e Scienze Motorie. <\/span><span style=\"color: #3d3d3d;\"><span style=\"font-family: Arial, serif;\"><span style=\"font-size: small;\"><span lang=\"it-IT\">Per info e prenotazioni 0437\/62406 o direttamente presso la segreteria della piscina di via Lungo Rova, aperta tutti i giorni. Pagina F<\/span><\/span><\/span><\/span><span style=\"color: #3d3d3d;\"><span style=\"font-family: Arial, serif;\"><span style=\"font-size: small;\">acebook Attivamente Agordino &#8211; Piscina &amp; Palestra Comprensoriale<\/span><\/span><\/span><\/p>\n<p>&nbsp;<\/p>\n<hr \/>\n<p>&nbsp;<\/p>\n<blockquote>\n<h3>DOCUFILM MOVIDA ALLE FINALE DI ROMA<\/h3>\n<\/blockquote>\n<p><a class=\"dt-pswp-item\" href=\"https:\/\/www.radiopiu.net\/wordpress\/wp-content\/uploads\/2020\/09\/locandina-MOVIDA-1-1-scaled.jpg\" data-dt-img-description=\"\" data-large_image_width=\"1097\" data-large_image_height=\"2560\"><img loading=\"lazy\" decoding=\"async\" class=\" wp-image-160006 alignleft\" src=\"https:\/\/www.radiopiu.net\/wordpress\/wp-content\/uploads\/2020\/09\/locandina-MOVIDA-1-1-129x300.jpg\" alt=\"\" width=\"104\" height=\"242\" srcset=\"https:\/\/www.radiopiu.net\/wordpress\/wp-content\/uploads\/2020\/09\/locandina-MOVIDA-1-1-129x300.jpg 129w, https:\/\/www.radiopiu.net\/wordpress\/wp-content\/uploads\/2020\/09\/locandina-MOVIDA-1-1-439x1024.jpg 439w, https:\/\/www.radiopiu.net\/wordpress\/wp-content\/uploads\/2020\/09\/locandina-MOVIDA-1-1-768x1791.jpg 768w, https:\/\/www.radiopiu.net\/wordpress\/wp-content\/uploads\/2020\/09\/locandina-MOVIDA-1-1-658x1536.jpg 658w, https:\/\/www.radiopiu.net\/wordpress\/wp-content\/uploads\/2020\/09\/locandina-MOVIDA-1-1-878x2048.jpg 878w, https:\/\/www.radiopiu.net\/wordpress\/wp-content\/uploads\/2020\/09\/locandina-MOVIDA-1-1-206x480.jpg 206w, https:\/\/www.radiopiu.net\/wordpress\/wp-content\/uploads\/2020\/09\/locandina-MOVIDA-1-1-scaled.jpg 1097w\" sizes=\"auto, (max-width: 104px) 100vw, 104px\" \/><\/a>Movida, il docufilm sulla \u2018Montagna che r-Esiste\u2019, realizzato lo scorso anno dal Laboratorio Cinema del Liceo Giorgio Dal Piaz di Feltre \u00e8 tra i film finalisti del SalinaDocFest, rassegna cinematografica internazionale dedicata al<br \/>\ndocumentario narrativo. Verr\u00e0 presentato a Roma, Orto Botanico, domani alle 12 in prima assoluta. Della giuria fa parte l\u2019attrice Jasmine Trinca. Il Liceo Dal Piaz \u00e8 stata una delle scuole ammesse al finanziamento nella sezione Visioni Fuoriluogo. Grazie al cospicuo finanziamento ottenuto \u00e8 stato costituito il Laboratorio Cinema permanente del Liceo Dal Piaz dotato di attrezzature professionali; per la realizzazione del film \u00e8 stato possibile inoltre formare una troupe di giovani e talentuosi professionisti (quasi tutti diplomati al Centro sperimentale di Cinematografia) che hanno lavorato al documentario insieme agli studenti impegnati in questa nuova proposta didattica.<\/p>\n<p>&nbsp;<\/p>\n<p>&nbsp;<\/p>\n<hr \/>\n<p>&nbsp;<\/p>\n<blockquote>\n<h3>SABATO 26 SETTEMBRE LA PRESENTAZIONE ALLO SKI COLLEGE<\/h3>\n<\/blockquote>\n<p><strong>FALCADE<\/strong> Sabato 26 settembre alle 14.30 al polo scolastico di Falcade, presso la Sala Polifunzionale Dolomiti di\u00a0 Via Trieste, saranno presentate le squadre agonistiche 2020-21 dello Ski College Veneto-Falcade.<\/p>\n<p>&nbsp;<\/p>\n<hr \/>\n<p>&nbsp;<\/p>\n<blockquote>\n<h3>CAI AGORDO IN ASSEMBLEA<\/h3>\n<\/blockquote>\n<p><strong><a class=\"dt-pswp-item\" href=\"https:\/\/www.radiopiu.net\/wordpress\/wp-content\/uploads\/2020\/09\/bc7115f8-6883-49d8-b2ee-0596a6a66c7e.jpg\" data-dt-img-description=\"\" data-large_image_width=\"1599\" data-large_image_height=\"1200\"><img loading=\"lazy\" decoding=\"async\" class=\" wp-image-160009 alignleft\" src=\"https:\/\/www.radiopiu.net\/wordpress\/wp-content\/uploads\/2020\/09\/bc7115f8-6883-49d8-b2ee-0596a6a66c7e-300x225.jpg\" alt=\"\" width=\"248\" height=\"186\" srcset=\"https:\/\/www.radiopiu.net\/wordpress\/wp-content\/uploads\/2020\/09\/bc7115f8-6883-49d8-b2ee-0596a6a66c7e-300x225.jpg 300w, https:\/\/www.radiopiu.net\/wordpress\/wp-content\/uploads\/2020\/09\/bc7115f8-6883-49d8-b2ee-0596a6a66c7e-1024x768.jpg 1024w, https:\/\/www.radiopiu.net\/wordpress\/wp-content\/uploads\/2020\/09\/bc7115f8-6883-49d8-b2ee-0596a6a66c7e-768x576.jpg 768w, https:\/\/www.radiopiu.net\/wordpress\/wp-content\/uploads\/2020\/09\/bc7115f8-6883-49d8-b2ee-0596a6a66c7e-1536x1153.jpg 1536w, https:\/\/www.radiopiu.net\/wordpress\/wp-content\/uploads\/2020\/09\/bc7115f8-6883-49d8-b2ee-0596a6a66c7e-640x480.jpg 640w, https:\/\/www.radiopiu.net\/wordpress\/wp-content\/uploads\/2020\/09\/bc7115f8-6883-49d8-b2ee-0596a6a66c7e.jpg 1599w\" sizes=\"auto, (max-width: 248px) 100vw, 248px\" \/><\/a>AGORDO<\/strong>\u00a0 L&#8217;Assemblea Annuale che doveva tenersi a marzo e gi\u00e0 rinviata, \u00e8 stata convocata per venerd\u00ec 18 settembre alle 18 nella Sala Convegni &#8220;Don Tamis&#8221;. Per le note limitazioni sanitarie, quest&#8217;anno la S. Messa ed il pranzo non si svolgeranno.<\/p>\n<p>Lo scorso 2 agosto la sezione agordina del Cai ha organizzato un&#8217;escursione alla Punta d&#8217;Alochet. Questo il racconto di Fabiana<em>: &#8220;In questa anomala estate 2020 dove tutto il calendario delle uscite della Sezione Agordina del Cai \u00e8 stato stravolto, anche la salita alla Punta d\u2019Alochet m.2582, nel gruppo della Marmolada, ha subito delle variazioni. Anzi, diciamo pi\u00f9 di una\u2026proposta dalla sottoscritta in fase di stesura del calendario per il 13 settembre \u00e8 stata spostata gi\u00e0 da subito al 21 giugno per permettere agli aquilotti dell\u2019Alpinismo Giovanile di potere effettuare un\u2019 uscita autunnale in quanto il mese di settembre era ricco di eventi domenicali ai quali i nostri ragazzi o i loro accompagnatori non potevano mancare. Rinviata nel mese di giugno per i problemi che tutti conosciamo \u00e8 stata finalmente effettuata il 2 agosto, <a class=\"dt-pswp-item\" href=\"https:\/\/www.radiopiu.net\/wordpress\/wp-content\/uploads\/2020\/09\/0ca51c5d-b764-4796-b145-bf0875e1c07e.jpg\" data-dt-img-description=\"\" data-large_image_width=\"1599\" data-large_image_height=\"1200\"><img loading=\"lazy\" decoding=\"async\" class=\"size-medium wp-image-160007 alignleft\" src=\"https:\/\/www.radiopiu.net\/wordpress\/wp-content\/uploads\/2020\/09\/0ca51c5d-b764-4796-b145-bf0875e1c07e-300x225.jpg\" alt=\"\" width=\"300\" height=\"225\" srcset=\"https:\/\/www.radiopiu.net\/wordpress\/wp-content\/uploads\/2020\/09\/0ca51c5d-b764-4796-b145-bf0875e1c07e-300x225.jpg 300w, https:\/\/www.radiopiu.net\/wordpress\/wp-content\/uploads\/2020\/09\/0ca51c5d-b764-4796-b145-bf0875e1c07e-1024x768.jpg 1024w, https:\/\/www.radiopiu.net\/wordpress\/wp-content\/uploads\/2020\/09\/0ca51c5d-b764-4796-b145-bf0875e1c07e-768x576.jpg 768w, https:\/\/www.radiopiu.net\/wordpress\/wp-content\/uploads\/2020\/09\/0ca51c5d-b764-4796-b145-bf0875e1c07e-1536x1153.jpg 1536w, https:\/\/www.radiopiu.net\/wordpress\/wp-content\/uploads\/2020\/09\/0ca51c5d-b764-4796-b145-bf0875e1c07e-640x480.jpg 640w, https:\/\/www.radiopiu.net\/wordpress\/wp-content\/uploads\/2020\/09\/0ca51c5d-b764-4796-b145-bf0875e1c07e.jpg 1599w\" sizes=\"auto, (max-width: 300px) 100vw, 300px\" \/><\/a>data in cui era prevista un\u2019altra uscita dei nostri giovani che si rifaranno sicuramente l\u2019anno prossimo. Un giro ad anello a ridosso del Passo S. Pellegrino, molto panoramico e interessante sotto il profilo storico che ci ha portato a percorrere alcune delle numerose tracce lasciate dalla permanenza dei due eserciti avversari in quella che \u00e8 stata la sanguinosa guerra\u00a0 combattutasi sulle nostre montagne dal 1915 al 1918. Tutti soddisfatti i partecipanti all\u2019escursione che hanno apprezzato oltre ai panorami sulle cime circostanti, la tipologia del percorso che si \u00e8 alternato fra mulattiere militari, comodi sentieri tra verdi pascoli e impegnativi passaggi in cresta&#8221;.\u00a0<\/em><\/p>\n<p>&nbsp;<\/p>\n<p>&nbsp;<\/p>\n<hr \/>\n<p>&nbsp;<\/p>\n<p>&nbsp;<\/p>\n<p align=\"JUSTIFY\"><a class=\"dt-pswp-item\" href=\"https:\/\/www.radiopiu.net\/wordpress\/wp-content\/uploads\/2018\/09\/appuntamenti.jpeg\" data-dt-img-description=\"\" data-large_image_width=\"800\" data-large_image_height=\"100\"><img loading=\"lazy\" decoding=\"async\" class=\"aligncenter wp-image-61958 size-full\" src=\"https:\/\/www.radiopiu.net\/wordpress\/wp-content\/uploads\/2018\/09\/appuntamenti.jpeg\" alt=\"\" width=\"800\" height=\"100\" srcset=\"https:\/\/www.radiopiu.net\/wordpress\/wp-content\/uploads\/2018\/09\/appuntamenti.jpeg 800w, https:\/\/www.radiopiu.net\/wordpress\/wp-content\/uploads\/2018\/09\/appuntamenti-300x38.jpeg 300w, https:\/\/www.radiopiu.net\/wordpress\/wp-content\/uploads\/2018\/09\/appuntamenti-768x96.jpeg 768w\" sizes=\"auto, (max-width: 800px) 100vw, 800px\" \/><\/a><\/p>\n<h3 align=\"JUSTIFY\"><\/h3>\n<p><span style=\"color: #ff0000;\">IL MERCATO CONTADINO<\/span><\/p>\n<p><strong><a class=\"dt-pswp-item\" href=\"https:\/\/www.radiopiu.net\/wordpress\/wp-content\/uploads\/2020\/09\/download-3.jpg\" data-dt-img-description=\"\" data-large_image_width=\"300\" data-large_image_height=\"168\"><img loading=\"lazy\" decoding=\"async\" class=\" wp-image-159986 alignleft\" src=\"https:\/\/www.radiopiu.net\/wordpress\/wp-content\/uploads\/2020\/09\/download-3.jpg\" alt=\"\" width=\"230\" height=\"129\" \/><\/a>OGGI RITORNA IL MERCATO CONTADINO A PROMPICAI DI AGORDO E AD OTTOBRE LA FIERA DEL BESTIAM SUL BROI DI AGORDO. NE ABBIAMO PARLATO CON IL SINDACO ROBERTO CHISSALE&#8217;<br \/>\n(FOTO, PROMPICAI DURANTE LA FESTA DEL FANCIULLO, SAN VINCENZO OGNI ANNO IL LUNEDI DI PASQUA).<\/strong><\/p>\n<audio class=\"wp-audio-shortcode\" id=\"audio-160081-7\" preload=\"none\" style=\"width: 100%;\" controls=\"controls\"><source type=\"audio\/mpeg\" src=\"https:\/\/www.radiopiu.net\/wordpress\/wp-content\/uploads\/2020\/09\/chissale-mercato-contadino-scade-12-settembre-1.mp3?_=7\" \/><a href=\"https:\/\/www.radiopiu.net\/wordpress\/wp-content\/uploads\/2020\/09\/chissale-mercato-contadino-scade-12-settembre-1.mp3\">https:\/\/www.radiopiu.net\/wordpress\/wp-content\/uploads\/2020\/09\/chissale-mercato-contadino-scade-12-settembre-1.mp3<\/a><\/audio>\n<p>&nbsp;<\/p>\n<hr \/>\n<p>&nbsp;<\/p>\n<blockquote>\n<h3>CINEMA, GIOCHI E STORIA AL MUSEO DI SERAVELLA<\/h3>\n<\/blockquote>\n<p><strong>BELLUNO<\/strong>\u00a0 Oggi alle 15.30 laboratorio ludico \u201cMezzadri mezzi ladri? Peripezie di contadini\u201d il nuovo Silent Play realizzato \u2013 insieme alla compagnia teatrale \u201cLa Piccionaia\u201d. Alle 18 visita guidata al giardino delle rose e possibilit\u00e0 di visitare anche il museo etnografico. Alle 20.45, seconda pellicola di \u201cEstate in villa\u201d: \u201cLa Melodie\u201d (2017), del giovane regista Rachid Hami. Domani\u00a0 silent play alle 17.<\/p>\n<p>&nbsp;<\/p>\n<hr \/>\n<p>&nbsp;<\/p>\n<blockquote>\n<h3>OCA IN TAVOLA PER LA RICOSTRUZIONE DI MALGA FOCA<\/h3>\n<\/blockquote>\n<p><a class=\"dt-pswp-item\" href=\"https:\/\/www.radiopiu.net\/wordpress\/wp-content\/uploads\/2020\/09\/7d67ef31-5329-4c87-a9ae-e6f170c76d31.jpg\" data-dt-img-description=\"\" data-large_image_width=\"1600\" data-large_image_height=\"1131\"><img loading=\"lazy\" decoding=\"async\" class=\" wp-image-159897 alignleft\" src=\"https:\/\/www.radiopiu.net\/wordpress\/wp-content\/uploads\/2020\/09\/7d67ef31-5329-4c87-a9ae-e6f170c76d31-300x212.jpg\" alt=\"\" width=\"245\" height=\"173\" srcset=\"https:\/\/www.radiopiu.net\/wordpress\/wp-content\/uploads\/2020\/09\/7d67ef31-5329-4c87-a9ae-e6f170c76d31-300x212.jpg 300w, https:\/\/www.radiopiu.net\/wordpress\/wp-content\/uploads\/2020\/09\/7d67ef31-5329-4c87-a9ae-e6f170c76d31-1024x724.jpg 1024w, https:\/\/www.radiopiu.net\/wordpress\/wp-content\/uploads\/2020\/09\/7d67ef31-5329-4c87-a9ae-e6f170c76d31-768x543.jpg 768w, https:\/\/www.radiopiu.net\/wordpress\/wp-content\/uploads\/2020\/09\/7d67ef31-5329-4c87-a9ae-e6f170c76d31-1536x1086.jpg 1536w, https:\/\/www.radiopiu.net\/wordpress\/wp-content\/uploads\/2020\/09\/7d67ef31-5329-4c87-a9ae-e6f170c76d31-640x452.jpg 640w, https:\/\/www.radiopiu.net\/wordpress\/wp-content\/uploads\/2020\/09\/7d67ef31-5329-4c87-a9ae-e6f170c76d31.jpg 1600w\" sizes=\"auto, (max-width: 245px) 100vw, 245px\" \/><\/a><strong>LA VALLE<\/strong> Un&#8217;altra iniziativa per raccogliere fondi per Malga Foca distrutta da un furioso incendio. Malga Calleda e l&#8217;azienda agricola di Michele Littam\u00e8 infatti ha organizzato per sabato 19 settembre alle 12.30 &#8220;l&#8217;oca in malga&#8221;, una giornata di degustazione e benessere con formaggi di malga e i prodotti di eccellenza a base d&#8217;oca con i migliori vini dei Colli Euganei. Capienza massima 45 persone, prenotazione obbligatoria al 3804198506 oppure 3466933177. Costo della giornata 25-30 euro, il ricavato sar\u00e0 devoluto in beneficenza. L&#8217;oca sar\u00e0 portata in malga da uno dei migliori allevatori del Veneto che si \u00e8 reso disponibile per cucinarla.<\/p>\n<h3><\/h3>\n<hr \/>\n<h3><\/h3>\n<h3>OGGI A CANALE D&#8217;AGORDO NICOLA SCODRO PRESENTA IL LIBRO NAUFRAGI DI UN&#8217;ILLUSIONE<\/h3>\n<p><strong><a class=\"dt-pswp-item\" href=\"https:\/\/www.radiopiu.net\/wordpress\/wp-content\/uploads\/2020\/08\/nicola-scordro.jpg\" data-dt-img-description=\"\" data-large_image_width=\"1599\" data-large_image_height=\"1200\"><img loading=\"lazy\" decoding=\"async\" class=\"wp-image-157183 alignleft\" src=\"https:\/\/www.radiopiu.net\/wordpress\/wp-content\/uploads\/2020\/08\/nicola-scordro-300x225.jpg\" alt=\"\" width=\"185\" height=\"139\" srcset=\"https:\/\/www.radiopiu.net\/wordpress\/wp-content\/uploads\/2020\/08\/nicola-scordro-300x225.jpg 300w, https:\/\/www.radiopiu.net\/wordpress\/wp-content\/uploads\/2020\/08\/nicola-scordro-1024x768.jpg 1024w, https:\/\/www.radiopiu.net\/wordpress\/wp-content\/uploads\/2020\/08\/nicola-scordro-768x576.jpg 768w, https:\/\/www.radiopiu.net\/wordpress\/wp-content\/uploads\/2020\/08\/nicola-scordro-1536x1153.jpg 1536w, https:\/\/www.radiopiu.net\/wordpress\/wp-content\/uploads\/2020\/08\/nicola-scordro.jpg 1599w\" sizes=\"auto, (max-width: 185px) 100vw, 185px\" \/><\/a>CANALE D&#8217;AGORDO<\/strong> Il libro sar\u00e0 presentato a Canale d&#8217;Agordo\u00a0 in sala degli emigranti alle 20.30 Il libro in vendita: Alleghe ristorante albergo Alle Alpi, Ristorante n&#8217;zunaia.\u00a0 Rifugio Castiglioni, Rifugio Falier e Malga Ombrettola (Marmolada), Cartolibreria De Biasio a Caviola, Hotel Flora Alpina a Falcade, mostra del libro ad Agordo e Cartolibreria in centro.<\/p>\n<p>&nbsp;<\/p>\n<p>&nbsp;<\/p>\n<hr \/>\n<blockquote>\n<h3><\/h3>\n<h3>NUOVI ORARI PER LE VISTE AL CASTELLO DI ANDRAZ<\/h3>\n<\/blockquote>\n<p>Il Castello di Andraz, fino al 13 settembre, sar\u00e0 visitabile dal mercoled\u00ec alla domenica dalle 10 alle 12:30 e dalle 14:30 alle 18. Le visite guidate o libere vanno prenotate al 334 33 46 680 o via mail a info@castellodiandraz.it<\/p>\n<p>&nbsp;<\/p>\n<hr \/>\n<blockquote>\n<h3>RIAPERTURA TOTALE DELLA BIBLIOTECA DI LIMANA<\/h3>\n<\/blockquote>\n<p><strong><a class=\"dt-pswp-item\" href=\"https:\/\/www.radiopiu.net\/wordpress\/wp-content\/uploads\/2020\/09\/hjfoopoeicdkklmd.jpg\" data-dt-img-description=\"\" data-large_image_width=\"327\" data-large_image_height=\"199\"><img loading=\"lazy\" decoding=\"async\" class=\"wp-image-160128 alignleft\" src=\"https:\/\/www.radiopiu.net\/wordpress\/wp-content\/uploads\/2020\/09\/hjfoopoeicdkklmd-300x183.jpg\" alt=\"\" width=\"211\" height=\"129\" srcset=\"https:\/\/www.radiopiu.net\/wordpress\/wp-content\/uploads\/2020\/09\/hjfoopoeicdkklmd-300x183.jpg 300w, https:\/\/www.radiopiu.net\/wordpress\/wp-content\/uploads\/2020\/09\/hjfoopoeicdkklmd.jpg 327w\" sizes=\"auto, (max-width: 211px) 100vw, 211px\" \/><\/a>LIMANA<\/strong> \u00a0E&#8217; di nuovo possibile accedere alle zone a scaffale aperto della Biblioteca di Limana e cercare quindi in autonomia i materiali desiderati. Potranno accedere agli scaffali: massimo 5 persone contemporaneamente nella sezione adulti; massimo 3 persone contemporaneamente nella sezione bambini\/ragazzi. Aumentano anche le postazioni per lo studio individuale, che salgono da 3 a 6. Viene riprestinata anche la zona ristoro, nel rispetto sempre delle distanze di sicurezza. Rimane sempre disponibile la piattaforma\u00a0 Medialibrary online per il prestito di ebook, audiolibri, film e consultazione dei quotidiani e delle riviste. Orario di apertura luned\u00ec 14.30\/18.30 mercoled\u00ec 8.30\/12.30 gioved\u00ec 14.30\/18.30 venerd\u00ec 14.30\/18.30. Attiva la quarantena di 10 giorni per tutto il materiale rientrato.<\/p>\n<p>&nbsp;<\/p>\n<hr \/>\n<h2><\/h2>\n<h2><span style=\"color: #ff0000;\">DUE MINUTI UN LIBRO<\/span><\/h2>\n<blockquote class=\"wp-embedded-content\" data-secret=\"b4nP9e2SeG\"><p><a href=\"https:\/\/www.radiopiu.net\/wordpress\/la-salita-dei-saponari\/\">LA SALITA DEI SAPONARI<\/a><\/p><\/blockquote>\n<p><iframe loading=\"lazy\" class=\"wp-embedded-content\" sandbox=\"allow-scripts\" security=\"restricted\" style=\"position: absolute; clip: rect(1px, 1px, 1px, 1px);\" title=\"&#8220;LA SALITA DEI SAPONARI&#8221; &#8212; Radio Pi\u00f9\" src=\"https:\/\/www.radiopiu.net\/wordpress\/la-salita-dei-saponari\/embed\/#?secret=b4nP9e2SeG\" data-secret=\"b4nP9e2SeG\" width=\"600\" height=\"338\" frameborder=\"0\" marginwidth=\"0\" marginheight=\"0\" scrolling=\"no\"><\/iframe><\/p>\n<h2>LA RACCOLTA COMPLETA<\/h2>\n<blockquote class=\"wp-embedded-content\" data-secret=\"h09OHC5Drb\"><p><a href=\"https:\/\/www.radiopiu.net\/wordpress\/due-minuti-un-libro\/\">Due minuti un libro<\/a><\/p><\/blockquote>\n<p><iframe loading=\"lazy\" class=\"wp-embedded-content\" sandbox=\"allow-scripts\" security=\"restricted\" style=\"position: absolute; clip: rect(1px, 1px, 1px, 1px);\" title=\"&#8220;Due minuti un libro&#8221; &#8212; Radio Pi\u00f9\" src=\"https:\/\/www.radiopiu.net\/wordpress\/due-minuti-un-libro\/embed\/#?secret=h09OHC5Drb\" data-secret=\"h09OHC5Drb\" width=\"600\" height=\"338\" frameborder=\"0\" marginwidth=\"0\" marginheight=\"0\" scrolling=\"no\"><\/iframe><\/p>\n<p>&nbsp;<\/p>\n<hr \/>\n<p>&nbsp;<\/p>\n<div>\n<h2><\/h2>\n<h2><span style=\"color: #000080;\"><a class=\"dt-pswp-item\" href=\"https:\/\/www.radiopiu.net\/wordpress\/wp-content\/uploads\/2020\/07\/a8a8cbd6-9ca3-4f14-9e6a-43069c08cd84.jpg\" data-dt-img-description=\"\" data-large_image_width=\"960\" data-large_image_height=\"720\"><img loading=\"lazy\" decoding=\"async\" class=\"wp-image-151434 alignleft\" src=\"https:\/\/www.radiopiu.net\/wordpress\/wp-content\/uploads\/2020\/07\/a8a8cbd6-9ca3-4f14-9e6a-43069c08cd84-300x225.jpg\" alt=\"\" width=\"213\" height=\"160\" srcset=\"https:\/\/www.radiopiu.net\/wordpress\/wp-content\/uploads\/2020\/07\/a8a8cbd6-9ca3-4f14-9e6a-43069c08cd84-300x225.jpg 300w, https:\/\/www.radiopiu.net\/wordpress\/wp-content\/uploads\/2020\/07\/a8a8cbd6-9ca3-4f14-9e6a-43069c08cd84-768x576.jpg 768w, https:\/\/www.radiopiu.net\/wordpress\/wp-content\/uploads\/2020\/07\/a8a8cbd6-9ca3-4f14-9e6a-43069c08cd84.jpg 960w\" sizes=\"auto, (max-width: 213px) 100vw, 213px\" \/><\/a><\/span><\/h2>\n<h2><\/h2>\n<h2><span style=\"color: #000080;\">DON CESARE, IL PENSIERO DEL GIORNO. ALLA RADIO ALLE 7 DEL MATTINO E ALLE 19.30 DELLA SERA.\u00a0\u00a0<\/span><\/h2>\n<p>&nbsp;<\/p>\n<p>&nbsp;<\/p>\n<audio class=\"wp-audio-shortcode\" id=\"audio-160081-8\" preload=\"none\" style=\"width: 100%;\" controls=\"controls\"><source type=\"audio\/mpeg\" src=\"https:\/\/www.radiopiu.net\/wordpress\/wp-content\/uploads\/2020\/09\/CESARE-8.mp3?_=8\" \/><a href=\"https:\/\/www.radiopiu.net\/wordpress\/wp-content\/uploads\/2020\/09\/CESARE-8.mp3\">https:\/\/www.radiopiu.net\/wordpress\/wp-content\/uploads\/2020\/09\/CESARE-8.mp3<\/a><\/audio>\n<hr \/>\n<p>&nbsp;<\/p>\n<h2><span style=\"color: #008000;\">AGORDINOMERON&#8230;LA RACCOLTA<\/span><\/h2>\n<blockquote class=\"wp-embedded-content\" data-secret=\"7uG3BuTmCf\"><p><a href=\"https:\/\/www.radiopiu.net\/wordpress\/agordinomeron\/\">AGORDINOMERON, IL TERRITORIO SI RACCONTA Da un&#8217;idea di Gianni Santomaso<\/a><\/p><\/blockquote>\n<p><iframe loading=\"lazy\" class=\"wp-embedded-content\" sandbox=\"allow-scripts\" security=\"restricted\" style=\"position: absolute; clip: rect(1px, 1px, 1px, 1px);\" title=\"&#8220;AGORDINOMERON, IL TERRITORIO SI RACCONTA Da un&#8217;idea di Gianni Santomaso&#8221; &#8212; Radio Pi\u00f9\" src=\"https:\/\/www.radiopiu.net\/wordpress\/agordinomeron\/embed\/#?secret=7uG3BuTmCf\" data-secret=\"7uG3BuTmCf\" width=\"600\" height=\"338\" frameborder=\"0\" marginwidth=\"0\" marginheight=\"0\" scrolling=\"no\"><\/iframe><\/p>\n<p>&nbsp;<\/p>\n<hr \/>\n<p>&nbsp;<\/p>\n<p>&nbsp;<\/p>\n<h2><span style=\"color: #ff00ff;\">ZAINO DA VIAGGIO AL FEMMINILE DI PAOLA LANCIATO<\/span><\/h2>\n<h1>LA RACCOLTA COMPLETA<\/h1>\n<blockquote class=\"wp-embedded-content\" data-secret=\"QmCEAEmJf8\"><p><a href=\"https:\/\/www.radiopiu.net\/wordpress\/zaino-femminile-lanciato\/\">Zaino da viaggio al femminile<\/a><\/p><\/blockquote>\n<p><iframe loading=\"lazy\" class=\"wp-embedded-content\" sandbox=\"allow-scripts\" security=\"restricted\" style=\"position: absolute; clip: rect(1px, 1px, 1px, 1px);\" title=\"&#8220;Zaino da viaggio al femminile&#8221; &#8212; Radio Pi\u00f9\" src=\"https:\/\/www.radiopiu.net\/wordpress\/zaino-femminile-lanciato\/embed\/#?secret=QmCEAEmJf8\" data-secret=\"QmCEAEmJf8\" width=\"600\" height=\"338\" frameborder=\"0\" marginwidth=\"0\" marginheight=\"0\" scrolling=\"no\"><\/iframe><\/p>\n<hr \/>\n<p>&nbsp;<\/p>\n<h2><span style=\"color: #33cccc;\">I RACCONTI DI PAOLO SOPPELSA il lunedi alle 9.30 e 18.30<\/span><\/h2>\n<h2><span style=\"color: #33cccc;\"><strong>LA RACCOLTA COMPLETA<\/strong><\/span><\/h2>\n<blockquote class=\"wp-embedded-content\" data-secret=\"bqjgU0oUnW\"><p><a href=\"https:\/\/www.radiopiu.net\/wordpress\/i-racconti-di-paolo-soppelsa\/\">I racconti di Paolo Soppelsa<\/a><\/p><\/blockquote>\n<p><iframe loading=\"lazy\" class=\"wp-embedded-content\" sandbox=\"allow-scripts\" security=\"restricted\" style=\"position: absolute; clip: rect(1px, 1px, 1px, 1px);\" title=\"&#8220;I racconti di Paolo Soppelsa&#8221; &#8212; Radio Pi\u00f9\" src=\"https:\/\/www.radiopiu.net\/wordpress\/i-racconti-di-paolo-soppelsa\/embed\/#?secret=bqjgU0oUnW\" data-secret=\"bqjgU0oUnW\" width=\"600\" height=\"338\" frameborder=\"0\" marginwidth=\"0\" marginheight=\"0\" scrolling=\"no\"><\/iframe><\/p>\n<p>&nbsp;<\/p>\n<p>&nbsp;<\/p>\n<p><a class=\"dt-pswp-item\" href=\"https:\/\/www.radiopiu.net\/wordpress\/wp-content\/uploads\/2018\/09\/viabilita.jpeg\" data-dt-img-description=\"\" data-large_image_width=\"800\" data-large_image_height=\"100\"><img loading=\"lazy\" decoding=\"async\" class=\"aligncenter wp-image-61954 size-full\" src=\"https:\/\/www.radiopiu.net\/wordpress\/wp-content\/uploads\/2018\/09\/viabilita.jpeg\" alt=\"\" width=\"800\" height=\"100\" srcset=\"https:\/\/www.radiopiu.net\/wordpress\/wp-content\/uploads\/2018\/09\/viabilita.jpeg 800w, https:\/\/www.radiopiu.net\/wordpress\/wp-content\/uploads\/2018\/09\/viabilita-300x38.jpeg 300w, https:\/\/www.radiopiu.net\/wordpress\/wp-content\/uploads\/2018\/09\/viabilita-768x96.jpeg 768w\" sizes=\"auto, (max-width: 800px) 100vw, 800px\" \/><\/a><\/p>\n<\/div>\n<p><strong>SP 7 DI ZOPPE&#8217; <\/strong>fino al 25 settembre, esclusi sabato e domenica, dalle 7:30 alle 12 e dalle 13 alle 17:30, temporanee interruzioni al traffico della durata massima di 30 minuti in comune di Val Di Zoldo per rifacimento rete idrica e fognaria<\/p>\n<p><strong>SR 203 AGORDINA<\/strong>\u00a0 fino\u00a0 al 16 settembre, dalle 19 alle 6, senso unico alternato regolato da movieri alla galleria di Listolade a Taibon Agordino per asfaltatura<\/p>\n<p><strong>SP 30 PANORAMICA DEL COMELICO<\/strong> fino al 2 ottobre, esclusi sabati e domeniche, interdizione totale alla viabilit\u00e0 in entrambi i sensi di marcia tra Costa e Costalissoi per messa in sicurezza strada<\/p>\n<p><strong>SP 20 VAL FIORENTINA<\/strong> Fino al 15 settembre, esclusi sabati e domeniche, senso unico alternato in localit\u00e0 Solator di Selva Di Cadore per allargamento carreggiata<\/p>\n<p><strong>SP 641 PASSO FEDAIA<\/strong> A\u00a0 Capanna Bill e\u00a0 a Col di Rocca\u00a0 fino al\u00a0 30 settembre senso unico alternato regolato da semaforo.<\/p>\n<p><strong>REGIONALE 203 AGORDINA<\/strong> Fino al 30 settembre (sabato e domenica esclusi) tra Candaten e La Stanga dalle 7.30 alle 9 e dalle 16.30 alle 18 con movieri e negli altri orari con semaforo, senso unico alternato.<\/p>\n<div>\n<p><strong>SR 48 DELLE DOLOMITI<\/strong> FINO\u00a0 AL 30 SETTEMBRE, DALLE 7 ALLE 17, ESCLUSI SABATO E DOMENICA, SALTUARIA ISTITUZIONE DI SENSO UNICO ALTERNATO REGOLATO DA MOVIERI PER PERIODI CONTINUATIVI NON SUPERIORI A 10 MINUTI NEI COMUNI DI CORTINA ED AURONZO DI CADORE PER CARICO SCARICO MATERIALI NECESSARI PER LA POSA DELL&#8217;ELTRODOTTO INTERRATO<\/p>\n<p><strong>SR 48 DELLE DOLOMITI<\/strong>\u00a0 Fino al 30 settembre in localit\u00e0 Pocol (Cortina) senso unico alternato, esclusi sabato e domenica<\/p>\n<p><strong>SR 48 DELLE DOLOMITI<\/strong>\u00a0 Fino al 9 ottobre senso unico alternato in localit\u00e0 Cernadoi, escluso sabato e domeniche<\/p>\n<p><strong>SR 48 DELLE DOLOMITI<\/strong> Fino\u00a0 al 30 settembre esclusi sabato e domenica senso unico alternato tra Cernadoi e Pian Falzarego<\/p>\n<p><strong>SP 7 DI ZOPPE&#8217; DI CADORE,<\/strong> SENSO UNICO ALTERNATO REGOLATO DA MOVIERI CON BREVI INTERRUZIONI DI MASSIMO 10 MINUTI FINO\u00a0 AL 18 SETTEMBRE, DALLE 7:30 ALLE 17:30 ESCLUSI SABATI, DOMENICHE E FESTIVI INFRASETTIMANALI, PER MESSA IN SICUREZZA DELLA SEDE STRADALE<\/p>\n<p><strong>SP 1 MADONNA DEL PIAVE<\/strong>\u00a0fino a revoca, senso unico alternato regolato da semaforo in localit\u00e0 Caorera di Quero Vas per lavori di messa in sicurezza piano viabile<\/p>\n<p>&nbsp;<\/p>\n<p class=\"photoswipe-wrapper\"><a class=\"dt-pswp-item pspw-wrap-ready\" href=\"https:\/\/i0.wp.com\/www.radiopiu.net\/wordpress\/wp-content\/uploads\/2018\/09\/WhatsApp-Image-2018-09-20-at-16.04.06.jpeg?ssl=1\" data-dt-img-description=\"\" data-large_image_width=\"800\" data-large_image_height=\"100\"><img loading=\"lazy\" decoding=\"async\" class=\"aligncenter wp-image-61378 size-full jetpack-lazy-image jetpack-lazy-image--handled\" src=\"https:\/\/i0.wp.com\/www.radiopiu.net\/wordpress\/wp-content\/uploads\/2018\/09\/WhatsApp-Image-2018-09-20-at-16.04.06.jpeg?resize=800%2C100&amp;ssl=1\" sizes=\"auto, (max-width: 800px) 100vw, 800px\" srcset=\"https:\/\/i0.wp.com\/www.radiopiu.net\/wordpress\/wp-content\/uploads\/2018\/09\/WhatsApp-Image-2018-09-20-at-16.04.06.jpeg?w=800&amp;ssl=1 800w, https:\/\/i0.wp.com\/www.radiopiu.net\/wordpress\/wp-content\/uploads\/2018\/09\/WhatsApp-Image-2018-09-20-at-16.04.06.jpeg?resize=300%2C38&amp;ssl=1 300w, https:\/\/i0.wp.com\/www.radiopiu.net\/wordpress\/wp-content\/uploads\/2018\/09\/WhatsApp-Image-2018-09-20-at-16.04.06.jpeg?resize=768%2C96&amp;ssl=1 768w\" alt=\"\" width=\"800\" height=\"100\" data-lazy-loaded=\"1\" \/><\/a><\/p>\n<\/div>\n<p>&nbsp;<\/p>\n<p><center><b>Sabato 12<\/b><\/center><b>Tempo atteso: <\/b>Al mattino Tempo buono con sole e sottili nubi alte. Al pomeriggio presenza di una modesta attivit\u00e0 cumuliforme sulle Prealpi, localmente moderata sulle Dolomiti, dove il rischio di locali piovaschi sar\u00e0 basso ma non del tutto escluso. Relativa mitezza in quota e clima tardo-estivo nelle valli.<br \/>\n<b>Precipitazioni: <\/b>Assenti fino al primo pomeriggio (0%). Al pomeriggio, seppur remoto, il rischio di qualche isolato fenomeno non sar\u00e0 da escludere del tutto (10\/20%), specie sui settori dolomitici a ridosso del Trentino e dell&#8217;Alto Adige. Altrove assenza di fenomeni (0%).<br \/>\n<b>Temperature: <\/b>In generale ripresa, eccetto lieve calo delle minime nelle valli. Sono previste punte di 26\/27\u00b0C nei fondovalle prealpini e di 22\/24\u00b0C a 1000\/1200 m. Su Prealpi a 1500 m min 14\u00b0C max 19\u00b0C, a 2000 m min 12\u00b0C max 15\u00b0C. Su Dolomiti a 2000 m min 12\u00b0C max 16\u00b0C, a 3000 m min 6\u00b0C max 7\u00b0C.<br \/>\n<b>Venti: <\/b>Nelle valli deboli a regime di brezza, localmente e a tratti moderati su alcuni settori; in quota deboli\/moderati da nordovest al mattino e da nord-est al pomerigggio\/sera, a 5-10 km\/h sia a 2000 m che a 3000 m.<\/p>\n<hr \/>\n<p><center><b>Domenica 13<\/b><\/center><b>Tempo atteso: <\/b>Splendida giornata settembrina con sole, cielo perlopi\u00f9 sereno, aria tersa ed ottima visibilit\u00e0. Non escluso qualche locale banco di nebbia mattutina in alcuni fondovalle prealpini. L&#8217;atmosfera piuttosto secca favorir\u00e0 la quasi assenza di cumuli pomeridiani. Clima diurno mite in quota e tardo-estivo nelle valli.<br \/>\n<b>Precipitazioni: <\/b>Assenti (0%).<br \/>\n<b>Temperature: <\/b>In generale ripresa, eccetto stazionariet\u00e0 delle minime nelle valli. Sono previste punte di 27\/28\u00b0C nei fondovalle prealpini e di 23\/25\u00b0C a 1000\/1200 m. Su Prealpi a 1500 m min 15\u00b0C max 20\u00b0C, a 2000 m min 13\u00b0C max 16\u00b0C. Su Dolomiti a 2000 m min 13\u00b0C max 17\u00b0C, a 3000 m min 7\u00b0C max 8\u00b0C.<br \/>\n<b>Venti: <\/b>Nelle valli deboli a regime di brezza, localmente e a tratti moderati su alcuni settori; in quota deboli da nord-est, in lieve rinforzo alla sera, a 5-10 km\/h a 2000 m e 10-15 km\/h a 3000 m.<\/p>\n<hr \/>\n<p><center><b>Lunedi 14<\/b><\/center>Sole e cielo perlopi\u00f9 sereno, salvo qualche velatura del cielo al mattino e modesti cumuli durante le ore pi\u00f9 calde. Aria tersa ed ottima visibilit\u00e0 in quota. Non escluso qualche locale ed effimere nebbie mattutine in Valbelluna e sugli altopiani prealpini. Clima diurno tardo-estivo a tutte le quote. Venti a regime di brezza nelle valli; deboli\/moderati da est in quota.<\/p>\n<hr \/>\n<p><center><b>Martedi 15<\/b><\/center>Splendida giornata settembrina con sole, cielo perlopi\u00f9 sereno, aria tersa ed ottima visibilit\u00e0 in montagna. Non escluso qualche locale banco di nebbia mattutina in alcuni fondovalle prealpini. Clima diurno tardo-estivo a tutte le quote, nonostante una lieve flessione termica. Venti a regime di brezza nelle valli; deboli\/moderati dai quadranti orientali in quota.<\/p>\n<p>&nbsp;<\/p>\n<p>&nbsp;<\/p>\n<p>&nbsp;<\/p>\n<p><a class=\"dt-pswp-item\" href=\"https:\/\/www.radiopiu.net\/wordpress\/wp-content\/uploads\/2018\/09\/sport.jpg\" data-dt-img-description=\"\" data-large_image_width=\"800\" data-large_image_height=\"100\"><img loading=\"lazy\" decoding=\"async\" class=\"alignnone wp-image-60761 size-full\" src=\"https:\/\/www.radiopiu.net\/wordpress\/wp-content\/uploads\/2018\/09\/sport.jpg\" alt=\"\" width=\"800\" height=\"100\" srcset=\"https:\/\/www.radiopiu.net\/wordpress\/wp-content\/uploads\/2018\/09\/sport.jpg 800w, https:\/\/www.radiopiu.net\/wordpress\/wp-content\/uploads\/2018\/09\/sport-300x38.jpg 300w, https:\/\/www.radiopiu.net\/wordpress\/wp-content\/uploads\/2018\/09\/sport-768x96.jpg 768w\" sizes=\"auto, (max-width: 800px) 100vw, 800px\" \/><\/a><\/p>\n<p>&nbsp;<\/p>\n<p>&nbsp;<\/p>\n<blockquote>\n<h3>A FALCADE LO SLALOM SPECIALE MORDE L&#8217;ASFALTO<\/h3>\n<\/blockquote>\n<p><strong><a class=\"dt-pswp-item\" href=\"https:\/\/www.radiopiu.net\/wordpress\/wp-content\/uploads\/2020\/09\/2197eef9-5df6-4c5b-bf1b-d42f52c98658.jpg\" data-dt-img-description=\"\" data-large_image_width=\"1001\" data-large_image_height=\"1457\"><img loading=\"lazy\" decoding=\"async\" class=\" wp-image-160151 alignleft\" src=\"https:\/\/www.radiopiu.net\/wordpress\/wp-content\/uploads\/2020\/09\/2197eef9-5df6-4c5b-bf1b-d42f52c98658-206x300.jpg\" alt=\"\" width=\"161\" height=\"234\" srcset=\"https:\/\/www.radiopiu.net\/wordpress\/wp-content\/uploads\/2020\/09\/2197eef9-5df6-4c5b-bf1b-d42f52c98658-206x300.jpg 206w, https:\/\/www.radiopiu.net\/wordpress\/wp-content\/uploads\/2020\/09\/2197eef9-5df6-4c5b-bf1b-d42f52c98658-704x1024.jpg 704w, https:\/\/www.radiopiu.net\/wordpress\/wp-content\/uploads\/2020\/09\/2197eef9-5df6-4c5b-bf1b-d42f52c98658-768x1118.jpg 768w, https:\/\/www.radiopiu.net\/wordpress\/wp-content\/uploads\/2020\/09\/2197eef9-5df6-4c5b-bf1b-d42f52c98658-330x480.jpg 330w, https:\/\/www.radiopiu.net\/wordpress\/wp-content\/uploads\/2020\/09\/2197eef9-5df6-4c5b-bf1b-d42f52c98658.jpg 1001w\" sizes=\"auto, (max-width: 161px) 100vw, 161px\" \/><\/a>FALCADE<\/strong> Il 20 settembre in localit\u00e0 Molino terza tappa di &#8220;Inline alpine&#8221; di Coppa Italia dopo Nembro e Montecatini. La disciplina lega lo sci alpino ai roller, \u00e8 nata negli anni 80 e ha avuto successo sopratutto in Germania e Spagna. Lo slalom speciale sull&#8217;asfalto sar\u00e0 uno spettacolo\u00a0 in via Scola a Molino. Saranno presenti tutte le categorie dagli under 7 ai senior master, ci sar\u00e0 tutta la nazionale italiana con i suoi 8 elementi , 4 donne e 4 uomini.<\/p>\n<blockquote><p><em>&#8220;Sono felice di portare l&#8217;inline alpine a Falcade &#8211; dice l&#8217;organizzatore Andrea Gallina &#8211; conoscere e vedere questi atleti sono certo che avviciner\u00e0 nuovi atleti dello sci alpino ad allenarsi con il roller d&#8217;estate, \u00e8 divertente e molto utile , oltre al roller si potr\u00e0\u00a0 vedere anche il nuovo attrezzo per\u00a0 scarponi da sci skiroad e.. le ruote agli scarponi&#8221;. <\/em><\/p><\/blockquote>\n<p>Dopo le gara sull&#8217;asfalto tutti gli atleti si cimenteranno sulla pista neveplast e daranno vita alla sfida di partenze con lo start contest Equipe organizzato dalla scuola sci di Fulvio Valt.<\/p>\n<h3>SULL&#8217;ASFALTO&#8230;.<\/h3>\n\n\t\t\t<style type='text\/css'>\n\t\t\t\t#gallery-4 {\n\t\t\t\t\tmargin: auto;\n\t\t\t\t}\n\t\t\t\t#gallery-4 .gallery-item {\n\t\t\t\t\tfloat: left;\n\t\t\t\t\tmargin-top: 10px;\n\t\t\t\t\ttext-align: center;\n\t\t\t\t\twidth: 33%;\n\t\t\t\t}\n\t\t\t\t#gallery-4 img {\n\t\t\t\t\tborder: 2px solid #cfcfcf;\n\t\t\t\t}\n\t\t\t\t#gallery-4 .gallery-caption {\n\t\t\t\t\tmargin-left: 0;\n\t\t\t\t}\n\t\t\t\t\/* see gallery_shortcode() in wp-includes\/media.php *\/\n\t\t\t<\/style>\n\t\t<div id='gallery-4' class='dt-gallery-container gallery galleryid-160081 gallery-columns-3 gallery-size-thumbnail'><dl class='gallery-item'>\n\t\t\t\t<dt class='gallery-icon portrait'>\n\t\t\t\t\t<a class=\"rollover rollover-zoom dt-pswp-item\" title=\"a885a532-38a8-4d43-ac2c-2689cb2331ad\" data-dt-img-description=\"\" data-large_image_width=\"504\" data-large_image_height=\"625\"href='https:\/\/www.radiopiu.net\/wordpress\/wp-content\/uploads\/2020\/09\/a885a532-38a8-4d43-ac2c-2689cb2331ad.jpg'><img loading=\"lazy\" decoding=\"async\" width=\"150\" height=\"150\" src=\"https:\/\/www.radiopiu.net\/wordpress\/wp-content\/uploads\/2020\/09\/a885a532-38a8-4d43-ac2c-2689cb2331ad-150x150.jpg\" class=\"attachment-thumbnail size-thumbnail\" alt=\"\" srcset=\"https:\/\/www.radiopiu.net\/wordpress\/wp-content\/uploads\/2020\/09\/a885a532-38a8-4d43-ac2c-2689cb2331ad-150x150.jpg 150w, https:\/\/www.radiopiu.net\/wordpress\/wp-content\/uploads\/2020\/09\/a885a532-38a8-4d43-ac2c-2689cb2331ad-125x125.jpg 125w, https:\/\/www.radiopiu.net\/wordpress\/wp-content\/uploads\/2020\/09\/a885a532-38a8-4d43-ac2c-2689cb2331ad-200x200.jpg 200w, https:\/\/www.radiopiu.net\/wordpress\/wp-content\/uploads\/2020\/09\/a885a532-38a8-4d43-ac2c-2689cb2331ad-80x80.jpg 80w\" sizes=\"auto, (max-width: 150px) 100vw, 150px\" \/><\/a>\n\t\t\t\t<\/dt><\/dl><dl class='gallery-item'>\n\t\t\t\t<dt class='gallery-icon portrait'>\n\t\t\t\t\t<a class=\"rollover rollover-zoom dt-pswp-item\" title=\"55c63deb-1850-4cf1-baee-66e5962d2a7d\" data-dt-img-description=\"\" data-large_image_width=\"1073\" data-large_image_height=\"1741\"href='https:\/\/www.radiopiu.net\/wordpress\/wp-content\/uploads\/2020\/09\/55c63deb-1850-4cf1-baee-66e5962d2a7d.jpg'><img loading=\"lazy\" decoding=\"async\" width=\"150\" height=\"150\" src=\"https:\/\/www.radiopiu.net\/wordpress\/wp-content\/uploads\/2020\/09\/55c63deb-1850-4cf1-baee-66e5962d2a7d-150x150.jpg\" class=\"attachment-thumbnail size-thumbnail\" alt=\"\" srcset=\"https:\/\/www.radiopiu.net\/wordpress\/wp-content\/uploads\/2020\/09\/55c63deb-1850-4cf1-baee-66e5962d2a7d-150x150.jpg 150w, https:\/\/www.radiopiu.net\/wordpress\/wp-content\/uploads\/2020\/09\/55c63deb-1850-4cf1-baee-66e5962d2a7d-125x125.jpg 125w, https:\/\/www.radiopiu.net\/wordpress\/wp-content\/uploads\/2020\/09\/55c63deb-1850-4cf1-baee-66e5962d2a7d-200x200.jpg 200w, https:\/\/www.radiopiu.net\/wordpress\/wp-content\/uploads\/2020\/09\/55c63deb-1850-4cf1-baee-66e5962d2a7d-80x80.jpg 80w\" sizes=\"auto, (max-width: 150px) 100vw, 150px\" \/><\/a>\n\t\t\t\t<\/dt><\/dl><dl class='gallery-item'>\n\t\t\t\t<dt class='gallery-icon portrait'>\n\t\t\t\t\t<a class=\"rollover rollover-zoom dt-pswp-item\" title=\"df9873c0-9ed9-4db7-80cf-697e64e89e72\" data-dt-img-description=\"\" data-large_image_width=\"1062\" data-large_image_height=\"1596\"href='https:\/\/www.radiopiu.net\/wordpress\/wp-content\/uploads\/2020\/09\/df9873c0-9ed9-4db7-80cf-697e64e89e72.jpg'><img loading=\"lazy\" decoding=\"async\" width=\"150\" height=\"150\" src=\"https:\/\/www.radiopiu.net\/wordpress\/wp-content\/uploads\/2020\/09\/df9873c0-9ed9-4db7-80cf-697e64e89e72-150x150.jpg\" class=\"attachment-thumbnail size-thumbnail\" alt=\"\" srcset=\"https:\/\/www.radiopiu.net\/wordpress\/wp-content\/uploads\/2020\/09\/df9873c0-9ed9-4db7-80cf-697e64e89e72-150x150.jpg 150w, https:\/\/www.radiopiu.net\/wordpress\/wp-content\/uploads\/2020\/09\/df9873c0-9ed9-4db7-80cf-697e64e89e72-125x125.jpg 125w, https:\/\/www.radiopiu.net\/wordpress\/wp-content\/uploads\/2020\/09\/df9873c0-9ed9-4db7-80cf-697e64e89e72-200x200.jpg 200w, https:\/\/www.radiopiu.net\/wordpress\/wp-content\/uploads\/2020\/09\/df9873c0-9ed9-4db7-80cf-697e64e89e72-80x80.jpg 80w\" sizes=\"auto, (max-width: 150px) 100vw, 150px\" \/><\/a>\n\t\t\t\t<\/dt><\/dl><br style=\"clear: both\" \/>\n\t\t\t<\/div>\n\n<blockquote>\n<h3>&#8230;E IN NEVEPLAST<\/h3>\n<\/blockquote>\n\n\t\t\t<style type='text\/css'>\n\t\t\t\t#gallery-5 {\n\t\t\t\t\tmargin: auto;\n\t\t\t\t}\n\t\t\t\t#gallery-5 .gallery-item {\n\t\t\t\t\tfloat: left;\n\t\t\t\t\tmargin-top: 10px;\n\t\t\t\t\ttext-align: center;\n\t\t\t\t\twidth: 33%;\n\t\t\t\t}\n\t\t\t\t#gallery-5 img {\n\t\t\t\t\tborder: 2px solid #cfcfcf;\n\t\t\t\t}\n\t\t\t\t#gallery-5 .gallery-caption {\n\t\t\t\t\tmargin-left: 0;\n\t\t\t\t}\n\t\t\t\t\/* see gallery_shortcode() in wp-includes\/media.php *\/\n\t\t\t<\/style>\n\t\t<div id='gallery-5' class='dt-gallery-container gallery galleryid-160081 gallery-columns-3 gallery-size-thumbnail'><dl class='gallery-item'>\n\t\t\t\t<dt class='gallery-icon portrait'>\n\t\t\t\t\t<a class=\"rollover rollover-zoom dt-pswp-item\" title=\"696d4b8c-aa8f-4100-92f3-723b3e45f89f\" data-dt-img-description=\"\" data-large_image_width=\"899\" data-large_image_height=\"1599\"href='https:\/\/www.radiopiu.net\/wordpress\/wp-content\/uploads\/2020\/09\/696d4b8c-aa8f-4100-92f3-723b3e45f89f.jpg'><img loading=\"lazy\" decoding=\"async\" width=\"150\" height=\"150\" src=\"https:\/\/www.radiopiu.net\/wordpress\/wp-content\/uploads\/2020\/09\/696d4b8c-aa8f-4100-92f3-723b3e45f89f-150x150.jpg\" class=\"attachment-thumbnail size-thumbnail\" alt=\"\" srcset=\"https:\/\/www.radiopiu.net\/wordpress\/wp-content\/uploads\/2020\/09\/696d4b8c-aa8f-4100-92f3-723b3e45f89f-150x150.jpg 150w, https:\/\/www.radiopiu.net\/wordpress\/wp-content\/uploads\/2020\/09\/696d4b8c-aa8f-4100-92f3-723b3e45f89f-125x125.jpg 125w, https:\/\/www.radiopiu.net\/wordpress\/wp-content\/uploads\/2020\/09\/696d4b8c-aa8f-4100-92f3-723b3e45f89f-200x200.jpg 200w, https:\/\/www.radiopiu.net\/wordpress\/wp-content\/uploads\/2020\/09\/696d4b8c-aa8f-4100-92f3-723b3e45f89f-80x80.jpg 80w\" sizes=\"auto, (max-width: 150px) 100vw, 150px\" \/><\/a>\n\t\t\t\t<\/dt><\/dl><dl class='gallery-item'>\n\t\t\t\t<dt class='gallery-icon portrait'>\n\t\t\t\t\t<a class=\"rollover rollover-zoom dt-pswp-item\" title=\"1cf7e3fe-425c-4803-8585-e02755955a93\" data-dt-img-description=\"\" data-large_image_width=\"899\" data-large_image_height=\"1599\"href='https:\/\/www.radiopiu.net\/wordpress\/wp-content\/uploads\/2020\/09\/1cf7e3fe-425c-4803-8585-e02755955a93.jpg'><img loading=\"lazy\" decoding=\"async\" width=\"150\" height=\"150\" src=\"https:\/\/www.radiopiu.net\/wordpress\/wp-content\/uploads\/2020\/09\/1cf7e3fe-425c-4803-8585-e02755955a93-150x150.jpg\" class=\"attachment-thumbnail size-thumbnail\" alt=\"\" srcset=\"https:\/\/www.radiopiu.net\/wordpress\/wp-content\/uploads\/2020\/09\/1cf7e3fe-425c-4803-8585-e02755955a93-150x150.jpg 150w, https:\/\/www.radiopiu.net\/wordpress\/wp-content\/uploads\/2020\/09\/1cf7e3fe-425c-4803-8585-e02755955a93-125x125.jpg 125w, https:\/\/www.radiopiu.net\/wordpress\/wp-content\/uploads\/2020\/09\/1cf7e3fe-425c-4803-8585-e02755955a93-200x200.jpg 200w, https:\/\/www.radiopiu.net\/wordpress\/wp-content\/uploads\/2020\/09\/1cf7e3fe-425c-4803-8585-e02755955a93-80x80.jpg 80w\" sizes=\"auto, (max-width: 150px) 100vw, 150px\" \/><\/a>\n\t\t\t\t<\/dt><\/dl><dl class='gallery-item'>\n\t\t\t\t<dt class='gallery-icon portrait'>\n\t\t\t\t\t<a class=\"rollover rollover-zoom dt-pswp-item\" title=\"06703fa6-cfcd-4817-8971-49d202ddf8ca\" data-dt-img-description=\"\" data-large_image_width=\"899\" data-large_image_height=\"1599\"href='https:\/\/www.radiopiu.net\/wordpress\/wp-content\/uploads\/2020\/09\/06703fa6-cfcd-4817-8971-49d202ddf8ca.jpg'><img loading=\"lazy\" decoding=\"async\" width=\"150\" height=\"150\" src=\"https:\/\/www.radiopiu.net\/wordpress\/wp-content\/uploads\/2020\/09\/06703fa6-cfcd-4817-8971-49d202ddf8ca-150x150.jpg\" class=\"attachment-thumbnail size-thumbnail\" alt=\"\" srcset=\"https:\/\/www.radiopiu.net\/wordpress\/wp-content\/uploads\/2020\/09\/06703fa6-cfcd-4817-8971-49d202ddf8ca-150x150.jpg 150w, https:\/\/www.radiopiu.net\/wordpress\/wp-content\/uploads\/2020\/09\/06703fa6-cfcd-4817-8971-49d202ddf8ca-125x125.jpg 125w, https:\/\/www.radiopiu.net\/wordpress\/wp-content\/uploads\/2020\/09\/06703fa6-cfcd-4817-8971-49d202ddf8ca-200x200.jpg 200w, https:\/\/www.radiopiu.net\/wordpress\/wp-content\/uploads\/2020\/09\/06703fa6-cfcd-4817-8971-49d202ddf8ca-80x80.jpg 80w\" sizes=\"auto, (max-width: 150px) 100vw, 150px\" \/><\/a>\n\t\t\t\t<\/dt><\/dl><br style=\"clear: both\" \/>\n\t\t\t<\/div>\n\n<p>&nbsp;<\/p>\n<hr \/>\n<p>&nbsp;<\/p>\n<div class=\"page-title-head hgroup\">\n<h1 class=\"entry-title\">HOCKEY AHL: IL CALENDARIO DELLA STAGIONE REGOLARE, ATTESA PER IL DERBY VIPITENO-RENON<\/h1>\n<\/div>\n<div class=\"page-title-breadcrumbs\"><\/div>\n<p><strong><img loading=\"lazy\" decoding=\"async\" class=\"alignleft\" src=\"https:\/\/www.radiopiu.net\/wordpress\/wp-content\/uploads\/2020\/09\/jpg.jpg\" width=\"297\" height=\"167\" \/>MILANO<\/strong> E&#8217; disponibile il calendario della stagione regolare per la prossima Alps Hockey League, stagione 2020\/21. La quinta edizione della AHL avr\u00e0 inizio il prossimo 3 ottobre con le prime otto partite della regular season. Quest&#8217; ultima avr\u00e0 un totale di 288 incontri e terminer\u00e0 il 18 marzo. Subito all&#8217;esordio si partir\u00e0 con l&#8217;innovativa formula &#8220;Return-2-Play&#8221; con molti derby e duelli regionali. Nel caso in cui i regolamenti governativi, legati al Covid-19, dei paesi coinvolti nella AHL dovessero imporre delle restrizioni allo svolgimento delle gare, potrebbero esserci dei cambiamenti successivi nel programma o nella modalit\u00e0 di gioco. La prima fase della stagione regolare con la formula &#8220;Return-2-Play&#8221;: si gioca un&#8217;andata ed un ritorno contro gli avversari del gruppo regionale per un totale di sei partite per team. Dal 24 ottobre inizia il classico round-robin. Dopo le sei partite, il 24 ottobre inizier\u00e0 un round robin completo. I primi 4 classificati dopo 36 partite (6 R2P + 30 round robin) per squadra si qualificheranno per i playoff, mentre le squadre finite dal quinto al dodicesimo posto giocheranno i pre-playoff. Con la formula Return-2-play si giocheranno partite emozionanti proprio il primo giorno di gioco, il 3 ottobre, a partire dalle ore 17.30: in Slovenia, fari puntati sul derby balcanico tra HK SZ Olimpija Ljubljana e HDD SIJ Acroni Jesenice. Il primo derby del Vorarlberg sar\u00e0 giocato dall&#8217;EC Bregenzerwald e dall&#8217;EHC Lustenau, mentre in Alto Adige,i Wipptal Broncos Weihenstephan daranno il benvenuto ai Rittner Buam.<\/p>\n<p><strong>Giornata 1 (andata), sabato, 3 ottobre: <\/strong>EC Bregenzerwald &#8211; EHC Lustenau 19:30 VEU Feldkirch &#8211; EC &#8216;Die Adler&#8217; Stadtwerke Kitzb\u00fchel 19:30 HC Pustertal W\u00f6lfe &#8211; Red Bull Hockey Juniors 20:00 Wipptal Broncos Weihenstephan &#8211; Rittner Buam 19:30 Steel Wings Linz &#8211; EC-KAC II (tba) HK SZ Olimpija &#8211; HDD SIJ Acroni Jesenice 17:30 Migross Supermercati Asiago Hockey &#8211; SHC Fassa Falcons 20:30 HC Gherdeina valgardena.it &#8211; S.G. Cortina Hafro 18:30<\/p>\n","protected":false},"excerpt":{"rendered":"<p>PER RICEVERE QUESTO NOTIZIARIO DIRETTAMENTE SUL TUO CELLULARE ISCRIVITI AL CANALE TELEGRAM\u00a0\u201cRADIO PIU\u00a0 INFORMAZIONE&#8221; ATTENZIONE: LA NUOVA APP PER IOS-IPHONE https:\/\/apps.apple.com\/it\/app\/radio-pi%C3%B9-emittente-agordina\/id1515939845 ATTENZIONE: LA NUOVA APP RADIO\u00a0 PER ANDROID https:\/\/play.google.com\/store\/apps\/details?id=net.radiopiu.iniko &nbsp; ALLE 10 IN DIRETTA FACEBOOK &#8220;ALICE FOR PRESIDENT&#8221; SUL PALCO DELL&#8217;ARISTON &nbsp; APPENA PERCETTIBILE, MA LA TERRA HA TREMATO BELLUNO I sismografi hanno registrato una&hellip;<\/p>\n","protected":false},"author":4,"featured_media":137283,"comment_status":"closed","ping_status":"closed","sticky":false,"template":"","format":"standard","meta":{"_monsterinsights_skip_tracking":false,"_monsterinsights_sitenote_active":false,"_monsterinsights_sitenote_note":"","_monsterinsights_sitenote_category":0,"footnotes":""},"categories":[1,86,49],"tags":[],"class_list":["post-160081","post","type-post","status-publish","format-standard","has-post-thumbnail","hentry","category-senza-categoria","category-gr","category-news-18","category-1","category-86","category-49","description-off"],"img_url":"https:\/\/www.radiopiu.net\/wordpress\/wp-content\/uploads\/2020\/05\/drivein3.jpg","_links":{"self":[{"href":"https:\/\/www.radiopiu.net\/wordpress\/wp-json\/wp\/v2\/posts\/160081","targetHints":{"allow":["GET"]}}],"collection":[{"href":"https:\/\/www.radiopiu.net\/wordpress\/wp-json\/wp\/v2\/posts"}],"about":[{"href":"https:\/\/www.radiopiu.net\/wordpress\/wp-json\/wp\/v2\/types\/post"}],"author":[{"embeddable":true,"href":"https:\/\/www.radiopiu.net\/wordpress\/wp-json\/wp\/v2\/users\/4"}],"replies":[{"embeddable":true,"href":"https:\/\/www.radiopiu.net\/wordpress\/wp-json\/wp\/v2\/comments?post=160081"}],"version-history":[{"count":0,"href":"https:\/\/www.radiopiu.net\/wordpress\/wp-json\/wp\/v2\/posts\/160081\/revisions"}],"wp:featuredmedia":[{"embeddable":true,"href":"https:\/\/www.radiopiu.net\/wordpress\/wp-json\/wp\/v2\/media\/137283"}],"wp:attachment":[{"href":"https:\/\/www.radiopiu.net\/wordpress\/wp-json\/wp\/v2\/media?parent=160081"}],"wp:term":[{"taxonomy":"category","embeddable":true,"href":"https:\/\/www.radiopiu.net\/wordpress\/wp-json\/wp\/v2\/categories?post=160081"},{"taxonomy":"post_tag","embeddable":true,"href":"https:\/\/www.radiopiu.net\/wordpress\/wp-json\/wp\/v2\/tags?post=160081"}],"curies":[{"name":"wp","href":"https:\/\/api.w.org\/{rel}","templated":true}]}}