{"id":160114,"date":"2020-09-12T06:48:38","date_gmt":"2020-09-12T04:48:38","guid":{"rendered":"https:\/\/www.radiopiu.net\/wordpress\/?p=160114"},"modified":"2020-09-12T06:52:38","modified_gmt":"2020-09-12T04:52:38","slug":"caro-lezuo-non-siamo-egoisti-ma-salvaguardiamo-la-nostra-terra","status":"publish","type":"post","link":"https:\/\/www.radiopiu.net\/wordpress\/caro-lezuo-non-siamo-egoisti-ma-salvaguardiamo-la-nostra-terra\/","title":{"rendered":"CARO LEZUO, NON SIAMO EGOISTI MA SALVAGUARDIAMO LA NOSTRA TERRA."},"content":{"rendered":"<p><strong><a class=\"dt-pswp-item\" href=\"https:\/\/www.radiopiu.net\/wordpress\/wp-content\/uploads\/2020\/09\/TAULAC.jpg\" data-dt-img-description=\"\" data-large_image_width=\"768\" data-large_image_height=\"432\"><img loading=\"lazy\" decoding=\"async\" class=\"size-medium wp-image-160115 alignleft\" src=\"https:\/\/www.radiopiu.net\/wordpress\/wp-content\/uploads\/2020\/09\/TAULAC-300x169.jpg\" alt=\"\" width=\"300\" height=\"169\" srcset=\"https:\/\/www.radiopiu.net\/wordpress\/wp-content\/uploads\/2020\/09\/TAULAC-300x169.jpg 300w, https:\/\/www.radiopiu.net\/wordpress\/wp-content\/uploads\/2020\/09\/TAULAC-640x360.jpg 640w, https:\/\/www.radiopiu.net\/wordpress\/wp-content\/uploads\/2020\/09\/TAULAC.jpg 768w\" sizes=\"auto, (max-width: 300px) 100vw, 300px\" \/><\/a>LIVINALLONGO<\/strong>\u00a0 Damiano Demattia, socio fondatore del comitato &#8220;Ju le m\u00e0n da nostra tiera&#8221; ritorna sul tema del collegamento Cortina-Arabba con la costruzione di nuovi impianti. Lo fa per rispondere a tono alle dichiarazioni di un ex sindaco, Leopolo Lezuo di Colle Santa Lucia, che si \u00e8 schierato apertamente con coloro che vorrebbero cemento, piloni e nuove piste. Una posizione che non \u00e8 piaciuta in territorio Fodom dove il comitato contro i nuovi impianti tiene alta l&#8217;attenzione sapendo di avere dalla sua parte gran parte\u00a0 della popolazione come dimostrato nell&#8217;incontro al Taulac dello scorso inverno. Demattina riconosce l&#8217;importanza che ognuno si esprima, ma al contempo aggiunge le sue considerazioni <em>&#8220;Lezuo accusa i Fodomi di egoismo, ma il comitato \u201cJu le man da nosta tiera\u201d \u00e8 nato esclusivamente per salvaguardare parte della terra \u201cfodoma\u201d che non merita proprio di essere occupata da piloni, stazioni di partenza e di arrivo e di essere intaccata da sbancamenti per piste con pendenze irrisorie per gli sciatori. Come dice il nostro slogan noi difendiamo la nostra terra: per quanto riguarda le altre zone interessate dal progetto, Civetta e Passo Giau, noi non proferiamo parola.<\/em> <em>La popolazione di quei comuni si esprimer\u00e0 e, se non lo far\u00e0, sar\u00e0 la politica a farlo, come gi\u00e0 successo troppe volte.\u00a0<\/em> Lezuo \u00e8 dell\u2019idea che debbano essere i primi cittadini a decidere, ma per quanto riguarda Livinallongo ricorda Damiano Demattia\u00a0 il Sindaco Grones \u00e8 stato chiaro a riguardo. <em>&#8220;Siccome sembra che l&#8217;ex Sindaco di Colle pensi che tutti quelli contrari a queste proposte &#8211; continua Demattina &#8211;\u00a0 siano incompetenti ed egoisti e che potrebbero recare solo danni, voglio far presente che il nostro Comitato haraccolto e depositato in Comune circa 300 firme di cittadini \u201cfodomi\u201d che hanno in pochi giorni sottoscritto il nostro documento; mi sembra una buona percentuale, e certo, non sono tutti incompetenti.<\/em> Vengono poi tirati in ballo i luoghi della Grande Guerra. Secondo Lezuo difendere questo aspetto \u00e8 una posizione di comodo: va ricordato che sul Col di Lana e Settsass sono stati fatti importanti lavori di recupero, per cercare di proporre un turismo estivo pi\u00f9 sostenibile, con un alto valore storico-culturale.<em> &#8220;Infatti &#8211; insiste Demattia &#8211;\u00a0 la domanda a me sembra in costante aumento. Vorrei chiedere a Lezuo: nella sua comunit\u00e0 cosa \u00e8 stato fatto per proporre e portare avanti il turismo alternativo a quello di massa invernale? Infine, voglio sottolineare ancora una volta che noi non ci opponiamo all&#8217;espansione turistica di altre zone, ma ci sembra giusto che sia la popolazione, e non solo la politica, a decidere. E poi, se ce ne fosse ancora bisogno, ribadisco convintamente che i collegamenti sciistici proposti non sono la panacea per risolvere n\u00e9 il problema del traffico sulle strade dolomitiche n\u00e9 tantomeno la problematica dello spopolamento della montagna&#8221;<\/em>.<\/p>\n<p>FOTO: INCONTRO AL TAULAC, 18 FEBBRAIO 2020 ARCHIVIO RADIO PIU<\/p>\n","protected":false},"excerpt":{"rendered":"<p>LIVINALLONGO\u00a0 Damiano Demattia, socio fondatore del comitato &#8220;Ju le m\u00e0n da nostra tiera&#8221; ritorna sul tema del collegamento Cortina-Arabba con la costruzione di nuovi impianti. Lo fa per rispondere a tono alle dichiarazioni di un ex sindaco, Leopolo Lezuo di Colle Santa Lucia, che si \u00e8 schierato apertamente con coloro che vorrebbero cemento, piloni e&hellip;<\/p>\n","protected":false},"author":4,"featured_media":160115,"comment_status":"closed","ping_status":"closed","sticky":false,"template":"","format":"standard","meta":{"_monsterinsights_skip_tracking":false,"_monsterinsights_sitenote_active":false,"_monsterinsights_sitenote_note":"","_monsterinsights_sitenote_category":0,"footnotes":""},"categories":[49],"tags":[],"class_list":["post-160114","post","type-post","status-publish","format-standard","has-post-thumbnail","hentry","category-news-18","category-49","description-off"],"img_url":"https:\/\/www.radiopiu.net\/wordpress\/wp-content\/uploads\/2020\/09\/TAULAC.jpg","_links":{"self":[{"href":"https:\/\/www.radiopiu.net\/wordpress\/wp-json\/wp\/v2\/posts\/160114","targetHints":{"allow":["GET"]}}],"collection":[{"href":"https:\/\/www.radiopiu.net\/wordpress\/wp-json\/wp\/v2\/posts"}],"about":[{"href":"https:\/\/www.radiopiu.net\/wordpress\/wp-json\/wp\/v2\/types\/post"}],"author":[{"embeddable":true,"href":"https:\/\/www.radiopiu.net\/wordpress\/wp-json\/wp\/v2\/users\/4"}],"replies":[{"embeddable":true,"href":"https:\/\/www.radiopiu.net\/wordpress\/wp-json\/wp\/v2\/comments?post=160114"}],"version-history":[{"count":0,"href":"https:\/\/www.radiopiu.net\/wordpress\/wp-json\/wp\/v2\/posts\/160114\/revisions"}],"wp:featuredmedia":[{"embeddable":true,"href":"https:\/\/www.radiopiu.net\/wordpress\/wp-json\/wp\/v2\/media\/160115"}],"wp:attachment":[{"href":"https:\/\/www.radiopiu.net\/wordpress\/wp-json\/wp\/v2\/media?parent=160114"}],"wp:term":[{"taxonomy":"category","embeddable":true,"href":"https:\/\/www.radiopiu.net\/wordpress\/wp-json\/wp\/v2\/categories?post=160114"},{"taxonomy":"post_tag","embeddable":true,"href":"https:\/\/www.radiopiu.net\/wordpress\/wp-json\/wp\/v2\/tags?post=160114"}],"curies":[{"name":"wp","href":"https:\/\/api.w.org\/{rel}","templated":true}]}}