{"id":160120,"date":"2020-09-12T06:30:49","date_gmt":"2020-09-12T04:30:49","guid":{"rendered":"https:\/\/www.radiopiu.net\/wordpress\/?p=160120"},"modified":"2020-09-12T06:43:01","modified_gmt":"2020-09-12T04:43:01","slug":"covid-a-belluno-8-positivi-in-24-ore-in-ununica-struttura-ricettiva-positiva-la-dipendente-di-una-ditta-di-abbigliamento","status":"publish","type":"post","link":"https:\/\/www.radiopiu.net\/wordpress\/covid-a-belluno-8-positivi-in-24-ore-in-ununica-struttura-ricettiva-positiva-la-dipendente-di-una-ditta-di-abbigliamento\/","title":{"rendered":"CORTINA: OTTO POSITIVI IN ALBERGO, NEGATIVI I TURISTI"},"content":{"rendered":"<p>&nbsp;<\/p>\n<blockquote><p><em>Torna la paura a Cortina, gran parte dei dipendenti di un Hotel sono risultati positivi al covid19. La Ulss1 ha inviato un&#8217;unit\u00e0 mobile per eseguire i tamponi a tutti gli ospiti. Domenica chiuder\u00e0 la struttura, primo contagiato il cuoco, tutti negativi i turisti. Il sindaco Gianpietro Ghedina assicura che il focolaio \u00e8 stato gestito con immediatezza e seguendo il protocollo.<\/em><\/p><\/blockquote>\n<p><strong><a class=\"dt-pswp-item\" href=\"https:\/\/www.radiopiu.net\/wordpress\/wp-content\/uploads\/2018\/06\/POLIZIA-CORTINA-1.jpg\" data-dt-img-description=\"\" data-large_image_width=\"194\" data-large_image_height=\"259\"><img loading=\"lazy\" decoding=\"async\" class=\"size-full wp-image-52410 alignleft\" src=\"https:\/\/www.radiopiu.net\/wordpress\/wp-content\/uploads\/2018\/06\/POLIZIA-CORTINA-1.jpg\" alt=\"\" width=\"194\" height=\"259\" \/><\/a>BELLUNO<\/strong> Otto positivi tra gli operatori\u00a0 di un&#8217;importante struttura ricettiva del territorio dolomitico, fortunatamente in fase di chiusura di stagione. L\u2019indagine epidemiologica ha correlato queste positivit\u00e0 ad un probabile caso indice registrato due giorni fa e ha rilevato un ulteriore caso a carico di un operatore nel frattempo rientrato nella citt\u00e0 di origine fuori regione. Questo evento epidemico ha interessato circa la met\u00e0 dell\u2019organico della struttura stessa (la restante parte degli operatori \u00e8 risultata negativa al tampone). La presa in carico del focolaio \u00e8 avvenuta nella tarda serata di ieri e si \u00e8 concretizzata nell\u2019immediata attivazione di una sessione straordinaria di tamponi, sul posto, a favore di tutti gli ospiti della struttura stessa (una ventina). Oltre a ci\u00f2 \u00e8 stato messo in campo il consueto contact tracing, che sar\u00e0 modulato sulla base dei risultati dei tamponi eseguiti stamane. <strong>In Cadore<\/strong> \u00e8 giunta a conclusione, con totale negativit\u00e0, l\u2019indagine con tampone sui 22 contatti degli atleti di Chievo calcio risultati covid positivi qualche giorno fa. <strong>Preso in carico oggi il caso relativo ad una dipendente di una nota ditta di abbigliamento<\/strong> nel nostro territorio risultata positiva alla ricerca in un laboratorio privato del SARS Cov 2. Il soggetto, residente fuori regione, era gi\u00e0 rientrato al proprio domicilio ed \u00e8 stato quindi segnalato per il seguito contumaciale all\u2019azienda sanitaria di competenza. Ovviamente i contatti locali dell\u2019operatrice risultata positiva sono stati presi in carico e quarantenati come da protocollo.<\/p>\n","protected":false},"excerpt":{"rendered":"<p>&nbsp; Torna la paura a Cortina, gran parte dei dipendenti di un Hotel sono risultati positivi al covid19. La Ulss1 ha inviato un&#8217;unit\u00e0 mobile per eseguire i tamponi a tutti gli ospiti. Domenica chiuder\u00e0 la struttura, primo contagiato il cuoco, tutti negativi i turisti. Il sindaco Gianpietro Ghedina assicura che il focolaio \u00e8 stato gestito&hellip;<\/p>\n","protected":false},"author":4,"featured_media":121260,"comment_status":"closed","ping_status":"closed","sticky":false,"template":"","format":"standard","meta":{"_monsterinsights_skip_tracking":false,"_monsterinsights_sitenote_active":false,"_monsterinsights_sitenote_note":"","_monsterinsights_sitenote_category":0,"footnotes":""},"categories":[51,49],"tags":[],"class_list":["post-160120","post","type-post","status-publish","format-standard","has-post-thumbnail","hentry","category-evidenza-top","category-news-18","category-51","category-49","description-off"],"img_url":"https:\/\/www.radiopiu.net\/wordpress\/wp-content\/uploads\/2020\/03\/covid-ulss.jpg","_links":{"self":[{"href":"https:\/\/www.radiopiu.net\/wordpress\/wp-json\/wp\/v2\/posts\/160120","targetHints":{"allow":["GET"]}}],"collection":[{"href":"https:\/\/www.radiopiu.net\/wordpress\/wp-json\/wp\/v2\/posts"}],"about":[{"href":"https:\/\/www.radiopiu.net\/wordpress\/wp-json\/wp\/v2\/types\/post"}],"author":[{"embeddable":true,"href":"https:\/\/www.radiopiu.net\/wordpress\/wp-json\/wp\/v2\/users\/4"}],"replies":[{"embeddable":true,"href":"https:\/\/www.radiopiu.net\/wordpress\/wp-json\/wp\/v2\/comments?post=160120"}],"version-history":[{"count":0,"href":"https:\/\/www.radiopiu.net\/wordpress\/wp-json\/wp\/v2\/posts\/160120\/revisions"}],"wp:featuredmedia":[{"embeddable":true,"href":"https:\/\/www.radiopiu.net\/wordpress\/wp-json\/wp\/v2\/media\/121260"}],"wp:attachment":[{"href":"https:\/\/www.radiopiu.net\/wordpress\/wp-json\/wp\/v2\/media?parent=160120"}],"wp:term":[{"taxonomy":"category","embeddable":true,"href":"https:\/\/www.radiopiu.net\/wordpress\/wp-json\/wp\/v2\/categories?post=160120"},{"taxonomy":"post_tag","embeddable":true,"href":"https:\/\/www.radiopiu.net\/wordpress\/wp-json\/wp\/v2\/tags?post=160120"}],"curies":[{"name":"wp","href":"https:\/\/api.w.org\/{rel}","templated":true}]}}