{"id":160233,"date":"2020-09-13T07:16:46","date_gmt":"2020-09-13T05:16:46","guid":{"rendered":"https:\/\/www.radiopiu.net\/wordpress\/?p=160233"},"modified":"2020-09-13T08:08:54","modified_gmt":"2020-09-13T06:08:54","slug":"giornale-radiopiu-13-settembre-2020-direttore-mirko-mezzacasa","status":"publish","type":"post","link":"https:\/\/www.radiopiu.net\/wordpress\/giornale-radiopiu-13-settembre-2020-direttore-mirko-mezzacasa\/","title":{"rendered":"GIORNALE RADIOPIU 13 SETTEMBRE 2020 DIRETTORE MIRKO MEZZACASA"},"content":{"rendered":"<h3><strong>PER RICEVERE QUESTO NOTIZIARIO DIRETTAMENTE SUL TUO CELLULARE ISCRIVITI AL CANALE TELEGRAM <\/strong><strong>\u201cRADIO PIU\u00a0 INFORMAZIONE&#8221;<\/strong><\/h3>\n<p><em>ATTENZIONE: LA NUOVA APP PER IOS-IPHONE<\/em><\/p>\n<div>\n<div><a href=\"https:\/\/apps.apple.com\/it\/app\/radio-pi%C3%B9-emittente-agordina\/id1515939845\">https:\/\/apps.apple.com\/it\/app\/radio-pi%C3%B9-emittente-agordina\/id1515939845<\/a><\/div>\n<\/div>\n<div><\/div>\n<div>\n<div dir=\"auto\"><em>ATTENZIONE: LA NUOVA APP RADIO\u00a0 PER ANDROID<\/em><\/div>\n<\/div>\n<p><a href=\"https:\/\/play.google.com\/store\/apps\/details?id=net.radiopiu.iniko\" target=\"_blank\" rel=\"noopener noreferrer\">https:\/\/play.google.com\/store\/apps\/details?id=net.radiopiu.iniko<\/a><\/p>\n<p>&nbsp;<\/p>\n<p>&nbsp;<\/p>\n<hr \/>\n<p>&nbsp;<\/p>\n<blockquote>\n<h3>VENEZIA MARMOLADA BIS&#8230; L&#8217;IMPRESA. DA PASSO FEDAIA VERSO LA CIMA DELLA MARMOLADA<\/h3>\n<p><em><strong>Come si raggiunge un traguardo? Senza fretta ma senza sosta&#8230;\u00a0<\/strong><\/em><\/p><\/blockquote>\n<p>Eccoli qua: cinque sognatori capitanati dal mitico\u00a0<a class=\"profileLink\" title=\"William Da Roit\" href=\"https:\/\/www.facebook.com\/profile.php?id=100008859767493&amp;__tn__=K-R&amp;eid=ARAvGpO5l6yyxMgz1NmStfBNuTI161Aw6woIxmQESY39TCbaQXzEwBpSXKIqjdEORSPsHu6rvkh18kKg&amp;fref=mentions&amp;__xts__%5B0%5D=68.ARBXqjupmDBKrW1U6mO6TUg1jSZ7dnzr2xC8YixmzwXd1Pz4YmarEN6StE-7vCkRFbpI9wrbKL4DZJbQUhhQ2SWOQqeebTZz54-rdPKi8noFgk0KMbq3yt8KhN0kwYVlUwZctxF8eLqp1sw4t0v1TxIVCgdgKuP4I2I7oovW_PEGE-xlIl13a1q3WsJPxEEqPZ3a9sEF2NyxA2ofS8oEonl769_nZZM1naD5RGBS7MIUAzjqSHZ10m0VBLTOt-8Dcl5sNgJPTf4yRX3mb8cFEJF53yNZew\" data-hovercard=\"\/ajax\/hovercard\/user.php?id=100008859767493&amp;extragetparams=%7B%22__tn__%22%3A%22%2CdK-R-R%22%2C%22eid%22%3A%22ARAvGpO5l6yyxMgz1NmStfBNuTI161Aw6woIxmQESY39TCbaQXzEwBpSXKIqjdEORSPsHu6rvkh18kKg%22%2C%22fref%22%3A%22mentions%22%7D\" data-hovercard-prefer-more-content-show=\"1\">William Da Roit<\/a>! Partenza da Piazza San Marco, arrivo &#8230; Marmolada. Arrivo previsto per stamane tra le 9 e le 10. I cinque hanno dormito a Santa Maria delle Grazie. Hanno ripreso la\u00a0 salita alle 2:00.\u00a0 Alle 6 ritrovo con la guida alpina a Passo Fedaia per la salita a Punta Rocca.<\/p>\n<p>https:\/\/www.facebook.com\/Mirkomezziano\/videos\/2774101326205969\/<\/p>\n\n\t\t\t<style type='text\/css'>\n\t\t\t\t#gallery-1 {\n\t\t\t\t\tmargin: auto;\n\t\t\t\t}\n\t\t\t\t#gallery-1 .gallery-item {\n\t\t\t\t\tfloat: left;\n\t\t\t\t\tmargin-top: 10px;\n\t\t\t\t\ttext-align: center;\n\t\t\t\t\twidth: 33%;\n\t\t\t\t}\n\t\t\t\t#gallery-1 img {\n\t\t\t\t\tborder: 2px solid #cfcfcf;\n\t\t\t\t}\n\t\t\t\t#gallery-1 .gallery-caption {\n\t\t\t\t\tmargin-left: 0;\n\t\t\t\t}\n\t\t\t\t\/* see gallery_shortcode() in wp-includes\/media.php *\/\n\t\t\t<\/style>\n\t\t<div id='gallery-1' class='dt-gallery-container gallery galleryid-160233 gallery-columns-3 gallery-size-thumbnail'><dl class='gallery-item'>\n\t\t\t\t<dt class='gallery-icon landscape'>\n\t\t\t\t\t<a class=\"rollover\" href='https:\/\/www.radiopiu.net\/wordpress\/giornale-radiopiu-12-settembre-2020-direttore-mirko-mezzacasa\/119141608_2416692311969404_8739094750786965486_n\/'><img loading=\"lazy\" decoding=\"async\" width=\"150\" height=\"150\" src=\"https:\/\/www.radiopiu.net\/wordpress\/wp-content\/uploads\/2020\/09\/119141608_2416692311969404_8739094750786965486_n-150x150.jpg\" class=\"attachment-thumbnail size-thumbnail\" alt=\"\" aria-describedby=\"gallery-1-160194\" srcset=\"https:\/\/www.radiopiu.net\/wordpress\/wp-content\/uploads\/2020\/09\/119141608_2416692311969404_8739094750786965486_n-150x150.jpg 150w, https:\/\/www.radiopiu.net\/wordpress\/wp-content\/uploads\/2020\/09\/119141608_2416692311969404_8739094750786965486_n-125x125.jpg 125w, https:\/\/www.radiopiu.net\/wordpress\/wp-content\/uploads\/2020\/09\/119141608_2416692311969404_8739094750786965486_n-200x200.jpg 200w, https:\/\/www.radiopiu.net\/wordpress\/wp-content\/uploads\/2020\/09\/119141608_2416692311969404_8739094750786965486_n-80x80.jpg 80w\" sizes=\"auto, (max-width: 150px) 100vw, 150px\" \/><\/a>\n\t\t\t\t<\/dt>\n\t\t\t\t\t<dd class='wp-caption-text gallery-caption' id='gallery-1-160194'>\n\t\t\t\t\tVENEZIA PIAZZA SAN MARCO \n\t\t\t\t\t<\/dd><\/dl><dl class='gallery-item'>\n\t\t\t\t<dt class='gallery-icon portrait'>\n\t\t\t\t\t<a class=\"rollover\" href='https:\/\/www.radiopiu.net\/wordpress\/giornale-radiopiu-13-settembre-2020-direttore-mirko-mezzacasa\/3a01f8e6-ac3a-4254-b374-c3c5bf32f82e\/'><img loading=\"lazy\" decoding=\"async\" width=\"150\" height=\"150\" src=\"https:\/\/www.radiopiu.net\/wordpress\/wp-content\/uploads\/2020\/09\/3a01f8e6-ac3a-4254-b374-c3c5bf32f82e-150x150.jpg\" class=\"attachment-thumbnail size-thumbnail\" alt=\"\" srcset=\"https:\/\/www.radiopiu.net\/wordpress\/wp-content\/uploads\/2020\/09\/3a01f8e6-ac3a-4254-b374-c3c5bf32f82e-150x150.jpg 150w, https:\/\/www.radiopiu.net\/wordpress\/wp-content\/uploads\/2020\/09\/3a01f8e6-ac3a-4254-b374-c3c5bf32f82e-125x125.jpg 125w, https:\/\/www.radiopiu.net\/wordpress\/wp-content\/uploads\/2020\/09\/3a01f8e6-ac3a-4254-b374-c3c5bf32f82e-200x200.jpg 200w, https:\/\/www.radiopiu.net\/wordpress\/wp-content\/uploads\/2020\/09\/3a01f8e6-ac3a-4254-b374-c3c5bf32f82e-80x80.jpg 80w\" sizes=\"auto, (max-width: 150px) 100vw, 150px\" \/><\/a>\n\t\t\t\t<\/dt><\/dl><dl class='gallery-item'>\n\t\t\t\t<dt class='gallery-icon landscape'>\n\t\t\t\t\t<a class=\"rollover\" href='https:\/\/www.radiopiu.net\/wordpress\/giornale-radiopiu-13-settembre-2020-direttore-mirko-mezzacasa\/6885dcfa-6de3-4a29-a597-5351cf30b872\/'><img loading=\"lazy\" decoding=\"async\" width=\"150\" height=\"150\" src=\"https:\/\/www.radiopiu.net\/wordpress\/wp-content\/uploads\/2020\/09\/6885dcfa-6de3-4a29-a597-5351cf30b872-150x150.jpg\" class=\"attachment-thumbnail size-thumbnail\" alt=\"\" aria-describedby=\"gallery-1-160277\" srcset=\"https:\/\/www.radiopiu.net\/wordpress\/wp-content\/uploads\/2020\/09\/6885dcfa-6de3-4a29-a597-5351cf30b872-150x150.jpg 150w, https:\/\/www.radiopiu.net\/wordpress\/wp-content\/uploads\/2020\/09\/6885dcfa-6de3-4a29-a597-5351cf30b872-125x125.jpg 125w, https:\/\/www.radiopiu.net\/wordpress\/wp-content\/uploads\/2020\/09\/6885dcfa-6de3-4a29-a597-5351cf30b872-200x200.jpg 200w, https:\/\/www.radiopiu.net\/wordpress\/wp-content\/uploads\/2020\/09\/6885dcfa-6de3-4a29-a597-5351cf30b872-80x80.jpg 80w\" sizes=\"auto, (max-width: 150px) 100vw, 150px\" \/><\/a>\n\t\t\t\t<\/dt>\n\t\t\t\t\t<dd class='wp-caption-text gallery-caption' id='gallery-1-160277'>\n\t\t\t\t\tA TREVISO IL SINDACO \n\t\t\t\t\t<\/dd><\/dl><br style=\"clear: both\" \/><dl class='gallery-item'>\n\t\t\t\t<dt class='gallery-icon portrait'>\n\t\t\t\t\t<a class=\"rollover\" href='https:\/\/www.radiopiu.net\/wordpress\/giornale-radiopiu-13-settembre-2020-direttore-mirko-mezzacasa\/22c28ba0-d41a-4848-9814-45b0d8fca0aa\/'><img loading=\"lazy\" decoding=\"async\" width=\"150\" height=\"150\" src=\"https:\/\/www.radiopiu.net\/wordpress\/wp-content\/uploads\/2020\/09\/22c28ba0-d41a-4848-9814-45b0d8fca0aa-150x150.jpg\" class=\"attachment-thumbnail size-thumbnail\" alt=\"\" srcset=\"https:\/\/www.radiopiu.net\/wordpress\/wp-content\/uploads\/2020\/09\/22c28ba0-d41a-4848-9814-45b0d8fca0aa-150x150.jpg 150w, https:\/\/www.radiopiu.net\/wordpress\/wp-content\/uploads\/2020\/09\/22c28ba0-d41a-4848-9814-45b0d8fca0aa-125x125.jpg 125w, https:\/\/www.radiopiu.net\/wordpress\/wp-content\/uploads\/2020\/09\/22c28ba0-d41a-4848-9814-45b0d8fca0aa-200x200.jpg 200w, https:\/\/www.radiopiu.net\/wordpress\/wp-content\/uploads\/2020\/09\/22c28ba0-d41a-4848-9814-45b0d8fca0aa-80x80.jpg 80w\" sizes=\"auto, (max-width: 150px) 100vw, 150px\" \/><\/a>\n\t\t\t\t<\/dt><\/dl><dl class='gallery-item'>\n\t\t\t\t<dt class='gallery-icon landscape'>\n\t\t\t\t\t<a class=\"rollover\" href='https:\/\/www.radiopiu.net\/wordpress\/giornale-radiopiu-13-settembre-2020-direttore-mirko-mezzacasa\/6e46ca8b-ad5e-4472-a48b-c67b42b1dcbc\/'><img loading=\"lazy\" decoding=\"async\" width=\"150\" height=\"150\" src=\"https:\/\/www.radiopiu.net\/wordpress\/wp-content\/uploads\/2020\/09\/6e46ca8b-ad5e-4472-a48b-c67b42b1dcbc-150x150.jpg\" class=\"attachment-thumbnail size-thumbnail\" alt=\"\" srcset=\"https:\/\/www.radiopiu.net\/wordpress\/wp-content\/uploads\/2020\/09\/6e46ca8b-ad5e-4472-a48b-c67b42b1dcbc-150x150.jpg 150w, https:\/\/www.radiopiu.net\/wordpress\/wp-content\/uploads\/2020\/09\/6e46ca8b-ad5e-4472-a48b-c67b42b1dcbc-125x125.jpg 125w, https:\/\/www.radiopiu.net\/wordpress\/wp-content\/uploads\/2020\/09\/6e46ca8b-ad5e-4472-a48b-c67b42b1dcbc-200x200.jpg 200w, https:\/\/www.radiopiu.net\/wordpress\/wp-content\/uploads\/2020\/09\/6e46ca8b-ad5e-4472-a48b-c67b42b1dcbc-80x80.jpg 80w\" sizes=\"auto, (max-width: 150px) 100vw, 150px\" \/><\/a>\n\t\t\t\t<\/dt><\/dl><dl class='gallery-item'>\n\t\t\t\t<dt class='gallery-icon landscape'>\n\t\t\t\t\t<a class=\"rollover\" href='https:\/\/www.radiopiu.net\/wordpress\/giornale-radiopiu-13-settembre-2020-direttore-mirko-mezzacasa\/80dced21-27e0-42c0-b8d7-b17987589c67\/'><img loading=\"lazy\" decoding=\"async\" width=\"150\" height=\"150\" src=\"https:\/\/www.radiopiu.net\/wordpress\/wp-content\/uploads\/2020\/09\/80dced21-27e0-42c0-b8d7-b17987589c67-150x150.jpg\" class=\"attachment-thumbnail size-thumbnail\" alt=\"\" srcset=\"https:\/\/www.radiopiu.net\/wordpress\/wp-content\/uploads\/2020\/09\/80dced21-27e0-42c0-b8d7-b17987589c67-150x150.jpg 150w, https:\/\/www.radiopiu.net\/wordpress\/wp-content\/uploads\/2020\/09\/80dced21-27e0-42c0-b8d7-b17987589c67-125x125.jpg 125w, https:\/\/www.radiopiu.net\/wordpress\/wp-content\/uploads\/2020\/09\/80dced21-27e0-42c0-b8d7-b17987589c67-200x200.jpg 200w, https:\/\/www.radiopiu.net\/wordpress\/wp-content\/uploads\/2020\/09\/80dced21-27e0-42c0-b8d7-b17987589c67-80x80.jpg 80w\" sizes=\"auto, (max-width: 150px) 100vw, 150px\" \/><\/a>\n\t\t\t\t<\/dt><\/dl><br style=\"clear: both\" \/><dl class='gallery-item'>\n\t\t\t\t<dt class='gallery-icon landscape'>\n\t\t\t\t\t<a class=\"rollover\" href='https:\/\/www.radiopiu.net\/wordpress\/giornale-radiopiu-13-settembre-2020-direttore-mirko-mezzacasa\/1a285a64-6d31-48e5-8b1f-a4d95a1b14e4\/'><img loading=\"lazy\" decoding=\"async\" width=\"150\" height=\"150\" src=\"https:\/\/www.radiopiu.net\/wordpress\/wp-content\/uploads\/2020\/09\/1a285a64-6d31-48e5-8b1f-a4d95a1b14e4-150x150.jpg\" class=\"attachment-thumbnail size-thumbnail\" alt=\"\" srcset=\"https:\/\/www.radiopiu.net\/wordpress\/wp-content\/uploads\/2020\/09\/1a285a64-6d31-48e5-8b1f-a4d95a1b14e4-150x150.jpg 150w, https:\/\/www.radiopiu.net\/wordpress\/wp-content\/uploads\/2020\/09\/1a285a64-6d31-48e5-8b1f-a4d95a1b14e4-125x125.jpg 125w, https:\/\/www.radiopiu.net\/wordpress\/wp-content\/uploads\/2020\/09\/1a285a64-6d31-48e5-8b1f-a4d95a1b14e4-200x200.jpg 200w, https:\/\/www.radiopiu.net\/wordpress\/wp-content\/uploads\/2020\/09\/1a285a64-6d31-48e5-8b1f-a4d95a1b14e4-80x80.jpg 80w\" sizes=\"auto, (max-width: 150px) 100vw, 150px\" \/><\/a>\n\t\t\t\t<\/dt><\/dl><dl class='gallery-item'>\n\t\t\t\t<dt class='gallery-icon landscape'>\n\t\t\t\t\t<a class=\"rollover\" href='https:\/\/www.radiopiu.net\/wordpress\/giornale-radiopiu-13-settembre-2020-direttore-mirko-mezzacasa\/028af917-e9b6-4baa-b19a-58029807b5e2\/'><img loading=\"lazy\" decoding=\"async\" width=\"150\" height=\"150\" src=\"https:\/\/www.radiopiu.net\/wordpress\/wp-content\/uploads\/2020\/09\/028af917-e9b6-4baa-b19a-58029807b5e2-150x150.jpg\" class=\"attachment-thumbnail size-thumbnail\" alt=\"LE CAMPE\" aria-describedby=\"gallery-1-160267\" srcset=\"https:\/\/www.radiopiu.net\/wordpress\/wp-content\/uploads\/2020\/09\/028af917-e9b6-4baa-b19a-58029807b5e2-150x150.jpg 150w, https:\/\/www.radiopiu.net\/wordpress\/wp-content\/uploads\/2020\/09\/028af917-e9b6-4baa-b19a-58029807b5e2-125x125.jpg 125w, https:\/\/www.radiopiu.net\/wordpress\/wp-content\/uploads\/2020\/09\/028af917-e9b6-4baa-b19a-58029807b5e2-200x200.jpg 200w, https:\/\/www.radiopiu.net\/wordpress\/wp-content\/uploads\/2020\/09\/028af917-e9b6-4baa-b19a-58029807b5e2-80x80.jpg 80w\" sizes=\"auto, (max-width: 150px) 100vw, 150px\" \/><\/a>\n\t\t\t\t<\/dt>\n\t\t\t\t\t<dd class='wp-caption-text gallery-caption' id='gallery-1-160267'>\n\t\t\t\t\tLE CAMPE\n\t\t\t\t\t<\/dd><\/dl><dl class='gallery-item'>\n\t\t\t\t<dt class='gallery-icon landscape'>\n\t\t\t\t\t<a class=\"rollover\" href='https:\/\/www.radiopiu.net\/wordpress\/giornale-radiopiu-13-settembre-2020-direttore-mirko-mezzacasa\/1047bc03-8475-463e-8b77-78239bcba6a7\/'><img loading=\"lazy\" decoding=\"async\" width=\"150\" height=\"150\" src=\"https:\/\/www.radiopiu.net\/wordpress\/wp-content\/uploads\/2020\/09\/1047bc03-8475-463e-8b77-78239bcba6a7-150x150.jpg\" class=\"attachment-thumbnail size-thumbnail\" alt=\"\" aria-describedby=\"gallery-1-160273\" srcset=\"https:\/\/www.radiopiu.net\/wordpress\/wp-content\/uploads\/2020\/09\/1047bc03-8475-463e-8b77-78239bcba6a7-150x150.jpg 150w, https:\/\/www.radiopiu.net\/wordpress\/wp-content\/uploads\/2020\/09\/1047bc03-8475-463e-8b77-78239bcba6a7-125x125.jpg 125w, https:\/\/www.radiopiu.net\/wordpress\/wp-content\/uploads\/2020\/09\/1047bc03-8475-463e-8b77-78239bcba6a7-200x200.jpg 200w, https:\/\/www.radiopiu.net\/wordpress\/wp-content\/uploads\/2020\/09\/1047bc03-8475-463e-8b77-78239bcba6a7-80x80.jpg 80w\" sizes=\"auto, (max-width: 150px) 100vw, 150px\" \/><\/a>\n\t\t\t\t<\/dt>\n\t\t\t\t\t<dd class='wp-caption-text gallery-caption' id='gallery-1-160273'>\n\t\t\t\t\tAREA 203 AGORDINA  BOTOL LE CAMPE\n\t\t\t\t\t<\/dd><\/dl><br style=\"clear: both\" \/><dl class='gallery-item'>\n\t\t\t\t<dt class='gallery-icon portrait'>\n\t\t\t\t\t<a class=\"rollover\" href='https:\/\/www.radiopiu.net\/wordpress\/giornale-radiopiu-13-settembre-2020-direttore-mirko-mezzacasa\/bb507802-22d4-4af5-958c-9d98f06ea953\/'><img loading=\"lazy\" decoding=\"async\" width=\"150\" height=\"150\" src=\"https:\/\/www.radiopiu.net\/wordpress\/wp-content\/uploads\/2020\/09\/bb507802-22d4-4af5-958c-9d98f06ea953-150x150.jpg\" class=\"attachment-thumbnail size-thumbnail\" alt=\"\" aria-describedby=\"gallery-1-160272\" srcset=\"https:\/\/www.radiopiu.net\/wordpress\/wp-content\/uploads\/2020\/09\/bb507802-22d4-4af5-958c-9d98f06ea953-150x150.jpg 150w, https:\/\/www.radiopiu.net\/wordpress\/wp-content\/uploads\/2020\/09\/bb507802-22d4-4af5-958c-9d98f06ea953-125x125.jpg 125w, https:\/\/www.radiopiu.net\/wordpress\/wp-content\/uploads\/2020\/09\/bb507802-22d4-4af5-958c-9d98f06ea953-200x200.jpg 200w, https:\/\/www.radiopiu.net\/wordpress\/wp-content\/uploads\/2020\/09\/bb507802-22d4-4af5-958c-9d98f06ea953-80x80.jpg 80w\" sizes=\"auto, (max-width: 150px) 100vw, 150px\" \/><\/a>\n\t\t\t\t<\/dt>\n\t\t\t\t\t<dd class='wp-caption-text gallery-caption' id='gallery-1-160272'>\n\t\t\t\t\tAREA 203 AGORDINA  BOTOL LE CAMPE\n\t\t\t\t\t<\/dd><\/dl><dl class='gallery-item'>\n\t\t\t\t<dt class='gallery-icon landscape'>\n\t\t\t\t\t<a class=\"rollover\" href='https:\/\/www.radiopiu.net\/wordpress\/giornale-radiopiu-13-settembre-2020-direttore-mirko-mezzacasa\/b346081a-4f79-4894-a9f3-4624d439efae\/'><img loading=\"lazy\" decoding=\"async\" width=\"150\" height=\"150\" src=\"https:\/\/www.radiopiu.net\/wordpress\/wp-content\/uploads\/2020\/09\/b346081a-4f79-4894-a9f3-4624d439efae-150x150.jpg\" class=\"attachment-thumbnail size-thumbnail\" alt=\"\" aria-describedby=\"gallery-1-160275\" srcset=\"https:\/\/www.radiopiu.net\/wordpress\/wp-content\/uploads\/2020\/09\/b346081a-4f79-4894-a9f3-4624d439efae-150x150.jpg 150w, https:\/\/www.radiopiu.net\/wordpress\/wp-content\/uploads\/2020\/09\/b346081a-4f79-4894-a9f3-4624d439efae-125x125.jpg 125w, https:\/\/www.radiopiu.net\/wordpress\/wp-content\/uploads\/2020\/09\/b346081a-4f79-4894-a9f3-4624d439efae-200x200.jpg 200w, https:\/\/www.radiopiu.net\/wordpress\/wp-content\/uploads\/2020\/09\/b346081a-4f79-4894-a9f3-4624d439efae-80x80.jpg 80w\" sizes=\"auto, (max-width: 150px) 100vw, 150px\" \/><\/a>\n\t\t\t\t<\/dt>\n\t\t\t\t\t<dd class='wp-caption-text gallery-caption' id='gallery-1-160275'>\n\t\t\t\t\tAGORDO \n\t\t\t\t\t<\/dd><\/dl><dl class='gallery-item'>\n\t\t\t\t<dt class='gallery-icon landscape'>\n\t\t\t\t\t<a class=\"rollover\" href='https:\/\/www.radiopiu.net\/wordpress\/giornale-radiopiu-13-settembre-2020-direttore-mirko-mezzacasa\/78116b76-eefa-436b-bb5a-598d19224e89\/'><img loading=\"lazy\" decoding=\"async\" width=\"150\" height=\"150\" src=\"https:\/\/www.radiopiu.net\/wordpress\/wp-content\/uploads\/2020\/09\/78116b76-eefa-436b-bb5a-598d19224e89-150x150.jpg\" class=\"attachment-thumbnail size-thumbnail\" alt=\"\" srcset=\"https:\/\/www.radiopiu.net\/wordpress\/wp-content\/uploads\/2020\/09\/78116b76-eefa-436b-bb5a-598d19224e89-150x150.jpg 150w, https:\/\/www.radiopiu.net\/wordpress\/wp-content\/uploads\/2020\/09\/78116b76-eefa-436b-bb5a-598d19224e89-125x125.jpg 125w, https:\/\/www.radiopiu.net\/wordpress\/wp-content\/uploads\/2020\/09\/78116b76-eefa-436b-bb5a-598d19224e89-200x200.jpg 200w, https:\/\/www.radiopiu.net\/wordpress\/wp-content\/uploads\/2020\/09\/78116b76-eefa-436b-bb5a-598d19224e89-80x80.jpg 80w\" sizes=\"auto, (max-width: 150px) 100vw, 150px\" \/><\/a>\n\t\t\t\t<\/dt><\/dl><br style=\"clear: both\" \/><dl class='gallery-item'>\n\t\t\t\t<dt class='gallery-icon landscape'>\n\t\t\t\t\t<a class=\"rollover\" href='https:\/\/www.radiopiu.net\/wordpress\/giornale-radiopiu-13-settembre-2020-direttore-mirko-mezzacasa\/03a2a427-5956-4370-b304-f167a4c5188e\/'><img loading=\"lazy\" decoding=\"async\" width=\"150\" height=\"150\" src=\"https:\/\/www.radiopiu.net\/wordpress\/wp-content\/uploads\/2020\/09\/03a2a427-5956-4370-b304-f167a4c5188e-150x150.jpg\" class=\"attachment-thumbnail size-thumbnail\" alt=\"\" aria-describedby=\"gallery-1-160286\" srcset=\"https:\/\/www.radiopiu.net\/wordpress\/wp-content\/uploads\/2020\/09\/03a2a427-5956-4370-b304-f167a4c5188e-150x150.jpg 150w, https:\/\/www.radiopiu.net\/wordpress\/wp-content\/uploads\/2020\/09\/03a2a427-5956-4370-b304-f167a4c5188e-125x125.jpg 125w, https:\/\/www.radiopiu.net\/wordpress\/wp-content\/uploads\/2020\/09\/03a2a427-5956-4370-b304-f167a4c5188e-200x200.jpg 200w, https:\/\/www.radiopiu.net\/wordpress\/wp-content\/uploads\/2020\/09\/03a2a427-5956-4370-b304-f167a4c5188e-80x80.jpg 80w\" sizes=\"auto, (max-width: 150px) 100vw, 150px\" \/><\/a>\n\t\t\t\t<\/dt>\n\t\t\t\t\t<dd class='wp-caption-text gallery-caption' id='gallery-1-160286'>\n\t\t\t\t\tRADIO PIU TAIBON\n\t\t\t\t\t<\/dd><\/dl><dl class='gallery-item'>\n\t\t\t\t<dt class='gallery-icon landscape'>\n\t\t\t\t\t<a class=\"rollover\" href='https:\/\/www.radiopiu.net\/wordpress\/giornale-radiopiu-13-settembre-2020-direttore-mirko-mezzacasa\/e5ddd92b-b6e6-4da5-97f9-c9f164972daa\/'><img loading=\"lazy\" decoding=\"async\" width=\"150\" height=\"150\" src=\"https:\/\/www.radiopiu.net\/wordpress\/wp-content\/uploads\/2020\/09\/e5ddd92b-b6e6-4da5-97f9-c9f164972daa-150x150.jpg\" class=\"attachment-thumbnail size-thumbnail\" alt=\"\" aria-describedby=\"gallery-1-160284\" srcset=\"https:\/\/www.radiopiu.net\/wordpress\/wp-content\/uploads\/2020\/09\/e5ddd92b-b6e6-4da5-97f9-c9f164972daa-150x150.jpg 150w, https:\/\/www.radiopiu.net\/wordpress\/wp-content\/uploads\/2020\/09\/e5ddd92b-b6e6-4da5-97f9-c9f164972daa-125x125.jpg 125w, https:\/\/www.radiopiu.net\/wordpress\/wp-content\/uploads\/2020\/09\/e5ddd92b-b6e6-4da5-97f9-c9f164972daa-200x200.jpg 200w, https:\/\/www.radiopiu.net\/wordpress\/wp-content\/uploads\/2020\/09\/e5ddd92b-b6e6-4da5-97f9-c9f164972daa-80x80.jpg 80w\" sizes=\"auto, (max-width: 150px) 100vw, 150px\" \/><\/a>\n\t\t\t\t<\/dt>\n\t\t\t\t\t<dd class='wp-caption-text gallery-caption' id='gallery-1-160284'>\n\t\t\t\t\tRADIO PIU TAIBON\n\t\t\t\t\t<\/dd><\/dl><dl class='gallery-item'>\n\t\t\t\t<dt class='gallery-icon landscape'>\n\t\t\t\t\t<a class=\"rollover\" href='https:\/\/www.radiopiu.net\/wordpress\/giornale-radiopiu-13-settembre-2020-direttore-mirko-mezzacasa\/b9f13893-fd4d-4248-b341-92bac25721d8\/'><img loading=\"lazy\" decoding=\"async\" width=\"150\" height=\"150\" src=\"https:\/\/www.radiopiu.net\/wordpress\/wp-content\/uploads\/2020\/09\/b9f13893-fd4d-4248-b341-92bac25721d8-150x150.jpg\" class=\"attachment-thumbnail size-thumbnail\" alt=\"\" aria-describedby=\"gallery-1-160287\" srcset=\"https:\/\/www.radiopiu.net\/wordpress\/wp-content\/uploads\/2020\/09\/b9f13893-fd4d-4248-b341-92bac25721d8-150x150.jpg 150w, https:\/\/www.radiopiu.net\/wordpress\/wp-content\/uploads\/2020\/09\/b9f13893-fd4d-4248-b341-92bac25721d8-125x125.jpg 125w, https:\/\/www.radiopiu.net\/wordpress\/wp-content\/uploads\/2020\/09\/b9f13893-fd4d-4248-b341-92bac25721d8-200x200.jpg 200w, https:\/\/www.radiopiu.net\/wordpress\/wp-content\/uploads\/2020\/09\/b9f13893-fd4d-4248-b341-92bac25721d8-80x80.jpg 80w\" sizes=\"auto, (max-width: 150px) 100vw, 150px\" \/><\/a>\n\t\t\t\t<\/dt>\n\t\t\t\t\t<dd class='wp-caption-text gallery-caption' id='gallery-1-160287'>\n\t\t\t\t\tRADIO PIU TAIBON\n\t\t\t\t\t<\/dd><\/dl><br style=\"clear: both\" \/><dl class='gallery-item'>\n\t\t\t\t<dt class='gallery-icon landscape'>\n\t\t\t\t\t<a class=\"rollover\" href='https:\/\/www.radiopiu.net\/wordpress\/giornale-radiopiu-13-settembre-2020-direttore-mirko-mezzacasa\/f3bcaf7c-5288-4367-88e0-2117ee000e76-2\/'><img loading=\"lazy\" decoding=\"async\" width=\"150\" height=\"150\" src=\"https:\/\/www.radiopiu.net\/wordpress\/wp-content\/uploads\/2020\/09\/f3bcaf7c-5288-4367-88e0-2117ee000e76-1-150x150.jpg\" class=\"attachment-thumbnail size-thumbnail\" alt=\"\" aria-describedby=\"gallery-1-160303\" srcset=\"https:\/\/www.radiopiu.net\/wordpress\/wp-content\/uploads\/2020\/09\/f3bcaf7c-5288-4367-88e0-2117ee000e76-1-150x150.jpg 150w, https:\/\/www.radiopiu.net\/wordpress\/wp-content\/uploads\/2020\/09\/f3bcaf7c-5288-4367-88e0-2117ee000e76-1-125x125.jpg 125w, https:\/\/www.radiopiu.net\/wordpress\/wp-content\/uploads\/2020\/09\/f3bcaf7c-5288-4367-88e0-2117ee000e76-1-200x200.jpg 200w, https:\/\/www.radiopiu.net\/wordpress\/wp-content\/uploads\/2020\/09\/f3bcaf7c-5288-4367-88e0-2117ee000e76-1-80x80.jpg 80w\" sizes=\"auto, (max-width: 150px) 100vw, 150px\" \/><\/a>\n\t\t\t\t<\/dt>\n\t\t\t\t\t<dd class='wp-caption-text gallery-caption' id='gallery-1-160303'>\n\t\t\t\t\tCENCENIGHE \n\t\t\t\t\t<\/dd><\/dl><dl class='gallery-item'>\n\t\t\t\t<dt class='gallery-icon portrait'>\n\t\t\t\t\t<a class=\"rollover\" href='https:\/\/www.radiopiu.net\/wordpress\/giornale-radiopiu-13-settembre-2020-direttore-mirko-mezzacasa\/a3428f5d-c98d-466e-898a-8c222a3f1fb8\/'><img loading=\"lazy\" decoding=\"async\" width=\"150\" height=\"150\" src=\"https:\/\/www.radiopiu.net\/wordpress\/wp-content\/uploads\/2020\/09\/a3428f5d-c98d-466e-898a-8c222a3f1fb8-150x150.jpg\" class=\"attachment-thumbnail size-thumbnail\" alt=\"\" srcset=\"https:\/\/www.radiopiu.net\/wordpress\/wp-content\/uploads\/2020\/09\/a3428f5d-c98d-466e-898a-8c222a3f1fb8-150x150.jpg 150w, https:\/\/www.radiopiu.net\/wordpress\/wp-content\/uploads\/2020\/09\/a3428f5d-c98d-466e-898a-8c222a3f1fb8-125x125.jpg 125w, https:\/\/www.radiopiu.net\/wordpress\/wp-content\/uploads\/2020\/09\/a3428f5d-c98d-466e-898a-8c222a3f1fb8-200x200.jpg 200w, https:\/\/www.radiopiu.net\/wordpress\/wp-content\/uploads\/2020\/09\/a3428f5d-c98d-466e-898a-8c222a3f1fb8-80x80.jpg 80w\" sizes=\"auto, (max-width: 150px) 100vw, 150px\" \/><\/a>\n\t\t\t\t<\/dt><\/dl><dl class='gallery-item'>\n\t\t\t\t<dt class='gallery-icon portrait'>\n\t\t\t\t\t<a class=\"rollover\" href='https:\/\/www.radiopiu.net\/wordpress\/giornale-radiopiu-13-settembre-2020-direttore-mirko-mezzacasa\/d1105397-50be-48ec-a455-cd626a3f25d3\/'><img loading=\"lazy\" decoding=\"async\" width=\"150\" height=\"150\" src=\"https:\/\/www.radiopiu.net\/wordpress\/wp-content\/uploads\/2020\/09\/d1105397-50be-48ec-a455-cd626a3f25d3-150x150.jpg\" class=\"attachment-thumbnail size-thumbnail\" alt=\"\" aria-describedby=\"gallery-1-160301\" srcset=\"https:\/\/www.radiopiu.net\/wordpress\/wp-content\/uploads\/2020\/09\/d1105397-50be-48ec-a455-cd626a3f25d3-150x150.jpg 150w, https:\/\/www.radiopiu.net\/wordpress\/wp-content\/uploads\/2020\/09\/d1105397-50be-48ec-a455-cd626a3f25d3-125x125.jpg 125w, https:\/\/www.radiopiu.net\/wordpress\/wp-content\/uploads\/2020\/09\/d1105397-50be-48ec-a455-cd626a3f25d3-200x200.jpg 200w, https:\/\/www.radiopiu.net\/wordpress\/wp-content\/uploads\/2020\/09\/d1105397-50be-48ec-a455-cd626a3f25d3-80x80.jpg 80w\" sizes=\"auto, (max-width: 150px) 100vw, 150px\" \/><\/a>\n\t\t\t\t<\/dt>\n\t\t\t\t\t<dd class='wp-caption-text gallery-caption' id='gallery-1-160301'>\n\t\t\t\t\tBUONA NOTTE SANTA MARIA DELLE GRAZIE \n\t\t\t\t\t<\/dd><\/dl><br style=\"clear: both\" \/><dl class='gallery-item'>\n\t\t\t\t<dt class='gallery-icon landscape'>\n\t\t\t\t\t<a class=\"rollover\" href='https:\/\/www.radiopiu.net\/wordpress\/giornale-radiopiu-13-settembre-2020-direttore-mirko-mezzacasa\/fdbbc109-94ea-4f38-8574-bf3754fb1ca3\/'><img loading=\"lazy\" decoding=\"async\" width=\"150\" height=\"150\" src=\"https:\/\/www.radiopiu.net\/wordpress\/wp-content\/uploads\/2020\/09\/fdbbc109-94ea-4f38-8574-bf3754fb1ca3-150x150.jpg\" class=\"attachment-thumbnail size-thumbnail\" alt=\"\" srcset=\"https:\/\/www.radiopiu.net\/wordpress\/wp-content\/uploads\/2020\/09\/fdbbc109-94ea-4f38-8574-bf3754fb1ca3-150x150.jpg 150w, https:\/\/www.radiopiu.net\/wordpress\/wp-content\/uploads\/2020\/09\/fdbbc109-94ea-4f38-8574-bf3754fb1ca3-125x125.jpg 125w, https:\/\/www.radiopiu.net\/wordpress\/wp-content\/uploads\/2020\/09\/fdbbc109-94ea-4f38-8574-bf3754fb1ca3-200x200.jpg 200w, https:\/\/www.radiopiu.net\/wordpress\/wp-content\/uploads\/2020\/09\/fdbbc109-94ea-4f38-8574-bf3754fb1ca3-80x80.jpg 80w\" sizes=\"auto, (max-width: 150px) 100vw, 150px\" \/><\/a>\n\t\t\t\t<\/dt><\/dl><dl class='gallery-item'>\n\t\t\t\t<dt class='gallery-icon landscape'>\n\t\t\t\t\t<a class=\"rollover\" href='https:\/\/www.radiopiu.net\/wordpress\/giornale-radiopiu-13-settembre-2020-direttore-mirko-mezzacasa\/617d0499-0383-42c5-a696-5308914462e8\/'><img loading=\"lazy\" decoding=\"async\" width=\"150\" height=\"150\" src=\"https:\/\/www.radiopiu.net\/wordpress\/wp-content\/uploads\/2020\/09\/617d0499-0383-42c5-a696-5308914462e8-150x150.jpg\" class=\"attachment-thumbnail size-thumbnail\" alt=\"\" srcset=\"https:\/\/www.radiopiu.net\/wordpress\/wp-content\/uploads\/2020\/09\/617d0499-0383-42c5-a696-5308914462e8-150x150.jpg 150w, https:\/\/www.radiopiu.net\/wordpress\/wp-content\/uploads\/2020\/09\/617d0499-0383-42c5-a696-5308914462e8-125x125.jpg 125w, https:\/\/www.radiopiu.net\/wordpress\/wp-content\/uploads\/2020\/09\/617d0499-0383-42c5-a696-5308914462e8-200x200.jpg 200w, https:\/\/www.radiopiu.net\/wordpress\/wp-content\/uploads\/2020\/09\/617d0499-0383-42c5-a696-5308914462e8-80x80.jpg 80w\" sizes=\"auto, (max-width: 150px) 100vw, 150px\" \/><\/a>\n\t\t\t\t<\/dt><\/dl><dl class='gallery-item'>\n\t\t\t\t<dt class='gallery-icon landscape'>\n\t\t\t\t\t<a class=\"rollover\" href='https:\/\/www.radiopiu.net\/wordpress\/giornale-radiopiu-13-settembre-2020-direttore-mirko-mezzacasa\/7169fad9-2c25-43e4-ad46-07dcabcf553b\/'><img loading=\"lazy\" decoding=\"async\" width=\"150\" height=\"150\" src=\"https:\/\/www.radiopiu.net\/wordpress\/wp-content\/uploads\/2020\/09\/7169fad9-2c25-43e4-ad46-07dcabcf553b-150x150.jpg\" class=\"attachment-thumbnail size-thumbnail\" alt=\"\" srcset=\"https:\/\/www.radiopiu.net\/wordpress\/wp-content\/uploads\/2020\/09\/7169fad9-2c25-43e4-ad46-07dcabcf553b-150x150.jpg 150w, https:\/\/www.radiopiu.net\/wordpress\/wp-content\/uploads\/2020\/09\/7169fad9-2c25-43e4-ad46-07dcabcf553b-125x125.jpg 125w, https:\/\/www.radiopiu.net\/wordpress\/wp-content\/uploads\/2020\/09\/7169fad9-2c25-43e4-ad46-07dcabcf553b-200x200.jpg 200w, https:\/\/www.radiopiu.net\/wordpress\/wp-content\/uploads\/2020\/09\/7169fad9-2c25-43e4-ad46-07dcabcf553b-80x80.jpg 80w\" sizes=\"auto, (max-width: 150px) 100vw, 150px\" \/><\/a>\n\t\t\t\t<\/dt><\/dl><br style=\"clear: both\" \/><dl class='gallery-item'>\n\t\t\t\t<dt class='gallery-icon portrait'>\n\t\t\t\t\t<a class=\"rollover\" href='https:\/\/www.radiopiu.net\/wordpress\/giornale-radiopiu-13-settembre-2020-direttore-mirko-mezzacasa\/fa588f99-1c2a-43e2-be27-0cfefe338129\/'><img loading=\"lazy\" decoding=\"async\" width=\"150\" height=\"150\" src=\"https:\/\/www.radiopiu.net\/wordpress\/wp-content\/uploads\/2020\/09\/fa588f99-1c2a-43e2-be27-0cfefe338129-150x150.jpg\" class=\"attachment-thumbnail size-thumbnail\" alt=\"\" srcset=\"https:\/\/www.radiopiu.net\/wordpress\/wp-content\/uploads\/2020\/09\/fa588f99-1c2a-43e2-be27-0cfefe338129-150x150.jpg 150w, https:\/\/www.radiopiu.net\/wordpress\/wp-content\/uploads\/2020\/09\/fa588f99-1c2a-43e2-be27-0cfefe338129-125x125.jpg 125w, https:\/\/www.radiopiu.net\/wordpress\/wp-content\/uploads\/2020\/09\/fa588f99-1c2a-43e2-be27-0cfefe338129-200x200.jpg 200w, https:\/\/www.radiopiu.net\/wordpress\/wp-content\/uploads\/2020\/09\/fa588f99-1c2a-43e2-be27-0cfefe338129-80x80.jpg 80w\" sizes=\"auto, (max-width: 150px) 100vw, 150px\" \/><\/a>\n\t\t\t\t<\/dt><\/dl><dl class='gallery-item'>\n\t\t\t\t<dt class='gallery-icon landscape'>\n\t\t\t\t\t<a class=\"rollover\" href='https:\/\/www.radiopiu.net\/wordpress\/giornale-radiopiu-13-settembre-2020-direttore-mirko-mezzacasa\/9064eba9-47d0-414f-8e0b-44fec94c44a4\/'><img loading=\"lazy\" decoding=\"async\" width=\"150\" height=\"150\" src=\"https:\/\/www.radiopiu.net\/wordpress\/wp-content\/uploads\/2020\/09\/9064eba9-47d0-414f-8e0b-44fec94c44a4-150x150.jpg\" class=\"attachment-thumbnail size-thumbnail\" alt=\"\" srcset=\"https:\/\/www.radiopiu.net\/wordpress\/wp-content\/uploads\/2020\/09\/9064eba9-47d0-414f-8e0b-44fec94c44a4-150x150.jpg 150w, https:\/\/www.radiopiu.net\/wordpress\/wp-content\/uploads\/2020\/09\/9064eba9-47d0-414f-8e0b-44fec94c44a4-125x125.jpg 125w, https:\/\/www.radiopiu.net\/wordpress\/wp-content\/uploads\/2020\/09\/9064eba9-47d0-414f-8e0b-44fec94c44a4-200x200.jpg 200w, https:\/\/www.radiopiu.net\/wordpress\/wp-content\/uploads\/2020\/09\/9064eba9-47d0-414f-8e0b-44fec94c44a4-80x80.jpg 80w\" sizes=\"auto, (max-width: 150px) 100vw, 150px\" \/><\/a>\n\t\t\t\t<\/dt><\/dl><dl class='gallery-item'>\n\t\t\t\t<dt class='gallery-icon landscape'>\n\t\t\t\t\t<a class=\"rollover\" href='https:\/\/www.radiopiu.net\/wordpress\/giornale-radiopiu-13-settembre-2020-direttore-mirko-mezzacasa\/445fb21f-701d-4e37-aead-e608af2ca0ce\/'><img loading=\"lazy\" decoding=\"async\" width=\"150\" height=\"150\" src=\"https:\/\/www.radiopiu.net\/wordpress\/wp-content\/uploads\/2020\/09\/445fb21f-701d-4e37-aead-e608af2ca0ce-150x150.jpg\" class=\"attachment-thumbnail size-thumbnail\" alt=\"\" srcset=\"https:\/\/www.radiopiu.net\/wordpress\/wp-content\/uploads\/2020\/09\/445fb21f-701d-4e37-aead-e608af2ca0ce-150x150.jpg 150w, https:\/\/www.radiopiu.net\/wordpress\/wp-content\/uploads\/2020\/09\/445fb21f-701d-4e37-aead-e608af2ca0ce-125x125.jpg 125w, https:\/\/www.radiopiu.net\/wordpress\/wp-content\/uploads\/2020\/09\/445fb21f-701d-4e37-aead-e608af2ca0ce-200x200.jpg 200w, https:\/\/www.radiopiu.net\/wordpress\/wp-content\/uploads\/2020\/09\/445fb21f-701d-4e37-aead-e608af2ca0ce-80x80.jpg 80w\" sizes=\"auto, (max-width: 150px) 100vw, 150px\" \/><\/a>\n\t\t\t\t<\/dt><\/dl><br style=\"clear: both\" \/><dl class='gallery-item'>\n\t\t\t\t<dt class='gallery-icon landscape'>\n\t\t\t\t\t<a class=\"rollover\" href='https:\/\/www.radiopiu.net\/wordpress\/giornale-radiopiu-13-settembre-2020-direttore-mirko-mezzacasa\/9d879986-e4a4-47a7-95cb-b151df7e5811\/'><img loading=\"lazy\" decoding=\"async\" width=\"150\" height=\"150\" src=\"https:\/\/www.radiopiu.net\/wordpress\/wp-content\/uploads\/2020\/09\/9d879986-e4a4-47a7-95cb-b151df7e5811-150x150.jpg\" class=\"attachment-thumbnail size-thumbnail\" alt=\"\" srcset=\"https:\/\/www.radiopiu.net\/wordpress\/wp-content\/uploads\/2020\/09\/9d879986-e4a4-47a7-95cb-b151df7e5811-150x150.jpg 150w, https:\/\/www.radiopiu.net\/wordpress\/wp-content\/uploads\/2020\/09\/9d879986-e4a4-47a7-95cb-b151df7e5811-125x125.jpg 125w, https:\/\/www.radiopiu.net\/wordpress\/wp-content\/uploads\/2020\/09\/9d879986-e4a4-47a7-95cb-b151df7e5811-200x200.jpg 200w, https:\/\/www.radiopiu.net\/wordpress\/wp-content\/uploads\/2020\/09\/9d879986-e4a4-47a7-95cb-b151df7e5811-80x80.jpg 80w\" sizes=\"auto, (max-width: 150px) 100vw, 150px\" \/><\/a>\n\t\t\t\t<\/dt><\/dl>\n\t\t\t\t<br style='clear: both' \/>\n\t\t\t<\/div>\n\n<p>&nbsp;<\/p>\n<blockquote><p><em><strong>William Da Roit:\u00a0<\/strong>&#8220;A 12 anni scappo di casa per andare in Himalaya a scalare l\u2019Everest. Dopo qualche chilometro chiedo informazioni e mi dicono: \u201cA sinistra se continui vai a Venezia, quella l\u00ec \u00e8 la Marmolada, potresti accontentarti\u201d. L\u2019Everest non l\u2019ho ancora raggiunto ma con un gruppo di amici partir\u00f2 di corsa, ancora una volta, dal campanile di Piazza San Marco per tentare di raggiungere i 3.265 m. di Punta Rocca l\u00ec in cima alla Regina delle Dolomiti&#8221;.<\/em><\/p><\/blockquote>\n<p><a class=\"dt-pswp-item\" href=\"https:\/\/www.radiopiu.net\/wordpress\/wp-content\/uploads\/2020\/09\/119141608_2416692311969404_8739094750786965486_n.jpg\" data-dt-img-description=\"\" data-large_image_width=\"960\" data-large_image_height=\"466\"><img loading=\"lazy\" decoding=\"async\" class=\"alignnone wp-image-160194 size-full\" src=\"https:\/\/www.radiopiu.net\/wordpress\/wp-content\/uploads\/2020\/09\/119141608_2416692311969404_8739094750786965486_n.jpg\" alt=\"\" width=\"960\" height=\"466\" srcset=\"https:\/\/www.radiopiu.net\/wordpress\/wp-content\/uploads\/2020\/09\/119141608_2416692311969404_8739094750786965486_n.jpg 960w, https:\/\/www.radiopiu.net\/wordpress\/wp-content\/uploads\/2020\/09\/119141608_2416692311969404_8739094750786965486_n-300x146.jpg 300w, https:\/\/www.radiopiu.net\/wordpress\/wp-content\/uploads\/2020\/09\/119141608_2416692311969404_8739094750786965486_n-768x373.jpg 768w, https:\/\/www.radiopiu.net\/wordpress\/wp-content\/uploads\/2020\/09\/119141608_2416692311969404_8739094750786965486_n-640x311.jpg 640w\" sizes=\"auto, (max-width: 960px) 100vw, 960px\" \/><\/a><\/p>\n<p>&nbsp;<\/p>\n<p><strong>ALA RADIO &#8230;. IERI\u00a0 ORE 10<\/strong><\/p>\n<audio class=\"wp-audio-shortcode\" id=\"audio-160233-1\" preload=\"none\" style=\"width: 100%;\" controls=\"controls\"><source type=\"audio\/mpeg\" src=\"https:\/\/www.radiopiu.net\/wordpress\/wp-content\/uploads\/2020\/09\/william-da-roit.mp3?_=1\" \/><a href=\"https:\/\/www.radiopiu.net\/wordpress\/wp-content\/uploads\/2020\/09\/william-da-roit.mp3\">https:\/\/www.radiopiu.net\/wordpress\/wp-content\/uploads\/2020\/09\/william-da-roit.mp3<\/a><\/audio>\n<p>&nbsp;<\/p>\n<hr \/>\n<p>&nbsp;<\/p>\n<blockquote>\n<h3>RECUPERO SUL SENTIERO CHE SCENDE DAL VANDELLI<\/h3>\n<\/blockquote>\n<p><strong>CORTINA<\/strong> Ieri verso le 17.20 l&#8217;elicottero del Suem di Pieve di Cadore \u00e8 intervenuto sul sentiero che dal Rifugio Vandelli scende al Passo Tre Croci, per un&#8217;escursionista bolognese di 66 anni impossibilitata a proseguire per la stanchezza. Recuperata dal tecnico di elisoccorso con un verricello di una ventina di metri, la donna \u00e8 stata trasportata all&#8217;ospedale di Belluno per accertamenti.<\/p>\n<p>&nbsp;<\/p>\n<p>&nbsp;<\/p>\n<hr \/>\n<p>&nbsp;<\/p>\n<p>&nbsp;<\/p>\n<blockquote>\n<h3 style=\"text-align: left;\">RIUTILIZZO DELLE CASERME IN PROVINCIA, PER BOND AUSPICABILE LA COLLABORAZIONE PUBBLICO-PRIVATO.<\/h3>\n<\/blockquote>\n<p><strong><a class=\"dt-pswp-item\" href=\"https:\/\/www.radiopiu.net\/wordpress\/wp-content\/uploads\/2020\/06\/CASERMA-FANTUZZI.jpg\" data-dt-img-description=\"\" data-large_image_width=\"649\" data-large_image_height=\"426\"><img loading=\"lazy\" decoding=\"async\" class=\" wp-image-144841 alignleft\" src=\"https:\/\/www.radiopiu.net\/wordpress\/wp-content\/uploads\/2020\/06\/CASERMA-FANTUZZI-300x197.jpg\" alt=\"\" width=\"236\" height=\"154\" srcset=\"https:\/\/www.radiopiu.net\/wordpress\/wp-content\/uploads\/2020\/06\/CASERMA-FANTUZZI-300x197.jpg 300w, https:\/\/www.radiopiu.net\/wordpress\/wp-content\/uploads\/2020\/06\/CASERMA-FANTUZZI.jpg 649w\" sizes=\"auto, (max-width: 236px) 100vw, 236px\" \/><\/a>ROMA\u00a0<\/strong> \u00abSul riutilizzo delle caserme in provincia, ben venga la disponibilit\u00e0 del Ministero della Difesa. Ma ci vuole una certa attenzione\u00bb. Lo afferma Dario Bond, dopo l\u2019apertura sul tema da parte del ministro Lorenzo Guerini, in visita ieri a Belluno. \u00abSiamo di fronte a complessi molto grandi &#8211; prosegue il deputato bellunese di Forza Italia &#8211; il cui utilizzo \u00e8 quasi sempre di tipo comunale. E quindi pubblico. Di conseguenza, servono risorse particolarmente ingenti\u00bb. Due le strade da poter percorrere: \u00abO si cambia la legge e si mette in piedi una collaborazione tra pubblico e privato oppure \u00e8 necessario che, con i fondi legati al rilancio delle opere infrastrutturali, si pensi a un apposito capitolo per i centri citt\u00e0 in cui sorgono le caserme. E si possa erogare un finanziamento pubblico ai Comuni per la ristrutturazione e la sistemazione di questi importanti volumi. In caso contrario, c\u2019\u00e8 il rischio che rimangano inutilizzati\u00bb. Emblematici, in tal senso, i casi della Zannettelli a Feltre e Fantuzzi a Belluno: \u00abVanno create le condizioni per la sicurezza di finanziamento &#8211; conclude Bond &#8211; altrimenti \u00e8 meglio puntare sul \u201cmodello Banca d\u2019Italia\u201d, in cui il pubblico spacchetta i volumi e li mette sul mercato. A quel punto, prenderebbe forma la collaborazione pubblico-privata\u00bb.<\/p>\n<div class=\"page-title-head hgroup\"><\/div>\n<p>&nbsp;<\/p>\n<hr \/>\n<p>&nbsp;<\/p>\n<p><strong>PROVINCIALE 29 COL FALCON, PONTE SERRA-FALIER (Sovramonte): <\/strong>dal 14 settembre al 23 settembre (sabato e domenica escluso) dalle 8 alle 18 divieto di transito ai veicoli con massa superiore a 3,5 tonellate. Interdizione totale al transito veicolare in entrambi i sensi di marcia nelle fasce orarie: 830-10; 10.30-12; 14.10-16; 16.30-18, nelle altre ore senso unico alternato regolato da semaforo<\/p>\n<p><strong>PROVINCIALE 3 VALLE IMPERINA CORDE MOLE-VALLASIN (Gosaldo) <\/strong>proroga ordinanza: dalle 8 alle 11.45 e dalle 13.30 alle 17.30 fino al 16 settembre temporanee interruzioni alla viabilit\u00e0 fino a 30 minuti<\/p>\n<p><strong>641 PASSO FEDAIA, CAPANNA BILL <\/strong>Dal 14 settembre al 13 novembre deviazione su viabilit\u00e0 provvisoria con istituzione di senso unico alternato<\/p>\n<p>&nbsp;<\/p>\n<p>&nbsp;<\/p>\n<hr \/>\n<p>&nbsp;<\/p>\n<blockquote>\n<h3>QUATTRO NUOVE POSITIVITA&#8217; A BELLUNO, IN UNA STRUTTURA INTERESSATA DA UN FOCOLAIO TUTTI NEGATIVI<\/h3>\n<\/blockquote>\n<p>&nbsp;<\/p>\n<p><strong><img loading=\"lazy\" decoding=\"async\" class=\"alignleft\" src=\"https:\/\/www.radiopiu.net\/wordpress\/wp-content\/uploads\/2020\/03\/covid-ulss.jpg\" width=\"220\" height=\"165\" \/>BELLUNO <\/strong>I tamponi eseguiti\u00a0 tra gli ospiti di una struttura del territorio interessata da un focolaio sono risultati tutti negativi. Le ultime 24 ore di attivit\u00e0 laboratoristica hanno evidenziato quattro nuove positivit\u00e0: Un soggetto risultato positivo in seguito ad accesso al Pronto Soccorso per sintomi simil covid: isolato e gi\u00e0 eseguiti i primi tamponi sui contatti stretti in ambito familiare e lavorativo; Due donne di nazionalit\u00e0 straniera, gi\u00e0 isolate in seguito al rientro dal Paese d\u2019origine; Un giovane di nazionalit\u00e0 straniera gi\u00e0 isolato in quanto contatto di familiari positivi.<\/p>\n<p>&nbsp;<\/p>\n<p>&nbsp;<\/p>\n<p>&nbsp;<\/p>\n<p>&nbsp;<\/p>\n<p>&nbsp;<\/p>\n<hr \/>\n<p>&nbsp;<\/p>\n<blockquote class=\"wp-embedded-content\" data-secret=\"OMMpKh7t4x\"><p><a href=\"https:\/\/www.radiopiu.net\/wordpress\/12settembre\/\">CORONAVIRUS: AGGIORNAMENTO NAZIONALE 12 SETTEMBRE<\/a><\/p><\/blockquote>\n<p><iframe loading=\"lazy\" class=\"wp-embedded-content\" sandbox=\"allow-scripts\" security=\"restricted\" style=\"position: absolute; clip: rect(1px, 1px, 1px, 1px);\" title=\"&#8220;CORONAVIRUS: AGGIORNAMENTO NAZIONALE 12 SETTEMBRE&#8221; &#8212; Radio Pi\u00f9\" src=\"https:\/\/www.radiopiu.net\/wordpress\/12settembre\/embed\/#?secret=OMMpKh7t4x\" data-secret=\"OMMpKh7t4x\" width=\"600\" height=\"338\" frameborder=\"0\" marginwidth=\"0\" marginheight=\"0\" scrolling=\"no\"><\/iframe><\/p>\n<p>&nbsp;<\/p>\n<hr \/>\n<p>&nbsp;<\/p>\n<blockquote>\n<h2>\u00a0Il bollettino\u00a0 aggiornato. Sono<strong> 66 i nuovi contagi da Covid nelle ultime 12 ore<\/strong>, la maggior parte\u00a0 si registrano a Verona con 29,\u00a0 Vicenza 11\u00a0 Venezia 9. Zero contagi a Vo&#8217;. Non risultano nuove vittime da ieri.<\/h2>\n<\/blockquote>\n<a href=\"https:\/\/www.radiopiu.net\/wordpress\/wp-content\/uploads\/2020\/09\/Report-3.pdf\" class=\"pdfemb-viewer\" style=\"\" data-width=\"max\" data-height=\"max\" data-toolbar=\"top\" data-toolbar-fixed=\"on\">Report<\/a>\n<p>&nbsp;<\/p>\n<hr \/>\n<blockquote>\n<h3><\/h3>\n<h3>OPPORTUNITA&#8217; DA VENETO LAVORO, AMBITO BELLUNO<\/h3>\n<\/blockquote>\n<p><strong>LA VALLE <\/strong>\u00a0Sul sito Cliclavoroveneto \u00e8 pubblicato l\u2019avviso pubblico per l&#8217;avviamento a selezione richiesto dal comune di La Valle Agordina per la copertura di n. 1 posto a tempo parziale e determinato per il profilo professionale di &#8220;Operaio&#8221;, Cat. B1. Presentazione delle domande entro il 25 settembre esclusivamente attraverso il servizio CPI-ONLINE di Clic Lavoro Veneto.<\/p>\n<p>&nbsp;<\/p>\n<p>&nbsp;<\/p>\n<hr \/>\n<blockquote>\n<h3><\/h3>\n<h3>SCUOLA E COVID: DUE DRIVE-IN AD ACCESSO LIBERO PER TAMPONI<\/h3>\n<\/blockquote>\n<p><strong><img loading=\"lazy\" decoding=\"async\" class=\"alignleft\" src=\"https:\/\/www.radiopiu.net\/wordpress\/wp-content\/uploads\/2020\/05\/drivein1.jpg\" width=\"275\" height=\"205\" \/>BELLUNO<\/strong> L\u2019Ulss Dolomiti ha messo a punto un sistema organizzativo di sicurezza per eseguire rapidamente il tampone ai bambini, ai ragazzi e agli operatori della scuola che dovessero presentare una sintomatologia orientativa per Covid (febbre, tosse, difficolt\u00e0 respiratorie, congiuntivite, congestione nasale, sintomi gastrointestinali, alterazione improvvisa del gusto o dell\u2019olfatto). I due principali drive-in attivi sul territorio (Belluno- Ospedale San Martino e Feltre \u2013Borgo Ruga) saranno messi a disposizione da luned\u00ec 14 settembre, con accesso libero, semplificando il sistema di prenotazione, tutti i giorni dalle 8.30 alle 12.30 .Inoltre, in considerazione dell\u2019evoluzione del quadro epidemiologico, potranno essere attivate alcune ore di drive-in per tamponi scuola anche a Tai di Cadore e a Caprile a partire dal 5 ottobre. Durante l\u2019attivit\u00e0 dell\u2019accesso libero, verr\u00e0 garantita, in aggiunta all\u2019esecuzione dei tamponi per i soggetti frequentanti la scuola, in continuit\u00e0 con l\u2019attivit\u00e0 attuale, secondo i nuovi orari, l\u2019esecuzione dei tamponi raccomandata per i rientri dall\u2019estero (ormai molto contenuti). In caso di positivit\u00e0 al tampone, il Dipartimento di Prevenzione prender\u00e0 tutti i provvedimenti del caso specifico, in raccordo con le istituzioni scolastiche, e in adesione alle linee guida sul tema. L\u2019Azienda Dolomiti ha comunicato a tutte le Scuole pubbliche e private, ai Pediatri di Libera Scelta e ai Medici di Medicina Generale i nominativi di due \u201cReferenti COVID 19 per la Scuola\u201d, costantemente accessibili per supportare i dirigenti scolastici<\/p>\n<p>&nbsp;<\/p>\n<p>&nbsp;<\/p>\n<hr \/>\n<p>&nbsp;<\/p>\n<blockquote>\n<div class=\"page-title-head hgroup\">\n<h1 class=\"entry-title\">SCUOLA\u2026 DOMANDE E RISPOSTE<\/h1>\n<\/div>\n<\/blockquote>\n<blockquote><p>https:\/\/www.radiopiu.net\/wordpress\/scuola-domande-e-risposte\/<\/p>\n<p>&nbsp;<\/p><\/blockquote>\n<p><strong>\u00a0<\/strong><\/p>\n<hr \/>\n<blockquote>\n<h3><\/h3>\n<h3>AGLI STUDENTI BELLUNESI IL PRESIDENTE DELLA PROVINCIA ROBERTO PADRIN INVIA IL MESSAGGIO D&#8217;INIZIO ANNO SCOLASTICO<\/h3>\n<\/blockquote>\n<p><span style=\"font-size: 14pt;\"><em>Cari insegnanti, care famiglie, carissimi bambini e ragazzi,<\/em><\/span><br \/>\n<span style=\"font-size: 14pt;\"><em><a class=\"dt-pswp-item\" href=\"https:\/\/www.radiopiu.net\/wordpress\/wp-content\/uploads\/2015\/10\/roberto-padrin-2.jpg\" data-dt-img-description=\"\" data-large_image_width=\"201\" data-large_image_height=\"237\"><img loading=\"lazy\" decoding=\"async\" class=\"size-full wp-image-11554 alignleft\" src=\"https:\/\/www.radiopiu.net\/wordpress\/wp-content\/uploads\/2015\/10\/roberto-padrin-2.jpg\" alt=\"\" width=\"201\" height=\"237\" \/><\/a>siamo alla vigilia della prima campanella dell\u2019anno scolastico. Un giorno importante che segna l\u2019atteso ritorno della didattica in presenza, dopo mesi di distanziamento imposto. Un giorno carico di aspettative, di speranze e di prospettive. <\/em><\/span><br \/>\n<span style=\"font-size: 14pt;\"><em>Per molti sar\u00e0 il modo di rivedere amici e compagni. Per alcuni sar\u00e0 la primissima esperienza a scuola o in una nuova classe. Per altri sar\u00e0 l\u2019avvio dell\u2019anno che porta all\u2019esame di maturit\u00e0. Per tutti sar\u00e0 l\u2019occasione di imparare, di crescere, di stringere nuove amicizie, di diventare un po\u2019 di pi\u00f9 cittadini del mondo. Non possiamo negare che ci sia qualche timore, che sar\u00e0 un anno particolare, diverso dal solito sotto molti punti di vista. Ma proprio per questo sar\u00e0 necessario un pizzico di collaborazione in pi\u00f9, ingrediente fondamentale di tutti gli anni scolastici.<\/em><\/span><br \/>\n<span style=\"font-size: 14pt;\"><em>Bisogner\u00e0 continuare a rispettare alcune norme di buonsenso, per rendere pi\u00f9 agevole il lavoro di tutti e pi\u00f9 semplice e rapido il ritorno alla normalit\u00e0, che ci auguriamo possa avvenire in pochi mesi. Il senso di responsabilit\u00e0 sar\u00e0 fondamentale, esercizio di convivenza e componente irrinunciabile del vivere quotidiano, in classe e non solo. Servir\u00e0 un po\u2019 di pazienza da parte delle famiglie, chiamate a partecipare ancora di pi\u00f9 alla costruzione del processo formativo di ragazzi e bambini. Ci saranno spazi e modalit\u00e0 didattiche diverse, e non sempre sar\u00e0 semplice entrare subito nei meccanismi abituali della scuola. Ci vorr\u00e0 qualche settimana perch\u00e9 tutto vada a regime, e credo che valga la pena pazientare, visto il grande lavoro messo in campo negli ultimi mesi per predisporre aule e scuole rispondenti alle linee guida ministeriali oltre che alle esigenze della didattica. Da parte nostra, abbiamo messo in campo risorse economiche e umane per arrivare pronti il pi\u00f9 possibile all\u2019avvio. La Provincia, attraverso lavori di \u201cedilizia leggera\u201d nelle scuole superiori di sua competenza ha ridisegnato alcuni spazi, modificato alcune stanze interne e ricavato aule nuove. Serviranno ancora alcune settimane per l\u2019installazione dei moduli prefabbricati negli istituti che li hanno richiesti. Servir\u00e0 qualche settimana anche per la messa a punto del sistema di trasporto scolastico, su cui \u00e8 fondamentale la collaborazione di chi sale sullo scuolabus e sull\u2019autobus: mascherina e distanziamento saranno i compagni di viaggio a cui bisogner\u00e0 abituarsi. Anche i miei colleghi sindaci hanno profuso un impegno poderoso per rendere l\u2019inizio della scuola il pi\u00f9 semplice e normale possibile. <\/em><\/span><span style=\"font-size: 14pt;\"><em>Normale. Una parola che suona strana ed \u00e8 al tempo stesso carica di speranza dopo i lunghi mesi del lockdown imposto dalle condizioni della pandemia. Una parola che diventa augurio per tutti: per i dirigenti scolastici, chiamati a uno sforzo ulteriore quest\u2019anno; per gli insegnanti che hanno il compito di far crescere i talenti dei nostri ragazzi; per tutto il personale scolastico; per le famiglie; e soprattutto per i bambini e i ragazzi. Sono loro il futuro del nostro territorio e abbiamo il compito di farli crescere e di dare forma al loro presente. <\/em><\/span><br \/>\n<span style=\"font-size: 14pt;\"><em>Buon anno scolastico a tutti.<\/em><\/span><\/p>\n<p>&nbsp;<\/p>\n<blockquote>\n<h3><\/h3>\n<\/blockquote>\n<hr \/>\n<h3><\/h3>\n<blockquote>\n<h3>RIPRESA SCOLASTICA:\u00a0 IL NUOVO DIRIGENTE GIOVANNI PAOLO ZANIN DETTA LE REGOLE DA RISPETTARE PRIMA DI RECARSI A SCUOLA<\/h3>\n<\/blockquote>\n<p><strong><a class=\"dt-pswp-item\" href=\"https:\/\/www.radiopiu.net\/wordpress\/wp-content\/uploads\/2020\/02\/miglioramento-sismico_scuola_agordo_2.jpg\" data-dt-img-description=\"\" data-large_image_width=\"1280\" data-large_image_height=\"771\"><img loading=\"lazy\" decoding=\"async\" class=\"size-medium wp-image-117411 alignleft\" src=\"https:\/\/www.radiopiu.net\/wordpress\/wp-content\/uploads\/2020\/02\/miglioramento-sismico_scuola_agordo_2-300x181.jpg\" alt=\"\" width=\"300\" height=\"181\" srcset=\"https:\/\/www.radiopiu.net\/wordpress\/wp-content\/uploads\/2020\/02\/miglioramento-sismico_scuola_agordo_2-300x181.jpg 300w, https:\/\/www.radiopiu.net\/wordpress\/wp-content\/uploads\/2020\/02\/miglioramento-sismico_scuola_agordo_2-1024x617.jpg 1024w, https:\/\/www.radiopiu.net\/wordpress\/wp-content\/uploads\/2020\/02\/miglioramento-sismico_scuola_agordo_2-768x463.jpg 768w, https:\/\/www.radiopiu.net\/wordpress\/wp-content\/uploads\/2020\/02\/miglioramento-sismico_scuola_agordo_2.jpg 1280w\" sizes=\"auto, (max-width: 300px) 100vw, 300px\" \/><\/a>AGORDO<\/strong> Il dirigente scolastico Giovanni Paolo Zanin in occasione della ripresa scolastica informa: tutti hanno l\u2019obbligo di misurare la temperatura ogni mattina, prima di uscire di casa, e di rimanere al proprio domicilio in caso di febbre superiore a 37,5 \u00b0C. Anche in assenza di febbre, in caso di sintomi riferibili al Covid (come ad esempio tosse, difficolt\u00e0 respiratorie, congiuntivite, rinorrea\/congestione nasale, sintomi gastrointestinali (nausea\/vomito, diarrea), perdita\/alterazione improvvisa del gusto (ageusia\/disgeusia), perdita\/diminuzione improvvisa dell\u2019olfatto (anosmia\/iposmia), mal di gola, cefalea, mialgie,&#8230;) va valutata l\u2019opportunit\u00e0 di rimanere a casa, in caso di dubbio consultando telefonicamente il proprio medico di Medicina Generale \/Pediatra di Libera Scelta (PLS) o il Distretto sanitario territorialmente competente. La scuola inizier\u00e0 luned\u00ec 14 settembre: <strong>Istituto Comprensivo di Agordo <\/strong>(www.istitutocomprensivoagordo.it\/) Scuola secondaria di primo grado (\u201cmedia\u201d): da luned\u00ec 14 a mercoled\u00ec 16: inizio lezioni ore 8 \u2013 termine lezioni ore 10.55 <strong>Scuole Primarie Agordo <\/strong>dalle\u00a0 8 ALLE 13 <strong>Scuola primaria di La Valle<\/strong> dalle 7:50 alle 12:50 <strong>Scuola primaria di Gosaldo<\/strong> (marted\u00ec 15 chiuso per la festa del santo patrono) lunedi dalle 8 alle 13 <strong>Scuola primaria di Rivamonte<\/strong>\u00a0 dalle 7:45\u00a0 alle 12:45 <strong>Scuola primaria di Taibon<\/strong> dalle 8 alle 13 <strong>Scuola primaria di Voltago<\/strong> dalle 8 alle 13. <strong>Per le scuole dell\u2019infanzia<\/strong> arriveranno specifici avvisi alle famiglie. <strong>Istituto Comprensivo di Alleghe<\/strong> Scuola secondaria di primo grado (\u201cmedia\u201d) di Caprile: da luned\u00ec 14 a mercoled\u00ec 16: inizio lezioni 7.50 \u2013 termine\u00a0 ore 10.35 <strong>Scuola secondaria di primo grado (\u201cmedia\u201d) di Livinallogo<\/strong> da luned\u00ec 14 a\u00a0 Mercoled\u00ec 16 inizio lezioni\u00a0 8\u2013 termine lezioni ore 11. <strong>Scuola primaria di Alleghe<\/strong> luned\u00ec 14 e marted\u00ec 15: 7.55-12; da mercoled\u00ec 16: 7.55-12.55 <strong>Scuola primaria di Santa Fosca<\/strong> dal luned\u00ec al venerd\u00ec dalle 7.50 alle 12.50 <strong>Scuola primaria di Livinallongo del Col di Lana<\/strong>: dal luned\u00ec al sabato dalle 8 alle 13<\/p>\n<p>&nbsp;<\/p>\n<hr \/>\n<p>&nbsp;<\/p>\n<blockquote>\n<h3>AGGIORNAMENTO COVID19 , SPECIALE RIPRESA ANNO SCOLASTICO. LA CONFERENZA STAMPA DI ZAIA<\/h3>\n<h3><strong><span style=\"font-size: 14px;\">LEGGI LA CONFERENZA STAMPA DI ZAIA<\/span><\/strong><\/h3>\n<\/blockquote>\n<p><em>\u00abLuned\u00ec aprono le scuole, abbiamo registrato l&#8217;nquietudine delle famiglie di qui il\u00a0 punto stampa per spiegare come si riaprir\u00e0.<\/em><\/p>\n<p>Non esiste una emergenza ospedaliera in Veneto. Abbiamo micro focolai familiari e qualcuno aziendale, un asilo nido a Mussolente, nel Vicentino. Ma sono tutte situazioni sotto controllo.Tampone rapido per tutti gli scrutatori alle prossime elezioni. Scuola inizia lunedi sulla scorta delle decisioni nazionali non avendo la Regione autonomia decisionale. Quest&#8217;anno abbiamo deciso di aprire il 14 settembre, vedremo di sollecitare le scuole perch\u00e9 durante le elezioni restino chiuse il minimo indispensabile.\u00a0 Siamo chiamati anche ad applicare il piano di Sanit\u00e0 Pubblica su queste linee\u00a0 abbiamo fatto una battaglia che \u00e8 servita, le regole sono emanazione del Governo centrale.<\/p>\n<h3><span style=\"color: #ff0000;\">IL NUOVO ANNO SCOLASTICO<\/span>, mascherine, distanze e giocattoli comuni quelli portati da casa non possono essere scambiati con altri. La macchina della Sanit\u00e0 veneta \u00e8 allertata, saremo rapidi nell&#8217;intervenire quando e se si verificheranno casi di contagio.<\/h3>\n<blockquote><p><strong>LA DOTTORESSA FRANCESCA RUSSO RESP.DIP.PREVENZIONE\u00a0<\/strong> Ci troviamo come quando alla fine del lockdown sono state riaperte le attivit\u00e0 produttive il nostro impegno si basa sulle direttive nazionali. Come nelle attivit\u00e0 produttive la scuola andr\u00e0 ad individuare un responsabile un referente che si raccorda con le Aziende Sanitarie locali. Al tampone positivo scatta l&#8217;indagine epidemiologica per tutta la classe e il tracciamento diventa fondamentale. La mascherina va tenuta in tutti gli sportamenti dello studente dove non \u00e8 garantita la distanza minima di un metro, dal banco alla ricreazione, oppure in palestra o qualsiasi tipo di spostamento deve portare la mascherina (dai 6 anni in su) . Chi ha difficolt\u00e0 a tenere la mascherina sar\u00e0 valutato dall&#8217;insegnante di sostegno, che prevalga il buon senso e il docente indosser\u00e0 la visiera. A ricreazione si consumi il pasto a distanza di sicurezza e poi si muova con la mascherina. I giocattoli vengono utilizzati se della struttura purch\u00e9 continuamente disinfettati, l&#8217;orsacchiotto portato da casa non deve essere scambiato con altri. Misurazione della febbre fino ai 6 anni al momento dell&#8217;ingresso dell&#8217;asilo nido o scuola dell&#8217;infanzia, di qui si accetta o meno il bambino. Per gli altri non sar\u00e0 misura a scuola bens\u00ec a casa dai genitori (scuola primaria) bisognerebbe responsabilizzare i pi\u00f9 grandi a farlo da soli. SENSO RESPONSABILITA&#8217; deve essere dei genitori che non devono portare a scuola i bambini con sintomi che non si ripercuta sulla comunit\u00e0.<\/p><\/blockquote>\n<p><strong>L&#8217;ASSESSORE MANUELA LANZARIN <\/strong>La Regione ha coinvolto i medici e pediatri con un incontro a inizio settimana e ricevuto ieri le osservazioni rispetto ai tamponi rapidi che noi siamo disponibili a fornire in un certo numero per i pazienti.<\/p>\n<p>https:\/\/www.facebook.com\/zaiaufficiale\/videos\/729857027580086\/<\/p>\n<p>&nbsp;<\/p>\n<blockquote><p>&nbsp;<\/p><\/blockquote>\n<p>&nbsp;<\/p>\n<hr \/>\n<p>&nbsp;<\/p>\n<blockquote>\n<h3>LA MESSA A FORCELLA CAMP\u00a0 22 ANNI DOPO<\/h3>\n<\/blockquote>\n<p><strong>AGORDO<\/strong> Anche quest&#8217;anno si \u00e8 rinnovata la tradizione di celebrare la messa a Forcella Camp in occasione dell&#8217; anniversario della posa in opera del capitello da parte di un gruppo di volontari guidati da Giorgio Favero, che purtroppo quest&#8217; anno non ha potuto essere presente per motivi di salute.<\/p>\n\n\t\t\t<style type='text\/css'>\n\t\t\t\t#gallery-2 {\n\t\t\t\t\tmargin: auto;\n\t\t\t\t}\n\t\t\t\t#gallery-2 .gallery-item {\n\t\t\t\t\tfloat: left;\n\t\t\t\t\tmargin-top: 10px;\n\t\t\t\t\ttext-align: center;\n\t\t\t\t\twidth: 33%;\n\t\t\t\t}\n\t\t\t\t#gallery-2 img {\n\t\t\t\t\tborder: 2px solid #cfcfcf;\n\t\t\t\t}\n\t\t\t\t#gallery-2 .gallery-caption {\n\t\t\t\t\tmargin-left: 0;\n\t\t\t\t}\n\t\t\t\t\/* see gallery_shortcode() in wp-includes\/media.php *\/\n\t\t\t<\/style>\n\t\t<div id='gallery-2' class='dt-gallery-container gallery galleryid-160233 gallery-columns-3 gallery-size-thumbnail'><dl class='gallery-item'>\n\t\t\t\t<dt class='gallery-icon landscape'>\n\t\t\t\t\t<a class=\"rollover rollover-zoom dt-pswp-item\" title=\"119178201_10220585589607161_746063095949205136_o\" data-dt-img-description=\"\" data-large_image_width=\"960\" data-large_image_height=\"540\"href='https:\/\/www.radiopiu.net\/wordpress\/wp-content\/uploads\/2020\/09\/119178201_10220585589607161_746063095949205136_o.jpg'><img loading=\"lazy\" decoding=\"async\" width=\"150\" height=\"150\" src=\"https:\/\/www.radiopiu.net\/wordpress\/wp-content\/uploads\/2020\/09\/119178201_10220585589607161_746063095949205136_o-150x150.jpg\" class=\"attachment-thumbnail size-thumbnail\" alt=\"\" srcset=\"https:\/\/www.radiopiu.net\/wordpress\/wp-content\/uploads\/2020\/09\/119178201_10220585589607161_746063095949205136_o-150x150.jpg 150w, https:\/\/www.radiopiu.net\/wordpress\/wp-content\/uploads\/2020\/09\/119178201_10220585589607161_746063095949205136_o-125x125.jpg 125w, https:\/\/www.radiopiu.net\/wordpress\/wp-content\/uploads\/2020\/09\/119178201_10220585589607161_746063095949205136_o-200x200.jpg 200w, https:\/\/www.radiopiu.net\/wordpress\/wp-content\/uploads\/2020\/09\/119178201_10220585589607161_746063095949205136_o-80x80.jpg 80w\" sizes=\"auto, (max-width: 150px) 100vw, 150px\" \/><\/a>\n\t\t\t\t<\/dt><\/dl><dl class='gallery-item'>\n\t\t\t\t<dt class='gallery-icon landscape'>\n\t\t\t\t\t<a class=\"rollover rollover-zoom dt-pswp-item\" title=\"119176679_10220585589287153_7366046131825920660_o\" data-dt-img-description=\"\" data-large_image_width=\"960\" data-large_image_height=\"602\"href='https:\/\/www.radiopiu.net\/wordpress\/wp-content\/uploads\/2020\/09\/119176679_10220585589287153_7366046131825920660_o.jpg'><img loading=\"lazy\" decoding=\"async\" width=\"150\" height=\"150\" src=\"https:\/\/www.radiopiu.net\/wordpress\/wp-content\/uploads\/2020\/09\/119176679_10220585589287153_7366046131825920660_o-150x150.jpg\" class=\"attachment-thumbnail size-thumbnail\" alt=\"\" srcset=\"https:\/\/www.radiopiu.net\/wordpress\/wp-content\/uploads\/2020\/09\/119176679_10220585589287153_7366046131825920660_o-150x150.jpg 150w, https:\/\/www.radiopiu.net\/wordpress\/wp-content\/uploads\/2020\/09\/119176679_10220585589287153_7366046131825920660_o-125x125.jpg 125w, https:\/\/www.radiopiu.net\/wordpress\/wp-content\/uploads\/2020\/09\/119176679_10220585589287153_7366046131825920660_o-200x200.jpg 200w, https:\/\/www.radiopiu.net\/wordpress\/wp-content\/uploads\/2020\/09\/119176679_10220585589287153_7366046131825920660_o-80x80.jpg 80w\" sizes=\"auto, (max-width: 150px) 100vw, 150px\" \/><\/a>\n\t\t\t\t<\/dt><\/dl><dl class='gallery-item'>\n\t\t\t\t<dt class='gallery-icon landscape'>\n\t\t\t\t\t<a class=\"rollover rollover-zoom dt-pswp-item\" title=\"119187617_10220585778211876_5401338760274035815_o\" data-dt-img-description=\"\" data-large_image_width=\"960\" data-large_image_height=\"540\"href='https:\/\/www.radiopiu.net\/wordpress\/wp-content\/uploads\/2020\/09\/119187617_10220585778211876_5401338760274035815_o.jpg'><img loading=\"lazy\" decoding=\"async\" width=\"150\" height=\"150\" src=\"https:\/\/www.radiopiu.net\/wordpress\/wp-content\/uploads\/2020\/09\/119187617_10220585778211876_5401338760274035815_o-150x150.jpg\" class=\"attachment-thumbnail size-thumbnail\" alt=\"\" srcset=\"https:\/\/www.radiopiu.net\/wordpress\/wp-content\/uploads\/2020\/09\/119187617_10220585778211876_5401338760274035815_o-150x150.jpg 150w, https:\/\/www.radiopiu.net\/wordpress\/wp-content\/uploads\/2020\/09\/119187617_10220585778211876_5401338760274035815_o-125x125.jpg 125w, https:\/\/www.radiopiu.net\/wordpress\/wp-content\/uploads\/2020\/09\/119187617_10220585778211876_5401338760274035815_o-200x200.jpg 200w, https:\/\/www.radiopiu.net\/wordpress\/wp-content\/uploads\/2020\/09\/119187617_10220585778211876_5401338760274035815_o-80x80.jpg 80w\" sizes=\"auto, (max-width: 150px) 100vw, 150px\" \/><\/a>\n\t\t\t\t<\/dt><\/dl><br style=\"clear: both\" \/>\n\t\t\t<\/div>\n\n<p>&nbsp;<\/p>\n<hr \/>\n<blockquote>\n<h2><strong>Graffito di Dunio Piccolin a Palue di Rocca Pietore (Belluno): <\/strong><\/h2>\n<h3><strong>\u201cuna giornata a Palue\u201d<\/strong><\/h3>\n<p>&nbsp;<\/p><\/blockquote>\n<p>Vi \u00e8 un piccolo \u201cBorgo antico\u201d, quello di Palue di Rocca Pietore (Belluno), che cerca di rinascere dopo gli effetti della tempesta Vaia dell\u2019autunno 2018, che l\u2019ha invaso, in parte, di detriti sassosi, sfiorando una vera e propria tragedia. Da subito gli abitanti si sono rimboccati le maniche e, fin dove era possibile, hanno sistemato il loro caro borgo montano e tutt\u2019ora non si sono ancora fermati: molte sono le iniziative che lo hanno reso pi\u00f9 vivibile e decoroso arricchendolo di fiori durante l\u2019estate e di luci natalizie durante l\u2019inverno, aprendo i fienili al pubblico e organizzando mostre, piccoli concerti e iniziative di vario genere. E\u2019questo lo spirito che ha animato gli abitanti, riunitosi in un \u201cComitato per Palue\u201d, che hanno coinvolto l\u2019artista Dunio Piccolin invitatolo ad arricchire il borgo con la sua arte: Dunio in questi giorni ha terminato il primo graffito di 10 m\u00b2 sulla parete di un fienile visibile dalla strada principale, e l\u2019opera, intitolata \u201cUna giornata a Palue\u201d\u00a0 ricorda episodi quotidiani del passato nel paesello.Con questa opera artistica, che ha l\u2019intento di invitare i passanti a visitare il piccolo villaggio, la restaurazione di alcuni fienile, e le altre iniziative in programma, Palue si impreziosisce sempre pi\u00f9; sempre in questi giorni, all\u2019ingresso del paese, grazie all\u2019offerta di diverse associazioni degli alpini e realizzata degli operai del comune \u00e8 stata costruita una fontana, nello stesso punto dove precedentemente era collocata quella distrutta dalla tempesta Vaia. Il villaggio di Palue \u00e8 anche il punto di partenza per il sentiero che porta ai \u201cborghi dimenticati\u201d di Vallier e Albe, entrati da poco, grazie ad alcuni giovani, a far parte\u00a0 del progetto \u201cI Luoghi del Cuore\u201d patrocinato del FAI (Fondo Ambiente Italiano).<\/p>\n<p>&nbsp;<\/p>\n\n\t\t\t<style type='text\/css'>\n\t\t\t\t#gallery-3 {\n\t\t\t\t\tmargin: auto;\n\t\t\t\t}\n\t\t\t\t#gallery-3 .gallery-item {\n\t\t\t\t\tfloat: left;\n\t\t\t\t\tmargin-top: 10px;\n\t\t\t\t\ttext-align: center;\n\t\t\t\t\twidth: 25%;\n\t\t\t\t}\n\t\t\t\t#gallery-3 img {\n\t\t\t\t\tborder: 2px solid #cfcfcf;\n\t\t\t\t}\n\t\t\t\t#gallery-3 .gallery-caption {\n\t\t\t\t\tmargin-left: 0;\n\t\t\t\t}\n\t\t\t\t\/* see gallery_shortcode() in wp-includes\/media.php *\/\n\t\t\t<\/style>\n\t\t<div id='gallery-3' class='dt-gallery-container gallery galleryid-160233 gallery-columns-4 gallery-size-thumbnail'><dl class='gallery-item'>\n\t\t\t\t<dt class='gallery-icon portrait'>\n\t\t\t\t\t<a class=\"rollover rollover-zoom dt-pswp-item\" title=\"238055bb-3216-4639-a14d-9e979a9e9e85\" data-dt-img-description=\"\" data-large_image_width=\"524\" data-large_image_height=\"738\"href='https:\/\/www.radiopiu.net\/wordpress\/wp-content\/uploads\/2020\/09\/238055bb-3216-4639-a14d-9e979a9e9e85.jpg'><img loading=\"lazy\" decoding=\"async\" width=\"150\" height=\"150\" src=\"https:\/\/www.radiopiu.net\/wordpress\/wp-content\/uploads\/2020\/09\/238055bb-3216-4639-a14d-9e979a9e9e85-150x150.jpg\" class=\"attachment-thumbnail size-thumbnail\" alt=\"\" srcset=\"https:\/\/www.radiopiu.net\/wordpress\/wp-content\/uploads\/2020\/09\/238055bb-3216-4639-a14d-9e979a9e9e85-150x150.jpg 150w, https:\/\/www.radiopiu.net\/wordpress\/wp-content\/uploads\/2020\/09\/238055bb-3216-4639-a14d-9e979a9e9e85-125x125.jpg 125w, https:\/\/www.radiopiu.net\/wordpress\/wp-content\/uploads\/2020\/09\/238055bb-3216-4639-a14d-9e979a9e9e85-200x200.jpg 200w, https:\/\/www.radiopiu.net\/wordpress\/wp-content\/uploads\/2020\/09\/238055bb-3216-4639-a14d-9e979a9e9e85-80x80.jpg 80w\" sizes=\"auto, (max-width: 150px) 100vw, 150px\" \/><\/a>\n\t\t\t\t<\/dt><\/dl><dl class='gallery-item'>\n\t\t\t\t<dt class='gallery-icon portrait'>\n\t\t\t\t\t<a class=\"rollover rollover-zoom dt-pswp-item\" title=\"53118e0d-fe6f-4a54-b6ff-0f7182b4acac\" data-dt-img-description=\"\" data-large_image_width=\"1546\" data-large_image_height=\"2048\"href='https:\/\/www.radiopiu.net\/wordpress\/wp-content\/uploads\/2020\/09\/53118e0d-fe6f-4a54-b6ff-0f7182b4acac.jpg'><img loading=\"lazy\" decoding=\"async\" width=\"150\" height=\"150\" src=\"https:\/\/www.radiopiu.net\/wordpress\/wp-content\/uploads\/2020\/09\/53118e0d-fe6f-4a54-b6ff-0f7182b4acac-150x150.jpg\" class=\"attachment-thumbnail size-thumbnail\" alt=\"\" srcset=\"https:\/\/www.radiopiu.net\/wordpress\/wp-content\/uploads\/2020\/09\/53118e0d-fe6f-4a54-b6ff-0f7182b4acac-150x150.jpg 150w, https:\/\/www.radiopiu.net\/wordpress\/wp-content\/uploads\/2020\/09\/53118e0d-fe6f-4a54-b6ff-0f7182b4acac-125x125.jpg 125w, https:\/\/www.radiopiu.net\/wordpress\/wp-content\/uploads\/2020\/09\/53118e0d-fe6f-4a54-b6ff-0f7182b4acac-200x200.jpg 200w, https:\/\/www.radiopiu.net\/wordpress\/wp-content\/uploads\/2020\/09\/53118e0d-fe6f-4a54-b6ff-0f7182b4acac-80x80.jpg 80w\" sizes=\"auto, (max-width: 150px) 100vw, 150px\" \/><\/a>\n\t\t\t\t<\/dt><\/dl><dl class='gallery-item'>\n\t\t\t\t<dt class='gallery-icon portrait'>\n\t\t\t\t\t<a class=\"rollover rollover-zoom dt-pswp-item\" title=\"275d8fd1-f0a5-4df7-b134-eac71db5462f\" data-dt-img-description=\"\" data-large_image_width=\"1272\" data-large_image_height=\"1843\"href='https:\/\/www.radiopiu.net\/wordpress\/wp-content\/uploads\/2020\/09\/275d8fd1-f0a5-4df7-b134-eac71db5462f.jpg'><img loading=\"lazy\" decoding=\"async\" width=\"150\" height=\"150\" src=\"https:\/\/www.radiopiu.net\/wordpress\/wp-content\/uploads\/2020\/09\/275d8fd1-f0a5-4df7-b134-eac71db5462f-150x150.jpg\" class=\"attachment-thumbnail size-thumbnail\" alt=\"\" srcset=\"https:\/\/www.radiopiu.net\/wordpress\/wp-content\/uploads\/2020\/09\/275d8fd1-f0a5-4df7-b134-eac71db5462f-150x150.jpg 150w, https:\/\/www.radiopiu.net\/wordpress\/wp-content\/uploads\/2020\/09\/275d8fd1-f0a5-4df7-b134-eac71db5462f-125x125.jpg 125w, https:\/\/www.radiopiu.net\/wordpress\/wp-content\/uploads\/2020\/09\/275d8fd1-f0a5-4df7-b134-eac71db5462f-200x200.jpg 200w, https:\/\/www.radiopiu.net\/wordpress\/wp-content\/uploads\/2020\/09\/275d8fd1-f0a5-4df7-b134-eac71db5462f-80x80.jpg 80w\" sizes=\"auto, (max-width: 150px) 100vw, 150px\" \/><\/a>\n\t\t\t\t<\/dt><\/dl><dl class='gallery-item'>\n\t\t\t\t<dt class='gallery-icon portrait'>\n\t\t\t\t\t<a class=\"rollover rollover-zoom dt-pswp-item\" title=\"e14326ab-8675-405e-a51a-2d0a7707f13e\" data-dt-img-description=\"\" data-large_image_width=\"1495\" data-large_image_height=\"2048\"href='https:\/\/www.radiopiu.net\/wordpress\/wp-content\/uploads\/2020\/09\/e14326ab-8675-405e-a51a-2d0a7707f13e.jpg'><img loading=\"lazy\" decoding=\"async\" width=\"150\" height=\"150\" src=\"https:\/\/www.radiopiu.net\/wordpress\/wp-content\/uploads\/2020\/09\/e14326ab-8675-405e-a51a-2d0a7707f13e-150x150.jpg\" class=\"attachment-thumbnail size-thumbnail\" alt=\"\" srcset=\"https:\/\/www.radiopiu.net\/wordpress\/wp-content\/uploads\/2020\/09\/e14326ab-8675-405e-a51a-2d0a7707f13e-150x150.jpg 150w, https:\/\/www.radiopiu.net\/wordpress\/wp-content\/uploads\/2020\/09\/e14326ab-8675-405e-a51a-2d0a7707f13e-125x125.jpg 125w, https:\/\/www.radiopiu.net\/wordpress\/wp-content\/uploads\/2020\/09\/e14326ab-8675-405e-a51a-2d0a7707f13e-200x200.jpg 200w, https:\/\/www.radiopiu.net\/wordpress\/wp-content\/uploads\/2020\/09\/e14326ab-8675-405e-a51a-2d0a7707f13e-80x80.jpg 80w\" sizes=\"auto, (max-width: 150px) 100vw, 150px\" \/><\/a>\n\t\t\t\t<\/dt><\/dl><br style=\"clear: both\" \/>\n\t\t\t<\/div>\n\n<blockquote><p>&nbsp;<\/p><\/blockquote>\n<p>&nbsp;<\/p>\n<hr \/>\n<blockquote>\n<h3>ARMONIE 2020 \u2013 DECIMO ANNO OGGI A BOLZANO BELLUNESE<\/h3>\n<\/blockquote>\n<p><strong><a class=\"dt-pswp-item\" href=\"https:\/\/www.radiopiu.net\/wordpress\/wp-content\/uploads\/2020\/09\/ArmX-banner.jpg\" data-dt-img-description=\"\" data-large_image_width=\"1200\" data-large_image_height=\"582\"><img loading=\"lazy\" decoding=\"async\" class=\"size-medium wp-image-160235 alignright\" src=\"https:\/\/www.radiopiu.net\/wordpress\/wp-content\/uploads\/2020\/09\/ArmX-banner-300x146.jpg\" alt=\"\" width=\"300\" height=\"146\" srcset=\"https:\/\/www.radiopiu.net\/wordpress\/wp-content\/uploads\/2020\/09\/ArmX-banner-300x146.jpg 300w, https:\/\/www.radiopiu.net\/wordpress\/wp-content\/uploads\/2020\/09\/ArmX-banner-1024x497.jpg 1024w, https:\/\/www.radiopiu.net\/wordpress\/wp-content\/uploads\/2020\/09\/ArmX-banner-768x372.jpg 768w, https:\/\/www.radiopiu.net\/wordpress\/wp-content\/uploads\/2020\/09\/ArmX-banner-640x310.jpg 640w, https:\/\/www.radiopiu.net\/wordpress\/wp-content\/uploads\/2020\/09\/ArmX-banner.jpg 1200w\" sizes=\"auto, (max-width: 300px) 100vw, 300px\" \/><\/a>BELLUNO\u00a0<\/strong> Nel suo decimo anno di vita, Armonie \u2013 Belluno Dolomiti presenta l\u2019Orchestra DoLaMiTi diretta da Matteo Andri con il concerto \u201cBeethoven sui prati giocondi\u201d che si terr\u00e0 oggi\u00a0 alle 16.30 ai Prati di Fontana Calda a Gioz \u2013 Bolzano Bellunese \u2013 Belluno Il programma dedicato al 250\u00b0 anniversario dalla nascita di Beethoven \u00e8 cos\u00ec composto: Ludwig van Beethoven (arr. Matteo Andri). Dodici contraddanze WoO 14 Sinfonia n\u00b0 6 op. 68 \u201cPastorale\u201d I Allegro ma non troppo. Risveglio di piacevoli sensazioni all\u2019arrivo in campagna II Andante molto moto. Scena al ruscello III Allegro. Allegra riunione di campagnoli IV Allegro. Tuono e tempesta V Allegretto. Canto pastorale. Sentimenti di gioia e di riconoscenza dopo la tempesta. Il concerto \u00e8 andato tutto esaurito ad una settimana dall\u2019evento. La capienza \u00e8 limitata a 199 posti numerati disposti a terra nel grande prato secondo la normativa sul distanziamento sociale e sui quali vi invitiamo ad adagiare stuoie e coperte. Saranno comunque messe a disposizione alcune sedute su fieno per chi ha difficolt\u00e0 motorie. L\u2019ingresso \u00e8 gratuito, \u00e8 gradita l\u2019offerta a sostegno della manifestazione; in fase di accoglienza verranno raccolti i dati dei partecipanti e ci riserviamo di rilevare la temperatura corporea; vi ricordiamo che l\u2019uso delle mascherine \u00e8 obbligatorio. Parcheggio consigliato: Bolzano Bellunese \u2013 zona artigianale Via Sigi Lechner; i prati saranno da l\u00ec indicati e raggiungibili con passeggiata di 10\/15 minuti su strada e sterrato; lungo il percorso pur sotto la vostra responsabilit\u00e0, vi invitiamo ad evitare assembramenti.<\/p>\n<blockquote><p><a class=\"dt-pswp-item\" href=\"https:\/\/www.radiopiu.net\/wordpress\/wp-content\/uploads\/2020\/09\/sssss.jpg\" data-dt-img-description=\"\" data-large_image_width=\"1080\" data-large_image_height=\"679\"><img loading=\"lazy\" decoding=\"async\" class=\"size-medium wp-image-160237 alignleft\" src=\"https:\/\/www.radiopiu.net\/wordpress\/wp-content\/uploads\/2020\/09\/sssss-300x189.jpg\" alt=\"\" width=\"300\" height=\"189\" srcset=\"https:\/\/www.radiopiu.net\/wordpress\/wp-content\/uploads\/2020\/09\/sssss-300x189.jpg 300w, https:\/\/www.radiopiu.net\/wordpress\/wp-content\/uploads\/2020\/09\/sssss-1024x644.jpg 1024w, https:\/\/www.radiopiu.net\/wordpress\/wp-content\/uploads\/2020\/09\/sssss-768x483.jpg 768w, https:\/\/www.radiopiu.net\/wordpress\/wp-content\/uploads\/2020\/09\/sssss-640x402.jpg 640w, https:\/\/www.radiopiu.net\/wordpress\/wp-content\/uploads\/2020\/09\/sssss.jpg 1080w\" sizes=\"auto, (max-width: 300px) 100vw, 300px\" \/><\/a>Note della direzione artistica: Dei motivi per cui Armonie, nel suo decimo anno di vita non si \u00e8 fatto come siamo abituati a conoscerlo non ne voglio nemmeno parlare. Ma dei motivi per cui faremo almeno un concerto su un grande prato una domenica pomeriggio di settembre ho proprio voglia di raccontarlo\u2026 Facciamo il concerto perch\u00e9 bisogna trovare il modo di far suonare i musicisti, e il loro lavoro deve rimanere una priorit\u00e0, almeno per noi. E non si possono pi\u00f9 fare tante cose ma questa almeno si pu\u00f2 farla\u2026 \u00e8 un po\u2019 pi\u00f9 difficile e bisogna metterci un po\u2019 d\u2019immaginazione ma si pu\u00f2 fare. Facciamo il concerto perch\u00e9 \u00e8 il 250\u00b0 anniversario della nascita del compositore in assoluto pi\u00f9 bello da celebrare; e l\u2019anno scorso abbiamo intitolato La Nona stagione di Armonie alla sua pi\u00f9 grande sinfonia ma non avremmo mai pensato di dover rinunciare invece alla decima. L\u2019unica cosa che possiamo fare per farci perdonare da Beethoven, \u00e8 provare a nostro modo a fargli gli auguri di buon compleanno. Mia mamma poi, ci svegliava con Beethoven, le mattine luminose in cui ci si poteva svegliare tutti quanti a casa con calma e dopo, negli anni, se nella vita mi \u00e8 venuto fuori qualcosa di buono, quel qualcosa discende direttamente da quelle mattine. Alla memoria di Gioky \u00e8 dedicato questo concerto. Perch\u00e9 Matteo Andri mi aveva proposto un\u2018incursione dell\u2019orchestra DoLaMiTi ad Armonie prima che il mondo crollasse su se stesso e gli avevo detto: vediamo. Ma poi quando l\u2019ho coinvolto per questo progetto delicato ha capito tutto subito e anche di pi\u00f9. E non solo lui ma anche i suoi musicisti e questo per me \u00e8 stato commovente. Non \u00e8 nemmeno possibile dire come stanno bene un\u2019orchestra sinfonica (finalmente un\u2019orchestra!) nel prato aperto di Fontana Calda (finalmente Fontana Calda!) con la Pastorale di Beethoven (Dio quanto \u00e8 bella!) una domenica di settembre verso il tramonto. Non si riesce nemmeno a dire. Che si tratta di un\u2019orchestra, e giovanile, e bellunese e che ha gi\u00e0 saputo farsi valere e che si cimenter\u00e0 con un vero picco della musica sinfonica come la Sesta di Beethoven e che lo far\u00e0 a Gioz-Belluno l\u2018abbiamo gi\u00e0 detto? Il concerto si fa perch\u00e9 \u00e8 il decimo anno di vita Armonie e gi\u00e0 questo \u00e8 un miracolo; poi non sappiamo cosa sar\u00e0 di Armonie dopo, ma sono stati dieci anni bellissimi e questo ne \u00e8 il compendio.<\/p>\n<p>&nbsp;<\/p>\n<p>&nbsp;<\/p>\n<p>&nbsp;<\/p><\/blockquote>\n<hr \/>\n<p>&nbsp;<\/p>\n<blockquote>\n<h3>L&#8217;EMERGENZA COVID 19 PORTA ALL&#8217;ANNULLAMENTO DELLA MESSA PER I FIGLI SCOMPARSI<\/h3>\n<\/blockquote>\n<p><strong><a class=\"dt-pswp-item\" href=\"https:\/\/www.radiopiu.net\/wordpress\/wp-content\/uploads\/2016\/06\/genitorisemprelogo.png\" data-dt-img-description=\"\" data-large_image_width=\"200\" data-large_image_height=\"200\"><img loading=\"lazy\" decoding=\"async\" class=\"wp-image-20238 alignleft\" src=\"https:\/\/www.radiopiu.net\/wordpress\/wp-content\/uploads\/2016\/06\/genitorisemprelogo.png\" alt=\"\" width=\"93\" height=\"93\" \/><\/a>AGORDO<\/strong><\/p>\n<p><strong>DI GIANNI SANTOMASO\u00a0<\/strong><\/p>\n<audio class=\"wp-audio-shortcode\" id=\"audio-160233-2\" preload=\"none\" style=\"width: 100%;\" controls=\"controls\"><source type=\"audio\/mpeg\" src=\"https:\/\/www.radiopiu.net\/wordpress\/wp-content\/uploads\/2020\/09\/gianni-genitori-sempre.mp3?_=2\" \/><a href=\"https:\/\/www.radiopiu.net\/wordpress\/wp-content\/uploads\/2020\/09\/gianni-genitori-sempre.mp3\">https:\/\/www.radiopiu.net\/wordpress\/wp-content\/uploads\/2020\/09\/gianni-genitori-sempre.mp3<\/a><\/audio>\n<p>&nbsp;<\/p>\n<blockquote><p>&nbsp;<\/p><\/blockquote>\n<p>&nbsp;<\/p>\n<hr \/>\n<p>&nbsp;<\/p>\n<blockquote class=\"wp-embedded-content\" data-secret=\"ymWIOZsrpN\"><p><a href=\"https:\/\/www.radiopiu.net\/wordpress\/il-motogiro-abbraccia-le-dolomiti-martedi-a-feltre-cortina-agordo-falcade-e-alleghe\/\">IL MOTOGIRO ABBRACCIA LE DOLOMITI, MARTEDI A FELTRE  CORTINA, AGORDO, FALCADE E ALLEGHE<\/a><\/p><\/blockquote>\n<p><iframe loading=\"lazy\" class=\"wp-embedded-content\" sandbox=\"allow-scripts\" security=\"restricted\" style=\"position: absolute; clip: rect(1px, 1px, 1px, 1px);\" title=\"&#8220;IL MOTOGIRO ABBRACCIA LE DOLOMITI, MARTEDI A FELTRE  CORTINA, AGORDO, FALCADE E ALLEGHE&#8221; &#8212; Radio Pi\u00f9\" src=\"https:\/\/www.radiopiu.net\/wordpress\/il-motogiro-abbraccia-le-dolomiti-martedi-a-feltre-cortina-agordo-falcade-e-alleghe\/embed\/#?secret=ymWIOZsrpN\" data-secret=\"ymWIOZsrpN\" width=\"600\" height=\"338\" frameborder=\"0\" marginwidth=\"0\" marginheight=\"0\" scrolling=\"no\"><\/iframe><\/p>\n<h3>Nelle stesse date del Motogiro d&#8217;Italia ecco anche l&#8217;Autogiro, la corsa di auto d&#8217;epoca che celebra l&#8217;Italia dei motori e dell&#8217;artigianato. Martedi 15 nello scenario dolomitico con arrivo a Cortina e passaggio per l&#8217;Agordino<\/h3>\n<p>&nbsp;<\/p>\n<hr \/>\n<p>&nbsp;<\/p>\n<blockquote>\n<h3>PISCINEWS: ATTIVAMENTE AGORDINO AI BLOCCHI DELLA RIPARTENZA<\/h3>\n<\/blockquote>\n<p><strong><a class=\"dt-pswp-item\" href=\"https:\/\/www.radiopiu.net\/wordpress\/wp-content\/uploads\/2020\/05\/PISCINA-AGORDO.jpg\" data-dt-img-description=\"\" data-large_image_width=\"1600\" data-large_image_height=\"737\"><img loading=\"lazy\" decoding=\"async\" class=\" wp-image-140455 alignleft\" src=\"https:\/\/www.radiopiu.net\/wordpress\/wp-content\/uploads\/2020\/05\/PISCINA-AGORDO-300x138.jpg\" alt=\"\" width=\"265\" height=\"121\" srcset=\"https:\/\/www.radiopiu.net\/wordpress\/wp-content\/uploads\/2020\/05\/PISCINA-AGORDO-300x138.jpg 300w, https:\/\/www.radiopiu.net\/wordpress\/wp-content\/uploads\/2020\/05\/PISCINA-AGORDO-1024x472.jpg 1024w, https:\/\/www.radiopiu.net\/wordpress\/wp-content\/uploads\/2020\/05\/PISCINA-AGORDO-768x354.jpg 768w, https:\/\/www.radiopiu.net\/wordpress\/wp-content\/uploads\/2020\/05\/PISCINA-AGORDO-1536x708.jpg 1536w, https:\/\/www.radiopiu.net\/wordpress\/wp-content\/uploads\/2020\/05\/PISCINA-AGORDO.jpg 1600w\" sizes=\"auto, (max-width: 265px) 100vw, 265px\" \/><\/a>AGORDO<\/strong> <span style=\"color: #3d3d3d;\"><span style=\"font-family: Arial, serif;\"><span style=\"font-size: small;\"><span lang=\"it-IT\">Dopo una stagione estiva positiva, la Piscina Comprensoriale di Agordo, \u00e8 pronta a ripartire dal 14 settembre con le nuove attivit\u00e0 autunnali dedicate a grandi e piccini e garantite da istruttori qualificati. <\/span><\/span><\/span><\/span><span style=\"font-size: small; font-family: Arial, serif; color: #3d3d3d;\">Continuano i corsi della scuola di nuoto e perfezionamento per bambini e adulti, corsi baby (3-6 anni) e inizieranno nuovamente i corsi babyssimi (18-36 mesi) per accompagnare i pi\u00f9 piccoli ai primi approcci con l\u2019acqua.\u00a0<\/span><span style=\"color: #3d3d3d;\"><span style=\"font-family: Arial, serif;\"><span style=\"font-size: small;\"><span lang=\"it-IT\">Confermati anche tutti i corsi di acquafitness che prevedono diverse discipline che spaziano dall\u2019acquagym, alla ginnastica dolce, al circuit training con l\u2019uso di idro-bike, tapis roulant e step, attivit\u00e0 che si possono provare con un abbonamento a frequenza libera, che d\u00e0 la possibilit\u00e0 di provare tutta l\u2019offerta. <\/span><\/span><\/span><\/span><span style=\"font-family: Arial, serif; color: #3d3d3d; font-size: small;\">Il sabato dalle 8.45 alle 9.30 ci sar\u00e0 anche un nuovo corso gestanti rivolto alle donne in dolce attesa per migliorare la respirazione, la circolazione e il tono muscolare, alternando fasi di rilassamento. <\/span><span style=\"color: #3d3d3d;\"><span style=\"font-family: Arial, serif;\"><span style=\"font-size: small;\"><span lang=\"it-IT\">La piscina \u00e8 aperta tutti i giorni anche per il nuoto libero nei seguenti orari: luned\u00ec 9.30-21, marted\u00ec 19.30-21, mercoled\u00ec 9.30-21, gioved\u00ec 14-21, venerd\u00ec 19.30-21, sabato 9.30-20 e domenica 15-19 con possibilit\u00e0 di abbonamenti e agevolazioni per gruppi e famiglie. <\/span><\/span><\/span><\/span><span style=\"font-size: small; font-family: Arial, serif; color: #3d3d3d;\">Possibilit\u00e0 anche di lezioni individuali e attivit\u00e0 di riabilitazione e movimento in acqua con personale esperto in Fisioterapia e Scienze Motorie. <\/span><span style=\"color: #3d3d3d;\"><span style=\"font-family: Arial, serif;\"><span style=\"font-size: small;\"><span lang=\"it-IT\">Per info e prenotazioni 0437\/62406 o direttamente presso la segreteria della piscina di via Lungo Rova, aperta tutti i giorni. Pagina F<\/span><\/span><\/span><\/span><span style=\"color: #3d3d3d;\"><span style=\"font-family: Arial, serif;\"><span style=\"font-size: small;\">acebook Attivamente Agordino &#8211; Piscina &amp; Palestra Comprensoriale<\/span><\/span><\/span><\/p>\n<p>&nbsp;<\/p>\n<p>&nbsp;<\/p>\n<hr \/>\n<p>&nbsp;<\/p>\n<blockquote>\n<h3>SABATO 26 SETTEMBRE LA PRESENTAZIONE ALLO SKI COLLEGE<\/h3>\n<\/blockquote>\n<p><strong>FALCADE<\/strong> Sabato 26 settembre alle 14.30 al polo scolastico di Falcade, presso la Sala Polifunzionale Dolomiti di\u00a0 Via Trieste, saranno presentate le squadre agonistiche 2020-21 dello Ski College Veneto-Falcade.<\/p>\n<p>&nbsp;<\/p>\n<hr \/>\n<p>&nbsp;<\/p>\n<blockquote>\n<h3>CAI AGORDO IN ASSEMBLEA<\/h3>\n<\/blockquote>\n<p><strong>AGORDO<\/strong>\u00a0 L&#8217;Assemblea Annuale che doveva tenersi a marzo e gi\u00e0 rinviata, \u00e8 stata convocata per venerd\u00ec 18 settembre alle 18 nella Sala Convegni &#8220;Don Tamis&#8221;. Per le note limitazioni sanitarie, quest&#8217;anno la S. Messa ed il pranzo non si svolgeranno.<\/p>\n<p>&nbsp;<\/p>\n<p>&nbsp;<\/p>\n<p>&nbsp;<\/p>\n<hr \/>\n<p>&nbsp;<\/p>\n<p>&nbsp;<\/p>\n<p align=\"JUSTIFY\"><a class=\"dt-pswp-item\" href=\"https:\/\/www.radiopiu.net\/wordpress\/wp-content\/uploads\/2018\/09\/appuntamenti.jpeg\" data-dt-img-description=\"\" data-large_image_width=\"800\" data-large_image_height=\"100\"><img loading=\"lazy\" decoding=\"async\" class=\"aligncenter wp-image-61958 size-full\" src=\"https:\/\/www.radiopiu.net\/wordpress\/wp-content\/uploads\/2018\/09\/appuntamenti.jpeg\" alt=\"\" width=\"800\" height=\"100\" srcset=\"https:\/\/www.radiopiu.net\/wordpress\/wp-content\/uploads\/2018\/09\/appuntamenti.jpeg 800w, https:\/\/www.radiopiu.net\/wordpress\/wp-content\/uploads\/2018\/09\/appuntamenti-300x38.jpeg 300w, https:\/\/www.radiopiu.net\/wordpress\/wp-content\/uploads\/2018\/09\/appuntamenti-768x96.jpeg 768w\" sizes=\"auto, (max-width: 800px) 100vw, 800px\" \/><\/a><\/p>\n<h3 align=\"JUSTIFY\"><\/h3>\n<p>&nbsp;<\/p>\n<blockquote>\n<h3><\/h3>\n<\/blockquote>\n<blockquote>\n<h3>OCA IN TAVOLA PER LA RICOSTRUZIONE DI MALGA FOCA<\/h3>\n<\/blockquote>\n<p><a class=\"dt-pswp-item\" href=\"https:\/\/www.radiopiu.net\/wordpress\/wp-content\/uploads\/2020\/09\/7d67ef31-5329-4c87-a9ae-e6f170c76d31.jpg\" data-dt-img-description=\"\" data-large_image_width=\"1600\" data-large_image_height=\"1131\"><img loading=\"lazy\" decoding=\"async\" class=\" wp-image-159897 alignleft\" src=\"https:\/\/www.radiopiu.net\/wordpress\/wp-content\/uploads\/2020\/09\/7d67ef31-5329-4c87-a9ae-e6f170c76d31-300x212.jpg\" alt=\"\" width=\"245\" height=\"173\" srcset=\"https:\/\/www.radiopiu.net\/wordpress\/wp-content\/uploads\/2020\/09\/7d67ef31-5329-4c87-a9ae-e6f170c76d31-300x212.jpg 300w, https:\/\/www.radiopiu.net\/wordpress\/wp-content\/uploads\/2020\/09\/7d67ef31-5329-4c87-a9ae-e6f170c76d31-1024x724.jpg 1024w, https:\/\/www.radiopiu.net\/wordpress\/wp-content\/uploads\/2020\/09\/7d67ef31-5329-4c87-a9ae-e6f170c76d31-768x543.jpg 768w, https:\/\/www.radiopiu.net\/wordpress\/wp-content\/uploads\/2020\/09\/7d67ef31-5329-4c87-a9ae-e6f170c76d31-1536x1086.jpg 1536w, https:\/\/www.radiopiu.net\/wordpress\/wp-content\/uploads\/2020\/09\/7d67ef31-5329-4c87-a9ae-e6f170c76d31-640x452.jpg 640w, https:\/\/www.radiopiu.net\/wordpress\/wp-content\/uploads\/2020\/09\/7d67ef31-5329-4c87-a9ae-e6f170c76d31.jpg 1600w\" sizes=\"auto, (max-width: 245px) 100vw, 245px\" \/><\/a><strong>LA VALLE<\/strong> Un&#8217;altra iniziativa per raccogliere fondi per Malga Foca distrutta da un furioso incendio. Malga Calleda e l&#8217;azienda agricola di Michele Littam\u00e8 infatti ha organizzato per sabato 19 settembre alle 12.30 &#8220;l&#8217;oca in malga&#8221;, una giornata di degustazione e benessere con formaggi di malga e i prodotti di eccellenza a base d&#8217;oca con i migliori vini dei Colli Euganei. Capienza massima 45 persone, prenotazione obbligatoria al 3804198506 oppure 3466933177. Costo della giornata 25-30 euro, il ricavato sar\u00e0 devoluto in beneficenza. L&#8217;oca sar\u00e0 portata in malga da uno dei migliori allevatori del Veneto che si \u00e8 reso disponibile per cucinarla.<\/p>\n<h3><\/h3>\n<p>&nbsp;<\/p>\n<p>&nbsp;<\/p>\n<p>&nbsp;<\/p>\n<hr \/>\n<h3><\/h3>\n<h3>NUOVI ORARI PER LE VISTE AL CASTELLO DI ANDRAZ<\/h3>\n<p>Il Castello di Andraz, fino al 13 settembre, sar\u00e0 visitabile dal mercoled\u00ec alla domenica dalle 10 alle 12:30 e dalle 14:30 alle 18. Le visite guidate o libere vanno prenotate al 334 33 46 680 o via mail a info@castellodiandraz.it<\/p>\n<p>&nbsp;<\/p>\n<hr \/>\n<blockquote>\n<h3><\/h3>\n<h3>RIAPERTURA TOTALE DELLA BIBLIOTECA DI LIMANA<\/h3>\n<\/blockquote>\n<p><strong><a class=\"dt-pswp-item\" href=\"https:\/\/www.radiopiu.net\/wordpress\/wp-content\/uploads\/2020\/09\/hjfoopoeicdkklmd.jpg\" data-dt-img-description=\"\" data-large_image_width=\"327\" data-large_image_height=\"199\"><img loading=\"lazy\" decoding=\"async\" class=\"wp-image-160128 alignleft\" src=\"https:\/\/www.radiopiu.net\/wordpress\/wp-content\/uploads\/2020\/09\/hjfoopoeicdkklmd-300x183.jpg\" alt=\"\" width=\"211\" height=\"129\" srcset=\"https:\/\/www.radiopiu.net\/wordpress\/wp-content\/uploads\/2020\/09\/hjfoopoeicdkklmd-300x183.jpg 300w, https:\/\/www.radiopiu.net\/wordpress\/wp-content\/uploads\/2020\/09\/hjfoopoeicdkklmd.jpg 327w\" sizes=\"auto, (max-width: 211px) 100vw, 211px\" \/><\/a>LIMANA<\/strong> \u00a0E&#8217; di nuovo possibile accedere alle zone a scaffale aperto della Biblioteca di Limana e cercare quindi in autonomia i materiali desiderati. Potranno accedere agli scaffali: massimo 5 persone contemporaneamente nella sezione adulti; massimo 3 persone contemporaneamente nella sezione bambini\/ragazzi. Aumentano anche le postazioni per lo studio individuale, che salgono da 3 a 6. Viene riprestinata anche la zona ristoro, nel rispetto sempre delle distanze di sicurezza. Rimane sempre disponibile la piattaforma\u00a0 Medialibrary online per il prestito di ebook, audiolibri, film e consultazione dei quotidiani e delle riviste. Orario di apertura luned\u00ec 14.30\/18.30 mercoled\u00ec 8.30\/12.30 gioved\u00ec 14.30\/18.30 venerd\u00ec 14.30\/18.30. Attiva la quarantena di 10 giorni per tutto il materiale rientrato.<\/p>\n<p>&nbsp;<\/p>\n<hr \/>\n<h2><\/h2>\n<h2><span style=\"color: #ff0000;\">DUE MINUTI UN LIBRO<\/span><\/h2>\n<h2>LA RACCOLTA COMPLETA<\/h2>\n<blockquote class=\"wp-embedded-content\" data-secret=\"o07dQLsGbL\"><p><a href=\"https:\/\/www.radiopiu.net\/wordpress\/due-minuti-un-libro\/\">Due minuti un libro<\/a><\/p><\/blockquote>\n<p><iframe loading=\"lazy\" class=\"wp-embedded-content\" sandbox=\"allow-scripts\" security=\"restricted\" style=\"position: absolute; clip: rect(1px, 1px, 1px, 1px);\" title=\"&#8220;Due minuti un libro&#8221; &#8212; Radio Pi\u00f9\" src=\"https:\/\/www.radiopiu.net\/wordpress\/due-minuti-un-libro\/embed\/#?secret=o07dQLsGbL\" data-secret=\"o07dQLsGbL\" width=\"600\" height=\"338\" frameborder=\"0\" marginwidth=\"0\" marginheight=\"0\" scrolling=\"no\"><\/iframe><\/p>\n<p>&nbsp;<\/p>\n<hr \/>\n<p>&nbsp;<\/p>\n<div>\n<h2><\/h2>\n<h2><span style=\"color: #000080;\"><a class=\"dt-pswp-item\" href=\"https:\/\/www.radiopiu.net\/wordpress\/wp-content\/uploads\/2020\/07\/a8a8cbd6-9ca3-4f14-9e6a-43069c08cd84.jpg\" data-dt-img-description=\"\" data-large_image_width=\"960\" data-large_image_height=\"720\"><img loading=\"lazy\" decoding=\"async\" class=\"wp-image-151434 alignleft\" src=\"https:\/\/www.radiopiu.net\/wordpress\/wp-content\/uploads\/2020\/07\/a8a8cbd6-9ca3-4f14-9e6a-43069c08cd84-300x225.jpg\" alt=\"\" width=\"213\" height=\"160\" srcset=\"https:\/\/www.radiopiu.net\/wordpress\/wp-content\/uploads\/2020\/07\/a8a8cbd6-9ca3-4f14-9e6a-43069c08cd84-300x225.jpg 300w, https:\/\/www.radiopiu.net\/wordpress\/wp-content\/uploads\/2020\/07\/a8a8cbd6-9ca3-4f14-9e6a-43069c08cd84-768x576.jpg 768w, https:\/\/www.radiopiu.net\/wordpress\/wp-content\/uploads\/2020\/07\/a8a8cbd6-9ca3-4f14-9e6a-43069c08cd84.jpg 960w\" sizes=\"auto, (max-width: 213px) 100vw, 213px\" \/><\/a><\/span><\/h2>\n<h2><\/h2>\n<h2><span style=\"color: #000080;\">DON CESARE, IL PENSIERO DEL GIORNO. ALLA RADIO ALLE 7 DEL MATTINO E ALLE 19.30 DELLA SERA.\u00a0\u00a0<\/span><\/h2>\n<p>&nbsp;<\/p>\n<audio class=\"wp-audio-shortcode\" id=\"audio-160233-3\" preload=\"none\" style=\"width: 100%;\" controls=\"controls\"><source type=\"audio\/mpeg\" src=\"https:\/\/www.radiopiu.net\/wordpress\/wp-content\/uploads\/2020\/09\/CESARE-9.mp3?_=3\" \/><a href=\"https:\/\/www.radiopiu.net\/wordpress\/wp-content\/uploads\/2020\/09\/CESARE-9.mp3\">https:\/\/www.radiopiu.net\/wordpress\/wp-content\/uploads\/2020\/09\/CESARE-9.mp3<\/a><\/audio>\n<p>&nbsp;<\/p>\n<p>&nbsp;<\/p>\n<hr \/>\n<p>&nbsp;<\/p>\n<h2><span style=\"color: #008000;\">AGORDINOMERON&#8230;LA RACCOLTA<\/span><\/h2>\n<blockquote class=\"wp-embedded-content\" data-secret=\"wGilKDUZML\"><p><a href=\"https:\/\/www.radiopiu.net\/wordpress\/agordinomeron\/\">AGORDINOMERON, IL TERRITORIO SI RACCONTA Da un&#8217;idea di Gianni Santomaso<\/a><\/p><\/blockquote>\n<p><iframe loading=\"lazy\" class=\"wp-embedded-content\" sandbox=\"allow-scripts\" security=\"restricted\" style=\"position: absolute; clip: rect(1px, 1px, 1px, 1px);\" title=\"&#8220;AGORDINOMERON, IL TERRITORIO SI RACCONTA Da un&#8217;idea di Gianni Santomaso&#8221; &#8212; Radio Pi\u00f9\" src=\"https:\/\/www.radiopiu.net\/wordpress\/agordinomeron\/embed\/#?secret=wGilKDUZML\" data-secret=\"wGilKDUZML\" width=\"600\" height=\"338\" frameborder=\"0\" marginwidth=\"0\" marginheight=\"0\" scrolling=\"no\"><\/iframe><\/p>\n<p>&nbsp;<\/p>\n<hr \/>\n<p>&nbsp;<\/p>\n<p>&nbsp;<\/p>\n<h2><span style=\"color: #ff00ff;\">ZAINO DA VIAGGIO AL FEMMINILE DI PAOLA LANCIATO<\/span><\/h2>\n<h1>LA RACCOLTA COMPLETA<\/h1>\n<blockquote class=\"wp-embedded-content\" data-secret=\"SpAQarEWCj\"><p><a href=\"https:\/\/www.radiopiu.net\/wordpress\/zaino-femminile-lanciato\/\">Zaino da viaggio al femminile<\/a><\/p><\/blockquote>\n<p><iframe loading=\"lazy\" class=\"wp-embedded-content\" sandbox=\"allow-scripts\" security=\"restricted\" style=\"position: absolute; clip: rect(1px, 1px, 1px, 1px);\" title=\"&#8220;Zaino da viaggio al femminile&#8221; &#8212; Radio Pi\u00f9\" src=\"https:\/\/www.radiopiu.net\/wordpress\/zaino-femminile-lanciato\/embed\/#?secret=SpAQarEWCj\" data-secret=\"SpAQarEWCj\" width=\"600\" height=\"338\" frameborder=\"0\" marginwidth=\"0\" marginheight=\"0\" scrolling=\"no\"><\/iframe><\/p>\n<hr \/>\n<p>&nbsp;<\/p>\n<h2><span style=\"color: #33cccc;\">I RACCONTI DI PAOLO SOPPELSA il lunedi alle 9.30 e 18.30<\/span><\/h2>\n<h2><span style=\"color: #33cccc;\"><strong>LA RACCOLTA COMPLETA<\/strong><\/span><\/h2>\n<blockquote class=\"wp-embedded-content\" data-secret=\"1JPNBwy2or\"><p><a href=\"https:\/\/www.radiopiu.net\/wordpress\/i-racconti-di-paolo-soppelsa\/\">I racconti di Paolo Soppelsa<\/a><\/p><\/blockquote>\n<p><iframe loading=\"lazy\" class=\"wp-embedded-content\" sandbox=\"allow-scripts\" security=\"restricted\" style=\"position: absolute; clip: rect(1px, 1px, 1px, 1px);\" title=\"&#8220;I racconti di Paolo Soppelsa&#8221; &#8212; Radio Pi\u00f9\" src=\"https:\/\/www.radiopiu.net\/wordpress\/i-racconti-di-paolo-soppelsa\/embed\/#?secret=1JPNBwy2or\" data-secret=\"1JPNBwy2or\" width=\"600\" height=\"338\" frameborder=\"0\" marginwidth=\"0\" marginheight=\"0\" scrolling=\"no\"><\/iframe><\/p>\n<p>&nbsp;<\/p>\n<p>&nbsp;<\/p>\n<p><a class=\"dt-pswp-item\" href=\"https:\/\/www.radiopiu.net\/wordpress\/wp-content\/uploads\/2018\/09\/viabilita.jpeg\" data-dt-img-description=\"\" data-large_image_width=\"800\" data-large_image_height=\"100\"><img loading=\"lazy\" decoding=\"async\" class=\"aligncenter wp-image-61954 size-full\" src=\"https:\/\/www.radiopiu.net\/wordpress\/wp-content\/uploads\/2018\/09\/viabilita.jpeg\" alt=\"\" width=\"800\" height=\"100\" srcset=\"https:\/\/www.radiopiu.net\/wordpress\/wp-content\/uploads\/2018\/09\/viabilita.jpeg 800w, https:\/\/www.radiopiu.net\/wordpress\/wp-content\/uploads\/2018\/09\/viabilita-300x38.jpeg 300w, https:\/\/www.radiopiu.net\/wordpress\/wp-content\/uploads\/2018\/09\/viabilita-768x96.jpeg 768w\" sizes=\"auto, (max-width: 800px) 100vw, 800px\" \/><\/a><\/p>\n<\/div>\n<p><strong>SP 7 DI ZOPPE&#8217; <\/strong>fino al 25 settembre, esclusi sabato e domenica, dalle 7:30 alle 12 e dalle 13 alle 17:30, temporanee interruzioni al traffico della durata massima di 30 minuti in comune di Val Di Zoldo per rifacimento rete idrica e fognaria<\/p>\n<p><strong>SR 203 AGORDINA<\/strong>\u00a0 fino\u00a0 al 16 settembre, dalle 19 alle 6, senso unico alternato regolato da movieri alla galleria di Listolade a Taibon Agordino per asfaltatura<\/p>\n<p><strong>SP 30 PANORAMICA DEL COMELICO<\/strong> fino al 2 ottobre, esclusi sabati e domeniche, interdizione totale alla viabilit\u00e0 in entrambi i sensi di marcia tra Costa e Costalissoi per messa in sicurezza strada<\/p>\n<p><strong>SP 20 VAL FIORENTINA<\/strong> Fino al 15 settembre, esclusi sabati e domeniche, senso unico alternato in localit\u00e0 Solator di Selva Di Cadore per allargamento carreggiata<\/p>\n<p><strong>SP 641 PASSO FEDAIA<\/strong> A\u00a0 Capanna Bill e\u00a0 a Col di Rocca\u00a0 fino al\u00a0 30 settembre senso unico alternato regolato da semaforo.<\/p>\n<p><strong>REGIONALE 203 AGORDINA<\/strong> Fino al 30 settembre (sabato e domenica esclusi) tra Candaten e La Stanga dalle 7.30 alle 9 e dalle 16.30 alle 18 con movieri e negli altri orari con semaforo, senso unico alternato.<\/p>\n<div>\n<p><strong>SR 48 DELLE DOLOMITI<\/strong> FINO\u00a0 AL 30 SETTEMBRE, DALLE 7 ALLE 17, ESCLUSI SABATO E DOMENICA, SALTUARIA ISTITUZIONE DI SENSO UNICO ALTERNATO REGOLATO DA MOVIERI PER PERIODI CONTINUATIVI NON SUPERIORI A 10 MINUTI NEI COMUNI DI CORTINA ED AURONZO DI CADORE PER CARICO SCARICO MATERIALI NECESSARI PER LA POSA DELL&#8217;ELTRODOTTO INTERRATO<\/p>\n<p><strong>SR 48 DELLE DOLOMITI<\/strong>\u00a0 Fino al 30 settembre in localit\u00e0 Pocol (Cortina) senso unico alternato, esclusi sabato e domenica<\/p>\n<p><strong>SR 48 DELLE DOLOMITI<\/strong>\u00a0 Fino al 9 ottobre senso unico alternato in localit\u00e0 Cernadoi, escluso sabato e domeniche<\/p>\n<p><strong>SR 48 DELLE DOLOMITI<\/strong> Fino\u00a0 al 30 settembre esclusi sabato e domenica senso unico alternato tra Cernadoi e Pian Falzarego<\/p>\n<p><strong>SP 7 DI ZOPPE&#8217; DI CADORE,<\/strong> SENSO UNICO ALTERNATO REGOLATO DA MOVIERI CON BREVI INTERRUZIONI DI MASSIMO 10 MINUTI FINO\u00a0 AL 18 SETTEMBRE, DALLE 7:30 ALLE 17:30 ESCLUSI SABATI, DOMENICHE E FESTIVI INFRASETTIMANALI, PER MESSA IN SICUREZZA DELLA SEDE STRADALE<\/p>\n<p><strong>SP 1 MADONNA DEL PIAVE<\/strong>\u00a0fino a revoca, senso unico alternato regolato da semaforo in localit\u00e0 Caorera di Quero Vas per lavori di messa in sicurezza piano viabile<\/p>\n<p>&nbsp;<\/p>\n<p class=\"photoswipe-wrapper\"><a class=\"dt-pswp-item pspw-wrap-ready\" href=\"https:\/\/i0.wp.com\/www.radiopiu.net\/wordpress\/wp-content\/uploads\/2018\/09\/WhatsApp-Image-2018-09-20-at-16.04.06.jpeg?ssl=1\" data-dt-img-description=\"\" data-large_image_width=\"800\" data-large_image_height=\"100\"><img loading=\"lazy\" decoding=\"async\" class=\"aligncenter wp-image-61378 size-full jetpack-lazy-image jetpack-lazy-image--handled\" src=\"https:\/\/i0.wp.com\/www.radiopiu.net\/wordpress\/wp-content\/uploads\/2018\/09\/WhatsApp-Image-2018-09-20-at-16.04.06.jpeg?resize=800%2C100&amp;ssl=1\" sizes=\"auto, (max-width: 800px) 100vw, 800px\" srcset=\"https:\/\/i0.wp.com\/www.radiopiu.net\/wordpress\/wp-content\/uploads\/2018\/09\/WhatsApp-Image-2018-09-20-at-16.04.06.jpeg?w=800&amp;ssl=1 800w, https:\/\/i0.wp.com\/www.radiopiu.net\/wordpress\/wp-content\/uploads\/2018\/09\/WhatsApp-Image-2018-09-20-at-16.04.06.jpeg?resize=300%2C38&amp;ssl=1 300w, https:\/\/i0.wp.com\/www.radiopiu.net\/wordpress\/wp-content\/uploads\/2018\/09\/WhatsApp-Image-2018-09-20-at-16.04.06.jpeg?resize=768%2C96&amp;ssl=1 768w\" alt=\"\" width=\"800\" height=\"100\" data-lazy-loaded=\"1\" \/><\/a><\/p>\n<\/div>\n<p>&nbsp;<\/p>\n<p><center><b>Domenica 13<\/b><\/center><b>Tempo atteso: <\/b>Tempo ben soleggiato con sole, cielo perlopi\u00f9 sereno, aria tersa ed ottima visibilit\u00e0. Non escluso qualche locale banco di nebbia mattutina in alcuni fondovalle prealpini. L&#8217;atmosfera piuttosto secca determiner\u00e0 uno scarso sviluppo di cumuli pomeridiani, che rimarranno al pi\u00f9 modesti. Temperature diurne molto miti in quota e tardo-estive nelle valli, superiori alla norma.<br \/>\n<b>Precipitazioni: <\/b>Assenti (0%).<br \/>\n<b>Temperature: <\/b>In generale lieve ripresa, eccetto stazionariet\u00e0 delle minime nelle valli. Sono previste punte di 27\/29\u00b0C nei fondovalle prealpini e di 23\/25\u00b0C a 1000\/1200 m. Su Prealpi a 1500 m min 15\u00b0C max 18\u00b0C, a 2000 m min 11\u00b0C max 14\u00b0C. Su Dolomiti a 2000 m min 10\u00b0C max 16\u00b0C, a 3000 m min 4\u00b0C max 7\u00b0C.<br \/>\n<b>Venti: <\/b>Nelle valli deboli a regime di brezza, localmente e a tratti moderati su alcuni settori; in quota deboli da nord-est, in lieve rinforzo alla sera, a 5-10 km\/h a 2000 m e 10-20 km\/h a 3000 m.<\/p>\n<hr \/>\n<p><center><b>Lunedi 14<\/b><\/center><b>Tempo atteso: <\/b>Sole e cielo perlopi\u00f9 sereno o al pi\u00f9 poco nuvoloso per qualche velatura del cielo e modesti cumuli durante le ore pi\u00f9 calde. Aria tersa ed ottima visibilit\u00e0 in quota. Non esclusa qualche locale nebbia mattutina in Valbelluna e sugli altopiani prealpini. Temperature diurne tardo-estive e superiori alla norma a tutte le quote.<br \/>\n<b>Precipitazioni: <\/b>Assenti (0%).<br \/>\n<b>Temperature: <\/b>Senza variazioni di rilievo, o in lieve aumento in alta quota. Su Prealpi a 1500 m min 15\u00b0C max 18\u00b0C, a 2000 m min 11\u00b0C max 14\u00b0C. Su Dolomiti a 2000 m min 10\u00b0C max 16\u00b0C, a 3000 m min 7\u00b0C max 9\u00b0C.<br \/>\n<b>Venti: <\/b>Nelle valli deboli a regime di brezza, localmente e a tratti moderati su alcuni settori; in quota da deboli a moderati orientali, a 10-20 km\/h a 2000 m e 15-30 km\/h a 3000 m.<\/p>\n<hr \/>\n<p><center><b>Martedi 15<\/b><\/center>Tempo stabile con sole, cielo sereno o poco nuvoloso per sottili velature, con aria tersa ed ottima visibilit\u00e0 in montagna. Non escluso qualche locale banco di nebbia mattutina in alcuni fondovalle prealpini. Temperature diurne tardo-estive e superiori alla norma a tutte le quote, nonostante una lieve flessione termica. Venti a regime di brezza nelle valli; deboli\/moderati dai quadranti orientali in quota.<\/p>\n<hr \/>\n<p><center><b>Mercoledi 16<\/b><\/center>Ancora una giornata in prevalenza soleggiata, con cielo perlopi\u00f9 sereno al mattino, e poco nuvoloso per qualche cumulo al pomeriggio, quando qualche sporadico fenomeno di instabilit\u00e0 non sar\u00e0 escluso del tutto; temperature diurne senza variazioni di rilievo e sopra la norma del periodo. Previsore: G.M.<\/p>\n<hr \/>\n<p>&nbsp;<\/p>\n<p>&nbsp;<\/p>\n<p><a class=\"dt-pswp-item\" href=\"https:\/\/www.radiopiu.net\/wordpress\/wp-content\/uploads\/2018\/09\/sport.jpg\" data-dt-img-description=\"\" data-large_image_width=\"800\" data-large_image_height=\"100\"><img loading=\"lazy\" decoding=\"async\" class=\"alignnone wp-image-60761 size-full\" src=\"https:\/\/www.radiopiu.net\/wordpress\/wp-content\/uploads\/2018\/09\/sport.jpg\" alt=\"\" width=\"800\" height=\"100\" srcset=\"https:\/\/www.radiopiu.net\/wordpress\/wp-content\/uploads\/2018\/09\/sport.jpg 800w, https:\/\/www.radiopiu.net\/wordpress\/wp-content\/uploads\/2018\/09\/sport-300x38.jpg 300w, https:\/\/www.radiopiu.net\/wordpress\/wp-content\/uploads\/2018\/09\/sport-768x96.jpg 768w\" sizes=\"auto, (max-width: 800px) 100vw, 800px\" \/><\/a><\/p>\n<p>&nbsp;<\/p>\n<blockquote>\n<h2>IL CAMPO DI CALCIO DI TAIBON, &#8220;GIOIELLO&#8221; ANCHE PER GLI ALLENAMENTI IMPORTANTI<\/h2>\n<\/blockquote>\n<p><a class=\"dt-pswp-item\" href=\"https:\/\/www.radiopiu.net\/wordpress\/wp-content\/uploads\/2020\/09\/image.jpg\" data-dt-img-description=\"\" data-large_image_width=\"978\" data-large_image_height=\"536\"><img loading=\"lazy\" decoding=\"async\" class=\"size-medium wp-image-160260 alignleft\" src=\"https:\/\/www.radiopiu.net\/wordpress\/wp-content\/uploads\/2020\/09\/image-300x164.jpg\" alt=\"\" width=\"300\" height=\"164\" srcset=\"https:\/\/www.radiopiu.net\/wordpress\/wp-content\/uploads\/2020\/09\/image-300x164.jpg 300w, https:\/\/www.radiopiu.net\/wordpress\/wp-content\/uploads\/2020\/09\/image-768x421.jpg 768w, https:\/\/www.radiopiu.net\/wordpress\/wp-content\/uploads\/2020\/09\/image-640x351.jpg 640w, https:\/\/www.radiopiu.net\/wordpress\/wp-content\/uploads\/2020\/09\/image.jpg 978w\" sizes=\"auto, (max-width: 300px) 100vw, 300px\" \/><\/a><strong>TAIBON<\/strong> Il campo di calcio &#8220;Cesare Scatena&#8221; in riva al Tegnas si fa apprezzare sempre pi\u00f9. La scorsa settimana ha ospitato i ragazzi di mister Lauria del Belluno Calcio di serie D. Un allenamento importante, mattutino in attesa del triangolare dedicato a SIlvano Mosca. In questo fine settimana si allena la squadra di calcio Sanmartinese di Mirandola (Modena). Oggi\u00a0 alle 15.30 amichevole col la squadra del Gruppo Sportivo Taibon. Il paese dispone della struttura principale, dotata di illuminazione artificiale e un secondo tampo in sintetico aperto h24 per tutti i ragazzi che desiderano tirare quattro calci ad un pallone. Difficilmente durante il giorno di sole capita di non vedere qualcuno che gioca nell&#8217;importante struttura ben tenuta dal locale Gruppo Sportivo.<\/p>\n<p>&nbsp;<\/p>\n<p>&nbsp;<\/p>\n<p>&nbsp;<\/p>\n<p>&nbsp;<\/p>\n<hr \/>\n<p>&nbsp;<\/p>\n<blockquote>\n<h3>A FALCADE LO SLALOM SPECIALE MORDE L&#8217;ASFALTO<\/h3>\n<\/blockquote>\n<p><strong><a class=\"dt-pswp-item\" href=\"https:\/\/www.radiopiu.net\/wordpress\/wp-content\/uploads\/2020\/09\/2197eef9-5df6-4c5b-bf1b-d42f52c98658.jpg\" data-dt-img-description=\"\" data-large_image_width=\"1001\" data-large_image_height=\"1457\"><img loading=\"lazy\" decoding=\"async\" class=\" wp-image-160151 alignleft\" src=\"https:\/\/www.radiopiu.net\/wordpress\/wp-content\/uploads\/2020\/09\/2197eef9-5df6-4c5b-bf1b-d42f52c98658-206x300.jpg\" alt=\"\" width=\"161\" height=\"234\" srcset=\"https:\/\/www.radiopiu.net\/wordpress\/wp-content\/uploads\/2020\/09\/2197eef9-5df6-4c5b-bf1b-d42f52c98658-206x300.jpg 206w, https:\/\/www.radiopiu.net\/wordpress\/wp-content\/uploads\/2020\/09\/2197eef9-5df6-4c5b-bf1b-d42f52c98658-704x1024.jpg 704w, https:\/\/www.radiopiu.net\/wordpress\/wp-content\/uploads\/2020\/09\/2197eef9-5df6-4c5b-bf1b-d42f52c98658-768x1118.jpg 768w, https:\/\/www.radiopiu.net\/wordpress\/wp-content\/uploads\/2020\/09\/2197eef9-5df6-4c5b-bf1b-d42f52c98658-330x480.jpg 330w, https:\/\/www.radiopiu.net\/wordpress\/wp-content\/uploads\/2020\/09\/2197eef9-5df6-4c5b-bf1b-d42f52c98658.jpg 1001w\" sizes=\"auto, (max-width: 161px) 100vw, 161px\" \/><\/a>FALCADE<\/strong> Il 20 settembre in localit\u00e0 Molino terza tappa di &#8220;Inline alpine&#8221; di Coppa Italia dopo Nembro e Montecatini. La disciplina lega lo sci alpino ai roller, \u00e8 nata negli anni 80 e ha avuto successo sopratutto in Germania e Spagna. Lo slalom speciale sull&#8217;asfalto sar\u00e0 uno spettacolo\u00a0 in via Scola a Molino. Saranno presenti tutte le categorie dagli under 7 ai senior master, ci sar\u00e0 tutta la nazionale italiana con i suoi 8 elementi , 4 donne e 4 uomini.<\/p>\n<blockquote><p><em>&#8220;Sono felice di portare l&#8217;inline alpine a Falcade &#8211; dice l&#8217;organizzatore Andrea Gallina &#8211; conoscere e vedere questi atleti sono certo che avviciner\u00e0 nuovi atleti dello sci alpino ad allenarsi con il roller d&#8217;estate, \u00e8 divertente e molto utile , oltre al roller si potr\u00e0\u00a0 vedere anche il nuovo attrezzo per\u00a0 scarponi da sci skiroad e.. le ruote agli scarponi&#8221;. <\/em><\/p><\/blockquote>\n<p>Dopo le gara sull&#8217;asfalto tutti gli atleti si cimenteranno sulla pista neveplast e daranno vita alla sfida di partenze con lo start contest Equipe organizzato dalla scuola sci di Fulvio Valt.<\/p>\n<h3>SULL&#8217;ASFALTO&#8230;.<\/h3>\n\n\t\t\t<style type='text\/css'>\n\t\t\t\t#gallery-4 {\n\t\t\t\t\tmargin: auto;\n\t\t\t\t}\n\t\t\t\t#gallery-4 .gallery-item {\n\t\t\t\t\tfloat: left;\n\t\t\t\t\tmargin-top: 10px;\n\t\t\t\t\ttext-align: center;\n\t\t\t\t\twidth: 33%;\n\t\t\t\t}\n\t\t\t\t#gallery-4 img {\n\t\t\t\t\tborder: 2px solid #cfcfcf;\n\t\t\t\t}\n\t\t\t\t#gallery-4 .gallery-caption {\n\t\t\t\t\tmargin-left: 0;\n\t\t\t\t}\n\t\t\t\t\/* see gallery_shortcode() in wp-includes\/media.php *\/\n\t\t\t<\/style>\n\t\t<div id='gallery-4' class='dt-gallery-container gallery galleryid-160233 gallery-columns-3 gallery-size-thumbnail'><dl class='gallery-item'>\n\t\t\t\t<dt class='gallery-icon portrait'>\n\t\t\t\t\t<a class=\"rollover rollover-zoom dt-pswp-item\" title=\"a885a532-38a8-4d43-ac2c-2689cb2331ad\" data-dt-img-description=\"\" data-large_image_width=\"504\" data-large_image_height=\"625\"href='https:\/\/www.radiopiu.net\/wordpress\/wp-content\/uploads\/2020\/09\/a885a532-38a8-4d43-ac2c-2689cb2331ad.jpg'><img loading=\"lazy\" decoding=\"async\" width=\"150\" height=\"150\" src=\"https:\/\/www.radiopiu.net\/wordpress\/wp-content\/uploads\/2020\/09\/a885a532-38a8-4d43-ac2c-2689cb2331ad-150x150.jpg\" class=\"attachment-thumbnail size-thumbnail\" alt=\"\" srcset=\"https:\/\/www.radiopiu.net\/wordpress\/wp-content\/uploads\/2020\/09\/a885a532-38a8-4d43-ac2c-2689cb2331ad-150x150.jpg 150w, https:\/\/www.radiopiu.net\/wordpress\/wp-content\/uploads\/2020\/09\/a885a532-38a8-4d43-ac2c-2689cb2331ad-125x125.jpg 125w, https:\/\/www.radiopiu.net\/wordpress\/wp-content\/uploads\/2020\/09\/a885a532-38a8-4d43-ac2c-2689cb2331ad-200x200.jpg 200w, https:\/\/www.radiopiu.net\/wordpress\/wp-content\/uploads\/2020\/09\/a885a532-38a8-4d43-ac2c-2689cb2331ad-80x80.jpg 80w\" sizes=\"auto, (max-width: 150px) 100vw, 150px\" \/><\/a>\n\t\t\t\t<\/dt><\/dl><dl class='gallery-item'>\n\t\t\t\t<dt class='gallery-icon portrait'>\n\t\t\t\t\t<a class=\"rollover rollover-zoom dt-pswp-item\" title=\"55c63deb-1850-4cf1-baee-66e5962d2a7d\" data-dt-img-description=\"\" data-large_image_width=\"1073\" data-large_image_height=\"1741\"href='https:\/\/www.radiopiu.net\/wordpress\/wp-content\/uploads\/2020\/09\/55c63deb-1850-4cf1-baee-66e5962d2a7d.jpg'><img loading=\"lazy\" decoding=\"async\" width=\"150\" height=\"150\" src=\"https:\/\/www.radiopiu.net\/wordpress\/wp-content\/uploads\/2020\/09\/55c63deb-1850-4cf1-baee-66e5962d2a7d-150x150.jpg\" class=\"attachment-thumbnail size-thumbnail\" alt=\"\" srcset=\"https:\/\/www.radiopiu.net\/wordpress\/wp-content\/uploads\/2020\/09\/55c63deb-1850-4cf1-baee-66e5962d2a7d-150x150.jpg 150w, https:\/\/www.radiopiu.net\/wordpress\/wp-content\/uploads\/2020\/09\/55c63deb-1850-4cf1-baee-66e5962d2a7d-125x125.jpg 125w, https:\/\/www.radiopiu.net\/wordpress\/wp-content\/uploads\/2020\/09\/55c63deb-1850-4cf1-baee-66e5962d2a7d-200x200.jpg 200w, https:\/\/www.radiopiu.net\/wordpress\/wp-content\/uploads\/2020\/09\/55c63deb-1850-4cf1-baee-66e5962d2a7d-80x80.jpg 80w\" sizes=\"auto, (max-width: 150px) 100vw, 150px\" \/><\/a>\n\t\t\t\t<\/dt><\/dl><dl class='gallery-item'>\n\t\t\t\t<dt class='gallery-icon portrait'>\n\t\t\t\t\t<a class=\"rollover rollover-zoom dt-pswp-item\" title=\"df9873c0-9ed9-4db7-80cf-697e64e89e72\" data-dt-img-description=\"\" data-large_image_width=\"1062\" data-large_image_height=\"1596\"href='https:\/\/www.radiopiu.net\/wordpress\/wp-content\/uploads\/2020\/09\/df9873c0-9ed9-4db7-80cf-697e64e89e72.jpg'><img loading=\"lazy\" decoding=\"async\" width=\"150\" height=\"150\" src=\"https:\/\/www.radiopiu.net\/wordpress\/wp-content\/uploads\/2020\/09\/df9873c0-9ed9-4db7-80cf-697e64e89e72-150x150.jpg\" class=\"attachment-thumbnail size-thumbnail\" alt=\"\" srcset=\"https:\/\/www.radiopiu.net\/wordpress\/wp-content\/uploads\/2020\/09\/df9873c0-9ed9-4db7-80cf-697e64e89e72-150x150.jpg 150w, https:\/\/www.radiopiu.net\/wordpress\/wp-content\/uploads\/2020\/09\/df9873c0-9ed9-4db7-80cf-697e64e89e72-125x125.jpg 125w, https:\/\/www.radiopiu.net\/wordpress\/wp-content\/uploads\/2020\/09\/df9873c0-9ed9-4db7-80cf-697e64e89e72-200x200.jpg 200w, https:\/\/www.radiopiu.net\/wordpress\/wp-content\/uploads\/2020\/09\/df9873c0-9ed9-4db7-80cf-697e64e89e72-80x80.jpg 80w\" sizes=\"auto, (max-width: 150px) 100vw, 150px\" \/><\/a>\n\t\t\t\t<\/dt><\/dl><br style=\"clear: both\" \/>\n\t\t\t<\/div>\n\n<blockquote>\n<h3>&#8230;E IN NEVEPLAST<\/h3>\n<\/blockquote>\n\n\t\t\t<style type='text\/css'>\n\t\t\t\t#gallery-5 {\n\t\t\t\t\tmargin: auto;\n\t\t\t\t}\n\t\t\t\t#gallery-5 .gallery-item {\n\t\t\t\t\tfloat: left;\n\t\t\t\t\tmargin-top: 10px;\n\t\t\t\t\ttext-align: center;\n\t\t\t\t\twidth: 33%;\n\t\t\t\t}\n\t\t\t\t#gallery-5 img {\n\t\t\t\t\tborder: 2px solid #cfcfcf;\n\t\t\t\t}\n\t\t\t\t#gallery-5 .gallery-caption {\n\t\t\t\t\tmargin-left: 0;\n\t\t\t\t}\n\t\t\t\t\/* see gallery_shortcode() in wp-includes\/media.php *\/\n\t\t\t<\/style>\n\t\t<div id='gallery-5' class='dt-gallery-container gallery galleryid-160233 gallery-columns-3 gallery-size-thumbnail'><dl class='gallery-item'>\n\t\t\t\t<dt class='gallery-icon portrait'>\n\t\t\t\t\t<a class=\"rollover rollover-zoom dt-pswp-item\" title=\"696d4b8c-aa8f-4100-92f3-723b3e45f89f\" data-dt-img-description=\"\" data-large_image_width=\"899\" data-large_image_height=\"1599\"href='https:\/\/www.radiopiu.net\/wordpress\/wp-content\/uploads\/2020\/09\/696d4b8c-aa8f-4100-92f3-723b3e45f89f.jpg'><img loading=\"lazy\" decoding=\"async\" width=\"150\" height=\"150\" src=\"https:\/\/www.radiopiu.net\/wordpress\/wp-content\/uploads\/2020\/09\/696d4b8c-aa8f-4100-92f3-723b3e45f89f-150x150.jpg\" class=\"attachment-thumbnail size-thumbnail\" alt=\"\" srcset=\"https:\/\/www.radiopiu.net\/wordpress\/wp-content\/uploads\/2020\/09\/696d4b8c-aa8f-4100-92f3-723b3e45f89f-150x150.jpg 150w, https:\/\/www.radiopiu.net\/wordpress\/wp-content\/uploads\/2020\/09\/696d4b8c-aa8f-4100-92f3-723b3e45f89f-125x125.jpg 125w, https:\/\/www.radiopiu.net\/wordpress\/wp-content\/uploads\/2020\/09\/696d4b8c-aa8f-4100-92f3-723b3e45f89f-200x200.jpg 200w, https:\/\/www.radiopiu.net\/wordpress\/wp-content\/uploads\/2020\/09\/696d4b8c-aa8f-4100-92f3-723b3e45f89f-80x80.jpg 80w\" sizes=\"auto, (max-width: 150px) 100vw, 150px\" \/><\/a>\n\t\t\t\t<\/dt><\/dl><dl class='gallery-item'>\n\t\t\t\t<dt class='gallery-icon portrait'>\n\t\t\t\t\t<a class=\"rollover rollover-zoom dt-pswp-item\" title=\"1cf7e3fe-425c-4803-8585-e02755955a93\" data-dt-img-description=\"\" data-large_image_width=\"899\" data-large_image_height=\"1599\"href='https:\/\/www.radiopiu.net\/wordpress\/wp-content\/uploads\/2020\/09\/1cf7e3fe-425c-4803-8585-e02755955a93.jpg'><img loading=\"lazy\" decoding=\"async\" width=\"150\" height=\"150\" src=\"https:\/\/www.radiopiu.net\/wordpress\/wp-content\/uploads\/2020\/09\/1cf7e3fe-425c-4803-8585-e02755955a93-150x150.jpg\" class=\"attachment-thumbnail size-thumbnail\" alt=\"\" srcset=\"https:\/\/www.radiopiu.net\/wordpress\/wp-content\/uploads\/2020\/09\/1cf7e3fe-425c-4803-8585-e02755955a93-150x150.jpg 150w, https:\/\/www.radiopiu.net\/wordpress\/wp-content\/uploads\/2020\/09\/1cf7e3fe-425c-4803-8585-e02755955a93-125x125.jpg 125w, https:\/\/www.radiopiu.net\/wordpress\/wp-content\/uploads\/2020\/09\/1cf7e3fe-425c-4803-8585-e02755955a93-200x200.jpg 200w, https:\/\/www.radiopiu.net\/wordpress\/wp-content\/uploads\/2020\/09\/1cf7e3fe-425c-4803-8585-e02755955a93-80x80.jpg 80w\" sizes=\"auto, (max-width: 150px) 100vw, 150px\" \/><\/a>\n\t\t\t\t<\/dt><\/dl><dl class='gallery-item'>\n\t\t\t\t<dt class='gallery-icon portrait'>\n\t\t\t\t\t<a class=\"rollover rollover-zoom dt-pswp-item\" title=\"06703fa6-cfcd-4817-8971-49d202ddf8ca\" data-dt-img-description=\"\" data-large_image_width=\"899\" data-large_image_height=\"1599\"href='https:\/\/www.radiopiu.net\/wordpress\/wp-content\/uploads\/2020\/09\/06703fa6-cfcd-4817-8971-49d202ddf8ca.jpg'><img loading=\"lazy\" decoding=\"async\" width=\"150\" height=\"150\" src=\"https:\/\/www.radiopiu.net\/wordpress\/wp-content\/uploads\/2020\/09\/06703fa6-cfcd-4817-8971-49d202ddf8ca-150x150.jpg\" class=\"attachment-thumbnail size-thumbnail\" alt=\"\" srcset=\"https:\/\/www.radiopiu.net\/wordpress\/wp-content\/uploads\/2020\/09\/06703fa6-cfcd-4817-8971-49d202ddf8ca-150x150.jpg 150w, https:\/\/www.radiopiu.net\/wordpress\/wp-content\/uploads\/2020\/09\/06703fa6-cfcd-4817-8971-49d202ddf8ca-125x125.jpg 125w, https:\/\/www.radiopiu.net\/wordpress\/wp-content\/uploads\/2020\/09\/06703fa6-cfcd-4817-8971-49d202ddf8ca-200x200.jpg 200w, https:\/\/www.radiopiu.net\/wordpress\/wp-content\/uploads\/2020\/09\/06703fa6-cfcd-4817-8971-49d202ddf8ca-80x80.jpg 80w\" sizes=\"auto, (max-width: 150px) 100vw, 150px\" \/><\/a>\n\t\t\t\t<\/dt><\/dl><br style=\"clear: both\" \/>\n\t\t\t<\/div>\n\n<p>&nbsp;<\/p>\n<p>&nbsp;<\/p>\n<div class=\"page-title-breadcrumbs\"><\/div>\n<p><strong>\u00a0<\/strong><\/p>\n<p>&nbsp;<\/p>\n","protected":false},"excerpt":{"rendered":"<p>PER RICEVERE QUESTO NOTIZIARIO DIRETTAMENTE SUL TUO CELLULARE ISCRIVITI AL CANALE TELEGRAM \u201cRADIO PIU\u00a0 INFORMAZIONE&#8221; ATTENZIONE: LA NUOVA APP PER IOS-IPHONE https:\/\/apps.apple.com\/it\/app\/radio-pi%C3%B9-emittente-agordina\/id1515939845 ATTENZIONE: LA NUOVA APP RADIO\u00a0 PER ANDROID https:\/\/play.google.com\/store\/apps\/details?id=net.radiopiu.iniko &nbsp; &nbsp; &nbsp; VENEZIA MARMOLADA BIS&#8230; L&#8217;IMPRESA. DA PASSO FEDAIA VERSO LA CIMA DELLA MARMOLADA Come si raggiunge un traguardo? Senza fretta ma senza sosta&#8230;\u00a0&hellip;<\/p>\n","protected":false},"author":4,"featured_media":160324,"comment_status":"closed","ping_status":"closed","sticky":false,"template":"","format":"standard","meta":{"_monsterinsights_skip_tracking":false,"_monsterinsights_sitenote_active":false,"_monsterinsights_sitenote_note":"","_monsterinsights_sitenote_category":0,"footnotes":""},"categories":[1,86,49],"tags":[],"class_list":["post-160233","post","type-post","status-publish","format-standard","has-post-thumbnail","hentry","category-senza-categoria","category-gr","category-news-18","category-1","category-86","category-49","description-off"],"img_url":"https:\/\/www.radiopiu.net\/wordpress\/wp-content\/uploads\/2020\/09\/9064eba9-47d0-414f-8e0b-44fec94c44a4.jpg","_links":{"self":[{"href":"https:\/\/www.radiopiu.net\/wordpress\/wp-json\/wp\/v2\/posts\/160233","targetHints":{"allow":["GET"]}}],"collection":[{"href":"https:\/\/www.radiopiu.net\/wordpress\/wp-json\/wp\/v2\/posts"}],"about":[{"href":"https:\/\/www.radiopiu.net\/wordpress\/wp-json\/wp\/v2\/types\/post"}],"author":[{"embeddable":true,"href":"https:\/\/www.radiopiu.net\/wordpress\/wp-json\/wp\/v2\/users\/4"}],"replies":[{"embeddable":true,"href":"https:\/\/www.radiopiu.net\/wordpress\/wp-json\/wp\/v2\/comments?post=160233"}],"version-history":[{"count":0,"href":"https:\/\/www.radiopiu.net\/wordpress\/wp-json\/wp\/v2\/posts\/160233\/revisions"}],"wp:featuredmedia":[{"embeddable":true,"href":"https:\/\/www.radiopiu.net\/wordpress\/wp-json\/wp\/v2\/media\/160324"}],"wp:attachment":[{"href":"https:\/\/www.radiopiu.net\/wordpress\/wp-json\/wp\/v2\/media?parent=160233"}],"wp:term":[{"taxonomy":"category","embeddable":true,"href":"https:\/\/www.radiopiu.net\/wordpress\/wp-json\/wp\/v2\/categories?post=160233"},{"taxonomy":"post_tag","embeddable":true,"href":"https:\/\/www.radiopiu.net\/wordpress\/wp-json\/wp\/v2\/tags?post=160233"}],"curies":[{"name":"wp","href":"https:\/\/api.w.org\/{rel}","templated":true}]}}