{"id":160244,"date":"2020-09-12T12:47:24","date_gmt":"2020-09-12T10:47:24","guid":{"rendered":"https:\/\/www.radiopiu.net\/wordpress\/?p=160244"},"modified":"2020-09-12T12:47:24","modified_gmt":"2020-09-12T10:47:24","slug":"181-sintomatici-su-oltre-2900-positivi-il-94-non-ha-sintomi-le-ultime-24-ore","status":"publish","type":"post","link":"https:\/\/www.radiopiu.net\/wordpress\/181-sintomatici-su-oltre-2900-positivi-il-94-non-ha-sintomi-le-ultime-24-ore\/","title":{"rendered":"181 sintomatici su oltre 2900 positivi, il 94% non ha sintomi. Le ultime 24 ore."},"content":{"rendered":"<blockquote>\n<h3>&#8220;Sotto controllo un asilo nido a Belluno&#8221; dichiarazione di Luca Zaia in conferenza stampa<\/h3>\n<p>&nbsp;<\/p><\/blockquote>\n<p><strong>I NUMERI\u00a0<\/strong><\/p>\n<p>1703000 test dal 21 febbraio con una macchina performante da 15 mila test al giorno, ci sono poi i test rapidi e la Regione \u00e8 stata la prima a metterli in atto con la &#8220;saponetta&#8221; pungi dito pari a 1360000. Positivi 24667 (+138), Isolamento 7837 (-71), Ricoverati 151 (+8) positivi 99, terapia intensiva 18 (+12 di cui 12 positivi) DECESSI 2141 (+3), dimessi 3979 (+10).<br \/>\nSintomatici 181, Isolati 7837 cio\u00e8 i sintomatici sono il 2,31%, Positivi di oggi rapportati agli isolati la percentuale \u00e8 del 37% cio\u00e8 1 su tra \u00e8 positivo. Il dato pi\u00f9 interessante: 181 sintomatici su 2940 positivi, il 94% dei positivi non ha sintomi.<\/p>\n<a href=\"https:\/\/www.radiopiu.net\/wordpress\/wp-content\/uploads\/2020\/09\/Report-2.pdf\" class=\"pdfemb-viewer\" style=\"\" data-width=\"max\" data-height=\"max\" data-toolbar=\"top\" data-toolbar-fixed=\"on\">Report<\/a>\n<p>&nbsp;<\/p>\n<a href=\"https:\/\/www.radiopiu.net\/wordpress\/wp-content\/uploads\/2020\/09\/ReportIsolamenti-12-09-2020.08.15.05.641.pdf\" class=\"pdfemb-viewer\" style=\"\" data-width=\"max\" data-height=\"max\" data-toolbar=\"top\" data-toolbar-fixed=\"on\">ReportIsolamenti-12-09-2020.08.15.05.641<\/a>\n","protected":false},"excerpt":{"rendered":"<p>&#8220;Sotto controllo un asilo nido a Belluno&#8221; dichiarazione di Luca Zaia in conferenza stampa &nbsp; I NUMERI\u00a0 1703000 test dal 21 febbraio con una macchina performante da 15 mila test al giorno, ci sono poi i test rapidi e la Regione \u00e8 stata la prima a metterli in atto con la &#8220;saponetta&#8221; pungi dito pari&hellip;<\/p>\n","protected":false},"author":4,"featured_media":121950,"comment_status":"closed","ping_status":"closed","sticky":false,"template":"","format":"standard","meta":{"_monsterinsights_skip_tracking":false,"_monsterinsights_sitenote_active":false,"_monsterinsights_sitenote_note":"","_monsterinsights_sitenote_category":0,"footnotes":""},"categories":[49],"tags":[],"class_list":["post-160244","post","type-post","status-publish","format-standard","has-post-thumbnail","hentry","category-news-18","category-49","description-off"],"img_url":"https:\/\/www.radiopiu.net\/wordpress\/wp-content\/uploads\/2020\/03\/covid-azienda-zero.jpg","_links":{"self":[{"href":"https:\/\/www.radiopiu.net\/wordpress\/wp-json\/wp\/v2\/posts\/160244","targetHints":{"allow":["GET"]}}],"collection":[{"href":"https:\/\/www.radiopiu.net\/wordpress\/wp-json\/wp\/v2\/posts"}],"about":[{"href":"https:\/\/www.radiopiu.net\/wordpress\/wp-json\/wp\/v2\/types\/post"}],"author":[{"embeddable":true,"href":"https:\/\/www.radiopiu.net\/wordpress\/wp-json\/wp\/v2\/users\/4"}],"replies":[{"embeddable":true,"href":"https:\/\/www.radiopiu.net\/wordpress\/wp-json\/wp\/v2\/comments?post=160244"}],"version-history":[{"count":0,"href":"https:\/\/www.radiopiu.net\/wordpress\/wp-json\/wp\/v2\/posts\/160244\/revisions"}],"wp:featuredmedia":[{"embeddable":true,"href":"https:\/\/www.radiopiu.net\/wordpress\/wp-json\/wp\/v2\/media\/121950"}],"wp:attachment":[{"href":"https:\/\/www.radiopiu.net\/wordpress\/wp-json\/wp\/v2\/media?parent=160244"}],"wp:term":[{"taxonomy":"category","embeddable":true,"href":"https:\/\/www.radiopiu.net\/wordpress\/wp-json\/wp\/v2\/categories?post=160244"},{"taxonomy":"post_tag","embeddable":true,"href":"https:\/\/www.radiopiu.net\/wordpress\/wp-json\/wp\/v2\/tags?post=160244"}],"curies":[{"name":"wp","href":"https:\/\/api.w.org\/{rel}","templated":true}]}}