{"id":160343,"date":"2020-09-14T05:51:52","date_gmt":"2020-09-14T03:51:52","guid":{"rendered":"https:\/\/www.radiopiu.net\/wordpress\/?p=160343"},"modified":"2020-09-15T05:41:35","modified_gmt":"2020-09-15T03:41:35","slug":"giornale-radiopiu-14-settembre-2020-direttore-mirko-mezzacasa","status":"publish","type":"post","link":"https:\/\/www.radiopiu.net\/wordpress\/giornale-radiopiu-14-settembre-2020-direttore-mirko-mezzacasa\/","title":{"rendered":"GIORNALE RADIOPIU 14 SETTEMBRE 2020 DIRETTORE MIRKO MEZZACASA"},"content":{"rendered":"<h3><strong>PER RICEVERE QUESTO NOTIZIARIO DIRETTAMENTE SUL TUO CELLULARE ISCRIVITI AL CANALE TELEGRAM <\/strong><strong>\u201cRADIO PIU\u00a0 INFORMAZIONE&#8221;<\/strong><\/h3>\n<p><em>ATTENZIONE: LA NUOVA APP PER IOS-IPHONE<\/em><\/p>\n<div>\n<div><a href=\"https:\/\/apps.apple.com\/it\/app\/radio-pi%C3%B9-emittente-agordina\/id1515939845\">https:\/\/apps.apple.com\/it\/app\/radio-pi%C3%B9-emittente-agordina\/id1515939845<\/a><\/div>\n<\/div>\n<div><\/div>\n<div>\n<div dir=\"auto\"><em>ATTENZIONE: LA NUOVA APP RADIO\u00a0 PER ANDROID<\/em><\/div>\n<\/div>\n<p><a href=\"https:\/\/play.google.com\/store\/apps\/details?id=net.radiopiu.iniko\" target=\"_blank\" rel=\"noopener noreferrer\">https:\/\/play.google.com\/store\/apps\/details?id=net.radiopiu.iniko<\/a><\/p>\n<p>&nbsp;<\/p>\n<blockquote>\n<h4>OGGI IVAN ZASSO SUONA PER GLI ALUNNI DI VO&#8217; EUGANEO E PER IL PRESIDENTE SERGIO MATTARELLA. DIRETTA RAI<\/h4>\n<\/blockquote>\n<p><strong><a class=\"dt-pswp-item\" href=\"https:\/\/www.radiopiu.net\/wordpress\/wp-content\/uploads\/2020\/09\/57338855_433237190795248_8709002222295318528_o.jpg\" data-dt-img-description=\"\" data-large_image_width=\"960\" data-large_image_height=\"960\"><img loading=\"lazy\" decoding=\"async\" class=\"wp-image-159780 alignleft\" src=\"https:\/\/www.radiopiu.net\/wordpress\/wp-content\/uploads\/2020\/09\/57338855_433237190795248_8709002222295318528_o-300x300.jpg\" alt=\"\" width=\"172\" height=\"172\" srcset=\"https:\/\/www.radiopiu.net\/wordpress\/wp-content\/uploads\/2020\/09\/57338855_433237190795248_8709002222295318528_o-300x300.jpg 300w, https:\/\/www.radiopiu.net\/wordpress\/wp-content\/uploads\/2020\/09\/57338855_433237190795248_8709002222295318528_o-150x150.jpg 150w, https:\/\/www.radiopiu.net\/wordpress\/wp-content\/uploads\/2020\/09\/57338855_433237190795248_8709002222295318528_o-768x768.jpg 768w, https:\/\/www.radiopiu.net\/wordpress\/wp-content\/uploads\/2020\/09\/57338855_433237190795248_8709002222295318528_o-125x125.jpg 125w, https:\/\/www.radiopiu.net\/wordpress\/wp-content\/uploads\/2020\/09\/57338855_433237190795248_8709002222295318528_o-200x200.jpg 200w, https:\/\/www.radiopiu.net\/wordpress\/wp-content\/uploads\/2020\/09\/57338855_433237190795248_8709002222295318528_o-80x80.jpg 80w, https:\/\/www.radiopiu.net\/wordpress\/wp-content\/uploads\/2020\/09\/57338855_433237190795248_8709002222295318528_o-480x480.jpg 480w, https:\/\/www.radiopiu.net\/wordpress\/wp-content\/uploads\/2020\/09\/57338855_433237190795248_8709002222295318528_o.jpg 960w\" sizes=\"auto, (max-width: 172px) 100vw, 172px\" \/><\/a>AGORDO<\/strong> \u00a0Ivan Zasso (foto)\u00a0 di Agordo\u00a0 \u00e8 a Vo&#8217; Euganeo oggi\u00a0 in occasione dell&#8217;inaugurazione del nuovo anno scolastico alla presenza del Presidente della Repubblica, Sergio Mattarella. Ivan Zasso\u00a0 suoner\u00e0 con l&#8217;<em>Orchestra Giovanile Italiana dei Conservatori<\/em>. Il violinista di Agordo \u00e8 stato scelto\u00a0 per l&#8217;importante evento, assieme a lui una violoncellista dello stesso Conservatorio di Castelfranco Veneto. Un risultato importante per il ventenne che ha iniziato a suonare il violino gi\u00e0 a 8 anni alla scuola di musica del maestro Ernesto Bellus. Poi la scelta di continuare nel mondo della musica iscrivendosi al Conservatorio di Castelfranco e i gi\u00e0 buoni risultati sono evidenti. Il concerto di Vo&#8217; Euganeo sar\u00e0 trasmesso in diretta RAI (rete 1) OGGI\u00a0 dalle 16.30.<\/p>\n<p>&nbsp;<\/p>\n<p>&nbsp;<\/p>\n<hr \/>\n<p>&nbsp;<\/p>\n<p><strong>PROVINCIALE 29 COL FALCON, PONTE SERRA-FALIER (Sovramonte): <\/strong>da oggi al 23 settembre (sabato e domenica escluso) dalle 8 alle 18 divieto di transito ai veicoli con massa superiore a 3,5 tonellate. Interdizione totale al transito veicolare in entrambi i sensi di marcia nelle fasce orarie: 830-10; 10.30-12; 14.10-16; 16.30-18, nelle altre ore senso unico alternato regolato da semaforo<\/p>\n<p><strong>PROVINCIALE 3 VALLE IMPERINA CORDE MOLE-VALLASIN (Gosaldo) <\/strong>da oggi proroga ordinanza: dalle 8 alle 11.45 e dalle 13.30 alle 17.30 fino al 16 settembre temporanee interruzioni alla viabilit\u00e0 fino a 30 minuti<\/p>\n<p><strong>641 PASSO FEDAIA, CAPANNA BILL <\/strong>Dal 14 settembre al 13 novembre deviazione su viabilit\u00e0 provvisoria con istituzione di senso unico alternato<\/p>\n<p>&nbsp;<\/p>\n<p>&nbsp;<\/p>\n<hr \/>\n<p>&nbsp;<\/p>\n<blockquote>\n<h3>L&#8217;IMPRESA: I &#8220;GUERRIERI&#8221; DA PIAZZA SAN MARCO ALLA MARMOLADA, SCOMMESSA VINTA<\/h3>\n<\/blockquote>\n<p><strong>di Mirko Mezzacasa\u00a0<\/strong><\/p>\n<p><strong>FATTA: 200 CHILOMETRI, 44 ORE &#8230;.2 IN MENO DEL 2015\u00a0<\/strong><\/p>\n<blockquote>\n<h3><span style=\"color: #ff0000;\"><em>&#8220;Nessun uomo sar\u00e0 mai troppo debole per combattere, se lo fa per un ideale che vale pi\u00f9 della sua stessa vita&#8221; &#8211; Spartaco.<\/em><\/span><\/h3>\n<\/blockquote>\n<p><strong><a class=\"dt-pswp-item\" href=\"https:\/\/www.radiopiu.net\/wordpress\/wp-content\/uploads\/2020\/09\/6222102b-a530-4b9d-869d-340abad5b7b8.jpg\" data-dt-img-description=\"\" data-large_image_width=\"1599\" data-large_image_height=\"1187\"><img loading=\"lazy\" decoding=\"async\" class=\"size-medium wp-image-160354 alignleft\" src=\"https:\/\/www.radiopiu.net\/wordpress\/wp-content\/uploads\/2020\/09\/6222102b-a530-4b9d-869d-340abad5b7b8-300x223.jpg\" alt=\"\" width=\"300\" height=\"223\" srcset=\"https:\/\/www.radiopiu.net\/wordpress\/wp-content\/uploads\/2020\/09\/6222102b-a530-4b9d-869d-340abad5b7b8-300x223.jpg 300w, https:\/\/www.radiopiu.net\/wordpress\/wp-content\/uploads\/2020\/09\/6222102b-a530-4b9d-869d-340abad5b7b8-1024x760.jpg 1024w, https:\/\/www.radiopiu.net\/wordpress\/wp-content\/uploads\/2020\/09\/6222102b-a530-4b9d-869d-340abad5b7b8-768x570.jpg 768w, https:\/\/www.radiopiu.net\/wordpress\/wp-content\/uploads\/2020\/09\/6222102b-a530-4b9d-869d-340abad5b7b8-1536x1140.jpg 1536w, https:\/\/www.radiopiu.net\/wordpress\/wp-content\/uploads\/2020\/09\/6222102b-a530-4b9d-869d-340abad5b7b8-640x475.jpg 640w, https:\/\/www.radiopiu.net\/wordpress\/wp-content\/uploads\/2020\/09\/6222102b-a530-4b9d-869d-340abad5b7b8.jpg 1599w\" sizes=\"auto, (max-width: 300px) 100vw, 300px\" \/><\/a>VENEZIA &#8211; ROCCA PIETORE <\/strong>Ce l&#8217;hanno fatta! Hanno raggiunto la cima della Marmolada (partiti venerdi alle 12.30 da Piazza San Marco), ieri mattina alle 950 dopo qualche ora di sonno a Santa Maria delle Grazie e dopo la prima scalata mattutina fino a Passo Fedaia. Duecento chilometri di corsa o al passo, un frutto, un panino, una birra con gli amici, ma senza mai perdere di vista l&#8217;obbiettivo. L&#8217;incontro con il sindaco di Treviso Mario Conte<em> &#8220;Una persona gentile &#8211; dice,Marco &#8211; conoscitore dei nostri gusti di montagna&#8221;, &#8220;Anche lui amante della Marmolada&#8221; <\/em>aggiunge Sara. L&#8217;emozionante ingresso a Belluno, emozioni ancora pi\u00f9 forti a Le Campe nel Comune di La Valle Agordina dove Fabrizio &#8220;Botol&#8221; Vigilante aveva previsto il comitato per i festeggiamenti alle porte della vallata <em>&#8220;Grazie per l&#8217;accoglienza, ci ha commosso&#8221;<\/em> chiosa Gianni. La tappa per onorare la sede di Radio Pi\u00f9 a Taibon in via Paris Bordone. <em>&#8220;Aria di casa &#8211; ha detto Nello &#8220;titot&#8221; &#8211; respiriamo aria buona delle Dolomiti&#8221;. <\/em>All&#8217;ora dell&#8217;aperitivo serale, l&#8217;ingresso trionfale a Cencenighe, la pizza a Caprile di Alleghe e dopo qualche ora di sonno la salitona fino a toccare le rocce dolomitiche.<\/p>\n<p><strong>LA SQUADRA\u00a0<\/strong><\/p>\n<p><strong><a class=\"dt-pswp-item\" href=\"https:\/\/www.radiopiu.net\/wordpress\/wp-content\/uploads\/2020\/09\/78116b76-eefa-436b-bb5a-598d19224e89.jpg\" data-dt-img-description=\"\" data-large_image_width=\"1024\" data-large_image_height=\"768\"><img loading=\"lazy\" decoding=\"async\" class=\"size-medium wp-image-160285 alignright\" src=\"https:\/\/www.radiopiu.net\/wordpress\/wp-content\/uploads\/2020\/09\/78116b76-eefa-436b-bb5a-598d19224e89-300x225.jpg\" alt=\"\" width=\"300\" height=\"225\" srcset=\"https:\/\/www.radiopiu.net\/wordpress\/wp-content\/uploads\/2020\/09\/78116b76-eefa-436b-bb5a-598d19224e89-300x225.jpg 300w, https:\/\/www.radiopiu.net\/wordpress\/wp-content\/uploads\/2020\/09\/78116b76-eefa-436b-bb5a-598d19224e89-768x576.jpg 768w, https:\/\/www.radiopiu.net\/wordpress\/wp-content\/uploads\/2020\/09\/78116b76-eefa-436b-bb5a-598d19224e89-640x480.jpg 640w, https:\/\/www.radiopiu.net\/wordpress\/wp-content\/uploads\/2020\/09\/78116b76-eefa-436b-bb5a-598d19224e89.jpg 1024w\" sizes=\"auto, (max-width: 300px) 100vw, 300px\" \/><\/a>William Da Roit,<\/strong> l&#8217;uomo che insegue i sogni,\u00a0 nel sogno ci \u00e8 entrato dentro un&#8217;altra volta, come nelle occasioni precedenti con volont\u00e0, impegno, sudore,\u00a0 fatica e grinta. Nel sogno di raggiungere la neve della Marmolada dopo aver immerso le mani dell&#8217;acqua salata della laguna Veneta ha fatto entrare altri quattro amici <strong>Nello De Col\u00f2<\/strong> meccanico di Taibon,\u00a0<strong> \u00a0Sara Trevisan<\/strong> di Scorz\u00e8, <strong>Gianni Munaretto<\/strong> di Resana, <strong>Marco Buciol<\/strong> di Oderzo. Importante il ruolo di Federico De Col e Mattia Fenti che hanno accompagnato il gruppo da Venezia alla Marmolada assistendo i maratoneti, procurando cibo e bevande, scattando foto che entreranno nella storia agordina e non solo.<\/p>\n<blockquote>\n<h3><span style=\"color: #ff00ff;\"><em>Il guerriero sa che \u00e8 libero di scegliere ci\u00f2 che desidera: le sue decisioni sono prese con coraggio, distacco e, talvolta, con una certa dose di follia &#8211; Paulo Coelho<\/em><\/span><\/h3>\n<\/blockquote>\n<p><strong>IL BIS<\/strong><\/p>\n<p>Un&#8217;impresa gi\u00e0 tentata e con successo cinque anni fa, nel 2015 William era partito da Venezia con Elvis Secco e poi su fino alla Marmolada <em>&#8220;In quella occasione avevamo preso 10 ore di pioggia, costretti al piumino. Era la prima esperienza, il coronamento dei nostri sogni di bambini. Questa volta\u00a0 &#8211; dice William -\u00e8 andata meglio in una giornata quasi estiva&#8221; <\/em>La prossima avventura? <em>&#8220;Abbiamo fatto 200 chilometri &#8211; conclude William &#8211; pari a 200 idee senza esagerare, 200 idee per i prossimi anni scaturite da noi che parliamo lo stesso linguaggio al di fuori dagli schemi tradizionali&#8221;.<\/em><\/p>\n<blockquote>\n<h3>Cinque sognatori capitanati dal mitico <a class=\"profileLink\" title=\"William Da Roit\" href=\"https:\/\/www.facebook.com\/profile.php?id=100008859767493&amp;__tn__=K-R&amp;eid=ARAvGpO5l6yyxMgz1NmStfBNuTI161Aw6woIxmQESY39TCbaQXzEwBpSXKIqjdEORSPsHu6rvkh18kKg&amp;fref=mentions&amp;__xts__%5B0%5D=68.ARBXqjupmDBKrW1U6mO6TUg1jSZ7dnzr2xC8YixmzwXd1Pz4YmarEN6StE-7vCkRFbpI9wrbKL4DZJbQUhhQ2SWOQqeebTZz54-rdPKi8noFgk0KMbq3yt8KhN0kwYVlUwZctxF8eLqp1sw4t0v1TxIVCgdgKuP4I2I7oovW_PEGE-xlIl13a1q3WsJPxEEqPZ3a9sEF2NyxA2ofS8oEonl769_nZZM1naD5RGBS7MIUAzjqSHZ10m0VBLTOt-8Dcl5sNgJPTf4yRX3mb8cFEJF53yNZew\" data-hovercard=\"\/ajax\/hovercard\/user.php?id=100008859767493&amp;extragetparams=%7B%22__tn__%22%3A%22%2CdK-R-R%22%2C%22eid%22%3A%22ARAvGpO5l6yyxMgz1NmStfBNuTI161Aw6woIxmQESY39TCbaQXzEwBpSXKIqjdEORSPsHu6rvkh18kKg%22%2C%22fref%22%3A%22mentions%22%7D\" data-hovercard-prefer-more-content-show=\"1\">William Da Roit<\/a>! Partenza da Piazza San Marco, arrivo &#8230; Marmolada passando per RADIO PIU&#8217;<\/h3>\n<\/blockquote>\n<p>https:\/\/www.facebook.com\/Mirkomezziano\/videos\/2774101326205969\/<\/p>\n<h3><em>LE INTERVISTE AI GUERRIERI DELLA VENEZIA &#8211; MARMOLADA<\/em><\/h3>\n<audio class=\"wp-audio-shortcode\" id=\"audio-160343-1\" preload=\"none\" style=\"width: 100%;\" controls=\"controls\"><source type=\"audio\/mpeg\" src=\"https:\/\/www.radiopiu.net\/wordpress\/wp-content\/uploads\/2020\/09\/INTERVISTE-VENEZIA-MARMOLADA.mp3?_=1\" \/><a href=\"https:\/\/www.radiopiu.net\/wordpress\/wp-content\/uploads\/2020\/09\/INTERVISTE-VENEZIA-MARMOLADA.mp3\">https:\/\/www.radiopiu.net\/wordpress\/wp-content\/uploads\/2020\/09\/INTERVISTE-VENEZIA-MARMOLADA.mp3<\/a><\/audio>\n<p>&nbsp;<\/p>\n<hr \/>\n<p>&nbsp;<\/p>\n<blockquote>\n<h3>EX ASSISTENTE SOCIALE MUORE IN PUGLIA TRAVOLTA DA UN ALBERO<\/h3>\n<\/blockquote>\n<p><strong>PIEVE DI CADORE<\/strong> Gianna Sonnagere \u00e8 morta colpita da un albero mentre faceva trekking, in vacanza a Vieste nel Gargano. Non sono purtroppo servite le immediate cure all&#8217;ospedale San Giovanni Rotondo, la sua agonia \u00e8 durata quattro giorni. In Puglia ad assisterla sono subito arrivate anche le sorelle. La donna era molto conosciuta a Pieve e in tutto il Cadore per il suo impegno nel mondo del volontariato.<\/p>\n<p>&nbsp;<\/p>\n<hr \/>\n<blockquote>\n<h3><\/h3>\n<h3>AD ALLEGHE UN CACCIATORE CHIAMA IL SOCCORSO ALPINO, AD AGORDO UN TREVIGIANO VOLA PER 50 METRI. DUE INCIDENTI IN MOUNTAIN BIKE A FALCADE E ARABBA<\/h3>\n<\/blockquote>\n<p><strong><a class=\"dt-pswp-item\" href=\"https:\/\/www.radiopiu.net\/wordpress\/wp-content\/uploads\/2020\/08\/salt_20200810_175813_090_resized.jpg\" data-dt-img-description=\"\" data-large_image_width=\"1182\" data-large_image_height=\"886\"><img loading=\"lazy\" decoding=\"async\" class=\"size-medium wp-image-154485 alignleft\" src=\"https:\/\/www.radiopiu.net\/wordpress\/wp-content\/uploads\/2020\/08\/salt_20200810_175813_090_resized-300x225.jpg\" alt=\"\" width=\"300\" height=\"225\" srcset=\"https:\/\/www.radiopiu.net\/wordpress\/wp-content\/uploads\/2020\/08\/salt_20200810_175813_090_resized-300x225.jpg 300w, https:\/\/www.radiopiu.net\/wordpress\/wp-content\/uploads\/2020\/08\/salt_20200810_175813_090_resized-1024x768.jpg 1024w, https:\/\/www.radiopiu.net\/wordpress\/wp-content\/uploads\/2020\/08\/salt_20200810_175813_090_resized-768x576.jpg 768w, https:\/\/www.radiopiu.net\/wordpress\/wp-content\/uploads\/2020\/08\/salt_20200810_175813_090_resized.jpg 1182w\" sizes=\"auto, (max-width: 300px) 100vw, 300px\" \/><\/a><\/strong><\/p>\n<p><strong>AGORDO <\/strong>Sono gravi le condizioni di F.C., 44 anni, di Istrana (TV), inciampato e caduto per una cinquantina di metri mentre percorreva la via normale alla Cima Nord del San Sebastiano, Agordo. All&#8217;uomo, che si trovava con altre persone, l&#8217;equipe medica dell&#8217;elicottero del Suem di Pieve di Cadore sbarcata nelle vicinanze ha subito prestato le prime cure urgenti a seguito del probabile trauma cranico riportato, per poi imbarcarlo e volare all&#8217;ospedale di Treviso.<\/p>\n<p><strong>ALLEGHE\u00a0<\/strong>Ieri mattina alle 9.30 \u00e8 scattato l&#8217;allarme per un cacciatore scivolato e ruzzolato per alcuni metri in un bosco sotto la Fertazza, versante Alleghe. G.D.T., 67 anni, di Alleghe (BL), che pur da solo era riuscito a chiamare il fratello e a far partire l&#8217;allerta, \u00e8 stato individuato in zona Rocchetta dall&#8217;elicottero del Suem di Pieve di Cadore dopo aver imbarcato un tecnico del Soccorso alpino di Alleghe in supporto alle operazioni. Imbarellato dal personale medico, l&#8217;infortunato \u00e8 stato recuperato con un verricello di 30 metri e trasportato all&#8217;ospedale di Belluno con un possibile politrauma. Presente anche una squadra di soccorritori.<\/p>\n<p><strong>COMELICO SUPERIORE\u00a0<\/strong>Il Pelikan di Bolzano \u00e8 stato inviato sulla via normale della Croda da Campo, a Padola di Comelico Superiore, per un sedicenne di Vigo di Cadore (BL), che, a quota 2.400 metri, aveva riportato un taglio al ginocchio. Il ragazzo \u00e8 stato accompagnato al Codivilla.<\/p>\n<p><strong>CALALZO DI CADORE\u00a0<\/strong>Attorno a mezzogiorno l&#8217;eliambulanza del Suem di Pieve di Cadore \u00e8 intervenuta nel Vallon del Froppa a Calalzo di Cadore, dove un escursionista era ruzzolato per una trentina di metri in un ghiaione a 2.400 metri di altitudine. L&#8217;infortunato, A.M., 56 anni, di Calalzo di Cadore (BL), \u00e8 stato portato a Belluno con un possibile trauma cranico.<\/p>\n<p><strong>FALCADE\/ARABBA\u00a0<\/strong>Due gli incidenti in mountain bike: uno in discesa sulla sterrata lungo le piste del Col Margherita, a Falcade, con un sospetto trauma alla colonna per il ciclista recuperato dall&#8217;elicottero di Trento, uno a Porta Vescovo, Arabba, per il quale \u00e8 intervenuto il Soccorso alpino di Livinallongo che ha raggiunto G.J.S., 60 anni, di Ortisei (BZ), lo ha stabilizzato a seguito dei probabili traumi da caduta e lo ha condotto fino all&#8217;ambulanza della Croce Bianca partita in direzione di Corvara.<\/p>\n<p>&nbsp;<\/p>\n<p>&nbsp;<\/p>\n<p>&nbsp;<\/p>\n<hr \/>\n<p>&nbsp;<\/p>\n<div class=\"page-title-head hgroup\">\n<blockquote>\n<h3 class=\"entry-title\">RECUPERATI ESCURSIONISTI INCRODATI SULLE TOFANE<\/h3>\n<\/blockquote>\n<\/div>\n<p class=\"page-title-breadcrumbs\"><strong><img loading=\"lazy\" decoding=\"async\" class=\"alignleft jetpack-lazy-image jetpack-lazy-image--handled\" src=\"https:\/\/i1.wp.com\/www.radiopiu.net\/wordpress\/wp-content\/uploads\/2020\/08\/salt_20200810_175849_040_resized.jpg?resize=164%2C123&amp;ssl=1\" width=\"164\" height=\"123\" data-recalc-dims=\"1\" data-lazy-loaded=\"1\" \/>CORTINA<\/strong>\u00a0 Ieri alle 16.20 circa l\u2019elicottero del Suem \u00e8 decollato in direzione delle Tofane dove, completata la Ferrata di Punta Anna, al momento di prendere la traccia del rientro, tre escursionisti, due ragazzi, un trentenne di Resana (TV) e un ventinovenne di Riese Pio X (TV), e una ragazza di 29 anni di Tribano (PD), avevano sbagliato e invece si proseguire in cresta erano scesi in un canalino a 2.600 metri di quota fino a incrodarsi in parete. Geolocalizzati, i tre sono stati individuati e recuperati in tre rotazioni dal tecnico di elisoccorso con un verricello di 30 metri, per essere trasportati al Rifugio Dibona.<\/p>\n<p>&nbsp;<\/p>\n<p>&nbsp;<\/p>\n<hr \/>\n<p>&nbsp;<\/p>\n<blockquote>\n<h3>CONTINUANO AD ESSERE PRESE DI MIRA LE FIORIERE DEL PONTE ROVA<\/h3>\n<\/blockquote>\n<p><strong><a class=\"dt-pswp-item\" href=\"https:\/\/www.radiopiu.net\/wordpress\/wp-content\/uploads\/2020\/09\/41d172a8-ed5c-48dc-9715-6906b5e3f649.jpg\" data-dt-img-description=\"\" data-large_image_width=\"720\" data-large_image_height=\"960\"><img loading=\"lazy\" decoding=\"async\" class=\" wp-image-160385 alignleft\" src=\"https:\/\/www.radiopiu.net\/wordpress\/wp-content\/uploads\/2020\/09\/41d172a8-ed5c-48dc-9715-6906b5e3f649-225x300.jpg\" alt=\"\" width=\"128\" height=\"171\" srcset=\"https:\/\/www.radiopiu.net\/wordpress\/wp-content\/uploads\/2020\/09\/41d172a8-ed5c-48dc-9715-6906b5e3f649-225x300.jpg 225w, https:\/\/www.radiopiu.net\/wordpress\/wp-content\/uploads\/2020\/09\/41d172a8-ed5c-48dc-9715-6906b5e3f649-360x480.jpg 360w, https:\/\/www.radiopiu.net\/wordpress\/wp-content\/uploads\/2020\/09\/41d172a8-ed5c-48dc-9715-6906b5e3f649.jpg 720w\" sizes=\"auto, (max-width: 128px) 100vw, 128px\" \/><\/a>AGORDO<\/strong> E siamo a tre&#8230; il terzo atto vandalico sui ponti di Agordo, a finire a mollo nel torrente Rova uno dei cinque vasi di fiori messi per abbellire il paese. Se ne \u00e8 accorto Arturo mentre passeggiava con il cane. Gi\u00e0 informato anche il sindaco Roberto Chissal\u00e8 che non manca di mettere in rilievo la sua amarezza. Come sempre, per la terza volta, autori sconosciuti. Sui portafiori del ponte sono rimasti gli altri quattro vasi o i &#8220;nostri&#8221; erano troppo ebbri e troppo stanchi per continuare nell&#8217;impegnativo sforzo o sono stati disturbati da qualcuno di passaggio. Fosse vero, i Carabiineri non attendono che una testimonianza per poter procedere<\/p>\n<p>&nbsp;<\/p>\n<p>&nbsp;<\/p>\n<hr \/>\n<p>&nbsp;<\/p>\n<blockquote>\n<h3>RUBATA LA PIANTA A RICORDO DI MARTINA BONAVERA<\/h3>\n<\/blockquote>\n<p><strong><a class=\"dt-pswp-item\" href=\"https:\/\/www.radiopiu.net\/wordpress\/wp-content\/uploads\/2020\/09\/download-10.jpg\" data-dt-img-description=\"\" data-large_image_width=\"300\" data-large_image_height=\"168\"><img loading=\"lazy\" decoding=\"async\" class=\" wp-image-160448 alignleft\" src=\"https:\/\/www.radiopiu.net\/wordpress\/wp-content\/uploads\/2020\/09\/download-10.jpg\" alt=\"\" width=\"264\" height=\"148\" \/><\/a>BELLUNO<\/strong> I ladri, hanno agito\u00a0 lungo la statale 50, dove nel marzo 2013 avvenne l&#8217;incidente stradale che cost\u00f2 la vita alla giovane ragazza. Un vile gesto, a denunciarlo la mamma di Martina, Linda Sabatini, attraverso un post su Facebook: <em>\u00abDa quel giorno orribile, in cui la mia vita \u00e8 cambiata per sempre, io posso omaggiare la mia adorata figlia di un fiore solo al cimitero o per strada, nel luogo dell&#8217;incidente. Sabato, come ogni giorno da allora, sono andata in cimitero e poi ho innaffiato anche la pianta, posizionata vicino all&#8217;imbocco di Giamosa. Ebbene, al pomeriggio, quando sono uscita di casa dovendo andare ad un appuntamento, la pianta era sparita\u00bb<\/em>. Comprensibile la rabbia e il dolore dei genitori di Martina, raccontato poi da pap\u00e0 Francesco.<em> \u00abMia moglie Linda cura quotidianamente la pianta che ricorda quanto avvenuto quella mattina, mentre nostra figlia stava andando a scuola. Purtroppo per\u00f2 qualcuno ha pensato bene di portarla via. Qui non c&#8217;entra nulla il valore economico della pianta, sia chiaro, ma cosa rappresentava. A questa persona verr\u00e0 in mente che un fiore sul guardrail non \u00e8 l\u00ec per bellezza&#8230; La cosa ci fa male, come aveva fatto male quando qualcuno aveva portato via degli oggetti dalla tomba di Martina. Ad ogni modo, ne abbiamo gi\u00e0 posizionata un&#8217;altra\u00bb.<\/em><\/p>\n<p>&nbsp;<\/p>\n<p>&nbsp;<\/p>\n<p>&nbsp;<\/p>\n<hr \/>\n<p>&nbsp;<\/p>\n<blockquote>\n<h3>STRADA PER SEP E SCHENA LAVORI IN CORSO, E L&#8217;ILLUMINAZIONE?<\/h3>\n<\/blockquote>\n<p><strong>RIVAMONTE<\/strong> Dopo 10 mesi l&#8217;amministrazione comunale raggiunge un primo obiettivo, la collocazione delle reti di protezione lungo la comunale per la frazione sopra Ponte Alto. La strada dovr\u00e0 ora essere messa in sicurezza: guardrail, sistemazione della rotabile. Nel progetto non si parla di illuminazione, prima del &#8220;disastro&#8221; c\u2019erano cinque punti luce ma gli abitanti della frazione li ricordano tutti guasti.<\/p>\n\n\t\t\t<style type='text\/css'>\n\t\t\t\t#gallery-1 {\n\t\t\t\t\tmargin: auto;\n\t\t\t\t}\n\t\t\t\t#gallery-1 .gallery-item {\n\t\t\t\t\tfloat: left;\n\t\t\t\t\tmargin-top: 10px;\n\t\t\t\t\ttext-align: center;\n\t\t\t\t\twidth: 25%;\n\t\t\t\t}\n\t\t\t\t#gallery-1 img {\n\t\t\t\t\tborder: 2px solid #cfcfcf;\n\t\t\t\t}\n\t\t\t\t#gallery-1 .gallery-caption {\n\t\t\t\t\tmargin-left: 0;\n\t\t\t\t}\n\t\t\t\t\/* see gallery_shortcode() in wp-includes\/media.php *\/\n\t\t\t<\/style>\n\t\t<div id='gallery-1' class='dt-gallery-container gallery galleryid-160343 gallery-columns-4 gallery-size-thumbnail'><dl class='gallery-item'>\n\t\t\t\t<dt class='gallery-icon portrait'>\n\t\t\t\t\t<a class=\"rollover rollover-zoom dt-pswp-item\" title=\"6280227d-cd98-4adb-b77d-fa64b42d9e9b\" data-dt-img-description=\"\" data-large_image_width=\"768\" data-large_image_height=\"1024\"href='https:\/\/www.radiopiu.net\/wordpress\/wp-content\/uploads\/2020\/09\/6280227d-cd98-4adb-b77d-fa64b42d9e9b.jpg'><img loading=\"lazy\" decoding=\"async\" width=\"150\" height=\"150\" src=\"https:\/\/www.radiopiu.net\/wordpress\/wp-content\/uploads\/2020\/09\/6280227d-cd98-4adb-b77d-fa64b42d9e9b-150x150.jpg\" class=\"attachment-thumbnail size-thumbnail\" alt=\"\" srcset=\"https:\/\/www.radiopiu.net\/wordpress\/wp-content\/uploads\/2020\/09\/6280227d-cd98-4adb-b77d-fa64b42d9e9b-150x150.jpg 150w, https:\/\/www.radiopiu.net\/wordpress\/wp-content\/uploads\/2020\/09\/6280227d-cd98-4adb-b77d-fa64b42d9e9b-125x125.jpg 125w, https:\/\/www.radiopiu.net\/wordpress\/wp-content\/uploads\/2020\/09\/6280227d-cd98-4adb-b77d-fa64b42d9e9b-200x200.jpg 200w, https:\/\/www.radiopiu.net\/wordpress\/wp-content\/uploads\/2020\/09\/6280227d-cd98-4adb-b77d-fa64b42d9e9b-80x80.jpg 80w\" sizes=\"auto, (max-width: 150px) 100vw, 150px\" \/><\/a>\n\t\t\t\t<\/dt><\/dl><dl class='gallery-item'>\n\t\t\t\t<dt class='gallery-icon portrait'>\n\t\t\t\t\t<a class=\"rollover rollover-zoom dt-pswp-item\" title=\"d57a0ebe-fc57-43e8-952a-24bed1bc308a\" data-dt-img-description=\"\" data-large_image_width=\"768\" data-large_image_height=\"1024\"href='https:\/\/www.radiopiu.net\/wordpress\/wp-content\/uploads\/2020\/09\/d57a0ebe-fc57-43e8-952a-24bed1bc308a.jpg'><img loading=\"lazy\" decoding=\"async\" width=\"150\" height=\"150\" src=\"https:\/\/www.radiopiu.net\/wordpress\/wp-content\/uploads\/2020\/09\/d57a0ebe-fc57-43e8-952a-24bed1bc308a-150x150.jpg\" class=\"attachment-thumbnail size-thumbnail\" alt=\"\" srcset=\"https:\/\/www.radiopiu.net\/wordpress\/wp-content\/uploads\/2020\/09\/d57a0ebe-fc57-43e8-952a-24bed1bc308a-150x150.jpg 150w, https:\/\/www.radiopiu.net\/wordpress\/wp-content\/uploads\/2020\/09\/d57a0ebe-fc57-43e8-952a-24bed1bc308a-125x125.jpg 125w, https:\/\/www.radiopiu.net\/wordpress\/wp-content\/uploads\/2020\/09\/d57a0ebe-fc57-43e8-952a-24bed1bc308a-200x200.jpg 200w, https:\/\/www.radiopiu.net\/wordpress\/wp-content\/uploads\/2020\/09\/d57a0ebe-fc57-43e8-952a-24bed1bc308a-80x80.jpg 80w\" sizes=\"auto, (max-width: 150px) 100vw, 150px\" \/><\/a>\n\t\t\t\t<\/dt><\/dl><dl class='gallery-item'>\n\t\t\t\t<dt class='gallery-icon portrait'>\n\t\t\t\t\t<a class=\"rollover rollover-zoom dt-pswp-item\" title=\"65224b65-d0d1-433d-9956-ead724e2f323\" data-dt-img-description=\"\" data-large_image_width=\"768\" data-large_image_height=\"1024\"href='https:\/\/www.radiopiu.net\/wordpress\/wp-content\/uploads\/2020\/09\/65224b65-d0d1-433d-9956-ead724e2f323.jpg'><img loading=\"lazy\" decoding=\"async\" width=\"150\" height=\"150\" src=\"https:\/\/www.radiopiu.net\/wordpress\/wp-content\/uploads\/2020\/09\/65224b65-d0d1-433d-9956-ead724e2f323-150x150.jpg\" class=\"attachment-thumbnail size-thumbnail\" alt=\"\" srcset=\"https:\/\/www.radiopiu.net\/wordpress\/wp-content\/uploads\/2020\/09\/65224b65-d0d1-433d-9956-ead724e2f323-150x150.jpg 150w, https:\/\/www.radiopiu.net\/wordpress\/wp-content\/uploads\/2020\/09\/65224b65-d0d1-433d-9956-ead724e2f323-125x125.jpg 125w, https:\/\/www.radiopiu.net\/wordpress\/wp-content\/uploads\/2020\/09\/65224b65-d0d1-433d-9956-ead724e2f323-200x200.jpg 200w, https:\/\/www.radiopiu.net\/wordpress\/wp-content\/uploads\/2020\/09\/65224b65-d0d1-433d-9956-ead724e2f323-80x80.jpg 80w\" sizes=\"auto, (max-width: 150px) 100vw, 150px\" \/><\/a>\n\t\t\t\t<\/dt><\/dl><dl class='gallery-item'>\n\t\t\t\t<dt class='gallery-icon landscape'>\n\t\t\t\t\t<a class=\"rollover rollover-zoom dt-pswp-item\" title=\"052f40ad-692c-4b42-8446-f108ef27375d\" data-dt-img-description=\"\" data-large_image_width=\"1024\" data-large_image_height=\"768\"href='https:\/\/www.radiopiu.net\/wordpress\/wp-content\/uploads\/2020\/09\/052f40ad-692c-4b42-8446-f108ef27375d.jpg'><img loading=\"lazy\" decoding=\"async\" width=\"150\" height=\"150\" src=\"https:\/\/www.radiopiu.net\/wordpress\/wp-content\/uploads\/2020\/09\/052f40ad-692c-4b42-8446-f108ef27375d-150x150.jpg\" class=\"attachment-thumbnail size-thumbnail\" alt=\"\" srcset=\"https:\/\/www.radiopiu.net\/wordpress\/wp-content\/uploads\/2020\/09\/052f40ad-692c-4b42-8446-f108ef27375d-150x150.jpg 150w, https:\/\/www.radiopiu.net\/wordpress\/wp-content\/uploads\/2020\/09\/052f40ad-692c-4b42-8446-f108ef27375d-125x125.jpg 125w, https:\/\/www.radiopiu.net\/wordpress\/wp-content\/uploads\/2020\/09\/052f40ad-692c-4b42-8446-f108ef27375d-200x200.jpg 200w, https:\/\/www.radiopiu.net\/wordpress\/wp-content\/uploads\/2020\/09\/052f40ad-692c-4b42-8446-f108ef27375d-80x80.jpg 80w\" sizes=\"auto, (max-width: 150px) 100vw, 150px\" \/><\/a>\n\t\t\t\t<\/dt><\/dl><br style=\"clear: both\" \/>\n\t\t\t<\/div>\n\n<p>&nbsp;<\/p>\n<hr \/>\n<p>&nbsp;<\/p>\n<blockquote class=\"wp-embedded-content\" data-secret=\"eDSLcJ0ptr\"><p><a href=\"https:\/\/www.radiopiu.net\/wordpress\/coronavirus-aggiornamento-nazionale-13-settembre\/\">CORONAVIRUS: AGGIORNAMENTO NAZIONALE 13 SETTEMBRE<\/a><\/p><\/blockquote>\n<p><iframe loading=\"lazy\" class=\"wp-embedded-content\" sandbox=\"allow-scripts\" security=\"restricted\" style=\"position: absolute; clip: rect(1px, 1px, 1px, 1px);\" title=\"&#8220;CORONAVIRUS: AGGIORNAMENTO NAZIONALE 13 SETTEMBRE&#8221; &#8212; Radio Pi\u00f9\" src=\"https:\/\/www.radiopiu.net\/wordpress\/coronavirus-aggiornamento-nazionale-13-settembre\/embed\/#?secret=eDSLcJ0ptr\" data-secret=\"eDSLcJ0ptr\" width=\"600\" height=\"338\" frameborder=\"0\" marginwidth=\"0\" marginheight=\"0\" scrolling=\"no\"><\/iframe><\/p>\n<p>&nbsp;<\/p>\n<hr \/>\n<p>&nbsp;<\/p>\n<blockquote class=\"wp-embedded-content\" data-secret=\"8oXZQwNDrv\"><p><a href=\"https:\/\/www.radiopiu.net\/wordpress\/in-24-ore-99-positivi-in-piu-nel-veneto-2-decessi-e-89-negativizzati-aumento-delle-terapie-intensive-a-belluno-4-nuovi-positivi-e-9-negativizzati\/\">IN 24 ORE 99 POSITIVI IN PI\u00d9 NEL VENETO. 2 DECESSI E 89 NEGATIVIZZATI. AUMENTO DELLE TERAPIE INTENSIVE. A BELLUNO 4 NUOVI POSITIVI E 9 NEGATIVIZZATI<\/a><\/p><\/blockquote>\n<p><iframe loading=\"lazy\" class=\"wp-embedded-content\" sandbox=\"allow-scripts\" security=\"restricted\" style=\"position: absolute; clip: rect(1px, 1px, 1px, 1px);\" title=\"&#8220;IN 24 ORE 99 POSITIVI IN PI\u00d9 NEL VENETO. 2 DECESSI E 89 NEGATIVIZZATI. AUMENTO DELLE TERAPIE INTENSIVE. A BELLUNO 4 NUOVI POSITIVI E 9 NEGATIVIZZATI&#8221; &#8212; Radio Pi\u00f9\" src=\"https:\/\/www.radiopiu.net\/wordpress\/in-24-ore-99-positivi-in-piu-nel-veneto-2-decessi-e-89-negativizzati-aumento-delle-terapie-intensive-a-belluno-4-nuovi-positivi-e-9-negativizzati\/embed\/#?secret=8oXZQwNDrv\" data-secret=\"8oXZQwNDrv\" width=\"600\" height=\"338\" frameborder=\"0\" marginwidth=\"0\" marginheight=\"0\" scrolling=\"no\"><\/iframe><\/p>\n<p>&nbsp;<\/p>\n<hr \/>\n<p>&nbsp;<\/p>\n<blockquote>\n<h3>DATI E GRAFICI DI TIZIANO DE COL<\/h3>\n<\/blockquote>\n\n\t\t\t<style type='text\/css'>\n\t\t\t\t#gallery-2 {\n\t\t\t\t\tmargin: auto;\n\t\t\t\t}\n\t\t\t\t#gallery-2 .gallery-item {\n\t\t\t\t\tfloat: left;\n\t\t\t\t\tmargin-top: 10px;\n\t\t\t\t\ttext-align: center;\n\t\t\t\t\twidth: 50%;\n\t\t\t\t}\n\t\t\t\t#gallery-2 img {\n\t\t\t\t\tborder: 2px solid #cfcfcf;\n\t\t\t\t}\n\t\t\t\t#gallery-2 .gallery-caption {\n\t\t\t\t\tmargin-left: 0;\n\t\t\t\t}\n\t\t\t\t\/* see gallery_shortcode() in wp-includes\/media.php *\/\n\t\t\t<\/style>\n\t\t<div id='gallery-2' class='dt-gallery-container gallery galleryid-160343 gallery-columns-2 gallery-size-medium'><dl class='gallery-item'>\n\t\t\t\t<dt class='gallery-icon landscape'>\n\t\t\t\t\t<a class=\"rollover rollover-zoom dt-pswp-item\" title=\"6d03ccd8-5b68-49de-9ce7-97d2f7e9648f\" data-dt-img-description=\"\" data-large_image_width=\"480\" data-large_image_height=\"334\"href='https:\/\/www.radiopiu.net\/wordpress\/wp-content\/uploads\/2020\/09\/6d03ccd8-5b68-49de-9ce7-97d2f7e9648f.jpg'><img loading=\"lazy\" decoding=\"async\" width=\"300\" height=\"209\" src=\"https:\/\/www.radiopiu.net\/wordpress\/wp-content\/uploads\/2020\/09\/6d03ccd8-5b68-49de-9ce7-97d2f7e9648f-300x209.jpg\" class=\"attachment-medium size-medium\" alt=\"\" srcset=\"https:\/\/www.radiopiu.net\/wordpress\/wp-content\/uploads\/2020\/09\/6d03ccd8-5b68-49de-9ce7-97d2f7e9648f-300x209.jpg 300w, https:\/\/www.radiopiu.net\/wordpress\/wp-content\/uploads\/2020\/09\/6d03ccd8-5b68-49de-9ce7-97d2f7e9648f.jpg 480w\" sizes=\"auto, (max-width: 300px) 100vw, 300px\" \/><\/a>\n\t\t\t\t<\/dt><\/dl><dl class='gallery-item'>\n\t\t\t\t<dt class='gallery-icon landscape'>\n\t\t\t\t\t<a class=\"rollover rollover-zoom dt-pswp-item\" title=\"ff5e8d48-d979-47d0-913a-c544e2ae716f\" data-dt-img-description=\"\" data-large_image_width=\"664\" data-large_image_height=\"642\"href='https:\/\/www.radiopiu.net\/wordpress\/wp-content\/uploads\/2020\/09\/ff5e8d48-d979-47d0-913a-c544e2ae716f.jpg'><img loading=\"lazy\" decoding=\"async\" width=\"300\" height=\"290\" src=\"https:\/\/www.radiopiu.net\/wordpress\/wp-content\/uploads\/2020\/09\/ff5e8d48-d979-47d0-913a-c544e2ae716f-300x290.jpg\" class=\"attachment-medium size-medium\" alt=\"\" srcset=\"https:\/\/www.radiopiu.net\/wordpress\/wp-content\/uploads\/2020\/09\/ff5e8d48-d979-47d0-913a-c544e2ae716f-300x290.jpg 300w, https:\/\/www.radiopiu.net\/wordpress\/wp-content\/uploads\/2020\/09\/ff5e8d48-d979-47d0-913a-c544e2ae716f-496x480.jpg 496w, https:\/\/www.radiopiu.net\/wordpress\/wp-content\/uploads\/2020\/09\/ff5e8d48-d979-47d0-913a-c544e2ae716f.jpg 664w\" sizes=\"auto, (max-width: 300px) 100vw, 300px\" \/><\/a>\n\t\t\t\t<\/dt><\/dl><br style=\"clear: both\" \/>\n\t\t\t<\/div>\n\n<p>&nbsp;<\/p>\n<p>&nbsp;<\/p>\n<p>&nbsp;<\/p>\n<hr \/>\n<p>&nbsp;<\/p>\n<blockquote>\n<h3>5 NUOVE POSITIVIT\u00c0 IN ULSS 1 DOLOMITI. NUOVI ORARI PER L&#8217;ACCESSO AI DRIVE-IN<\/h3>\n<\/blockquote>\n<p><strong><a class=\"dt-pswp-item\" href=\"https:\/\/www.radiopiu.net\/wordpress\/wp-content\/uploads\/2020\/09\/corona-aggiornamenti-copia.jpg\" data-dt-img-description=\"\" data-large_image_width=\"626\" data-large_image_height=\"417\"><img loading=\"lazy\" decoding=\"async\" class=\"size-medium wp-image-158956 alignleft\" src=\"https:\/\/www.radiopiu.net\/wordpress\/wp-content\/uploads\/2020\/09\/corona-aggiornamenti-copia-300x200.jpg\" alt=\"\" width=\"300\" height=\"200\" srcset=\"https:\/\/www.radiopiu.net\/wordpress\/wp-content\/uploads\/2020\/09\/corona-aggiornamenti-copia-300x200.jpg 300w, https:\/\/www.radiopiu.net\/wordpress\/wp-content\/uploads\/2020\/09\/corona-aggiornamenti-copia.jpg 626w\" sizes=\"auto, (max-width: 300px) 100vw, 300px\" \/><\/a>BELLUNO\u00a0<\/strong>Le ultime ore di attivit\u00e0 laboratoristica hanno evidenziato cinque nuove positivit\u00e0:\u00a0Quattro positivit\u00e0 tra i contatti di ambito familiare e lavorativo di un caso positivo comunicato sabato. Si configura, quindi, un micro focolaio all\u2019interno dell\u2019attivit\u00e0 lavorativa, prevalentemente a conduzione familiare, in una struttura ricettiva del territorio montano gi\u00e0 chiusa al momento della rilevazione della prima positivit\u00e0. Il Dipartimento di Prevenzione ha disposto le previste misure contumaciali e ha attivato il contact tracing anche in riferimento ai clienti della struttura;\u00a0Una giovane donna gi\u00e0 in isolamento in quanto contatto stretto di altro caso positivo riscontrato fuori regione.\u00a0Da oggi in Ulss Dolomiti saranno disponibili, IN RELAZIONE ALL\u2019AVVIO DELL\u2019ANNO SCOLASTICO, due<span class=\"Apple-converted-space\">\u00a0 <\/span>drive-in per l\u2019esecuzione di tamponi con ACCESSO LIBERO (senza prenotazione):\u00a0Belluno \u2013 Ospedale San Martino;\u00a0Feltre \u2013 Borgo Ruga, 34 (accesso da via Panoramica).\u00a0Attivi tutti i giorni dalle 8.30 alle 12.30.\u00a0Queste due postazioni drive in saranno a servizio dei\u00a0soggetti frequentanti la scuola con sintomatologia simil covid, sia prima dell\u2019accesso a scuola (ad esempio per sintomatologia serale, notturna o al risveglio), sia per improvvisa insorgenza di sintomi durante l\u2019orario scolastico.\u00a0Con i medesimi nuovi orari presso i due drive in di Belluno e Feltre potranno accedere:\u00a0i soggetti in rientro da Croazia, Spagna, Grecia, Malta per il tampone di controllo previsto dalla normativa;\u00a0i soggetti in rientro da Sardegna, Francia-Occitania per il tampone volontario di controllo.\u00a0\u00c8 necessario portare con s\u00e9 la tessera sanitaria magnetica.<\/p>\n<p>&nbsp;<\/p>\n<p>&nbsp;<\/p>\n<hr \/>\n<p>&nbsp;<\/p>\n<blockquote>\n<h3>OSCAR E LA LETTERA DELLA REGINA ELISABETTA<\/h3>\n<\/blockquote>\n<p><a class=\"dt-pswp-item\" href=\"https:\/\/www.radiopiu.net\/wordpress\/wp-content\/uploads\/2020\/09\/Oscar-e-la-lettera-della-regina-Elisabetta-II-scaled.jpeg\" data-dt-img-description=\"\" data-large_image_width=\"1182\" data-large_image_height=\"2560\"><img loading=\"lazy\" decoding=\"async\" class=\" wp-image-160434 alignleft\" src=\"https:\/\/www.radiopiu.net\/wordpress\/wp-content\/uploads\/2020\/09\/Oscar-e-la-lettera-della-regina-Elisabetta-II-139x300.jpeg\" alt=\"\" width=\"250\" height=\"540\" srcset=\"https:\/\/www.radiopiu.net\/wordpress\/wp-content\/uploads\/2020\/09\/Oscar-e-la-lettera-della-regina-Elisabetta-II-139x300.jpeg 139w, https:\/\/www.radiopiu.net\/wordpress\/wp-content\/uploads\/2020\/09\/Oscar-e-la-lettera-della-regina-Elisabetta-II-473x1024.jpeg 473w, https:\/\/www.radiopiu.net\/wordpress\/wp-content\/uploads\/2020\/09\/Oscar-e-la-lettera-della-regina-Elisabetta-II-768x1663.jpeg 768w, https:\/\/www.radiopiu.net\/wordpress\/wp-content\/uploads\/2020\/09\/Oscar-e-la-lettera-della-regina-Elisabetta-II-946x2048.jpeg 946w, https:\/\/www.radiopiu.net\/wordpress\/wp-content\/uploads\/2020\/09\/Oscar-e-la-lettera-della-regina-Elisabetta-II-222x480.jpeg 222w, https:\/\/www.radiopiu.net\/wordpress\/wp-content\/uploads\/2020\/09\/Oscar-e-la-lettera-della-regina-Elisabetta-II-scaled.jpeg 1182w\" sizes=\"auto, (max-width: 250px) 100vw, 250px\" \/><\/a>di Luisa Manfroi<\/p>\n<p><strong>VALLADA<\/strong> Grande deve essere stato lo stupore di Oscar nel vedersi recapitare una busta color panna della Royal Mail con<span class=\"Apple-converted-space\">\u00a0 <\/span>mittente la casa reale inglese. La sorpresa si \u00e8 trasformata in felicit\u00e0 quando l\u2019ha aperta<span class=\"Apple-converted-space\">\u00a0 <\/span>e ha visto in alto lo stemma reale del Regno Unito. Non \u00e8 la prima volta che una lettera con un blasone cos\u00ec prestigioso e riservato a Sua Maest\u00e0, Queen Elizabeth, arriva in Agordino. Due anni fa, una missiva con i timbri<span class=\"Apple-converted-space\">\u00a0 <\/span>di Buckingham Palace e la firma in calce della Dama di Corte Susan Hussey, era stata recapitata nella casa di soggiorno Villa San Giuseppe di Livinallongo a Giannina Dariz, coetanea e grande ammiratrice della regina Elisabetta II. Questa volta, invece, il destinatario \u00e8 Oscar Ganz, un bambino di undici anni di Celat, Vallada, che proprio in questi giorni ha iniziato a frequentare la classe prima della secondaria di I\u00b0 grado. Ma cosa lega Oscar agli Windsor ? \u00c8 il suo interesse<span class=\"Apple-converted-space\">\u00a0 <\/span>per la casa reale di cui conosce<span class=\"Apple-converted-space\">\u00a0 <\/span>la storia e quella dell\u2019Inghilterra. Qualche anno fa e spontaneamente, Oscar<span class=\"Apple-converted-space\">\u00a0 <\/span>ha approfondito la genealogia della casa d\u2019Austria e la vita della principessa Sissi, poi ha ampliato l\u2019attenzione a quella degli Windsor appassionandosi al punto da conoscere la dinastia e gli incroci con le altre case regnanti. Un viaggio a Londra e la visita alle sale di stato di Buckingham Palace, l\u2019anno scorso, ha fatto il resto contribuendo a rafforzare ulteriormente la curiosit\u00e0 verso la famiglia reale inglese e<span class=\"Apple-converted-space\">\u00a0 <\/span>Sua Altezza la regina Elisabetta II. Un interesse raro per un giovanissimo<span class=\"Apple-converted-space\">\u00a0 <\/span>che lo ha spinto, ai primi di agosto, a prendere carta e penna e a scriverle in inglese, naturalmente<span class=\"Apple-converted-space\">\u00a0 <\/span>seguendo il rigido protocollo che prevede questo genere di corrispondenza sicuramente inusuale.<span class=\"Apple-converted-space\">\u00a0\u00a0<\/span>Nella sua lunga lettera, Oscar le ha confidato la propria ammirazione per Sua Maest\u00e0 raccontandole che vive tra le Dolomiti \u201cle montagne pi\u00f9 belle al mondo\u201d e accennando alla particolare colorazione che assumono al tramonto.<span class=\"Apple-converted-space\">\u00a0\u00a0<\/span>Corrispondenza, a Buckingham Palace ne arriva di sicuro molta ogni giorno e<span class=\"Apple-converted-space\">\u00a0 <\/span>quasi certamente non a tutti \u00e8 possibile rispondere.<span class=\"Apple-converted-space\">\u00a0 <\/span>Ma \u00e8<span class=\"Apple-converted-space\">\u00a0 <\/span>forse la spontaneit\u00e0 con la quale si \u00e8 rivolto alla sovrana<span class=\"Apple-converted-space\">\u00a0 <\/span>e la giovane et\u00e0 di Oscar,<span class=\"Apple-converted-space\">\u00a0 <\/span>ad avere a sua volta colpito la regina che, il 29 agosto<span class=\"Apple-converted-space\">\u00a0 <\/span>dalla dimora estiva privata del Castello di Balmoral, non ha esitato a rispondere attraverso la dama di corte Annabel Whitehead,<span class=\"Apple-converted-space\">\u00a0 <\/span>\u201cLady-in-Waiting\u201d. Non una risposta formale ma particolareggiata che<span class=\"Apple-converted-space\">\u00a0 <\/span>riporta il alto lo stemma del Regno Unito, quello che viene utilizzato quando la regina risiede nella sua dimora estiva in Scozia, differente da quello usato di solito quando \u00e8 nella sua residenza ufficiale di Buckingham Palace e riporta la data 29 agosto: \u201cCaro Oscar, la Regina desidera ringraziarti per la tua premurosa lettera in cui esprimi il tuo caloroso sostegno a Sua Maest\u00e0 e il tuo interesse per la storia dell\u2019Inghilterra<span class=\"Apple-converted-space\">\u00a0 <\/span>e della famiglia reale. (\u2026) Allego un albero genealogico e alcuni opuscoli informativi che potresti avere come ricordo della tua visita a Londra lo scorso settembre e ti<span class=\"Apple-converted-space\">\u00a0 <\/span>ringrazio ancora per la cura che hai dedicato a scrivere la tua lettera alla Regina\u201d.\u00a0Corrispondere almeno una volta con la sovrana era<span class=\"Apple-converted-space\">\u00a0 <\/span>il suo sogno. Un desiderio incoraggiato anche dal fatto di avere saputo che,<span class=\"Apple-converted-space\">\u00a0 <\/span>a gennaio di due anni fa,<span class=\"Apple-converted-space\">\u00a0 <\/span>Elisabetta II aveva risposto alle parole della<span class=\"Apple-converted-space\">\u00a0 <\/span>signora Giannina, a Fodom. Una notizia che, allora, era stata discussa in classe, nella scuola di Vallada, proprio per la sua singolarit\u00e0.<\/p>\n<p>&nbsp;<\/p>\n<p>&nbsp;<\/p>\n<hr \/>\n<p>&nbsp;<\/p>\n<blockquote>\n<h3>AGLI STUDENTI BELLUNESI IL PRESIDENTE DELLA PROVINCIA ROBERTO PADRIN INVIA IL MESSAGGIO D&#8217;INIZIO ANNO SCOLASTICO<\/h3>\n<\/blockquote>\n<p>ALLA RADIO, RASSEGNA STAMPA DELLE OTTO<\/p>\n<audio class=\"wp-audio-shortcode\" id=\"audio-160343-2\" preload=\"none\" style=\"width: 100%;\" controls=\"controls\"><source type=\"audio\/mpeg\" src=\"https:\/\/www.radiopiu.net\/wordpress\/wp-content\/uploads\/2020\/09\/pederooooooo.mp3?_=2\" \/><a href=\"https:\/\/www.radiopiu.net\/wordpress\/wp-content\/uploads\/2020\/09\/pederooooooo.mp3\">https:\/\/www.radiopiu.net\/wordpress\/wp-content\/uploads\/2020\/09\/pederooooooo.mp3<\/a><\/audio>\n<p>&nbsp;<\/p>\n<p><span style=\"font-size: 14pt;\"><em>Cari insegnanti, care famiglie, carissimi bambini e ragazzi,<\/em><\/span><br \/>\n<span style=\"font-size: 14pt;\"><em><a class=\"dt-pswp-item\" href=\"https:\/\/www.radiopiu.net\/wordpress\/wp-content\/uploads\/2015\/10\/roberto-padrin-2.jpg\" data-dt-img-description=\"\" data-large_image_width=\"201\" data-large_image_height=\"237\"><img loading=\"lazy\" decoding=\"async\" class=\"size-full wp-image-11554 alignleft\" src=\"https:\/\/www.radiopiu.net\/wordpress\/wp-content\/uploads\/2015\/10\/roberto-padrin-2.jpg\" alt=\"\" width=\"201\" height=\"237\" \/><\/a>siamo alla vigilia della prima campanella dell\u2019anno scolastico. Un giorno importante che segna l\u2019atteso ritorno della didattica in presenza, dopo mesi di distanziamento imposto. Un giorno carico di aspettative, di speranze e di prospettive. <\/em><\/span><br \/>\n<span style=\"font-size: 14pt;\"><em>Per molti sar\u00e0 il modo di rivedere amici e compagni. Per alcuni sar\u00e0 la primissima esperienza a scuola o in una nuova classe. Per altri sar\u00e0 l\u2019avvio dell\u2019anno che porta all\u2019esame di maturit\u00e0. Per tutti sar\u00e0 l\u2019occasione di imparare, di crescere, di stringere nuove amicizie, di diventare un po\u2019 di pi\u00f9 cittadini del mondo. Non possiamo negare che ci sia qualche timore, che sar\u00e0 un anno particolare, diverso dal solito sotto molti punti di vista. Ma proprio per questo sar\u00e0 necessario un pizzico di collaborazione in pi\u00f9, ingrediente fondamentale di tutti gli anni scolastici.<\/em><\/span><br \/>\n<span style=\"font-size: 14pt;\"><em>Bisogner\u00e0 continuare a rispettare alcune norme di buonsenso, per rendere pi\u00f9 agevole il lavoro di tutti e pi\u00f9 semplice e rapido il ritorno alla normalit\u00e0, che ci auguriamo possa avvenire in pochi mesi. Il senso di responsabilit\u00e0 sar\u00e0 fondamentale, esercizio di convivenza e componente irrinunciabile del vivere quotidiano, in classe e non solo. Servir\u00e0 un po\u2019 di pazienza da parte delle famiglie, chiamate a partecipare ancora di pi\u00f9 alla costruzione del processo formativo di ragazzi e bambini. Ci saranno spazi e modalit\u00e0 didattiche diverse, e non sempre sar\u00e0 semplice entrare subito nei meccanismi abituali della scuola. Ci vorr\u00e0 qualche settimana perch\u00e9 tutto vada a regime, e credo che valga la pena pazientare, visto il grande lavoro messo in campo negli ultimi mesi per predisporre aule e scuole rispondenti alle linee guida ministeriali oltre che alle esigenze della didattica. Da parte nostra, abbiamo messo in campo risorse economiche e umane per arrivare pronti il pi\u00f9 possibile all\u2019avvio. La Provincia, attraverso lavori di \u201cedilizia leggera\u201d nelle scuole superiori di sua competenza ha ridisegnato alcuni spazi, modificato alcune stanze interne e ricavato aule nuove. Serviranno ancora alcune settimane per l\u2019installazione dei moduli prefabbricati negli istituti che li hanno richiesti. Servir\u00e0 qualche settimana anche per la messa a punto del sistema di trasporto scolastico, su cui \u00e8 fondamentale la collaborazione di chi sale sullo scuolabus e sull\u2019autobus: mascherina e distanziamento saranno i compagni di viaggio a cui bisogner\u00e0 abituarsi. Anche i miei colleghi sindaci hanno profuso un impegno poderoso per rendere l\u2019inizio della scuola il pi\u00f9 semplice e normale possibile. <\/em><\/span><span style=\"font-size: 14pt;\"><em>Normale. Una parola che suona strana ed \u00e8 al tempo stesso carica di speranza dopo i lunghi mesi del lockdown imposto dalle condizioni della pandemia. Una parola che diventa augurio per tutti: per i dirigenti scolastici, chiamati a uno sforzo ulteriore quest\u2019anno; per gli insegnanti che hanno il compito di far crescere i talenti dei nostri ragazzi; per tutto il personale scolastico; per le famiglie; e soprattutto per i bambini e i ragazzi. Sono loro il futuro del nostro territorio e abbiamo il compito di farli crescere e di dare forma al loro presente. <\/em><\/span><br \/>\n<span style=\"font-size: 14pt;\"><em>Buon anno scolastico a tutti.<\/em><\/span><\/p>\n<p>&nbsp;<\/p>\n<blockquote>\n<h3><\/h3>\n<\/blockquote>\n<hr \/>\n<h3><\/h3>\n<blockquote>\n<h3>RIPRESA SCOLASTICA:\u00a0 IL NUOVO DIRIGENTE GIOVANNI PAOLO ZANIN DETTA LE REGOLE DA RISPETTARE PRIMA DI RECARSI A SCUOLA<\/h3>\n<\/blockquote>\n<p><strong><a class=\"dt-pswp-item\" href=\"https:\/\/www.radiopiu.net\/wordpress\/wp-content\/uploads\/2020\/02\/miglioramento-sismico_scuola_agordo_2.jpg\" data-dt-img-description=\"\" data-large_image_width=\"1280\" data-large_image_height=\"771\"><img loading=\"lazy\" decoding=\"async\" class=\"size-medium wp-image-117411 alignleft\" src=\"https:\/\/www.radiopiu.net\/wordpress\/wp-content\/uploads\/2020\/02\/miglioramento-sismico_scuola_agordo_2-300x181.jpg\" alt=\"\" width=\"300\" height=\"181\" srcset=\"https:\/\/www.radiopiu.net\/wordpress\/wp-content\/uploads\/2020\/02\/miglioramento-sismico_scuola_agordo_2-300x181.jpg 300w, https:\/\/www.radiopiu.net\/wordpress\/wp-content\/uploads\/2020\/02\/miglioramento-sismico_scuola_agordo_2-1024x617.jpg 1024w, https:\/\/www.radiopiu.net\/wordpress\/wp-content\/uploads\/2020\/02\/miglioramento-sismico_scuola_agordo_2-768x463.jpg 768w, https:\/\/www.radiopiu.net\/wordpress\/wp-content\/uploads\/2020\/02\/miglioramento-sismico_scuola_agordo_2.jpg 1280w\" sizes=\"auto, (max-width: 300px) 100vw, 300px\" \/><\/a>AGORDO<\/strong> Il dirigente scolastico Giovanni Paolo Zanin in occasione della ripresa scolastica informa: tutti hanno l\u2019obbligo di misurare la temperatura ogni mattina, prima di uscire di casa, e di rimanere al proprio domicilio in caso di febbre superiore a 37,5 \u00b0C. Anche in assenza di febbre, in caso di sintomi riferibili al Covid (come ad esempio tosse, difficolt\u00e0 respiratorie, congiuntivite, rinorrea\/congestione nasale, sintomi gastrointestinali (nausea\/vomito, diarrea), perdita\/alterazione improvvisa del gusto (ageusia\/disgeusia), perdita\/diminuzione improvvisa dell\u2019olfatto (anosmia\/iposmia), mal di gola, cefalea, mialgie,&#8230;) va valutata l\u2019opportunit\u00e0 di rimanere a casa, in caso di dubbio consultando telefonicamente il proprio medico di Medicina Generale \/Pediatra di Libera Scelta (PLS) o il Distretto sanitario territorialmente competente. La scuola inizier\u00e0 luned\u00ec 14 settembre: <strong>Istituto Comprensivo di Agordo <\/strong>(www.istitutocomprensivoagordo.it\/) Scuola secondaria di primo grado (\u201cmedia\u201d): da luned\u00ec 14 a mercoled\u00ec 16: inizio lezioni ore 8 \u2013 termine lezioni ore 10.55 <strong>Scuole Primarie Agordo <\/strong>dalle\u00a0 8 ALLE 13 <strong>Scuola primaria di La Valle<\/strong> dalle 7:50 alle 12:50 <strong>Scuola primaria di Gosaldo<\/strong> (marted\u00ec 15 chiuso per la festa del santo patrono) lunedi dalle 8 alle 13 <strong>Scuola primaria di Rivamonte<\/strong>\u00a0 dalle 7:45\u00a0 alle 12:45 <strong>Scuola primaria di Taibon<\/strong> dalle 8 alle 13 <strong>Scuola primaria di Voltago<\/strong> dalle 8 alle 13. <strong>Per le scuole dell\u2019infanzia<\/strong> arriveranno specifici avvisi alle famiglie. <strong>Istituto Comprensivo di Alleghe<\/strong> Scuola secondaria di primo grado (\u201cmedia\u201d) di Caprile: da luned\u00ec 14 a mercoled\u00ec 16: inizio lezioni 7.50 \u2013 termine\u00a0 ore 10.35 <strong>Scuola secondaria di primo grado (\u201cmedia\u201d) di Livinallogo<\/strong> da luned\u00ec 14 a\u00a0 Mercoled\u00ec 16 inizio lezioni\u00a0 8\u2013 termine lezioni ore 11. <strong>Scuola primaria di Alleghe<\/strong> luned\u00ec 14 e marted\u00ec 15: 7.55-12; da mercoled\u00ec 16: 7.55-12.55 <strong>Scuola primaria di Santa Fosca<\/strong> dal luned\u00ec al venerd\u00ec dalle 7.50 alle 12.50 <strong>Scuola primaria di Livinallongo del Col di Lana<\/strong>: dal luned\u00ec al sabato dalle 8 alle 13<\/p>\n<p>&nbsp;<\/p>\n<p>&nbsp;<\/p>\n<hr \/>\n<p>&nbsp;<\/p>\n<blockquote>\n<h3>OGGI INIZIA LA SCUOLA A TAIBON. LE LINEE GUIDA PER L&#8217;ACCESSO ALLE AULE<\/h3>\n<\/blockquote>\n<p><strong><a class=\"dt-pswp-item\" href=\"https:\/\/www.radiopiu.net\/wordpress\/wp-content\/uploads\/2020\/09\/SCUOLA-TAIBON.png\" data-dt-img-description=\"\" data-large_image_width=\"1280\" data-large_image_height=\"792\"><img loading=\"lazy\" decoding=\"async\" class=\"size-medium wp-image-160374 alignleft\" src=\"https:\/\/www.radiopiu.net\/wordpress\/wp-content\/uploads\/2020\/09\/SCUOLA-TAIBON-300x186.png\" alt=\"\" width=\"300\" height=\"186\" srcset=\"https:\/\/www.radiopiu.net\/wordpress\/wp-content\/uploads\/2020\/09\/SCUOLA-TAIBON-300x186.png 300w, https:\/\/www.radiopiu.net\/wordpress\/wp-content\/uploads\/2020\/09\/SCUOLA-TAIBON-1024x634.png 1024w, https:\/\/www.radiopiu.net\/wordpress\/wp-content\/uploads\/2020\/09\/SCUOLA-TAIBON-768x475.png 768w, https:\/\/www.radiopiu.net\/wordpress\/wp-content\/uploads\/2020\/09\/SCUOLA-TAIBON-640x396.png 640w, https:\/\/www.radiopiu.net\/wordpress\/wp-content\/uploads\/2020\/09\/SCUOLA-TAIBON.png 1280w\" sizes=\"auto, (max-width: 300px) 100vw, 300px\" \/><\/a>TAIBON<\/strong> Inizia oggi la scuola a Taibon Agordino. Il comune ha pensato di utilizzare ingressi diversi per dividere gli alunni. Il 16 settembre, giorno del Santo Patrono di Taibon, la scuola elementare far\u00e0 regolarmente lezione mentre la scuola dell&#8217;infanzia rimarr\u00e0 chiusa.<\/p>\n<p><strong>AI MICROFONI DI RADIO PIU&#8217; IL SINDACO SILVIA TORMEN<\/strong><\/p>\n<audio class=\"wp-audio-shortcode\" id=\"audio-160343-3\" preload=\"none\" style=\"width: 100%;\" controls=\"controls\"><source type=\"audio\/mpeg\" src=\"https:\/\/www.radiopiu.net\/wordpress\/wp-content\/uploads\/2020\/09\/SILVIA-TORMEN-INIZIO-SCUOLA.mp3?_=3\" \/><a href=\"https:\/\/www.radiopiu.net\/wordpress\/wp-content\/uploads\/2020\/09\/SILVIA-TORMEN-INIZIO-SCUOLA.mp3\">https:\/\/www.radiopiu.net\/wordpress\/wp-content\/uploads\/2020\/09\/SILVIA-TORMEN-INIZIO-SCUOLA.mp3<\/a><\/audio>\n<p>&nbsp;<\/p>\n<hr \/>\n<p>&nbsp;<\/p>\n<blockquote class=\"wp-embedded-content\" data-secret=\"xsd6xp0ZLH\"><p><a href=\"https:\/\/www.radiopiu.net\/wordpress\/scuola-domande-e-risposte\/\">SCUOLA&#8230; DOMANDE E RISPOSTE<\/a><\/p><\/blockquote>\n<p><iframe loading=\"lazy\" class=\"wp-embedded-content\" sandbox=\"allow-scripts\" security=\"restricted\" style=\"position: absolute; clip: rect(1px, 1px, 1px, 1px);\" title=\"&#8220;SCUOLA&#8230; DOMANDE E RISPOSTE&#8221; &#8212; Radio Pi\u00f9\" src=\"https:\/\/www.radiopiu.net\/wordpress\/scuola-domande-e-risposte\/embed\/#?secret=xsd6xp0ZLH\" data-secret=\"xsd6xp0ZLH\" width=\"600\" height=\"338\" frameborder=\"0\" marginwidth=\"0\" marginheight=\"0\" scrolling=\"no\"><\/iframe><\/p>\n<p>&nbsp;<\/p>\n<p>&nbsp;<\/p>\n<hr \/>\n<p>&nbsp;<\/p>\n<blockquote>\n<h3>CHIUDE I BATTENTI LA II EDIZIONE DEL FESTIVAL DELLE FORESTE. UN GRANDE RISULTATO PER I TANTI OPERATORI E UNA BELLA VITTORIA SULLA PANDEMIA DA COVID<\/h3>\n<\/blockquote>\n<p><strong><a class=\"dt-pswp-item\" href=\"https:\/\/www.radiopiu.net\/wordpress\/wp-content\/uploads\/2020\/09\/Cantieri-dimostrativi-in-Cansiglio-FFF2020-12-e-13-settembre.jpg\" data-dt-img-description=\"\" data-large_image_width=\"2000\" data-large_image_height=\"1125\"><img loading=\"lazy\" decoding=\"async\" class=\"size-medium wp-image-160412 alignleft\" src=\"https:\/\/www.radiopiu.net\/wordpress\/wp-content\/uploads\/2020\/09\/Cantieri-dimostrativi-in-Cansiglio-FFF2020-12-e-13-settembre-300x169.jpg\" alt=\"\" width=\"300\" height=\"169\" srcset=\"https:\/\/www.radiopiu.net\/wordpress\/wp-content\/uploads\/2020\/09\/Cantieri-dimostrativi-in-Cansiglio-FFF2020-12-e-13-settembre-300x169.jpg 300w, https:\/\/www.radiopiu.net\/wordpress\/wp-content\/uploads\/2020\/09\/Cantieri-dimostrativi-in-Cansiglio-FFF2020-12-e-13-settembre-1024x576.jpg 1024w, https:\/\/www.radiopiu.net\/wordpress\/wp-content\/uploads\/2020\/09\/Cantieri-dimostrativi-in-Cansiglio-FFF2020-12-e-13-settembre-768x432.jpg 768w, https:\/\/www.radiopiu.net\/wordpress\/wp-content\/uploads\/2020\/09\/Cantieri-dimostrativi-in-Cansiglio-FFF2020-12-e-13-settembre-1536x864.jpg 1536w, https:\/\/www.radiopiu.net\/wordpress\/wp-content\/uploads\/2020\/09\/Cantieri-dimostrativi-in-Cansiglio-FFF2020-12-e-13-settembre-640x360.jpg 640w, https:\/\/www.radiopiu.net\/wordpress\/wp-content\/uploads\/2020\/09\/Cantieri-dimostrativi-in-Cansiglio-FFF2020-12-e-13-settembre.jpg 2000w\" sizes=\"auto, (max-width: 300px) 100vw, 300px\" \/><\/a>LONGARONE\u00a0<\/strong>Chiude i battenti la II\u00b0 edizione del Festival delle Foreste. Un\u2019edizione difficile da realizzare vista la pandemia da Covid ma che \u00e8 riuscita lo stesso a portare a Longarone turisti, visitatori e curiosi. Edizione fatta con mascherine e igienizzanti ma che, nei contenuti, ha dimostrato come la voglia di rimettersi in gioco dopo la tragedia di Vaia e il Lockdown sia pi\u00f9 forte di qualsiasi virus.\u00a0Si \u00e8 incomincianto con la Presentazione del libro \u201cRinascite\u201d. Ampliamento dell\u2019omonima mostra, il libro fotografico illustra da un lato la distruzione della tempesta Vaia in tutto il Nord Est e dall\u2019altro diverse testimonianze concrete di rinascita, a cura del Gruppo fotografico ArcheoSusegana. Interessante anche la conferenza su \u201cI patrimoni liquidi e forestali del bacino della Piave per uno sviluppo pi\u00f9 sostenibile\u201d, mirata ad approfondire le opportunit\u00e0 progettuali legate ai temi della gestione delle foreste e dell\u2019acqua, dello sviluppo sostenibile e dei patrimoni naturali e culturali collegati all\u2019elemento liquido, nelle declinazioni uniche e irripetibili che caratterizzano molti dei territori ricadenti nel bacino del fiume Piave. Si sono discussi i possibili ambiti di valorizzazione del contesto storico ereditato in chiave eco-museale, sia il collegamento dello stesso a nuovi sistemi di produzioni volti a conferire alla risorsa legno un valore aggiunto in collaborazione con la Rete Mondiale UNESCO dei Musei dell\u2019Acqua e Centro Internazionale Civilt\u00e0 dell\u2019Acqua in collaborazione con Veneto Agricoltura, Consorzio BIM Piave e Venetian Cluster.\u00a0Poi uno dei momenti pi\u00f9 attesi. L\u2019assegnazione del Premio \u201cJean Giono: l\u2019uomo che piantava gli alberi\u201d &#8211; edizione 2020, organizzato da Veneto Agricoltura e dedicato a chi si \u00e8 contraddistinto nella sua vita professionale o sociale nella promozione e realizzazione di impianti di vegetazione legnosa. Questo anno il Premio \u00e8 andato a pari merito a 4 personalit\u00e0, una per ciascuna delle quattro categorie del premio: Agricoltore, Tecnico-ricercatore, Rappresentante amministrazione locale, Rappresentante associazionismo. Ecco i nomi:\u00a0Giulia Da Sacco imprenditrice agricola di Verona. Vince la categoria \u201cAgricoltore\u201d, per il suo bosco aziendale finalizzato alle attivit\u00e0 di \u201cAsilo nel Bosco\u201d.<span class=\"Apple-converted-space\">\u00a0\u00a0<\/span>Per i \u201cTecnici\u201d il premio va a Lucio Brotto, per l\u2019ampia attivit\u00e0 di progettazione e promozione di impianti arborei con il Progetto <i>WOWnature<\/i> e per la realizzazione di \u201cBosco Limite\u201d.\u00a0A Marcello Basso, gi\u00e0 Sindaco di San Stino di Livenza (Ve), \u00e8 andato il premio nella categoria \u201cAmministratori\u201d per la pionieristica e lungimirante azione che negli anni \u201990 ha realizzato il Bosco di Bandiziol e Prassacon, di uno dei primi e pi\u00f9 significativi progetti di reimpianto di bosco planiziale. Infine, tra \u201cVolontari\u201d si \u00e8 contraddistinto Carletto Bettio che con passione e la perseveranza ha dato vita assieme a molti altri volontari, il \u201c<i>Bosco di Rubano<\/i>\u201d (Pd), un originale processo di rinaturalizzazione di un\u2019area di ex-cava.\u00a0Ciascun premiato ricever\u00e0 250 piante di alberi\/arbusti prodotti dal \u201cCentro Biodiversit\u00e0 Vegetale e Fuori Foresta\u201d di Veneto Agricoltura, per sviluppare nuovi impianti.<span class=\"Apple-converted-space\">\u00a0 <a class=\"dt-pswp-item\" href=\"https:\/\/www.radiopiu.net\/wordpress\/wp-content\/uploads\/2020\/09\/Premiati-Jean-Giono-2020.jpg\" data-dt-img-description=\"\" data-large_image_width=\"2000\" data-large_image_height=\"1125\"><img loading=\"lazy\" decoding=\"async\" class=\" wp-image-160413 alignright\" src=\"https:\/\/www.radiopiu.net\/wordpress\/wp-content\/uploads\/2020\/09\/Premiati-Jean-Giono-2020-300x169.jpg\" alt=\"\" width=\"399\" height=\"225\" srcset=\"https:\/\/www.radiopiu.net\/wordpress\/wp-content\/uploads\/2020\/09\/Premiati-Jean-Giono-2020-300x169.jpg 300w, https:\/\/www.radiopiu.net\/wordpress\/wp-content\/uploads\/2020\/09\/Premiati-Jean-Giono-2020-1024x576.jpg 1024w, https:\/\/www.radiopiu.net\/wordpress\/wp-content\/uploads\/2020\/09\/Premiati-Jean-Giono-2020-768x432.jpg 768w, https:\/\/www.radiopiu.net\/wordpress\/wp-content\/uploads\/2020\/09\/Premiati-Jean-Giono-2020-1536x864.jpg 1536w, https:\/\/www.radiopiu.net\/wordpress\/wp-content\/uploads\/2020\/09\/Premiati-Jean-Giono-2020-640x360.jpg 640w, https:\/\/www.radiopiu.net\/wordpress\/wp-content\/uploads\/2020\/09\/Premiati-Jean-Giono-2020.jpg 2000w\" sizes=\"auto, (max-width: 399px) 100vw, 399px\" \/><\/a><\/span>Ma legno significa anche arte e arte significa anche musica come ha ben dimostrato Francesca Gallo con le sue performance musicali fatte con strumenti che lei stessa costruisce a mano. Un racconto che parte dalla nascita (il legno) fino allo strumento completo. \u201ctutti gli alberi suonano perch\u00e9 hanno delle frequenze vibratorie, compito del costruttore degli strumenti musicale \u00e8 individuare le armoniche. Non solo le foreste pi\u00f9 famose per il legname di risonanza vanno valorizzate, tutti gli alberi \u201csuonano\u201d e intere compagini boschive costituiscono dei teatri con acustica perfetta. \u00c8 necessario prendere coscienza che ci sono molte foreste che racchiudono questi valori e questi aspetti devono essere divulgati\u201d ha dichiarato Francesca. La giornata si \u00e8 chiusa con un breve intervento musicale grazie a melodie tradizionali e brani di recente composizione la cui ispirazione \u00e8 arrivata dall\u2019osservazione e dal contatto con la natura del bosco: Alessandro Marchetti, organetto diatonico e tastiera &#8211; Matteo Marcon, bouzouki irlandese e voce. Dopo di loro la magia dei TIEPOLO BRASS (Diego Cal, Emanuele Resini &#8211; tromba e tromba naturale, Andrea D\u2019Inc\u00e0, Lorenzo Tommasini- trombone) a cura del Distretto culturale FVG. Durante tutti e tre i giorni il Festival \u00e8 stato arricchito da una serie coordinata di mostre sia fotografiche che informative che hanno permesso di capire cosa sia stata la tempesta Vaia e quali esempi ci siano stati di reazione.<\/p>\n<p>&nbsp;<\/p>\n<hr \/>\n<p>&nbsp;<\/p>\n<blockquote>\n<h3>LA MESSA A FORCELLA CAMP\u00a0 22 ANNI DOPO<\/h3>\n<\/blockquote>\n<p><strong>AGORDO<\/strong> Anche quest&#8217;anno si \u00e8 rinnovata la tradizione di celebrare la messa a Forcella Camp in occasione dell&#8217; anniversario della posa in opera del capitello da parte di un gruppo di volontari guidati da Giorgio Favero, che purtroppo quest&#8217; anno non ha potuto essere presente per motivi di salute.<\/p>\n\n\t\t\t<style type='text\/css'>\n\t\t\t\t#gallery-3 {\n\t\t\t\t\tmargin: auto;\n\t\t\t\t}\n\t\t\t\t#gallery-3 .gallery-item {\n\t\t\t\t\tfloat: left;\n\t\t\t\t\tmargin-top: 10px;\n\t\t\t\t\ttext-align: center;\n\t\t\t\t\twidth: 33%;\n\t\t\t\t}\n\t\t\t\t#gallery-3 img {\n\t\t\t\t\tborder: 2px solid #cfcfcf;\n\t\t\t\t}\n\t\t\t\t#gallery-3 .gallery-caption {\n\t\t\t\t\tmargin-left: 0;\n\t\t\t\t}\n\t\t\t\t\/* see gallery_shortcode() in wp-includes\/media.php *\/\n\t\t\t<\/style>\n\t\t<div id='gallery-3' class='dt-gallery-container gallery galleryid-160343 gallery-columns-3 gallery-size-thumbnail'><dl class='gallery-item'>\n\t\t\t\t<dt class='gallery-icon landscape'>\n\t\t\t\t\t<a class=\"rollover rollover-zoom dt-pswp-item\" title=\"119178201_10220585589607161_746063095949205136_o\" data-dt-img-description=\"\" data-large_image_width=\"960\" data-large_image_height=\"540\"href='https:\/\/www.radiopiu.net\/wordpress\/wp-content\/uploads\/2020\/09\/119178201_10220585589607161_746063095949205136_o.jpg'><img loading=\"lazy\" decoding=\"async\" width=\"150\" height=\"150\" src=\"https:\/\/www.radiopiu.net\/wordpress\/wp-content\/uploads\/2020\/09\/119178201_10220585589607161_746063095949205136_o-150x150.jpg\" class=\"attachment-thumbnail size-thumbnail\" alt=\"\" srcset=\"https:\/\/www.radiopiu.net\/wordpress\/wp-content\/uploads\/2020\/09\/119178201_10220585589607161_746063095949205136_o-150x150.jpg 150w, https:\/\/www.radiopiu.net\/wordpress\/wp-content\/uploads\/2020\/09\/119178201_10220585589607161_746063095949205136_o-125x125.jpg 125w, https:\/\/www.radiopiu.net\/wordpress\/wp-content\/uploads\/2020\/09\/119178201_10220585589607161_746063095949205136_o-200x200.jpg 200w, https:\/\/www.radiopiu.net\/wordpress\/wp-content\/uploads\/2020\/09\/119178201_10220585589607161_746063095949205136_o-80x80.jpg 80w\" sizes=\"auto, (max-width: 150px) 100vw, 150px\" \/><\/a>\n\t\t\t\t<\/dt><\/dl><dl class='gallery-item'>\n\t\t\t\t<dt class='gallery-icon landscape'>\n\t\t\t\t\t<a class=\"rollover rollover-zoom dt-pswp-item\" title=\"119176679_10220585589287153_7366046131825920660_o\" data-dt-img-description=\"\" data-large_image_width=\"960\" data-large_image_height=\"602\"href='https:\/\/www.radiopiu.net\/wordpress\/wp-content\/uploads\/2020\/09\/119176679_10220585589287153_7366046131825920660_o.jpg'><img loading=\"lazy\" decoding=\"async\" width=\"150\" height=\"150\" src=\"https:\/\/www.radiopiu.net\/wordpress\/wp-content\/uploads\/2020\/09\/119176679_10220585589287153_7366046131825920660_o-150x150.jpg\" class=\"attachment-thumbnail size-thumbnail\" alt=\"\" srcset=\"https:\/\/www.radiopiu.net\/wordpress\/wp-content\/uploads\/2020\/09\/119176679_10220585589287153_7366046131825920660_o-150x150.jpg 150w, https:\/\/www.radiopiu.net\/wordpress\/wp-content\/uploads\/2020\/09\/119176679_10220585589287153_7366046131825920660_o-125x125.jpg 125w, https:\/\/www.radiopiu.net\/wordpress\/wp-content\/uploads\/2020\/09\/119176679_10220585589287153_7366046131825920660_o-200x200.jpg 200w, https:\/\/www.radiopiu.net\/wordpress\/wp-content\/uploads\/2020\/09\/119176679_10220585589287153_7366046131825920660_o-80x80.jpg 80w\" sizes=\"auto, (max-width: 150px) 100vw, 150px\" \/><\/a>\n\t\t\t\t<\/dt><\/dl><dl class='gallery-item'>\n\t\t\t\t<dt class='gallery-icon landscape'>\n\t\t\t\t\t<a class=\"rollover rollover-zoom dt-pswp-item\" title=\"119187617_10220585778211876_5401338760274035815_o\" data-dt-img-description=\"\" data-large_image_width=\"960\" data-large_image_height=\"540\"href='https:\/\/www.radiopiu.net\/wordpress\/wp-content\/uploads\/2020\/09\/119187617_10220585778211876_5401338760274035815_o.jpg'><img loading=\"lazy\" decoding=\"async\" width=\"150\" height=\"150\" src=\"https:\/\/www.radiopiu.net\/wordpress\/wp-content\/uploads\/2020\/09\/119187617_10220585778211876_5401338760274035815_o-150x150.jpg\" class=\"attachment-thumbnail size-thumbnail\" alt=\"\" srcset=\"https:\/\/www.radiopiu.net\/wordpress\/wp-content\/uploads\/2020\/09\/119187617_10220585778211876_5401338760274035815_o-150x150.jpg 150w, https:\/\/www.radiopiu.net\/wordpress\/wp-content\/uploads\/2020\/09\/119187617_10220585778211876_5401338760274035815_o-125x125.jpg 125w, https:\/\/www.radiopiu.net\/wordpress\/wp-content\/uploads\/2020\/09\/119187617_10220585778211876_5401338760274035815_o-200x200.jpg 200w, https:\/\/www.radiopiu.net\/wordpress\/wp-content\/uploads\/2020\/09\/119187617_10220585778211876_5401338760274035815_o-80x80.jpg 80w\" sizes=\"auto, (max-width: 150px) 100vw, 150px\" \/><\/a>\n\t\t\t\t<\/dt><\/dl><br style=\"clear: both\" \/>\n\t\t\t<\/div>\n\n<p>&nbsp;<\/p>\n<hr \/>\n<p><strong>\u00a0<\/strong><\/p>\n<blockquote>\n<h2><strong>Graffito di Dunio Piccolin a Palue di Rocca Pietore (Belluno): <\/strong><\/h2>\n<h3><strong>\u201cuna giornata a Palue\u201d<\/strong><\/h3>\n<p><strong>ROCCA PIETORE<\/strong> Vi \u00e8 un piccolo \u201cBorgo antico\u201d, quello di Palue di Rocca Pietore (Belluno), che cerca di rinascere dopo gli effetti della tempesta Vaia dell\u2019autunno 2018, che l\u2019ha invaso, in parte, di detriti sassosi, sfiorando una vera e propria tragedia. Da subito gli abitanti si sono rimboccati le maniche e, fin dove era possibile, hanno sistemato il loro caro borgo montano e tutt\u2019ora non si sono ancora fermati: molte sono le iniziative che lo hanno reso pi\u00f9 vivibile e decoroso arricchendolo di fiori durante l\u2019estate e di luci natalizie durante l\u2019inverno, aprendo i fienili al pubblico e organizzando mostre, piccoli concerti e iniziative di vario genere. E\u2019questo lo spirito che ha animato gli abitanti, riunitosi in un \u201cComitato per Palue\u201d, che hanno coinvolto l\u2019artista Dunio Piccolin invitatolo ad arricchire il borgo con la sua arte: Dunio in questi giorni ha terminato il primo graffito di 10 m\u00b2 sulla parete di un fienile visibile dalla strada principale, e l\u2019opera, intitolata \u201cUna giornata a Palue\u201d\u00a0 ricorda episodi quotidiani del passato nel paesello.Con questa opera artistica, che ha l\u2019intento di invitare i passanti a visitare il piccolo villaggio, la restaurazione di alcuni fienile, e le altre iniziative in programma, Palue si impreziosisce sempre pi\u00f9; sempre in questi giorni, all\u2019ingresso del paese, grazie all\u2019offerta di diverse associazioni degli alpini e realizzata degli operai del comune \u00e8 stata costruita una fontana, nello stesso punto dove precedentemente era collocata quella distrutta dalla tempesta Vaia. Il villaggio di Palue \u00e8 anche il punto di partenza per il sentiero che porta ai \u201cborghi dimenticati\u201d di Vallier e Albe, entrati da poco, grazie ad alcuni giovani, a far parte\u00a0 del progetto \u201cI Luoghi del Cuore\u201d patrocinato del FAI (Fondo Ambiente Italiano).<\/p><\/blockquote>\n<p>&nbsp;<\/p>\n\n\t\t\t<style type='text\/css'>\n\t\t\t\t#gallery-4 {\n\t\t\t\t\tmargin: auto;\n\t\t\t\t}\n\t\t\t\t#gallery-4 .gallery-item {\n\t\t\t\t\tfloat: left;\n\t\t\t\t\tmargin-top: 10px;\n\t\t\t\t\ttext-align: center;\n\t\t\t\t\twidth: 25%;\n\t\t\t\t}\n\t\t\t\t#gallery-4 img {\n\t\t\t\t\tborder: 2px solid #cfcfcf;\n\t\t\t\t}\n\t\t\t\t#gallery-4 .gallery-caption {\n\t\t\t\t\tmargin-left: 0;\n\t\t\t\t}\n\t\t\t\t\/* see gallery_shortcode() in wp-includes\/media.php *\/\n\t\t\t<\/style>\n\t\t<div id='gallery-4' class='dt-gallery-container gallery galleryid-160343 gallery-columns-4 gallery-size-thumbnail'><dl class='gallery-item'>\n\t\t\t\t<dt class='gallery-icon portrait'>\n\t\t\t\t\t<a class=\"rollover rollover-zoom dt-pswp-item\" title=\"238055bb-3216-4639-a14d-9e979a9e9e85\" data-dt-img-description=\"\" data-large_image_width=\"524\" data-large_image_height=\"738\"href='https:\/\/www.radiopiu.net\/wordpress\/wp-content\/uploads\/2020\/09\/238055bb-3216-4639-a14d-9e979a9e9e85.jpg'><img loading=\"lazy\" decoding=\"async\" width=\"150\" height=\"150\" src=\"https:\/\/www.radiopiu.net\/wordpress\/wp-content\/uploads\/2020\/09\/238055bb-3216-4639-a14d-9e979a9e9e85-150x150.jpg\" class=\"attachment-thumbnail size-thumbnail\" alt=\"\" srcset=\"https:\/\/www.radiopiu.net\/wordpress\/wp-content\/uploads\/2020\/09\/238055bb-3216-4639-a14d-9e979a9e9e85-150x150.jpg 150w, https:\/\/www.radiopiu.net\/wordpress\/wp-content\/uploads\/2020\/09\/238055bb-3216-4639-a14d-9e979a9e9e85-125x125.jpg 125w, https:\/\/www.radiopiu.net\/wordpress\/wp-content\/uploads\/2020\/09\/238055bb-3216-4639-a14d-9e979a9e9e85-200x200.jpg 200w, https:\/\/www.radiopiu.net\/wordpress\/wp-content\/uploads\/2020\/09\/238055bb-3216-4639-a14d-9e979a9e9e85-80x80.jpg 80w\" sizes=\"auto, (max-width: 150px) 100vw, 150px\" \/><\/a>\n\t\t\t\t<\/dt><\/dl><dl class='gallery-item'>\n\t\t\t\t<dt class='gallery-icon portrait'>\n\t\t\t\t\t<a class=\"rollover rollover-zoom dt-pswp-item\" title=\"53118e0d-fe6f-4a54-b6ff-0f7182b4acac\" data-dt-img-description=\"\" data-large_image_width=\"1546\" data-large_image_height=\"2048\"href='https:\/\/www.radiopiu.net\/wordpress\/wp-content\/uploads\/2020\/09\/53118e0d-fe6f-4a54-b6ff-0f7182b4acac.jpg'><img loading=\"lazy\" decoding=\"async\" width=\"150\" height=\"150\" src=\"https:\/\/www.radiopiu.net\/wordpress\/wp-content\/uploads\/2020\/09\/53118e0d-fe6f-4a54-b6ff-0f7182b4acac-150x150.jpg\" class=\"attachment-thumbnail size-thumbnail\" alt=\"\" srcset=\"https:\/\/www.radiopiu.net\/wordpress\/wp-content\/uploads\/2020\/09\/53118e0d-fe6f-4a54-b6ff-0f7182b4acac-150x150.jpg 150w, https:\/\/www.radiopiu.net\/wordpress\/wp-content\/uploads\/2020\/09\/53118e0d-fe6f-4a54-b6ff-0f7182b4acac-125x125.jpg 125w, https:\/\/www.radiopiu.net\/wordpress\/wp-content\/uploads\/2020\/09\/53118e0d-fe6f-4a54-b6ff-0f7182b4acac-200x200.jpg 200w, https:\/\/www.radiopiu.net\/wordpress\/wp-content\/uploads\/2020\/09\/53118e0d-fe6f-4a54-b6ff-0f7182b4acac-80x80.jpg 80w\" sizes=\"auto, (max-width: 150px) 100vw, 150px\" \/><\/a>\n\t\t\t\t<\/dt><\/dl><dl class='gallery-item'>\n\t\t\t\t<dt class='gallery-icon portrait'>\n\t\t\t\t\t<a class=\"rollover rollover-zoom dt-pswp-item\" title=\"275d8fd1-f0a5-4df7-b134-eac71db5462f\" data-dt-img-description=\"\" data-large_image_width=\"1272\" data-large_image_height=\"1843\"href='https:\/\/www.radiopiu.net\/wordpress\/wp-content\/uploads\/2020\/09\/275d8fd1-f0a5-4df7-b134-eac71db5462f.jpg'><img loading=\"lazy\" decoding=\"async\" width=\"150\" height=\"150\" src=\"https:\/\/www.radiopiu.net\/wordpress\/wp-content\/uploads\/2020\/09\/275d8fd1-f0a5-4df7-b134-eac71db5462f-150x150.jpg\" class=\"attachment-thumbnail size-thumbnail\" alt=\"\" srcset=\"https:\/\/www.radiopiu.net\/wordpress\/wp-content\/uploads\/2020\/09\/275d8fd1-f0a5-4df7-b134-eac71db5462f-150x150.jpg 150w, https:\/\/www.radiopiu.net\/wordpress\/wp-content\/uploads\/2020\/09\/275d8fd1-f0a5-4df7-b134-eac71db5462f-125x125.jpg 125w, https:\/\/www.radiopiu.net\/wordpress\/wp-content\/uploads\/2020\/09\/275d8fd1-f0a5-4df7-b134-eac71db5462f-200x200.jpg 200w, https:\/\/www.radiopiu.net\/wordpress\/wp-content\/uploads\/2020\/09\/275d8fd1-f0a5-4df7-b134-eac71db5462f-80x80.jpg 80w\" sizes=\"auto, (max-width: 150px) 100vw, 150px\" \/><\/a>\n\t\t\t\t<\/dt><\/dl><dl class='gallery-item'>\n\t\t\t\t<dt class='gallery-icon portrait'>\n\t\t\t\t\t<a class=\"rollover rollover-zoom dt-pswp-item\" title=\"e14326ab-8675-405e-a51a-2d0a7707f13e\" data-dt-img-description=\"\" data-large_image_width=\"1495\" data-large_image_height=\"2048\"href='https:\/\/www.radiopiu.net\/wordpress\/wp-content\/uploads\/2020\/09\/e14326ab-8675-405e-a51a-2d0a7707f13e.jpg'><img loading=\"lazy\" decoding=\"async\" width=\"150\" height=\"150\" src=\"https:\/\/www.radiopiu.net\/wordpress\/wp-content\/uploads\/2020\/09\/e14326ab-8675-405e-a51a-2d0a7707f13e-150x150.jpg\" class=\"attachment-thumbnail size-thumbnail\" alt=\"\" srcset=\"https:\/\/www.radiopiu.net\/wordpress\/wp-content\/uploads\/2020\/09\/e14326ab-8675-405e-a51a-2d0a7707f13e-150x150.jpg 150w, https:\/\/www.radiopiu.net\/wordpress\/wp-content\/uploads\/2020\/09\/e14326ab-8675-405e-a51a-2d0a7707f13e-125x125.jpg 125w, https:\/\/www.radiopiu.net\/wordpress\/wp-content\/uploads\/2020\/09\/e14326ab-8675-405e-a51a-2d0a7707f13e-200x200.jpg 200w, https:\/\/www.radiopiu.net\/wordpress\/wp-content\/uploads\/2020\/09\/e14326ab-8675-405e-a51a-2d0a7707f13e-80x80.jpg 80w\" sizes=\"auto, (max-width: 150px) 100vw, 150px\" \/><\/a>\n\t\t\t\t<\/dt><\/dl><br style=\"clear: both\" \/>\n\t\t\t<\/div>\n\n<blockquote><p>&nbsp;<\/p><\/blockquote>\n<p>&nbsp;<\/p>\n<p>&nbsp;<\/p>\n<hr \/>\n<p>&nbsp;<\/p>\n<blockquote>\n<h3>L&#8217;EMERGENZA COVID 19 PORTA ALL&#8217;ANNULLAMENTO DELLA MESSA PER I FIGLI SCOMPARSI<\/h3>\n<\/blockquote>\n<p><strong><a class=\"dt-pswp-item\" href=\"https:\/\/www.radiopiu.net\/wordpress\/wp-content\/uploads\/2016\/06\/genitorisemprelogo.png\" data-dt-img-description=\"\" data-large_image_width=\"200\" data-large_image_height=\"200\"><img loading=\"lazy\" decoding=\"async\" class=\"wp-image-20238 alignleft\" src=\"https:\/\/www.radiopiu.net\/wordpress\/wp-content\/uploads\/2016\/06\/genitorisemprelogo.png\" alt=\"\" width=\"93\" height=\"93\" \/><\/a>AGORDO<\/strong><\/p>\n<p><strong>DI GIANNI SANTOMASO\u00a0<\/strong><\/p>\n<audio class=\"wp-audio-shortcode\" id=\"audio-160343-4\" preload=\"none\" style=\"width: 100%;\" controls=\"controls\"><source type=\"audio\/mpeg\" src=\"https:\/\/www.radiopiu.net\/wordpress\/wp-content\/uploads\/2020\/09\/gianni-genitori-sempre.mp3?_=4\" \/><a href=\"https:\/\/www.radiopiu.net\/wordpress\/wp-content\/uploads\/2020\/09\/gianni-genitori-sempre.mp3\">https:\/\/www.radiopiu.net\/wordpress\/wp-content\/uploads\/2020\/09\/gianni-genitori-sempre.mp3<\/a><\/audio>\n<p>&nbsp;<\/p>\n<hr \/>\n<p>&nbsp;<\/p>\n<blockquote class=\"wp-embedded-content\" data-secret=\"o2gniX3HQn\"><p><a href=\"https:\/\/www.radiopiu.net\/wordpress\/il-motogiro-abbraccia-le-dolomiti-martedi-a-feltre-cortina-agordo-falcade-e-alleghe\/\">IL MOTOGIRO ABBRACCIA LE DOLOMITI, MARTEDI A FELTRE  CORTINA, AGORDO, FALCADE E ALLEGHE<\/a><\/p><\/blockquote>\n<p><iframe loading=\"lazy\" class=\"wp-embedded-content\" sandbox=\"allow-scripts\" security=\"restricted\" style=\"position: absolute; clip: rect(1px, 1px, 1px, 1px);\" title=\"&#8220;IL MOTOGIRO ABBRACCIA LE DOLOMITI, MARTEDI A FELTRE  CORTINA, AGORDO, FALCADE E ALLEGHE&#8221; &#8212; Radio Pi\u00f9\" src=\"https:\/\/www.radiopiu.net\/wordpress\/il-motogiro-abbraccia-le-dolomiti-martedi-a-feltre-cortina-agordo-falcade-e-alleghe\/embed\/#?secret=o2gniX3HQn\" data-secret=\"o2gniX3HQn\" width=\"600\" height=\"338\" frameborder=\"0\" marginwidth=\"0\" marginheight=\"0\" scrolling=\"no\"><\/iframe><\/p>\n<h3>Nelle stesse date del Motogiro d&#8217;Italia ecco anche l&#8217;Autogiro, la corsa di auto d&#8217;epoca che celebra l&#8217;Italia dei motori e dell&#8217;artigianato. Martedi 15 nello scenario dolomitico con arrivo a Cortina e passaggio per l&#8217;Agordino<\/h3>\n<p>&nbsp;<\/p>\n<hr \/>\n<p>&nbsp;<\/p>\n<blockquote>\n<h3>SABATO 26 SETTEMBRE LA PRESENTAZIONE ALLO SKI COLLEGE<\/h3>\n<\/blockquote>\n<p><strong>FALCADE<\/strong> Sabato 26 settembre alle 14.30 al polo scolastico di Falcade, presso la Sala Polifunzionale Dolomiti di\u00a0 Via Trieste, saranno presentate le squadre agonistiche 2020-21 dello Ski College Veneto-Falcade.<\/p>\n<p>&nbsp;<\/p>\n<hr \/>\n<p>&nbsp;<\/p>\n<blockquote>\n<h3>CAI AGORDO IN ASSEMBLEA<\/h3>\n<\/blockquote>\n<p><strong>AGORDO<\/strong>\u00a0 L&#8217;Assemblea Annuale che doveva tenersi a marzo e gi\u00e0 rinviata, \u00e8 stata convocata per venerd\u00ec 18 settembre alle 18 nella Sala Convegni &#8220;Don Tamis&#8221;. Per le note limitazioni sanitarie, quest&#8217;anno la S. Messa ed il pranzo non si svolgeranno.<\/p>\n<p>&nbsp;<\/p>\n<hr \/>\n<p>&nbsp;<\/p>\n<blockquote>\n<h3>AL VIA LA MARATONA FISCALE DI SETTEMBRE: 270 SCADENZE DA MERCOLEDI\u2019 PROSSIMO SINO A FINE MESE<\/h3>\n<\/blockquote>\n<p><a class=\"dt-pswp-item\" href=\"https:\/\/www.radiopiu.net\/wordpress\/wp-content\/uploads\/2020\/09\/Schermata-2020-09-12-alle-10.56.58.png\" data-dt-img-description=\"\" data-large_image_width=\"1284\" data-large_image_height=\"792\"><img loading=\"lazy\" decoding=\"async\" class=\"alignleft size-medium wp-image-160228\" src=\"https:\/\/www.radiopiu.net\/wordpress\/wp-content\/uploads\/2020\/09\/Schermata-2020-09-12-alle-10.56.58-300x185.png\" alt=\"\" width=\"300\" height=\"185\" srcset=\"https:\/\/www.radiopiu.net\/wordpress\/wp-content\/uploads\/2020\/09\/Schermata-2020-09-12-alle-10.56.58-300x185.png 300w, https:\/\/www.radiopiu.net\/wordpress\/wp-content\/uploads\/2020\/09\/Schermata-2020-09-12-alle-10.56.58-1024x632.png 1024w, https:\/\/www.radiopiu.net\/wordpress\/wp-content\/uploads\/2020\/09\/Schermata-2020-09-12-alle-10.56.58-768x474.png 768w, https:\/\/www.radiopiu.net\/wordpress\/wp-content\/uploads\/2020\/09\/Schermata-2020-09-12-alle-10.56.58-640x395.png 640w, https:\/\/www.radiopiu.net\/wordpress\/wp-content\/uploads\/2020\/09\/Schermata-2020-09-12-alle-10.56.58.png 1284w\" sizes=\"auto, (max-width: 300px) 100vw, 300px\" \/><\/a>Tra i versamenti che sono stati prorogati in questi ultimi mesi a causa del Covid e gli adempimenti ordinari previsti dal calendario, da mercoled\u00ec prossimo fino a fine mese gli italiani dovranno districarsi tra una vera e propria giungla fiscale costituita da ben 270 scadenze.<\/p>\n<p>Sia chiaro: non \u00e8 che i contribuenti saranno chiamati a onorarle tutte, ma tra pagamenti, comunicazioni, adempimenti, ravvedimenti operosi, dichiarazioni ed istanze da presentare all\u2019erario, saremo costretti a trascorrere giornate molto stressanti. A segnalarlo \u00e8 l\u2019Ufficio studi della CGIA.<\/p>\n<p>A chiederci il conto ci penseranno, in particolar modo, l\u2019Iva, i contributi previdenziali l\u2019Ires, l\u2019Irap e il saldo\/acconto Irpef (queste ultime per coloro i quali hanno optato per la rateizzazione), etc. La giornata pi\u00f9 difficile sar\u00e0 il prossimo 16 settembre quando il fisco ci chieder\u00e0 187 versamenti e la presentazione di 2 comunicazioni e di 3 adempimenti (vedi Tab. 1).<\/p>\n<p>Al via la maratona fiscale di settembre<br \/>\n<a class=\"dt-pswp-item\" href=\"https:\/\/www.radiopiu.net\/wordpress\/wp-content\/uploads\/2020\/09\/Schermata-2020-09-12-alle-10.57.27.png\" data-dt-img-description=\"\" data-large_image_width=\"1284\" data-large_image_height=\"952\"><img loading=\"lazy\" decoding=\"async\" class=\"alignleft size-medium wp-image-160229\" src=\"https:\/\/www.radiopiu.net\/wordpress\/wp-content\/uploads\/2020\/09\/Schermata-2020-09-12-alle-10.57.27-300x222.png\" alt=\"\" width=\"300\" height=\"222\" srcset=\"https:\/\/www.radiopiu.net\/wordpress\/wp-content\/uploads\/2020\/09\/Schermata-2020-09-12-alle-10.57.27-300x222.png 300w, https:\/\/www.radiopiu.net\/wordpress\/wp-content\/uploads\/2020\/09\/Schermata-2020-09-12-alle-10.57.27-1024x759.png 1024w, https:\/\/www.radiopiu.net\/wordpress\/wp-content\/uploads\/2020\/09\/Schermata-2020-09-12-alle-10.57.27-768x569.png 768w, https:\/\/www.radiopiu.net\/wordpress\/wp-content\/uploads\/2020\/09\/Schermata-2020-09-12-alle-10.57.27-640x475.png 640w, https:\/\/www.radiopiu.net\/wordpress\/wp-content\/uploads\/2020\/09\/Schermata-2020-09-12-alle-10.57.27.png 1284w\" sizes=\"auto, (max-width: 300px) 100vw, 300px\" \/><\/a>\u201cDa mercoled\u00ec prossimo \u2013 afferma il coordinatore dell\u2019Ufficio studi Paolo Zabeo &#8211; scatter\u00e0 una vera e propria maratona fiscale. Per 15 giorni non avremo tregua e le imprese, in particolar modo quelle di piccola dimensione, saranno sottoposte ad un forte prelievo. Il groviglio di scadenze tese dall\u2019erario non ci lascer\u00e0 scampo e in attesa della semplificazione fiscale e del tanto agognato taglio delle tasse, l\u2019unica certezza su cui potremo contare \u00e8 che ancora una volta dovremo mettere mano pesantemente al portafoglio\u201d.<\/p>\n<p>E\u2019 necessario tagliare le tasse ed erogare pi\u00f9 credito<br \/>\nLa CGIA fa notare che la necessit\u00e0 di avere un sistema fiscale pi\u00f9 semplice, meno esoso e pi\u00f9 giusto \u00e8 ormai avvertito da tutti. Soprattutto dai leader politici nazionali, anche se in questi ultimi 20 anni alle promesse non sono seguiti i fatti.<\/p>\n<p>\u201cSolo con un drastico taglio delle tasse e una forte iniezione di liquidit\u00e0 \u2013 dichiara il segretario Renato Mason &#8211; possiamo aiutare concretamente il mondo delle micro e piccole imprese. Altrimenti, rischiamo una moria senza precedenti che desertificher\u00e0 tantissime zone produttive e altrettanti centri storici sia di piccole che di grandi citt\u00e0, minando la coesione sociale che in questo Paese \u00e8 il pilastro su cui si basa la nostra economia. Per evitare tutto questo, per\u00f2, bisogna intervenire rapidamente. Tanti artigiani e piccoli commercianti sono allo stremo e possono ancora risollevarsi se saremo in grado di dare a loro delle risposte in tempi ragionevolmente brevi. Ovvero, consentendogli di pagare molte meno tasse, di avere una burocrazia meno oppressiva e di disporre di risorse finanziarie sufficienti per superare questa situazione di grave difficolt\u00e0\u201d.<\/p>\n<p><a class=\"dt-pswp-item\" href=\"https:\/\/www.radiopiu.net\/wordpress\/wp-content\/uploads\/2020\/09\/pressione-fiscale-cgia.jpg\" data-dt-img-description=\"\" data-large_image_width=\"856\" data-large_image_height=\"2003\"><img loading=\"lazy\" decoding=\"async\" class=\"alignleft size-medium wp-image-160230\" src=\"https:\/\/www.radiopiu.net\/wordpress\/wp-content\/uploads\/2020\/09\/pressione-fiscale-cgia-128x300.jpg\" alt=\"\" width=\"128\" height=\"300\" srcset=\"https:\/\/www.radiopiu.net\/wordpress\/wp-content\/uploads\/2020\/09\/pressione-fiscale-cgia-128x300.jpg 128w, https:\/\/www.radiopiu.net\/wordpress\/wp-content\/uploads\/2020\/09\/pressione-fiscale-cgia-438x1024.jpg 438w, https:\/\/www.radiopiu.net\/wordpress\/wp-content\/uploads\/2020\/09\/pressione-fiscale-cgia-768x1797.jpg 768w, https:\/\/www.radiopiu.net\/wordpress\/wp-content\/uploads\/2020\/09\/pressione-fiscale-cgia-656x1536.jpg 656w, https:\/\/www.radiopiu.net\/wordpress\/wp-content\/uploads\/2020\/09\/pressione-fiscale-cgia-205x480.jpg 205w, https:\/\/www.radiopiu.net\/wordpress\/wp-content\/uploads\/2020\/09\/pressione-fiscale-cgia.jpg 856w\" sizes=\"auto, (max-width: 128px) 100vw, 128px\" \/><\/a>Per le scadenze slittate al 16 settembre i pagamenti sono facilitati<br \/>\nTra i 187 versamenti da onorare entro mercoled\u00ec prossimo (16 settembre), 13 sono quelli che sono stati sospesi in questi ultimi mesi a seguito della crisi sanitaria provocata dal Covid. Si ricorda che con il decreto di agosto (in fase di conversione di legge) \u00e8 prevista una ulteriore parziale proroga per queste 13 scadenze secondo le seguenti modalit\u00e0:<\/p>\n<p>il 50 per cento del dovuto si pu\u00f2 versare in un\u2019unica soluzione entro il 16 settembre o in 4 rate mensili di pari importo (di cui la prima il 16 di settembre);<\/p>\n<p>il restante 50 per cento del dovuto si pu\u00f2 rateizzare al massimo in 24 rate mensili di pari importo, con il versamento della prima rata a partire dal 16 gennaio 2021.<\/p>\n<p>Negli ultimi 40 anni tasse aumentate di 11 punti<br \/>\nL\u2019Ufficio studi della CGIA ha inoltre ricostruito la serie storica della pressione fiscale registrata in Italia. Negli ultimi 40 anni quest\u2019ultima \u00e8 salita di 11 punti percentuali. Se nel 1980 era al 31,4 per cento, nel 2019 si \u00e8 attestata al 42,4 per cento. In questo periodo la punta massima \u00e8 stata raggiunta 2013, quando il prelievo ha raggiunto la soglia del 43,4 per cento (vedi Graf. 1 e Tab. 2). Livello raggiunto a seguito dell\u2019inasprimento della tassazione imposto dal governo Monti che ha reintrodotto la tassa sulla prima casa, ha aumentato i contributi Inps sui lavoratori autonomi, ha inasprito il prelievo fiscale sugli immobili strumentali, ha ritoccato all\u2019ins\u00f9 il bollo auto, etc.<\/p>\n<p>La pressione fiscale nel 2020 ? Bisogna attendere il NADEF<br \/>\nPer l\u2019anno in corso, fa sapere la CGIA, \u00e8 estremamente difficile prevedere a quanto ammonter\u00e0 la pressione fiscale. Molto probabilmente \u00e8 destinata ad aumentare, non tanto a causa di un incremento delle entrate tributarie, ma per la forte contrazione del Pil che, rispetto al 2019, dovrebbe ridursi del 10 per cento. Ricordiamo, infatti, che la pressione fiscale \u00e8 il risultato del rapporto tra le entrate fiscali e il prodotto interno lordo. A chiarire l\u2019interrogativo ci penser\u00e0 la Nota di Aggiornamento del DEF che sar\u00e0 presentata alle Camere nelle prossime settimane.<\/p>\n<p>La burocrazia fiscale costa alle Pmi 3 miliardi l\u2019anno<br \/>\nOltre alle tasse, conclude la CGIA, in Italia il problema \u00e8 anche il peso dell\u2019oppressione fiscale che ostacola l\u2019attivit\u00e0 quotidiana delle\u00a0 imprese: 270 scadenze in 15 giorni previste in questo mese sono decisamente troppe. Al netto delle tariffe applicate dai commercialisti per la tenuta della contabilit\u00e0 aziendale,\u00a0\u00a0 secondo una indagine realizzata periodicamente dalla Presidenza del Consiglio dei Ministri, il costo della burocrazia fiscale in capo agli imprenditori (obblighi, dichiarativi, certificazione dei corrispettivi, tenuta dei registri, etc.), ammonta a circa 3 miliardi di euro all\u2019anno. Un costo che penalizza soprattutto i piccoli imprenditori che, a differenza delle medie e grandi aziende, non dispongono di strutture amministrative interne all\u2019azienda in grado di occuparsi di questa situazione.<\/p>\n<p>&nbsp;<\/p>\n<p>&nbsp;<\/p>\n<hr \/>\n<p>&nbsp;<\/p>\n<blockquote>\n<h3>NEL SANTUARIO DEL COL NEVEGAL MOMENTO D\u2019INCONTRO DI UNITALSI<\/h3>\n<\/blockquote>\n<p><strong><a class=\"dt-pswp-item\" href=\"https:\/\/www.radiopiu.net\/wordpress\/wp-content\/uploads\/2019\/08\/553085_385905871470280_1626001170_n-1.jpg\" data-dt-img-description=\"\" data-large_image_width=\"855\" data-large_image_height=\"569\"><img loading=\"lazy\" decoding=\"async\" class=\" wp-image-94594 alignleft\" src=\"https:\/\/www.radiopiu.net\/wordpress\/wp-content\/uploads\/2019\/08\/553085_385905871470280_1626001170_n-1-300x200.jpg\" alt=\"\" width=\"155\" height=\"103\" srcset=\"https:\/\/www.radiopiu.net\/wordpress\/wp-content\/uploads\/2019\/08\/553085_385905871470280_1626001170_n-1-300x200.jpg 300w, https:\/\/www.radiopiu.net\/wordpress\/wp-content\/uploads\/2019\/08\/553085_385905871470280_1626001170_n-1-768x511.jpg 768w, https:\/\/www.radiopiu.net\/wordpress\/wp-content\/uploads\/2019\/08\/553085_385905871470280_1626001170_n-1.jpg 855w\" sizes=\"auto, (max-width: 155px) 100vw, 155px\" \/><\/a>di\u00a0Renato\u00a0<\/strong><b>Bona\u00a0<\/b><\/p>\n<p>\u201cUn momento di incontro per tutti coloro che quest\u2019anno avrebbero voluto partecipare al pellegrinaggio a Lourdes, per chi \u00e8 gi\u00e0 stato sia come malato, sia come pellegrino o personale. Manca a tutti la possibilit\u00e0 di poter raggiungere la Grotta di Massabielle, ma la situazione attuale di questa pandemia ci impedisce di organizzare in sicurezza il 50. pellegrinaggio, perci\u00f2 ecco nascere l\u2019idea di passare una giornata insieme proprio al Nevegal dove la nostra Madonnina di Lourdes ci aspetta guardandoci col suo sguardo benevolo e benedicendo ognuno di noi con il suo immenso amore. Con l\u2019occasione ricorderemo i 49 pellegrinaggi mettendo a disposizione alcune foto datate, fatte nei primi anni di cammino verso i Pirenei dalla nostra Associazione\u201d. Cos\u00ec recitava l\u2019invito che la sottosezione di Belluno-Feltre di Unitalsi del Triveneto (Unione nazionale italiana trasporto ammalati a Lourdes e santuari internazionali, associazione cattolica con sede centrale a Roma, dedicata al servizio degli ammalati ed in particolare al loro trasporto in pellegrinaggi a santuari italiani e internazionale, fondata nel 1903 da Giovanni Battista Tomassi, ed attualmente presieduta da Antonio Diella) aveva inviato ai propri associati. Allegato c\u2019era il programma della giornata da trascorrere sul Colle bellunese: accoglienza al Santuario Maria Immacolata Nostra Signora di Lourdes; celebrazione della messa da parte del vescovo di Belluno-Feltre monsignor Renato Marangoni e dell\u2019assistente nazionale, il vescovo emerito di Trento monsignor Luigi Bressan; passaggio alla grotta; pranzo con i risotti preparati dagli amici di Isola della Scala; nel primo pomeriggio introduzione di Marangoni con ricordo dei 49 pellegrinaggi organizzati da Unitalsi Belluno-Feltre e incontro presieduto dal vescovo Bressan e dal vice presidente nazionale sul tema: \u201cL\u2019Unitalsi come si trasformer\u00e0? Quale sar\u00e0 il futuro della nostra associazione?\u201d. E\u2019 stato un momento di spiritualit\u00e0 e di convivialit\u00e0 in una bellissima giornata e con il caratteristico clima di amicizia che contraddistingue Unitalsi. Molto interessanti ed apprezzate con applausi &#8211; nel pomeriggio quando sono stati ripercorsi 50 anni di pellegrinaggi &#8211; le testimonianze del Vescovo, della guida spirituale don Vito, di barellieri e sorelle, dei medici sempre impegnati con amore e dedizione costante come giustamente ha sottolineato \u201cTM\u201d nel sito \u201cchiesabellunofeltre\u201d ribadendo che \u201cla giornata \u00e8 stata intensa nella sua spiritualit\u00e0, toccante il momento in cui tutti i presenti si sono \u2018abbracciati\u2019 con lo sguardo e gli occhi lucidi di commozione\u201d. Ed ora ecco una \u201cfotografia\u201d della sottosezione Unitalsi di Belluno-Feltre: \u00e8 stata fondata nel 1936 ed il primo presidente \u00e8 stato don Fausto Santafede; la sede \u00e8 in Piazza Piloni 11, l\u2019indirizzo e-mail: belluno@unitalsitriveneta.it; telefono 366-8732766; fanno parte del consiglio direttivo presieduto da Tommaso Morandin i consiglieri Benvenuta Celotta, Piera Faena, Michele Fancello, Angela Zanin e Jelica Zujevic. Per quanto riguarda Unitalsi Triveneto la storia dice che (sito unitalsitriveneto.it): \u201cL\u2019Unitalsi triveneta ha spento nel 2008 le candeline del suo centesimo compleanno. Cento anni di storia che consegnano all\u2019intera associazione un grande album di famiglia che raccoglie tante pagine di ricordi, emozioni, persone, foto, avvenimenti. Una storia ancora viva, che continua ad essere scritta giorno dopo giorno, e insieme \u00e8 gi\u00e0 patrimonio di intere generazioni che ci hanno preceduto. Di fede, di devozione e di amore alla Madonna, di volontariato di servizio a favore dei malati e degli anziani\u201d e si ricorda che nel primo pellegrinaggio a Lourdes, agosto 1907 \u201cSono presenti Mons. Radini-Tedeschi, vescovo di Bergamo, don Angelo Giuseppe Roncalli (futuro Giovanni XXIII), suo segretario e don Giovanni Prosdocimi, da Santorso (Vicenza) che accompagna i primi quattro malati del Veneto\u201d. C\u2019\u00e8 poi un episodio che interessa anche Belluno: \u201cDurante la Processione Eucaristica del pomeriggio, davanti a 20 mila persone nell\u2019Esplanade avviene un prodigio. Al momento della benedizione il Santissimo sostenuto da Mons. Giuseppe Foscagni Vescovo di Belluno indugia davanti a una malata belga che chiamavano la \u2018morta vivente\u2019. Era una ragazza di poco pi\u00f9 di vent\u2019anni divorata dalla tubercolosi nell\u2019addome, nel torace, nella colonna vertebrale e in met\u00e0 viso. Era vestita con una camicia da notte blu e un drappo blu le copriva il mezzo viso devastato dal lupus tubercolare. Alla benedizione ella scese dalla barella e come un automa inizi\u00f2 a seguire il Santissimo, perfettamente guarita. I presenti la portarono in trionfo al Bureau Medical per la constatazione della guarigione\u201d.<\/p>\n\n\t\t\t<style type='text\/css'>\n\t\t\t\t#gallery-5 {\n\t\t\t\t\tmargin: auto;\n\t\t\t\t}\n\t\t\t\t#gallery-5 .gallery-item {\n\t\t\t\t\tfloat: left;\n\t\t\t\t\tmargin-top: 10px;\n\t\t\t\t\ttext-align: center;\n\t\t\t\t\twidth: 20%;\n\t\t\t\t}\n\t\t\t\t#gallery-5 img {\n\t\t\t\t\tborder: 2px solid #cfcfcf;\n\t\t\t\t}\n\t\t\t\t#gallery-5 .gallery-caption {\n\t\t\t\t\tmargin-left: 0;\n\t\t\t\t}\n\t\t\t\t\/* see gallery_shortcode() in wp-includes\/media.php *\/\n\t\t\t<\/style>\n\t\t<div id='gallery-5' class='dt-gallery-container gallery galleryid-160343 gallery-columns-5 gallery-size-thumbnail'><dl class='gallery-item'>\n\t\t\t\t<dt class='gallery-icon landscape'>\n\t\t\t\t\t<a class=\"rollover rollover-zoom dt-pswp-item\" title=\"119217448_364099604759238_7023716610674738848_n\" data-dt-img-description=\"\" data-large_image_width=\"268\" data-large_image_height=\"268\"href='https:\/\/www.radiopiu.net\/wordpress\/wp-content\/uploads\/2020\/09\/119217448_364099604759238_7023716610674738848_n.jpg'><img loading=\"lazy\" decoding=\"async\" width=\"150\" height=\"150\" src=\"https:\/\/www.radiopiu.net\/wordpress\/wp-content\/uploads\/2020\/09\/119217448_364099604759238_7023716610674738848_n-150x150.jpg\" class=\"attachment-thumbnail size-thumbnail\" alt=\"\" srcset=\"https:\/\/www.radiopiu.net\/wordpress\/wp-content\/uploads\/2020\/09\/119217448_364099604759238_7023716610674738848_n-150x150.jpg 150w, https:\/\/www.radiopiu.net\/wordpress\/wp-content\/uploads\/2020\/09\/119217448_364099604759238_7023716610674738848_n-125x125.jpg 125w, https:\/\/www.radiopiu.net\/wordpress\/wp-content\/uploads\/2020\/09\/119217448_364099604759238_7023716610674738848_n-200x200.jpg 200w, https:\/\/www.radiopiu.net\/wordpress\/wp-content\/uploads\/2020\/09\/119217448_364099604759238_7023716610674738848_n-80x80.jpg 80w, https:\/\/www.radiopiu.net\/wordpress\/wp-content\/uploads\/2020\/09\/119217448_364099604759238_7023716610674738848_n.jpg 268w\" sizes=\"auto, (max-width: 150px) 100vw, 150px\" \/><\/a>\n\t\t\t\t<\/dt><\/dl><dl class='gallery-item'>\n\t\t\t\t<dt class='gallery-icon landscape'>\n\t\t\t\t\t<a class=\"rollover rollover-zoom dt-pswp-item\" title=\"119458991_450798252556065_2820044017332741359_n\" data-dt-img-description=\"\" data-large_image_width=\"2048\" data-large_image_height=\"1536\"href='https:\/\/www.radiopiu.net\/wordpress\/wp-content\/uploads\/2020\/09\/119458991_450798252556065_2820044017332741359_n.jpg'><img loading=\"lazy\" decoding=\"async\" width=\"150\" height=\"150\" src=\"https:\/\/www.radiopiu.net\/wordpress\/wp-content\/uploads\/2020\/09\/119458991_450798252556065_2820044017332741359_n-150x150.jpg\" class=\"attachment-thumbnail size-thumbnail\" alt=\"\" srcset=\"https:\/\/www.radiopiu.net\/wordpress\/wp-content\/uploads\/2020\/09\/119458991_450798252556065_2820044017332741359_n-150x150.jpg 150w, https:\/\/www.radiopiu.net\/wordpress\/wp-content\/uploads\/2020\/09\/119458991_450798252556065_2820044017332741359_n-125x125.jpg 125w, https:\/\/www.radiopiu.net\/wordpress\/wp-content\/uploads\/2020\/09\/119458991_450798252556065_2820044017332741359_n-200x200.jpg 200w, https:\/\/www.radiopiu.net\/wordpress\/wp-content\/uploads\/2020\/09\/119458991_450798252556065_2820044017332741359_n-80x80.jpg 80w\" sizes=\"auto, (max-width: 150px) 100vw, 150px\" \/><\/a>\n\t\t\t\t<\/dt><\/dl><dl class='gallery-item'>\n\t\t\t\t<dt class='gallery-icon landscape'>\n\t\t\t\t\t<a class=\"rollover rollover-zoom dt-pswp-item\" title=\"119335583_2776278172629538_3176548972123751035_n\" data-dt-img-description=\"\" data-large_image_width=\"2048\" data-large_image_height=\"1536\"href='https:\/\/www.radiopiu.net\/wordpress\/wp-content\/uploads\/2020\/09\/119335583_2776278172629538_3176548972123751035_n.jpg'><img loading=\"lazy\" decoding=\"async\" width=\"150\" height=\"150\" src=\"https:\/\/www.radiopiu.net\/wordpress\/wp-content\/uploads\/2020\/09\/119335583_2776278172629538_3176548972123751035_n-150x150.jpg\" class=\"attachment-thumbnail size-thumbnail\" alt=\"\" srcset=\"https:\/\/www.radiopiu.net\/wordpress\/wp-content\/uploads\/2020\/09\/119335583_2776278172629538_3176548972123751035_n-150x150.jpg 150w, https:\/\/www.radiopiu.net\/wordpress\/wp-content\/uploads\/2020\/09\/119335583_2776278172629538_3176548972123751035_n-125x125.jpg 125w, https:\/\/www.radiopiu.net\/wordpress\/wp-content\/uploads\/2020\/09\/119335583_2776278172629538_3176548972123751035_n-200x200.jpg 200w, https:\/\/www.radiopiu.net\/wordpress\/wp-content\/uploads\/2020\/09\/119335583_2776278172629538_3176548972123751035_n-80x80.jpg 80w\" sizes=\"auto, (max-width: 150px) 100vw, 150px\" \/><\/a>\n\t\t\t\t<\/dt><\/dl><dl class='gallery-item'>\n\t\t\t\t<dt class='gallery-icon portrait'>\n\t\t\t\t\t<a class=\"rollover rollover-zoom dt-pswp-item\" title=\"119239583_654156728565220_1262155265842485401_n\" data-dt-img-description=\"\" data-large_image_width=\"824\" data-large_image_height=\"1101\"href='https:\/\/www.radiopiu.net\/wordpress\/wp-content\/uploads\/2020\/09\/119239583_654156728565220_1262155265842485401_n.jpg'><img loading=\"lazy\" decoding=\"async\" width=\"150\" height=\"150\" src=\"https:\/\/www.radiopiu.net\/wordpress\/wp-content\/uploads\/2020\/09\/119239583_654156728565220_1262155265842485401_n-150x150.jpg\" class=\"attachment-thumbnail size-thumbnail\" alt=\"\" srcset=\"https:\/\/www.radiopiu.net\/wordpress\/wp-content\/uploads\/2020\/09\/119239583_654156728565220_1262155265842485401_n-150x150.jpg 150w, https:\/\/www.radiopiu.net\/wordpress\/wp-content\/uploads\/2020\/09\/119239583_654156728565220_1262155265842485401_n-125x125.jpg 125w, https:\/\/www.radiopiu.net\/wordpress\/wp-content\/uploads\/2020\/09\/119239583_654156728565220_1262155265842485401_n-200x200.jpg 200w, https:\/\/www.radiopiu.net\/wordpress\/wp-content\/uploads\/2020\/09\/119239583_654156728565220_1262155265842485401_n-80x80.jpg 80w\" sizes=\"auto, (max-width: 150px) 100vw, 150px\" \/><\/a>\n\t\t\t\t<\/dt><\/dl><dl class='gallery-item'>\n\t\t\t\t<dt class='gallery-icon landscape'>\n\t\t\t\t\t<a class=\"rollover rollover-zoom dt-pswp-item\" title=\"119228943_351857716181659_8254885242703319539_n\" data-dt-img-description=\"\" data-large_image_width=\"696\" data-large_image_height=\"464\"href='https:\/\/www.radiopiu.net\/wordpress\/wp-content\/uploads\/2020\/09\/119228943_351857716181659_8254885242703319539_n.jpg'><img loading=\"lazy\" decoding=\"async\" width=\"150\" height=\"150\" src=\"https:\/\/www.radiopiu.net\/wordpress\/wp-content\/uploads\/2020\/09\/119228943_351857716181659_8254885242703319539_n-150x150.jpg\" class=\"attachment-thumbnail size-thumbnail\" alt=\"\" srcset=\"https:\/\/www.radiopiu.net\/wordpress\/wp-content\/uploads\/2020\/09\/119228943_351857716181659_8254885242703319539_n-150x150.jpg 150w, https:\/\/www.radiopiu.net\/wordpress\/wp-content\/uploads\/2020\/09\/119228943_351857716181659_8254885242703319539_n-125x125.jpg 125w, https:\/\/www.radiopiu.net\/wordpress\/wp-content\/uploads\/2020\/09\/119228943_351857716181659_8254885242703319539_n-200x200.jpg 200w, https:\/\/www.radiopiu.net\/wordpress\/wp-content\/uploads\/2020\/09\/119228943_351857716181659_8254885242703319539_n-80x80.jpg 80w\" sizes=\"auto, (max-width: 150px) 100vw, 150px\" \/><\/a>\n\t\t\t\t<\/dt><\/dl><br style=\"clear: both\" \/><dl class='gallery-item'>\n\t\t\t\t<dt class='gallery-icon landscape'>\n\t\t\t\t\t<a class=\"rollover rollover-zoom dt-pswp-item\" title=\"119236681_323222248948770_1960064904200174151_n\" data-dt-img-description=\"\" data-large_image_width=\"150\" data-large_image_height=\"150\"href='https:\/\/www.radiopiu.net\/wordpress\/wp-content\/uploads\/2020\/09\/119236681_323222248948770_1960064904200174151_n.jpg'><img loading=\"lazy\" decoding=\"async\" width=\"150\" height=\"150\" src=\"https:\/\/www.radiopiu.net\/wordpress\/wp-content\/uploads\/2020\/09\/119236681_323222248948770_1960064904200174151_n-150x150.jpg\" class=\"attachment-thumbnail size-thumbnail\" alt=\"\" srcset=\"https:\/\/www.radiopiu.net\/wordpress\/wp-content\/uploads\/2020\/09\/119236681_323222248948770_1960064904200174151_n.jpg 150w, https:\/\/www.radiopiu.net\/wordpress\/wp-content\/uploads\/2020\/09\/119236681_323222248948770_1960064904200174151_n-125x125.jpg 125w, https:\/\/www.radiopiu.net\/wordpress\/wp-content\/uploads\/2020\/09\/119236681_323222248948770_1960064904200174151_n-80x80.jpg 80w\" sizes=\"auto, (max-width: 150px) 100vw, 150px\" \/><\/a>\n\t\t\t\t<\/dt><\/dl><dl class='gallery-item'>\n\t\t\t\t<dt class='gallery-icon landscape'>\n\t\t\t\t\t<a class=\"rollover rollover-zoom dt-pswp-item\" title=\"119451379_830515177688890_3767671115063603977_n\" data-dt-img-description=\"\" data-large_image_width=\"780\" data-large_image_height=\"574\"href='https:\/\/www.radiopiu.net\/wordpress\/wp-content\/uploads\/2020\/09\/119451379_830515177688890_3767671115063603977_n.png'><img loading=\"lazy\" decoding=\"async\" width=\"150\" height=\"150\" src=\"https:\/\/www.radiopiu.net\/wordpress\/wp-content\/uploads\/2020\/09\/119451379_830515177688890_3767671115063603977_n-150x150.png\" class=\"attachment-thumbnail size-thumbnail\" alt=\"\" srcset=\"https:\/\/www.radiopiu.net\/wordpress\/wp-content\/uploads\/2020\/09\/119451379_830515177688890_3767671115063603977_n-150x150.png 150w, https:\/\/www.radiopiu.net\/wordpress\/wp-content\/uploads\/2020\/09\/119451379_830515177688890_3767671115063603977_n-125x125.png 125w, https:\/\/www.radiopiu.net\/wordpress\/wp-content\/uploads\/2020\/09\/119451379_830515177688890_3767671115063603977_n-200x200.png 200w, https:\/\/www.radiopiu.net\/wordpress\/wp-content\/uploads\/2020\/09\/119451379_830515177688890_3767671115063603977_n-80x80.png 80w\" sizes=\"auto, (max-width: 150px) 100vw, 150px\" \/><\/a>\n\t\t\t\t<\/dt><\/dl><dl class='gallery-item'>\n\t\t\t\t<dt class='gallery-icon landscape'>\n\t\t\t\t\t<a class=\"rollover rollover-zoom dt-pswp-item\" title=\"119234107_322094315876998_2933351666795149107_n\" data-dt-img-description=\"\" data-large_image_width=\"150\" data-large_image_height=\"150\"href='https:\/\/www.radiopiu.net\/wordpress\/wp-content\/uploads\/2020\/09\/119234107_322094315876998_2933351666795149107_n.jpg'><img loading=\"lazy\" decoding=\"async\" width=\"150\" height=\"150\" src=\"https:\/\/www.radiopiu.net\/wordpress\/wp-content\/uploads\/2020\/09\/119234107_322094315876998_2933351666795149107_n-150x150.jpg\" class=\"attachment-thumbnail size-thumbnail\" alt=\"\" srcset=\"https:\/\/www.radiopiu.net\/wordpress\/wp-content\/uploads\/2020\/09\/119234107_322094315876998_2933351666795149107_n.jpg 150w, https:\/\/www.radiopiu.net\/wordpress\/wp-content\/uploads\/2020\/09\/119234107_322094315876998_2933351666795149107_n-125x125.jpg 125w, https:\/\/www.radiopiu.net\/wordpress\/wp-content\/uploads\/2020\/09\/119234107_322094315876998_2933351666795149107_n-80x80.jpg 80w\" sizes=\"auto, (max-width: 150px) 100vw, 150px\" \/><\/a>\n\t\t\t\t<\/dt><\/dl><dl class='gallery-item'>\n\t\t\t\t<dt class='gallery-icon landscape'>\n\t\t\t\t\t<a class=\"rollover rollover-zoom dt-pswp-item\" title=\"119217217_426237771671760_2379613255305101493_n\" data-dt-img-description=\"\" data-large_image_width=\"2048\" data-large_image_height=\"1368\"href='https:\/\/www.radiopiu.net\/wordpress\/wp-content\/uploads\/2020\/09\/119217217_426237771671760_2379613255305101493_n.jpg'><img loading=\"lazy\" decoding=\"async\" width=\"150\" height=\"150\" src=\"https:\/\/www.radiopiu.net\/wordpress\/wp-content\/uploads\/2020\/09\/119217217_426237771671760_2379613255305101493_n-150x150.jpg\" class=\"attachment-thumbnail size-thumbnail\" alt=\"\" srcset=\"https:\/\/www.radiopiu.net\/wordpress\/wp-content\/uploads\/2020\/09\/119217217_426237771671760_2379613255305101493_n-150x150.jpg 150w, https:\/\/www.radiopiu.net\/wordpress\/wp-content\/uploads\/2020\/09\/119217217_426237771671760_2379613255305101493_n-125x125.jpg 125w, https:\/\/www.radiopiu.net\/wordpress\/wp-content\/uploads\/2020\/09\/119217217_426237771671760_2379613255305101493_n-200x200.jpg 200w, https:\/\/www.radiopiu.net\/wordpress\/wp-content\/uploads\/2020\/09\/119217217_426237771671760_2379613255305101493_n-80x80.jpg 80w\" sizes=\"auto, (max-width: 150px) 100vw, 150px\" \/><\/a>\n\t\t\t\t<\/dt><\/dl><dl class='gallery-item'>\n\t\t\t\t<dt class='gallery-icon landscape'>\n\t\t\t\t\t<a class=\"rollover rollover-zoom dt-pswp-item\" title=\"119444143_815811572580636_1407315601345459580_n\" data-dt-img-description=\"\" data-large_image_width=\"1772\" data-large_image_height=\"1240\"href='https:\/\/www.radiopiu.net\/wordpress\/wp-content\/uploads\/2020\/09\/119444143_815811572580636_1407315601345459580_n.jpg'><img loading=\"lazy\" decoding=\"async\" width=\"150\" height=\"150\" src=\"https:\/\/www.radiopiu.net\/wordpress\/wp-content\/uploads\/2020\/09\/119444143_815811572580636_1407315601345459580_n-150x150.jpg\" class=\"attachment-thumbnail size-thumbnail\" alt=\"\" srcset=\"https:\/\/www.radiopiu.net\/wordpress\/wp-content\/uploads\/2020\/09\/119444143_815811572580636_1407315601345459580_n-150x150.jpg 150w, https:\/\/www.radiopiu.net\/wordpress\/wp-content\/uploads\/2020\/09\/119444143_815811572580636_1407315601345459580_n-125x125.jpg 125w, https:\/\/www.radiopiu.net\/wordpress\/wp-content\/uploads\/2020\/09\/119444143_815811572580636_1407315601345459580_n-200x200.jpg 200w, https:\/\/www.radiopiu.net\/wordpress\/wp-content\/uploads\/2020\/09\/119444143_815811572580636_1407315601345459580_n-80x80.jpg 80w\" sizes=\"auto, (max-width: 150px) 100vw, 150px\" \/><\/a>\n\t\t\t\t<\/dt><\/dl><br style=\"clear: both\" \/>\n\t\t\t<\/div>\n\n<p>NELLE FOTO (Renato Bona, Corriere delle Alpi, sito unitalsitriveneto.it): il logo di Unitalsi Triveneto di cui fa parte la sottosezione Belluno-Feltre; il santuario Maria Immacolata Nostra Signora di Lourdes del bellunese Col Nevegal; la riproduzione della Grotta con la Madonna; il vescovo di Belluno-Feltre mons. Renato Marangoni; l\u2019assistente ecclesiastico don Vito De Vido; pellegrini verso la grotta; un momento del pranzo; il dibattito; il pellegrinaggio a Lourdes del 2017.<\/p>\n<p>&nbsp;<\/p>\n<hr \/>\n<p>&nbsp;<\/p>\n<p align=\"JUSTIFY\"><a class=\"dt-pswp-item\" href=\"https:\/\/www.radiopiu.net\/wordpress\/wp-content\/uploads\/2018\/09\/appuntamenti.jpeg\" data-dt-img-description=\"\" data-large_image_width=\"800\" data-large_image_height=\"100\"><img loading=\"lazy\" decoding=\"async\" class=\"aligncenter wp-image-61958 size-full\" src=\"https:\/\/www.radiopiu.net\/wordpress\/wp-content\/uploads\/2018\/09\/appuntamenti.jpeg\" alt=\"\" width=\"800\" height=\"100\" srcset=\"https:\/\/www.radiopiu.net\/wordpress\/wp-content\/uploads\/2018\/09\/appuntamenti.jpeg 800w, https:\/\/www.radiopiu.net\/wordpress\/wp-content\/uploads\/2018\/09\/appuntamenti-300x38.jpeg 300w, https:\/\/www.radiopiu.net\/wordpress\/wp-content\/uploads\/2018\/09\/appuntamenti-768x96.jpeg 768w\" sizes=\"auto, (max-width: 800px) 100vw, 800px\" \/><\/a><\/p>\n<p>&nbsp;<\/p>\n<blockquote>\n<h3>OCA IN TAVOLA PER LA RICOSTRUZIONE DI MALGA FOCA<\/h3>\n<\/blockquote>\n<p><a class=\"dt-pswp-item\" href=\"https:\/\/www.radiopiu.net\/wordpress\/wp-content\/uploads\/2020\/09\/7d67ef31-5329-4c87-a9ae-e6f170c76d31.jpg\" data-dt-img-description=\"\" data-large_image_width=\"1600\" data-large_image_height=\"1131\"><img loading=\"lazy\" decoding=\"async\" class=\" wp-image-159897 alignleft\" src=\"https:\/\/www.radiopiu.net\/wordpress\/wp-content\/uploads\/2020\/09\/7d67ef31-5329-4c87-a9ae-e6f170c76d31-300x212.jpg\" alt=\"\" width=\"245\" height=\"173\" srcset=\"https:\/\/www.radiopiu.net\/wordpress\/wp-content\/uploads\/2020\/09\/7d67ef31-5329-4c87-a9ae-e6f170c76d31-300x212.jpg 300w, https:\/\/www.radiopiu.net\/wordpress\/wp-content\/uploads\/2020\/09\/7d67ef31-5329-4c87-a9ae-e6f170c76d31-1024x724.jpg 1024w, https:\/\/www.radiopiu.net\/wordpress\/wp-content\/uploads\/2020\/09\/7d67ef31-5329-4c87-a9ae-e6f170c76d31-768x543.jpg 768w, https:\/\/www.radiopiu.net\/wordpress\/wp-content\/uploads\/2020\/09\/7d67ef31-5329-4c87-a9ae-e6f170c76d31-1536x1086.jpg 1536w, https:\/\/www.radiopiu.net\/wordpress\/wp-content\/uploads\/2020\/09\/7d67ef31-5329-4c87-a9ae-e6f170c76d31-640x452.jpg 640w, https:\/\/www.radiopiu.net\/wordpress\/wp-content\/uploads\/2020\/09\/7d67ef31-5329-4c87-a9ae-e6f170c76d31.jpg 1600w\" sizes=\"auto, (max-width: 245px) 100vw, 245px\" \/><\/a><strong>LA VALLE<\/strong> Un&#8217;altra iniziativa per raccogliere fondi per Malga Foca distrutta da un furioso incendio. Malga Calleda e l&#8217;azienda agricola di Michele Littam\u00e8 infatti ha organizzato per sabato 19 settembre alle 12.30 &#8220;l&#8217;oca in malga&#8221;, una giornata di degustazione e benessere con formaggi di malga e i prodotti di eccellenza a base d&#8217;oca con i migliori vini dei Colli Euganei. Capienza massima 45 persone, prenotazione obbligatoria al 3804198506 oppure 3466933177. Costo della giornata 25-30 euro, il ricavato sar\u00e0 devoluto in beneficenza. L&#8217;oca sar\u00e0 portata in malga da uno dei migliori allevatori del Veneto che si \u00e8 reso disponibile per cucinarla.<\/p>\n<h3><\/h3>\n<p>&nbsp;<\/p>\n<hr \/>\n<h3><\/h3>\n<h3>NUOVI ORARI PER LE VISTE AL CASTELLO DI ANDRAZ<\/h3>\n<p>Il castello riaprir\u00e0 nei successivi 4 weekend (fino a domenica 11 ottobre), dal venerd\u00ec alla domenica, con orario leggermente ridotto: dalle 10.00 alle 12.30 e dalle 14.30 alle 17.30. \u00a0Le visite guidate o libere vanno prenotate al 334 33 46 680 o via mail a info@castellodiandraz.it<\/p>\n<p>&nbsp;<\/p>\n<p>&nbsp;<\/p>\n<hr \/>\n<p>&nbsp;<\/p>\n<blockquote>\n<h3>RIAPERTURA TOTALE DELLA BIBLIOTECA DI LIMANA<\/h3>\n<\/blockquote>\n<p><strong><a class=\"dt-pswp-item\" href=\"https:\/\/www.radiopiu.net\/wordpress\/wp-content\/uploads\/2020\/09\/hjfoopoeicdkklmd.jpg\" data-dt-img-description=\"\" data-large_image_width=\"327\" data-large_image_height=\"199\"><img loading=\"lazy\" decoding=\"async\" class=\"wp-image-160128 alignleft\" src=\"https:\/\/www.radiopiu.net\/wordpress\/wp-content\/uploads\/2020\/09\/hjfoopoeicdkklmd-300x183.jpg\" alt=\"\" width=\"211\" height=\"129\" srcset=\"https:\/\/www.radiopiu.net\/wordpress\/wp-content\/uploads\/2020\/09\/hjfoopoeicdkklmd-300x183.jpg 300w, https:\/\/www.radiopiu.net\/wordpress\/wp-content\/uploads\/2020\/09\/hjfoopoeicdkklmd.jpg 327w\" sizes=\"auto, (max-width: 211px) 100vw, 211px\" \/><\/a>LIMANA<\/strong> \u00a0E&#8217; di nuovo possibile accedere alle zone a scaffale aperto della Biblioteca di Limana e cercare quindi in autonomia i materiali desiderati. Potranno accedere agli scaffali: massimo 5 persone contemporaneamente nella sezione adulti; massimo 3 persone contemporaneamente nella sezione bambini\/ragazzi. Aumentano anche le postazioni per lo studio individuale, che salgono da 3 a 6. Viene riprestinata anche la zona ristoro, nel rispetto sempre delle distanze di sicurezza. Rimane sempre disponibile la piattaforma\u00a0 Medialibrary online per il prestito di ebook, audiolibri, film e consultazione dei quotidiani e delle riviste. Orario di apertura luned\u00ec 14.30\/18.30 mercoled\u00ec 8.30\/12.30 gioved\u00ec 14.30\/18.30 venerd\u00ec 14.30\/18.30. Attiva la quarantena di 10 giorni per tutto il materiale rientrato.<\/p>\n<p>&nbsp;<\/p>\n<p>&nbsp;<\/p>\n<hr \/>\n<p>&nbsp;<\/p>\n<h2>IERI ALLA RADIO<\/h2>\n<h2><span style=\"color: #ff0000;\">DUE MINUTI UN LIBRO<\/span><\/h2>\n<h2>LA RACCOLTA COMPLETA<\/h2>\n<blockquote class=\"wp-embedded-content\" data-secret=\"J1U1A3ItRC\"><p><a href=\"https:\/\/www.radiopiu.net\/wordpress\/due-minuti-un-libro\/\">Due minuti un libro<\/a><\/p><\/blockquote>\n<p><iframe loading=\"lazy\" class=\"wp-embedded-content\" sandbox=\"allow-scripts\" security=\"restricted\" style=\"position: absolute; clip: rect(1px, 1px, 1px, 1px);\" title=\"&#8220;Due minuti un libro&#8221; &#8212; Radio Pi\u00f9\" src=\"https:\/\/www.radiopiu.net\/wordpress\/due-minuti-un-libro\/embed\/#?secret=J1U1A3ItRC\" data-secret=\"J1U1A3ItRC\" width=\"600\" height=\"338\" frameborder=\"0\" marginwidth=\"0\" marginheight=\"0\" scrolling=\"no\"><\/iframe><\/p>\n<p>&nbsp;<\/p>\n<hr \/>\n<p>&nbsp;<\/p>\n<div>\n<h2><\/h2>\n<h2><span style=\"color: #000080;\"><a class=\"dt-pswp-item\" href=\"https:\/\/www.radiopiu.net\/wordpress\/wp-content\/uploads\/2020\/07\/a8a8cbd6-9ca3-4f14-9e6a-43069c08cd84.jpg\" data-dt-img-description=\"\" data-large_image_width=\"960\" data-large_image_height=\"720\"><img loading=\"lazy\" decoding=\"async\" class=\"wp-image-151434 alignleft\" src=\"https:\/\/www.radiopiu.net\/wordpress\/wp-content\/uploads\/2020\/07\/a8a8cbd6-9ca3-4f14-9e6a-43069c08cd84-300x225.jpg\" alt=\"\" width=\"213\" height=\"160\" srcset=\"https:\/\/www.radiopiu.net\/wordpress\/wp-content\/uploads\/2020\/07\/a8a8cbd6-9ca3-4f14-9e6a-43069c08cd84-300x225.jpg 300w, https:\/\/www.radiopiu.net\/wordpress\/wp-content\/uploads\/2020\/07\/a8a8cbd6-9ca3-4f14-9e6a-43069c08cd84-768x576.jpg 768w, https:\/\/www.radiopiu.net\/wordpress\/wp-content\/uploads\/2020\/07\/a8a8cbd6-9ca3-4f14-9e6a-43069c08cd84.jpg 960w\" sizes=\"auto, (max-width: 213px) 100vw, 213px\" \/><\/a><\/span><\/h2>\n<h2><\/h2>\n<h2><span style=\"color: #000080;\">DON CESARE, IL PENSIERO DEL GIORNO. ALLA RADIO ALLE 7 DEL MATTINO E ALLE 19.30 DELLA SERA.\u00a0\u00a0<\/span><\/h2>\n<p>&nbsp;<\/p>\n<audio class=\"wp-audio-shortcode\" id=\"audio-160343-5\" preload=\"none\" style=\"width: 100%;\" controls=\"controls\"><source type=\"audio\/mpeg\" src=\"https:\/\/www.radiopiu.net\/wordpress\/wp-content\/uploads\/2020\/09\/WhatsApp-Ptt-2020-09-13-at-22.48.21.mp3?_=5\" \/><a href=\"https:\/\/www.radiopiu.net\/wordpress\/wp-content\/uploads\/2020\/09\/WhatsApp-Ptt-2020-09-13-at-22.48.21.mp3\">https:\/\/www.radiopiu.net\/wordpress\/wp-content\/uploads\/2020\/09\/WhatsApp-Ptt-2020-09-13-at-22.48.21.mp3<\/a><\/audio>\n<p>&nbsp;<\/p>\n<hr \/>\n<p>&nbsp;<\/p>\n<h2><span style=\"color: #008000;\">AGORDINOMERON&#8230;LA RACCOLTA<\/span><\/h2>\n<blockquote class=\"wp-embedded-content\" data-secret=\"nXV5QN8tG9\"><p><a href=\"https:\/\/www.radiopiu.net\/wordpress\/agordinomeron\/\">AGORDINOMERON, IL TERRITORIO SI RACCONTA Da un&#8217;idea di Gianni Santomaso<\/a><\/p><\/blockquote>\n<p><iframe loading=\"lazy\" class=\"wp-embedded-content\" sandbox=\"allow-scripts\" security=\"restricted\" style=\"position: absolute; clip: rect(1px, 1px, 1px, 1px);\" title=\"&#8220;AGORDINOMERON, IL TERRITORIO SI RACCONTA Da un&#8217;idea di Gianni Santomaso&#8221; &#8212; Radio Pi\u00f9\" src=\"https:\/\/www.radiopiu.net\/wordpress\/agordinomeron\/embed\/#?secret=nXV5QN8tG9\" data-secret=\"nXV5QN8tG9\" width=\"600\" height=\"338\" frameborder=\"0\" marginwidth=\"0\" marginheight=\"0\" scrolling=\"no\"><\/iframe><\/p>\n<p>&nbsp;<\/p>\n<hr \/>\n<p>&nbsp;<\/p>\n<p>&nbsp;<\/p>\n<h2><span style=\"color: #ff00ff;\">ZAINO DA VIAGGIO AL FEMMINILE DI PAOLA LANCIATO<\/span><\/h2>\n<h1>LA RACCOLTA COMPLETA<\/h1>\n<blockquote class=\"wp-embedded-content\" data-secret=\"fEJv6KazSV\"><p><a href=\"https:\/\/www.radiopiu.net\/wordpress\/zaino-femminile-lanciato\/\">Zaino da viaggio al femminile<\/a><\/p><\/blockquote>\n<p><iframe loading=\"lazy\" class=\"wp-embedded-content\" sandbox=\"allow-scripts\" security=\"restricted\" style=\"position: absolute; clip: rect(1px, 1px, 1px, 1px);\" title=\"&#8220;Zaino da viaggio al femminile&#8221; &#8212; Radio Pi\u00f9\" src=\"https:\/\/www.radiopiu.net\/wordpress\/zaino-femminile-lanciato\/embed\/#?secret=fEJv6KazSV\" data-secret=\"fEJv6KazSV\" width=\"600\" height=\"338\" frameborder=\"0\" marginwidth=\"0\" marginheight=\"0\" scrolling=\"no\"><\/iframe><\/p>\n<hr \/>\n<p>&nbsp;<\/p>\n<h2><span style=\"color: #33cccc;\">I RACCONTI DI PAOLO SOPPELSA il lunedi alle 9.30 e 18.30<\/span><\/h2>\n<h2><span style=\"color: #33cccc;\"><strong>LA RACCOLTA COMPLETA<\/strong><\/span><\/h2>\n<blockquote class=\"wp-embedded-content\" data-secret=\"4fvAqQrp45\"><p><a href=\"https:\/\/www.radiopiu.net\/wordpress\/i-racconti-di-paolo-soppelsa\/\">I racconti di Paolo Soppelsa<\/a><\/p><\/blockquote>\n<p><iframe loading=\"lazy\" class=\"wp-embedded-content\" sandbox=\"allow-scripts\" security=\"restricted\" style=\"position: absolute; clip: rect(1px, 1px, 1px, 1px);\" title=\"&#8220;I racconti di Paolo Soppelsa&#8221; &#8212; Radio Pi\u00f9\" src=\"https:\/\/www.radiopiu.net\/wordpress\/i-racconti-di-paolo-soppelsa\/embed\/#?secret=4fvAqQrp45\" data-secret=\"4fvAqQrp45\" width=\"600\" height=\"338\" frameborder=\"0\" marginwidth=\"0\" marginheight=\"0\" scrolling=\"no\"><\/iframe><\/p>\n<p>&nbsp;<\/p>\n<hr \/>\n<p>&nbsp;<\/p>\n<p><a class=\"dt-pswp-item\" href=\"https:\/\/www.radiopiu.net\/wordpress\/wp-content\/uploads\/2018\/09\/viabilita.jpeg\" data-dt-img-description=\"\" data-large_image_width=\"800\" data-large_image_height=\"100\"><img loading=\"lazy\" decoding=\"async\" class=\"aligncenter wp-image-61954 size-full\" src=\"https:\/\/www.radiopiu.net\/wordpress\/wp-content\/uploads\/2018\/09\/viabilita.jpeg\" alt=\"\" width=\"800\" height=\"100\" srcset=\"https:\/\/www.radiopiu.net\/wordpress\/wp-content\/uploads\/2018\/09\/viabilita.jpeg 800w, https:\/\/www.radiopiu.net\/wordpress\/wp-content\/uploads\/2018\/09\/viabilita-300x38.jpeg 300w, https:\/\/www.radiopiu.net\/wordpress\/wp-content\/uploads\/2018\/09\/viabilita-768x96.jpeg 768w\" sizes=\"auto, (max-width: 800px) 100vw, 800px\" \/><\/a><\/p>\n<\/div>\n<p><strong>SP 7 DI ZOPPE&#8217; <\/strong>fino al 25 settembre, esclusi sabato e domenica, dalle 7:30 alle 12 e dalle 13 alle 17:30, temporanee interruzioni al traffico della durata massima di 30 minuti in comune di Val Di Zoldo per rifacimento rete idrica e fognaria<\/p>\n<p><strong>SR 203 AGORDINA<\/strong>\u00a0 fino\u00a0 al 16 settembre, dalle 19 alle 6, senso unico alternato regolato da movieri alla galleria di Listolade a Taibon Agordino per asfaltatura<\/p>\n<p><strong>SP 30 PANORAMICA DEL COMELICO<\/strong> fino al 2 ottobre, esclusi sabati e domeniche, interdizione totale alla viabilit\u00e0 in entrambi i sensi di marcia tra Costa e Costalissoi per messa in sicurezza strada<\/p>\n<p><strong>SP 20 VAL FIORENTINA<\/strong> Fino al 15 settembre, esclusi sabati e domeniche, senso unico alternato in localit\u00e0 Solator di Selva Di Cadore per allargamento carreggiata<\/p>\n<p><strong>SP 641 PASSO FEDAIA<\/strong> A\u00a0 Capanna Bill e\u00a0 a Col di Rocca\u00a0 fino al\u00a0 30 settembre senso unico alternato regolato da semaforo.<\/p>\n<p><strong>REGIONALE 203 AGORDINA<\/strong> Fino al 30 settembre (sabato e domenica esclusi) tra Candaten e La Stanga dalle 7.30 alle 9 e dalle 16.30 alle 18 con movieri e negli altri orari con semaforo, senso unico alternato.<\/p>\n<div>\n<p><strong>SR 48 DELLE DOLOMITI<\/strong> FINO\u00a0 AL 30 SETTEMBRE, DALLE 7 ALLE 17, ESCLUSI SABATO E DOMENICA, SALTUARIA ISTITUZIONE DI SENSO UNICO ALTERNATO REGOLATO DA MOVIERI PER PERIODI CONTINUATIVI NON SUPERIORI A 10 MINUTI NEI COMUNI DI CORTINA ED AURONZO DI CADORE PER CARICO SCARICO MATERIALI NECESSARI PER LA POSA DELL&#8217;ELTRODOTTO INTERRATO<\/p>\n<p><strong>SR 48 DELLE DOLOMITI<\/strong>\u00a0 Fino al 30 settembre in localit\u00e0 Pocol (Cortina) senso unico alternato, esclusi sabato e domenica<\/p>\n<p><strong>SR 48 DELLE DOLOMITI<\/strong>\u00a0 Fino al 9 ottobre senso unico alternato in localit\u00e0 Cernadoi, escluso sabato e domeniche<\/p>\n<p><strong>SR 48 DELLE DOLOMITI<\/strong> Fino\u00a0 al 30 settembre esclusi sabato e domenica senso unico alternato tra Cernadoi e Pian Falzarego<\/p>\n<p><strong>SP 7 DI ZOPPE&#8217; DI CADORE,<\/strong> SENSO UNICO ALTERNATO REGOLATO DA MOVIERI CON BREVI INTERRUZIONI DI MASSIMO 10 MINUTI FINO\u00a0 AL 18 SETTEMBRE, DALLE 7:30 ALLE 17:30 ESCLUSI SABATI, DOMENICHE E FESTIVI INFRASETTIMANALI, PER MESSA IN SICUREZZA DELLA SEDE STRADALE<\/p>\n<p><strong>SP 1 MADONNA DEL PIAVE<\/strong>\u00a0fino a revoca, senso unico alternato regolato da semaforo in localit\u00e0 Caorera di Quero Vas per lavori di messa in sicurezza piano viabile<\/p>\n<p>&nbsp;<\/p>\n<hr \/>\n<p>&nbsp;<\/p>\n<p class=\"photoswipe-wrapper\"><a class=\"dt-pswp-item pspw-wrap-ready\" href=\"https:\/\/i0.wp.com\/www.radiopiu.net\/wordpress\/wp-content\/uploads\/2018\/09\/WhatsApp-Image-2018-09-20-at-16.04.06.jpeg?ssl=1\" data-dt-img-description=\"\" data-large_image_width=\"800\" data-large_image_height=\"100\"><img loading=\"lazy\" decoding=\"async\" class=\"aligncenter wp-image-61378 size-full jetpack-lazy-image jetpack-lazy-image--handled\" src=\"https:\/\/i0.wp.com\/www.radiopiu.net\/wordpress\/wp-content\/uploads\/2018\/09\/WhatsApp-Image-2018-09-20-at-16.04.06.jpeg?resize=800%2C100&amp;ssl=1\" sizes=\"auto, (max-width: 800px) 100vw, 800px\" srcset=\"https:\/\/i0.wp.com\/www.radiopiu.net\/wordpress\/wp-content\/uploads\/2018\/09\/WhatsApp-Image-2018-09-20-at-16.04.06.jpeg?w=800&amp;ssl=1 800w, https:\/\/i0.wp.com\/www.radiopiu.net\/wordpress\/wp-content\/uploads\/2018\/09\/WhatsApp-Image-2018-09-20-at-16.04.06.jpeg?resize=300%2C38&amp;ssl=1 300w, https:\/\/i0.wp.com\/www.radiopiu.net\/wordpress\/wp-content\/uploads\/2018\/09\/WhatsApp-Image-2018-09-20-at-16.04.06.jpeg?resize=768%2C96&amp;ssl=1 768w\" alt=\"\" width=\"800\" height=\"100\" data-lazy-loaded=\"1\" \/><\/a><\/p>\n<\/div>\n<p>&nbsp;<\/p>\n<p><center><b>Lunedi 14<\/b><\/center><b>Tempo atteso:\u00a0<\/b>Sole e cielo perlopi\u00f9 sereno, al pi\u00f9 poco nuvoloso per qualche velatura e modesti cumuli durante le ore pi\u00f9 calde. Aria tersa ed ottima visibilit\u00e0 in quota. Non esclusa qualche locale nebbia mattutina nei fondovalle o locali banchi di nubi basse a ridosso dei rilievi nelle ore pi\u00f9 fredde. Temperature diurne tardo-estive e superiori alla norma a tutte le quote.<br \/>\n<b>Precipitazioni:\u00a0<\/b>Assenti (0%).<br \/>\n<b>Temperature:\u00a0<\/b>Senza variazioni di rilievo, o in lieve aumento in alta quota. Su Prealpi a 1500 m min 13\u00b0C max 18\u00b0C, a 2000 m min 12\u00b0C max 15\u00b0C. Su Dolomiti a 2000 m min 10\u00b0C max 16\u00b0C, a 3000 m min 7\u00b0C max 9\u00b0C.<br \/>\n<b>Venti:\u00a0<\/b>Nelle valli deboli a regime di brezza, localmente e a tratti moderati su alcuni settori; in quota deboli, al pi\u00f9 moderati, orientali, a 5-15 km\/h a 2000 m e 10-25 km\/h a 3000 m.<\/p>\n<hr \/>\n<p><center><b>Martedi 15<\/b><\/center><b>Tempo atteso:\u00a0<\/b>Tempo stabile con sole, cielo sereno o poco nuvoloso per sottili velature e modesti cumuli nelle ore pomeridiane, con aria tersa ed ottima visibilit\u00e0 in montagna. Non escluso qualche locale banco di nebbia mattutina in alcuni fondovalle. Temperature diurne tardo-estive e superiori alla norma a tutte le quote.<br \/>\n<b>Precipitazioni:\u00a0<\/b>Assenti (0%).<br \/>\n<b>Temperature:\u00a0<\/b>Senza variazioni di rilievo. Su Prealpi a 1500 m min 13\u00b0C max 18\u00b0C, a 2000 m min 12\u00b0C max 14\u00b0C. Su Dolomiti a 2000 m min 11\u00b0C max 16\u00b0C, a 3000 m min 6\u00b0C max 8\u00b0.<br \/>\n<b>Venti:\u00a0<\/b>Nelle valli deboli a regime di brezza, localmente e a tratti moderati su alcuni settori; in quota deboli\/moderati da est nord-est, a 10-20 km\/h a 2000 m e 15-25 km\/h a 3000 m.<\/p>\n<hr \/>\n<p><center><b>Mercoledi 16<\/b><\/center>Ancora una giornata abbastanza soleggiata, con cielo perlopi\u00f9 sereno al mattino, ma con maggiore sviluppo di cumuli al pomeriggio, quando qualche sporadico fenomeno di instabilit\u00e0 non sar\u00e0 escluso del tutto; temperature diurne in calo, anche se sempre sopra la norma del periodo. Venti deboli nord-orientali in quota, a regime di brezza nelle valli.<\/p>\n<hr \/>\n<p><center><b>Giovedi 17<\/b><\/center>Tempo in prevalenza soleggiato, specie al mattino, con modesto sviluppo pomeridiano di cumuli, che non si esclude possano provocare qualche isolato fenomeno di instabilit\u00e0. Temperature stazionarie o in lieve calo rispetto a mercoled\u00ec. Previsore: G.M.<\/p>\n<p>&nbsp;<\/p>\n<hr \/>\n<p>&nbsp;<\/p>\n<p><a class=\"dt-pswp-item\" href=\"https:\/\/www.radiopiu.net\/wordpress\/wp-content\/uploads\/2018\/09\/sport.jpg\" data-dt-img-description=\"\" data-large_image_width=\"800\" data-large_image_height=\"100\"><img loading=\"lazy\" decoding=\"async\" class=\"alignnone wp-image-60761 size-full\" src=\"https:\/\/www.radiopiu.net\/wordpress\/wp-content\/uploads\/2018\/09\/sport.jpg\" alt=\"\" width=\"800\" height=\"100\" srcset=\"https:\/\/www.radiopiu.net\/wordpress\/wp-content\/uploads\/2018\/09\/sport.jpg 800w, https:\/\/www.radiopiu.net\/wordpress\/wp-content\/uploads\/2018\/09\/sport-300x38.jpg 300w, https:\/\/www.radiopiu.net\/wordpress\/wp-content\/uploads\/2018\/09\/sport-768x96.jpg 768w\" sizes=\"auto, (max-width: 800px) 100vw, 800px\" \/><\/a><\/p>\n<p>&nbsp;<\/p>\n<blockquote>\n<h3>MERCOLED\u00ec LA PRIMA AMICHEVOLE DELL&#8217;ALLEGHE HOCKEY<\/h3>\n<\/blockquote>\n<p><strong><a class=\"dt-pswp-item\" href=\"https:\/\/www.radiopiu.net\/wordpress\/wp-content\/uploads\/2020\/09\/88e0cdef-43a5-49ec-8570-c03199244c1c.jpg\" data-dt-img-description=\"\" data-large_image_width=\"1599\" data-large_image_height=\"1200\"><img loading=\"lazy\" decoding=\"async\" class=\"size-medium wp-image-159365 alignleft\" src=\"https:\/\/www.radiopiu.net\/wordpress\/wp-content\/uploads\/2020\/09\/88e0cdef-43a5-49ec-8570-c03199244c1c-300x225.jpg\" alt=\"\" width=\"300\" height=\"225\" srcset=\"https:\/\/www.radiopiu.net\/wordpress\/wp-content\/uploads\/2020\/09\/88e0cdef-43a5-49ec-8570-c03199244c1c-300x225.jpg 300w, https:\/\/www.radiopiu.net\/wordpress\/wp-content\/uploads\/2020\/09\/88e0cdef-43a5-49ec-8570-c03199244c1c-1024x768.jpg 1024w, https:\/\/www.radiopiu.net\/wordpress\/wp-content\/uploads\/2020\/09\/88e0cdef-43a5-49ec-8570-c03199244c1c-768x576.jpg 768w, https:\/\/www.radiopiu.net\/wordpress\/wp-content\/uploads\/2020\/09\/88e0cdef-43a5-49ec-8570-c03199244c1c-1536x1153.jpg 1536w, https:\/\/www.radiopiu.net\/wordpress\/wp-content\/uploads\/2020\/09\/88e0cdef-43a5-49ec-8570-c03199244c1c-640x480.jpg 640w, https:\/\/www.radiopiu.net\/wordpress\/wp-content\/uploads\/2020\/09\/88e0cdef-43a5-49ec-8570-c03199244c1c.jpg 1599w\" sizes=\"auto, (max-width: 300px) 100vw, 300px\" \/><\/a>ALLEGHE\u00a0<\/strong>Mercoled\u00ec 16 settembre alle 20:30, allo Stadio Alvise de Toni di Alleghe si giocher\u00e0 l\u2019amichevole tra l\u2019Alleghe Hockey ed il Val di Fiemme. Prima uscita ufficiale dunque per la squadra di Juhani Matikainen in vista dell\u2019inizio della stagione 2020\/21 della Italian Hockey League. Con tutte le conferme del roster ed i nuovi innesti c\u2019\u00e8 grande attesa per vedere finalmente sul ghiaccio un Alleghe che vuole uscire con coraggio e positivit\u00e0 dalla quarantena.\u00a0Per le norme Covid la capienza dello stadio \u00e8 limitata a 200 spettatori, si ricorda al pubblico di presentarsi alla cassa muniti di mascherina.<\/p>\n<p>&nbsp;<\/p>\n<hr \/>\n<p>&nbsp;<\/p>\n<blockquote>\n<h3>LA SANMARTINESE DI MIRANDOLA AL CAMPO SPORTIVO DI TAIBON<\/h3>\n<\/blockquote>\n<p><strong>TAIBON<\/strong> Giornata di calcio ieri al campo sportivo di Taibon dove la Sanmartinese di Mirandola ha fatto degli allenamenti e una partita amichevole con il Taibon.<\/p>\n\n\t\t\t<style type='text\/css'>\n\t\t\t\t#gallery-6 {\n\t\t\t\t\tmargin: auto;\n\t\t\t\t}\n\t\t\t\t#gallery-6 .gallery-item {\n\t\t\t\t\tfloat: left;\n\t\t\t\t\tmargin-top: 10px;\n\t\t\t\t\ttext-align: center;\n\t\t\t\t\twidth: 50%;\n\t\t\t\t}\n\t\t\t\t#gallery-6 img {\n\t\t\t\t\tborder: 2px solid #cfcfcf;\n\t\t\t\t}\n\t\t\t\t#gallery-6 .gallery-caption {\n\t\t\t\t\tmargin-left: 0;\n\t\t\t\t}\n\t\t\t\t\/* see gallery_shortcode() in wp-includes\/media.php *\/\n\t\t\t<\/style>\n\t\t<div id='gallery-6' class='dt-gallery-container gallery galleryid-160343 gallery-columns-2 gallery-size-medium'><dl class='gallery-item'>\n\t\t\t\t<dt class='gallery-icon landscape'>\n\t\t\t\t\t<a class=\"rollover rollover-zoom dt-pswp-item\" title=\"1a59d55d-bef6-4d2e-b3f1-f7b8d1ee301a\" data-dt-img-description=\"\" data-large_image_width=\"1600\" data-large_image_height=\"1200\"href='https:\/\/www.radiopiu.net\/wordpress\/wp-content\/uploads\/2020\/09\/1a59d55d-bef6-4d2e-b3f1-f7b8d1ee301a.jpg'><img loading=\"lazy\" decoding=\"async\" width=\"300\" height=\"225\" src=\"https:\/\/www.radiopiu.net\/wordpress\/wp-content\/uploads\/2020\/09\/1a59d55d-bef6-4d2e-b3f1-f7b8d1ee301a-300x225.jpg\" class=\"attachment-medium size-medium\" alt=\"\" srcset=\"https:\/\/www.radiopiu.net\/wordpress\/wp-content\/uploads\/2020\/09\/1a59d55d-bef6-4d2e-b3f1-f7b8d1ee301a-300x225.jpg 300w, https:\/\/www.radiopiu.net\/wordpress\/wp-content\/uploads\/2020\/09\/1a59d55d-bef6-4d2e-b3f1-f7b8d1ee301a-1024x768.jpg 1024w, https:\/\/www.radiopiu.net\/wordpress\/wp-content\/uploads\/2020\/09\/1a59d55d-bef6-4d2e-b3f1-f7b8d1ee301a-768x576.jpg 768w, https:\/\/www.radiopiu.net\/wordpress\/wp-content\/uploads\/2020\/09\/1a59d55d-bef6-4d2e-b3f1-f7b8d1ee301a-1536x1152.jpg 1536w, https:\/\/www.radiopiu.net\/wordpress\/wp-content\/uploads\/2020\/09\/1a59d55d-bef6-4d2e-b3f1-f7b8d1ee301a-640x480.jpg 640w, https:\/\/www.radiopiu.net\/wordpress\/wp-content\/uploads\/2020\/09\/1a59d55d-bef6-4d2e-b3f1-f7b8d1ee301a.jpg 1600w\" sizes=\"auto, (max-width: 300px) 100vw, 300px\" \/><\/a>\n\t\t\t\t<\/dt><\/dl><dl class='gallery-item'>\n\t\t\t\t<dt class='gallery-icon landscape'>\n\t\t\t\t\t<a class=\"rollover rollover-zoom dt-pswp-item\" title=\"04c2e3e1-c0c5-4966-a4b0-4c796723f803\" data-dt-img-description=\"\" data-large_image_width=\"1600\" data-large_image_height=\"1200\"href='https:\/\/www.radiopiu.net\/wordpress\/wp-content\/uploads\/2020\/09\/04c2e3e1-c0c5-4966-a4b0-4c796723f803.jpg'><img loading=\"lazy\" decoding=\"async\" width=\"300\" height=\"225\" src=\"https:\/\/www.radiopiu.net\/wordpress\/wp-content\/uploads\/2020\/09\/04c2e3e1-c0c5-4966-a4b0-4c796723f803-300x225.jpg\" class=\"attachment-medium size-medium\" alt=\"\" srcset=\"https:\/\/www.radiopiu.net\/wordpress\/wp-content\/uploads\/2020\/09\/04c2e3e1-c0c5-4966-a4b0-4c796723f803-300x225.jpg 300w, https:\/\/www.radiopiu.net\/wordpress\/wp-content\/uploads\/2020\/09\/04c2e3e1-c0c5-4966-a4b0-4c796723f803-1024x768.jpg 1024w, https:\/\/www.radiopiu.net\/wordpress\/wp-content\/uploads\/2020\/09\/04c2e3e1-c0c5-4966-a4b0-4c796723f803-768x576.jpg 768w, https:\/\/www.radiopiu.net\/wordpress\/wp-content\/uploads\/2020\/09\/04c2e3e1-c0c5-4966-a4b0-4c796723f803-1536x1152.jpg 1536w, https:\/\/www.radiopiu.net\/wordpress\/wp-content\/uploads\/2020\/09\/04c2e3e1-c0c5-4966-a4b0-4c796723f803-640x480.jpg 640w, https:\/\/www.radiopiu.net\/wordpress\/wp-content\/uploads\/2020\/09\/04c2e3e1-c0c5-4966-a4b0-4c796723f803.jpg 1600w\" sizes=\"auto, (max-width: 300px) 100vw, 300px\" \/><\/a>\n\t\t\t\t<\/dt><\/dl><br style=\"clear: both\" \/>\n\t\t\t<\/div>\n\n<p><strong>IL PRESIDENTE DEL GRUPPO SPORTIVO TAIBON ANTIMO SAVARIS<\/strong><\/p>\n<audio class=\"wp-audio-shortcode\" id=\"audio-160343-6\" preload=\"none\" style=\"width: 100%;\" controls=\"controls\"><source type=\"audio\/mpeg\" src=\"https:\/\/www.radiopiu.net\/wordpress\/wp-content\/uploads\/2020\/09\/antimo-squadra-modena.mp3?_=6\" \/><a href=\"https:\/\/www.radiopiu.net\/wordpress\/wp-content\/uploads\/2020\/09\/antimo-squadra-modena.mp3\">https:\/\/www.radiopiu.net\/wordpress\/wp-content\/uploads\/2020\/09\/antimo-squadra-modena.mp3<\/a><\/audio>\n<p>&nbsp;<\/p>\n<hr \/>\n<p>&nbsp;<\/p>\n<blockquote>\n<h3>IL FIORIBARP SI AGGIUDICA L&#8217;AMICHEVOLE CONTRO L&#8217;AGORDINA<\/h3>\n<\/blockquote>\n<p><strong><a class=\"dt-pswp-item\" href=\"https:\/\/www.radiopiu.net\/wordpress\/wp-content\/uploads\/2018\/12\/CALCIO-VINTAGE.jpg\" data-dt-img-description=\"\" data-large_image_width=\"800\" data-large_image_height=\"500\"><img loading=\"lazy\" decoding=\"async\" class=\"size-medium wp-image-69635 alignleft\" src=\"https:\/\/www.radiopiu.net\/wordpress\/wp-content\/uploads\/2018\/12\/CALCIO-VINTAGE-300x188.jpg\" alt=\"\" width=\"300\" height=\"188\" srcset=\"https:\/\/www.radiopiu.net\/wordpress\/wp-content\/uploads\/2018\/12\/CALCIO-VINTAGE-300x188.jpg 300w, https:\/\/www.radiopiu.net\/wordpress\/wp-content\/uploads\/2018\/12\/CALCIO-VINTAGE-768x480.jpg 768w, https:\/\/www.radiopiu.net\/wordpress\/wp-content\/uploads\/2018\/12\/CALCIO-VINTAGE.jpg 800w\" sizes=\"auto, (max-width: 300px) 100vw, 300px\" \/><\/a>AGORDO<\/strong><\/p>\n<p>di Matteo Manfroi<\/p>\n<p>&nbsp;<\/p>\n<p>&nbsp;<\/p>\n<p>&nbsp;<\/p>\n<p>&nbsp;<\/p>\n<p>&nbsp;<\/p>\n<audio class=\"wp-audio-shortcode\" id=\"audio-160343-7\" preload=\"none\" style=\"width: 100%;\" controls=\"controls\"><source type=\"audio\/mpeg\" src=\"https:\/\/www.radiopiu.net\/wordpress\/wp-content\/uploads\/2020\/09\/gr-14-sport-agordina-fiori-barp.mp3?_=7\" \/><a href=\"https:\/\/www.radiopiu.net\/wordpress\/wp-content\/uploads\/2020\/09\/gr-14-sport-agordina-fiori-barp.mp3\">https:\/\/www.radiopiu.net\/wordpress\/wp-content\/uploads\/2020\/09\/gr-14-sport-agordina-fiori-barp.mp3<\/a><\/audio>\n<p>&nbsp;<\/p>\n","protected":false},"excerpt":{"rendered":"<p>PER RICEVERE QUESTO NOTIZIARIO DIRETTAMENTE SUL TUO CELLULARE ISCRIVITI AL CANALE TELEGRAM \u201cRADIO PIU\u00a0 INFORMAZIONE&#8221; ATTENZIONE: LA NUOVA APP PER IOS-IPHONE https:\/\/apps.apple.com\/it\/app\/radio-pi%C3%B9-emittente-agordina\/id1515939845 ATTENZIONE: LA NUOVA APP RADIO\u00a0 PER ANDROID https:\/\/play.google.com\/store\/apps\/details?id=net.radiopiu.iniko &nbsp; OGGI IVAN ZASSO SUONA PER GLI ALUNNI DI VO&#8217; EUGANEO E PER IL PRESIDENTE SERGIO MATTARELLA. DIRETTA RAI AGORDO \u00a0Ivan Zasso (foto)\u00a0 di Agordo\u00a0&hellip;<\/p>\n","protected":false},"author":4,"featured_media":160412,"comment_status":"closed","ping_status":"closed","sticky":false,"template":"","format":"standard","meta":{"_monsterinsights_skip_tracking":false,"_monsterinsights_sitenote_active":false,"_monsterinsights_sitenote_note":"","_monsterinsights_sitenote_category":0,"footnotes":""},"categories":[1,86,49],"tags":[],"class_list":["post-160343","post","type-post","status-publish","format-standard","has-post-thumbnail","hentry","category-senza-categoria","category-gr","category-news-18","category-1","category-86","category-49","description-off"],"img_url":"https:\/\/www.radiopiu.net\/wordpress\/wp-content\/uploads\/2020\/09\/Cantieri-dimostrativi-in-Cansiglio-FFF2020-12-e-13-settembre.jpg","_links":{"self":[{"href":"https:\/\/www.radiopiu.net\/wordpress\/wp-json\/wp\/v2\/posts\/160343","targetHints":{"allow":["GET"]}}],"collection":[{"href":"https:\/\/www.radiopiu.net\/wordpress\/wp-json\/wp\/v2\/posts"}],"about":[{"href":"https:\/\/www.radiopiu.net\/wordpress\/wp-json\/wp\/v2\/types\/post"}],"author":[{"embeddable":true,"href":"https:\/\/www.radiopiu.net\/wordpress\/wp-json\/wp\/v2\/users\/4"}],"replies":[{"embeddable":true,"href":"https:\/\/www.radiopiu.net\/wordpress\/wp-json\/wp\/v2\/comments?post=160343"}],"version-history":[{"count":0,"href":"https:\/\/www.radiopiu.net\/wordpress\/wp-json\/wp\/v2\/posts\/160343\/revisions"}],"wp:featuredmedia":[{"embeddable":true,"href":"https:\/\/www.radiopiu.net\/wordpress\/wp-json\/wp\/v2\/media\/160412"}],"wp:attachment":[{"href":"https:\/\/www.radiopiu.net\/wordpress\/wp-json\/wp\/v2\/media?parent=160343"}],"wp:term":[{"taxonomy":"category","embeddable":true,"href":"https:\/\/www.radiopiu.net\/wordpress\/wp-json\/wp\/v2\/categories?post=160343"},{"taxonomy":"post_tag","embeddable":true,"href":"https:\/\/www.radiopiu.net\/wordpress\/wp-json\/wp\/v2\/tags?post=160343"}],"curies":[{"name":"wp","href":"https:\/\/api.w.org\/{rel}","templated":true}]}}