{"id":160384,"date":"2020-09-14T05:04:10","date_gmt":"2020-09-14T03:04:10","guid":{"rendered":"https:\/\/www.radiopiu.net\/wordpress\/?p=160384"},"modified":"2020-09-14T05:54:10","modified_gmt":"2020-09-14T03:54:10","slug":"continuano-ad-essere-prese-di-mira-le-fioriere-del-ponte-rova","status":"publish","type":"post","link":"https:\/\/www.radiopiu.net\/wordpress\/continuano-ad-essere-prese-di-mira-le-fioriere-del-ponte-rova\/","title":{"rendered":"CONTINUANO AD ESSERE PRESE DI MIRA LE FIORIERE DEL PONTE ROVA"},"content":{"rendered":"<p><strong><a class=\"dt-pswp-item\" href=\"https:\/\/www.radiopiu.net\/wordpress\/wp-content\/uploads\/2020\/09\/41d172a8-ed5c-48dc-9715-6906b5e3f649.jpg\" data-dt-img-description=\"\" data-large_image_width=\"720\" data-large_image_height=\"960\"><img loading=\"lazy\" decoding=\"async\" class=\" wp-image-160385 alignleft\" src=\"https:\/\/www.radiopiu.net\/wordpress\/wp-content\/uploads\/2020\/09\/41d172a8-ed5c-48dc-9715-6906b5e3f649-225x300.jpg\" alt=\"\" width=\"128\" height=\"171\" srcset=\"https:\/\/www.radiopiu.net\/wordpress\/wp-content\/uploads\/2020\/09\/41d172a8-ed5c-48dc-9715-6906b5e3f649-225x300.jpg 225w, https:\/\/www.radiopiu.net\/wordpress\/wp-content\/uploads\/2020\/09\/41d172a8-ed5c-48dc-9715-6906b5e3f649-360x480.jpg 360w, https:\/\/www.radiopiu.net\/wordpress\/wp-content\/uploads\/2020\/09\/41d172a8-ed5c-48dc-9715-6906b5e3f649.jpg 720w\" sizes=\"auto, (max-width: 128px) 100vw, 128px\" \/><\/a>AGORDO<\/strong> E siamo a tre&#8230; il terzo atto vandalico sui ponti di Agordo, a finire a mollo nel torrente Rova uno dei cinque vasi di fiori messi per abbellire il paese. Se ne \u00e8 accorto Arturo mentre passeggiava con il cane. Gi\u00e0 informato anche il sindaco Roberto Chissal\u00e8 che non manca di mettere in rilievo la sua amarezza. Come sempre, per la terza volta, autori sconosciuti. Sui portafiori del ponte sono rimasti gli altri quattro vasi o i &#8220;nostri&#8221; erano troppo ebbri e troppo stanchi per continuare nell&#8217;impegnativo sforzo o sono stati disturbati da qualcuno di passaggio. Fosse vero, i Carabiineri non attendono che una testimonianza per poter procedere<\/p>\n","protected":false},"excerpt":{"rendered":"<p>AGORDO E siamo a tre&#8230; il terzo atto vandalico sui ponti di Agordo, a finire a mollo nel torrente Rova uno dei cinque vasi di fiori messi per abbellire il paese. Se ne \u00e8 accorto Arturo mentre passeggiava con il cane. Gi\u00e0 informato anche il sindaco Roberto Chissal\u00e8 che non manca di mettere in rilievo&hellip;<\/p>\n","protected":false},"author":4,"featured_media":160385,"comment_status":"closed","ping_status":"closed","sticky":false,"template":"","format":"standard","meta":{"_monsterinsights_skip_tracking":false,"_monsterinsights_sitenote_active":false,"_monsterinsights_sitenote_note":"","_monsterinsights_sitenote_category":0,"footnotes":""},"categories":[104,49],"tags":[],"class_list":["post-160384","post","type-post","status-publish","format-standard","has-post-thumbnail","hentry","category-evidenza_3","category-news-18","category-104","category-49","description-off"],"img_url":"https:\/\/www.radiopiu.net\/wordpress\/wp-content\/uploads\/2020\/09\/41d172a8-ed5c-48dc-9715-6906b5e3f649.jpg","_links":{"self":[{"href":"https:\/\/www.radiopiu.net\/wordpress\/wp-json\/wp\/v2\/posts\/160384","targetHints":{"allow":["GET"]}}],"collection":[{"href":"https:\/\/www.radiopiu.net\/wordpress\/wp-json\/wp\/v2\/posts"}],"about":[{"href":"https:\/\/www.radiopiu.net\/wordpress\/wp-json\/wp\/v2\/types\/post"}],"author":[{"embeddable":true,"href":"https:\/\/www.radiopiu.net\/wordpress\/wp-json\/wp\/v2\/users\/4"}],"replies":[{"embeddable":true,"href":"https:\/\/www.radiopiu.net\/wordpress\/wp-json\/wp\/v2\/comments?post=160384"}],"version-history":[{"count":0,"href":"https:\/\/www.radiopiu.net\/wordpress\/wp-json\/wp\/v2\/posts\/160384\/revisions"}],"wp:featuredmedia":[{"embeddable":true,"href":"https:\/\/www.radiopiu.net\/wordpress\/wp-json\/wp\/v2\/media\/160385"}],"wp:attachment":[{"href":"https:\/\/www.radiopiu.net\/wordpress\/wp-json\/wp\/v2\/media?parent=160384"}],"wp:term":[{"taxonomy":"category","embeddable":true,"href":"https:\/\/www.radiopiu.net\/wordpress\/wp-json\/wp\/v2\/categories?post=160384"},{"taxonomy":"post_tag","embeddable":true,"href":"https:\/\/www.radiopiu.net\/wordpress\/wp-json\/wp\/v2\/tags?post=160384"}],"curies":[{"name":"wp","href":"https:\/\/api.w.org\/{rel}","templated":true}]}}