{"id":160433,"date":"2022-09-09T06:00:09","date_gmt":"2022-09-09T04:00:09","guid":{"rendered":"https:\/\/www.radiopiu.net\/wordpress\/?p=160433"},"modified":"2022-09-09T06:43:02","modified_gmt":"2022-09-09T04:43:02","slug":"oscar-e-la-lettera-della-regina-elisabetta","status":"publish","type":"post","link":"https:\/\/www.radiopiu.net\/wordpress\/oscar-e-la-lettera-della-regina-elisabetta\/","title":{"rendered":"OSCAR E LA LETTERA DELLA REGINA ELISABETTA"},"content":{"rendered":"<p><a class=\"dt-pswp-item\" href=\"https:\/\/www.radiopiu.net\/wordpress\/wp-content\/uploads\/2020\/09\/Oscar-e-la-lettera-della-regina-Elisabetta-II-scaled.jpeg\" data-dt-img-description=\"\" data-large_image_width=\"1182\" data-large_image_height=\"2560\"><img loading=\"lazy\" decoding=\"async\" class=\" wp-image-160434 alignleft\" src=\"https:\/\/www.radiopiu.net\/wordpress\/wp-content\/uploads\/2020\/09\/Oscar-e-la-lettera-della-regina-Elisabetta-II-139x300.jpeg\" alt=\"\" width=\"250\" height=\"540\" srcset=\"https:\/\/www.radiopiu.net\/wordpress\/wp-content\/uploads\/2020\/09\/Oscar-e-la-lettera-della-regina-Elisabetta-II-139x300.jpeg 139w, https:\/\/www.radiopiu.net\/wordpress\/wp-content\/uploads\/2020\/09\/Oscar-e-la-lettera-della-regina-Elisabetta-II-473x1024.jpeg 473w, https:\/\/www.radiopiu.net\/wordpress\/wp-content\/uploads\/2020\/09\/Oscar-e-la-lettera-della-regina-Elisabetta-II-768x1663.jpeg 768w, https:\/\/www.radiopiu.net\/wordpress\/wp-content\/uploads\/2020\/09\/Oscar-e-la-lettera-della-regina-Elisabetta-II-946x2048.jpeg 946w, https:\/\/www.radiopiu.net\/wordpress\/wp-content\/uploads\/2020\/09\/Oscar-e-la-lettera-della-regina-Elisabetta-II-222x480.jpeg 222w, https:\/\/www.radiopiu.net\/wordpress\/wp-content\/uploads\/2020\/09\/Oscar-e-la-lettera-della-regina-Elisabetta-II-scaled.jpeg 1182w\" sizes=\"auto, (max-width: 250px) 100vw, 250px\" \/><\/a>di Luisa Manfroi<\/p>\n<p><strong>VALLADA<\/strong> Grande deve essere stato lo stupore di Oscar nel vedersi recapitare una busta color panna della Royal Mail con<span class=\"Apple-converted-space\">\u00a0 <\/span>mittente la casa reale inglese. La sorpresa si \u00e8 trasformata in felicit\u00e0 quando l\u2019ha aperta<span class=\"Apple-converted-space\">\u00a0 <\/span>e ha visto in alto lo stemma reale del Regno Unito. Non \u00e8 la prima volta che una lettera con un blasone cos\u00ec prestigioso e riservato a Sua Maest\u00e0, Queen Elizabeth, arriva in Agordino. Due anni fa, una missiva con i timbri<span class=\"Apple-converted-space\">\u00a0 <\/span>di Buckingham Palace e la firma in calce della Dama di Corte Susan Hussey, era stata recapitata nella casa di soggiorno Villa San Giuseppe di Livinallongo a Giannina Dariz, coetanea e grande ammiratrice della regina Elisabetta II. Questa volta, invece, il destinatario \u00e8 Oscar Ganz, un bambino di undici anni di Celat, Vallada, che proprio in questi giorni ha iniziato a frequentare la classe prima della secondaria di I\u00b0 grado. Ma cosa lega Oscar agli Windsor ? \u00c8 il suo interesse<span class=\"Apple-converted-space\">\u00a0 <\/span>per la casa reale di cui conosce<span class=\"Apple-converted-space\">\u00a0 <\/span>la storia e quella dell\u2019Inghilterra. Qualche anno fa e spontaneamente, Oscar<span class=\"Apple-converted-space\">\u00a0 <\/span>ha approfondito la genealogia della casa d\u2019Austria e la vita della principessa Sissi, poi ha ampliato l\u2019attenzione a quella degli Windsor appassionandosi al punto da conoscere la dinastia e gli incroci con le altre case regnanti. Un viaggio a Londra e la visita alle sale di stato di Buckingham Palace, l\u2019anno scorso, ha fatto il resto contribuendo a rafforzare ulteriormente la curiosit\u00e0 verso la famiglia reale inglese e<span class=\"Apple-converted-space\">\u00a0 <\/span>Sua Altezza la regina Elisabetta II. Un interesse raro per un giovanissimo<span class=\"Apple-converted-space\">\u00a0 <\/span>che lo ha spinto, ai primi di agosto, a prendere carta e penna e a scriverle in inglese, naturalmente<span class=\"Apple-converted-space\">\u00a0 <\/span>seguendo il rigido protocollo che prevede questo genere di corrispondenza sicuramente inusuale.<span class=\"Apple-converted-space\">\u00a0\u00a0<\/span>Nella sua lunga lettera, Oscar le ha confidato la propria ammirazione per Sua Maest\u00e0 raccontandole che vive tra le Dolomiti \u201cle montagne pi\u00f9 belle al mondo\u201d e accennando alla particolare colorazione che assumono al tramonto.<span class=\"Apple-converted-space\">\u00a0\u00a0<\/span>Corrispondenza, a Buckingham Palace ne arriva di sicuro molta ogni giorno e<span class=\"Apple-converted-space\">\u00a0 <\/span>quasi certamente non a tutti \u00e8 possibile rispondere.<span class=\"Apple-converted-space\">\u00a0 <\/span>Ma \u00e8<span class=\"Apple-converted-space\">\u00a0 <\/span>forse la spontaneit\u00e0 con la quale si \u00e8 rivolto alla sovrana<span class=\"Apple-converted-space\">\u00a0 <\/span>e la giovane et\u00e0 di Oscar,<span class=\"Apple-converted-space\">\u00a0 <\/span>ad avere a sua volta colpito la regina che, il 29 agosto<span class=\"Apple-converted-space\">\u00a0 <\/span>dalla dimora estiva privata del Castello di Balmoral, non ha esitato a rispondere attraverso la dama di corte Annabel Whitehead,<span class=\"Apple-converted-space\">\u00a0 <\/span>\u201cLady-in-Waiting\u201d.<span class=\"Apple-converted-space\">\u00a0<\/span>Non una risposta formale ma particolareggiata che<span class=\"Apple-converted-space\">\u00a0 <\/span>riporta il alto lo stemma del Regno Unito, quello che viene utilizzato quando la regina risiede nella sua dimora estiva in Scozia, differente da quello usato di solito quando \u00e8 nella sua residenza ufficiale di Buckingham Palace e riporta la data 29 agosto: \u201cCaro Oscar, la Regina desidera ringraziarti per la tua premurosa lettera in cui esprimi il tuo caloroso sostegno a Sua Maest\u00e0 e il tuo interesse per la storia dell\u2019Inghilterra<span class=\"Apple-converted-space\">\u00a0 <\/span>e della famiglia reale. (\u2026) Allego un albero genealogico e alcuni opuscoli informativi che potresti avere come ricordo della tua visita a Londra lo scorso settembre e ti<span class=\"Apple-converted-space\">\u00a0 <\/span>ringrazio ancora per la cura che hai dedicato a scrivere la tua lettera alla Regina\u201d.\u00a0Corrispondere almeno una volta con la sovrana era<span class=\"Apple-converted-space\">\u00a0 <\/span>il suo sogno. Un desiderio incoraggiato anche dal fatto di avere saputo che,<span class=\"Apple-converted-space\">\u00a0 <\/span>a gennaio di due anni fa,<span class=\"Apple-converted-space\">\u00a0 <\/span>Elisabetta II aveva risposto alle parole della<span class=\"Apple-converted-space\">\u00a0 <\/span>signora Giannina, a Fodom. Una notizia che, allora, era stata discussa in classe, nella scuola di Vallada, proprio per la sua singolarit\u00e0.<span class=\"Apple-converted-space\">\u00a0<\/span><\/p>\n","protected":false},"excerpt":{"rendered":"<p>di Luisa Manfroi VALLADA Grande deve essere stato lo stupore di Oscar nel vedersi recapitare una busta color panna della Royal Mail con\u00a0 mittente la casa reale inglese. La sorpresa si \u00e8 trasformata in felicit\u00e0 quando l\u2019ha aperta\u00a0 e ha visto in alto lo stemma reale del Regno Unito. Non \u00e8 la prima volta che&hellip;<\/p>\n","protected":false},"author":4,"featured_media":160434,"comment_status":"closed","ping_status":"closed","sticky":false,"template":"","format":"standard","meta":{"_monsterinsights_skip_tracking":false,"_monsterinsights_sitenote_active":false,"_monsterinsights_sitenote_note":"","_monsterinsights_sitenote_category":0,"footnotes":""},"categories":[104,49],"tags":[],"class_list":["post-160433","post","type-post","status-publish","format-standard","has-post-thumbnail","hentry","category-evidenza_3","category-news-18","category-104","category-49","description-off"],"img_url":"https:\/\/www.radiopiu.net\/wordpress\/wp-content\/uploads\/2020\/09\/Oscar-e-la-lettera-della-regina-Elisabetta-II-scaled.jpeg","_links":{"self":[{"href":"https:\/\/www.radiopiu.net\/wordpress\/wp-json\/wp\/v2\/posts\/160433","targetHints":{"allow":["GET"]}}],"collection":[{"href":"https:\/\/www.radiopiu.net\/wordpress\/wp-json\/wp\/v2\/posts"}],"about":[{"href":"https:\/\/www.radiopiu.net\/wordpress\/wp-json\/wp\/v2\/types\/post"}],"author":[{"embeddable":true,"href":"https:\/\/www.radiopiu.net\/wordpress\/wp-json\/wp\/v2\/users\/4"}],"replies":[{"embeddable":true,"href":"https:\/\/www.radiopiu.net\/wordpress\/wp-json\/wp\/v2\/comments?post=160433"}],"version-history":[{"count":0,"href":"https:\/\/www.radiopiu.net\/wordpress\/wp-json\/wp\/v2\/posts\/160433\/revisions"}],"wp:featuredmedia":[{"embeddable":true,"href":"https:\/\/www.radiopiu.net\/wordpress\/wp-json\/wp\/v2\/media\/160434"}],"wp:attachment":[{"href":"https:\/\/www.radiopiu.net\/wordpress\/wp-json\/wp\/v2\/media?parent=160433"}],"wp:term":[{"taxonomy":"category","embeddable":true,"href":"https:\/\/www.radiopiu.net\/wordpress\/wp-json\/wp\/v2\/categories?post=160433"},{"taxonomy":"post_tag","embeddable":true,"href":"https:\/\/www.radiopiu.net\/wordpress\/wp-json\/wp\/v2\/tags?post=160433"}],"curies":[{"name":"wp","href":"https:\/\/api.w.org\/{rel}","templated":true}]}}