{"id":160491,"date":"2020-09-15T05:42:26","date_gmt":"2020-09-15T03:42:26","guid":{"rendered":"https:\/\/www.radiopiu.net\/wordpress\/?p=160491"},"modified":"2020-09-15T06:17:00","modified_gmt":"2020-09-15T04:17:00","slug":"non-ce-lha-fatta-lalpino-del-settimo-morto-stamane-a-treviso","status":"publish","type":"post","link":"https:\/\/www.radiopiu.net\/wordpress\/non-ce-lha-fatta-lalpino-del-settimo-morto-stamane-a-treviso\/","title":{"rendered":"IL CAPORAL MAGGIORE DEL SETTIMO MUORE A SEI GIORNI DALL&#8217;INCIDENTE"},"content":{"rendered":"<blockquote>\n<h3><a class=\"dt-pswp-item\" href=\"https:\/\/www.radiopiu.net\/wordpress\/wp-content\/uploads\/2020\/09\/396323_4686567009505_2110291294_n.jpg\" data-dt-img-description=\"\" data-large_image_width=\"200\" data-large_image_height=\"200\"><img loading=\"lazy\" decoding=\"async\" class=\"size-full wp-image-160497 alignleft\" src=\"https:\/\/www.radiopiu.net\/wordpress\/wp-content\/uploads\/2020\/09\/396323_4686567009505_2110291294_n.jpg\" alt=\"\" width=\"200\" height=\"200\" srcset=\"https:\/\/www.radiopiu.net\/wordpress\/wp-content\/uploads\/2020\/09\/396323_4686567009505_2110291294_n.jpg 200w, https:\/\/www.radiopiu.net\/wordpress\/wp-content\/uploads\/2020\/09\/396323_4686567009505_2110291294_n-150x150.jpg 150w, https:\/\/www.radiopiu.net\/wordpress\/wp-content\/uploads\/2020\/09\/396323_4686567009505_2110291294_n-125x125.jpg 125w, https:\/\/www.radiopiu.net\/wordpress\/wp-content\/uploads\/2020\/09\/396323_4686567009505_2110291294_n-80x80.jpg 80w\" sizes=\"auto, (max-width: 200px) 100vw, 200px\" \/><\/a><em>Il caporal maggiore del \u00a07\u00b0 Reggimento Alpini di Belluno,\u00a0 32\u00a0 anni,\u00a0 era originario di Caserta e, alla Caserma Salsa, si sono vissuti giorni di grande preoccupazione,\u00a0 da questa mattina di grande tristezza.<\/em><\/h3>\n<\/blockquote>\n<p><strong>BELLUNO\u00a0<\/strong> Dopo lo schianto di marted\u00ec sera Fabio Natale non si \u00e8 pi\u00f9 ripreso\u00a0 \u00e8 morto ieri mattina era\u00a0 stato trasferito dal San Martino di Belluno al Ca&#8217; Foncello di Treviso.\u00a0 La fidanzata Khystyna Bahriy sta gi\u00e0 molto meglio.I due sono usciti di strada su un&#8217;Aprilia 1000 di una terza persona e su questo indagano i carabinieri. I due fidanzati stavano provando la moto che Fabio forse voleva acquistare, \u00a0stavano viaggiando verso Col Cavalier: All\u2019improvviso poco prima delle 22\u00a0 per cause al vaglio dei carabinieri del Nucleo operativo Radiomobile di Belluno, il caporal maggioree ha perso il controllo della moto d \u00e8 andato dritto alla semicurva.<\/p>\n<p>&nbsp;<\/p>\n","protected":false},"excerpt":{"rendered":"<p>Il caporal maggiore del \u00a07\u00b0 Reggimento Alpini di Belluno,\u00a0 32\u00a0 anni,\u00a0 era originario di Caserta e, alla Caserma Salsa, si sono vissuti giorni di grande preoccupazione,\u00a0 da questa mattina di grande tristezza. BELLUNO\u00a0 Dopo lo schianto di marted\u00ec sera Fabio Natale non si \u00e8 pi\u00f9 ripreso\u00a0 \u00e8 morto ieri mattina era\u00a0 stato trasferito dal San&hellip;<\/p>\n","protected":false},"author":4,"featured_media":160516,"comment_status":"closed","ping_status":"closed","sticky":false,"template":"","format":"standard","meta":{"_monsterinsights_skip_tracking":false,"_monsterinsights_sitenote_active":false,"_monsterinsights_sitenote_note":"","_monsterinsights_sitenote_category":0,"footnotes":""},"categories":[51,49],"tags":[],"class_list":["post-160491","post","type-post","status-publish","format-standard","has-post-thumbnail","hentry","category-evidenza-top","category-news-18","category-51","category-49","description-off"],"img_url":"https:\/\/www.radiopiu.net\/wordpress\/wp-content\/uploads\/2020\/09\/4269_1130231983352_1341409_n.jpg","_links":{"self":[{"href":"https:\/\/www.radiopiu.net\/wordpress\/wp-json\/wp\/v2\/posts\/160491","targetHints":{"allow":["GET"]}}],"collection":[{"href":"https:\/\/www.radiopiu.net\/wordpress\/wp-json\/wp\/v2\/posts"}],"about":[{"href":"https:\/\/www.radiopiu.net\/wordpress\/wp-json\/wp\/v2\/types\/post"}],"author":[{"embeddable":true,"href":"https:\/\/www.radiopiu.net\/wordpress\/wp-json\/wp\/v2\/users\/4"}],"replies":[{"embeddable":true,"href":"https:\/\/www.radiopiu.net\/wordpress\/wp-json\/wp\/v2\/comments?post=160491"}],"version-history":[{"count":0,"href":"https:\/\/www.radiopiu.net\/wordpress\/wp-json\/wp\/v2\/posts\/160491\/revisions"}],"wp:featuredmedia":[{"embeddable":true,"href":"https:\/\/www.radiopiu.net\/wordpress\/wp-json\/wp\/v2\/media\/160516"}],"wp:attachment":[{"href":"https:\/\/www.radiopiu.net\/wordpress\/wp-json\/wp\/v2\/media?parent=160491"}],"wp:term":[{"taxonomy":"category","embeddable":true,"href":"https:\/\/www.radiopiu.net\/wordpress\/wp-json\/wp\/v2\/categories?post=160491"},{"taxonomy":"post_tag","embeddable":true,"href":"https:\/\/www.radiopiu.net\/wordpress\/wp-json\/wp\/v2\/tags?post=160491"}],"curies":[{"name":"wp","href":"https:\/\/api.w.org\/{rel}","templated":true}]}}