{"id":160534,"date":"2020-09-15T05:41:52","date_gmt":"2020-09-15T03:41:52","guid":{"rendered":"https:\/\/www.radiopiu.net\/wordpress\/?p=160534"},"modified":"2020-09-15T11:52:10","modified_gmt":"2020-09-15T09:52:10","slug":"giornale-radiopiu-15-settembre-2020-direttore-mirko-mezzacasa","status":"publish","type":"post","link":"https:\/\/www.radiopiu.net\/wordpress\/giornale-radiopiu-15-settembre-2020-direttore-mirko-mezzacasa\/","title":{"rendered":"GIORNALE RADIOPIU 15 SETTEMBRE 2020 DIRETTORE MIRKO MEZZACASA"},"content":{"rendered":"<p>&nbsp;<\/p>\n<h3><strong>PER RICEVERE QUESTO NOTIZIARIO DIRETTAMENTE SUL TUO CELLULARE ISCRIVITI AL CANALE TELEGRAM <\/strong><strong>\u201cRADIO PIU\u00a0 INFORMAZIONE&#8221;<\/strong><\/h3>\n<p><em>ATTENZIONE: LA NUOVA APP PER IOS-IPHONE<\/em><\/p>\n<div>\n<div><a href=\"https:\/\/apps.apple.com\/it\/app\/radio-pi%C3%B9-emittente-agordina\/id1515939845\">https:\/\/apps.apple.com\/it\/app\/radio-pi%C3%B9-emittente-agordina\/id1515939845<\/a><\/div>\n<\/div>\n<div><\/div>\n<div>\n<div dir=\"auto\"><em>ATTENZIONE: LA NUOVA APP RADIO\u00a0 PER ANDROID<\/em><\/div>\n<\/div>\n<p><a href=\"https:\/\/play.google.com\/store\/apps\/details?id=net.radiopiu.iniko\" target=\"_blank\" rel=\"noopener noreferrer\">https:\/\/play.google.com\/store\/apps\/details?id=net.radiopiu.iniko<\/a><\/p>\n<p>&nbsp;<\/p>\n<p>&nbsp;<\/p>\n<blockquote>\n<h3>DA SERAUTA LE FOTO DEL GIORNO<\/h3>\n<p><em>Un&#8217; altra stagione volge al termine! un saluto a voi che ci avete fatto compagnia<\/em><\/p><\/blockquote>\n\n\t\t\t<style type='text\/css'>\n\t\t\t\t#gallery-1 {\n\t\t\t\t\tmargin: auto;\n\t\t\t\t}\n\t\t\t\t#gallery-1 .gallery-item {\n\t\t\t\t\tfloat: left;\n\t\t\t\t\tmargin-top: 10px;\n\t\t\t\t\ttext-align: center;\n\t\t\t\t\twidth: 25%;\n\t\t\t\t}\n\t\t\t\t#gallery-1 img {\n\t\t\t\t\tborder: 2px solid #cfcfcf;\n\t\t\t\t}\n\t\t\t\t#gallery-1 .gallery-caption {\n\t\t\t\t\tmargin-left: 0;\n\t\t\t\t}\n\t\t\t\t\/* see gallery_shortcode() in wp-includes\/media.php *\/\n\t\t\t<\/style>\n\t\t<div id='gallery-1' class='dt-gallery-container gallery galleryid-160534 gallery-columns-4 gallery-size-thumbnail'><dl class='gallery-item'>\n\t\t\t\t<dt class='gallery-icon landscape'>\n\t\t\t\t\t<a class=\"rollover rollover-zoom dt-pswp-item\" title=\"6783365d-a010-4ff0-9421-2564b2cc1b3b\" data-dt-img-description=\"\" data-large_image_width=\"1600\" data-large_image_height=\"900\"href='https:\/\/www.radiopiu.net\/wordpress\/wp-content\/uploads\/2020\/09\/6783365d-a010-4ff0-9421-2564b2cc1b3b.jpg'><img loading=\"lazy\" decoding=\"async\" width=\"150\" height=\"150\" src=\"https:\/\/www.radiopiu.net\/wordpress\/wp-content\/uploads\/2020\/09\/6783365d-a010-4ff0-9421-2564b2cc1b3b-150x150.jpg\" class=\"attachment-thumbnail size-thumbnail\" alt=\"\" srcset=\"https:\/\/www.radiopiu.net\/wordpress\/wp-content\/uploads\/2020\/09\/6783365d-a010-4ff0-9421-2564b2cc1b3b-150x150.jpg 150w, https:\/\/www.radiopiu.net\/wordpress\/wp-content\/uploads\/2020\/09\/6783365d-a010-4ff0-9421-2564b2cc1b3b-125x125.jpg 125w, https:\/\/www.radiopiu.net\/wordpress\/wp-content\/uploads\/2020\/09\/6783365d-a010-4ff0-9421-2564b2cc1b3b-200x200.jpg 200w, https:\/\/www.radiopiu.net\/wordpress\/wp-content\/uploads\/2020\/09\/6783365d-a010-4ff0-9421-2564b2cc1b3b-80x80.jpg 80w\" sizes=\"auto, (max-width: 150px) 100vw, 150px\" \/><\/a>\n\t\t\t\t<\/dt><\/dl><dl class='gallery-item'>\n\t\t\t\t<dt class='gallery-icon landscape'>\n\t\t\t\t\t<a class=\"rollover rollover-zoom dt-pswp-item\" title=\"bf25c7ef-3c38-4226-96d2-6ac6cf629116\" data-dt-img-description=\"\" data-large_image_width=\"1600\" data-large_image_height=\"900\"href='https:\/\/www.radiopiu.net\/wordpress\/wp-content\/uploads\/2020\/09\/bf25c7ef-3c38-4226-96d2-6ac6cf629116.jpg'><img loading=\"lazy\" decoding=\"async\" width=\"150\" height=\"150\" src=\"https:\/\/www.radiopiu.net\/wordpress\/wp-content\/uploads\/2020\/09\/bf25c7ef-3c38-4226-96d2-6ac6cf629116-150x150.jpg\" class=\"attachment-thumbnail size-thumbnail\" alt=\"\" srcset=\"https:\/\/www.radiopiu.net\/wordpress\/wp-content\/uploads\/2020\/09\/bf25c7ef-3c38-4226-96d2-6ac6cf629116-150x150.jpg 150w, https:\/\/www.radiopiu.net\/wordpress\/wp-content\/uploads\/2020\/09\/bf25c7ef-3c38-4226-96d2-6ac6cf629116-125x125.jpg 125w, https:\/\/www.radiopiu.net\/wordpress\/wp-content\/uploads\/2020\/09\/bf25c7ef-3c38-4226-96d2-6ac6cf629116-200x200.jpg 200w, https:\/\/www.radiopiu.net\/wordpress\/wp-content\/uploads\/2020\/09\/bf25c7ef-3c38-4226-96d2-6ac6cf629116-80x80.jpg 80w\" sizes=\"auto, (max-width: 150px) 100vw, 150px\" \/><\/a>\n\t\t\t\t<\/dt><\/dl><dl class='gallery-item'>\n\t\t\t\t<dt class='gallery-icon landscape'>\n\t\t\t\t\t<a class=\"rollover rollover-zoom dt-pswp-item\" title=\"75800cef-256b-4734-be9e-d20b8ae617e0\" data-dt-img-description=\"\" data-large_image_width=\"1600\" data-large_image_height=\"900\"href='https:\/\/www.radiopiu.net\/wordpress\/wp-content\/uploads\/2020\/09\/75800cef-256b-4734-be9e-d20b8ae617e0.jpg'><img loading=\"lazy\" decoding=\"async\" width=\"150\" height=\"150\" src=\"https:\/\/www.radiopiu.net\/wordpress\/wp-content\/uploads\/2020\/09\/75800cef-256b-4734-be9e-d20b8ae617e0-150x150.jpg\" class=\"attachment-thumbnail size-thumbnail\" alt=\"\" srcset=\"https:\/\/www.radiopiu.net\/wordpress\/wp-content\/uploads\/2020\/09\/75800cef-256b-4734-be9e-d20b8ae617e0-150x150.jpg 150w, https:\/\/www.radiopiu.net\/wordpress\/wp-content\/uploads\/2020\/09\/75800cef-256b-4734-be9e-d20b8ae617e0-125x125.jpg 125w, https:\/\/www.radiopiu.net\/wordpress\/wp-content\/uploads\/2020\/09\/75800cef-256b-4734-be9e-d20b8ae617e0-200x200.jpg 200w, https:\/\/www.radiopiu.net\/wordpress\/wp-content\/uploads\/2020\/09\/75800cef-256b-4734-be9e-d20b8ae617e0-80x80.jpg 80w\" sizes=\"auto, (max-width: 150px) 100vw, 150px\" \/><\/a>\n\t\t\t\t<\/dt><\/dl><dl class='gallery-item'>\n\t\t\t\t<dt class='gallery-icon landscape'>\n\t\t\t\t\t<a class=\"rollover rollover-zoom dt-pswp-item\" title=\"183c0bbb-ed0e-4afa-82cb-719e9fc03a3f\" data-dt-img-description=\"\" data-large_image_width=\"1600\" data-large_image_height=\"900\"href='https:\/\/www.radiopiu.net\/wordpress\/wp-content\/uploads\/2020\/09\/183c0bbb-ed0e-4afa-82cb-719e9fc03a3f.jpg'><img loading=\"lazy\" decoding=\"async\" width=\"150\" height=\"150\" src=\"https:\/\/www.radiopiu.net\/wordpress\/wp-content\/uploads\/2020\/09\/183c0bbb-ed0e-4afa-82cb-719e9fc03a3f-150x150.jpg\" class=\"attachment-thumbnail size-thumbnail\" alt=\"\" srcset=\"https:\/\/www.radiopiu.net\/wordpress\/wp-content\/uploads\/2020\/09\/183c0bbb-ed0e-4afa-82cb-719e9fc03a3f-150x150.jpg 150w, https:\/\/www.radiopiu.net\/wordpress\/wp-content\/uploads\/2020\/09\/183c0bbb-ed0e-4afa-82cb-719e9fc03a3f-125x125.jpg 125w, https:\/\/www.radiopiu.net\/wordpress\/wp-content\/uploads\/2020\/09\/183c0bbb-ed0e-4afa-82cb-719e9fc03a3f-200x200.jpg 200w, https:\/\/www.radiopiu.net\/wordpress\/wp-content\/uploads\/2020\/09\/183c0bbb-ed0e-4afa-82cb-719e9fc03a3f-80x80.jpg 80w\" sizes=\"auto, (max-width: 150px) 100vw, 150px\" \/><\/a>\n\t\t\t\t<\/dt><\/dl><br style=\"clear: both\" \/>\n\t\t\t<\/div>\n\n<p>&nbsp;<\/p>\n<hr \/>\n<p>&nbsp;<\/p>\n<blockquote>\n<h3>IERI PER MATTARELLA A VO&#8217; IL VIOLINO DELL&#8217;AGORDINO IVAN ZASSO. ORCHESTRA DEI GIOVANI DEI CONSERVATORI.<\/h3>\n<div style=\"width: 640px;\" class=\"wp-video\"><video class=\"wp-video-shortcode\" id=\"video-160534-1\" width=\"640\" height=\"352\" preload=\"metadata\" controls=\"controls\"><source type=\"video\/mp4\" src=\"https:\/\/www.radiopiu.net\/wordpress\/wp-content\/uploads\/2020\/09\/WhatsApp-Video-2020-09-14-at-21.24.54.mp4?_=1\" \/><a href=\"https:\/\/www.radiopiu.net\/wordpress\/wp-content\/uploads\/2020\/09\/WhatsApp-Video-2020-09-14-at-21.24.54.mp4\">https:\/\/www.radiopiu.net\/wordpress\/wp-content\/uploads\/2020\/09\/WhatsApp-Video-2020-09-14-at-21.24.54.mp4<\/a><\/video><\/div><\/blockquote>\n<p><a class=\"dt-pswp-item\" href=\"https:\/\/www.radiopiu.net\/wordpress\/wp-content\/uploads\/2020\/09\/d85eeaa8-45f8-4912-a168-a43d657482ce.jpg\" data-dt-img-description=\"\" data-large_image_width=\"1600\" data-large_image_height=\"1200\"><img loading=\"lazy\" decoding=\"async\" class=\"alignnone size-medium wp-image-160649\" src=\"https:\/\/www.radiopiu.net\/wordpress\/wp-content\/uploads\/2020\/09\/d85eeaa8-45f8-4912-a168-a43d657482ce-300x225.jpg\" alt=\"\" width=\"300\" height=\"225\" srcset=\"https:\/\/www.radiopiu.net\/wordpress\/wp-content\/uploads\/2020\/09\/d85eeaa8-45f8-4912-a168-a43d657482ce-300x225.jpg 300w, https:\/\/www.radiopiu.net\/wordpress\/wp-content\/uploads\/2020\/09\/d85eeaa8-45f8-4912-a168-a43d657482ce-1024x768.jpg 1024w, https:\/\/www.radiopiu.net\/wordpress\/wp-content\/uploads\/2020\/09\/d85eeaa8-45f8-4912-a168-a43d657482ce-768x576.jpg 768w, https:\/\/www.radiopiu.net\/wordpress\/wp-content\/uploads\/2020\/09\/d85eeaa8-45f8-4912-a168-a43d657482ce-1536x1152.jpg 1536w, https:\/\/www.radiopiu.net\/wordpress\/wp-content\/uploads\/2020\/09\/d85eeaa8-45f8-4912-a168-a43d657482ce-640x480.jpg 640w, https:\/\/www.radiopiu.net\/wordpress\/wp-content\/uploads\/2020\/09\/d85eeaa8-45f8-4912-a168-a43d657482ce.jpg 1600w\" sizes=\"auto, (max-width: 300px) 100vw, 300px\" \/><\/a><a class=\"dt-pswp-item\" href=\"https:\/\/www.radiopiu.net\/wordpress\/wp-content\/uploads\/2020\/09\/db2d38b4-8641-445f-b36b-91f66b300fc2.jpg\" data-dt-img-description=\"\" data-large_image_width=\"1600\" data-large_image_height=\"1200\"><img loading=\"lazy\" decoding=\"async\" class=\"alignnone size-medium wp-image-160650\" src=\"https:\/\/www.radiopiu.net\/wordpress\/wp-content\/uploads\/2020\/09\/db2d38b4-8641-445f-b36b-91f66b300fc2-300x225.jpg\" alt=\"\" width=\"300\" height=\"225\" srcset=\"https:\/\/www.radiopiu.net\/wordpress\/wp-content\/uploads\/2020\/09\/db2d38b4-8641-445f-b36b-91f66b300fc2-300x225.jpg 300w, https:\/\/www.radiopiu.net\/wordpress\/wp-content\/uploads\/2020\/09\/db2d38b4-8641-445f-b36b-91f66b300fc2-1024x768.jpg 1024w, https:\/\/www.radiopiu.net\/wordpress\/wp-content\/uploads\/2020\/09\/db2d38b4-8641-445f-b36b-91f66b300fc2-768x576.jpg 768w, https:\/\/www.radiopiu.net\/wordpress\/wp-content\/uploads\/2020\/09\/db2d38b4-8641-445f-b36b-91f66b300fc2-1536x1152.jpg 1536w, https:\/\/www.radiopiu.net\/wordpress\/wp-content\/uploads\/2020\/09\/db2d38b4-8641-445f-b36b-91f66b300fc2-640x480.jpg 640w, https:\/\/www.radiopiu.net\/wordpress\/wp-content\/uploads\/2020\/09\/db2d38b4-8641-445f-b36b-91f66b300fc2.jpg 1600w\" sizes=\"auto, (max-width: 300px) 100vw, 300px\" \/><\/a><\/p>\n<p>&nbsp;<\/p>\n<p>&nbsp;<\/p>\n<hr \/>\n<p>&nbsp;<\/p>\n<p><strong>PROVINCIALE 29 COL FALCON, PONTE SERRA-FALIER (Sovramonte): <\/strong>fino al 23 settembre (sabato e domenica escluso) dalle 8 alle 18 divieto di transito ai veicoli con massa superiore a 3,5 tonellate. Interdizione totale al transito veicolare in entrambi i sensi di marcia nelle fasce orarie: 830-10; 10.30-12; 14.10-16; 16.30-18, nelle altre ore senso unico alternato regolato da semaforo<\/p>\n<p><strong>PROVINCIALE 3 VALLE IMPERINA CORDE MOLE-VALLASIN (Gosaldo) <\/strong>\u00a0dalle 8 alle 11.45 e dalle 13.30 alle 17.30 fino al 16 settembre temporanee interruzioni alla viabilit\u00e0 fino a 30 minuti<\/p>\n<p>&nbsp;<\/p>\n<hr \/>\n<p>&nbsp;<\/p>\n<p>&nbsp;<\/p>\n<blockquote>\n<h3>SESSANTENNE DI PONTE NELLE ALPI MUORE CADENDO DALLA BICICLETTA<\/h3>\n<\/blockquote>\n<p><strong><a class=\"dt-pswp-item\" href=\"https:\/\/www.radiopiu.net\/wordpress\/wp-content\/uploads\/2019\/08\/ponte-nelle-alpi-1.jpg\" data-dt-img-description=\"\" data-large_image_width=\"290\" data-large_image_height=\"218\"><img loading=\"lazy\" decoding=\"async\" class=\" wp-image-95604 alignleft\" src=\"https:\/\/www.radiopiu.net\/wordpress\/wp-content\/uploads\/2019\/08\/ponte-nelle-alpi-1.jpg\" alt=\"\" width=\"212\" height=\"159\" \/><\/a>PONTE NELLE ALPI<\/strong> Incidente mortale ieri sera a Ponte nelle Alpi, dove un uomo \u00e8 morto, in seguito a una terribile caduta. La ruota della bicicletta ha sbattuto contro il marciapiede del cavalcavia e l&#8217;uomo \u00e8 finito contro gli scalini. Inutili i soccorsi, il medico ha potuto solo constatare il decesso. Dopo due ore di ricerche (l&#8217;uomo non aveva con se i documenti) gli agenti della Polizia Stradale di Belluno sono risaliti alle generalit\u00e0 del ciclista:Armando Urago, 60 anni di Ponte nelle Alpi. Ad allertare i soccorsi sono stati alcuni residenti che hanno visto l&#8217;uomo a terra privo di vita lungo la strada a fianco di Viale Cadore, peraltro vietata al transito di qualsiasi mezzo. Non sono state coinvolte altre persone<\/p>\n<p>&nbsp;<\/p>\n<p>&nbsp;<\/p>\n<p>&nbsp;<\/p>\n<hr \/>\n<p>&nbsp;<\/p>\n<blockquote>\n<h3>IL CAPORAL MAGGIORE DEL SETTIMO MUORE A SEI GIORNI DALL&#8217;INCIDENTE<\/h3>\n<\/blockquote>\n<blockquote>\n<h3><a class=\"dt-pswp-item\" href=\"https:\/\/www.radiopiu.net\/wordpress\/wp-content\/uploads\/2020\/09\/396323_4686567009505_2110291294_n.jpg\" data-dt-img-description=\"\" data-large_image_width=\"200\" data-large_image_height=\"200\"><img loading=\"lazy\" decoding=\"async\" class=\"size-full wp-image-160497 alignleft\" src=\"https:\/\/www.radiopiu.net\/wordpress\/wp-content\/uploads\/2020\/09\/396323_4686567009505_2110291294_n.jpg\" alt=\"\" width=\"200\" height=\"200\" srcset=\"https:\/\/www.radiopiu.net\/wordpress\/wp-content\/uploads\/2020\/09\/396323_4686567009505_2110291294_n.jpg 200w, https:\/\/www.radiopiu.net\/wordpress\/wp-content\/uploads\/2020\/09\/396323_4686567009505_2110291294_n-150x150.jpg 150w, https:\/\/www.radiopiu.net\/wordpress\/wp-content\/uploads\/2020\/09\/396323_4686567009505_2110291294_n-125x125.jpg 125w, https:\/\/www.radiopiu.net\/wordpress\/wp-content\/uploads\/2020\/09\/396323_4686567009505_2110291294_n-80x80.jpg 80w\" sizes=\"auto, (max-width: 200px) 100vw, 200px\" \/><\/a><em>Il caporal maggiore del \u00a07\u00b0 Reggimento Alpini di Belluno,\u00a0 32\u00a0 anni,\u00a0 era originario di Caserta e, alla Caserma Salsa si sono vissuti giorni di grande preoccupazione,\u00a0 da ieri mattina di grande tristezza.<\/em><\/h3>\n<\/blockquote>\n<p><strong>BELLUNO\u00a0<\/strong> Dopo lo schianto di marted\u00ec sera Fabio Natale non si \u00e8 pi\u00f9 ripreso\u00a0 \u00e8 morto ieri mattina, era\u00a0 stato trasferito dal San Martino di Belluno al Ca&#8217; Foncello di Treviso.\u00a0 La fidanzata Khystyna Bahriy sta gi\u00e0 molto meglio.I due sono usciti di strada su un&#8217;Aprilia 1000 di una terza persona e su questo indagano i carabinieri. I due fidanzati stavano provando la moto che Fabio forse voleva acquistare, stavano viaggiando verso Col Cavalier: All\u2019improvviso poco prima delle 22\u00a0 per cause al vaglio dei carabinieri del Nucleo operativo Radiomobile di Belluno, il caporal maggiore ha perso il controllo della moto ed \u00e8 andato dritto alla semicurva.<\/p>\n<p>&nbsp;<\/p>\n<hr \/>\n<p>&nbsp;<\/p>\n<blockquote>\n<h3>GIOVEDI\u00a0 I FUNERALI DI GIANNA, LA DONNA MORTA IN PUGLIA<\/h3>\n<\/blockquote>\n<p><strong>PIEVE DI CADORE<\/strong> I funerali di Gianna Sonaggere, assistente sociale cadorina morta in Puglia dopo quattro giorni di agonia e dopo essere stata travolta da un albero, si terranno giovedi alle 15 nella chiesa di Santa Maria Nascente a Pieve di Cadore.<\/p>\n<p>&nbsp;<\/p>\n<p>&nbsp;<\/p>\n<hr \/>\n<p>&nbsp;<\/p>\n<p>&nbsp;<\/p>\n<blockquote>\n<h3>RAGAZZA INVESTITA MENTRE ATTRAVERSA LA STRADA<\/h3>\n<\/blockquote>\n<p><strong><img loading=\"lazy\" decoding=\"async\" class=\"alignleft\" src=\"https:\/\/www.radiopiu.net\/wordpress\/wp-content\/uploads\/2019\/12\/CARABINIERI-FELTRE-2.jpg\" width=\"107\" height=\"80\" \/>VODO DI CADORE<\/strong> Investimento in via Nazionale, a finire sotto le ruote dell&#8217;auto L.B. 18 anni del luogo, travolta mentre attraversava la strada. A bordo dell&#8217;auto, una Opel corsa, T:D. 52 anni sempre di Vodo. Immediato l&#8217;intervento del personale Suem 118, la ragazza \u00e8 stata portata all&#8217;ospedale di Pieve di Cadore dove tutt&#8217;ora \u00e8 in osservazione. Non \u00e8 in pericolo di vita, prognosi 25 giorni. Sul posto per i rilievi di Carabinieri Norm di Cortina.<\/p>\n<p>&nbsp;<\/p>\n<hr \/>\n<p>&nbsp;<\/p>\n<blockquote>\n<h3>\u00a0MINORENNE UBRIACA NEL PARCO, SOCCORSA DAI SERVIZI SOCIALI<\/h3>\n<\/blockquote>\n<p><strong>BELLUNO<\/strong> Una ragazzina minorenne bellunese \u00e8 stata soccorsa dai servizi sociali, riaccompagnata a casa ed affidata alla famiglia. Era in compagnia di un ventenne a Ceneda di Vittorio Veneto nel trevigiano, dormivano nel parco in preda ai fumi dell&#8217;alcool<\/p>\n<p>&nbsp;<\/p>\n<hr \/>\n<p>&nbsp;<\/p>\n<blockquote>\n<h3>BLOCCATA IN MARMOLADA CON LA FUNIVIA ORMAI CHIUSA HA CHIAMATO IL SOCCORSO ALPINO IN PIENA NOTTE DOPO AVER DISATTESO IMPORTANTI CONSIGLI<\/h3>\n<p><strong><img loading=\"lazy\" decoding=\"async\" class=\"alignleft\" src=\"https:\/\/www.radiopiu.net\/wordpress\/wp-content\/uploads\/2020\/08\/a-Marmolada-21-Luglio.jpg\" width=\"272\" height=\"153\" \/>ROCCA PIETORE\u00a0<\/strong> Il Soccorso alpino della Val Pettorina \u00e8 intervenuto nella notte tra domenica e ieri sul ghiacciaio della Marmolada in aiuto di una escursionista in difficolt\u00e0. Partita alle 3 di notte da Pordenone per percorrere la Via Eterna, L.Z., 43 anni, ha poi raccontato ai soccorritori che poco dopo aver attaccato la Ferrata alle 8, a causa di un ginocchio che le dava fastidio, aveva impiegato molte ore a completare il percorso ed era uscita a Serauta che la funivia era gi\u00e0 chiusa. Attorno alle 20 aveva chiamato il 118 per delle informazioni e le era stato consigliato di passare la notte all&#8217;interno del tunnel in attesa della riapertura degli impianti. La donna aveva invece fatto sapere che era attrezzata di ramponi e frontale, chiedendo le indicazioni per superare il tunnel, e che sarebbe rientrata da sola. Nell&#8217;ultimo tratto del ghiacciaio, per\u00f2 all&#8217;altezza della Pala delle Scuaze a circa 2.700 metri di quota,\u00a0 uscita dal tracciato corretto della pista \u00e8 finita bloccata in una specie di crepaccio, senza essere pi\u00f9 in grado di tornare sui propri passi. Alle 23.15 l&#8217;escursionista ha quindi allertato il 118. Quattro soccorritori sono saliti con due quad per poi ultimare a piedi con ramponi e piccozza gli ultimi 900 metri. Una volta raggiunta, hanno allestito un ancoraggio e uno dei tecnici si \u00e8 calato da lei. Dopo essere stata assicurata, la donna \u00e8 stata recuperata e riportata sul percorso corretto. Tornati ai mezzi, i soccorritori la hanno infine accompagnata al Fedaia dove aveva la macchina. L&#8217;intervento si \u00e8 concluso passate le 2.<\/p><\/blockquote>\n<p>&nbsp;<\/p>\n<p>&nbsp;<\/p>\n<hr \/>\n<blockquote>\n<h3>ESCURSIONISTA SCIVOLA E SBATTE LA TESTA<\/h3>\n<\/blockquote>\n<p><strong><img loading=\"lazy\" decoding=\"async\" class=\"alignleft\" src=\"https:\/\/www.radiopiu.net\/wordpress\/wp-content\/uploads\/2020\/08\/118626295_336387957544590_626508239825142912_o.jpg\" width=\"198\" height=\"111\" \/>CORTINA<\/strong>\u00a0 Nel primo pomeriggio di ieri\u00a0 l&#8217;elicottero del Suem di Pieve di Cadore \u00e8 intervenuto lungo il sentiero che sale al Rifugio Nuvolau, per un&#8217;escursionista scivolata. La donna ha\u00a0 sbattuto la testa. Raggiunta dal tecnico di elisoccorso e dal medico sbarcati in hovering nelle vicinanze, a M.G.B., 56 anni, di Cornedo Vicentino (VI), che si trovava con altre persone, sono state prestate le prime cure per un\u00a0 trauma cranico. Imbarellata, l&#8217;infortunata \u00e8 stata imbarcata con un verricello di 5 metri e trasportata all&#8217;ospedale di Belluno.<\/p>\n<p>&nbsp;<\/p>\n<hr \/>\n<p>&nbsp;<\/p>\n<blockquote>\n<h3>ELVIO TURRIN E&#8217; ANDATO AVANTI, ALPINI IN LUTTO<\/h3>\n<\/blockquote>\n<p><strong>FELTRE<\/strong> Gli alpini del Gruppo di Farra partecipano al dolore della famiglia per la scomparsa di Elvio Turrin. Un lutto che ha colpito l\u2019intera comunit\u00e0 di Farra di Feltre e anche le penne nere vogliono salutare il loro amico andato avanti nella sera di venerd\u00ec scorso. A tracciarne un semplice ritratto \u00e8 il capogruppo Fabio Canal: \u00abElvio viene ricordato da tutti noi in primo luogo come amico, ma proprio lui ricopre un importante ruolo nella storia del nostro gruppo: era l\u2019ultimo socio fondatore ancora in vita\u00bb. Canal prosegue: \u00abNel 1958 il suo nome si affianc\u00f2 a quello di altri per rispondere alla necessit\u00e0 di creare un gruppo di alpini a Farra di Feltre che potesse star vicino alle esigenze della popolazione di quest\u2019area. Un impegno che lui stesso in vario modo ha portato avanti con grande passione in questi decenni e che ora noi siamo onorati di proseguire\u00bb. Gli alpini del Gruppo di Farra saranno presenti al funerale che si terr\u00e0\u00a0 oggi, nella Cattedrale di Feltre alle 16<\/p>\n<p>&nbsp;<\/p>\n<hr \/>\n<blockquote>\n<h3><\/h3>\n<div class=\"page-title-head hgroup\">\n<blockquote>\n<h3>UN PRIMARIO DI CHIRURGIA A &#8220;SCAVALCO&#8221; TRA IL PONTE CADORE E QUELLO DEI CASTEI. E IL BANDO?<\/h3>\n<h3 class=\"entry-title\">OSPEDALE DI AGORDO, BOND SI LAMENTA PER LE RISPOSTE DA VENEZIA E DALL\u2019AZIENDA SANITARIA<\/h3>\n<\/blockquote>\n<p>&nbsp;<\/p>\n<\/div>\n<\/blockquote>\n<div class=\"page-title-breadcrumbs\">\n<p><strong><img loading=\"lazy\" decoding=\"async\" class=\"alignleft\" src=\"https:\/\/www.radiopiu.net\/wordpress\/wp-content\/uploads\/2015\/10\/Entrata-Agordo-300x225.jpg\" width=\"211\" height=\"158\" \/><\/strong><\/p>\n<\/div>\n<div class=\"page-title-breadcrumbs\">\n<p>&nbsp;<\/p>\n<p><strong>AGORDO<\/strong> Dario Bond chiede che la Regione e la Ulss1 prevedano un primario per la chirugia ad Agordo e non in condivizione con Pieve di Cadore. Inoltre, ad ottobre andr\u00e0 in pensione l&#8217;attuale primario e il bando?<\/p>\n<\/div>\n<p>&nbsp;<\/p>\n<audio class=\"wp-audio-shortcode\" id=\"audio-160534-1\" preload=\"none\" style=\"width: 100%;\" controls=\"controls\"><source type=\"audio\/mpeg\" src=\"https:\/\/www.radiopiu.net\/wordpress\/wp-content\/uploads\/2020\/09\/BOND-1.mp3?_=1\" \/><a href=\"https:\/\/www.radiopiu.net\/wordpress\/wp-content\/uploads\/2020\/09\/BOND-1.mp3\">https:\/\/www.radiopiu.net\/wordpress\/wp-content\/uploads\/2020\/09\/BOND-1.mp3<\/a><\/audio>\n<div class=\"page-title-breadcrumbs\">\n<p>&nbsp;<\/p>\n<p><strong>DAL CORRIERE DELLE ALPI GIANNI SANTOMASO<\/strong><\/p>\n<audio class=\"wp-audio-shortcode\" id=\"audio-160534-2\" preload=\"none\" style=\"width: 100%;\" controls=\"controls\"><source type=\"audio\/mpeg\" src=\"https:\/\/www.radiopiu.net\/wordpress\/wp-content\/uploads\/2020\/09\/gianni-dario.mp3?_=2\" \/><a href=\"https:\/\/www.radiopiu.net\/wordpress\/wp-content\/uploads\/2020\/09\/gianni-dario.mp3\">https:\/\/www.radiopiu.net\/wordpress\/wp-content\/uploads\/2020\/09\/gianni-dario.mp3<\/a><\/audio>\n<p>&nbsp;<\/p>\n<p>&nbsp;<\/p>\n<hr \/>\n<\/div>\n<p>&nbsp;<\/p>\n<blockquote>\n<h3><\/h3>\n<h3><\/h3>\n<h3>PRIMO GIORNO DI SCUOLA IL MINISTRO D&#8217;INCA&#8217; A BORGO VALBELLUNA&#8230;<\/h3>\n<\/blockquote>\n<p align=\"JUSTIFY\"><strong>BELLUNO<\/strong> <em>\u201cNon sar\u00e0 un anno semplice, ma l\u2019impegno da parte di tutti \u00e8 stato molto\u201d<\/em> \u00e8 quanto ha sottolineato Umberto De Col, Dirigente scolastico dell\u2019Istituto Comprensivo di Mel e Lentiai, accogliendo, nell\u2019istituto di Mel, il Primo Cittadino, Stefano Cesa e il ministro Federico D\u2019Inc\u00e0 in visita a tutti i plessi di Borgo Valbelluna. Cos\u00ec si \u00e8 aperto ufficialmente l\u2019anno scolastico 2020-2021 con una cerimonia significativa, che ha visto, dopo il canto dell\u2019inno d\u2019Italia, la consegna ad una rappresentanza di studenti delle bandiere italiana, della Comunit\u00e0 Europea e della Regione Veneto. Presenti i rappresentanti delle associazioni Fanti, Cavalieri, Carabinieri e Alpini. Un gesto fortemente voluto dall\u2019amministrazione comunale che in questi mesi non ha fatto solo fronte all\u2019emergenza Covid, ma ha affrontato anche la demolizione delle vecchie scuole medie di Mel, con conseguente trasloco, e la messa in sicurezza di altri edifici del neo comune Borgo Valbelluna.<\/p>\n\n\t\t\t<style type='text\/css'>\n\t\t\t\t#gallery-2 {\n\t\t\t\t\tmargin: auto;\n\t\t\t\t}\n\t\t\t\t#gallery-2 .gallery-item {\n\t\t\t\t\tfloat: left;\n\t\t\t\t\tmargin-top: 10px;\n\t\t\t\t\ttext-align: center;\n\t\t\t\t\twidth: 25%;\n\t\t\t\t}\n\t\t\t\t#gallery-2 img {\n\t\t\t\t\tborder: 2px solid #cfcfcf;\n\t\t\t\t}\n\t\t\t\t#gallery-2 .gallery-caption {\n\t\t\t\t\tmargin-left: 0;\n\t\t\t\t}\n\t\t\t\t\/* see gallery_shortcode() in wp-includes\/media.php *\/\n\t\t\t<\/style>\n\t\t<div id='gallery-2' class='dt-gallery-container gallery galleryid-160534 gallery-columns-4 gallery-size-thumbnail'><dl class='gallery-item'>\n\t\t\t\t<dt class='gallery-icon landscape'>\n\t\t\t\t\t<a class=\"rollover rollover-zoom dt-pswp-item\" title=\"D&#039;Inc\u00e0 e Cesa\" data-dt-img-description=\"\" data-large_image_width=\"2560\" data-large_image_height=\"1912\"href='https:\/\/www.radiopiu.net\/wordpress\/wp-content\/uploads\/2020\/09\/DInca-e-Cesa-scaled.jpg'><img loading=\"lazy\" decoding=\"async\" width=\"150\" height=\"150\" src=\"https:\/\/www.radiopiu.net\/wordpress\/wp-content\/uploads\/2020\/09\/DInca-e-Cesa-150x150.jpg\" class=\"attachment-thumbnail size-thumbnail\" alt=\"\" srcset=\"https:\/\/www.radiopiu.net\/wordpress\/wp-content\/uploads\/2020\/09\/DInca-e-Cesa-150x150.jpg 150w, https:\/\/www.radiopiu.net\/wordpress\/wp-content\/uploads\/2020\/09\/DInca-e-Cesa-125x125.jpg 125w, https:\/\/www.radiopiu.net\/wordpress\/wp-content\/uploads\/2020\/09\/DInca-e-Cesa-200x200.jpg 200w, https:\/\/www.radiopiu.net\/wordpress\/wp-content\/uploads\/2020\/09\/DInca-e-Cesa-80x80.jpg 80w\" sizes=\"auto, (max-width: 150px) 100vw, 150px\" \/><\/a>\n\t\t\t\t<\/dt><\/dl><dl class='gallery-item'>\n\t\t\t\t<dt class='gallery-icon landscape'>\n\t\t\t\t\t<a class=\"rollover rollover-zoom dt-pswp-item\" title=\"dirigente Umberto De Col\" data-dt-img-description=\"\" data-large_image_width=\"2560\" data-large_image_height=\"1912\"href='https:\/\/www.radiopiu.net\/wordpress\/wp-content\/uploads\/2020\/09\/dirigente-Umberto-De-Col-scaled.jpg'><img loading=\"lazy\" decoding=\"async\" width=\"150\" height=\"150\" src=\"https:\/\/www.radiopiu.net\/wordpress\/wp-content\/uploads\/2020\/09\/dirigente-Umberto-De-Col-150x150.jpg\" class=\"attachment-thumbnail size-thumbnail\" alt=\"\" srcset=\"https:\/\/www.radiopiu.net\/wordpress\/wp-content\/uploads\/2020\/09\/dirigente-Umberto-De-Col-150x150.jpg 150w, https:\/\/www.radiopiu.net\/wordpress\/wp-content\/uploads\/2020\/09\/dirigente-Umberto-De-Col-125x125.jpg 125w, https:\/\/www.radiopiu.net\/wordpress\/wp-content\/uploads\/2020\/09\/dirigente-Umberto-De-Col-200x200.jpg 200w, https:\/\/www.radiopiu.net\/wordpress\/wp-content\/uploads\/2020\/09\/dirigente-Umberto-De-Col-80x80.jpg 80w\" sizes=\"auto, (max-width: 150px) 100vw, 150px\" \/><\/a>\n\t\t\t\t<\/dt><\/dl><dl class='gallery-item'>\n\t\t\t\t<dt class='gallery-icon portrait'>\n\t\t\t\t\t<a class=\"rollover rollover-zoom dt-pswp-item\" title=\"bandiera\" data-dt-img-description=\"\" data-large_image_width=\"1912\" data-large_image_height=\"2560\"href='https:\/\/www.radiopiu.net\/wordpress\/wp-content\/uploads\/2020\/09\/bandiera-scaled.jpg'><img loading=\"lazy\" decoding=\"async\" width=\"150\" height=\"150\" src=\"https:\/\/www.radiopiu.net\/wordpress\/wp-content\/uploads\/2020\/09\/bandiera-150x150.jpg\" class=\"attachment-thumbnail size-thumbnail\" alt=\"\" srcset=\"https:\/\/www.radiopiu.net\/wordpress\/wp-content\/uploads\/2020\/09\/bandiera-150x150.jpg 150w, https:\/\/www.radiopiu.net\/wordpress\/wp-content\/uploads\/2020\/09\/bandiera-125x125.jpg 125w, https:\/\/www.radiopiu.net\/wordpress\/wp-content\/uploads\/2020\/09\/bandiera-200x200.jpg 200w, https:\/\/www.radiopiu.net\/wordpress\/wp-content\/uploads\/2020\/09\/bandiera-80x80.jpg 80w\" sizes=\"auto, (max-width: 150px) 100vw, 150px\" \/><\/a>\n\t\t\t\t<\/dt><\/dl><dl class='gallery-item'>\n\t\t\t\t<dt class='gallery-icon landscape'>\n\t\t\t\t\t<a class=\"rollover rollover-zoom dt-pswp-item\" title=\"durante l&#039;inno\" data-dt-img-description=\"\" data-large_image_width=\"2560\" data-large_image_height=\"1912\"href='https:\/\/www.radiopiu.net\/wordpress\/wp-content\/uploads\/2020\/09\/durante-linno-scaled.jpg'><img loading=\"lazy\" decoding=\"async\" width=\"150\" height=\"150\" src=\"https:\/\/www.radiopiu.net\/wordpress\/wp-content\/uploads\/2020\/09\/durante-linno-150x150.jpg\" class=\"attachment-thumbnail size-thumbnail\" alt=\"\" srcset=\"https:\/\/www.radiopiu.net\/wordpress\/wp-content\/uploads\/2020\/09\/durante-linno-150x150.jpg 150w, https:\/\/www.radiopiu.net\/wordpress\/wp-content\/uploads\/2020\/09\/durante-linno-125x125.jpg 125w, https:\/\/www.radiopiu.net\/wordpress\/wp-content\/uploads\/2020\/09\/durante-linno-200x200.jpg 200w, https:\/\/www.radiopiu.net\/wordpress\/wp-content\/uploads\/2020\/09\/durante-linno-80x80.jpg 80w\" sizes=\"auto, (max-width: 150px) 100vw, 150px\" \/><\/a>\n\t\t\t\t<\/dt><\/dl><br style=\"clear: both\" \/>\n\t\t\t<\/div>\n\n<blockquote>\n<h3 align=\"JUSTIFY\"><\/h3>\n<h3 align=\"JUSTIFY\">&#8230;E IL PRESIDENTE DELLA PROVINCIA A BELLUNO<\/h3>\n<\/blockquote>\n<p><strong>BELLUNO<\/strong> Il presidente della Provincia Roberto Padrin ieri mattina ha monitorato la situazione nel\u00a0 Piazzale della stazione, alle 8 era invece presente al\u00a0 liceo Tiziano per portare un saluto istituzionale.<\/p>\n\n\t\t\t<style type='text\/css'>\n\t\t\t\t#gallery-3 {\n\t\t\t\t\tmargin: auto;\n\t\t\t\t}\n\t\t\t\t#gallery-3 .gallery-item {\n\t\t\t\t\tfloat: left;\n\t\t\t\t\tmargin-top: 10px;\n\t\t\t\t\ttext-align: center;\n\t\t\t\t\twidth: 25%;\n\t\t\t\t}\n\t\t\t\t#gallery-3 img {\n\t\t\t\t\tborder: 2px solid #cfcfcf;\n\t\t\t\t}\n\t\t\t\t#gallery-3 .gallery-caption {\n\t\t\t\t\tmargin-left: 0;\n\t\t\t\t}\n\t\t\t\t\/* see gallery_shortcode() in wp-includes\/media.php *\/\n\t\t\t<\/style>\n\t\t<div id='gallery-3' class='dt-gallery-container gallery galleryid-160534 gallery-columns-4 gallery-size-thumbnail'><dl class='gallery-item'>\n\t\t\t\t<dt class='gallery-icon landscape'>\n\t\t\t\t\t<a class=\"rollover rollover-zoom dt-pswp-item\" title=\"4491f88b-29af-4367-a18e-d3627b2da8fa\" data-dt-img-description=\"\" data-large_image_width=\"1024\" data-large_image_height=\"768\"href='https:\/\/www.radiopiu.net\/wordpress\/wp-content\/uploads\/2020\/09\/4491f88b-29af-4367-a18e-d3627b2da8fa.jpg'><img loading=\"lazy\" decoding=\"async\" width=\"150\" height=\"150\" src=\"https:\/\/www.radiopiu.net\/wordpress\/wp-content\/uploads\/2020\/09\/4491f88b-29af-4367-a18e-d3627b2da8fa-150x150.jpg\" class=\"attachment-thumbnail size-thumbnail\" alt=\"\" srcset=\"https:\/\/www.radiopiu.net\/wordpress\/wp-content\/uploads\/2020\/09\/4491f88b-29af-4367-a18e-d3627b2da8fa-150x150.jpg 150w, https:\/\/www.radiopiu.net\/wordpress\/wp-content\/uploads\/2020\/09\/4491f88b-29af-4367-a18e-d3627b2da8fa-125x125.jpg 125w, https:\/\/www.radiopiu.net\/wordpress\/wp-content\/uploads\/2020\/09\/4491f88b-29af-4367-a18e-d3627b2da8fa-200x200.jpg 200w, https:\/\/www.radiopiu.net\/wordpress\/wp-content\/uploads\/2020\/09\/4491f88b-29af-4367-a18e-d3627b2da8fa-80x80.jpg 80w\" sizes=\"auto, (max-width: 150px) 100vw, 150px\" \/><\/a>\n\t\t\t\t<\/dt><\/dl><dl class='gallery-item'>\n\t\t\t\t<dt class='gallery-icon landscape'>\n\t\t\t\t\t<a class=\"rollover rollover-zoom dt-pswp-item\" title=\"d93450aa-eeaa-4cda-b2a5-0153d81177b8\" data-dt-img-description=\"\" data-large_image_width=\"1024\" data-large_image_height=\"768\"href='https:\/\/www.radiopiu.net\/wordpress\/wp-content\/uploads\/2020\/09\/d93450aa-eeaa-4cda-b2a5-0153d81177b8.jpg'><img loading=\"lazy\" decoding=\"async\" width=\"150\" height=\"150\" src=\"https:\/\/www.radiopiu.net\/wordpress\/wp-content\/uploads\/2020\/09\/d93450aa-eeaa-4cda-b2a5-0153d81177b8-150x150.jpg\" class=\"attachment-thumbnail size-thumbnail\" alt=\"\" srcset=\"https:\/\/www.radiopiu.net\/wordpress\/wp-content\/uploads\/2020\/09\/d93450aa-eeaa-4cda-b2a5-0153d81177b8-150x150.jpg 150w, https:\/\/www.radiopiu.net\/wordpress\/wp-content\/uploads\/2020\/09\/d93450aa-eeaa-4cda-b2a5-0153d81177b8-125x125.jpg 125w, https:\/\/www.radiopiu.net\/wordpress\/wp-content\/uploads\/2020\/09\/d93450aa-eeaa-4cda-b2a5-0153d81177b8-200x200.jpg 200w, https:\/\/www.radiopiu.net\/wordpress\/wp-content\/uploads\/2020\/09\/d93450aa-eeaa-4cda-b2a5-0153d81177b8-80x80.jpg 80w\" sizes=\"auto, (max-width: 150px) 100vw, 150px\" \/><\/a>\n\t\t\t\t<\/dt><\/dl><dl class='gallery-item'>\n\t\t\t\t<dt class='gallery-icon landscape'>\n\t\t\t\t\t<a class=\"rollover rollover-zoom dt-pswp-item\" title=\"00015699-1ccb-4c07-81ec-be56407bbc30\" data-dt-img-description=\"\" data-large_image_width=\"1024\" data-large_image_height=\"768\"href='https:\/\/www.radiopiu.net\/wordpress\/wp-content\/uploads\/2020\/09\/00015699-1ccb-4c07-81ec-be56407bbc30.jpg'><img loading=\"lazy\" decoding=\"async\" width=\"150\" height=\"150\" src=\"https:\/\/www.radiopiu.net\/wordpress\/wp-content\/uploads\/2020\/09\/00015699-1ccb-4c07-81ec-be56407bbc30-150x150.jpg\" class=\"attachment-thumbnail size-thumbnail\" alt=\"\" srcset=\"https:\/\/www.radiopiu.net\/wordpress\/wp-content\/uploads\/2020\/09\/00015699-1ccb-4c07-81ec-be56407bbc30-150x150.jpg 150w, https:\/\/www.radiopiu.net\/wordpress\/wp-content\/uploads\/2020\/09\/00015699-1ccb-4c07-81ec-be56407bbc30-125x125.jpg 125w, https:\/\/www.radiopiu.net\/wordpress\/wp-content\/uploads\/2020\/09\/00015699-1ccb-4c07-81ec-be56407bbc30-200x200.jpg 200w, https:\/\/www.radiopiu.net\/wordpress\/wp-content\/uploads\/2020\/09\/00015699-1ccb-4c07-81ec-be56407bbc30-80x80.jpg 80w\" sizes=\"auto, (max-width: 150px) 100vw, 150px\" \/><\/a>\n\t\t\t\t<\/dt><\/dl><dl class='gallery-item'>\n\t\t\t\t<dt class='gallery-icon landscape'>\n\t\t\t\t\t<a class=\"rollover rollover-zoom dt-pswp-item\" title=\"02a428f4-09e1-4068-90d2-21029762c15b\" data-dt-img-description=\"\" data-large_image_width=\"1024\" data-large_image_height=\"768\"href='https:\/\/www.radiopiu.net\/wordpress\/wp-content\/uploads\/2020\/09\/02a428f4-09e1-4068-90d2-21029762c15b.jpg'><img loading=\"lazy\" decoding=\"async\" width=\"150\" height=\"150\" src=\"https:\/\/www.radiopiu.net\/wordpress\/wp-content\/uploads\/2020\/09\/02a428f4-09e1-4068-90d2-21029762c15b-150x150.jpg\" class=\"attachment-thumbnail size-thumbnail\" alt=\"\" srcset=\"https:\/\/www.radiopiu.net\/wordpress\/wp-content\/uploads\/2020\/09\/02a428f4-09e1-4068-90d2-21029762c15b-150x150.jpg 150w, https:\/\/www.radiopiu.net\/wordpress\/wp-content\/uploads\/2020\/09\/02a428f4-09e1-4068-90d2-21029762c15b-125x125.jpg 125w, https:\/\/www.radiopiu.net\/wordpress\/wp-content\/uploads\/2020\/09\/02a428f4-09e1-4068-90d2-21029762c15b-200x200.jpg 200w, https:\/\/www.radiopiu.net\/wordpress\/wp-content\/uploads\/2020\/09\/02a428f4-09e1-4068-90d2-21029762c15b-80x80.jpg 80w\" sizes=\"auto, (max-width: 150px) 100vw, 150px\" \/><\/a>\n\t\t\t\t<\/dt><\/dl><br style=\"clear: both\" \/>\n\t\t\t<\/div>\n\n<p>&nbsp;<\/p>\n<hr \/>\n<p>&nbsp;<\/p>\n<blockquote>\n<h3>PRIMO GIORNO DI SCUOLA PER 1400 ABBONATI DOLOMITIBUS<\/h3>\n<\/blockquote>\n<blockquote><p><em>Pubblichiamo le notizie\u00a0 da Belluno, elogio alla Dolomitibus, con una piccola postilla: sarebbe importante capire cosa invece non ha funzionato nell&#8217;Alto Agordino zona Colle Santa Lucia-Selva di Cadore . Ieri mattina un ascoltatore di Radio Pi\u00f9 di buon mattino ha scritto: &#8220;Giorno Scolastico n\u00b01\u00a0 La corsa delle superiori delle 6 e 40 non si \u00e8 fatta vedere&#8221;\u00a0<\/em><\/p>\n<p><strong>LA RISPOSTA DELLA PROVINCIA:\u00a0 Causa: avaria al veicolo n 152 con successivo sinistro, tale da impedire la corsa ad orario<\/strong><\/p><\/blockquote>\n<p style=\"margin: 0px; text-align: justify; font-style: normal; font-variant-caps: normal; font-weight: normal; font-stretch: normal; font-size: 12px; line-height: normal; font-family: Calibri; -webkit-text-stroke-width: initial; -webkit-text-stroke-color: #000000;\"><span style=\"font-size: 16pt;\"><strong><span style=\"-webkit-font-kerning: none;\">Riavvio della scuola senza intoppi: il sistema di trasporto pubblico ha funzionato<\/span><\/strong><\/span><\/p>\n<p style=\"margin: 0px; text-align: justify; font-style: normal; font-variant-caps: normal; font-weight: normal; font-stretch: normal; font-size: 12px; line-height: normal; font-family: Calibri; -webkit-text-stroke-width: initial; -webkit-text-stroke-color: #000000;\"><span style=\"font-size: 14pt;\"><em><span style=\"font-kerning: none;\">Il presidente della Provincia: \u00abContinuare con la collaborazione e il senso di responsabilit\u00e0 visti ieri\u00bb<\/span><\/em><\/span><\/p>\n<p>&nbsp;<\/p>\n<p style=\"margin: 0px; text-align: justify; font-style: normal; font-variant-caps: normal; font-weight: normal; font-stretch: normal; font-size: 12px; line-height: normal; font-family: Calibri; -webkit-text-stroke-width: initial; -webkit-text-stroke-color: #000000;\"><span style=\"-webkit-font-kerning: none; font-size: 13pt;\"><img loading=\"lazy\" decoding=\"async\" class=\"alignleft\" src=\"https:\/\/www.radiopiu.net\/wordpress\/wp-content\/uploads\/2020\/06\/97384eec-d2d4-4e19-bdc9-7845fa51b71c.jpg\" width=\"296\" height=\"221\" \/>BELLUNO Per la Provincia il primo giorno di scuola va in archivio senza problemi sul fronte del trasporto pubblico. Dolomitibus ha messo in campo uno spiegamento di forze di 12 autobus in pi\u00f9 (per garantire una capienza totale di ulteriori 780 posti) e personale in stazione e sui mezzi (una decina di controllori) per verificare il corretto uso della mascherina e il rispetto delle misure di distanziamento anti-Covid. Risultato: nessun intoppo. <\/span><em><span style=\"-webkit-font-kerning: none; font-size: 13pt;\">\u00abHo visto sostanzialmente un buon senso di responsabilit\u00e0 da parte dei ragazzi\u00bb dice il presidente della Provincia, che questa mattina ha voluto fare un passaggio nel piazzale della stazione, prima di portare il saluto istituzionale in una delle scuole superiori, il liceo Galilei-Tiziano. \u00abQuesto atteggiamento collaborativo dovr\u00e0 contraddistinguere gli utenti dei mezzi pubblici anche nei prossimi giorni e nei prossimi mesi, fino a quando lo richiederanno le norme anti-Covid. Quindi, mascherina sempre indossata sui bus e sui pullman, e rispetto del distanziamento alla fermata e in stazione. \u00c8 ovvio che la responsabilit\u00e0 individuale di ciascun viaggiatore resta un punto fondamentale per la completa attuazione di tutte le misure igieniche e di comportamento.\u00a0\u00a0Ma questo discorso vale per tutti gli ambiti della nostra societ\u00e0. L\u2019autobus \u00e8 un luogo pubblico, come le strade, le scuole\u2026 il passeggero non pu\u00f2 essere un semplice spettatore. Cerchiamo di agevolare il lavoro degli autisti e di <\/span><span style=\"-webkit-font-kerning: none; font-size: 13pt;\">chi opera sui mezzi. <\/span><\/em><span style=\"font-size: 13pt; -webkit-text-stroke-width: initial;\"><em>I mezzi pubblici sono sicuri e utilizzabili senza problemi. In questo momento l\u2019incertezza sull\u2019evoluzione della pandemia e i dubbi delle famiglie condizionano il numero degli abbonamenti. Ma con la ripartenza al 100% del servizio e la naturale taratura delle corse che sempre avviene nei primi giorni di scuola, sono convinto che potremo tornare alla normalit\u00e0&#8221;.<\/em> Al momento gli abbonamenti sottoscritti dagli studenti sono 1.400 a fronte dei 4.000 dello stesso periodo di un anno fa. Parallelamente\u00a0 sono quasi 5mila le richieste di rimborso.\u00a0<\/span><\/p>\n<p>&nbsp;<\/p>\n<p>&nbsp;<\/p>\n<p>&nbsp;<\/p>\n<blockquote class=\"wp-embedded-content\" data-secret=\"8SXGmMSHKi\"><p><a href=\"https:\/\/www.radiopiu.net\/wordpress\/listituto-calvi\/\">L&#8217;ISTITUTO CALVI VINCE IL PRIMO PREMIO DEL CONCORSO &#8220;PRENDERI CURA DELL&#8217;AMBIENTE&#8221;<\/a><\/p><\/blockquote>\n<p><iframe loading=\"lazy\" class=\"wp-embedded-content\" sandbox=\"allow-scripts\" security=\"restricted\" style=\"position: absolute; clip: rect(1px, 1px, 1px, 1px);\" title=\"&#8220;L&#8217;ISTITUTO CALVI VINCE IL PRIMO PREMIO DEL CONCORSO &#8220;PRENDERI CURA DELL&#8217;AMBIENTE&#8221;&#8221; &#8212; Radio Pi\u00f9\" src=\"https:\/\/www.radiopiu.net\/wordpress\/listituto-calvi\/embed\/#?secret=8SXGmMSHKi\" data-secret=\"8SXGmMSHKi\" width=\"600\" height=\"338\" frameborder=\"0\" marginwidth=\"0\" marginheight=\"0\" scrolling=\"no\"><\/iframe><\/p>\n<p>&nbsp;<\/p>\n<p>&nbsp;<\/p>\n<p>&nbsp;<\/p>\n<hr \/>\n<p>&nbsp;<\/p>\n<blockquote>\n<h3>STEFANO DA ZANCHE E MORENA DAL DON CANDIDATI A SINDACO IN UNA SFIDA CHE NON C&#8217;E&#8217;<\/h3>\n<\/blockquote>\n<h3>ELEZIONI COMUNALI CON GLI AMICI DELLA PIAZZA PERCHE&#8217; &#8220;E&#8217; GIUSTO PROVARCI&#8221;<\/h3>\n<p><strong><img decoding=\"async\" src=\"https:\/\/www.radiopiu.net\/wordpress\/wp-content\/uploads\/2020\/09\/31beb42e-7df2-4f04-b1b7-505d7b6aa0c5.jpg\" \/>GOSALDO<\/strong><\/p>\n<p>DI GIANNI SANTOMASO<\/p>\n<audio class=\"wp-audio-shortcode\" id=\"audio-160534-3\" preload=\"none\" style=\"width: 100%;\" controls=\"controls\"><source type=\"audio\/mpeg\" src=\"https:\/\/www.radiopiu.net\/wordpress\/wp-content\/uploads\/2020\/09\/gianni-gosaldo.mp3?_=3\" \/><a href=\"https:\/\/www.radiopiu.net\/wordpress\/wp-content\/uploads\/2020\/09\/gianni-gosaldo.mp3\">https:\/\/www.radiopiu.net\/wordpress\/wp-content\/uploads\/2020\/09\/gianni-gosaldo.mp3<\/a><\/audio>\n<p>&nbsp;<\/p>\n<p>&nbsp;<\/p>\n<hr \/>\n<blockquote>\n<h3><\/h3>\n<h3>INIZIO DELL&#8217;ANNO SCOLASTICO: CONFERENZA STAMPA di ADRIANO RASI CALDOGNO DIRETTORE ULSS1<\/h3>\n<\/blockquote>\n<h2>LEGGI LA CONFERENZA STAMPA DI CALDOGNO<\/h2>\n<p><strong><img loading=\"lazy\" decoding=\"async\" class=\"alignleft\" src=\"https:\/\/www.radiopiu.net\/wordpress\/wp-content\/uploads\/2020\/04\/RASI-CALDOGNO.jpeg\" width=\"259\" height=\"152\" \/>BELLUNO<\/strong> Sono 59 i soggetti postiivi al tampone,\u00a0 378 in isolamento, 2 persone ricoverate di questa una in terapia intensiva con un quadro di patologie pregresse. La situazione \u00e8 sotto controllo, focolai famigliari o di persone al rientro dall&#8217;esterno. In questi giorni 2 focolai in un albergo e un rifugio della Provincia. In entrambi i casi il dipartimento si \u00e8 mosso con tempestivit\u00e0. Strutture chiuse perch\u00e9 la stagione estiva \u00e8 finita. La Ulss con il Dipartimento di prevenzione \u00e8 impegnata: 1750 tamponi su bellunesi rientrati dalle zone di vacanza, il controllo continua sui rientri dai paesi di tutta la seconda fascia (la pi\u00f9 numerosa). Attivit\u00e0 corposa di gestione delle quarantene. Da oggi sono sempre disponibili per i tamponi di controllo sia per il rientro dall&#8217;estero che per i casi previsti dall&#8217;attuale normativa 2 drive-in con accesso libero dalle 8.30 alle 12.30 al San Martino di Belluno e il centro di Borgo Ruga di Feltre con accesso da via Panoramica. Per la gestione de rientro a scuola seguiamo le direttive nazionali. L&#8217;Ulss svolge un&#8217;azione di supporto sanitario per dare il servizio migliore in un periodo che non ha precedenti. Pi\u00f9 tardi verr\u00e0 pubblicato sul sito dell&#8217;azienda un elenco di domande poste con frequenza (Faq).<\/p>\n<p><strong>Oggi l&#8217;inizio della scuola. Al proposito l&#8217;intervento del dottor Cinquetti direttore dipartimento di Prevenzione <\/strong>Le situazioni pi\u00f9 &#8220;difficili&#8221; per i bambini pi\u00f9 piccoli. E&#8217; stato fatto un grande lavoro, scuola e azienda sanitaria,\u00a0 individuato un referente che colloquia quotidionamente con la Ulss1. Al mattino quando il genitore scopre che il figlio ha la febbre, tosse o altro sintomatologia tipo perdita di gusto e olfatto, vomito e diarrea, in quel caso il bambino va tenuto a casa e il pediatra di famiglia valuter\u00e0 dove mandare il bambino (punti drive-in). Valuter\u00e0 il pediatra se mandarlo in queste sedi per il tampone. C&#8217;e&#8217; una competenza specifica per infermieri-pediatrici. E&#8217; necessario portare la tessera sanitaria e il numero di cellulare del genitore che entro 24 ore avr\u00e0 la risposta dell&#8217;esame. Intanto il bambino rimane a casa. Il genitore ricever\u00e0 un sms con la possibilit\u00e0 anche di scaricare il referto. Per essere riammesso a scuola il bambino deve farsi di nuovo vedere dal Pediatra che preparer\u00e0 il certificato per il rientro a scuola. Per altre malattie no covid sar\u00e0 sufficiente un&#8217;autocertificazione (giustificazione dell&#8217;assenza). Siamo pronti ad affrontare un inverno impegnativo.<\/p>\n<p>&nbsp;<\/p>\n<p>https:\/\/www.facebook.com\/RasiCaldognoUlssDolomiti\/videos\/2726792570912516\/<\/p>\n<p>&nbsp;<\/p>\n<p>&nbsp;<\/p>\n<hr \/>\n<p>&nbsp;<\/p>\n<div class=\"page-title-head hgroup\"><\/div>\n<p>&nbsp;<\/p>\n<p>&nbsp;<\/p>\n<p>&nbsp;<\/p>\n<blockquote>\n<h3>CASACOMUNE SULLA MONTAGNA AD AURONZO\u00a0 100 PARTECIPANTI AL CORSO.\u00a0 DON CIOTTI RICHIAMA A IMPEGNO, SPERANZA, SOGNO ED ETICA PUBBLICA<\/h3>\n<\/blockquote>\n<p><strong><a class=\"dt-pswp-item\" href=\"https:\/\/www.radiopiu.net\/wordpress\/wp-content\/uploads\/2020\/09\/CASACOMUNE_Auronzo_3-1.jpg\" data-dt-img-description=\"\" data-large_image_width=\"960\" data-large_image_height=\"926\"><img loading=\"lazy\" decoding=\"async\" class=\" wp-image-160539 alignleft\" src=\"https:\/\/www.radiopiu.net\/wordpress\/wp-content\/uploads\/2020\/09\/CASACOMUNE_Auronzo_3-1-300x289.jpg\" alt=\"\" width=\"186\" height=\"179\" srcset=\"https:\/\/www.radiopiu.net\/wordpress\/wp-content\/uploads\/2020\/09\/CASACOMUNE_Auronzo_3-1-300x289.jpg 300w, https:\/\/www.radiopiu.net\/wordpress\/wp-content\/uploads\/2020\/09\/CASACOMUNE_Auronzo_3-1-768x741.jpg 768w, https:\/\/www.radiopiu.net\/wordpress\/wp-content\/uploads\/2020\/09\/CASACOMUNE_Auronzo_3-1-498x480.jpg 498w, https:\/\/www.radiopiu.net\/wordpress\/wp-content\/uploads\/2020\/09\/CASACOMUNE_Auronzo_3-1.jpg 960w\" sizes=\"auto, (max-width: 186px) 100vw, 186px\" \/><\/a>AURONZO\u00a0<\/strong> Don Luigi Ciotti ha concluso cos\u00ec ad Auronzo di Cadore il corso di tre giorni promosso da CasaComune, ultima gemmazione del Gruppo Abele. <em>&#8220;Un dovere forte di responsabilit\u00e0&#8221;, &#8220;una conoscenza che si alimenta con l&#8217;approfondimento&#8221;. Perch\u00e9 &#8220;non possiamo stare zitti e inerti di fronte al male, anche quello fatto alla terra&#8221;. Occorre avere &#8220;speranza di un&#8217;etica pubblica&#8221; e &#8220;sentirsi parte di una comunit\u00e0, con impegno&#8221;. &#8220;La speranza \u00e8 un bene comune, fragile, va distribuita, per questo occorre ripartire da chi \u00e8 stato escluso&#8221;. Ma &#8220;non possiamo correre il rischio di sentirci comodamente dalla parte giusta&#8221;, &#8220;i diritti sono il presupposto di ogni progresso sociale, civile, economico&#8221;. &#8220;Non venga meno il nostro essere sognatori. Facciamo cose insieme, perch\u00e9 anche se io sono, se tutti noi siamo piccoli e fragili, dobbiamo credere nel Noi&#8221;.<\/em> Al corso hanno partecipato cento persone per questo primo focus dedicato alle &#8220;Montagne&#8221; promosso d&#8217;intesa con Diocesi di <a class=\"dt-pswp-item\" href=\"https:\/\/www.radiopiu.net\/wordpress\/wp-content\/uploads\/2020\/09\/CASACOMUNE_Auronzo_1.jpg\" data-dt-img-description=\"\" data-large_image_width=\"1134\" data-large_image_height=\"642\"><img loading=\"lazy\" decoding=\"async\" class=\"size-medium wp-image-160536 alignright\" src=\"https:\/\/www.radiopiu.net\/wordpress\/wp-content\/uploads\/2020\/09\/CASACOMUNE_Auronzo_1-300x170.jpg\" alt=\"\" width=\"300\" height=\"170\" srcset=\"https:\/\/www.radiopiu.net\/wordpress\/wp-content\/uploads\/2020\/09\/CASACOMUNE_Auronzo_1-300x170.jpg 300w, https:\/\/www.radiopiu.net\/wordpress\/wp-content\/uploads\/2020\/09\/CASACOMUNE_Auronzo_1-1024x580.jpg 1024w, https:\/\/www.radiopiu.net\/wordpress\/wp-content\/uploads\/2020\/09\/CASACOMUNE_Auronzo_1-768x435.jpg 768w, https:\/\/www.radiopiu.net\/wordpress\/wp-content\/uploads\/2020\/09\/CASACOMUNE_Auronzo_1-640x362.jpg 640w, https:\/\/www.radiopiu.net\/wordpress\/wp-content\/uploads\/2020\/09\/CASACOMUNE_Auronzo_1.jpg 1134w\" sizes=\"auto, (max-width: 300px) 100vw, 300px\" \/><\/a>Belluno e Uncem. A guidare il corso &#8211; accanto a relatori come Luca Mercalli, Andrea Membretti, Grammenos Mastrojeni, Vanda Bonardo, Cesare Lasen e anche al drammaturgo Marco Paolini &#8211; \u00e8 stata Mirta Da Pr\u00e0, come don Ciotti originaria del Cadore e impegnata da anni nel contrasto della tratta al Gruppo Abele. <em>&#8220;Tre giorni importantissimi &#8211; evidenzia Bussone presidente Uncem &#8211; di analisi, dialogo, legami. Le nostre comunit\u00e0 ne sono maestre, la loro storia si basa su questi valori, ma andare alla scuola della comunione, parlando come ad Auronzo di questioni molto concrete e facendosi domande rispetto al futuro dei territori montani, \u00e8 preziosissimo. Ringrazio la Sindaca di Auronzo, Tatiana Pais Becher, per il suo grande impegno&#8221;.<\/em><\/p>\n<p>&nbsp;<\/p>\n<hr \/>\n<p>&nbsp;<\/p>\n<blockquote>\n<h3>DISAGIATI\u00a0 RISORSE AFFIDATE DIRETTAMENTE AGLI AMBITI TERRITORIALI<\/h3>\n<\/blockquote>\n<p><strong>VENEZIA<\/strong>\u00a0 Nuove modalit\u00e0 quest\u2019anno per gli interventi regionali a sostegno delle famiglie fragili del Veneto, la Giunta regionale del Veneto ha affidato ai 21 Ambiti Territoriali Sociali (le ex Ulss), d\u2019intesa con i Comuni, la gestione degli interventi economici per le famiglie numerose, i genitori separati o divorziati, gli orfani, i nuclei in difficolt\u00e0 economica. Il programma di interventi, che vale 4.180.000 di euro per il 2020, si rivolge in particolare ai genitori soli, separati o divorziati;\u00a0 ai nuclei familiari con figli orfani; alle famiglie numerose con quattro o pi\u00f9 figli e a quelle con parti rigemellari, infine\u00a0 alle famiglie in difficolt\u00e0 economica con contributi di 75 euro per ogni figlio iscritto ad associazioni ed enti di promozione sportiva. Potranno presentare domanda ai propri comuni di residenza i nuclei familiari con Isee fino a 20 mila euro e che siano residenti in Veneto.<\/p>\n<p>&nbsp;<\/p>\n<hr \/>\n<p>&nbsp;<\/p>\n<blockquote>\n<h3>COVID A BELLUNO: OTTO NUOVI POSITIVI IN 24 ORE, 2 IN CORSO D&#8217;INDAGINE<\/h3>\n<\/blockquote>\n<p><strong><img loading=\"lazy\" decoding=\"async\" class=\"alignleft\" src=\"https:\/\/www.radiopiu.net\/wordpress\/wp-content\/uploads\/2020\/04\/COVID-3-300x300.jpg\" width=\"203\" height=\"203\" \/>BELLUNO<\/strong> Nelle ultime 24 ore di attivit\u00e0 8 nuove positivit\u00e0: 6 in soggetti gi\u00e0 isolati in quanto contatti di caso o sintomatici; 2 di nuova evidenza in corso di indagine.<\/p>\n<p align=\"JUSTIFY\">La prima giornata di offerta tamponi ad accesso libero a favore di tutte le persone sintomatiche frequentanti le scuole del territorio ha riscontrato numeri consistenti di afflusso nelle prime ore si \u00e8 conclusa regolarmente con esecuzione di tutti i tamponi richiesti. Il Dipartimento di Prevenzione sta studiando alcune possibili modifiche dell\u2019operativit\u00e0 potenziando l\u2019offerta. Il resoconto finale di questa giornata di lavoro per le sedi Drive-in di Belluno e di Feltre ha visto l\u2019esecuzione di 66 tamponi a soggetti sintomatici provenienti dal mondo della scuola prevalentemente afferenti all\u2019et\u00e0 pediatrica.<\/p>\n<p align=\"JUSTIFY\">In relazione ad alcune richiesta pervenute all\u2019Azienda Ulss di esecuzione di test sierologici a personale della scuola assunto in questi giorni (supplenti , etc) l\u2019Ulss e la Direzione scolastica provinciale hanno definito nel 30 settembre la data di recupero. Nei prossimi giorni saranno comunicati i dettagli organizzativi.<\/p>\n<p>&nbsp;<\/p>\n<p>&nbsp;<\/p>\n<hr \/>\n<p>&nbsp;<\/p>\n<blockquote class=\"wp-embedded-content\" data-secret=\"DUCQPHVSyO\"><p><a href=\"https:\/\/www.radiopiu.net\/wordpress\/14-settembre\/\">CORONAVIRUS: AGGIORNAMENTO NAZIONALE 13 SETTEMBRE<\/a><\/p><\/blockquote>\n<p><iframe loading=\"lazy\" class=\"wp-embedded-content\" sandbox=\"allow-scripts\" security=\"restricted\" style=\"position: absolute; clip: rect(1px, 1px, 1px, 1px);\" title=\"&#8220;CORONAVIRUS: AGGIORNAMENTO NAZIONALE 13 SETTEMBRE&#8221; &#8212; Radio Pi\u00f9\" src=\"https:\/\/www.radiopiu.net\/wordpress\/14-settembre\/embed\/#?secret=DUCQPHVSyO\" data-secret=\"DUCQPHVSyO\" width=\"600\" height=\"338\" frameborder=\"0\" marginwidth=\"0\" marginheight=\"0\" scrolling=\"no\"><\/iframe><\/p>\n<p>&nbsp;<\/p>\n<blockquote class=\"wp-embedded-content\" data-secret=\"D43B9GCYG8\"><p><a href=\"https:\/\/www.radiopiu.net\/wordpress\/14settembre2020\/\">NELLE ULTIME 24 ORE: 77 POSITIVI IN PIU&#8217;, 21 I PAZIENTI IN TERAPIA INTENSIVA<\/a><\/p><\/blockquote>\n<p><iframe loading=\"lazy\" class=\"wp-embedded-content\" sandbox=\"allow-scripts\" security=\"restricted\" style=\"position: absolute; clip: rect(1px, 1px, 1px, 1px);\" title=\"&#8220;NELLE ULTIME 24 ORE: 77 POSITIVI IN PIU&#8217;, 21 I PAZIENTI IN TERAPIA INTENSIVA&#8221; &#8212; Radio Pi\u00f9\" src=\"https:\/\/www.radiopiu.net\/wordpress\/14settembre2020\/embed\/#?secret=D43B9GCYG8\" data-secret=\"D43B9GCYG8\" width=\"600\" height=\"338\" frameborder=\"0\" marginwidth=\"0\" marginheight=\"0\" scrolling=\"no\"><\/iframe><\/p>\n<p>I GRAFICI DI TIZIANO DE COL<\/p>\n<p><a class=\"dt-pswp-item\" href=\"https:\/\/www.radiopiu.net\/wordpress\/wp-content\/uploads\/2020\/09\/2a8d7fab-5bc7-4192-acbf-96192b7765d1.jpg\" data-dt-img-description=\"\" data-large_image_width=\"480\" data-large_image_height=\"333\"><img loading=\"lazy\" decoding=\"async\" class=\"alignnone size-medium wp-image-160641\" src=\"https:\/\/www.radiopiu.net\/wordpress\/wp-content\/uploads\/2020\/09\/2a8d7fab-5bc7-4192-acbf-96192b7765d1-300x208.jpg\" alt=\"\" width=\"300\" height=\"208\" srcset=\"https:\/\/www.radiopiu.net\/wordpress\/wp-content\/uploads\/2020\/09\/2a8d7fab-5bc7-4192-acbf-96192b7765d1-300x208.jpg 300w, https:\/\/www.radiopiu.net\/wordpress\/wp-content\/uploads\/2020\/09\/2a8d7fab-5bc7-4192-acbf-96192b7765d1.jpg 480w\" sizes=\"auto, (max-width: 300px) 100vw, 300px\" \/><\/a><a class=\"dt-pswp-item\" href=\"https:\/\/www.radiopiu.net\/wordpress\/wp-content\/uploads\/2020\/09\/ae56fb8c-a496-4966-99fd-b3d042d187a2.jpg\" data-dt-img-description=\"\" data-large_image_width=\"666\" data-large_image_height=\"640\"><img loading=\"lazy\" decoding=\"async\" class=\"alignnone size-medium wp-image-160642\" src=\"https:\/\/www.radiopiu.net\/wordpress\/wp-content\/uploads\/2020\/09\/ae56fb8c-a496-4966-99fd-b3d042d187a2-300x288.jpg\" alt=\"\" width=\"300\" height=\"288\" srcset=\"https:\/\/www.radiopiu.net\/wordpress\/wp-content\/uploads\/2020\/09\/ae56fb8c-a496-4966-99fd-b3d042d187a2-300x288.jpg 300w, https:\/\/www.radiopiu.net\/wordpress\/wp-content\/uploads\/2020\/09\/ae56fb8c-a496-4966-99fd-b3d042d187a2-500x480.jpg 500w, https:\/\/www.radiopiu.net\/wordpress\/wp-content\/uploads\/2020\/09\/ae56fb8c-a496-4966-99fd-b3d042d187a2.jpg 666w\" sizes=\"auto, (max-width: 300px) 100vw, 300px\" \/><\/a><\/p>\n<p>&nbsp;<\/p>\n<hr \/>\n<blockquote>\n<h3><\/h3>\n<h3>LUXOTTICA RICONVERTE UNO STABILIMENTO PER PRODURRE VISIERE PROTETTIVE<\/h3>\n<\/blockquote>\n<blockquote>\n<h2>I primi 140.000 dispositivi saranno donati agli ospedali statunitensi<\/h2>\n<\/blockquote>\n<p><strong><img loading=\"lazy\" decoding=\"async\" class=\"alignleft\" src=\"https:\/\/www.radiopiu.net\/wordpress\/wp-content\/uploads\/2020\/03\/NOVITA-LUXOTTICA.jpg\" width=\"304\" height=\"171\" \/>NEW YORK<\/strong> \u2013 Luxottica annuncia di aver riconvertito una parte dello stabilimento di Orange County, in California, per la produzione di visiere con l\u2019obiettivo di rispondere alla crescente domanda di protezione nel fronteggiare la pandemia di COVID-19. Nello stabilimento di oltre 50.000 metri quadrati\u00a0 si producono ogni giorno migliaia di occhiali Oakley. Oggi l\u2019azienda ha riorganizzato il personale e le attivit\u00e0 per produrre anche visiere protettive. I primi 140.000 dispositivi saranno donati al personale che lavora in prima linea negli ospedali statunitensi. Da quando \u00e8 esplosa l\u2019emergenza COVID-19, Luxottica e i suoi marchi, tra cui Oakley e Costa, hanno donato decine di migliaia di occhiali, visiere e mascherine a ospedali e altre istituzioni nelle aree degli Stati Uniti in cui l\u2019azienda \u00e8 presente con i suoi uffici e stabilimenti.\u00a0 Il marchio Oakley \u00e8 famoso in tutto il mondo per gli occhiali sportivi ad alte prestazioni.<\/p>\n<p>&nbsp;<\/p>\n<hr \/>\n<blockquote>\n<h3>NO AGLI AUMENTI SUL GASOLIO DA RISCALDAMENTO, LA MONTAGNA PAGA GIA&#8217; ABBASTANZA<\/h3>\n<\/blockquote>\n<p><strong><a class=\"dt-pswp-item\" href=\"https:\/\/www.radiopiu.net\/wordpress\/wp-content\/uploads\/2020\/09\/images.jpg\" data-dt-img-description=\"\" data-large_image_width=\"293\" data-large_image_height=\"172\"><img loading=\"lazy\" decoding=\"async\" class=\" wp-image-160542 alignleft\" src=\"https:\/\/www.radiopiu.net\/wordpress\/wp-content\/uploads\/2020\/09\/images.jpg\" alt=\"\" width=\"204\" height=\"120\" \/><\/a>ROMA <\/strong><em>\u00abL\u2019attenzione all\u2019ambiente \u00e8 sacrosanta. Ma non pu\u00f2 pesare sempre e solo sulle zone di montagna, che gi\u00e0 svolgono un ruolo importantissimo in questo senso\u00bb.<\/em> \u00c8 quanto afferma il deputato di Forza Italia Dario Bond, alla luce delle possibili manovre \u201cgreen\u201d della prossima legge di bilancio, che dovrebbe prevedere aumenti consistenti su gasolio da riscaldamento e gpl. <em>\u00abAl momento sembrano previsti 2,8 miliardi di euro di \u201cecoimposte\u201d, tasse sul gasolio e sul carburante da riscaldamento che peseranno sulle tasche dei cittadini della montagna e sui bellunesi sotto forma di accise in pi\u00f9\u00bb sottolinea Dario Bond. \u00abNon \u00e8 pensabile che chi vive in montagna, dove il riscaldamento \u00e8 una necessit\u00e0 spesso 7-8, anche 9 mesi l\u2019anno, debba subire ulteriori aggravi nel costo della vita. Anche perch\u00e9 &#8211; e i bellunesi lo sanno bene &#8211; vivere in montagna significa svolgere una funzione di presidio e di attenzione ambientale anche in funzione di chi vive in citt\u00e0 e in pianura. Aggiungere costi e problemi ulteriori significa far morire la montagna. \u00c8 per questo che far\u00f2 una battaglia forte su questo punto: no alle \u201cecoimposte\u201d che condannano le terre alte\u00bb.<\/em><\/p>\n<p>&nbsp;<\/p>\n<hr \/>\n<p>&nbsp;<\/p>\n<blockquote>\n<h3>L&#8217;APPELLO DI BELLUNO ALPINA AI CANDIDATI REGIONALI<\/h3>\n<\/blockquote>\n<p><span style=\"font-family: Times New Roman, serif;\"><span style=\"font-size: medium;\"><strong>BELLUNO<\/strong>\u00a0 <em>\u201cConcretizzare azioni per le Prealpi. I prossimi consiglieri aiutino a realizzare i progetti pronti. Fondamentale partire con il consorzio forestale per le manutenzioni. E&#8217; urgente istituire un consorzio forestale\u201d<\/em>: questo l&#8217;appello che l&#8217;associazione Belluno Alpina lancia ai candidati alle imminenti elezioni regionali. \u201cAppena passate le elezioni regionali, contatteremo i consiglieri regionali bellunesi neo-eletti chiedendo un incontro per programmare interventi decisi e concreti per il territorio prealpino, a partire dall\u2019istituzione del consorzio forestale\u201d.<br \/>\nL&#8217;associazione, sta lavorando con i comuni e la Regione per realizzare numerosi progetti: il lago alla Grava, la strada silvopastorale, il percorso natura per le famiglie, <em>&#8220;Ma tutto questo &#8211; dice il presidente Gimmy Dal Farra &#8211;\u00a0 rischia di avere vita breve se non c&#8217;\u00e8 chi tutti i giorni \u00e8 presente per pulire, sistemare e verificare lo stato di salute delle strutture. Siamo altrs\u00ec convinti che la soluzione migliore sia quella di utilizzare le ex scuole di Ronce come sede del consorzio forestale per il comprensorio: non \u00e8 solo questione di praticit\u00e0 e velocit\u00e0, si tratterebbe di un segnale importante di presenza dello Stato sul territorio, un messaggio significativo anche per i nostri giovani che sempre di pi\u00f9 lasciano i nostri paesi per l&#8217;assenza di opportunit\u00e0 e di servizi\u201d.<\/em><br \/>\n<\/span><\/span><\/p>\n<p>&nbsp;<\/p>\n<hr \/>\n<p>&nbsp;<\/p>\n<p align=\"CENTER\"><span style=\"font-family: Calibri, sans-serif;\"><span style=\"font-size: large;\"><b>FORUM GELATERIA: FOCUS SUL CIOCCOLATO<\/b><\/span><\/span><b> <\/b><\/p>\n<p><span style=\"font-family: Calibri, sans-serif;\"><strong><a class=\"dt-pswp-item\" href=\"https:\/\/www.radiopiu.net\/wordpress\/wp-content\/uploads\/2020\/09\/corsi-di-cioccolato-2.jpg\" data-dt-img-description=\"\" data-large_image_width=\"799\" data-large_image_height=\"525\"><img loading=\"lazy\" decoding=\"async\" class=\" wp-image-160535 alignleft\" src=\"https:\/\/www.radiopiu.net\/wordpress\/wp-content\/uploads\/2020\/09\/corsi-di-cioccolato-2-300x197.jpg\" alt=\"\" width=\"262\" height=\"171\" srcset=\"https:\/\/www.radiopiu.net\/wordpress\/wp-content\/uploads\/2020\/09\/corsi-di-cioccolato-2-300x197.jpg 300w, https:\/\/www.radiopiu.net\/wordpress\/wp-content\/uploads\/2020\/09\/corsi-di-cioccolato-2-768x505.jpg 768w, https:\/\/www.radiopiu.net\/wordpress\/wp-content\/uploads\/2020\/09\/corsi-di-cioccolato-2-640x421.jpg 640w, https:\/\/www.radiopiu.net\/wordpress\/wp-content\/uploads\/2020\/09\/corsi-di-cioccolato-2.jpg 799w\" sizes=\"auto, (max-width: 262px) 100vw, 262px\" \/><\/a>LONGARONE<\/strong> Forum Gelateria, un evento interessante e coinvolgente per gli operatori del settore. A questo si sta lavorando a Longarone Fiere dove nelle giornate del <\/span><span style=\"font-family: Calibri, sans-serif;\"><b>1 e 2 dicembre 2020<\/b><\/span><span style=\"font-family: Calibri, sans-serif;\"> saranno anche allestite alcune aree dedicate a tematiche che interpretano i recenti trend che caratterizzano l\u2019attivit\u00e0 di gelateria. L\u2019obiettivo \u00e8 quello di consentire ai gelatieri l\u2019accesso in modo semplice e immediato alle informazioni necessarie ed utili per poter assumere le decisioni. <\/span><span style=\"font-family: Calibri, sans-serif;\">Una delle tendenze che da qualche tempo stanno coinvolgendo tante gelaterie, soprattutto quei locali aperti per la gran parte dell\u2019anno, che hanno necessit\u00e0 anche di destagionalizzare l\u2019offerta, \u00e8 l\u2019inserimento di altri prodotti dolci come il <\/span><span style=\"font-family: Calibri, sans-serif;\"><b>cioccolato<\/b><\/span><span style=\"font-family: Calibri, sans-serif;\">, declinato in tutte le sue forme. Una lavorazione che \u00e8 oggi possibile inserire nei laboratori di gelateria grazie alle moderne attrezzature che occupano spazi veramente contenuti e che pu\u00f2 trovare una attraente esposizione con le vetrine sempre pi\u00f9 efficienti e funzionali. Nell\u2019area dedicata al cioccolato saranno organizzati eventi di formazione, laboratori pratici di cioccolateria in cui saranno illustrate le principali lavorazioni replicabili in una gelateria e molto altro.\u00a0 <\/span><span style=\"font-family: Calibri, sans-serif;\">Al Forum della Gelateria di Longarone, a coordinare questa area ci sar\u00e0 <\/span><span style=\"font-family: Calibri, sans-serif;\"><b>Quinta Forma<\/b><\/span><span style=\"font-family: Calibri, sans-serif;\"> ( gi\u00e0 <\/span><span style=\"font-family: Calibri, sans-serif;\"><b>Accademia Maestri Cioccolatieri Italiani<\/b><\/span><span style=\"font-family: Calibri, sans-serif;\">) <\/span><span style=\"font-family: Calibri, sans-serif;\"> una realt\u00e0 giovane ma molto apprezzata a livello nazionale che ha sede a Limana (BL) specializzata nella formazione di settore.\u00a0<\/span><\/p>\n<p>&nbsp;<\/p>\n<hr \/>\n<p>&nbsp;<\/p>\n<blockquote>\n<h3>SETTIMANA EUROPEA DELLA MOBILITA&#8217; SOSTENIBILE &#8220;CLIMBING FOR CLIMATE&#8221;<\/h3>\n<\/blockquote>\n<p><strong><a class=\"dt-pswp-item\" href=\"https:\/\/www.radiopiu.net\/wordpress\/wp-content\/uploads\/2020\/06\/45a4f71b-bf29-4ac0-90da-ab4c004ca5c4.jpg\" data-dt-img-description=\"\" data-large_image_width=\"960\" data-large_image_height=\"720\"><img loading=\"lazy\" decoding=\"async\" class=\"size-medium wp-image-145791 alignleft\" src=\"https:\/\/www.radiopiu.net\/wordpress\/wp-content\/uploads\/2020\/06\/45a4f71b-bf29-4ac0-90da-ab4c004ca5c4-300x225.jpg\" alt=\"\" width=\"300\" height=\"225\" srcset=\"https:\/\/www.radiopiu.net\/wordpress\/wp-content\/uploads\/2020\/06\/45a4f71b-bf29-4ac0-90da-ab4c004ca5c4-300x225.jpg 300w, https:\/\/www.radiopiu.net\/wordpress\/wp-content\/uploads\/2020\/06\/45a4f71b-bf29-4ac0-90da-ab4c004ca5c4-768x576.jpg 768w, https:\/\/www.radiopiu.net\/wordpress\/wp-content\/uploads\/2020\/06\/45a4f71b-bf29-4ac0-90da-ab4c004ca5c4.jpg 960w\" sizes=\"auto, (max-width: 300px) 100vw, 300px\" \/><\/a>FELTRE<\/strong> Come ormai tradizione, sar\u00e0 protagonista attiva della Settimana Europea della Mobilit\u00e0 Sostenibile anche in questa edizione 2020. Dopo la pedalata Belluno-Feltre di domenica scorsa, organizzata con la FIAB di Belluno, l&#8217;Assessorato ai Beni Comuni promuove\u00a0 la manifestazione \u201cClimbing for climate\u201d. L&#8217;obiettivo \u00e8 la sensibilizzazione dell&#8217;opinione pubblica sui temi dell&#8217;Agenda 2030, sull&#8217;emergenza climatica, nonch\u00e9 la definizione e la sottoscrizione di un appello per la protezione e la valorizzazione del patrimonio naturale e culturale locale. L&#8217;evento si terr\u00e0 a Feltre, in collaborazione con il CAI sezioni di Mestre e di Feltre, nella giornata di sabato 19 settembre e verter\u00e0 su una serie di incontri ed iniziative che vedranno protagonisti esperti del settore, studiosi e ricercatori che culminer\u00e0 con la sottoscrizione in Sala degli Stemmi della lettera di intenti da parte delle rettori delle Universit\u00e0 Ca&#8217; Foscari e IUAV. In serata un importante appuntamento aperto al pubblico (prenotazione, come di consueto su VisitFeltre.) Alle 20.30 in piazza Maggiore si terr\u00e0 infatti il \u201cFil\u00f2 climatico\u201d sul tema \u201cPerch\u00e8 dobbiamo essere fortemente preoccupati\u2019, con la proiezione del docu-film \u201cAnthropocene\u201d e successiva discussione dei cittadini presenti con docenti delle universit\u00e0 Ca&#8217; Foscari e IUAV; a seguire presentazione progetto peer-to-peer (Universit\u00e0 Ca&#8217; Foscari -Amministrazione comunale per la formazione degli studenti delle superiori in relazione alla tematica della crisi<\/p>\n<p>&nbsp;<\/p>\n<hr \/>\n<p>&nbsp;<\/p>\n<blockquote>\n<h3>CONCORSO PUBBLICO PER SOLI ESAMI PER L&#8217;ASSUNZIONE A TEMPO PIENO ED INDETERMINATO DI UN ISTRUTTORE DIRETTIVO AMMINISTRATIVO-CONTABILE<\/h3>\n<\/blockquote>\n<p><strong>FELTRE<\/strong>\u00a0 E&#8217; indetto un concorso pubblico per soli esami per l&#8217;assunzione a tempo<br \/>\npieno ed indeterminato di un Istruttore Direttivo Amministrativo-Contabile categoria D1, presso l&#8217;Unione Montana Feltrina con sede a Feltre. Le domande di partecipazione dovranno pervenire all&#8217;ufficio protocollo dell&#8217;Unione Montana Feltrina\u00a0 entro le 12 del<br \/>\n05 novembre.<\/p>\n<p>&nbsp;<\/p>\n<p>&nbsp;<\/p>\n<hr \/>\n<blockquote>\n<h3><\/h3>\n<\/blockquote>\n<p>&nbsp;<\/p>\n<p>&nbsp;<\/p>\n<blockquote>\n<h3>I RACCONTI DI PAOLO SOPPELSA QUARANTESIMA PUNTATA<\/h3>\n<\/blockquote>\n<h3><strong>RICORDI D&#8217;AUTUNNO<\/strong><\/h3>\n<p><em><strong>AUDIO<\/strong><\/em><\/p>\n<audio class=\"wp-audio-shortcode\" id=\"audio-160534-4\" preload=\"none\" style=\"width: 100%;\" controls=\"controls\"><source type=\"audio\/mpeg\" src=\"https:\/\/www.radiopiu.net\/wordpress\/wp-content\/uploads\/2020\/09\/PAOLO-SOPPELSA-RICORDI-DAUTUNNO.mp3?_=4\" \/><a href=\"https:\/\/www.radiopiu.net\/wordpress\/wp-content\/uploads\/2020\/09\/PAOLO-SOPPELSA-RICORDI-DAUTUNNO.mp3\">https:\/\/www.radiopiu.net\/wordpress\/wp-content\/uploads\/2020\/09\/PAOLO-SOPPELSA-RICORDI-DAUTUNNO.mp3<\/a><\/audio>\n<p>&nbsp;<\/p>\n<p><a class=\"dt-pswp-item\" href=\"https:\/\/www.radiopiu.net\/wordpress\/wp-content\/uploads\/2020\/09\/8a1c9e38-7bf2-4831-89c9-fa4e34196e6c.jpg\" data-dt-img-description=\"\" data-large_image_width=\"1080\" data-large_image_height=\"810\"><img loading=\"lazy\" decoding=\"async\" class=\"size-medium wp-image-160439 alignleft\" src=\"https:\/\/www.radiopiu.net\/wordpress\/wp-content\/uploads\/2020\/09\/8a1c9e38-7bf2-4831-89c9-fa4e34196e6c-300x225.jpg\" alt=\"\" width=\"300\" height=\"225\" srcset=\"https:\/\/www.radiopiu.net\/wordpress\/wp-content\/uploads\/2020\/09\/8a1c9e38-7bf2-4831-89c9-fa4e34196e6c-300x225.jpg 300w, https:\/\/www.radiopiu.net\/wordpress\/wp-content\/uploads\/2020\/09\/8a1c9e38-7bf2-4831-89c9-fa4e34196e6c-1024x768.jpg 1024w, https:\/\/www.radiopiu.net\/wordpress\/wp-content\/uploads\/2020\/09\/8a1c9e38-7bf2-4831-89c9-fa4e34196e6c-768x576.jpg 768w, https:\/\/www.radiopiu.net\/wordpress\/wp-content\/uploads\/2020\/09\/8a1c9e38-7bf2-4831-89c9-fa4e34196e6c-640x480.jpg 640w, https:\/\/www.radiopiu.net\/wordpress\/wp-content\/uploads\/2020\/09\/8a1c9e38-7bf2-4831-89c9-fa4e34196e6c.jpg 1080w\" sizes=\"auto, (max-width: 300px) 100vw, 300px\" \/><\/a>Le foglie dei tigli di via Feltre, ingiallite dall\u2019autunno, volteggiavano lente nell\u2019aria prima di posarsi sul marciapiede. Le trovavo cos\u00ec al mattino mentre prendevo la strada per andare a scuola. Distese sull\u2019asfalto ancora umido della rugiada della notte. Ed il giorno stentava ad arrivare, con il sole ancora nascosto dietro le montagne dell\u2019Alpago ed i lampioni che illuminavano quegli ultimi scampoli di oscurit\u00e0. Autobus gialli, carichi di persone assonnate, viaggiavano pigri verso la stazione infilandosi nella leggera foschia dell\u2019alba. Ed io camminavo spedito per la via, con quelle foglie gialle che si attaccavano tenaci agli stivali di gomma blu. Il fresco di quei mattini di met\u00e0 ottobre trapassava la dolcevita e ad ogni passo ridestava i sensi ancora intorpiditi dal sonno. Il grande ippocastano mi salutava con un solenne buongiorno. Mi fermavo sempre a raccogliere i ricci e qualche \u201ccastagna mata\u201d. Sembrava impossibile non poter mangiare quelle castagne cos\u00ec belle e lucide. Pochi passi dopo la luce del lavasecco illuminava il marciapiede. L\u2019odore di ammoniaca si spandeva nell\u2019aria e rallentavo il passo per sbirciare attraverso le vetrine leggermente annebbiate dal vapore dei ferri da stiro. E c\u2019erano sempre quelle due figure chine sull\u2019asse col ferro in mano, circondate da decine di cappotti e vestiti appesi avvolti nel cellophane. Dopo nemmeno cento metri Belluno diventava di colpo citt\u00e0. C\u2019era Piazzale Marconi. Un nome importante. Marconi, mi dicevano, si chiamava Guglielmo ed aveva inventato la radio. La maestra ci spiegava che Belluno era una piccola citt\u00e0. Anche il quaderno fucsia delle Regioni d\u2019Italia ci teneva a ribadire questo concetto. \u201cBelluno, 383 m. s.l.m. Ridente cittadina ai piedi delle Dolomiti.\u201d Fine. Poche righe per raccontare una piccola citt\u00e0. Ma a me Belluno non sembrava poi tanto piccola. In Piazzale Marconi c\u2019erano il distributore di benzina, il passaggio pedonale e lo spartitraffico illuminato come quelli che si vedevano alla televisione quando mostravano Milano. C\u2019era il traffico e pure un bar. Attraversavo la strada e, dopo circa trecento metri, arrivavo in Piazzale Cesare Battisti. Che chiss\u00e0 chi era. Sicuramente un&#8217;altro uomo importante per avere il suo nome riportato sulla tabella dell\u2019isola pedonale. L\u2019incrocio con il semaforo era l\u2019ultimo ostacolo prima di arrivare alle scuole Gabelli. Dall\u2019altra parte della strada c\u2019era la Vigilessa. Austera nella sua divisa nera. Con la cravatta ed il cappello bianco alto mezzo metro. E la gonna al ginocchio. Era lei la padrona assoluta dell\u2019incrocio. Col fischietto in bocca ed il filo-comando in mano. Severa ed inflessibile con pedoni ed automobilisti. E tutto filava liscio che nemmeno nella perfetta Svizzera. Davanti al grande cancello della scuola mi aspettava il mio amico che si chiamava come me. Paolo. Che allora i nomi erano semplici, Paolo\u2026 Giorgio\u2026 Alessandro\u2026E dalla cartella usciva una pallina da tennis mezza consumata. Giacche per terra a fare da pali e via ad iniziare una divertente partita di calcio su uno dei vialetti della \u201cScuola Elementare pi\u00f9 bella d\u2019Italia\u201d. Io tifavo Milan, Paolo per il Napoli di Maradona. Ed erano sfide all\u2019ultimo sangue fra i due piccoli emuli del \u201cPibe de oro\u201d e Franco Baresi. Sfide che terminavano al suono della prima campana e che sarebbero ricominciate il mattino dopo. Pioggia permettendo. Poi tutti in classe. E, fra un dettato ed un esercizio di aritmetica, lo sguardo si perdeva oltre i grandi vetri a cercare gli alberi del giardino. I verdi cedri del Libano, i meli ed il pruno rosso. E tutte le altre piante colorate d\u2019autunno. E mentre la maestra spiegava ammiravo quel piccolo bosco cittadino. Sognando i larici i faggi e gli abeti agordini che avrei rivisto il sabato pomeriggio a Cencenighe. Perch\u00e8, allora come adesso, una gran parte del cuore dimorava lass\u00f9. Fra i boschi e le rocce delle Magiche Dolomiti!!!<\/p>\n<p>&nbsp;<\/p>\n<hr \/>\n<p>&nbsp;<\/p>\n<blockquote>\n<h3>APRILE 1992: AGRUVIT BELLUNO VOLLEY PROMOSSA, CON MERITO, NELLA SERIE A2 di RENATO BONA<\/h3>\n<\/blockquote>\n<p><strong>BELLUNO<\/strong> Navigando in Internet ci siamo imbattuti nel sito http:\/<a href=\"https:\/\/l.facebook.com\/l.php?u=http%3A%2F%2Fbit.ly%2FFioriBarpHallOfFame%3Ffbclid%3DIwAR099GIqCXVNqA3L2Coh7QGgXJANuUSzTQwzYch8opo_lmePVfcxo1HTpEo&amp;h=AT2RqV7RqEejrOiCRgTLcprjJLd-Q5q2-lZfz-3v1HYLAg4kwTKGKr2tqr_EOpvu1GcX6tqjv1Vv71Q8ZwuKAkgMzvH7k2vQx100s2xrtvJqn6innNOubqiXMqwj4TX2cEJp4A\" target=\"_blank\" rel=\"nofollow noopener noreferrer\" data-lynx-mode=\"hover\">bit.ly\/FioriBarpHallOfFame<\/a>\u201d che propone una notizia che tempo fa \u00e8 stata postata dal direttivo del Gruppo sportivo Fiori Barp di Mas di Sedico. Cos\u00ec abbiamo appreso che: \u201cCon un pizzico di emozione e tanto, tanto orgoglio comunichiamo l&#8217;istituzione della \u2018Hall of Fame\u2019 della societ\u00e0. Non prendeteci per matti, n\u00e9 per megalomani, ma con l&#8217;approssimarsi del sessantesimo anniversario di fondazione del nostro Gruppo sportivo (il 2021 \u00e8\u2026 alle porte) abbiamo pensato fosse importante proporre un\u2019iniziativa in grado di radunare al proprio interno tutta la storia blu arancio e le numerose testimonianze raccolte negli anni, in occasione delle celebrazioni organizzate per i vari decennali del club\u201d. Si precisa quindi che l\u2019iniziativa \u00e8 nata da un\u2019idea di Roberto Bona, eclettico giornalista pubblicista di Mas di Sedico (ha trasmesso al figlio Francesco, che ora collabora con lui anche negli uffici stampa delle manifestazioni automobilistiche la passione per lo sport in generale ed i motori in particolare senza trascurare l\u2019hockey su ghiaccio che ha praticato per anni, e, ovviamente il calcio Fiori Barp, visto fra l\u2019altro che il campo sportivo \u00e8 a una decina di metri di distanza da casa\u2026 ) di cui si sottolinea che \u00e8 \u201cappassionato di sport e di storia dello sport, autore di libri sullo sport bellunese, ideatore ed amministratore della nuova pagina, collaboratore di Radio Pi\u00f9, l\u2019emittente agordina diretta da Mirko Mezzacasa\u201d. Nato giornalisticamente nella redazione bellunese del Gazzettino, Roberto Bona, che ha poi collaborato con Settegi Dolomiti, Il Corriere delle Alpi e riviste specializzate nel campo dell\u2019automobilismo, del calcio, dell\u2019hockety su ghiaccio, da anni segue molto da vicino le vicende sportive del sodalizio di Mas di Sedico.<br \/>\nDelle iniziative che saranno realizzate per celebrare il prestigioso traguardo del sessantesimo, e della storia del Fiori Barp diremo in altra occasione. Qui vogliamo ricordare che, tra le pubblicazioni di Roberto Bona, in sigla \u201crob\u201d. o \u201cro.bo.\u201d merita di essere citata \u201cLa vittoria pi\u00f9 bella\u201d con la cronistoria dell\u2019ultimo successo della Pallavolo Belluno. Nel libro, al quale hanno collaborato Diego Roldo e Viviana De Min, risale al 1992, ed \u00e8 stato realizzato da Artistudio Libanora di Belluno con immagini di Giuseppe Zanfron, l\u2019autore scrive fra l\u2019altro in presentazione che: \u201c\u2018La vittoria pi\u00f9 bella\u2019 non \u00e8 e non vuole essere un libro celebrativo, \u2018studiato\u2019 appositamente in occasione del ritorno in serie A2 del sestetto bellunese. Queste pagine, tratte dagli articoli apparsi su \u2018Il Gazzettino\u2019 nel corso della stagione 1991-92 sono il semplice, ma sentito, ringraziamento di un appassionato di volley che, nel corso degli anni ha gioito e sofferto per le sorti della \u2018sua\u2019 squadra imparando ad amarla profondamente\u201d. In apertura, il contributo di una tifosa: Mara De Min, che all\u2019epoca aveva 10 anni e che orgogliosamente spiegava che \u201c\u2026 Alla fine delle partite, se c\u2019\u00e8 tempo, mi faccio accompagnare in campo e mi faccio fare gli autografi dai giocatori fra i quali il mio preferito \u00e8 Osvaldo Maffei\u2026\u201d.<br \/>\nSegue il ricordo dei risultati conseguiti dalla compagine volleistica bellunese; questo il primo titolo citato: \u201cAgruvit (cos\u00ec allora la denominazione della squadra bellunese \u2013 ndr.), esordio vincente. Il sestetto giallobl\u00f9 ha piegato nettamente il Valdagno, Maffei match-winner con 10 punti\u201d, 3 a 1 il risultato finale, era il 3 novembre 1991. Seguono: \u201cUn\u2019Agruvit grande cos\u00ec stronca il Mantova\u201d, 0-3, 9 novembre; \u201cAgruvit stratosferica\u201d, 3-0, 17 novembre; \u201c\u2019Agruvit cade a Udine\u201d, 3-2, 24 novembre; \u201cL\u2019Agruvit torna alla vittoria\u201d, 3-0 con l\u2019Universal Carpi, 1 dicembre; \u201cAgruvit senza carattere\u201d, 3-2 a Vimercate col Di Po, 7 dicembre; \u201cL\u2019Agruvit si impone a rullo\u201d, 3 a 0 col Mia Digitronica, 16 dicembre; \u201cL\u2019Agruvit mantiene il primato\u201d, 0-3 con la Sav Bergamo, 21 dicembre; \u201cAgruvit sconfitta dal Cessalto\u201d, 2-3, 4 gennaio1992; \u201cDue punti pesanti per l\u2019Agruvit\u201d, 0-3 col Pinerolo, 11 gennaio; \u201cTerno secco dell\u2019Agruvit\u201d, 3 a 0 con la Filtrotecnica, 19 gennaio; \u201cPasseggiata dell\u2019Agruvit\u201d, 3 a 0 col Bologna, 26 gennaio; \u201cL\u2019Agruvit cade male in Piemonte\u201d, 3 -1 col Pavic Ponti, 1 febbraio; \u201cVince la grinta dell\u2019Agruvit\u201d 3 a 1 a Valdagno, 16 febbrtaio; \u201cL\u2019Agruvit riguadagna la vetta\u201d , 3 a 0 col Mantova, 23 febbraio;\u201dL\u2019Agruvit a passeggio per Paese\u201d, 1-3 col Lunazzi, 1 marzo; \u201cL\u2019Agruvit ha il passo promozione\u201d, 3 a 1 con L\u2019Ado Udine, 8 marzo; L\u2019Agruvit sbanca Carpi\u201d, 0-3 , 14 marzo; \u201cL\u2019Agruvit \u2018trita\u2019 il Vimercate, 3 a 0 col Di Po, 22 marzo; \u201cAgruvit solitaria in vetta\u201d, 1-3 col Mia Digitonica, 28 marzo; \u201cAgruvit: la serie A2 sempre pi\u00f9 vicina; grande impresa dei giallobl\u00f9 sul parquet di San Giovanni Lupatoto\u201d (mancano data, risultato e tabellino); \u201cAgruvit sempre pi\u00f9 vicina alla promozione\u201d, 3 a 0 col Bergamo, 5 aprile; \u201cUn\u2019Agruvit deconcentrata cede a Cessalto\u201d, 3 a 1, 11 aprile; finalmente il titolo che si aspettava con trepidazione: \u201cL\u2019Agruvit \u00e8 promossa in serie A2\u201d, 3 a 0 col Pinerolo, 26 aprile; \u201cVince e convince un\u2019Agruvit rimaneggiata\u201d, 3 a 1 a Piacenza con la Filtrotecnica, 2 maggio; \u201cL\u2019Agruvit in scioltezza passa a Bologna\u201d, 3 a 0, 9 maggio; per concludere con: \u201cLa grandissima festa dell\u2019Agruvit\u201d, dopo il 3 a 2 con la Pavic Ponti, Belluno, 17 maggio 1992.<br \/>\nIn chiusura non posso non dire che Roberto Bona \u00e8 mio fratello e dunque in questa occasione \u201cho giocato in casa\u201d. Ma non mi pare una colpa\u2026 E dunque, onore al merito!<\/p>\n\n\t\t\t<style type='text\/css'>\n\t\t\t\t#gallery-4 {\n\t\t\t\t\tmargin: auto;\n\t\t\t\t}\n\t\t\t\t#gallery-4 .gallery-item {\n\t\t\t\t\tfloat: left;\n\t\t\t\t\tmargin-top: 10px;\n\t\t\t\t\ttext-align: center;\n\t\t\t\t\twidth: 20%;\n\t\t\t\t}\n\t\t\t\t#gallery-4 img {\n\t\t\t\t\tborder: 2px solid #cfcfcf;\n\t\t\t\t}\n\t\t\t\t#gallery-4 .gallery-caption {\n\t\t\t\t\tmargin-left: 0;\n\t\t\t\t}\n\t\t\t\t\/* see gallery_shortcode() in wp-includes\/media.php *\/\n\t\t\t<\/style>\n\t\t<div id='gallery-4' class='dt-gallery-container gallery galleryid-160534 gallery-columns-5 gallery-size-thumbnail'><dl class='gallery-item'>\n\t\t\t\t<dt class='gallery-icon landscape'>\n\t\t\t\t\t<a class=\"rollover rollover-zoom dt-pswp-item\" title=\"119511253_237909390978142_1216972520734700275_n\" data-dt-img-description=\"\" data-large_image_width=\"738\" data-large_image_height=\"454\"href='https:\/\/www.radiopiu.net\/wordpress\/wp-content\/uploads\/2020\/09\/119511253_237909390978142_1216972520734700275_n.jpg'><img loading=\"lazy\" decoding=\"async\" width=\"150\" height=\"150\" src=\"https:\/\/www.radiopiu.net\/wordpress\/wp-content\/uploads\/2020\/09\/119511253_237909390978142_1216972520734700275_n-150x150.jpg\" class=\"attachment-thumbnail size-thumbnail\" alt=\"\" srcset=\"https:\/\/www.radiopiu.net\/wordpress\/wp-content\/uploads\/2020\/09\/119511253_237909390978142_1216972520734700275_n-150x150.jpg 150w, https:\/\/www.radiopiu.net\/wordpress\/wp-content\/uploads\/2020\/09\/119511253_237909390978142_1216972520734700275_n-125x125.jpg 125w, https:\/\/www.radiopiu.net\/wordpress\/wp-content\/uploads\/2020\/09\/119511253_237909390978142_1216972520734700275_n-200x200.jpg 200w, https:\/\/www.radiopiu.net\/wordpress\/wp-content\/uploads\/2020\/09\/119511253_237909390978142_1216972520734700275_n-80x80.jpg 80w\" sizes=\"auto, (max-width: 150px) 100vw, 150px\" \/><\/a>\n\t\t\t\t<\/dt><\/dl><dl class='gallery-item'>\n\t\t\t\t<dt class='gallery-icon portrait'>\n\t\t\t\t\t<a class=\"rollover rollover-zoom dt-pswp-item\" title=\"119489614_680772502570307_3451098035446193398_n\" data-dt-img-description=\"\" data-large_image_width=\"682\" data-large_image_height=\"960\"href='https:\/\/www.radiopiu.net\/wordpress\/wp-content\/uploads\/2020\/09\/119489614_680772502570307_3451098035446193398_n.jpg'><img loading=\"lazy\" decoding=\"async\" width=\"150\" height=\"150\" src=\"https:\/\/www.radiopiu.net\/wordpress\/wp-content\/uploads\/2020\/09\/119489614_680772502570307_3451098035446193398_n-150x150.jpg\" class=\"attachment-thumbnail size-thumbnail\" alt=\"\" srcset=\"https:\/\/www.radiopiu.net\/wordpress\/wp-content\/uploads\/2020\/09\/119489614_680772502570307_3451098035446193398_n-150x150.jpg 150w, https:\/\/www.radiopiu.net\/wordpress\/wp-content\/uploads\/2020\/09\/119489614_680772502570307_3451098035446193398_n-125x125.jpg 125w, https:\/\/www.radiopiu.net\/wordpress\/wp-content\/uploads\/2020\/09\/119489614_680772502570307_3451098035446193398_n-200x200.jpg 200w, https:\/\/www.radiopiu.net\/wordpress\/wp-content\/uploads\/2020\/09\/119489614_680772502570307_3451098035446193398_n-80x80.jpg 80w\" sizes=\"auto, (max-width: 150px) 100vw, 150px\" \/><\/a>\n\t\t\t\t<\/dt><\/dl><dl class='gallery-item'>\n\t\t\t\t<dt class='gallery-icon landscape'>\n\t\t\t\t\t<a class=\"rollover rollover-zoom dt-pswp-item\" title=\"119485390_670883646877841_6018393970888617986_n\" data-dt-img-description=\"\" data-large_image_width=\"2048\" data-large_image_height=\"997\"href='https:\/\/www.radiopiu.net\/wordpress\/wp-content\/uploads\/2020\/09\/119485390_670883646877841_6018393970888617986_n.jpg'><img loading=\"lazy\" decoding=\"async\" width=\"150\" height=\"150\" src=\"https:\/\/www.radiopiu.net\/wordpress\/wp-content\/uploads\/2020\/09\/119485390_670883646877841_6018393970888617986_n-150x150.jpg\" class=\"attachment-thumbnail size-thumbnail\" alt=\"\" srcset=\"https:\/\/www.radiopiu.net\/wordpress\/wp-content\/uploads\/2020\/09\/119485390_670883646877841_6018393970888617986_n-150x150.jpg 150w, https:\/\/www.radiopiu.net\/wordpress\/wp-content\/uploads\/2020\/09\/119485390_670883646877841_6018393970888617986_n-125x125.jpg 125w, https:\/\/www.radiopiu.net\/wordpress\/wp-content\/uploads\/2020\/09\/119485390_670883646877841_6018393970888617986_n-200x200.jpg 200w, https:\/\/www.radiopiu.net\/wordpress\/wp-content\/uploads\/2020\/09\/119485390_670883646877841_6018393970888617986_n-80x80.jpg 80w\" sizes=\"auto, (max-width: 150px) 100vw, 150px\" \/><\/a>\n\t\t\t\t<\/dt><\/dl><dl class='gallery-item'>\n\t\t\t\t<dt class='gallery-icon portrait'>\n\t\t\t\t\t<a class=\"rollover rollover-zoom dt-pswp-item\" title=\"119434621_1048987305554458_6240939407192230379_n\" data-dt-img-description=\"\" data-large_image_width=\"531\" data-large_image_height=\"960\"href='https:\/\/www.radiopiu.net\/wordpress\/wp-content\/uploads\/2020\/09\/119434621_1048987305554458_6240939407192230379_n.jpg'><img loading=\"lazy\" decoding=\"async\" width=\"150\" height=\"150\" src=\"https:\/\/www.radiopiu.net\/wordpress\/wp-content\/uploads\/2020\/09\/119434621_1048987305554458_6240939407192230379_n-150x150.jpg\" class=\"attachment-thumbnail size-thumbnail\" alt=\"\" srcset=\"https:\/\/www.radiopiu.net\/wordpress\/wp-content\/uploads\/2020\/09\/119434621_1048987305554458_6240939407192230379_n-150x150.jpg 150w, https:\/\/www.radiopiu.net\/wordpress\/wp-content\/uploads\/2020\/09\/119434621_1048987305554458_6240939407192230379_n-125x125.jpg 125w, https:\/\/www.radiopiu.net\/wordpress\/wp-content\/uploads\/2020\/09\/119434621_1048987305554458_6240939407192230379_n-200x200.jpg 200w, https:\/\/www.radiopiu.net\/wordpress\/wp-content\/uploads\/2020\/09\/119434621_1048987305554458_6240939407192230379_n-80x80.jpg 80w\" sizes=\"auto, (max-width: 150px) 100vw, 150px\" \/><\/a>\n\t\t\t\t<\/dt><\/dl><dl class='gallery-item'>\n\t\t\t\t<dt class='gallery-icon portrait'>\n\t\t\t\t\t<a class=\"rollover rollover-zoom dt-pswp-item\" title=\"119448752_3448107871936053_2298098361626605930_n\" data-dt-img-description=\"\" data-large_image_width=\"520\" data-large_image_height=\"960\"href='https:\/\/www.radiopiu.net\/wordpress\/wp-content\/uploads\/2020\/09\/119448752_3448107871936053_2298098361626605930_n.jpg'><img loading=\"lazy\" decoding=\"async\" width=\"150\" height=\"150\" src=\"https:\/\/www.radiopiu.net\/wordpress\/wp-content\/uploads\/2020\/09\/119448752_3448107871936053_2298098361626605930_n-150x150.jpg\" class=\"attachment-thumbnail size-thumbnail\" alt=\"\" srcset=\"https:\/\/www.radiopiu.net\/wordpress\/wp-content\/uploads\/2020\/09\/119448752_3448107871936053_2298098361626605930_n-150x150.jpg 150w, https:\/\/www.radiopiu.net\/wordpress\/wp-content\/uploads\/2020\/09\/119448752_3448107871936053_2298098361626605930_n-125x125.jpg 125w, https:\/\/www.radiopiu.net\/wordpress\/wp-content\/uploads\/2020\/09\/119448752_3448107871936053_2298098361626605930_n-200x200.jpg 200w, https:\/\/www.radiopiu.net\/wordpress\/wp-content\/uploads\/2020\/09\/119448752_3448107871936053_2298098361626605930_n-80x80.jpg 80w\" sizes=\"auto, (max-width: 150px) 100vw, 150px\" \/><\/a>\n\t\t\t\t<\/dt><\/dl><br style=\"clear: both\" \/><dl class='gallery-item'>\n\t\t\t\t<dt class='gallery-icon portrait'>\n\t\t\t\t\t<a class=\"rollover rollover-zoom dt-pswp-item\" title=\"119483698_391829298473081_5091070693759788252_n\" data-dt-img-description=\"\" data-large_image_width=\"547\" data-large_image_height=\"960\"href='https:\/\/www.radiopiu.net\/wordpress\/wp-content\/uploads\/2020\/09\/119483698_391829298473081_5091070693759788252_n.jpg'><img loading=\"lazy\" decoding=\"async\" width=\"150\" height=\"150\" src=\"https:\/\/www.radiopiu.net\/wordpress\/wp-content\/uploads\/2020\/09\/119483698_391829298473081_5091070693759788252_n-150x150.jpg\" class=\"attachment-thumbnail size-thumbnail\" alt=\"\" srcset=\"https:\/\/www.radiopiu.net\/wordpress\/wp-content\/uploads\/2020\/09\/119483698_391829298473081_5091070693759788252_n-150x150.jpg 150w, https:\/\/www.radiopiu.net\/wordpress\/wp-content\/uploads\/2020\/09\/119483698_391829298473081_5091070693759788252_n-125x125.jpg 125w, https:\/\/www.radiopiu.net\/wordpress\/wp-content\/uploads\/2020\/09\/119483698_391829298473081_5091070693759788252_n-200x200.jpg 200w, https:\/\/www.radiopiu.net\/wordpress\/wp-content\/uploads\/2020\/09\/119483698_391829298473081_5091070693759788252_n-80x80.jpg 80w\" sizes=\"auto, (max-width: 150px) 100vw, 150px\" \/><\/a>\n\t\t\t\t<\/dt><\/dl><dl class='gallery-item'>\n\t\t\t\t<dt class='gallery-icon portrait'>\n\t\t\t\t\t<a class=\"rollover rollover-zoom dt-pswp-item\" title=\"119472937_686358512230033_3230743035223220592_n\" data-dt-img-description=\"\" data-large_image_width=\"532\" data-large_image_height=\"960\"href='https:\/\/www.radiopiu.net\/wordpress\/wp-content\/uploads\/2020\/09\/119472937_686358512230033_3230743035223220592_n.jpg'><img loading=\"lazy\" decoding=\"async\" width=\"150\" height=\"150\" src=\"https:\/\/www.radiopiu.net\/wordpress\/wp-content\/uploads\/2020\/09\/119472937_686358512230033_3230743035223220592_n-150x150.jpg\" class=\"attachment-thumbnail size-thumbnail\" alt=\"\" srcset=\"https:\/\/www.radiopiu.net\/wordpress\/wp-content\/uploads\/2020\/09\/119472937_686358512230033_3230743035223220592_n-150x150.jpg 150w, https:\/\/www.radiopiu.net\/wordpress\/wp-content\/uploads\/2020\/09\/119472937_686358512230033_3230743035223220592_n-125x125.jpg 125w, https:\/\/www.radiopiu.net\/wordpress\/wp-content\/uploads\/2020\/09\/119472937_686358512230033_3230743035223220592_n-200x200.jpg 200w, https:\/\/www.radiopiu.net\/wordpress\/wp-content\/uploads\/2020\/09\/119472937_686358512230033_3230743035223220592_n-80x80.jpg 80w\" sizes=\"auto, (max-width: 150px) 100vw, 150px\" \/><\/a>\n\t\t\t\t<\/dt><\/dl><dl class='gallery-item'>\n\t\t\t\t<dt class='gallery-icon portrait'>\n\t\t\t\t\t<a class=\"rollover rollover-zoom dt-pswp-item\" title=\"119432635_367129794316427_1154616754205041555_n\" data-dt-img-description=\"\" data-large_image_width=\"502\" data-large_image_height=\"960\"href='https:\/\/www.radiopiu.net\/wordpress\/wp-content\/uploads\/2020\/09\/119432635_367129794316427_1154616754205041555_n.jpg'><img loading=\"lazy\" decoding=\"async\" width=\"150\" height=\"150\" src=\"https:\/\/www.radiopiu.net\/wordpress\/wp-content\/uploads\/2020\/09\/119432635_367129794316427_1154616754205041555_n-150x150.jpg\" class=\"attachment-thumbnail size-thumbnail\" alt=\"\" srcset=\"https:\/\/www.radiopiu.net\/wordpress\/wp-content\/uploads\/2020\/09\/119432635_367129794316427_1154616754205041555_n-150x150.jpg 150w, https:\/\/www.radiopiu.net\/wordpress\/wp-content\/uploads\/2020\/09\/119432635_367129794316427_1154616754205041555_n-125x125.jpg 125w, https:\/\/www.radiopiu.net\/wordpress\/wp-content\/uploads\/2020\/09\/119432635_367129794316427_1154616754205041555_n-200x200.jpg 200w, https:\/\/www.radiopiu.net\/wordpress\/wp-content\/uploads\/2020\/09\/119432635_367129794316427_1154616754205041555_n-80x80.jpg 80w\" sizes=\"auto, (max-width: 150px) 100vw, 150px\" \/><\/a>\n\t\t\t\t<\/dt><\/dl><dl class='gallery-item'>\n\t\t\t\t<dt class='gallery-icon portrait'>\n\t\t\t\t\t<a class=\"rollover rollover-zoom dt-pswp-item\" title=\"119432669_705203846733780_5707044807414013419_n\" data-dt-img-description=\"\" data-large_image_width=\"534\" data-large_image_height=\"960\"href='https:\/\/www.radiopiu.net\/wordpress\/wp-content\/uploads\/2020\/09\/119432669_705203846733780_5707044807414013419_n.jpg'><img loading=\"lazy\" decoding=\"async\" width=\"150\" height=\"150\" src=\"https:\/\/www.radiopiu.net\/wordpress\/wp-content\/uploads\/2020\/09\/119432669_705203846733780_5707044807414013419_n-150x150.jpg\" class=\"attachment-thumbnail size-thumbnail\" alt=\"\" srcset=\"https:\/\/www.radiopiu.net\/wordpress\/wp-content\/uploads\/2020\/09\/119432669_705203846733780_5707044807414013419_n-150x150.jpg 150w, https:\/\/www.radiopiu.net\/wordpress\/wp-content\/uploads\/2020\/09\/119432669_705203846733780_5707044807414013419_n-125x125.jpg 125w, https:\/\/www.radiopiu.net\/wordpress\/wp-content\/uploads\/2020\/09\/119432669_705203846733780_5707044807414013419_n-200x200.jpg 200w, https:\/\/www.radiopiu.net\/wordpress\/wp-content\/uploads\/2020\/09\/119432669_705203846733780_5707044807414013419_n-80x80.jpg 80w\" sizes=\"auto, (max-width: 150px) 100vw, 150px\" \/><\/a>\n\t\t\t\t<\/dt><\/dl><dl class='gallery-item'>\n\t\t\t\t<dt class='gallery-icon portrait'>\n\t\t\t\t\t<a class=\"rollover rollover-zoom dt-pswp-item\" title=\"119661423_406075180359642_5162373536971878229_n\" data-dt-img-description=\"\" data-large_image_width=\"560\" data-large_image_height=\"960\"href='https:\/\/www.radiopiu.net\/wordpress\/wp-content\/uploads\/2020\/09\/119661423_406075180359642_5162373536971878229_n.jpg'><img loading=\"lazy\" decoding=\"async\" width=\"150\" height=\"150\" src=\"https:\/\/www.radiopiu.net\/wordpress\/wp-content\/uploads\/2020\/09\/119661423_406075180359642_5162373536971878229_n-150x150.jpg\" class=\"attachment-thumbnail size-thumbnail\" alt=\"\" srcset=\"https:\/\/www.radiopiu.net\/wordpress\/wp-content\/uploads\/2020\/09\/119661423_406075180359642_5162373536971878229_n-150x150.jpg 150w, https:\/\/www.radiopiu.net\/wordpress\/wp-content\/uploads\/2020\/09\/119661423_406075180359642_5162373536971878229_n-125x125.jpg 125w, https:\/\/www.radiopiu.net\/wordpress\/wp-content\/uploads\/2020\/09\/119661423_406075180359642_5162373536971878229_n-200x200.jpg 200w, https:\/\/www.radiopiu.net\/wordpress\/wp-content\/uploads\/2020\/09\/119661423_406075180359642_5162373536971878229_n-80x80.jpg 80w\" sizes=\"auto, (max-width: 150px) 100vw, 150px\" \/><\/a>\n\t\t\t\t<\/dt><\/dl><br style=\"clear: both\" \/><dl class='gallery-item'>\n\t\t\t\t<dt class='gallery-icon portrait'>\n\t\t\t\t\t<a class=\"rollover rollover-zoom dt-pswp-item\" title=\"119451201_758626148044497_1316152568400073848_n\" data-dt-img-description=\"\" data-large_image_width=\"560\" data-large_image_height=\"960\"href='https:\/\/www.radiopiu.net\/wordpress\/wp-content\/uploads\/2020\/09\/119451201_758626148044497_1316152568400073848_n.jpg'><img loading=\"lazy\" decoding=\"async\" width=\"150\" height=\"150\" src=\"https:\/\/www.radiopiu.net\/wordpress\/wp-content\/uploads\/2020\/09\/119451201_758626148044497_1316152568400073848_n-150x150.jpg\" class=\"attachment-thumbnail size-thumbnail\" alt=\"\" srcset=\"https:\/\/www.radiopiu.net\/wordpress\/wp-content\/uploads\/2020\/09\/119451201_758626148044497_1316152568400073848_n-150x150.jpg 150w, https:\/\/www.radiopiu.net\/wordpress\/wp-content\/uploads\/2020\/09\/119451201_758626148044497_1316152568400073848_n-125x125.jpg 125w, https:\/\/www.radiopiu.net\/wordpress\/wp-content\/uploads\/2020\/09\/119451201_758626148044497_1316152568400073848_n-200x200.jpg 200w, https:\/\/www.radiopiu.net\/wordpress\/wp-content\/uploads\/2020\/09\/119451201_758626148044497_1316152568400073848_n-80x80.jpg 80w\" sizes=\"auto, (max-width: 150px) 100vw, 150px\" \/><\/a>\n\t\t\t\t<\/dt><\/dl><dl class='gallery-item'>\n\t\t\t\t<dt class='gallery-icon portrait'>\n\t\t\t\t\t<a class=\"rollover rollover-zoom dt-pswp-item\" title=\"119458738_332563137851627_6290082955770247149_n\" data-dt-img-description=\"\" data-large_image_width=\"513\" data-large_image_height=\"960\"href='https:\/\/www.radiopiu.net\/wordpress\/wp-content\/uploads\/2020\/09\/119458738_332563137851627_6290082955770247149_n.jpg'><img loading=\"lazy\" decoding=\"async\" width=\"150\" height=\"150\" src=\"https:\/\/www.radiopiu.net\/wordpress\/wp-content\/uploads\/2020\/09\/119458738_332563137851627_6290082955770247149_n-150x150.jpg\" class=\"attachment-thumbnail size-thumbnail\" alt=\"\" srcset=\"https:\/\/www.radiopiu.net\/wordpress\/wp-content\/uploads\/2020\/09\/119458738_332563137851627_6290082955770247149_n-150x150.jpg 150w, https:\/\/www.radiopiu.net\/wordpress\/wp-content\/uploads\/2020\/09\/119458738_332563137851627_6290082955770247149_n-125x125.jpg 125w, https:\/\/www.radiopiu.net\/wordpress\/wp-content\/uploads\/2020\/09\/119458738_332563137851627_6290082955770247149_n-200x200.jpg 200w, https:\/\/www.radiopiu.net\/wordpress\/wp-content\/uploads\/2020\/09\/119458738_332563137851627_6290082955770247149_n-80x80.jpg 80w\" sizes=\"auto, (max-width: 150px) 100vw, 150px\" \/><\/a>\n\t\t\t\t<\/dt><\/dl><dl class='gallery-item'>\n\t\t\t\t<dt class='gallery-icon landscape'>\n\t\t\t\t\t<a class=\"rollover rollover-zoom dt-pswp-item\" title=\"119479866_604639420210951_2766236643028518714_n\" data-dt-img-description=\"\" data-large_image_width=\"960\" data-large_image_height=\"855\"href='https:\/\/www.radiopiu.net\/wordpress\/wp-content\/uploads\/2020\/09\/119479866_604639420210951_2766236643028518714_n.jpg'><img loading=\"lazy\" decoding=\"async\" width=\"150\" height=\"150\" src=\"https:\/\/www.radiopiu.net\/wordpress\/wp-content\/uploads\/2020\/09\/119479866_604639420210951_2766236643028518714_n-150x150.jpg\" class=\"attachment-thumbnail size-thumbnail\" alt=\"\" srcset=\"https:\/\/www.radiopiu.net\/wordpress\/wp-content\/uploads\/2020\/09\/119479866_604639420210951_2766236643028518714_n-150x150.jpg 150w, https:\/\/www.radiopiu.net\/wordpress\/wp-content\/uploads\/2020\/09\/119479866_604639420210951_2766236643028518714_n-125x125.jpg 125w, https:\/\/www.radiopiu.net\/wordpress\/wp-content\/uploads\/2020\/09\/119479866_604639420210951_2766236643028518714_n-200x200.jpg 200w, https:\/\/www.radiopiu.net\/wordpress\/wp-content\/uploads\/2020\/09\/119479866_604639420210951_2766236643028518714_n-80x80.jpg 80w\" sizes=\"auto, (max-width: 150px) 100vw, 150px\" \/><\/a>\n\t\t\t\t<\/dt><\/dl><dl class='gallery-item'>\n\t\t\t\t<dt class='gallery-icon landscape'>\n\t\t\t\t\t<a class=\"rollover rollover-zoom dt-pswp-item\" title=\"119597415_334961047852932_2003526899403112382_n\" data-dt-img-description=\"\" data-large_image_width=\"2048\" data-large_image_height=\"1068\"href='https:\/\/www.radiopiu.net\/wordpress\/wp-content\/uploads\/2020\/09\/119597415_334961047852932_2003526899403112382_n.jpg'><img loading=\"lazy\" decoding=\"async\" width=\"150\" height=\"150\" src=\"https:\/\/www.radiopiu.net\/wordpress\/wp-content\/uploads\/2020\/09\/119597415_334961047852932_2003526899403112382_n-150x150.jpg\" class=\"attachment-thumbnail size-thumbnail\" alt=\"\" srcset=\"https:\/\/www.radiopiu.net\/wordpress\/wp-content\/uploads\/2020\/09\/119597415_334961047852932_2003526899403112382_n-150x150.jpg 150w, https:\/\/www.radiopiu.net\/wordpress\/wp-content\/uploads\/2020\/09\/119597415_334961047852932_2003526899403112382_n-125x125.jpg 125w, https:\/\/www.radiopiu.net\/wordpress\/wp-content\/uploads\/2020\/09\/119597415_334961047852932_2003526899403112382_n-200x200.jpg 200w, https:\/\/www.radiopiu.net\/wordpress\/wp-content\/uploads\/2020\/09\/119597415_334961047852932_2003526899403112382_n-80x80.jpg 80w\" sizes=\"auto, (max-width: 150px) 100vw, 150px\" \/><\/a>\n\t\t\t\t<\/dt><\/dl><dl class='gallery-item'>\n\t\t\t\t<dt class='gallery-icon landscape'>\n\t\t\t\t\t<a class=\"rollover rollover-zoom dt-pswp-item\" title=\"119452573_622295538443704_3577982262861135752_n\" data-dt-img-description=\"\" data-large_image_width=\"2048\" data-large_image_height=\"1235\"href='https:\/\/www.radiopiu.net\/wordpress\/wp-content\/uploads\/2020\/09\/119452573_622295538443704_3577982262861135752_n.jpg'><img loading=\"lazy\" decoding=\"async\" width=\"150\" height=\"150\" src=\"https:\/\/www.radiopiu.net\/wordpress\/wp-content\/uploads\/2020\/09\/119452573_622295538443704_3577982262861135752_n-150x150.jpg\" class=\"attachment-thumbnail size-thumbnail\" alt=\"\" srcset=\"https:\/\/www.radiopiu.net\/wordpress\/wp-content\/uploads\/2020\/09\/119452573_622295538443704_3577982262861135752_n-150x150.jpg 150w, https:\/\/www.radiopiu.net\/wordpress\/wp-content\/uploads\/2020\/09\/119452573_622295538443704_3577982262861135752_n-125x125.jpg 125w, https:\/\/www.radiopiu.net\/wordpress\/wp-content\/uploads\/2020\/09\/119452573_622295538443704_3577982262861135752_n-200x200.jpg 200w, https:\/\/www.radiopiu.net\/wordpress\/wp-content\/uploads\/2020\/09\/119452573_622295538443704_3577982262861135752_n-80x80.jpg 80w\" sizes=\"auto, (max-width: 150px) 100vw, 150px\" \/><\/a>\n\t\t\t\t<\/dt><\/dl><br style=\"clear: both\" \/>\n\t\t\t<\/div>\n\n<p>NELLE FOTO (Facebook e riproduzioni da \u201cLa vittoria pi\u00f9 bella\u201d): Il giornalista Roberto Bona con il collega Damiano Tormen (rally Dolomiti 2018); la copertina del suo libro sulla Pallavolo Belluno, all\u2019epoca Agruvit; la formazione della Pallavolo Agruvit Belluno; mister Alberto Roitman; l\u2019\u201cistituzione\u201d Diego Roldo; Ezio Ebone; Claudio Del Treppo; Osvaldo Maffei; Max Bristot; Carlo Gaddo; Bubi Carlos Wagenpfeil; Luca Dal Pan; raggianti Beltrame e Gaddo; gli artefici della promozione; i \u201cPanthers\u201d impareggiabili sostenitori.<\/p>\n<p>&nbsp;<\/p>\n<p>&nbsp;<\/p>\n<hr \/>\n<p>&nbsp;<\/p>\n<p>&nbsp;<\/p>\n<blockquote>\n<h3>L&#8217;EMERGENZA COVID 19 PORTA ALL&#8217;ANNULLAMENTO DELLA MESSA PER I FIGLI SCOMPARSI<\/h3>\n<\/blockquote>\n<p><strong><a class=\"dt-pswp-item\" href=\"https:\/\/www.radiopiu.net\/wordpress\/wp-content\/uploads\/2016\/06\/genitorisemprelogo.png\" data-dt-img-description=\"\" data-large_image_width=\"200\" data-large_image_height=\"200\"><img loading=\"lazy\" decoding=\"async\" class=\"wp-image-20238 alignleft\" src=\"https:\/\/www.radiopiu.net\/wordpress\/wp-content\/uploads\/2016\/06\/genitorisemprelogo.png\" alt=\"\" width=\"93\" height=\"93\" \/><\/a>AGORDO<\/strong><\/p>\n<p><strong>DI GIANNI SANTOMASO\u00a0<\/strong><\/p>\n<audio class=\"wp-audio-shortcode\" id=\"audio-160534-5\" preload=\"none\" style=\"width: 100%;\" controls=\"controls\"><source type=\"audio\/mpeg\" src=\"https:\/\/www.radiopiu.net\/wordpress\/wp-content\/uploads\/2020\/09\/gianni-genitori-sempre.mp3?_=5\" \/><a href=\"https:\/\/www.radiopiu.net\/wordpress\/wp-content\/uploads\/2020\/09\/gianni-genitori-sempre.mp3\">https:\/\/www.radiopiu.net\/wordpress\/wp-content\/uploads\/2020\/09\/gianni-genitori-sempre.mp3<\/a><\/audio>\n<p>&nbsp;<\/p>\n<p>&nbsp;<\/p>\n<hr \/>\n<p>&nbsp;<\/p>\n<p><a class=\"dt-pswp-item\" href=\"https:\/\/www.radiopiu.net\/wordpress\/wp-content\/uploads\/2018\/09\/appuntamenti.jpeg\" data-dt-img-description=\"\" data-large_image_width=\"800\" data-large_image_height=\"100\"><img loading=\"lazy\" decoding=\"async\" class=\"aligncenter wp-image-61958 size-full\" src=\"https:\/\/www.radiopiu.net\/wordpress\/wp-content\/uploads\/2018\/09\/appuntamenti.jpeg\" alt=\"\" width=\"800\" height=\"100\" srcset=\"https:\/\/www.radiopiu.net\/wordpress\/wp-content\/uploads\/2018\/09\/appuntamenti.jpeg 800w, https:\/\/www.radiopiu.net\/wordpress\/wp-content\/uploads\/2018\/09\/appuntamenti-300x38.jpeg 300w, https:\/\/www.radiopiu.net\/wordpress\/wp-content\/uploads\/2018\/09\/appuntamenti-768x96.jpeg 768w\" sizes=\"auto, (max-width: 800px) 100vw, 800px\" \/><\/a><\/p>\n<p>&nbsp;<\/p>\n<p><strong><span style=\"color: #ff0000;\"><span style=\"color: #000000;\">MOTOGIRO E AUTOGIRO, OGGI NELL&#8217;AGORDINO.<\/span> A Feltre alle 11.21, Agordo 12.39, Siror 13.17 a seguire Passo Rolle, Valle e arrivo a Falcade previsto per le 14.29, alle 15 ad Alleghe e alle 16 a Cortina.<\/span><\/strong><\/p>\n<p>&nbsp;<\/p>\n<hr \/>\n<p>&nbsp;<\/p>\n<p>&nbsp;<\/p>\n<blockquote>\n<h3>SABATO 26 SETTEMBRE LA PRESENTAZIONE ALLO SKI COLLEGE<\/h3>\n<\/blockquote>\n<p><strong>FALCADE<\/strong> Sabato 26 settembre alle 14.30 al polo scolastico di Falcade, presso la Sala Polifunzionale Dolomiti di\u00a0 Via Trieste, saranno presentate le squadre agonistiche 2020-21 dello Ski College Veneto-Falcade.<\/p>\n<p>&nbsp;<\/p>\n<hr \/>\n<p>&nbsp;<\/p>\n<blockquote>\n<h3>CAI AGORDO IN ASSEMBLEA<\/h3>\n<\/blockquote>\n<p><strong>AGORDO<\/strong>\u00a0 L&#8217;Assemblea Annuale che doveva tenersi a marzo e gi\u00e0 rinviata, \u00e8 stata convocata per venerd\u00ec 18 settembre alle 18 nella Sala Convegni &#8220;Don Tamis&#8221;. Per le note limitazioni sanitarie, quest&#8217;anno la S. Messa ed il pranzo non si svolgeranno.<\/p>\n<p>&nbsp;<\/p>\n<hr \/>\n<p>&nbsp;<\/p>\n<blockquote>\n<h3>OCA IN TAVOLA PER LA RICOSTRUZIONE DI MALGA FOCA<\/h3>\n<\/blockquote>\n<p><a class=\"dt-pswp-item\" href=\"https:\/\/www.radiopiu.net\/wordpress\/wp-content\/uploads\/2020\/09\/7d67ef31-5329-4c87-a9ae-e6f170c76d31.jpg\" data-dt-img-description=\"\" data-large_image_width=\"1600\" data-large_image_height=\"1131\"><img loading=\"lazy\" decoding=\"async\" class=\" wp-image-159897 alignleft\" src=\"https:\/\/www.radiopiu.net\/wordpress\/wp-content\/uploads\/2020\/09\/7d67ef31-5329-4c87-a9ae-e6f170c76d31-300x212.jpg\" alt=\"\" width=\"245\" height=\"173\" srcset=\"https:\/\/www.radiopiu.net\/wordpress\/wp-content\/uploads\/2020\/09\/7d67ef31-5329-4c87-a9ae-e6f170c76d31-300x212.jpg 300w, https:\/\/www.radiopiu.net\/wordpress\/wp-content\/uploads\/2020\/09\/7d67ef31-5329-4c87-a9ae-e6f170c76d31-1024x724.jpg 1024w, https:\/\/www.radiopiu.net\/wordpress\/wp-content\/uploads\/2020\/09\/7d67ef31-5329-4c87-a9ae-e6f170c76d31-768x543.jpg 768w, https:\/\/www.radiopiu.net\/wordpress\/wp-content\/uploads\/2020\/09\/7d67ef31-5329-4c87-a9ae-e6f170c76d31-1536x1086.jpg 1536w, https:\/\/www.radiopiu.net\/wordpress\/wp-content\/uploads\/2020\/09\/7d67ef31-5329-4c87-a9ae-e6f170c76d31-640x452.jpg 640w, https:\/\/www.radiopiu.net\/wordpress\/wp-content\/uploads\/2020\/09\/7d67ef31-5329-4c87-a9ae-e6f170c76d31.jpg 1600w\" sizes=\"auto, (max-width: 245px) 100vw, 245px\" \/><\/a><strong>LA VALLE<\/strong> Un&#8217;altra iniziativa per raccogliere fondi per Malga Foca distrutta da un furioso incendio. Malga Calleda e l&#8217;azienda agricola di Michele Littam\u00e8 infatti ha organizzato per sabato 19 settembre alle 12.30 &#8220;l&#8217;oca in malga&#8221;, una giornata di degustazione e benessere con formaggi di malga e i prodotti di eccellenza a base d&#8217;oca con i migliori vini dei Colli Euganei. Capienza massima 45 persone, prenotazione obbligatoria al 3804198506 oppure 3466933177. Costo della giornata 25-30 euro, il ricavato sar\u00e0 devoluto in beneficenza. L&#8217;oca sar\u00e0 portata in malga da uno dei migliori allevatori del Veneto che si \u00e8 reso disponibile per cucinarla.<\/p>\n<h3><\/h3>\n<p>&nbsp;<\/p>\n<hr \/>\n<h3><\/h3>\n<h3>NUOVI ORARI PER LE VISTE AL CASTELLO DI ANDRAZ<\/h3>\n<p>Il castello riaprir\u00e0 nei successivi 4 weekend (fino a domenica 11 ottobre), dal venerd\u00ec alla domenica, con orario leggermente ridotto: dalle 10.00 alle 12.30 e dalle 14.30 alle 17.30. \u00a0Le visite guidate o libere vanno prenotate al 334 33 46 680 o via mail a info@castellodiandraz.it<\/p>\n<p>&nbsp;<\/p>\n<p>&nbsp;<\/p>\n<hr \/>\n<p>&nbsp;<\/p>\n<blockquote>\n<h3>IERI ALLA RADIO<\/h3>\n<h3><a class=\"dt-pswp-item\" href=\"https:\/\/www.radiopiu.net\/wordpress\/wp-content\/uploads\/2020\/09\/SCUOLA-TAIBON.png\" data-dt-img-description=\"\" data-large_image_width=\"1280\" data-large_image_height=\"792\"><img loading=\"lazy\" decoding=\"async\" class=\"wp-image-160374 alignleft\" src=\"https:\/\/www.radiopiu.net\/wordpress\/wp-content\/uploads\/2020\/09\/SCUOLA-TAIBON-300x186.png\" alt=\"\" width=\"185\" height=\"115\" srcset=\"https:\/\/www.radiopiu.net\/wordpress\/wp-content\/uploads\/2020\/09\/SCUOLA-TAIBON-300x186.png 300w, https:\/\/www.radiopiu.net\/wordpress\/wp-content\/uploads\/2020\/09\/SCUOLA-TAIBON-1024x634.png 1024w, https:\/\/www.radiopiu.net\/wordpress\/wp-content\/uploads\/2020\/09\/SCUOLA-TAIBON-768x475.png 768w, https:\/\/www.radiopiu.net\/wordpress\/wp-content\/uploads\/2020\/09\/SCUOLA-TAIBON-640x396.png 640w, https:\/\/www.radiopiu.net\/wordpress\/wp-content\/uploads\/2020\/09\/SCUOLA-TAIBON.png 1280w\" sizes=\"auto, (max-width: 185px) 100vw, 185px\" \/><\/a>IL PRIMO NUMERO DI 007 IN CONDOTTA, NUOVA STAGIONE: NONO ANNO. CON LA PROF. MARIA ROSA SALMAZO<\/h3>\n<\/blockquote>\n<p><strong>di Claudio Fontanive<\/strong><\/p>\n<audio class=\"wp-audio-shortcode\" id=\"audio-160534-6\" preload=\"none\" style=\"width: 100%;\" controls=\"controls\"><source type=\"audio\/mpeg\" src=\"https:\/\/www.radiopiu.net\/wordpress\/wp-content\/uploads\/2020\/09\/007-condotta-14-settembre.mp3?_=6\" \/><a href=\"https:\/\/www.radiopiu.net\/wordpress\/wp-content\/uploads\/2020\/09\/007-condotta-14-settembre.mp3\">https:\/\/www.radiopiu.net\/wordpress\/wp-content\/uploads\/2020\/09\/007-condotta-14-settembre.mp3<\/a><\/audio>\n<p>&nbsp;<\/p>\n<hr \/>\n<p>&nbsp;<\/p>\n<h2><\/h2>\n<h2><span style=\"color: #000080;\"><a class=\"dt-pswp-item\" href=\"https:\/\/www.radiopiu.net\/wordpress\/wp-content\/uploads\/2020\/07\/a8a8cbd6-9ca3-4f14-9e6a-43069c08cd84.jpg\" data-dt-img-description=\"\" data-large_image_width=\"960\" data-large_image_height=\"720\"><img loading=\"lazy\" decoding=\"async\" class=\"wp-image-151434 alignleft\" src=\"https:\/\/www.radiopiu.net\/wordpress\/wp-content\/uploads\/2020\/07\/a8a8cbd6-9ca3-4f14-9e6a-43069c08cd84-300x225.jpg\" alt=\"\" width=\"213\" height=\"160\" srcset=\"https:\/\/www.radiopiu.net\/wordpress\/wp-content\/uploads\/2020\/07\/a8a8cbd6-9ca3-4f14-9e6a-43069c08cd84-300x225.jpg 300w, https:\/\/www.radiopiu.net\/wordpress\/wp-content\/uploads\/2020\/07\/a8a8cbd6-9ca3-4f14-9e6a-43069c08cd84-768x576.jpg 768w, https:\/\/www.radiopiu.net\/wordpress\/wp-content\/uploads\/2020\/07\/a8a8cbd6-9ca3-4f14-9e6a-43069c08cd84.jpg 960w\" sizes=\"auto, (max-width: 213px) 100vw, 213px\" \/><\/a><\/span><\/h2>\n<h2><\/h2>\n<h2><span style=\"color: #000080;\">DON CESARE, IL PENSIERO DEL GIORNO. ALLA RADIO ALLE 7 DEL MATTINO E ALLE 19.30 DELLA SERA.\u00a0\u00a0<\/span><\/h2>\n<p>&nbsp;<\/p>\n<audio class=\"wp-audio-shortcode\" id=\"audio-160534-7\" preload=\"none\" style=\"width: 100%;\" controls=\"controls\"><source type=\"audio\/mpeg\" src=\"https:\/\/www.radiopiu.net\/wordpress\/wp-content\/uploads\/2020\/09\/CESARE-11.mp3?_=7\" \/><a href=\"https:\/\/www.radiopiu.net\/wordpress\/wp-content\/uploads\/2020\/09\/CESARE-11.mp3\">https:\/\/www.radiopiu.net\/wordpress\/wp-content\/uploads\/2020\/09\/CESARE-11.mp3<\/a><\/audio>\n<p>&nbsp;<\/p>\n<p>&nbsp;<\/p>\n<hr \/>\n<p>&nbsp;<\/p>\n<h2>IERI ALLA RADIO<\/h2>\n<h2><span style=\"color: #ff0000;\">DUE MINUTI UN LIBRO<\/span><\/h2>\n<blockquote class=\"wp-embedded-content\" data-secret=\"tQO8QwM3Dh\"><p><a href=\"https:\/\/www.radiopiu.net\/wordpress\/tu-lanimale-tu-luomo\/\">TU, L&#8217;ANIMALE &#8211; TU, L&#8217;UOMO<\/a><\/p><\/blockquote>\n<p><iframe loading=\"lazy\" class=\"wp-embedded-content\" sandbox=\"allow-scripts\" security=\"restricted\" style=\"position: absolute; clip: rect(1px, 1px, 1px, 1px);\" title=\"&#8220;TU, L&#8217;ANIMALE &#8211; TU, L&#8217;UOMO&#8221; &#8212; Radio Pi\u00f9\" src=\"https:\/\/www.radiopiu.net\/wordpress\/tu-lanimale-tu-luomo\/embed\/#?secret=tQO8QwM3Dh\" data-secret=\"tQO8QwM3Dh\" width=\"600\" height=\"338\" frameborder=\"0\" marginwidth=\"0\" marginheight=\"0\" scrolling=\"no\"><\/iframe><\/p>\n<h2>LA RACCOLTA COMPLETA<\/h2>\n<blockquote class=\"wp-embedded-content\" data-secret=\"vBUHcPhj09\"><p><a href=\"https:\/\/www.radiopiu.net\/wordpress\/due-minuti-un-libro\/\">Due minuti un libro<\/a><\/p><\/blockquote>\n<p><iframe loading=\"lazy\" class=\"wp-embedded-content\" sandbox=\"allow-scripts\" security=\"restricted\" style=\"position: absolute; clip: rect(1px, 1px, 1px, 1px);\" title=\"&#8220;Due minuti un libro&#8221; &#8212; Radio Pi\u00f9\" src=\"https:\/\/www.radiopiu.net\/wordpress\/due-minuti-un-libro\/embed\/#?secret=vBUHcPhj09\" data-secret=\"vBUHcPhj09\" width=\"600\" height=\"338\" frameborder=\"0\" marginwidth=\"0\" marginheight=\"0\" scrolling=\"no\"><\/iframe><\/p>\n<p>&nbsp;<\/p>\n<hr \/>\n<p>&nbsp;<\/p>\n<p>&nbsp;<\/p>\n<div>\n<h2><span style=\"color: #33cccc;\">I RACCONTI DI PAOLO SOPPELSA il lunedi alle 9.30 e 18.30<\/span><\/h2>\n<blockquote class=\"wp-embedded-content\" data-secret=\"GuX7cPYQBf\"><p><a href=\"https:\/\/www.radiopiu.net\/wordpress\/i-racconti-di-paolo-soppelsa-quarantesima-puntata\/\">I RACCONTI DI PAOLO SOPPELSA QUARANTESIMA PUNTATA<\/a><\/p><\/blockquote>\n<p><iframe loading=\"lazy\" class=\"wp-embedded-content\" sandbox=\"allow-scripts\" security=\"restricted\" style=\"position: absolute; clip: rect(1px, 1px, 1px, 1px);\" title=\"&#8220;I RACCONTI DI PAOLO SOPPELSA QUARANTESIMA PUNTATA&#8221; &#8212; Radio Pi\u00f9\" src=\"https:\/\/www.radiopiu.net\/wordpress\/i-racconti-di-paolo-soppelsa-quarantesima-puntata\/embed\/#?secret=GuX7cPYQBf\" data-secret=\"GuX7cPYQBf\" width=\"600\" height=\"338\" frameborder=\"0\" marginwidth=\"0\" marginheight=\"0\" scrolling=\"no\"><\/iframe><\/p>\n<h2><span style=\"color: #33cccc;\"><strong>LA RACCOLTA COMPLETA<\/strong><\/span><\/h2>\n<blockquote class=\"wp-embedded-content\" data-secret=\"DMOjy8z9ma\"><p><a href=\"https:\/\/www.radiopiu.net\/wordpress\/i-racconti-di-paolo-soppelsa\/\">I racconti di Paolo Soppelsa<\/a><\/p><\/blockquote>\n<p><iframe loading=\"lazy\" class=\"wp-embedded-content\" sandbox=\"allow-scripts\" security=\"restricted\" style=\"position: absolute; clip: rect(1px, 1px, 1px, 1px);\" title=\"&#8220;I racconti di Paolo Soppelsa&#8221; &#8212; Radio Pi\u00f9\" src=\"https:\/\/www.radiopiu.net\/wordpress\/i-racconti-di-paolo-soppelsa\/embed\/#?secret=DMOjy8z9ma\" data-secret=\"DMOjy8z9ma\" width=\"600\" height=\"338\" frameborder=\"0\" marginwidth=\"0\" marginheight=\"0\" scrolling=\"no\"><\/iframe><\/p>\n<p>&nbsp;<\/p>\n<hr \/>\n<p>&nbsp;<\/p>\n<p><a class=\"dt-pswp-item\" href=\"https:\/\/www.radiopiu.net\/wordpress\/wp-content\/uploads\/2018\/09\/viabilita.jpeg\" data-dt-img-description=\"\" data-large_image_width=\"800\" data-large_image_height=\"100\"><img loading=\"lazy\" decoding=\"async\" class=\"aligncenter wp-image-61954 size-full\" src=\"https:\/\/www.radiopiu.net\/wordpress\/wp-content\/uploads\/2018\/09\/viabilita.jpeg\" alt=\"\" width=\"800\" height=\"100\" srcset=\"https:\/\/www.radiopiu.net\/wordpress\/wp-content\/uploads\/2018\/09\/viabilita.jpeg 800w, https:\/\/www.radiopiu.net\/wordpress\/wp-content\/uploads\/2018\/09\/viabilita-300x38.jpeg 300w, https:\/\/www.radiopiu.net\/wordpress\/wp-content\/uploads\/2018\/09\/viabilita-768x96.jpeg 768w\" sizes=\"auto, (max-width: 800px) 100vw, 800px\" \/><\/a><\/p>\n<\/div>\n<p><strong>SP 7 DI ZOPPE&#8217; <\/strong>fino al 25 settembre, esclusi sabato e domenica, dalle 7:30 alle 12 e dalle 13 alle 17:30, temporanee interruzioni al traffico della durata massima di 30 minuti in comune di Val Di Zoldo per rifacimento rete idrica e fognaria<\/p>\n<p><strong>SR 203 AGORDINA<\/strong>\u00a0 fino\u00a0 al 16 settembre, dalle 19 alle 6, senso unico alternato regolato da movieri alla galleria di Listolade a Taibon Agordino per asfaltatura<\/p>\n<p><strong>SP 30 PANORAMICA DEL COMELICO<\/strong> fino al 2 ottobre, esclusi sabati e domeniche, interdizione totale alla viabilit\u00e0 in entrambi i sensi di marcia tra Costa e Costalissoi per messa in sicurezza strada<\/p>\n<p><strong>SP 20 VAL FIORENTINA<\/strong> Fino al 15 settembre, esclusi sabati e domeniche, senso unico alternato in localit\u00e0 Solator di Selva Di Cadore per allargamento carreggiata<\/p>\n<p><strong>SP 641 PASSO FEDAIA<\/strong> A\u00a0 Capanna Bill e\u00a0 a Col di Rocca\u00a0 fino al\u00a0 30 settembre senso unico alternato regolato da semaforo.<\/p>\n<p><strong>REGIONALE 203 AGORDINA<\/strong> Fino al 30 settembre (sabato e domenica esclusi) tra Candaten e La Stanga dalle 7.30 alle 9 e dalle 16.30 alle 18 con movieri e negli altri orari con semaforo, senso unico alternato.<\/p>\n<div>\n<p><strong>SR 48 DELLE DOLOMITI<\/strong> FINO\u00a0 AL 30 SETTEMBRE, DALLE 7 ALLE 17, ESCLUSI SABATO E DOMENICA, SALTUARIA ISTITUZIONE DI SENSO UNICO ALTERNATO REGOLATO DA MOVIERI PER PERIODI CONTINUATIVI NON SUPERIORI A 10 MINUTI NEI COMUNI DI CORTINA ED AURONZO DI CADORE PER CARICO SCARICO MATERIALI NECESSARI PER LA POSA DELL&#8217;ELTRODOTTO INTERRATO<\/p>\n<p><strong>SR 48 DELLE DOLOMITI<\/strong>\u00a0 Fino al 30 settembre in localit\u00e0 Pocol (Cortina) senso unico alternato, esclusi sabato e domenica<\/p>\n<p><strong>SR 48 DELLE DOLOMITI<\/strong>\u00a0 Fino al 9 ottobre senso unico alternato in localit\u00e0 Cernadoi, escluso sabato e domeniche<\/p>\n<p><strong>SR 48 DELLE DOLOMITI<\/strong> Fino\u00a0 al 30 settembre esclusi sabato e domenica senso unico alternato tra Cernadoi e Pian Falzarego<\/p>\n<p><strong>SP 7 DI ZOPPE&#8217; DI CADORE,<\/strong> SENSO UNICO ALTERNATO REGOLATO DA MOVIERI CON BREVI INTERRUZIONI DI MASSIMO 10 MINUTI FINO\u00a0 AL 18 SETTEMBRE, DALLE 7:30 ALLE 17:30 ESCLUSI SABATI, DOMENICHE E FESTIVI INFRASETTIMANALI, PER MESSA IN SICUREZZA DELLA SEDE STRADALE<\/p>\n<p><strong>SP 1 MADONNA DEL PIAVE<\/strong>\u00a0fino a revoca, senso unico alternato regolato da semaforo in localit\u00e0 Caorera di Quero Vas per lavori di messa in sicurezza piano viabile<\/p>\n<p>&nbsp;<\/p>\n<p>&nbsp;<\/p>\n<p class=\"photoswipe-wrapper\"><a class=\"dt-pswp-item pspw-wrap-ready\" href=\"https:\/\/i0.wp.com\/www.radiopiu.net\/wordpress\/wp-content\/uploads\/2018\/09\/WhatsApp-Image-2018-09-20-at-16.04.06.jpeg?ssl=1\" data-dt-img-description=\"\" data-large_image_width=\"800\" data-large_image_height=\"100\"><img loading=\"lazy\" decoding=\"async\" class=\"aligncenter wp-image-61378 size-full jetpack-lazy-image jetpack-lazy-image--handled\" src=\"https:\/\/i0.wp.com\/www.radiopiu.net\/wordpress\/wp-content\/uploads\/2018\/09\/WhatsApp-Image-2018-09-20-at-16.04.06.jpeg?resize=800%2C100&amp;ssl=1\" sizes=\"auto, (max-width: 800px) 100vw, 800px\" srcset=\"https:\/\/i0.wp.com\/www.radiopiu.net\/wordpress\/wp-content\/uploads\/2018\/09\/WhatsApp-Image-2018-09-20-at-16.04.06.jpeg?w=800&amp;ssl=1 800w, https:\/\/i0.wp.com\/www.radiopiu.net\/wordpress\/wp-content\/uploads\/2018\/09\/WhatsApp-Image-2018-09-20-at-16.04.06.jpeg?resize=300%2C38&amp;ssl=1 300w, https:\/\/i0.wp.com\/www.radiopiu.net\/wordpress\/wp-content\/uploads\/2018\/09\/WhatsApp-Image-2018-09-20-at-16.04.06.jpeg?resize=768%2C96&amp;ssl=1 768w\" alt=\"\" width=\"800\" height=\"100\" data-lazy-loaded=\"1\" \/><\/a><\/p>\n<\/div>\n<p>&nbsp;<\/p>\n<hr \/>\n<p><center><\/center><center><b>Martedi 15<\/b><\/center><b>Tempo atteso: <\/b>Tempo stabile con sole, cielo sereno o poco nuvoloso per modesti cumuli nelle ore pomeridiane. Aria ancora tersa ed ottima visibilit\u00e0 in montagna. Non escluso qualche locale banco di nebbia mattutina su alcuni settori della Valbelluna e sull&#8217;altopiano del Cansiglio. Clima tardo estivo nelle valli e anomala mitezza in alta quota con scostamento di ben 6\/7\u00b0C rispetto alla norma.<br \/>\n<b>Precipitazioni: <\/b>Assenti (0%).<br \/>\n<b>Temperature: <\/b>Pressoch\u00e9 stazionarie. Sono previste massime di 28\/29\u00b0C in Valbelluna e di 24\/26\u00b0C a 1000\/1200 m. Su Prealpi a 1500 m min 13\u00b0C max 18\u00b0C, a 2000 m min 12\u00b0C max 15\u00b0C. Su Dolomiti a 2000 m min 11\u00b0C max 16\u00b0C, a 3000 m min 6\u00b0C max 8\u00b0C.<br \/>\n<b>Venti: <\/b>Nelle valli deboli a regime di brezza, localmente e a tratti moderati su alcuni settori; in quota deboli\/moderati dai quadranti orientali, a 5-10 km\/h a 2000 m e 15-20 km\/h a 3000 m.<\/p>\n<hr \/>\n<p><center><b>Mercoledi 16<\/b><\/center><b>Tempo atteso: <\/b>Ancora una mezza giornata soleggiata con cielo perlopi\u00f9 sereno fino alle ore centrali. In seguito riduzione del soleggiamento per attivit\u00e0 cumuliforme irregolare, localmente abbastanza sviluppata per dar luogo a qualche sporadico fenomeno convettivo. Clima diurno un po&#8217; meno caldo nelle valli per minore soleggiamento, assieme a una minore mitezza in quota per presenza d&#8217;aria un po&#8217; pi\u00f9 fresca.<br \/>\n<b>Precipitazioni: <\/b>Assenti fino al primo pomeriggio(0%), in seguito probabilit\u00e0 medio-bassa di sporadici piovaschi, specie sulle Dolomiti (20\/30%), mentre il rischio di fenomeni sar\u00e0 minore sulle Prealpi (10\/20%) e spesso limitato alle Prealpi centro-orientali e su quest&#8217;ultime qualora dovesse verificarsi qualche isolato fenomeno, potrebbe essere temporalesco.<br \/>\n<b>Temperature: <\/b>Minime pressoch\u00e9 stazionarie e massime in leggera flessione ma ancora superiori alla norma a tutte le quote. Sono previste massime di 25\/26\u00b0C in Valbelluna e altri fondovalle prealpini e di 21\/23\u00b0C a 1000\/1200 m. Su Prealpi a 1500 m min 12\u00b0C max 16\u00b0C, a 2000 m min 11\u00b0C max 13\u00b0C. Su Dolomiti a 2000 m min 10\u00b0C max 14\u00b0C, a 3000 m min 5\u00b0C max 6\u00b0C.<br \/>\n<b>Venti: <\/b>Nelle valli deboli a regime di brezza, localmente e a tratti moderati su alcuni settori; in quota deboli\/moderati da nord-est, a 10-15 km\/h a 2000 m e 15-25 km\/h a 3000 m.<\/p>\n<hr \/>\n<p><center><b>Giovedi 17<\/b><\/center>Al mattino tempo in prevalenza soleggiato, salvo presenza di stratocumuli a ridosso di alcuni rilievi, specie sui versanti sopravento (esposti a nord-est). Al pomeriggio attivit\u00e0 cumuliforme irregolare con contenuto rischio di rovesci, specie sui settori confinanti con il Trentino e l&#8217;Alto Adige. Come per mercoled\u00ec il rischio temporalesco sulle Prealpi, seppur basso, non potr\u00e0 essere del tutto scartato. Temperature senza variazioni di rilievo. Venti deboli a regime di brezza nelle valli; moderati da nord-est in quota, a tratti tesi sulle cime pi\u00f9 alte e sulle dorsali prealpine.<\/p>\n<hr \/>\n<p><center><b>Venerdi 18<\/b><\/center>Tempo stabile con sole e cielo perlopi\u00f9 sereno, salvo modesti cumuli durante le ore pomeridiane. Aria di nuovo tersa ed ottima visibilit\u00e0 in montagna. Non escluse locali nebbie mattutine su alcuni settori della Valbelluna e sull&#8217;altopiano del Cansiglio. Temperature minime in calo, massime in ripresa in quota e nelle valli dolomitiche, in diminuzione nei fondovalle prealpini. Venti deboli a regime di brezza nelle valli, deboli da est in quota. Previsore: R.L.Th.<\/p>\n<p>&nbsp;<\/p>\n<p>&nbsp;<\/p>\n<p><a class=\"dt-pswp-item\" href=\"https:\/\/www.radiopiu.net\/wordpress\/wp-content\/uploads\/2018\/09\/sport.jpg\" data-dt-img-description=\"\" data-large_image_width=\"800\" data-large_image_height=\"100\"><img loading=\"lazy\" decoding=\"async\" class=\"alignnone wp-image-60761 size-full\" src=\"https:\/\/www.radiopiu.net\/wordpress\/wp-content\/uploads\/2018\/09\/sport.jpg\" alt=\"\" width=\"800\" height=\"100\" srcset=\"https:\/\/www.radiopiu.net\/wordpress\/wp-content\/uploads\/2018\/09\/sport.jpg 800w, https:\/\/www.radiopiu.net\/wordpress\/wp-content\/uploads\/2018\/09\/sport-300x38.jpg 300w, https:\/\/www.radiopiu.net\/wordpress\/wp-content\/uploads\/2018\/09\/sport-768x96.jpg 768w\" sizes=\"auto, (max-width: 800px) 100vw, 800px\" \/><\/a><\/p>\n<p><strong>DALL&#8217;INVANO DORIGO DI AGORDO, Stefano Mosca a nome della famiglia di Silvano, della moglie Alba, del fratello Massimiliano<\/strong><\/p>\n<p>&nbsp;<\/p>\n<p><iframe loading=\"lazy\" title=\"STEFANO MOSCA\" width=\"1200\" height=\"675\" src=\"https:\/\/www.youtube.com\/embed\/AbCq8Rcvl1o?feature=oembed\" frameborder=\"0\" allow=\"accelerometer; autoplay; clipboard-write; encrypted-media; gyroscope; picture-in-picture\" allowfullscreen><\/iframe><\/p>\n<p>&nbsp;<\/p>\n<p>&nbsp;<\/p>\n<p>&nbsp;<\/p>\n<p><a class=\"dt-pswp-item\" href=\"https:\/\/www.radiopiu.net\/wordpress\/wp-content\/uploads\/2020\/09\/264450ca-a720-40d4-b304-b8ac10280880.jpg\" data-dt-img-description=\"\" data-large_image_width=\"1024\" data-large_image_height=\"768\"><img loading=\"lazy\" decoding=\"async\" class=\"wp-image-159956 size-full aligncenter\" src=\"https:\/\/www.radiopiu.net\/wordpress\/wp-content\/uploads\/2020\/09\/264450ca-a720-40d4-b304-b8ac10280880.jpg\" alt=\"\" width=\"1024\" height=\"768\" srcset=\"https:\/\/www.radiopiu.net\/wordpress\/wp-content\/uploads\/2020\/09\/264450ca-a720-40d4-b304-b8ac10280880.jpg 1024w, https:\/\/www.radiopiu.net\/wordpress\/wp-content\/uploads\/2020\/09\/264450ca-a720-40d4-b304-b8ac10280880-300x225.jpg 300w, https:\/\/www.radiopiu.net\/wordpress\/wp-content\/uploads\/2020\/09\/264450ca-a720-40d4-b304-b8ac10280880-768x576.jpg 768w, https:\/\/www.radiopiu.net\/wordpress\/wp-content\/uploads\/2020\/09\/264450ca-a720-40d4-b304-b8ac10280880-640x480.jpg 640w\" sizes=\"auto, (max-width: 1024px) 100vw, 1024px\" \/><\/a><\/p>\n<p>&nbsp;<\/p>\n<p><strong><img loading=\"lazy\" decoding=\"async\" class=\"alignleft\" src=\"https:\/\/www.radiopiu.net\/wordpress\/wp-content\/uploads\/2019\/08\/SILVANO-MOSCA-300x300.jpg\" width=\"186\" height=\"186\" \/>AGORDO <\/strong>Il Belluno si \u00e8 imposto nel triangolare nel ricordo di Silvano Mosca al quale hanno partecipato l&#8217;Agordina di seconda categoria e L&#8217;Unione Sportiva Le Ville, l&#8217;altro amore di Silvano. E&#8217; stato il giorno del ricordo di un personaggio che al calcio locale ha dato molto, al suo Le Ville e all&#8217;Agordina in particolare come sottolineato con emozione dal sindaco Roberto Chissal\u00e8, dall&#8217;assessore allo sport Cristina Bien e dal presidente Cosmo Forcella. Silvano \u00e8 stato ricordato da Mauro Carli dela Cgil anche per il suo impegno nel mondo del lavoro (Caf Cgil) e nel sociale (Sindacato Spi Cgil)<\/p>\n<p>&nbsp;<\/p>\n<p><strong>di Matteo Manfroi<\/strong><\/p>\n<audio class=\"wp-audio-shortcode\" id=\"audio-160534-8\" preload=\"none\" style=\"width: 100%;\" controls=\"controls\"><source type=\"audio\/mpeg\" src=\"https:\/\/www.radiopiu.net\/wordpress\/wp-content\/uploads\/2020\/09\/MATTEO.mp3?_=8\" \/><a href=\"https:\/\/www.radiopiu.net\/wordpress\/wp-content\/uploads\/2020\/09\/MATTEO.mp3\">https:\/\/www.radiopiu.net\/wordpress\/wp-content\/uploads\/2020\/09\/MATTEO.mp3<\/a><\/audio>\n<p>&nbsp;<\/p>\n<p><strong>IL RICORDO: ROBERTO CHISSALE, CRISTINA BIEN, COSMO FORCELLA, MAURO CARLI.<\/strong><\/p>\n<audio class=\"wp-audio-shortcode\" id=\"audio-160534-9\" preload=\"none\" style=\"width: 100%;\" controls=\"controls\"><source type=\"audio\/mpeg\" src=\"https:\/\/www.radiopiu.net\/wordpress\/wp-content\/uploads\/2020\/09\/il-ricordo.mp3?_=9\" \/><a href=\"https:\/\/www.radiopiu.net\/wordpress\/wp-content\/uploads\/2020\/09\/il-ricordo.mp3\">https:\/\/www.radiopiu.net\/wordpress\/wp-content\/uploads\/2020\/09\/il-ricordo.mp3<\/a><\/audio>\n<p>&nbsp;<\/p>\n<p>&nbsp;<\/p>\n<p>&nbsp;<\/p>\n<hr \/>\n<blockquote>\n<h3><\/h3>\n<h3>DE GIACINTO IN BIANCO ROSSO di Roberto Miana<\/h3>\n<p>sito internet Alleghehockey.com<\/p><\/blockquote>\n<p><a class=\"dt-pswp-item\" href=\"https:\/\/www.radiopiu.net\/wordpress\/wp-content\/uploads\/2020\/09\/de-giacinto.jpg\" data-dt-img-description=\"\" data-large_image_width=\"225\" data-large_image_height=\"225\"><img loading=\"lazy\" decoding=\"async\" class=\"size-full wp-image-160661 alignleft\" src=\"https:\/\/www.radiopiu.net\/wordpress\/wp-content\/uploads\/2020\/09\/de-giacinto.jpg\" alt=\"\" width=\"225\" height=\"225\" srcset=\"https:\/\/www.radiopiu.net\/wordpress\/wp-content\/uploads\/2020\/09\/de-giacinto.jpg 225w, https:\/\/www.radiopiu.net\/wordpress\/wp-content\/uploads\/2020\/09\/de-giacinto-150x150.jpg 150w, https:\/\/www.radiopiu.net\/wordpress\/wp-content\/uploads\/2020\/09\/de-giacinto-125x125.jpg 125w, https:\/\/www.radiopiu.net\/wordpress\/wp-content\/uploads\/2020\/09\/de-giacinto-200x200.jpg 200w, https:\/\/www.radiopiu.net\/wordpress\/wp-content\/uploads\/2020\/09\/de-giacinto-80x80.jpg 80w\" sizes=\"auto, (max-width: 225px) 100vw, 225px\" \/><\/a>Un\u2019altra pedina importante va ad aggiungersi allo scacchiere di coach Matikainen. Giorgio De Giacinto, difensore classe 2000 nato a Feltre, nei prossimi mesi dovr\u00e0 coniugare hockey e studio. Iscritto all\u2019universit\u00e0 di Trieste, tra libri, allenamenti e partite avr\u00e0 giornate molto intense, ma l\u2019impegno non gli mancher\u00e0 di sicuro. Ragazzo solare con tanto entusiasmo e dotato di indubbio talento \u00e8 stato fortemente voluto da coach Matikainen per rinforzare sia qualitativamente che numericamente la retroguardia biancorossa, che nelle ultime stagioni si era dimostrata un po\u2019 corta. Le sue prime parole da Civetta non lasciano dubbi: \u201csono contentissimo di essere tornato ad Alleghe, dove ho gi\u00e0 giocato tre anni con le giovanili e mi sono trovato benissimo. Non vedo l\u2019ora di cominciare questa avventura con la maglia biancorossa insieme ai miei nuovi compagni, che comunque in parte gi\u00e0 conosco e questo sicuramente mi aiuter\u00e0 ad ambientarmi velocemente\u201d.In carriera oltre a diverse stagioni nel Feltre, sua squadra di casa, una stagione giocata con l\u2019Under 19 dell\u2019Asiago e tre con la maglia delle Civette tra Under 16 e Under 19. I numeri per lui dicono 257 partite disputate, con 49 reti e 79 assist.<\/p>\n<p>&nbsp;<\/p>\n<hr \/>\n<blockquote>\n<h3>DOMANI\u00a0 LA PRIMA AMICHEVOLE DELL&#8217;ALLEGHE HOCKEY<\/h3>\n<\/blockquote>\n<p><strong><a class=\"dt-pswp-item\" href=\"https:\/\/www.radiopiu.net\/wordpress\/wp-content\/uploads\/2020\/09\/88e0cdef-43a5-49ec-8570-c03199244c1c.jpg\" data-dt-img-description=\"\" data-large_image_width=\"1599\" data-large_image_height=\"1200\"><img loading=\"lazy\" decoding=\"async\" class=\"size-medium wp-image-159365 alignleft\" src=\"https:\/\/www.radiopiu.net\/wordpress\/wp-content\/uploads\/2020\/09\/88e0cdef-43a5-49ec-8570-c03199244c1c-300x225.jpg\" alt=\"\" width=\"300\" height=\"225\" srcset=\"https:\/\/www.radiopiu.net\/wordpress\/wp-content\/uploads\/2020\/09\/88e0cdef-43a5-49ec-8570-c03199244c1c-300x225.jpg 300w, https:\/\/www.radiopiu.net\/wordpress\/wp-content\/uploads\/2020\/09\/88e0cdef-43a5-49ec-8570-c03199244c1c-1024x768.jpg 1024w, https:\/\/www.radiopiu.net\/wordpress\/wp-content\/uploads\/2020\/09\/88e0cdef-43a5-49ec-8570-c03199244c1c-768x576.jpg 768w, https:\/\/www.radiopiu.net\/wordpress\/wp-content\/uploads\/2020\/09\/88e0cdef-43a5-49ec-8570-c03199244c1c-1536x1153.jpg 1536w, https:\/\/www.radiopiu.net\/wordpress\/wp-content\/uploads\/2020\/09\/88e0cdef-43a5-49ec-8570-c03199244c1c-640x480.jpg 640w, https:\/\/www.radiopiu.net\/wordpress\/wp-content\/uploads\/2020\/09\/88e0cdef-43a5-49ec-8570-c03199244c1c.jpg 1599w\" sizes=\"auto, (max-width: 300px) 100vw, 300px\" \/><\/a>ALLEGHE\u00a0 <\/strong>Domani alle 20:30, allo Stadio Alvise de Toni di Alleghe si giocher\u00e0 l\u2019amichevole tra l\u2019Alleghe Hockey ed il Val di Fiemme. Prima uscita ufficiale dunque per la squadra di Juhani Matikainen in vista dell\u2019inizio della stagione 2020\/21 della Italian Hockey League. Con tutte le conferme del roster ed i nuovi innesti c\u2019\u00e8 grande attesa per vedere finalmente sul ghiaccio un Alleghe che vuole uscire con coraggio e positivit\u00e0 dalla quarantena.\u00a0Per le norme Covid la capienza dello stadio \u00e8 limitata a 200 spettatori, si ricorda al pubblico di presentarsi alla cassa muniti di mascherina.<\/p>\n<p>&nbsp;<\/p>\n<p>&nbsp;<\/p>\n<p>&nbsp;<\/p>\n<hr \/>\n<blockquote>\n<h3>PRESCIISTICA IN PISCINA A PALESTRA CON ALBERTO VIDALE<\/h3>\n<\/blockquote>\n<p><strong>AGORDO\u00a0<\/strong> Dal 22 settembre al 15 dicembre al palazzetto dello sport di Agordo sar\u00e0 attivo un corso di presciistica (tutti i martedi dalle 19 alle 20) con istruttore Alberto Vidale, dottore in scienze motorie. Informazioni ed iscrizioni alla segreteria, telefono 0437 62406<\/p>\n<p>&nbsp;<\/p>\n<hr \/>\n<p>&nbsp;<\/p>\n<blockquote>\n<h3>ANCHE DA BELLUNO I PROSSIMI ALLENATORI DI FOOTBALL AMERICANO<\/h3>\n<\/blockquote>\n<p><strong>BELLUNO<\/strong> Il Csi di Belluno organizza il corso di primo livello per allenatori di Football Americano. Da sabato 26 settembre convegni, lezioni tecniche, corso di primo soccorso e test finale. Per il programma tenico prevista la presenza dei relatori Mario Pironti e Massimiliano Delfino.<\/p>\n<p>&nbsp;<\/p>\n<hr \/>\n<p>&nbsp;<\/p>\n<blockquote>\n<h3>CAMPIONATI DI CALCIO, LE RIUNIONI DEL CSI<\/h3>\n<\/blockquote>\n<p>Questa sera alle 20.15 alla Pizzeria Parco di Limana riunione per l&#8217;organizzazione del campionato provinciale open di calcio a 11 e domani (astessa sede sempre alle 20.15) riunione per la definizione del campionato\u00a0 di calcio a 11 over 2020-2021.\u00a0Al fine di evitare assembramenti sar\u00e0 ammesso di partecipare un solo rappresentante per societ\u00e0.<\/p>\n<p>&nbsp;<\/p>\n","protected":false},"excerpt":{"rendered":"<p>&nbsp; PER RICEVERE QUESTO NOTIZIARIO DIRETTAMENTE SUL TUO CELLULARE ISCRIVITI AL CANALE TELEGRAM \u201cRADIO PIU\u00a0 INFORMAZIONE&#8221; ATTENZIONE: LA NUOVA APP PER IOS-IPHONE https:\/\/apps.apple.com\/it\/app\/radio-pi%C3%B9-emittente-agordina\/id1515939845 ATTENZIONE: LA NUOVA APP RADIO\u00a0 PER ANDROID https:\/\/play.google.com\/store\/apps\/details?id=net.radiopiu.iniko &nbsp; &nbsp; DA SERAUTA LE FOTO DEL GIORNO Un&#8217; altra stagione volge al termine! un saluto a voi che ci avete fatto compagnia &nbsp;&hellip;<\/p>\n","protected":false},"author":4,"featured_media":160618,"comment_status":"closed","ping_status":"closed","sticky":false,"template":"","format":"standard","meta":{"_monsterinsights_skip_tracking":false,"_monsterinsights_sitenote_active":false,"_monsterinsights_sitenote_note":"","_monsterinsights_sitenote_category":0,"footnotes":""},"categories":[1,51,86],"tags":[],"class_list":["post-160534","post","type-post","status-publish","format-standard","has-post-thumbnail","hentry","category-senza-categoria","category-evidenza-top","category-gr","category-1","category-51","category-86","description-off"],"img_url":"https:\/\/www.radiopiu.net\/wordpress\/wp-content\/uploads\/2020\/09\/elementari-la-valle-4.jpg","_links":{"self":[{"href":"https:\/\/www.radiopiu.net\/wordpress\/wp-json\/wp\/v2\/posts\/160534","targetHints":{"allow":["GET"]}}],"collection":[{"href":"https:\/\/www.radiopiu.net\/wordpress\/wp-json\/wp\/v2\/posts"}],"about":[{"href":"https:\/\/www.radiopiu.net\/wordpress\/wp-json\/wp\/v2\/types\/post"}],"author":[{"embeddable":true,"href":"https:\/\/www.radiopiu.net\/wordpress\/wp-json\/wp\/v2\/users\/4"}],"replies":[{"embeddable":true,"href":"https:\/\/www.radiopiu.net\/wordpress\/wp-json\/wp\/v2\/comments?post=160534"}],"version-history":[{"count":0,"href":"https:\/\/www.radiopiu.net\/wordpress\/wp-json\/wp\/v2\/posts\/160534\/revisions"}],"wp:featuredmedia":[{"embeddable":true,"href":"https:\/\/www.radiopiu.net\/wordpress\/wp-json\/wp\/v2\/media\/160618"}],"wp:attachment":[{"href":"https:\/\/www.radiopiu.net\/wordpress\/wp-json\/wp\/v2\/media?parent=160534"}],"wp:term":[{"taxonomy":"category","embeddable":true,"href":"https:\/\/www.radiopiu.net\/wordpress\/wp-json\/wp\/v2\/categories?post=160534"},{"taxonomy":"post_tag","embeddable":true,"href":"https:\/\/www.radiopiu.net\/wordpress\/wp-json\/wp\/v2\/tags?post=160534"}],"curies":[{"name":"wp","href":"https:\/\/api.w.org\/{rel}","templated":true}]}}