{"id":160566,"date":"2020-09-15T05:43:24","date_gmt":"2020-09-15T03:43:24","guid":{"rendered":"https:\/\/www.radiopiu.net\/wordpress\/?p=160566"},"modified":"2020-09-15T06:21:19","modified_gmt":"2020-09-15T04:21:19","slug":"elvio-turrin-e-andato-avanti-alpini-in-lutto","status":"publish","type":"post","link":"https:\/\/www.radiopiu.net\/wordpress\/elvio-turrin-e-andato-avanti-alpini-in-lutto\/","title":{"rendered":"ELVIO TURRIN E&#8217; ANDATO AVANTI, ALPINI IN LUTTO"},"content":{"rendered":"<p>&nbsp;<\/p>\n<p><strong><a class=\"dt-pswp-item\" href=\"https:\/\/www.radiopiu.net\/wordpress\/wp-content\/uploads\/2020\/09\/lutto..jpg\" data-dt-img-description=\"\" data-large_image_width=\"400\" data-large_image_height=\"565\"><img loading=\"lazy\" decoding=\"async\" class=\"size-medium wp-image-160567 alignleft\" src=\"https:\/\/www.radiopiu.net\/wordpress\/wp-content\/uploads\/2020\/09\/lutto.-212x300.jpg\" alt=\"\" width=\"212\" height=\"300\" srcset=\"https:\/\/www.radiopiu.net\/wordpress\/wp-content\/uploads\/2020\/09\/lutto.-212x300.jpg 212w, https:\/\/www.radiopiu.net\/wordpress\/wp-content\/uploads\/2020\/09\/lutto.-340x480.jpg 340w, https:\/\/www.radiopiu.net\/wordpress\/wp-content\/uploads\/2020\/09\/lutto..jpg 400w\" sizes=\"auto, (max-width: 212px) 100vw, 212px\" \/><\/a>FELTRE<\/strong> Gli alpini del Gruppo di Farra partecipano al dolore della famiglia per la scomparsa di Elvio Turrin. Un lutto che ha colpito l\u2019intera comunit\u00e0 di Farra di Feltre e anche le penne nere vogliono salutare il loro amico andato avanti nella sera di venerd\u00ec scorso. A tracciarne un semplice ritratto \u00e8 il capogruppo Fabio Canal: \u00abElvio viene ricordato da tutti noi in primo luogo come amico, ma proprio lui ricopre un importante ruolo nella storia del nostro gruppo: era l\u2019ultimo socio fondatore ancora in vita\u00bb. Canal prosegue: \u00abNel 1958 il suo nome si affianc\u00f2 a quello di altri per rispondere alla necessit\u00e0 di creare un gruppo di alpini a Farra di Feltre che potesse star vicino alle esigenze della popolazione di quest\u2019area. Un impegno che lui stesso in vario modo ha portato avanti con grande passione in questi decenni e che ora noi siamo onorati di proseguire\u00bb. Gli alpini del Gruppo di Farra saranno presenti al funerale che si terr\u00e0\u00a0 oggi, nella Cattedrale di Feltre alle 16<\/p>\n","protected":false},"excerpt":{"rendered":"<p>&nbsp; FELTRE Gli alpini del Gruppo di Farra partecipano al dolore della famiglia per la scomparsa di Elvio Turrin. Un lutto che ha colpito l\u2019intera comunit\u00e0 di Farra di Feltre e anche le penne nere vogliono salutare il loro amico andato avanti nella sera di venerd\u00ec scorso. A tracciarne un semplice ritratto \u00e8 il capogruppo&hellip;<\/p>\n","protected":false},"author":4,"featured_media":160567,"comment_status":"closed","ping_status":"closed","sticky":false,"template":"","format":"standard","meta":{"_monsterinsights_skip_tracking":false,"_monsterinsights_sitenote_active":false,"_monsterinsights_sitenote_note":"","_monsterinsights_sitenote_category":0,"footnotes":""},"categories":[51,49],"tags":[],"class_list":["post-160566","post","type-post","status-publish","format-standard","has-post-thumbnail","hentry","category-evidenza-top","category-news-18","category-51","category-49","description-off"],"img_url":"https:\/\/www.radiopiu.net\/wordpress\/wp-content\/uploads\/2020\/09\/lutto..jpg","_links":{"self":[{"href":"https:\/\/www.radiopiu.net\/wordpress\/wp-json\/wp\/v2\/posts\/160566","targetHints":{"allow":["GET"]}}],"collection":[{"href":"https:\/\/www.radiopiu.net\/wordpress\/wp-json\/wp\/v2\/posts"}],"about":[{"href":"https:\/\/www.radiopiu.net\/wordpress\/wp-json\/wp\/v2\/types\/post"}],"author":[{"embeddable":true,"href":"https:\/\/www.radiopiu.net\/wordpress\/wp-json\/wp\/v2\/users\/4"}],"replies":[{"embeddable":true,"href":"https:\/\/www.radiopiu.net\/wordpress\/wp-json\/wp\/v2\/comments?post=160566"}],"version-history":[{"count":0,"href":"https:\/\/www.radiopiu.net\/wordpress\/wp-json\/wp\/v2\/posts\/160566\/revisions"}],"wp:featuredmedia":[{"embeddable":true,"href":"https:\/\/www.radiopiu.net\/wordpress\/wp-json\/wp\/v2\/media\/160567"}],"wp:attachment":[{"href":"https:\/\/www.radiopiu.net\/wordpress\/wp-json\/wp\/v2\/media?parent=160566"}],"wp:term":[{"taxonomy":"category","embeddable":true,"href":"https:\/\/www.radiopiu.net\/wordpress\/wp-json\/wp\/v2\/categories?post=160566"},{"taxonomy":"post_tag","embeddable":true,"href":"https:\/\/www.radiopiu.net\/wordpress\/wp-json\/wp\/v2\/tags?post=160566"}],"curies":[{"name":"wp","href":"https:\/\/api.w.org\/{rel}","templated":true}]}}