{"id":160587,"date":"2020-09-15T05:41:02","date_gmt":"2020-09-15T03:41:02","guid":{"rendered":"https:\/\/www.radiopiu.net\/wordpress\/?p=160587"},"modified":"2020-09-15T06:17:51","modified_gmt":"2020-09-15T04:17:51","slug":"covid-a-belluno-otto-nuovi-positivi-in-24-ore-2-in-corso-dindagine","status":"publish","type":"post","link":"https:\/\/www.radiopiu.net\/wordpress\/covid-a-belluno-otto-nuovi-positivi-in-24-ore-2-in-corso-dindagine\/","title":{"rendered":"COVID A BELLUNO: OTTO NUOVI POSITIVI IN 24 ORE, 2 IN CORSO D&#8217;INDAGINE"},"content":{"rendered":"<p><strong><img loading=\"lazy\" decoding=\"async\" class=\"alignleft\" src=\"https:\/\/www.radiopiu.net\/wordpress\/wp-content\/uploads\/2020\/04\/COVID-3-300x300.jpg\" width=\"203\" height=\"203\" \/>BELLUNO<\/strong> Nelle ultime 24 ore di attivit\u00e0 8 nuove positivit\u00e0: 6 in soggetti gi\u00e0 isolati in quanto contatti di caso o sintomatici; 2 di nuova evidenza in corso di indagine.<\/p>\n<p align=\"JUSTIFY\">La prima giornata di offerta tamponi ad accesso libero a favore di tutte le persone sintomatiche frequentanti le scuole del territorio ha riscontrato numeri consistenti di afflusso nelle prime ore si \u00e8 conclusa regolarmente con esecuzione di tutti i tamponi richiesti. Il Dipartimento di Prevenzione sta studiando alcune possibili modifiche dell\u2019operativit\u00e0 potenziando l\u2019offerta. Il resoconto finale di questa giornata di lavoro per le sedi Drive-in di Belluno e di Feltre ha visto l\u2019esecuzione di 66 tamponi a soggetti sintomatici provenienti dal mondo della scuola prevalentemente afferenti all\u2019et\u00e0 pediatrica.<\/p>\n<p align=\"JUSTIFY\">In relazione ad alcune richiesta pervenute all\u2019Azienda Ulss di esecuzione di test sierologici a personale della scuola assunto in questi giorni (supplenti , etc) l\u2019Ulss e la Direzione scolastica provinciale hanno definito nel 30 settembre la data di recupero. Nei prossimi giorni saranno comunicati i dettagli organizzativi.<\/p>\n","protected":false},"excerpt":{"rendered":"<p>BELLUNO Nelle ultime 24 ore di attivit\u00e0 8 nuove positivit\u00e0: 6 in soggetti gi\u00e0 isolati in quanto contatti di caso o sintomatici; 2 di nuova evidenza in corso di indagine. La prima giornata di offerta tamponi ad accesso libero a favore di tutte le persone sintomatiche frequentanti le scuole del territorio ha riscontrato numeri consistenti&hellip;<\/p>\n","protected":false},"author":4,"featured_media":129322,"comment_status":"closed","ping_status":"closed","sticky":false,"template":"","format":"standard","meta":{"_monsterinsights_skip_tracking":false,"_monsterinsights_sitenote_active":false,"_monsterinsights_sitenote_note":"","_monsterinsights_sitenote_category":0,"footnotes":""},"categories":[51,49],"tags":[],"class_list":["post-160587","post","type-post","status-publish","format-standard","has-post-thumbnail","hentry","category-evidenza-top","category-news-18","category-51","category-49","description-off"],"img_url":"https:\/\/www.radiopiu.net\/wordpress\/wp-content\/uploads\/2020\/04\/COVID-3.jpg","_links":{"self":[{"href":"https:\/\/www.radiopiu.net\/wordpress\/wp-json\/wp\/v2\/posts\/160587","targetHints":{"allow":["GET"]}}],"collection":[{"href":"https:\/\/www.radiopiu.net\/wordpress\/wp-json\/wp\/v2\/posts"}],"about":[{"href":"https:\/\/www.radiopiu.net\/wordpress\/wp-json\/wp\/v2\/types\/post"}],"author":[{"embeddable":true,"href":"https:\/\/www.radiopiu.net\/wordpress\/wp-json\/wp\/v2\/users\/4"}],"replies":[{"embeddable":true,"href":"https:\/\/www.radiopiu.net\/wordpress\/wp-json\/wp\/v2\/comments?post=160587"}],"version-history":[{"count":0,"href":"https:\/\/www.radiopiu.net\/wordpress\/wp-json\/wp\/v2\/posts\/160587\/revisions"}],"wp:featuredmedia":[{"embeddable":true,"href":"https:\/\/www.radiopiu.net\/wordpress\/wp-json\/wp\/v2\/media\/129322"}],"wp:attachment":[{"href":"https:\/\/www.radiopiu.net\/wordpress\/wp-json\/wp\/v2\/media?parent=160587"}],"wp:term":[{"taxonomy":"category","embeddable":true,"href":"https:\/\/www.radiopiu.net\/wordpress\/wp-json\/wp\/v2\/categories?post=160587"},{"taxonomy":"post_tag","embeddable":true,"href":"https:\/\/www.radiopiu.net\/wordpress\/wp-json\/wp\/v2\/tags?post=160587"}],"curies":[{"name":"wp","href":"https:\/\/api.w.org\/{rel}","templated":true}]}}