{"id":160612,"date":"2020-09-15T06:00:59","date_gmt":"2020-09-15T04:00:59","guid":{"rendered":"https:\/\/www.radiopiu.net\/wordpress\/?p=160612"},"modified":"2020-09-15T06:06:02","modified_gmt":"2020-09-15T04:06:02","slug":"ragazza-investita-mentre-attraversa-la-strada","status":"publish","type":"post","link":"https:\/\/www.radiopiu.net\/wordpress\/ragazza-investita-mentre-attraversa-la-strada\/","title":{"rendered":"RAGAZZA INVESTITA MENTRE ATTRAVERSA LA STRADA"},"content":{"rendered":"<p><strong><img loading=\"lazy\" decoding=\"async\" class=\"alignleft\" src=\"https:\/\/www.radiopiu.net\/wordpress\/wp-content\/uploads\/2019\/12\/CARABINIERI-FELTRE-2.jpg\" width=\"218\" height=\"164\" \/>VODO DI CADORE<\/strong> Investimento in via Nazionale, a finire sotto le ruote dell&#8217;auto L.B. 18 anni del luogo, travolta mentre attraversava la strada. A bordo dell&#8217;auto, una Opel corsa, T:D. 52 anni sempre di Vodo. Immediato l&#8217;intervento del personale Suem 118, la ragazza \u00e8 stata portata all&#8217;ospedale di Pieve di Cadore dove tutt&#8217;ora \u00e8 in osservazione. Non \u00e8 in pericolo di vita, prognosi 25 giorni. Sul posto per i rilievi di Carabinieri Norm di Cortina.<\/p>\n","protected":false},"excerpt":{"rendered":"<p>VODO DI CADORE Investimento in via Nazionale, a finire sotto le ruote dell&#8217;auto L.B. 18 anni del luogo, travolta mentre attraversava la strada. A bordo dell&#8217;auto, una Opel corsa, T:D. 52 anni sempre di Vodo. Immediato l&#8217;intervento del personale Suem 118, la ragazza \u00e8 stata portata all&#8217;ospedale di Pieve di Cadore dove tutt&#8217;ora \u00e8 in&hellip;<\/p>\n","protected":false},"author":4,"featured_media":110913,"comment_status":"closed","ping_status":"closed","sticky":false,"template":"","format":"standard","meta":{"_monsterinsights_skip_tracking":false,"_monsterinsights_sitenote_active":false,"_monsterinsights_sitenote_note":"","_monsterinsights_sitenote_category":0,"footnotes":""},"categories":[49],"tags":[],"class_list":["post-160612","post","type-post","status-publish","format-standard","has-post-thumbnail","hentry","category-news-18","category-49","description-off"],"img_url":"https:\/\/www.radiopiu.net\/wordpress\/wp-content\/uploads\/2019\/12\/CARABINIERI-FELTRE-2.jpg","_links":{"self":[{"href":"https:\/\/www.radiopiu.net\/wordpress\/wp-json\/wp\/v2\/posts\/160612","targetHints":{"allow":["GET"]}}],"collection":[{"href":"https:\/\/www.radiopiu.net\/wordpress\/wp-json\/wp\/v2\/posts"}],"about":[{"href":"https:\/\/www.radiopiu.net\/wordpress\/wp-json\/wp\/v2\/types\/post"}],"author":[{"embeddable":true,"href":"https:\/\/www.radiopiu.net\/wordpress\/wp-json\/wp\/v2\/users\/4"}],"replies":[{"embeddable":true,"href":"https:\/\/www.radiopiu.net\/wordpress\/wp-json\/wp\/v2\/comments?post=160612"}],"version-history":[{"count":0,"href":"https:\/\/www.radiopiu.net\/wordpress\/wp-json\/wp\/v2\/posts\/160612\/revisions"}],"wp:featuredmedia":[{"embeddable":true,"href":"https:\/\/www.radiopiu.net\/wordpress\/wp-json\/wp\/v2\/media\/110913"}],"wp:attachment":[{"href":"https:\/\/www.radiopiu.net\/wordpress\/wp-json\/wp\/v2\/media?parent=160612"}],"wp:term":[{"taxonomy":"category","embeddable":true,"href":"https:\/\/www.radiopiu.net\/wordpress\/wp-json\/wp\/v2\/categories?post=160612"},{"taxonomy":"post_tag","embeddable":true,"href":"https:\/\/www.radiopiu.net\/wordpress\/wp-json\/wp\/v2\/tags?post=160612"}],"curies":[{"name":"wp","href":"https:\/\/api.w.org\/{rel}","templated":true}]}}