{"id":160748,"date":"2020-09-16T05:51:34","date_gmt":"2020-09-16T03:51:34","guid":{"rendered":"https:\/\/www.radiopiu.net\/wordpress\/?p=160748"},"modified":"2020-09-16T10:28:03","modified_gmt":"2020-09-16T08:28:03","slug":"giornale-radiopiu-16-settembre-2020-direttore-mirko-mezzacasa","status":"publish","type":"post","link":"https:\/\/www.radiopiu.net\/wordpress\/giornale-radiopiu-16-settembre-2020-direttore-mirko-mezzacasa\/","title":{"rendered":"GIORNALE RADIOPIU 16 SETTEMBRE 2020 DIRETTORE MIRKO MEZZACASA"},"content":{"rendered":"<h3><strong>PER RICEVERE QUESTO NOTIZIARIO DIRETTAMENTE SUL TUO CELLULARE ISCRIVITI AL CANALE TELEGRAM <\/strong><strong>\u201cRADIO PIU\u00a0 INFORMAZIONE&#8221;<\/strong><\/h3>\n<p><em>ATTENZIONE: LA NUOVA APP PER IOS-IPHONE<\/em><\/p>\n<div>\n<div><a href=\"https:\/\/apps.apple.com\/it\/app\/radio-pi%C3%B9-emittente-agordina\/id1515939845\">https:\/\/apps.apple.com\/it\/app\/radio-pi%C3%B9-emittente-agordina\/id1515939845<\/a><\/div>\n<\/div>\n<div><\/div>\n<div>\n<div dir=\"auto\"><em>ATTENZIONE: LA NUOVA APP RADIO\u00a0 PER ANDROID<\/em><\/div>\n<\/div>\n<p><a href=\"https:\/\/play.google.com\/store\/apps\/details?id=net.radiopiu.iniko\" target=\"_blank\" rel=\"noopener noreferrer\">https:\/\/play.google.com\/store\/apps\/details?id=net.radiopiu.iniko<\/a><\/p>\n<p>&nbsp;<\/p>\n<hr \/>\n<p>&nbsp;<\/p>\n<p><strong>PROVINCIALE 29 COL FALCON, PONTE SERRA-FALIER (Sovramonte): <\/strong>fino al 23 settembre (sabato e domenica escluso) dalle 8 alle 18 divieto di transito ai veicoli con massa superiore a 3,5 tonellate. Interdizione totale al transito veicolare in entrambi i sensi di marcia nelle fasce orarie: 830-10; 10.30-12; 14.10-16; 16.30-18, nelle altre ore senso unico alternato regolato da semaforo<\/p>\n<p><strong>PROVINCIALE 3 VALLE IMPERINA CORDE MOLE-VALLASIN (Gosaldo) <\/strong>\u00a0dalle 8 alle 11.45 e dalle 13.30 alle 17.30 fino al 16 settembre temporanee interruzioni alla viabilit\u00e0 fino a 30 minuti<\/p>\n<p>&nbsp;<\/p>\n<p>&nbsp;<\/p>\n<p>&nbsp;<\/p>\n<hr \/>\n<h3><\/h3>\n<blockquote>\n<h3>SESSANTENNE DI PONTE NELLE ALPI MUORE CADENDO DALLA BICICLETTA<\/h3>\n<\/blockquote>\n<p><em>La pista pedonale \u00e8 vietata al transito di qualsiasi mezzo come riportato nel segnale di divieto alle biciclette, che il 60enne ciclista ha ignorato. Scultore di talento e amante degli animali.<\/em><\/p>\n<p><strong><a class=\"dt-pswp-item\" href=\"https:\/\/www.radiopiu.net\/wordpress\/wp-content\/uploads\/2020\/09\/10175082_1389735124646077_4651521926568866409_n.jpg\" data-dt-img-description=\"\" data-large_image_width=\"480\" data-large_image_height=\"480\"><img loading=\"lazy\" decoding=\"async\" class=\" wp-image-160690 alignleft\" src=\"https:\/\/www.radiopiu.net\/wordpress\/wp-content\/uploads\/2020\/09\/10175082_1389735124646077_4651521926568866409_n-300x300.jpg\" alt=\"\" width=\"198\" height=\"198\" srcset=\"https:\/\/www.radiopiu.net\/wordpress\/wp-content\/uploads\/2020\/09\/10175082_1389735124646077_4651521926568866409_n-300x300.jpg 300w, https:\/\/www.radiopiu.net\/wordpress\/wp-content\/uploads\/2020\/09\/10175082_1389735124646077_4651521926568866409_n-150x150.jpg 150w, https:\/\/www.radiopiu.net\/wordpress\/wp-content\/uploads\/2020\/09\/10175082_1389735124646077_4651521926568866409_n-125x125.jpg 125w, https:\/\/www.radiopiu.net\/wordpress\/wp-content\/uploads\/2020\/09\/10175082_1389735124646077_4651521926568866409_n-200x200.jpg 200w, https:\/\/www.radiopiu.net\/wordpress\/wp-content\/uploads\/2020\/09\/10175082_1389735124646077_4651521926568866409_n-80x80.jpg 80w, https:\/\/www.radiopiu.net\/wordpress\/wp-content\/uploads\/2020\/09\/10175082_1389735124646077_4651521926568866409_n.jpg 480w\" sizes=\"auto, (max-width: 198px) 100vw, 198px\" \/><\/a>PONTE NELLE ALPI<\/strong> Incidente mortale\u00a0 lunedi pomeriggio a Ponte nelle Alpi, dove un uomo \u00e8 morto, in seguito a una terribile caduta. La ruota della bicicletta ha sbattuto contro il marciapiede del cavalcavia e l&#8217;uomo \u00e8 finito contro gli scalini. Inutili i soccorsi, il medico ha potuto solo constatare il decesso. Dopo due ore di ricerche (l&#8217;uomo non aveva con se i documenti) gli agenti della Polizia Stradale di Belluno sono risaliti alle generalit\u00e0 del ciclista: Armando Urago 60 anni di\u00a0 Lastreghe di Ponte nelle Alpii. Ad allertare i soccorsi sono stati alcuni residenti che hanno visto l&#8217;uomo a terra privo di vita lungo la strada a fianco di Viale Cadore, peraltro vietata al transito di qualsiasi mezzo. Non sono state coinvolte altre persone. Lascia \u00a0la compagna e due sorelle che vivono in Belgio. \u00a0Il Comune \u00e8 intervenuto e per trovare una sistemazione agli animali di Armando: 2 cavalli e due cani.<\/p>\n<p>&nbsp;<\/p>\n<hr \/>\n<h3><\/h3>\n<blockquote>\n<h3>RECUPERATA COPPIA SULLA CRODA ROSSA<\/h3>\n<\/blockquote>\n<p><img loading=\"lazy\" decoding=\"async\" class=\"alignleft\" src=\"https:\/\/www.radiopiu.net\/wordpress\/wp-content\/uploads\/2020\/06\/ELICOTTERO-SUEM.jpg\" width=\"247\" height=\"138\" \/>Ieri sera\u00a0 tramite i Carabinieri contattati al 112, la Centrale del Suem \u00e8 stata allertata per una coppia di escursionisti in difficolt\u00e0 sulla Croda Rossa, nel Gruppo del Popera. I due escursionisti austriaci, che erano usciti tardi dalla Ferrata Zandonella, non sapevano pi\u00f9 come proseguire ed erano impauriti. Individuati a 2.800 metri di quota, sono stati recuperati dal tecnico di elisoccorso con un verricello di 70 metri e trasportato a valle.<\/p>\n<p>&nbsp;<\/p>\n<p>&nbsp;<\/p>\n<hr \/>\n<blockquote>\n<h3><\/h3>\n<h3><strong><img loading=\"lazy\" decoding=\"async\" class=\"alignleft\" src=\"https:\/\/www.radiopiu.net\/wordpress\/wp-content\/uploads\/2020\/03\/download-44.jpg\" width=\"179\" height=\"119\" \/><\/strong>LIEVE SCOSSA DI TERREMOTO NEL FELTRINO ALL&#8217;ORA DI CENA<\/h3>\n<\/blockquote>\n<p>&nbsp;<\/p>\n<p><strong>FELTRE<\/strong><\/p>\n<audio class=\"wp-audio-shortcode\" id=\"audio-160748-1\" preload=\"none\" style=\"width: 100%;\" controls=\"controls\"><source type=\"audio\/mpeg\" src=\"https:\/\/www.radiopiu.net\/wordpress\/wp-content\/uploads\/2020\/09\/damiano-terre.mp3?_=1\" \/><a href=\"https:\/\/www.radiopiu.net\/wordpress\/wp-content\/uploads\/2020\/09\/damiano-terre.mp3\">https:\/\/www.radiopiu.net\/wordpress\/wp-content\/uploads\/2020\/09\/damiano-terre.mp3<\/a><\/audio>\n<p>&nbsp;<\/p>\n<hr \/>\n<p>&nbsp;<\/p>\n<blockquote>\n<h3>VIOLENZA SUI POLIZIOTTI, DUE FRATELLI AI LAVORI SOCIALI<\/h3>\n<\/blockquote>\n<p><strong>BELLUNO<\/strong> Durante il lockdown \u00a0i fratelli Sofian e Allae Dhaih marocchini adottati dal Cadore, furono arrestati per resistenza a pubblico ufficiale e lesioni.\u00a0 Il giudice Scolozzi ha sospeso il processo optando per la messa alla prova. Dovranno risarcire i danni provocati ai due agenti della Volante e fare un numero ancora imprecisato di ore di volontariato in un ente convenzionato con il Tribunale di Belluno.\u00a0 Oggi sono sottoposti all&#8217;obbligo di dimora a Belluno con dei limiti di orario per le uscite da casa, ma anche con il permesso di andare a lavorare. I fratelli aggredirono gli agenti dopo un inseguimento in seguito ad assembramento.\u00a0 Quattro i giorni di prognosi per gli agenti.<\/p>\n<p>&nbsp;<\/p>\n<hr \/>\n<div class=\"articlePlainTitle\"><\/div>\n<blockquote>\n<h3>FRONTALE, RAGAZZO IN OSPEDALE<\/h3>\n<\/blockquote>\n<div><strong>CESIOMAGGIORE<\/strong>\u00a0Un ragazzo del posto\u00a0 \u00e8 rimasto ferito in modo non grave nell&#8217;incidente frontale avvenuto ieri poco dopo le 18 sulla provinciale tra San Gregorio e Cergnai. Il giovane guidava la Ka, a bordo il fratello (incolume) lo scontro con una Fiat 500. Sul posto Polstrada, Vigili del Fuoco e Suem<\/div>\n<p>&nbsp;<\/p>\n<hr \/>\n<blockquote>\n<h3><\/h3>\n<h3>I CONTROLLI DELLA POLFER IN VENETO<\/h3>\n<\/blockquote>\n<p><strong><a class=\"dt-pswp-item\" href=\"https:\/\/www.radiopiu.net\/wordpress\/wp-content\/uploads\/2020\/01\/polfer1.jpg\" data-dt-img-description=\"\" data-large_image_width=\"1599\" data-large_image_height=\"1200\"><img loading=\"lazy\" decoding=\"async\" class=\" wp-image-114124 alignleft\" src=\"https:\/\/www.radiopiu.net\/wordpress\/wp-content\/uploads\/2020\/01\/polfer1-300x225.jpg\" alt=\"\" width=\"255\" height=\"191\" srcset=\"https:\/\/www.radiopiu.net\/wordpress\/wp-content\/uploads\/2020\/01\/polfer1-300x225.jpg 300w, https:\/\/www.radiopiu.net\/wordpress\/wp-content\/uploads\/2020\/01\/polfer1-1024x768.jpg 1024w, https:\/\/www.radiopiu.net\/wordpress\/wp-content\/uploads\/2020\/01\/polfer1-768x576.jpg 768w, https:\/\/www.radiopiu.net\/wordpress\/wp-content\/uploads\/2020\/01\/polfer1-1536x1153.jpg 1536w, https:\/\/www.radiopiu.net\/wordpress\/wp-content\/uploads\/2020\/01\/polfer1.jpg 1599w\" sizes=\"auto, (max-width: 255px) 100vw, 255px\" \/><\/a>VENEZIA<\/strong> <span style=\"font-family: Times New Roman, serif;\"><span style=\"font-size: medium;\">Nell\u2019ambito dell\u2019 operazione, nella stazione di Padova, sono stati emessi anche 3 provvedimenti di <\/span><\/span><span style=\"font-family: Times New Roman, serif;\"><span style=\"font-size: medium;\">D.A.S.P.O urban<\/span><\/span><span style=\"font-family: Times New Roman, serif;\"><span style=\"font-size: medium;\">o nei confronti di soggetti senza fissa dimora.\u00a0<\/span><\/span> <span style=\"font-family: Times New Roman, serif;\"><span style=\"font-size: medium;\">Sono stati 492 gli operatori del Compartimento Polizia Ferroviaria per il Veneto che, nella settimana dal 7 al 14 settembre, sono stati impegnati in una serie di controlli straordinari nell\u2019ambito dell\u2019Operazione denominata \u201cRail Action WeeK\u201d. <\/span><\/span><span style=\"font-family: Times New Roman, serif;\"><span style=\"font-size: medium;\">Oltre che sugli scali di competenza, gli operatori Polfer hanno effettuato controlli anche su passaggi a livello, sottopassi ciclo-pedonali e su altre aree lungo la linea ferroviaria, teatro, in passato, di comportamenti illeciti e pericolosi. <\/span><\/span><span style=\"font-size: medium; font-family: 'Times New Roman', serif;\">Particolare attenzione \u00e8 stata rivolta anche a sensibilizzare i viaggiatori sui pericoli derivanti dal superamento della linea gialla, che garantisce la sicurezza di chi sta attendendo l\u2019arrivo del convoglio, e dall\u2019attraversare i binari, anzich\u00e9 servirsi degli idonei sottopassi ferroviari. In particolare, 276 sono stati gli operatori Polfer che si sono prodigati in questa attivit\u00e0 di sensibilizzazione.<\/span><\/p>\n<p>&nbsp;<\/p>\n<p>&nbsp;<\/p>\n<hr \/>\n<blockquote>\n<h3 align=\"JUSTIFY\">IL MINISTRO D&#8217;INCA&#8217;: PIENA FIDUCIA NEL PROGETTO PER UN NUOVO POLO INDUSTRIALE ACC-EIMBRACO<\/h3>\n<\/blockquote>\n<p align=\"JUSTIFY\"><strong>ROMA<\/strong> <em>\u201cDa parte del Governo c\u2019\u00e8 piena fiducia ed entusiasmo per il nuovo polo industriale che pu\u00f2 ridare vigore al settore del freddo in Italia con l\u2019ACC di Borgo Valbelluna in grado di giocare un ruolo da protagonista. Un progetto ambizioso, di larghe prospettive, su cui il Ministero dello Sviluppo Economico sta lavorando con estrema attenzione e capacit\u00e0\u201d.\u00a0 <\/em>\u00c8 il commento di Federico D\u2019Inc\u00e0, Ministro per i Rapporti con il Parlamento, al termine del tavolo che si \u00e8 tenuto a Torino sulla collaborazione tra\u00a0 due importanti realt\u00e0 industriali, la Acc di Mel e la ex Embraco di Chieri, in Piemonte.\u00a0 Il Ministro D\u2019Inc\u00e0 \u00e8 intervenuto al tavolo, sottolineando come <em>\u201cil Governo stia dando forza a tutte le progettualit\u00e0 e crede nel piano di sviluppo che ha delle ampie prospettive.<\/em>\u00a0Infine, D\u2019Inc\u00e0 osserva che <em>\u201csi sta organizzando per la prossima settimana, a Belluno, un incontro con i lavoratori, i sindacati e il Commissario di ACC Castro e la Sottosegretaria Todde, oltre a un tavolo congiunto nelle settimane successive\u201d.<\/em><\/p>\n<hr \/>\n<p>&nbsp;<\/p>\n<blockquote>\n<h3>CANAZEI-LIVINALLONGO E&#8217; GUERRA PER I CONFINI<\/h3>\n<\/blockquote>\n<p><em>Il Comune trentino alla vigilia delle elezioni ha dato incarico al professionista di intercettare i confini a Passo Pordoi<\/em><\/p>\n<p><strong><a class=\"dt-pswp-item\" href=\"https:\/\/www.radiopiu.net\/wordpress\/wp-content\/uploads\/2020\/09\/Facciata-edificio.jpg\" data-dt-img-description=\"\" data-large_image_width=\"1024\" data-large_image_height=\"768\"><img loading=\"lazy\" decoding=\"async\" class=\" wp-image-160829 alignleft\" src=\"https:\/\/www.radiopiu.net\/wordpress\/wp-content\/uploads\/2020\/09\/Facciata-edificio-300x225.jpg\" alt=\"\" width=\"240\" height=\"180\" srcset=\"https:\/\/www.radiopiu.net\/wordpress\/wp-content\/uploads\/2020\/09\/Facciata-edificio-300x225.jpg 300w, https:\/\/www.radiopiu.net\/wordpress\/wp-content\/uploads\/2020\/09\/Facciata-edificio-768x576.jpg 768w, https:\/\/www.radiopiu.net\/wordpress\/wp-content\/uploads\/2020\/09\/Facciata-edificio-640x480.jpg 640w, https:\/\/www.radiopiu.net\/wordpress\/wp-content\/uploads\/2020\/09\/Facciata-edificio.jpg 1024w\" sizes=\"auto, (max-width: 240px) 100vw, 240px\" \/><\/a>LIVINALLONGO<\/strong> La Marmolada e la guerra dei confini \u00e8 un lontano ricordo, ma di quelli che fanno ancora male dopo la &#8220;famosa&#8221; decisione dell&#8217;allora Presidente della Repubblica Sandro Pertini. Oggi la guerra dei confini si sposta a Passo Pordoi <em>&#8220;Il Comune di Canazei &#8211; spiega l&#8217;albergatore Osvaldo Finazzer &#8211; vuole rivedere i confini dove insiste anche l&#8217;importante edificio del Cai di Milano che sta per essere venduto mediante asta pubblica (fin&#8217;ora andata deserta) e che si trova a met\u00e0 nel trentino e nella rimante parte nel bellunese. E&#8217; quindi chiaro che una rivalutazione dei confini cambierebbe e non di poco la valutazione dell&#8217;immobile&#8221;.<\/em> Nel 1986 i confini vennero spostati d&#8217;ufficio e Livinallongo perse alcuni metri di terreno, l&#8217;accordo del 1942 tra i Comuni non \u00e8 invece mai stato registrato. Osvaldo Finazzer ha gi\u00e0 scritto ai sindaci, Prefetti, Presidenti di Provincia ma anche alla Procura di Trento.<em> &#8220;L&#8217;iniziativa di ridefinizione dei confini &#8211; dice il proprietario dell&#8217;Hotel Savoia oggi in territorio bellunese &#8211; potrebbe portare ad azioni giudiziarie cos\u00ec come gi\u00e0 successe per la Marmolada. E&#8217; in fregio al confine tra Livinallongo e Canazei che ritengo opportuno venga rivista la volont\u00e0 del Comune trentino&#8221;.<\/em><\/p>\n<p>&nbsp;<\/p>\n<p>&nbsp;<\/p>\n<p>&nbsp;<\/p>\n<hr \/>\n<blockquote>\n<h3><\/h3>\n<h3>QUANDO LA SCUOLA DIVENTA SOLIDARIETA&#8217; E SOCIALITA&#8217; SPONTANEA DIMENTICATA PER MESI di GIANNI SANTOMASO<\/h3>\n<\/blockquote>\n<p><strong>AGORDINO <\/strong><\/p>\n<p>&nbsp;<\/p>\n<audio class=\"wp-audio-shortcode\" id=\"audio-160748-2\" preload=\"none\" style=\"width: 100%;\" controls=\"controls\"><source type=\"audio\/mpeg\" src=\"https:\/\/www.radiopiu.net\/wordpress\/wp-content\/uploads\/2020\/09\/gianni-scuola.mp3?_=2\" \/><a href=\"https:\/\/www.radiopiu.net\/wordpress\/wp-content\/uploads\/2020\/09\/gianni-scuola.mp3\">https:\/\/www.radiopiu.net\/wordpress\/wp-content\/uploads\/2020\/09\/gianni-scuola.mp3<\/a><\/audio>\n<p>&nbsp;<\/p>\n\n\t\t\t<style type='text\/css'>\n\t\t\t\t#gallery-1 {\n\t\t\t\t\tmargin: auto;\n\t\t\t\t}\n\t\t\t\t#gallery-1 .gallery-item {\n\t\t\t\t\tfloat: left;\n\t\t\t\t\tmargin-top: 10px;\n\t\t\t\t\ttext-align: center;\n\t\t\t\t\twidth: 25%;\n\t\t\t\t}\n\t\t\t\t#gallery-1 img {\n\t\t\t\t\tborder: 2px solid #cfcfcf;\n\t\t\t\t}\n\t\t\t\t#gallery-1 .gallery-caption {\n\t\t\t\t\tmargin-left: 0;\n\t\t\t\t}\n\t\t\t\t\/* see gallery_shortcode() in wp-includes\/media.php *\/\n\t\t\t<\/style>\n\t\t<div id='gallery-1' class='dt-gallery-container gallery galleryid-160748 gallery-columns-4 gallery-size-thumbnail'><dl class='gallery-item'>\n\t\t\t\t<dt class='gallery-icon portrait'>\n\t\t\t\t\t<a class=\"rollover rollover-zoom dt-pswp-item\" title=\"infanzia vallada (1)\" data-dt-img-description=\"\" data-large_image_width=\"1201\" data-large_image_height=\"1600\"href='https:\/\/www.radiopiu.net\/wordpress\/wp-content\/uploads\/2020\/09\/infanzia-vallada-1.jpg'><img loading=\"lazy\" decoding=\"async\" width=\"150\" height=\"150\" src=\"https:\/\/www.radiopiu.net\/wordpress\/wp-content\/uploads\/2020\/09\/infanzia-vallada-1-150x150.jpg\" class=\"attachment-thumbnail size-thumbnail\" alt=\"\" aria-describedby=\"gallery-1-160629\" srcset=\"https:\/\/www.radiopiu.net\/wordpress\/wp-content\/uploads\/2020\/09\/infanzia-vallada-1-150x150.jpg 150w, https:\/\/www.radiopiu.net\/wordpress\/wp-content\/uploads\/2020\/09\/infanzia-vallada-1-125x125.jpg 125w, https:\/\/www.radiopiu.net\/wordpress\/wp-content\/uploads\/2020\/09\/infanzia-vallada-1-200x200.jpg 200w, https:\/\/www.radiopiu.net\/wordpress\/wp-content\/uploads\/2020\/09\/infanzia-vallada-1-80x80.jpg 80w\" sizes=\"auto, (max-width: 150px) 100vw, 150px\" \/><\/a>\n\t\t\t\t<\/dt>\n\t\t\t\t\t<dd class='wp-caption-text gallery-caption' id='gallery-1-160629'>\n\t\t\t\t\tinfanzia vallada (1)\n\t\t\t\t\t<\/dd><\/dl><dl class='gallery-item'>\n\t\t\t\t<dt class='gallery-icon portrait'>\n\t\t\t\t\t<a class=\"rollover rollover-zoom dt-pswp-item\" title=\"infanzia vallada (2)\" data-dt-img-description=\"\" data-large_image_width=\"768\" data-large_image_height=\"1024\"href='https:\/\/www.radiopiu.net\/wordpress\/wp-content\/uploads\/2020\/09\/infanzia-vallada-2.jpg'><img loading=\"lazy\" decoding=\"async\" width=\"150\" height=\"150\" src=\"https:\/\/www.radiopiu.net\/wordpress\/wp-content\/uploads\/2020\/09\/infanzia-vallada-2-150x150.jpg\" class=\"attachment-thumbnail size-thumbnail\" alt=\"\" aria-describedby=\"gallery-1-160631\" srcset=\"https:\/\/www.radiopiu.net\/wordpress\/wp-content\/uploads\/2020\/09\/infanzia-vallada-2-150x150.jpg 150w, https:\/\/www.radiopiu.net\/wordpress\/wp-content\/uploads\/2020\/09\/infanzia-vallada-2-125x125.jpg 125w, https:\/\/www.radiopiu.net\/wordpress\/wp-content\/uploads\/2020\/09\/infanzia-vallada-2-200x200.jpg 200w, https:\/\/www.radiopiu.net\/wordpress\/wp-content\/uploads\/2020\/09\/infanzia-vallada-2-80x80.jpg 80w\" sizes=\"auto, (max-width: 150px) 100vw, 150px\" \/><\/a>\n\t\t\t\t<\/dt>\n\t\t\t\t\t<dd class='wp-caption-text gallery-caption' id='gallery-1-160631'>\n\t\t\t\t\tinfanzia vallada (2)\n\t\t\t\t\t<\/dd><\/dl><dl class='gallery-item'>\n\t\t\t\t<dt class='gallery-icon portrait'>\n\t\t\t\t\t<a class=\"rollover rollover-zoom dt-pswp-item\" title=\"infanzia vallada (3)\" data-dt-img-description=\"\" data-large_image_width=\"1201\" data-large_image_height=\"1600\"href='https:\/\/www.radiopiu.net\/wordpress\/wp-content\/uploads\/2020\/09\/infanzia-vallada-3.jpg'><img loading=\"lazy\" decoding=\"async\" width=\"150\" height=\"150\" src=\"https:\/\/www.radiopiu.net\/wordpress\/wp-content\/uploads\/2020\/09\/infanzia-vallada-3-150x150.jpg\" class=\"attachment-thumbnail size-thumbnail\" alt=\"\" aria-describedby=\"gallery-1-160626\" srcset=\"https:\/\/www.radiopiu.net\/wordpress\/wp-content\/uploads\/2020\/09\/infanzia-vallada-3-150x150.jpg 150w, https:\/\/www.radiopiu.net\/wordpress\/wp-content\/uploads\/2020\/09\/infanzia-vallada-3-125x125.jpg 125w, https:\/\/www.radiopiu.net\/wordpress\/wp-content\/uploads\/2020\/09\/infanzia-vallada-3-200x200.jpg 200w, https:\/\/www.radiopiu.net\/wordpress\/wp-content\/uploads\/2020\/09\/infanzia-vallada-3-80x80.jpg 80w\" sizes=\"auto, (max-width: 150px) 100vw, 150px\" \/><\/a>\n\t\t\t\t<\/dt>\n\t\t\t\t\t<dd class='wp-caption-text gallery-caption' id='gallery-1-160626'>\n\t\t\t\t\tinfanzia vallada (3)\n\t\t\t\t\t<\/dd><\/dl><dl class='gallery-item'>\n\t\t\t\t<dt class='gallery-icon landscape'>\n\t\t\t\t\t<a class=\"rollover rollover-zoom dt-pswp-item\" title=\"infanzia vallada (4)\" data-dt-img-description=\"\" data-large_image_width=\"1024\" data-large_image_height=\"768\"href='https:\/\/www.radiopiu.net\/wordpress\/wp-content\/uploads\/2020\/09\/infanzia-vallada-4.jpg'><img loading=\"lazy\" decoding=\"async\" width=\"150\" height=\"150\" src=\"https:\/\/www.radiopiu.net\/wordpress\/wp-content\/uploads\/2020\/09\/infanzia-vallada-4-150x150.jpg\" class=\"attachment-thumbnail size-thumbnail\" alt=\"\" aria-describedby=\"gallery-1-160627\" srcset=\"https:\/\/www.radiopiu.net\/wordpress\/wp-content\/uploads\/2020\/09\/infanzia-vallada-4-150x150.jpg 150w, https:\/\/www.radiopiu.net\/wordpress\/wp-content\/uploads\/2020\/09\/infanzia-vallada-4-125x125.jpg 125w, https:\/\/www.radiopiu.net\/wordpress\/wp-content\/uploads\/2020\/09\/infanzia-vallada-4-200x200.jpg 200w, https:\/\/www.radiopiu.net\/wordpress\/wp-content\/uploads\/2020\/09\/infanzia-vallada-4-80x80.jpg 80w\" sizes=\"auto, (max-width: 150px) 100vw, 150px\" \/><\/a>\n\t\t\t\t<\/dt>\n\t\t\t\t\t<dd class='wp-caption-text gallery-caption' id='gallery-1-160627'>\n\t\t\t\t\tinfanzia vallada (4)\n\t\t\t\t\t<\/dd><\/dl><br style=\"clear: both\" \/><dl class='gallery-item'>\n\t\t\t\t<dt class='gallery-icon landscape'>\n\t\t\t\t\t<a class=\"rollover rollover-zoom dt-pswp-item\" title=\"infanzia taibon (1)\" data-dt-img-description=\"\" data-large_image_width=\"1600\" data-large_image_height=\"1200\"href='https:\/\/www.radiopiu.net\/wordpress\/wp-content\/uploads\/2020\/09\/infanzia-taibon-1.jpg'><img loading=\"lazy\" decoding=\"async\" width=\"150\" height=\"150\" src=\"https:\/\/www.radiopiu.net\/wordpress\/wp-content\/uploads\/2020\/09\/infanzia-taibon-1-150x150.jpg\" class=\"attachment-thumbnail size-thumbnail\" alt=\"\" aria-describedby=\"gallery-1-160623\" srcset=\"https:\/\/www.radiopiu.net\/wordpress\/wp-content\/uploads\/2020\/09\/infanzia-taibon-1-150x150.jpg 150w, https:\/\/www.radiopiu.net\/wordpress\/wp-content\/uploads\/2020\/09\/infanzia-taibon-1-125x125.jpg 125w, https:\/\/www.radiopiu.net\/wordpress\/wp-content\/uploads\/2020\/09\/infanzia-taibon-1-200x200.jpg 200w, https:\/\/www.radiopiu.net\/wordpress\/wp-content\/uploads\/2020\/09\/infanzia-taibon-1-80x80.jpg 80w\" sizes=\"auto, (max-width: 150px) 100vw, 150px\" \/><\/a>\n\t\t\t\t<\/dt>\n\t\t\t\t\t<dd class='wp-caption-text gallery-caption' id='gallery-1-160623'>\n\t\t\t\t\tinfanzia taibon (1)\n\t\t\t\t\t<\/dd><\/dl><dl class='gallery-item'>\n\t\t\t\t<dt class='gallery-icon portrait'>\n\t\t\t\t\t<a class=\"rollover rollover-zoom dt-pswp-item\" title=\"infanzia taibon (2)\" data-dt-img-description=\"\" data-large_image_width=\"1200\" data-large_image_height=\"1600\"href='https:\/\/www.radiopiu.net\/wordpress\/wp-content\/uploads\/2020\/09\/infanzia-taibon-2.jpg'><img loading=\"lazy\" decoding=\"async\" width=\"150\" height=\"150\" src=\"https:\/\/www.radiopiu.net\/wordpress\/wp-content\/uploads\/2020\/09\/infanzia-taibon-2-150x150.jpg\" class=\"attachment-thumbnail size-thumbnail\" alt=\"\" aria-describedby=\"gallery-1-160625\" srcset=\"https:\/\/www.radiopiu.net\/wordpress\/wp-content\/uploads\/2020\/09\/infanzia-taibon-2-150x150.jpg 150w, https:\/\/www.radiopiu.net\/wordpress\/wp-content\/uploads\/2020\/09\/infanzia-taibon-2-125x125.jpg 125w, https:\/\/www.radiopiu.net\/wordpress\/wp-content\/uploads\/2020\/09\/infanzia-taibon-2-200x200.jpg 200w, https:\/\/www.radiopiu.net\/wordpress\/wp-content\/uploads\/2020\/09\/infanzia-taibon-2-80x80.jpg 80w\" sizes=\"auto, (max-width: 150px) 100vw, 150px\" \/><\/a>\n\t\t\t\t<\/dt>\n\t\t\t\t\t<dd class='wp-caption-text gallery-caption' id='gallery-1-160625'>\n\t\t\t\t\tinfanzia taibon (2)\n\t\t\t\t\t<\/dd><\/dl><dl class='gallery-item'>\n\t\t\t\t<dt class='gallery-icon portrait'>\n\t\t\t\t\t<a class=\"rollover rollover-zoom dt-pswp-item\" title=\"infanzia taibon (3)\" data-dt-img-description=\"\" data-large_image_width=\"1200\" data-large_image_height=\"1600\"href='https:\/\/www.radiopiu.net\/wordpress\/wp-content\/uploads\/2020\/09\/infanzia-taibon-3.jpg'><img loading=\"lazy\" decoding=\"async\" width=\"150\" height=\"150\" src=\"https:\/\/www.radiopiu.net\/wordpress\/wp-content\/uploads\/2020\/09\/infanzia-taibon-3-150x150.jpg\" class=\"attachment-thumbnail size-thumbnail\" alt=\"\" aria-describedby=\"gallery-1-160628\" srcset=\"https:\/\/www.radiopiu.net\/wordpress\/wp-content\/uploads\/2020\/09\/infanzia-taibon-3-150x150.jpg 150w, https:\/\/www.radiopiu.net\/wordpress\/wp-content\/uploads\/2020\/09\/infanzia-taibon-3-125x125.jpg 125w, https:\/\/www.radiopiu.net\/wordpress\/wp-content\/uploads\/2020\/09\/infanzia-taibon-3-200x200.jpg 200w, https:\/\/www.radiopiu.net\/wordpress\/wp-content\/uploads\/2020\/09\/infanzia-taibon-3-80x80.jpg 80w\" sizes=\"auto, (max-width: 150px) 100vw, 150px\" \/><\/a>\n\t\t\t\t<\/dt>\n\t\t\t\t\t<dd class='wp-caption-text gallery-caption' id='gallery-1-160628'>\n\t\t\t\t\tinfanzia taibon (3)\n\t\t\t\t\t<\/dd><\/dl><dl class='gallery-item'>\n\t\t\t\t<dt class='gallery-icon landscape'>\n\t\t\t\t\t<a class=\"rollover rollover-zoom dt-pswp-item\" title=\"elementari la valle (1)\" data-dt-img-description=\"\" data-large_image_width=\"1600\" data-large_image_height=\"1200\"href='https:\/\/www.radiopiu.net\/wordpress\/wp-content\/uploads\/2020\/09\/elementari-la-valle-1.jpg'><img loading=\"lazy\" decoding=\"async\" width=\"150\" height=\"150\" src=\"https:\/\/www.radiopiu.net\/wordpress\/wp-content\/uploads\/2020\/09\/elementari-la-valle-1-150x150.jpg\" class=\"attachment-thumbnail size-thumbnail\" alt=\"\" aria-describedby=\"gallery-1-160619\" srcset=\"https:\/\/www.radiopiu.net\/wordpress\/wp-content\/uploads\/2020\/09\/elementari-la-valle-1-150x150.jpg 150w, https:\/\/www.radiopiu.net\/wordpress\/wp-content\/uploads\/2020\/09\/elementari-la-valle-1-125x125.jpg 125w, https:\/\/www.radiopiu.net\/wordpress\/wp-content\/uploads\/2020\/09\/elementari-la-valle-1-200x200.jpg 200w, https:\/\/www.radiopiu.net\/wordpress\/wp-content\/uploads\/2020\/09\/elementari-la-valle-1-80x80.jpg 80w\" sizes=\"auto, (max-width: 150px) 100vw, 150px\" \/><\/a>\n\t\t\t\t<\/dt>\n\t\t\t\t\t<dd class='wp-caption-text gallery-caption' id='gallery-1-160619'>\n\t\t\t\t\telementari la valle (1)\n\t\t\t\t\t<\/dd><\/dl><br style=\"clear: both\" \/><dl class='gallery-item'>\n\t\t\t\t<dt class='gallery-icon landscape'>\n\t\t\t\t\t<a class=\"rollover rollover-zoom dt-pswp-item\" title=\"elementari la valle (2)\" data-dt-img-description=\"\" data-large_image_width=\"1600\" data-large_image_height=\"1200\"href='https:\/\/www.radiopiu.net\/wordpress\/wp-content\/uploads\/2020\/09\/elementari-la-valle-2.jpg'><img loading=\"lazy\" decoding=\"async\" width=\"150\" height=\"150\" src=\"https:\/\/www.radiopiu.net\/wordpress\/wp-content\/uploads\/2020\/09\/elementari-la-valle-2-150x150.jpg\" class=\"attachment-thumbnail size-thumbnail\" alt=\"\" aria-describedby=\"gallery-1-160616\" srcset=\"https:\/\/www.radiopiu.net\/wordpress\/wp-content\/uploads\/2020\/09\/elementari-la-valle-2-150x150.jpg 150w, https:\/\/www.radiopiu.net\/wordpress\/wp-content\/uploads\/2020\/09\/elementari-la-valle-2-125x125.jpg 125w, https:\/\/www.radiopiu.net\/wordpress\/wp-content\/uploads\/2020\/09\/elementari-la-valle-2-200x200.jpg 200w, https:\/\/www.radiopiu.net\/wordpress\/wp-content\/uploads\/2020\/09\/elementari-la-valle-2-80x80.jpg 80w\" sizes=\"auto, (max-width: 150px) 100vw, 150px\" \/><\/a>\n\t\t\t\t<\/dt>\n\t\t\t\t\t<dd class='wp-caption-text gallery-caption' id='gallery-1-160616'>\n\t\t\t\t\telementari la valle (2)\n\t\t\t\t\t<\/dd><\/dl><dl class='gallery-item'>\n\t\t\t\t<dt class='gallery-icon landscape'>\n\t\t\t\t\t<a class=\"rollover rollover-zoom dt-pswp-item\" title=\"elementari la valle (3)\" data-dt-img-description=\"\" data-large_image_width=\"1600\" data-large_image_height=\"710\"href='https:\/\/www.radiopiu.net\/wordpress\/wp-content\/uploads\/2020\/09\/elementari-la-valle-3.jpg'><img loading=\"lazy\" decoding=\"async\" width=\"150\" height=\"150\" src=\"https:\/\/www.radiopiu.net\/wordpress\/wp-content\/uploads\/2020\/09\/elementari-la-valle-3-150x150.jpg\" class=\"attachment-thumbnail size-thumbnail\" alt=\"\" aria-describedby=\"gallery-1-160617\" srcset=\"https:\/\/www.radiopiu.net\/wordpress\/wp-content\/uploads\/2020\/09\/elementari-la-valle-3-150x150.jpg 150w, https:\/\/www.radiopiu.net\/wordpress\/wp-content\/uploads\/2020\/09\/elementari-la-valle-3-125x125.jpg 125w, https:\/\/www.radiopiu.net\/wordpress\/wp-content\/uploads\/2020\/09\/elementari-la-valle-3-200x200.jpg 200w, https:\/\/www.radiopiu.net\/wordpress\/wp-content\/uploads\/2020\/09\/elementari-la-valle-3-80x80.jpg 80w\" sizes=\"auto, (max-width: 150px) 100vw, 150px\" \/><\/a>\n\t\t\t\t<\/dt>\n\t\t\t\t\t<dd class='wp-caption-text gallery-caption' id='gallery-1-160617'>\n\t\t\t\t\telementari la valle (3)\n\t\t\t\t\t<\/dd><\/dl><dl class='gallery-item'>\n\t\t\t\t<dt class='gallery-icon landscape'>\n\t\t\t\t\t<a class=\"rollover rollover-zoom dt-pswp-item\" title=\"elementari la valle (4)\" data-dt-img-description=\"\" data-large_image_width=\"1600\" data-large_image_height=\"1200\"href='https:\/\/www.radiopiu.net\/wordpress\/wp-content\/uploads\/2020\/09\/elementari-la-valle-4.jpg'><img loading=\"lazy\" decoding=\"async\" width=\"150\" height=\"150\" src=\"https:\/\/www.radiopiu.net\/wordpress\/wp-content\/uploads\/2020\/09\/elementari-la-valle-4-150x150.jpg\" class=\"attachment-thumbnail size-thumbnail\" alt=\"\" aria-describedby=\"gallery-1-160618\" srcset=\"https:\/\/www.radiopiu.net\/wordpress\/wp-content\/uploads\/2020\/09\/elementari-la-valle-4-150x150.jpg 150w, https:\/\/www.radiopiu.net\/wordpress\/wp-content\/uploads\/2020\/09\/elementari-la-valle-4-125x125.jpg 125w, https:\/\/www.radiopiu.net\/wordpress\/wp-content\/uploads\/2020\/09\/elementari-la-valle-4-200x200.jpg 200w, https:\/\/www.radiopiu.net\/wordpress\/wp-content\/uploads\/2020\/09\/elementari-la-valle-4-80x80.jpg 80w\" sizes=\"auto, (max-width: 150px) 100vw, 150px\" \/><\/a>\n\t\t\t\t<\/dt>\n\t\t\t\t\t<dd class='wp-caption-text gallery-caption' id='gallery-1-160618'>\n\t\t\t\t\telementari la valle (4)\n\t\t\t\t\t<\/dd><\/dl><dl class='gallery-item'>\n\t\t\t\t<dt class='gallery-icon landscape'>\n\t\t\t\t\t<a class=\"rollover rollover-zoom dt-pswp-item\" title=\"elementari falcade\" data-dt-img-description=\"\" data-large_image_width=\"1600\" data-large_image_height=\"974\"href='https:\/\/www.radiopiu.net\/wordpress\/wp-content\/uploads\/2020\/09\/elementari-falcade.jpg'><img loading=\"lazy\" decoding=\"async\" width=\"150\" height=\"150\" src=\"https:\/\/www.radiopiu.net\/wordpress\/wp-content\/uploads\/2020\/09\/elementari-falcade-150x150.jpg\" class=\"attachment-thumbnail size-thumbnail\" alt=\"\" srcset=\"https:\/\/www.radiopiu.net\/wordpress\/wp-content\/uploads\/2020\/09\/elementari-falcade-150x150.jpg 150w, https:\/\/www.radiopiu.net\/wordpress\/wp-content\/uploads\/2020\/09\/elementari-falcade-125x125.jpg 125w, https:\/\/www.radiopiu.net\/wordpress\/wp-content\/uploads\/2020\/09\/elementari-falcade-200x200.jpg 200w, https:\/\/www.radiopiu.net\/wordpress\/wp-content\/uploads\/2020\/09\/elementari-falcade-80x80.jpg 80w\" sizes=\"auto, (max-width: 150px) 100vw, 150px\" \/><\/a>\n\t\t\t\t<\/dt><\/dl><br style=\"clear: both\" \/><dl class='gallery-item'>\n\t\t\t\t<dt class='gallery-icon landscape'>\n\t\t\t\t\t<a class=\"rollover rollover-zoom dt-pswp-item\" title=\"scuola primaria agordo (1)\" data-dt-img-description=\"\" data-large_image_width=\"1600\" data-large_image_height=\"1200\"href='https:\/\/www.radiopiu.net\/wordpress\/wp-content\/uploads\/2020\/09\/scuola-primaria-agordo-1.jpg'><img loading=\"lazy\" decoding=\"async\" width=\"150\" height=\"150\" src=\"https:\/\/www.radiopiu.net\/wordpress\/wp-content\/uploads\/2020\/09\/scuola-primaria-agordo-1-150x150.jpg\" class=\"attachment-thumbnail size-thumbnail\" alt=\"\" aria-describedby=\"gallery-1-160675\" srcset=\"https:\/\/www.radiopiu.net\/wordpress\/wp-content\/uploads\/2020\/09\/scuola-primaria-agordo-1-150x150.jpg 150w, https:\/\/www.radiopiu.net\/wordpress\/wp-content\/uploads\/2020\/09\/scuola-primaria-agordo-1-125x125.jpg 125w, https:\/\/www.radiopiu.net\/wordpress\/wp-content\/uploads\/2020\/09\/scuola-primaria-agordo-1-200x200.jpg 200w, https:\/\/www.radiopiu.net\/wordpress\/wp-content\/uploads\/2020\/09\/scuola-primaria-agordo-1-80x80.jpg 80w\" sizes=\"auto, (max-width: 150px) 100vw, 150px\" \/><\/a>\n\t\t\t\t<\/dt>\n\t\t\t\t\t<dd class='wp-caption-text gallery-caption' id='gallery-1-160675'>\n\t\t\t\t\tscuola primaria agordo (2)\n\t\t\t\t\t<\/dd><\/dl><dl class='gallery-item'>\n\t\t\t\t<dt class='gallery-icon landscape'>\n\t\t\t\t\t<a class=\"rollover rollover-zoom dt-pswp-item\" title=\"scuola primaria agordo (2)\" data-dt-img-description=\"\" data-large_image_width=\"1600\" data-large_image_height=\"1200\"href='https:\/\/www.radiopiu.net\/wordpress\/wp-content\/uploads\/2020\/09\/scuola-primaria-agordo-2.jpg'><img loading=\"lazy\" decoding=\"async\" width=\"150\" height=\"150\" src=\"https:\/\/www.radiopiu.net\/wordpress\/wp-content\/uploads\/2020\/09\/scuola-primaria-agordo-2-150x150.jpg\" class=\"attachment-thumbnail size-thumbnail\" alt=\"\" aria-describedby=\"gallery-1-160674\" srcset=\"https:\/\/www.radiopiu.net\/wordpress\/wp-content\/uploads\/2020\/09\/scuola-primaria-agordo-2-150x150.jpg 150w, https:\/\/www.radiopiu.net\/wordpress\/wp-content\/uploads\/2020\/09\/scuola-primaria-agordo-2-125x125.jpg 125w, https:\/\/www.radiopiu.net\/wordpress\/wp-content\/uploads\/2020\/09\/scuola-primaria-agordo-2-200x200.jpg 200w, https:\/\/www.radiopiu.net\/wordpress\/wp-content\/uploads\/2020\/09\/scuola-primaria-agordo-2-80x80.jpg 80w\" sizes=\"auto, (max-width: 150px) 100vw, 150px\" \/><\/a>\n\t\t\t\t<\/dt>\n\t\t\t\t\t<dd class='wp-caption-text gallery-caption' id='gallery-1-160674'>\n\t\t\t\t\tscuola primaria agordo (2)\n\t\t\t\t\t<\/dd><\/dl><dl class='gallery-item'>\n\t\t\t\t<dt class='gallery-icon portrait'>\n\t\t\t\t\t<a class=\"rollover rollover-zoom dt-pswp-item\" title=\"medie canale (1)\" data-dt-img-description=\"\" data-large_image_width=\"1200\" data-large_image_height=\"1600\"href='https:\/\/www.radiopiu.net\/wordpress\/wp-content\/uploads\/2020\/09\/medie-canale-1.jpg'><img loading=\"lazy\" decoding=\"async\" width=\"150\" height=\"150\" src=\"https:\/\/www.radiopiu.net\/wordpress\/wp-content\/uploads\/2020\/09\/medie-canale-1-150x150.jpg\" class=\"attachment-thumbnail size-thumbnail\" alt=\"\" aria-describedby=\"gallery-1-160624\" srcset=\"https:\/\/www.radiopiu.net\/wordpress\/wp-content\/uploads\/2020\/09\/medie-canale-1-150x150.jpg 150w, https:\/\/www.radiopiu.net\/wordpress\/wp-content\/uploads\/2020\/09\/medie-canale-1-125x125.jpg 125w, https:\/\/www.radiopiu.net\/wordpress\/wp-content\/uploads\/2020\/09\/medie-canale-1-200x200.jpg 200w, https:\/\/www.radiopiu.net\/wordpress\/wp-content\/uploads\/2020\/09\/medie-canale-1-80x80.jpg 80w\" sizes=\"auto, (max-width: 150px) 100vw, 150px\" \/><\/a>\n\t\t\t\t<\/dt>\n\t\t\t\t\t<dd class='wp-caption-text gallery-caption' id='gallery-1-160624'>\n\t\t\t\t\tmedie canale (1)\n\t\t\t\t\t<\/dd><\/dl><dl class='gallery-item'>\n\t\t\t\t<dt class='gallery-icon portrait'>\n\t\t\t\t\t<a class=\"rollover rollover-zoom dt-pswp-item\" title=\"medie canale (2)\" data-dt-img-description=\"\" data-large_image_width=\"1200\" data-large_image_height=\"1600\"href='https:\/\/www.radiopiu.net\/wordpress\/wp-content\/uploads\/2020\/09\/medie-canale-2.jpg'><img loading=\"lazy\" decoding=\"async\" width=\"150\" height=\"150\" src=\"https:\/\/www.radiopiu.net\/wordpress\/wp-content\/uploads\/2020\/09\/medie-canale-2-150x150.jpg\" class=\"attachment-thumbnail size-thumbnail\" alt=\"\" srcset=\"https:\/\/www.radiopiu.net\/wordpress\/wp-content\/uploads\/2020\/09\/medie-canale-2-150x150.jpg 150w, https:\/\/www.radiopiu.net\/wordpress\/wp-content\/uploads\/2020\/09\/medie-canale-2-125x125.jpg 125w, https:\/\/www.radiopiu.net\/wordpress\/wp-content\/uploads\/2020\/09\/medie-canale-2-200x200.jpg 200w, https:\/\/www.radiopiu.net\/wordpress\/wp-content\/uploads\/2020\/09\/medie-canale-2-80x80.jpg 80w\" sizes=\"auto, (max-width: 150px) 100vw, 150px\" \/><\/a>\n\t\t\t\t<\/dt><\/dl><br style=\"clear: both\" \/><dl class='gallery-item'>\n\t\t\t\t<dt class='gallery-icon portrait'>\n\t\t\t\t\t<a class=\"rollover rollover-zoom dt-pswp-item\" title=\"medie canale (3)\" data-dt-img-description=\"\" data-large_image_width=\"1200\" data-large_image_height=\"1600\"href='https:\/\/www.radiopiu.net\/wordpress\/wp-content\/uploads\/2020\/09\/medie-canale-3.jpg'><img loading=\"lazy\" decoding=\"async\" width=\"150\" height=\"150\" src=\"https:\/\/www.radiopiu.net\/wordpress\/wp-content\/uploads\/2020\/09\/medie-canale-3-150x150.jpg\" class=\"attachment-thumbnail size-thumbnail\" alt=\"\" aria-describedby=\"gallery-1-160620\" srcset=\"https:\/\/www.radiopiu.net\/wordpress\/wp-content\/uploads\/2020\/09\/medie-canale-3-150x150.jpg 150w, https:\/\/www.radiopiu.net\/wordpress\/wp-content\/uploads\/2020\/09\/medie-canale-3-125x125.jpg 125w, https:\/\/www.radiopiu.net\/wordpress\/wp-content\/uploads\/2020\/09\/medie-canale-3-200x200.jpg 200w, https:\/\/www.radiopiu.net\/wordpress\/wp-content\/uploads\/2020\/09\/medie-canale-3-80x80.jpg 80w\" sizes=\"auto, (max-width: 150px) 100vw, 150px\" \/><\/a>\n\t\t\t\t<\/dt>\n\t\t\t\t\t<dd class='wp-caption-text gallery-caption' id='gallery-1-160620'>\n\t\t\t\t\tmedie canale (3)\n\t\t\t\t\t<\/dd><\/dl><dl class='gallery-item'>\n\t\t\t\t<dt class='gallery-icon landscape'>\n\t\t\t\t\t<a class=\"rollover rollover-zoom dt-pswp-item\" title=\"Istituto Follador Agordo\" data-dt-img-description=\"\" data-large_image_width=\"1600\" data-large_image_height=\"1200\"href='https:\/\/www.radiopiu.net\/wordpress\/wp-content\/uploads\/2020\/09\/Istituto-Follador-Agordo.jpg'><img loading=\"lazy\" decoding=\"async\" width=\"150\" height=\"150\" src=\"https:\/\/www.radiopiu.net\/wordpress\/wp-content\/uploads\/2020\/09\/Istituto-Follador-Agordo-150x150.jpg\" class=\"attachment-thumbnail size-thumbnail\" alt=\"\" aria-describedby=\"gallery-1-160621\" srcset=\"https:\/\/www.radiopiu.net\/wordpress\/wp-content\/uploads\/2020\/09\/Istituto-Follador-Agordo-150x150.jpg 150w, https:\/\/www.radiopiu.net\/wordpress\/wp-content\/uploads\/2020\/09\/Istituto-Follador-Agordo-125x125.jpg 125w, https:\/\/www.radiopiu.net\/wordpress\/wp-content\/uploads\/2020\/09\/Istituto-Follador-Agordo-200x200.jpg 200w, https:\/\/www.radiopiu.net\/wordpress\/wp-content\/uploads\/2020\/09\/Istituto-Follador-Agordo-80x80.jpg 80w\" sizes=\"auto, (max-width: 150px) 100vw, 150px\" \/><\/a>\n\t\t\t\t<\/dt>\n\t\t\t\t\t<dd class='wp-caption-text gallery-caption' id='gallery-1-160621'>\n\t\t\t\t\tIstituto Follador Agordo\n\t\t\t\t\t<\/dd><\/dl>\n\t\t\t\t<br style='clear: both' \/>\n\t\t\t<\/div>\n\n<p>&nbsp;<\/p>\n<p align=\"JUSTIFY\"><span style=\"font-family: Rockwell, serif;\">.<\/span><\/p>\n<hr \/>\n<blockquote>\n<h3>QUATTRO NUOVE POSITIVITA&#8217;, 3 CONVIVENTI E UN TURISTA DI RITORNO DALLA SPAGNA<\/h3>\n<p><em>Un dipendente della Sersa di Belluno positivo al Covid-19. Torna la paura dei contagi nelle case di riposo. La notizia alla direzione della struttura di Cavarzano \u00e8 arrivata l&#8217;altro ieri dal Dipartimento di Prevenzione, come spiega l&#8217;amministratore unico, Paolo Santesso oggi sul<strong> Corriere delle Alp<\/strong>i. \u00abA scopo cautelativo e per ridurre ulteriormente il rischio, sono state sospese per questa settimana le visite ai residenti\u00bb.<\/em><\/p><\/blockquote>\n<p><strong><img loading=\"lazy\" decoding=\"async\" class=\"alignleft\" src=\"https:\/\/www.radiopiu.net\/wordpress\/wp-content\/uploads\/2020\/03\/coronavirus-4844620_640.jpg\" width=\"150\" height=\"75\" \/>BELLUNO<\/strong>\u00a0 Quattro nuove positivit\u00e0 nelle ultime 24 ore: 3 familiari conviventi gi\u00e0 isolati in quanto contatti di caso gi\u00e0 segnalato. 1 soggetto di rientro dalla Spagna (conferma di tampone rapido positivo eseguito in aeroporto a Venezia) Regolare, anche se molto impegnativa, la seconda giornata di tamponi per bambini e ragazzi sintomatici frequentanti la scuola: eseguito un totale di 70 tamponi di cui 41 a Belluno e 29 a Feltre.<\/p>\n<p>&nbsp;<\/p>\n<hr \/>\n<h3><\/h3>\n<blockquote>\n<h3>CICLABILE CENCENIGHE-FALCADE: OFF LIMITS<\/h3>\n<\/blockquote>\n<p><strong>FALCADE<\/strong> Per gli amanti del ciclismo il consiglio di non avventurarsi sulla ciclabile che da Cencenighe sale a Falcade, \u00e8 interrotta in due punti. Gi\u00e0 al ponte dopo la bella strada che costeggia la ex galleria delle Anime l&#8217;invito a non continuare, poco pi\u00f9 avanti il Biois si \u00e8 preso la ciclabile. A piedi si passa, difficilmente rimanendo in sella alla bicicletta.<\/p>\n\n\t\t\t<style type='text\/css'>\n\t\t\t\t#gallery-2 {\n\t\t\t\t\tmargin: auto;\n\t\t\t\t}\n\t\t\t\t#gallery-2 .gallery-item {\n\t\t\t\t\tfloat: left;\n\t\t\t\t\tmargin-top: 10px;\n\t\t\t\t\ttext-align: center;\n\t\t\t\t\twidth: 50%;\n\t\t\t\t}\n\t\t\t\t#gallery-2 img {\n\t\t\t\t\tborder: 2px solid #cfcfcf;\n\t\t\t\t}\n\t\t\t\t#gallery-2 .gallery-caption {\n\t\t\t\t\tmargin-left: 0;\n\t\t\t\t}\n\t\t\t\t\/* see gallery_shortcode() in wp-includes\/media.php *\/\n\t\t\t<\/style>\n\t\t<div id='gallery-2' class='dt-gallery-container gallery galleryid-160748 gallery-columns-2 gallery-size-thumbnail'><dl class='gallery-item'>\n\t\t\t\t<dt class='gallery-icon landscape'>\n\t\t\t\t\t<a class=\"rollover rollover-zoom dt-pswp-item\" title=\"b4b323dd-2497-4822-ab3e-631d0982afd8\" data-dt-img-description=\"\" data-large_image_width=\"2048\" data-large_image_height=\"1024\"href='https:\/\/www.radiopiu.net\/wordpress\/wp-content\/uploads\/2020\/09\/b4b323dd-2497-4822-ab3e-631d0982afd8.jpg'><img loading=\"lazy\" decoding=\"async\" width=\"150\" height=\"150\" src=\"https:\/\/www.radiopiu.net\/wordpress\/wp-content\/uploads\/2020\/09\/b4b323dd-2497-4822-ab3e-631d0982afd8-150x150.jpg\" class=\"attachment-thumbnail size-thumbnail\" alt=\"\" srcset=\"https:\/\/www.radiopiu.net\/wordpress\/wp-content\/uploads\/2020\/09\/b4b323dd-2497-4822-ab3e-631d0982afd8-150x150.jpg 150w, https:\/\/www.radiopiu.net\/wordpress\/wp-content\/uploads\/2020\/09\/b4b323dd-2497-4822-ab3e-631d0982afd8-125x125.jpg 125w, https:\/\/www.radiopiu.net\/wordpress\/wp-content\/uploads\/2020\/09\/b4b323dd-2497-4822-ab3e-631d0982afd8-200x200.jpg 200w, https:\/\/www.radiopiu.net\/wordpress\/wp-content\/uploads\/2020\/09\/b4b323dd-2497-4822-ab3e-631d0982afd8-80x80.jpg 80w\" sizes=\"auto, (max-width: 150px) 100vw, 150px\" \/><\/a>\n\t\t\t\t<\/dt><\/dl><dl class='gallery-item'>\n\t\t\t\t<dt class='gallery-icon landscape'>\n\t\t\t\t\t<a class=\"rollover rollover-zoom dt-pswp-item\" title=\"fc2c2212-57ef-4007-bebc-fd74b8e2472a\" data-dt-img-description=\"\" data-large_image_width=\"2048\" data-large_image_height=\"1024\"href='https:\/\/www.radiopiu.net\/wordpress\/wp-content\/uploads\/2020\/09\/fc2c2212-57ef-4007-bebc-fd74b8e2472a.jpg'><img loading=\"lazy\" decoding=\"async\" width=\"150\" height=\"150\" src=\"https:\/\/www.radiopiu.net\/wordpress\/wp-content\/uploads\/2020\/09\/fc2c2212-57ef-4007-bebc-fd74b8e2472a-150x150.jpg\" class=\"attachment-thumbnail size-thumbnail\" alt=\"\" srcset=\"https:\/\/www.radiopiu.net\/wordpress\/wp-content\/uploads\/2020\/09\/fc2c2212-57ef-4007-bebc-fd74b8e2472a-150x150.jpg 150w, https:\/\/www.radiopiu.net\/wordpress\/wp-content\/uploads\/2020\/09\/fc2c2212-57ef-4007-bebc-fd74b8e2472a-125x125.jpg 125w, https:\/\/www.radiopiu.net\/wordpress\/wp-content\/uploads\/2020\/09\/fc2c2212-57ef-4007-bebc-fd74b8e2472a-200x200.jpg 200w, https:\/\/www.radiopiu.net\/wordpress\/wp-content\/uploads\/2020\/09\/fc2c2212-57ef-4007-bebc-fd74b8e2472a-80x80.jpg 80w\" sizes=\"auto, (max-width: 150px) 100vw, 150px\" \/><\/a>\n\t\t\t\t<\/dt><\/dl><br style=\"clear: both\" \/>\n\t\t\t<\/div>\n\n<p>Poi la seconda interruzione, pi\u00f9 seria. Qui i cartelli sbarrano la strada. Della ciclabile \u00e8 rimasto uno stretto passaggio non eroso dalla furia dell&#8217;acqua.<\/p>\n\n\t\t\t<style type='text\/css'>\n\t\t\t\t#gallery-3 {\n\t\t\t\t\tmargin: auto;\n\t\t\t\t}\n\t\t\t\t#gallery-3 .gallery-item {\n\t\t\t\t\tfloat: left;\n\t\t\t\t\tmargin-top: 10px;\n\t\t\t\t\ttext-align: center;\n\t\t\t\t\twidth: 100%;\n\t\t\t\t}\n\t\t\t\t#gallery-3 img {\n\t\t\t\t\tborder: 2px solid #cfcfcf;\n\t\t\t\t}\n\t\t\t\t#gallery-3 .gallery-caption {\n\t\t\t\t\tmargin-left: 0;\n\t\t\t\t}\n\t\t\t\t\/* see gallery_shortcode() in wp-includes\/media.php *\/\n\t\t\t<\/style>\n\t\t<div id='gallery-3' class='dt-gallery-container gallery galleryid-160748 gallery-columns-1 gallery-size-thumbnail'><dl class='gallery-item'>\n\t\t\t\t<dt class='gallery-icon landscape'>\n\t\t\t\t\t<a class=\"rollover rollover-zoom dt-pswp-item\" title=\"84f51d0f-ffe3-45c9-ba30-0b87f8f1f2d0\" data-dt-img-description=\"\" data-large_image_width=\"2048\" data-large_image_height=\"1024\"href='https:\/\/www.radiopiu.net\/wordpress\/wp-content\/uploads\/2020\/09\/84f51d0f-ffe3-45c9-ba30-0b87f8f1f2d0.jpg'><img loading=\"lazy\" decoding=\"async\" width=\"150\" height=\"150\" src=\"https:\/\/www.radiopiu.net\/wordpress\/wp-content\/uploads\/2020\/09\/84f51d0f-ffe3-45c9-ba30-0b87f8f1f2d0-150x150.jpg\" class=\"attachment-thumbnail size-thumbnail\" alt=\"\" srcset=\"https:\/\/www.radiopiu.net\/wordpress\/wp-content\/uploads\/2020\/09\/84f51d0f-ffe3-45c9-ba30-0b87f8f1f2d0-150x150.jpg 150w, https:\/\/www.radiopiu.net\/wordpress\/wp-content\/uploads\/2020\/09\/84f51d0f-ffe3-45c9-ba30-0b87f8f1f2d0-125x125.jpg 125w, https:\/\/www.radiopiu.net\/wordpress\/wp-content\/uploads\/2020\/09\/84f51d0f-ffe3-45c9-ba30-0b87f8f1f2d0-200x200.jpg 200w, https:\/\/www.radiopiu.net\/wordpress\/wp-content\/uploads\/2020\/09\/84f51d0f-ffe3-45c9-ba30-0b87f8f1f2d0-80x80.jpg 80w\" sizes=\"auto, (max-width: 150px) 100vw, 150px\" \/><\/a>\n\t\t\t\t<\/dt><\/dl><br style=\"clear: both\" \/>\n\t\t\t<\/div>\n\n<p>Dopo Canale d&#8217;Agordo la Cavallera \u00e8 il solito spettacolo tra le sculture di Franco Murer, ma purtroppo in prossimit\u00e0 del depuratore di Caviola il ponte \u00e8 stato spazzo via dalla piena di fine agosto dopo i precedenti danni d&#8217;inizio mese ma che non avevano portato al blocco della strada. <em>&#8220;Gi\u00e0 Vaia ha distrutto il ponte &#8211; dice il sindaco Michele Costa &#8211; lo scorso giugno i Servizi Forestali avevamo realizzato un passaggio provvisorio , e\u00a0 il nubifragio di inizio agosto aveva causato i primi danni, il peggio a fine mese: \u00e9 sparito tutto. E&#8217; un intervento finanziato con 800 mila euro nel post Vaia di Falcade, tutto \u00e8 pronto per la gara ed entro fine mese verr\u00e0 firmato il contratto e sar\u00e0 realizzato un ponte con caratteristiche stradali anche per garantire una viabilit\u00e0 alternativa in caso di emergenza&#8221;<\/em><\/p>\n\n\t\t\t<style type='text\/css'>\n\t\t\t\t#gallery-4 {\n\t\t\t\t\tmargin: auto;\n\t\t\t\t}\n\t\t\t\t#gallery-4 .gallery-item {\n\t\t\t\t\tfloat: left;\n\t\t\t\t\tmargin-top: 10px;\n\t\t\t\t\ttext-align: center;\n\t\t\t\t\twidth: 33%;\n\t\t\t\t}\n\t\t\t\t#gallery-4 img {\n\t\t\t\t\tborder: 2px solid #cfcfcf;\n\t\t\t\t}\n\t\t\t\t#gallery-4 .gallery-caption {\n\t\t\t\t\tmargin-left: 0;\n\t\t\t\t}\n\t\t\t\t\/* see gallery_shortcode() in wp-includes\/media.php *\/\n\t\t\t<\/style>\n\t\t<div id='gallery-4' class='dt-gallery-container gallery galleryid-160748 gallery-columns-3 gallery-size-thumbnail'><dl class='gallery-item'>\n\t\t\t\t<dt class='gallery-icon landscape'>\n\t\t\t\t\t<a class=\"rollover rollover-zoom dt-pswp-item\" title=\"e39db407-79f3-42b5-a35d-00cb5afa911b\" data-dt-img-description=\"\" data-large_image_width=\"2048\" data-large_image_height=\"1024\"href='https:\/\/www.radiopiu.net\/wordpress\/wp-content\/uploads\/2020\/09\/e39db407-79f3-42b5-a35d-00cb5afa911b.jpg'><img loading=\"lazy\" decoding=\"async\" width=\"150\" height=\"150\" src=\"https:\/\/www.radiopiu.net\/wordpress\/wp-content\/uploads\/2020\/09\/e39db407-79f3-42b5-a35d-00cb5afa911b-150x150.jpg\" class=\"attachment-thumbnail size-thumbnail\" alt=\"\" srcset=\"https:\/\/www.radiopiu.net\/wordpress\/wp-content\/uploads\/2020\/09\/e39db407-79f3-42b5-a35d-00cb5afa911b-150x150.jpg 150w, https:\/\/www.radiopiu.net\/wordpress\/wp-content\/uploads\/2020\/09\/e39db407-79f3-42b5-a35d-00cb5afa911b-125x125.jpg 125w, https:\/\/www.radiopiu.net\/wordpress\/wp-content\/uploads\/2020\/09\/e39db407-79f3-42b5-a35d-00cb5afa911b-200x200.jpg 200w, https:\/\/www.radiopiu.net\/wordpress\/wp-content\/uploads\/2020\/09\/e39db407-79f3-42b5-a35d-00cb5afa911b-80x80.jpg 80w\" sizes=\"auto, (max-width: 150px) 100vw, 150px\" \/><\/a>\n\t\t\t\t<\/dt><\/dl><dl class='gallery-item'>\n\t\t\t\t<dt class='gallery-icon landscape'>\n\t\t\t\t\t<a class=\"rollover rollover-zoom dt-pswp-item\" title=\"7d695ebe-6ed9-4e34-82c1-8d1f26b2e426\" data-dt-img-description=\"\" data-large_image_width=\"1024\" data-large_image_height=\"768\"href='https:\/\/www.radiopiu.net\/wordpress\/wp-content\/uploads\/2020\/09\/7d695ebe-6ed9-4e34-82c1-8d1f26b2e426.jpg'><img loading=\"lazy\" decoding=\"async\" width=\"150\" height=\"150\" src=\"https:\/\/www.radiopiu.net\/wordpress\/wp-content\/uploads\/2020\/09\/7d695ebe-6ed9-4e34-82c1-8d1f26b2e426-150x150.jpg\" class=\"attachment-thumbnail size-thumbnail\" alt=\"\" srcset=\"https:\/\/www.radiopiu.net\/wordpress\/wp-content\/uploads\/2020\/09\/7d695ebe-6ed9-4e34-82c1-8d1f26b2e426-150x150.jpg 150w, https:\/\/www.radiopiu.net\/wordpress\/wp-content\/uploads\/2020\/09\/7d695ebe-6ed9-4e34-82c1-8d1f26b2e426-125x125.jpg 125w, https:\/\/www.radiopiu.net\/wordpress\/wp-content\/uploads\/2020\/09\/7d695ebe-6ed9-4e34-82c1-8d1f26b2e426-200x200.jpg 200w, https:\/\/www.radiopiu.net\/wordpress\/wp-content\/uploads\/2020\/09\/7d695ebe-6ed9-4e34-82c1-8d1f26b2e426-80x80.jpg 80w\" sizes=\"auto, (max-width: 150px) 100vw, 150px\" \/><\/a>\n\t\t\t\t<\/dt><\/dl><dl class='gallery-item'>\n\t\t\t\t<dt class='gallery-icon portrait'>\n\t\t\t\t\t<a class=\"rollover rollover-zoom dt-pswp-item\" title=\"c8d81973-9ac8-406e-b215-13ac3c92e844\" data-dt-img-description=\"\" data-large_image_width=\"845\" data-large_image_height=\"1024\"href='https:\/\/www.radiopiu.net\/wordpress\/wp-content\/uploads\/2020\/09\/c8d81973-9ac8-406e-b215-13ac3c92e844.jpg'><img loading=\"lazy\" decoding=\"async\" width=\"150\" height=\"150\" src=\"https:\/\/www.radiopiu.net\/wordpress\/wp-content\/uploads\/2020\/09\/c8d81973-9ac8-406e-b215-13ac3c92e844-150x150.jpg\" class=\"attachment-thumbnail size-thumbnail\" alt=\"\" srcset=\"https:\/\/www.radiopiu.net\/wordpress\/wp-content\/uploads\/2020\/09\/c8d81973-9ac8-406e-b215-13ac3c92e844-150x150.jpg 150w, https:\/\/www.radiopiu.net\/wordpress\/wp-content\/uploads\/2020\/09\/c8d81973-9ac8-406e-b215-13ac3c92e844-125x125.jpg 125w, https:\/\/www.radiopiu.net\/wordpress\/wp-content\/uploads\/2020\/09\/c8d81973-9ac8-406e-b215-13ac3c92e844-200x200.jpg 200w, https:\/\/www.radiopiu.net\/wordpress\/wp-content\/uploads\/2020\/09\/c8d81973-9ac8-406e-b215-13ac3c92e844-80x80.jpg 80w\" sizes=\"auto, (max-width: 150px) 100vw, 150px\" \/><\/a>\n\t\t\t\t<\/dt><\/dl><br style=\"clear: both\" \/>\n\t\t\t<\/div>\n\n<p>&nbsp;<\/p>\n<p>Infine tra Caviola e Falcade il famoso ponte del Gavon travolto dal camion carico di asfalto, necessita di &#8220;cure&#8221; e i cantieri apriranno a breve.<em> &#8220;Oltre la centralina sulla confluenza del Gavon c&#8217;\u00e8 il famoso ponte parzialmente sistemato ma un&#8217;ordinanza ne vieta il passaggio. Non ha subito danni ma sar\u00e0 oggetto di interventi post Vaia con una &#8220;luce&#8221; tutta nuova, i lavori inizieranno a primavera&#8221;<\/em><\/p>\n<p>&nbsp;<\/p>\n\n\t\t\t<style type='text\/css'>\n\t\t\t\t#gallery-5 {\n\t\t\t\t\tmargin: auto;\n\t\t\t\t}\n\t\t\t\t#gallery-5 .gallery-item {\n\t\t\t\t\tfloat: left;\n\t\t\t\t\tmargin-top: 10px;\n\t\t\t\t\ttext-align: center;\n\t\t\t\t\twidth: 33%;\n\t\t\t\t}\n\t\t\t\t#gallery-5 img {\n\t\t\t\t\tborder: 2px solid #cfcfcf;\n\t\t\t\t}\n\t\t\t\t#gallery-5 .gallery-caption {\n\t\t\t\t\tmargin-left: 0;\n\t\t\t\t}\n\t\t\t\t\/* see gallery_shortcode() in wp-includes\/media.php *\/\n\t\t\t<\/style>\n\t\t<div id='gallery-5' class='dt-gallery-container gallery galleryid-160748 gallery-columns-3 gallery-size-thumbnail'><dl class='gallery-item'>\n\t\t\t\t<dt class='gallery-icon landscape'>\n\t\t\t\t\t<a class=\"rollover rollover-zoom dt-pswp-item\" title=\"download\" data-dt-img-description=\"\" data-large_image_width=\"322\" data-large_image_height=\"156\"href='https:\/\/www.radiopiu.net\/wordpress\/wp-content\/uploads\/2020\/09\/download-12.jpg'><img loading=\"lazy\" decoding=\"async\" width=\"150\" height=\"150\" src=\"https:\/\/www.radiopiu.net\/wordpress\/wp-content\/uploads\/2020\/09\/download-12-150x150.jpg\" class=\"attachment-thumbnail size-thumbnail\" alt=\"\" srcset=\"https:\/\/www.radiopiu.net\/wordpress\/wp-content\/uploads\/2020\/09\/download-12-150x150.jpg 150w, https:\/\/www.radiopiu.net\/wordpress\/wp-content\/uploads\/2020\/09\/download-12-125x125.jpg 125w, https:\/\/www.radiopiu.net\/wordpress\/wp-content\/uploads\/2020\/09\/download-12-80x80.jpg 80w\" sizes=\"auto, (max-width: 150px) 100vw, 150px\" \/><\/a>\n\t\t\t\t<\/dt><\/dl><dl class='gallery-item'>\n\t\t\t\t<dt class='gallery-icon landscape'>\n\t\t\t\t\t<a class=\"rollover rollover-zoom dt-pswp-item\" title=\"doawnload\" data-dt-img-description=\"\" data-large_image_width=\"322\" data-large_image_height=\"156\"href='https:\/\/www.radiopiu.net\/wordpress\/wp-content\/uploads\/2020\/09\/doawnload.jpg'><img loading=\"lazy\" decoding=\"async\" width=\"150\" height=\"150\" src=\"https:\/\/www.radiopiu.net\/wordpress\/wp-content\/uploads\/2020\/09\/doawnload-150x150.jpg\" class=\"attachment-thumbnail size-thumbnail\" alt=\"\" srcset=\"https:\/\/www.radiopiu.net\/wordpress\/wp-content\/uploads\/2020\/09\/doawnload-150x150.jpg 150w, https:\/\/www.radiopiu.net\/wordpress\/wp-content\/uploads\/2020\/09\/doawnload-125x125.jpg 125w, https:\/\/www.radiopiu.net\/wordpress\/wp-content\/uploads\/2020\/09\/doawnload-80x80.jpg 80w\" sizes=\"auto, (max-width: 150px) 100vw, 150px\" \/><\/a>\n\t\t\t\t<\/dt><\/dl><dl class='gallery-item'>\n\t\t\t\t<dt class='gallery-icon landscape'>\n\t\t\t\t\t<a class=\"rollover rollover-zoom dt-pswp-item\" title=\"WhatsApp-Image-2019-09-05-at-19.57.44-150x150\" data-dt-img-description=\"\" data-large_image_width=\"150\" data-large_image_height=\"150\"href='https:\/\/www.radiopiu.net\/wordpress\/wp-content\/uploads\/2020\/09\/WhatsApp-Image-2019-09-05-at-19.57.44-150x150-1.jpg'><img loading=\"lazy\" decoding=\"async\" width=\"150\" height=\"150\" src=\"https:\/\/www.radiopiu.net\/wordpress\/wp-content\/uploads\/2020\/09\/WhatsApp-Image-2019-09-05-at-19.57.44-150x150-1-150x150.jpg\" class=\"attachment-thumbnail size-thumbnail\" alt=\"\" srcset=\"https:\/\/www.radiopiu.net\/wordpress\/wp-content\/uploads\/2020\/09\/WhatsApp-Image-2019-09-05-at-19.57.44-150x150-1.jpg 150w, https:\/\/www.radiopiu.net\/wordpress\/wp-content\/uploads\/2020\/09\/WhatsApp-Image-2019-09-05-at-19.57.44-150x150-1-125x125.jpg 125w, https:\/\/www.radiopiu.net\/wordpress\/wp-content\/uploads\/2020\/09\/WhatsApp-Image-2019-09-05-at-19.57.44-150x150-1-80x80.jpg 80w\" sizes=\"auto, (max-width: 150px) 100vw, 150px\" \/><\/a>\n\t\t\t\t<\/dt><\/dl><br style=\"clear: both\" \/>\n\t\t\t<\/div>\n\n<p>&nbsp;<\/p>\n<hr \/>\n<p>&nbsp;<\/p>\n<blockquote>\n<h3>SEMPRE INTERROTTA LA &#8220;CICLABILE&#8221; LISTOLADE-CENCENIGHE MA GLI ESCAVATORI SONO IN MOVIMENTO SUL GRETO DEL TORRENTE<\/h3>\n<\/blockquote>\n<p><strong>TAIBON<\/strong> Cantiere di lavoro lungo l&#8217;interrotta ex 203 agordina poco dopo l&#8217;abitato di Listolade, strada che permette ai ciclisti di evitare il tunnel di Listolade. Strada mai presa in carico come pista ciclabile ma da sempre chiusa comunque (ufficialmente) a qualsiasi mezzo, biciclette comprese. Ma era quotidianamente percorsa prima di Vaia. L&#8217;onda\u00a0 d&#8217;urto di fine ottobre ne ha spazzato via un pezzo e i danni fino ad oggi non hanno mai trovato ristoro. Ora qualche cosa di muove.<\/p>\n<div style=\"width: 640px;\" class=\"wp-video\"><video class=\"wp-video-shortcode\" id=\"video-160748-1\" width=\"640\" height=\"352\" preload=\"metadata\" controls=\"controls\"><source type=\"video\/mp4\" src=\"https:\/\/www.radiopiu.net\/wordpress\/wp-content\/uploads\/2020\/09\/WhatsApp-Video-2020-09-15-at-19.07.41.mp4?_=1\" \/><a href=\"https:\/\/www.radiopiu.net\/wordpress\/wp-content\/uploads\/2020\/09\/WhatsApp-Video-2020-09-15-at-19.07.41.mp4\">https:\/\/www.radiopiu.net\/wordpress\/wp-content\/uploads\/2020\/09\/WhatsApp-Video-2020-09-15-at-19.07.41.mp4<\/a><\/video><\/div>\n<div style=\"width: 1200px;\" class=\"wp-video\"><video class=\"wp-video-shortcode\" id=\"video-160748-2\" width=\"1200\" height=\"675\" preload=\"metadata\" controls=\"controls\"><source type=\"video\/mp4\" src=\"https:\/\/www.radiopiu.net\/wordpress\/wp-content\/uploads\/2020\/09\/WhatsApp-Video-2020-09-15-at-19.09.30.mp4?_=2\" \/><a href=\"https:\/\/www.radiopiu.net\/wordpress\/wp-content\/uploads\/2020\/09\/WhatsApp-Video-2020-09-15-at-19.09.30.mp4\">https:\/\/www.radiopiu.net\/wordpress\/wp-content\/uploads\/2020\/09\/WhatsApp-Video-2020-09-15-at-19.09.30.mp4<\/a><\/video><\/div>\n<p>&nbsp;<\/p>\n<p>&nbsp;<\/p>\n<hr \/>\n<p>&nbsp;<\/p>\n<blockquote>\n<h3>IL NUOVO SITO PER IL MEDIO-ALTO AGORDINO<\/h3>\n<\/blockquote>\n<p><strong><a class=\"dt-pswp-item\" href=\"https:\/\/www.radiopiu.net\/wordpress\/wp-content\/uploads\/2020\/09\/c02f1f54-9ca8-4eab-8771-98401144622a.jpg\" data-dt-img-description=\"\" data-large_image_width=\"2048\" data-large_image_height=\"1024\"><img loading=\"lazy\" decoding=\"async\" class=\" wp-image-160849 alignleft\" src=\"https:\/\/www.radiopiu.net\/wordpress\/wp-content\/uploads\/2020\/09\/c02f1f54-9ca8-4eab-8771-98401144622a-300x150.jpg\" alt=\"\" width=\"354\" height=\"177\" srcset=\"https:\/\/www.radiopiu.net\/wordpress\/wp-content\/uploads\/2020\/09\/c02f1f54-9ca8-4eab-8771-98401144622a-300x150.jpg 300w, https:\/\/www.radiopiu.net\/wordpress\/wp-content\/uploads\/2020\/09\/c02f1f54-9ca8-4eab-8771-98401144622a-1024x512.jpg 1024w, https:\/\/www.radiopiu.net\/wordpress\/wp-content\/uploads\/2020\/09\/c02f1f54-9ca8-4eab-8771-98401144622a-768x384.jpg 768w, https:\/\/www.radiopiu.net\/wordpress\/wp-content\/uploads\/2020\/09\/c02f1f54-9ca8-4eab-8771-98401144622a-1536x768.jpg 1536w, https:\/\/www.radiopiu.net\/wordpress\/wp-content\/uploads\/2020\/09\/c02f1f54-9ca8-4eab-8771-98401144622a-640x320.jpg 640w, https:\/\/www.radiopiu.net\/wordpress\/wp-content\/uploads\/2020\/09\/c02f1f54-9ca8-4eab-8771-98401144622a.jpg 2048w\" sizes=\"auto, (max-width: 354px) 100vw, 354px\" \/><\/a>ROCCA\u00a0 PIETORE <\/strong>Finalmente ci siamo. Sar\u00e0 da oggi on line , il nuovo sito dell\u2019Area del medio\/alto Agordino. L\u2019iniziativa fa parte di \u201cDolomites Maadness\u201d, Progetto di valorizzazione turistica dell\u2019area finanziato dal Fondo Comuni Confinanti e che vede la partecipazione dei Comuni di Rocca Pietore, capofila, Livinallongo del Col di Lana, Colle Santa Lucia, Alleghe, San Tomaso agordino, Cencenighe e Taibon Agordino.<em> \u201cOggi con grande soddisfazione presentiamo un altro importante tassello di questo ambizioso e complesso Progetto che ha gi\u00e0 sviluppato innumerevoli iniziative sia nel campo delle infrastrutture turistiche che della ricettivit\u00e0 extra alberghiera, passano per un imponente piano di marketing turistico\u201d,<\/em> afferma il Sindaco di Rocca Pietore Andrea De Bernardin. Il sito realizzato da Destination Makers, in collaborazione con l\u2019agenzia di web design Meedori, \u00e8 frutto dell\u2019analisi dei migliori esempi di destinazione a livello internazionale, rielaborata per valorizzare le peculiarit\u00e0 del Cuore delle Dolomiti in modo innovativo. In particolar modo si \u00e8 voluto dare risalto all\u2019offerta legata al concetto di \u201cricarica in natura\u201d che ha contribuito a posizionare la destinazione sul mercato con una risonanza internazionale grazie all\u2019omonima campagna di marketing lanciata a luglio 2019, Recharge in Nature. L\u2019obiettivo del nuovo sito web \u00e8 quello di allineare la comunicazione del Cuore delle Dolomiti con le pi\u00f9 recenti e moderne modalit\u00e0 di promozione delle destinazioni, attraverso uno stile grafico distintivo e accattivante e raccogliendo al suo interno le informazioni ricercate dal viaggiatore di oggi tramite un linguaggio a lui affine, facendo percepire all\u2019interno di tutto il sito la proposta di valore del territorio. <em>\u201cSiamo felici di vedere finalmente online il frutto di tanto lavoro e passione, proprio ad un anno dall\u2019iniziativa che faceva parlare di noi in tutto il mondo. Lo consegniamo a voi, augurandoci che possa divenire vetrina a disposizione della destinazione, per promuovere insieme la bellezza del Cuore delle Dolomiti.\u201d <\/em>Dichiara Emma Taveri, Marketing Manager del progetto e CEO di Destination Makers. Il sito \u00e8 completo e manca soltanto della sezione eventi perch\u00e9 causa COVID non si \u00e8 in grado di sapere con certezza cosa il territorio potr\u00e0 organizzare nell\u2019immediato.<em> \u201cAvremmo voluto fare un\u2019iniziativa pubblica in presenza di lancio del sito ma le misure di <\/em><em>distanziamento sociale legate al COVID lo rendevano molto complesso e poco efficace. Abbiamo quindi deciso di metterlo on line comunque posticipando a pi\u00f9 avanti un possibile evento\u201d,<\/em> continua De Bernardin.<\/p>\n<p>&nbsp;<\/p>\n<hr \/>\n<blockquote>\n<h3>FINE SETTIMANA ELETTORALE, SEDI E ORARI PER IL TAMPONE VOLONTARIO AL PERSONALE DEI SEGGI<\/h3>\n<\/blockquote>\n<p><strong><a class=\"dt-pswp-item\" href=\"https:\/\/www.radiopiu.net\/wordpress\/wp-content\/uploads\/2020\/08\/TAMPONE.jpg\" data-dt-img-description=\"\" data-large_image_width=\"1920\" data-large_image_height=\"1280\"><img loading=\"lazy\" decoding=\"async\" class=\" wp-image-155278 alignleft\" src=\"https:\/\/www.radiopiu.net\/wordpress\/wp-content\/uploads\/2020\/08\/TAMPONE-300x200.jpg\" alt=\"\" width=\"236\" height=\"157\" srcset=\"https:\/\/www.radiopiu.net\/wordpress\/wp-content\/uploads\/2020\/08\/TAMPONE-300x200.jpg 300w, https:\/\/www.radiopiu.net\/wordpress\/wp-content\/uploads\/2020\/08\/TAMPONE-1024x683.jpg 1024w, https:\/\/www.radiopiu.net\/wordpress\/wp-content\/uploads\/2020\/08\/TAMPONE-768x512.jpg 768w, https:\/\/www.radiopiu.net\/wordpress\/wp-content\/uploads\/2020\/08\/TAMPONE-1536x1024.jpg 1536w, https:\/\/www.radiopiu.net\/wordpress\/wp-content\/uploads\/2020\/08\/TAMPONE.jpg 1920w\" sizes=\"auto, (max-width: 236px) 100vw, 236px\" \/><\/a>BELLUNO<\/strong> L\u2019Azienda Ulss Dolomiti comunica le sedi e gli orari per l\u2019esecuzione di tamponi rapidi gratuiti, su base volontaria, al personale impegnato nei seggi elettorali (presidenti, scrutatori, segretari, rappresentanti di lista, addetti alla sicurezza): gioved\u00ec 17 settembre ore 9.30 -11.00 CAPRILE &#8211; parco giochi (drive-in \u2013 accesso libero) venerd\u00ec 18 settembre 9.30 \u2013 11.00 TAI di Cadore &#8211; piazzale Dolomiti (drive-in accesso libero) Venerd\u00ec 18 settembre 13.30 \u2013 16.00 BELLUNO \u2013 Ospedale San Martino (drive-in accesso libero) Venerd\u00ec 18 settembre 13.30 \u2013 16.00 FELTRE &#8211; Borgo Ruga, 34 (drive-in accesso libero) Per informazioni sono disponibili il numero 0437\/514376 (attivo mercoled\u00ec, gioved\u00ec e venerd\u00ec dalle 8:30 alle 10:30) e la mail sisp.sierotamponi@aulss1.veneto.it. Il personale interessato \u00e8 invitato a presentarsi con tessera sanitaria e documentazioni attestante l\u2019impegno nel seggio elettorale.<\/p>\n<p>&nbsp;<\/p>\n<hr \/>\n<p>&nbsp;<\/p>\n<blockquote>\n<h3>ALTA VIA dei PIONIERI 2020 STARTDAY,DA UN&#8217;IDEA DELL&#8217;EX GESTORE DEL RIFUGIO SCARPA<\/h3>\n<\/blockquote>\n<p><strong>di Aron Lazzaro<\/strong><\/p>\n<p><a class=\"dt-pswp-item\" href=\"https:\/\/www.radiopiu.net\/wordpress\/wp-content\/uploads\/2020\/09\/67229163_10217026445427312_8699251899209089024_n.jpg\" data-dt-img-description=\"\" data-large_image_width=\"960\" data-large_image_height=\"674\"><img loading=\"lazy\" decoding=\"async\" class=\" wp-image-160781 alignleft\" src=\"https:\/\/www.radiopiu.net\/wordpress\/wp-content\/uploads\/2020\/09\/67229163_10217026445427312_8699251899209089024_n-300x211.jpg\" alt=\"\" width=\"272\" height=\"191\" srcset=\"https:\/\/www.radiopiu.net\/wordpress\/wp-content\/uploads\/2020\/09\/67229163_10217026445427312_8699251899209089024_n-300x211.jpg 300w, https:\/\/www.radiopiu.net\/wordpress\/wp-content\/uploads\/2020\/09\/67229163_10217026445427312_8699251899209089024_n-768x539.jpg 768w, https:\/\/www.radiopiu.net\/wordpress\/wp-content\/uploads\/2020\/09\/67229163_10217026445427312_8699251899209089024_n-640x449.jpg 640w, https:\/\/www.radiopiu.net\/wordpress\/wp-content\/uploads\/2020\/09\/67229163_10217026445427312_8699251899209089024_n.jpg 960w\" sizes=\"auto, (max-width: 272px) 100vw, 272px\" \/><\/a>Il giorno 20 settembre proveremo a completare per la prima volta la nuova Altavia dei Pionieri.Ho pensato per la prima volta alla realizzazione di questa alta via svariati anni fa durante il mio, al<br \/>\ntempo, lavoro come gestore del rifugio Scarpa-Guerekian. Mi sono reso conto di come potesse essere di grande interesse e di profonda utilit\u00e0 per la scoperta e la promozione di queste splendide montagne, ideare un nuovo percorso di alta via che compisse un giro ad anello completo intorno a tutto il gruppo delle Pale di San Martino. Tutto questo al solo scopo di catalizzare l&#8217;attenzione, a livello nazionale e internazionale, di tutti gli appassionati di trekking e di montagna in genere, sulle Pale di San Martino, una zona patrimonio UNESCO di prestigio mondiale, anche se talora un po\u2019 trascurata dal turismo, specie nel versante veneto. Il nome \u201cAlta via dei pionieri\u201d \u00e8 stato scelto su suggerimento di un caro amico, Cristian Tomas, grande esperto di montagna e profondo conoscitore di questo territorio, del quale \u00e8 originario, ricordandomi che tra queste montagne molti sono stati gli alpinisti che hanno fatto la storia, con imprese non tutte note al grande pubblico, ma assolutamente leggendarie! Io e un ristretto gruppo di amici partiremo alle ore 5:00 la domenica mattina dalla piazza di San Martino di Castrozza. Cominceremo il giro in senso orario salendo per i sentieri verso Passo Rolle,passando poi per Baita Segantini, proseguendo in direzione della Val Venegia e risaliremo quindi per le Creste del Valles, aggirando il Monte Mulaz. Ci collegheremo poi al sentiero che, sopra Falcade, ci porter\u00e0 ad attraversare la forcella de La Stia verso la Valle di Gares, e da qui proseguiremo scollinando la forcella Campigat, scendendo per Malga Malgonera e la suggestiva valle di San Lucano. Stando sempre in quota supereremo la leggendaria parete nord dell&#8217;Agner e risaliremo per sentieri sopra Taibon, fino al Rifugio Scarpa-Gurekian, lungo la pedemonte meridionale e pi\u00f9 selvaggia delle Pale di San Martino, fino ad arrivare al Passo Cereda. Da qui scenderemo in Val Canali, per raggiungere il sentiero che collega la valle e San Martino, tornando quindi al punto di partenza. Il giro totale \u00e8 stimato in circa 70km, con un dislivello positivo di oltre 5000 metri. Avremo degli amici lungo il percorso che ci aspetteranno e ci sosterranno, alcuni di essi percorreranno dei tratti insieme a noi, dandoci la carica, condividendo questo momento particolare. Compiremo l\u2019anello in totale autonomia e ringrazio per questo gli sponsor che mi hanno sostenuto in questa idea, con materiali e logistiche organizzative, nonch\u00e9 con alimentazione contenente nutrimenti specifici ed energetici. Un grazie di cuore quindi alla Brooks, alla Roby Sport Belluno, a Mindfullenergy e a TS Italia Astronomy.<\/p>\n<p>&nbsp;<\/p>\n<hr \/>\n<p>&nbsp;<\/p>\n<blockquote>\n<h3>LA FERRATA STELLA ALPINA VERRA&#8217; RICOSTRUITA. L&#8217;UNIONE MONTANA INVESTE 141 MILA EURO DEI FONDI DI CONFINE<\/h3>\n<\/blockquote>\n<p>&nbsp;<\/p>\n<p><strong>VOLTAGO<\/strong><\/p>\n<p>di GIANNI SANTOMASO<\/p>\n<audio class=\"wp-audio-shortcode\" id=\"audio-160748-3\" preload=\"none\" style=\"width: 100%;\" controls=\"controls\"><source type=\"audio\/mpeg\" src=\"https:\/\/www.radiopiu.net\/wordpress\/wp-content\/uploads\/2020\/09\/GIANNI-STELLA.mp3?_=3\" \/><a href=\"https:\/\/www.radiopiu.net\/wordpress\/wp-content\/uploads\/2020\/09\/GIANNI-STELLA.mp3\">https:\/\/www.radiopiu.net\/wordpress\/wp-content\/uploads\/2020\/09\/GIANNI-STELLA.mp3<\/a><\/audio>\n<p><strong>Foto dell&#8217;attuale ferrata stella alpina. di Antonello Cibien.<\/strong><\/p>\n\n\t\t\t<style type='text\/css'>\n\t\t\t\t#gallery-6 {\n\t\t\t\t\tmargin: auto;\n\t\t\t\t}\n\t\t\t\t#gallery-6 .gallery-item {\n\t\t\t\t\tfloat: left;\n\t\t\t\t\tmargin-top: 10px;\n\t\t\t\t\ttext-align: center;\n\t\t\t\t\twidth: 33%;\n\t\t\t\t}\n\t\t\t\t#gallery-6 img {\n\t\t\t\t\tborder: 2px solid #cfcfcf;\n\t\t\t\t}\n\t\t\t\t#gallery-6 .gallery-caption {\n\t\t\t\t\tmargin-left: 0;\n\t\t\t\t}\n\t\t\t\t\/* see gallery_shortcode() in wp-includes\/media.php *\/\n\t\t\t<\/style>\n\t\t<div id='gallery-6' class='dt-gallery-container gallery galleryid-160748 gallery-columns-3 gallery-size-thumbnail'><dl class='gallery-item'>\n\t\t\t\t<dt class='gallery-icon landscape'>\n\t\t\t\t\t<a class=\"rollover rollover-zoom dt-pswp-item\" title=\"WhatsApp Image 2020-09-15 at 20.14.05 (1)\" data-dt-img-description=\"\" data-large_image_width=\"1600\" data-large_image_height=\"1200\"href='https:\/\/www.radiopiu.net\/wordpress\/wp-content\/uploads\/2020\/09\/WhatsApp-Image-2020-09-15-at-20.14.05-1.jpeg'><img loading=\"lazy\" decoding=\"async\" width=\"150\" height=\"150\" src=\"https:\/\/www.radiopiu.net\/wordpress\/wp-content\/uploads\/2020\/09\/WhatsApp-Image-2020-09-15-at-20.14.05-1-150x150.jpeg\" class=\"attachment-thumbnail size-thumbnail\" alt=\"\" srcset=\"https:\/\/www.radiopiu.net\/wordpress\/wp-content\/uploads\/2020\/09\/WhatsApp-Image-2020-09-15-at-20.14.05-1-150x150.jpeg 150w, https:\/\/www.radiopiu.net\/wordpress\/wp-content\/uploads\/2020\/09\/WhatsApp-Image-2020-09-15-at-20.14.05-1-125x125.jpeg 125w, https:\/\/www.radiopiu.net\/wordpress\/wp-content\/uploads\/2020\/09\/WhatsApp-Image-2020-09-15-at-20.14.05-1-200x200.jpeg 200w, https:\/\/www.radiopiu.net\/wordpress\/wp-content\/uploads\/2020\/09\/WhatsApp-Image-2020-09-15-at-20.14.05-1-80x80.jpeg 80w\" sizes=\"auto, (max-width: 150px) 100vw, 150px\" \/><\/a>\n\t\t\t\t<\/dt><\/dl><dl class='gallery-item'>\n\t\t\t\t<dt class='gallery-icon landscape'>\n\t\t\t\t\t<a class=\"rollover rollover-zoom dt-pswp-item\" title=\"WhatsApp Image 2020-09-15 at 20.14.05\" data-dt-img-description=\"\" data-large_image_width=\"1600\" data-large_image_height=\"1200\"href='https:\/\/www.radiopiu.net\/wordpress\/wp-content\/uploads\/2020\/09\/WhatsApp-Image-2020-09-15-at-20.14.05.jpeg'><img loading=\"lazy\" decoding=\"async\" width=\"150\" height=\"150\" src=\"https:\/\/www.radiopiu.net\/wordpress\/wp-content\/uploads\/2020\/09\/WhatsApp-Image-2020-09-15-at-20.14.05-150x150.jpeg\" class=\"attachment-thumbnail size-thumbnail\" alt=\"\" srcset=\"https:\/\/www.radiopiu.net\/wordpress\/wp-content\/uploads\/2020\/09\/WhatsApp-Image-2020-09-15-at-20.14.05-150x150.jpeg 150w, https:\/\/www.radiopiu.net\/wordpress\/wp-content\/uploads\/2020\/09\/WhatsApp-Image-2020-09-15-at-20.14.05-125x125.jpeg 125w, https:\/\/www.radiopiu.net\/wordpress\/wp-content\/uploads\/2020\/09\/WhatsApp-Image-2020-09-15-at-20.14.05-200x200.jpeg 200w, https:\/\/www.radiopiu.net\/wordpress\/wp-content\/uploads\/2020\/09\/WhatsApp-Image-2020-09-15-at-20.14.05-80x80.jpeg 80w\" sizes=\"auto, (max-width: 150px) 100vw, 150px\" \/><\/a>\n\t\t\t\t<\/dt><\/dl><dl class='gallery-item'>\n\t\t\t\t<dt class='gallery-icon landscape'>\n\t\t\t\t\t<a class=\"rollover rollover-zoom dt-pswp-item\" title=\"WhatsApp Image 2020-09-15 at 20.14.05 (2)\" data-dt-img-description=\"\" data-large_image_width=\"1600\" data-large_image_height=\"1198\"href='https:\/\/www.radiopiu.net\/wordpress\/wp-content\/uploads\/2020\/09\/WhatsApp-Image-2020-09-15-at-20.14.05-2.jpeg'><img loading=\"lazy\" decoding=\"async\" width=\"150\" height=\"150\" src=\"https:\/\/www.radiopiu.net\/wordpress\/wp-content\/uploads\/2020\/09\/WhatsApp-Image-2020-09-15-at-20.14.05-2-150x150.jpeg\" class=\"attachment-thumbnail size-thumbnail\" alt=\"\" srcset=\"https:\/\/www.radiopiu.net\/wordpress\/wp-content\/uploads\/2020\/09\/WhatsApp-Image-2020-09-15-at-20.14.05-2-150x150.jpeg 150w, https:\/\/www.radiopiu.net\/wordpress\/wp-content\/uploads\/2020\/09\/WhatsApp-Image-2020-09-15-at-20.14.05-2-125x125.jpeg 125w, https:\/\/www.radiopiu.net\/wordpress\/wp-content\/uploads\/2020\/09\/WhatsApp-Image-2020-09-15-at-20.14.05-2-200x200.jpeg 200w, https:\/\/www.radiopiu.net\/wordpress\/wp-content\/uploads\/2020\/09\/WhatsApp-Image-2020-09-15-at-20.14.05-2-80x80.jpeg 80w\" sizes=\"auto, (max-width: 150px) 100vw, 150px\" \/><\/a>\n\t\t\t\t<\/dt><\/dl><br style=\"clear: both\" \/>\n\t\t\t<\/div>\n\n<p>&nbsp;<\/p>\n<p>&nbsp;<\/p>\n<p>&nbsp;<\/p>\n<hr \/>\n<p>&nbsp;<\/p>\n<blockquote class=\"wp-embedded-content\" data-secret=\"MHH49uvVWG\"><p><a href=\"https:\/\/www.radiopiu.net\/wordpress\/15-settembre\/\">CORONAVIRUS: AGGIORNAMENTO NAZIONALE 15 SETTEMBRE<\/a><\/p><\/blockquote>\n<p><iframe loading=\"lazy\" class=\"wp-embedded-content\" sandbox=\"allow-scripts\" security=\"restricted\" style=\"position: absolute; clip: rect(1px, 1px, 1px, 1px);\" title=\"&#8220;CORONAVIRUS: AGGIORNAMENTO NAZIONALE 15 SETTEMBRE&#8221; &#8212; Radio Pi\u00f9\" src=\"https:\/\/www.radiopiu.net\/wordpress\/15-settembre\/embed\/#?secret=MHH49uvVWG\" data-secret=\"MHH49uvVWG\" width=\"600\" height=\"338\" frameborder=\"0\" marginwidth=\"0\" marginheight=\"0\" scrolling=\"no\"><\/iframe><\/p>\n<p>&nbsp;<\/p>\n<blockquote class=\"wp-embedded-content\" data-secret=\"QpO7lmCYlM\"><p><a href=\"https:\/\/www.radiopiu.net\/wordpress\/15-settembre-2\/\">SUPERATI I 25 MILA CASI DA FEBBRAIO. ALTRI 70 POSITIVI E 28 ATTUALMENTE POSITIVI<\/a><\/p><\/blockquote>\n<p><iframe loading=\"lazy\" class=\"wp-embedded-content\" sandbox=\"allow-scripts\" security=\"restricted\" style=\"position: absolute; clip: rect(1px, 1px, 1px, 1px);\" title=\"&#8220;SUPERATI I 25 MILA CASI DA FEBBRAIO. ALTRI 70 POSITIVI E 28 ATTUALMENTE POSITIVI&#8221; &#8212; Radio Pi\u00f9\" src=\"https:\/\/www.radiopiu.net\/wordpress\/15-settembre-2\/embed\/#?secret=QpO7lmCYlM\" data-secret=\"QpO7lmCYlM\" width=\"600\" height=\"338\" frameborder=\"0\" marginwidth=\"0\" marginheight=\"0\" scrolling=\"no\"><\/iframe><\/p>\n<p>&nbsp;<\/p>\n<p>&nbsp;<\/p>\n<hr \/>\n<blockquote>\n<h3><\/h3>\n<h3>IL FUTURO DEL LAVORO IN TEMPI DI COVID, DA EMERGENZA AD OPPORTUNITA&#8217;<\/h3>\n<\/blockquote>\n<p><strong>BELLUNO<\/strong> <span style=\"color: #000000;\"><span style=\"font-family: Trebuchet MS, sans-serif;\"><span style=\"font-size: small;\">La grave emergenza epidemiologica non sembra destinata a esaurirsi in tempi brevi e le imprese si trovano non solo a dover reagire tempestivamente alla situazione, ma \u00e8 sempre pi\u00f9 chiaro che occorrer\u00e0 abituarsi ad alcune novit\u00e0 strutturali nella gestione dei rapporti di lavoro. Non si tratta solo della gestione della fase presente: da pi\u00f9 fronti si nota come la crisi possa essere una opportunit\u00e0 per modificare i modelli di business, di gestione dell\u2019organizzazione del lavoro, della valorizzazione del capitale umano e di altro ancora. Ecco perch\u00e9 la Provincia, nell\u2019ambito del progetto Digital Innovation Hub (finanziato con Fondo Comuni di confine) propone un percorso di webinar dedicato alle imprese e al mondo del lavoro. <\/span><\/span><\/span><span style=\"color: #000000;\"><span style=\"font-family: Trebuchet MS, sans-serif;\"><span style=\"font-size: small;\">Il programma, costruito con Confindustria Belluno Dolomiti e la Fondazione Adapt di Bergamo, prevede 5 webinar. Il webinar sar\u00e0 registrato e messo a disposizione del Digital Innovation Hub sul<\/span><\/span><\/span><span style=\"font-family: Trebuchet MS, sans-serif;\"><span style=\"font-size: small;\"><span style=\"color: #000000;\"> canale Youtube della Provincia di Belluno. <\/span><\/span><\/span><span style=\"font-family: Trebuchet MS, sans-serif;\"><span style=\"font-size: small;\">Webinar di 90-120 minuti di cui 30 dedicati a domande ed approfondimenti delle tematiche presentate.\u00a0 <\/span><\/span><span style=\"font-family: Trebuchet MS, sans-serif;\"><span style=\"font-size: small;\">Le iscrizioni saranno raccolte da Adapt tramite un modulo da compilare sul sito\u00a0<\/span><\/span><a href=\"http:\/\/www.bollettinoadapt.it\/\">www.bollettinoadapt.it<\/a><span style=\"color: #00008b;\"><span style=\"font-family: Trebuchet MS, sans-serif;\"><span style=\"font-size: small;\">. <\/span><\/span><\/span><span style=\"font-family: Trebuchet MS, sans-serif;\"><span style=\"font-size: small;\">Al termine di ogni webinar gli iscritti potranno richiedere un attestato di partecipazione. Frequentando almeno quattro dei cinque corsi di formazione, ogni iscritto potr\u00e0 richiedere un attestato di partecipazione al percorso complessivo.<\/span><\/span><\/p>\n<p>&nbsp;<\/p>\n<p>&nbsp;<\/p>\n<hr \/>\n<h3><\/h3>\n<blockquote class=\"wp-embedded-content\" data-secret=\"OMRzwBacBJ\"><p><a href=\"https:\/\/www.radiopiu.net\/wordpress\/azienda-sanitaria-trento-avviso-di-selezione-pubblica-per-esame-per-assunzioni-a-tempo-determinato\/\">AZIENDA SANITARIA TRENTO: AVVISO DI SELEZIONE PUBBLICA PER ESAME PER ASSUNZIONI A TEMPO DETERMINATO<\/a><\/p><\/blockquote>\n<p><iframe loading=\"lazy\" class=\"wp-embedded-content\" sandbox=\"allow-scripts\" security=\"restricted\" style=\"position: absolute; clip: rect(1px, 1px, 1px, 1px);\" title=\"&#8220;AZIENDA SANITARIA TRENTO: AVVISO DI SELEZIONE PUBBLICA PER ESAME PER ASSUNZIONI A TEMPO DETERMINATO&#8221; &#8212; Radio Pi\u00f9\" src=\"https:\/\/www.radiopiu.net\/wordpress\/azienda-sanitaria-trento-avviso-di-selezione-pubblica-per-esame-per-assunzioni-a-tempo-determinato\/embed\/#?secret=OMRzwBacBJ\" data-secret=\"OMRzwBacBJ\" width=\"600\" height=\"338\" frameborder=\"0\" marginwidth=\"0\" marginheight=\"0\" scrolling=\"no\"><\/iframe><\/p>\n<p>&nbsp;<\/p>\n<hr \/>\n<blockquote>\n<h3><\/h3>\n<h3>LA PROVINCIA: VOGLIAMO ESAMINARE IL DOCUMENTO DEPOSITATO DAL MINISTRO DELL&#8217;AMBIENTE ALLA CONFERENZA STATO-REGIONI.<\/h3>\n<\/blockquote>\n<p><strong><a class=\"dt-pswp-item\" href=\"https:\/\/www.radiopiu.net\/wordpress\/wp-content\/uploads\/2020\/09\/d6e643e3-fb83-4b1b-b579-82026fb20f39.jpg\" data-dt-img-description=\"\" data-large_image_width=\"1600\" data-large_image_height=\"1200\"><img loading=\"lazy\" decoding=\"async\" class=\" wp-image-160730 alignleft\" src=\"https:\/\/www.radiopiu.net\/wordpress\/wp-content\/uploads\/2020\/09\/d6e643e3-fb83-4b1b-b579-82026fb20f39-300x225.jpg\" alt=\"\" width=\"227\" height=\"170\" srcset=\"https:\/\/www.radiopiu.net\/wordpress\/wp-content\/uploads\/2020\/09\/d6e643e3-fb83-4b1b-b579-82026fb20f39-300x225.jpg 300w, https:\/\/www.radiopiu.net\/wordpress\/wp-content\/uploads\/2020\/09\/d6e643e3-fb83-4b1b-b579-82026fb20f39-1024x768.jpg 1024w, https:\/\/www.radiopiu.net\/wordpress\/wp-content\/uploads\/2020\/09\/d6e643e3-fb83-4b1b-b579-82026fb20f39-768x576.jpg 768w, https:\/\/www.radiopiu.net\/wordpress\/wp-content\/uploads\/2020\/09\/d6e643e3-fb83-4b1b-b579-82026fb20f39-1536x1152.jpg 1536w, https:\/\/www.radiopiu.net\/wordpress\/wp-content\/uploads\/2020\/09\/d6e643e3-fb83-4b1b-b579-82026fb20f39-640x480.jpg 640w, https:\/\/www.radiopiu.net\/wordpress\/wp-content\/uploads\/2020\/09\/d6e643e3-fb83-4b1b-b579-82026fb20f39.jpg 1600w\" sizes=\"auto, (max-width: 227px) 100vw, 227px\" \/><\/a>BELLUNO\u00a0<\/strong> <em>&#8220;Esamineremo il \u201cpiano lupo\u201d e ci impegniamo a portare sul tavolo del ministro le osservazioni bellunesi, alla luce delle esigenze specifiche del nostro territorio\u00bb.<\/em> \u00c8 quanto affermano i consiglieri provinciali delegati a caccia e pesca, e ambiente dopo una breve chiacchierata con il ministro dell\u2019ambiente, a margine dell\u2019incontro di Longarone con tutti i sindaci dei territori del Parco Nazionale Dolomiti Bellunesi. <em>\u00abIl ministro ha spiegato di aver depositato alla Conferenza permanente Stato-Regioni, ancora nel marzo 2019, un documento sul tema in questione\u00bb sottolinea il consigliere provinciale delegato a caccia e pesca. \u00abDa parte nostra abbiamo fatto presente che tutta la provincia pu\u00f2 essere considerata da tempo un parco, per le buone pratiche di gestione faunistica e ambientale messe in campo ormai da molti anni. Buone pratiche garantite anche dalle attivit\u00e0 agricole e zootecniche, che oggi si trovano in difficolt\u00e0 per la presenza sempre pi\u00f9 massiccia del lupo&#8221;.\u00a0<\/em>Il consigliere delegato all&#8217;ambiente aggiunge <em>\u00abNessuno sta mettendo in discussione la presenza del lupo, che ha un altissimo valore ecologico per il territorio. Le imprese agricole e le attivit\u00e0 di zootecnica ci dicono che le difese passive non sono pi\u00f9 sufficienti per evitare il fenomeno delle predazioni, sempre pi\u00f9 marcato negli ultimi tempi. Proprio per questo abbiamo chiesto di valutare il piano redatto da Ispra e depositato dal ministro, in modo da integrarlo con le esigenze specifiche del nostro territorio&#8221;. (foto Due Ministri a Longarone, Federico D&#8217;inc\u00e0 e il ministro dell\u2019ambiente Sergio Costa)<\/em><\/p>\n<p>&nbsp;<\/p>\n<hr \/>\n<p>&nbsp;<\/p>\n<blockquote>\n<h3>DUE MINISTRI A LONGARONE<\/h3>\n<\/blockquote>\n<p><strong>A margine dell&#8217;incontro di ieri con i vertici dell&#8217;Ente Parco Nazionale delle Dolomiti Bellunesi la dichiarazione del Ministro Federico D&#8217;Inc\u00e0<\/strong><\/p>\n<p><strong>LONGARONE<\/strong>\u00a0 <em>&#8220;Sono stato a Longarone, questa mattina, assieme al ministro dell\u2019ambiente Sergio Costa, per avere un confronto con gli amministratori locali dei territori sui quali ricade il Parco nazionale delle Dolomiti e con i vertici del Parco. L\u2019attenzione del Governo sul Veneto e sulle eccellenze paesaggistiche della regione \u00e8 sempre stata alta e proprio Sergio Costa ha messo la firma sul provvedimento che ha assegnato 1 miliardo di euro alle zone venete colpite dalla tempesta Vaia due anni fa. <\/em><em>La zona del bellunese e le Dolomiti rappresentano una grandissima risorsa non soltanto paesaggistica ma anche sportiva. Non a caso questi territori sono stati scelti per i mondiali di sci e per le olimpiadi invernali del 2026.<\/em><br \/>\n<em>Ecco perch\u00e8 dal confronto di oggi sono certo che nasceranno idee e suggerimenti per far s\u00ec che le nostre montagne diventino un punto di riferimento internazionale sia per la loro bellezza che per la capacit\u00e0 di coniugare turismo, sostenibilit\u00e0 ed ecologia&#8221;.<\/em><\/p>\n<p>&nbsp;<\/p>\n<hr \/>\n<p>&nbsp;<\/p>\n<p>&nbsp;<\/p>\n<p>&nbsp;<\/p>\n<blockquote>\n<h3>PRESENTATO IL BANDO LATTERIE DA 1 MILIONE E MEZZO DI EURO<\/h3>\n<\/blockquote>\n<p><strong><img decoding=\"async\" src=\"https:\/\/www.radiopiu.net\/wordpress\/wp-content\/uploads\/2020\/09\/63dc2292-797a-4314-af39-200e2f0ba25b.jpg\" \/>BELLUNO <\/strong>Presentato il \u201cbando latterie\u201d: 1 milione e mezzo di euro a disposizione con contributi a fondo perduto Il presidente della Provincia:<em> \u00abAnche questa azione \u00e8 parte della lotta allo spopolamento della montagna\u00bb<\/em><\/p>\n<p>&nbsp;<\/p>\n<p><strong>di MORENO GIOLI<\/strong><\/p>\n<audio class=\"wp-audio-shortcode\" id=\"audio-160748-4\" preload=\"none\" style=\"width: 100%;\" controls=\"controls\"><source type=\"audio\/mpeg\" src=\"https:\/\/www.radiopiu.net\/wordpress\/wp-content\/uploads\/2020\/09\/moreno-gioli.mp3?_=4\" \/><a href=\"https:\/\/www.radiopiu.net\/wordpress\/wp-content\/uploads\/2020\/09\/moreno-gioli.mp3\">https:\/\/www.radiopiu.net\/wordpress\/wp-content\/uploads\/2020\/09\/moreno-gioli.mp3<\/a><\/audio>\n<p>&nbsp;<\/p>\n<p><strong>MICHELE NENZ, COLDIRETTI BELLUNO<\/strong><\/p>\n<audio class=\"wp-audio-shortcode\" id=\"audio-160748-5\" preload=\"none\" style=\"width: 100%;\" controls=\"controls\"><source type=\"audio\/mpeg\" src=\"https:\/\/www.radiopiu.net\/wordpress\/wp-content\/uploads\/2020\/09\/michele-nenz.mp3?_=5\" \/><a href=\"https:\/\/www.radiopiu.net\/wordpress\/wp-content\/uploads\/2020\/09\/michele-nenz.mp3\">https:\/\/www.radiopiu.net\/wordpress\/wp-content\/uploads\/2020\/09\/michele-nenz.mp3<\/a><\/audio>\n<p>&nbsp;<\/p>\n<p><strong>SIMONE DEOLA CONSIGLIERE DELEGATO PROVINCIA<\/strong><\/p>\n<audio class=\"wp-audio-shortcode\" id=\"audio-160748-6\" preload=\"none\" style=\"width: 100%;\" controls=\"controls\"><source type=\"audio\/mpeg\" src=\"https:\/\/www.radiopiu.net\/wordpress\/wp-content\/uploads\/2020\/09\/simone-deola.mp3?_=6\" \/><a href=\"https:\/\/www.radiopiu.net\/wordpress\/wp-content\/uploads\/2020\/09\/simone-deola.mp3\">https:\/\/www.radiopiu.net\/wordpress\/wp-content\/uploads\/2020\/09\/simone-deola.mp3<\/a><\/audio>\n<p>&nbsp;<\/p>\n<p><strong>ROBERTO PADRIN PRESIDENTE PROVINCIA<\/strong><\/p>\n<audio class=\"wp-audio-shortcode\" id=\"audio-160748-7\" preload=\"none\" style=\"width: 100%;\" controls=\"controls\"><source type=\"audio\/mpeg\" src=\"https:\/\/www.radiopiu.net\/wordpress\/wp-content\/uploads\/2020\/09\/roberto-padrin.mp3?_=7\" \/><a href=\"https:\/\/www.radiopiu.net\/wordpress\/wp-content\/uploads\/2020\/09\/roberto-padrin.mp3\">https:\/\/www.radiopiu.net\/wordpress\/wp-content\/uploads\/2020\/09\/roberto-padrin.mp3<\/a><\/audio>\n<p>&nbsp;<\/p>\n<hr \/>\n<p>&nbsp;<\/p>\n<blockquote>\n<h3>QUATTRO BORSE DI STUDIO PER GLI STUDENTI, SOLIDARIETA&#8217; CULTURALE A FIRMA DI MARIA LUISA TOFFANIN<\/h3>\n<\/blockquote>\n<p><strong>di Marco e Massimo Toffanin<\/strong><\/p>\n<p><strong><a class=\"dt-pswp-item\" href=\"https:\/\/www.radiopiu.net\/wordpress\/wp-content\/uploads\/2020\/09\/WhatsApp-Image-2020-09-15-at-21.24.37.jpeg\" data-dt-img-description=\"\" data-large_image_width=\"1600\" data-large_image_height=\"1200\"><img loading=\"lazy\" decoding=\"async\" class=\" wp-image-160769 alignleft\" src=\"https:\/\/www.radiopiu.net\/wordpress\/wp-content\/uploads\/2020\/09\/WhatsApp-Image-2020-09-15-at-21.24.37-300x225.jpeg\" alt=\"\" width=\"315\" height=\"236\" srcset=\"https:\/\/www.radiopiu.net\/wordpress\/wp-content\/uploads\/2020\/09\/WhatsApp-Image-2020-09-15-at-21.24.37-300x225.jpeg 300w, https:\/\/www.radiopiu.net\/wordpress\/wp-content\/uploads\/2020\/09\/WhatsApp-Image-2020-09-15-at-21.24.37-1024x768.jpeg 1024w, https:\/\/www.radiopiu.net\/wordpress\/wp-content\/uploads\/2020\/09\/WhatsApp-Image-2020-09-15-at-21.24.37-768x576.jpeg 768w, https:\/\/www.radiopiu.net\/wordpress\/wp-content\/uploads\/2020\/09\/WhatsApp-Image-2020-09-15-at-21.24.37-1536x1152.jpeg 1536w, https:\/\/www.radiopiu.net\/wordpress\/wp-content\/uploads\/2020\/09\/WhatsApp-Image-2020-09-15-at-21.24.37-640x480.jpeg 640w, https:\/\/www.radiopiu.net\/wordpress\/wp-content\/uploads\/2020\/09\/WhatsApp-Image-2020-09-15-at-21.24.37.jpeg 1600w\" sizes=\"auto, (max-width: 315px) 100vw, 315px\" \/><\/a>ROCCA PIETORE<\/strong> Un evento di solidariet\u00e0 culturale si \u00e8 ripetuto anche quest\u2019anno a Rocca Pietore, nella sala del Teaz, venerd\u00ec 11 settembre 2020: la consegna di quattro borse di studio per alunni delle scuole medie, superiori e universit\u00e0 con, inoltre, quattro premi per gli alunni delle scuole elementari. Il miracolo si \u00e8 realizzato grazie al ricavato della vendita del libro di poesie La casa in mezzo al prato in Bosco Verde di Maria Luisa Daniele Toffanin, edito a fine 2018 da Valentina Editrice di Padova.<\/p>\n<p>L\u2019idea \u00e8 nata all\u2019autrice stessa, subito dopo l\u2019uragano Vaia: pubblicando le sue riflessioni in versi, elaborate nel corso di 40 anni e pi\u00f9 \u2013 attraverso i vari passaggi generazionali \u2013 di soggiorno montano con la famiglia in val Pettorina, ha realizzato un libro che fosse memoria di vita del Pr\u00e0 del Toro e del contesto di Rocca e Sottoguda, un omaggio a luoghi ora\u00a0 scomparsi, quali i Serrai, o gravemente colpiti dal cataclisma come il Rio Miniera. L\u2019autrice, volontaria da molti anni dell\u2019Associazione Levi-Montalcini (creatura del premio Nobel Rita e ora seguita dalla nipote Piera) che si occupa di orientamento scolastico il cui impegno \u00e8 sintetizzato nello slogan \u201cIl Futuro ai giovani\u201d, ha voluto coinvolgere gli studenti del territorio nel proprio progetto \u201cInsieme per Rocca\u201d, articolato sullo sviluppo di elaborati contenenti proposte che possano contribuire alla rinascita della loro <a class=\"dt-pswp-item\" href=\"https:\/\/www.radiopiu.net\/wordpress\/wp-content\/uploads\/2020\/09\/WhatsApp-Image-2020-09-15-at-21.23.11.jpeg\" data-dt-img-description=\"\" data-large_image_width=\"1599\" data-large_image_height=\"1200\"><img loading=\"lazy\" decoding=\"async\" class=\"size-medium wp-image-160770 alignright\" src=\"https:\/\/www.radiopiu.net\/wordpress\/wp-content\/uploads\/2020\/09\/WhatsApp-Image-2020-09-15-at-21.23.11-300x225.jpeg\" alt=\"\" width=\"300\" height=\"225\" srcset=\"https:\/\/www.radiopiu.net\/wordpress\/wp-content\/uploads\/2020\/09\/WhatsApp-Image-2020-09-15-at-21.23.11-300x225.jpeg 300w, https:\/\/www.radiopiu.net\/wordpress\/wp-content\/uploads\/2020\/09\/WhatsApp-Image-2020-09-15-at-21.23.11-1024x768.jpeg 1024w, https:\/\/www.radiopiu.net\/wordpress\/wp-content\/uploads\/2020\/09\/WhatsApp-Image-2020-09-15-at-21.23.11-768x576.jpeg 768w, https:\/\/www.radiopiu.net\/wordpress\/wp-content\/uploads\/2020\/09\/WhatsApp-Image-2020-09-15-at-21.23.11-1536x1153.jpeg 1536w, https:\/\/www.radiopiu.net\/wordpress\/wp-content\/uploads\/2020\/09\/WhatsApp-Image-2020-09-15-at-21.23.11-640x480.jpeg 640w, https:\/\/www.radiopiu.net\/wordpress\/wp-content\/uploads\/2020\/09\/WhatsApp-Image-2020-09-15-at-21.23.11.jpeg 1599w\" sizes=\"auto, (max-width: 300px) 100vw, 300px\" \/><\/a>valle. L\u2019esito \u00e8 stato confortante gi\u00e0 nella prima edizione celebrata un anno fa, il 6 ottobre 2019, alla presenza del sindaco di Rocca Pietore Andrea De Bernardin e con l\u2019appoggio di numerose persone vicine all\u2019autrice: Massimo Toffanin, scrittore e presidente dell\u2019Associazione Centro Studi Sebastiano Schiavon, Marco Toffanin fondatore di Opes Risorse societ\u00e0 di consulenza e sviluppo risorse umane, la gi\u00e0 ricordata Piera Levi-Montalcini presidente dell\u2019Associazione Levi-Montalcini, Stefano Valentini giornalista ed editore del libro, Mario Richter prefatore dello stesso, fino ai titolari dell\u2019Erboristeria Serapiom di Selvazzano. In realt\u00e0, per\u00f2, la favola delle borse di studio si \u00e8 trasformata in una realt\u00e0 miracolosa grazie all\u2019azione di tanti rocchesi, e di altri abitanti in luoghi vicini e lontani, che hanno operato insieme nella vendita e diffusione del libro, permettendo cos\u00ec la raccolta dei fondi necessari alle borse di studio: Mario Baldissera, Erika Pianezze, Amalia e Pellegrino Nesello, Loretta e Alessandro De Grandi, Romana De Valier, Ignazio Ballis, don Simone Ballis, il parroco don Franco Decima, Sabrina Fersuoch, Sabrina e Martina Soppera, Claudio e Anna della gelateria Althea, Franco Piacentini da Feltre, Alessandro Pozzo da Bellinzago; con loro l\u2019Associazione Bellunesi nel Mondo, Luxottica, il Centro Ladino di Colle Santa Lucia, la parrocchia padovana di San Francesco, il Comune di Ponte San Nicol\u00f2 e il Cenacolo di Poesia di Praglia. Utili anche le diverse presentazioni realizzate dall\u2019autrice e dall\u2019editore Valentini a Padova, Firenze, Piazzola, Ponte San Nicol\u00f2, Ponte delle Alpi. Cos\u00ec un libro di poesia-memoria, altro miracolo in questi tempi di indifferenza per la cultura, \u00e8 divenuto amalgama tra persone diverse e lontane, pensiamo anche a Pascale Mahu dal Belgio, strette nel ricordo di un <a class=\"dt-pswp-item\" href=\"https:\/\/www.radiopiu.net\/wordpress\/wp-content\/uploads\/2020\/09\/WhatsApp-Image-2020-09-15-at-21.23.13.jpeg\" data-dt-img-description=\"\" data-large_image_width=\"1599\" data-large_image_height=\"1200\"><img loading=\"lazy\" decoding=\"async\" class=\"size-medium wp-image-160766 alignleft\" src=\"https:\/\/www.radiopiu.net\/wordpress\/wp-content\/uploads\/2020\/09\/WhatsApp-Image-2020-09-15-at-21.23.13-300x225.jpeg\" alt=\"\" width=\"300\" height=\"225\" srcset=\"https:\/\/www.radiopiu.net\/wordpress\/wp-content\/uploads\/2020\/09\/WhatsApp-Image-2020-09-15-at-21.23.13-300x225.jpeg 300w, https:\/\/www.radiopiu.net\/wordpress\/wp-content\/uploads\/2020\/09\/WhatsApp-Image-2020-09-15-at-21.23.13-1024x768.jpeg 1024w, https:\/\/www.radiopiu.net\/wordpress\/wp-content\/uploads\/2020\/09\/WhatsApp-Image-2020-09-15-at-21.23.13-768x576.jpeg 768w, https:\/\/www.radiopiu.net\/wordpress\/wp-content\/uploads\/2020\/09\/WhatsApp-Image-2020-09-15-at-21.23.13-1536x1153.jpeg 1536w, https:\/\/www.radiopiu.net\/wordpress\/wp-content\/uploads\/2020\/09\/WhatsApp-Image-2020-09-15-at-21.23.13-640x480.jpeg 640w, https:\/\/www.radiopiu.net\/wordpress\/wp-content\/uploads\/2020\/09\/WhatsApp-Image-2020-09-15-at-21.23.13.jpeg 1599w\" sizes=\"auto, (max-width: 300px) 100vw, 300px\" \/><\/a>passato felice e nella fiducia di giorni nuovi, con la speranza ritrovata nelle proposte creative dei giovani.<\/p>\n<p>Si \u00e8 cos\u00ec giunti all\u201911 settembre 2020, con la cerimonia di premiazione della seconda edizione di \u201cInsieme per Rocca\u201d condotta da Marco Toffanin alla presenza dei relatori Andrea De Bernardin, Maria Luisa Daniele Toffanin, Stefano Valentini (che nel suo intervento ha fatto cenno anche alla figura di Sebastiano Schiavon, cui \u00e8 intitolato il Centro Studi fondato e diretto da Massimo Toffanin) e, certamente non ultima, Piera Levi-Montalcini, che ha ricordato l\u2019attenzione di sua zia Rita Levi-Montalcini, premio Nobel per la Medicina nel 1986, nei confronti delle giovani generazioni. Su suggerimento di Massimo, regista dell\u2019impresa, i loro interventi si sono ridotti al minimo, per dare spazio e onore ai ragazzi vincitori, con lettura delle motivazioni redatte dalla giuria (composta da De Bernardin, Maria Luisa, Marco e Massimo Toffanin, Piera Levi-Montalcini, Valentini e Richter) dopo un esame attento di tutte le opere pervenute: oltre ai progetti per la valorizzazione del territorio, anche racconti personali e, per le scuole elementari, disegni.<\/p>\n<blockquote><p>Questi i premiati: tra gli universitari ex aequo Cecilia De Dorigo (Universit\u00e0 di Trento) e Francesca De Dorigo (Universit\u00e0 di Udine), che hanno diviso tra loro \u2013 500 euro a ciascuna \u2013 la borsa di studio di 1000 euro prevista dal bando; per le scuole superiori Sofia Polito (Istituto Follador di Agordo), borsa di studio di euro 700; per le scuole medie Arianna Sanfilippo (classe prima della scuola di Caprile), borsa di studio di euro 500; per le scuole elementari, tutti alunni a Rocca, hanno ricevuto 100 euro in materiale scolastico Elena Bassot (classe seconda), Giorgia De Biasio (classe terza), Giovanni Cas\u00e0 (classe quarta) e Luca Masarei (classe quinta). Il gioielliere di Abano Terme e appassionato sciatore Agostino d\u2019Agostini ha voluto inviare, come l\u2019anno precedente, un dono ricordo in argento agli altri partecipanti al concorso, tutti meritevoli anche se non vincitori e qui riportati in ordine alfabetico: Alessia Masarei (liceo scientifico di Agordo), Martin Valandro (Iti di Belluno), Alexandra Cominato, Riccardo Cominato, Lisa Darman, Sebastiano Groppa, Elisa Soraruf (scuole medie di Caprile) e, per le scuole elementari, Cristiano Cominato, Benedetta Darman, Mattia De Girardi, Martina Gabrieli, Maddalena Fersuoch, Sofia Frantkovska, Samuele Groppa, Giacomo Sanfilippo, Thomas Soraruf. I premi sono stati consegnati con simpatica fierezza e disinvoltura da Alessandro Toffanin, 7 anni, rappresentante della quarta generazione degli abitanti della casa in mezzo al prato. La sala gremita di giovani e familiari, predisposta da Michela Da Pian dell\u2019amministrazione comunale in conformit\u00e0 alle disposizioni Covid-19, ha seguito con entusiasmo e gratitudine il toccante incontro culturale ed umano; erano presenti anche alcuni residenti a Palue e a Pr\u00e0 del Toro. Una foto, con mascherine, ha concluso l\u2019evento, con l\u2019auspicio di ripeterlo \u2013 in questa o altra forma \u2013 anche nel 2021.<\/p><\/blockquote>\n<p>&nbsp;<\/p>\n<p>&nbsp;<\/p>\n<hr \/>\n<blockquote>\n<h3><\/h3>\n<h3>CONFCOMMERCIO INCONTRA GLI OPERATORI TURISTICI<\/h3>\n<\/blockquote>\n<p><strong>BELLUNO<\/strong> Con gli incontri in programma\u00a0 oggi a Falcade e Rocca Pietore, prende il via un ciclo di incontri organizzati da Confcommercio \u2013 Federalberghi Belluno dedicati alle imprese che operano nel comparto della ricettivit\u00e0 turistica. Gli appuntamenti in programma daranno modo ai presenti di approfondire varie tematiche. Queste le date per gli incontri: oggi alle 16 a Caviola (Casa della Giovent\u00f9) e alle 20.30 a Rocca Pietore (Sala El Teaz); domani alle 16 a Fusine di Val di Zoldo (Sala Comunale).<\/p>\n<p>&nbsp;<\/p>\n<p>&nbsp;<\/p>\n<p>&nbsp;<\/p>\n<hr \/>\n<blockquote>\n<h3><\/h3>\n<h3 class=\"documentFirstHeading\">SOTTO TEST L&#8217;ARIA DI DOMEGGE DI CADORE<\/h3>\n<\/blockquote>\n<p><strong>DOMEGGE\u00a0<\/strong> Il monitoraggio dell&#8217;aria in un&#8217;area urbana del comune di Domegge di Cadore \u00e8 iniziato il 9 settembre 2020. Sessanta giorni di misure in continuo per valutare la qualit\u00e0 dell&#8217;aria nell&#8217;area interessata dal controllo Arpav. Il mezzo mobile \u00e8 stato posizionato presso l\u2019istituto comprensivo di via Garibaldi. I parametri misurati: polveri sottili PM10, benzene, toluene e xilene (BTX), ozono, idrocarburi policiclici aromatici (IPA).<\/p>\n<p>&nbsp;<\/p>\n<hr \/>\n<h3><\/h3>\n<p>&nbsp;<\/p>\n<blockquote>\n<h3>INIZIATA LA SCUOLA, UNCEM: ZERO DIFFICOLTA&#8217; NELLE AREE MONTANE. FUNZIONANO LEZIONI, CLASSI, SCUOLABUS E BANCHI. LA CITAZIONE DI VASCO ROSSI.<\/h3>\n<\/blockquote>\n<p><strong><a class=\"dt-pswp-item\" href=\"https:\/\/www.radiopiu.net\/wordpress\/wp-content\/uploads\/2020\/09\/elementari-falcade.jpg\" data-dt-img-description=\"\" data-large_image_width=\"1600\" data-large_image_height=\"974\"><img loading=\"lazy\" decoding=\"async\" class=\" wp-image-160622 alignleft\" src=\"https:\/\/www.radiopiu.net\/wordpress\/wp-content\/uploads\/2020\/09\/elementari-falcade-300x183.jpg\" alt=\"\" width=\"262\" height=\"160\" srcset=\"https:\/\/www.radiopiu.net\/wordpress\/wp-content\/uploads\/2020\/09\/elementari-falcade-300x183.jpg 300w, https:\/\/www.radiopiu.net\/wordpress\/wp-content\/uploads\/2020\/09\/elementari-falcade-1024x623.jpg 1024w, https:\/\/www.radiopiu.net\/wordpress\/wp-content\/uploads\/2020\/09\/elementari-falcade-768x468.jpg 768w, https:\/\/www.radiopiu.net\/wordpress\/wp-content\/uploads\/2020\/09\/elementari-falcade-1536x935.jpg 1536w, https:\/\/www.radiopiu.net\/wordpress\/wp-content\/uploads\/2020\/09\/elementari-falcade-640x390.jpg 640w, https:\/\/www.radiopiu.net\/wordpress\/wp-content\/uploads\/2020\/09\/elementari-falcade.jpg 1600w\" sizes=\"auto, (max-width: 262px) 100vw, 262px\" \/><\/a>ROMA<\/strong> Il Presidente Marco Bussone\u00a0 da una serie di contatti con Sindaci e Amministratori dichiara di aver avuto avuto la conferma che il sistema scolastico nelle scuole delle aree montane, nei piccoli Comuni di Alpi e Appennino, ha funzionato. Bene. <em>&#8220;L&#8217;anno pi\u00f9 difficile degli ultimi tre decenni, \u00e8 partito senza intoppi. &#8211; dice Bussone &#8211; Ma questo dato ha nomi e cognomi. E cio\u00e9 tutti i Sindaci e gli Amministratori locali che ad agosto hanno lavorato con Dirigenti scolastici e docenti per organizzare. Che le piccole grandi scuole di montagna siano un modello formativo e organizzativo. Questo anche perch\u00e8 i Sindaci, responsabili pubblici del territorio, sono impegnati direttamente, in prima persona, con il (poco) personale del Comune disponibile. Tutti cercano il bene delle comunit\u00e0. Senza sosta&#8221;.<\/em> Bussone poi cita\u00a0 Vasco Rossi, montanaro di Zocca (Modena), che forte delle sue salde radici, qualche giorno fa su Facebook ha scritto:<em> &#8220;Saluto l&#8217;inizio delle scuole con lo scatto del 1959 che ritrae i bambini di Guiglia, piccolo comune ai primi rilievi dell&#8217;Appennino modenese, che per recarsi a scuola a valle dovevano attraversare il fiume Panaro con una carrucola. Ogni giorno. Perche\u0301 la scuola era l&#8217;unico ponte per aggrapparsi al futuro&#8221;<\/em><\/p>\n<p>&nbsp;<\/p>\n<p>&nbsp;<\/p>\n<hr \/>\n<blockquote>\n<h3><\/h3>\n<h3>MESSA IN SICUREZZA, UNCEM: NO ALLA REVOCA DELLE RISORSE SE I COMUNI NON PARTONO CON I LAVORI ENTRO OGGI.<\/h3>\n<\/blockquote>\n<p><strong><a class=\"dt-pswp-item\" href=\"https:\/\/www.radiopiu.net\/wordpress\/wp-content\/uploads\/2020\/09\/medie-canale-2.jpg\" data-dt-img-description=\"\" data-large_image_width=\"1200\" data-large_image_height=\"1600\"><img loading=\"lazy\" decoding=\"async\" class=\"wp-image-160630 alignleft\" src=\"https:\/\/www.radiopiu.net\/wordpress\/wp-content\/uploads\/2020\/09\/medie-canale-2-225x300.jpg\" alt=\"\" width=\"125\" height=\"167\" srcset=\"https:\/\/www.radiopiu.net\/wordpress\/wp-content\/uploads\/2020\/09\/medie-canale-2-225x300.jpg 225w, https:\/\/www.radiopiu.net\/wordpress\/wp-content\/uploads\/2020\/09\/medie-canale-2-768x1024.jpg 768w, https:\/\/www.radiopiu.net\/wordpress\/wp-content\/uploads\/2020\/09\/medie-canale-2-1152x1536.jpg 1152w, https:\/\/www.radiopiu.net\/wordpress\/wp-content\/uploads\/2020\/09\/medie-canale-2-360x480.jpg 360w, https:\/\/www.radiopiu.net\/wordpress\/wp-content\/uploads\/2020\/09\/medie-canale-2.jpg 1200w\" sizes=\"auto, (max-width: 125px) 100vw, 125px\" \/><\/a>ROMA<\/strong>\u00a0 Il Ministero dell&#8217;Interno non deve revocare i contributi ai Comuni per la messa in sicurezza di scuole, edifici pubblici e patrimonio comunale efficientamento energetico e abbattimento delle barriere architettoniche, previsti dalla legge di bilancio 2020, nel caso gli Enti non riuscissero a partire il 15 settembre 2020. Uncem lo ha ribadito ai Ministri dell&#8217;Interno e dell&#8217;Economia e delle Finanze, di fatto chiedendo una &#8220;proroga postuma&#8221; visto che fino a ieri sono arrivate solo &#8220;promesse&#8221; relative al prolungamento dei termini. Uncem, per evitare perdite di risorse per gli Enti che hanno difficolt\u00e0 a partire nelle opere, chiede almeno un mese di bonus. Un rinvio del termine ultimo che permetter\u00e0 di sicuro l&#8217;avvio degli interventi.<\/p>\n<p>&nbsp;<\/p>\n<p>&nbsp;<\/p>\n<hr \/>\n<p>&nbsp;<\/p>\n<blockquote>\n<h3>L&#8217;ISTITUTO CALVI VINCE IL PRIMO PREMIO DEL CONCORSO &#8220;PRENDERSI CURA DELL&#8217;AMBIENTE&#8221;<\/h3>\n<\/blockquote>\n<p><strong><a class=\"dt-pswp-item\" href=\"https:\/\/www.radiopiu.net\/wordpress\/wp-content\/uploads\/2020\/09\/download-11.jpg\" data-dt-img-description=\"\" data-large_image_width=\"300\" data-large_image_height=\"168\"><img loading=\"lazy\" decoding=\"async\" class=\" wp-image-160684 alignleft\" src=\"https:\/\/www.radiopiu.net\/wordpress\/wp-content\/uploads\/2020\/09\/download-11.jpg\" alt=\"\" width=\"257\" height=\"144\" \/><\/a>BELLUNO<\/strong> Soddisfazione all&#8217;Istituto Calvi di Belluno, primo classificato al concorso dell&#8217;Arpav con il video We are green school con la motivazione Il messaggio \u00e8 chiaro e incisivo, per una scuola e una societ\u00e0 che devono affrontare continue sfide; esprime positivamente l\u2019approccio giusto per vivere in comunit\u00e0 pronte a mettersi in gioco e ad agire riducendo l\u2019impatto ambientale dei propri stili di vita. 150 studenti coinvolti nel progetto, l&#8217;insegnante Arianna Sitta, la Dirigente scolastica Renata Dal Farra<\/p>\n<blockquote><p><em>premio: 2000 \u20ac per l\u2019acquisto di materiale e servizi didattici<\/em><\/p><\/blockquote>\n<p><iframe loading=\"lazy\" title=\"We are green school\" width=\"1200\" height=\"675\" src=\"https:\/\/www.youtube.com\/embed\/SDM4ShA-0Gg?feature=oembed\" frameborder=\"0\" allow=\"accelerometer; autoplay; clipboard-write; encrypted-media; gyroscope; picture-in-picture\" allowfullscreen><\/iframe><\/p>\n<p>Sono sei i video premiati al contest promosso da Arpav dedicato alle scuole secondarie di I e II grado. I brevi filmati girati dagli studenti promuovono la sensibilizzazione ai temi e agli obiettivi dell\u2019Agenda 2030 dell\u2019Onu partendo da problematiche del territorio o dell\u2019ambiente scolastico vissute dai ragazzi. I video raccontano il rispetto per l\u2019ambiente e per le persone affrontando temi come la salute e il benessere per tutti, obiettivo 3 dell\u2019Agenda Onu, la parit\u00e0 di genere, obiettivo 5, la necessit\u00e0 di garantire modelli di consumi sostenibili, obiettivo 12, tutti interconnessi tra di loro e con gli altri obiettivi globali che insieme concorrono a migliorare la vita sul pianeta entro il 2030 attraverso uno sforzo collettivo e trasversale. Sezione Scuola Secondaria di II grado 1\u00b0 premio Scuola ITE P. F. Calvi, di Belluno\u00a0 con il video We are green school 2\u00b0 premio ISIS \u00a0I premi Florence Nightingale &#8211; Liceo delle scienze umane di Castelfranco Veneto (TV) con il video Si forma la terra, nasce la vita 3\u00b0 premio Liceo delle Scienze Applicate Cardinal Cesare Baronio di Vicenza (VI) con il video Le parole hanno un peso\u00a0 Sezione Scuola Secondaria di I grado 1\u00b0 premio Scuola A. Fogazzaro di Noventa Vicentina (VI) con il video Postapernonni 2\u00b0 premio Scuola Francesco Venezze di Rovigo (RO) con il video Ali in pericolo&#8230; 3\u00b0 premio Scuola Santa Giovanna D&#8217;Arco di Vittorio Veneto (TV)\u00a0con il video\u00a0Green week<\/p>\n<p>&nbsp;<\/p>\n<p>&nbsp;<\/p>\n<hr \/>\n<blockquote>\n<h3><\/h3>\n<h3>ULSS1 NEL MERCATO, VENDE VEICOLI E MACCHINA DA CUCIRE, OFFERTE ENTRO IL 22 SETTEMBRE<\/h3>\n<\/blockquote>\n<p><strong><a class=\"dt-pswp-item\" href=\"https:\/\/www.radiopiu.net\/wordpress\/wp-content\/uploads\/2020\/09\/panda.jpg\" data-dt-img-description=\"\" data-large_image_width=\"1600\" data-large_image_height=\"1200\"><img loading=\"lazy\" decoding=\"async\" class=\"wp-image-160753 alignleft\" src=\"https:\/\/www.radiopiu.net\/wordpress\/wp-content\/uploads\/2020\/09\/panda-300x225.jpg\" alt=\"\" width=\"177\" height=\"133\" srcset=\"https:\/\/www.radiopiu.net\/wordpress\/wp-content\/uploads\/2020\/09\/panda-300x225.jpg 300w, https:\/\/www.radiopiu.net\/wordpress\/wp-content\/uploads\/2020\/09\/panda-1024x768.jpg 1024w, https:\/\/www.radiopiu.net\/wordpress\/wp-content\/uploads\/2020\/09\/panda-768x576.jpg 768w, https:\/\/www.radiopiu.net\/wordpress\/wp-content\/uploads\/2020\/09\/panda-1536x1152.jpg 1536w, https:\/\/www.radiopiu.net\/wordpress\/wp-content\/uploads\/2020\/09\/panda-640x480.jpg 640w, https:\/\/www.radiopiu.net\/wordpress\/wp-content\/uploads\/2020\/09\/panda.jpg 1600w\" sizes=\"auto, (max-width: 177px) 100vw, 177px\" \/><\/a>BELLUNO<\/strong> L\u2019Ulss Dolomiti cede, al migliore offerente, una serie di beni tra cui alcuni veicoli e macchine da cucire. Nell\u2019elenco dei beni da alienare, disponibile sul sito aziendale www.aulss1.veneto.it nella sezione \u201cBandi e gare\u201d, ci sono alcuni veicoli tra cui alcune Fiat Panda e Punto, Ducato a 9 posti e alcune ambulanze con indicati gli importi a base d\u2019asta. E\u2019 possibile chiedere informazioni o prendere appuntamento per la visione dei beni.\u00a0 Economato e Gestione della Logistica: Sig.ra Daniela Manfroi, tel. 0439\/883631 \u2013 e-mail: daniela.manfroi@aulss1.veneto.it<\/p>\n<p>&nbsp;<\/p>\n<hr \/>\n<p>&nbsp;<\/p>\n<blockquote>\n<h3>NUOVI CORSI DEL CEIS PER OPERATORE SOCIO SANITARIO (Oss)<\/h3>\n<\/blockquote>\n<p><strong>BELLUNO<\/strong> Nel biennio 2020-2021 verranno avviati nella provincia di Belluno 7 corsi per OSS. Il Ce.I.S. organizzer\u00e0 i corsi con sede a Belluno, per iscriversi \u00e8 necessario partecipare alla selezione del 2 ottobre 2020. Il Ce.I.S. organizza 2 incontri uno a Belluno e uno in Comune di Alpago per presentare la figura professionale dell\u2019OSS, gli ambiti lavorativi, le modalit\u00e0 di selezione e gli incentivi economici messi a disposizione dalla Regione Veneto dal Rotary Club di Belluno e dal Consorzio Bim di Belluno: marted\u00ec 22 settembre alle 20.30 presso la sala \u201cPlacido Fabris\u201d a Pieve d\u2019Alpago e gioved\u00ec 24 settembre alle 20.30 presso la sede del Ce.I.S. di Belluno. Per informazioni: tel. 0437\/950895 \u2013 info@ceisbelluno.org<\/p>\n<p>&nbsp;<\/p>\n<hr \/>\n<p>&nbsp;<\/p>\n<blockquote>\n<h3>ESCURIONISMO CON CAMMINATURALMENTE<\/h3>\n<\/blockquote>\n<p><b><a class=\"dt-pswp-item\" href=\"https:\/\/www.radiopiu.net\/wordpress\/wp-content\/uploads\/2020\/09\/DSC02154-Copia.jpg\" data-dt-img-description=\"\" data-large_image_width=\"1048\" data-large_image_height=\"786\"><img loading=\"lazy\" decoding=\"async\" class=\"size-medium wp-image-160745 alignleft\" src=\"https:\/\/www.radiopiu.net\/wordpress\/wp-content\/uploads\/2020\/09\/DSC02154-Copia-300x225.jpg\" alt=\"\" width=\"300\" height=\"225\" srcset=\"https:\/\/www.radiopiu.net\/wordpress\/wp-content\/uploads\/2020\/09\/DSC02154-Copia-300x225.jpg 300w, https:\/\/www.radiopiu.net\/wordpress\/wp-content\/uploads\/2020\/09\/DSC02154-Copia-1024x768.jpg 1024w, https:\/\/www.radiopiu.net\/wordpress\/wp-content\/uploads\/2020\/09\/DSC02154-Copia-768x576.jpg 768w, https:\/\/www.radiopiu.net\/wordpress\/wp-content\/uploads\/2020\/09\/DSC02154-Copia-640x480.jpg 640w, https:\/\/www.radiopiu.net\/wordpress\/wp-content\/uploads\/2020\/09\/DSC02154-Copia.jpg 1048w\" sizes=\"auto, (max-width: 300px) 100vw, 300px\" \/><\/a>BELLUNO <\/b>Il Centro UPM \u2013 Associazione Culturale di Belluno &#8211; organizza due escursioni naturalistiche condotte da Anacleto Boranga \u2013 divulgatore e guida naturalistica\/ambientale.<\/p>\n<p><b>Sabato 19 settembre 2020<\/b> \u2013 <b>LA SEQUOIA DI FAE\u2019<\/b> \u2013 Un gigante arboreo, che ha retto al tremendo impatto con l\u2019ondata del Vajont, portandone ancora laceranti segni. Ritrovo alle 14.30 in p\/le Resistenza oppure successivamente presso la chiesetta di S. Nicol\u00f2 nella tenuta Protti.<\/p>\n<p><b>Sabato 26 settembre 2020<\/b> \u2013 <b>LAGO E<\/b> <b>OASI NATURALISTICA DI S.CROCE<\/b> \u2013Un\u2019area umida di straordinaria importanza ambientale e paesaggistica. E\u2019 presente <a class=\"dt-pswp-item\" href=\"https:\/\/www.radiopiu.net\/wordpress\/wp-content\/uploads\/2020\/09\/DSC07600-scaled.jpg\" data-dt-img-description=\"\" data-large_image_width=\"2560\" data-large_image_height=\"1920\"><img loading=\"lazy\" decoding=\"async\" class=\"size-medium wp-image-160746 alignright\" src=\"https:\/\/www.radiopiu.net\/wordpress\/wp-content\/uploads\/2020\/09\/DSC07600-300x225.jpg\" alt=\"\" width=\"300\" height=\"225\" srcset=\"https:\/\/www.radiopiu.net\/wordpress\/wp-content\/uploads\/2020\/09\/DSC07600-300x225.jpg 300w, https:\/\/www.radiopiu.net\/wordpress\/wp-content\/uploads\/2020\/09\/DSC07600-1024x768.jpg 1024w, https:\/\/www.radiopiu.net\/wordpress\/wp-content\/uploads\/2020\/09\/DSC07600-768x576.jpg 768w, https:\/\/www.radiopiu.net\/wordpress\/wp-content\/uploads\/2020\/09\/DSC07600-1536x1152.jpg 1536w, https:\/\/www.radiopiu.net\/wordpress\/wp-content\/uploads\/2020\/09\/DSC07600-2048x1536.jpg 2048w, https:\/\/www.radiopiu.net\/wordpress\/wp-content\/uploads\/2020\/09\/DSC07600-640x480.jpg 640w\" sizes=\"auto, (max-width: 300px) 100vw, 300px\" \/><\/a>anche un\u2019 esposizione fotografica all\u2019aperto e alcune creazioni di Land Art. Percorso facile di circa 3 km. Consigliate calzature adatte per eventuali tratti umidi\/fangosi. Ritrovo alla 14.30 in p\/le Resistenza oppure successivamente al parcheggio subito dopo il ponte sul torrente Tesa ( Farra d\u2019Alpago).<\/p>\n<p><em>Dovranno essere osservate le norme anti COVID-19 (mascherina,\u00a0 autocertificazione). Partecipazione limitata a 20 persone \u2013 Iscrizione obbligatoria presso Un Noce, in via Barozzi 18 o al tel 351 5468735 o a <a href=\"mailto:belluno1@centroupm.it\">belluno1@centroupm.it<\/a> \u2013 Info 340 8769665<\/em><\/p>\n<p>&nbsp;<\/p>\n<hr \/>\n<p>&nbsp;<\/p>\n<p>&nbsp;<\/p>\n<h2>MOTOGIRO D&#8217;ITALIA A AUTOGIRO D&#8217;ITALIA AD AGORDO E VOLTAGO, audio, video, foto, interviste.<\/h2>\n<blockquote class=\"wp-embedded-content\" data-secret=\"dnGZ3NIqki\"><p><a href=\"https:\/\/www.radiopiu.net\/wordpress\/160692-2\/\">MOTOGIRO D&#8217;ITALIA A AUTOGIRO D&#8217;ITALIA AD AGORDO E VOLTAGO<\/a><\/p><\/blockquote>\n<p><iframe loading=\"lazy\" class=\"wp-embedded-content\" sandbox=\"allow-scripts\" security=\"restricted\" style=\"position: absolute; clip: rect(1px, 1px, 1px, 1px);\" title=\"&#8220;MOTOGIRO D&#8217;ITALIA A AUTOGIRO D&#8217;ITALIA AD AGORDO E VOLTAGO&#8221; &#8212; Radio Pi\u00f9\" src=\"https:\/\/www.radiopiu.net\/wordpress\/160692-2\/embed\/#?secret=dnGZ3NIqki\" data-secret=\"dnGZ3NIqki\" width=\"600\" height=\"338\" frameborder=\"0\" marginwidth=\"0\" marginheight=\"0\" scrolling=\"no\"><\/iframe><\/p>\n<p>&nbsp;<\/p>\n<hr \/>\n<p>&nbsp;<\/p>\n<p>&nbsp;<\/p>\n<h3><a class=\"dt-pswp-item\" href=\"https:\/\/www.radiopiu.net\/wordpress\/wp-content\/uploads\/2019\/05\/TAIBON-SILVIA-TORMEN.jpeg\" data-dt-img-description=\"\" data-large_image_width=\"1062\" data-large_image_height=\"1600\"><img loading=\"lazy\" decoding=\"async\" class=\"wp-image-86482 alignleft\" src=\"https:\/\/www.radiopiu.net\/wordpress\/wp-content\/uploads\/2019\/05\/TAIBON-SILVIA-TORMEN-199x300.jpeg\" alt=\"\" width=\"124\" height=\"187\" srcset=\"https:\/\/www.radiopiu.net\/wordpress\/wp-content\/uploads\/2019\/05\/TAIBON-SILVIA-TORMEN-199x300.jpeg 199w, https:\/\/www.radiopiu.net\/wordpress\/wp-content\/uploads\/2019\/05\/TAIBON-SILVIA-TORMEN-768x1157.jpeg 768w, https:\/\/www.radiopiu.net\/wordpress\/wp-content\/uploads\/2019\/05\/TAIBON-SILVIA-TORMEN-680x1024.jpeg 680w, https:\/\/www.radiopiu.net\/wordpress\/wp-content\/uploads\/2019\/05\/TAIBON-SILVIA-TORMEN.jpeg 1062w\" sizes=\"auto, (max-width: 124px) 100vw, 124px\" \/><\/a><\/h3>\n<h3><\/h3>\n<h3><\/h3>\n<h3>IERI ALLA RADIO<\/h3>\n<p><strong>TAIBON<\/strong> Il sindaco Silvia Tormen spiega l&#8217;ultima variazione al bilancio approvata in settimana dal consiglio comunale<\/p>\n<audio class=\"wp-audio-shortcode\" id=\"audio-160748-8\" preload=\"none\" style=\"width: 100%;\" controls=\"controls\"><source type=\"audio\/mpeg\" src=\"https:\/\/www.radiopiu.net\/wordpress\/wp-content\/uploads\/2020\/09\/SILVIA-TORMEN.mp3?_=8\" \/><a href=\"https:\/\/www.radiopiu.net\/wordpress\/wp-content\/uploads\/2020\/09\/SILVIA-TORMEN.mp3\">https:\/\/www.radiopiu.net\/wordpress\/wp-content\/uploads\/2020\/09\/SILVIA-TORMEN.mp3<\/a><\/audio>\n<p>&nbsp;<\/p>\n<hr \/>\n<p>&nbsp;<\/p>\n<blockquote>\n<h3>GOFFREDO SOMMAVILLA, PITTORE DI PRIMISSIMO PIANO IN URUGUAY di RENATO BONA<\/h3>\n<\/blockquote>\n<p>Lustri or sono, da collaboratore prima e dirigente poi di quella che era ancora Aeb: Associazione Emigranti Bellunesi (nata per volont\u00e0, fra l\u2019altro, del vescovo Gioacchino Muccin e dello storico presidente Vincenzo Barcelloni Corte al\u2019indomani della sciagura di Mattmarck) ebbi modo di partecipare a varie trasferte anche oltre oceano per i tradizionali incontri, sempre interessanti e commoventi, con quelle che erano denominate \u201cFamiglie Aeb\u201d. A Montevideo, in Uruguay, mi colp\u00ec l\u2019orgogliosa rivendicazione da parte dei bellunesi emigrati, della nascita a Belluno (il 12 giugno 1850) dell\u2019artista Goffredo Ernani Sommavilla del quale, ad onor del vero, non sapevo proprio nulla. Me ne accenn\u00f2 anche l\u2019ambasciatore d\u2019Italia, dottor Egone Ratzemberger, col quale intrattenni poi cordiali contatti epistolari preziosi per approfondire la conoscenza del personaggio Sommavilla dato che Ratzemberger era un grande estimatore dell\u2019artista bellunese e ne cur\u00f2 presentazioni di mostre di grande successo. Al rientro, effettuai alcune ricerche e riuscii a rintracciare a Castion una nipote del nostro, la signora Giulia Sommavilla che, gentilissima, in un incontro a casa sua mi illustr\u00f2 la figura e l\u2019opera dell\u2019illustre artista, che era nato nella casa da sempre della famiglia Sommavilla, nella via Rivizzola di Belluno, da Giuseppe, pittore e scenografo, e da Maria Caterina Tommaselli, terzo di otto fratelli: Elvira, Isidoro, Riccardo, Adelaide, Benedetto, Giovanni, Giuseppe. Il padre &#8211; secondo quanto scrive lo storico prof. Flavio Vizzutti autore di \u201cGoffredo Sommavilla 1850-1944\u201d edito nel febbraio 1998 per l\u2019Istituto bellunese di ricerche sociali e culturali diretto dal prof. don Sergio Sacco, da \u201cBertoncello arti grafiche\u201d di Cittadella di Padova &#8211; fu il primo maestro del giovane Goffredo, chiamato \u201cNani\u201d, del quale Luigi Zacchi ebbe modo di dire: \u201cSin da fanciullo dimostra un talento ed un genio non comuni pel per disegno e la pittura, tant\u2019\u00e8 vero che a 12 anni faceva lavori meravigliosi che facevano stupire tutti\u201d. \u201cNani\u201d scrive ancora Vizzutti, prosegu\u00ec lo studio del disegno con vero profitto sotto la guida dell\u2019apprezzato paesaggista Giovanni Danieli, titolare di tale insegnamento nella Regia Scuola normale della citt\u00e0\u2026\u201d. Ancora con Vizzutti facciamo un salto al 1866: \u201c\u2026 anno fatale in cui Goffredo, ulteriormente entusiasmato dal concittadino scultore e amico Francesco Frescura si arruola con lui nelle file dei volontari di Garibaldi\u2026 Il 15 luglio, entrambi a Bezzecca, ai comandi di Menotti Garibaldi, partecipano al sanguinoso combattimento terminato per\u00f2 con la vittoria\u201d. Ma: \u201cA spegnere velocemente gli entusiasmi e a deludere cocentemente le aspettative dei combattenti, giunge poco dopo il telegramma di Lamarmora che, a causa del disastro di Custoza, ordina ai volontari di ripiegare immediatamente a sud quando ormai la liberazione delle terre trentine sembrava a portata di mano. Garibaldi, dopo aver risposto con il celeberrimo \u2018obbedisco\u2019 accompagna a Brescia il suo esercito dove il corpo si scioglie\u201d. E aggiunge che \u201cDei tempi mai pi\u00f9 dimenticati da Goffredo, gli rimane la camicia rossa che assieme ad una fotografia firmata dal suo Generale (distribuita a tutti i volontari) egli porta pi\u00f9 tardi anche oltreoceano\u201d. Sommavilla riprende ed intensifica gli studi, iscrivendosi all\u2019Accademia. Il 10 settembre 1871, sollecitato dal padre, pur se titubante partecipa all\u2019Esposizione provinciale di Belluno proponendo 5 quadretti ad olio (di questi si sono purtroppo perse le tracce): L\u2019interno della chiesa dei Frari, La Scala d\u2019oro, Tasso a sant\u2019Onofrio, La scala dei giganti, La cappella della Madonna del Rosario e la qualificatissima giuria gli assegna la medaglia d\u2019argento.Altre tappe significative della sua vita sono riportate nel catalogo stampato in Uruguay (Paese nel quale ha avuto la sua consacrazione artistica) in occasione della mostra \u201cL\u2019altro Sommavilla \u2013 Corsetti rivisitato \u2013 Due pittori nel Rio de la Plata\u201d stampato in occasione della mostra a Montevideo del luglio-agosto 1997, con opere del nostro e dell\u2019amico e conterraneo Carlo Corsetti di Feltre. Eccole: 1882: primi giorni di giugno: sbarca a Buenos Aires insieme al dott. Luigi Pertile (in un\u2019intervista di quell\u2019anno, Sommavilla ricordava che il dottor Pertile, un oculista molto rinomato allora, volle condurmi a Buenos Aires e mi offr\u00ec tutti i mezzi perch\u00e9 io non mi rifiutassi d\u2019accompagnarlo\u2026 mi fece venire a Montevideo e mi indusse a fare una esposizione: cos\u00ec feci senza pensarci tanto e accettai contemporaneamente il posto di professore nella Scuola d\u2019arti e mestieri\u2026 Montevideo mi piaceva tanto per la sua posizione e per il suo clima che non stetti a considerare se dovevo o non tornare nell\u2019Argentina.. .\u201d &#8211; ndr.). Oltre all\u2019esposizione presso il Circolo Napoletano dove \u00e8 premiato con medaglia d\u2019oro viene nominato direttore dell\u2019Officina litografica; 1885: sulle copertine del mensile El Indiscreto, compaiono litografie firmate Sommavilla; 1886: verbali del consiglio direttivo della Scuola italiana in data 22 novembre: vengono proposti come insegnanti per il disegno i maestri Filotto e Sommavilla; 1900: viaggio nella natale Belluno; 1913 esegue il ritratto dell\u2019eroe nazionale uruguaiano Jos\u00e9 Gervasio Artigas (litografia); 1924: l\u2019aula di disegno della Scuola italiana viene intitolata a Sommavilla; il 20 settembre: alla consegna del diploma di garibaldino il ministro d\u2019Italia in Uruguyay definisce Sommavilla \u201cPonte di amicizia fra l\u2019Italia e l\u2019Uruguay\u201d; 1934: si ritira dall\u2019insegnamento; \u00e8 socio benemerito dell\u2019Associazione scolastica; 1944: dopo breve malattia muore il 21 ottobre; \u00e8 sepolto nel cimitero del Buceo.<\/p>\n<p>&nbsp;<\/p>\n\n\t\t\t<style type='text\/css'>\n\t\t\t\t#gallery-7 {\n\t\t\t\t\tmargin: auto;\n\t\t\t\t}\n\t\t\t\t#gallery-7 .gallery-item {\n\t\t\t\t\tfloat: left;\n\t\t\t\t\tmargin-top: 10px;\n\t\t\t\t\ttext-align: center;\n\t\t\t\t\twidth: 25%;\n\t\t\t\t}\n\t\t\t\t#gallery-7 img {\n\t\t\t\t\tborder: 2px solid #cfcfcf;\n\t\t\t\t}\n\t\t\t\t#gallery-7 .gallery-caption {\n\t\t\t\t\tmargin-left: 0;\n\t\t\t\t}\n\t\t\t\t\/* see gallery_shortcode() in wp-includes\/media.php *\/\n\t\t\t<\/style>\n\t\t<div id='gallery-7' class='dt-gallery-container gallery galleryid-160748 gallery-columns-4 gallery-size-thumbnail'><dl class='gallery-item'>\n\t\t\t\t<dt class='gallery-icon portrait'>\n\t\t\t\t\t<a class=\"rollover rollover-zoom dt-pswp-item\" title=\"119648040_335949914320687_4695002370505386198_n\" data-dt-img-description=\"\" data-large_image_width=\"671\" data-large_image_height=\"960\"href='https:\/\/www.radiopiu.net\/wordpress\/wp-content\/uploads\/2020\/09\/119648040_335949914320687_4695002370505386198_n.jpg'><img loading=\"lazy\" decoding=\"async\" width=\"150\" height=\"150\" src=\"https:\/\/www.radiopiu.net\/wordpress\/wp-content\/uploads\/2020\/09\/119648040_335949914320687_4695002370505386198_n-150x150.jpg\" class=\"attachment-thumbnail size-thumbnail\" alt=\"\" srcset=\"https:\/\/www.radiopiu.net\/wordpress\/wp-content\/uploads\/2020\/09\/119648040_335949914320687_4695002370505386198_n-150x150.jpg 150w, https:\/\/www.radiopiu.net\/wordpress\/wp-content\/uploads\/2020\/09\/119648040_335949914320687_4695002370505386198_n-125x125.jpg 125w, https:\/\/www.radiopiu.net\/wordpress\/wp-content\/uploads\/2020\/09\/119648040_335949914320687_4695002370505386198_n-200x200.jpg 200w, https:\/\/www.radiopiu.net\/wordpress\/wp-content\/uploads\/2020\/09\/119648040_335949914320687_4695002370505386198_n-80x80.jpg 80w\" sizes=\"auto, (max-width: 150px) 100vw, 150px\" \/><\/a>\n\t\t\t\t<\/dt><\/dl><dl class='gallery-item'>\n\t\t\t\t<dt class='gallery-icon landscape'>\n\t\t\t\t\t<a class=\"rollover rollover-zoom dt-pswp-item\" title=\"119594639_1118002038596241_7158230411333532411_n\" data-dt-img-description=\"\" data-large_image_width=\"960\" data-large_image_height=\"655\"href='https:\/\/www.radiopiu.net\/wordpress\/wp-content\/uploads\/2020\/09\/119594639_1118002038596241_7158230411333532411_n.jpg'><img loading=\"lazy\" decoding=\"async\" width=\"150\" height=\"150\" src=\"https:\/\/www.radiopiu.net\/wordpress\/wp-content\/uploads\/2020\/09\/119594639_1118002038596241_7158230411333532411_n-150x150.jpg\" class=\"attachment-thumbnail size-thumbnail\" alt=\"\" srcset=\"https:\/\/www.radiopiu.net\/wordpress\/wp-content\/uploads\/2020\/09\/119594639_1118002038596241_7158230411333532411_n-150x150.jpg 150w, https:\/\/www.radiopiu.net\/wordpress\/wp-content\/uploads\/2020\/09\/119594639_1118002038596241_7158230411333532411_n-125x125.jpg 125w, https:\/\/www.radiopiu.net\/wordpress\/wp-content\/uploads\/2020\/09\/119594639_1118002038596241_7158230411333532411_n-200x200.jpg 200w, https:\/\/www.radiopiu.net\/wordpress\/wp-content\/uploads\/2020\/09\/119594639_1118002038596241_7158230411333532411_n-80x80.jpg 80w\" sizes=\"auto, (max-width: 150px) 100vw, 150px\" \/><\/a>\n\t\t\t\t<\/dt><\/dl><dl class='gallery-item'>\n\t\t\t\t<dt class='gallery-icon landscape'>\n\t\t\t\t\t<a class=\"rollover rollover-zoom dt-pswp-item\" title=\"119584205_323439278765130_5841394442353859523_n\" data-dt-img-description=\"\" data-large_image_width=\"960\" data-large_image_height=\"838\"href='https:\/\/www.radiopiu.net\/wordpress\/wp-content\/uploads\/2020\/09\/119584205_323439278765130_5841394442353859523_n.jpg'><img loading=\"lazy\" decoding=\"async\" width=\"150\" height=\"150\" src=\"https:\/\/www.radiopiu.net\/wordpress\/wp-content\/uploads\/2020\/09\/119584205_323439278765130_5841394442353859523_n-150x150.jpg\" class=\"attachment-thumbnail size-thumbnail\" alt=\"\" srcset=\"https:\/\/www.radiopiu.net\/wordpress\/wp-content\/uploads\/2020\/09\/119584205_323439278765130_5841394442353859523_n-150x150.jpg 150w, https:\/\/www.radiopiu.net\/wordpress\/wp-content\/uploads\/2020\/09\/119584205_323439278765130_5841394442353859523_n-125x125.jpg 125w, https:\/\/www.radiopiu.net\/wordpress\/wp-content\/uploads\/2020\/09\/119584205_323439278765130_5841394442353859523_n-200x200.jpg 200w, https:\/\/www.radiopiu.net\/wordpress\/wp-content\/uploads\/2020\/09\/119584205_323439278765130_5841394442353859523_n-80x80.jpg 80w\" sizes=\"auto, (max-width: 150px) 100vw, 150px\" \/><\/a>\n\t\t\t\t<\/dt><\/dl><dl class='gallery-item'>\n\t\t\t\t<dt class='gallery-icon portrait'>\n\t\t\t\t\t<a class=\"rollover rollover-zoom dt-pswp-item\" title=\"119599407_334054824505486_3973898737237705420_n\" data-dt-img-description=\"\" data-large_image_width=\"670\" data-large_image_height=\"960\"href='https:\/\/www.radiopiu.net\/wordpress\/wp-content\/uploads\/2020\/09\/119599407_334054824505486_3973898737237705420_n.jpg'><img loading=\"lazy\" decoding=\"async\" width=\"150\" height=\"150\" src=\"https:\/\/www.radiopiu.net\/wordpress\/wp-content\/uploads\/2020\/09\/119599407_334054824505486_3973898737237705420_n-150x150.jpg\" class=\"attachment-thumbnail size-thumbnail\" alt=\"\" srcset=\"https:\/\/www.radiopiu.net\/wordpress\/wp-content\/uploads\/2020\/09\/119599407_334054824505486_3973898737237705420_n-150x150.jpg 150w, https:\/\/www.radiopiu.net\/wordpress\/wp-content\/uploads\/2020\/09\/119599407_334054824505486_3973898737237705420_n-125x125.jpg 125w, https:\/\/www.radiopiu.net\/wordpress\/wp-content\/uploads\/2020\/09\/119599407_334054824505486_3973898737237705420_n-200x200.jpg 200w, https:\/\/www.radiopiu.net\/wordpress\/wp-content\/uploads\/2020\/09\/119599407_334054824505486_3973898737237705420_n-80x80.jpg 80w\" sizes=\"auto, (max-width: 150px) 100vw, 150px\" \/><\/a>\n\t\t\t\t<\/dt><\/dl><br style=\"clear: both\" \/><dl class='gallery-item'>\n\t\t\t\t<dt class='gallery-icon landscape'>\n\t\t\t\t\t<a class=\"rollover rollover-zoom dt-pswp-item\" title=\"119598060_667154600579394_2545484238375958625_n\" data-dt-img-description=\"\" data-large_image_width=\"960\" data-large_image_height=\"611\"href='https:\/\/www.radiopiu.net\/wordpress\/wp-content\/uploads\/2020\/09\/119598060_667154600579394_2545484238375958625_n.jpg'><img loading=\"lazy\" decoding=\"async\" width=\"150\" height=\"150\" src=\"https:\/\/www.radiopiu.net\/wordpress\/wp-content\/uploads\/2020\/09\/119598060_667154600579394_2545484238375958625_n-150x150.jpg\" class=\"attachment-thumbnail size-thumbnail\" alt=\"\" srcset=\"https:\/\/www.radiopiu.net\/wordpress\/wp-content\/uploads\/2020\/09\/119598060_667154600579394_2545484238375958625_n-150x150.jpg 150w, https:\/\/www.radiopiu.net\/wordpress\/wp-content\/uploads\/2020\/09\/119598060_667154600579394_2545484238375958625_n-125x125.jpg 125w, https:\/\/www.radiopiu.net\/wordpress\/wp-content\/uploads\/2020\/09\/119598060_667154600579394_2545484238375958625_n-200x200.jpg 200w, https:\/\/www.radiopiu.net\/wordpress\/wp-content\/uploads\/2020\/09\/119598060_667154600579394_2545484238375958625_n-80x80.jpg 80w\" sizes=\"auto, (max-width: 150px) 100vw, 150px\" \/><\/a>\n\t\t\t\t<\/dt><\/dl><dl class='gallery-item'>\n\t\t\t\t<dt class='gallery-icon landscape'>\n\t\t\t\t\t<a class=\"rollover rollover-zoom dt-pswp-item\" title=\"119629609_368095877689111_468670586622953693_n\" data-dt-img-description=\"\" data-large_image_width=\"960\" data-large_image_height=\"595\"href='https:\/\/www.radiopiu.net\/wordpress\/wp-content\/uploads\/2020\/09\/119629609_368095877689111_468670586622953693_n.jpg'><img loading=\"lazy\" decoding=\"async\" width=\"150\" height=\"150\" src=\"https:\/\/www.radiopiu.net\/wordpress\/wp-content\/uploads\/2020\/09\/119629609_368095877689111_468670586622953693_n-150x150.jpg\" class=\"attachment-thumbnail size-thumbnail\" alt=\"\" srcset=\"https:\/\/www.radiopiu.net\/wordpress\/wp-content\/uploads\/2020\/09\/119629609_368095877689111_468670586622953693_n-150x150.jpg 150w, https:\/\/www.radiopiu.net\/wordpress\/wp-content\/uploads\/2020\/09\/119629609_368095877689111_468670586622953693_n-125x125.jpg 125w, https:\/\/www.radiopiu.net\/wordpress\/wp-content\/uploads\/2020\/09\/119629609_368095877689111_468670586622953693_n-200x200.jpg 200w, https:\/\/www.radiopiu.net\/wordpress\/wp-content\/uploads\/2020\/09\/119629609_368095877689111_468670586622953693_n-80x80.jpg 80w\" sizes=\"auto, (max-width: 150px) 100vw, 150px\" \/><\/a>\n\t\t\t\t<\/dt><\/dl><dl class='gallery-item'>\n\t\t\t\t<dt class='gallery-icon portrait'>\n\t\t\t\t\t<a class=\"rollover rollover-zoom dt-pswp-item\" title=\"119672643_424817815147018_5531926946409984824_n\" data-dt-img-description=\"\" data-large_image_width=\"781\" data-large_image_height=\"960\"href='https:\/\/www.radiopiu.net\/wordpress\/wp-content\/uploads\/2020\/09\/119672643_424817815147018_5531926946409984824_n.jpg'><img loading=\"lazy\" decoding=\"async\" width=\"122\" height=\"150\" src=\"https:\/\/www.radiopiu.net\/wordpress\/wp-content\/uploads\/2020\/09\/119672643_424817815147018_5531926946409984824_n.jpg\" class=\"attachment-thumbnail size-thumbnail\" alt=\"\" \/><\/a>\n\t\t\t\t<\/dt><\/dl><dl class='gallery-item'>\n\t\t\t\t<dt class='gallery-icon portrait'>\n\t\t\t\t\t<a class=\"rollover rollover-zoom dt-pswp-item\" title=\"119681132_318059782790245_144016858631543525_n\" data-dt-img-description=\"\" data-large_image_width=\"622\" data-large_image_height=\"960\"href='https:\/\/www.radiopiu.net\/wordpress\/wp-content\/uploads\/2020\/09\/119681132_318059782790245_144016858631543525_n.jpg'><img loading=\"lazy\" decoding=\"async\" width=\"150\" height=\"150\" src=\"https:\/\/www.radiopiu.net\/wordpress\/wp-content\/uploads\/2020\/09\/119681132_318059782790245_144016858631543525_n-150x150.jpg\" class=\"attachment-thumbnail size-thumbnail\" alt=\"\" srcset=\"https:\/\/www.radiopiu.net\/wordpress\/wp-content\/uploads\/2020\/09\/119681132_318059782790245_144016858631543525_n-150x150.jpg 150w, https:\/\/www.radiopiu.net\/wordpress\/wp-content\/uploads\/2020\/09\/119681132_318059782790245_144016858631543525_n-125x125.jpg 125w, https:\/\/www.radiopiu.net\/wordpress\/wp-content\/uploads\/2020\/09\/119681132_318059782790245_144016858631543525_n-200x200.jpg 200w, https:\/\/www.radiopiu.net\/wordpress\/wp-content\/uploads\/2020\/09\/119681132_318059782790245_144016858631543525_n-80x80.jpg 80w\" sizes=\"auto, (max-width: 150px) 100vw, 150px\" \/><\/a>\n\t\t\t\t<\/dt><\/dl><br style=\"clear: both\" \/><dl class='gallery-item'>\n\t\t\t\t<dt class='gallery-icon portrait'>\n\t\t\t\t\t<a class=\"rollover rollover-zoom dt-pswp-item\" title=\"119583539_1061645427615047_3668334367916835278_n\" data-dt-img-description=\"\" data-large_image_width=\"728\" data-large_image_height=\"960\"href='https:\/\/www.radiopiu.net\/wordpress\/wp-content\/uploads\/2020\/09\/119583539_1061645427615047_3668334367916835278_n.jpg'><img loading=\"lazy\" decoding=\"async\" width=\"150\" height=\"150\" src=\"https:\/\/www.radiopiu.net\/wordpress\/wp-content\/uploads\/2020\/09\/119583539_1061645427615047_3668334367916835278_n-150x150.jpg\" class=\"attachment-thumbnail size-thumbnail\" alt=\"\" srcset=\"https:\/\/www.radiopiu.net\/wordpress\/wp-content\/uploads\/2020\/09\/119583539_1061645427615047_3668334367916835278_n-150x150.jpg 150w, https:\/\/www.radiopiu.net\/wordpress\/wp-content\/uploads\/2020\/09\/119583539_1061645427615047_3668334367916835278_n-125x125.jpg 125w, https:\/\/www.radiopiu.net\/wordpress\/wp-content\/uploads\/2020\/09\/119583539_1061645427615047_3668334367916835278_n-200x200.jpg 200w, https:\/\/www.radiopiu.net\/wordpress\/wp-content\/uploads\/2020\/09\/119583539_1061645427615047_3668334367916835278_n-80x80.jpg 80w\" sizes=\"auto, (max-width: 150px) 100vw, 150px\" \/><\/a>\n\t\t\t\t<\/dt><\/dl><dl class='gallery-item'>\n\t\t\t\t<dt class='gallery-icon portrait'>\n\t\t\t\t\t<a class=\"rollover rollover-zoom dt-pswp-item\" title=\"119668538_637420026969028_5550594287338007924_n\" data-dt-img-description=\"\" data-large_image_width=\"591\" data-large_image_height=\"960\"href='https:\/\/www.radiopiu.net\/wordpress\/wp-content\/uploads\/2020\/09\/119668538_637420026969028_5550594287338007924_n.jpg'><img loading=\"lazy\" decoding=\"async\" width=\"150\" height=\"150\" src=\"https:\/\/www.radiopiu.net\/wordpress\/wp-content\/uploads\/2020\/09\/119668538_637420026969028_5550594287338007924_n-150x150.jpg\" class=\"attachment-thumbnail size-thumbnail\" alt=\"\" srcset=\"https:\/\/www.radiopiu.net\/wordpress\/wp-content\/uploads\/2020\/09\/119668538_637420026969028_5550594287338007924_n-150x150.jpg 150w, https:\/\/www.radiopiu.net\/wordpress\/wp-content\/uploads\/2020\/09\/119668538_637420026969028_5550594287338007924_n-125x125.jpg 125w, https:\/\/www.radiopiu.net\/wordpress\/wp-content\/uploads\/2020\/09\/119668538_637420026969028_5550594287338007924_n-200x200.jpg 200w, https:\/\/www.radiopiu.net\/wordpress\/wp-content\/uploads\/2020\/09\/119668538_637420026969028_5550594287338007924_n-80x80.jpg 80w\" sizes=\"auto, (max-width: 150px) 100vw, 150px\" \/><\/a>\n\t\t\t\t<\/dt><\/dl><dl class='gallery-item'>\n\t\t\t\t<dt class='gallery-icon portrait'>\n\t\t\t\t\t<a class=\"rollover rollover-zoom dt-pswp-item\" title=\"119631191_238119384292359_5990923627953772141_n\" data-dt-img-description=\"\" data-large_image_width=\"682\" data-large_image_height=\"960\"href='https:\/\/www.radiopiu.net\/wordpress\/wp-content\/uploads\/2020\/09\/119631191_238119384292359_5990923627953772141_n-1.jpg'><img loading=\"lazy\" decoding=\"async\" width=\"150\" height=\"150\" src=\"https:\/\/www.radiopiu.net\/wordpress\/wp-content\/uploads\/2020\/09\/119631191_238119384292359_5990923627953772141_n-1-150x150.jpg\" class=\"attachment-thumbnail size-thumbnail\" alt=\"\" srcset=\"https:\/\/www.radiopiu.net\/wordpress\/wp-content\/uploads\/2020\/09\/119631191_238119384292359_5990923627953772141_n-1-150x150.jpg 150w, https:\/\/www.radiopiu.net\/wordpress\/wp-content\/uploads\/2020\/09\/119631191_238119384292359_5990923627953772141_n-1-125x125.jpg 125w, https:\/\/www.radiopiu.net\/wordpress\/wp-content\/uploads\/2020\/09\/119631191_238119384292359_5990923627953772141_n-1-200x200.jpg 200w, https:\/\/www.radiopiu.net\/wordpress\/wp-content\/uploads\/2020\/09\/119631191_238119384292359_5990923627953772141_n-1-80x80.jpg 80w\" sizes=\"auto, (max-width: 150px) 100vw, 150px\" \/><\/a>\n\t\t\t\t<\/dt><\/dl><dl class='gallery-item'>\n\t\t\t\t<dt class='gallery-icon portrait'>\n\t\t\t\t\t<a class=\"rollover rollover-zoom dt-pswp-item\" title=\"119599105_241702957216984_2038163838302750853_n\" data-dt-img-description=\"\" data-large_image_width=\"720\" data-large_image_height=\"960\"href='https:\/\/www.radiopiu.net\/wordpress\/wp-content\/uploads\/2020\/09\/119599105_241702957216984_2038163838302750853_n.jpg'><img loading=\"lazy\" decoding=\"async\" width=\"150\" height=\"150\" src=\"https:\/\/www.radiopiu.net\/wordpress\/wp-content\/uploads\/2020\/09\/119599105_241702957216984_2038163838302750853_n-150x150.jpg\" class=\"attachment-thumbnail size-thumbnail\" alt=\"\" srcset=\"https:\/\/www.radiopiu.net\/wordpress\/wp-content\/uploads\/2020\/09\/119599105_241702957216984_2038163838302750853_n-150x150.jpg 150w, https:\/\/www.radiopiu.net\/wordpress\/wp-content\/uploads\/2020\/09\/119599105_241702957216984_2038163838302750853_n-125x125.jpg 125w, https:\/\/www.radiopiu.net\/wordpress\/wp-content\/uploads\/2020\/09\/119599105_241702957216984_2038163838302750853_n-200x200.jpg 200w, https:\/\/www.radiopiu.net\/wordpress\/wp-content\/uploads\/2020\/09\/119599105_241702957216984_2038163838302750853_n-80x80.jpg 80w\" sizes=\"auto, (max-width: 150px) 100vw, 150px\" \/><\/a>\n\t\t\t\t<\/dt><\/dl><br style=\"clear: both\" \/>\n\t\t\t<\/div>\n\n<p>NELLE FOTO (riproduzioni dal libro di Flavio Vizzutti e dal catalogo edito in occasione della mostra al Cabildo di Montevideo del 1994): Goffredo Ernani Sommavilla; l\u2019artista nel 1935 sul terrazzo di casa a Montevideo; in copertina sul libro di Vizzutti; autoritratto al davanzale, inchiostro su carta; Dintorni di Belluno dopo il terremoto; Austriaci a Belluno; Vecchio con berretto di pelliccia; Il chiostro della chiesa veneziana dei santi Giovanni e Paolo; L\u2019uomo di Lugano; Bambina malata; Schiena di anziano; dipinto senza titolo, olio su cartone.<\/p>\n<p>&nbsp;<\/p>\n<p>&nbsp;<\/p>\n<hr \/>\n<p>&nbsp;<\/p>\n<blockquote>\n<h3>L&#8217;EMERGENZA COVID 19 PORTA ALL&#8217;ANNULLAMENTO DELLA MESSA PER I FIGLI SCOMPARSI<\/h3>\n<\/blockquote>\n<p><strong><a class=\"dt-pswp-item\" href=\"https:\/\/www.radiopiu.net\/wordpress\/wp-content\/uploads\/2016\/06\/genitorisemprelogo.png\" data-dt-img-description=\"\" data-large_image_width=\"200\" data-large_image_height=\"200\"><img loading=\"lazy\" decoding=\"async\" class=\"wp-image-20238 alignleft\" src=\"https:\/\/www.radiopiu.net\/wordpress\/wp-content\/uploads\/2016\/06\/genitorisemprelogo.png\" alt=\"\" width=\"93\" height=\"93\" \/><\/a>AGORDO<\/strong><\/p>\n<p><strong>DI GIANNI SANTOMASO\u00a0<\/strong><\/p>\n<audio class=\"wp-audio-shortcode\" id=\"audio-160748-9\" preload=\"none\" style=\"width: 100%;\" controls=\"controls\"><source type=\"audio\/mpeg\" src=\"https:\/\/www.radiopiu.net\/wordpress\/wp-content\/uploads\/2020\/09\/gianni-genitori-sempre.mp3?_=9\" \/><a href=\"https:\/\/www.radiopiu.net\/wordpress\/wp-content\/uploads\/2020\/09\/gianni-genitori-sempre.mp3\">https:\/\/www.radiopiu.net\/wordpress\/wp-content\/uploads\/2020\/09\/gianni-genitori-sempre.mp3<\/a><\/audio>\n<p>&nbsp;<\/p>\n<p>&nbsp;<\/p>\n<hr \/>\n<p>&nbsp;<\/p>\n<p><a class=\"dt-pswp-item\" href=\"https:\/\/www.radiopiu.net\/wordpress\/wp-content\/uploads\/2018\/09\/appuntamenti.jpeg\" data-dt-img-description=\"\" data-large_image_width=\"800\" data-large_image_height=\"100\"><img loading=\"lazy\" decoding=\"async\" class=\"aligncenter wp-image-61958 size-full\" src=\"https:\/\/www.radiopiu.net\/wordpress\/wp-content\/uploads\/2018\/09\/appuntamenti.jpeg\" alt=\"\" width=\"800\" height=\"100\" srcset=\"https:\/\/www.radiopiu.net\/wordpress\/wp-content\/uploads\/2018\/09\/appuntamenti.jpeg 800w, https:\/\/www.radiopiu.net\/wordpress\/wp-content\/uploads\/2018\/09\/appuntamenti-300x38.jpeg 300w, https:\/\/www.radiopiu.net\/wordpress\/wp-content\/uploads\/2018\/09\/appuntamenti-768x96.jpeg 768w\" sizes=\"auto, (max-width: 800px) 100vw, 800px\" \/><\/a><\/p>\n<p>&nbsp;<\/p>\n<p>&nbsp;<\/p>\n<blockquote>\n<h3>SABATO 26 SETTEMBRE LA PRESENTAZIONE ALLO SKI COLLEGE<\/h3>\n<\/blockquote>\n<p><strong>FALCADE<\/strong> Sabato 26 settembre alle 14.30 al polo scolastico di Falcade, presso la Sala Polifunzionale Dolomiti di\u00a0 Via Trieste, saranno presentate le squadre agonistiche 2020-21 dello Ski College Veneto-Falcade.<\/p>\n<p>&nbsp;<\/p>\n<hr \/>\n<p>&nbsp;<\/p>\n<blockquote>\n<h3>CAI AGORDO IN ASSEMBLEA<\/h3>\n<\/blockquote>\n<p><strong>AGORDO<\/strong>\u00a0 L&#8217;Assemblea Annuale che doveva tenersi a marzo e gi\u00e0 rinviata, \u00e8 stata convocata per venerd\u00ec 18 settembre alle 18 nella Sala Convegni &#8220;Don Tamis&#8221;. Per le note limitazioni sanitarie, quest&#8217;anno la S. Messa ed il pranzo non si svolgeranno.<\/p>\n<p>&nbsp;<\/p>\n<hr \/>\n<p>&nbsp;<\/p>\n<blockquote>\n<h3>OCA IN TAVOLA PER LA RICOSTRUZIONE DI MALGA FOCA<\/h3>\n<\/blockquote>\n<p><a class=\"dt-pswp-item\" href=\"https:\/\/www.radiopiu.net\/wordpress\/wp-content\/uploads\/2020\/09\/7d67ef31-5329-4c87-a9ae-e6f170c76d31.jpg\" data-dt-img-description=\"\" data-large_image_width=\"1600\" data-large_image_height=\"1131\"><img loading=\"lazy\" decoding=\"async\" class=\" wp-image-159897 alignleft\" src=\"https:\/\/www.radiopiu.net\/wordpress\/wp-content\/uploads\/2020\/09\/7d67ef31-5329-4c87-a9ae-e6f170c76d31-300x212.jpg\" alt=\"\" width=\"245\" height=\"173\" srcset=\"https:\/\/www.radiopiu.net\/wordpress\/wp-content\/uploads\/2020\/09\/7d67ef31-5329-4c87-a9ae-e6f170c76d31-300x212.jpg 300w, https:\/\/www.radiopiu.net\/wordpress\/wp-content\/uploads\/2020\/09\/7d67ef31-5329-4c87-a9ae-e6f170c76d31-1024x724.jpg 1024w, https:\/\/www.radiopiu.net\/wordpress\/wp-content\/uploads\/2020\/09\/7d67ef31-5329-4c87-a9ae-e6f170c76d31-768x543.jpg 768w, https:\/\/www.radiopiu.net\/wordpress\/wp-content\/uploads\/2020\/09\/7d67ef31-5329-4c87-a9ae-e6f170c76d31-1536x1086.jpg 1536w, https:\/\/www.radiopiu.net\/wordpress\/wp-content\/uploads\/2020\/09\/7d67ef31-5329-4c87-a9ae-e6f170c76d31-640x452.jpg 640w, https:\/\/www.radiopiu.net\/wordpress\/wp-content\/uploads\/2020\/09\/7d67ef31-5329-4c87-a9ae-e6f170c76d31.jpg 1600w\" sizes=\"auto, (max-width: 245px) 100vw, 245px\" \/><\/a><strong>LA VALLE<\/strong> Un&#8217;altra iniziativa per raccogliere fondi per Malga Foca distrutta da un furioso incendio. Malga Calleda e l&#8217;azienda agricola di Michele Littam\u00e8 infatti ha organizzato per sabato 19 settembre alle 12.30 &#8220;l&#8217;oca in malga&#8221;, una giornata di degustazione e benessere con formaggi di malga e i prodotti di eccellenza a base d&#8217;oca con i migliori vini dei Colli Euganei. Capienza massima 45 persone, prenotazione obbligatoria al 3804198506 oppure 3466933177. Costo della giornata 25-30 euro, il ricavato sar\u00e0 devoluto in beneficenza. L&#8217;oca sar\u00e0 portata in malga da uno dei migliori allevatori del Veneto che si \u00e8 reso disponibile per cucinarla.<\/p>\n<h3><\/h3>\n<p>&nbsp;<\/p>\n<hr \/>\n<h3><\/h3>\n<h3>NUOVI ORARI PER LE VISTE AL CASTELLO DI ANDRAZ<\/h3>\n<p>Il castello riaprir\u00e0 nei successivi 4 weekend (fino a domenica 11 ottobre), dal venerd\u00ec alla domenica, con orario leggermente ridotto: dalle 10.00 alle 12.30 e dalle 14.30 alle 17.30. \u00a0Le visite guidate o libere vanno prenotate al 334 33 46 680 o via mail a info@castellodiandraz.it<\/p>\n<p>&nbsp;<\/p>\n<p>&nbsp;<\/p>\n<hr \/>\n<p>&nbsp;<\/p>\n<h2><\/h2>\n<h2><span style=\"color: #000080;\"><a class=\"dt-pswp-item\" href=\"https:\/\/www.radiopiu.net\/wordpress\/wp-content\/uploads\/2020\/07\/a8a8cbd6-9ca3-4f14-9e6a-43069c08cd84.jpg\" data-dt-img-description=\"\" data-large_image_width=\"960\" data-large_image_height=\"720\"><img loading=\"lazy\" decoding=\"async\" class=\"wp-image-151434 alignleft\" src=\"https:\/\/www.radiopiu.net\/wordpress\/wp-content\/uploads\/2020\/07\/a8a8cbd6-9ca3-4f14-9e6a-43069c08cd84-300x225.jpg\" alt=\"\" width=\"213\" height=\"160\" srcset=\"https:\/\/www.radiopiu.net\/wordpress\/wp-content\/uploads\/2020\/07\/a8a8cbd6-9ca3-4f14-9e6a-43069c08cd84-300x225.jpg 300w, https:\/\/www.radiopiu.net\/wordpress\/wp-content\/uploads\/2020\/07\/a8a8cbd6-9ca3-4f14-9e6a-43069c08cd84-768x576.jpg 768w, https:\/\/www.radiopiu.net\/wordpress\/wp-content\/uploads\/2020\/07\/a8a8cbd6-9ca3-4f14-9e6a-43069c08cd84.jpg 960w\" sizes=\"auto, (max-width: 213px) 100vw, 213px\" \/><\/a><\/span><\/h2>\n<h2><\/h2>\n<h2><span style=\"color: #000080;\">DON CESARE, IL PENSIERO DEL GIORNO. ALLA RADIO ALLE 7 DEL MATTINO E ALLE 19.30 DELLA SERA.\u00a0\u00a0<\/span><\/h2>\n<p>&nbsp;<\/p>\n<p>&nbsp;<\/p>\n<p>&nbsp;<\/p>\n<p>&nbsp;<\/p>\n<hr \/>\n<p>&nbsp;<\/p>\n<h2>IERI ALLA RADIO<\/h2>\n<h2><span style=\"color: #ff0000;\">DUE MINUTI UN LIBRO<\/span><\/h2>\n<p>&nbsp;<\/p>\n<blockquote class=\"wp-embedded-content\" data-secret=\"RDFCav5y0Z\"><p><a href=\"https:\/\/www.radiopiu.net\/wordpress\/i-diavoli\/\">I DIAVOLI<\/a><\/p><\/blockquote>\n<p><iframe loading=\"lazy\" class=\"wp-embedded-content\" sandbox=\"allow-scripts\" security=\"restricted\" style=\"position: absolute; clip: rect(1px, 1px, 1px, 1px);\" title=\"&#8220;I DIAVOLI&#8221; &#8212; Radio Pi\u00f9\" src=\"https:\/\/www.radiopiu.net\/wordpress\/i-diavoli\/embed\/#?secret=RDFCav5y0Z\" data-secret=\"RDFCav5y0Z\" width=\"600\" height=\"338\" frameborder=\"0\" marginwidth=\"0\" marginheight=\"0\" scrolling=\"no\"><\/iframe><\/p>\n<hr \/>\n<p>&nbsp;<\/p>\n<h2>LA RACCOLTA COMPLETA<\/h2>\n<blockquote class=\"wp-embedded-content\" data-secret=\"oc008gRX2M\"><p><a href=\"https:\/\/www.radiopiu.net\/wordpress\/due-minuti-un-libro\/\">Due minuti un libro<\/a><\/p><\/blockquote>\n<p><iframe loading=\"lazy\" class=\"wp-embedded-content\" sandbox=\"allow-scripts\" security=\"restricted\" style=\"position: absolute; clip: rect(1px, 1px, 1px, 1px);\" title=\"&#8220;Due minuti un libro&#8221; &#8212; Radio Pi\u00f9\" src=\"https:\/\/www.radiopiu.net\/wordpress\/due-minuti-un-libro\/embed\/#?secret=oc008gRX2M\" data-secret=\"oc008gRX2M\" width=\"600\" height=\"338\" frameborder=\"0\" marginwidth=\"0\" marginheight=\"0\" scrolling=\"no\"><\/iframe><\/p>\n<p>&nbsp;<\/p>\n<p>&nbsp;<\/p>\n<hr \/>\n<p>&nbsp;<\/p>\n<p>&nbsp;<\/p>\n<div>\n<h2><span style=\"color: #33cccc;\">I RACCONTI DI PAOLO SOPPELSA il lunedi alle 9.30 e 18.30<\/span><\/h2>\n<h2><span style=\"color: #33cccc;\"><strong>LA RACCOLTA COMPLETA<\/strong><\/span><\/h2>\n<blockquote class=\"wp-embedded-content\" data-secret=\"58TMbNTKw0\"><p><a href=\"https:\/\/www.radiopiu.net\/wordpress\/i-racconti-di-paolo-soppelsa\/\">I racconti di Paolo Soppelsa<\/a><\/p><\/blockquote>\n<p><iframe loading=\"lazy\" class=\"wp-embedded-content\" sandbox=\"allow-scripts\" security=\"restricted\" style=\"position: absolute; clip: rect(1px, 1px, 1px, 1px);\" title=\"&#8220;I racconti di Paolo Soppelsa&#8221; &#8212; Radio Pi\u00f9\" src=\"https:\/\/www.radiopiu.net\/wordpress\/i-racconti-di-paolo-soppelsa\/embed\/#?secret=58TMbNTKw0\" data-secret=\"58TMbNTKw0\" width=\"600\" height=\"338\" frameborder=\"0\" marginwidth=\"0\" marginheight=\"0\" scrolling=\"no\"><\/iframe><\/p>\n<p>&nbsp;<\/p>\n<hr \/>\n<p>&nbsp;<\/p>\n<p><a class=\"dt-pswp-item\" href=\"https:\/\/www.radiopiu.net\/wordpress\/wp-content\/uploads\/2018\/09\/viabilita.jpeg\" data-dt-img-description=\"\" data-large_image_width=\"800\" data-large_image_height=\"100\"><img loading=\"lazy\" decoding=\"async\" class=\"aligncenter wp-image-61954 size-full\" src=\"https:\/\/www.radiopiu.net\/wordpress\/wp-content\/uploads\/2018\/09\/viabilita.jpeg\" alt=\"\" width=\"800\" height=\"100\" srcset=\"https:\/\/www.radiopiu.net\/wordpress\/wp-content\/uploads\/2018\/09\/viabilita.jpeg 800w, https:\/\/www.radiopiu.net\/wordpress\/wp-content\/uploads\/2018\/09\/viabilita-300x38.jpeg 300w, https:\/\/www.radiopiu.net\/wordpress\/wp-content\/uploads\/2018\/09\/viabilita-768x96.jpeg 768w\" sizes=\"auto, (max-width: 800px) 100vw, 800px\" \/><\/a><\/p>\n<\/div>\n<p><strong>SP 7 DI ZOPPE&#8217; <\/strong>fino al 25 settembre, esclusi sabato e domenica, dalle 7:30 alle 12 e dalle 13 alle 17:30, temporanee interruzioni al traffico della durata massima di 30 minuti in comune di Val Di Zoldo per rifacimento rete idrica e fognaria<\/p>\n<p><strong>SR 203 AGORDINA<\/strong>\u00a0 fino\u00a0 al 16 settembre, dalle 19 alle 6, senso unico alternato regolato da movieri alla galleria di Listolade a Taibon Agordino per asfaltatura<\/p>\n<p><strong>SP 30 PANORAMICA DEL COMELICO<\/strong> fino al 2 ottobre, esclusi sabati e domeniche, interdizione totale alla viabilit\u00e0 in entrambi i sensi di marcia tra Costa e Costalissoi per messa in sicurezza strada<\/p>\n<p><strong>SP 641 PASSO FEDAIA<\/strong> A\u00a0 Capanna Bill e\u00a0 a Col di Rocca\u00a0 fino al\u00a0 30 settembre senso unico alternato regolato da semaforo.<\/p>\n<p><strong>REGIONALE 203 AGORDINA<\/strong> Fino al 30 settembre (sabato e domenica esclusi) tra Candaten e La Stanga dalle 7.30 alle 9 e dalle 16.30 alle 18 con movieri e negli altri orari con semaforo, senso unico alternato.<\/p>\n<div>\n<p><strong>SR 48 DELLE DOLOMITI<\/strong> FINO\u00a0 AL 30 SETTEMBRE, DALLE 7 ALLE 17, ESCLUSI SABATO E DOMENICA, SALTUARIA ISTITUZIONE DI SENSO UNICO ALTERNATO REGOLATO DA MOVIERI PER PERIODI CONTINUATIVI NON SUPERIORI A 10 MINUTI NEI COMUNI DI CORTINA ED AURONZO DI CADORE PER CARICO SCARICO MATERIALI NECESSARI PER LA POSA DELL&#8217;ELTRODOTTO INTERRATO<\/p>\n<p><strong>SR 48 DELLE DOLOMITI<\/strong>\u00a0 Fino al 30 settembre in localit\u00e0 Pocol (Cortina) senso unico alternato, esclusi sabato e domenica<\/p>\n<p><strong>SR 48 DELLE DOLOMITI<\/strong>\u00a0 Fino al 9 ottobre senso unico alternato in localit\u00e0 Cernadoi, escluso sabato e domeniche<\/p>\n<p><strong>SR 48 DELLE DOLOMITI<\/strong> Fino\u00a0 al 30 settembre esclusi sabato e domenica senso unico alternato tra Cernadoi e Pian Falzarego<\/p>\n<p><strong>SP 7 DI ZOPPE&#8217; DI CADORE,<\/strong> SENSO UNICO ALTERNATO REGOLATO DA MOVIERI CON BREVI INTERRUZIONI DI MASSIMO 10 MINUTI FINO\u00a0 AL 18 SETTEMBRE, DALLE 7:30 ALLE 17:30 ESCLUSI SABATI, DOMENICHE E FESTIVI INFRASETTIMANALI, PER MESSA IN SICUREZZA DELLA SEDE STRADALE<\/p>\n<p><strong>SP 1 MADONNA DEL PIAVE<\/strong>\u00a0fino a revoca, senso unico alternato regolato da semaforo in localit\u00e0 Caorera di Quero Vas per lavori di messa in sicurezza piano viabile<\/p>\n<p>&nbsp;<\/p>\n<p>&nbsp;<\/p>\n<p class=\"photoswipe-wrapper\"><a class=\"dt-pswp-item pspw-wrap-ready\" href=\"https:\/\/i0.wp.com\/www.radiopiu.net\/wordpress\/wp-content\/uploads\/2018\/09\/WhatsApp-Image-2018-09-20-at-16.04.06.jpeg?ssl=1\" data-dt-img-description=\"\" data-large_image_width=\"800\" data-large_image_height=\"100\"><img loading=\"lazy\" decoding=\"async\" class=\"aligncenter wp-image-61378 size-full jetpack-lazy-image jetpack-lazy-image--handled\" src=\"https:\/\/i0.wp.com\/www.radiopiu.net\/wordpress\/wp-content\/uploads\/2018\/09\/WhatsApp-Image-2018-09-20-at-16.04.06.jpeg?resize=800%2C100&amp;ssl=1\" sizes=\"auto, (max-width: 800px) 100vw, 800px\" srcset=\"https:\/\/i0.wp.com\/www.radiopiu.net\/wordpress\/wp-content\/uploads\/2018\/09\/WhatsApp-Image-2018-09-20-at-16.04.06.jpeg?w=800&amp;ssl=1 800w, https:\/\/i0.wp.com\/www.radiopiu.net\/wordpress\/wp-content\/uploads\/2018\/09\/WhatsApp-Image-2018-09-20-at-16.04.06.jpeg?resize=300%2C38&amp;ssl=1 300w, https:\/\/i0.wp.com\/www.radiopiu.net\/wordpress\/wp-content\/uploads\/2018\/09\/WhatsApp-Image-2018-09-20-at-16.04.06.jpeg?resize=768%2C96&amp;ssl=1 768w\" alt=\"\" width=\"800\" height=\"100\" data-lazy-loaded=\"1\" \/><\/a><\/p>\n<\/div>\n<p>&nbsp;<\/p>\n<p><strong>mercoled\u00ec 16.<\/strong> Ben soleggiato con cielo perlopi\u00f9 sereno fino alle ore centrali. In seguito riduzione del soleggiamento per attivit\u00e0 cumuliforme irregolare, localmente abbastanza sviluppata per dar luogo a qualche sporadico fenomeno convettivo. Clima diurno un po&#8217; meno caldo nelle valli e minore mitezza in quota. Precipitazioni. Assenti fino a met\u00e0 pomeriggio (0%), in seguito probabilit\u00e0 medio-bassa di sporadici piovaschi sulle Dolomiti confinanti con il Trentino e l&#8217;alto Adige (20\/30%), mentre il rischio di fenomeni sar\u00e0 minore sulle Prealpi (10\/20%) e limitato a rari fenomeni<br \/>\ndolomitici in grado di traboccare verso sud. Temperature. Minime pressoch\u00e9 stazionarie e massime in leggera flessione ma ancora superiori alla norma a tutte le quote. Sono previste massime di 25\/26\u00b0C in Valbelluna e altri fondovalle prealpini<br \/>\ne di 21\/23\u00b0C a 1000\/1200 m. Su Prealpi a 1500 m min 12\u00b0C max 17\u00b0C, a 2000 m min 11\u00b0C max 13\u00b0C. Su Dolomiti a 2000 m min 10\u00b0C max 14\u00b0C, a 3000 m min 5\u00b0C max 6\u00b0C. Venti. Nelle valli deboli a regime di brezza, localmente e a tratti moderati su alcuni settori; in quota deboli\/moderati da nord-est, a 5-10 km\/h a 2000 m e 15-20 km\/h a 3000 m.<\/p>\n<p><strong>gioved\u00ec 17.<\/strong> Al mattino tempo in prevalenza soleggiato, salvo presenza di stratocumuli a ridosso di alcuni rilievi. Al pomeriggio attivit\u00e0 cumuliforme irregolare con qualche isolato fenomeno convettivo. Clima ancora mite in quota e relativamente caldo nelle valli. Precipitazioni. Assenti fino al primo pomeriggio (0%), in seguito non si potr\u00e0 escludere del tutto qualche isolato piovasco, anche se la<br \/>\nprobabilit\u00e0 sar\u00e0 piuttosto bassa (30\/40%) perlopi\u00f9 limitata ai settori confinanti con il Trentino e l&#8217;Alto Adige, mentre il rischio di fenomeni sar\u00e0 minore altrove, specie sulle Prealpi (10\/20%). Su quest&#8217;ultime, in caso di fenomeno, potrebbe verificarsi un&#8217;eventuale singolo temporale. Temperature. In generale lieve calo, salvo stazionariet\u00e0 delle minime in quota. Sono previste massime di 24\/25\u00b0C in Valbelluna e di 20\/22\u00b0C a 1000\/1200 m. Su Prealpi a 1500 m min 12\u00b0C max 16\u00b0C, a 2000 m min 11\u00b0C max 13\u00b0C. Su Dolomiti a 2000 m min 10\u00b0C max 14\u00b0C, a 3000 m min 4\u00b0C max 5\u00b0C. Venti. Deboli a regime di brezza nelle valli; moderati da nord-est in quota, al mattino anche tesi sulle cime pi\u00f9 alte e localmente sulle dorsali prealpine, a 10-20 km\/h a 2000 m e 25-30 km\/h a 3000 m.<\/p>\n<p><strong>venerd\u00ec 18.<\/strong> Tempo stabile con sole e cielo perlopi\u00f9 sereno, salvo modesti cumuli durante le ore pomeridiane e nubi basse serali sulla fascia prealpina. Non escluse locali nebbie mattutine su alcuni settori della Valbelluna e localmente anche sugli altopiani prealpini. Temperature minime in calo, massime in ripresa in quota e in diminuzione nei fondovalle prealpini. Venti deboli a regime di brezza nelle valli, deboli da nord nord-est in quota.<\/p>\n<p><strong>sabato 19<\/strong>. Tempo stabile con sole e cielo perlopi\u00f9 sereno. Aria tersa ed ottima visibilit\u00e0 in alta montagna. Non escluse locali nebbie mattutine su alcuni settori della Valbelluna e localmente sugli altopiani prealpini. Temperature in generale lieve rialzo, eccetto lieve calo delle minime nelle valli. Venti perlopi\u00f9 deboli o localmente e a tratti moderati per brezze nelle valli, deboli\/moderati dai quadranti settentrionali in quota.<br \/>\nPrevisore: R.L.Th.<\/p>\n<p>&nbsp;<\/p>\n<p><a class=\"dt-pswp-item\" href=\"https:\/\/www.radiopiu.net\/wordpress\/wp-content\/uploads\/2018\/09\/sport.jpg\" data-dt-img-description=\"\" data-large_image_width=\"800\" data-large_image_height=\"100\"><img loading=\"lazy\" decoding=\"async\" class=\"alignnone wp-image-60761 size-full\" src=\"https:\/\/www.radiopiu.net\/wordpress\/wp-content\/uploads\/2018\/09\/sport.jpg\" alt=\"\" width=\"800\" height=\"100\" srcset=\"https:\/\/www.radiopiu.net\/wordpress\/wp-content\/uploads\/2018\/09\/sport.jpg 800w, https:\/\/www.radiopiu.net\/wordpress\/wp-content\/uploads\/2018\/09\/sport-300x38.jpg 300w, https:\/\/www.radiopiu.net\/wordpress\/wp-content\/uploads\/2018\/09\/sport-768x96.jpg 768w\" sizes=\"auto, (max-width: 800px) 100vw, 800px\" \/><\/a><\/p>\n<p>&nbsp;<\/p>\n<blockquote>\n<h3>TORNA IN CAMPO L&#8217;ALLEGHE HOCKEY, QUESTA SERA<\/h3>\n<\/blockquote>\n<p><strong>ALLEGHE\u00a0 <\/strong>Alle 20:30, allo Stadio Alvise de Toni di Alleghe si giocher\u00e0 l\u2019amichevole tra l\u2019Alleghe Hockey ed il Val di Fiemme. Prima uscita ufficiale dunque per la squadra di Juhani Matikainen in vista dell\u2019inizio della stagione 2020\/21 della Italian Hockey League. Con tutte le conferme del roster ed i nuovi innesti c\u2019\u00e8 grande attesa per vedere finalmente sul ghiaccio un Alleghe che vuole uscire con coraggio e positivit\u00e0 dalla quarantena. Per le norme Covid la capienza dello stadio \u00e8 limitata a 200 spettatori, si ricorda al pubblico di presentarsi alla cassa muniti di mascherina.<\/p>\n<p>&nbsp;<\/p>\n<p>&nbsp;<\/p>\n<p>&nbsp;<\/p>\n<hr \/>\n<blockquote>\n<h3>PRESCIISTICA IN PISCINA A PALESTRA CON ALBERTO VIDALE<\/h3>\n<\/blockquote>\n<p><strong>AGORDO\u00a0<\/strong> Dal 22 settembre al 15 dicembre al palazzetto dello sport di Agordo sar\u00e0 attivo un corso di presciistica (tutti i martedi dalle 19 alle 20) con istruttore Alberto Vidale, dottore in scienze motorie. Informazioni ed iscrizioni alla segreteria, telefono 0437 62406<\/p>\n<p>&nbsp;<\/p>\n<hr \/>\n<p>&nbsp;<\/p>\n<blockquote>\n<h3>ANCHE DA BELLUNO I PROSSIMI ALLENATORI DI FOOTBALL AMERICANO<\/h3>\n<\/blockquote>\n<p><strong>BELLUNO<\/strong> Il Csi di Belluno organizza il corso di primo livello per allenatori di Football Americano. Da sabato 26 settembre convegni, lezioni tecniche, corso di primo soccorso e test finale. Per il programma tenico prevista la presenza dei relatori Mario Pironti e Massimiliano Delfino.<\/p>\n<p>&nbsp;<\/p>\n<hr \/>\n<p>&nbsp;<\/p>\n<blockquote>\n<h3>CAMPIONATI DI CALCIO, LE RIUNIONI DEL CSI<\/h3>\n<\/blockquote>\n<p>Questa sera alle 20.15 alla Pizzeria Parco di Limana riunione per la\u00a0 definizione del campionato\u00a0 di calcio a 11 over 2020-2021. Al fine di evitare assembramenti sar\u00e0 ammesso di partecipare un solo rappresentante per societ\u00e0.<\/p>\n<p>&nbsp;<\/p>\n","protected":false},"excerpt":{"rendered":"<p>PER RICEVERE QUESTO NOTIZIARIO DIRETTAMENTE SUL TUO CELLULARE ISCRIVITI AL CANALE TELEGRAM \u201cRADIO PIU\u00a0 INFORMAZIONE&#8221; ATTENZIONE: LA NUOVA APP PER IOS-IPHONE https:\/\/apps.apple.com\/it\/app\/radio-pi%C3%B9-emittente-agordina\/id1515939845 ATTENZIONE: LA NUOVA APP RADIO\u00a0 PER ANDROID https:\/\/play.google.com\/store\/apps\/details?id=net.radiopiu.iniko &nbsp; &nbsp; PROVINCIALE 29 COL FALCON, PONTE SERRA-FALIER (Sovramonte): fino al 23 settembre (sabato e domenica escluso) dalle 8 alle 18 divieto di transito ai&hellip;<\/p>\n","protected":false},"author":4,"featured_media":160811,"comment_status":"closed","ping_status":"closed","sticky":false,"template":"","format":"standard","meta":{"_monsterinsights_skip_tracking":false,"_monsterinsights_sitenote_active":false,"_monsterinsights_sitenote_note":"","_monsterinsights_sitenote_category":0,"footnotes":""},"categories":[1,86,49],"tags":[],"class_list":["post-160748","post","type-post","status-publish","format-standard","has-post-thumbnail","hentry","category-senza-categoria","category-gr","category-news-18","category-1","category-86","category-49","description-off"],"img_url":"https:\/\/www.radiopiu.net\/wordpress\/wp-content\/uploads\/2020\/09\/84f51d0f-ffe3-45c9-ba30-0b87f8f1f2d0.jpg","_links":{"self":[{"href":"https:\/\/www.radiopiu.net\/wordpress\/wp-json\/wp\/v2\/posts\/160748","targetHints":{"allow":["GET"]}}],"collection":[{"href":"https:\/\/www.radiopiu.net\/wordpress\/wp-json\/wp\/v2\/posts"}],"about":[{"href":"https:\/\/www.radiopiu.net\/wordpress\/wp-json\/wp\/v2\/types\/post"}],"author":[{"embeddable":true,"href":"https:\/\/www.radiopiu.net\/wordpress\/wp-json\/wp\/v2\/users\/4"}],"replies":[{"embeddable":true,"href":"https:\/\/www.radiopiu.net\/wordpress\/wp-json\/wp\/v2\/comments?post=160748"}],"version-history":[{"count":0,"href":"https:\/\/www.radiopiu.net\/wordpress\/wp-json\/wp\/v2\/posts\/160748\/revisions"}],"wp:featuredmedia":[{"embeddable":true,"href":"https:\/\/www.radiopiu.net\/wordpress\/wp-json\/wp\/v2\/media\/160811"}],"wp:attachment":[{"href":"https:\/\/www.radiopiu.net\/wordpress\/wp-json\/wp\/v2\/media?parent=160748"}],"wp:term":[{"taxonomy":"category","embeddable":true,"href":"https:\/\/www.radiopiu.net\/wordpress\/wp-json\/wp\/v2\/categories?post=160748"},{"taxonomy":"post_tag","embeddable":true,"href":"https:\/\/www.radiopiu.net\/wordpress\/wp-json\/wp\/v2\/tags?post=160748"}],"curies":[{"name":"wp","href":"https:\/\/api.w.org\/{rel}","templated":true}]}}