{"id":160870,"date":"2020-09-16T23:59:54","date_gmt":"2020-09-16T21:59:54","guid":{"rendered":"https:\/\/www.radiopiu.net\/wordpress\/?p=160870"},"modified":"2020-09-16T10:30:31","modified_gmt":"2020-09-16T08:30:31","slug":"domenica-inizia-il-campionato-di-seconda-categoria-per-lagordina","status":"publish","type":"post","link":"https:\/\/www.radiopiu.net\/wordpress\/domenica-inizia-il-campionato-di-seconda-categoria-per-lagordina\/","title":{"rendered":"DOMENICA INIZIA IL CAMPIONATO DI SECONDA CATEGORIA PER L&#8217;AGORDINA"},"content":{"rendered":"<p><strong><a class=\"dt-pswp-item\" href=\"https:\/\/www.radiopiu.net\/wordpress\/wp-content\/uploads\/2020\/05\/CALCIO-2020.jpg\" data-dt-img-description=\"\" data-large_image_width=\"1920\" data-large_image_height=\"1059\"><img loading=\"lazy\" decoding=\"async\" class=\"size-medium wp-image-135669 alignleft\" src=\"https:\/\/www.radiopiu.net\/wordpress\/wp-content\/uploads\/2020\/05\/CALCIO-2020-300x165.jpg\" alt=\"\" width=\"300\" height=\"165\" srcset=\"https:\/\/www.radiopiu.net\/wordpress\/wp-content\/uploads\/2020\/05\/CALCIO-2020-300x165.jpg 300w, https:\/\/www.radiopiu.net\/wordpress\/wp-content\/uploads\/2020\/05\/CALCIO-2020-1024x565.jpg 1024w, https:\/\/www.radiopiu.net\/wordpress\/wp-content\/uploads\/2020\/05\/CALCIO-2020-768x424.jpg 768w, https:\/\/www.radiopiu.net\/wordpress\/wp-content\/uploads\/2020\/05\/CALCIO-2020-1536x847.jpg 1536w, https:\/\/www.radiopiu.net\/wordpress\/wp-content\/uploads\/2020\/05\/CALCIO-2020.jpg 1920w\" sizes=\"auto, (max-width: 300px) 100vw, 300px\" \/><\/a>AGORDO<\/strong> Tutto \u00e8 pronto allo stadio &#8220;Ivano Dorigo&#8221; di Agordo per la prima vera partita stagionale dell&#8217;Agordina Calcio. La squadra di Marco Lorenzi, dopo il rinvio della prima giornata a data da destinarsi, \u00e8 pronta per iniziare la stagione vera e propria ripartendo dal campionato regionale di Seconda Categoria. Si giocher\u00e0 ogni domenica pomeriggio fino al 2 maggio 2021. Due le soste previste in calendario. Quella natalizia dal 20 dicembre al 17 gennaio, quasi un mese di stop. L&#8217;altra pausa del campionato per il weekend di Pasqua, dal 28 marzo a l&#8217;11 aprile 2021. Stagione regolare che come gi\u00e0 detto terminer\u00e0 il 2 maggio e poi, nel caso di qualificazione, partiranno i playoff e i playout. Domenica quindi la prima partita per la squadra di Agordo che giocher\u00e0 in casa contro il Tambre alle 15:30. Radio Pi\u00f9 seguir\u00e0 in diretta le partite dell&#8217;Agordina all&#8217;interno di &#8220;Domenica Pi\u00f9 Sport&#8221; con collegamenti dal campo.<\/p>\n<p><strong>IL CALENDARIO DELLA SECONDA CATEGORIA GIRONE R<\/strong><\/p>\n<p><a class=\"dt-pswp-item\" href=\"https:\/\/www.radiopiu.net\/wordpress\/wp-content\/uploads\/2020\/09\/CALENDARIO-SECONDA-R-20-21.png\" data-dt-img-description=\"\" data-large_image_width=\"2530\" data-large_image_height=\"1786\"><img loading=\"lazy\" decoding=\"async\" class=\"aligncenter wp-image-160871 size-large\" src=\"https:\/\/www.radiopiu.net\/wordpress\/wp-content\/uploads\/2020\/09\/CALENDARIO-SECONDA-R-20-21-1024x723.png\" alt=\"\" width=\"1024\" height=\"723\" srcset=\"https:\/\/www.radiopiu.net\/wordpress\/wp-content\/uploads\/2020\/09\/CALENDARIO-SECONDA-R-20-21-1024x723.png 1024w, https:\/\/www.radiopiu.net\/wordpress\/wp-content\/uploads\/2020\/09\/CALENDARIO-SECONDA-R-20-21-300x212.png 300w, https:\/\/www.radiopiu.net\/wordpress\/wp-content\/uploads\/2020\/09\/CALENDARIO-SECONDA-R-20-21-768x542.png 768w, https:\/\/www.radiopiu.net\/wordpress\/wp-content\/uploads\/2020\/09\/CALENDARIO-SECONDA-R-20-21-1536x1084.png 1536w, https:\/\/www.radiopiu.net\/wordpress\/wp-content\/uploads\/2020\/09\/CALENDARIO-SECONDA-R-20-21-2048x1446.png 2048w, https:\/\/www.radiopiu.net\/wordpress\/wp-content\/uploads\/2020\/09\/CALENDARIO-SECONDA-R-20-21-640x452.png 640w\" sizes=\"auto, (max-width: 1024px) 100vw, 1024px\" \/><\/a><\/p>\n","protected":false},"excerpt":{"rendered":"<p>AGORDO Tutto \u00e8 pronto allo stadio &#8220;Ivano Dorigo&#8221; di Agordo per la prima vera partita stagionale dell&#8217;Agordina Calcio. La squadra di Marco Lorenzi, dopo il rinvio della prima giornata a data da destinarsi, \u00e8 pronta per iniziare la stagione vera e propria ripartendo dal campionato regionale di Seconda Categoria. Si giocher\u00e0 ogni domenica pomeriggio fino&hellip;<\/p>\n","protected":false},"author":4,"featured_media":135669,"comment_status":"closed","ping_status":"closed","sticky":false,"template":"","format":"standard","meta":{"_monsterinsights_skip_tracking":false,"_monsterinsights_sitenote_active":false,"_monsterinsights_sitenote_note":"","_monsterinsights_sitenote_category":0,"footnotes":""},"categories":[49,72],"tags":[],"class_list":["post-160870","post","type-post","status-publish","format-standard","has-post-thumbnail","hentry","category-news-18","category-sport","category-49","category-72","description-off"],"img_url":"https:\/\/www.radiopiu.net\/wordpress\/wp-content\/uploads\/2020\/05\/CALCIO-2020.jpg","_links":{"self":[{"href":"https:\/\/www.radiopiu.net\/wordpress\/wp-json\/wp\/v2\/posts\/160870","targetHints":{"allow":["GET"]}}],"collection":[{"href":"https:\/\/www.radiopiu.net\/wordpress\/wp-json\/wp\/v2\/posts"}],"about":[{"href":"https:\/\/www.radiopiu.net\/wordpress\/wp-json\/wp\/v2\/types\/post"}],"author":[{"embeddable":true,"href":"https:\/\/www.radiopiu.net\/wordpress\/wp-json\/wp\/v2\/users\/4"}],"replies":[{"embeddable":true,"href":"https:\/\/www.radiopiu.net\/wordpress\/wp-json\/wp\/v2\/comments?post=160870"}],"version-history":[{"count":0,"href":"https:\/\/www.radiopiu.net\/wordpress\/wp-json\/wp\/v2\/posts\/160870\/revisions"}],"wp:featuredmedia":[{"embeddable":true,"href":"https:\/\/www.radiopiu.net\/wordpress\/wp-json\/wp\/v2\/media\/135669"}],"wp:attachment":[{"href":"https:\/\/www.radiopiu.net\/wordpress\/wp-json\/wp\/v2\/media?parent=160870"}],"wp:term":[{"taxonomy":"category","embeddable":true,"href":"https:\/\/www.radiopiu.net\/wordpress\/wp-json\/wp\/v2\/categories?post=160870"},{"taxonomy":"post_tag","embeddable":true,"href":"https:\/\/www.radiopiu.net\/wordpress\/wp-json\/wp\/v2\/tags?post=160870"}],"curies":[{"name":"wp","href":"https:\/\/api.w.org\/{rel}","templated":true}]}}