{"id":160938,"date":"2020-09-16T23:59:54","date_gmt":"2020-09-16T21:59:54","guid":{"rendered":"https:\/\/www.radiopiu.net\/wordpress\/?p=160938"},"modified":"2020-09-16T17:12:31","modified_gmt":"2020-09-16T15:12:31","slug":"liniziativa-fai-i-luoghi-del-cuore-in-tanti-mobilitati-a-casamazzagno-di-renato-bona","status":"publish","type":"post","link":"https:\/\/www.radiopiu.net\/wordpress\/liniziativa-fai-i-luoghi-del-cuore-in-tanti-mobilitati-a-casamazzagno-di-renato-bona\/","title":{"rendered":"L\u2019INIZIATIVA FAI \u201cI LUOGHI DEL CUORE\u201d: IN TANTI MOBILITATI A CASAMAZZAGNO di Renato Bona"},"content":{"rendered":"<p><strong><a class=\"dt-pswp-item\" href=\"https:\/\/www.radiopiu.net\/wordpress\/wp-content\/uploads\/2019\/08\/553085_385905871470280_1626001170_n-1.jpg\" data-dt-img-description=\"\" data-large_image_width=\"855\" data-large_image_height=\"569\"><img loading=\"lazy\" decoding=\"async\" class=\" wp-image-94594 alignleft\" src=\"https:\/\/www.radiopiu.net\/wordpress\/wp-content\/uploads\/2019\/08\/553085_385905871470280_1626001170_n-1-300x200.jpg\" alt=\"\" width=\"131\" height=\"87\" srcset=\"https:\/\/www.radiopiu.net\/wordpress\/wp-content\/uploads\/2019\/08\/553085_385905871470280_1626001170_n-1-300x200.jpg 300w, https:\/\/www.radiopiu.net\/wordpress\/wp-content\/uploads\/2019\/08\/553085_385905871470280_1626001170_n-1-768x511.jpg 768w, https:\/\/www.radiopiu.net\/wordpress\/wp-content\/uploads\/2019\/08\/553085_385905871470280_1626001170_n-1.jpg 855w\" sizes=\"auto, (max-width: 131px) 100vw, 131px\" \/><\/a>di\u00a0Renato\u00a0<\/strong><b>Bona\u00a0<\/b><\/p>\n<p>Jacopo De Pasquale sintetizza mirabilmente a nostro avviso, la storia della chiesa di San Leonardo di Casamazzagno nel comune bellunese di Comelico Superiore quando sul sito diocesano chiesabellunofeltre scrive: \u201cQuasi sospesa su un costone coperto di verde, con il suo caratteristico campanile, la chiesetta non \u00e8 soltanto un luogo di interesse artistico, con un felice inserimento nel paesaggio, ma un silente testimone della vita e della spiritualit\u00e0 di un\u2019intera comunit\u00e0, che ha ravvisato in essa un riferimento fondamentale, al quale tornare nei momenti di sconforto\u2026 Ha accompagnato l\u2019esistenza della gente del luogo, simbolo di fede, ma anche di resistenza alle asperit\u00e0 della vita in montagna che, al di l\u00e0 dell\u2019immagine patinata e di maniera, \u00e8 sempre pi\u00f9 ardua, con servizi sempre pi\u00f9 inadeguati, giovani sempre pi\u00f9 lontani. E, soprattutto, minata da una inveterata negligenza verso chi, eroicamente, decide di rimanere\u201d.<br \/>\nPerch\u00e9 ci occupiamo della chiesa di Casamazzagno? E\u2019 presto detto, sempre con De Pasquale, perch\u00e9: \u201cTestimonianza del valore emblematico di san Leonardo \u00e8 il grande successo della raccolta-voti \u2018I luoghi del cuore\u2019, indetta ogni due anni dal Fai (Fondo Ambiente Italiano). Questa campagna ha lo scopo di far conoscere le bellezze del nostro territorio, ma anche di mettere l\u2019accento su alcuni siti di interesse artistico o naturalistico spesso dimenticati dai pi\u00f9\u201d. Aggiungiamo che la campagna quest\u2019anno prevede una classifica speciale per i luoghi oltre i 600 metri di quota, per poter illustrare la bellezza e al tempo stesso la difficolt\u00e0 del vivere in montagna. Ed un dato certamente significativo \u00e8 rappresentato dal successo che \u2013 prescindendo dai disagi e dalle ansie conseguenza della pandemia Covid 19 \u2013 nell\u2019arco di pochi mesi sono stati registrati online 800 voti che rappresentano un segnale forte dell\u2019interesse che circonda questa chiesa.<br \/>\nEd ecco spiegato perch\u00e9 in Comelico si \u00e8 registrato un movimento di condivisione spontaneo, che vede impegnati con la Chiesa, le istituzioni, varie attivit\u00e0 commerciali e diversi cittadini che si propongono l\u2019obiettivo di superare quota 2.000 voti, per poter essere inseriti fra i luoghi del cuore ammessi a partecipare ad un bando di finanziamento per progetti di valorizzazione e restauro. S\u00ec, perch\u00e9 \u2013 bisogna dirlo \u2013 per la Parrocchia si aprirebbe la possibilit\u00e0 di portare avanti alcuni interventi strutturali all\u2019edificio sacro, ritenuti indifferibili.<br \/>\nIl \u201ccontributo\u201d su Internet di Jacopo De Pasquale si conclude con un appello che si spera possa essere largamente condiviso (ecco come votare: scrivi sulla finestra di ricerca di google \u201cluoghi del cuore\u201d; entra sul sito <a href=\"https:\/\/www.fondoambiente.it\/il-fai\/grandi-campagne\/i-luoghi-del-cuore\/?fbclid=IwAR2B_D7wd_wpWXW2qIhJ-NSEZ4qMvYfFBOFfP6gdSD876IohBrDxaPVe4HE\" target=\"_blank\" rel=\"nofollow noopener noreferrer\" data-lynx-mode=\"hover\" data-lynx-uri=\"https:\/\/l.facebook.com\/l.php?u=https%3A%2F%2Fwww.fondoambiente.it%2Fil-fai%2Fgrandi-campagne%2Fi-luoghi-del-cuore%2F%3Ffbclid%3DIwAR2B_D7wd_wpWXW2qIhJ-NSEZ4qMvYfFBOFfP6gdSD876IohBrDxaPVe4HE&amp;h=AT1NzUr5r_5V3UASxsQd3MNt2nlVriUx3o19zkBmxhHWhqWdb4eyZKIESTvdhnBE_8o56_0VeT-7qxuhAW84C14u23e8Hk39ugGR-r6o_tlkD6qZfCob0Y8sBw7DdYxjGg580wwxvQ8\">https:\/\/www.fondoambiente.it\/il-fai\/grandi-campagne\/i-luoghi-del-cuore\/<\/a>; scrivi sulla barra di ricerca \u201cchiesa di san Leonardo a Casamazzagno\u201d; trova la foto della chiesa; clicca su \u201cvota con un click\u201d; fai il login con il tuo account facebook o crea un account con una mail e una password; ecco fatto\u2026. hai votato! Condividi su whatsapp o facebook la campagna per san Leonardo!): \u201cNon esitiamo e insieme aiutiamo San Leonardo a continuare a vegliare sul Comelico e su tutta la nostra montagna bellunese\u201d.<br \/>\nLa chiesetta di San Leonardo \u00e8 opera di Niccol\u00f2 Ruopel che la costru\u00ec\u201d tra il 1545 ed il 1548, campanile compreso. Il sito fondoambiente.it spiega: \u201c\u2026\u00e8 un importante monumento che rappresenta la memoria storica delle genti di Casamazzagno\u2026 consacrata il 2 luglio 1548, venne costruita nel 1545 dal carnico Nicol\u00f2 Ruopel del Canale di San Canziano, in sostituzione di un antico \u2018altariolo\u2019 che gi\u00e0 esisteva nel 1518. In occasione della ricorrenza dei 400 anni dalla sua consacrazione negli appunti di don Francesco Zanderigo Rosolo si legge \u201cCos\u00ec sul dorso sporgentesi alle brezze della Val Digon e Val Padola, in faccia ai Longiarin, all\u2019Aiarnola, alla fuga di vette del Tudaio, alle Terze, signoreggiantesi, sulla valle come piccolo maniero, sorse la chiesa di San Leonardo. Veramente non potevano scegliere luogo pi\u00f9 suggestivo! Era il punto centrale rispetto alle abitudini sparse allora sui due versanti; pi\u00f9 ancora rispondeva ad un squisito senso estetico e liturgico: non addossata o dispersa tra le case, ma cos\u00ec sospesa tra cielo e terra, \u2018Domus Domini in vertice montium\u2019\u2026 Una chiesa, questa di San Leonardo, che \u00e8 sopravvissuta all&#8217;ingiuria del tempo e che ha conservato la sua dignit\u00e0 e bellezza nonostante i tanti e non sempre felici interventi di restauro e di ampliamento che si sono succeduti nel tempo\u201d. E ricorda: \u201c La realizzazione nel 1774 delle due cappelle laterali nelle quali vennero collocati i due altari preesistenti, che furono poi trasferiti nella nuova chiesa ultimata nel 1870. La costruzione delle due cappelle, oltre a modificare la originaria struttura architettonica, ha comportato la distruzione di parte dei fregi interni e dei contrafforti esterni&#8230; Una chiesa che ha corso il rischio di essere demolita per lasciare il posto al cimitero: davvero provvidenziale e lodevole l&#8217;iniziativa della Fabbriceria che grazie al concorso di molti abitanti riusc\u00ec a raccogliere i fondi necessari per la sua ricostruzione\u2026\u201d.<br \/>\nInfine il sito infodolomiti.it: \u201c\u2026si erge una chiesetta in stile tardo-gotico dedicata a San Leonardo, costruita per opera di Nicol\u00f2 Ruop\u00e8l, realizzatore anche delle chiese di Sant\u2019Antonio Abate di Candide e di Santa Caterina di Auronzo. E\u2019 stata consacrata nel 1548 e il suo penultimo restauro risale al 1897. La struttura attuale si differenzia da quella originaria per due cappelle laterali che sono state aggiunte al complesso nel XVIII secolo. La chiesa si compone di un\u2019unica navata suddivisa in tre campate, di un\u2019abside pentagonale e di un campanile a base quadrata con tetto a piramide e cella campanaria a quattro monofore. La facciata presenta un motivo ad arco a tutto sesto che incornicia il portale ligneo e si ripete anche nella decorazione della porta d\u2019ingresso costituita da archetti intrecciati. Anche all\u2019interno l\u2019elemento dell\u2019arco costituisce dinamismo e regola gli spazi della navata: archi delimitati da paraste in tufo scandiscono gli spazi delle cappelle mentre un arco trionfale introduce al coro\u201d. Quanto alle opere d\u2019arte precisa che \u201cNel 1897, in occasione del penultimo restauro, l\u2019altar maggiore \u00e8 stato arricchito da una tela raffigurante la Madonna di Lourdes, mentre l\u2019altare laterale \u00e8 stato dotato di un dipinto di Ges\u00f9 agonizzante nell\u2019orto degli ulivi, entrambi di artista ignoto\u201d.<\/p>\n\n\t\t\t<style type='text\/css'>\n\t\t\t\t#gallery-1 {\n\t\t\t\t\tmargin: auto;\n\t\t\t\t}\n\t\t\t\t#gallery-1 .gallery-item {\n\t\t\t\t\tfloat: left;\n\t\t\t\t\tmargin-top: 10px;\n\t\t\t\t\ttext-align: center;\n\t\t\t\t\twidth: 25%;\n\t\t\t\t}\n\t\t\t\t#gallery-1 img {\n\t\t\t\t\tborder: 2px solid #cfcfcf;\n\t\t\t\t}\n\t\t\t\t#gallery-1 .gallery-caption {\n\t\t\t\t\tmargin-left: 0;\n\t\t\t\t}\n\t\t\t\t\/* see gallery_shortcode() in wp-includes\/media.php *\/\n\t\t\t<\/style>\n\t\t<div id='gallery-1' class='dt-gallery-container gallery galleryid-160938 gallery-columns-4 gallery-size-thumbnail'><dl class='gallery-item'>\n\t\t\t\t<dt class='gallery-icon landscape'>\n\t\t\t\t\t<a class=\"rollover rollover-zoom dt-pswp-item\" title=\"119652394_2679903715659262_7368456340535515608_n\" data-dt-img-description=\"\" data-large_image_width=\"780\" data-large_image_height=\"522\"href='https:\/\/www.radiopiu.net\/wordpress\/wp-content\/uploads\/2020\/09\/119652394_2679903715659262_7368456340535515608_n.png'><img loading=\"lazy\" decoding=\"async\" width=\"150\" height=\"150\" src=\"https:\/\/www.radiopiu.net\/wordpress\/wp-content\/uploads\/2020\/09\/119652394_2679903715659262_7368456340535515608_n-150x150.png\" class=\"attachment-thumbnail size-thumbnail\" alt=\"\" srcset=\"https:\/\/www.radiopiu.net\/wordpress\/wp-content\/uploads\/2020\/09\/119652394_2679903715659262_7368456340535515608_n-150x150.png 150w, https:\/\/www.radiopiu.net\/wordpress\/wp-content\/uploads\/2020\/09\/119652394_2679903715659262_7368456340535515608_n-125x125.png 125w, https:\/\/www.radiopiu.net\/wordpress\/wp-content\/uploads\/2020\/09\/119652394_2679903715659262_7368456340535515608_n-200x200.png 200w, https:\/\/www.radiopiu.net\/wordpress\/wp-content\/uploads\/2020\/09\/119652394_2679903715659262_7368456340535515608_n-80x80.png 80w\" sizes=\"auto, (max-width: 150px) 100vw, 150px\" \/><\/a>\n\t\t\t\t<\/dt><\/dl><dl class='gallery-item'>\n\t\t\t\t<dt class='gallery-icon landscape'>\n\t\t\t\t\t<a class=\"rollover rollover-zoom dt-pswp-item\" title=\"119647678_984738872042811_133095430839525294_n\" data-dt-img-description=\"\" data-large_image_width=\"269\" data-large_image_height=\"188\"href='https:\/\/www.radiopiu.net\/wordpress\/wp-content\/uploads\/2020\/09\/119647678_984738872042811_133095430839525294_n.jpg'><img loading=\"lazy\" decoding=\"async\" width=\"150\" height=\"150\" src=\"https:\/\/www.radiopiu.net\/wordpress\/wp-content\/uploads\/2020\/09\/119647678_984738872042811_133095430839525294_n-150x150.jpg\" class=\"attachment-thumbnail size-thumbnail\" alt=\"\" srcset=\"https:\/\/www.radiopiu.net\/wordpress\/wp-content\/uploads\/2020\/09\/119647678_984738872042811_133095430839525294_n-150x150.jpg 150w, https:\/\/www.radiopiu.net\/wordpress\/wp-content\/uploads\/2020\/09\/119647678_984738872042811_133095430839525294_n-125x125.jpg 125w, https:\/\/www.radiopiu.net\/wordpress\/wp-content\/uploads\/2020\/09\/119647678_984738872042811_133095430839525294_n-80x80.jpg 80w\" sizes=\"auto, (max-width: 150px) 100vw, 150px\" \/><\/a>\n\t\t\t\t<\/dt><\/dl><dl class='gallery-item'>\n\t\t\t\t<dt class='gallery-icon landscape'>\n\t\t\t\t\t<a class=\"rollover rollover-zoom dt-pswp-item\" title=\"119620468_338959830588705_6319741139526030310_n\" data-dt-img-description=\"\" data-large_image_width=\"200\" data-large_image_height=\"200\"href='https:\/\/www.radiopiu.net\/wordpress\/wp-content\/uploads\/2020\/09\/119620468_338959830588705_6319741139526030310_n.jpg'><img loading=\"lazy\" decoding=\"async\" width=\"150\" height=\"150\" src=\"https:\/\/www.radiopiu.net\/wordpress\/wp-content\/uploads\/2020\/09\/119620468_338959830588705_6319741139526030310_n-150x150.jpg\" class=\"attachment-thumbnail size-thumbnail\" alt=\"\" srcset=\"https:\/\/www.radiopiu.net\/wordpress\/wp-content\/uploads\/2020\/09\/119620468_338959830588705_6319741139526030310_n-150x150.jpg 150w, https:\/\/www.radiopiu.net\/wordpress\/wp-content\/uploads\/2020\/09\/119620468_338959830588705_6319741139526030310_n-125x125.jpg 125w, https:\/\/www.radiopiu.net\/wordpress\/wp-content\/uploads\/2020\/09\/119620468_338959830588705_6319741139526030310_n.jpg 200w, https:\/\/www.radiopiu.net\/wordpress\/wp-content\/uploads\/2020\/09\/119620468_338959830588705_6319741139526030310_n-80x80.jpg 80w\" sizes=\"auto, (max-width: 150px) 100vw, 150px\" \/><\/a>\n\t\t\t\t<\/dt><\/dl><dl class='gallery-item'>\n\t\t\t\t<dt class='gallery-icon landscape'>\n\t\t\t\t\t<a class=\"rollover rollover-zoom dt-pswp-item\" title=\"119701684_261361598279643_6495462454549072449_n\" data-dt-img-description=\"\" data-large_image_width=\"483\" data-large_image_height=\"477\"href='https:\/\/www.radiopiu.net\/wordpress\/wp-content\/uploads\/2020\/09\/119701684_261361598279643_6495462454549072449_n.jpg'><img loading=\"lazy\" decoding=\"async\" width=\"150\" height=\"150\" src=\"https:\/\/www.radiopiu.net\/wordpress\/wp-content\/uploads\/2020\/09\/119701684_261361598279643_6495462454549072449_n-150x150.jpg\" class=\"attachment-thumbnail size-thumbnail\" alt=\"\" srcset=\"https:\/\/www.radiopiu.net\/wordpress\/wp-content\/uploads\/2020\/09\/119701684_261361598279643_6495462454549072449_n-150x150.jpg 150w, https:\/\/www.radiopiu.net\/wordpress\/wp-content\/uploads\/2020\/09\/119701684_261361598279643_6495462454549072449_n-125x125.jpg 125w, https:\/\/www.radiopiu.net\/wordpress\/wp-content\/uploads\/2020\/09\/119701684_261361598279643_6495462454549072449_n-200x200.jpg 200w, https:\/\/www.radiopiu.net\/wordpress\/wp-content\/uploads\/2020\/09\/119701684_261361598279643_6495462454549072449_n-80x80.jpg 80w\" sizes=\"auto, (max-width: 150px) 100vw, 150px\" \/><\/a>\n\t\t\t\t<\/dt><\/dl><br style=\"clear: both\" \/>\n\t\t\t<\/div>\n\n<p>NELLE FOTO (sito chiesabellunofeltre, Andrea Zambelli, Stock Photo): panoramica di Casamazzagno e, in alto, la chiesa di San Leonardo; primo piano di chiesa e campanile; interni; cos\u00ec San Leonardo vecchia.<\/p>\n","protected":false},"excerpt":{"rendered":"<p>di\u00a0Renato\u00a0Bona\u00a0 Jacopo De Pasquale sintetizza mirabilmente a nostro avviso, la storia della chiesa di San Leonardo di Casamazzagno nel comune bellunese di Comelico Superiore quando sul sito diocesano chiesabellunofeltre scrive: \u201cQuasi sospesa su un costone coperto di verde, con il suo caratteristico campanile, la chiesetta non \u00e8 soltanto un luogo di interesse artistico, con un&hellip;<\/p>\n","protected":false},"author":4,"featured_media":160947,"comment_status":"closed","ping_status":"closed","sticky":false,"template":"","format":"standard","meta":{"_monsterinsights_skip_tracking":false,"_monsterinsights_sitenote_active":false,"_monsterinsights_sitenote_note":"","_monsterinsights_sitenote_category":0,"footnotes":""},"categories":[49],"tags":[],"class_list":["post-160938","post","type-post","status-publish","format-standard","has-post-thumbnail","hentry","category-news-18","category-49","description-off"],"img_url":"https:\/\/www.radiopiu.net\/wordpress\/wp-content\/uploads\/2020\/09\/119652394_2679903715659262_7368456340535515608_n.png","_links":{"self":[{"href":"https:\/\/www.radiopiu.net\/wordpress\/wp-json\/wp\/v2\/posts\/160938","targetHints":{"allow":["GET"]}}],"collection":[{"href":"https:\/\/www.radiopiu.net\/wordpress\/wp-json\/wp\/v2\/posts"}],"about":[{"href":"https:\/\/www.radiopiu.net\/wordpress\/wp-json\/wp\/v2\/types\/post"}],"author":[{"embeddable":true,"href":"https:\/\/www.radiopiu.net\/wordpress\/wp-json\/wp\/v2\/users\/4"}],"replies":[{"embeddable":true,"href":"https:\/\/www.radiopiu.net\/wordpress\/wp-json\/wp\/v2\/comments?post=160938"}],"version-history":[{"count":0,"href":"https:\/\/www.radiopiu.net\/wordpress\/wp-json\/wp\/v2\/posts\/160938\/revisions"}],"wp:featuredmedia":[{"embeddable":true,"href":"https:\/\/www.radiopiu.net\/wordpress\/wp-json\/wp\/v2\/media\/160947"}],"wp:attachment":[{"href":"https:\/\/www.radiopiu.net\/wordpress\/wp-json\/wp\/v2\/media?parent=160938"}],"wp:term":[{"taxonomy":"category","embeddable":true,"href":"https:\/\/www.radiopiu.net\/wordpress\/wp-json\/wp\/v2\/categories?post=160938"},{"taxonomy":"post_tag","embeddable":true,"href":"https:\/\/www.radiopiu.net\/wordpress\/wp-json\/wp\/v2\/tags?post=160938"}],"curies":[{"name":"wp","href":"https:\/\/api.w.org\/{rel}","templated":true}]}}