{"id":161071,"date":"2020-09-17T11:34:09","date_gmt":"2020-09-17T09:34:09","guid":{"rendered":"https:\/\/www.radiopiu.net\/wordpress\/?p=161071"},"modified":"2020-09-17T11:34:09","modified_gmt":"2020-09-17T09:34:09","slug":"partita-la-campagna-europea-safety-days","status":"publish","type":"post","link":"https:\/\/www.radiopiu.net\/wordpress\/partita-la-campagna-europea-safety-days\/","title":{"rendered":"PARTITA LA CAMPAGNA EUROPEA SAFETY DAYS"},"content":{"rendered":"<p><strong><a class=\"dt-pswp-item\" href=\"https:\/\/www.radiopiu.net\/wordpress\/wp-content\/uploads\/2018\/09\/POLIZIA-1.jpg\" data-dt-img-description=\"\" data-large_image_width=\"1600\" data-large_image_height=\"1200\"><img loading=\"lazy\" decoding=\"async\" class=\"size-medium wp-image-60258 alignleft\" src=\"https:\/\/www.radiopiu.net\/wordpress\/wp-content\/uploads\/2018\/09\/POLIZIA-1-300x225.jpg\" alt=\"\" width=\"300\" height=\"225\" srcset=\"https:\/\/www.radiopiu.net\/wordpress\/wp-content\/uploads\/2018\/09\/POLIZIA-1-300x225.jpg 300w, https:\/\/www.radiopiu.net\/wordpress\/wp-content\/uploads\/2018\/09\/POLIZIA-1-768x576.jpg 768w, https:\/\/www.radiopiu.net\/wordpress\/wp-content\/uploads\/2018\/09\/POLIZIA-1-1024x768.jpg 1024w, https:\/\/www.radiopiu.net\/wordpress\/wp-content\/uploads\/2018\/09\/POLIZIA-1.jpg 1600w\" sizes=\"auto, (max-width: 300px) 100vw, 300px\" \/><\/a>BELLUNO\u00a0<\/strong>Al via la campagna congiunta di sicurezza stradale &#8220;SAFETY DAYS&#8221; promossa da ROADPOL &#8211; European Roads Policing Network. L&#8217;iniziativa, svolta con il supporto della Commissione Europea, si inserisce nel quadro della &#8220;Settimana Europea della Mobilit\u00e0&#8221; (16\/22 settembre 2020), con lo scopo di ottenere, a livello europeo, una giornata, quella del 16 settembre 2020, a zero vittime sulle strade.\u00a0Ulteriori e collaterali scopi di della campagna ROADPOL &#8220;SAFETY DAYS&#8217; sono quelli di:\u00a0aumentare la consapevolezza sociale sul fenomeno della mortalit\u00e0 ed incidentalit\u00e0 grave sulle strade europee, oggi pi\u00f9 che mai in aumento; <sup>\u00a0<\/sup>richiamare l&#8217;attenzione degli utenti della strada sulla necessit\u00e0 di riallinearsi all&#8217;obiettivo europeo della riduzione del 50% del numero di vittime sulle strade, ormai fuori target per il 2020 ma confermato per il 2030;\u00a0dimostrare che, con un ampio sostegno da parte della collettivit\u00e0, si pu\u00f2 essere in grado di ridurre il numero delle vittime e dei feriti gravi sulle strade europee.\u00a0In occasione di tale operazione la Polizia Stradale predisporr\u00e0 sull&#8217;intero territorio nazionale mirati servizi volti alla riduzione delle principali cause di incidentalit\u00e0, individuabili nella elevata velocit\u00e0, nel mancato utilizzo dei dispositivi di sicurezza, dei sistemi di ritenuta per bambini e del casco protettivo e nell&#8217;uso di telefoni cellulari alla guida (principale fonte di distrazione). <a class=\"dt-pswp-item\" href=\"https:\/\/www.radiopiu.net\/wordpress\/wp-content\/uploads\/2020\/09\/Locandina-DG-MOVE-ROADPOL_POSTER_A3_crops_dc-7-scaled.jpg\" data-dt-img-description=\"\" data-large_image_width=\"1836\" data-large_image_height=\"2560\"><img loading=\"lazy\" decoding=\"async\" class=\" wp-image-161072 alignright\" src=\"https:\/\/www.radiopiu.net\/wordpress\/wp-content\/uploads\/2020\/09\/Locandina-DG-MOVE-ROADPOL_POSTER_A3_crops_dc-7-215x300.jpg\" alt=\"\" width=\"287\" height=\"400\" srcset=\"https:\/\/www.radiopiu.net\/wordpress\/wp-content\/uploads\/2020\/09\/Locandina-DG-MOVE-ROADPOL_POSTER_A3_crops_dc-7-215x300.jpg 215w, https:\/\/www.radiopiu.net\/wordpress\/wp-content\/uploads\/2020\/09\/Locandina-DG-MOVE-ROADPOL_POSTER_A3_crops_dc-7-734x1024.jpg 734w, https:\/\/www.radiopiu.net\/wordpress\/wp-content\/uploads\/2020\/09\/Locandina-DG-MOVE-ROADPOL_POSTER_A3_crops_dc-7-768x1071.jpg 768w, https:\/\/www.radiopiu.net\/wordpress\/wp-content\/uploads\/2020\/09\/Locandina-DG-MOVE-ROADPOL_POSTER_A3_crops_dc-7-1102x1536.jpg 1102w, https:\/\/www.radiopiu.net\/wordpress\/wp-content\/uploads\/2020\/09\/Locandina-DG-MOVE-ROADPOL_POSTER_A3_crops_dc-7-1469x2048.jpg 1469w, https:\/\/www.radiopiu.net\/wordpress\/wp-content\/uploads\/2020\/09\/Locandina-DG-MOVE-ROADPOL_POSTER_A3_crops_dc-7-344x480.jpg 344w, https:\/\/www.radiopiu.net\/wordpress\/wp-content\/uploads\/2020\/09\/Locandina-DG-MOVE-ROADPOL_POSTER_A3_crops_dc-7-scaled.jpg 1836w\" sizes=\"auto, (max-width: 287px) 100vw, 287px\" \/><\/a>L&#8217;iniziativa si accompagner\u00e0 allo svolgimento di attivit\u00e0 di prevenzione e sensibilizzazione rivolte ai cittadini.\u00a0La campagna \u00e8 compiutamente illustrata alla pagina web: www.roadpolsafetydays.eu Tutti coloro che vorranno sostenere la campagna sono invitati a visitare la predetta pagina web ed a fare click sul tasto &#8220;pledge&#8221; (trad. impegno), tramite il quale, ciascun utente della strada, inserendo la propria email ed il proprio nome, sottoscriver\u00e0 formale impegno a rispettare le regole del codice stradale nell&#8217;ottica della riduzione dell&#8217;incidentalit\u00e0 su tutte le strade europee.\u00a0ROADPOL \u00e8 una rete di cooperazione tra le Polizie Stradali, ed opera sotto l&#8217;egida dell&#8217;Unione Europea. Nell&#8217;ambito di tale network europeo, l&#8217;Italia, attualmente ricopre la Presidenza onoraria.\u00a0L&#8217;Organizzazione intende sviluppare una cooperazione operativa tra le Polizie Stradali europee per ridurre il numero di vittime della strada e degli incidenti stradali, in adesione al Piano d&#8217;Azione Europeo 2011-2020, attraverso operazioni internazionali congiunte di contrasto delle violazioni e campagne &#8220;tematiche&#8221; in tutta Europa all&#8217;interno di specifiche aree strategiche.\u00a0L&#8217;obiettivo \u00e8 quello di elevare gli standard di sicurezza stradale, armonizzando l&#8217;attivit\u00e0 di prevenzione, informazione e controllo, anche attraverso campagne di comunicazione e operazioni congiunte i cui risultati vengono poi monitorati dal Gruppo Operativo ROADPOL.<\/p>\n","protected":false},"excerpt":{"rendered":"<p>BELLUNO\u00a0Al via la campagna congiunta di sicurezza stradale &#8220;SAFETY DAYS&#8221; promossa da ROADPOL &#8211; European Roads Policing Network. L&#8217;iniziativa, svolta con il supporto della Commissione Europea, si inserisce nel quadro della &#8220;Settimana Europea della Mobilit\u00e0&#8221; (16\/22 settembre 2020), con lo scopo di ottenere, a livello europeo, una giornata, quella del 16 settembre 2020, a zero&hellip;<\/p>\n","protected":false},"author":4,"featured_media":60258,"comment_status":"closed","ping_status":"closed","sticky":false,"template":"","format":"standard","meta":{"_monsterinsights_skip_tracking":false,"_monsterinsights_sitenote_active":false,"_monsterinsights_sitenote_note":"","_monsterinsights_sitenote_category":0,"footnotes":""},"categories":[49],"tags":[],"class_list":["post-161071","post","type-post","status-publish","format-standard","has-post-thumbnail","hentry","category-news-18","category-49","description-off"],"img_url":"https:\/\/www.radiopiu.net\/wordpress\/wp-content\/uploads\/2018\/09\/POLIZIA-1.jpg","_links":{"self":[{"href":"https:\/\/www.radiopiu.net\/wordpress\/wp-json\/wp\/v2\/posts\/161071","targetHints":{"allow":["GET"]}}],"collection":[{"href":"https:\/\/www.radiopiu.net\/wordpress\/wp-json\/wp\/v2\/posts"}],"about":[{"href":"https:\/\/www.radiopiu.net\/wordpress\/wp-json\/wp\/v2\/types\/post"}],"author":[{"embeddable":true,"href":"https:\/\/www.radiopiu.net\/wordpress\/wp-json\/wp\/v2\/users\/4"}],"replies":[{"embeddable":true,"href":"https:\/\/www.radiopiu.net\/wordpress\/wp-json\/wp\/v2\/comments?post=161071"}],"version-history":[{"count":0,"href":"https:\/\/www.radiopiu.net\/wordpress\/wp-json\/wp\/v2\/posts\/161071\/revisions"}],"wp:featuredmedia":[{"embeddable":true,"href":"https:\/\/www.radiopiu.net\/wordpress\/wp-json\/wp\/v2\/media\/60258"}],"wp:attachment":[{"href":"https:\/\/www.radiopiu.net\/wordpress\/wp-json\/wp\/v2\/media?parent=161071"}],"wp:term":[{"taxonomy":"category","embeddable":true,"href":"https:\/\/www.radiopiu.net\/wordpress\/wp-json\/wp\/v2\/categories?post=161071"},{"taxonomy":"post_tag","embeddable":true,"href":"https:\/\/www.radiopiu.net\/wordpress\/wp-json\/wp\/v2\/tags?post=161071"}],"curies":[{"name":"wp","href":"https:\/\/api.w.org\/{rel}","templated":true}]}}