{"id":161128,"date":"2020-09-17T16:09:11","date_gmt":"2020-09-17T14:09:11","guid":{"rendered":"https:\/\/www.radiopiu.net\/wordpress\/?p=161128"},"modified":"2020-09-17T16:16:56","modified_gmt":"2020-09-17T14:16:56","slug":"e-morto-don-flavio-del-longo","status":"publish","type":"post","link":"https:\/\/www.radiopiu.net\/wordpress\/e-morto-don-flavio-del-longo\/","title":{"rendered":"\u00c8 morto don Flavio Del Longo"},"content":{"rendered":"<blockquote><p><em>Un aspetto particolare del ministero di don Flavio \u2013 ci scrive don Fabiano Del Favero \u2013 \u00e8 stata la grande umanit\u00e0 manifestata verso gli ammalati e gli anziani. Nei suoi anni di ministero a Tai e Nebbi\u00f9 tutte le sere \u2013 dico tutte! \u2013 andava in ospedale a Pieve in visita<\/em><\/p><\/blockquote>\n<p><strong>VALLE DI CADORE\u00a0 <\/strong>Domani alle 14.30 nella chiesa pievanale di Valle di Cadore l&#8217;ultimo saluto a Don Flavio De Longo, deceduto nel pomeriggio di mercoledi in ospedale a Feltre dove era ricoverato da alcuni giorni. Don Flavio Del Longo. Nato a Valle di Cadore il 18 novembre 1932, era stato ordinato presbitero in Cattedrale a Belluno il 3 luglio 1960, assieme a don Attilio Giacobbi, don Sergio Sacco e don Rinaldo Sommacal. Insieme a loro aveva raggiunto i sessant\u2019anni di sacerdozio. Lo ricorda anche l&#8217;Agordino, la parrocchia di Canale d&#8217;Agordo in particolare dove ha concelebrato per un periodo. Negli ultimi anni del suo ministero nelle comunit\u00e0 del Cadore (Nebbi\u00f9 e Tai), Don Flavio ha avuto la gioia di poter accompagnare all\u2019altare due preti, don Fabiano Del Favero nel 2009 e don Alessandro Coletti, ordinato nel 2013, un anno dopo il suo ritiro, ha infatti trascorso gli ultimi anni alla Padre Kolbe di Pedavena.<\/p>\n<p><strong>Don Fabiano Del Favero<\/strong><\/p>\n<blockquote><p><em> \u00abRicordo bene l\u2019espressione di un compagno di ordinazione, un giorno, in Seminario: \u201cGuarda che non siamo mica cresciuti tutti in canonica come te!\u201d. L\u2019espressione a mo\u2019 di battuta penso dica tutto degli anni trascorsi accanto al mio parroco don Flavio: con lui ho iniziato le superiori, con lui son entrato in Seminario, con lui son diventato prete, e lui avevo accanto il 29 settembre 2013, quando sono giunto per la prima volta da parroco qui a Rivamonte. Anche in quell\u2019occasione, pur nella mitezza disarmante del tratto e nella bont\u00e0 d\u2019animo, in modo risoluto ha insistito con il fratello perch\u00e9 lo accompagnasse a vedere dove fossi stato inviato.\u00a0 Se ne and\u00f2 col sorriso, contento di avermi lasciato in ottime mani\u2026l\u2019aveva percepito! Con lui oggi vivo la gioia del suo incontro col Risorto dopo 60 anni di sacerdozio (ricordati insieme ad alcuni fratelli nella Messa nel giorno esatto, il 03 luglio scorso), mentre le lacrime accompagnano questo mio scrivere. Gli aneddoti si rincorrono, gli episodi nei quali mi \u00e8 stato maestro e padre, le battute ed i suoi silenzi talvolta difficili da interpretare\u2026un grande gesuita che \u00e8 stato altrettanto fondamentale nella mia formazione, p. Piersandro Vanzan, che di lui aveva sincera e fraterna stima e con lui si spostava a volte facendo \u201ccoppia\u201d in quel pandino blu che tanto ha sfrecciato su e gi\u00f9 per il Cadore, una volta ebbe a dirmi, lui docente all\u2019universit\u00e0 Gregoriana: \u201cRicorda, Fabiano, che il miglior corso per il tuo essere prete un domani \u00e8 quello col tuo parroco\u201d. Aveva ragione.<\/em><\/p><\/blockquote>\n\n\t\t\t<style type='text\/css'>\n\t\t\t\t#gallery-1 {\n\t\t\t\t\tmargin: auto;\n\t\t\t\t}\n\t\t\t\t#gallery-1 .gallery-item {\n\t\t\t\t\tfloat: left;\n\t\t\t\t\tmargin-top: 10px;\n\t\t\t\t\ttext-align: center;\n\t\t\t\t\twidth: 33%;\n\t\t\t\t}\n\t\t\t\t#gallery-1 img {\n\t\t\t\t\tborder: 2px solid #cfcfcf;\n\t\t\t\t}\n\t\t\t\t#gallery-1 .gallery-caption {\n\t\t\t\t\tmargin-left: 0;\n\t\t\t\t}\n\t\t\t\t\/* see gallery_shortcode() in wp-includes\/media.php *\/\n\t\t\t<\/style>\n\t\t<div id='gallery-1' class='dt-gallery-container gallery galleryid-161128 gallery-columns-3 gallery-size-thumbnail'><dl class='gallery-item'>\n\t\t\t\t<dt class='gallery-icon portrait'>\n\t\t\t\t\t<a class=\"rollover\" href='https:\/\/www.radiopiu.net\/wordpress\/e-morto-don-flavio-del-longo\/cattura-1-2\/'><img loading=\"lazy\" decoding=\"async\" width=\"150\" height=\"150\" src=\"https:\/\/www.radiopiu.net\/wordpress\/wp-content\/uploads\/2020\/09\/Cattura-1-1-150x150.png\" class=\"attachment-thumbnail size-thumbnail\" alt=\"\" srcset=\"https:\/\/www.radiopiu.net\/wordpress\/wp-content\/uploads\/2020\/09\/Cattura-1-1-150x150.png 150w, https:\/\/www.radiopiu.net\/wordpress\/wp-content\/uploads\/2020\/09\/Cattura-1-1-125x125.png 125w, https:\/\/www.radiopiu.net\/wordpress\/wp-content\/uploads\/2020\/09\/Cattura-1-1-200x200.png 200w, https:\/\/www.radiopiu.net\/wordpress\/wp-content\/uploads\/2020\/09\/Cattura-1-1-80x80.png 80w\" sizes=\"auto, (max-width: 150px) 100vw, 150px\" \/><\/a>\n\t\t\t\t<\/dt><\/dl><dl class='gallery-item'>\n\t\t\t\t<dt class='gallery-icon landscape'>\n\t\t\t\t\t<a class=\"rollover\" href='https:\/\/www.radiopiu.net\/wordpress\/e-morto-don-flavio-del-longo\/nel-50esimo-di-ordinazione-04-07-2010-150x150-2\/'><img loading=\"lazy\" decoding=\"async\" width=\"150\" height=\"150\" src=\"https:\/\/www.radiopiu.net\/wordpress\/wp-content\/uploads\/2020\/09\/Nel-50esimo-di-ordinazione-04.07.2010-150x150-2-150x150.jpg\" class=\"attachment-thumbnail size-thumbnail\" alt=\"\" aria-describedby=\"gallery-1-161133\" srcset=\"https:\/\/www.radiopiu.net\/wordpress\/wp-content\/uploads\/2020\/09\/Nel-50esimo-di-ordinazione-04.07.2010-150x150-2.jpg 150w, https:\/\/www.radiopiu.net\/wordpress\/wp-content\/uploads\/2020\/09\/Nel-50esimo-di-ordinazione-04.07.2010-150x150-2-125x125.jpg 125w, https:\/\/www.radiopiu.net\/wordpress\/wp-content\/uploads\/2020\/09\/Nel-50esimo-di-ordinazione-04.07.2010-150x150-2-80x80.jpg 80w\" sizes=\"auto, (max-width: 150px) 100vw, 150px\" \/><\/a>\n\t\t\t\t<\/dt>\n\t\t\t\t\t<dd class='wp-caption-text gallery-caption' id='gallery-1-161133'>\n\t\t\t\t\tNel-50esimo-di-ordinazione-04.07.2010-150&#215;150\n\t\t\t\t\t<\/dd><\/dl><dl class='gallery-item'>\n\t\t\t\t<dt class='gallery-icon landscape'>\n\t\t\t\t\t<a class=\"rollover\" href='https:\/\/www.radiopiu.net\/wordpress\/e-morto-don-flavio-del-longo\/il-commiato-dalle-parrocchie-di-tai-e-nebbiu-2\/'><img loading=\"lazy\" decoding=\"async\" width=\"150\" height=\"150\" src=\"https:\/\/www.radiopiu.net\/wordpress\/wp-content\/uploads\/2020\/09\/il-commiato-dalle-parrocchie-di-Tai-e-Nebbiu-1-150x150.jpg\" class=\"attachment-thumbnail size-thumbnail\" alt=\"\" aria-describedby=\"gallery-1-161134\" srcset=\"https:\/\/www.radiopiu.net\/wordpress\/wp-content\/uploads\/2020\/09\/il-commiato-dalle-parrocchie-di-Tai-e-Nebbiu-1.jpg 150w, https:\/\/www.radiopiu.net\/wordpress\/wp-content\/uploads\/2020\/09\/il-commiato-dalle-parrocchie-di-Tai-e-Nebbiu-1-125x125.jpg 125w, https:\/\/www.radiopiu.net\/wordpress\/wp-content\/uploads\/2020\/09\/il-commiato-dalle-parrocchie-di-Tai-e-Nebbiu-1-80x80.jpg 80w\" sizes=\"auto, (max-width: 150px) 100vw, 150px\" \/><\/a>\n\t\t\t\t<\/dt>\n\t\t\t\t\t<dd class='wp-caption-text gallery-caption' id='gallery-1-161134'>\n\t\t\t\t\til commiato dalle parrocchie di Tai e Nebbiu\n\t\t\t\t\t<\/dd><\/dl><br style=\"clear: both\" \/>\n\t\t\t<\/div>\n\n","protected":false},"excerpt":{"rendered":"<p>Un aspetto particolare del ministero di don Flavio \u2013 ci scrive don Fabiano Del Favero \u2013 \u00e8 stata la grande umanit\u00e0 manifestata verso gli ammalati e gli anziani. Nei suoi anni di ministero a Tai e Nebbi\u00f9 tutte le sere \u2013 dico tutte! \u2013 andava in ospedale a Pieve in visita VALLE DI CADORE\u00a0 Domani&hellip;<\/p>\n","protected":false},"author":4,"featured_media":161129,"comment_status":"closed","ping_status":"closed","sticky":false,"template":"","format":"standard","meta":{"_monsterinsights_skip_tracking":false,"_monsterinsights_sitenote_active":false,"_monsterinsights_sitenote_note":"","_monsterinsights_sitenote_category":0,"footnotes":""},"categories":[49],"tags":[],"class_list":["post-161128","post","type-post","status-publish","format-standard","has-post-thumbnail","hentry","category-news-18","category-49","description-off"],"img_url":"https:\/\/www.radiopiu.net\/wordpress\/wp-content\/uploads\/2020\/09\/Cattura-1.png","_links":{"self":[{"href":"https:\/\/www.radiopiu.net\/wordpress\/wp-json\/wp\/v2\/posts\/161128","targetHints":{"allow":["GET"]}}],"collection":[{"href":"https:\/\/www.radiopiu.net\/wordpress\/wp-json\/wp\/v2\/posts"}],"about":[{"href":"https:\/\/www.radiopiu.net\/wordpress\/wp-json\/wp\/v2\/types\/post"}],"author":[{"embeddable":true,"href":"https:\/\/www.radiopiu.net\/wordpress\/wp-json\/wp\/v2\/users\/4"}],"replies":[{"embeddable":true,"href":"https:\/\/www.radiopiu.net\/wordpress\/wp-json\/wp\/v2\/comments?post=161128"}],"version-history":[{"count":0,"href":"https:\/\/www.radiopiu.net\/wordpress\/wp-json\/wp\/v2\/posts\/161128\/revisions"}],"wp:featuredmedia":[{"embeddable":true,"href":"https:\/\/www.radiopiu.net\/wordpress\/wp-json\/wp\/v2\/media\/161129"}],"wp:attachment":[{"href":"https:\/\/www.radiopiu.net\/wordpress\/wp-json\/wp\/v2\/media?parent=161128"}],"wp:term":[{"taxonomy":"category","embeddable":true,"href":"https:\/\/www.radiopiu.net\/wordpress\/wp-json\/wp\/v2\/categories?post=161128"},{"taxonomy":"post_tag","embeddable":true,"href":"https:\/\/www.radiopiu.net\/wordpress\/wp-json\/wp\/v2\/tags?post=161128"}],"curies":[{"name":"wp","href":"https:\/\/api.w.org\/{rel}","templated":true}]}}