{"id":161240,"date":"2020-09-19T05:31:36","date_gmt":"2020-09-19T03:31:36","guid":{"rendered":"https:\/\/www.radiopiu.net\/wordpress\/?p=161240"},"modified":"2020-09-19T05:53:03","modified_gmt":"2020-09-19T03:53:03","slug":"luxottica-un-primo-ritorno-alla-normalita-dal-28-settembre-tornano-gli-orari-classici-per-i-dipendenti-a-turno","status":"publish","type":"post","link":"https:\/\/www.radiopiu.net\/wordpress\/luxottica-un-primo-ritorno-alla-normalita-dal-28-settembre-tornano-gli-orari-classici-per-i-dipendenti-a-turno\/","title":{"rendered":"LUXOTTICA: UN PRIMO RITORNO ALLA NORMALITA&#8217;. DAL 28 SETTEMBRE TORNANO GLI ORARI CLASSICI PER I DIPENDENTI A TURNO"},"content":{"rendered":"<p><strong><a class=\"dt-pswp-item\" href=\"https:\/\/www.radiopiu.net\/wordpress\/wp-content\/uploads\/2020\/07\/814ace46-a8a2-4c2d-a100-4d87aa509ef3.jpg\" data-dt-img-description=\"\" data-large_image_width=\"1560\" data-large_image_height=\"1170\"><img loading=\"lazy\" decoding=\"async\" class=\"size-medium wp-image-152483 alignleft\" src=\"https:\/\/www.radiopiu.net\/wordpress\/wp-content\/uploads\/2020\/07\/814ace46-a8a2-4c2d-a100-4d87aa509ef3-300x225.jpg\" alt=\"\" width=\"300\" height=\"225\" srcset=\"https:\/\/www.radiopiu.net\/wordpress\/wp-content\/uploads\/2020\/07\/814ace46-a8a2-4c2d-a100-4d87aa509ef3-300x225.jpg 300w, https:\/\/www.radiopiu.net\/wordpress\/wp-content\/uploads\/2020\/07\/814ace46-a8a2-4c2d-a100-4d87aa509ef3-1024x768.jpg 1024w, https:\/\/www.radiopiu.net\/wordpress\/wp-content\/uploads\/2020\/07\/814ace46-a8a2-4c2d-a100-4d87aa509ef3-768x576.jpg 768w, https:\/\/www.radiopiu.net\/wordpress\/wp-content\/uploads\/2020\/07\/814ace46-a8a2-4c2d-a100-4d87aa509ef3-1536x1152.jpg 1536w, https:\/\/www.radiopiu.net\/wordpress\/wp-content\/uploads\/2020\/07\/814ace46-a8a2-4c2d-a100-4d87aa509ef3.jpg 1560w\" sizes=\"auto, (max-width: 300px) 100vw, 300px\" \/><\/a>AGORDO<\/strong> Lo si pu\u00f2 definire un primo ritorno alla \u201cnormalit\u00e0\u201d dopo l\u2019emergenza Covid-19. La direzione di Luxottica ha comunicato alle RSU che a partire dal 28 settembre le maestranze a turno ritorneranno a lavorare con il classico orario, 6-14 e 14-22 per i turnisti a giornata e 22-6 per il turno notturno. Non ci sar\u00e0 pi\u00f9 la mezzora di lasco tra un turno e l\u2019altro per consentire al personale di non incontrarsi. L&#8217;azienda dar\u00e0 a breve una comunicazione ufficiale in merito, illustrando le motivazioni e le modalit\u00e0 operative. Con il ritorno agli orari classici si presenter\u00e0 un altro problema, quello dei parcheggi. La commissione trasporti della RSU di Agordo si \u00e8 gi\u00e0 mossa in merito chiedendo a l\u2019azienda di ripristinare il servizio navetta che nel periodo pre covid accompagnava al lavoro gli operai che parcheggiavano a Tamonich e Polane. Un\u2019altra richiesta quella di potenziare il parcheggio destinato a biciclette e moto che si \u00e8 dimostrato insufficiente gi\u00e0 in questi mesi con i tanti dipendenti che optavano per le due ruote come soluzione per raggiungere Valcozzena. Con l\u2019inserimento del \u201cvecchio\u201d orario non significa per\u00f2 che saranno ripristinati turni fissi o orari particolari, verr\u00e0 solamente eliminato il distanziamento tra un turno e l\u2019altro.<\/p>\n","protected":false},"excerpt":{"rendered":"<p>AGORDO Lo si pu\u00f2 definire un primo ritorno alla \u201cnormalit\u00e0\u201d dopo l\u2019emergenza Covid-19. La direzione di Luxottica ha comunicato alle RSU che a partire dal 28 settembre le maestranze a turno ritorneranno a lavorare con il classico orario, 6-14 e 14-22 per i turnisti a giornata e 22-6 per il turno notturno. Non ci sar\u00e0&hellip;<\/p>\n","protected":false},"author":4,"featured_media":152483,"comment_status":"closed","ping_status":"closed","sticky":false,"template":"","format":"standard","meta":{"_monsterinsights_skip_tracking":false,"_monsterinsights_sitenote_active":false,"_monsterinsights_sitenote_note":"","_monsterinsights_sitenote_category":0,"footnotes":""},"categories":[51,49],"tags":[],"class_list":["post-161240","post","type-post","status-publish","format-standard","has-post-thumbnail","hentry","category-evidenza-top","category-news-18","category-51","category-49","description-off"],"img_url":"https:\/\/www.radiopiu.net\/wordpress\/wp-content\/uploads\/2020\/07\/814ace46-a8a2-4c2d-a100-4d87aa509ef3.jpg","_links":{"self":[{"href":"https:\/\/www.radiopiu.net\/wordpress\/wp-json\/wp\/v2\/posts\/161240","targetHints":{"allow":["GET"]}}],"collection":[{"href":"https:\/\/www.radiopiu.net\/wordpress\/wp-json\/wp\/v2\/posts"}],"about":[{"href":"https:\/\/www.radiopiu.net\/wordpress\/wp-json\/wp\/v2\/types\/post"}],"author":[{"embeddable":true,"href":"https:\/\/www.radiopiu.net\/wordpress\/wp-json\/wp\/v2\/users\/4"}],"replies":[{"embeddable":true,"href":"https:\/\/www.radiopiu.net\/wordpress\/wp-json\/wp\/v2\/comments?post=161240"}],"version-history":[{"count":0,"href":"https:\/\/www.radiopiu.net\/wordpress\/wp-json\/wp\/v2\/posts\/161240\/revisions"}],"wp:featuredmedia":[{"embeddable":true,"href":"https:\/\/www.radiopiu.net\/wordpress\/wp-json\/wp\/v2\/media\/152483"}],"wp:attachment":[{"href":"https:\/\/www.radiopiu.net\/wordpress\/wp-json\/wp\/v2\/media?parent=161240"}],"wp:term":[{"taxonomy":"category","embeddable":true,"href":"https:\/\/www.radiopiu.net\/wordpress\/wp-json\/wp\/v2\/categories?post=161240"},{"taxonomy":"post_tag","embeddable":true,"href":"https:\/\/www.radiopiu.net\/wordpress\/wp-json\/wp\/v2\/tags?post=161240"}],"curies":[{"name":"wp","href":"https:\/\/api.w.org\/{rel}","templated":true}]}}