{"id":161308,"date":"2020-09-19T05:28:29","date_gmt":"2020-09-19T03:28:29","guid":{"rendered":"https:\/\/www.radiopiu.net\/wordpress\/?p=161308"},"modified":"2020-09-19T05:54:01","modified_gmt":"2020-09-19T03:54:01","slug":"sedico-numerose-splendide-ville-edificate-da-nobili-e-da-possidenti-di-renato-bona","status":"publish","type":"post","link":"https:\/\/www.radiopiu.net\/wordpress\/sedico-numerose-splendide-ville-edificate-da-nobili-e-da-possidenti-di-renato-bona\/","title":{"rendered":"SEDICO: NUMEROSE SPLENDIDE VILLE EDIFICATE DA NOBILI E DA POSSIDENTI di Renato Bona"},"content":{"rendered":"<p><strong><a class=\"dt-pswp-item\" href=\"https:\/\/www.radiopiu.net\/wordpress\/wp-content\/uploads\/2019\/08\/553085_385905871470280_1626001170_n-1.jpg\" data-dt-img-description=\"\" data-large_image_width=\"855\" data-large_image_height=\"569\"><img loading=\"lazy\" decoding=\"async\" class=\" wp-image-94594 alignleft\" src=\"https:\/\/www.radiopiu.net\/wordpress\/wp-content\/uploads\/2019\/08\/553085_385905871470280_1626001170_n-1-300x200.jpg\" alt=\"\" width=\"140\" height=\"93\" srcset=\"https:\/\/www.radiopiu.net\/wordpress\/wp-content\/uploads\/2019\/08\/553085_385905871470280_1626001170_n-1-300x200.jpg 300w, https:\/\/www.radiopiu.net\/wordpress\/wp-content\/uploads\/2019\/08\/553085_385905871470280_1626001170_n-1-768x511.jpg 768w, https:\/\/www.radiopiu.net\/wordpress\/wp-content\/uploads\/2019\/08\/553085_385905871470280_1626001170_n-1.jpg 855w\" sizes=\"auto, (max-width: 140px) 100vw, 140px\" \/><\/a>di\u00a0Renato\u00a0Bona\u00a0<\/strong><\/p>\n<p>Nella pubblicazione-guida che l\u2019associazione Pro Loco di Sedico \u2013 in collaborazione con il Comune ed il concorso di quella che all\u2019epoca era ancora la Cassa di risparmio di Veroma, Vicenza e Belluno &#8211; fece stampare nel novembre del 1988 dalla \u201cGermano Sommavilla\u201d di Belluno vi \u00e8 l\u2019interessante capitolo dedicato agli \u201cInsediamenti umani\u201d. Si parte con un po\u2019 di storia per ricordare che \u201cgi\u00e0 nel Medioevo la valle del basso Cordevole (detta il Canale d\u2019Agordo) era attraversata da un\u2019importante, anche se malagevole via di comunicazione per il commercio con la Germania\u201d e si ricorda che: \u201cPer dare alloggio e ristoro ai numerosi viandanti, sorsero ai lati del Cordevole, tra Peron e a Muda, ben 6 ospizi (gli alberghi di allora) e di questi, ancora oggi, restano numerosi fabbricati\u201d. Un ospizio \u00e8 stato ristrutturato in localit\u00e0 Candaten ed \u00e8 diventato oggi sede della Forestale. A La Stanga inoltre c\u2019era una locanda, tuttora aperta, che funzionava quale posto di ristoro per uomini e cavalli\u201d. Il prezioso libretto (una ventina di pagine in tutto) spiega quindi che numerosi in tutto il comune si contano i resti delle antiche vie di comunicazione che testimoniano dell\u2019ingegno(ma anche delle difficolt\u00e0) dei nostri antenati e si cita la localit\u00e0 Tappole, nei pressi di Roe, per rammentare che \u201cc\u2019era un importante ponte su cui passava la strada che collegava Feltre all\u2019Agordino\u201d e che\u201d Ai Casoni, sul muro di una vecchia costruzione, una scritta indica il passaggio dell\u2019antica strada per Belluno e caratteristico \u00e8 il \u2018ponte delle corde\u2019 che collega il Peron a San Gottardo. Nei pressi un grosso masso riporta alla mente le antiche leggende del crollo del monte Peron che diede origine alle \u2018masiere\u2019\u201d. Proseguiamo con la lettura ed apprendiamo che \u201cper il clima mite e la bellezza dei luoghi (ricchi di acque, boschi e colline) il territorio del comune di Sedico fu prescelto nei secoli scorsi da nobili e possidenti per costruire le loro ville, spesso contornate da splendidi viali di carpini (le famose \u2018carpenade\u2019)\u201d; in proposito si richiamano: Villa de Manzoni ai Pat di Sedico, \u201cla pi\u00f9 grande di tutto il comune e fra le maggiori del Veneto. Costruita dalla ricca famiglia de Manzoni di Agordo nel 1835, contiene affreschi di Paoletti e De Min. Caduta in rovina \u00e8 attualmente in fase di restauro. In precedenza, nel XVI secolo, i de Manzoni villeggiavano sempre a Sedico nella villa Crepadoni\u201d. Villa Miari, del XV secolo, a Cugnach, con annessa chiesetta dedicata a San Floriano. Villa Zuppani a Pasa \u201ctra le pi\u00f9 belle della provincia di Belluno, risalente al XVI secolo\u201d. A Poian di Roe Alte la splendida villa Crotta, del secolo XVII con l\u2019annessa antica chiesa dedicata ai santi Simone e Giuda. A questo punto si sottolinea che \u201cCaratteristico per le sue tre ville poste in rapida successione \u00e8 il piccolo centro di Landris. Tra queste spicca villa Rudio, uno degli esempi pi\u00f9 belli nella vallata, mentre nella villa Miari-Giacomin nel secolo scorso il valente musicista Antonio Miari fece rappresentare alcune delle sue opere\u201d. Conclusione del quadro-ville di Sedico con la citazione delle due esistenti a Libano: una risalente al XVII e l\u2019altra al XVIII secolo. Di queste il Palazzo de Bertoldi \u00e8 stato recentemente acquistato e restaurato dal Comune\u201d.<\/p>\n\n\t\t\t<style type='text\/css'>\n\t\t\t\t#gallery-1 {\n\t\t\t\t\tmargin: auto;\n\t\t\t\t}\n\t\t\t\t#gallery-1 .gallery-item {\n\t\t\t\t\tfloat: left;\n\t\t\t\t\tmargin-top: 10px;\n\t\t\t\t\ttext-align: center;\n\t\t\t\t\twidth: 25%;\n\t\t\t\t}\n\t\t\t\t#gallery-1 img {\n\t\t\t\t\tborder: 2px solid #cfcfcf;\n\t\t\t\t}\n\t\t\t\t#gallery-1 .gallery-caption {\n\t\t\t\t\tmargin-left: 0;\n\t\t\t\t}\n\t\t\t\t\/* see gallery_shortcode() in wp-includes\/media.php *\/\n\t\t\t<\/style>\n\t\t<div id='gallery-1' class='dt-gallery-container gallery galleryid-161308 gallery-columns-4 gallery-size-thumbnail'><dl class='gallery-item'>\n\t\t\t\t<dt class='gallery-icon landscape'>\n\t\t\t\t\t<a class=\"rollover rollover-zoom dt-pswp-item\" title=\"119696144_716704438930587_4189134303824630067_n\" data-dt-img-description=\"\" data-large_image_width=\"1804\" data-large_image_height=\"1585\"href='https:\/\/www.radiopiu.net\/wordpress\/wp-content\/uploads\/2020\/09\/119696144_716704438930587_4189134303824630067_n.jpg'><img loading=\"lazy\" decoding=\"async\" width=\"150\" height=\"150\" src=\"https:\/\/www.radiopiu.net\/wordpress\/wp-content\/uploads\/2020\/09\/119696144_716704438930587_4189134303824630067_n-150x150.jpg\" class=\"attachment-thumbnail size-thumbnail\" alt=\"\" srcset=\"https:\/\/www.radiopiu.net\/wordpress\/wp-content\/uploads\/2020\/09\/119696144_716704438930587_4189134303824630067_n-150x150.jpg 150w, https:\/\/www.radiopiu.net\/wordpress\/wp-content\/uploads\/2020\/09\/119696144_716704438930587_4189134303824630067_n-125x125.jpg 125w, https:\/\/www.radiopiu.net\/wordpress\/wp-content\/uploads\/2020\/09\/119696144_716704438930587_4189134303824630067_n-200x200.jpg 200w, https:\/\/www.radiopiu.net\/wordpress\/wp-content\/uploads\/2020\/09\/119696144_716704438930587_4189134303824630067_n-80x80.jpg 80w\" sizes=\"auto, (max-width: 150px) 100vw, 150px\" \/><\/a>\n\t\t\t\t<\/dt><\/dl><dl class='gallery-item'>\n\t\t\t\t<dt class='gallery-icon portrait'>\n\t\t\t\t\t<a class=\"rollover rollover-zoom dt-pswp-item\" title=\"119708978_352916289173568_157991035767427806_n\" data-dt-img-description=\"\" data-large_image_width=\"1681\" data-large_image_height=\"2048\"href='https:\/\/www.radiopiu.net\/wordpress\/wp-content\/uploads\/2020\/09\/119708978_352916289173568_157991035767427806_n.jpg'><img loading=\"lazy\" decoding=\"async\" width=\"150\" height=\"150\" src=\"https:\/\/www.radiopiu.net\/wordpress\/wp-content\/uploads\/2020\/09\/119708978_352916289173568_157991035767427806_n-150x150.jpg\" class=\"attachment-thumbnail size-thumbnail\" alt=\"\" srcset=\"https:\/\/www.radiopiu.net\/wordpress\/wp-content\/uploads\/2020\/09\/119708978_352916289173568_157991035767427806_n-150x150.jpg 150w, https:\/\/www.radiopiu.net\/wordpress\/wp-content\/uploads\/2020\/09\/119708978_352916289173568_157991035767427806_n-125x125.jpg 125w, https:\/\/www.radiopiu.net\/wordpress\/wp-content\/uploads\/2020\/09\/119708978_352916289173568_157991035767427806_n-200x200.jpg 200w, https:\/\/www.radiopiu.net\/wordpress\/wp-content\/uploads\/2020\/09\/119708978_352916289173568_157991035767427806_n-80x80.jpg 80w\" sizes=\"auto, (max-width: 150px) 100vw, 150px\" \/><\/a>\n\t\t\t\t<\/dt><\/dl><dl class='gallery-item'>\n\t\t\t\t<dt class='gallery-icon landscape'>\n\t\t\t\t\t<a class=\"rollover rollover-zoom dt-pswp-item\" title=\"119727532_343700573449999_5821590640807530353_n\" data-dt-img-description=\"\" data-large_image_width=\"2048\" data-large_image_height=\"1685\"href='https:\/\/www.radiopiu.net\/wordpress\/wp-content\/uploads\/2020\/09\/119727532_343700573449999_5821590640807530353_n.jpg'><img loading=\"lazy\" decoding=\"async\" width=\"150\" height=\"150\" src=\"https:\/\/www.radiopiu.net\/wordpress\/wp-content\/uploads\/2020\/09\/119727532_343700573449999_5821590640807530353_n-150x150.jpg\" class=\"attachment-thumbnail size-thumbnail\" alt=\"\" srcset=\"https:\/\/www.radiopiu.net\/wordpress\/wp-content\/uploads\/2020\/09\/119727532_343700573449999_5821590640807530353_n-150x150.jpg 150w, https:\/\/www.radiopiu.net\/wordpress\/wp-content\/uploads\/2020\/09\/119727532_343700573449999_5821590640807530353_n-125x125.jpg 125w, https:\/\/www.radiopiu.net\/wordpress\/wp-content\/uploads\/2020\/09\/119727532_343700573449999_5821590640807530353_n-200x200.jpg 200w, https:\/\/www.radiopiu.net\/wordpress\/wp-content\/uploads\/2020\/09\/119727532_343700573449999_5821590640807530353_n-80x80.jpg 80w\" sizes=\"auto, (max-width: 150px) 100vw, 150px\" \/><\/a>\n\t\t\t\t<\/dt><\/dl><dl class='gallery-item'>\n\t\t\t\t<dt class='gallery-icon landscape'>\n\t\t\t\t\t<a class=\"rollover rollover-zoom dt-pswp-item\" title=\"119760502_2464927067139329_778217038545891696_n\" data-dt-img-description=\"\" data-large_image_width=\"2048\" data-large_image_height=\"1308\"href='https:\/\/www.radiopiu.net\/wordpress\/wp-content\/uploads\/2020\/09\/119760502_2464927067139329_778217038545891696_n.jpg'><img loading=\"lazy\" decoding=\"async\" width=\"150\" height=\"150\" src=\"https:\/\/www.radiopiu.net\/wordpress\/wp-content\/uploads\/2020\/09\/119760502_2464927067139329_778217038545891696_n-150x150.jpg\" class=\"attachment-thumbnail size-thumbnail\" alt=\"\" srcset=\"https:\/\/www.radiopiu.net\/wordpress\/wp-content\/uploads\/2020\/09\/119760502_2464927067139329_778217038545891696_n-150x150.jpg 150w, https:\/\/www.radiopiu.net\/wordpress\/wp-content\/uploads\/2020\/09\/119760502_2464927067139329_778217038545891696_n-125x125.jpg 125w, https:\/\/www.radiopiu.net\/wordpress\/wp-content\/uploads\/2020\/09\/119760502_2464927067139329_778217038545891696_n-200x200.jpg 200w, https:\/\/www.radiopiu.net\/wordpress\/wp-content\/uploads\/2020\/09\/119760502_2464927067139329_778217038545891696_n-80x80.jpg 80w\" sizes=\"auto, (max-width: 150px) 100vw, 150px\" \/><\/a>\n\t\t\t\t<\/dt><\/dl><br style=\"clear: both\" \/><dl class='gallery-item'>\n\t\t\t\t<dt class='gallery-icon portrait'>\n\t\t\t\t\t<a class=\"rollover rollover-zoom dt-pswp-item\" title=\"119744918_2662670957316151_2217823917337549596_n\" data-dt-img-description=\"\" data-large_image_width=\"1578\" data-large_image_height=\"2048\"href='https:\/\/www.radiopiu.net\/wordpress\/wp-content\/uploads\/2020\/09\/119744918_2662670957316151_2217823917337549596_n.jpg'><img loading=\"lazy\" decoding=\"async\" width=\"150\" height=\"150\" src=\"https:\/\/www.radiopiu.net\/wordpress\/wp-content\/uploads\/2020\/09\/119744918_2662670957316151_2217823917337549596_n-150x150.jpg\" class=\"attachment-thumbnail size-thumbnail\" alt=\"\" srcset=\"https:\/\/www.radiopiu.net\/wordpress\/wp-content\/uploads\/2020\/09\/119744918_2662670957316151_2217823917337549596_n-150x150.jpg 150w, https:\/\/www.radiopiu.net\/wordpress\/wp-content\/uploads\/2020\/09\/119744918_2662670957316151_2217823917337549596_n-125x125.jpg 125w, https:\/\/www.radiopiu.net\/wordpress\/wp-content\/uploads\/2020\/09\/119744918_2662670957316151_2217823917337549596_n-200x200.jpg 200w, https:\/\/www.radiopiu.net\/wordpress\/wp-content\/uploads\/2020\/09\/119744918_2662670957316151_2217823917337549596_n-80x80.jpg 80w\" sizes=\"auto, (max-width: 150px) 100vw, 150px\" \/><\/a>\n\t\t\t\t<\/dt><\/dl><dl class='gallery-item'>\n\t\t\t\t<dt class='gallery-icon landscape'>\n\t\t\t\t\t<a class=\"rollover rollover-zoom dt-pswp-item\" title=\"119785042_2470472879911974_8831993324856191540_n\" data-dt-img-description=\"\" data-large_image_width=\"2048\" data-large_image_height=\"1465\"href='https:\/\/www.radiopiu.net\/wordpress\/wp-content\/uploads\/2020\/09\/119785042_2470472879911974_8831993324856191540_n.jpg'><img loading=\"lazy\" decoding=\"async\" width=\"150\" height=\"150\" src=\"https:\/\/www.radiopiu.net\/wordpress\/wp-content\/uploads\/2020\/09\/119785042_2470472879911974_8831993324856191540_n-150x150.jpg\" class=\"attachment-thumbnail size-thumbnail\" alt=\"\" srcset=\"https:\/\/www.radiopiu.net\/wordpress\/wp-content\/uploads\/2020\/09\/119785042_2470472879911974_8831993324856191540_n-150x150.jpg 150w, https:\/\/www.radiopiu.net\/wordpress\/wp-content\/uploads\/2020\/09\/119785042_2470472879911974_8831993324856191540_n-125x125.jpg 125w, https:\/\/www.radiopiu.net\/wordpress\/wp-content\/uploads\/2020\/09\/119785042_2470472879911974_8831993324856191540_n-200x200.jpg 200w, https:\/\/www.radiopiu.net\/wordpress\/wp-content\/uploads\/2020\/09\/119785042_2470472879911974_8831993324856191540_n-80x80.jpg 80w\" sizes=\"auto, (max-width: 150px) 100vw, 150px\" \/><\/a>\n\t\t\t\t<\/dt><\/dl><dl class='gallery-item'>\n\t\t\t\t<dt class='gallery-icon portrait'>\n\t\t\t\t\t<a class=\"rollover rollover-zoom dt-pswp-item\" title=\"119700906_329773684947444_8744734557602243937_n\" data-dt-img-description=\"\" data-large_image_width=\"1200\" data-large_image_height=\"2048\"href='https:\/\/www.radiopiu.net\/wordpress\/wp-content\/uploads\/2020\/09\/119700906_329773684947444_8744734557602243937_n.jpg'><img loading=\"lazy\" decoding=\"async\" width=\"150\" height=\"150\" src=\"https:\/\/www.radiopiu.net\/wordpress\/wp-content\/uploads\/2020\/09\/119700906_329773684947444_8744734557602243937_n-150x150.jpg\" class=\"attachment-thumbnail size-thumbnail\" alt=\"\" srcset=\"https:\/\/www.radiopiu.net\/wordpress\/wp-content\/uploads\/2020\/09\/119700906_329773684947444_8744734557602243937_n-150x150.jpg 150w, https:\/\/www.radiopiu.net\/wordpress\/wp-content\/uploads\/2020\/09\/119700906_329773684947444_8744734557602243937_n-125x125.jpg 125w, https:\/\/www.radiopiu.net\/wordpress\/wp-content\/uploads\/2020\/09\/119700906_329773684947444_8744734557602243937_n-200x200.jpg 200w, https:\/\/www.radiopiu.net\/wordpress\/wp-content\/uploads\/2020\/09\/119700906_329773684947444_8744734557602243937_n-80x80.jpg 80w\" sizes=\"auto, (max-width: 150px) 100vw, 150px\" \/><\/a>\n\t\t\t\t<\/dt><\/dl><dl class='gallery-item'>\n\t\t\t\t<dt class='gallery-icon portrait'>\n\t\t\t\t\t<a class=\"rollover rollover-zoom dt-pswp-item\" title=\"119681724_341457230508451_1739928792778862536_n\" data-dt-img-description=\"\" data-large_image_width=\"1418\" data-large_image_height=\"2048\"href='https:\/\/www.radiopiu.net\/wordpress\/wp-content\/uploads\/2020\/09\/119681724_341457230508451_1739928792778862536_n.jpg'><img loading=\"lazy\" decoding=\"async\" width=\"150\" height=\"150\" src=\"https:\/\/www.radiopiu.net\/wordpress\/wp-content\/uploads\/2020\/09\/119681724_341457230508451_1739928792778862536_n-150x150.jpg\" class=\"attachment-thumbnail size-thumbnail\" alt=\"\" srcset=\"https:\/\/www.radiopiu.net\/wordpress\/wp-content\/uploads\/2020\/09\/119681724_341457230508451_1739928792778862536_n-150x150.jpg 150w, https:\/\/www.radiopiu.net\/wordpress\/wp-content\/uploads\/2020\/09\/119681724_341457230508451_1739928792778862536_n-125x125.jpg 125w, https:\/\/www.radiopiu.net\/wordpress\/wp-content\/uploads\/2020\/09\/119681724_341457230508451_1739928792778862536_n-200x200.jpg 200w, https:\/\/www.radiopiu.net\/wordpress\/wp-content\/uploads\/2020\/09\/119681724_341457230508451_1739928792778862536_n-80x80.jpg 80w\" sizes=\"auto, (max-width: 150px) 100vw, 150px\" \/><\/a>\n\t\t\t\t<\/dt><\/dl><br style=\"clear: both\" \/>\n\t\t\t<\/div>\n\n<p>NELLE FOTO (riproduzioni dalla pubblicazione della Pro Loco di Sedico): il simbolo della Pro Locodi Sedico; la passerella sul Cordevole di Peron; villa Rudio di Landris; rustico di Poian; particolare della villa de Manzoni ai Pat; Villa Miari-Giacomin a Landris; villa Crotta-Segato a Poian: la Gusela del Vescov\u00e0: si eleva per 40 metri al confine tra Sedico e Belluno; in basso: il bivacco Dalla Bernardina.<\/p>\n","protected":false},"excerpt":{"rendered":"<p>di\u00a0Renato\u00a0Bona\u00a0 Nella pubblicazione-guida che l\u2019associazione Pro Loco di Sedico \u2013 in collaborazione con il Comune ed il concorso di quella che all\u2019epoca era ancora la Cassa di risparmio di Veroma, Vicenza e Belluno &#8211; fece stampare nel novembre del 1988 dalla \u201cGermano Sommavilla\u201d di Belluno vi \u00e8 l\u2019interessante capitolo dedicato agli \u201cInsediamenti umani\u201d. Si parte&hellip;<\/p>\n","protected":false},"author":4,"featured_media":161314,"comment_status":"closed","ping_status":"closed","sticky":false,"template":"","format":"standard","meta":{"_monsterinsights_skip_tracking":false,"_monsterinsights_sitenote_active":false,"_monsterinsights_sitenote_note":"","_monsterinsights_sitenote_category":0,"footnotes":""},"categories":[49],"tags":[],"class_list":["post-161308","post","type-post","status-publish","format-standard","has-post-thumbnail","hentry","category-news-18","category-49","description-off"],"img_url":"https:\/\/www.radiopiu.net\/wordpress\/wp-content\/uploads\/2020\/09\/119785042_2470472879911974_8831993324856191540_n.jpg","_links":{"self":[{"href":"https:\/\/www.radiopiu.net\/wordpress\/wp-json\/wp\/v2\/posts\/161308","targetHints":{"allow":["GET"]}}],"collection":[{"href":"https:\/\/www.radiopiu.net\/wordpress\/wp-json\/wp\/v2\/posts"}],"about":[{"href":"https:\/\/www.radiopiu.net\/wordpress\/wp-json\/wp\/v2\/types\/post"}],"author":[{"embeddable":true,"href":"https:\/\/www.radiopiu.net\/wordpress\/wp-json\/wp\/v2\/users\/4"}],"replies":[{"embeddable":true,"href":"https:\/\/www.radiopiu.net\/wordpress\/wp-json\/wp\/v2\/comments?post=161308"}],"version-history":[{"count":0,"href":"https:\/\/www.radiopiu.net\/wordpress\/wp-json\/wp\/v2\/posts\/161308\/revisions"}],"wp:featuredmedia":[{"embeddable":true,"href":"https:\/\/www.radiopiu.net\/wordpress\/wp-json\/wp\/v2\/media\/161314"}],"wp:attachment":[{"href":"https:\/\/www.radiopiu.net\/wordpress\/wp-json\/wp\/v2\/media?parent=161308"}],"wp:term":[{"taxonomy":"category","embeddable":true,"href":"https:\/\/www.radiopiu.net\/wordpress\/wp-json\/wp\/v2\/categories?post=161308"},{"taxonomy":"post_tag","embeddable":true,"href":"https:\/\/www.radiopiu.net\/wordpress\/wp-json\/wp\/v2\/tags?post=161308"}],"curies":[{"name":"wp","href":"https:\/\/api.w.org\/{rel}","templated":true}]}}