{"id":161392,"date":"2020-09-19T15:24:39","date_gmt":"2020-09-19T13:24:39","guid":{"rendered":"https:\/\/www.radiopiu.net\/wordpress\/?p=161392"},"modified":"2020-09-19T15:24:39","modified_gmt":"2020-09-19T13:24:39","slug":"meteo-da-domani-in-arrivo-sul-veneto-una-fase-di-instabilita-culmine-previsto-tra-lunedi-e-martedi","status":"publish","type":"post","link":"https:\/\/www.radiopiu.net\/wordpress\/meteo-da-domani-in-arrivo-sul-veneto-una-fase-di-instabilita-culmine-previsto-tra-lunedi-e-martedi\/","title":{"rendered":"METEO. DA DOMANI IN ARRIVO SUL VENETO UNA FASE DI INSTABILIT\u00c0. CULMINE PREVISTO TRA LUNED\u00cc E MARTED\u00cc"},"content":{"rendered":"<p><strong><a class=\"dt-pswp-item\" href=\"https:\/\/www.radiopiu.net\/wordpress\/wp-content\/uploads\/2020\/08\/TEMPORALE.jpg\" data-dt-img-description=\"\" data-large_image_width=\"1920\" data-large_image_height=\"1080\"><img loading=\"lazy\" decoding=\"async\" class=\"size-medium wp-image-158236 alignleft\" src=\"https:\/\/www.radiopiu.net\/wordpress\/wp-content\/uploads\/2020\/08\/TEMPORALE-300x169.jpg\" alt=\"\" width=\"300\" height=\"169\" srcset=\"https:\/\/www.radiopiu.net\/wordpress\/wp-content\/uploads\/2020\/08\/TEMPORALE-300x169.jpg 300w, https:\/\/www.radiopiu.net\/wordpress\/wp-content\/uploads\/2020\/08\/TEMPORALE-1024x576.jpg 1024w, https:\/\/www.radiopiu.net\/wordpress\/wp-content\/uploads\/2020\/08\/TEMPORALE-768x432.jpg 768w, https:\/\/www.radiopiu.net\/wordpress\/wp-content\/uploads\/2020\/08\/TEMPORALE-1536x864.jpg 1536w, https:\/\/www.radiopiu.net\/wordpress\/wp-content\/uploads\/2020\/08\/TEMPORALE-640x360.jpg 640w, https:\/\/www.radiopiu.net\/wordpress\/wp-content\/uploads\/2020\/08\/TEMPORALE.jpg 1920w\" sizes=\"auto, (max-width: 300px) 100vw, 300px\" \/><\/a>VENEZIA\u00a0<\/strong>Il Centro funzionale decentrato della Protezione Civile del Veneto, alla luce delle previsioni meteo, ha emesso un avviso di criticit\u00e0 idrogeologica ed idraulica, decretando lo stato di attenzione nella zona dell\u2019alto bellunese a partire dalle ore 12 di domani domenica 20 settembre alle ore 14 di luned\u00ec 21 settembre.\u00a0Le previsioni meteo indicano, infatti, che da domani inizia sul Veneto una fase di instabilit\u00e0 che vedr\u00e0 il suo culmine, prevedibilmente, nelle giornate di luned\u00ec e marted\u00ec. Ciononostante, gi\u00e0 nella giornata di domani, nel settore dolomitico, non si esclude la possibilit\u00e0 del verificarsi di fenomeni intensi.Il possibile verificarsi di rovesci o temporali localmente anche intensi, potrebbe creare disagi al sistema fognario e lungo la rete idrografica minore. Si segnala la possibilit\u00e0 d&#8217;innesco di fenomeni franosi superficiali sui versanti e la possibilit\u00e0 di innesco di colate rapide nella zona di allertamento del bacino idrografico dell\u2019Alto Piave bellunese (Vene-A).Visti i fenomeni meteorologici previsti la criticit\u00e0 idrogeologica attesa \u00e8 riferita allo scenario per temporali forti.<\/p>\n","protected":false},"excerpt":{"rendered":"<p>VENEZIA\u00a0Il Centro funzionale decentrato della Protezione Civile del Veneto, alla luce delle previsioni meteo, ha emesso un avviso di criticit\u00e0 idrogeologica ed idraulica, decretando lo stato di attenzione nella zona dell\u2019alto bellunese a partire dalle ore 12 di domani domenica 20 settembre alle ore 14 di luned\u00ec 21 settembre.\u00a0Le previsioni meteo indicano, infatti, che da&hellip;<\/p>\n","protected":false},"author":4,"featured_media":158236,"comment_status":"closed","ping_status":"closed","sticky":false,"template":"","format":"standard","meta":{"_monsterinsights_skip_tracking":false,"_monsterinsights_sitenote_active":false,"_monsterinsights_sitenote_note":"","_monsterinsights_sitenote_category":0,"footnotes":""},"categories":[49],"tags":[],"class_list":["post-161392","post","type-post","status-publish","format-standard","has-post-thumbnail","hentry","category-news-18","category-49","description-off"],"img_url":"https:\/\/www.radiopiu.net\/wordpress\/wp-content\/uploads\/2020\/08\/TEMPORALE.jpg","_links":{"self":[{"href":"https:\/\/www.radiopiu.net\/wordpress\/wp-json\/wp\/v2\/posts\/161392","targetHints":{"allow":["GET"]}}],"collection":[{"href":"https:\/\/www.radiopiu.net\/wordpress\/wp-json\/wp\/v2\/posts"}],"about":[{"href":"https:\/\/www.radiopiu.net\/wordpress\/wp-json\/wp\/v2\/types\/post"}],"author":[{"embeddable":true,"href":"https:\/\/www.radiopiu.net\/wordpress\/wp-json\/wp\/v2\/users\/4"}],"replies":[{"embeddable":true,"href":"https:\/\/www.radiopiu.net\/wordpress\/wp-json\/wp\/v2\/comments?post=161392"}],"version-history":[{"count":0,"href":"https:\/\/www.radiopiu.net\/wordpress\/wp-json\/wp\/v2\/posts\/161392\/revisions"}],"wp:featuredmedia":[{"embeddable":true,"href":"https:\/\/www.radiopiu.net\/wordpress\/wp-json\/wp\/v2\/media\/158236"}],"wp:attachment":[{"href":"https:\/\/www.radiopiu.net\/wordpress\/wp-json\/wp\/v2\/media?parent=161392"}],"wp:term":[{"taxonomy":"category","embeddable":true,"href":"https:\/\/www.radiopiu.net\/wordpress\/wp-json\/wp\/v2\/categories?post=161392"},{"taxonomy":"post_tag","embeddable":true,"href":"https:\/\/www.radiopiu.net\/wordpress\/wp-json\/wp\/v2\/tags?post=161392"}],"curies":[{"name":"wp","href":"https:\/\/api.w.org\/{rel}","templated":true}]}}