{"id":161457,"date":"2020-09-19T19:04:27","date_gmt":"2020-09-19T17:04:27","guid":{"rendered":"https:\/\/www.radiopiu.net\/wordpress\/?p=161457"},"modified":"2020-09-19T19:05:05","modified_gmt":"2020-09-19T17:05:05","slug":"caviglia-slogate","status":"publish","type":"post","link":"https:\/\/www.radiopiu.net\/wordpress\/caviglia-slogate\/","title":{"rendered":"ELICOTTERO IN VOLO: ANCHE OGGI CADUTE E DUE CAVIGLIE SLOGATE"},"content":{"rendered":"<p><strong><img loading=\"lazy\" decoding=\"async\" class=\"alignleft\" src=\"https:\/\/www.radiopiu.net\/wordpress\/wp-content\/uploads\/2020\/07\/salt_20200723_200143_953_resized.jpg\" width=\"199\" height=\"148\" \/>SAN VITO DI CADORE<\/strong> L&#8217;elicottero del Suem di Pieve di Cadore \u00e8 stato inviato a met\u00e0 della via normale all&#8217;Antelao per un escursionista di Mogliano Veneto (TV), F.T., 51 anni, che si \u00e8 slogato una caviglia scendendo. L&#8217;uomo, che si trovava con altre persone, ha tentato di proseguire per altri 250 metri, ma poi il dolore lo\u00a0 ha\u00a0 costretto a fermarsi a quota 2.650 metri. Recuperato con il verricello dal tecnico di elisoccorso, l&#8217;infortunato \u00e8 stato trasportato all&#8217;ospedale di Belluno.<\/p>\n<p><strong>VOLTAGO\u00a0<\/strong> Una turista tedesca di 51 anni, che con un gruppo di amici ha completato la Ferrata Stella alpina, anche lei\u00a0 si \u00e8 fatta male a una caviglia. Imbarcata con un verricello di 15 metri nei pressi del Bivacco Biasin, la donna \u00e8 stata portata all&#8217;ospedale di Agordo.<\/p>\n<p><strong>CORTINA<\/strong> Elicottero in volo in\u00a0 seguito della caduta di un uomo di Cormons (GO). D.A., 67 anni, che stava rientrando da solo al momento dell&#8217;incidente ed era all&#8217;altezza delle scalette, \u00e8 stato caricato a bordo con un verricello di 20 metri e accompagnato al San Martino.<\/p>\n<p><strong>CORTINA<\/strong>\u00a0 Suem e\u00a0 Soccorso alpino impegnati a seguire un escursionista straniero che durante il giro della Ferrata Ren\u00e8 de Pol ha perso la traccia abbassandosi di quota. Seguendo le indicazioni fornite al telefono, l&#8217;uomo \u00e8 riuscito a tornare sul sentiero scendere autonomamente.<\/p>\n","protected":false},"excerpt":{"rendered":"<p>SAN VITO DI CADORE L&#8217;elicottero del Suem di Pieve di Cadore \u00e8 stato inviato a met\u00e0 della via normale all&#8217;Antelao per un escursionista di Mogliano Veneto (TV), F.T., 51 anni, che si \u00e8 slogato una caviglia scendendo. L&#8217;uomo, che si trovava con altre persone, ha tentato di proseguire per altri 250 metri, ma poi il&hellip;<\/p>\n","protected":false},"author":4,"featured_media":151081,"comment_status":"closed","ping_status":"closed","sticky":false,"template":"","format":"standard","meta":{"_monsterinsights_skip_tracking":false,"_monsterinsights_sitenote_active":false,"_monsterinsights_sitenote_note":"","_monsterinsights_sitenote_category":0,"footnotes":""},"categories":[49],"tags":[],"class_list":["post-161457","post","type-post","status-publish","format-standard","has-post-thumbnail","hentry","category-news-18","category-49","description-off"],"img_url":"https:\/\/www.radiopiu.net\/wordpress\/wp-content\/uploads\/2020\/07\/salt_20200723_200143_953_resized.jpg","_links":{"self":[{"href":"https:\/\/www.radiopiu.net\/wordpress\/wp-json\/wp\/v2\/posts\/161457","targetHints":{"allow":["GET"]}}],"collection":[{"href":"https:\/\/www.radiopiu.net\/wordpress\/wp-json\/wp\/v2\/posts"}],"about":[{"href":"https:\/\/www.radiopiu.net\/wordpress\/wp-json\/wp\/v2\/types\/post"}],"author":[{"embeddable":true,"href":"https:\/\/www.radiopiu.net\/wordpress\/wp-json\/wp\/v2\/users\/4"}],"replies":[{"embeddable":true,"href":"https:\/\/www.radiopiu.net\/wordpress\/wp-json\/wp\/v2\/comments?post=161457"}],"version-history":[{"count":0,"href":"https:\/\/www.radiopiu.net\/wordpress\/wp-json\/wp\/v2\/posts\/161457\/revisions"}],"wp:featuredmedia":[{"embeddable":true,"href":"https:\/\/www.radiopiu.net\/wordpress\/wp-json\/wp\/v2\/media\/151081"}],"wp:attachment":[{"href":"https:\/\/www.radiopiu.net\/wordpress\/wp-json\/wp\/v2\/media?parent=161457"}],"wp:term":[{"taxonomy":"category","embeddable":true,"href":"https:\/\/www.radiopiu.net\/wordpress\/wp-json\/wp\/v2\/categories?post=161457"},{"taxonomy":"post_tag","embeddable":true,"href":"https:\/\/www.radiopiu.net\/wordpress\/wp-json\/wp\/v2\/tags?post=161457"}],"curies":[{"name":"wp","href":"https:\/\/api.w.org\/{rel}","templated":true}]}}