{"id":161592,"date":"2020-09-21T15:48:53","date_gmt":"2020-09-21T13:48:53","guid":{"rendered":"https:\/\/www.radiopiu.net\/wordpress\/?p=161592"},"modified":"2020-09-20T17:53:07","modified_gmt":"2020-09-20T15:53:07","slug":"i-racconti-di-paolo-soppelsa-quarantunesima-puntata","status":"publish","type":"post","link":"https:\/\/www.radiopiu.net\/wordpress\/i-racconti-di-paolo-soppelsa-quarantunesima-puntata\/","title":{"rendered":"I RACCONTI DI PAOLO SOPPELSA QUARANTUNESIMA PUNTATA"},"content":{"rendered":"<p>&nbsp;<\/p>\n<p>FATA ANIMA<\/p>\n<p><strong>AUDIO<\/strong><\/p>\n<audio class=\"wp-audio-shortcode\" id=\"audio-161592-1\" preload=\"none\" style=\"width: 100%;\" controls=\"controls\"><source type=\"audio\/mpeg\" src=\"https:\/\/www.radiopiu.net\/wordpress\/wp-content\/uploads\/2020\/09\/SOPPELSA-FATA-ANIMA.mp3?_=1\" \/><a href=\"https:\/\/www.radiopiu.net\/wordpress\/wp-content\/uploads\/2020\/09\/SOPPELSA-FATA-ANIMA.mp3\">https:\/\/www.radiopiu.net\/wordpress\/wp-content\/uploads\/2020\/09\/SOPPELSA-FATA-ANIMA.mp3<\/a><\/audio>\n<p>&nbsp;<\/p>\n<p><a class=\"dt-pswp-item\" href=\"https:\/\/www.radiopiu.net\/wordpress\/wp-content\/uploads\/2020\/09\/WhatsApp-Image-2020-09-20-at-17.38.24.jpeg\" data-dt-img-description=\"\" data-large_image_width=\"1200\" data-large_image_height=\"1600\"><img loading=\"lazy\" decoding=\"async\" class=\"size-medium wp-image-161593 alignleft\" src=\"https:\/\/www.radiopiu.net\/wordpress\/wp-content\/uploads\/2020\/09\/WhatsApp-Image-2020-09-20-at-17.38.24-225x300.jpeg\" alt=\"\" width=\"225\" height=\"300\" srcset=\"https:\/\/www.radiopiu.net\/wordpress\/wp-content\/uploads\/2020\/09\/WhatsApp-Image-2020-09-20-at-17.38.24-225x300.jpeg 225w, https:\/\/www.radiopiu.net\/wordpress\/wp-content\/uploads\/2020\/09\/WhatsApp-Image-2020-09-20-at-17.38.24-768x1024.jpeg 768w, https:\/\/www.radiopiu.net\/wordpress\/wp-content\/uploads\/2020\/09\/WhatsApp-Image-2020-09-20-at-17.38.24-1152x1536.jpeg 1152w, https:\/\/www.radiopiu.net\/wordpress\/wp-content\/uploads\/2020\/09\/WhatsApp-Image-2020-09-20-at-17.38.24-360x480.jpeg 360w, https:\/\/www.radiopiu.net\/wordpress\/wp-content\/uploads\/2020\/09\/WhatsApp-Image-2020-09-20-at-17.38.24.jpeg 1200w\" sizes=\"auto, (max-width: 225px) 100vw, 225px\" \/><\/a>Ottobre era iniziato com\u2019era finito settembre. Furono giorni di tempo splendido, con i boschi che giorno dopo giorno prendevano i colori dell\u2019autunno. Paolo sal\u00ec sul Monte ogni sabato ed ogni domenica di quel mese. Si sentiva un po\u2019 l\u2019umile custode del regno del Bosco Incantato. Un luogo di pace, dove nel tempo era sorto un piccolo ma grazioso castello. Era stata pure rimessa a nuovo la fontana dell\u2019Acqua Fatata ed era apparso il Tavolo Magico, da dove la vista poteva spaziare quasi all\u2019infinito. Il Bosco Incantato offriva meravigliose suggestioni in quei giorni limpidi. Il possente bramito dei cervi, lo sgargiante colore delle Amanite Muscarie. E poi i larici che diventavano d\u2019oro ed i faggi con le foglie rosse e crepitanti. Il 21 di ottobre fu il giorno perfetto. Paolo stette un pomeriggio intero sdraiato sul Tavolo Magico ad ammirare il cielo blu. E sperava che quel sogno non finisse mai. Lo disse pure a voce alta mentre a malincuore si apprestava a scendere da quel paradiso. Ma tutto era forse troppo bello per durare. Tre giorni dopo il Monte vide fiamme e fumo salire dalle Pale di San Lucano. E quella nube nera era un oscuro presagio di tristi eventi. A fine settimana arriv\u00f2 l\u2019acqua a spegnere le ultime fiamme, ma non c\u2019era nulla da festeggiare. Il Monte guardava il Biois gonfiarsi a vista d\u2019occhio di acqua marrone. Ascoltava nell\u2019oscurit\u00e0 della notte il suo rombo cupo. Paolo non sal\u00ec nel Bosco Incantato quella domenica. Un terribile sortilegio aleggiava su quelle montagne. Arriv\u00f2 luned\u00ec 29 ottobre. La Strega Vaia scaten\u00f2 la sua terrificante furia. Acqua e vento lasciarono incredulit\u00e0 e sgomento fra le genti di quelle vallate. Paolo, dalla Citt\u00e0 Splendente, sent\u00ec il richiamo del Bosco Incantato. Appena pot\u00e8 sal\u00ec sul Monte. Era la sera di Halloween, la sera degli Spiriti. E gli Spiriti del bosco lo fecero passare tranquillo fra quegli alberi schiantati. Lo guidarono in quell\u2019ambiente pauroso. Raggiunse il Castello e ringrazi\u00f2 gli Spiriti per averlo protetto deviando quel \u201cpez\u201d che l\u2019ha sfiorato. Seguirono giorni tristi e confusi. Paolo continu\u00f2 a salire sul Monte in quei giorni di novembre. Anche sotto la pioggia. Un giorno, ed era la domenica di San Martino, il Bosco Incantato lo cacci\u00f2 in preda al dolore. Paolo cap\u00ec e non si offese. Ritorn\u00f2 in punta di piedi per tutte le domeniche successive. Ma i suoi occhi guardavano solo gli alberi caduti. Non riusciva a cogliere i regali che qualcuno gli stava facendo ogni volta che saliva lass\u00f9. Doni semplici e preziosi. Come la vista di un animale oppure di un cielo limpido di quasi inverno. Arrivarono pure amicizie nuove e belle in quei giorni strani. Poi arriv\u00f2 l\u2019inverno. Scese la neve ed il monte si chiuse in un freddo silenzio. Paolo saliva al Castello anche in quei corti pomeriggi di gelo, ritrovando ogni volta un po\u2019 di ottimismo. La primavera giunse tardiva. Si sciolse la bianca coperta ed i larici si colorarono con il verde delle nuove gemme ed i faggi fecero spuntare nuove e scintillanti foglie. Anche la poiana Beatrice ricominci\u00f2 a volteggiare nello spicchio di cielo sopra il Castello. C\u2019era aria di nuova vita nel Bosco Incantato. Paolo non capiva da dove arrivassero tutte queste meraviglie. Ogni domenica c\u2019era un regalo che lo aspettava. Poi arriv\u00f2 un venerd\u00ec di luglio e finalmente l\u2019autore di questi prodigi decise di svelarsi agli occhi di chi, quel Castello l\u2019aveva ideato ed a quelli di chi l\u2019aveva costruito. Apparve sul sentiero che porta al Tavolo Magico. Era la Fata Anima. Una Fata di legno di \u201cpez\u201ddai lunghi capelli. Paolo ritorn\u00f2 da solo a trovarla due giorni dopo. La sentiva come una presenza amica e preziosa. E, quella domenica, la misteriosa Donna dai lunghi capelli gli fece l\u2019ennesimo regalo: i tuoni erano ancora lontani e Paolo era di fronte a lei. Ad un certo punto la Fata gli disse: vai, scendi al Castello che fra due minuti inizier\u00e0 il diluvio. Paolo guard\u00f2 il cielo, ma c\u2019era ancora il sole. Per\u00f2 ascolt\u00f2 le parole della Fata. Scese, e mentre apriva la porta si scaten\u00f2 un fortissimo temporale. Tuoni esplodevano come bombe nel cielo diventato improvvisamente nero ed una pioggia torrenziale picchiava sul tetto. Paolo non prese nemmeno una goccia di quella pioggia. A temporale finito risal\u00ec il breve sentiero per salutare Fata Anima. La ringrazi\u00f2 e scese dal monte a met\u00e0 pomeriggio. Con la nuova e preziosa serenit\u00e0 che la Fata di legno gli aveva regalato\u2026magiche Dolomiti!!!<\/p>\n","protected":false},"excerpt":{"rendered":"<p>&nbsp; FATA ANIMA AUDIO &nbsp; Ottobre era iniziato com\u2019era finito settembre. Furono giorni di tempo splendido, con i boschi che giorno dopo giorno prendevano i colori dell\u2019autunno. Paolo sal\u00ec sul Monte ogni sabato ed ogni domenica di quel mese. Si sentiva un po\u2019 l\u2019umile custode del regno del Bosco Incantato. Un luogo di pace, dove&hellip;<\/p>\n","protected":false},"author":4,"featured_media":161593,"comment_status":"closed","ping_status":"closed","sticky":false,"template":"","format":"standard","meta":{"_monsterinsights_skip_tracking":false,"_monsterinsights_sitenote_active":false,"_monsterinsights_sitenote_note":"","_monsterinsights_sitenote_category":0,"footnotes":""},"categories":[104,49,112],"tags":[],"class_list":["post-161592","post","type-post","status-publish","format-standard","has-post-thumbnail","hentry","category-evidenza_3","category-news-18","category-racconti-soppelsa","category-104","category-49","category-112","description-off"],"img_url":"https:\/\/www.radiopiu.net\/wordpress\/wp-content\/uploads\/2020\/09\/WhatsApp-Image-2020-09-20-at-17.38.24.jpeg","_links":{"self":[{"href":"https:\/\/www.radiopiu.net\/wordpress\/wp-json\/wp\/v2\/posts\/161592","targetHints":{"allow":["GET"]}}],"collection":[{"href":"https:\/\/www.radiopiu.net\/wordpress\/wp-json\/wp\/v2\/posts"}],"about":[{"href":"https:\/\/www.radiopiu.net\/wordpress\/wp-json\/wp\/v2\/types\/post"}],"author":[{"embeddable":true,"href":"https:\/\/www.radiopiu.net\/wordpress\/wp-json\/wp\/v2\/users\/4"}],"replies":[{"embeddable":true,"href":"https:\/\/www.radiopiu.net\/wordpress\/wp-json\/wp\/v2\/comments?post=161592"}],"version-history":[{"count":0,"href":"https:\/\/www.radiopiu.net\/wordpress\/wp-json\/wp\/v2\/posts\/161592\/revisions"}],"wp:featuredmedia":[{"embeddable":true,"href":"https:\/\/www.radiopiu.net\/wordpress\/wp-json\/wp\/v2\/media\/161593"}],"wp:attachment":[{"href":"https:\/\/www.radiopiu.net\/wordpress\/wp-json\/wp\/v2\/media?parent=161592"}],"wp:term":[{"taxonomy":"category","embeddable":true,"href":"https:\/\/www.radiopiu.net\/wordpress\/wp-json\/wp\/v2\/categories?post=161592"},{"taxonomy":"post_tag","embeddable":true,"href":"https:\/\/www.radiopiu.net\/wordpress\/wp-json\/wp\/v2\/tags?post=161592"}],"curies":[{"name":"wp","href":"https:\/\/api.w.org\/{rel}","templated":true}]}}