{"id":161852,"date":"2020-09-23T05:49:50","date_gmt":"2020-09-23T03:49:50","guid":{"rendered":"https:\/\/www.radiopiu.net\/wordpress\/?p=161852"},"modified":"2020-09-23T09:44:11","modified_gmt":"2020-09-23T07:44:11","slug":"giornale-radiopiu-23-settembre-2020-direttore-mirko-mezzacasa","status":"publish","type":"post","link":"https:\/\/www.radiopiu.net\/wordpress\/giornale-radiopiu-23-settembre-2020-direttore-mirko-mezzacasa\/","title":{"rendered":"GIORNALE RADIOPIU 23 SETTEMBRE 2020 DIRETTORE MIRKO MEZZACASA"},"content":{"rendered":"<h3><strong>PER RICEVERE QUESTO NOTIZIARIO DIRETTAMENTE SUL TUO CELLULARE ISCRIVITI AL CANALE TELEGRAM <\/strong><strong>\u201cRADIO PIU\u00a0 INFORMAZIONE&#8221;<\/strong><\/h3>\n<p><em>ATTENZIONE: LA NUOVA APP PER IOS-IPHONE<\/em><\/p>\n<div>\n<div><a href=\"https:\/\/apps.apple.com\/it\/app\/radio-pi%C3%B9-emittente-agordina\/id1515939845\">https:\/\/apps.apple.com\/it\/app\/radio-pi%C3%B9-emittente-agordina\/id1515939845<\/a><\/div>\n<\/div>\n<div><\/div>\n<div>\n<div dir=\"auto\"><em>ATTENZIONE: LA NUOVA APP RADIO\u00a0 PER ANDROID<\/em><\/div>\n<\/div>\n<p><a href=\"https:\/\/play.google.com\/store\/apps\/details?id=net.radiopiu.iniko\" target=\"_blank\" rel=\"noopener noreferrer\">https:\/\/play.google.com\/store\/apps\/details?id=net.radiopiu.iniko<\/a><\/p>\n<p>&nbsp;<\/p>\n<hr \/>\n<p>&nbsp;<\/p>\n<p><strong>SR 203 AGORDINA<\/strong> dal 23 al 30 settembre, dalle 8 alle 17, sabato e domenica esclusi, senso unico alternato regolato da semaforo in localit\u00e0 Listolade di Taibon Agordino per asfaltatura tratti interessati dalla posa della fibra ottica<\/p>\n<p><strong>PROVINCIALE 35 &#8211; LASTE<\/strong><br \/>\nPer allargamento della sede stradale in localit\u00e0 Laste di Sopra limitazioni al transito fino al 15 ottobre esclusi festivi e prefestivi, brevi interruzioni durata massima di 15 minuti tra le 8 e le 12 e tra le 13 e le 17.\u00a0Negli altri orari semaforo e senso unico alternato<\/p>\n<p><strong>PROVINCIALE 29 COL FALCON, PONTE SERRA-FALIER (Sovramonte)<\/strong><\/p>\n<p>fino al 23 settembre (sabato e domenica escluso) dalle 8 alle 18 divieto di transito ai veicoli con massa superiore a 3,5 tonellate. Interdizione totale al transito veicolare in entrambi i sensi di marcia nelle fasce orarie: 830-10; 10.30-12; 14.10-16; 16.30-18, nelle altre ore senso unico alternato regolato da semaforo<\/p>\n<p>&nbsp;<\/p>\n<hr \/>\n<p>&nbsp;<\/p>\n<blockquote>\n<h3>GRAVE INFORTUNIO SUL LAVORO, DONNA SUBISCE L&#8217;AMPUTAZIONE DELL&#8217;AVAMBRACCIO. L&#8217;ARTO IMPIGLIATO NEL TRATTORE CHE STAVA TRAINANDO.<\/h3>\n<\/blockquote>\n<div dir=\"auto\"><strong>BORGO VALBELLUNA<\/strong> Grave incidente ieri nell&#8217;azienda agricola &#8220;Da Canal&#8221; dove la titolare Lucia Da Canal,\u00a0 50 anni si \u00e8 gravemente infortunata mentre armeggiava nei pressi dell&#8221;albero cardanico di un trattore. Terribile come si sono svolti i fatti, la parte dinamica del trattore gli ha strappato l&#8217;avambraccio destro. Sul posto l&#8217;elicottero del Suem per il trasporto dell&#8217;infortunata all&#8217;ospedale di Borgo Trento (Verona), i Carabinieri di Trichiana per le indagini con il personale dello Spisal. La donna \u00e8 ricoverata in prognosi riservata, non \u00e8 in pericolo di vita.E&#8217; stata soccorsa dalla sorella Fiorenza Da Canal gi\u00e0 sindaco di Trichiana, non ha mai perso conoscenza, anzi ha istruito la sorella su come lavorare nelle ore successive al suo ricovero in ospedale.<em> &#8220;Mia sorella &#8211; ha detto Fiorenza- \u00e8 una guerriera, una combattente che sapr\u00e0 uscire anche da questa situazione&#8221;<\/em><\/div>\n<div dir=\"auto\">\n\n\t\t\t<style type='text\/css'>\n\t\t\t\t#gallery-1 {\n\t\t\t\t\tmargin: auto;\n\t\t\t\t}\n\t\t\t\t#gallery-1 .gallery-item {\n\t\t\t\t\tfloat: left;\n\t\t\t\t\tmargin-top: 10px;\n\t\t\t\t\ttext-align: center;\n\t\t\t\t\twidth: 33%;\n\t\t\t\t}\n\t\t\t\t#gallery-1 img {\n\t\t\t\t\tborder: 2px solid #cfcfcf;\n\t\t\t\t}\n\t\t\t\t#gallery-1 .gallery-caption {\n\t\t\t\t\tmargin-left: 0;\n\t\t\t\t}\n\t\t\t\t\/* see gallery_shortcode() in wp-includes\/media.php *\/\n\t\t\t<\/style>\n\t\t<div id='gallery-1' class='dt-gallery-container gallery galleryid-161852 gallery-columns-3 gallery-size-thumbnail'><dl class='gallery-item'>\n\t\t\t\t<dt class='gallery-icon landscape'>\n\t\t\t\t\t<a class=\"rollover rollover-zoom dt-pswp-item\" title=\"9d598714-843f-446f-b1c3-cbb575865dc7\" data-dt-img-description=\"\" data-large_image_width=\"1280\" data-large_image_height=\"960\"href='https:\/\/www.radiopiu.net\/wordpress\/wp-content\/uploads\/2020\/09\/9d598714-843f-446f-b1c3-cbb575865dc7.jpg'><img loading=\"lazy\" decoding=\"async\" width=\"150\" height=\"150\" src=\"https:\/\/www.radiopiu.net\/wordpress\/wp-content\/uploads\/2020\/09\/9d598714-843f-446f-b1c3-cbb575865dc7-150x150.jpg\" class=\"attachment-thumbnail size-thumbnail\" alt=\"\" srcset=\"https:\/\/www.radiopiu.net\/wordpress\/wp-content\/uploads\/2020\/09\/9d598714-843f-446f-b1c3-cbb575865dc7-150x150.jpg 150w, https:\/\/www.radiopiu.net\/wordpress\/wp-content\/uploads\/2020\/09\/9d598714-843f-446f-b1c3-cbb575865dc7-125x125.jpg 125w, https:\/\/www.radiopiu.net\/wordpress\/wp-content\/uploads\/2020\/09\/9d598714-843f-446f-b1c3-cbb575865dc7-200x200.jpg 200w, https:\/\/www.radiopiu.net\/wordpress\/wp-content\/uploads\/2020\/09\/9d598714-843f-446f-b1c3-cbb575865dc7-80x80.jpg 80w\" sizes=\"auto, (max-width: 150px) 100vw, 150px\" \/><\/a>\n\t\t\t\t<\/dt><\/dl><dl class='gallery-item'>\n\t\t\t\t<dt class='gallery-icon portrait'>\n\t\t\t\t\t<a class=\"rollover rollover-zoom dt-pswp-item\" title=\"482813b1-9045-48e2-a45e-0709e4e06d18\" data-dt-img-description=\"\" data-large_image_width=\"960\" data-large_image_height=\"1280\"href='https:\/\/www.radiopiu.net\/wordpress\/wp-content\/uploads\/2020\/09\/482813b1-9045-48e2-a45e-0709e4e06d18.jpg'><img loading=\"lazy\" decoding=\"async\" width=\"150\" height=\"150\" src=\"https:\/\/www.radiopiu.net\/wordpress\/wp-content\/uploads\/2020\/09\/482813b1-9045-48e2-a45e-0709e4e06d18-150x150.jpg\" class=\"attachment-thumbnail size-thumbnail\" alt=\"\" srcset=\"https:\/\/www.radiopiu.net\/wordpress\/wp-content\/uploads\/2020\/09\/482813b1-9045-48e2-a45e-0709e4e06d18-150x150.jpg 150w, https:\/\/www.radiopiu.net\/wordpress\/wp-content\/uploads\/2020\/09\/482813b1-9045-48e2-a45e-0709e4e06d18-125x125.jpg 125w, https:\/\/www.radiopiu.net\/wordpress\/wp-content\/uploads\/2020\/09\/482813b1-9045-48e2-a45e-0709e4e06d18-200x200.jpg 200w, https:\/\/www.radiopiu.net\/wordpress\/wp-content\/uploads\/2020\/09\/482813b1-9045-48e2-a45e-0709e4e06d18-80x80.jpg 80w\" sizes=\"auto, (max-width: 150px) 100vw, 150px\" \/><\/a>\n\t\t\t\t<\/dt><\/dl><dl class='gallery-item'>\n\t\t\t\t<dt class='gallery-icon portrait'>\n\t\t\t\t\t<a class=\"rollover rollover-zoom dt-pswp-item\" title=\"48ebe7ea-93ef-41c9-8d59-db4d1c0abcfc\" data-dt-img-description=\"\" data-large_image_width=\"960\" data-large_image_height=\"1280\"href='https:\/\/www.radiopiu.net\/wordpress\/wp-content\/uploads\/2020\/09\/48ebe7ea-93ef-41c9-8d59-db4d1c0abcfc.jpg'><img loading=\"lazy\" decoding=\"async\" width=\"150\" height=\"150\" src=\"https:\/\/www.radiopiu.net\/wordpress\/wp-content\/uploads\/2020\/09\/48ebe7ea-93ef-41c9-8d59-db4d1c0abcfc-150x150.jpg\" class=\"attachment-thumbnail size-thumbnail\" alt=\"\" srcset=\"https:\/\/www.radiopiu.net\/wordpress\/wp-content\/uploads\/2020\/09\/48ebe7ea-93ef-41c9-8d59-db4d1c0abcfc-150x150.jpg 150w, https:\/\/www.radiopiu.net\/wordpress\/wp-content\/uploads\/2020\/09\/48ebe7ea-93ef-41c9-8d59-db4d1c0abcfc-125x125.jpg 125w, https:\/\/www.radiopiu.net\/wordpress\/wp-content\/uploads\/2020\/09\/48ebe7ea-93ef-41c9-8d59-db4d1c0abcfc-200x200.jpg 200w, https:\/\/www.radiopiu.net\/wordpress\/wp-content\/uploads\/2020\/09\/48ebe7ea-93ef-41c9-8d59-db4d1c0abcfc-80x80.jpg 80w\" sizes=\"auto, (max-width: 150px) 100vw, 150px\" \/><\/a>\n\t\t\t\t<\/dt><\/dl><br style=\"clear: both\" \/>\n\t\t\t<\/div>\n\n<\/div>\n<p>&nbsp;<\/p>\n<hr \/>\n<p>&nbsp;<\/p>\n<blockquote>\n<h3>UN FERITO NELL&#8217;INCIDENTE DI IERI MATTINA, LA POLO FINISCE NEL FOSSO<\/h3>\n<\/blockquote>\n<div class=\"im_message_text\" dir=\"auto\"><strong>SAN GREGORIO NELLE ALPI<\/strong> Incidente stradale lungo la regionale 50, ieri una Polo condotta da A.G. vent&#8217;anni del posto si \u00e8 scontrata con un&#8217;Alfa 159 condotta da P.M. 61 anni di Trebaseleghe (Padova) in procinto di svoltare a sinistra.\u00a0 La Polo ha terminato la sua corsa nel canale, il conducente\u00a0 all&#8217;ospedale per le ferite riportate. Sul posto per i rilievi i Carabinieri.<\/div>\n<div dir=\"auto\">\n\n\t\t\t<style type='text\/css'>\n\t\t\t\t#gallery-2 {\n\t\t\t\t\tmargin: auto;\n\t\t\t\t}\n\t\t\t\t#gallery-2 .gallery-item {\n\t\t\t\t\tfloat: left;\n\t\t\t\t\tmargin-top: 10px;\n\t\t\t\t\ttext-align: center;\n\t\t\t\t\twidth: 50%;\n\t\t\t\t}\n\t\t\t\t#gallery-2 img {\n\t\t\t\t\tborder: 2px solid #cfcfcf;\n\t\t\t\t}\n\t\t\t\t#gallery-2 .gallery-caption {\n\t\t\t\t\tmargin-left: 0;\n\t\t\t\t}\n\t\t\t\t\/* see gallery_shortcode() in wp-includes\/media.php *\/\n\t\t\t<\/style>\n\t\t<div id='gallery-2' class='dt-gallery-container gallery galleryid-161852 gallery-columns-2 gallery-size-thumbnail'><dl class='gallery-item'>\n\t\t\t\t<dt class='gallery-icon portrait'>\n\t\t\t\t\t<a class=\"rollover\" href='https:\/\/www.radiopiu.net\/wordpress\/stefano-da-zanche-sindaco-di-gosaldo-con-316-voti-94\/a51b6fb0-fbbe-4f79-8691-80a48df16cf3\/'><img loading=\"lazy\" decoding=\"async\" width=\"150\" height=\"150\" src=\"https:\/\/www.radiopiu.net\/wordpress\/wp-content\/uploads\/2020\/09\/a51b6fb0-fbbe-4f79-8691-80a48df16cf3-150x150.jpg\" class=\"attachment-thumbnail size-thumbnail\" alt=\"\" srcset=\"https:\/\/www.radiopiu.net\/wordpress\/wp-content\/uploads\/2020\/09\/a51b6fb0-fbbe-4f79-8691-80a48df16cf3-150x150.jpg 150w, https:\/\/www.radiopiu.net\/wordpress\/wp-content\/uploads\/2020\/09\/a51b6fb0-fbbe-4f79-8691-80a48df16cf3-125x125.jpg 125w, https:\/\/www.radiopiu.net\/wordpress\/wp-content\/uploads\/2020\/09\/a51b6fb0-fbbe-4f79-8691-80a48df16cf3-200x200.jpg 200w, https:\/\/www.radiopiu.net\/wordpress\/wp-content\/uploads\/2020\/09\/a51b6fb0-fbbe-4f79-8691-80a48df16cf3-80x80.jpg 80w\" sizes=\"auto, (max-width: 150px) 100vw, 150px\" \/><\/a>\n\t\t\t\t<\/dt><\/dl><dl class='gallery-item'>\n\t\t\t\t<dt class='gallery-icon portrait'>\n\t\t\t\t\t<a class=\"rollover\" href='https:\/\/www.radiopiu.net\/wordpress\/stefano-da-zanche-sindaco-di-gosaldo-con-316-voti-94\/739e7379-97c0-4c23-9861-fe72c52073ea\/'><img loading=\"lazy\" decoding=\"async\" width=\"150\" height=\"150\" src=\"https:\/\/www.radiopiu.net\/wordpress\/wp-content\/uploads\/2020\/09\/739e7379-97c0-4c23-9861-fe72c52073ea-150x150.jpg\" class=\"attachment-thumbnail size-thumbnail\" alt=\"\" srcset=\"https:\/\/www.radiopiu.net\/wordpress\/wp-content\/uploads\/2020\/09\/739e7379-97c0-4c23-9861-fe72c52073ea-150x150.jpg 150w, https:\/\/www.radiopiu.net\/wordpress\/wp-content\/uploads\/2020\/09\/739e7379-97c0-4c23-9861-fe72c52073ea-125x125.jpg 125w, https:\/\/www.radiopiu.net\/wordpress\/wp-content\/uploads\/2020\/09\/739e7379-97c0-4c23-9861-fe72c52073ea-200x200.jpg 200w, https:\/\/www.radiopiu.net\/wordpress\/wp-content\/uploads\/2020\/09\/739e7379-97c0-4c23-9861-fe72c52073ea-80x80.jpg 80w\" sizes=\"auto, (max-width: 150px) 100vw, 150px\" \/><\/a>\n\t\t\t\t<\/dt><\/dl><br style=\"clear: both\" \/>\n\t\t\t<\/div>\n\n<hr \/>\n<\/div>\n<p>&nbsp;<\/p>\n<blockquote>\n<h3>SESSANTENNE INVESTITO<\/h3>\n<\/blockquote>\n<p><strong>FELTRE<\/strong> Un uomo di 60 anni \u00e8 stato investito davanti all&#8217;ospedale di Feltre, \u00e8 finito al pronto soccorso con ferite di media gravit\u00e0.<\/p>\n<p>Alla rotonda di Nemeggio qualcuno uscendo di strada ha travolto e danneggiato cartellonistica e luci, poi si \u00e8 dato alla fuga. Lo cerca la Polizia Locale.<\/p>\n<div dir=\"auto\">\n<p>&nbsp;<\/p>\n<p>&nbsp;<\/p>\n<hr \/>\n<p>&nbsp;<\/p>\n<blockquote>\n<h3>L&#8217;ATLETA OLTRE LA DISABILITA&#8217;, L&#8217;ADDIO A MARCO DE DEMO<\/h3>\n<\/blockquote>\n<h2><span style=\"color: #0000ff;\">dal sito NEWSINQUOTA.IT<\/span><\/h2>\n<p><strong>di Marco D&#8217;inc\u00e0_Ponte nelle Alpi<\/strong><\/p>\n<p><strong><a class=\"dt-pswp-item\" href=\"https:\/\/www.radiopiu.net\/wordpress\/wp-content\/uploads\/2020\/09\/Marco_De_Demo_1.jpg\" data-dt-img-description=\"\" data-large_image_width=\"1427\" data-large_image_height=\"882\"><img loading=\"lazy\" decoding=\"async\" class=\" wp-image-162075 alignleft\" src=\"https:\/\/www.radiopiu.net\/wordpress\/wp-content\/uploads\/2020\/09\/Marco_De_Demo_1-300x185.jpg\" alt=\"\" width=\"263\" height=\"162\" srcset=\"https:\/\/www.radiopiu.net\/wordpress\/wp-content\/uploads\/2020\/09\/Marco_De_Demo_1-300x185.jpg 300w, https:\/\/www.radiopiu.net\/wordpress\/wp-content\/uploads\/2020\/09\/Marco_De_Demo_1-1024x633.jpg 1024w, https:\/\/www.radiopiu.net\/wordpress\/wp-content\/uploads\/2020\/09\/Marco_De_Demo_1-768x475.jpg 768w, https:\/\/www.radiopiu.net\/wordpress\/wp-content\/uploads\/2020\/09\/Marco_De_Demo_1-640x396.jpg 640w, https:\/\/www.radiopiu.net\/wordpress\/wp-content\/uploads\/2020\/09\/Marco_De_Demo_1.jpg 1427w\" sizes=\"auto, (max-width: 263px) 100vw, 263px\" \/><\/a>ALPAGO<\/strong>\u00a0 Se n\u2019\u00e8 andato troppo presto, Marco De Demo. A soli 37 anni. E a piangerlo non \u00e8 solo il paesino di Borsoi, in cui abitava, e la comunit\u00e0 di Tambre. Lo piangono un\u2019intera provincia e il mondo dello sport. Un mondo di cui Marco faceva parte a tutti gli effetti. Nonostante la disabilit\u00e0.\u00a0 Perch\u00e9 De Demo eccelleva in una disciplina in cui l\u2019uso degli arti inferiori non \u00e8 necessario: il tiro a segno. Non a caso, lo chiamavano \u201ccecchino\u201d.\u00a0 Dal 2014, si \u00e8 sempre distinto per risultati di altissimo spessore: non solo a livello provinciale o regionale. Anche in ambito nazionale. Basti pensare che, nel 2015, aveva ottenuto un brillante quinto posto nella carabina R5, ai campionati italiani. Senza considerare svariati titoli e piazzamenti, conquistati in una carriera da incorniciare.\u00a0 Faceva parte del \u201cTiro a segno nazionale Ponte nelle Alpi\u201d, un\u2019associazione affiliata Uits e Coni, che da molti anni opera sul territorio con base al poligono di tiro di Nuova Erto. A questo proposito, il 30 dicembre scorso, De Demo era stato premiato nel municipio di Cadola dall\u2019amministrazione pontalpina per \u00abl\u2019impegno, la passione e i grandi risultati raggiunti\u00bb.\u00a0 Lo ricorda pure l\u2019Assi, a cui era legato: \u00ab\u00c8 stato uno dei primi associati e, grazie anche alle nostre attivit\u00e0, \u00e8 stato bravo a costruirsi una vita in cui cercava sempre la propria indipendenza\u00bb.\u00a0 Il funerale si svolger\u00e0 in forma privata.\u00a0 Il &#8220;cecchino&#8221; ci lascia. Ma la sua forza e il suo esempio rimangono. Quelli s\u00ec, per sempre.\u00a0 \u00a0<em>Buon viaggio, Marco.\u00a0<\/em><\/p>\n<p>&nbsp;<\/p>\n<p>&nbsp;<\/p>\n<hr \/>\n<p>&nbsp;<\/p>\n<blockquote>\n<h3>RECUPERATE ESCURSIONISTE IN DIFFICOLT\u00c0 NEL GRUPPO DEL SORAPISS<\/h3>\n<\/blockquote>\n<p><strong><a class=\"dt-pswp-item\" href=\"https:\/\/www.radiopiu.net\/wordpress\/wp-content\/uploads\/2020\/09\/salt_20200922_194408_278_resized.jpg\" data-dt-img-description=\"\" data-large_image_width=\"886\" data-large_image_height=\"1182\"><img loading=\"lazy\" decoding=\"async\" class=\"size-medium wp-image-162089 alignleft\" src=\"https:\/\/www.radiopiu.net\/wordpress\/wp-content\/uploads\/2020\/09\/salt_20200922_194408_278_resized-225x300.jpg\" alt=\"\" width=\"225\" height=\"300\" srcset=\"https:\/\/www.radiopiu.net\/wordpress\/wp-content\/uploads\/2020\/09\/salt_20200922_194408_278_resized-225x300.jpg 225w, https:\/\/www.radiopiu.net\/wordpress\/wp-content\/uploads\/2020\/09\/salt_20200922_194408_278_resized-768x1025.jpg 768w, https:\/\/www.radiopiu.net\/wordpress\/wp-content\/uploads\/2020\/09\/salt_20200922_194408_278_resized-360x480.jpg 360w, https:\/\/www.radiopiu.net\/wordpress\/wp-content\/uploads\/2020\/09\/salt_20200922_194408_278_resized.jpg 886w\" sizes=\"auto, (max-width: 225px) 100vw, 225px\" \/><\/a>CORTINA<\/strong> Alle 15.30 circa il Soccorso alpino di Cortina \u00e8 stato allertato per due escursioniste in difficolt\u00e0 nel Gruppo del Sorapiss. Le due donne di 41 e 42 anni, di nazionalita belga, stavano scendendo lungo il sentiero numero 216 da Forcella Marcuoira verso il Rifugio Vandelli, quando, anzich\u00e9 prendere il tratto attrezzato erano andate dritte ritrovandosi sopra salti di roccia. Complici nebbia e pioggia, non erano pi\u00f9 state in grado di tornare sui loro passi. Una squadra del Soccorso alpino e del Sagf di Cortina \u00e8 quindi risalita in un&#8217;ora e mezza a piedi, le ha individuate, raggiunte e riportate sul sentiero per poi scendere con loro al Passo Tre Croci.<\/p>\n<p>&nbsp;<\/p>\n<p>&nbsp;<\/p>\n<p>&nbsp;<\/p>\n<p>&nbsp;<\/p>\n<p>&nbsp;<\/p>\n<hr \/>\n<\/div>\n<p>&nbsp;<\/p>\n<p><span style=\"color: #ff0000;\"><strong>OGGI SUL CORRIERE DELLE ALPI<\/strong><\/span><\/p>\n<blockquote>\n<h3>GRAVE UNA BELLUNESE PESTATA IN CENTRO A CONEGLIANO<\/h3>\n<\/blockquote>\n<p><strong><a class=\"dt-pswp-item\" href=\"https:\/\/www.radiopiu.net\/wordpress\/wp-content\/uploads\/2020\/09\/Conegliano_staz_ferr_lato_binari.jpg\" data-dt-img-description=\"\" data-large_image_width=\"220\" data-large_image_height=\"147\"><img loading=\"lazy\" decoding=\"async\" class=\" wp-image-162101 alignleft\" src=\"https:\/\/www.radiopiu.net\/wordpress\/wp-content\/uploads\/2020\/09\/Conegliano_staz_ferr_lato_binari.jpg\" alt=\"\" width=\"177\" height=\"118\" \/><\/a>CONEGLIANO <\/strong>Presa a pugni e gettata a terra, una donna bellunese di 31 anni \u00e8 finita in ospedale ieri pomeriggio dopo essere stata aggredita nel piazzale della stazione. \u00c8 caccia all&#8217;aggressore, un suo conoscente con cui si sarebbe data appuntamento. Si indaga a 360 gradi, ma \u00e8 esclusa la pista amorosa. La trentenne \u00e8 stata tenuta ieri sotto osservazione dai medici. Ha riportato tumefazioni al volto e un trauma in seguito alla caduta, ma non \u00e8 in pericolo di vita&#8230;<\/p>\n<p>&nbsp;<\/p>\n<hr \/>\n<h3><span style=\"color: #ff0000;\">OGGI SUL GAZZETTINO<\/span><\/h3>\n<blockquote>\n<h3>ANZIANA TRUFFATA, RUBATI I GIOELLI DI FAMIGLIA<\/h3>\n<\/blockquote>\n<p><strong>CORTINA<\/strong> Denaro e gioielli per oltre 300 mila euro, \u00e8 il bottino recuperato dalla Polizia locale di Milano e consegnato alla famiglia di un&#8217;ottantenne. Il furto con raggiro messo a segno da due giovani di Cortina in concorso con altre tre persone. A segnalare l&#8217;anomalia sui conti correnti da oltre un anno i famigliari dell&#8217;anziana donna. L&#8217;affascinante ragazzo di Cortina N.D.L, 30 anni figlio di gioiellieri,\u00a0 ha riempito di attenzioni la donna e non sono mancati gli omaggi ed i regali, in un anno e mezzo almeno 150 mila euro in acquisti. Denunciato anche un notaio per aver firmato una donazione da 120 mila euro. Quindi i gioielli che il giovane ha dato ai genitori per metterli in vendita nel negozio di Cortina, anche i genitori dovranno rispondere alla giustizia.<\/p>\n<p>&nbsp;<\/p>\n<hr \/>\n<p>&nbsp;<\/p>\n<blockquote>\n<h3>FURTO AL RIFUGIO AQUILEIA<\/h3>\n<\/blockquote>\n<p><strong>SELVA DI CADORE<\/strong>\u00a0 \u00a0Nell&#8217;ultimo giorno di apertura, nel giorno del compleanno del gestore Sebastiano Berto, furto al rifugio. Rubate una motosega, una piallatrice elettrica ed anche l&#8217;ascia per tagliare la legna, un danno da 600 euro (coperto dall&#8217;assicurazione), molto di pi\u00f9 per il morale di chi dedica la propria vita ad un lavoro impegnativo. Nella notte si sarebbe avvicinata un&#8217;auto con i fari accesi, potrebbero essere gli autori del furto mirato,\u00a0 gi\u00e0 denunciato ai Carabinieri di Caprile.<\/p>\n<p>&nbsp;<\/p>\n<hr \/>\n<p>&nbsp;<\/p>\n<blockquote>\n<h3>AMBULANTE DAI PRODOTTI CONTRAFFATTI<\/h3>\n<\/blockquote>\n<p><strong>SEDICO<\/strong> La Polizia stradale di Belluno ha fermato un ambulante (con precedenti per ricettazione e commercio di merce con marchi contraffatti),\u00a0 sotto il sedile, gli agenti hanno trovato una giacca a vento marchiata Colmar. Nel vano della ruota di scorta dell&#8217;Audi, c&#8217;erano 25 capi di abbigliamento\u00a0 non autentici, tutti\u00a0 falsi. Denunciato per ricettazione e introduzione di prodotti falsi.<\/p>\n<div dir=\"auto\">\n<p>&nbsp;<\/p>\n<hr \/>\n<p>&nbsp;<\/p>\n<\/div>\n<blockquote>\n<h1>REGIONALI: I CONSIGLIERI PIU&#8217; VOTATI<\/h1>\n<h3>TRE BELLUNESI NEL CONSIGLIO REGIONALE: GIANPAOLO BOTTACIN, SILVIA CESTARO (LA PIU&#8217; PROBABILE) E GIOVANNI PUPPATO (se Bottacin come \u00e8 molto probabile entra in Giunta). RIMANE FUORI FRANCO GIDONI NONOSTANTE LE QUASI 1000 PREFERENZE ma per esserne certi bisogner\u00e0 attendere ancora qualche giorno. NEL FELTRINO BUON RISULTATO PER ADIS ZATTA CON 2121 PREFERENZE, IL SECONDO PIU&#8217; VOTATO IN PROVINCIA NEL PARTITO PD CHE HA RACCOLTO IL 12,9% E BEN IL 18,5% A FELTRE CITTA&#8217; (947 PREFERENZE per Zatta) CHE CONFERMANO L&#8217;APPREZZAMENTO PER L&#8217;AMMINISTRAZIONE COMUNALE DEL SINDACO PAOLO PERENZIN DOVE ZATTA E&#8217; ASSESSORE AI LAVORI PUBBLICI.<\/h3>\n<\/blockquote>\n<p><strong>GIOVANNI PUPPATO<\/strong> Leghista da trent&#8217;anni, ex presidente di Ater per una dozzina, consigliere comunale e vicesindaco a Limana, ma anche membro di giunta nazionale di Federcasa, presidente del gruppo nord est dell&#8217;edilizia residenziale pubblica, gi\u00e0 presidente del Limana Calcio, impegnato nella Pro Loco <em>&#8220;Sono soddisfatto perch\u00e9 1.110 preferenze non sono facili da ottenere e tantissima gente mi ha aiutato. Ovviamente c&#8217;\u00e8 chi \u00e8 pi\u00f9 bravo di me e ne ha prese di pi\u00f9, ma \u00e8 stato bello sentire la solidariet\u00e0 dei tanti che si sono offerti di darmi una mano dimostrandomi che hanno fiducia in me&#8221;. <\/em><\/p>\n<blockquote class=\"wp-embedded-content\" data-secret=\"YEKbn2J2Pf\"><p><a href=\"https:\/\/www.radiopiu.net\/wordpress\/gli-eletti-del-consiglio-regionale-pdf-dati-ufficiosi\/\">GLI ELETTI NEL CONSIGLIO REGIONALE &#8211; PDF- dati ufficiosi<\/a><\/p><\/blockquote>\n<p><iframe loading=\"lazy\" class=\"wp-embedded-content\" sandbox=\"allow-scripts\" security=\"restricted\" style=\"position: absolute; clip: rect(1px, 1px, 1px, 1px);\" title=\"&#8220;GLI ELETTI NEL CONSIGLIO REGIONALE &#8211; PDF- dati ufficiosi&#8221; &#8212; Radio Pi\u00f9\" src=\"https:\/\/www.radiopiu.net\/wordpress\/gli-eletti-del-consiglio-regionale-pdf-dati-ufficiosi\/embed\/#?secret=YEKbn2J2Pf\" data-secret=\"YEKbn2J2Pf\" width=\"600\" height=\"338\" frameborder=\"0\" marginwidth=\"0\" marginheight=\"0\" scrolling=\"no\"><\/iframe><\/p>\n<p>&nbsp;<\/p>\n<hr \/>\n<p>&nbsp;<\/p>\n<blockquote>\n<h1>PRIMA CONFERENZA STAMPA DEL PRESIDENTE\u00a0 LUCA ZAIA, CALCOLI E GRAZIE<\/h1>\n<\/blockquote>\n<blockquote class=\"wp-embedded-content\" data-secret=\"wy17mksm0W\"><p><a href=\"https:\/\/www.radiopiu.net\/wordpress\/il-terzo-zaia-conferenza-stampa-di-nuovo-da-presidente-diretta\/\">IL TERZO ZAIA, CONFERENZA STAMPA DI NUOVO DA PRESIDENTE &#8211; diretta &#8211;<\/a><\/p><\/blockquote>\n<p><iframe loading=\"lazy\" class=\"wp-embedded-content\" sandbox=\"allow-scripts\" security=\"restricted\" style=\"position: absolute; clip: rect(1px, 1px, 1px, 1px);\" title=\"&#8220;IL TERZO ZAIA, CONFERENZA STAMPA DI NUOVO DA PRESIDENTE &#8211; diretta &#8211;&#8221; &#8212; Radio Pi\u00f9\" src=\"https:\/\/www.radiopiu.net\/wordpress\/il-terzo-zaia-conferenza-stampa-di-nuovo-da-presidente-diretta\/embed\/#?secret=wy17mksm0W\" data-secret=\"wy17mksm0W\" width=\"600\" height=\"338\" frameborder=\"0\" marginwidth=\"0\" marginheight=\"0\" scrolling=\"no\"><\/iframe><\/p>\n<p>&nbsp;<\/p>\n<hr \/>\n<p>&nbsp;<\/p>\n<blockquote>\n<h3>IL PIU&#8217; VOTATO: GIANPAOLO BOTTACIN DA ASSESSORE ALLA PROTEZIONE CIVILE USCENTE A..?<\/h3>\n<\/blockquote>\n<p>&nbsp;<\/p>\n<p><strong><a class=\"dt-pswp-item\" href=\"https:\/\/www.radiopiu.net\/wordpress\/wp-content\/uploads\/2018\/10\/Bottacin-Gava-per-sopralluogo-in-Agordino.jpg\" data-dt-img-description=\"\" data-large_image_width=\"1336\" data-large_image_height=\"1004\"><img loading=\"lazy\" decoding=\"async\" class=\"wp-image-65263 alignleft\" src=\"https:\/\/www.radiopiu.net\/wordpress\/wp-content\/uploads\/2018\/10\/Bottacin-Gava-per-sopralluogo-in-Agordino-300x225.jpg\" alt=\"\" width=\"139\" height=\"104\" srcset=\"https:\/\/www.radiopiu.net\/wordpress\/wp-content\/uploads\/2018\/10\/Bottacin-Gava-per-sopralluogo-in-Agordino-300x225.jpg 300w, https:\/\/www.radiopiu.net\/wordpress\/wp-content\/uploads\/2018\/10\/Bottacin-Gava-per-sopralluogo-in-Agordino-768x577.jpg 768w, https:\/\/www.radiopiu.net\/wordpress\/wp-content\/uploads\/2018\/10\/Bottacin-Gava-per-sopralluogo-in-Agordino-1024x770.jpg 1024w, https:\/\/www.radiopiu.net\/wordpress\/wp-content\/uploads\/2018\/10\/Bottacin-Gava-per-sopralluogo-in-Agordino.jpg 1336w\" sizes=\"auto, (max-width: 139px) 100vw, 139px\" \/><\/a><\/strong><\/p>\n<p>&nbsp;<\/p>\n<p>&nbsp;<\/p>\n<p><strong>L&#8217;INTERVISTA DAL GIORNALE RADIO PRINCIPALE<\/strong><\/p>\n<audio class=\"wp-audio-shortcode\" id=\"audio-161852-1\" preload=\"none\" style=\"width: 100%;\" controls=\"controls\"><source type=\"audio\/mpeg\" src=\"https:\/\/www.radiopiu.net\/wordpress\/wp-content\/uploads\/2020\/09\/BOTTACIN.mp3?_=1\" \/><a href=\"https:\/\/www.radiopiu.net\/wordpress\/wp-content\/uploads\/2020\/09\/BOTTACIN.mp3\">https:\/\/www.radiopiu.net\/wordpress\/wp-content\/uploads\/2020\/09\/BOTTACIN.mp3<\/a><\/audio>\n<p>&nbsp;<\/p>\n<hr \/>\n<p>&nbsp;<\/p>\n<blockquote>\n<h1>SILVIA CESTARO UN SINDACO A VENEZIA, A PRIMAVERA ELEZIONI PER IL NUOVO SINDACO<\/h1>\n<\/blockquote>\n<p><a class=\"dt-pswp-item\" href=\"https:\/\/www.radiopiu.net\/wordpress\/wp-content\/uploads\/2020\/04\/SILVA-CESTARO-2020.jpg\" data-dt-img-description=\"\" data-large_image_width=\"1200\" data-large_image_height=\"1600\"><img loading=\"lazy\" decoding=\"async\" class=\"wp-image-130287 alignleft\" src=\"https:\/\/www.radiopiu.net\/wordpress\/wp-content\/uploads\/2020\/04\/SILVA-CESTARO-2020-225x300.jpg\" alt=\"\" width=\"121\" height=\"161\" srcset=\"https:\/\/www.radiopiu.net\/wordpress\/wp-content\/uploads\/2020\/04\/SILVA-CESTARO-2020-225x300.jpg 225w, https:\/\/www.radiopiu.net\/wordpress\/wp-content\/uploads\/2020\/04\/SILVA-CESTARO-2020-768x1024.jpg 768w, https:\/\/www.radiopiu.net\/wordpress\/wp-content\/uploads\/2020\/04\/SILVA-CESTARO-2020-1152x1536.jpg 1152w, https:\/\/www.radiopiu.net\/wordpress\/wp-content\/uploads\/2020\/04\/SILVA-CESTARO-2020.jpg 1200w\" sizes=\"auto, (max-width: 121px) 100vw, 121px\" \/><\/a><\/p>\n<p>&nbsp;<\/p>\n<p>&nbsp;<\/p>\n<p>&nbsp;<\/p>\n<p><strong>L&#8217;INTERVISTA DAL GIORNALE RADIO PRINCIPALE<\/strong><\/p>\n<p>&nbsp;<\/p>\n<audio class=\"wp-audio-shortcode\" id=\"audio-161852-2\" preload=\"none\" style=\"width: 100%;\" controls=\"controls\"><source type=\"audio\/mpeg\" src=\"https:\/\/www.radiopiu.net\/wordpress\/wp-content\/uploads\/2020\/09\/CESTARO2.mp3?_=2\" \/><a href=\"https:\/\/www.radiopiu.net\/wordpress\/wp-content\/uploads\/2020\/09\/CESTARO2.mp3\">https:\/\/www.radiopiu.net\/wordpress\/wp-content\/uploads\/2020\/09\/CESTARO2.mp3<\/a><\/audio>\n<p>&nbsp;<\/p>\n<p>&nbsp;<\/p>\n<hr \/>\n<p>&nbsp;<\/p>\n<p>&nbsp;<\/p>\n<blockquote>\n<h1>IN 47 GIORNI DA DEPUTATO A SENATORE, DE CARLO ELETTO A VERONA CON FRATELLI D&#8217;ITALIA<\/h1>\n<\/blockquote>\n<p><a class=\"dt-pswp-item\" href=\"https:\/\/www.radiopiu.net\/wordpress\/wp-content\/uploads\/2020\/09\/49771617_225180265084841_8591934590766022656_n-1.jpg\" data-dt-img-description=\"\" data-large_image_width=\"443\" data-large_image_height=\"443\"><img loading=\"lazy\" decoding=\"async\" class=\"alignnone wp-image-161975\" src=\"https:\/\/www.radiopiu.net\/wordpress\/wp-content\/uploads\/2020\/09\/49771617_225180265084841_8591934590766022656_n-1-300x300.jpg\" alt=\"\" width=\"105\" height=\"105\" srcset=\"https:\/\/www.radiopiu.net\/wordpress\/wp-content\/uploads\/2020\/09\/49771617_225180265084841_8591934590766022656_n-1-300x300.jpg 300w, https:\/\/www.radiopiu.net\/wordpress\/wp-content\/uploads\/2020\/09\/49771617_225180265084841_8591934590766022656_n-1-150x150.jpg 150w, https:\/\/www.radiopiu.net\/wordpress\/wp-content\/uploads\/2020\/09\/49771617_225180265084841_8591934590766022656_n-1-125x125.jpg 125w, https:\/\/www.radiopiu.net\/wordpress\/wp-content\/uploads\/2020\/09\/49771617_225180265084841_8591934590766022656_n-1-200x200.jpg 200w, https:\/\/www.radiopiu.net\/wordpress\/wp-content\/uploads\/2020\/09\/49771617_225180265084841_8591934590766022656_n-1-80x80.jpg 80w, https:\/\/www.radiopiu.net\/wordpress\/wp-content\/uploads\/2020\/09\/49771617_225180265084841_8591934590766022656_n-1.jpg 443w\" sizes=\"auto, (max-width: 105px) 100vw, 105px\" \/><\/a><strong>DAL GIORNALE RADIO PRINCIPALE<\/strong><\/p>\n<audio class=\"wp-audio-shortcode\" id=\"audio-161852-3\" preload=\"none\" style=\"width: 100%;\" controls=\"controls\"><source type=\"audio\/mpeg\" src=\"https:\/\/www.radiopiu.net\/wordpress\/wp-content\/uploads\/2020\/09\/DE-CARLO.mp3?_=3\" \/><a href=\"https:\/\/www.radiopiu.net\/wordpress\/wp-content\/uploads\/2020\/09\/DE-CARLO.mp3\">https:\/\/www.radiopiu.net\/wordpress\/wp-content\/uploads\/2020\/09\/DE-CARLO.mp3<\/a><\/audio>\n<p>&nbsp;<\/p>\n<p>&nbsp;<\/p>\n<hr \/>\n<blockquote>\n<h1>COMUNALI: I SETTE NUOVI SINDACI, RUSSO CONFERMATO COMMISSARIO PREFETTIZIO A VOLTAGO, CELSI A LOZZO DI CADORE<\/h1>\n<\/blockquote>\n<p><strong>FRENA<\/strong> IN ACCELERATA PER IL SECONDO MANDATO, <strong>DA ZANCHE<\/strong> DALLA PORTA AL MUNICIPIO, <strong>CARUZZO<\/strong> BATTE IL CONSIGLIERE PROVINCIALE &#8220;BOCCIATO&#8221; PER IL SECONDO MANDATO <strong>BELFI<\/strong> LASCIA PER STRADA DUE AVVERSARI,\u00a0 <strong>HOFER<\/strong> ALLA GRANDE, PAOLO VINCE LA SFIDA DEI <strong>SIMONETTI<\/strong>, A BORCA L&#8217;ALTRA ITALIA CON 23 VOTI PORTA IN CONSIGLIO 3 CONSIGLIERI CON <strong>SALA<\/strong> PRIMO CITTADINO<\/p>\n<p>&nbsp;<\/p>\n<p><a class=\"dt-pswp-item\" href=\"https:\/\/www.radiopiu.net\/wordpress\/wp-content\/uploads\/2018\/03\/paolo_frena.jpg\" data-dt-img-description=\"\" data-large_image_width=\"774\" data-large_image_height=\"884\"><img loading=\"lazy\" decoding=\"async\" class=\"wp-image-45409 alignleft\" src=\"https:\/\/www.radiopiu.net\/wordpress\/wp-content\/uploads\/2018\/03\/paolo_frena-263x300.jpg\" alt=\"\" width=\"102\" height=\"116\" srcset=\"https:\/\/www.radiopiu.net\/wordpress\/wp-content\/uploads\/2018\/03\/paolo_frena-263x300.jpg 263w, https:\/\/www.radiopiu.net\/wordpress\/wp-content\/uploads\/2018\/03\/paolo_frena-768x877.jpg 768w, https:\/\/www.radiopiu.net\/wordpress\/wp-content\/uploads\/2018\/03\/paolo_frena.jpg 774w\" sizes=\"auto, (max-width: 102px) 100vw, 102px\" \/><\/a>A\u00a0<strong>Colle Santa Lucia\u00a0<\/strong>viene rieletto <span style=\"color: #ff0000;\">Paolo Frena<\/span> con 155 voti,\u00a0 78.68%. L&#8217;amico\u00a0 Sisto Agostini ha avuto 42, pari al 21.32%. Sette consiglieri al vincitore e 3 ad Agostini<\/p>\n<p>&nbsp;<\/p>\n<p><strong>IL SERVIZIO DI GIANNI SANTOMASO<\/strong><\/p>\n<audio class=\"wp-audio-shortcode\" id=\"audio-161852-4\" preload=\"none\" style=\"width: 100%;\" controls=\"controls\"><source type=\"audio\/mpeg\" src=\"https:\/\/www.radiopiu.net\/wordpress\/wp-content\/uploads\/2020\/09\/GIANNI-ELEZIONI-COLLE.mp3?_=4\" \/><a href=\"https:\/\/www.radiopiu.net\/wordpress\/wp-content\/uploads\/2020\/09\/GIANNI-ELEZIONI-COLLE.mp3\">https:\/\/www.radiopiu.net\/wordpress\/wp-content\/uploads\/2020\/09\/GIANNI-ELEZIONI-COLLE.mp3<\/a><\/audio>\n<p>&nbsp;<\/p>\n<p><a class=\"dt-pswp-item\" href=\"https:\/\/www.radiopiu.net\/wordpress\/wp-content\/uploads\/2020\/09\/dd90e780-6ba4-41df-97b3-c9bd70b8d342.jpg\" data-dt-img-description=\"\" data-large_image_width=\"720\" data-large_image_height=\"1440\"><img loading=\"lazy\" decoding=\"async\" class=\"wp-image-161943 alignleft\" src=\"https:\/\/www.radiopiu.net\/wordpress\/wp-content\/uploads\/2020\/09\/dd90e780-6ba4-41df-97b3-c9bd70b8d342-150x300.jpg\" alt=\"\" width=\"79\" height=\"158\" srcset=\"https:\/\/www.radiopiu.net\/wordpress\/wp-content\/uploads\/2020\/09\/dd90e780-6ba4-41df-97b3-c9bd70b8d342-150x300.jpg 150w, https:\/\/www.radiopiu.net\/wordpress\/wp-content\/uploads\/2020\/09\/dd90e780-6ba4-41df-97b3-c9bd70b8d342-512x1024.jpg 512w, https:\/\/www.radiopiu.net\/wordpress\/wp-content\/uploads\/2020\/09\/dd90e780-6ba4-41df-97b3-c9bd70b8d342-240x480.jpg 240w, https:\/\/www.radiopiu.net\/wordpress\/wp-content\/uploads\/2020\/09\/dd90e780-6ba4-41df-97b3-c9bd70b8d342.jpg 720w\" sizes=\"auto, (max-width: 79px) 100vw, 79px\" \/><\/a>A <strong>Gosaldo <\/strong>il\u00a0sindaco, \u00e8 <span style=\"color: #ff0000;\">Stefano Da Zanche<\/span> 316 voti, pari al 94%, Morena Dal Don ha avuto 17 voti, il 5 per cento. Sette seggi al vincitore e tre allo sconfitto.<\/p>\n<p>&nbsp;<\/p>\n<p>&nbsp;<\/p>\n<p>&nbsp;<\/p>\n<p><strong>IL SERVIZIO DI GIANNI SANTOMASO<\/strong><\/p>\n<audio class=\"wp-audio-shortcode\" id=\"audio-161852-5\" preload=\"none\" style=\"width: 100%;\" controls=\"controls\"><source type=\"audio\/mpeg\" src=\"https:\/\/www.radiopiu.net\/wordpress\/wp-content\/uploads\/2020\/09\/GIANNI-ELEZIONI-GOSALDO.mp3?_=5\" \/><a href=\"https:\/\/www.radiopiu.net\/wordpress\/wp-content\/uploads\/2020\/09\/GIANNI-ELEZIONI-GOSALDO.mp3\">https:\/\/www.radiopiu.net\/wordpress\/wp-content\/uploads\/2020\/09\/GIANNI-ELEZIONI-GOSALDO.mp3<\/a><\/audio>\n<p>&nbsp;<\/p>\n<p><strong>Vodo di Cadore<\/strong> sindaco <span style=\"color: #ff0000;\">Domenico Belfi<\/span> per il secondo mandato\u00a0 con 326 voti, il 64,94%. Elio Marchioni, 161 voti 32%. La terza lista, l&#8217;Altra Italia, 15 voti,\u00a0 2.99%. Sette seggi per Belfi, 3 per Marchioni.<\/p>\n<p>A <strong>Zopp\u00e8 di Cadore<\/strong> il sindaco:<span style=\"color: #ff0000;\"> Paolo Simonetti<\/span> ha ottenuto 73 voti pari al 73%, Igor Simonetti 26 voti pari al 26%. Alla lista di Paolo Simonetti vanno 7 seggi, a quella di Igor Simonetti 3<\/p>\n<p>A\u00a0<b>Valle di Cadore<\/b>, <span style=\"color: #ff0000;\">Marianna Hofer<\/span> batte Toscani con 703 voti,\u00a0 60,76% contro i 454 voti\u00a0 di Toscani 39,24%. Sette seggi alla Hofer e tre a Toscani<\/p>\n<p>A\u00a0<strong>San Vito\u00a0<\/strong>di Cadore sindaco <span style=\"color: #ff0000;\">Emanuele Caruzzo<\/span> con 545 voti,\u00a0 52,86%\u00a0 ha battuto il sindaco uscente\u00a0 Franco De Bon (consigliere provinciale) 486 voti,\u00a0 47.14%<\/p>\n<p>A <strong>Borca di Cadore<\/strong>, <span style=\"color: #ff0000;\">Bortolo Sala<\/span> eletto sindaco con 390 voti, 94,43%. L&#8217;Altra Italia di Luigi Schiavone\u00a0 23 voti,\u00a0 5.57% in consiglio comunale con tre consiglieri.<\/p>\n<p>&nbsp;<\/p>\n<hr \/>\n<p>&nbsp;<\/p>\n<blockquote>\n<h3><a class=\"dt-pswp-item\" href=\"https:\/\/www.radiopiu.net\/wordpress\/wp-content\/uploads\/2020\/09\/557a38a0-6cc8-4614-a6ea-81f5d90a6e17.jpg\" data-dt-img-description=\"\" data-large_image_width=\"750\" data-large_image_height=\"1334\"><img loading=\"lazy\" decoding=\"async\" class=\"wp-image-160204 alignleft\" src=\"https:\/\/www.radiopiu.net\/wordpress\/wp-content\/uploads\/2020\/09\/557a38a0-6cc8-4614-a6ea-81f5d90a6e17-169x300.jpg\" alt=\"\" width=\"85\" height=\"151\" srcset=\"https:\/\/www.radiopiu.net\/wordpress\/wp-content\/uploads\/2020\/09\/557a38a0-6cc8-4614-a6ea-81f5d90a6e17-169x300.jpg 169w, https:\/\/www.radiopiu.net\/wordpress\/wp-content\/uploads\/2020\/09\/557a38a0-6cc8-4614-a6ea-81f5d90a6e17-576x1024.jpg 576w, https:\/\/www.radiopiu.net\/wordpress\/wp-content\/uploads\/2020\/09\/557a38a0-6cc8-4614-a6ea-81f5d90a6e17-270x480.jpg 270w, https:\/\/www.radiopiu.net\/wordpress\/wp-content\/uploads\/2020\/09\/557a38a0-6cc8-4614-a6ea-81f5d90a6e17.jpg 750w\" sizes=\"auto, (max-width: 85px) 100vw, 85px\" \/><\/a>ANTONIO RUSSO CONTINUERA&#8217; A GUIDARE IL COMUNE DI VOLTAGO IN ATTESA DI UNA NUOVA TORNATA ELETTORALE<\/h3>\n<\/blockquote>\n<p><strong>VOLTAGO<\/strong> Il Quorum decide, il Commissario Prefettizio continuer\u00e0 ad occupare il Municipio sotto all&#8217;Agner. Niente quorum, niente sindaco. \u00a0L\u2019unica lista di Giovanni Soppelsa \u201cGian\u201d, si ferma al 43,15%. A Voltago continuer\u00e0 ad occupare la poltrona del sindaco il commissario prefettizio Antonio Russo, nominato il 28 maggio 2019.\u00a0 Un anno fa Alessandro Lazzarini era arrivato al 44,51%.\u00a0 Bruno Zanvit sei anni fa aveva raggiunto l&#8217;obiettivo portando alle urne oltre il 51 % degli aventi diritto al voto.<\/p>\n<p><strong>IL SERVIZIO DI GIANNI SANTOMASO<\/strong><\/p>\n<audio class=\"wp-audio-shortcode\" id=\"audio-161852-6\" preload=\"none\" style=\"width: 100%;\" controls=\"controls\"><source type=\"audio\/mpeg\" src=\"https:\/\/www.radiopiu.net\/wordpress\/wp-content\/uploads\/2020\/09\/GIANNI-ELEZIONI-VOLTAGO.mp3?_=6\" \/><a href=\"https:\/\/www.radiopiu.net\/wordpress\/wp-content\/uploads\/2020\/09\/GIANNI-ELEZIONI-VOLTAGO.mp3\">https:\/\/www.radiopiu.net\/wordpress\/wp-content\/uploads\/2020\/09\/GIANNI-ELEZIONI-VOLTAGO.mp3<\/a><\/audio>\n<p>&nbsp;<\/p>\n<p><strong><a class=\"dt-pswp-item\" href=\"https:\/\/www.radiopiu.net\/wordpress\/wp-content\/uploads\/2019\/02\/Bruno_Zanvit.jpg\" data-dt-img-description=\"\" data-large_image_width=\"200\" data-large_image_height=\"150\"><img loading=\"lazy\" decoding=\"async\" class=\"wp-image-77355 alignleft\" src=\"https:\/\/www.radiopiu.net\/wordpress\/wp-content\/uploads\/2019\/02\/Bruno_Zanvit.jpg\" alt=\"\" width=\"129\" height=\"97\" \/><\/a><\/strong><\/p>\n<p>&nbsp;<\/p>\n<p><strong>AI MICROFONI DI RADIO PIU&#8217; BRUNO ZANVIT<\/strong><\/p>\n<audio class=\"wp-audio-shortcode\" id=\"audio-161852-7\" preload=\"none\" style=\"width: 100%;\" controls=\"controls\"><source type=\"audio\/mpeg\" src=\"https:\/\/www.radiopiu.net\/wordpress\/wp-content\/uploads\/2020\/09\/ZANVITA.mp3?_=7\" \/><a href=\"https:\/\/www.radiopiu.net\/wordpress\/wp-content\/uploads\/2020\/09\/ZANVITA.mp3\">https:\/\/www.radiopiu.net\/wordpress\/wp-content\/uploads\/2020\/09\/ZANVITA.mp3<\/a><\/audio>\n<p>&nbsp;<\/p>\n<hr \/>\n<p>&nbsp;<\/p>\n<blockquote>\n<h3>IL PREFETTO DI BELLUNO ADRIANA COGODE CONFERMA I COMMISSARI PREFETTIZI DI LOZZO DI CADORE E VOLTAGO AGORDINO<\/h3>\n<\/blockquote>\n<p><strong><a class=\"dt-pswp-item\" href=\"https:\/\/www.radiopiu.net\/wordpress\/wp-content\/uploads\/2020\/04\/PREFETTURA-BELLUNO.jpeg\" data-dt-img-description=\"\" data-large_image_width=\"384\" data-large_image_height=\"384\"><img loading=\"lazy\" decoding=\"async\" class=\"size-medium wp-image-133575 alignleft\" src=\"https:\/\/www.radiopiu.net\/wordpress\/wp-content\/uploads\/2020\/04\/PREFETTURA-BELLUNO-300x300.jpeg\" alt=\"\" width=\"300\" height=\"300\" srcset=\"https:\/\/www.radiopiu.net\/wordpress\/wp-content\/uploads\/2020\/04\/PREFETTURA-BELLUNO-300x300.jpeg 300w, https:\/\/www.radiopiu.net\/wordpress\/wp-content\/uploads\/2020\/04\/PREFETTURA-BELLUNO-150x150.jpeg 150w, https:\/\/www.radiopiu.net\/wordpress\/wp-content\/uploads\/2020\/04\/PREFETTURA-BELLUNO.jpeg 384w\" sizes=\"auto, (max-width: 300px) 100vw, 300px\" \/><\/a>BELLUNO\u00a0<\/strong>Il Prefetto di Belluno, dr.ssa Adriana Cogode, ha confermato, con propri decreti, i commissari prefettizi per la provvisoria gestione dei Comuni di Lozzo di Cadore e Voltago Agordino.\u00a0I provvedimenti si sono resi necessari a seguito dell\u2019annullamento delle elezioni avvenute a Voltago Agordino, a causa del mancato raggiungimento del quorum di votanti richiesto dalla legge nel caso in cui, per l\u2019elezione del Sindaco, sia presentata una sola lista.\u00a0Per il Comune di Lozzo di Cadore la nomina si \u00e8 resa necessaria non essendo stata presentata alcuna lista per la nomina del Sindaco.\u00a0I Commissari Prefettizi, che gestiranno i Comuni fino alle elezioni amministrative in programma nel 2021, sono il dr. Antonio Russo, Viceprefetto, per Voltago Agordino ed il dr. Andrea Celsi, Viceprefetto Aggiunto, per Lozzo di Cadore.\u00a0Agli stessi sono stati conferiti i poteri del Sindaco, della Giunta e del Consiglio Comunale.\u00a0Antonio Russo ricopre in Prefettura il ruolo di dirigente dell\u2019Area II \u2013 Raccordo con gli Enti Locali e Consultazioni Elettorali mentre Andrea Celsi \u00e8 il Capo di Gabinetto del Prefetto nonch\u00e9 Dirigente dell\u2019Area Ordine e Sicurezza Pubblica.<\/p>\n<p>&nbsp;<\/p>\n<p>&nbsp;<\/p>\n<hr \/>\n<p>&nbsp;<\/p>\n<blockquote>\n<h3>CONFINDUSTRIA: PRONTI A DARE IL NOSTRO CONTRIBUTO PER IL BENE DELLA MONTAGNA\u201d<\/h3>\n<\/blockquote>\n<p><strong><a class=\"dt-pswp-item\" href=\"https:\/\/www.radiopiu.net\/wordpress\/wp-content\/uploads\/2020\/01\/Lorraine_Berton.jpg\" data-dt-img-description=\"\" data-large_image_width=\"767\" data-large_image_height=\"768\"><img loading=\"lazy\" decoding=\"async\" class=\" wp-image-112912 alignleft\" src=\"https:\/\/www.radiopiu.net\/wordpress\/wp-content\/uploads\/2020\/01\/Lorraine_Berton-300x300.jpg\" alt=\"\" width=\"239\" height=\"239\" srcset=\"https:\/\/www.radiopiu.net\/wordpress\/wp-content\/uploads\/2020\/01\/Lorraine_Berton-300x300.jpg 300w, https:\/\/www.radiopiu.net\/wordpress\/wp-content\/uploads\/2020\/01\/Lorraine_Berton-150x150.jpg 150w, https:\/\/www.radiopiu.net\/wordpress\/wp-content\/uploads\/2020\/01\/Lorraine_Berton.jpg 767w\" sizes=\"auto, (max-width: 239px) 100vw, 239px\" \/><\/a>BELLUNO\u00a0<\/strong>\u201c<em>Auguro a Luca Zaia buon lavoro. Il mandato degli elettori \u00e8 stato ampio e importante, come sono importanti le sfide che attendono il Bellunese da qui ai prossimi anni: dalla riuscita dei grandi eventi alla realizzazione di nuove infrastrutture per connettere i territori. Resta molto lavoro da fare e servir\u00e0 tutta l\u2019energia possibile. L\u2019Associazione degli industriali di Belluno \u00e8 pronta a dare il suo contributo in termini molto operativi<\/em>\u201d.\u00a0A dirlo \u00e8 Lorraine Berton, presidente di Confindustria Belluno Dolomiti, che cos\u00ec commenta l\u2019esito delle elezioni regionali in Veneto.\u201c<em>A Luca Zaia chiedo il massimo impegno per la montagna bellunese, per le sue genti e le sue imprese. Dobbiamo contrastare marginalit\u00e0 e spopolamento, rilanciare la rete viaria tra le valli e accelerare sullo sbocco a nord. Solo cos\u00ec daremo alle nostre aziende \u2013 che restano assolute eccellenze mondiali \u2013 la possibilit\u00e0 di continuare a competere e ai nostri giovani l\u2019opportunit\u00e0 di rimanere sul territorio e crescere insieme<\/em>\u201d.<\/p>\n<p>&nbsp;<\/p>\n<hr \/>\n<h3><\/h3>\n<blockquote>\n<h3>ESEMPIO CONCRETO PER EVITARE LO SCIVOLAMENTO A VALLE<\/h3>\n<\/blockquote>\n<p><strong><a class=\"dt-pswp-item\" href=\"https:\/\/www.radiopiu.net\/wordpress\/wp-content\/uploads\/2020\/09\/Chies_dAlpago-scaled.jpg\" data-dt-img-description=\"\" data-large_image_width=\"2560\" data-large_image_height=\"1955\"><img loading=\"lazy\" decoding=\"async\" class=\"wp-image-162098 alignleft\" src=\"https:\/\/www.radiopiu.net\/wordpress\/wp-content\/uploads\/2020\/09\/Chies_dAlpago-300x229.jpg\" alt=\"\" width=\"151\" height=\"115\" srcset=\"https:\/\/www.radiopiu.net\/wordpress\/wp-content\/uploads\/2020\/09\/Chies_dAlpago-300x229.jpg 300w, https:\/\/www.radiopiu.net\/wordpress\/wp-content\/uploads\/2020\/09\/Chies_dAlpago-1024x782.jpg 1024w, https:\/\/www.radiopiu.net\/wordpress\/wp-content\/uploads\/2020\/09\/Chies_dAlpago-768x587.jpg 768w, https:\/\/www.radiopiu.net\/wordpress\/wp-content\/uploads\/2020\/09\/Chies_dAlpago-1536x1173.jpg 1536w, https:\/\/www.radiopiu.net\/wordpress\/wp-content\/uploads\/2020\/09\/Chies_dAlpago-2048x1564.jpg 2048w, https:\/\/www.radiopiu.net\/wordpress\/wp-content\/uploads\/2020\/09\/Chies_dAlpago-628x480.jpg 628w\" sizes=\"auto, (max-width: 151px) 100vw, 151px\" \/><\/a>CHIES D&#8217;ALPAGO\u00a0<\/strong><\/p>\n<p><strong>DI DAMIANO TORMEN<\/strong><\/p>\n<audio class=\"wp-audio-shortcode\" id=\"audio-161852-8\" preload=\"none\" style=\"width: 100%;\" controls=\"controls\"><source type=\"audio\/mpeg\" src=\"https:\/\/www.radiopiu.net\/wordpress\/wp-content\/uploads\/2020\/09\/DAMIANO-CHIES.mp3?_=8\" \/><a href=\"https:\/\/www.radiopiu.net\/wordpress\/wp-content\/uploads\/2020\/09\/DAMIANO-CHIES.mp3\">https:\/\/www.radiopiu.net\/wordpress\/wp-content\/uploads\/2020\/09\/DAMIANO-CHIES.mp3<\/a><\/audio>\n<p>&nbsp;<\/p>\n<hr \/>\n<blockquote class=\"wp-embedded-content\" data-secret=\"El3MoDZfMq\"><p><a href=\"https:\/\/www.radiopiu.net\/wordpress\/coronavirus-aggiornamento-nazionale-22-settembre\/\">CORONAVIRUS: AGGIORNAMENTO NAZIONALE 22 SETTEMBRE<\/a><\/p><\/blockquote>\n<p><iframe loading=\"lazy\" class=\"wp-embedded-content\" sandbox=\"allow-scripts\" security=\"restricted\" style=\"position: absolute; clip: rect(1px, 1px, 1px, 1px);\" title=\"&#8220;CORONAVIRUS: AGGIORNAMENTO NAZIONALE 22 SETTEMBRE&#8221; &#8212; Radio Pi\u00f9\" src=\"https:\/\/www.radiopiu.net\/wordpress\/coronavirus-aggiornamento-nazionale-22-settembre\/embed\/#?secret=El3MoDZfMq\" data-secret=\"El3MoDZfMq\" width=\"600\" height=\"338\" frameborder=\"0\" marginwidth=\"0\" marginheight=\"0\" scrolling=\"no\"><\/iframe><\/p>\n<p>&nbsp;<\/p>\n<hr \/>\n<p>&nbsp;<\/p>\n<blockquote class=\"wp-embedded-content\" data-secret=\"KNo91ptrjN\"><p><a href=\"https:\/\/www.radiopiu.net\/wordpress\/in-24-ore-141-positivi-in-piu-nel-veneto-2-decessi-e-137-negativizzati-aumentano-i-ricoveri-a-belluno-6-nuove-positivita\/\">IN 24 ORE 141 POSITIVI IN PI\u00d9 NEL VENETO. 2 DECESSI E 137 NEGATIVIZZATI. AUMENTANO I RICOVERI. A BELLUNO 6 NUOVE POSITIVIT\u00c0<\/a><\/p><\/blockquote>\n<p><iframe loading=\"lazy\" class=\"wp-embedded-content\" sandbox=\"allow-scripts\" security=\"restricted\" style=\"position: absolute; clip: rect(1px, 1px, 1px, 1px);\" title=\"&#8220;IN 24 ORE 141 POSITIVI IN PI\u00d9 NEL VENETO. 2 DECESSI E 137 NEGATIVIZZATI. AUMENTANO I RICOVERI. A BELLUNO 6 NUOVE POSITIVIT\u00c0&#8221; &#8212; Radio Pi\u00f9\" src=\"https:\/\/www.radiopiu.net\/wordpress\/in-24-ore-141-positivi-in-piu-nel-veneto-2-decessi-e-137-negativizzati-aumentano-i-ricoveri-a-belluno-6-nuove-positivita\/embed\/#?secret=KNo91ptrjN\" data-secret=\"KNo91ptrjN\" width=\"600\" height=\"338\" frameborder=\"0\" marginwidth=\"0\" marginheight=\"0\" scrolling=\"no\"><\/iframe><\/p>\n<p>&nbsp;<\/p>\n<p>I GRAFICI DI TIZIANO DE COL<\/p>\n<p><a class=\"dt-pswp-item\" href=\"https:\/\/www.radiopiu.net\/wordpress\/wp-content\/uploads\/2020\/09\/44260f11-c1da-4216-b9dd-3e315217b8e4.jpg\" data-dt-img-description=\"\" data-large_image_width=\"480\" data-large_image_height=\"334\"><img loading=\"lazy\" decoding=\"async\" class=\"alignnone wp-image-162096\" src=\"https:\/\/www.radiopiu.net\/wordpress\/wp-content\/uploads\/2020\/09\/44260f11-c1da-4216-b9dd-3e315217b8e4-300x209.jpg\" alt=\"\" width=\"263\" height=\"183\" srcset=\"https:\/\/www.radiopiu.net\/wordpress\/wp-content\/uploads\/2020\/09\/44260f11-c1da-4216-b9dd-3e315217b8e4-300x209.jpg 300w, https:\/\/www.radiopiu.net\/wordpress\/wp-content\/uploads\/2020\/09\/44260f11-c1da-4216-b9dd-3e315217b8e4.jpg 480w\" sizes=\"auto, (max-width: 263px) 100vw, 263px\" \/><\/a><a class=\"dt-pswp-item\" href=\"https:\/\/www.radiopiu.net\/wordpress\/wp-content\/uploads\/2020\/09\/9c2ab28a-7a0f-46fe-8f16-77596d7a62a0.jpg\" data-dt-img-description=\"\" data-large_image_width=\"480\" data-large_image_height=\"637\"><img loading=\"lazy\" decoding=\"async\" class=\"alignnone wp-image-162097\" src=\"https:\/\/www.radiopiu.net\/wordpress\/wp-content\/uploads\/2020\/09\/9c2ab28a-7a0f-46fe-8f16-77596d7a62a0-226x300.jpg\" alt=\"\" width=\"140\" height=\"186\" srcset=\"https:\/\/www.radiopiu.net\/wordpress\/wp-content\/uploads\/2020\/09\/9c2ab28a-7a0f-46fe-8f16-77596d7a62a0-226x300.jpg 226w, https:\/\/www.radiopiu.net\/wordpress\/wp-content\/uploads\/2020\/09\/9c2ab28a-7a0f-46fe-8f16-77596d7a62a0-362x480.jpg 362w, https:\/\/www.radiopiu.net\/wordpress\/wp-content\/uploads\/2020\/09\/9c2ab28a-7a0f-46fe-8f16-77596d7a62a0.jpg 480w\" sizes=\"auto, (max-width: 140px) 100vw, 140px\" \/><\/a><\/p>\n<p>&nbsp;<\/p>\n<hr \/>\n<p>&nbsp;<\/p>\n<blockquote>\n<h3>ALTRE 6 POSITIVITA&#8217; IN 24 ORE, CRESCE IL NUMERO DEI TAMPONI VERSO CHI FREQUENTA LA SCUOLA<\/h3>\n<\/blockquote>\n<p><strong><img loading=\"lazy\" decoding=\"async\" class=\"alignleft\" src=\"https:\/\/www.radiopiu.net\/wordpress\/wp-content\/uploads\/2020\/04\/COVID-3-300x300.jpg\" width=\"203\" height=\"203\" \/>BELLUNO<\/strong> Nuove positivit\u00e0 dai laboratori della Ulss1 Dolomiti: una donna di nazionalit\u00e0 straniera di rientro dall\u2019Ucraina; una giovane donna italiana contatto di caso positivo segnalato nei giorni scorsi; un giovane italiano convivente con due genitori positivi segnalati alcuni giorni fa; una donna e un uomo collegati residenti in area dolomitica collegati al focolaio segnalato alcuni giorni fa relativo ad un\u2019attivit\u00e0 ricettiva prontamente chiusa; una donna italiana contatto di caso positivo.<\/p>\n<blockquote>\n<p align=\"JUSTIFY\"><em>La richiesta di tamponi per bambini, ragazzi e adulti sintomatici frequentanti la scuola, come nel resto del Veneto, continua a crescere: ieri sono stati eseguiti 229 tamponi prevalentemente pediatrici, 156 a Belluno e 73 a Feltre. Pur con massimo sforzo degli operatori, vi sono state alcune criticit\u00e0 all\u2019ospedale San Martino di Belluno dove si sono create code che hanno, per alcuni momenti, interessato anche la viabilit\u00e0 ordinaria. L\u2019attivit\u00e0 di esecuzione tamponi si \u00e8 protratta oltre le 12.30 ma sono stati rilevati tempi di attesa lunghi per la grande affluenza.<\/em><\/p>\n<\/blockquote>\n<p align=\"JUSTIFY\">In considerazione dei numeri in crescita, il Dipartimento di Prevenzione ha anticipato di una settimana l\u2019attivazione dei due drive-in per l\u2019esecuzione di tamponi a servizio della parte alta della Provincia. Le postazioni drive \u2013in di Tai di Cadore e Caprile saranno attive <b>da luned\u00ec 28 settembre<\/b> a giorni alterni: <span style=\"font-size: medium;\">CAPRILE luned\u00ec, mercoled\u00ec, venerd\u00ec \u2013 dalle 17.00 alle 19.00 <\/span><span style=\"font-size: medium;\">TAI marted\u00ec, gioved\u00ec, sabato \u2013 dalle 17.00 alle 19.00<\/span><\/p>\n<p>&nbsp;<\/p>\n<hr \/>\n<p>&nbsp;<\/p>\n<blockquote>\n<h3>CAMBIO MEDICI A FELTRE<\/h3>\n<\/blockquote>\n<p><strong><a class=\"dt-pswp-item\" href=\"https:\/\/www.radiopiu.net\/wordpress\/wp-content\/uploads\/2015\/08\/sanita_medico.jpg\" data-dt-img-description=\"\" data-large_image_width=\"800\" data-large_image_height=\"450\"><img loading=\"lazy\" decoding=\"async\" class=\"size-medium wp-image-8643 alignleft\" src=\"https:\/\/www.radiopiu.net\/wordpress\/wp-content\/uploads\/2015\/08\/sanita_medico-300x169.jpg\" alt=\"\" width=\"300\" height=\"169\" \/><\/a>FELTRE\u00a0<\/strong>Cambiano alcuni medici di famiglia: assegnati due nuovi incarichi provvisori. Gli assistiti interessati saranno assegnati d\u2019ufficio ai nuovi medici, ferma restando la possibilit\u00e0 di effettuare una scelta diversa.Dal 29 settembre 2020, a seguito della cessazione della dr.ssa Francesca Cassol &#8211; l\u2019attivit\u00e0 di medico di assistenza primaria nell\u2019ambito territoriale dei comuni di Arsi\u00e8, Fonzaso, Lamon e Sovramonte verr\u00e0 svolta con incarico provvisorio, dal dr. Albino\u00a0Diego Giuseppe Cito.\u00a0Dal 29 settembre 2020, gli assistiti della dr.ssa Cassol verranno assegnati d\u2019ufficio al dr. Albino Diego Giuseppe Cito &#8211; fermo restando il diritto degli stessi di effettuare un\u2019eventuale scelta diversa &#8211; e potranno continuare ad utilizzare la tessera sanitaria cartacea attualmente in possesso.\u00a0Dal 1\u00b0 ottobre 2020 &#8211; a seguito della cessazione della dr.ssa Margherita Prior &#8211; l\u2019attivit\u00e0 di medico di assistenza primaria nell\u2019ambito territoriale dei comuni di Feltre, Pedavena, Seren del Grappa, Alano di piave e Quero-Vas verr\u00e0 svolta con incarico provvisorio, dal dr. Marco De Bastiani.\u00a0Si informa che dal 1\u00b0 ottobre 2020,\u00a0 gli assistiti della dr.ssa Prior verranno assegnati d\u2019ufficio al dr. Marco De Bastiani &#8211; fermo restando il diritto degli stessi di effettuare un\u2019eventuale\u00a0 scelta diversa &#8211;\u00a0 e potranno continuare ad utilizzare la tessera sanitaria cartacea attualmente in possesso.Per appuntamenti e per qualsiasi informazione contattare il seguente numero telefonico 0439.883680 (dal lunedi\u2019 al venerdi\u2019 dalle ore 8.30 alle ore 12.00) oppure inviare una mail al seguente indirizzo: <a href=\"mailto:convenzioni.anagrafe@aulss1.veneto.it\">convenzioni.anagrafe@aulss1.veneto.it<\/a><\/p>\n<div>\n<p>&nbsp;<\/p>\n<p>&nbsp;<\/p>\n<hr \/>\n<p>&nbsp;<\/p>\n<blockquote>\n<h3>AL VIA UN CORSO ONLINE SULL&#8217;AFFIDO FAMILIARE<\/h3>\n<\/blockquote>\n<h3><strong><a class=\"dt-pswp-item\" href=\"https:\/\/www.radiopiu.net\/wordpress\/wp-content\/uploads\/2020\/09\/affido.png\" data-dt-img-description=\"\" data-large_image_width=\"940\" data-large_image_height=\"788\"><img loading=\"lazy\" decoding=\"async\" class=\"size-medium wp-image-162014 alignleft\" src=\"https:\/\/www.radiopiu.net\/wordpress\/wp-content\/uploads\/2020\/09\/affido-300x251.png\" alt=\"\" width=\"300\" height=\"251\" srcset=\"https:\/\/www.radiopiu.net\/wordpress\/wp-content\/uploads\/2020\/09\/affido-300x251.png 300w, https:\/\/www.radiopiu.net\/wordpress\/wp-content\/uploads\/2020\/09\/affido-768x644.png 768w, https:\/\/www.radiopiu.net\/wordpress\/wp-content\/uploads\/2020\/09\/affido-573x480.png 573w, https:\/\/www.radiopiu.net\/wordpress\/wp-content\/uploads\/2020\/09\/affido.png 940w\" sizes=\"auto, (max-width: 300px) 100vw, 300px\" \/><\/a>BELLUNO\u00a0<\/strong><span style=\"font-size: 14px; font-weight: normal;\">I Centri per l&#8217;Affido e la Solidariet\u00e0 Familiare (CASF) dell&#8217;ULSS n\u00b0 1 Dolomiti \u2013 \u00e8quipe di Belluno e Feltre \u2013 organizzano un corso informativo e formativo on-line sul tema dell&#8217;affido familiare, con l&#8217;auspicio che questa modalit\u00e0 possa coinvolgere pi\u00f9 facilmente un sempre maggior numero di persone da ogni parte della Provincia.<\/span><span style=\"font-size: 14px; font-weight: normal;\">Il corso \u00e8 rivolto a famiglie, coppie e persone singole che desiderano avvicinarsi alla realt\u00e0 dell&#8217;affido familiare.\u00a0<\/span><span style=\"font-size: 14px; font-weight: normal;\">Il corso, per la prima volta, si svolger\u00e0 online. Le iscrizioni vanno inviate entro il 15 ottobre a <\/span><a style=\"font-size: 14px; font-weight: normal;\" href=\"mailto:centroaffido.bl@aulss1.veneto.it\">centroaffido.bl@aulss1.veneto.it<\/a><span style=\"font-size: 14px; font-weight: normal;\"> oppure a <\/span><a style=\"font-size: 14px; font-weight: normal;\" href=\"mailto:centroaffido.fe@aulss1.veneto.it\">centroaffido.fe@aulss1.veneto.it<\/a><span style=\"font-size: 14px; font-weight: normal;\">.\u00a0<\/span><span style=\"font-size: 14px; font-weight: normal;\">Gli incontri si svolgeranno in videoconferenza a cui si acceder\u00e0 tramite un link inviato per mail. Le date in programma sono: gioved\u00ec 22 ottobre,gioved\u00ec 29 ottobre, gioved\u00ec \u00a05\u00a0 novembre\u00a0 dalle\u00a0 17.30 alle 19.30.<\/span><span style=\"font-size: 14px; font-weight: normal;\">Gli incontri saranno a cura della psicologa Patrizia Stevanin, e dell&#8217;assistente sociale Carmen Rossi.<\/span><span style=\"font-size: 14px; font-weight: normal;\">Il tema dell&#8217;affido ricopre un ruolo importante anche nel territorio bellunese, considerata la necessit\u00e0 di avere famiglie disponibili ad accogliere nella propria casa bambiniche stanno vivendo difficili situazioni familiari e mancanotemporaneamente delle attenzioni e delle cure di cui hanno bisogno per crescere.<\/span><span style=\"font-size: 14px; font-weight: normal;\">Nel 2019 sono stati 53 i bambini\/adolescenti accolti in affido familiare nella nostra Provincia.<\/span><span style=\"font-size: 14px; font-weight: normal;\">L&#8217;accoglienza pu\u00f2 avere forme e durata diverse: si va dalle poche ore al giorno a quella residenziale, in cui il bambino pu\u00f2 trascorrere qualche giorno o l&#8217;intera settimana presso la famiglia affidataria, mantenendo comunque i contatti con i propri genitori attraverso visite o rientri regolari in famiglia.<\/span><span style=\"font-size: 14px; font-weight: normal;\">Accogliere un bambino in affido \u00e8 un&#8217;esperienza arricchente, da affrontare in modo consapevole, con l&#8217;accompagnamento degli operatori del CASF che si occupano nello specifico di conoscere le famiglie che danno la loro disponibilit\u00e0, individuare quale situazione di affido pu\u00f2 meglio abbinarsi alle caratteristiche e possibilit\u00e0 di chi accoglie ed accompagnare la famiglia affidataria lungo tutta l&#8217;esperienza.<\/span><span style=\"font-size: 14px; font-weight: normal;\">Per informazioni contattare\u00a0<\/span><strong style=\"font-size: 14px;\">CASF DI BELLUNO\u00a0<\/strong><em style=\"font-size: 14px; font-weight: normal;\">Tel.<\/em><span style=\"font-size: 14px; font-weight: normal;\"> 0437\/514975 \u2013 <\/span><em style=\"font-size: 14px; font-weight: normal;\">Email<\/em><span style=\"font-size: 14px; font-weight: normal;\">: centroaffido.bl@aulss1.veneto.it\u00a0<\/span><strong style=\"font-size: 14px;\">CASF DI FELTRE\u00a0<\/strong><em style=\"font-size: 14px; font-weight: normal;\">Tel.<\/em><span style=\"font-size: 14px; font-weight: normal;\"> 0439\/883170 \u2013 <\/span><em style=\"font-size: 14px; font-weight: normal;\">Email<\/em><span style=\"font-size: 14px; font-weight: normal;\">: centroaffido.fe@aulss1.veneto.it<\/span><\/h3>\n<p>&nbsp;<\/p>\n<p>&nbsp;<\/p>\n<hr \/>\n<p>&nbsp;<\/p>\n<blockquote>\n<h3>BUON RISCONTRO DELL&#8217;INIZIATIVA PER LA MAPPATURA DEI NEI<\/h3>\n<\/blockquote>\n<p><strong>BELLUNO<\/strong>\u00a0Ha riscosso un lusinghiero successo l\u2019iniziativa della mappatura dei nei rivolta alle donne, offerta dalla L.I.L.T. Sezione di Belluno nei giorni 19 e 20 settembre, all\u2019interno delle manifestazioni dell\u2019Associazione DOLOMITIKE nel Pala Tre Cime di Auronzo di Cadore, giunte alla seconda edizione. La Presidente della L.I.L.T. di Belluno, dottoressa Pier Anna Dal Mas, ha svolto un intenso lavoro di visite di controllo nevi a 35 donne, provenienti per la maggior parte dal Cadore e da Cortina, ben oltre il numero delle prenotazioni. Le volontarie della Sezione hanno illustrato ai presenti le iniziative promosse sul territorio, distribuendo vario materiale informativo e sottolineando l\u2019importanza di controlli periodici della propria salute ai fini della prevenzione. Si informa con l\u2019occasione che l\u2019iniziativa di mappatura dei nei riprender\u00e0 con cadenza bimensile nel mese di ottobre a Belluno. Per ulteriori informazioni, si prega di contattare la Sede L.I.L.T. al n. 0437-944952, ore 10.00 \u2013 12.00 &#8211; marted\u00ec e mercoled\u00ec, dal 6 ottobre. Presso il Pala Tre Cime sono stati poi offerti altri controlli a favore soprattutto della popolazione femminile, svolti negli appositi spazi allestiti per l\u2019occasione davanti alla struttura. Il successo dell\u2019iniziativa, dovuto anche alla collaborazione di numerose volontarie, fa ben sperare nel proseguimento di quanto avviato, negli anni a venire .<\/p>\n<div>\n<p>&nbsp;<\/p>\n<p>&nbsp;<\/p>\n<hr \/>\n<p>&nbsp;<\/p>\n<\/div>\n<\/div>\n<blockquote>\n<h3>CAMPAGNA ROADPOL: 76 POSTI DI BLOCCO, 8 INFRAZIONI BELLUNESI<\/h3>\n<\/blockquote>\n<p><strong><a class=\"dt-pswp-item\" href=\"https:\/\/www.radiopiu.net\/wordpress\/wp-content\/uploads\/2018\/09\/POLIZIA-1.jpg\" data-dt-img-description=\"\" data-large_image_width=\"1600\" data-large_image_height=\"1200\"><img loading=\"lazy\" decoding=\"async\" class=\"size-medium wp-image-60258 alignleft\" src=\"https:\/\/www.radiopiu.net\/wordpress\/wp-content\/uploads\/2018\/09\/POLIZIA-1-300x225.jpg\" alt=\"\" width=\"300\" height=\"225\" srcset=\"https:\/\/www.radiopiu.net\/wordpress\/wp-content\/uploads\/2018\/09\/POLIZIA-1-300x225.jpg 300w, https:\/\/www.radiopiu.net\/wordpress\/wp-content\/uploads\/2018\/09\/POLIZIA-1-768x576.jpg 768w, https:\/\/www.radiopiu.net\/wordpress\/wp-content\/uploads\/2018\/09\/POLIZIA-1-1024x768.jpg 1024w, https:\/\/www.radiopiu.net\/wordpress\/wp-content\/uploads\/2018\/09\/POLIZIA-1.jpg 1600w\" sizes=\"auto, (max-width: 300px) 100vw, 300px\" \/><\/a>BELLUNO <\/strong>Il Network Europeo delle Polizie Stradali \u201cROADPOL\u201d ha programmato nel periodo dal 14 al 20 settembre\u00a0 una campagna europea congiunta di sicurezza stradale denominata \u201cFocus on the road\u201d (Concentrarsi sulla strada), che ha avuto per obiettivo la verifica del corretto uso di telefoni cellulari e smartphones durante la guida dei veicoli. ROADPOL \u00e8 una rete di cooperazione tra le Polizie Stradali, nata sotto l\u2019egida dell\u2019Unione Europea, alla quale aderiscono tutti i Paesi membri, tranne la Grecia, la Slovacchia, oltre alla Svizzera, la Serbia e la Turchia.\u00a0 Lo scopo della campagna \u00e8 stato\u00a0 di verificare efficacemente, su tutte le arterie europee di grande viabilit\u00e0, il rispetto del corretto utilizzo di determinati apparecchi durante la guida. Il Compartimento Polizia Stradale per il \u201cTrentino Alto Adige e Belluno\u201d ha predisposto e coordinato l\u2019effettuazione, sulle ventiquattro ore, di mirati controlli sulle principali arterie della viabilit\u00e0 autostradale ed ordinaria, impiegando tutte le risorse disponibili tratte dai Reparti operanti nelle provincie di propria competenza. La Sezione Polizia Stradale di Belluno in date e orari diversi ha presidposto 76 posti di controllo specifici\u00a0 sottoponendo a verifica\u00a0 301 veicoli, dai quali sono tuttavia emerse sole 8 infrazioni riguardanti l\u2019errato utilizzo di telefoni cellulari alla guida, che evidenziano un sostanziale rispetto della norma.<\/p>\n<p>&nbsp;<\/p>\n<p>&nbsp;<\/p>\n<hr \/>\n<h3><\/h3>\n<blockquote>\n<h3>BELLUNO: TARIFFE TARI 2020 SCONTO PER LE ATTIVIT\u00c0 ECONOMICHE CHIUSE PER COVID<\/h3>\n<\/blockquote>\n<p><strong><a class=\"dt-pswp-item\" href=\"https:\/\/www.radiopiu.net\/wordpress\/wp-content\/uploads\/2020\/04\/PIAZZA-MARTIRI-BELLUNO.jpg\" data-dt-img-description=\"\" data-large_image_width=\"550\" data-large_image_height=\"388\"><img loading=\"lazy\" decoding=\"async\" class=\"size-medium wp-image-130647 alignleft\" src=\"https:\/\/www.radiopiu.net\/wordpress\/wp-content\/uploads\/2020\/04\/PIAZZA-MARTIRI-BELLUNO-300x212.jpg\" alt=\"\" width=\"300\" height=\"212\" srcset=\"https:\/\/www.radiopiu.net\/wordpress\/wp-content\/uploads\/2020\/04\/PIAZZA-MARTIRI-BELLUNO-300x212.jpg 300w, https:\/\/www.radiopiu.net\/wordpress\/wp-content\/uploads\/2020\/04\/PIAZZA-MARTIRI-BELLUNO.jpg 550w\" sizes=\"auto, (max-width: 300px) 100vw, 300px\" \/><\/a>BELLUNO\u00a0<\/strong>Sconto del 25% sulla quota variabile della TARI 2020 per le attivit\u00e0 economiche costrette alla sospensione o chiusura a causa dell&#8217;epidemia da Covid-19: questa la proposta che arriver\u00e0 in discussione a fine mese nel corso del consiglio comunale del capoluogo.\u00a0Il provvedimento interessa le unit\u00e0 non domestiche \u201csoggette alla sospensione o chiusura obbligatoria dell\u2019attivit\u00e0 superiore a 20 giorni per\u00a0effetto di provvedimenti governativi o locali emanati a seguito dell\u2019emergenza\u201d identificate dai codici ATECO e quelle categorie \u201cdi fatto soggette alla sospensione o chiusura obbligatoria dell\u2019attivit\u00e0\u201d a seguito dei gi\u00e0 citati provvedimenti.\u00a0Questo intervento si va cos\u00ec ad aggiungere alla cancellazione per diverse mensilit\u00e0 della COSAP e alle agevolazioni per gli ampliamenti e l&#8217;occupazione del suolo per i locali pubblici, oltre alle proroghe dell&#8217;imposta di soggiorno, dell&#8217;IMU e l&#8217;imposta di pubblicit\u00e0.<\/p>\n<p><strong>L&#8217;ASSESSORE AL BILANCIO DEL COMUNE DI BELLUNO LUCIA OLIVOTTO<\/strong><\/p>\n<audio class=\"wp-audio-shortcode\" id=\"audio-161852-9\" preload=\"none\" style=\"width: 100%;\" controls=\"controls\"><source type=\"audio\/mpeg\" src=\"https:\/\/www.radiopiu.net\/wordpress\/wp-content\/uploads\/2020\/09\/Olivotto-Sconto-TARI-Covid.mp3?_=9\" \/><a href=\"https:\/\/www.radiopiu.net\/wordpress\/wp-content\/uploads\/2020\/09\/Olivotto-Sconto-TARI-Covid.mp3\">https:\/\/www.radiopiu.net\/wordpress\/wp-content\/uploads\/2020\/09\/Olivotto-Sconto-TARI-Covid.mp3<\/a><\/audio>\n<p>&nbsp;<\/p>\n<p>&nbsp;<\/p>\n<hr \/>\n<p>&nbsp;<\/p>\n<blockquote>\n<h3>INIZIO DELL\u2019AUTUNNO ASTRONOMICO DOPO UNA PRIMA PARTE DI SETTEMBRE CON CALDO RECORD IN VENETO<\/h3>\n<\/blockquote>\n<p><strong><a class=\"dt-pswp-item\" href=\"https:\/\/www.radiopiu.net\/wordpress\/wp-content\/uploads\/2020\/09\/Schermata-2020-09-22-alle-15.45.26.png\" data-dt-img-description=\"\" data-large_image_width=\"828\" data-large_image_height=\"962\"><img loading=\"lazy\" decoding=\"async\" class=\"size-medium wp-image-161981 alignleft\" src=\"https:\/\/www.radiopiu.net\/wordpress\/wp-content\/uploads\/2020\/09\/Schermata-2020-09-22-alle-15.45.26-258x300.png\" alt=\"\" width=\"258\" height=\"300\" srcset=\"https:\/\/www.radiopiu.net\/wordpress\/wp-content\/uploads\/2020\/09\/Schermata-2020-09-22-alle-15.45.26-258x300.png 258w, https:\/\/www.radiopiu.net\/wordpress\/wp-content\/uploads\/2020\/09\/Schermata-2020-09-22-alle-15.45.26-768x892.png 768w, https:\/\/www.radiopiu.net\/wordpress\/wp-content\/uploads\/2020\/09\/Schermata-2020-09-22-alle-15.45.26-413x480.png 413w, https:\/\/www.radiopiu.net\/wordpress\/wp-content\/uploads\/2020\/09\/Schermata-2020-09-22-alle-15.45.26.png 828w\" sizes=\"auto, (max-width: 258px) 100vw, 258px\" \/><\/a>PADOVA <\/strong>\u00a0Inizia\u00a0 l\u2019autunno astronomico in concomitanza anche ad un effettivo cambiamento del tempo sulla regione, dopo una prolungata fase nel corso di settembre, caratterizzata da giornate in prevalenza stabili, soleggiate e anormalmente calde. Durante il mese di settembre, dopo una prima breve fase piuttosto fresca che ha visto la ricomparsa della neve fino a 2900 m di quota (3 settembre), le temperature infatti sono decisamente aumentate fino a portarsi per molti giorni, dal 6-8 settembre, su valori ben oltre la norma. Nella montagna veneta la temperatura media dei primi 20 giorni del mese \u00e8 stata la pi\u00f9 alta degli ultimi 30 anni, in pianura in media \u00e8 stata la terza pi\u00f9 calda dopo il 2011 e il 2016. Nella parte centrale del mese, l\u2019affermazione di un vasto campo di alta pressione su gran parte dell\u2019Europa\u00a0 ha mantenuto per una <a class=\"dt-pswp-item\" href=\"https:\/\/www.radiopiu.net\/wordpress\/wp-content\/uploads\/2020\/09\/Schermata-2020-09-22-alle-15.46.28.png\" data-dt-img-description=\"\" data-large_image_width=\"1006\" data-large_image_height=\"586\"><img loading=\"lazy\" decoding=\"async\" class=\" wp-image-161982 alignright\" src=\"https:\/\/www.radiopiu.net\/wordpress\/wp-content\/uploads\/2020\/09\/Schermata-2020-09-22-alle-15.46.28-300x175.png\" alt=\"\" width=\"276\" height=\"161\" srcset=\"https:\/\/www.radiopiu.net\/wordpress\/wp-content\/uploads\/2020\/09\/Schermata-2020-09-22-alle-15.46.28-300x175.png 300w, https:\/\/www.radiopiu.net\/wordpress\/wp-content\/uploads\/2020\/09\/Schermata-2020-09-22-alle-15.46.28-768x447.png 768w, https:\/\/www.radiopiu.net\/wordpress\/wp-content\/uploads\/2020\/09\/Schermata-2020-09-22-alle-15.46.28-640x373.png 640w, https:\/\/www.radiopiu.net\/wordpress\/wp-content\/uploads\/2020\/09\/Schermata-2020-09-22-alle-15.46.28.png 1006w\" sizes=\"auto, (max-width: 276px) 100vw, 276px\" \/><\/a>decina di giorni valori termici in media oltre i 3-5\u00b0C rispetto alla norma. Nel corso della decade si sono anche raggiunte punte di temperature massime giornaliere record per questo periodo dell\u2019anno come i 32.1\u00b0C raggiunti a Verona \u2013 Villafranca. A partire dallo scorso week-end, il parziale cedimento del campo di alta pressione sull\u2019Europa ha favorito l\u2019ingresso di masse d\u2019aria leggermente pi\u00f9 fresche di origine continentale e le temperature hanno cominciato a scendere su valori pi\u00f9 consoni al periodo. Successivamente, ad iniziare da luned\u00ec 21, le condizioni atmosferiche sulla regione sono diventate progressivamente pi\u00f9 instabili per l\u2019avvicinamento di un\u2019area ciclonica di origine atlantica che condizioner\u00e0 il tempo sul Veneto anche nei prossimi giorni.<\/p>\n<p>&nbsp;<\/p>\n<p>&nbsp;<\/p>\n<hr \/>\n<blockquote>\n<h3><\/h3>\n<h3>CONFCOMMERCIO BELLUNO DA \u201cEL FORNER\u201d PER I 90 ANNI DI ATTIVITA&#8217; A LA VALLE AGORDINA<\/h3>\n<\/blockquote>\n<p><strong><a class=\"dt-pswp-item\" href=\"https:\/\/www.radiopiu.net\/wordpress\/wp-content\/uploads\/2020\/09\/Premiazione-El-Forner.jpg\" data-dt-img-description=\"\" data-large_image_width=\"2362\" data-large_image_height=\"1772\"><img loading=\"lazy\" decoding=\"async\" class=\"size-medium wp-image-161955 alignleft\" src=\"https:\/\/www.radiopiu.net\/wordpress\/wp-content\/uploads\/2020\/09\/Premiazione-El-Forner-300x225.jpg\" alt=\"\" width=\"300\" height=\"225\" srcset=\"https:\/\/www.radiopiu.net\/wordpress\/wp-content\/uploads\/2020\/09\/Premiazione-El-Forner-300x225.jpg 300w, https:\/\/www.radiopiu.net\/wordpress\/wp-content\/uploads\/2020\/09\/Premiazione-El-Forner-1024x768.jpg 1024w, https:\/\/www.radiopiu.net\/wordpress\/wp-content\/uploads\/2020\/09\/Premiazione-El-Forner-768x576.jpg 768w, https:\/\/www.radiopiu.net\/wordpress\/wp-content\/uploads\/2020\/09\/Premiazione-El-Forner-1536x1152.jpg 1536w, https:\/\/www.radiopiu.net\/wordpress\/wp-content\/uploads\/2020\/09\/Premiazione-El-Forner-2048x1536.jpg 2048w, https:\/\/www.radiopiu.net\/wordpress\/wp-content\/uploads\/2020\/09\/Premiazione-El-Forner-640x480.jpg 640w\" sizes=\"auto, (max-width: 300px) 100vw, 300px\" \/><\/a>LA VALLE\u00a0<\/strong>Un&#8217;entusiasmante ed appassionata cavalcata nella storia di un paese e della sua comunit\u00e0. Questo \u00e8 il Panificio El Forner che da 90 anni sforna prelibatezze a La Valle Agordina attraverso scampoli di storia e di mutamenti sociali ed economici ai cui effetti \u201cEl Forner\u201d ha sempre resistito, sapendo prontamente rilanciare, all&#8217;insegna di passione, tradizione, socialit\u00e0, amore per il territorio e per l&#8217;arte bianca.\u00a0\u201c<em>Confcommercio Belluno \u2013 afferma il presidente Paolo Doglioni \u2013 ha voluto presentare a William e famiglia un segno di riconoscenza per l&#8217;attivit\u00e0 svolta e per il traguardo raggiunto. Un&#8217;attivit\u00e0 da sempre legata a Confcommercio con William che ha attivamente partecipato con passione e generosit\u00e0 alla vita associativa<\/em>\u201d\u00a0\u201c<em>Nel nostro territorio \u2013 continua Doglioni \u2013 attivit\u00e0 come \u201cEl Forner\u201d rappresentano la vita dei piccoli paesi, il presidio necessario per la salvaguardia della montagna, un punto di appoggio fondamentale per i turisti che animano le valli. Per questi motivi la riconoscenza alla Famiglia Da Roit \u00e8 il minimo che possiamo manifestare. Nel breve incontro con i Da Roit ho respirato entusiasmo ed amore per il proprio lavoro e, soprattutto, la volont\u00e0 di guardare al futuro con ottimismo e programmazione anche grazie all&#8217;impegno del figlio Omar<\/em>\u201d.\u00a0Pur non presente a La Valle Agordina perch\u00e8 impegnato nel suo panificio, anche il presidente dei panificatori Roberto Battaglia ha voluto dedicare a William un pensiero di stima e gratitudine.\u00a0\u201c<em>William \u2013 riferisce Roberto Battaglia \u2013 \u00e8 un collega vulcanico, disponibile e innamorato del proprio lavoro. Sempre arricchenti i momenti nei quali ci siamo trovati per incontri associativi, collaborazioni, eventi, approfondimenti formativi, attivit\u00e0 benefiche e sociali. Un personaggio del quale il nostro comparto ha bisogno; un traino ed un esempio per la passione e la ricerca che quotidianamente dedica al proprio lavoro e per la capacit\u00e0, anche social, di far amare il pane e l&#8217;arte panaria ai suoi clienti ma non solo. E questo \u00e8 di arricchimento per tutti!<\/em>\u201d<\/p>\n<h3><\/h3>\n<hr \/>\n<blockquote>\n<h3><\/h3>\n<h3>INCENTIVI COMUNALI PER L\u2019ACQUISTO DI BICICLETTE A PEDALATA ASSISTITA E MUSCOLARE: NEL PRIMO GIORNO AUTENTICO BOOM DI RICHIESTE<\/h3>\n<\/blockquote>\n<p><strong><a class=\"dt-pswp-item\" href=\"https:\/\/www.radiopiu.net\/wordpress\/wp-content\/uploads\/2020\/09\/BICICLETTA.jpg\" data-dt-img-description=\"\" data-large_image_width=\"1920\" data-large_image_height=\"1280\"><img loading=\"lazy\" decoding=\"async\" class=\"size-medium wp-image-161990 alignleft\" src=\"https:\/\/www.radiopiu.net\/wordpress\/wp-content\/uploads\/2020\/09\/BICICLETTA-300x200.jpg\" alt=\"\" width=\"300\" height=\"200\" srcset=\"https:\/\/www.radiopiu.net\/wordpress\/wp-content\/uploads\/2020\/09\/BICICLETTA-300x200.jpg 300w, https:\/\/www.radiopiu.net\/wordpress\/wp-content\/uploads\/2020\/09\/BICICLETTA-1024x683.jpg 1024w, https:\/\/www.radiopiu.net\/wordpress\/wp-content\/uploads\/2020\/09\/BICICLETTA-768x512.jpg 768w, https:\/\/www.radiopiu.net\/wordpress\/wp-content\/uploads\/2020\/09\/BICICLETTA-1536x1024.jpg 1536w, https:\/\/www.radiopiu.net\/wordpress\/wp-content\/uploads\/2020\/09\/BICICLETTA-640x427.jpg 640w, https:\/\/www.radiopiu.net\/wordpress\/wp-content\/uploads\/2020\/09\/BICICLETTA.jpg 1920w\" sizes=\"auto, (max-width: 300px) 100vw, 300px\" \/><\/a>FELTRE<\/strong>\u00a0\u201c<em>Che ci sia un grande, rinnovato, interesse attorno al mondo delle due ruote lo sappiamo, ci fa grande piacere ed \u00e8 uno dei motivi che ha supportato la decisione di promuovere il nuovo bando di \u201cFeltre Rinnova\u201d, ma l\u2019adesione dei cittadini all\u2019iniziativa &#8211; che prevede un bonus di 400 euro per l\u2019acquisto delle bici a pedalata assistita e 200 per quelle a pedalata muscolare\u00a0 &#8211; \u00e8 andato oltre ogni nostra aspettativa<\/em>\u201d. Cos\u00ec l\u2019assessore all\u2019ambiente e alla mobilit\u00e0 del Comune di Feltre Valter Bonan commenta i dati pi\u00f9 che positivi relativi all\u2019apertura del bando presentato la scorsa settimana e partito, operativamente, luned\u00ec 21 settembre. \u00a0Nella sola prima giornata sono arrivate infatti all\u2019ufficio protocollo del municipio, tramite posta elettronica certificata o consegnate a mano, oltre 220 domande. \u201c<em>Si tratta di un autentico boom &#8211; aggiunge l\u2019assessore &#8211; che nella mattinata di luned\u00ec ha causato anche qualche problema logistico-organizzativo, dovendo le operazioni di consegna dei moduli uniformarsi alle normative sul contenimento del Covid per quanto riguarda l&#8217;accesso agli uffici.\u00a0<\/em><em>Il grande interesse dimostrato dai cittadini spinger\u00e0 l\u2019Amministrazione a fare le valutazioni del caso. L\u2019incentivo all\u2019acquisto delle bici, anche di nuova generazione, \u00e8 uno stimolo importante ad una mobilit\u00e0 sostenibile e a basso impatto ambientale come quella che intendiamo promuovere a Feltre<\/em>\u201d, conclude Bonan.<\/p>\n<h3><\/h3>\n<hr \/>\n<h3><\/h3>\n<blockquote>\n<h3>UN\u2019OPPORTUNITA\u2019 DI LAVORO E PER IL TERRITORIO:\u00a0IN PARTENZA IL CORSO PER DIVENTARE GESTORE DI B&amp;B<\/h3>\n<\/blockquote>\n<p><strong><a class=\"dt-pswp-item\" href=\"https:\/\/www.radiopiu.net\/wordpress\/wp-content\/uploads\/2020\/09\/CUSCINI.jpg\" data-dt-img-description=\"\" data-large_image_width=\"1920\" data-large_image_height=\"1280\"><img loading=\"lazy\" decoding=\"async\" class=\"size-medium wp-image-162012 alignleft\" src=\"https:\/\/www.radiopiu.net\/wordpress\/wp-content\/uploads\/2020\/09\/CUSCINI-300x200.jpg\" alt=\"\" width=\"300\" height=\"200\" srcset=\"https:\/\/www.radiopiu.net\/wordpress\/wp-content\/uploads\/2020\/09\/CUSCINI-300x200.jpg 300w, https:\/\/www.radiopiu.net\/wordpress\/wp-content\/uploads\/2020\/09\/CUSCINI-1024x683.jpg 1024w, https:\/\/www.radiopiu.net\/wordpress\/wp-content\/uploads\/2020\/09\/CUSCINI-768x512.jpg 768w, https:\/\/www.radiopiu.net\/wordpress\/wp-content\/uploads\/2020\/09\/CUSCINI-1536x1024.jpg 1536w, https:\/\/www.radiopiu.net\/wordpress\/wp-content\/uploads\/2020\/09\/CUSCINI-640x427.jpg 640w, https:\/\/www.radiopiu.net\/wordpress\/wp-content\/uploads\/2020\/09\/CUSCINI.jpg 1920w\" sizes=\"auto, (max-width: 300px) 100vw, 300px\" \/><\/a>BELLUNO\u00a0<\/strong>Una duplice opportunit\u00e0 per il territorio e per la societ\u00e0 prender\u00e0 il via il 12 ottobre con il \u201cPercorso per Gestore di B&amp;B\u201d, iter formativo a qualifica, gratuito e destinato ai disoccupati over 30.\u00a0Venendo incontro alle esigenza di ricettivit\u00e0 turistica, dove i Bed &amp; Breakfast stanno prendendo sempre pi\u00f9 piede, e per favorire l\u2019occupazione, il Circolo Cultura e Stampa Bellunese ha deciso di proporre questo corso che \u00e8 finanziato dalla Regione del Veneto grazie al POR (Fondo Sociale Europeo 2014-2020 \u2013 Asse II Inclusione Sociale).\u00a0300 ore di formazione in aula e laboratorio, 300 di tirocinio in strutture ricettive della Provincia a cui si aggiungeranno 22 ore di orientamento e coaching porteranno gli allievi ad acquisire la qualifica professionale di \u201cGestore di B&amp;B\u201d riconosciuta a livello nazionale. L\u2019attivit\u00e0 si articoler\u00e0 in quattro macro Unit\u00e0 Formative che prevedono la preparazione di camere e spazi comuni, applicando le adeguate tecniche di pulizia, riordino e sanificazione, le procedure di accoglienza e registrazione dei clienti, la promozione e la gestione commerciale del B&amp;B anche attraverso l\u2019utilizzo delle OLTA (OnLine Travel Agencies), la preparazione del servizio di prima colazione, rispettando le norme igienico sanitarie, oltre all\u2019approfondimento della lingua inglese e all\u2019utilizzo di sistemi digitali e informatici innovativi per la contabilit\u00e0 e la promozione.\u00a0Le attivit\u00e0 previste sono: Orientamento specialistico e individuale, Formazione e\u00a0Tirocinio.\u00a0Per accedere alle selezioni, che si terranno nella sede del Circolo (Piazza Mazzini, 18 \u2013 Belluno) il 7 e 8 ottobre con inizio alle 10.00, basta scaricare dal sito www.circoloculturaestampabellunese.it la domanda di ammissione e inviarla a info@ccsb.it. La prova si articoler\u00e0 in: test, colloquio individuale e esame della documentazione (curriculum vitae, Patto di servizio, Dichiarazione di Immediata Disponibilit\u00e0).<\/p>\n<p>&nbsp;<\/p>\n<p>&nbsp;<\/p>\n<hr \/>\n<p>&nbsp;<\/p>\n<blockquote>\n<h3>APERTURA DI CONSIGLIO COMUNALE CON L&#8217;ENTE PARCO NAZIONALE DOLOMITI BELLUNESI<\/h3>\n<\/blockquote>\n<p style=\"text-align: left;\"><strong>RIVAMONTE<\/strong> Venerdi alle 19 consiglio comunale convocato dal sindaco Nino Deon, all&#8217;ordine del giorno le comunicazioni del Presidente del Parco Nazionale delle Dolomiti Bellunesi, Ennio Vigne al consiglio comunale di Rivamonte e relativa illusrazione degli interventi che l&#8217;ente stra programmando assieme al Comune sul territorio; approvazione del documento DUP e del regolamento edilizio. Ancora nessuna notizia invece circa il contestato traliccio Wind Tre che gran parte del paese non vuole. Al tecnico intervenuto all&#8217;ultima riunione era stato chiesto di portare un messaggio all&#8217;azienda, ovvero spostare il traliccio altrove per non danneggiare l&#8217;ambiente e impoverire il patrimonio edilizio del luogo.<\/p>\n\n\t\t\t<style type='text\/css'>\n\t\t\t\t#gallery-3 {\n\t\t\t\t\tmargin: auto;\n\t\t\t\t}\n\t\t\t\t#gallery-3 .gallery-item {\n\t\t\t\t\tfloat: left;\n\t\t\t\t\tmargin-top: 10px;\n\t\t\t\t\ttext-align: center;\n\t\t\t\t\twidth: 33%;\n\t\t\t\t}\n\t\t\t\t#gallery-3 img {\n\t\t\t\t\tborder: 2px solid #cfcfcf;\n\t\t\t\t}\n\t\t\t\t#gallery-3 .gallery-caption {\n\t\t\t\t\tmargin-left: 0;\n\t\t\t\t}\n\t\t\t\t\/* see gallery_shortcode() in wp-includes\/media.php *\/\n\t\t\t<\/style>\n\t\t<div id='gallery-3' class='dt-gallery-container gallery galleryid-161852 gallery-columns-3 gallery-size-thumbnail'><dl class='gallery-item'>\n\t\t\t\t<dt class='gallery-icon landscape'>\n\t\t\t\t\t<a class=\"rollover rollover-zoom dt-pswp-item\" title=\"d634813d-2666-4df5-a0f7-31250bff99e3\" data-dt-img-description=\"\" data-large_image_width=\"1600\" data-large_image_height=\"903\"href='https:\/\/www.radiopiu.net\/wordpress\/wp-content\/uploads\/2020\/09\/d634813d-2666-4df5-a0f7-31250bff99e3.jpg'><img loading=\"lazy\" decoding=\"async\" width=\"150\" height=\"150\" src=\"https:\/\/www.radiopiu.net\/wordpress\/wp-content\/uploads\/2020\/09\/d634813d-2666-4df5-a0f7-31250bff99e3-150x150.jpg\" class=\"attachment-thumbnail size-thumbnail\" alt=\"\" srcset=\"https:\/\/www.radiopiu.net\/wordpress\/wp-content\/uploads\/2020\/09\/d634813d-2666-4df5-a0f7-31250bff99e3-150x150.jpg 150w, https:\/\/www.radiopiu.net\/wordpress\/wp-content\/uploads\/2020\/09\/d634813d-2666-4df5-a0f7-31250bff99e3-125x125.jpg 125w, https:\/\/www.radiopiu.net\/wordpress\/wp-content\/uploads\/2020\/09\/d634813d-2666-4df5-a0f7-31250bff99e3-200x200.jpg 200w, https:\/\/www.radiopiu.net\/wordpress\/wp-content\/uploads\/2020\/09\/d634813d-2666-4df5-a0f7-31250bff99e3-80x80.jpg 80w\" sizes=\"auto, (max-width: 150px) 100vw, 150px\" \/><\/a>\n\t\t\t\t<\/dt><\/dl><dl class='gallery-item'>\n\t\t\t\t<dt class='gallery-icon landscape'>\n\t\t\t\t\t<a class=\"rollover rollover-zoom dt-pswp-item\" title=\"2ccb87cb-ade2-4b01-8d9c-f752dfe6ddf3\" data-dt-img-description=\"\" data-large_image_width=\"1600\" data-large_image_height=\"903\"href='https:\/\/www.radiopiu.net\/wordpress\/wp-content\/uploads\/2020\/09\/2ccb87cb-ade2-4b01-8d9c-f752dfe6ddf3.jpg'><img loading=\"lazy\" decoding=\"async\" width=\"150\" height=\"150\" src=\"https:\/\/www.radiopiu.net\/wordpress\/wp-content\/uploads\/2020\/09\/2ccb87cb-ade2-4b01-8d9c-f752dfe6ddf3-150x150.jpg\" class=\"attachment-thumbnail size-thumbnail\" alt=\"\" srcset=\"https:\/\/www.radiopiu.net\/wordpress\/wp-content\/uploads\/2020\/09\/2ccb87cb-ade2-4b01-8d9c-f752dfe6ddf3-150x150.jpg 150w, https:\/\/www.radiopiu.net\/wordpress\/wp-content\/uploads\/2020\/09\/2ccb87cb-ade2-4b01-8d9c-f752dfe6ddf3-125x125.jpg 125w, https:\/\/www.radiopiu.net\/wordpress\/wp-content\/uploads\/2020\/09\/2ccb87cb-ade2-4b01-8d9c-f752dfe6ddf3-200x200.jpg 200w, https:\/\/www.radiopiu.net\/wordpress\/wp-content\/uploads\/2020\/09\/2ccb87cb-ade2-4b01-8d9c-f752dfe6ddf3-80x80.jpg 80w\" sizes=\"auto, (max-width: 150px) 100vw, 150px\" \/><\/a>\n\t\t\t\t<\/dt><\/dl><dl class='gallery-item'>\n\t\t\t\t<dt class='gallery-icon landscape'>\n\t\t\t\t\t<a class=\"rollover rollover-zoom dt-pswp-item\" title=\"2c176555-d145-4768-85d1-56ab6e401a33\" data-dt-img-description=\"\" data-large_image_width=\"1600\" data-large_image_height=\"903\"href='https:\/\/www.radiopiu.net\/wordpress\/wp-content\/uploads\/2020\/09\/2c176555-d145-4768-85d1-56ab6e401a33.jpg'><img loading=\"lazy\" decoding=\"async\" width=\"150\" height=\"150\" src=\"https:\/\/www.radiopiu.net\/wordpress\/wp-content\/uploads\/2020\/09\/2c176555-d145-4768-85d1-56ab6e401a33-150x150.jpg\" class=\"attachment-thumbnail size-thumbnail\" alt=\"\" srcset=\"https:\/\/www.radiopiu.net\/wordpress\/wp-content\/uploads\/2020\/09\/2c176555-d145-4768-85d1-56ab6e401a33-150x150.jpg 150w, https:\/\/www.radiopiu.net\/wordpress\/wp-content\/uploads\/2020\/09\/2c176555-d145-4768-85d1-56ab6e401a33-125x125.jpg 125w, https:\/\/www.radiopiu.net\/wordpress\/wp-content\/uploads\/2020\/09\/2c176555-d145-4768-85d1-56ab6e401a33-200x200.jpg 200w, https:\/\/www.radiopiu.net\/wordpress\/wp-content\/uploads\/2020\/09\/2c176555-d145-4768-85d1-56ab6e401a33-80x80.jpg 80w\" sizes=\"auto, (max-width: 150px) 100vw, 150px\" \/><\/a>\n\t\t\t\t<\/dt><\/dl><br style=\"clear: both\" \/>\n\t\t\t<\/div>\n\n<p>&nbsp;<\/p>\n<hr \/>\n<p>&nbsp;<\/p>\n<blockquote>\n<h3>TRE VARIAZIONI AL BILANCIO COMUNALE<\/h3>\n<\/blockquote>\n<p><strong><a class=\"dt-pswp-item\" href=\"https:\/\/www.radiopiu.net\/wordpress\/wp-content\/uploads\/2020\/05\/CENCENIGHE.jpg\" data-dt-img-description=\"\" data-large_image_width=\"1080\" data-large_image_height=\"810\"><img loading=\"lazy\" decoding=\"async\" class=\"wp-image-134919 alignleft\" src=\"https:\/\/www.radiopiu.net\/wordpress\/wp-content\/uploads\/2020\/05\/CENCENIGHE-300x225.jpg\" alt=\"\" width=\"148\" height=\"111\" srcset=\"https:\/\/www.radiopiu.net\/wordpress\/wp-content\/uploads\/2020\/05\/CENCENIGHE-300x225.jpg 300w, https:\/\/www.radiopiu.net\/wordpress\/wp-content\/uploads\/2020\/05\/CENCENIGHE-1024x768.jpg 1024w, https:\/\/www.radiopiu.net\/wordpress\/wp-content\/uploads\/2020\/05\/CENCENIGHE-768x576.jpg 768w, https:\/\/www.radiopiu.net\/wordpress\/wp-content\/uploads\/2020\/05\/CENCENIGHE.jpg 1080w\" sizes=\"auto, (max-width: 148px) 100vw, 148px\" \/><\/a>CENCENIGHE<\/strong> Venerdi alle 20.30 il consiglio comunale discuter\u00e0 la terza, quarta e\u00a0 quinta variazione al bilancio, saranno presentatate dal sindaco Mauro Soppelsa. Nella seduta anche l&#8217;approvazione del Dup, del regolamento e aliquote Imu e del regolamento per lo svolgimento in video conferenza delle sedute degli organi collegiali del Comune.<\/p>\n<p>&nbsp;<\/p>\n<p>&nbsp;<\/p>\n<hr \/>\n<p>&nbsp;<\/p>\n<blockquote>\n<h3>UN ALTRO CONSIGLIO CON NUMEROSE INTERROGAZIONI DELLA &#8220;MINORANZA&#8221;<\/h3>\n<\/blockquote>\n<p><strong>ROCCA PIETORE<\/strong> Da quando il consigliere Diana Iraci Borgia ha abbandonato il gruppo di governo nel quale era stata eletta (con il sindaco De Bernadin) i consigli comunali si sono allungati e non di poco. E&#8217; la conseguenza delle numerose interrogazioni che vengono presentate unitamente a quelle del gruppo di opposizione &#8220;Uniti per la Montagna&#8221;. Nel consiglio di lunedi alle 17 ben otto (un reiterata). I quesiti su: recupero zone boschive oggetto di schianti, sistemazione area Ru da Molin a Santa Maria delle Grazie, lavori sul Cordevole a Saviner, lavori di messa in sicurezza della zona a valle degli skilift in zona Crepe Rosse, Tabi\u00e0 Palazza, Valon d&#8217;Antermoia, avanzamento dei lavori nei Serrai di Sottoguda, , ponte sul Pettorina a Palue, infine interpellanza su un manufatto per il ricovero dei mezzi a ridosso della provinciale 641. Reiterata invece l&#8217;interrogazione sulla messa in sicurezza del Ru Sass Negher in localit\u00e0 Col di Rocca. \u00a0All&#8217;ordine del giorno, invece gli altri punti: approvazione dei regolamenti ediizi e per lo svolgimento delle sedute in video conferenza; variazione al bilancio, assestamento di bilancio e compenso del revisore dei conti.<\/p>\n<p>&nbsp;<\/p>\n<p>&nbsp;<\/p>\n<hr \/>\n<p>&nbsp;<\/p>\n<blockquote>\n<h3>CONCORSO PUBBLICO A ROCCA PIETORE PER COLLABORATORE A TEMPO INDETERMINATO<\/h3>\n<\/blockquote>\n<p><strong>ROCCA PIETORE<\/strong> ll Comune ha indetto un concorso pubblico per esami per la copertura, a tempo indeterminato e a tempo pieno, di\u00a0un posto di Collaboratore Professionale\u2013Conduttore di macchine\u00a0operatrici complesse \u2013 addetto al trasporto scolastico, ai servizi manutentivi e cimiteriali. Le domande di partecipazione dovranno pervenire al Comune di Rocca Pietore. \u00a0Per informazioni \u00e8 possibile rivolgersi ai seguenti recapiti: telefono 0437.721178; posta elettronica: segretario.rocca@agordino.bl.it<\/p>\n<p>&nbsp;<\/p>\n<hr \/>\n<p>&nbsp;<\/p>\n<blockquote>\n<h3>L\u2019EREDITA\u2019 UMANA E CRISTIANA DI PAPA LUCIANI: UN BENE DI TUTTI DA CUSTODIRE E VALORIZZARE INSIEME<\/h3>\n<\/blockquote>\n<p><strong><a class=\"dt-pswp-item\" href=\"https:\/\/www.radiopiu.net\/wordpress\/wp-content\/uploads\/2020\/09\/11090980_10152737813726074_5619830962156507044_o.jpg\" data-dt-img-description=\"\" data-large_image_width=\"923\" data-large_image_height=\"720\"><img loading=\"lazy\" decoding=\"async\" class=\" wp-image-162067 alignleft\" src=\"https:\/\/www.radiopiu.net\/wordpress\/wp-content\/uploads\/2020\/09\/11090980_10152737813726074_5619830962156507044_o-300x234.jpg\" alt=\"\" width=\"229\" height=\"179\" srcset=\"https:\/\/www.radiopiu.net\/wordpress\/wp-content\/uploads\/2020\/09\/11090980_10152737813726074_5619830962156507044_o-300x234.jpg 300w, https:\/\/www.radiopiu.net\/wordpress\/wp-content\/uploads\/2020\/09\/11090980_10152737813726074_5619830962156507044_o-768x599.jpg 768w, https:\/\/www.radiopiu.net\/wordpress\/wp-content\/uploads\/2020\/09\/11090980_10152737813726074_5619830962156507044_o-615x480.jpg 615w, https:\/\/www.radiopiu.net\/wordpress\/wp-content\/uploads\/2020\/09\/11090980_10152737813726074_5619830962156507044_o.jpg 923w\" sizes=\"auto, (max-width: 229px) 100vw, 229px\" \/><\/a>CANALE D&#8217;AGORDO<\/strong> La Fondazione Papa Luciani di Canale d\u2019Agordo\u00a0 si impegna ormai da pi\u00f9 di dieci anni a coltivare e tenere vivo il patrimonio umano e cristiano rappresentato dalla figura e dagli insegnamenti di papa Luciani.\u00a0 La Fondazione cura il Museo e la Casa natale di \u201cdon Albino\u201d, offre a visitatori e pellegrini un servizio di guida, accoglienza culturale e \u2013 con il prezioso aiuto del parroco di Canale \u2013 anche spirituale. Questa organizzazione implica molto impegno, energia e risorse, che per\u00f2 restituiscono importanti frutti: la soddisfazione dei visitatori e l\u2019aumento dell\u2019interesse verso la terra natale e la figura di papa Luciani.\u00a0 Per poter continuare a offrire questo importante servizio \u2013 che ha delle notevoli ricadute positive anche sul territorio \u2013 il Museo Albino Luciani ha bisogno del sostegno di tutti. Alcune persone sostengono con il proprio volontariato, altre\u00a0 con contributiil. Con l\u2019emergenza Covid sono venuti a mancare quasi completamente i gruppi organizzati che rappresentano quasi la met\u00e0 dei visitatori. Di qui\u00a0 un appello, al quale hanno risposto alcune persone, dalla Fondazione il grazie a tutti, in particolare\u00a0 a Giovanni Fontanive di Canale d\u2019Agordo per aver \u00a0voluto generosamente sostenere\u00a0 il Museo Albino Luciani, la Parrocchia di Canale d\u2019Agordo e la Scuola dell\u2019Infanzia parrocchiale che ha sofferto anche la partenza delle suore dopo 78 anni di prezioso servizio.<\/p>\n<p><strong><a class=\"dt-pswp-item\" href=\"https:\/\/www.radiopiu.net\/wordpress\/wp-content\/uploads\/2020\/09\/Blauwe-map87-scaled.jpg\" data-dt-img-description=\"\" data-large_image_width=\"2560\" data-large_image_height=\"1761\"><img loading=\"lazy\" decoding=\"async\" class=\"size-medium wp-image-162066 alignright\" src=\"https:\/\/www.radiopiu.net\/wordpress\/wp-content\/uploads\/2020\/09\/Blauwe-map87-300x206.jpg\" alt=\"\" width=\"300\" height=\"206\" srcset=\"https:\/\/www.radiopiu.net\/wordpress\/wp-content\/uploads\/2020\/09\/Blauwe-map87-300x206.jpg 300w, https:\/\/www.radiopiu.net\/wordpress\/wp-content\/uploads\/2020\/09\/Blauwe-map87-1024x704.jpg 1024w, https:\/\/www.radiopiu.net\/wordpress\/wp-content\/uploads\/2020\/09\/Blauwe-map87-768x528.jpg 768w, https:\/\/www.radiopiu.net\/wordpress\/wp-content\/uploads\/2020\/09\/Blauwe-map87-1536x1057.jpg 1536w, https:\/\/www.radiopiu.net\/wordpress\/wp-content\/uploads\/2020\/09\/Blauwe-map87-2048x1409.jpg 2048w, https:\/\/www.radiopiu.net\/wordpress\/wp-content\/uploads\/2020\/09\/Blauwe-map87-640x440.jpg 640w\" sizes=\"auto, (max-width: 300px) 100vw, 300px\" \/><\/a>Abbiamo chiesto al signor Fontanive di spiegare le motivazioni del suo gesto<\/strong>: &#8220;<em>Per i rapporti di parentela e di vicinato, la mia famiglia ha avuto spesso il piacere di incontrare don Albino &#8211; cos\u00ec tutti noi lo abbiamo sempre chiamato &#8211; quando veniva a trovare il fratello Edoardo a Canale d&#8217;Agordo, prima da Vescovo di Vittorio Veneto e poi da Patriarca di Venezia. Ricordo personalmente con emozione le varie occasioni in cui, da bambino, invitato in casa Luciani, ricevetti dalle sue mani una carezza e l&#8217;assaggio del suo gelato al caff\u00e8. La sua semplicit\u00e0, umilt\u00e0 e attenzione per il prossimo e soprattutto per i pi\u00f9 deboli e bisognosi, hanno sempre suscitato in me grande ammirazione, e hanno certamente contribuito alla mia formazione caratteriale. La sua lungimiranza su temi ancora attuali hanno inoltre reso il suo breve ma intenso pontificato un passaggio strategico nella storia della Chiesa, e mi auguro che il suo ricordo e il suo messaggio rimangano sempre nei cuori e nelle menti di tutti. \u00c8 con questo augurio che io, mamma e zia abbiamo voluto dare il nostro piccolo contributo al Museo Albino Luciani, perch\u00e9 possa continuare a divulgare la parola, le opere e l&#8217;intera testimonianza della vita di don Albino&#8221;.<\/em><\/p>\n<p>&nbsp;<\/p>\n<hr \/>\n<p>&nbsp;<\/p>\n<blockquote>\n<h3>ESCURSIONISMO CON CAMMINATURALMENTE<\/h3>\n<\/blockquote>\n<p><b><a class=\"dt-pswp-item\" href=\"https:\/\/www.radiopiu.net\/wordpress\/wp-content\/uploads\/2020\/09\/DSC02154-Copia.jpg\" data-dt-img-description=\"\" data-large_image_width=\"1048\" data-large_image_height=\"786\"><img loading=\"lazy\" decoding=\"async\" class=\"size-medium wp-image-160745 alignleft\" src=\"https:\/\/www.radiopiu.net\/wordpress\/wp-content\/uploads\/2020\/09\/DSC02154-Copia-300x225.jpg\" alt=\"\" width=\"300\" height=\"225\" srcset=\"https:\/\/www.radiopiu.net\/wordpress\/wp-content\/uploads\/2020\/09\/DSC02154-Copia-300x225.jpg 300w, https:\/\/www.radiopiu.net\/wordpress\/wp-content\/uploads\/2020\/09\/DSC02154-Copia-1024x768.jpg 1024w, https:\/\/www.radiopiu.net\/wordpress\/wp-content\/uploads\/2020\/09\/DSC02154-Copia-768x576.jpg 768w, https:\/\/www.radiopiu.net\/wordpress\/wp-content\/uploads\/2020\/09\/DSC02154-Copia-640x480.jpg 640w, https:\/\/www.radiopiu.net\/wordpress\/wp-content\/uploads\/2020\/09\/DSC02154-Copia.jpg 1048w\" sizes=\"auto, (max-width: 300px) 100vw, 300px\" \/><\/a>BELLUNO <\/b>Il Centro UPM \u2013 Associazione Culturale di Belluno &#8211; organizza\u00a0 l&#8217;escursione naturalistica con Anacleto Boranga \u2013 divulgatore e guida naturalistica\/ambientale.<\/p>\n<p><b>Sabato 26 settembre<\/b>\u00a0\u2013<strong> lista partecipanti esaurita<\/strong>\u00a0\u00a0<b>&#8211; Sabato 3 ottobre: replica<\/b> \u2013 <b>LAGO E<\/b> <b>OASI NATURALISTICA DI S.CROCE<\/b> \u2013Un\u2019area umida di straordinaria importanza ambientale e paesaggistica. E\u2019 presente <a class=\"dt-pswp-item\" href=\"https:\/\/www.radiopiu.net\/wordpress\/wp-content\/uploads\/2020\/09\/DSC07600-scaled.jpg\" data-dt-img-description=\"\" data-large_image_width=\"2560\" data-large_image_height=\"1920\"><img loading=\"lazy\" decoding=\"async\" class=\"size-medium wp-image-160746 alignright\" src=\"https:\/\/www.radiopiu.net\/wordpress\/wp-content\/uploads\/2020\/09\/DSC07600-300x225.jpg\" alt=\"\" width=\"300\" height=\"225\" srcset=\"https:\/\/www.radiopiu.net\/wordpress\/wp-content\/uploads\/2020\/09\/DSC07600-300x225.jpg 300w, https:\/\/www.radiopiu.net\/wordpress\/wp-content\/uploads\/2020\/09\/DSC07600-1024x768.jpg 1024w, https:\/\/www.radiopiu.net\/wordpress\/wp-content\/uploads\/2020\/09\/DSC07600-768x576.jpg 768w, https:\/\/www.radiopiu.net\/wordpress\/wp-content\/uploads\/2020\/09\/DSC07600-1536x1152.jpg 1536w, https:\/\/www.radiopiu.net\/wordpress\/wp-content\/uploads\/2020\/09\/DSC07600-2048x1536.jpg 2048w, https:\/\/www.radiopiu.net\/wordpress\/wp-content\/uploads\/2020\/09\/DSC07600-640x480.jpg 640w\" sizes=\"auto, (max-width: 300px) 100vw, 300px\" \/><\/a>anche un\u2019 esposizione fotografica all\u2019aperto e alcune creazioni di Land Art. Percorso facile di circa 3 km. Consigliate calzature adatte per eventuali tratti umidi\/fangosi. Ritrovo alla 14.30 in p\/le Resistenza oppure successivamente al parcheggio subito dopo il ponte sul torrente Tesa ( Farra d\u2019Alpago).<\/p>\n<p><em>Dovranno essere osservate le norme anti COVID-19 (mascherina,\u00a0 autocertificazione). Partecipazione limitata a 20 persone \u2013 Iscrizione obbligatoria presso Un Noce, in via Barozzi 18 o al tel 351 5468735 o a <a href=\"mailto:belluno1@centroupm.it\">belluno1@centroupm.it<\/a> \u2013 Info 340 8769665<\/em><\/p>\n<p>&nbsp;<\/p>\n\n\t\t\t<style type='text\/css'>\n\t\t\t\t#gallery-4 {\n\t\t\t\t\tmargin: auto;\n\t\t\t\t}\n\t\t\t\t#gallery-4 .gallery-item {\n\t\t\t\t\tfloat: left;\n\t\t\t\t\tmargin-top: 10px;\n\t\t\t\t\ttext-align: center;\n\t\t\t\t\twidth: 20%;\n\t\t\t\t}\n\t\t\t\t#gallery-4 img {\n\t\t\t\t\tborder: 2px solid #cfcfcf;\n\t\t\t\t}\n\t\t\t\t#gallery-4 .gallery-caption {\n\t\t\t\t\tmargin-left: 0;\n\t\t\t\t}\n\t\t\t\t\/* see gallery_shortcode() in wp-includes\/media.php *\/\n\t\t\t<\/style>\n\t\t<div id='gallery-4' class='dt-gallery-container gallery galleryid-161852 gallery-columns-5 gallery-size-thumbnail'><dl class='gallery-item'>\n\t\t\t\t<dt class='gallery-icon landscape'>\n\t\t\t\t\t<a class=\"rollover rollover-zoom dt-pswp-item\" title=\"P1140294\" data-dt-img-description=\"\" data-large_image_width=\"948\" data-large_image_height=\"711\"href='https:\/\/www.radiopiu.net\/wordpress\/wp-content\/uploads\/2020\/09\/P1140294.jpg'><img loading=\"lazy\" decoding=\"async\" width=\"150\" height=\"150\" src=\"https:\/\/www.radiopiu.net\/wordpress\/wp-content\/uploads\/2020\/09\/P1140294-150x150.jpg\" class=\"attachment-thumbnail size-thumbnail\" alt=\"\" srcset=\"https:\/\/www.radiopiu.net\/wordpress\/wp-content\/uploads\/2020\/09\/P1140294-150x150.jpg 150w, https:\/\/www.radiopiu.net\/wordpress\/wp-content\/uploads\/2020\/09\/P1140294-125x125.jpg 125w, https:\/\/www.radiopiu.net\/wordpress\/wp-content\/uploads\/2020\/09\/P1140294-200x200.jpg 200w, https:\/\/www.radiopiu.net\/wordpress\/wp-content\/uploads\/2020\/09\/P1140294-80x80.jpg 80w\" sizes=\"auto, (max-width: 150px) 100vw, 150px\" \/><\/a>\n\t\t\t\t<\/dt><\/dl><dl class='gallery-item'>\n\t\t\t\t<dt class='gallery-icon landscape'>\n\t\t\t\t\t<a class=\"rollover rollover-zoom dt-pswp-item\" title=\"P1140298\" data-dt-img-description=\"\" data-large_image_width=\"1048\" data-large_image_height=\"786\"href='https:\/\/www.radiopiu.net\/wordpress\/wp-content\/uploads\/2020\/09\/P1140298.jpg'><img loading=\"lazy\" decoding=\"async\" width=\"150\" height=\"150\" src=\"https:\/\/www.radiopiu.net\/wordpress\/wp-content\/uploads\/2020\/09\/P1140298-150x150.jpg\" class=\"attachment-thumbnail size-thumbnail\" alt=\"\" srcset=\"https:\/\/www.radiopiu.net\/wordpress\/wp-content\/uploads\/2020\/09\/P1140298-150x150.jpg 150w, https:\/\/www.radiopiu.net\/wordpress\/wp-content\/uploads\/2020\/09\/P1140298-125x125.jpg 125w, https:\/\/www.radiopiu.net\/wordpress\/wp-content\/uploads\/2020\/09\/P1140298-200x200.jpg 200w, https:\/\/www.radiopiu.net\/wordpress\/wp-content\/uploads\/2020\/09\/P1140298-80x80.jpg 80w\" sizes=\"auto, (max-width: 150px) 100vw, 150px\" \/><\/a>\n\t\t\t\t<\/dt><\/dl><dl class='gallery-item'>\n\t\t\t\t<dt class='gallery-icon landscape'>\n\t\t\t\t\t<a class=\"rollover rollover-zoom dt-pswp-item\" title=\"P1140300\" data-dt-img-description=\"\" data-large_image_width=\"1048\" data-large_image_height=\"786\"href='https:\/\/www.radiopiu.net\/wordpress\/wp-content\/uploads\/2020\/09\/P1140300.jpg'><img loading=\"lazy\" decoding=\"async\" width=\"150\" height=\"150\" src=\"https:\/\/www.radiopiu.net\/wordpress\/wp-content\/uploads\/2020\/09\/P1140300-150x150.jpg\" class=\"attachment-thumbnail size-thumbnail\" alt=\"\" srcset=\"https:\/\/www.radiopiu.net\/wordpress\/wp-content\/uploads\/2020\/09\/P1140300-150x150.jpg 150w, https:\/\/www.radiopiu.net\/wordpress\/wp-content\/uploads\/2020\/09\/P1140300-125x125.jpg 125w, https:\/\/www.radiopiu.net\/wordpress\/wp-content\/uploads\/2020\/09\/P1140300-200x200.jpg 200w, https:\/\/www.radiopiu.net\/wordpress\/wp-content\/uploads\/2020\/09\/P1140300-80x80.jpg 80w\" sizes=\"auto, (max-width: 150px) 100vw, 150px\" \/><\/a>\n\t\t\t\t<\/dt><\/dl><dl class='gallery-item'>\n\t\t\t\t<dt class='gallery-icon landscape'>\n\t\t\t\t\t<a class=\"rollover rollover-zoom dt-pswp-item\" title=\"P1140302\" data-dt-img-description=\"\" data-large_image_width=\"948\" data-large_image_height=\"711\"href='https:\/\/www.radiopiu.net\/wordpress\/wp-content\/uploads\/2020\/09\/P1140302.jpg'><img loading=\"lazy\" decoding=\"async\" width=\"150\" height=\"150\" src=\"https:\/\/www.radiopiu.net\/wordpress\/wp-content\/uploads\/2020\/09\/P1140302-150x150.jpg\" class=\"attachment-thumbnail size-thumbnail\" alt=\"\" srcset=\"https:\/\/www.radiopiu.net\/wordpress\/wp-content\/uploads\/2020\/09\/P1140302-150x150.jpg 150w, https:\/\/www.radiopiu.net\/wordpress\/wp-content\/uploads\/2020\/09\/P1140302-125x125.jpg 125w, https:\/\/www.radiopiu.net\/wordpress\/wp-content\/uploads\/2020\/09\/P1140302-200x200.jpg 200w, https:\/\/www.radiopiu.net\/wordpress\/wp-content\/uploads\/2020\/09\/P1140302-80x80.jpg 80w\" sizes=\"auto, (max-width: 150px) 100vw, 150px\" \/><\/a>\n\t\t\t\t<\/dt><\/dl><dl class='gallery-item'>\n\t\t\t\t<dt class='gallery-icon landscape'>\n\t\t\t\t\t<a class=\"rollover rollover-zoom dt-pswp-item\" title=\"P1140306\" data-dt-img-description=\"\" data-large_image_width=\"948\" data-large_image_height=\"711\"href='https:\/\/www.radiopiu.net\/wordpress\/wp-content\/uploads\/2020\/09\/P1140306.jpg'><img loading=\"lazy\" decoding=\"async\" width=\"150\" height=\"150\" src=\"https:\/\/www.radiopiu.net\/wordpress\/wp-content\/uploads\/2020\/09\/P1140306-150x150.jpg\" class=\"attachment-thumbnail size-thumbnail\" alt=\"\" srcset=\"https:\/\/www.radiopiu.net\/wordpress\/wp-content\/uploads\/2020\/09\/P1140306-150x150.jpg 150w, https:\/\/www.radiopiu.net\/wordpress\/wp-content\/uploads\/2020\/09\/P1140306-125x125.jpg 125w, https:\/\/www.radiopiu.net\/wordpress\/wp-content\/uploads\/2020\/09\/P1140306-200x200.jpg 200w, https:\/\/www.radiopiu.net\/wordpress\/wp-content\/uploads\/2020\/09\/P1140306-80x80.jpg 80w\" sizes=\"auto, (max-width: 150px) 100vw, 150px\" \/><\/a>\n\t\t\t\t<\/dt><\/dl><br style=\"clear: both\" \/><dl class='gallery-item'>\n\t\t\t\t<dt class='gallery-icon landscape'>\n\t\t\t\t\t<a class=\"rollover rollover-zoom dt-pswp-item\" title=\"P1140312\" data-dt-img-description=\"\" data-large_image_width=\"948\" data-large_image_height=\"711\"href='https:\/\/www.radiopiu.net\/wordpress\/wp-content\/uploads\/2020\/09\/P1140312.jpg'><img loading=\"lazy\" decoding=\"async\" width=\"150\" height=\"150\" src=\"https:\/\/www.radiopiu.net\/wordpress\/wp-content\/uploads\/2020\/09\/P1140312-150x150.jpg\" class=\"attachment-thumbnail size-thumbnail\" alt=\"\" srcset=\"https:\/\/www.radiopiu.net\/wordpress\/wp-content\/uploads\/2020\/09\/P1140312-150x150.jpg 150w, https:\/\/www.radiopiu.net\/wordpress\/wp-content\/uploads\/2020\/09\/P1140312-125x125.jpg 125w, https:\/\/www.radiopiu.net\/wordpress\/wp-content\/uploads\/2020\/09\/P1140312-200x200.jpg 200w, https:\/\/www.radiopiu.net\/wordpress\/wp-content\/uploads\/2020\/09\/P1140312-80x80.jpg 80w\" sizes=\"auto, (max-width: 150px) 100vw, 150px\" \/><\/a>\n\t\t\t\t<\/dt><\/dl><dl class='gallery-item'>\n\t\t\t\t<dt class='gallery-icon landscape'>\n\t\t\t\t\t<a class=\"rollover rollover-zoom dt-pswp-item\" title=\"P1140329\" data-dt-img-description=\"\" data-large_image_width=\"948\" data-large_image_height=\"711\"href='https:\/\/www.radiopiu.net\/wordpress\/wp-content\/uploads\/2020\/09\/P1140329.jpg'><img loading=\"lazy\" decoding=\"async\" width=\"150\" height=\"150\" src=\"https:\/\/www.radiopiu.net\/wordpress\/wp-content\/uploads\/2020\/09\/P1140329-150x150.jpg\" class=\"attachment-thumbnail size-thumbnail\" alt=\"\" srcset=\"https:\/\/www.radiopiu.net\/wordpress\/wp-content\/uploads\/2020\/09\/P1140329-150x150.jpg 150w, https:\/\/www.radiopiu.net\/wordpress\/wp-content\/uploads\/2020\/09\/P1140329-125x125.jpg 125w, https:\/\/www.radiopiu.net\/wordpress\/wp-content\/uploads\/2020\/09\/P1140329-200x200.jpg 200w, https:\/\/www.radiopiu.net\/wordpress\/wp-content\/uploads\/2020\/09\/P1140329-80x80.jpg 80w\" sizes=\"auto, (max-width: 150px) 100vw, 150px\" \/><\/a>\n\t\t\t\t<\/dt><\/dl><dl class='gallery-item'>\n\t\t\t\t<dt class='gallery-icon landscape'>\n\t\t\t\t\t<a class=\"rollover rollover-zoom dt-pswp-item\" title=\"P1140560\" data-dt-img-description=\"\" data-large_image_width=\"948\" data-large_image_height=\"711\"href='https:\/\/www.radiopiu.net\/wordpress\/wp-content\/uploads\/2020\/09\/P1140560.jpg'><img loading=\"lazy\" decoding=\"async\" width=\"150\" height=\"150\" src=\"https:\/\/www.radiopiu.net\/wordpress\/wp-content\/uploads\/2020\/09\/P1140560-150x150.jpg\" class=\"attachment-thumbnail size-thumbnail\" alt=\"\" srcset=\"https:\/\/www.radiopiu.net\/wordpress\/wp-content\/uploads\/2020\/09\/P1140560-150x150.jpg 150w, https:\/\/www.radiopiu.net\/wordpress\/wp-content\/uploads\/2020\/09\/P1140560-125x125.jpg 125w, https:\/\/www.radiopiu.net\/wordpress\/wp-content\/uploads\/2020\/09\/P1140560-200x200.jpg 200w, https:\/\/www.radiopiu.net\/wordpress\/wp-content\/uploads\/2020\/09\/P1140560-80x80.jpg 80w\" sizes=\"auto, (max-width: 150px) 100vw, 150px\" \/><\/a>\n\t\t\t\t<\/dt><\/dl><dl class='gallery-item'>\n\t\t\t\t<dt class='gallery-icon landscape'>\n\t\t\t\t\t<a class=\"rollover rollover-zoom dt-pswp-item\" title=\"P1140565\" data-dt-img-description=\"\" data-large_image_width=\"948\" data-large_image_height=\"711\"href='https:\/\/www.radiopiu.net\/wordpress\/wp-content\/uploads\/2020\/09\/P1140565.jpg'><img loading=\"lazy\" decoding=\"async\" width=\"150\" height=\"150\" src=\"https:\/\/www.radiopiu.net\/wordpress\/wp-content\/uploads\/2020\/09\/P1140565-150x150.jpg\" class=\"attachment-thumbnail size-thumbnail\" alt=\"\" srcset=\"https:\/\/www.radiopiu.net\/wordpress\/wp-content\/uploads\/2020\/09\/P1140565-150x150.jpg 150w, https:\/\/www.radiopiu.net\/wordpress\/wp-content\/uploads\/2020\/09\/P1140565-125x125.jpg 125w, https:\/\/www.radiopiu.net\/wordpress\/wp-content\/uploads\/2020\/09\/P1140565-200x200.jpg 200w, https:\/\/www.radiopiu.net\/wordpress\/wp-content\/uploads\/2020\/09\/P1140565-80x80.jpg 80w\" sizes=\"auto, (max-width: 150px) 100vw, 150px\" \/><\/a>\n\t\t\t\t<\/dt><\/dl><dl class='gallery-item'>\n\t\t\t\t<dt class='gallery-icon landscape'>\n\t\t\t\t\t<a class=\"rollover rollover-zoom dt-pswp-item\" title=\"P1140581\" data-dt-img-description=\"\" data-large_image_width=\"902\" data-large_image_height=\"677\"href='https:\/\/www.radiopiu.net\/wordpress\/wp-content\/uploads\/2020\/09\/P1140581.jpg'><img loading=\"lazy\" decoding=\"async\" width=\"150\" height=\"150\" src=\"https:\/\/www.radiopiu.net\/wordpress\/wp-content\/uploads\/2020\/09\/P1140581-150x150.jpg\" class=\"attachment-thumbnail size-thumbnail\" alt=\"\" srcset=\"https:\/\/www.radiopiu.net\/wordpress\/wp-content\/uploads\/2020\/09\/P1140581-150x150.jpg 150w, https:\/\/www.radiopiu.net\/wordpress\/wp-content\/uploads\/2020\/09\/P1140581-125x125.jpg 125w, https:\/\/www.radiopiu.net\/wordpress\/wp-content\/uploads\/2020\/09\/P1140581-200x200.jpg 200w, https:\/\/www.radiopiu.net\/wordpress\/wp-content\/uploads\/2020\/09\/P1140581-80x80.jpg 80w\" sizes=\"auto, (max-width: 150px) 100vw, 150px\" \/><\/a>\n\t\t\t\t<\/dt><\/dl><br style=\"clear: both\" \/>\n\t\t\t<\/div>\n\n<p>&nbsp;<\/p>\n<p>&nbsp;<\/p>\n<hr \/>\n<p>&nbsp;<\/p>\n<blockquote>\n<h3>L&#8217;EMERGENZA COVID 19 PORTA ALL&#8217;ANNULLAMENTO DELLA MESSA PER I FIGLI SCOMPARSI<\/h3>\n<\/blockquote>\n<p><strong><a class=\"dt-pswp-item\" href=\"https:\/\/www.radiopiu.net\/wordpress\/wp-content\/uploads\/2016\/06\/genitorisemprelogo.png\" data-dt-img-description=\"\" data-large_image_width=\"200\" data-large_image_height=\"200\"><img loading=\"lazy\" decoding=\"async\" class=\"wp-image-20238 alignleft\" src=\"https:\/\/www.radiopiu.net\/wordpress\/wp-content\/uploads\/2016\/06\/genitorisemprelogo.png\" alt=\"\" width=\"93\" height=\"93\" \/><\/a>AGORDO<\/strong><\/p>\n<p><strong>DI GIANNI SANTOMASO\u00a0<\/strong><\/p>\n<audio class=\"wp-audio-shortcode\" id=\"audio-161852-10\" preload=\"none\" style=\"width: 100%;\" controls=\"controls\"><source type=\"audio\/mpeg\" src=\"https:\/\/www.radiopiu.net\/wordpress\/wp-content\/uploads\/2020\/09\/gianni-genitori-sempre.mp3?_=10\" \/><a href=\"https:\/\/www.radiopiu.net\/wordpress\/wp-content\/uploads\/2020\/09\/gianni-genitori-sempre.mp3\">https:\/\/www.radiopiu.net\/wordpress\/wp-content\/uploads\/2020\/09\/gianni-genitori-sempre.mp3<\/a><\/audio>\n<p>&nbsp;<\/p>\n<hr \/>\n<p>&nbsp;<\/p>\n<blockquote>\n<h3>DOMANI L&#8217;ASSEMBLEA DEL CONSORZIO BIM PIAVE A SEDICO<\/h3>\n<\/blockquote>\n<p><strong>SEDICO<\/strong> L\u2019Assemblea Generale del Consorzio BIM Piave di Belluno \u00e8 convocata in seduta pubblica per domani alle 16:30 presso la sala convegni di Villa Patt di Sedico. 5 i punti all&#8217;ordine del giorno.<\/p>\n<p>&nbsp;<\/p>\n<hr \/>\n<p>&nbsp;<\/p>\n<blockquote>\n<h3>\u201cCADORE \u201992\u201d IL PREGEVOLE VOLUME CURATO DA MONSIGNOR GIORGIO LISE di Renato Bona<\/h3>\n<\/blockquote>\n<p><strong>BELLUNO<\/strong> Luned\u00ec 28 settembre sar\u00e0 il quarantaduesimo anniversario della scomparsa, dopo soli 33 giorni di pontificato, di Albino Luciani, il \u201cPapa bellunese del sorriso\u201d, asceso al soglio di Pietro col nome di Giovanni Paolo I il 26 agosto 1978. La ricorrenza mi offre lo spunto per un commosso personale ricordo di quel pontefice del quale molti anni prima ero stato chierichetto, ma soprattutto del suo successore, Karol Wojtyla, Giovanni Paolo II, ora Santo, al quale fui presentato, con pochissimi altri, in occasione della messa celebrata nella splendida Val Visdende. Lo faccio supportato da un libro che mi \u00e8 stato regalato \u201ccon amicizia\u201d dall\u2019autore e al quale tengo molto: \u201cCadore \u201892\u201d, opera di monsignor Giorgio Lise, oggi vicario giudiziale, rettore del Seminario Gregoriano di Belluno, cappellano della Polizia di Stato e, in precedenza, fra l\u2019altro, arcidiacono di Agordo e segretario del vescovo Maffeo Ducoli; il presule che \u2013 va detto \u2013 fu l\u2019artefice delle vacanze papali in terra bellunese. Lo stesso don Lise aveva curato nel 1988, con la Editrice Velar, il purtroppo ormai introvabile \u201cCadore 87\u201d con &#8211; parole dell\u2019autore &#8211; le immagini del soggiorno, delle celebrazioni, i discorsi e la cronaca dettagliata di quei sei giorni davvero indimenticabili per tutti. Hanno collaborato in varie forme per questo secondo libro, la Regione Veneto, il Corpo Forestale, enti ed autorit\u00e0 provinciali e locali (in particolare i Comuni e le Parrocchie di Domegge e Lorenzago), ancora: la Cassa di Risparmio di Verona, Vicenza, Belluno e Ancona, gli addetti al servizio di vigilanza, operatori della comunicazione sociale. \u201cCadore \u201892\u201d &#8211; corredato da splendide fotografie (Arturo Mari, Osservatore Romano; Foto Felici Rom; Giuseppe Zanfron e Foto Eddy Belluno; Foto Ghedina Cortina; Foto Danieli Santo Stefano di Cadore) &#8211; riferisce sulla vacanza di quell\u2019anno in Cadore del Pontefice e fa un riassunto della visita del 1979 a Canale d\u2019Agordo, ad un anno dall\u2019elezione e dalla scomparsa di Albino Luciani, e del 1988 al centro di spiritualit\u00e0 \u201cPapa Luciani\u201d di Col Cumano di Santa Giustina. Sfogliamo dunque il volume, articolato in tre parti: \u201cUn soggiorno rinviato\u201d (ricovero del Papa al Gemelli \u2013 ndr.), \u201cUn soggiorno prolungato\u201d (quello dell\u2019agosto-settembre 1992 \u2013 ndr.) e \u201cRicordando\u2026\u201d (dedicata alla visita di Wojtyla a Canale d\u2019Agordo, paese natale di Luciani, con l\u2019Angelus in Marmolada e la messa nello stadio del capoluogo davanti a 80 mila persone. Nella presentazione firmata da Maffeo Ducoli leggiamo fra l\u2019altro: \u201cGiovanni Paolo II \u00e8 tornato finalmente in Cadore. Il Signore ha esaudito la nostra preghiera e si sono realizzati il fervido auspicio, la nostalgica speranza di tutta la nostra gente rimasta profondamente addolorata quando Egli stesso, durante l\u2019Angelus di domenica 12 luglio, comunic\u00f2 che doveva ricoverarsi al Policlinico Gemelli per accertamenti\u2026 Questo volume vuole essere documentazione di quanto Egli ha detto e fatto nel soggiorno in Cadore dal 17 agosto al 2 settembre. Offre anche qualche particolare inedito delle precedenti visite che si inseriscono negli annali della nostra storia e resteranno impresse per sempre nel cuore di chi ha avuto la gioia e la grazia di sentire il Vicario di Cristo tanto affettuosamente vicino. A Lui, Padre veneratissimo, che \u2018presiede alla comunione universale della carit\u00e0\u2019 giunga il nostro pi\u00f9 vivo e sentito ringraziamento\u201d. Nella stessa occasione il Papa con lettera dell\u20198 settembre scriveva al vescovo di Belluno-Feltre: \u201cDelle vostre montagne, sulle quali mi \u00e8 stato dato di camminare a lungo respirandone l\u2019aria salubre, porto con me un incancellabile ricordo. Esse sono state un quotidiano e naturale richiamo all\u2019onnipotente Provvidenza divina, un invito incessante alla meditazione e alla preghiera\u201d. E\u2019 del 22 aprile l\u2019annuncio ufficiale alla Diocesi, da parte di Maffeo Ducoli che \u201cil Santo Padre Giovanni Paolo II soggiorner\u00e0 per la terza volta in Cadore, dal 15 al 24 luglio\u201d. La prima visita &#8211; annota Giorgio Lise &#8211; risale al 26 agosto 1979 in occasione del primo anniversario della elezione alla cattedra di Pietro del nostro mai dimenticato card. Albino Luciani. Visit\u00f2 Canale d\u2019Agordo e sal\u00ec in Marmolada ove a Punta Rocca benedisse la statua della \u2018regina delle Dolomiti\u2019 offrendo al mondo uno dei suoi primi messaggi mariani, trasmesso dalla Tv italiana in mondovisione. Il Santo Padre soggiorn\u00f2 poi in Cadore nel luglio 1987 e celebr\u00f2 la messa con grande partecipazione di popolo, in Val Visdende, in occasione della festa di San Giovanni Gualberto patrono dei Forestali. Conquistato dal silenzio dei nostri boschi, dall\u2019impareggiabile spettacolo delle vette dolomitiche e, soprattutto, dalla devota e rispettosa discrezione della nostra gente, torn\u00f2 nuovamente a Lorenzago nel 1988 e il 16 luglio incontr\u00f2 clero e fedeli al Centro di spiritualit\u00e0 Papa Luciani a Col Cumano di Santa Giustina.<\/p>\n\n\t\t\t<style type='text\/css'>\n\t\t\t\t#gallery-5 {\n\t\t\t\t\tmargin: auto;\n\t\t\t\t}\n\t\t\t\t#gallery-5 .gallery-item {\n\t\t\t\t\tfloat: left;\n\t\t\t\t\tmargin-top: 10px;\n\t\t\t\t\ttext-align: center;\n\t\t\t\t\twidth: 20%;\n\t\t\t\t}\n\t\t\t\t#gallery-5 img {\n\t\t\t\t\tborder: 2px solid #cfcfcf;\n\t\t\t\t}\n\t\t\t\t#gallery-5 .gallery-caption {\n\t\t\t\t\tmargin-left: 0;\n\t\t\t\t}\n\t\t\t\t\/* see gallery_shortcode() in wp-includes\/media.php *\/\n\t\t\t<\/style>\n\t\t<div id='gallery-5' class='dt-gallery-container gallery galleryid-161852 gallery-columns-5 gallery-size-thumbnail'><dl class='gallery-item'>\n\t\t\t\t<dt class='gallery-icon portrait'>\n\t\t\t\t\t<a class=\"rollover rollover-zoom dt-pswp-item\" title=\"120016409_4427878237254766_6804948253436468879_n\" data-dt-img-description=\"\" data-large_image_width=\"1594\" data-large_image_height=\"2048\"href='https:\/\/www.radiopiu.net\/wordpress\/wp-content\/uploads\/2020\/09\/120016409_4427878237254766_6804948253436468879_n.jpg'><img loading=\"lazy\" decoding=\"async\" width=\"150\" height=\"150\" src=\"https:\/\/www.radiopiu.net\/wordpress\/wp-content\/uploads\/2020\/09\/120016409_4427878237254766_6804948253436468879_n-150x150.jpg\" class=\"attachment-thumbnail size-thumbnail\" alt=\"\" srcset=\"https:\/\/www.radiopiu.net\/wordpress\/wp-content\/uploads\/2020\/09\/120016409_4427878237254766_6804948253436468879_n-150x150.jpg 150w, https:\/\/www.radiopiu.net\/wordpress\/wp-content\/uploads\/2020\/09\/120016409_4427878237254766_6804948253436468879_n-125x125.jpg 125w, https:\/\/www.radiopiu.net\/wordpress\/wp-content\/uploads\/2020\/09\/120016409_4427878237254766_6804948253436468879_n-200x200.jpg 200w, https:\/\/www.radiopiu.net\/wordpress\/wp-content\/uploads\/2020\/09\/120016409_4427878237254766_6804948253436468879_n-80x80.jpg 80w\" sizes=\"auto, (max-width: 150px) 100vw, 150px\" \/><\/a>\n\t\t\t\t<\/dt><\/dl><dl class='gallery-item'>\n\t\t\t\t<dt class='gallery-icon landscape'>\n\t\t\t\t\t<a class=\"rollover rollover-zoom dt-pswp-item\" title=\"120047796_867028043829927_3739456913076501465_n\" data-dt-img-description=\"\" data-large_image_width=\"2048\" data-large_image_height=\"1378\"href='https:\/\/www.radiopiu.net\/wordpress\/wp-content\/uploads\/2020\/09\/120047796_867028043829927_3739456913076501465_n.jpg'><img loading=\"lazy\" decoding=\"async\" width=\"150\" height=\"150\" src=\"https:\/\/www.radiopiu.net\/wordpress\/wp-content\/uploads\/2020\/09\/120047796_867028043829927_3739456913076501465_n-150x150.jpg\" class=\"attachment-thumbnail size-thumbnail\" alt=\"\" srcset=\"https:\/\/www.radiopiu.net\/wordpress\/wp-content\/uploads\/2020\/09\/120047796_867028043829927_3739456913076501465_n-150x150.jpg 150w, https:\/\/www.radiopiu.net\/wordpress\/wp-content\/uploads\/2020\/09\/120047796_867028043829927_3739456913076501465_n-125x125.jpg 125w, https:\/\/www.radiopiu.net\/wordpress\/wp-content\/uploads\/2020\/09\/120047796_867028043829927_3739456913076501465_n-200x200.jpg 200w, https:\/\/www.radiopiu.net\/wordpress\/wp-content\/uploads\/2020\/09\/120047796_867028043829927_3739456913076501465_n-80x80.jpg 80w\" sizes=\"auto, (max-width: 150px) 100vw, 150px\" \/><\/a>\n\t\t\t\t<\/dt><\/dl><dl class='gallery-item'>\n\t\t\t\t<dt class='gallery-icon landscape'>\n\t\t\t\t\t<a class=\"rollover rollover-zoom dt-pswp-item\" title=\"120048001_376566790027467_1547438051364521847_n\" data-dt-img-description=\"\" data-large_image_width=\"2048\" data-large_image_height=\"1409\"href='https:\/\/www.radiopiu.net\/wordpress\/wp-content\/uploads\/2020\/09\/120048001_376566790027467_1547438051364521847_n.jpg'><img loading=\"lazy\" decoding=\"async\" width=\"150\" height=\"150\" src=\"https:\/\/www.radiopiu.net\/wordpress\/wp-content\/uploads\/2020\/09\/120048001_376566790027467_1547438051364521847_n-150x150.jpg\" class=\"attachment-thumbnail size-thumbnail\" alt=\"\" srcset=\"https:\/\/www.radiopiu.net\/wordpress\/wp-content\/uploads\/2020\/09\/120048001_376566790027467_1547438051364521847_n-150x150.jpg 150w, https:\/\/www.radiopiu.net\/wordpress\/wp-content\/uploads\/2020\/09\/120048001_376566790027467_1547438051364521847_n-125x125.jpg 125w, https:\/\/www.radiopiu.net\/wordpress\/wp-content\/uploads\/2020\/09\/120048001_376566790027467_1547438051364521847_n-200x200.jpg 200w, https:\/\/www.radiopiu.net\/wordpress\/wp-content\/uploads\/2020\/09\/120048001_376566790027467_1547438051364521847_n-80x80.jpg 80w\" sizes=\"auto, (max-width: 150px) 100vw, 150px\" \/><\/a>\n\t\t\t\t<\/dt><\/dl><dl class='gallery-item'>\n\t\t\t\t<dt class='gallery-icon landscape'>\n\t\t\t\t\t<a class=\"rollover rollover-zoom dt-pswp-item\" title=\"120085063_2690971327889849_5270594118407633373_n\" data-dt-img-description=\"\" data-large_image_width=\"2048\" data-large_image_height=\"1678\"href='https:\/\/www.radiopiu.net\/wordpress\/wp-content\/uploads\/2020\/09\/120085063_2690971327889849_5270594118407633373_n.jpg'><img loading=\"lazy\" decoding=\"async\" width=\"150\" height=\"150\" src=\"https:\/\/www.radiopiu.net\/wordpress\/wp-content\/uploads\/2020\/09\/120085063_2690971327889849_5270594118407633373_n-150x150.jpg\" class=\"attachment-thumbnail size-thumbnail\" alt=\"\" srcset=\"https:\/\/www.radiopiu.net\/wordpress\/wp-content\/uploads\/2020\/09\/120085063_2690971327889849_5270594118407633373_n-150x150.jpg 150w, https:\/\/www.radiopiu.net\/wordpress\/wp-content\/uploads\/2020\/09\/120085063_2690971327889849_5270594118407633373_n-125x125.jpg 125w, https:\/\/www.radiopiu.net\/wordpress\/wp-content\/uploads\/2020\/09\/120085063_2690971327889849_5270594118407633373_n-200x200.jpg 200w, https:\/\/www.radiopiu.net\/wordpress\/wp-content\/uploads\/2020\/09\/120085063_2690971327889849_5270594118407633373_n-80x80.jpg 80w\" sizes=\"auto, (max-width: 150px) 100vw, 150px\" \/><\/a>\n\t\t\t\t<\/dt><\/dl><dl class='gallery-item'>\n\t\t\t\t<dt class='gallery-icon landscape'>\n\t\t\t\t\t<a class=\"rollover rollover-zoom dt-pswp-item\" title=\"120070761_341326870254507_6178611286292102786_n\" data-dt-img-description=\"\" data-large_image_width=\"2048\" data-large_image_height=\"1767\"href='https:\/\/www.radiopiu.net\/wordpress\/wp-content\/uploads\/2020\/09\/120070761_341326870254507_6178611286292102786_n.jpg'><img loading=\"lazy\" decoding=\"async\" width=\"150\" height=\"150\" src=\"https:\/\/www.radiopiu.net\/wordpress\/wp-content\/uploads\/2020\/09\/120070761_341326870254507_6178611286292102786_n-150x150.jpg\" class=\"attachment-thumbnail size-thumbnail\" alt=\"\" srcset=\"https:\/\/www.radiopiu.net\/wordpress\/wp-content\/uploads\/2020\/09\/120070761_341326870254507_6178611286292102786_n-150x150.jpg 150w, https:\/\/www.radiopiu.net\/wordpress\/wp-content\/uploads\/2020\/09\/120070761_341326870254507_6178611286292102786_n-125x125.jpg 125w, https:\/\/www.radiopiu.net\/wordpress\/wp-content\/uploads\/2020\/09\/120070761_341326870254507_6178611286292102786_n-200x200.jpg 200w, https:\/\/www.radiopiu.net\/wordpress\/wp-content\/uploads\/2020\/09\/120070761_341326870254507_6178611286292102786_n-80x80.jpg 80w\" sizes=\"auto, (max-width: 150px) 100vw, 150px\" \/><\/a>\n\t\t\t\t<\/dt><\/dl><br style=\"clear: both\" \/><dl class='gallery-item'>\n\t\t\t\t<dt class='gallery-icon landscape'>\n\t\t\t\t\t<a class=\"rollover rollover-zoom dt-pswp-item\" title=\"120102690_601235630573219_7062503142045637882_n\" data-dt-img-description=\"\" data-large_image_width=\"2048\" data-large_image_height=\"1102\"href='https:\/\/www.radiopiu.net\/wordpress\/wp-content\/uploads\/2020\/09\/120102690_601235630573219_7062503142045637882_n.jpg'><img loading=\"lazy\" decoding=\"async\" width=\"150\" height=\"150\" src=\"https:\/\/www.radiopiu.net\/wordpress\/wp-content\/uploads\/2020\/09\/120102690_601235630573219_7062503142045637882_n-150x150.jpg\" class=\"attachment-thumbnail size-thumbnail\" alt=\"\" srcset=\"https:\/\/www.radiopiu.net\/wordpress\/wp-content\/uploads\/2020\/09\/120102690_601235630573219_7062503142045637882_n-150x150.jpg 150w, https:\/\/www.radiopiu.net\/wordpress\/wp-content\/uploads\/2020\/09\/120102690_601235630573219_7062503142045637882_n-125x125.jpg 125w, https:\/\/www.radiopiu.net\/wordpress\/wp-content\/uploads\/2020\/09\/120102690_601235630573219_7062503142045637882_n-200x200.jpg 200w, https:\/\/www.radiopiu.net\/wordpress\/wp-content\/uploads\/2020\/09\/120102690_601235630573219_7062503142045637882_n-80x80.jpg 80w\" sizes=\"auto, (max-width: 150px) 100vw, 150px\" \/><\/a>\n\t\t\t\t<\/dt><\/dl><dl class='gallery-item'>\n\t\t\t\t<dt class='gallery-icon landscape'>\n\t\t\t\t\t<a class=\"rollover rollover-zoom dt-pswp-item\" title=\"120039268_653856648885386_3512444797800829237_n\" data-dt-img-description=\"\" data-large_image_width=\"2048\" data-large_image_height=\"1951\"href='https:\/\/www.radiopiu.net\/wordpress\/wp-content\/uploads\/2020\/09\/120039268_653856648885386_3512444797800829237_n.jpg'><img loading=\"lazy\" decoding=\"async\" width=\"150\" height=\"150\" src=\"https:\/\/www.radiopiu.net\/wordpress\/wp-content\/uploads\/2020\/09\/120039268_653856648885386_3512444797800829237_n-150x150.jpg\" class=\"attachment-thumbnail size-thumbnail\" alt=\"\" srcset=\"https:\/\/www.radiopiu.net\/wordpress\/wp-content\/uploads\/2020\/09\/120039268_653856648885386_3512444797800829237_n-150x150.jpg 150w, https:\/\/www.radiopiu.net\/wordpress\/wp-content\/uploads\/2020\/09\/120039268_653856648885386_3512444797800829237_n-125x125.jpg 125w, https:\/\/www.radiopiu.net\/wordpress\/wp-content\/uploads\/2020\/09\/120039268_653856648885386_3512444797800829237_n-200x200.jpg 200w, https:\/\/www.radiopiu.net\/wordpress\/wp-content\/uploads\/2020\/09\/120039268_653856648885386_3512444797800829237_n-80x80.jpg 80w\" sizes=\"auto, (max-width: 150px) 100vw, 150px\" \/><\/a>\n\t\t\t\t<\/dt><\/dl><dl class='gallery-item'>\n\t\t\t\t<dt class='gallery-icon landscape'>\n\t\t\t\t\t<a class=\"rollover rollover-zoom dt-pswp-item\" title=\"120039268_653856648885386_3512444797800829237_n-1\" data-dt-img-description=\"\" data-large_image_width=\"2048\" data-large_image_height=\"1951\"href='https:\/\/www.radiopiu.net\/wordpress\/wp-content\/uploads\/2020\/09\/120039268_653856648885386_3512444797800829237_n-1.jpg'><img loading=\"lazy\" decoding=\"async\" width=\"150\" height=\"150\" src=\"https:\/\/www.radiopiu.net\/wordpress\/wp-content\/uploads\/2020\/09\/120039268_653856648885386_3512444797800829237_n-1-150x150.jpg\" class=\"attachment-thumbnail size-thumbnail\" alt=\"\" srcset=\"https:\/\/www.radiopiu.net\/wordpress\/wp-content\/uploads\/2020\/09\/120039268_653856648885386_3512444797800829237_n-1-150x150.jpg 150w, https:\/\/www.radiopiu.net\/wordpress\/wp-content\/uploads\/2020\/09\/120039268_653856648885386_3512444797800829237_n-1-125x125.jpg 125w, https:\/\/www.radiopiu.net\/wordpress\/wp-content\/uploads\/2020\/09\/120039268_653856648885386_3512444797800829237_n-1-200x200.jpg 200w, https:\/\/www.radiopiu.net\/wordpress\/wp-content\/uploads\/2020\/09\/120039268_653856648885386_3512444797800829237_n-1-80x80.jpg 80w\" sizes=\"auto, (max-width: 150px) 100vw, 150px\" \/><\/a>\n\t\t\t\t<\/dt><\/dl><dl class='gallery-item'>\n\t\t\t\t<dt class='gallery-icon portrait'>\n\t\t\t\t\t<a class=\"rollover rollover-zoom dt-pswp-item\" title=\"120047642_2696861747297782_2993762184613585331_n\" data-dt-img-description=\"\" data-large_image_width=\"904\" data-large_image_height=\"2048\"href='https:\/\/www.radiopiu.net\/wordpress\/wp-content\/uploads\/2020\/09\/120047642_2696861747297782_2993762184613585331_n.jpg'><img loading=\"lazy\" decoding=\"async\" width=\"150\" height=\"150\" src=\"https:\/\/www.radiopiu.net\/wordpress\/wp-content\/uploads\/2020\/09\/120047642_2696861747297782_2993762184613585331_n-150x150.jpg\" class=\"attachment-thumbnail size-thumbnail\" alt=\"\" srcset=\"https:\/\/www.radiopiu.net\/wordpress\/wp-content\/uploads\/2020\/09\/120047642_2696861747297782_2993762184613585331_n-150x150.jpg 150w, https:\/\/www.radiopiu.net\/wordpress\/wp-content\/uploads\/2020\/09\/120047642_2696861747297782_2993762184613585331_n-125x125.jpg 125w, https:\/\/www.radiopiu.net\/wordpress\/wp-content\/uploads\/2020\/09\/120047642_2696861747297782_2993762184613585331_n-200x200.jpg 200w, https:\/\/www.radiopiu.net\/wordpress\/wp-content\/uploads\/2020\/09\/120047642_2696861747297782_2993762184613585331_n-80x80.jpg 80w\" sizes=\"auto, (max-width: 150px) 100vw, 150px\" \/><\/a>\n\t\t\t\t<\/dt><\/dl><dl class='gallery-item'>\n\t\t\t\t<dt class='gallery-icon portrait'>\n\t\t\t\t\t<a class=\"rollover rollover-zoom dt-pswp-item\" title=\"120035296_319485572682973_9155493909368691759_n\" data-dt-img-description=\"\" data-large_image_width=\"1402\" data-large_image_height=\"2048\"href='https:\/\/www.radiopiu.net\/wordpress\/wp-content\/uploads\/2020\/09\/120035296_319485572682973_9155493909368691759_n.jpg'><img loading=\"lazy\" decoding=\"async\" width=\"150\" height=\"150\" src=\"https:\/\/www.radiopiu.net\/wordpress\/wp-content\/uploads\/2020\/09\/120035296_319485572682973_9155493909368691759_n-150x150.jpg\" class=\"attachment-thumbnail size-thumbnail\" alt=\"\" srcset=\"https:\/\/www.radiopiu.net\/wordpress\/wp-content\/uploads\/2020\/09\/120035296_319485572682973_9155493909368691759_n-150x150.jpg 150w, https:\/\/www.radiopiu.net\/wordpress\/wp-content\/uploads\/2020\/09\/120035296_319485572682973_9155493909368691759_n-125x125.jpg 125w, https:\/\/www.radiopiu.net\/wordpress\/wp-content\/uploads\/2020\/09\/120035296_319485572682973_9155493909368691759_n-200x200.jpg 200w, https:\/\/www.radiopiu.net\/wordpress\/wp-content\/uploads\/2020\/09\/120035296_319485572682973_9155493909368691759_n-80x80.jpg 80w\" sizes=\"auto, (max-width: 150px) 100vw, 150px\" \/><\/a>\n\t\t\t\t<\/dt><\/dl><br style=\"clear: both\" \/><dl class='gallery-item'>\n\t\t\t\t<dt class='gallery-icon landscape'>\n\t\t\t\t\t<a class=\"rollover rollover-zoom dt-pswp-item\" title=\"120031813_330644594914072_5244529890859971579_n\" data-dt-img-description=\"\" data-large_image_width=\"2048\" data-large_image_height=\"1562\"href='https:\/\/www.radiopiu.net\/wordpress\/wp-content\/uploads\/2020\/09\/120031813_330644594914072_5244529890859971579_n.jpg'><img loading=\"lazy\" decoding=\"async\" width=\"150\" height=\"150\" src=\"https:\/\/www.radiopiu.net\/wordpress\/wp-content\/uploads\/2020\/09\/120031813_330644594914072_5244529890859971579_n-150x150.jpg\" class=\"attachment-thumbnail size-thumbnail\" alt=\"\" srcset=\"https:\/\/www.radiopiu.net\/wordpress\/wp-content\/uploads\/2020\/09\/120031813_330644594914072_5244529890859971579_n-150x150.jpg 150w, https:\/\/www.radiopiu.net\/wordpress\/wp-content\/uploads\/2020\/09\/120031813_330644594914072_5244529890859971579_n-125x125.jpg 125w, https:\/\/www.radiopiu.net\/wordpress\/wp-content\/uploads\/2020\/09\/120031813_330644594914072_5244529890859971579_n-200x200.jpg 200w, https:\/\/www.radiopiu.net\/wordpress\/wp-content\/uploads\/2020\/09\/120031813_330644594914072_5244529890859971579_n-80x80.jpg 80w\" sizes=\"auto, (max-width: 150px) 100vw, 150px\" \/><\/a>\n\t\t\t\t<\/dt><\/dl><dl class='gallery-item'>\n\t\t\t\t<dt class='gallery-icon landscape'>\n\t\t\t\t\t<a class=\"rollover rollover-zoom dt-pswp-item\" title=\"120073872_1681336275359830_7585894746328229203_n\" data-dt-img-description=\"\" data-large_image_width=\"2048\" data-large_image_height=\"1570\"href='https:\/\/www.radiopiu.net\/wordpress\/wp-content\/uploads\/2020\/09\/120073872_1681336275359830_7585894746328229203_n.jpg'><img loading=\"lazy\" decoding=\"async\" width=\"150\" height=\"150\" src=\"https:\/\/www.radiopiu.net\/wordpress\/wp-content\/uploads\/2020\/09\/120073872_1681336275359830_7585894746328229203_n-150x150.jpg\" class=\"attachment-thumbnail size-thumbnail\" alt=\"\" srcset=\"https:\/\/www.radiopiu.net\/wordpress\/wp-content\/uploads\/2020\/09\/120073872_1681336275359830_7585894746328229203_n-150x150.jpg 150w, https:\/\/www.radiopiu.net\/wordpress\/wp-content\/uploads\/2020\/09\/120073872_1681336275359830_7585894746328229203_n-125x125.jpg 125w, https:\/\/www.radiopiu.net\/wordpress\/wp-content\/uploads\/2020\/09\/120073872_1681336275359830_7585894746328229203_n-200x200.jpg 200w, https:\/\/www.radiopiu.net\/wordpress\/wp-content\/uploads\/2020\/09\/120073872_1681336275359830_7585894746328229203_n-80x80.jpg 80w\" sizes=\"auto, (max-width: 150px) 100vw, 150px\" \/><\/a>\n\t\t\t\t<\/dt><\/dl><dl class='gallery-item'>\n\t\t\t\t<dt class='gallery-icon portrait'>\n\t\t\t\t\t<a class=\"rollover rollover-zoom dt-pswp-item\" title=\"120044449_1752340051589225_2598905323833678006_n\" data-dt-img-description=\"\" data-large_image_width=\"1520\" data-large_image_height=\"2048\"href='https:\/\/www.radiopiu.net\/wordpress\/wp-content\/uploads\/2020\/09\/120044449_1752340051589225_2598905323833678006_n.jpg'><img loading=\"lazy\" decoding=\"async\" width=\"150\" height=\"150\" src=\"https:\/\/www.radiopiu.net\/wordpress\/wp-content\/uploads\/2020\/09\/120044449_1752340051589225_2598905323833678006_n-150x150.jpg\" class=\"attachment-thumbnail size-thumbnail\" alt=\"\" srcset=\"https:\/\/www.radiopiu.net\/wordpress\/wp-content\/uploads\/2020\/09\/120044449_1752340051589225_2598905323833678006_n-150x150.jpg 150w, https:\/\/www.radiopiu.net\/wordpress\/wp-content\/uploads\/2020\/09\/120044449_1752340051589225_2598905323833678006_n-125x125.jpg 125w, https:\/\/www.radiopiu.net\/wordpress\/wp-content\/uploads\/2020\/09\/120044449_1752340051589225_2598905323833678006_n-200x200.jpg 200w, https:\/\/www.radiopiu.net\/wordpress\/wp-content\/uploads\/2020\/09\/120044449_1752340051589225_2598905323833678006_n-80x80.jpg 80w\" sizes=\"auto, (max-width: 150px) 100vw, 150px\" \/><\/a>\n\t\t\t\t<\/dt><\/dl><dl class='gallery-item'>\n\t\t\t\t<dt class='gallery-icon portrait'>\n\t\t\t\t\t<a class=\"rollover rollover-zoom dt-pswp-item\" title=\"120053416_243122927126830_5595190875337664490_n\" data-dt-img-description=\"\" data-large_image_width=\"1382\" data-large_image_height=\"2048\"href='https:\/\/www.radiopiu.net\/wordpress\/wp-content\/uploads\/2020\/09\/120053416_243122927126830_5595190875337664490_n.jpg'><img loading=\"lazy\" decoding=\"async\" width=\"150\" height=\"150\" src=\"https:\/\/www.radiopiu.net\/wordpress\/wp-content\/uploads\/2020\/09\/120053416_243122927126830_5595190875337664490_n-150x150.jpg\" class=\"attachment-thumbnail size-thumbnail\" alt=\"\" srcset=\"https:\/\/www.radiopiu.net\/wordpress\/wp-content\/uploads\/2020\/09\/120053416_243122927126830_5595190875337664490_n-150x150.jpg 150w, https:\/\/www.radiopiu.net\/wordpress\/wp-content\/uploads\/2020\/09\/120053416_243122927126830_5595190875337664490_n-125x125.jpg 125w, https:\/\/www.radiopiu.net\/wordpress\/wp-content\/uploads\/2020\/09\/120053416_243122927126830_5595190875337664490_n-200x200.jpg 200w, https:\/\/www.radiopiu.net\/wordpress\/wp-content\/uploads\/2020\/09\/120053416_243122927126830_5595190875337664490_n-80x80.jpg 80w\" sizes=\"auto, (max-width: 150px) 100vw, 150px\" \/><\/a>\n\t\t\t\t<\/dt><\/dl><dl class='gallery-item'>\n\t\t\t\t<dt class='gallery-icon landscape'>\n\t\t\t\t\t<a class=\"rollover rollover-zoom dt-pswp-item\" title=\"120053797_1048190578964273_3214126105236693097_n\" data-dt-img-description=\"\" data-large_image_width=\"2048\" data-large_image_height=\"1212\"href='https:\/\/www.radiopiu.net\/wordpress\/wp-content\/uploads\/2020\/09\/120053797_1048190578964273_3214126105236693097_n.jpg'><img loading=\"lazy\" decoding=\"async\" width=\"150\" height=\"150\" src=\"https:\/\/www.radiopiu.net\/wordpress\/wp-content\/uploads\/2020\/09\/120053797_1048190578964273_3214126105236693097_n-150x150.jpg\" class=\"attachment-thumbnail size-thumbnail\" alt=\"\" srcset=\"https:\/\/www.radiopiu.net\/wordpress\/wp-content\/uploads\/2020\/09\/120053797_1048190578964273_3214126105236693097_n-150x150.jpg 150w, https:\/\/www.radiopiu.net\/wordpress\/wp-content\/uploads\/2020\/09\/120053797_1048190578964273_3214126105236693097_n-125x125.jpg 125w, https:\/\/www.radiopiu.net\/wordpress\/wp-content\/uploads\/2020\/09\/120053797_1048190578964273_3214126105236693097_n-200x200.jpg 200w, https:\/\/www.radiopiu.net\/wordpress\/wp-content\/uploads\/2020\/09\/120053797_1048190578964273_3214126105236693097_n-80x80.jpg 80w\" sizes=\"auto, (max-width: 150px) 100vw, 150px\" \/><\/a>\n\t\t\t\t<\/dt><\/dl><br style=\"clear: both\" \/><dl class='gallery-item'>\n\t\t\t\t<dt class='gallery-icon landscape'>\n\t\t\t\t\t<a class=\"rollover rollover-zoom dt-pswp-item\" title=\"120053019_2699730090266405_8919767188600353531_n\" data-dt-img-description=\"\" data-large_image_width=\"2048\" data-large_image_height=\"1667\"href='https:\/\/www.radiopiu.net\/wordpress\/wp-content\/uploads\/2020\/09\/120053019_2699730090266405_8919767188600353531_n.jpg'><img loading=\"lazy\" decoding=\"async\" width=\"150\" height=\"150\" src=\"https:\/\/www.radiopiu.net\/wordpress\/wp-content\/uploads\/2020\/09\/120053019_2699730090266405_8919767188600353531_n-150x150.jpg\" class=\"attachment-thumbnail size-thumbnail\" alt=\"\" srcset=\"https:\/\/www.radiopiu.net\/wordpress\/wp-content\/uploads\/2020\/09\/120053019_2699730090266405_8919767188600353531_n-150x150.jpg 150w, https:\/\/www.radiopiu.net\/wordpress\/wp-content\/uploads\/2020\/09\/120053019_2699730090266405_8919767188600353531_n-125x125.jpg 125w, https:\/\/www.radiopiu.net\/wordpress\/wp-content\/uploads\/2020\/09\/120053019_2699730090266405_8919767188600353531_n-200x200.jpg 200w, https:\/\/www.radiopiu.net\/wordpress\/wp-content\/uploads\/2020\/09\/120053019_2699730090266405_8919767188600353531_n-80x80.jpg 80w\" sizes=\"auto, (max-width: 150px) 100vw, 150px\" \/><\/a>\n\t\t\t\t<\/dt><\/dl><dl class='gallery-item'>\n\t\t\t\t<dt class='gallery-icon landscape'>\n\t\t\t\t\t<a class=\"rollover rollover-zoom dt-pswp-item\" title=\"120069334_3506219812775116_7337749242071341826_n\" data-dt-img-description=\"\" data-large_image_width=\"2048\" data-large_image_height=\"1047\"href='https:\/\/www.radiopiu.net\/wordpress\/wp-content\/uploads\/2020\/09\/120069334_3506219812775116_7337749242071341826_n.jpg'><img loading=\"lazy\" decoding=\"async\" width=\"150\" height=\"150\" src=\"https:\/\/www.radiopiu.net\/wordpress\/wp-content\/uploads\/2020\/09\/120069334_3506219812775116_7337749242071341826_n-150x150.jpg\" class=\"attachment-thumbnail size-thumbnail\" alt=\"\" srcset=\"https:\/\/www.radiopiu.net\/wordpress\/wp-content\/uploads\/2020\/09\/120069334_3506219812775116_7337749242071341826_n-150x150.jpg 150w, https:\/\/www.radiopiu.net\/wordpress\/wp-content\/uploads\/2020\/09\/120069334_3506219812775116_7337749242071341826_n-125x125.jpg 125w, https:\/\/www.radiopiu.net\/wordpress\/wp-content\/uploads\/2020\/09\/120069334_3506219812775116_7337749242071341826_n-200x200.jpg 200w, https:\/\/www.radiopiu.net\/wordpress\/wp-content\/uploads\/2020\/09\/120069334_3506219812775116_7337749242071341826_n-80x80.jpg 80w\" sizes=\"auto, (max-width: 150px) 100vw, 150px\" \/><\/a>\n\t\t\t\t<\/dt><\/dl><dl class='gallery-item'>\n\t\t\t\t<dt class='gallery-icon portrait'>\n\t\t\t\t\t<a class=\"rollover rollover-zoom dt-pswp-item\" title=\"120086513_1330888617081631_7165432234350755341_n\" data-dt-img-description=\"\" data-large_image_width=\"1815\" data-large_image_height=\"2048\"href='https:\/\/www.radiopiu.net\/wordpress\/wp-content\/uploads\/2020\/09\/120086513_1330888617081631_7165432234350755341_n.jpg'><img loading=\"lazy\" decoding=\"async\" width=\"150\" height=\"150\" src=\"https:\/\/www.radiopiu.net\/wordpress\/wp-content\/uploads\/2020\/09\/120086513_1330888617081631_7165432234350755341_n-150x150.jpg\" class=\"attachment-thumbnail size-thumbnail\" alt=\"\" srcset=\"https:\/\/www.radiopiu.net\/wordpress\/wp-content\/uploads\/2020\/09\/120086513_1330888617081631_7165432234350755341_n-150x150.jpg 150w, https:\/\/www.radiopiu.net\/wordpress\/wp-content\/uploads\/2020\/09\/120086513_1330888617081631_7165432234350755341_n-125x125.jpg 125w, https:\/\/www.radiopiu.net\/wordpress\/wp-content\/uploads\/2020\/09\/120086513_1330888617081631_7165432234350755341_n-200x200.jpg 200w, https:\/\/www.radiopiu.net\/wordpress\/wp-content\/uploads\/2020\/09\/120086513_1330888617081631_7165432234350755341_n-80x80.jpg 80w\" sizes=\"auto, (max-width: 150px) 100vw, 150px\" \/><\/a>\n\t\t\t\t<\/dt><\/dl><dl class='gallery-item'>\n\t\t\t\t<dt class='gallery-icon landscape'>\n\t\t\t\t\t<a class=\"rollover rollover-zoom dt-pswp-item\" title=\"119989023_620284045333997_4973681423351500641_n\" data-dt-img-description=\"\" data-large_image_width=\"2048\" data-large_image_height=\"1258\"href='https:\/\/www.radiopiu.net\/wordpress\/wp-content\/uploads\/2020\/09\/119989023_620284045333997_4973681423351500641_n.jpg'><img loading=\"lazy\" decoding=\"async\" width=\"150\" height=\"150\" src=\"https:\/\/www.radiopiu.net\/wordpress\/wp-content\/uploads\/2020\/09\/119989023_620284045333997_4973681423351500641_n-150x150.jpg\" class=\"attachment-thumbnail size-thumbnail\" alt=\"\" srcset=\"https:\/\/www.radiopiu.net\/wordpress\/wp-content\/uploads\/2020\/09\/119989023_620284045333997_4973681423351500641_n-150x150.jpg 150w, https:\/\/www.radiopiu.net\/wordpress\/wp-content\/uploads\/2020\/09\/119989023_620284045333997_4973681423351500641_n-125x125.jpg 125w, https:\/\/www.radiopiu.net\/wordpress\/wp-content\/uploads\/2020\/09\/119989023_620284045333997_4973681423351500641_n-200x200.jpg 200w, https:\/\/www.radiopiu.net\/wordpress\/wp-content\/uploads\/2020\/09\/119989023_620284045333997_4973681423351500641_n-80x80.jpg 80w\" sizes=\"auto, (max-width: 150px) 100vw, 150px\" \/><\/a>\n\t\t\t\t<\/dt><\/dl>\n\t\t\t\t<br style='clear: both' \/>\n\t\t\t<\/div>\n\n<p>NELLE FOTO (riproduzioni dal libro \u201cCadore \u201892\u201d): la dedica dell\u2019autore al giornalista Renato Bona; Papa Giovanni Paolo II al Gemelli; 1987: prima vacanza in Cadore; il saluto del vescovo Ducoli; l\u2019incontro con don Sesto Da Pra, parroco di Lorenzago di Cadore; cerimonia a Domegge (sulla sinistra don Giorgio Lise, autore del libro); benedizione della statua della Madonna per il santuario del Nevegal opera dello scultore di Carrara Giovanni Poletti; \u201cscarpinate\u201d del Papa in Cadore; incontri con i fedeli; il \u201cPapa bellunese del sorriso\u201d Albino Luciani; ricordi della visita del Pontefice a Canale d\u2019Agordo (si riconoscono il fotoreporter Bepi Zanfron ed il sindaco Toni Cagnati, entrambi scomparsi) la salita in Marmolada per l\u2019Angelus; la messa al polisportivo di Belluno; a Col Cumano l\u2019incontro con il vescovo Gioacchino Muccin ed il saluto dei giovanissimi.<\/p>\n<p>&nbsp;<\/p>\n<p>&nbsp;<\/p>\n<hr \/>\n<p>&nbsp;<\/p>\n<p><a class=\"dt-pswp-item\" href=\"https:\/\/www.radiopiu.net\/wordpress\/wp-content\/uploads\/2018\/09\/appuntamenti.jpeg\" data-dt-img-description=\"\" data-large_image_width=\"800\" data-large_image_height=\"100\"><img loading=\"lazy\" decoding=\"async\" class=\"aligncenter wp-image-61958 size-full\" src=\"https:\/\/www.radiopiu.net\/wordpress\/wp-content\/uploads\/2018\/09\/appuntamenti.jpeg\" alt=\"\" width=\"800\" height=\"100\" srcset=\"https:\/\/www.radiopiu.net\/wordpress\/wp-content\/uploads\/2018\/09\/appuntamenti.jpeg 800w, https:\/\/www.radiopiu.net\/wordpress\/wp-content\/uploads\/2018\/09\/appuntamenti-300x38.jpeg 300w, https:\/\/www.radiopiu.net\/wordpress\/wp-content\/uploads\/2018\/09\/appuntamenti-768x96.jpeg 768w\" sizes=\"auto, (max-width: 800px) 100vw, 800px\" \/><\/a><\/p>\n<h3><\/h3>\n<blockquote>\n<h3>IL 26 E 27 SETTEMBRE A VILLA PATT DI SEDICO LA MOSTRA MERCATO<\/h3>\n<\/blockquote>\n<p><strong><a class=\"dt-pswp-item\" href=\"https:\/\/www.radiopiu.net\/wordpress\/wp-content\/uploads\/2020\/09\/d8e1c7c0-750c-4e87-8bcf-788f5111ba49.jpg\" data-dt-img-description=\"\" data-large_image_width=\"1080\" data-large_image_height=\"1558\"><img loading=\"lazy\" decoding=\"async\" class=\"size-medium wp-image-161174 alignleft\" src=\"https:\/\/www.radiopiu.net\/wordpress\/wp-content\/uploads\/2020\/09\/d8e1c7c0-750c-4e87-8bcf-788f5111ba49-208x300.jpg\" alt=\"\" width=\"208\" height=\"300\" srcset=\"https:\/\/www.radiopiu.net\/wordpress\/wp-content\/uploads\/2020\/09\/d8e1c7c0-750c-4e87-8bcf-788f5111ba49-208x300.jpg 208w, https:\/\/www.radiopiu.net\/wordpress\/wp-content\/uploads\/2020\/09\/d8e1c7c0-750c-4e87-8bcf-788f5111ba49-710x1024.jpg 710w, https:\/\/www.radiopiu.net\/wordpress\/wp-content\/uploads\/2020\/09\/d8e1c7c0-750c-4e87-8bcf-788f5111ba49-768x1108.jpg 768w, https:\/\/www.radiopiu.net\/wordpress\/wp-content\/uploads\/2020\/09\/d8e1c7c0-750c-4e87-8bcf-788f5111ba49-1065x1536.jpg 1065w, https:\/\/www.radiopiu.net\/wordpress\/wp-content\/uploads\/2020\/09\/d8e1c7c0-750c-4e87-8bcf-788f5111ba49-333x480.jpg 333w, https:\/\/www.radiopiu.net\/wordpress\/wp-content\/uploads\/2020\/09\/d8e1c7c0-750c-4e87-8bcf-788f5111ba49.jpg 1080w\" sizes=\"auto, (max-width: 208px) 100vw, 208px\" \/><\/a>SEDICO<\/strong> Mostra mercato colori, sapori e profumi d&#8217;autunno, si terr\u00e0 a Villa Patt nei giorni 26 e 27 settembre con esposizione di prodotti agricoli, hobbystica, la rassegna e mostra del cavallo, esposizione trattori d&#8217;epoca.<br \/>\nVenerdi alle 20 proiezione all&#8217;aperto del documentario di Stefano Usardi a cura dell&#8217;associazione Time Farm.<br \/>\nSabato dalle 9.30 la rassegna mostra del cavallo Noriker, nel pomeriggio alle 16 spettacoli a cavallo, alle 18 concerto del corpo musicale comunale di Sedico. Funzioneranno i chioschi. Domenica mostra mercato dalle 9, in sala affreschi concorso formaggi di malga &#8220;la forma in malga&#8221; 34esima rassegna formaggi di malga dell&#8217;Agordino e provincia. In mattinata spettacoli equestri e con ApiDolomiti: storia, metodi di produzione, piccola degustazione con gli apicoltori della provincia ed il relatore Andrea Ottolina &#8220;Idromele, una bevanda al miele antica e moderna&#8221;. Alle 11.30 il pranzo con la proloco, alle 17 spettacolo per cavalli. Nell&#8217;ambito dell&#8217;evento mostra micologia con l&#8217;associazione Bresadola, mostra Bonsai con il gruppo di Feltre, attrezzi, macchine agricole e trattore d&#8217;epoca, Museo storico del 7\u00b0Reggimento Alpini e 4^ vetrina del cavallo di razza.<\/p>\n<p>&nbsp;<\/p>\n<p>&nbsp;<\/p>\n<hr \/>\n<p>&nbsp;<\/p>\n<blockquote>\n<h3>CORSO DI GINNASTICA POSTURALE A CANALE D&#8217;AGORDO<\/h3>\n<\/blockquote>\n<p><strong>CANALE D&#8217;AGORDO<\/strong> L&#8217;associazione Pro Loco di Canale D&#8217;Agordo organizza per questo autunno il corso di ginnastica postulare con la fisioterapista Silvana Andrich. 8 lezioni a partire da luned\u00ec 5 ottobre, dal luned\u00ec al venerd\u00ec dalle 17:30 alle 19:30. Per informazioni o iscrizioni telefonare allo 0437 1948030 (venerd\u00ec, sabato domenica e festivi dalle 9 alle 12 e dalle 15 alle 18) oppure 331 1248034, mail info@prolococanale.it Per le restrizioni e normative per il contenimento del Covid-19 i posti sono limitati.<\/p>\n<p>&nbsp;<\/p>\n<p>&nbsp;<\/p>\n<hr \/>\n<p>&nbsp;<\/p>\n<blockquote>\n<h3>SABATO 26 SETTEMBRE LA PRESENTAZIONE ALLO SKI COLLEGE<\/h3>\n<\/blockquote>\n<p><strong>FALCADE<\/strong> Sabato 26 settembre alle 14.30 al polo scolastico di Falcade, presso la Sala Polifunzionale Dolomiti di\u00a0 Via Trieste, saranno presentate le squadre agonistiche 2020-21 dello Ski College Veneto-Falcade.<\/p>\n<p>&nbsp;<\/p>\n<hr \/>\n<h3><\/h3>\n<blockquote>\n<h3>NUOVI ORARI PER LE VISTE AL CASTELLO DI ANDRAZ<\/h3>\n<\/blockquote>\n<p>Il castello riaprir\u00e0 nei successivi 4 weekend (fino a domenica 11 ottobre), dal venerd\u00ec alla domenica, con orario leggermente ridotto: dalle 10.00 alle 12.30 e dalle 14.30 alle 17.30. \u00a0Le visite guidate o libere vanno prenotate al 334 33 46 680 o via mail a info@castellodiandraz.it<\/p>\n<p>&nbsp;<\/p>\n<hr \/>\n<p>&nbsp;<\/p>\n<blockquote>\n<h3>ESCURSIONE CON IL CAI DI AGORDO<\/h3>\n<\/blockquote>\n<p><strong>AGORDO<\/strong> La Val Pusteria\u00a0 con il Gruppo del\u00a0Monte Gruppo\u00a0\u00e8 la destinazione dell&#8217;escursione programmata\u00a0per i giorni\u00a010\u00a0e 11\u00a0ottobre.\u00a0Si tratta di diverse cime non particolarmente alte che riservano per\u00f2 prospettive tanto inusuali quanto spettacolari e che celano tra le\u00a0loro rocce scure diversi laghetti di origine glaciale tra cui, il pi\u00f9 grande \u00e8 quello di\u00a0Pausa\u00a0dove sorge l&#8217;omonimo ed accogliente\u00a0Rifugio. Tale struttura rimane aperta fino alla prima decade di novembre e il CAI di Agordo ne approfitta \u00a0nel periodo in cui i colori del mirtillo rosso e dei larici accendono i radi pascoli d&#8217;alta quota.\u00a0L&#8217;escursione \u00e8 valutata\u00a0EE con bevi tratti EEA.\u00a0I posti disponibili sono limitati.<\/p>\n<p>&nbsp;<\/p>\n<p>&nbsp;<\/p>\n<hr \/>\n<p>&nbsp;<\/p>\n<h2>IERI ALLA RADIO<\/h2>\n<blockquote>\n<h3>Un libro per sperare &#8220;Il cammino di Angelo&#8221; di Angelo Finotti.<\/h3>\n<\/blockquote>\n<p>di Claudio Fontanive<\/p>\n<audio class=\"wp-audio-shortcode\" id=\"audio-161852-11\" preload=\"none\" style=\"width: 100%;\" controls=\"controls\"><source type=\"audio\/mpeg\" src=\"https:\/\/www.radiopiu.net\/wordpress\/wp-content\/uploads\/2020\/09\/angelo-finotti-scade-25-settembre.mp3?_=11\" \/><a href=\"https:\/\/www.radiopiu.net\/wordpress\/wp-content\/uploads\/2020\/09\/angelo-finotti-scade-25-settembre.mp3\">https:\/\/www.radiopiu.net\/wordpress\/wp-content\/uploads\/2020\/09\/angelo-finotti-scade-25-settembre.mp3<\/a><\/audio>\n\n\t\t\t<style type='text\/css'>\n\t\t\t\t#gallery-6 {\n\t\t\t\t\tmargin: auto;\n\t\t\t\t}\n\t\t\t\t#gallery-6 .gallery-item {\n\t\t\t\t\tfloat: left;\n\t\t\t\t\tmargin-top: 10px;\n\t\t\t\t\ttext-align: center;\n\t\t\t\t\twidth: 25%;\n\t\t\t\t}\n\t\t\t\t#gallery-6 img {\n\t\t\t\t\tborder: 2px solid #cfcfcf;\n\t\t\t\t}\n\t\t\t\t#gallery-6 .gallery-caption {\n\t\t\t\t\tmargin-left: 0;\n\t\t\t\t}\n\t\t\t\t\/* see gallery_shortcode() in wp-includes\/media.php *\/\n\t\t\t<\/style>\n\t\t<div id='gallery-6' class='dt-gallery-container gallery galleryid-161852 gallery-columns-4 gallery-size-thumbnail'><dl class='gallery-item'>\n\t\t\t\t<dt class='gallery-icon portrait'>\n\t\t\t\t\t<a class=\"rollover rollover-zoom dt-pswp-item\" title=\"4e6ab70d-c94a-4215-83f2-fe7008b6880d\" data-dt-img-description=\"\" data-large_image_width=\"799\" data-large_image_height=\"1599\"href='https:\/\/www.radiopiu.net\/wordpress\/wp-content\/uploads\/2020\/09\/4e6ab70d-c94a-4215-83f2-fe7008b6880d.jpg'><img loading=\"lazy\" decoding=\"async\" width=\"150\" height=\"150\" src=\"https:\/\/www.radiopiu.net\/wordpress\/wp-content\/uploads\/2020\/09\/4e6ab70d-c94a-4215-83f2-fe7008b6880d-150x150.jpg\" class=\"attachment-thumbnail size-thumbnail\" alt=\"\" srcset=\"https:\/\/www.radiopiu.net\/wordpress\/wp-content\/uploads\/2020\/09\/4e6ab70d-c94a-4215-83f2-fe7008b6880d-150x150.jpg 150w, https:\/\/www.radiopiu.net\/wordpress\/wp-content\/uploads\/2020\/09\/4e6ab70d-c94a-4215-83f2-fe7008b6880d-125x125.jpg 125w, https:\/\/www.radiopiu.net\/wordpress\/wp-content\/uploads\/2020\/09\/4e6ab70d-c94a-4215-83f2-fe7008b6880d-200x200.jpg 200w, https:\/\/www.radiopiu.net\/wordpress\/wp-content\/uploads\/2020\/09\/4e6ab70d-c94a-4215-83f2-fe7008b6880d-80x80.jpg 80w\" sizes=\"auto, (max-width: 150px) 100vw, 150px\" \/><\/a>\n\t\t\t\t<\/dt><\/dl><dl class='gallery-item'>\n\t\t\t\t<dt class='gallery-icon landscape'>\n\t\t\t\t\t<a class=\"rollover rollover-zoom dt-pswp-item\" title=\"27f4e01c-8e26-49ce-ac59-ea90c12ba8f0\" data-dt-img-description=\"\" data-large_image_width=\"1599\" data-large_image_height=\"799\"href='https:\/\/www.radiopiu.net\/wordpress\/wp-content\/uploads\/2020\/09\/27f4e01c-8e26-49ce-ac59-ea90c12ba8f0-e1600781431183.jpg'><img loading=\"lazy\" decoding=\"async\" width=\"150\" height=\"150\" src=\"https:\/\/www.radiopiu.net\/wordpress\/wp-content\/uploads\/2020\/09\/27f4e01c-8e26-49ce-ac59-ea90c12ba8f0-e1600781431183-150x150.jpg\" class=\"attachment-thumbnail size-thumbnail\" alt=\"\" srcset=\"https:\/\/www.radiopiu.net\/wordpress\/wp-content\/uploads\/2020\/09\/27f4e01c-8e26-49ce-ac59-ea90c12ba8f0-e1600781431183-150x150.jpg 150w, https:\/\/www.radiopiu.net\/wordpress\/wp-content\/uploads\/2020\/09\/27f4e01c-8e26-49ce-ac59-ea90c12ba8f0-e1600781431183-125x125.jpg 125w, https:\/\/www.radiopiu.net\/wordpress\/wp-content\/uploads\/2020\/09\/27f4e01c-8e26-49ce-ac59-ea90c12ba8f0-e1600781431183-200x200.jpg 200w, https:\/\/www.radiopiu.net\/wordpress\/wp-content\/uploads\/2020\/09\/27f4e01c-8e26-49ce-ac59-ea90c12ba8f0-e1600781431183-80x80.jpg 80w\" sizes=\"auto, (max-width: 150px) 100vw, 150px\" \/><\/a>\n\t\t\t\t<\/dt><\/dl><dl class='gallery-item'>\n\t\t\t\t<dt class='gallery-icon landscape'>\n\t\t\t\t\t<a class=\"rollover rollover-zoom dt-pswp-item\" title=\"6d8a5c04-44e9-4d3a-b290-51b450b41e60\" data-dt-img-description=\"\" data-large_image_width=\"1599\" data-large_image_height=\"799\"href='https:\/\/www.radiopiu.net\/wordpress\/wp-content\/uploads\/2020\/09\/6d8a5c04-44e9-4d3a-b290-51b450b41e60-e1600781407430.jpg'><img loading=\"lazy\" decoding=\"async\" width=\"150\" height=\"150\" src=\"https:\/\/www.radiopiu.net\/wordpress\/wp-content\/uploads\/2020\/09\/6d8a5c04-44e9-4d3a-b290-51b450b41e60-e1600781407430-150x150.jpg\" class=\"attachment-thumbnail size-thumbnail\" alt=\"\" srcset=\"https:\/\/www.radiopiu.net\/wordpress\/wp-content\/uploads\/2020\/09\/6d8a5c04-44e9-4d3a-b290-51b450b41e60-e1600781407430-150x150.jpg 150w, https:\/\/www.radiopiu.net\/wordpress\/wp-content\/uploads\/2020\/09\/6d8a5c04-44e9-4d3a-b290-51b450b41e60-e1600781407430-125x125.jpg 125w, https:\/\/www.radiopiu.net\/wordpress\/wp-content\/uploads\/2020\/09\/6d8a5c04-44e9-4d3a-b290-51b450b41e60-e1600781407430-200x200.jpg 200w, https:\/\/www.radiopiu.net\/wordpress\/wp-content\/uploads\/2020\/09\/6d8a5c04-44e9-4d3a-b290-51b450b41e60-e1600781407430-80x80.jpg 80w\" sizes=\"auto, (max-width: 150px) 100vw, 150px\" \/><\/a>\n\t\t\t\t<\/dt><\/dl><dl class='gallery-item'>\n\t\t\t\t<dt class='gallery-icon portrait'>\n\t\t\t\t\t<a class=\"rollover rollover-zoom dt-pswp-item\" title=\"120015448_10207877804058619_982053072870644412_n\" data-dt-img-description=\"\" data-large_image_width=\"561\" data-large_image_height=\"790\"href='https:\/\/www.radiopiu.net\/wordpress\/wp-content\/uploads\/2020\/09\/120015448_10207877804058619_982053072870644412_n.jpg'><img loading=\"lazy\" decoding=\"async\" width=\"150\" height=\"150\" src=\"https:\/\/www.radiopiu.net\/wordpress\/wp-content\/uploads\/2020\/09\/120015448_10207877804058619_982053072870644412_n-150x150.jpg\" class=\"attachment-thumbnail size-thumbnail\" alt=\"\" srcset=\"https:\/\/www.radiopiu.net\/wordpress\/wp-content\/uploads\/2020\/09\/120015448_10207877804058619_982053072870644412_n-150x150.jpg 150w, https:\/\/www.radiopiu.net\/wordpress\/wp-content\/uploads\/2020\/09\/120015448_10207877804058619_982053072870644412_n-125x125.jpg 125w, https:\/\/www.radiopiu.net\/wordpress\/wp-content\/uploads\/2020\/09\/120015448_10207877804058619_982053072870644412_n-200x200.jpg 200w, https:\/\/www.radiopiu.net\/wordpress\/wp-content\/uploads\/2020\/09\/120015448_10207877804058619_982053072870644412_n-80x80.jpg 80w\" sizes=\"auto, (max-width: 150px) 100vw, 150px\" \/><\/a>\n\t\t\t\t<\/dt><\/dl><br style=\"clear: both\" \/>\n\t\t\t<\/div>\n\n<p>&nbsp;<\/p>\n<p>&nbsp;<\/p>\n<hr \/>\n<h2>IERI ALLA RADIO<\/h2>\n<h2><span style=\"color: #ff0000;\">DUE MINUTI UN LIBRO<\/span><\/h2>\n<blockquote class=\"wp-embedded-content\" data-secret=\"UycupvKP8f\"><p><a href=\"https:\/\/www.radiopiu.net\/wordpress\/una-giornata-nera\/\">UNA GIORNATA NERA<\/a><\/p><\/blockquote>\n<p><iframe loading=\"lazy\" class=\"wp-embedded-content\" sandbox=\"allow-scripts\" security=\"restricted\" style=\"position: absolute; clip: rect(1px, 1px, 1px, 1px);\" title=\"&#8220;UNA GIORNATA NERA&#8221; &#8212; Radio Pi\u00f9\" src=\"https:\/\/www.radiopiu.net\/wordpress\/una-giornata-nera\/embed\/#?secret=UycupvKP8f\" data-secret=\"UycupvKP8f\" width=\"600\" height=\"338\" frameborder=\"0\" marginwidth=\"0\" marginheight=\"0\" scrolling=\"no\"><\/iframe><\/p>\n<h2>LA RACCOLTA COMPLETA<\/h2>\n<blockquote class=\"wp-embedded-content\" data-secret=\"9NnZepCq68\"><p><a href=\"https:\/\/www.radiopiu.net\/wordpress\/due-minuti-un-libro\/\">Due minuti un libro<\/a><\/p><\/blockquote>\n<p><iframe loading=\"lazy\" class=\"wp-embedded-content\" sandbox=\"allow-scripts\" security=\"restricted\" style=\"position: absolute; clip: rect(1px, 1px, 1px, 1px);\" title=\"&#8220;Due minuti un libro&#8221; &#8212; Radio Pi\u00f9\" src=\"https:\/\/www.radiopiu.net\/wordpress\/due-minuti-un-libro\/embed\/#?secret=9NnZepCq68\" data-secret=\"9NnZepCq68\" width=\"600\" height=\"338\" frameborder=\"0\" marginwidth=\"0\" marginheight=\"0\" scrolling=\"no\"><\/iframe><\/p>\n<p>&nbsp;<\/p>\n<p>&nbsp;<\/p>\n<hr \/>\n<p>&nbsp;<\/p>\n<div>\n<h2><span style=\"color: #33cccc;\">I RACCONTI DI PAOLO SOPPELSA il lunedi alle 9.30 e 18.30<\/span><\/h2>\n<h2><span style=\"color: #33cccc;\"><strong>LA RACCOLTA COMPLETA<\/strong><\/span><\/h2>\n<blockquote class=\"wp-embedded-content\" data-secret=\"oXgyVv9Aqk\"><p><a href=\"https:\/\/www.radiopiu.net\/wordpress\/i-racconti-di-paolo-soppelsa\/\">I racconti di Paolo Soppelsa<\/a><\/p><\/blockquote>\n<p><iframe loading=\"lazy\" class=\"wp-embedded-content\" sandbox=\"allow-scripts\" security=\"restricted\" style=\"position: absolute; clip: rect(1px, 1px, 1px, 1px);\" title=\"&#8220;I racconti di Paolo Soppelsa&#8221; &#8212; Radio Pi\u00f9\" src=\"https:\/\/www.radiopiu.net\/wordpress\/i-racconti-di-paolo-soppelsa\/embed\/#?secret=oXgyVv9Aqk\" data-secret=\"oXgyVv9Aqk\" width=\"600\" height=\"338\" frameborder=\"0\" marginwidth=\"0\" marginheight=\"0\" scrolling=\"no\"><\/iframe><\/p>\n<p>&nbsp;<\/p>\n<p>&nbsp;<\/p>\n<hr \/>\n<p>&nbsp;<\/p>\n<h2><span style=\"color: #000080;\"><a class=\"dt-pswp-item\" href=\"https:\/\/www.radiopiu.net\/wordpress\/wp-content\/uploads\/2020\/07\/a8a8cbd6-9ca3-4f14-9e6a-43069c08cd84.jpg\" data-dt-img-description=\"\" data-large_image_width=\"960\" data-large_image_height=\"720\"><img loading=\"lazy\" decoding=\"async\" class=\"wp-image-151434 alignleft\" src=\"https:\/\/www.radiopiu.net\/wordpress\/wp-content\/uploads\/2020\/07\/a8a8cbd6-9ca3-4f14-9e6a-43069c08cd84-300x225.jpg\" alt=\"\" width=\"213\" height=\"160\" srcset=\"https:\/\/www.radiopiu.net\/wordpress\/wp-content\/uploads\/2020\/07\/a8a8cbd6-9ca3-4f14-9e6a-43069c08cd84-300x225.jpg 300w, https:\/\/www.radiopiu.net\/wordpress\/wp-content\/uploads\/2020\/07\/a8a8cbd6-9ca3-4f14-9e6a-43069c08cd84-768x576.jpg 768w, https:\/\/www.radiopiu.net\/wordpress\/wp-content\/uploads\/2020\/07\/a8a8cbd6-9ca3-4f14-9e6a-43069c08cd84.jpg 960w\" sizes=\"auto, (max-width: 213px) 100vw, 213px\" \/><\/a><\/span><\/h2>\n<h2><\/h2>\n<h2><span style=\"color: #000080;\">DON CESARE, IL PENSIERO DEL GIORNO. ALLA RADIO ALLE 7 DEL MATTINO E ALLE 19.30 DELLA SERA.\u00a0\u00a0<\/span><\/h2>\n<\/div>\n<audio class=\"wp-audio-shortcode\" id=\"audio-161852-12\" preload=\"none\" style=\"width: 100%;\" controls=\"controls\"><source type=\"audio\/mpeg\" src=\"https:\/\/www.radiopiu.net\/wordpress\/wp-content\/uploads\/2020\/09\/CESARE-19.mp3?_=12\" \/><a href=\"https:\/\/www.radiopiu.net\/wordpress\/wp-content\/uploads\/2020\/09\/CESARE-19.mp3\">https:\/\/www.radiopiu.net\/wordpress\/wp-content\/uploads\/2020\/09\/CESARE-19.mp3<\/a><\/audio>\n<p>&nbsp;<\/p>\n<div>\n<p>&nbsp;<\/p>\n<hr \/>\n<p>&nbsp;<\/p>\n<p><a class=\"dt-pswp-item\" href=\"https:\/\/www.radiopiu.net\/wordpress\/wp-content\/uploads\/2018\/09\/viabilita.jpeg\" data-dt-img-description=\"\" data-large_image_width=\"800\" data-large_image_height=\"100\"><img loading=\"lazy\" decoding=\"async\" class=\"aligncenter wp-image-61954 size-full\" src=\"https:\/\/www.radiopiu.net\/wordpress\/wp-content\/uploads\/2018\/09\/viabilita.jpeg\" alt=\"\" width=\"800\" height=\"100\" srcset=\"https:\/\/www.radiopiu.net\/wordpress\/wp-content\/uploads\/2018\/09\/viabilita.jpeg 800w, https:\/\/www.radiopiu.net\/wordpress\/wp-content\/uploads\/2018\/09\/viabilita-300x38.jpeg 300w, https:\/\/www.radiopiu.net\/wordpress\/wp-content\/uploads\/2018\/09\/viabilita-768x96.jpeg 768w\" sizes=\"auto, (max-width: 800px) 100vw, 800px\" \/><\/a><\/p>\n<\/div>\n<p><strong>\u00a0\u00a0<\/strong><\/p>\n<p><strong>SR 203 AGORDINA<\/strong> dal 23 al 30 settembre, dalle 8 alle 17, sabato e domenica esclusi, senso unico alternato regolato da semaforo in localit\u00e0 Listolade di Taibon Agordino per asfaltatura tratti interessati dalla posa della fibra ottica<\/p>\n<p><strong>SP 33 DI SAURIS<\/strong> fino al 25 settembre interdizione totale alla viabilit\u00e0 tra Casera Razzo e il confine con la provincia di Udine per messa in sicurezza versante a monte strada<\/p>\n<p><strong>REGIONALE 203 AGORDINA<\/strong> Fino al 18 dicembre (sabato e domenica esclusi) tra Candaten e Peron dalle 7.30 alle 9 e dalle 16.30 alle 18 con movieri e negli altri orari con semaforo, senso unico alternato.<\/p>\n<p><strong>SR 48 DELLE DOLOMITI<\/strong> fino a l&#8217;8 ottobre, dalle 7 alle 18 sabato e domenica esclusi, senso unico alternato regolato da impianto semaforico per miglioramento visibilit\u00e0 incrocio strada per Castello di Andraz<\/p>\n<p><strong>SP 473 DI CROCE D&#8217;AUNE<\/strong> dalle 8 alle 17 fino al 2 ottobre, esclusi sabati e domeniche, senso unico alternato regolato da movieri in localit\u00e0 Croce D&#8217;Aune di Pedavena per sistemazione dissesto idrogeologico<\/p>\n<p><strong>SP 41 DI TIGNES\u00a0<\/strong>Fino al 24 settembre interruzione totale alla viabilit\u00e0 nell&#8217;abitato di Tignes in comune di Alpago, dalle 8 alle 12 e dalle 14:30 alle 17:30 per rifacimento asfaltatura<\/p>\n<p><strong>PROVINCIALE 35 &#8211; LASTE<\/strong> Per allargamento della sede stradale in localit\u00e0 Laste di Sopra limitazioni al transito fino al 15 ottobre esclusi festivi e prefestivi, brevi interruzioni durata massima di 15 minuti tra le 8 e le 12 e tra le 13 e le 17.\u00a0Negli altri orari semaforo e senso unico alternato<\/p>\n<p><strong>SP 7 DI ZOPPE&#8217; <\/strong>fino al 25 settembre, esclusi sabato e domenica, dalle 7:30 alle 12 e dalle 13 alle 17:30, temporanee interruzioni al traffico della durata massima di 30 minuti in comune di Val Di Zoldo per rifacimento rete idrica e fognaria<\/p>\n<p><strong>SP 30 PANORAMICA DEL COMELICO<\/strong> fino al 2 ottobre, esclusi sabati e domeniche, interdizione totale alla viabilit\u00e0 in entrambi i sensi di marcia tra Costa e Costalissoi per messa in sicurezza strada<\/p>\n<p><strong>SP 641 PASSO FEDAIA<\/strong> A\u00a0 Capanna Bill e\u00a0 a Col di Rocca\u00a0 fino al\u00a0 30 settembre senso unico alternato regolato da semaforo.<\/p>\n<p><strong>REGIONALE 203 AGORDINA<\/strong> Fino al 30 settembre (sabato e domenica esclusi) tra Candaten e La Stanga dalle 7.30 alle 9 e dalle 16.30 alle 18 con movieri e negli altri orari con semaforo, senso unico alternato.<\/p>\n<div>\n<p><strong>SR 48 DELLE DOLOMITI<\/strong> FINO\u00a0 AL 30 SETTEMBRE, DALLE 7 ALLE 17, ESCLUSI SABATO E DOMENICA, SALTUARIA ISTITUZIONE DI SENSO UNICO ALTERNATO REGOLATO DA MOVIERI PER PERIODI CONTINUATIVI NON SUPERIORI A 10 MINUTI NEI COMUNI DI CORTINA ED AURONZO DI CADORE PER CARICO SCARICO MATERIALI NECESSARI PER LA POSA DELL&#8217;ELTRODOTTO INTERRATO<\/p>\n<p><strong>SR 48 DELLE DOLOMITI<\/strong>\u00a0 Fino al 30 settembre in localit\u00e0 Pocol (Cortina) senso unico alternato, esclusi sabato e domenica<\/p>\n<p><strong>SR 48 DELLE DOLOMITI<\/strong>\u00a0 Fino al 9 ottobre senso unico alternato in localit\u00e0 Cernadoi, escluso sabato e domeniche<\/p>\n<p><strong>SR 48 DELLE DOLOMITI<\/strong> Fino\u00a0 al 30 settembre esclusi sabato e domenica senso unico alternato tra Cernadoi e Pian Falzarego<\/p>\n<p><strong>SP 30 PANORAMICA DEL COMELICO<\/strong> fino al 23 ottobre, compresi sabati e domeniche, senso unico alternato regolato da semaforo tra Costa e Costalissoi per consolidamento strada<\/p>\n<p><strong>SP 1 MADONNA DEL PIAVE<\/strong>\u00a0fino a revoca, senso unico alternato regolato da semaforo in localit\u00e0 Caorera di Quero Vas per lavori di messa in sicurezza piano viabile<\/p>\n<p>&nbsp;<\/p>\n<hr \/>\n<p>&nbsp;<\/p>\n<p class=\"photoswipe-wrapper\"><a class=\"dt-pswp-item pspw-wrap-ready\" href=\"https:\/\/i0.wp.com\/www.radiopiu.net\/wordpress\/wp-content\/uploads\/2018\/09\/WhatsApp-Image-2018-09-20-at-16.04.06.jpeg?ssl=1\" data-dt-img-description=\"\" data-large_image_width=\"800\" data-large_image_height=\"100\"><img loading=\"lazy\" decoding=\"async\" class=\"aligncenter wp-image-61378 size-full jetpack-lazy-image jetpack-lazy-image--handled\" src=\"https:\/\/i0.wp.com\/www.radiopiu.net\/wordpress\/wp-content\/uploads\/2018\/09\/WhatsApp-Image-2018-09-20-at-16.04.06.jpeg?resize=800%2C100&amp;ssl=1\" sizes=\"auto, (max-width: 800px) 100vw, 800px\" srcset=\"https:\/\/i0.wp.com\/www.radiopiu.net\/wordpress\/wp-content\/uploads\/2018\/09\/WhatsApp-Image-2018-09-20-at-16.04.06.jpeg?w=800&amp;ssl=1 800w, https:\/\/i0.wp.com\/www.radiopiu.net\/wordpress\/wp-content\/uploads\/2018\/09\/WhatsApp-Image-2018-09-20-at-16.04.06.jpeg?resize=300%2C38&amp;ssl=1 300w, https:\/\/i0.wp.com\/www.radiopiu.net\/wordpress\/wp-content\/uploads\/2018\/09\/WhatsApp-Image-2018-09-20-at-16.04.06.jpeg?resize=768%2C96&amp;ssl=1 768w\" alt=\"\" width=\"800\" height=\"100\" data-lazy-loaded=\"1\" \/><\/a><\/p>\n<\/div>\n<p>&nbsp;<\/p>\n<p><center><\/center><center><\/center><center><b>Mercoledi 23<\/b><\/center><b>Tempo atteso: <\/b>Nuvolosit\u00e0 pi\u00f9 presente e minore chance di schiarite rispetto a marted\u00ec. La nuvolosit\u00e0 di tipo stratiforme sar\u00e0 spesso estesa, a tratti anche intensa e in alcuni casi associata a piovaschi e rovesci sparsi. Clima uggioso e un po&#8217; fresco in quota, mentre ci sar\u00e0 ancora una relativa mitezza nei fondovalle prealpini, nonostante il forte deficit di sole.<br \/>\n<b>Precipitazioni: <\/b>Al mattino deboli piovaschi, sporadici sulle Dolomiti (20\/30%) e sparsi sulle Prealpi (30\/50%). Al pomeriggio la probabilit\u00e0 di fenomeni aumenter\u00e0 un po&#8217; con nuovi piovaschi o rovesci (40-60%). Gli apporti saranno spesso modesti (1\/5 mm, localmente fino a 10 mm). Sulle vette dolomitiche pi\u00f9 alte probabilit\u00e0 di qualche fiocco di neve (3000 m).<br \/>\n<b>Temperature: <\/b>In leggera diminuzione, salvo stazionariet\u00e0 delle massime nelle valli. Sono previste punte di 21\/22\u00b0C nei fondovalle prealpini e di 16\/18\u00b0C a 1000\/1200 m. Su Prealpi a 1500 m min 10\u00b0C max 12\u00b0C, a 2000 m min 7\u00b0C max 9\u00b0C. Su Dolomiti a 2000 m min 6\u00b0C max 8\u00b0C, a 3000 m min 1\u00b0C max 2\u00b0C.<br \/>\n<b>Venti: <\/b>Nelle valli deboli di direzione variabile, salvo temporanei rinforzi; in quota perlopi\u00f9 deboli da sud-ovest e da nord-ovest alla sera, a 5-10 km\/h sia a 2000 che a 3000 m.<\/p>\n<hr \/>\n<p><center><b>Giovedi 24<\/b><\/center><b>Tempo atteso: <\/b>Nubi stratiformi medie e schiarite al mattino, assieme a stratocumuli o nubi basse qua e l\u00e0. Al pomeriggio cielo molto nuvoloso o coperto con maggiore rischio di piovaschi o rovesci rispetto ai giorni precedenti. L&#8217;avvezione sud-occidentali manterr\u00e0 una certa mitezza, nonostante il deficit di sole.<br \/>\n<b>Precipitazioni: <\/b>Al mattino generalmente assenti (0-10%). Al pomeriggio sporadici piovaschi\/rovesci (40-60%) con apporti spesso modesti. Alla sera ulteriore aumento della probabilit\u00e0 per piogge pi\u00f9 estese (60\/80%).<br \/>\n<b>Temperature: <\/b>In quota in lieve rialzo, nelle valli minime in calo e massime pressoch\u00e9 stazionarie, con contenuta escursione termica tra la notte ed il giorno. Su Prealpi a 1500 m min 11\u00b0C max 13\u00b0C, a 2000 m min 8\u00b0C max 10\u00b0C. Su Dolomiti a 2000 m min 7\u00b0C max 9\u00b0C, a 3000 m min 2\u00b0C max 3\u00b0C.<br \/>\n<b>Venti: <\/b>Nelle valli deboli di direzione variabile, salvo temporanei rinforzi; in quota perlopi\u00f9 deboli\/moderati da sud-ovest, anche tesi alla sera sulle dorsali prealpine e sulle vette dolomitiche pi\u00f9 alte, a 5-20 km\/h a 2000 e 15-35 km\/h a 3000 m.<\/p>\n<hr \/>\n<p><center><b>Venerdi 25<\/b><\/center>Maltempo, gi\u00e0 nella notte, e condizioni di moderata perturbabilit\u00e0 in giornata con cielo coperto e diffuse precipitazioni spesso di moderata intensit\u00e0 e a tratti temporalesche. Alla sera il calo termico consentir\u00e0 alla neve di scendere dai 2700\/2800 m iniziali fino sui 1600\/1800 m entro la mezzanotte sulle Dolomiti. Temperature minime in aumento nelle valli ed in calo in quota, dove saranno osservate alla sera. Massime in diminuzione. Venti moderati\/tesi da sud-sud-ovest in quota, deboli di direzione variabile nelle valli.<\/p>\n<hr \/>\n<p><center><b>Sabato 26<\/b><\/center>Maltempo notturno con piogge diffuse; il sensibile calo termico provocher\u00e0 l&#8217;abbassamento della neve fino sui 1500\/1700 m, localmente anche 1400 m nelle valli dolomitiche pi\u00f9 a nord. Al mattino nuvolosit\u00e0 ancora estesa e fenomeni in attenuazione, prima di esaurirsi nelle ore centrali. Poi il tempo diventer\u00e0 variabile con molte nubi e qualche schiarita. Clima decisamente pi\u00f9 fresco a tutte le quote. Venti forti, a tratti molto forti, da nord in quota, moderati settentrionali nelle valli, con improvvise forti raffiche di Foehn. Previsore: R.L.Th.<\/p>\n<p>&nbsp;<\/p>\n<hr \/>\n<p>&nbsp;<\/p>\n<p><a class=\"dt-pswp-item\" href=\"https:\/\/www.radiopiu.net\/wordpress\/wp-content\/uploads\/2018\/09\/sport.jpg\" data-dt-img-description=\"\" data-large_image_width=\"800\" data-large_image_height=\"100\"><img loading=\"lazy\" decoding=\"async\" class=\"wp-image-60761 size-full aligncenter\" src=\"https:\/\/www.radiopiu.net\/wordpress\/wp-content\/uploads\/2018\/09\/sport.jpg\" alt=\"\" width=\"800\" height=\"100\" srcset=\"https:\/\/www.radiopiu.net\/wordpress\/wp-content\/uploads\/2018\/09\/sport.jpg 800w, https:\/\/www.radiopiu.net\/wordpress\/wp-content\/uploads\/2018\/09\/sport-300x38.jpg 300w, https:\/\/www.radiopiu.net\/wordpress\/wp-content\/uploads\/2018\/09\/sport-768x96.jpg 768w\" sizes=\"auto, (max-width: 800px) 100vw, 800px\" \/><\/a><\/p>\n<p>&nbsp;<\/p>\n<blockquote>\n<h3>IHL: IL VALPEAGLE SI RITIRA DAL CAMPIONATO ANCOR PRIMA DI INIZIARE LA STAGIONE<\/h3>\n<\/blockquote>\n<p><strong><a class=\"dt-pswp-item\" href=\"https:\/\/www.radiopiu.net\/wordpress\/wp-content\/uploads\/2018\/12\/HOCKEY-BBB.jpg\" data-dt-img-description=\"\" data-large_image_width=\"1920\" data-large_image_height=\"1200\"><img loading=\"lazy\" decoding=\"async\" class=\"size-medium wp-image-70532 alignleft\" src=\"https:\/\/www.radiopiu.net\/wordpress\/wp-content\/uploads\/2018\/12\/HOCKEY-BBB-300x188.jpg\" alt=\"\" width=\"300\" height=\"188\" srcset=\"https:\/\/www.radiopiu.net\/wordpress\/wp-content\/uploads\/2018\/12\/HOCKEY-BBB-300x188.jpg 300w, https:\/\/www.radiopiu.net\/wordpress\/wp-content\/uploads\/2018\/12\/HOCKEY-BBB-768x480.jpg 768w, https:\/\/www.radiopiu.net\/wordpress\/wp-content\/uploads\/2018\/12\/HOCKEY-BBB-1024x640.jpg 1024w, https:\/\/www.radiopiu.net\/wordpress\/wp-content\/uploads\/2018\/12\/HOCKEY-BBB.jpg 1920w\" sizes=\"auto, (max-width: 300px) 100vw, 300px\" \/><\/a>TORRE PELLICE (TO) <\/strong>Un fulmine a ciel sereno, la si pu\u00f2 definire cos\u00ec la decisione dell&#8217;Hockey Club Valpeagle di non partecipare al prossimo campionato IHL. Un scelta sofferta dalla societ\u00e0 piemontese che nelle ultime ore ha comunicato alla federazione la decisione presa dopo una lunga discussione tra i soci della squadra. A creare problemi le restrizioni sulla pandemia da Covid-19 che consente la partecipazione di massimo 200 spettatori allo stadio. Sul sito della squadra di Torre Pellice si legge: &#8220;<em>Al momento non vi \u00e8 infatti alcuna certezza sulla possibilit\u00e0 che la Valpeagle potr\u00e0 ottenere dai vari decreti l\u2019autorizzazione a giocare le proprie gare a porte aperte con una\u00a0capienza di spettatori sufficiente\u00a0a generare introiti tali da garantire la copertura dei costi economici della stagione (attrezzature, trasferte e ore ghiaccio). Anche in caso di dpcm favorevole alla riapertura al pubblico degli impianti sportivi, la capienza massima del palaghiaccio di Torre Pellice sarebbe stata di 470 posti, curve e posti in piedi compresi, capienza che l\u2019assemblea ha ritenuto non essere sufficiente a fronte anche dei costi aggiuntivi che si sarebbero dovuti sostenere per attuare tutte le richieste previste dalle ordinanze (Covid Manager, steward, gestione automatizzata della vendita dei biglietti, triage, etc.). Aldil\u00e0 dell\u2019aspetto economico, di non secondaria importanza \u00e8 stata anche la valutazione dei rischi legati alle procedure e alle linee guida da adottare in tema Covid 19, sia per quanto riguarda le responsabilit\u00e0 giuridiche, sia in relazione alla concreta possibilit\u00e0 di essere costretti dalle circostanze a interrompere l\u2019attivit\u00e0 a stagione in corso e quindi a perdere il titolo sportivo acquisito.&#8221;.\u00a0<\/em>In queste ore la FISG, a seguito della decisione della Valpeagle, sta cercando di definire il calendario per la stagione 2020\/21 che dovrebbe iniziare sabato prossimo con la prima giornata di IHL. Con la rinuncia dei piemontesi, rimangono 10 le compagini iscritte al campionato quindi, a differenza dello scorso anno, con le squadre pari non ci saranno giornate di riposo per le formazioni della IHL.<\/p>\n<p>&nbsp;<\/p>\n<p>&nbsp;<\/p>\n<hr \/>\n<p>&nbsp;<\/p>\n<blockquote>\n<h3>COLLAUDATO IL PERCORSO DI GARA DELLA QUINTA EDIZIONE DEL DOLOMITI RALLY<\/h3>\n<\/blockquote>\n<p><strong><a class=\"dt-pswp-item\" href=\"https:\/\/www.radiopiu.net\/wordpress\/wp-content\/uploads\/2020\/09\/signor-bernardi-vincitori-2019.jpg\" data-dt-img-description=\"\" data-large_image_width=\"1299\" data-large_image_height=\"720\"><img loading=\"lazy\" decoding=\"async\" class=\"size-medium wp-image-162018 alignleft\" src=\"https:\/\/www.radiopiu.net\/wordpress\/wp-content\/uploads\/2020\/09\/signor-bernardi-vincitori-2019-300x166.jpg\" alt=\"\" width=\"300\" height=\"166\" srcset=\"https:\/\/www.radiopiu.net\/wordpress\/wp-content\/uploads\/2020\/09\/signor-bernardi-vincitori-2019-300x166.jpg 300w, https:\/\/www.radiopiu.net\/wordpress\/wp-content\/uploads\/2020\/09\/signor-bernardi-vincitori-2019-1024x568.jpg 1024w, https:\/\/www.radiopiu.net\/wordpress\/wp-content\/uploads\/2020\/09\/signor-bernardi-vincitori-2019-768x426.jpg 768w, https:\/\/www.radiopiu.net\/wordpress\/wp-content\/uploads\/2020\/09\/signor-bernardi-vincitori-2019-640x355.jpg 640w, https:\/\/www.radiopiu.net\/wordpress\/wp-content\/uploads\/2020\/09\/signor-bernardi-vincitori-2019.jpg 1299w\" sizes=\"auto, (max-width: 300px) 100vw, 300px\" \/><\/a>AGORDO<\/strong><\/p>\n<p>di Roberto Bona<\/p>\n<audio class=\"wp-audio-shortcode\" id=\"audio-161852-13\" preload=\"none\" style=\"width: 100%;\" controls=\"controls\"><source type=\"audio\/mpeg\" src=\"https:\/\/www.radiopiu.net\/wordpress\/wp-content\/uploads\/2020\/09\/BONA-DOLOMITI-RALLY-2020.mp3?_=13\" \/><a href=\"https:\/\/www.radiopiu.net\/wordpress\/wp-content\/uploads\/2020\/09\/BONA-DOLOMITI-RALLY-2020.mp3\">https:\/\/www.radiopiu.net\/wordpress\/wp-content\/uploads\/2020\/09\/BONA-DOLOMITI-RALLY-2020.mp3<\/a><\/audio>\n<p>&nbsp;<\/p>\n<hr \/>\n<p>&nbsp;<\/p>\n<blockquote>\n<h3>POCHI GIORNI AL VIA DELLA SESTA EDIZIONE DEL TRAIL DEL NEVEGAL CHE VEDR\u00c0 LO START DOMENICA 27 SETTEMBRE DAL CAMPO SCUOLA<\/h3>\n<\/blockquote>\n<p><strong><a class=\"dt-pswp-item\" href=\"https:\/\/www.radiopiu.net\/wordpress\/wp-content\/uploads\/2020\/09\/MLp_20190929__70I7895.jpg\" data-dt-img-description=\"\" data-large_image_width=\"2500\" data-large_image_height=\"1667\"><img loading=\"lazy\" decoding=\"async\" class=\"size-medium wp-image-162008 alignleft\" src=\"https:\/\/www.radiopiu.net\/wordpress\/wp-content\/uploads\/2020\/09\/MLp_20190929__70I7895-300x200.jpg\" alt=\"\" width=\"300\" height=\"200\" srcset=\"https:\/\/www.radiopiu.net\/wordpress\/wp-content\/uploads\/2020\/09\/MLp_20190929__70I7895-300x200.jpg 300w, https:\/\/www.radiopiu.net\/wordpress\/wp-content\/uploads\/2020\/09\/MLp_20190929__70I7895-1024x683.jpg 1024w, https:\/\/www.radiopiu.net\/wordpress\/wp-content\/uploads\/2020\/09\/MLp_20190929__70I7895-768x512.jpg 768w, https:\/\/www.radiopiu.net\/wordpress\/wp-content\/uploads\/2020\/09\/MLp_20190929__70I7895-1536x1024.jpg 1536w, https:\/\/www.radiopiu.net\/wordpress\/wp-content\/uploads\/2020\/09\/MLp_20190929__70I7895-2048x1366.jpg 2048w, https:\/\/www.radiopiu.net\/wordpress\/wp-content\/uploads\/2020\/09\/MLp_20190929__70I7895-640x427.jpg 640w\" sizes=\"auto, (max-width: 300px) 100vw, 300px\" \/><\/a>BELLUNO<\/strong> Nonostante la pandemia che ha influenzato la nostra societ\u00e0 e cancellato la maggior parte delle competizioni del mondo sportivo, la macchina organizzativa Nevegallika non si \u00e8 persa d\u2019animo! Dai primi giorni di maggio si \u00e8 avviata l\u2019analisi di fattibilit\u00e0 che ha permesso lo studio di un protocollo dedicato al Trail del Nevegal, poi affinato con i mesi successivi e conforme alla normativa in vigore. Parola d\u2019ordine: sicurezza! Sia per quanto inerente il CoronaVirus ma soprattutto per gli atleti. Grazie anche ai molti volontari del Nevegallika, nei mesi scorsi si \u00e8 provveduto all\u2019ormai consolidata pulizia e controllo dei sentieri. Grande soddisfazione anche da parte degli atleti del mondo della \u201ccorsa in montagna&#8221; che hanno risposto in massa alla chiamata di Nevegallika. Mancano infatti ancora pochi posti liberi per poter definire \u201csold out\u201d l\u2019iscrizione al Trail del Nevegal. Si ricorda che per motivi organizzativi le iscrizioni sono aperte solamente online al link\u00a0<a href=\"http:\/\/traildelnevegal.it\/iscrizioni\/\" target=\"_blank\" rel=\"noopener noreferrer\">http:\/\/traildelnevegal.it\/iscrizioni\/<\/a>.<\/p>\n","protected":false},"excerpt":{"rendered":"<p>PER RICEVERE QUESTO NOTIZIARIO DIRETTAMENTE SUL TUO CELLULARE ISCRIVITI AL CANALE TELEGRAM \u201cRADIO PIU\u00a0 INFORMAZIONE&#8221; ATTENZIONE: LA NUOVA APP PER IOS-IPHONE https:\/\/apps.apple.com\/it\/app\/radio-pi%C3%B9-emittente-agordina\/id1515939845 ATTENZIONE: LA NUOVA APP RADIO\u00a0 PER ANDROID https:\/\/play.google.com\/store\/apps\/details?id=net.radiopiu.iniko &nbsp; &nbsp; SR 203 AGORDINA dal 23 al 30 settembre, dalle 8 alle 17, sabato e domenica esclusi, senso unico alternato regolato da semaforo in&hellip;<\/p>\n","protected":false},"author":4,"featured_media":162046,"comment_status":"closed","ping_status":"closed","sticky":false,"template":"","format":"standard","meta":{"_monsterinsights_skip_tracking":false,"_monsterinsights_sitenote_active":false,"_monsterinsights_sitenote_note":"","_monsterinsights_sitenote_category":0,"footnotes":""},"categories":[1,86,49],"tags":[],"class_list":["post-161852","post","type-post","status-publish","format-standard","has-post-thumbnail","hentry","category-senza-categoria","category-gr","category-news-18","category-1","category-86","category-49","description-off"],"img_url":"https:\/\/www.radiopiu.net\/wordpress\/wp-content\/uploads\/2020\/09\/9d598714-843f-446f-b1c3-cbb575865dc7.jpg","_links":{"self":[{"href":"https:\/\/www.radiopiu.net\/wordpress\/wp-json\/wp\/v2\/posts\/161852","targetHints":{"allow":["GET"]}}],"collection":[{"href":"https:\/\/www.radiopiu.net\/wordpress\/wp-json\/wp\/v2\/posts"}],"about":[{"href":"https:\/\/www.radiopiu.net\/wordpress\/wp-json\/wp\/v2\/types\/post"}],"author":[{"embeddable":true,"href":"https:\/\/www.radiopiu.net\/wordpress\/wp-json\/wp\/v2\/users\/4"}],"replies":[{"embeddable":true,"href":"https:\/\/www.radiopiu.net\/wordpress\/wp-json\/wp\/v2\/comments?post=161852"}],"version-history":[{"count":0,"href":"https:\/\/www.radiopiu.net\/wordpress\/wp-json\/wp\/v2\/posts\/161852\/revisions"}],"wp:featuredmedia":[{"embeddable":true,"href":"https:\/\/www.radiopiu.net\/wordpress\/wp-json\/wp\/v2\/media\/162046"}],"wp:attachment":[{"href":"https:\/\/www.radiopiu.net\/wordpress\/wp-json\/wp\/v2\/media?parent=161852"}],"wp:term":[{"taxonomy":"category","embeddable":true,"href":"https:\/\/www.radiopiu.net\/wordpress\/wp-json\/wp\/v2\/categories?post=161852"},{"taxonomy":"post_tag","embeddable":true,"href":"https:\/\/www.radiopiu.net\/wordpress\/wp-json\/wp\/v2\/tags?post=161852"}],"curies":[{"name":"wp","href":"https:\/\/api.w.org\/{rel}","templated":true}]}}